{"id":545370,"date":"2020-07-22T09:37:49","date_gmt":"2020-07-22T12:37:49","guid":{"rendered":"https:\/\/www.estrategiaconcursos.com.br\/blog\/?p=545370"},"modified":"2023-07-04T09:45:47","modified_gmt":"2023-07-04T12:45:47","slug":"prefeitura-de-maua","status":"publish","type":"post","link":"https:\/\/www.estrategiaconcursos.com.br\/blog\/prefeitura-de-maua\/","title":{"rendered":"Prefeitura de Mau\u00e1: editais do concurso s\u00e3o suspensos! Entenda!"},"content":{"rendered":"\n<p>A Prefeitura do Munic\u00edpio de Mau\u00e1 suspendeu, por tempo indeterminado, os editais n\u00ba 01 e 02 do seu concurso p\u00fablico. Ambos os documentos ofertam oportunidades para cargos de n\u00edvel fundamental, m\u00e9dio, m\u00e9dio\/t\u00e9cnico e superior.<\/p>\n\n\n\n<p>Segundo informa\u00e7\u00f5es divulgadas pela banca organizadora, o Instituto Nacional de Desenvolvimento Educacional e Capacita\u00e7\u00e3o (INDEC), a decis\u00e3o foi tomada em raz\u00e3o da situa\u00e7\u00e3o de pandemia do novo Coronav\u00edrus. <\/p>\n\n\n\n<p>Caso voc\u00ea seja um dos inscritos no concurso Prefeitura de Mau\u00e1, fique atento! Pois todas as decis\u00f5es referentes a retomada do certame ser\u00e3o divulgadas oportunamente. <\/p>\n\n\n\n<p>Em rela\u00e7\u00e3o as vagas do certame, no edital 01 do concurso Prefeitura de Mau\u00e1 s\u00e3o ofertadas diversas oportunidades, incluindo, para \u00e1rea fiscal, com o cargo de fiscal de tributos. <\/p>\n\n\n\n<p>J\u00e1 no edital n\u00ba 02, a Prefeitura traz oportunidades para a \u00e1rea da educa\u00e7\u00e3o, com sal\u00e1rios que podem chegar a R$ 7.736,00. Ambos os editais contemplam vagas para n\u00edvel fundamental incompleto e completo, m\u00e9dio, m\u00e9dio\/t\u00e9cnico e superior.<\/p>\n\n\n\n<p>Vale ressaltar que as inscri\u00e7\u00f5es para os editais foram encerradas no dia 15 de abril de 2020, atrav\u00e9s do site da banca organizadora, o&nbsp;Instituto Indec. Para garantir a candidatura no concurso os candidatos tiveram que pagar taxas que variam de R$ 40 a R$ 70.<\/p>\n\n\n\n<p>Ficou interessado no concurso? Ent\u00e3o, acesse os links abaixo e confira todos os detalhes referentes as oportunidades ofertadas pela Prefeitura de Mau\u00e1.<\/p>\n\n\n\n<p class=\"has-text-align-center has-very-light-gray-background-color has-background\" style=\"font-size:clamp(14.642px, 0.915rem + ((1vw - 3.2px) * 0.721), 22px);px\"><strong>Saiba mais: <a href=\"https:\/\/www.estrategiaconcursos.com.br\/blog\/concurso-prefeitura-de-maua\/\" target=\"_blank\" rel=\"noreferrer noopener\">concurso Prefeitura de Mau\u00e1<\/a><\/strong><\/p>\n\n\n\n<p class=\"has-text-align-center has-very-light-gray-background-color has-background\" style=\"font-size:clamp(14.642px, 0.915rem + ((1vw - 3.2px) * 0.721), 22px);px\"><strong>Saiba mais: <a rel=\"noreferrer noopener\" href=\"https:\/\/www.estrategiaconcursos.com.br\/blog\/concurso-iss-maua\/\" target=\"_blank\">concurso ISS Mau\u00e1<\/a><\/strong><\/p>\n\n\n\n<p class=\"has-text-align-center\" style=\"font-size:clamp(14.642px, 0.915rem + ((1vw - 3.2px) * 0.721), 22px);px\"><em><strong>Assinatura Anual Ilimitada*<\/strong><\/em><\/p>\n\n\n\n<p class=\"has-text-align-center\"><em>Prepare-se com o melhor material e com quem mais aprova em Concursos P\u00fablicos em todo o pa\u00eds. Assine agora a nossa Assinatura Anual e tenha acesso ilimitado* a todos os nossos cursos.<\/em><\/p>\n\n\n\n<p class=\"has-text-align-center has-light-green-cyan-background-color has-background\" style=\"font-size:clamp(14.642px, 0.915rem + ((1vw - 3.2px) * 0.721), 22px);px\"><strong>ASSINE AGORA<\/strong>&nbsp;\u2013&nbsp;<strong><a rel=\"noreferrer noopener\" href=\"https:\/\/www.estrategiaconcursos.com.br\/assinaturas\" target=\"_blank\">Assinatura Ilimitada<\/a><\/strong><\/p>\n\n\n\n<p class=\"has-text-align-center\" style=\"font-size:clamp(14.642px, 0.915rem + ((1vw - 3.2px) * 0.721), 22px);px\"><strong><em><strong>Sistema de Quest\u00f5es<\/strong><\/em><\/strong><\/p>\n\n\n\n<p class=\"has-text-align-center\"><em>Estrat\u00e9gia Quest\u00f5es nasceu maior do que todos os concorrentes, com mais quest\u00f5es cadastradas e mais solu\u00e7\u00f5es por professores. Clique no link e aproveite os descontos e b\u00f4nus imperd\u00edveis!<\/em><\/p>\n\n\n\n<p class=\"has-text-align-center has-vivid-green-cyan-background-color has-background\" style=\"font-size:clamp(14.642px, 0.915rem + ((1vw - 3.2px) * 0.721), 22px);px\"><strong>ASSINE AGORA \u2013&nbsp;<a href=\"https:\/\/www.estrategiaconcursos.com.br\/cursosPorConcurso\/sistema-de-questoes\/#\/\" target=\"_blank\" rel=\"noreferrer noopener\">Sistema de Quest\u00f5es<\/a><\/strong><\/p>\n\n\n\n<p class=\"has-text-align-center\"><strong><em>Fique por dentro de todos os concursos<\/em><\/strong><\/p>\n\n\n\n<p class=\"has-text-align-center has-pale-cyan-blue-background-color has-background\" style=\"font-size:clamp(14.642px, 0.915rem + ((1vw - 3.2px) * 0.721), 22px);px\"><a href=\"https:\/\/www.estrategiaconcursos.com.br\/blog\/concursos-abertos\/\" target=\"_blank\" rel=\"noreferrer noopener\"><strong>CONCURSOS ABERTOS<\/strong><\/a><\/p>\n","protected":false},"excerpt":{"rendered":"<p>A Prefeitura do Munic\u00edpio de Mau\u00e1 suspendeu, por tempo indeterminado, os editais n\u00ba 01 e 02 do seu concurso p\u00fablico. Ambos os documentos ofertam oportunidades para cargos de n\u00edvel fundamental, m\u00e9dio, m\u00e9dio\/t\u00e9cnico e superior. Segundo informa\u00e7\u00f5es divulgadas pela banca organizadora, o Instituto Nacional de Desenvolvimento Educacional e Capacita\u00e7\u00e3o (INDEC), a decis\u00e3o foi tomada em raz\u00e3o [&hellip;]<\/p>\n","protected":false},"author":1211,"featured_media":494539,"comment_status":"open","ping_status":"closed","sticky":false,"template":"","format":"standard","meta":{"post_tipo":"article","footnotes":""},"categories":[1],"tags":[],"tax_estado":[],"class_list":["post-545370","post","type-post","status-publish","format-standard","has-post-thumbnail","hentry","category-cursos-e-concursos"],"acf":[],"yoast_head":"<!-- This site is optimized with the Yoast SEO Premium plugin v27.2 (Yoast SEO v27.2) - https:\/\/yoast.com\/product\/yoast-seo-premium-wordpress\/ -->\n<title>Prefeitura de Mau\u00e1: editais do concurso s\u00e3o suspensos! Entenda!<\/title>\n<meta name=\"description\" content=\"Prefeitura de Mau\u00e1: editais n\u00ba 01 e 02 do concurso p\u00fablico s\u00e3o suspensos por tempo indeterminado em raz\u00e3o da pandemia do Coronav\u00edrus. Confira aqui!\" \/>\n<meta name=\"robots\" content=\"index, follow, max-snippet:-1, max-image-preview:large, max-video-preview:-1\" \/>\n<link rel=\"canonical\" href=\"https:\/\/www.estrategiaconcursos.com.br\/blog\/prefeitura-de-maua\/\" \/>\n<meta property=\"og:locale\" content=\"pt_BR\" \/>\n<meta property=\"og:type\" content=\"article\" \/>\n<meta property=\"og:title\" content=\"Prefeitura de Mau\u00e1: editais do concurso s\u00e3o suspensos! Entenda!\" \/>\n<meta property=\"og:description\" content=\"Prefeitura de Mau\u00e1: editais n\u00ba 01 e 02 do concurso p\u00fablico s\u00e3o suspensos por tempo indeterminado em raz\u00e3o da pandemia do Coronav\u00edrus. Confira aqui!\" \/>\n<meta property=\"og:url\" content=\"https:\/\/www.estrategiaconcursos.com.br\/blog\/prefeitura-de-maua\/\" \/>\n<meta property=\"og:site_name\" content=\"Estrat\u00e9gia Concursos\" \/>\n<meta property=\"article:published_time\" content=\"2020-07-22T12:37:49+00:00\" \/>\n<meta property=\"article:modified_time\" content=\"2023-07-04T12:45:47+00:00\" \/>\n<meta property=\"og:image\" content=\"https:\/\/dhg1h5j42swfq.cloudfront.net\/2020\/03\/20113038\/Prefeitura_de_Mau%C3%A1-SP.jpg\" \/>\n\t<meta property=\"og:image:width\" content=\"1200\" \/>\n\t<meta property=\"og:image:height\" content=\"628\" \/>\n\t<meta property=\"og:image:type\" content=\"image\/jpeg\" \/>\n<meta name=\"author\" content=\"Douglas Schneider\" \/>\n<meta name=\"twitter:card\" content=\"summary_large_image\" \/>\n<meta name=\"twitter:creator\" content=\"@AEm1minuto\" \/>\n<meta name=\"twitter:site\" content=\"@EstratConcursos\" \/>\n<meta name=\"twitter:label1\" content=\"Escrito por\" \/>\n\t<meta name=\"twitter:data1\" content=\"Douglas Schneider\" \/>\n\t<meta name=\"twitter:label2\" content=\"Est. tempo de leitura\" \/>\n\t<meta name=\"twitter:data2\" content=\"2 minutos\" \/>\n<script type=\"application\/ld+json\" class=\"yoast-schema-graph\">{\"@context\":\"https:\/\/schema.org\",\"@graph\":[{\"@type\":\"NewsArticle\",\"@id\":\"https:\/\/www.estrategiaconcursos.com.br\/blog\/prefeitura-de-maua\/#article\",\"isPartOf\":{\"@id\":\"https:\/\/www.estrategiaconcursos.com.br\/blog\/prefeitura-de-maua\/\"},\"author\":{\"name\":\"Douglas Schneider\",\"@id\":\"https:\/\/www.estrategiaconcursos.com.br\/blog\/#\/schema\/person\/dd3af62dfb13d529e307a21c1e1844ce\"},\"headline\":\"Prefeitura de Mau\u00e1: editais do concurso s\u00e3o suspensos! Entenda!\",\"datePublished\":\"2020-07-22T12:37:49+00:00\",\"dateModified\":\"2023-07-04T12:45:47+00:00\",\"mainEntityOfPage\":{\"@id\":\"https:\/\/www.estrategiaconcursos.com.br\/blog\/prefeitura-de-maua\/\"},\"wordCount\":358,\"commentCount\":0,\"publisher\":{\"@id\":\"https:\/\/www.estrategiaconcursos.com.br\/blog\/#organization\"},\"image\":{\"@id\":\"https:\/\/www.estrategiaconcursos.com.br\/blog\/prefeitura-de-maua\/#primaryimage\"},\"thumbnailUrl\":\"https:\/\/dhg1h5j42swfq.cloudfront.net\/2020\/03\/20113038\/Prefeitura_de_Mau%C3%A1-SP.jpg\",\"articleSection\":[\"Concursos P\u00fablicos\"],\"inLanguage\":\"pt-BR\",\"potentialAction\":[{\"@type\":\"CommentAction\",\"name\":\"Comment\",\"target\":[\"https:\/\/www.estrategiaconcursos.com.br\/blog\/prefeitura-de-maua\/#respond\"]}],\"copyrightYear\":\"2020\",\"copyrightHolder\":{\"@id\":\"https:\/\/www.estrategiaconcursos.com.br\/blog\/#organization\"}},{\"@type\":\"WebPage\",\"@id\":\"https:\/\/www.estrategiaconcursos.com.br\/blog\/prefeitura-de-maua\/\",\"url\":\"https:\/\/www.estrategiaconcursos.com.br\/blog\/prefeitura-de-maua\/\",\"name\":\"Prefeitura de Mau\u00e1: editais do concurso s\u00e3o suspensos! Entenda!\",\"isPartOf\":{\"@id\":\"https:\/\/www.estrategiaconcursos.com.br\/blog\/#website\"},\"primaryImageOfPage\":{\"@id\":\"https:\/\/www.estrategiaconcursos.com.br\/blog\/prefeitura-de-maua\/#primaryimage\"},\"image\":{\"@id\":\"https:\/\/www.estrategiaconcursos.com.br\/blog\/prefeitura-de-maua\/#primaryimage\"},\"thumbnailUrl\":\"https:\/\/dhg1h5j42swfq.cloudfront.net\/2020\/03\/20113038\/Prefeitura_de_Mau%C3%A1-SP.jpg\",\"datePublished\":\"2020-07-22T12:37:49+00:00\",\"dateModified\":\"2023-07-04T12:45:47+00:00\",\"description\":\"Prefeitura de Mau\u00e1: editais n\u00ba 01 e 02 do concurso p\u00fablico s\u00e3o suspensos por tempo indeterminado em raz\u00e3o da pandemia do Coronav\u00edrus. Confira aqui!\",\"breadcrumb\":{\"@id\":\"https:\/\/www.estrategiaconcursos.com.br\/blog\/prefeitura-de-maua\/#breadcrumb\"},\"inLanguage\":\"pt-BR\",\"potentialAction\":[{\"@type\":\"ReadAction\",\"target\":[\"https:\/\/www.estrategiaconcursos.com.br\/blog\/prefeitura-de-maua\/\"]}]},{\"@type\":\"ImageObject\",\"inLanguage\":\"pt-BR\",\"@id\":\"https:\/\/www.estrategiaconcursos.com.br\/blog\/prefeitura-de-maua\/#primaryimage\",\"url\":\"https:\/\/dhg1h5j42swfq.cloudfront.net\/2020\/03\/20113038\/Prefeitura_de_Mau%C3%A1-SP.jpg\",\"contentUrl\":\"https:\/\/dhg1h5j42swfq.cloudfront.net\/2020\/03\/20113038\/Prefeitura_de_Mau%C3%A1-SP.jpg\",\"width\":1200,\"height\":628,\"caption\":\"Concurso Mau\u00e1 SP retifica\u00e7\u00e3o\"},{\"@type\":\"BreadcrumbList\",\"@id\":\"https:\/\/www.estrategiaconcursos.com.br\/blog\/prefeitura-de-maua\/#breadcrumb\",\"itemListElement\":[{\"@type\":\"ListItem\",\"position\":1,\"name\":\"In\u00edcio\",\"item\":\"https:\/\/www.estrategiaconcursos.com.br\/blog\/\"},{\"@type\":\"ListItem\",\"position\":2,\"name\":\"Prefeitura de Mau\u00e1: editais do concurso s\u00e3o suspensos! Entenda!\"}]},{\"@type\":\"WebSite\",\"@id\":\"https:\/\/www.estrategiaconcursos.com.br\/blog\/#website\",\"url\":\"https:\/\/www.estrategiaconcursos.com.br\/blog\/\",\"name\":\"Estrat\u00e9gia Concursos\",\"description\":\"O blog da Estrat\u00e9gia Concursos traz not\u00edcias sobre concursos e artigos de professores oferecendo cursos para concursos (pdf + videaulas) no site.\",\"publisher\":{\"@id\":\"https:\/\/www.estrategiaconcursos.com.br\/blog\/#organization\"},\"potentialAction\":[{\"@type\":\"SearchAction\",\"target\":{\"@type\":\"EntryPoint\",\"urlTemplate\":\"https:\/\/www.estrategiaconcursos.com.br\/blog\/?s={search_term_string}\"},\"query-input\":{\"@type\":\"PropertyValueSpecification\",\"valueRequired\":true,\"valueName\":\"search_term_string\"}}],\"inLanguage\":\"pt-BR\"},{\"@type\":\"Organization\",\"@id\":\"https:\/\/www.estrategiaconcursos.com.br\/blog\/#organization\",\"name\":\"Estrat\u00e9gia Concursos\",\"url\":\"https:\/\/www.estrategiaconcursos.com.br\/blog\/\",\"logo\":{\"@type\":\"ImageObject\",\"inLanguage\":\"pt-BR\",\"@id\":\"https:\/\/www.estrategiaconcursos.com.br\/blog\/#\/schema\/logo\/image\/\",\"url\":\"https:\/\/dhg1h5j42swfq.cloudfront.net\/2025\/06\/03203428\/logo_concursos-1.jpg\",\"contentUrl\":\"https:\/\/dhg1h5j42swfq.cloudfront.net\/2025\/06\/03203428\/logo_concursos-1.jpg\",\"width\":230,\"height\":60,\"caption\":\"Estrat\u00e9gia Concursos\"},\"image\":{\"@id\":\"https:\/\/www.estrategiaconcursos.com.br\/blog\/#\/schema\/logo\/image\/\"},\"sameAs\":[\"https:\/\/x.com\/EstratConcursos\"]},{\"@type\":\"Person\",\"@id\":\"https:\/\/www.estrategiaconcursos.com.br\/blog\/#\/schema\/person\/dd3af62dfb13d529e307a21c1e1844ce\",\"name\":\"Douglas Schneider\",\"image\":{\"@type\":\"ImageObject\",\"inLanguage\":\"pt-BR\",\"@id\":\"https:\/\/secure.gravatar.com\/avatar\/b94b88d512fc2167e937b3c5222864ea56109e46ed8add375526883e821cf9b8?s=96&d=mm&r=g\",\"url\":\"https:\/\/secure.gravatar.com\/avatar\/b94b88d512fc2167e937b3c5222864ea56109e46ed8add375526883e821cf9b8?s=96&d=mm&r=g\",\"contentUrl\":\"https:\/\/secure.gravatar.com\/avatar\/b94b88d512fc2167e937b3c5222864ea56109e46ed8add375526883e821cf9b8?s=96&d=mm&r=g\",\"caption\":\"Douglas Schneider\"},\"description\":\"Professor de Administra\u00e7\u00e3o Geral e P\u00fablica Analista no IPHAN - Planejamento e Gest\u00e3o Graduado em Administra\u00e7\u00e3o e Mestre em Administra\u00e7\u00e3o P\u00fablica pela Universidade de Bras\u00edlia (UnB)\",\"sameAs\":[\"https:\/\/www.instagram.com\/adm.em1minuto\/\",\"https:\/\/x.com\/AEm1minuto\"],\"url\":\"https:\/\/www.estrategiaconcursos.com.br\/blog\/author\/douglas-friesgmail-com\/\"}]}<\/script>\n<!-- \/ Yoast SEO Premium plugin. -->","yoast_head_json":{"title":"Prefeitura de Mau\u00e1: editais do concurso s\u00e3o suspensos! Entenda!","description":"Prefeitura de Mau\u00e1: editais n\u00ba 01 e 02 do concurso p\u00fablico s\u00e3o suspensos por tempo indeterminado em raz\u00e3o da pandemia do Coronav\u00edrus. Confira aqui!","robots":{"index":"index","follow":"follow","max-snippet":"max-snippet:-1","max-image-preview":"max-image-preview:large","max-video-preview":"max-video-preview:-1"},"canonical":"https:\/\/www.estrategiaconcursos.com.br\/blog\/prefeitura-de-maua\/","og_locale":"pt_BR","og_type":"article","og_title":"Prefeitura de Mau\u00e1: editais do concurso s\u00e3o suspensos! Entenda!","og_description":"Prefeitura de Mau\u00e1: editais n\u00ba 01 e 02 do concurso p\u00fablico s\u00e3o suspensos por tempo indeterminado em raz\u00e3o da pandemia do Coronav\u00edrus. Confira aqui!","og_url":"https:\/\/www.estrategiaconcursos.com.br\/blog\/prefeitura-de-maua\/","og_site_name":"Estrat\u00e9gia Concursos","article_published_time":"2020-07-22T12:37:49+00:00","article_modified_time":"2023-07-04T12:45:47+00:00","og_image":[{"width":1200,"height":628,"url":"https:\/\/dhg1h5j42swfq.cloudfront.net\/2020\/03\/20113038\/Prefeitura_de_Mau%C3%A1-SP.jpg","type":"image\/jpeg"}],"author":"Douglas Schneider","twitter_card":"summary_large_image","twitter_creator":"@AEm1minuto","twitter_site":"@EstratConcursos","twitter_misc":{"Escrito por":"Douglas Schneider","Est. tempo de leitura":"2 minutos"},"schema":{"@context":"https:\/\/schema.org","@graph":[{"@type":"NewsArticle","@id":"https:\/\/www.estrategiaconcursos.com.br\/blog\/prefeitura-de-maua\/#article","isPartOf":{"@id":"https:\/\/www.estrategiaconcursos.com.br\/blog\/prefeitura-de-maua\/"},"author":{"name":"Douglas Schneider","@id":"https:\/\/www.estrategiaconcursos.com.br\/blog\/#\/schema\/person\/dd3af62dfb13d529e307a21c1e1844ce"},"headline":"Prefeitura de Mau\u00e1: editais do concurso s\u00e3o suspensos! Entenda!","datePublished":"2020-07-22T12:37:49+00:00","dateModified":"2023-07-04T12:45:47+00:00","mainEntityOfPage":{"@id":"https:\/\/www.estrategiaconcursos.com.br\/blog\/prefeitura-de-maua\/"},"wordCount":358,"commentCount":0,"publisher":{"@id":"https:\/\/www.estrategiaconcursos.com.br\/blog\/#organization"},"image":{"@id":"https:\/\/www.estrategiaconcursos.com.br\/blog\/prefeitura-de-maua\/#primaryimage"},"thumbnailUrl":"https:\/\/dhg1h5j42swfq.cloudfront.net\/2020\/03\/20113038\/Prefeitura_de_Mau%C3%A1-SP.jpg","articleSection":["Concursos P\u00fablicos"],"inLanguage":"pt-BR","potentialAction":[{"@type":"CommentAction","name":"Comment","target":["https:\/\/www.estrategiaconcursos.com.br\/blog\/prefeitura-de-maua\/#respond"]}],"copyrightYear":"2020","copyrightHolder":{"@id":"https:\/\/www.estrategiaconcursos.com.br\/blog\/#organization"}},{"@type":"WebPage","@id":"https:\/\/www.estrategiaconcursos.com.br\/blog\/prefeitura-de-maua\/","url":"https:\/\/www.estrategiaconcursos.com.br\/blog\/prefeitura-de-maua\/","name":"Prefeitura de Mau\u00e1: editais do concurso s\u00e3o suspensos! Entenda!","isPartOf":{"@id":"https:\/\/www.estrategiaconcursos.com.br\/blog\/#website"},"primaryImageOfPage":{"@id":"https:\/\/www.estrategiaconcursos.com.br\/blog\/prefeitura-de-maua\/#primaryimage"},"image":{"@id":"https:\/\/www.estrategiaconcursos.com.br\/blog\/prefeitura-de-maua\/#primaryimage"},"thumbnailUrl":"https:\/\/dhg1h5j42swfq.cloudfront.net\/2020\/03\/20113038\/Prefeitura_de_Mau%C3%A1-SP.jpg","datePublished":"2020-07-22T12:37:49+00:00","dateModified":"2023-07-04T12:45:47+00:00","description":"Prefeitura de Mau\u00e1: editais n\u00ba 01 e 02 do concurso p\u00fablico s\u00e3o suspensos por tempo indeterminado em raz\u00e3o da pandemia do Coronav\u00edrus. Confira aqui!","breadcrumb":{"@id":"https:\/\/www.estrategiaconcursos.com.br\/blog\/prefeitura-de-maua\/#breadcrumb"},"inLanguage":"pt-BR","potentialAction":[{"@type":"ReadAction","target":["https:\/\/www.estrategiaconcursos.com.br\/blog\/prefeitura-de-maua\/"]}]},{"@type":"ImageObject","inLanguage":"pt-BR","@id":"https:\/\/www.estrategiaconcursos.com.br\/blog\/prefeitura-de-maua\/#primaryimage","url":"https:\/\/dhg1h5j42swfq.cloudfront.net\/2020\/03\/20113038\/Prefeitura_de_Mau%C3%A1-SP.jpg","contentUrl":"https:\/\/dhg1h5j42swfq.cloudfront.net\/2020\/03\/20113038\/Prefeitura_de_Mau%C3%A1-SP.jpg","width":1200,"height":628,"caption":"Concurso Mau\u00e1 SP retifica\u00e7\u00e3o"},{"@type":"BreadcrumbList","@id":"https:\/\/www.estrategiaconcursos.com.br\/blog\/prefeitura-de-maua\/#breadcrumb","itemListElement":[{"@type":"ListItem","position":1,"name":"In\u00edcio","item":"https:\/\/www.estrategiaconcursos.com.br\/blog\/"},{"@type":"ListItem","position":2,"name":"Prefeitura de Mau\u00e1: editais do concurso s\u00e3o suspensos! Entenda!"}]},{"@type":"WebSite","@id":"https:\/\/www.estrategiaconcursos.com.br\/blog\/#website","url":"https:\/\/www.estrategiaconcursos.com.br\/blog\/","name":"Estrat\u00e9gia Concursos","description":"O blog da Estrat\u00e9gia Concursos traz not\u00edcias sobre concursos e artigos de professores oferecendo cursos para concursos (pdf + videaulas) no site.","publisher":{"@id":"https:\/\/www.estrategiaconcursos.com.br\/blog\/#organization"},"potentialAction":[{"@type":"SearchAction","target":{"@type":"EntryPoint","urlTemplate":"https:\/\/www.estrategiaconcursos.com.br\/blog\/?s={search_term_string}"},"query-input":{"@type":"PropertyValueSpecification","valueRequired":true,"valueName":"search_term_string"}}],"inLanguage":"pt-BR"},{"@type":"Organization","@id":"https:\/\/www.estrategiaconcursos.com.br\/blog\/#organization","name":"Estrat\u00e9gia Concursos","url":"https:\/\/www.estrategiaconcursos.com.br\/blog\/","logo":{"@type":"ImageObject","inLanguage":"pt-BR","@id":"https:\/\/www.estrategiaconcursos.com.br\/blog\/#\/schema\/logo\/image\/","url":"https:\/\/dhg1h5j42swfq.cloudfront.net\/2025\/06\/03203428\/logo_concursos-1.jpg","contentUrl":"https:\/\/dhg1h5j42swfq.cloudfront.net\/2025\/06\/03203428\/logo_concursos-1.jpg","width":230,"height":60,"caption":"Estrat\u00e9gia Concursos"},"image":{"@id":"https:\/\/www.estrategiaconcursos.com.br\/blog\/#\/schema\/logo\/image\/"},"sameAs":["https:\/\/x.com\/EstratConcursos"]},{"@type":"Person","@id":"https:\/\/www.estrategiaconcursos.com.br\/blog\/#\/schema\/person\/dd3af62dfb13d529e307a21c1e1844ce","name":"Douglas Schneider","image":{"@type":"ImageObject","inLanguage":"pt-BR","@id":"https:\/\/secure.gravatar.com\/avatar\/b94b88d512fc2167e937b3c5222864ea56109e46ed8add375526883e821cf9b8?s=96&d=mm&r=g","url":"https:\/\/secure.gravatar.com\/avatar\/b94b88d512fc2167e937b3c5222864ea56109e46ed8add375526883e821cf9b8?s=96&d=mm&r=g","contentUrl":"https:\/\/secure.gravatar.com\/avatar\/b94b88d512fc2167e937b3c5222864ea56109e46ed8add375526883e821cf9b8?s=96&d=mm&r=g","caption":"Douglas Schneider"},"description":"Professor de Administra\u00e7\u00e3o Geral e P\u00fablica Analista no IPHAN - Planejamento e Gest\u00e3o Graduado em Administra\u00e7\u00e3o e Mestre em Administra\u00e7\u00e3o P\u00fablica pela Universidade de Bras\u00edlia (UnB)","sameAs":["https:\/\/www.instagram.com\/adm.em1minuto\/","https:\/\/x.com\/AEm1minuto"],"url":"https:\/\/www.estrategiaconcursos.com.br\/blog\/author\/douglas-friesgmail-com\/"}]}},"_links":{"self":[{"href":"https:\/\/www.estrategiaconcursos.com.br\/blog\/wp-json\/wp\/v2\/posts\/545370","targetHints":{"allow":["GET"]}}],"collection":[{"href":"https:\/\/www.estrategiaconcursos.com.br\/blog\/wp-json\/wp\/v2\/posts"}],"about":[{"href":"https:\/\/www.estrategiaconcursos.com.br\/blog\/wp-json\/wp\/v2\/types\/post"}],"author":[{"embeddable":true,"href":"https:\/\/www.estrategiaconcursos.com.br\/blog\/wp-json\/wp\/v2\/users\/1211"}],"replies":[{"embeddable":true,"href":"https:\/\/www.estrategiaconcursos.com.br\/blog\/wp-json\/wp\/v2\/comments?post=545370"}],"version-history":[{"count":5,"href":"https:\/\/www.estrategiaconcursos.com.br\/blog\/wp-json\/wp\/v2\/posts\/545370\/revisions"}],"predecessor-version":[{"id":1242998,"href":"https:\/\/www.estrategiaconcursos.com.br\/blog\/wp-json\/wp\/v2\/posts\/545370\/revisions\/1242998"}],"wp:featuredmedia":[{"embeddable":true,"href":"https:\/\/www.estrategiaconcursos.com.br\/blog\/wp-json\/wp\/v2\/media\/494539"}],"wp:attachment":[{"href":"https:\/\/www.estrategiaconcursos.com.br\/blog\/wp-json\/wp\/v2\/media?parent=545370"}],"wp:term":[{"taxonomy":"category","embeddable":true,"href":"https:\/\/www.estrategiaconcursos.com.br\/blog\/wp-json\/wp\/v2\/categories?post=545370"},{"taxonomy":"post_tag","embeddable":true,"href":"https:\/\/www.estrategiaconcursos.com.br\/blog\/wp-json\/wp\/v2\/tags?post=545370"},{"taxonomy":"tax_estado","embeddable":true,"href":"https:\/\/www.estrategiaconcursos.com.br\/blog\/wp-json\/wp\/v2\/tax_estado?post=545370"}],"curies":[{"name":"wp","href":"https:\/\/api.w.org\/{rel}","templated":true}]}}