{"id":545230,"date":"2020-08-03T12:36:00","date_gmt":"2020-08-03T15:36:00","guid":{"rendered":"https:\/\/www.estrategiaconcursos.com.br\/blog\/?p=545230"},"modified":"2023-06-30T09:30:18","modified_gmt":"2023-06-30T12:30:18","slug":"os-concursos-irao-acabar","status":"publish","type":"post","link":"https:\/\/www.estrategiaconcursos.com.br\/blog\/os-concursos-irao-acabar\/","title":{"rendered":"Os concursos ir\u00e3o acabar?"},"content":{"rendered":"\n<p><em>Neste webin\u00e1rio, os Professores Laura Amorim e Victor Tanaka trouxeram um panorama de alguns cen\u00e1rios que j\u00e1 \u201cafetaram\u201d os concursos em nosso pa\u00eds e que tamb\u00e9m deram margem a coment\u00e1rios do tipo &#8220;os concursos ir\u00e3o acabar&#8221;. Por\u00e9m, a realidade mostrou-se diferente! Confira!<\/em><\/p>\n\n\n<figure class=\"wp-block-embed-youtube wp-block-embed is-type-video is-provider-youtube wp-embed-aspect-16-9 wp-has-aspect-ratio\"><div class=\"lyte-wrapper\" style=\"width:853px;max-width:100%;margin:5px;\"><div class=\"lyMe\" id=\"WYL_aomKSRcCjzY\"><div id=\"lyte_aomKSRcCjzY\" data-src=\"\/\/i.ytimg.com\/vi\/aomKSRcCjzY\/hqdefault.jpg\" class=\"pL\"><div class=\"tC\"><div class=\"tT\"><\/div><\/div><div class=\"play\"><\/div><div class=\"ctrl\"><div class=\"Lctrl\"><\/div><div class=\"Rctrl\"><\/div><\/div><\/div><noscript><a href=\"https:\/\/youtu.be\/aomKSRcCjzY\" rel=\"nofollow\"><img loading=\"lazy\" decoding=\"async\" src=\"https:\/\/i.ytimg.com\/vi\/aomKSRcCjzY\/0.jpg\" alt=\"YouTube video thumbnail\" width=\"853\" height=\"460\" \/><br \/>Assista a este v\u00eddeo no YouTube<\/a><\/noscript><\/div><\/div><div class=\"lL\" style=\"max-width:100%;width:853px;margin:5px;\"><\/div><figcaption>Webin\u00e1rio: O Apocalipse! Os concursos ir\u00e3o acabar?<\/figcaption><\/figure>\n\n\n<p>Ol\u00e1, Estrategista. Tudo bem?<\/p>\n\n\n\n<p>\u00c9 verdade que essa gera\u00e7\u00e3o nunca passou por uma pandemia. Entretanto, em \u00e9pocas passadas, j\u00e1 ocorreram diversas situa\u00e7\u00f5es que deram origem a boatos do tipo \u201cos concursos ir\u00e3o acabar\u201d.<\/p>\n\n\n\n<p>Em decorr\u00eancia disso, muitos desistiram de estudar e acabaram se arrependendo depois, pois os concursos sa\u00edram e essas pessoas perderam boas oportunidades.<\/p>\n\n\n\n<p>Percebendo essa tend\u00eancia, o Estrat\u00e9gia resolveu apresentar, nesse webin\u00e1rio, situa\u00e7\u00f5es passadas semelhantes \u00e0 atual. Justamente para demonstrar como os concurseiros agiram e o que pode ser tirado de aprendizado desse tipo de cen\u00e1rio.<\/p>\n\n\n\n<p>Ainda, nesse webin\u00e1rio, foi mostrada a situa\u00e7\u00e3o real dos concursos durante a pandemia: editais publicados, concursos suspensos etc. Tudo isso aliado \u00e0 experi\u00eancia dos professores Laura Amorim e Victor Tanaka durante a sua prepara\u00e7\u00e3o para concursos p\u00fablicos.<\/p>\n\n\n\n<p>E, ent\u00e3o, ser\u00e1 que os concursos ir\u00e3o acabar? Leia a reflex\u00e3o inicial feita pelo Professor Victor Tanaka:<\/p>\n\n\n\n<h4 class=\"wp-block-heading\" id=\"h-no-fim-das-contas-o-setor-publico-como-um-todo-necessita-de-pessoas-que-realizem-aquele-servico-se-nao-tiver-concurso-quem-vai-realizar-os-trabalhos-que-aumentam-a-cada-dia\">\u201cNo fim das contas, o setor p\u00fablico como um todo necessita de pessoas que realizem aquele servi\u00e7o. Se n\u00e3o tiver concurso, quem vai realizar os trabalhos que aumentam a cada dia?\u201d<\/h4>\n\n\n\n<p>\u00c9 claro que o cen\u00e1rio de concursos no pa\u00eds reduziu um pouco. Mas basta analisar algumas situa\u00e7\u00f5es para instantaneamente perceber que os concursos continuam: PCDF &#8211; 1800 vagas &#8211; com edital aberto, DEPEN &#8211; 309 vagas &#8211; tamb\u00e9m em andamento, perspectiva de lan\u00e7amento de edital para concurso da PF em breve, al\u00e9m dos diversos concursos estaduais \/ municipais.<\/p>\n\n\n\n<h4 class=\"wp-block-heading\" id=\"h-inclusive-para-quem-esta-comecando-a-estudar-este-e-o-cenario-ideal-isso-porque-se-o-concurso-sai-logo-que-o-aluno-comeca-a-estudar-as-chances-de-ele-ser-aprovado-sao-minimas-prof\u00aa-laura-amorim\">\u201cInclusive, para quem est\u00e1 come\u00e7ando a estudar, este \u00e9 o cen\u00e1rio ideal. Isso porque, se o concurso sai logo que o aluno come\u00e7a a estudar, as chances de ele ser aprovado s\u00e3o m\u00ednimas.\u201d (Prof\u00aa Laura Amorim)<\/h4>\n\n\n\n<p>Assim, se o projeto for de longo prazo, se for tratado como um verdadeiro investimento, o aluno vai tomar a decis\u00e3o com base em fatos concretos.<\/p>\n\n\n\n<p>O Prof\u00ba Tanaka passou um dos ensinamentos do livro O Investidor Inteligente, do autor Benjamin Graham, que pode ser aplicado aos concursos p\u00fablicos: <\/p>\n\n\n\n<h4 class=\"wp-block-heading\" id=\"h-pense-no-investimento-leia-se-concurso-como-em-algo-de-longo-prazo-tudo-o-que-for-diferente-disso-e-mera-especulacao\">&#8220;Pense no investimento &#8211; leia-se &#8216;concurso&#8217; &#8211; como em algo de longo prazo; tudo o que for diferente disso, \u00e9 mera especula\u00e7\u00e3o.&#8221; <\/h4>\n\n\n\n<p>Quem est\u00e1 come\u00e7ando a estudar, precisa pensar a longo prazo. N\u00e3o adianta pensar em se dedicar para concursos que est\u00e3o saindo agora, pois, dificilmente, o aluno iniciante chegar\u00e1 competitivo. Tem que ter planejamento.<\/p>\n\n\n\n<p>Embora o Ministro da Economia n\u00e3o queira concursos, h\u00e1 in\u00fameras oportunidades al\u00e9m do Executivo federal. Ademais, mesmo no Executivo federal, existir\u00e3o muitas oportunidades na \u00e1rea policial, pois \u00e9 uma das prioridades nesse governo.<\/p>\n\n\n\n<p>Ent\u00e3o, \u00e9 necess\u00e1rio abrir os horizontes, pensar em todas as demais oportunidades de concursos existentes nos demais poderes e nos estados e munic\u00edpios.<\/p>\n\n\n\n<h4 class=\"wp-block-heading\" id=\"h-a-necessidade-de-pessoal-e-constante-prof\u00aa-laura-amorim\">&#8220;A necessidade de pessoal \u00e9 constante!&#8221; (Prof\u00aa Laura Amorim)<\/h4>\n\n\n\n<p>Feita essa breve introdu\u00e7\u00e3o, passaremos \u00e0 an\u00e1lise f\u00e1tica das demais crises as quais o pa\u00eds enfrentou e que eram ensejo a questionamentos do tipo &#8220;os concursos ir\u00e3o acabar?&#8221;.<\/p>\n\n\n\n<h2 class=\"wp-block-heading\" id=\"h-crise-de-2007-2008-os-concursos-irao-acabar\">Crise de 2007\/2008: &#8220;Os concursos ir\u00e3o acabar&#8221;<\/h2>\n\n\n\n<p>Nos anos de 2007\/2008, o mundo passou por uma grande crise, que se instalou com a quebra do <em>Lehman Brothers<\/em>, o que acabou afetando o nosso pa\u00eds.<\/p>\n\n\n\n<p>Na \u00e9poca, houve muita especula\u00e7\u00e3o acerca do fim dos concursos.<\/p>\n\n\n\n<p><strong>Entretanto, o que ocorreu na realidade foi completamente diferente do que estava sendo comentado.<\/strong><\/p>\n\n\n\n<p>Foram realizados mais de 130 concursos federais, dentre os quais se destacam: TCU, DPU, BNDES, DEPEN, AGU, ABIN, Senado etc. Isso, sem contar os concursos estaduais e municipais.<\/p>\n\n\n\n<p>Ademais, o at\u00e9 ent\u00e3o Minist\u00e9rio do Planejamento Or\u00e7amento e Gest\u00e3o divulgou o dado de que<strong> foram abertas 42.343 vagas,<\/strong> distribu\u00eddas em 15.250 concursos no pa\u00eds todo.<\/p>\n\n\n\n<p>Conclus\u00e3o: quem acreditou nas not\u00edcias que estavam sendo veiculadas nos mais diversos meios de imprensa acabou desistindo de estudar para concursos p\u00fablicos e perdeu grandes oportunidades.<\/p>\n\n\n\n<h2 class=\"wp-block-heading\" id=\"h-crise-de-2011-os-concursos-irao-acabar\">Crise de 2011: &#8220;Os concursos ir\u00e3o acabar&#8221;<\/h2>\n\n\n\n<p>Novamente, o mundo estava passando por momentos dif\u00edceis, com diversos pa\u00edses europeus extremamente endividados e os EUA sem conseguir se recuperar apropriadamente. Resultado: Brasil acabou sendo afetado novamente.<\/p>\n\n\n\n<p>Na \u00e9poca, foram feitas declara\u00e7\u00f5es oficiais em que se afirmava com veem\u00eancia a suspens\u00e3o dos concursos p\u00fablicos.<\/p>\n\n\n\n<p>A Secret\u00e1ria&nbsp; de Or\u00e7amento Federal do ent\u00e3o Minist\u00e9rio do Planejamento afirmou: \u201cN\u00e3o vai ter concurso p\u00fablico nenhum neste ano\u201d (Fonte: G1 &#8211; 28\/2\/2011).<\/p>\n\n\n\n<p>Por\u00e9m, o que ocorreu de fato foi a <strong>abertura de mais de 40 mil vagas<\/strong>. Concursos de grande porte como INSS, PETROBR\u00c1S, FINEP, PGR, BNDES, al\u00e9m de todos os estaduais e municipais os quais n\u00e3o est\u00e3o contabilizados nesse n\u00famero.<\/p>\n\n\n\n<p>Novamente, quem desistiu do seu sonho de se tornar servidor p\u00fablico pode ter agido precipitadamente e deixado passar a chance de ingressar em grandes \u00f3rg\u00e3os.<\/p>\n\n\n\n<h2 class=\"wp-block-heading\" id=\"h-crise-de-2015-os-concursos-irao-acabar\">Crise de 2015: &#8220;Os concursos ir\u00e3o acabar&#8221;<\/h2>\n\n\n\n<p>Foi um ano bem dif\u00edcil para o pa\u00eds, em que o desemprego atingiu n\u00fameros alt\u00edssimos e o governo precisava dar uma resposta \u00e0 sociedade.<\/p>\n\n\n\n<p>Assim, naquele ano, ocorreu diversas manifesta\u00e7\u00f5es, por parte do setor p\u00fablico, no sentido de que os concursos seriam suspensos. Al\u00e9m disso, foi noticiado o congelamento do reajuste dos servidores.<\/p>\n\n\n\n<p>Na \u00e9poca, foi noticiado que a suspens\u00e3o dos concursos p\u00fablicos abrangeria at\u00e9 40.389 cargos reservados para provimento, admiss\u00e3o ou contrata\u00e7\u00e3o para o ano seguinte (2016).<\/p>\n\n\n\n<p>Contudo, <strong>somente na esfera federal, foram disponibilizadas mais de 30 mil vagas<\/strong> em diversos concursos: TCU, MPU, INSS, DEPEN etc. Novamente, isso tudo sem levantar a quantidade de vagas abertas em concursos de n\u00edvel estadual e municipal.<\/p>\n\n\n\n<h4 class=\"wp-block-heading\" id=\"h-enfim-perceba-como-existiram-inumeras-possibilidades-mesmo-em-epocas-consideradas-ruins-para-os-concursos-publicos-e-nessas-epocas-tambem-foi-afirmado-que-os-concursos-iriam-acabar\">Enfim, perceba como existiram in\u00fameras possibilidades mesmo em \u00e9pocas consideradas ruins para os concursos p\u00fablicos. E, nessas \u00e9pocas, tamb\u00e9m foi afirmado que os concursos iriam acabar&#8230;<\/h4>\n\n\n\n<p>A Prof\u00aa Laura Amorim, inclusive, contou um caso que ocorreu na \u00e9poca que ela estudava para o concurso da Receita Federal. Havia uma ideia de modificar o sal\u00e1rio inicial dos Auditores Fiscais da RFB, de modo que a remunera\u00e7\u00e3o cairia da faixa de 19 mil para 5 mil mensais. <\/p>\n\n\n\n<p>Em raz\u00e3o disso, muitos dos seus seguidores anunciaram que estavam desistindo de estudar, pois o sal\u00e1rio ficaria muito aqu\u00e9m do esperado. Ela continuou firme, foi aprovada e nenhuma redu\u00e7\u00e3o ocorreu at\u00e9 hoje. Ou seja, <strong>quem desistiu de prestar concursos por causa de uma suposi\u00e7\u00e3o acabou perdendo a chance de ser aprovado<\/strong>.<\/p>\n\n\n\n<p>Semelhante situa\u00e7\u00e3o ocorreu com a quest\u00e3o da Reforma Administrativa. Muitos divulgaram o boato de que seria o fim da estabilidade do servidor p\u00fablico, o que causou desespero de v\u00e1rios alunos. Mas, at\u00e9 o momento, isso n\u00e3o passou de um boato.<\/p>\n\n\n\n<h2 class=\"wp-block-heading\" id=\"h-pandemia-de-2020-os-concursos-irao-acabar\">Pandemia de 2020: &#8220;Os concursos ir\u00e3o acabar&#8221;<\/h2>\n\n\n\n<p>Agora, estamos em meio \u00e0 pandemia. Aqueles alunos que pensaram que os concursos iriam acabar ou ficariam estagnados por um bom tempo, perderam PCDF e DEPEN, por exemplo, que vieram com muitas vagas!<\/p>\n\n\n\n<p>V\u00e1rias comiss\u00f5es organizadoras j\u00e1 afirmaram que est\u00e3o apenas aguardando passar a pandemia, mas os tr\u00e2mites internos continuam de modo que os editais ser\u00e3o publicados t\u00e3o logo se mostre apropriado.<\/p>\n\n\n\n<h4 class=\"wp-block-heading\" id=\"h-o-aluno-precisa-se-isolar-com-relacao-a-essas-noticias-negativas-controle-o-que-voce-tem-controle-voce-tem-controle-se-o-governo-vai-suspender-o-concurso-voce-tem-controle-se-o-edital-sera-divulgado-nao-agora-voce-tem-controle-dos-seus-estudos-do-monitoramento-do-seu-desempenho-entao-utilize-isso-a-seu-favor-prof\u00ba-victor-tanaka\">\u201cO aluno precisa se isolar com rela\u00e7\u00e3o a essas not\u00edcias negativas. Controle o que voc\u00ea tem controle. Voc\u00ea tem controle se o governo vai suspender o concurso? Voc\u00ea tem controle se o edital ser\u00e1 divulgado? N\u00e3o! Agora, voc\u00ea tem controle dos seus estudos, do monitoramento do seu desempenho? Ent\u00e3o, utilize isso a seu favor.&#8221; (Prof\u00ba Victor Tanaka)<\/h4>\n\n\n\n<p>Concursos v\u00e3o sair. O concurso da Receita Federal, por exemplo, n\u00e3o ocorre desde o ano de 2014. Nunca houve um intervalo de tempo t\u00e3o grande. E esse \u00e9 apenas um dos exemplos que \u00e9 poss\u00edvel citar.<\/p>\n\n\n\n<p>Somente no ano de 2020, <a href=\"https:\/\/www.estrategiaconcursos.com.br\/blog\/coronavirus-provas-adiadas-2020\/\"><strong>309 editais de concursos p\u00fablicos foram suspensos<\/strong><\/a>, estando todas as informa\u00e7\u00f5es mais importantes contidas nesse artigo publicado no blog do Estrat\u00e9gia, que \u00e9 atualizado periodicamente. A quest\u00e3o \u00e9 que esses concursos est\u00e3o apenas suspensos, n\u00e3o cancelados.<\/p>\n\n\n\n<p>Observe este quadro, onde foram agrupados os principais concursos suspensos neste ano:<\/p>\n\n\n\n<figure class=\"wp-block-image aligncenter size-large\"><img decoding=\"async\" src=\"https:\/\/dhg1h5j42swfq.cloudfront.net\/2020\/07\/21191705\/Concursos-ir%C3%A3o-acabar-Concursos-suspensos-2020.jpg\" alt=\"Os concursos ir\u00e3o acabar?\" class=\"wp-image-545247\"\/><figcaption class=\"wp-element-caption\">Principais concursos suspensos em 2020<\/figcaption><\/figure>\n\n\n\n<p><img loading=\"lazy\" decoding=\"async\" width=\"567\" height=\"264\" src=\"\"\/>Ou seja, esses s\u00e3o concursos cujos editais foram publicados, mas suas provas foram suspensas. Podemos at\u00e9 afirmar que, quando essas provas forem remarcadas, faltar\u00e1 dia para aplicar prova de tanto concurso represado.<\/p>\n\n\n\n<p>Entretanto, t\u00e3o logo ocorra a normaliza\u00e7\u00e3o dessa quest\u00e3o de sa\u00fade p\u00fablica, esses concursos estar\u00e3o na pra\u00e7a. Um exemplo \u00e9 o concurso do Senado, o qual, sem d\u00favidas, j\u00e1 teria sido publicado caso o pa\u00eds estivesse em situa\u00e7\u00e3o rotineira.<\/p>\n\n\n\n<h2 class=\"wp-block-heading\" id=\"h-concursos-previstos-para-os-proximos-meses\">Concursos previstos para os pr\u00f3ximos meses<\/h2>\n\n\n\n<p>Apenas para que seja poss\u00edvel visualizar com mais clareza a dimens\u00e3o dos concursos p\u00fablicos no pa\u00eds, seguem algumas informa\u00e7\u00f5es acerca dos principais concursos previstos para um futuro bem pr\u00f3ximo.<\/p>\n\n\n\n<h3 class=\"wp-block-heading\" id=\"h-policia-civil-de-sao-paulo-pc-sp\">Pol\u00edcia Civil de S\u00e3o Paulo (PC-SP)<\/h3>\n\n\n\n<ul class=\"wp-block-list\">\n<li><strong>Status do concurso:<\/strong> Comiss\u00e3o formada<\/li>\n\n\n\n<li><strong>N\u00famero de vagas:<\/strong> 2.939 vagas<\/li>\n\n\n\n<li><strong>Cargos previstos: <\/strong>Delegado, Investigador, Escriv\u00e3o e M\u00e9dico Legista<\/li>\n\n\n\n<li><strong>Requisitos<\/strong>: N\u00edvel superior<\/li>\n\n\n\n<li><strong>Remunera\u00e7\u00e3o inicial:<\/strong>\n<ul class=\"wp-block-list\">\n<li><strong>Delegado: <\/strong>R$ 10.382,48<\/li>\n\n\n\n<li><strong>Investigador e Escriv\u00e3o: <\/strong>R$ 3.931,18<\/li>\n\n\n\n<li><strong>M\u00e9dico Legista: <\/strong>R$ 8.699,94<\/li>\n<\/ul>\n<\/li>\n<\/ul>\n\n\n\n<h3 class=\"wp-block-heading\" id=\"h-policia-civil-do-rio-de-janeiro-pcerj\">Pol\u00edcia Civil do Rio de Janeiro (PCERJ)<\/h3>\n\n\n\n<ul class=\"wp-block-list\">\n<li><strong>Status do concurso:<\/strong> Banca definida\n<ul class=\"wp-block-list\">\n<li><strong>Delegado: <\/strong>Instituto Acesso<\/li>\n\n\n\n<li><strong>Demais carreiras:<\/strong> Instituto AOCP<\/li>\n<\/ul>\n<\/li>\n\n\n\n<li><strong>N\u00famero de vagas:<\/strong> 864 vagas<\/li>\n\n\n\n<li><strong>Cargos previstos: <\/strong>Diversos<\/li>\n\n\n\n<li><strong>Requisitos<\/strong>: N\u00edvel fundamental, m\u00e9dio e superior<\/li>\n\n\n\n<li><strong>Remunera\u00e7\u00e3o inicial:<\/strong>\n<ul class=\"wp-block-list\">\n<li><strong>N\u00edvel Fundamental: <\/strong>R$ 4.732,23<\/li>\n\n\n\n<li><strong>N\u00edvel M\u00e9dio: <\/strong>R$ 7.287,36<\/li>\n\n\n\n<li><strong>N\u00edvel Superior: <\/strong>R$ 10.311,32<\/li>\n<\/ul>\n<\/li>\n<\/ul>\n\n\n\n<h3 class=\"wp-block-heading\" id=\"h-policia-civil-do-para-pc-pa\">Pol\u00edcia Civil do Par\u00e1 (PC-PA)<\/h3>\n\n\n\n<ul class=\"wp-block-list\">\n<li><strong>Status do concurso:<\/strong> Escolhendo a banca<\/li>\n\n\n\n<li><strong>N\u00famero de vagas:<\/strong> 1.495 vagas<\/li>\n\n\n\n<li><strong>Cargos previstos: <\/strong>Delegado, Investigador, Escriv\u00e3o e Papiloscopista<\/li>\n\n\n\n<li><strong>Requisitos<\/strong>: N\u00edvel superior<\/li>\n\n\n\n<li><strong>Remunera\u00e7\u00e3o inicial:<\/strong>\n<ul class=\"wp-block-list\">\n<li><strong>Delegado: <\/strong>R$ 14.000,00<\/li>\n\n\n\n<li><strong>Investigador, Escriv\u00e3o e Papiloscopista: <\/strong>R$ 6.300,00<\/li>\n<\/ul>\n<\/li>\n<\/ul>\n\n\n\n<h3 class=\"wp-block-heading\" id=\"h-policia-militar-de-sao-paulo-pm-sp\">Pol\u00edcia Militar de S\u00e3o Paulo (PM-SP)<\/h3>\n\n\n\n<ul class=\"wp-block-list\">\n<li><strong>Status do concurso:<\/strong> Banca definida \u2013 VUNESP<\/li>\n\n\n\n<li><strong>N\u00famero de vagas:<\/strong> 5.400 vagas<\/li>\n\n\n\n<li><strong>Cargos previstos: <\/strong>Soldado<\/li>\n\n\n\n<li><strong>Requisitos<\/strong>: N\u00edvel m\u00e9dio<\/li>\n\n\n\n<li><strong>Remunera\u00e7\u00e3o inicial:<\/strong> R$ 3.287,18<\/li>\n<\/ul>\n\n\n\n<h3 class=\"wp-block-heading\" id=\"h-policia-militar-do-para-pm-pa\">Pol\u00edcia Militar do Par\u00e1 (PM-PA)<\/h3>\n\n\n\n<ul class=\"wp-block-list\">\n<li><strong>Status do concurso:<\/strong> Escolhendo a banca<\/li>\n\n\n\n<li><strong>N\u00famero de vagas:<\/strong> 2.405 vagas<\/li>\n\n\n\n<li><strong>Cargos previstos: <\/strong>Pra\u00e7as e Oficiais Combatentes<\/li>\n\n\n\n<li><strong>Requisitos<\/strong>: N\u00edvel m\u00e9dio e superior<\/li>\n\n\n\n<li><strong>Remunera\u00e7\u00e3o inicial:<\/strong> R$ 3.367,14<\/li>\n<\/ul>\n\n\n\n<p>E n\u00e3o pense que h\u00e1 previs\u00e3o apenas de concursos da \u00e1rea policial! Seguem v\u00e1rias outras \u00e1reas que j\u00e1 est\u00e3o com bancas definidas ou em fase de escolha:<\/p>\n\n\n\n<h3 class=\"wp-block-heading\" id=\"h-iss-aracaju-se\">ISS Aracaju\/SE<\/h3>\n\n\n\n<ul class=\"wp-block-list\">\n<li><strong>Status do concurso:<\/strong> Banca definida \u2013 CEBRASPE<\/li>\n\n\n\n<li><strong>N\u00famero de vagas:<\/strong> 20 vagas + CR<\/li>\n\n\n\n<li><strong>Cargos previstos: <\/strong>Auditor Fiscal de Tributos<\/li>\n\n\n\n<li><strong>Requisitos<\/strong>: N\u00edvel superior<\/li>\n\n\n\n<li><strong>Remunera\u00e7\u00e3o inicial:<\/strong> R$ 15.000,00<\/li>\n<\/ul>\n\n\n\n<h3 class=\"wp-block-heading\" id=\"h-iss-fortaleza-ce\">ISS Fortaleza\/CE<\/h3>\n\n\n\n<ul class=\"wp-block-list\">\n<li><strong>Status do concurso:<\/strong> Banca definida \u2013 CEBRASPE<\/li>\n\n\n\n<li><strong>N\u00famero de vagas:<\/strong> 50 vagas<\/li>\n\n\n\n<li><strong>Cargos previstos: <\/strong>Analista do Tesouro Municipal<\/li>\n\n\n\n<li><strong>Requisitos<\/strong>: N\u00edvel superior<\/li>\n\n\n\n<li><strong>Remunera\u00e7\u00e3o inicial:<\/strong> R$ 8.986,71<\/li>\n<\/ul>\n\n\n\n<h3 class=\"wp-block-heading\" id=\"h-iss-sefaz-rr\">ISS SEFAZ-RR<\/h3>\n\n\n\n<ul class=\"wp-block-list\">\n<li><strong>Status do concurso:<\/strong> Comiss\u00e3o formada<\/li>\n\n\n\n<li><strong>N\u00famero de vagas:<\/strong> a definir<\/li>\n\n\n\n<li><strong>Cargos previstos: <\/strong>Auditor Fiscal de Tributos Estaduais<\/li>\n\n\n\n<li><strong>Requisitos<\/strong>: N\u00edvel superior<\/li>\n\n\n\n<li><strong>Remunera\u00e7\u00e3o inicial:<\/strong> mais de R$ 20.000,00<\/li>\n<\/ul>\n\n\n\n<h3 class=\"wp-block-heading\" id=\"h-iss-sefaz-ce\">ISS SEFAZ-CE<\/h3>\n\n\n\n<ul class=\"wp-block-list\">\n<li><strong>Status do concurso:<\/strong> Previsto para 2020<\/li>\n\n\n\n<li><strong>N\u00famero de vagas:<\/strong> a definir<\/li>\n\n\n\n<li><strong>Cargos previstos: <\/strong>Auditor Fiscal<\/li>\n\n\n\n<li><strong>Requisitos<\/strong>: N\u00edvel superior<\/li>\n\n\n\n<li><strong>Remunera\u00e7\u00e3o inicial:<\/strong> R$ 14.191,03 (Portal da Transpar\u00eancia)<\/li>\n<\/ul>\n\n\n\n<h3 class=\"wp-block-heading\" id=\"h-defensoria-publica-do-distrito-federal-dpdf\">Defensoria P\u00fablica do Distrito Federal (DPDF)<\/h3>\n\n\n\n<ul class=\"wp-block-list\">\n<li><strong>Status do concurso:<\/strong> <strong>Edital publicado em 21\/7\/2020<\/strong><\/li>\n\n\n\n<li><strong>Banca:<\/strong> CEBRASPE<\/li>\n\n\n\n<li><strong>N\u00famero de vagas:<\/strong> 60 vagas<\/li>\n\n\n\n<li><strong>Cargos previstos: <\/strong>Analista de Apoio \u00e0 Assist\u00eancia Judici\u00e1ria<\/li>\n\n\n\n<li><strong>Requisitos<\/strong>: N\u00edvel superior (12 \u00e1reas)<\/li>\n\n\n\n<li><strong>Remunera\u00e7\u00e3o inicial:<\/strong> R$ 4.641,22 + 600,00<\/li>\n\n\n\n<li><strong>Inscri\u00e7\u00f5es:<\/strong> de 15\/9 a 5\/10\/2020<\/li>\n\n\n\n<li><strong>Data das provas: <\/strong>8\/11\/2020<\/li>\n<\/ul>\n\n\n\n<h3 class=\"wp-block-heading\" id=\"h-defensoria-publica-do-estado-de-rondonia-dpe-ro\">Defensoria P\u00fablica do Estado de Rond\u00f4nia (DPE-RO)<\/h3>\n\n\n\n<ul class=\"wp-block-list\">\n<li><strong>Status do concurso:<\/strong> Banca definida \u2013 CEBRASPE<\/li>\n\n\n\n<li><strong>N\u00famero de vagas:<\/strong> a definir<\/li>\n\n\n\n<li><strong>Cargos previstos: <\/strong>Analista e T\u00e9cnico<\/li>\n\n\n\n<li><strong>Requisitos<\/strong>: N\u00edvel m\u00e9dio e superior<\/li>\n\n\n\n<li><strong>Remunera\u00e7\u00e3o inicial:<\/strong>\n<ul class=\"wp-block-list\">\n<li><strong>Analista: <\/strong>R$ 4.260,66<\/li>\n\n\n\n<li><strong>T\u00e9cnico: <\/strong>2.245,48<\/li>\n<\/ul>\n<\/li>\n<\/ul>\n\n\n\n<h3 class=\"wp-block-heading\" id=\"h-tribunal-de-justica-de-tocantins-tj-to\">Tribunal de Justi\u00e7a de Tocantins (TJ-TO)<\/h3>\n\n\n\n<ul class=\"wp-block-list\">\n<li><strong>Status do concurso:<\/strong> Banca definida \u2013 CEBRASPE (suspenso)<\/li>\n\n\n\n<li><strong>N\u00famero de vagas:<\/strong> 30 vagas + CR<\/li>\n\n\n\n<li><strong>Cargos previstos: <\/strong>Analista, T\u00e9cnico e Oficial de Justi\u00e7a Avaliador<\/li>\n\n\n\n<li><strong>Requisitos<\/strong>: N\u00edvel m\u00e9dio e superior<\/li>\n\n\n\n<li><strong>Remunera\u00e7\u00e3o inicial:<\/strong>\n<ul class=\"wp-block-list\">\n<li><strong>Analista e Oficial: <\/strong>R$ 9.417,98<\/li>\n\n\n\n<li><strong>T\u00e9cnico: <\/strong>R$ 5.625,38<\/li>\n<\/ul>\n<\/li>\n<\/ul>\n\n\n\n<h3 class=\"wp-block-heading\" id=\"h-senado-federal\">Senado Federal<\/h3>\n\n\n\n<ul class=\"wp-block-list\">\n<li><strong>Status do concurso:<\/strong> em processo de escolha da banca<\/li>\n\n\n\n<li><strong>N\u00famero de vagas:<\/strong> 40 vagas<\/li>\n\n\n\n<li><strong>Cargos previstos: <\/strong>Advogado, Analista Legislativo e T\u00e9cnico Legislativo (Policial)<\/li>\n\n\n\n<li><strong>Requisitos<\/strong>: N\u00edvel m\u00e9dio e superior<\/li>\n\n\n\n<li><strong>Remunera\u00e7\u00e3o inicial:<\/strong>\n<ul class=\"wp-block-list\">\n<li><strong>Advogado: <\/strong>R$ 33.461,68<\/li>\n\n\n\n<li><strong>Analista: <\/strong>R$ 25.897,76<\/li>\n\n\n\n<li><strong>T\u00e9cnico: <\/strong>R$ 19.427,79<\/li>\n<\/ul>\n<\/li>\n<\/ul>\n\n\n\n<h3 class=\"wp-block-heading\" id=\"h-controladoria-geral-do-distrito-federal-cgdf\">Controladoria Geral do Distrito Federal (CGDF)<\/h3>\n\n\n\n<ul class=\"wp-block-list\">\n<li><strong>Status do concurso:<\/strong> Comiss\u00e3o formada<\/li>\n\n\n\n<li><strong>N\u00famero de vagas:<\/strong> 87 vagas + 147 CR<\/li>\n\n\n\n<li><strong>Cargos previstos: <\/strong>Auditor de Controle Interno<\/li>\n\n\n\n<li><strong>Requisitos<\/strong>: N\u00edvel superior<\/li>\n\n\n\n<li><strong>Remunera\u00e7\u00e3o inicial:<\/strong> R$ 12.800,00<\/li>\n<\/ul>\n\n\n\n<h3 class=\"wp-block-heading\" id=\"h-tribunal-de-contas-da-uniao-tcu\">Tribunal de Contas da Uni\u00e3o (TCU)<\/h3>\n\n\n\n<ul class=\"wp-block-list\">\n<li><strong>Status do concurso:<\/strong> Comiss\u00e3o formada<\/li>\n\n\n\n<li><strong>Banca prevista:<\/strong> CEBRASPE<\/li>\n\n\n\n<li><strong>N\u00famero de vagas:<\/strong> 20 vagas + CR<\/li>\n\n\n\n<li><strong>Cargos previstos: <\/strong>Auditor Federal de Controle Externo<\/li>\n\n\n\n<li><strong>Requisitos<\/strong>: N\u00edvel superior<\/li>\n\n\n\n<li><strong>Remunera\u00e7\u00e3o inicial:<\/strong> R$ 21.947,82<\/li>\n<\/ul>\n\n\n\n<h2 class=\"wp-block-heading\" id=\"h-sera-que-os-concursos-irao-acabar-de-fato\">Ser\u00e1 que os concursos ir\u00e3o acabar de fato?<\/h2>\n\n\n\n<p>N\u00e3o \u00e9 o que apontam os dados analisados. <\/p>\n\n\n\n<p>Observe que esse tipo de d\u00favida j\u00e1 apareceu em outros momentos da hist\u00f3ria do pa\u00eds, mas, na verdade, os concursos continuaram.<\/p>\n\n\n\n<p>Isso porque \u00e9 dif\u00edcil imaginar a continuidade da presta\u00e7\u00e3o do servi\u00e7o p\u00fablico de qualidade e com efici\u00eancia, como exige a Constitui\u00e7\u00e3o Federal, sem uma quantidade m\u00ednima de servidores.<\/p>\n\n\n\n<p>Esse \u00e9 apenas um dos motivos que justifica as diversas oportunidades de concursos j\u00e1 em andamento e ainda tantos outros que est\u00e3o por vir em breve.<\/p>\n\n\n\n<p>Inclusive, alguns desses certames, como o do <strong>Tribunal de Contas da Uni\u00e3o<\/strong>, por exemplo, exigem uma prepara\u00e7\u00e3o pr\u00e9via bem intensa. Isso porque o TCU foi considerado o melhor \u00f3rg\u00e3o p\u00fablico para se trabalhar no pa\u00eds e a remunera\u00e7\u00e3o \u00e9 excelente.<\/p>\n\n\n\n<p>Contudo, o edital \u00e9 bem extenso, o que demanda tempo para o estudo. Ademais, \u00e9 um concurso de alt\u00edssimo n\u00edvel, justamente pelas qualidades do cargo, j\u00e1 citadas. Ent\u00e3o, de nada adiantaria o concurso ser lan\u00e7ado neste momento, pois voc\u00ea n\u00e3o estaria preparado.<\/p>\n\n\n\n<p>Outro ponto que precisa ser lembrado \u00e9 que, em alguns momentos, \u00e9 preciso \u201colhar para o lado\u201d. Isso quer dizer que, se o concurso dos seus sonhos n\u00e3o est\u00e1 previsto, talvez seja o momento de se atentar \u00e0s demais \u201cportas que podem estar se abrindo para voc\u00ea\u201d.<\/p>\n\n\n\n<p>Por outro lado, n\u00e3o significa que o aluno deve mudar completamente o seu foco. Lembre-se:<\/p>\n\n\n\n<h4 class=\"wp-block-heading\" id=\"h-qualquer-mudanca-deve-ser-com-estrategia-prof\u00ba-victor-tanaka\">&#8220;Qualquer mudan\u00e7a deve ser com estrat\u00e9gia.&#8221; (Prof\u00ba Victor Tanaka)<\/h4>\n\n\n\n<figure class=\"wp-block-image aligncenter size-large is-resized\"><img loading=\"lazy\" decoding=\"async\" src=\"https:\/\/dhg1h5j42swfq.cloudfront.net\/2020\/07\/21193318\/Os-concursos-ir%C3%A3o-acabar-alvaro-reyes-qWwpHwip31M-unsplash-1024x683.jpg\" alt=\"\" class=\"wp-image-545258\" width=\"500\" height=\"333\" srcset=\"https:\/\/dhg1h5j42swfq.cloudfront.net\/2020\/07\/21193318\/Os-concursos-ir%C3%A3o-acabar-alvaro-reyes-qWwpHwip31M-unsplash-1024x683.jpg 1024w, https:\/\/dhg1h5j42swfq.cloudfront.net\/2020\/07\/21193318\/Os-concursos-ir%C3%A3o-acabar-alvaro-reyes-qWwpHwip31M-unsplash-300x200.jpg 300w, https:\/\/dhg1h5j42swfq.cloudfront.net\/2020\/07\/21193318\/Os-concursos-ir%C3%A3o-acabar-alvaro-reyes-qWwpHwip31M-unsplash-768x512.jpg 768w, https:\/\/dhg1h5j42swfq.cloudfront.net\/2020\/07\/21193318\/Os-concursos-ir%C3%A3o-acabar-alvaro-reyes-qWwpHwip31M-unsplash-1536x1024.jpg 1536w, https:\/\/dhg1h5j42swfq.cloudfront.net\/2020\/07\/21193318\/Os-concursos-ir%C3%A3o-acabar-alvaro-reyes-qWwpHwip31M-unsplash-2048x1365.jpg 2048w, https:\/\/dhg1h5j42swfq.cloudfront.net\/2020\/07\/21193318\/Os-concursos-ir%C3%A3o-acabar-alvaro-reyes-qWwpHwip31M-unsplash-610x407.jpg 610w\" sizes=\"auto, (max-width: 500px) 100vw, 500px\" \/><figcaption class=\"wp-element-caption\">Os concursos ir\u00e3o acabar?<\/figcaption><\/figure>\n\n\n\n<p>Primeiramente, deve ser formada uma boa base nas disciplinas mais cobradas. Depois, o aluno pode come\u00e7ar a pensar em outras oportunidades.<\/p>\n\n\n\n<p>Para auxili\u00e1-lo nessa e em outras decis\u00f5es, o aluno pode contar com o aux\u00edlio de um <em>coach<\/em>, que, agora, est\u00e1 bem mais acess\u00edvel aos alunos do Estrat\u00e9gia.<\/p>\n\n\n\n<p>Conhe\u00e7a os novos planos nos links que est\u00e3o ao final deste artigo!<\/p>\n\n\n\n<p>Por fim, fique com um recado conjunto dos Professores Victor Tanaka e Laura Amorim:<\/p>\n\n\n\n<h4 class=\"wp-block-heading\" id=\"h-controle-o-que-esta-ao-seu-alcance-aquilo-que-voce-tem-controle-porque-os-concursos-nao-irao-acabar-eles-voltarao-e-voce-precisara-estar-preparado-para-eles-siga-firme-nao-de-ouvidos-aos-terrorismos-e-faca-a-sua-parte-que-vai-dar-certo\">\u201cControle o que est\u00e1 ao seu alcance, aquilo que voc\u00ea tem controle, porque os concursos n\u00e3o ir\u00e3o acabar. Eles voltar\u00e3o e voc\u00ea precisar\u00e1 estar preparado para eles. Siga firme, n\u00e3o d\u00ea ouvidos aos terrorismos e fa\u00e7a a sua parte, que vai dar certo!\u201d<\/h4>\n\n\n\n<p>Deixe o seu coment\u00e1rio com suas d\u00favidas, sugest\u00f5es ou elogios ;-)<\/p>\n\n\n\n<p>Grande abra\u00e7o e bons estudos!<\/p>\n\n\n\n<p>Luana Vicente dos Santos Furlani<br \/>Coach do Estrat\u00e9gia Concursos<br \/>Instagram: <a href=\"https:\/\/www.instagram.com\/luvicentesantos\/?hl=pt-br\">@luvicentesantos<\/a><\/p>\n\n\n\n<p class=\"has-text-align-center\">N\u00e3o pense que os concursos ir\u00e3o acabar. <strong>Conhe\u00e7a os cursos do<\/strong> <strong>Estrat\u00e9gia Concursos:<\/strong><\/p>\n\n\n\n<p class=\"has-text-align-center\"><em>Prepare-se com o melhor material e com quem mais aprova em Concursos P\u00fablicos em todo o pa\u00eds. Assine agora uma de nossas op\u00e7\u00f5es de Assinatura tenha acesso ilimitado* a todos os nossos cursos.<\/em><\/p>\n\n\n\n<p class=\"has-text-align-center has-light-green-cyan-background-color has-background\" style=\"font-size:clamp(14.082px, 0.88rem + ((1vw - 3.2px) * 0.678), 21px);px\"><strong>ASSINE AGORA \u2013&nbsp;<a href=\"https:\/\/www.estrategiaconcursos.com.br\/assinaturas\/\">Assinaturas Estrat\u00e9gia<\/a><\/strong><\/p>\n\n\n\n<p class=\"has-text-align-center\"><em>Estrat\u00e9gia Quest\u00f5es nasceu maior do que todos os concorrentes, com mais quest\u00f5es cadastradas e mais solu\u00e7\u00f5es por professores. Clique no link e aproveite os descontos e b\u00f4nus imperd\u00edveis!<\/em><\/p>\n\n\n\n<p class=\"has-text-align-center has-light-green-cyan-background-color has-background\" style=\"font-size:clamp(14.082px, 0.88rem + ((1vw - 3.2px) * 0.678), 21px);px\"><strong>ASSINE AGORA \u2013&nbsp;<a href=\"https:\/\/www.estrategiaconcursos.com.br\/cursosPorConcurso\/sistema-de-questoes\/#\/\" target=\"_blank\" rel=\"noreferrer noopener\">Sistema de Quest\u00f5es<\/a><\/strong><\/p>\n\n\n\n<p class=\"has-text-align-center\"><strong><em>Fique por dentro de todos os concursos<\/em><\/strong>:<\/p>\n\n\n\n<p class=\"has-text-align-center has-pale-cyan-blue-background-color has-background\" style=\"font-size:clamp(14.082px, 0.88rem + ((1vw - 3.2px) * 0.678), 21px);px\"><a href=\"https:\/\/www.estrategiaconcursos.com.br\/blog\/concursos-abertos\/\" target=\"_blank\" rel=\"noreferrer noopener\"><strong>Concursos Abertos<\/strong><\/a><\/p>\n","protected":false},"excerpt":{"rendered":"<p>Neste webin\u00e1rio, os Professores Laura Amorim e Victor Tanaka trouxeram um panorama de alguns cen\u00e1rios que j\u00e1 \u201cafetaram\u201d os concursos em nosso pa\u00eds e que tamb\u00e9m deram margem a coment\u00e1rios do tipo &#8220;os concursos ir\u00e3o acabar&#8221;. Por\u00e9m, a realidade mostrou-se diferente! Confira! Ol\u00e1, Estrategista. Tudo bem? \u00c9 verdade que essa gera\u00e7\u00e3o nunca passou por uma [&hellip;]<\/p>\n","protected":false},"author":1409,"featured_media":545303,"comment_status":"open","ping_status":"closed","sticky":false,"template":"","format":"standard","meta":{"post_tipo":"article","footnotes":""},"categories":[1],"tags":[],"tax_estado":[],"class_list":["post-545230","post","type-post","status-publish","format-standard","has-post-thumbnail","hentry","category-cursos-e-concursos"],"acf":[],"yoast_head":"<!-- This site is optimized with the Yoast SEO Premium plugin v27.2 (Yoast SEO v27.2) - https:\/\/yoast.com\/product\/yoast-seo-premium-wordpress\/ -->\n<title>Os concursos ir\u00e3o acabar? Analise o panorama dos concursos no pa\u00eds.<\/title>\n<meta name=\"description\" content=\"N\u00e3o \u00e9 a primeira vez que surge o boato de que &quot;os concursos ir\u00e3o acabar&quot;. Por\u00e9m, a realidade mostrou-se diferente em outros momentos da hist\u00f3ria. Confira!\" \/>\n<meta name=\"robots\" content=\"index, follow, max-snippet:-1, max-image-preview:large, max-video-preview:-1\" \/>\n<link rel=\"canonical\" href=\"https:\/\/www.estrategiaconcursos.com.br\/blog\/os-concursos-irao-acabar\/\" \/>\n<meta property=\"og:locale\" content=\"pt_BR\" \/>\n<meta property=\"og:type\" content=\"article\" \/>\n<meta property=\"og:title\" content=\"Os concursos ir\u00e3o acabar?\" \/>\n<meta property=\"og:description\" content=\"N\u00e3o \u00e9 a primeira vez que surge o boato de que &quot;os concursos ir\u00e3o acabar&quot;. Por\u00e9m, a realidade mostrou-se diferente em outros momentos da hist\u00f3ria. Confira!\" \/>\n<meta property=\"og:url\" content=\"https:\/\/www.estrategiaconcursos.com.br\/blog\/os-concursos-irao-acabar\/\" \/>\n<meta property=\"og:site_name\" content=\"Estrat\u00e9gia Concursos\" \/>\n<meta property=\"article:published_time\" content=\"2020-08-03T15:36:00+00:00\" \/>\n<meta property=\"article:modified_time\" content=\"2023-06-30T12:30:18+00:00\" \/>\n<meta property=\"og:image\" content=\"https:\/\/dhg1h5j42swfq.cloudfront.net\/2020\/07\/22061915\/Concursos-ir%C3%A3o-acabar-escrit%C3%B3rio-vazio-drew-beamer-9uX5cX1l3bw-unsplash-scaled.jpg\" \/>\n\t<meta property=\"og:image:width\" content=\"2560\" \/>\n\t<meta property=\"og:image:height\" content=\"1707\" \/>\n\t<meta property=\"og:image:type\" content=\"image\/jpeg\" \/>\n<meta name=\"author\" content=\"Luana Vicente dos Santos Furlani\" \/>\n<meta name=\"twitter:card\" content=\"summary_large_image\" \/>\n<meta name=\"twitter:creator\" content=\"@EstratConcursos\" \/>\n<meta name=\"twitter:site\" content=\"@EstratConcursos\" \/>\n<meta name=\"twitter:label1\" content=\"Escrito por\" \/>\n\t<meta name=\"twitter:data1\" content=\"Luana Vicente dos Santos Furlani\" \/>\n\t<meta name=\"twitter:label2\" content=\"Est. tempo de leitura\" \/>\n\t<meta name=\"twitter:data2\" content=\"13 minutos\" \/>\n<script type=\"application\/ld+json\" class=\"yoast-schema-graph\">{\"@context\":\"https:\/\/schema.org\",\"@graph\":[{\"@type\":\"NewsArticle\",\"@id\":\"https:\/\/www.estrategiaconcursos.com.br\/blog\/os-concursos-irao-acabar\/#article\",\"isPartOf\":{\"@id\":\"https:\/\/www.estrategiaconcursos.com.br\/blog\/os-concursos-irao-acabar\/\"},\"author\":{\"name\":\"Luana Vicente dos Santos Furlani\",\"@id\":\"https:\/\/www.estrategiaconcursos.com.br\/blog\/#\/schema\/person\/54e8ab1be98e69d952e9401d1139d420\"},\"headline\":\"Os concursos ir\u00e3o acabar?\",\"datePublished\":\"2020-08-03T15:36:00+00:00\",\"dateModified\":\"2023-06-30T12:30:18+00:00\",\"mainEntityOfPage\":{\"@id\":\"https:\/\/www.estrategiaconcursos.com.br\/blog\/os-concursos-irao-acabar\/\"},\"wordCount\":2674,\"commentCount\":0,\"publisher\":{\"@id\":\"https:\/\/www.estrategiaconcursos.com.br\/blog\/#organization\"},\"image\":{\"@id\":\"https:\/\/www.estrategiaconcursos.com.br\/blog\/os-concursos-irao-acabar\/#primaryimage\"},\"thumbnailUrl\":\"https:\/\/dhg1h5j42swfq.cloudfront.net\/2020\/07\/22061915\/Concursos-ir%C3%A3o-acabar-escrit%C3%B3rio-vazio-drew-beamer-9uX5cX1l3bw-unsplash-scaled.jpg\",\"articleSection\":[\"Concursos P\u00fablicos\"],\"inLanguage\":\"pt-BR\",\"potentialAction\":[{\"@type\":\"CommentAction\",\"name\":\"Comment\",\"target\":[\"https:\/\/www.estrategiaconcursos.com.br\/blog\/os-concursos-irao-acabar\/#respond\"]}],\"copyrightYear\":\"2020\",\"copyrightHolder\":{\"@id\":\"https:\/\/www.estrategiaconcursos.com.br\/blog\/#organization\"}},{\"@type\":\"WebPage\",\"@id\":\"https:\/\/www.estrategiaconcursos.com.br\/blog\/os-concursos-irao-acabar\/\",\"url\":\"https:\/\/www.estrategiaconcursos.com.br\/blog\/os-concursos-irao-acabar\/\",\"name\":\"Os concursos ir\u00e3o acabar? Analise o panorama dos concursos no pa\u00eds.\",\"isPartOf\":{\"@id\":\"https:\/\/www.estrategiaconcursos.com.br\/blog\/#website\"},\"primaryImageOfPage\":{\"@id\":\"https:\/\/www.estrategiaconcursos.com.br\/blog\/os-concursos-irao-acabar\/#primaryimage\"},\"image\":{\"@id\":\"https:\/\/www.estrategiaconcursos.com.br\/blog\/os-concursos-irao-acabar\/#primaryimage\"},\"thumbnailUrl\":\"https:\/\/dhg1h5j42swfq.cloudfront.net\/2020\/07\/22061915\/Concursos-ir%C3%A3o-acabar-escrit%C3%B3rio-vazio-drew-beamer-9uX5cX1l3bw-unsplash-scaled.jpg\",\"datePublished\":\"2020-08-03T15:36:00+00:00\",\"dateModified\":\"2023-06-30T12:30:18+00:00\",\"description\":\"N\u00e3o \u00e9 a primeira vez que surge o boato de que \\\"os concursos ir\u00e3o acabar\\\". Por\u00e9m, a realidade mostrou-se diferente em outros momentos da hist\u00f3ria. Confira!\",\"breadcrumb\":{\"@id\":\"https:\/\/www.estrategiaconcursos.com.br\/blog\/os-concursos-irao-acabar\/#breadcrumb\"},\"inLanguage\":\"pt-BR\",\"potentialAction\":[{\"@type\":\"ReadAction\",\"target\":[\"https:\/\/www.estrategiaconcursos.com.br\/blog\/os-concursos-irao-acabar\/\"]}]},{\"@type\":\"ImageObject\",\"inLanguage\":\"pt-BR\",\"@id\":\"https:\/\/www.estrategiaconcursos.com.br\/blog\/os-concursos-irao-acabar\/#primaryimage\",\"url\":\"https:\/\/dhg1h5j42swfq.cloudfront.net\/2020\/07\/22061915\/Concursos-ir%C3%A3o-acabar-escrit%C3%B3rio-vazio-drew-beamer-9uX5cX1l3bw-unsplash-scaled.jpg\",\"contentUrl\":\"https:\/\/dhg1h5j42swfq.cloudfront.net\/2020\/07\/22061915\/Concursos-ir%C3%A3o-acabar-escrit%C3%B3rio-vazio-drew-beamer-9uX5cX1l3bw-unsplash-scaled.jpg\",\"width\":2560,\"height\":1707,\"caption\":\"Os concursos ir\u00e3o acabar? - Imagem Unplash - mostra um escrit\u00f3rio vazio\"},{\"@type\":\"BreadcrumbList\",\"@id\":\"https:\/\/www.estrategiaconcursos.com.br\/blog\/os-concursos-irao-acabar\/#breadcrumb\",\"itemListElement\":[{\"@type\":\"ListItem\",\"position\":1,\"name\":\"In\u00edcio\",\"item\":\"https:\/\/www.estrategiaconcursos.com.br\/blog\/\"},{\"@type\":\"ListItem\",\"position\":2,\"name\":\"Os concursos ir\u00e3o acabar?\"}]},{\"@type\":\"WebSite\",\"@id\":\"https:\/\/www.estrategiaconcursos.com.br\/blog\/#website\",\"url\":\"https:\/\/www.estrategiaconcursos.com.br\/blog\/\",\"name\":\"Estrat\u00e9gia Concursos\",\"description\":\"O blog da Estrat\u00e9gia Concursos traz not\u00edcias sobre concursos e artigos de professores oferecendo cursos para concursos (pdf + videaulas) no site.\",\"publisher\":{\"@id\":\"https:\/\/www.estrategiaconcursos.com.br\/blog\/#organization\"},\"potentialAction\":[{\"@type\":\"SearchAction\",\"target\":{\"@type\":\"EntryPoint\",\"urlTemplate\":\"https:\/\/www.estrategiaconcursos.com.br\/blog\/?s={search_term_string}\"},\"query-input\":{\"@type\":\"PropertyValueSpecification\",\"valueRequired\":true,\"valueName\":\"search_term_string\"}}],\"inLanguage\":\"pt-BR\"},{\"@type\":\"Organization\",\"@id\":\"https:\/\/www.estrategiaconcursos.com.br\/blog\/#organization\",\"name\":\"Estrat\u00e9gia Concursos\",\"url\":\"https:\/\/www.estrategiaconcursos.com.br\/blog\/\",\"logo\":{\"@type\":\"ImageObject\",\"inLanguage\":\"pt-BR\",\"@id\":\"https:\/\/www.estrategiaconcursos.com.br\/blog\/#\/schema\/logo\/image\/\",\"url\":\"https:\/\/dhg1h5j42swfq.cloudfront.net\/2025\/06\/03203428\/logo_concursos-1.jpg\",\"contentUrl\":\"https:\/\/dhg1h5j42swfq.cloudfront.net\/2025\/06\/03203428\/logo_concursos-1.jpg\",\"width\":230,\"height\":60,\"caption\":\"Estrat\u00e9gia Concursos\"},\"image\":{\"@id\":\"https:\/\/www.estrategiaconcursos.com.br\/blog\/#\/schema\/logo\/image\/\"},\"sameAs\":[\"https:\/\/x.com\/EstratConcursos\"]},{\"@type\":\"Person\",\"@id\":\"https:\/\/www.estrategiaconcursos.com.br\/blog\/#\/schema\/person\/54e8ab1be98e69d952e9401d1139d420\",\"name\":\"Luana Vicente dos Santos Furlani\",\"image\":{\"@type\":\"ImageObject\",\"inLanguage\":\"pt-BR\",\"@id\":\"https:\/\/secure.gravatar.com\/avatar\/97c11946bf10d0c74254014e271f5f4594ec11fe3a9c6ace926417c009f1a41b?s=96&d=mm&r=g\",\"url\":\"https:\/\/secure.gravatar.com\/avatar\/97c11946bf10d0c74254014e271f5f4594ec11fe3a9c6ace926417c009f1a41b?s=96&d=mm&r=g\",\"contentUrl\":\"https:\/\/secure.gravatar.com\/avatar\/97c11946bf10d0c74254014e271f5f4594ec11fe3a9c6ace926417c009f1a41b?s=96&d=mm&r=g\",\"caption\":\"Luana Vicente dos Santos Furlani\"},\"url\":\"https:\/\/www.estrategiaconcursos.com.br\/blog\/author\/luana-vicentefurlanigmail-com\/\"}]}<\/script>\n<!-- \/ Yoast SEO Premium plugin. -->","yoast_head_json":{"title":"Os concursos ir\u00e3o acabar? Analise o panorama dos concursos no pa\u00eds.","description":"N\u00e3o \u00e9 a primeira vez que surge o boato de que \"os concursos ir\u00e3o acabar\". Por\u00e9m, a realidade mostrou-se diferente em outros momentos da hist\u00f3ria. Confira!","robots":{"index":"index","follow":"follow","max-snippet":"max-snippet:-1","max-image-preview":"max-image-preview:large","max-video-preview":"max-video-preview:-1"},"canonical":"https:\/\/www.estrategiaconcursos.com.br\/blog\/os-concursos-irao-acabar\/","og_locale":"pt_BR","og_type":"article","og_title":"Os concursos ir\u00e3o acabar?","og_description":"N\u00e3o \u00e9 a primeira vez que surge o boato de que \"os concursos ir\u00e3o acabar\". Por\u00e9m, a realidade mostrou-se diferente em outros momentos da hist\u00f3ria. Confira!","og_url":"https:\/\/www.estrategiaconcursos.com.br\/blog\/os-concursos-irao-acabar\/","og_site_name":"Estrat\u00e9gia Concursos","article_published_time":"2020-08-03T15:36:00+00:00","article_modified_time":"2023-06-30T12:30:18+00:00","og_image":[{"width":2560,"height":1707,"url":"https:\/\/dhg1h5j42swfq.cloudfront.net\/2020\/07\/22061915\/Concursos-ir%C3%A3o-acabar-escrit%C3%B3rio-vazio-drew-beamer-9uX5cX1l3bw-unsplash-scaled.jpg","type":"image\/jpeg"}],"author":"Luana Vicente dos Santos Furlani","twitter_card":"summary_large_image","twitter_creator":"@EstratConcursos","twitter_site":"@EstratConcursos","twitter_misc":{"Escrito por":"Luana Vicente dos Santos Furlani","Est. tempo de leitura":"13 minutos"},"schema":{"@context":"https:\/\/schema.org","@graph":[{"@type":"NewsArticle","@id":"https:\/\/www.estrategiaconcursos.com.br\/blog\/os-concursos-irao-acabar\/#article","isPartOf":{"@id":"https:\/\/www.estrategiaconcursos.com.br\/blog\/os-concursos-irao-acabar\/"},"author":{"name":"Luana Vicente dos Santos Furlani","@id":"https:\/\/www.estrategiaconcursos.com.br\/blog\/#\/schema\/person\/54e8ab1be98e69d952e9401d1139d420"},"headline":"Os concursos ir\u00e3o acabar?","datePublished":"2020-08-03T15:36:00+00:00","dateModified":"2023-06-30T12:30:18+00:00","mainEntityOfPage":{"@id":"https:\/\/www.estrategiaconcursos.com.br\/blog\/os-concursos-irao-acabar\/"},"wordCount":2674,"commentCount":0,"publisher":{"@id":"https:\/\/www.estrategiaconcursos.com.br\/blog\/#organization"},"image":{"@id":"https:\/\/www.estrategiaconcursos.com.br\/blog\/os-concursos-irao-acabar\/#primaryimage"},"thumbnailUrl":"https:\/\/dhg1h5j42swfq.cloudfront.net\/2020\/07\/22061915\/Concursos-ir%C3%A3o-acabar-escrit%C3%B3rio-vazio-drew-beamer-9uX5cX1l3bw-unsplash-scaled.jpg","articleSection":["Concursos P\u00fablicos"],"inLanguage":"pt-BR","potentialAction":[{"@type":"CommentAction","name":"Comment","target":["https:\/\/www.estrategiaconcursos.com.br\/blog\/os-concursos-irao-acabar\/#respond"]}],"copyrightYear":"2020","copyrightHolder":{"@id":"https:\/\/www.estrategiaconcursos.com.br\/blog\/#organization"}},{"@type":"WebPage","@id":"https:\/\/www.estrategiaconcursos.com.br\/blog\/os-concursos-irao-acabar\/","url":"https:\/\/www.estrategiaconcursos.com.br\/blog\/os-concursos-irao-acabar\/","name":"Os concursos ir\u00e3o acabar? Analise o panorama dos concursos no pa\u00eds.","isPartOf":{"@id":"https:\/\/www.estrategiaconcursos.com.br\/blog\/#website"},"primaryImageOfPage":{"@id":"https:\/\/www.estrategiaconcursos.com.br\/blog\/os-concursos-irao-acabar\/#primaryimage"},"image":{"@id":"https:\/\/www.estrategiaconcursos.com.br\/blog\/os-concursos-irao-acabar\/#primaryimage"},"thumbnailUrl":"https:\/\/dhg1h5j42swfq.cloudfront.net\/2020\/07\/22061915\/Concursos-ir%C3%A3o-acabar-escrit%C3%B3rio-vazio-drew-beamer-9uX5cX1l3bw-unsplash-scaled.jpg","datePublished":"2020-08-03T15:36:00+00:00","dateModified":"2023-06-30T12:30:18+00:00","description":"N\u00e3o \u00e9 a primeira vez que surge o boato de que \"os concursos ir\u00e3o acabar\". Por\u00e9m, a realidade mostrou-se diferente em outros momentos da hist\u00f3ria. Confira!","breadcrumb":{"@id":"https:\/\/www.estrategiaconcursos.com.br\/blog\/os-concursos-irao-acabar\/#breadcrumb"},"inLanguage":"pt-BR","potentialAction":[{"@type":"ReadAction","target":["https:\/\/www.estrategiaconcursos.com.br\/blog\/os-concursos-irao-acabar\/"]}]},{"@type":"ImageObject","inLanguage":"pt-BR","@id":"https:\/\/www.estrategiaconcursos.com.br\/blog\/os-concursos-irao-acabar\/#primaryimage","url":"https:\/\/dhg1h5j42swfq.cloudfront.net\/2020\/07\/22061915\/Concursos-ir%C3%A3o-acabar-escrit%C3%B3rio-vazio-drew-beamer-9uX5cX1l3bw-unsplash-scaled.jpg","contentUrl":"https:\/\/dhg1h5j42swfq.cloudfront.net\/2020\/07\/22061915\/Concursos-ir%C3%A3o-acabar-escrit%C3%B3rio-vazio-drew-beamer-9uX5cX1l3bw-unsplash-scaled.jpg","width":2560,"height":1707,"caption":"Os concursos ir\u00e3o acabar? - Imagem Unplash - mostra um escrit\u00f3rio vazio"},{"@type":"BreadcrumbList","@id":"https:\/\/www.estrategiaconcursos.com.br\/blog\/os-concursos-irao-acabar\/#breadcrumb","itemListElement":[{"@type":"ListItem","position":1,"name":"In\u00edcio","item":"https:\/\/www.estrategiaconcursos.com.br\/blog\/"},{"@type":"ListItem","position":2,"name":"Os concursos ir\u00e3o acabar?"}]},{"@type":"WebSite","@id":"https:\/\/www.estrategiaconcursos.com.br\/blog\/#website","url":"https:\/\/www.estrategiaconcursos.com.br\/blog\/","name":"Estrat\u00e9gia Concursos","description":"O blog da Estrat\u00e9gia Concursos traz not\u00edcias sobre concursos e artigos de professores oferecendo cursos para concursos (pdf + videaulas) no site.","publisher":{"@id":"https:\/\/www.estrategiaconcursos.com.br\/blog\/#organization"},"potentialAction":[{"@type":"SearchAction","target":{"@type":"EntryPoint","urlTemplate":"https:\/\/www.estrategiaconcursos.com.br\/blog\/?s={search_term_string}"},"query-input":{"@type":"PropertyValueSpecification","valueRequired":true,"valueName":"search_term_string"}}],"inLanguage":"pt-BR"},{"@type":"Organization","@id":"https:\/\/www.estrategiaconcursos.com.br\/blog\/#organization","name":"Estrat\u00e9gia Concursos","url":"https:\/\/www.estrategiaconcursos.com.br\/blog\/","logo":{"@type":"ImageObject","inLanguage":"pt-BR","@id":"https:\/\/www.estrategiaconcursos.com.br\/blog\/#\/schema\/logo\/image\/","url":"https:\/\/dhg1h5j42swfq.cloudfront.net\/2025\/06\/03203428\/logo_concursos-1.jpg","contentUrl":"https:\/\/dhg1h5j42swfq.cloudfront.net\/2025\/06\/03203428\/logo_concursos-1.jpg","width":230,"height":60,"caption":"Estrat\u00e9gia Concursos"},"image":{"@id":"https:\/\/www.estrategiaconcursos.com.br\/blog\/#\/schema\/logo\/image\/"},"sameAs":["https:\/\/x.com\/EstratConcursos"]},{"@type":"Person","@id":"https:\/\/www.estrategiaconcursos.com.br\/blog\/#\/schema\/person\/54e8ab1be98e69d952e9401d1139d420","name":"Luana Vicente dos Santos Furlani","image":{"@type":"ImageObject","inLanguage":"pt-BR","@id":"https:\/\/secure.gravatar.com\/avatar\/97c11946bf10d0c74254014e271f5f4594ec11fe3a9c6ace926417c009f1a41b?s=96&d=mm&r=g","url":"https:\/\/secure.gravatar.com\/avatar\/97c11946bf10d0c74254014e271f5f4594ec11fe3a9c6ace926417c009f1a41b?s=96&d=mm&r=g","contentUrl":"https:\/\/secure.gravatar.com\/avatar\/97c11946bf10d0c74254014e271f5f4594ec11fe3a9c6ace926417c009f1a41b?s=96&d=mm&r=g","caption":"Luana Vicente dos Santos Furlani"},"url":"https:\/\/www.estrategiaconcursos.com.br\/blog\/author\/luana-vicentefurlanigmail-com\/"}]}},"_links":{"self":[{"href":"https:\/\/www.estrategiaconcursos.com.br\/blog\/wp-json\/wp\/v2\/posts\/545230","targetHints":{"allow":["GET"]}}],"collection":[{"href":"https:\/\/www.estrategiaconcursos.com.br\/blog\/wp-json\/wp\/v2\/posts"}],"about":[{"href":"https:\/\/www.estrategiaconcursos.com.br\/blog\/wp-json\/wp\/v2\/types\/post"}],"author":[{"embeddable":true,"href":"https:\/\/www.estrategiaconcursos.com.br\/blog\/wp-json\/wp\/v2\/users\/1409"}],"replies":[{"embeddable":true,"href":"https:\/\/www.estrategiaconcursos.com.br\/blog\/wp-json\/wp\/v2\/comments?post=545230"}],"version-history":[{"count":10,"href":"https:\/\/www.estrategiaconcursos.com.br\/blog\/wp-json\/wp\/v2\/posts\/545230\/revisions"}],"predecessor-version":[{"id":1241407,"href":"https:\/\/www.estrategiaconcursos.com.br\/blog\/wp-json\/wp\/v2\/posts\/545230\/revisions\/1241407"}],"wp:featuredmedia":[{"embeddable":true,"href":"https:\/\/www.estrategiaconcursos.com.br\/blog\/wp-json\/wp\/v2\/media\/545303"}],"wp:attachment":[{"href":"https:\/\/www.estrategiaconcursos.com.br\/blog\/wp-json\/wp\/v2\/media?parent=545230"}],"wp:term":[{"taxonomy":"category","embeddable":true,"href":"https:\/\/www.estrategiaconcursos.com.br\/blog\/wp-json\/wp\/v2\/categories?post=545230"},{"taxonomy":"post_tag","embeddable":true,"href":"https:\/\/www.estrategiaconcursos.com.br\/blog\/wp-json\/wp\/v2\/tags?post=545230"},{"taxonomy":"tax_estado","embeddable":true,"href":"https:\/\/www.estrategiaconcursos.com.br\/blog\/wp-json\/wp\/v2\/tax_estado?post=545230"}],"curies":[{"name":"wp","href":"https:\/\/api.w.org\/{rel}","templated":true}]}}