{"id":545086,"date":"2020-07-23T09:55:19","date_gmt":"2020-07-23T12:55:19","guid":{"rendered":"https:\/\/www.estrategiaconcursos.com.br\/blog\/?p=545086"},"modified":"2020-07-28T13:14:27","modified_gmt":"2020-07-28T16:14:27","slug":"conheca-a-carreira-de-analista-dp-df","status":"publish","type":"post","link":"https:\/\/www.estrategiaconcursos.com.br\/blog\/conheca-a-carreira-de-analista-dp-df\/","title":{"rendered":"DP\/DF: conhe\u00e7a a carreira de Analista de Apoio  \u00e0 Assist\u00eancia Judici\u00e1ria"},"content":{"rendered":"\n<p>A Defensoria P\u00fablica do Distrito Federal (DP\/DF) publicou <a rel=\"noreferrer noopener\" href=\"https:\/\/www.estrategiaconcursos.com.br\/blog\/concurso-dpdf\/\" target=\"_blank\">edital com 60 vagas<\/a> imediatas mais cadastro de reserva para o cargo de Analista de Apoio \u00e0 Assist\u00eancia Judici\u00e1ria da DP\/DF.<\/p>\n\n\n\n<p>O concurso DP\/DF exige que os concurseiros possuam forma\u00e7\u00e3o em n\u00edvel superior em uma das 12 \u00e1reas espec\u00edficas ofertadas no certame. <\/p>\n\n\n\n<p>Essa \u00e9 um carreira muito disputada entre os concurseiros, por isso separamos as principais informa\u00e7\u00f5es para que voc\u00ea fique muito bem informado.<\/p>\n\n\n\n<ul class=\"wp-block-list\"><li><a href=\"#o-que-faz\"><strong><em>O que faz um Analista de Apoio \u00e0 Assist\u00eancia Judici\u00e1ria?<\/em><\/strong><\/a><\/li><li><a href=\"#requisitos\"><strong><em>Requisitos do cargo de Analista DP\/DF<\/em><\/strong><\/a><\/li><li><strong><em><a href=\"#sal\u00e1rio\">Qual \u00e9 o sal\u00e1rio de um Analista da DP\/DF? <\/a><\/em><\/strong><\/li><li><a href=\"#lotados\"><strong><em>Onde o Analista pode ser lotado?<\/em><\/strong><\/a><\/li><li><a href=\"#cargos-vagos\"><strong><em>Cargos vagos de Analista<\/em><\/strong><\/a><\/li><li><a href=\"#vagas\"><strong><em>Vagas ofertadas no concurso DP\/DF<\/em><\/strong><\/a><\/li><li><a href=\"#sobre\"><strong><em>Sobre a Defensoria P\u00fablica do DF<\/em><\/strong><\/a><\/li><li><a href=\"#\u00faltimo\"><strong><em>\u00daltimo concurso DP\/DF<\/em><\/strong><\/a><\/li><\/ul>\n\n\n\n<h3 class=\"wp-block-heading\" id=\"o-que-faz\">O que faz um Analista de Apoio \u00e0 Assist\u00eancia Judici\u00e1ria?<\/h3>\n\n\n\n<p>Os Analistas de Apoio \u00e0 Assist\u00eancia Jur\u00eddica exercem relevante fun\u00e7\u00e3o de apoio e assessoramento aos Defensores P\u00fablicos e contribuem expressivamente para a miss\u00e3o constitucional da Defensoria P\u00fablica.<\/p>\n\n\n\n<p>A Carreira de Analista de Apoio \u00e0 Assist\u00eancia Jur\u00eddica \u00e9 regulada pela Lei Distrital n\u00ba 4.516\/2010 e \u00e9 composta por 301 cargos, divididos nos seguintes cargos de provimento:<\/p>\n\n\n\n<ul class=\"wp-block-list\"><li><strong>Direito e Legisla\u00e7\u00e3o:&nbsp;<\/strong>planejar, coordenar, supervisionar, avaliar e executar atividades referentes \u00e0 an\u00e1lise de processos administrativos e judiciais; participar de programas de desenvolvimento que envolvam conte\u00fados relativos \u00e0 \u00e1rea de atua\u00e7\u00e3o ou neles atuar; executar outras atividades de interesse da \u00e1rea<\/li><li><strong>Administra\u00e7\u00e3o: <\/strong>planejar, coordenar, supervisionar, avaliar e executar atividades administrativas referentes \u00e0 gest\u00e3o de pessoas, finan\u00e7as, or\u00e7amento,&nbsp; patrim\u00f4nio, material, transporte, cargos e sal\u00e1rios, e organiza\u00e7\u00e3o e m\u00e9todos; participar de programas de desenvolvimento que envolvam conte\u00fados relativos \u00e0 \u00e1rea de atua\u00e7\u00e3o ou neles atuar; executar outras atividades de interesse da \u00e1rea<\/li><li><strong>Arquivologia:&nbsp;<\/strong> planejar, coordenar, supervisionar, avaliar e executar atividades arquiv\u00edsticas, estudos e pesquisas com enfoque hist\u00f3rico-administrativo sobre gerenciamento de informa\u00e7\u00e3o&nbsp; e de gest\u00e3o documental e sua aplica\u00e7\u00e3o; participar de programas de desenvolvimento que envolvam conte\u00fados relativos<br \/>\u00e0 \u00e1rea de atua\u00e7\u00e3o ou neles atuar; executar outras atividades de interesse da \u00e1rea<\/li><li><strong>Arquitetura<\/strong>: planejar, coordenar, supervisionar, avaliar e executar projetos de arquitetura, urbaniza\u00e7\u00e3o e paisagismo, definindo e especificando servi\u00e7os e materiais; participar de programas de desenvolvimento que envolvam conte\u00fados relativos \u00e0 \u00e1rea de atua\u00e7\u00e3o ou neles atuar; executar outras atividades de interesse da \u00e1rea.<\/li><li><strong>Jornalismo:&nbsp;<\/strong>planejar, coordenar, supervisionar, avaliar e executar atividades relacionadas \u00e0 cobertura dos eventos e das reuni\u00f5es, quando a DPDF for parte, e manifestar sobre os t\u00f3picos referentes \u00e0 \u00e1rea de comunica\u00e7\u00e3o social; participar de programas de desenvolvimento que envolvam conte\u00fados relativos \u00e0 \u00e1rea de atua\u00e7\u00e3o ou neles atuar; executar outras atividades de interesse da \u00e1rea<\/li><li><strong>Contabilidade:&nbsp;<\/strong>planejar, coordenar, supervisionar, avaliar e executar atividades relacionadas \u00e0 contabilidade em geral, com vistas \u00e0 elabora\u00e7\u00e3o or\u00e7ament\u00e1ria e ao controle da situa\u00e7\u00e3o financeira e patrimonial; participar de programas de desenvolvimento que envolvam conte\u00fados relativos \u00e0 \u00e1rea de atua\u00e7\u00e3o ou neles atuar; executar outras atividades de interesse da \u00e1rea<\/li><li><strong>Economia:&nbsp;<\/strong> planejar, coordenar, supervisionar, avaliar e executar atividades referentes \u00e0 pesquisa, an\u00e1lise econ\u00f4mica e sua aplica\u00e7\u00e3o; participar de programas de desenvolvimento que envolvam conte\u00fados relativos \u00e0 \u00e1rea de atua\u00e7\u00e3o ou neles atuar; executar outras atividades de interesse da \u00e1rea.<\/li><li><strong>Engenharia Civil:&nbsp;<\/strong> planejar, coordenar, supervisionar, avaliar e executar atividades referentes \u00e0 pesquisa e estudo que visem ao conhecimento e interpreta\u00e7\u00e3o das caracter\u00edsticas t\u00e9cnicas e f\u00edsicas dos projetos de constru\u00e7\u00e3o civil; participar de programas de desenvolvimento que envolvam conte\u00fados relativos \u00e0 \u00e1rea de atua\u00e7\u00e3o ou neles atuar; executar outras atividades de interesse da \u00e1rea.<\/li><li><strong>Inform\u00e1tica \u2013 Banco de Dados:&nbsp;<\/strong>planejar, coordenar, supervisionar, avaliar e executar atividades relacionadas aos sistemas informatizados do \u00f3rg\u00e3o; participar de programas de desenvolvimento que envolvam conte\u00fados relativos \u00e0 \u00e1rea de atua\u00e7\u00e3o ou neles atuar; executar outras atividades de interesse da \u00e1rea.<\/li><li><strong>Inform\u00e1tica \u2013 Desenvolvimento de Sistemas:&nbsp;<\/strong>planejar, coordenar, supervisionar, avaliar e executar atividades relacionadas aos sistemas informatizados do \u00f3rg\u00e3o; participar de<br \/>programas de desenvolvimento que envolvam conte\u00fados relativos \u00e0 \u00e1rea de atua\u00e7\u00e3o ou neles atuar; executar outras atividades de interesse da \u00e1rea<\/li><li><strong>Inform\u00e1tica \u2013 Redes:&nbsp;<\/strong>planejar, coordenar, supervisionar, avaliar e executar atividades relacionadas aos sistemas informatizados do \u00f3rg\u00e3o; participar de programas de desenvolvimento que envolvam conte\u00fados relativos \u00e0 \u00e1rea de atua\u00e7\u00e3o ou neles atuar; executar outras atividades de interesse da \u00e1rea<\/li><li><strong>Psicologia:&nbsp;<\/strong> planejar, coordenar, supervisionar, avaliar e executar atividades referentes \u00e0 Psicologia conforme \u00e1rea de atua\u00e7\u00e3o; participar de programas de desenvolvimento que envolvam conte\u00fados relativos \u00e0 sua \u00e1rea ou neles atuar; executar outras atividades de interesse da \u00e1rea<\/li><li><strong>Servi\u00e7o Social:&nbsp;<\/strong> planejar, coordenar, supervisionar, avaliar e executar planos, programas e projetos sociais orientando indiv\u00edduos, fam\u00edlias, comunidade e institui\u00e7\u00f5es sobre direitos e deveres; participar de programas de desenvolvimento que envolvam conte\u00fados relativos \u00e0 \u00e1rea de atua\u00e7\u00e3o ou neles atuar; executar outras atividades de interesse da \u00e1rea.<\/li><\/ul>\n\n\n\n<h3 class=\"wp-block-heading\" id=\"requisitos\">Requisitos do cargo de Analista <\/h3>\n\n\n\n<p>Os candidatos que pretendem ingressar no cargo de Analista de Apoio \u00e0 Assist\u00eancia Judici\u00e1ria, v\u00e3o ter que comprovar de acordo com o edital, os seguintes pontos relacionados abaixo:<\/p>\n\n\n\n<ul class=\"wp-block-list\"><li><strong>Direito e Legisla\u00e7\u00e3o:&nbsp;<\/strong>Diploma em Direito<\/li><li><strong>Administra\u00e7\u00e3o:&nbsp;<\/strong>Diploma em Administra\u00e7\u00e3o<\/li><li><strong>Arquivologia:&nbsp;<\/strong>Diploma em Arquivologia e Registro no Conselho de Classe<\/li><li><strong>Arquitetura<\/strong>: Diploma em Arquitetura e Registro no Conselho de Classe<\/li><li><strong>Jornalismo: <\/strong>Diploma em Comunica\u00e7\u00e3o Social com habilita\u00e7\u00e3o em Jornalismo e Registro no Conselho de Classe<\/li><li><strong>Contabilidade: <\/strong>Diploma em Ci\u00eancias Cont\u00e1beis e Registro no Conselho de Classe<\/li><li><strong>Economia:&nbsp;<\/strong>Diploma em Ci\u00eancias Econ\u00f4micas e Registro no Conselho de Classe<\/li><li><strong>Engenharia Civil:&nbsp;<\/strong>Diploma em Engenharia Civil e Registro no Conselho de Classe<\/li><li><strong>Inform\u00e1tica \u2013 Banco de Dados:<\/strong> Diploma em Tecnologia da Informa\u00e7\u00e3o ou em qualquer \u00e1rea do conhecimento com especializa\u00e7\u00e3o em Tecnologia da Informa\u00e7\u00e3o<\/li><li><strong>Inform\u00e1tica \u2013 Desenvolvimento de Sistemas:&nbsp;<\/strong>Diploma em Tecnologia da Informa\u00e7\u00e3o ou em qualquer \u00e1rea do conhecimento com especializa\u00e7\u00e3o em Tecnologia da Informa\u00e7\u00e3o<\/li><li><strong>Inform\u00e1tica \u2013 Redes:&nbsp;<\/strong>Diploma em Tecnologia da Informa\u00e7\u00e3o ou em qualquer \u00e1rea do conhecimento com especializa\u00e7\u00e3o em Tecnologia da Informa\u00e7\u00e3o<\/li><li><strong>Psicologia:&nbsp;<\/strong>Diploma em Psicologia e Registro no Conselho de Classe<\/li><li><strong>Servi\u00e7o Social:&nbsp;<\/strong>Diploma em Servi\u00e7o Social e Registro no Conselho de Classe<\/li><\/ul>\n\n\n\n<p>Para ingressar no cargo de Analista de Apoio \u00e0 Assist\u00eancia Judici\u00e1ria, o candidato deve possuir ensino superior, al\u00e9m das seguintes condi\u00e7\u00f5es:<\/p>\n\n\n\n<ul class=\"wp-block-list\"><li>Ser aprovado no concurso p\u00fablico;<\/li><li>Ter a nacionalidade brasileira ou portuguesa e, no caso de nacionalidade portuguesa, estar amparado pelo Estatuto de Igualdade entre Brasileiros e Portugueses, com reconhecimento do gozo dos direitos pol\u00edticos, nos termos do \u00a7 1\u00ba do art. 12 da Constitui\u00e7\u00e3o Federal;<\/li><li>Estar em gozo dos direitos pol\u00edticos;<\/li><li>Estar quite com as obriga\u00e7\u00f5es militares, em caso de candidato do sexo masculino;<\/li><li>Estar quite com as obriga\u00e7\u00f5es eleitorais;<\/li><li>Possuir os requisitos exigidos para o exerc\u00edcio do cargo, conforme o item 2 do edital;<\/li><li>Ter idade m\u00ednima de 18 anos completos na data da posse;<\/li><li>Ter aptid\u00e3o f\u00edsica e mental para o exerc\u00edcio das atribui\u00e7\u00f5es do cargo;<\/li><li>O candidato dever\u00e1 declarar, na solicita\u00e7\u00e3o de inscri\u00e7\u00e3o, que tem ci\u00eancia e aceita que, caso aprovado, dever\u00e1 entregar os documentos comprobat\u00f3rios dos requisitos exigidos para o cargo por ocasi\u00e3o da posse.<\/li><\/ul>\n\n\n\n<h3 class=\"wp-block-heading\" id=\"sal\u00e1rio\">Qual \u00e9 o sal\u00e1rio de um Analista da DP\/DF?<\/h3>\n\n\n\n<p>Sabemos que as remunera\u00e7\u00f5es dos concursos p\u00fablicos s\u00e3o atrativas, por isso \u00e9 um dos pontos mais procurados em sites de buscas. A remunera\u00e7\u00e3o do concurso DPDF fixada em lei \u00e9 de <strong><em>R$ 5.241,22<\/em><\/strong>, correspondentes a <strong><em>R$ 4.641,22<\/em><\/strong> de vencimento b\u00e1sico mais <strong><em>R$ 600,00<\/em><\/strong> de gratifica\u00e7\u00e3o judici\u00e1ria.<\/p>\n\n\n\n<h4 class=\"wp-block-heading\">DPDF \u2013 Terceira Classe<\/h4>\n\n\n\n<figure class=\"wp-block-table is-style-stripes\"><table><tbody><tr><td><strong>Padr\u00e3o<\/strong><\/td><td><strong>Vencimento b\u00e1sico<\/strong><\/td><\/tr><tr><td>IV<\/td><td>5.069,20<\/td><\/tr><tr><td>III<\/td><td>4.926,43<\/td><\/tr><tr><td>II<\/td><td>4.784,05<\/td><\/tr><tr><td>I<\/td><td>4.641,22<\/td><\/tr><\/tbody><\/table><\/figure>\n\n\n\n<h4 class=\"wp-block-heading\">DPDF \u2013 Segunda Classe<\/h4>\n\n\n\n<figure class=\"wp-block-table is-style-stripes\"><table><tbody><tr><td><strong>Padr\u00e3o<\/strong><\/td><td><strong>Vencimento b\u00e1sico<\/strong><\/td><\/tr><tr><td>VI<\/td><td>5.924,47<\/td><\/tr><tr><td>V<\/td><td>5.781,90<\/td><\/tr><tr><td>IV<\/td><td>5.639,31<\/td><\/tr><tr><td>III<\/td><td>5.496,56<\/td><\/tr><tr><td>II<\/td><td>5.354,34<\/td><\/tr><tr><td>I<\/td><td>5.211,59<\/td><\/tr><\/tbody><\/table><\/figure>\n\n\n\n<h4 class=\"wp-block-heading\">DPDF \u2013 Primeira Classe<\/h4>\n\n\n\n<figure class=\"wp-block-table is-style-stripes\"><table><tbody><tr><td><strong>Padr\u00e3o<\/strong><\/td><td><strong>Vencimento b\u00e1sico<\/strong><\/td><\/tr><tr><td>VI<\/td><td>6.779,56<\/td><\/tr><tr><td>V<\/td><td>6.637,16<\/td><\/tr><tr><td>IV<\/td><td>6.494,59<\/td><\/tr><tr><td>III<\/td><td>6.352,19<\/td><\/tr><tr><td>II<\/td><td>6.209,62<\/td><\/tr><tr><td>I<\/td><td>6.067,05<\/td><\/tr><\/tbody><\/table><\/figure>\n\n\n\n<h4 class=\"wp-block-heading\">DPDF \u2013 Classe especial<\/h4>\n\n\n\n<figure class=\"wp-block-table is-style-stripes\"><table><tbody><tr><td><strong>Padr\u00e3o<\/strong><\/td><td><strong>Vencimento B\u00e1sico<\/strong><\/td><\/tr><tr><td>III<\/td><td>7.207,26<\/td><\/tr><tr><td>II<\/td><td>7.064,35<\/td><\/tr><tr><td>I<\/td><td>6.921,96<\/td><\/tr><\/tbody><\/table><\/figure>\n\n\n\n<h4 class=\"wp-block-heading\">Benef\u00edcios <\/h4>\n\n\n\n<ul class=\"wp-block-list\"><li><strong><em>13\u00ba SAL\u00c1RIO:<\/em><\/strong>  o d\u00e9cimo terceiro sal\u00e1rio \u00e9 pago no m\u00eas de anivers\u00e1rio do servidor ocupante de cargo de provimento efetivo, inclu\u00eddo o requisitado da administra\u00e7\u00e3o direta, aut\u00e1rquica ou fundacional de qualquer Poder do Distrito Federal, da Uni\u00e3o, de Estado ou Munic\u00edpio, no m\u00eas do seu anivers\u00e1rio, na propor\u00e7\u00e3o de 1\/12 (um doze avos) por m\u00eas de exerc\u00edcio, gerando diferen\u00e7a no m\u00eas de dezembro nos casos de varia\u00e7\u00e3o de remunera\u00e7\u00e3o ou no caso de exerc\u00edcio ap\u00f3s o m\u00eas de anivers\u00e1rio. No primeiro ano de trabalho ser\u00e1 considerada a proporcionalidade do pagamento, mesmo que este ocorra no ano subsequente<\/li><li><strong><em>Adicional por tempo de Servi\u00e7o &#8211; ATS (anu\u00eanio):<\/em><\/strong> equivalente a 1% (um por cento), para cada ano de efetivo exerc\u00edcio, conforme o art. 88 &#8211; LC n\u00ba 840\/2011<\/li><li><strong><em>Adicional por Servi\u00e7o Extraordin\u00e1rio (horas extras):<\/em><\/strong> acr\u00e9scimo de 50% (cinquenta por cento) no valor da hora contratual, conforme determina o art. 84 &#8211; LC n\u00ba 840\/2011<\/li><li><strong><em>Aux\u00edlio Alimenta\u00e7\u00e3o:<\/em><\/strong> institu\u00eddo pela LC n\u00ba 840\/2011, no valor atual R$ 394,50.<\/li><li><strong><em>Aux\u00edlio Transporte (Vale Transporte):<\/em><\/strong> conforme art. 107 a 110 da LC n\u00ba 840\/2011, com custeio (desconto) de 6% (seis por cento) sobre o vencimento e altera\u00e7\u00f5es conforme a Portaria n\u00b0 124 de 23 de mar\u00e7o de 2018 &#8211; SEPLAG <\/li><li><strong><em>Aux\u00edlio Natalidade:<\/em><\/strong> benef\u00edcio devido \u00e0 servidora por motivo de nascimento de filho, inclusive no caso de natimorto, ou ao c\u00f4njuge ou companheiro servidor p\u00fablico, quando a parturiente n\u00e3o for servidora p\u00fablica distrital, em valor equivalente ao menor vencimento do servi\u00e7o p\u00fablico do Distrito Federal, Art. 96 &#8211; LC n\u00ba 840\/2011<\/li><li><strong><em>Aux\u00edlio Funeral:<\/em><\/strong> disposto nos artigos 97 a 99 &#8211; LC n\u00ba 840\/2011, devido \u00e0 fam\u00edlia do servidor falecido ou a terceiro se tiver custeado o funeral, em valor equivalente a \u00faltima remunera\u00e7\u00e3o ou provento<\/li><li><strong><em>Aux\u00edlio Creche:<\/em><\/strong> institu\u00eddo pela Lei n\u00ba 792\/1994 e regulamentado pelo Decreto n\u00ba 16.409\/1995, o referido benef\u00edcio \u00e9 destinado aos dependentes dos servidores que se encontrem na faixa et\u00e1ria de 0 (zero) a 6 (seis) anos, no valor de R$ 95,00 (noventa e cinco reais) por filho. A cota-parte do servidor ser\u00e1 de 5% (cinco por cento) a 25% (vinte e cinco por cento) e proporcional ao n\u00edvel de remunera\u00e7\u00e3o. De acordo com a Portaria n\u00b0. 63, de 11 de mar\u00e7o de 2016, o benef\u00edcio em quest\u00e3o n\u00e3o ser\u00e1 concedido: I- cumulativamente ao servidor que exer\u00e7a mais de um cargo na Administra\u00e7\u00e3o P\u00fablica; II &#8211; simultaneamente ao servidor e c\u00f4njuge, ou companheiro(a), e; III &#8211; cumulativamente ao servidor que tenha o dependente assistido em creche ou pr\u00e9-escola ou mantida pelo poder p\u00fablico<\/li><li><strong><em>F\u00c9RIAS:<\/em><\/strong> O servidor ocupante de cargo efetivo ou em comiss\u00e3o faz jus a 30 (trinta) dias de f\u00e9rias, consecutivas ou parceladas, ap\u00f3s doze meses de efetivo exerc\u00edcio. As f\u00e9rias poder\u00e3o ser gozadas em at\u00e9 3 (tr\u00eas) per\u00edodos, nenhum inferior a 10 (dez) dias, a crit\u00e9rio da Administra\u00e7\u00e3o. Por ocasi\u00e3o das f\u00e9rias, ser\u00e1 pago ao servidor:<\/li><li>\u2713 O adicional de f\u00e9rias (obrigat\u00f3rio), que corresponde a 1\/3 (um ter\u00e7o) da remunera\u00e7\u00e3o do m\u00eas em que as f\u00e9rias forem iniciadas.<\/li><li>\u2713 O abono pecuni\u00e1rio, se deferido, ap\u00f3s op\u00e7\u00e3o de recebimento.<\/li><li><strong><em>Abono de ponto:<\/em><\/strong> em conformidade com o art. 151, LC n\u00ba 840\/2011, ter\u00e1 direito a 5 (cinco) abonos de ponto anuais, concedidos ao servidor que n\u00e3o tenha tido faltas no per\u00edodo anterior, compreendido entre 1\u00ba de janeiro e 31 de dezembro. Ocorrendo a investidura ap\u00f3s 1\u00ba de janeiro do per\u00edodo aquisitivo, o servidor faz jus a um dia de abono de ponto por bimestre de efetivo exerc\u00edcio, at\u00e9 o limite de cinco dias<\/li><li><strong><em>Licen\u00e7a pr\u00eamio por assiduidade: <\/em><\/strong>disposto nos art. 139 a 143, LC n\u00ba 840\/2011. Corresponde a 3 (tr\u00eas) meses para cada quinqu\u00eanio (cinco anos) de efetivo exerc\u00edcio.<\/li><\/ul>\n\n\n\n<h4 class=\"wp-block-heading\">Exemplos de remunera\u00e7\u00f5es <\/h4>\n\n\n\n<div class=\"wp-block-image\"><figure class=\"aligncenter size-large\"><img decoding=\"async\" src=\"https:\/\/dhg1h5j42swfq.cloudfront.net\/2020\/07\/22141101\/sal%C3%A1rio-dpdf-1.png\" alt=\"\" class=\"wp-image-545601\"\/><\/figure><\/div>\n\n\n\n<div class=\"wp-block-image\"><figure class=\"aligncenter size-large\"><img decoding=\"async\" src=\"https:\/\/dhg1h5j42swfq.cloudfront.net\/2020\/07\/22141135\/sal%C3%A1rio-dpdf-2.png\" alt=\"\" class=\"wp-image-545602\"\/><\/figure><\/div>\n\n\n\n<div class=\"wp-block-image\"><figure class=\"aligncenter size-large\"><img decoding=\"async\" src=\"https:\/\/dhg1h5j42swfq.cloudfront.net\/2020\/07\/22141202\/sal%C3%A1rio-dpdf-3.png\" alt=\"\" class=\"wp-image-545603\"\/><\/figure><\/div>\n\n\n\n<div class=\"wp-block-image\"><figure class=\"aligncenter size-large\"><img decoding=\"async\" src=\"https:\/\/dhg1h5j42swfq.cloudfront.net\/2020\/07\/22141231\/sal%C3%A1rio-dpdf-4.png\" alt=\"remunera\u00e7\u00e3o dpdf\" class=\"wp-image-545604\"\/><\/figure><\/div>\n\n\n\n<h3 class=\"wp-block-heading\" id=\"lotados\">Onde o Analista pode ser lotado?<\/h3>\n\n\n\n<p>Os Analistas podem ser lotados na sede administrativa ou nos N\u00facleos de Assist\u00eancia Jur\u00eddica da DP\/DF, conforme as necessidades do servi\u00e7o.<\/p>\n\n\n\n<h3 class=\"wp-block-heading\" id=\"cargos-vagos\">Cargos vagos de Analista<\/h3>\n\n\n\n<p>De acordo com o Portal da Transpar\u00eancia da DP\/DF (concurso DP\/DF), e atualizados at\u00e9 junho de 2020, h\u00e1 <strong>228 vac\u00e2ncias do cargo dentro do \u00f3rg\u00e3o<\/strong>. <\/p>\n\n\n\n<figure class=\"wp-block-table is-style-stripes\"><table class=\"has-subtle-pale-pink-background-color has-background\"><tbody><tr><td><strong>Cargos Ocupados<\/strong><\/td><td><strong>Cargos Vagos<\/strong><\/td><td><strong>Total de cargos<\/strong><\/td><\/tr><tr><td>73<\/td><td>228<\/td><td>301<\/td><\/tr><\/tbody><\/table><\/figure>\n\n\n\n<h3 class=\"wp-block-heading\" id=\"vagas\">Vagas do concurso DP\/DF<\/h3>\n\n\n\n<figure class=\"wp-block-table is-style-stripes\"><table class=\"has-subtle-pale-green-background-color has-background\"><tbody><tr><td><strong>Cargo\/\u00c1rea\/Especialidade<\/strong><\/td><td><strong>AC<\/strong><\/td><td><strong>PcD<\/strong><\/td><td><strong>Negros<\/strong><\/td><\/tr><tr><td>Cargo 1: Analista de Apoio \u00e0 Assist\u00eancia Judici\u00e1ria \u2013 \u00c1rea: Direito e Legisla\u00e7\u00e3o<\/td><td>18<\/td><td>6<\/td><td>6<\/td><\/tr><tr><td>Cargo 2: Analista de Apoio \u00e0 Assist\u00eancia Judici\u00e1ria \u2013 \u00c1rea: Apoio Especializado \u2013 Especialidade: Administra\u00e7\u00e3o<\/td><td>5<\/td><td>1<\/td><td>2<\/td><\/tr><tr><td>Cargo 3: Analista de Apoio \u00e0 Assist\u00eancia Judici\u00e1ria \u2013 \u00c1rea: Apoio Especializado \u2013 Especialidade: Arquivologia<\/td><td>1<\/td><td>*<\/td><td>*<\/td><\/tr><tr><td>Cargo 4: Analista de Apoio \u00e0 Assist\u00eancia Judici\u00e1ria \u2013 \u00c1rea: Apoio Especializado \u2013 Especialidade: Arquitetura<\/td><td>2<\/td><td>*<\/td><td>*<\/td><\/tr><tr><td>Cargo 5: Analista de Apoio \u00e0 Assist\u00eancia Judici\u00e1ria \u2013 \u00c1rea: Apoio Especializado \u2013 Especialidade: Comunica\u00e7\u00e3o Social \u2013 Jornalismo<\/td><td>1<\/td><td>*<\/td><td>*<\/td><\/tr><tr><td>Cargo 6: Analista de Apoio \u00e0 Assist\u00eancia Judici\u00e1ria \u2013 \u00c1rea: Apoio Especializado \u2013 Especialidade: Contabilidade<\/td><td>3<\/td><td>1<\/td><td>1<\/td><\/tr><tr><td>Cargo 7: Analista de Apoio \u00e0 Assist\u00eancia Judici\u00e1ria \u2013 \u00c1rea: Apoio Especializado \u2013 Especialidade: Economia<\/td><td>1<\/td><td>*<\/td><td>*<\/td><\/tr><tr><td>Cargo 8: Analista de Apoio \u00e0 Assist\u00eancia Judici\u00e1ria \u2013 \u00c1rea: Apoio Especializado \u2013 Especialidade: Engenharia Civil<\/td><td>2<\/td><td>*<\/td><td>*<\/td><\/tr><tr><td>Cargo 9: Analista de Apoio \u00e0 Assist\u00eancia Judici\u00e1ria \u2013 \u00c1rea: Apoio Especializado \u2013 Especialidade: Inform\u00e1tica \u2013 Banco de Dados<\/td><td>1<\/td><td>*<\/td><td>*<\/td><\/tr><tr><td>Cargo 10: Analista de Apoio \u00e0 Assist\u00eancia Judici\u00e1ria \u2013 \u00c1rea: Apoio Especializado \u2013 Especialidade: Inform\u00e1tica \u2013 Desenvolvimento de Sistemas<\/td><td>2<\/td><td>*<\/td><td>*<\/td><\/tr><tr><td>Cargo 11: Analista de Apoio \u00e0 Assist\u00eancia Judici\u00e1ria \u2013 \u00c1rea: Apoio Especializado \u2013 Especialidade: Inform\u00e1tica \u2013 Redes<\/td><td>3<\/td><td>*<\/td><td>*<\/td><\/tr><tr><td>Cargo 12: Analista de Apoio \u00e0 Assist\u00eancia Judici\u00e1ria \u2013 \u00c1rea: Apoio Especializado \u2013 Especialidade: Psicologia<\/td><td>2<\/td><td>*<\/td><td>*<\/td><\/tr><tr><td>Cargo 13: Analista de Apoio \u00e0 Assist\u00eancia Judici\u00e1ria \u2013 \u00c1rea: Apoio Especializado \u2013 Especialidade: Servi\u00e7o Social<\/td><td>2<\/td><td>*<\/td><td>*<\/td><\/tr><\/tbody><\/table><\/figure>\n\n\n\n<h3 class=\"wp-block-heading\" id=\"sobre\">Sobre a DP\/DF<\/h3>\n\n\n\n<p>A <a rel=\"noreferrer noopener\" href=\"http:\/\/www.defensoria.df.gov.br\/\" target=\"_blank\">Defensoria P\u00fablica do Distrito Federal  <\/a> (DP\/DF) \u00e9 uma institui\u00e7\u00e3o permanente cuja fun\u00e7\u00e3o, como express\u00e3o e instrumento do regime democr\u00e1tico, \u00e9 oferecer, de forma integral e gratuita, aos cidad\u00e3os necessitados a orienta\u00e7\u00e3o jur\u00eddica, a promo\u00e7\u00e3o dos direitos humanos e a defesa, em todos os graus, judicial e extrajudicial, dos direitos individuais e coletivos.&nbsp;<\/p>\n\n\n\n<div class=\"wp-block-image\"><figure class=\"aligncenter size-large\"><img loading=\"lazy\" decoding=\"async\" width=\"1024\" height=\"576\" src=\"https:\/\/dhg1h5j42swfq.cloudfront.net\/2020\/07\/22111721\/concurso-dpdf-1024x576.png\" alt=\" DPDF\" class=\"wp-image-545461\" srcset=\"https:\/\/dhg1h5j42swfq.cloudfront.net\/2020\/07\/22111721\/concurso-dpdf-1024x576.png 1024w, https:\/\/dhg1h5j42swfq.cloudfront.net\/2020\/07\/22111721\/concurso-dpdf-300x169.png 300w, https:\/\/dhg1h5j42swfq.cloudfront.net\/2020\/07\/22111721\/concurso-dpdf-768x432.png 768w, https:\/\/dhg1h5j42swfq.cloudfront.net\/2020\/07\/22111721\/concurso-dpdf-610x343.png 610w, https:\/\/dhg1h5j42swfq.cloudfront.net\/2020\/07\/22111721\/concurso-dpdf.png 1200w\" sizes=\"auto, (max-width: 1024px) 100vw, 1024px\" \/><\/figure><\/div>\n\n\n\n<h3 class=\"wp-block-heading\" id=\"\u00faltimo\">\u00daltimo concurso Defensoria P\u00fablica do Distrito Federal<\/h3>\n\n\n\n<p>O <a href=\"https:\/\/dhg1h5j42swfq.cloudfront.net\/2018\/09\/05163305\/edital_dpdf_14_03_17.pdf\" target=\"_blank\" rel=\"noreferrer noopener\">\u00faltimo concurso<\/a> DPDF para provimento de cargos de Analista de Apoio Judici\u00e1rio da DPDF foi realizado em 2014 e ofereceu 15 vagas. O certame teve&nbsp;8.994 candidatos inscritos e foi organizado pela&nbsp;<strong>FGV.<\/strong><\/p>\n\n\n\n<h2 class=\"has-text-align-center wp-block-heading\">Guia de Estudos <\/h2>\n\n\n\n<p class=\"has-background has-text-align-center has-cyan-bluish-gray-background-color\"><strong>ACESSE: <a rel=\"noreferrer noopener\" href=\"https:\/\/www.estrategiaconcursos.com.br\/blog\/guia-de-estudos-para-dpdf\/\" target=\"_blank\">GUIA DE ESTUDOS PARA DP\/DF<\/a><\/strong><\/p>\n\n\n\n<h2 class=\"has-text-align-center wp-block-heading\" id=\"CURSO\">Cursos <\/h2>\n\n\n\n<p class=\"has-background has-text-align-center has-luminous-vivid-amber-background-color\"><strong><a rel=\"noreferrer noopener\" href=\"https:\/\/www.estrategiaconcursos.com.br\/cursosPorConcurso\/dpdf-defensoria-publica-do-distrito-federal-diversos-cargos\/\" target=\"_blank\">Curso concurso DP\/DF<\/a><\/strong><\/p>\n\n\n\n<p class=\"has-text-align-center\"><strong><em><strong>Sistema de Quest\u00f5es<\/strong><\/em><\/strong><\/p>\n\n\n\n<p class=\"has-text-align-center\">Estrat\u00e9gia Quest\u00f5es nasceu maior do que todos os concorrentes, com mais quest\u00f5es cadastradas e mais solu\u00e7\u00f5es por professores. Clique no link e aproveite os descontos e b\u00f4nus imperd\u00edveis!<\/p>\n\n\n\n<p class=\"has-background has-text-align-center has-vivid-green-cyan-background-color\"><strong>ASSINE AGORA \u2013 <a href=\"https:\/\/www.estrategiaconcursos.com.br\/cursosPorConcurso\/sistema-de-questoes\/#\/\" target=\"_blank\" rel=\"noreferrer noopener\">Sistema de Quest\u00f5es<\/a><\/strong><\/p>\n\n\n\n<p class=\"has-text-align-center\"><em><strong>Assinatura Anual Ilimitada*<\/strong><\/em><\/p>\n\n\n\n<p class=\"has-text-align-center\"><em>Prepare-se com o melhor material e com quem mais aprova em&nbsp;Concursos P\u00fablicos&nbsp;de todo o pa\u00eds. Assine agora a nossa Assinatura Anual e tenha acesso ilimitado* a todos os nossos cursos.<\/em><\/p>\n\n\n\n<p class=\"has-background has-text-align-center has-light-green-cyan-background-color\"><strong>ASSINE AGORA<\/strong>&nbsp;\u2013&nbsp;<a href=\"https:\/\/www.estrategiaconcursos.com.br\/assinaturas\" target=\"_blank\" rel=\"noreferrer noopener\"><strong>Assinatura Ilimitada<\/strong><\/a><\/p>\n\n\n\n<p class=\"has-text-align-center\"><em><strong>Fique por dentro de todos os concursos<\/strong><\/em>:<\/p>\n\n\n\n<p class=\"has-background has-text-align-center has-pale-cyan-blue-background-color\"><strong><a href=\"https:\/\/www.estrategiaconcursos.com.br\/blog\/concursos-abertos\/\" target=\"_blank\" rel=\"noreferrer noopener\">Concursos abertos<\/a><\/strong><\/p>\n\n\n\n<p class=\"has-background has-text-align-center has-pale-cyan-blue-background-color\"><a href=\"https:\/\/www.estrategiaconcursos.com.br\/blog\/concursos-2020\/\" target=\"_blank\" rel=\"noreferrer noopener\"><strong>Concursos 2020<\/strong><\/a><\/p>\n\n\n\n<p class=\"has-background has-text-align-center has-pale-cyan-blue-background-color\"><strong><a href=\"https:\/\/www.estrategiaconcursos.com.br\/blog\/concursos-2021\/\" target=\"_blank\" rel=\"noreferrer noopener\">Concursos 2021<\/a><\/strong><\/p>\n","protected":false},"excerpt":{"rendered":"<p>A Defensoria P\u00fablica do Distrito Federal (DP\/DF) publicou edital com 60 vagas imediatas mais cadastro de reserva para o cargo de Analista de Apoio \u00e0 Assist\u00eancia Judici\u00e1ria da DP\/DF. O concurso DP\/DF exige que os concurseiros possuam forma\u00e7\u00e3o em n\u00edvel superior em uma das 12 \u00e1reas espec\u00edficas ofertadas no certame. Essa \u00e9 um carreira muito [&hellip;]<\/p>\n","protected":false},"author":1,"featured_media":545916,"comment_status":"open","ping_status":"closed","sticky":false,"template":"","format":"standard","meta":{"post_tipo":"news","footnotes":""},"categories":[1],"tags":[],"tax_estado":[],"class_list":["post-545086","post","type-post","status-publish","format-standard","has-post-thumbnail","hentry","category-cursos-e-concursos"],"acf":[],"yoast_head":"<!-- This site is optimized with the Yoast SEO Premium plugin v27.2 (Yoast SEO v27.2) - https:\/\/yoast.com\/product\/yoast-seo-premium-wordpress\/ -->\n<title>DP\/DF: conhe\u00e7a a carreira de Analista de Apoio \u00e0 Assist\u00eancia Judici\u00e1ria<\/title>\n<meta name=\"description\" content=\"Neste artigo voc\u00ea fica por dentro da carreira de Analista da DPDF. Confira cargos vagos, remunera\u00e7\u00f5es, \u00faltimo concurso e muito mais!\" \/>\n<meta name=\"robots\" content=\"index, follow, max-snippet:-1, max-image-preview:large, max-video-preview:-1\" \/>\n<link rel=\"canonical\" href=\"https:\/\/www.estrategiaconcursos.com.br\/blog\/conheca-a-carreira-de-analista-dp-df\/\" \/>\n<meta property=\"og:locale\" content=\"pt_BR\" \/>\n<meta property=\"og:type\" content=\"article\" \/>\n<meta property=\"og:title\" content=\"DP\/DF: conhe\u00e7a a carreira de Analista de Apoio \u00e0 Assist\u00eancia Judici\u00e1ria\" \/>\n<meta property=\"og:description\" content=\"Neste artigo voc\u00ea fica por dentro da carreira de Analista da DPDF. Confira cargos vagos, remunera\u00e7\u00f5es, \u00faltimo concurso e muito mais!\" \/>\n<meta property=\"og:url\" content=\"https:\/\/www.estrategiaconcursos.com.br\/blog\/conheca-a-carreira-de-analista-dp-df\/\" \/>\n<meta property=\"og:site_name\" content=\"Estrat\u00e9gia Concursos\" \/>\n<meta property=\"article:author\" content=\"https:\/\/www.facebook.com\/EstrategiaConcursos\" \/>\n<meta property=\"article:published_time\" content=\"2020-07-23T12:55:19+00:00\" \/>\n<meta property=\"article:modified_time\" content=\"2020-07-28T16:14:27+00:00\" \/>\n<meta property=\"og:image\" content=\"https:\/\/dhg1h5j42swfq.cloudfront.net\/2020\/07\/23095159\/DPDF.jpg\" \/>\n\t<meta property=\"og:image:width\" content=\"550\" \/>\n\t<meta property=\"og:image:height\" content=\"367\" \/>\n\t<meta property=\"og:image:type\" content=\"image\/jpeg\" \/>\n<meta name=\"author\" content=\"Coordena\u00e7\u00e3o\" \/>\n<meta name=\"twitter:card\" content=\"summary_large_image\" \/>\n<meta name=\"twitter:creator\" content=\"@EstratConcursos\" \/>\n<meta name=\"twitter:site\" content=\"@EstratConcursos\" \/>\n<meta name=\"twitter:label1\" content=\"Escrito por\" \/>\n\t<meta name=\"twitter:data1\" content=\"Coordena\u00e7\u00e3o\" \/>\n\t<meta name=\"twitter:label2\" content=\"Est. tempo de leitura\" \/>\n\t<meta name=\"twitter:data2\" content=\"12 minutos\" \/>\n<script type=\"application\/ld+json\" class=\"yoast-schema-graph\">{\"@context\":\"https:\/\/schema.org\",\"@graph\":[{\"@type\":\"NewsArticle\",\"@id\":\"https:\/\/www.estrategiaconcursos.com.br\/blog\/conheca-a-carreira-de-analista-dp-df\/#article\",\"isPartOf\":{\"@id\":\"https:\/\/www.estrategiaconcursos.com.br\/blog\/conheca-a-carreira-de-analista-dp-df\/\"},\"author\":{\"name\":\"Coordena\u00e7\u00e3o\",\"@id\":\"https:\/\/www.estrategiaconcursos.com.br\/blog\/#\/schema\/person\/b4a388c97673c5f483d72185668afa1f\"},\"headline\":\"DP\/DF: conhe\u00e7a a carreira de Analista de Apoio \u00e0 Assist\u00eancia Judici\u00e1ria\",\"datePublished\":\"2020-07-23T12:55:19+00:00\",\"dateModified\":\"2020-07-28T16:14:27+00:00\",\"mainEntityOfPage\":{\"@id\":\"https:\/\/www.estrategiaconcursos.com.br\/blog\/conheca-a-carreira-de-analista-dp-df\/\"},\"wordCount\":2507,\"commentCount\":0,\"publisher\":{\"@id\":\"https:\/\/www.estrategiaconcursos.com.br\/blog\/#organization\"},\"image\":{\"@id\":\"https:\/\/www.estrategiaconcursos.com.br\/blog\/conheca-a-carreira-de-analista-dp-df\/#primaryimage\"},\"thumbnailUrl\":\"https:\/\/dhg1h5j42swfq.cloudfront.net\/2020\/07\/23095159\/DPDF.jpg\",\"articleSection\":[\"Concursos P\u00fablicos\"],\"inLanguage\":\"pt-BR\",\"potentialAction\":[{\"@type\":\"CommentAction\",\"name\":\"Comment\",\"target\":[\"https:\/\/www.estrategiaconcursos.com.br\/blog\/conheca-a-carreira-de-analista-dp-df\/#respond\"]}],\"copyrightYear\":\"2020\",\"copyrightHolder\":{\"@id\":\"https:\/\/www.estrategiaconcursos.com.br\/blog\/#organization\"}},{\"@type\":\"WebPage\",\"@id\":\"https:\/\/www.estrategiaconcursos.com.br\/blog\/conheca-a-carreira-de-analista-dp-df\/\",\"url\":\"https:\/\/www.estrategiaconcursos.com.br\/blog\/conheca-a-carreira-de-analista-dp-df\/\",\"name\":\"DP\/DF: conhe\u00e7a a carreira de Analista de Apoio \u00e0 Assist\u00eancia Judici\u00e1ria\",\"isPartOf\":{\"@id\":\"https:\/\/www.estrategiaconcursos.com.br\/blog\/#website\"},\"primaryImageOfPage\":{\"@id\":\"https:\/\/www.estrategiaconcursos.com.br\/blog\/conheca-a-carreira-de-analista-dp-df\/#primaryimage\"},\"image\":{\"@id\":\"https:\/\/www.estrategiaconcursos.com.br\/blog\/conheca-a-carreira-de-analista-dp-df\/#primaryimage\"},\"thumbnailUrl\":\"https:\/\/dhg1h5j42swfq.cloudfront.net\/2020\/07\/23095159\/DPDF.jpg\",\"datePublished\":\"2020-07-23T12:55:19+00:00\",\"dateModified\":\"2020-07-28T16:14:27+00:00\",\"description\":\"Neste artigo voc\u00ea fica por dentro da carreira de Analista da DPDF. Confira cargos vagos, remunera\u00e7\u00f5es, \u00faltimo concurso e muito mais!\",\"breadcrumb\":{\"@id\":\"https:\/\/www.estrategiaconcursos.com.br\/blog\/conheca-a-carreira-de-analista-dp-df\/#breadcrumb\"},\"inLanguage\":\"pt-BR\",\"potentialAction\":[{\"@type\":\"ReadAction\",\"target\":[\"https:\/\/www.estrategiaconcursos.com.br\/blog\/conheca-a-carreira-de-analista-dp-df\/\"]}]},{\"@type\":\"ImageObject\",\"inLanguage\":\"pt-BR\",\"@id\":\"https:\/\/www.estrategiaconcursos.com.br\/blog\/conheca-a-carreira-de-analista-dp-df\/#primaryimage\",\"url\":\"https:\/\/dhg1h5j42swfq.cloudfront.net\/2020\/07\/23095159\/DPDF.jpg\",\"contentUrl\":\"https:\/\/dhg1h5j42swfq.cloudfront.net\/2020\/07\/23095159\/DPDF.jpg\",\"width\":550,\"height\":367,\"caption\":\"DPDF\"},{\"@type\":\"BreadcrumbList\",\"@id\":\"https:\/\/www.estrategiaconcursos.com.br\/blog\/conheca-a-carreira-de-analista-dp-df\/#breadcrumb\",\"itemListElement\":[{\"@type\":\"ListItem\",\"position\":1,\"name\":\"In\u00edcio\",\"item\":\"https:\/\/www.estrategiaconcursos.com.br\/blog\/\"},{\"@type\":\"ListItem\",\"position\":2,\"name\":\"DP\/DF: conhe\u00e7a a carreira de Analista de Apoio \u00e0 Assist\u00eancia Judici\u00e1ria\"}]},{\"@type\":\"WebSite\",\"@id\":\"https:\/\/www.estrategiaconcursos.com.br\/blog\/#website\",\"url\":\"https:\/\/www.estrategiaconcursos.com.br\/blog\/\",\"name\":\"Estrat\u00e9gia Concursos\",\"description\":\"O blog da Estrat\u00e9gia Concursos traz not\u00edcias sobre concursos e artigos de professores oferecendo cursos para concursos (pdf + videaulas) no site.\",\"publisher\":{\"@id\":\"https:\/\/www.estrategiaconcursos.com.br\/blog\/#organization\"},\"potentialAction\":[{\"@type\":\"SearchAction\",\"target\":{\"@type\":\"EntryPoint\",\"urlTemplate\":\"https:\/\/www.estrategiaconcursos.com.br\/blog\/?s={search_term_string}\"},\"query-input\":{\"@type\":\"PropertyValueSpecification\",\"valueRequired\":true,\"valueName\":\"search_term_string\"}}],\"inLanguage\":\"pt-BR\"},{\"@type\":\"Organization\",\"@id\":\"https:\/\/www.estrategiaconcursos.com.br\/blog\/#organization\",\"name\":\"Estrat\u00e9gia Concursos\",\"url\":\"https:\/\/www.estrategiaconcursos.com.br\/blog\/\",\"logo\":{\"@type\":\"ImageObject\",\"inLanguage\":\"pt-BR\",\"@id\":\"https:\/\/www.estrategiaconcursos.com.br\/blog\/#\/schema\/logo\/image\/\",\"url\":\"https:\/\/dhg1h5j42swfq.cloudfront.net\/2025\/06\/03203428\/logo_concursos-1.jpg\",\"contentUrl\":\"https:\/\/dhg1h5j42swfq.cloudfront.net\/2025\/06\/03203428\/logo_concursos-1.jpg\",\"width\":230,\"height\":60,\"caption\":\"Estrat\u00e9gia Concursos\"},\"image\":{\"@id\":\"https:\/\/www.estrategiaconcursos.com.br\/blog\/#\/schema\/logo\/image\/\"},\"sameAs\":[\"https:\/\/x.com\/EstratConcursos\"]},{\"@type\":\"Person\",\"@id\":\"https:\/\/www.estrategiaconcursos.com.br\/blog\/#\/schema\/person\/b4a388c97673c5f483d72185668afa1f\",\"name\":\"Coordena\u00e7\u00e3o\",\"image\":{\"@type\":\"ImageObject\",\"inLanguage\":\"pt-BR\",\"@id\":\"https:\/\/secure.gravatar.com\/avatar\/b720319e4c9a967eb58678d110f4fe35452fc5d5f97b202bac7b8acceb18c6ad?s=96&d=mm&r=g\",\"url\":\"https:\/\/secure.gravatar.com\/avatar\/b720319e4c9a967eb58678d110f4fe35452fc5d5f97b202bac7b8acceb18c6ad?s=96&d=mm&r=g\",\"contentUrl\":\"https:\/\/secure.gravatar.com\/avatar\/b720319e4c9a967eb58678d110f4fe35452fc5d5f97b202bac7b8acceb18c6ad?s=96&d=mm&r=g\",\"caption\":\"Coordena\u00e7\u00e3o\"},\"sameAs\":[\"https:\/\/www.facebook.com\/EstrategiaConcursos\",\"https:\/\/x.com\/EstratConcursos\"],\"url\":\"https:\/\/www.estrategiaconcursos.com.br\/blog\/author\/estrategia2013\/\"}]}<\/script>\n<!-- \/ Yoast SEO Premium plugin. -->","yoast_head_json":{"title":"DP\/DF: conhe\u00e7a a carreira de Analista de Apoio \u00e0 Assist\u00eancia Judici\u00e1ria","description":"Neste artigo voc\u00ea fica por dentro da carreira de Analista da DPDF. Confira cargos vagos, remunera\u00e7\u00f5es, \u00faltimo concurso e muito mais!","robots":{"index":"index","follow":"follow","max-snippet":"max-snippet:-1","max-image-preview":"max-image-preview:large","max-video-preview":"max-video-preview:-1"},"canonical":"https:\/\/www.estrategiaconcursos.com.br\/blog\/conheca-a-carreira-de-analista-dp-df\/","og_locale":"pt_BR","og_type":"article","og_title":"DP\/DF: conhe\u00e7a a carreira de Analista de Apoio \u00e0 Assist\u00eancia Judici\u00e1ria","og_description":"Neste artigo voc\u00ea fica por dentro da carreira de Analista da DPDF. Confira cargos vagos, remunera\u00e7\u00f5es, \u00faltimo concurso e muito mais!","og_url":"https:\/\/www.estrategiaconcursos.com.br\/blog\/conheca-a-carreira-de-analista-dp-df\/","og_site_name":"Estrat\u00e9gia Concursos","article_author":"https:\/\/www.facebook.com\/EstrategiaConcursos","article_published_time":"2020-07-23T12:55:19+00:00","article_modified_time":"2020-07-28T16:14:27+00:00","og_image":[{"width":550,"height":367,"url":"https:\/\/dhg1h5j42swfq.cloudfront.net\/2020\/07\/23095159\/DPDF.jpg","type":"image\/jpeg"}],"author":"Coordena\u00e7\u00e3o","twitter_card":"summary_large_image","twitter_creator":"@EstratConcursos","twitter_site":"@EstratConcursos","twitter_misc":{"Escrito por":"Coordena\u00e7\u00e3o","Est. tempo de leitura":"12 minutos"},"schema":{"@context":"https:\/\/schema.org","@graph":[{"@type":"NewsArticle","@id":"https:\/\/www.estrategiaconcursos.com.br\/blog\/conheca-a-carreira-de-analista-dp-df\/#article","isPartOf":{"@id":"https:\/\/www.estrategiaconcursos.com.br\/blog\/conheca-a-carreira-de-analista-dp-df\/"},"author":{"name":"Coordena\u00e7\u00e3o","@id":"https:\/\/www.estrategiaconcursos.com.br\/blog\/#\/schema\/person\/b4a388c97673c5f483d72185668afa1f"},"headline":"DP\/DF: conhe\u00e7a a carreira de Analista de Apoio \u00e0 Assist\u00eancia Judici\u00e1ria","datePublished":"2020-07-23T12:55:19+00:00","dateModified":"2020-07-28T16:14:27+00:00","mainEntityOfPage":{"@id":"https:\/\/www.estrategiaconcursos.com.br\/blog\/conheca-a-carreira-de-analista-dp-df\/"},"wordCount":2507,"commentCount":0,"publisher":{"@id":"https:\/\/www.estrategiaconcursos.com.br\/blog\/#organization"},"image":{"@id":"https:\/\/www.estrategiaconcursos.com.br\/blog\/conheca-a-carreira-de-analista-dp-df\/#primaryimage"},"thumbnailUrl":"https:\/\/dhg1h5j42swfq.cloudfront.net\/2020\/07\/23095159\/DPDF.jpg","articleSection":["Concursos P\u00fablicos"],"inLanguage":"pt-BR","potentialAction":[{"@type":"CommentAction","name":"Comment","target":["https:\/\/www.estrategiaconcursos.com.br\/blog\/conheca-a-carreira-de-analista-dp-df\/#respond"]}],"copyrightYear":"2020","copyrightHolder":{"@id":"https:\/\/www.estrategiaconcursos.com.br\/blog\/#organization"}},{"@type":"WebPage","@id":"https:\/\/www.estrategiaconcursos.com.br\/blog\/conheca-a-carreira-de-analista-dp-df\/","url":"https:\/\/www.estrategiaconcursos.com.br\/blog\/conheca-a-carreira-de-analista-dp-df\/","name":"DP\/DF: conhe\u00e7a a carreira de Analista de Apoio \u00e0 Assist\u00eancia Judici\u00e1ria","isPartOf":{"@id":"https:\/\/www.estrategiaconcursos.com.br\/blog\/#website"},"primaryImageOfPage":{"@id":"https:\/\/www.estrategiaconcursos.com.br\/blog\/conheca-a-carreira-de-analista-dp-df\/#primaryimage"},"image":{"@id":"https:\/\/www.estrategiaconcursos.com.br\/blog\/conheca-a-carreira-de-analista-dp-df\/#primaryimage"},"thumbnailUrl":"https:\/\/dhg1h5j42swfq.cloudfront.net\/2020\/07\/23095159\/DPDF.jpg","datePublished":"2020-07-23T12:55:19+00:00","dateModified":"2020-07-28T16:14:27+00:00","description":"Neste artigo voc\u00ea fica por dentro da carreira de Analista da DPDF. Confira cargos vagos, remunera\u00e7\u00f5es, \u00faltimo concurso e muito mais!","breadcrumb":{"@id":"https:\/\/www.estrategiaconcursos.com.br\/blog\/conheca-a-carreira-de-analista-dp-df\/#breadcrumb"},"inLanguage":"pt-BR","potentialAction":[{"@type":"ReadAction","target":["https:\/\/www.estrategiaconcursos.com.br\/blog\/conheca-a-carreira-de-analista-dp-df\/"]}]},{"@type":"ImageObject","inLanguage":"pt-BR","@id":"https:\/\/www.estrategiaconcursos.com.br\/blog\/conheca-a-carreira-de-analista-dp-df\/#primaryimage","url":"https:\/\/dhg1h5j42swfq.cloudfront.net\/2020\/07\/23095159\/DPDF.jpg","contentUrl":"https:\/\/dhg1h5j42swfq.cloudfront.net\/2020\/07\/23095159\/DPDF.jpg","width":550,"height":367,"caption":"DPDF"},{"@type":"BreadcrumbList","@id":"https:\/\/www.estrategiaconcursos.com.br\/blog\/conheca-a-carreira-de-analista-dp-df\/#breadcrumb","itemListElement":[{"@type":"ListItem","position":1,"name":"In\u00edcio","item":"https:\/\/www.estrategiaconcursos.com.br\/blog\/"},{"@type":"ListItem","position":2,"name":"DP\/DF: conhe\u00e7a a carreira de Analista de Apoio \u00e0 Assist\u00eancia Judici\u00e1ria"}]},{"@type":"WebSite","@id":"https:\/\/www.estrategiaconcursos.com.br\/blog\/#website","url":"https:\/\/www.estrategiaconcursos.com.br\/blog\/","name":"Estrat\u00e9gia Concursos","description":"O blog da Estrat\u00e9gia Concursos traz not\u00edcias sobre concursos e artigos de professores oferecendo cursos para concursos (pdf + videaulas) no site.","publisher":{"@id":"https:\/\/www.estrategiaconcursos.com.br\/blog\/#organization"},"potentialAction":[{"@type":"SearchAction","target":{"@type":"EntryPoint","urlTemplate":"https:\/\/www.estrategiaconcursos.com.br\/blog\/?s={search_term_string}"},"query-input":{"@type":"PropertyValueSpecification","valueRequired":true,"valueName":"search_term_string"}}],"inLanguage":"pt-BR"},{"@type":"Organization","@id":"https:\/\/www.estrategiaconcursos.com.br\/blog\/#organization","name":"Estrat\u00e9gia Concursos","url":"https:\/\/www.estrategiaconcursos.com.br\/blog\/","logo":{"@type":"ImageObject","inLanguage":"pt-BR","@id":"https:\/\/www.estrategiaconcursos.com.br\/blog\/#\/schema\/logo\/image\/","url":"https:\/\/dhg1h5j42swfq.cloudfront.net\/2025\/06\/03203428\/logo_concursos-1.jpg","contentUrl":"https:\/\/dhg1h5j42swfq.cloudfront.net\/2025\/06\/03203428\/logo_concursos-1.jpg","width":230,"height":60,"caption":"Estrat\u00e9gia Concursos"},"image":{"@id":"https:\/\/www.estrategiaconcursos.com.br\/blog\/#\/schema\/logo\/image\/"},"sameAs":["https:\/\/x.com\/EstratConcursos"]},{"@type":"Person","@id":"https:\/\/www.estrategiaconcursos.com.br\/blog\/#\/schema\/person\/b4a388c97673c5f483d72185668afa1f","name":"Coordena\u00e7\u00e3o","image":{"@type":"ImageObject","inLanguage":"pt-BR","@id":"https:\/\/secure.gravatar.com\/avatar\/b720319e4c9a967eb58678d110f4fe35452fc5d5f97b202bac7b8acceb18c6ad?s=96&d=mm&r=g","url":"https:\/\/secure.gravatar.com\/avatar\/b720319e4c9a967eb58678d110f4fe35452fc5d5f97b202bac7b8acceb18c6ad?s=96&d=mm&r=g","contentUrl":"https:\/\/secure.gravatar.com\/avatar\/b720319e4c9a967eb58678d110f4fe35452fc5d5f97b202bac7b8acceb18c6ad?s=96&d=mm&r=g","caption":"Coordena\u00e7\u00e3o"},"sameAs":["https:\/\/www.facebook.com\/EstrategiaConcursos","https:\/\/x.com\/EstratConcursos"],"url":"https:\/\/www.estrategiaconcursos.com.br\/blog\/author\/estrategia2013\/"}]}},"_links":{"self":[{"href":"https:\/\/www.estrategiaconcursos.com.br\/blog\/wp-json\/wp\/v2\/posts\/545086","targetHints":{"allow":["GET"]}}],"collection":[{"href":"https:\/\/www.estrategiaconcursos.com.br\/blog\/wp-json\/wp\/v2\/posts"}],"about":[{"href":"https:\/\/www.estrategiaconcursos.com.br\/blog\/wp-json\/wp\/v2\/types\/post"}],"author":[{"embeddable":true,"href":"https:\/\/www.estrategiaconcursos.com.br\/blog\/wp-json\/wp\/v2\/users\/1"}],"replies":[{"embeddable":true,"href":"https:\/\/www.estrategiaconcursos.com.br\/blog\/wp-json\/wp\/v2\/comments?post=545086"}],"version-history":[{"count":51,"href":"https:\/\/www.estrategiaconcursos.com.br\/blog\/wp-json\/wp\/v2\/posts\/545086\/revisions"}],"predecessor-version":[{"id":548138,"href":"https:\/\/www.estrategiaconcursos.com.br\/blog\/wp-json\/wp\/v2\/posts\/545086\/revisions\/548138"}],"wp:featuredmedia":[{"embeddable":true,"href":"https:\/\/www.estrategiaconcursos.com.br\/blog\/wp-json\/wp\/v2\/media\/545916"}],"wp:attachment":[{"href":"https:\/\/www.estrategiaconcursos.com.br\/blog\/wp-json\/wp\/v2\/media?parent=545086"}],"wp:term":[{"taxonomy":"category","embeddable":true,"href":"https:\/\/www.estrategiaconcursos.com.br\/blog\/wp-json\/wp\/v2\/categories?post=545086"},{"taxonomy":"post_tag","embeddable":true,"href":"https:\/\/www.estrategiaconcursos.com.br\/blog\/wp-json\/wp\/v2\/tags?post=545086"},{"taxonomy":"tax_estado","embeddable":true,"href":"https:\/\/www.estrategiaconcursos.com.br\/blog\/wp-json\/wp\/v2\/tax_estado?post=545086"}],"curies":[{"name":"wp","href":"https:\/\/api.w.org\/{rel}","templated":true}]}}