{"id":544952,"date":"2020-07-26T07:00:00","date_gmt":"2020-07-26T10:00:00","guid":{"rendered":"https:\/\/www.estrategiaconcursos.com.br\/blog\/?p=544952"},"modified":"2020-07-23T09:40:14","modified_gmt":"2020-07-23T12:40:14","slug":"maratona-mp-sp-promotor-acompanhe-o-primeiro-evento-ao-vivo","status":"publish","type":"post","link":"https:\/\/www.estrategiaconcursos.com.br\/blog\/maratona-mp-sp-promotor-acompanhe-o-primeiro-evento-ao-vivo\/","title":{"rendered":"Maratona MP SP Promotor: Acompanhe o primeiro evento ao vivo"},"content":{"rendered":"\n<p>Acontece neste domingo, 26 de julho, a 1\u00aa Maratona MP SP Promotor, com oito aulas gratuitas para voc\u00ea intensificar a prepara\u00e7\u00e3o para o dia do exame.<\/p>\n\n\n\n<p>O concurso MP SP Promotor foi autorizado e visa ofertar aos candidatos <strong>150 vagas imediatas<\/strong> para a classe inicial de membro do MP SP. H\u00e1 a possibilidade de <strong>acr\u00e9scimo <\/strong>nessa quantidade, caso a vac\u00e2ncia aumente at\u00e9 a realiza\u00e7\u00e3o da prova objetiva.<\/p>\n\n\n\n<p>Para a participar do concurso MP SP Promotor \u00e9 necess\u00e1rio ser bacharel em Direito e contar com&nbsp;<strong>tr\u00eas anos de atividade jur\u00eddica,&nbsp;<\/strong>cuja documenta\u00e7\u00e3o dever\u00e1 ser entregue na inscri\u00e7\u00e3o definitiva.<\/p>\n\n\n\n<p>A <strong>1\u00aa Maratona MP SP Promotor <\/strong>ser\u00e1 transmitida no canal no YouTube do Estrat\u00e9gia Carreira Jur\u00eddica: n\u00e3o deixe de se inscrever e ativar as notifica\u00e7\u00f5es para n\u00e3o perder o evento. Esperamos por voc\u00ea l\u00e1!<\/p>\n\n\n\n<h3 class=\"wp-block-heading\">Programa\u00e7\u00e3o do evento<\/h3>\n\n\n\n<figure class=\"wp-block-table is-style-stripes\"><table><tbody><tr><td>Hor\u00e1rio<\/td><td>Disciplina<\/td><td>Professor<\/td><\/tr><tr><td>8:00 \u00e0s 9:00<\/td><td>Direito Civil<\/td><td>Paulo Sousa<\/td><\/tr><tr><td>9:00 \u00e0s 9:45<\/td><td>Direito Constitucional <\/td><td>Nelma Fontana<\/td><\/tr><tr><td>9:45 \u00e0s 10:30<\/td><td>Direito Penal<\/td><td>Guilherme Rezende<\/td><\/tr><tr><td>10:30 \u00e0s 12:00<\/td><td>Direito Processual Penal<\/td><td>Ales Fadel<\/td><\/tr><tr><td>12:00 \u00e0s 13:00<\/td><td>intervalo<\/td><\/tr><tr><td>13:00 \u00e0s 14:15<\/td><td>Direito Eleitoral<\/td><td>Rafael Barreto<\/td><\/tr><tr><td>14:15 \u00e0s 15:30<\/td><td>Direito Processual Civil<\/td><td>Rogerio da Cunha<\/td><\/tr><tr><td>15:30 \u00e0s 16:30<\/td><td>Direitos Difusos e Coletivos<\/td><td>Henrique Rosa<\/td><\/tr><tr><td>16:30 \u00e0s 17:30<\/td><td>Direito Administrativo<\/td><td>Bruno Betti<\/td><\/tr><\/tbody><\/table><\/figure>\n\n\n\n<h3 class=\"wp-block-heading\">Acompanhe ao vivo a 1\u00aa Maratona MP SP Promotor<\/h3>\n\n\n\n<p>1\u00aa Maratona \u2013 MP SP Promotor: ao vivo a partir das 8h (hor\u00e1rio de Bras\u00edlia\/DF).<\/p>\n\n\n<figure class=\"wp-block-embed-youtube wp-block-embed is-type-video is-provider-youtube wp-embed-aspect-16-9 wp-has-aspect-ratio\"><div class=\"lyte-wrapper\" style=\"width:853px;max-width:100%;margin:5px;\"><div class=\"lyMe\" id=\"WYL_g7P9V71LIKM\"><div id=\"lyte_g7P9V71LIKM\" data-src=\"\/\/i.ytimg.com\/vi\/g7P9V71LIKM\/hqdefault.jpg\" class=\"pL\"><div class=\"tC\"><div class=\"tT\"><\/div><\/div><div class=\"play\"><\/div><div class=\"ctrl\"><div class=\"Lctrl\"><\/div><div class=\"Rctrl\"><\/div><\/div><\/div><noscript><a href=\"https:\/\/youtu.be\/g7P9V71LIKM\" rel=\"nofollow\"><img loading=\"lazy\" decoding=\"async\" src=\"https:\/\/i.ytimg.com\/vi\/g7P9V71LIKM\/0.jpg\" alt=\"YouTube video thumbnail\" width=\"853\" height=\"460\" \/><br \/>Assista a este v\u00eddeo no YouTube<\/a><\/noscript><\/div><\/div><div class=\"lL\" style=\"max-width:100%;width:853px;margin:5px;\"><\/div><figcaption><\/figcaption><\/figure>\n\n\n<p class=\"has-background has-text-align-center has-very-light-gray-background-color\"><strong>Mais informa\u00e7\u00f5es: <a href=\"https:\/\/www.estrategiaconcursos.com.br\/blog\/concurso-mp-sp-promotor\/\" target=\"_blank\" rel=\"noreferrer noopener\">concurso MP SP Promotor<\/a><\/strong><\/p>\n\n\n\n<p class=\"has-text-align-center\"><strong><em><strong>Sistema de Quest\u00f5es<\/strong><\/em><\/strong> &#8211; <strong><em>MP SP Promotor<\/em><\/strong><\/p>\n\n\n\n<p class=\"has-text-align-center\">Estrat\u00e9gia Quest\u00f5es nasceu maior do que todos os concorrentes, com mais quest\u00f5es cadastradas e mais solu\u00e7\u00f5es por professores. Clique no link e aproveite os descontos e b\u00f4nus imperd\u00edveis!<\/p>\n\n\n\n<p class=\"has-background has-text-align-center has-vivid-green-cyan-background-color\"><strong>ASSINE AGORA \u2013 <a href=\"https:\/\/www.estrategiaconcursos.com.br\/cursosPorConcurso\/sistema-de-questoes\/#\/\" target=\"_blank\" rel=\"noreferrer noopener\">Sistema de Quest\u00f5es<\/a><\/strong><\/p>\n\n\n\n<p class=\"has-text-align-center\"><em><strong>Fique por dentro de todos os concursos<\/strong><\/em>:<\/p>\n\n\n\n<p class=\"has-text-align-center\">Quer ficar em dia com as principais novidades no mundo dos concursos p\u00fablicos? Confira os principais concursos com inscri\u00e7\u00f5es abertas, al\u00e9m de editais previstos para o 2\u00ba semestre de 2020 e in\u00edcio de 2021:<\/p>\n\n\n\n<p class=\"has-background has-text-align-center has-pale-cyan-blue-background-color\"><strong><a href=\"https:\/\/www.estrategiaconcursos.com.br\/blog\/concursos-abertos\/\" target=\"_blank\" rel=\"noreferrer noopener\">Concursos abertos<\/a><\/strong><\/p>\n\n\n\n<p class=\"has-background has-text-align-center has-pale-cyan-blue-background-color\"><a href=\"https:\/\/www.estrategiaconcursos.com.br\/blog\/concursos-2020\/\" target=\"_blank\" rel=\"noreferrer noopener\"><strong>Concursos 2020<\/strong><\/a><\/p>\n\n\n\n<p class=\"has-background has-text-align-center has-pale-cyan-blue-background-color\"><strong><a rel=\"noreferrer noopener\" href=\"https:\/\/www.estrategiaconcursos.com.br\/blog\/concursos-2021\/\" target=\"_blank\">Concursos 2021<\/a><\/strong><\/p>\n\n\n\n<figure class=\"wp-block-image\"><img loading=\"lazy\" decoding=\"async\" width=\"300\" height=\"102\" src=\"https:\/\/dhg1h5j42swfq.cloudfront.net\/2017\/03\/28152500\/coruja-ficha-tecnica-300x102.png\" alt=\"Ficha t\u00e9cnica concurso mp sp promotor \" class=\"wp-image-68542\"\/><\/figure>\n\n\n\n<h4 class=\"wp-block-heading\" id=\"ficha\"><strong>\u25baInforma\u00e7\u00f5es sobre o concurso MP&nbsp;SP&nbsp;Promotor<\/strong><\/h4>\n\n\n\n<p>\u25ba<strong>Vagas<\/strong>: 150<br \/>\u25ba<strong>Cargos<\/strong>: Promotor de Justi\u00e7a Substituto<br \/>\u25ba<strong>Lota\u00e7\u00f5es<\/strong>: S\u00e3o Paulo<br \/>\u25ba<strong>Banca<\/strong>: MPSP<br \/>\u25ba<strong>Escolaridade<\/strong>: Bacharelado em Direito + 3 anos de atividade jur\u00eddica<br \/>\u25ba <strong>Edital<\/strong> do \u00faltimo concurso: <a href=\"https:\/\/dhg1h5j42swfq.cloudfront.net\/2019\/04\/24092158\/Edital-Concurso-MP-SP-Promotor-2019.pdf\">Edital 93.\u00ba Concurso MP SP Promotor 2019<\/a><\/p>\n","protected":false},"excerpt":{"rendered":"<p>Acontece neste domingo, 26 de julho, a 1\u00aa Maratona MP SP Promotor, com oito aulas gratuitas para voc\u00ea intensificar a prepara\u00e7\u00e3o para o dia do exame. O concurso MP SP Promotor foi autorizado e visa ofertar aos candidatos 150 vagas imediatas para a classe inicial de membro do MP SP. H\u00e1 a possibilidade de acr\u00e9scimo [&hellip;]<\/p>\n","protected":false},"author":180,"featured_media":171061,"comment_status":"open","ping_status":"closed","sticky":false,"template":"","format":"standard","meta":{"post_tipo":"article","footnotes":""},"categories":[1],"tags":[],"tax_estado":[],"class_list":["post-544952","post","type-post","status-publish","format-standard","has-post-thumbnail","hentry","category-cursos-e-concursos"],"acf":[],"yoast_head":"<!-- This site is optimized with the Yoast SEO Premium plugin v27.2 (Yoast SEO v27.2) - https:\/\/yoast.com\/product\/yoast-seo-premium-wordpress\/ -->\n<title>Maratona MP SP Promotor: Acompanhe o primeiro evento ao vivo<\/title>\n<meta name=\"description\" content=\"Reforce os estudos com a Maratona MP SP Promotor. S\u00e3o aulas gratuitas com professores experientes e renomados. Confra tudo neste artigo.\" \/>\n<meta name=\"robots\" content=\"index, follow, max-snippet:-1, max-image-preview:large, max-video-preview:-1\" \/>\n<link rel=\"canonical\" href=\"https:\/\/www.estrategiaconcursos.com.br\/blog\/maratona-mp-sp-promotor-acompanhe-o-primeiro-evento-ao-vivo\/\" \/>\n<meta property=\"og:locale\" content=\"pt_BR\" \/>\n<meta property=\"og:type\" content=\"article\" \/>\n<meta property=\"og:title\" content=\"Maratona MP SP Promotor: Acompanhe o primeiro evento ao vivo\" \/>\n<meta property=\"og:description\" content=\"Reforce os estudos com a Maratona MP SP Promotor. S\u00e3o aulas gratuitas com professores experientes e renomados. Confra tudo neste artigo.\" \/>\n<meta property=\"og:url\" content=\"https:\/\/www.estrategiaconcursos.com.br\/blog\/maratona-mp-sp-promotor-acompanhe-o-primeiro-evento-ao-vivo\/\" \/>\n<meta property=\"og:site_name\" content=\"Estrat\u00e9gia Concursos\" \/>\n<meta property=\"article:author\" content=\"https:\/\/www.facebook.com\/ricardo.s.torques\" \/>\n<meta property=\"article:published_time\" content=\"2020-07-26T10:00:00+00:00\" \/>\n<meta property=\"og:image\" content=\"https:\/\/dhg1h5j42swfq.cloudfront.net\/2019\/03\/12173854\/concurso-mp-sp-2.png\" \/>\n\t<meta property=\"og:image:width\" content=\"400\" \/>\n\t<meta property=\"og:image:height\" content=\"209\" \/>\n\t<meta property=\"og:image:type\" content=\"image\/png\" \/>\n<meta name=\"author\" content=\"Ricardo Torques\" \/>\n<meta name=\"twitter:card\" content=\"summary_large_image\" \/>\n<meta name=\"twitter:creator\" content=\"@EstratConcursos\" \/>\n<meta name=\"twitter:site\" content=\"@EstratConcursos\" \/>\n<meta name=\"twitter:label1\" content=\"Escrito por\" \/>\n\t<meta name=\"twitter:data1\" content=\"Ricardo Torques\" \/>\n\t<meta name=\"twitter:label2\" content=\"Est. tempo de leitura\" \/>\n\t<meta name=\"twitter:data2\" content=\"2 minutos\" \/>\n<script type=\"application\/ld+json\" class=\"yoast-schema-graph\">{\"@context\":\"https:\/\/schema.org\",\"@graph\":[{\"@type\":\"NewsArticle\",\"@id\":\"https:\/\/www.estrategiaconcursos.com.br\/blog\/maratona-mp-sp-promotor-acompanhe-o-primeiro-evento-ao-vivo\/#article\",\"isPartOf\":{\"@id\":\"https:\/\/www.estrategiaconcursos.com.br\/blog\/maratona-mp-sp-promotor-acompanhe-o-primeiro-evento-ao-vivo\/\"},\"author\":{\"name\":\"Ricardo Torques\",\"@id\":\"https:\/\/www.estrategiaconcursos.com.br\/blog\/#\/schema\/person\/aa39cf5ddb518e5bdce27c35788405e2\"},\"headline\":\"Maratona MP SP Promotor: Acompanhe o primeiro evento ao vivo\",\"datePublished\":\"2020-07-26T10:00:00+00:00\",\"mainEntityOfPage\":{\"@id\":\"https:\/\/www.estrategiaconcursos.com.br\/blog\/maratona-mp-sp-promotor-acompanhe-o-primeiro-evento-ao-vivo\/\"},\"wordCount\":384,\"commentCount\":0,\"publisher\":{\"@id\":\"https:\/\/www.estrategiaconcursos.com.br\/blog\/#organization\"},\"image\":{\"@id\":\"https:\/\/www.estrategiaconcursos.com.br\/blog\/maratona-mp-sp-promotor-acompanhe-o-primeiro-evento-ao-vivo\/#primaryimage\"},\"thumbnailUrl\":\"https:\/\/dhg1h5j42swfq.cloudfront.net\/2019\/03\/12173854\/concurso-mp-sp-2.png\",\"articleSection\":[\"Concursos P\u00fablicos\"],\"inLanguage\":\"pt-BR\",\"potentialAction\":[{\"@type\":\"CommentAction\",\"name\":\"Comment\",\"target\":[\"https:\/\/www.estrategiaconcursos.com.br\/blog\/maratona-mp-sp-promotor-acompanhe-o-primeiro-evento-ao-vivo\/#respond\"]}],\"copyrightYear\":\"2020\",\"copyrightHolder\":{\"@id\":\"https:\/\/www.estrategiaconcursos.com.br\/blog\/#organization\"}},{\"@type\":\"WebPage\",\"@id\":\"https:\/\/www.estrategiaconcursos.com.br\/blog\/maratona-mp-sp-promotor-acompanhe-o-primeiro-evento-ao-vivo\/\",\"url\":\"https:\/\/www.estrategiaconcursos.com.br\/blog\/maratona-mp-sp-promotor-acompanhe-o-primeiro-evento-ao-vivo\/\",\"name\":\"Maratona MP SP Promotor: Acompanhe o primeiro evento ao vivo\",\"isPartOf\":{\"@id\":\"https:\/\/www.estrategiaconcursos.com.br\/blog\/#website\"},\"primaryImageOfPage\":{\"@id\":\"https:\/\/www.estrategiaconcursos.com.br\/blog\/maratona-mp-sp-promotor-acompanhe-o-primeiro-evento-ao-vivo\/#primaryimage\"},\"image\":{\"@id\":\"https:\/\/www.estrategiaconcursos.com.br\/blog\/maratona-mp-sp-promotor-acompanhe-o-primeiro-evento-ao-vivo\/#primaryimage\"},\"thumbnailUrl\":\"https:\/\/dhg1h5j42swfq.cloudfront.net\/2019\/03\/12173854\/concurso-mp-sp-2.png\",\"datePublished\":\"2020-07-26T10:00:00+00:00\",\"description\":\"Reforce os estudos com a Maratona MP SP Promotor. S\u00e3o aulas gratuitas com professores experientes e renomados. Confra tudo neste artigo.\",\"breadcrumb\":{\"@id\":\"https:\/\/www.estrategiaconcursos.com.br\/blog\/maratona-mp-sp-promotor-acompanhe-o-primeiro-evento-ao-vivo\/#breadcrumb\"},\"inLanguage\":\"pt-BR\",\"potentialAction\":[{\"@type\":\"ReadAction\",\"target\":[\"https:\/\/www.estrategiaconcursos.com.br\/blog\/maratona-mp-sp-promotor-acompanhe-o-primeiro-evento-ao-vivo\/\"]}]},{\"@type\":\"ImageObject\",\"inLanguage\":\"pt-BR\",\"@id\":\"https:\/\/www.estrategiaconcursos.com.br\/blog\/maratona-mp-sp-promotor-acompanhe-o-primeiro-evento-ao-vivo\/#primaryimage\",\"url\":\"https:\/\/dhg1h5j42swfq.cloudfront.net\/2019\/03\/12173854\/concurso-mp-sp-2.png\",\"contentUrl\":\"https:\/\/dhg1h5j42swfq.cloudfront.net\/2019\/03\/12173854\/concurso-mp-sp-2.png\",\"width\":400,\"height\":209,\"caption\":\"mp sp promotor\"},{\"@type\":\"BreadcrumbList\",\"@id\":\"https:\/\/www.estrategiaconcursos.com.br\/blog\/maratona-mp-sp-promotor-acompanhe-o-primeiro-evento-ao-vivo\/#breadcrumb\",\"itemListElement\":[{\"@type\":\"ListItem\",\"position\":1,\"name\":\"In\u00edcio\",\"item\":\"https:\/\/www.estrategiaconcursos.com.br\/blog\/\"},{\"@type\":\"ListItem\",\"position\":2,\"name\":\"Maratona MP SP Promotor: Acompanhe o primeiro evento ao vivo\"}]},{\"@type\":\"WebSite\",\"@id\":\"https:\/\/www.estrategiaconcursos.com.br\/blog\/#website\",\"url\":\"https:\/\/www.estrategiaconcursos.com.br\/blog\/\",\"name\":\"Estrat\u00e9gia Concursos\",\"description\":\"O blog da Estrat\u00e9gia Concursos traz not\u00edcias sobre concursos e artigos de professores oferecendo cursos para concursos (pdf + videaulas) no site.\",\"publisher\":{\"@id\":\"https:\/\/www.estrategiaconcursos.com.br\/blog\/#organization\"},\"potentialAction\":[{\"@type\":\"SearchAction\",\"target\":{\"@type\":\"EntryPoint\",\"urlTemplate\":\"https:\/\/www.estrategiaconcursos.com.br\/blog\/?s={search_term_string}\"},\"query-input\":{\"@type\":\"PropertyValueSpecification\",\"valueRequired\":true,\"valueName\":\"search_term_string\"}}],\"inLanguage\":\"pt-BR\"},{\"@type\":\"Organization\",\"@id\":\"https:\/\/www.estrategiaconcursos.com.br\/blog\/#organization\",\"name\":\"Estrat\u00e9gia Concursos\",\"url\":\"https:\/\/www.estrategiaconcursos.com.br\/blog\/\",\"logo\":{\"@type\":\"ImageObject\",\"inLanguage\":\"pt-BR\",\"@id\":\"https:\/\/www.estrategiaconcursos.com.br\/blog\/#\/schema\/logo\/image\/\",\"url\":\"https:\/\/dhg1h5j42swfq.cloudfront.net\/2025\/06\/03203428\/logo_concursos-1.jpg\",\"contentUrl\":\"https:\/\/dhg1h5j42swfq.cloudfront.net\/2025\/06\/03203428\/logo_concursos-1.jpg\",\"width\":230,\"height\":60,\"caption\":\"Estrat\u00e9gia Concursos\"},\"image\":{\"@id\":\"https:\/\/www.estrategiaconcursos.com.br\/blog\/#\/schema\/logo\/image\/\"},\"sameAs\":[\"https:\/\/x.com\/EstratConcursos\"]},{\"@type\":\"Person\",\"@id\":\"https:\/\/www.estrategiaconcursos.com.br\/blog\/#\/schema\/person\/aa39cf5ddb518e5bdce27c35788405e2\",\"name\":\"Ricardo Torques\",\"image\":{\"@type\":\"ImageObject\",\"inLanguage\":\"pt-BR\",\"@id\":\"https:\/\/secure.gravatar.com\/avatar\/ce9ac6c3cff25fe86d15ed568ebc64d1724baf5c0693133bcb1f6073f712f92a?s=96&d=mm&r=g\",\"url\":\"https:\/\/secure.gravatar.com\/avatar\/ce9ac6c3cff25fe86d15ed568ebc64d1724baf5c0693133bcb1f6073f712f92a?s=96&d=mm&r=g\",\"contentUrl\":\"https:\/\/secure.gravatar.com\/avatar\/ce9ac6c3cff25fe86d15ed568ebc64d1724baf5c0693133bcb1f6073f712f92a?s=96&d=mm&r=g\",\"caption\":\"Ricardo Torques\"},\"sameAs\":[\"https:\/\/www.facebook.com\/ricardo.s.torques\"],\"url\":\"https:\/\/www.estrategiaconcursos.com.br\/blog\/author\/ricardotorquesestrategiaconcursos-com-br\/\"}]}<\/script>\n<!-- \/ Yoast SEO Premium plugin. -->","yoast_head_json":{"title":"Maratona MP SP Promotor: Acompanhe o primeiro evento ao vivo","description":"Reforce os estudos com a Maratona MP SP Promotor. S\u00e3o aulas gratuitas com professores experientes e renomados. Confra tudo neste artigo.","robots":{"index":"index","follow":"follow","max-snippet":"max-snippet:-1","max-image-preview":"max-image-preview:large","max-video-preview":"max-video-preview:-1"},"canonical":"https:\/\/www.estrategiaconcursos.com.br\/blog\/maratona-mp-sp-promotor-acompanhe-o-primeiro-evento-ao-vivo\/","og_locale":"pt_BR","og_type":"article","og_title":"Maratona MP SP Promotor: Acompanhe o primeiro evento ao vivo","og_description":"Reforce os estudos com a Maratona MP SP Promotor. S\u00e3o aulas gratuitas com professores experientes e renomados. Confra tudo neste artigo.","og_url":"https:\/\/www.estrategiaconcursos.com.br\/blog\/maratona-mp-sp-promotor-acompanhe-o-primeiro-evento-ao-vivo\/","og_site_name":"Estrat\u00e9gia Concursos","article_author":"https:\/\/www.facebook.com\/ricardo.s.torques","article_published_time":"2020-07-26T10:00:00+00:00","og_image":[{"width":400,"height":209,"url":"https:\/\/dhg1h5j42swfq.cloudfront.net\/2019\/03\/12173854\/concurso-mp-sp-2.png","type":"image\/png"}],"author":"Ricardo Torques","twitter_card":"summary_large_image","twitter_creator":"@EstratConcursos","twitter_site":"@EstratConcursos","twitter_misc":{"Escrito por":"Ricardo Torques","Est. tempo de leitura":"2 minutos"},"schema":{"@context":"https:\/\/schema.org","@graph":[{"@type":"NewsArticle","@id":"https:\/\/www.estrategiaconcursos.com.br\/blog\/maratona-mp-sp-promotor-acompanhe-o-primeiro-evento-ao-vivo\/#article","isPartOf":{"@id":"https:\/\/www.estrategiaconcursos.com.br\/blog\/maratona-mp-sp-promotor-acompanhe-o-primeiro-evento-ao-vivo\/"},"author":{"name":"Ricardo Torques","@id":"https:\/\/www.estrategiaconcursos.com.br\/blog\/#\/schema\/person\/aa39cf5ddb518e5bdce27c35788405e2"},"headline":"Maratona MP SP Promotor: Acompanhe o primeiro evento ao vivo","datePublished":"2020-07-26T10:00:00+00:00","mainEntityOfPage":{"@id":"https:\/\/www.estrategiaconcursos.com.br\/blog\/maratona-mp-sp-promotor-acompanhe-o-primeiro-evento-ao-vivo\/"},"wordCount":384,"commentCount":0,"publisher":{"@id":"https:\/\/www.estrategiaconcursos.com.br\/blog\/#organization"},"image":{"@id":"https:\/\/www.estrategiaconcursos.com.br\/blog\/maratona-mp-sp-promotor-acompanhe-o-primeiro-evento-ao-vivo\/#primaryimage"},"thumbnailUrl":"https:\/\/dhg1h5j42swfq.cloudfront.net\/2019\/03\/12173854\/concurso-mp-sp-2.png","articleSection":["Concursos P\u00fablicos"],"inLanguage":"pt-BR","potentialAction":[{"@type":"CommentAction","name":"Comment","target":["https:\/\/www.estrategiaconcursos.com.br\/blog\/maratona-mp-sp-promotor-acompanhe-o-primeiro-evento-ao-vivo\/#respond"]}],"copyrightYear":"2020","copyrightHolder":{"@id":"https:\/\/www.estrategiaconcursos.com.br\/blog\/#organization"}},{"@type":"WebPage","@id":"https:\/\/www.estrategiaconcursos.com.br\/blog\/maratona-mp-sp-promotor-acompanhe-o-primeiro-evento-ao-vivo\/","url":"https:\/\/www.estrategiaconcursos.com.br\/blog\/maratona-mp-sp-promotor-acompanhe-o-primeiro-evento-ao-vivo\/","name":"Maratona MP SP Promotor: Acompanhe o primeiro evento ao vivo","isPartOf":{"@id":"https:\/\/www.estrategiaconcursos.com.br\/blog\/#website"},"primaryImageOfPage":{"@id":"https:\/\/www.estrategiaconcursos.com.br\/blog\/maratona-mp-sp-promotor-acompanhe-o-primeiro-evento-ao-vivo\/#primaryimage"},"image":{"@id":"https:\/\/www.estrategiaconcursos.com.br\/blog\/maratona-mp-sp-promotor-acompanhe-o-primeiro-evento-ao-vivo\/#primaryimage"},"thumbnailUrl":"https:\/\/dhg1h5j42swfq.cloudfront.net\/2019\/03\/12173854\/concurso-mp-sp-2.png","datePublished":"2020-07-26T10:00:00+00:00","description":"Reforce os estudos com a Maratona MP SP Promotor. S\u00e3o aulas gratuitas com professores experientes e renomados. Confra tudo neste artigo.","breadcrumb":{"@id":"https:\/\/www.estrategiaconcursos.com.br\/blog\/maratona-mp-sp-promotor-acompanhe-o-primeiro-evento-ao-vivo\/#breadcrumb"},"inLanguage":"pt-BR","potentialAction":[{"@type":"ReadAction","target":["https:\/\/www.estrategiaconcursos.com.br\/blog\/maratona-mp-sp-promotor-acompanhe-o-primeiro-evento-ao-vivo\/"]}]},{"@type":"ImageObject","inLanguage":"pt-BR","@id":"https:\/\/www.estrategiaconcursos.com.br\/blog\/maratona-mp-sp-promotor-acompanhe-o-primeiro-evento-ao-vivo\/#primaryimage","url":"https:\/\/dhg1h5j42swfq.cloudfront.net\/2019\/03\/12173854\/concurso-mp-sp-2.png","contentUrl":"https:\/\/dhg1h5j42swfq.cloudfront.net\/2019\/03\/12173854\/concurso-mp-sp-2.png","width":400,"height":209,"caption":"mp sp promotor"},{"@type":"BreadcrumbList","@id":"https:\/\/www.estrategiaconcursos.com.br\/blog\/maratona-mp-sp-promotor-acompanhe-o-primeiro-evento-ao-vivo\/#breadcrumb","itemListElement":[{"@type":"ListItem","position":1,"name":"In\u00edcio","item":"https:\/\/www.estrategiaconcursos.com.br\/blog\/"},{"@type":"ListItem","position":2,"name":"Maratona MP SP Promotor: Acompanhe o primeiro evento ao vivo"}]},{"@type":"WebSite","@id":"https:\/\/www.estrategiaconcursos.com.br\/blog\/#website","url":"https:\/\/www.estrategiaconcursos.com.br\/blog\/","name":"Estrat\u00e9gia Concursos","description":"O blog da Estrat\u00e9gia Concursos traz not\u00edcias sobre concursos e artigos de professores oferecendo cursos para concursos (pdf + videaulas) no site.","publisher":{"@id":"https:\/\/www.estrategiaconcursos.com.br\/blog\/#organization"},"potentialAction":[{"@type":"SearchAction","target":{"@type":"EntryPoint","urlTemplate":"https:\/\/www.estrategiaconcursos.com.br\/blog\/?s={search_term_string}"},"query-input":{"@type":"PropertyValueSpecification","valueRequired":true,"valueName":"search_term_string"}}],"inLanguage":"pt-BR"},{"@type":"Organization","@id":"https:\/\/www.estrategiaconcursos.com.br\/blog\/#organization","name":"Estrat\u00e9gia Concursos","url":"https:\/\/www.estrategiaconcursos.com.br\/blog\/","logo":{"@type":"ImageObject","inLanguage":"pt-BR","@id":"https:\/\/www.estrategiaconcursos.com.br\/blog\/#\/schema\/logo\/image\/","url":"https:\/\/dhg1h5j42swfq.cloudfront.net\/2025\/06\/03203428\/logo_concursos-1.jpg","contentUrl":"https:\/\/dhg1h5j42swfq.cloudfront.net\/2025\/06\/03203428\/logo_concursos-1.jpg","width":230,"height":60,"caption":"Estrat\u00e9gia Concursos"},"image":{"@id":"https:\/\/www.estrategiaconcursos.com.br\/blog\/#\/schema\/logo\/image\/"},"sameAs":["https:\/\/x.com\/EstratConcursos"]},{"@type":"Person","@id":"https:\/\/www.estrategiaconcursos.com.br\/blog\/#\/schema\/person\/aa39cf5ddb518e5bdce27c35788405e2","name":"Ricardo Torques","image":{"@type":"ImageObject","inLanguage":"pt-BR","@id":"https:\/\/secure.gravatar.com\/avatar\/ce9ac6c3cff25fe86d15ed568ebc64d1724baf5c0693133bcb1f6073f712f92a?s=96&d=mm&r=g","url":"https:\/\/secure.gravatar.com\/avatar\/ce9ac6c3cff25fe86d15ed568ebc64d1724baf5c0693133bcb1f6073f712f92a?s=96&d=mm&r=g","contentUrl":"https:\/\/secure.gravatar.com\/avatar\/ce9ac6c3cff25fe86d15ed568ebc64d1724baf5c0693133bcb1f6073f712f92a?s=96&d=mm&r=g","caption":"Ricardo Torques"},"sameAs":["https:\/\/www.facebook.com\/ricardo.s.torques"],"url":"https:\/\/www.estrategiaconcursos.com.br\/blog\/author\/ricardotorquesestrategiaconcursos-com-br\/"}]}},"_links":{"self":[{"href":"https:\/\/www.estrategiaconcursos.com.br\/blog\/wp-json\/wp\/v2\/posts\/544952","targetHints":{"allow":["GET"]}}],"collection":[{"href":"https:\/\/www.estrategiaconcursos.com.br\/blog\/wp-json\/wp\/v2\/posts"}],"about":[{"href":"https:\/\/www.estrategiaconcursos.com.br\/blog\/wp-json\/wp\/v2\/types\/post"}],"author":[{"embeddable":true,"href":"https:\/\/www.estrategiaconcursos.com.br\/blog\/wp-json\/wp\/v2\/users\/180"}],"replies":[{"embeddable":true,"href":"https:\/\/www.estrategiaconcursos.com.br\/blog\/wp-json\/wp\/v2\/comments?post=544952"}],"version-history":[{"count":16,"href":"https:\/\/www.estrategiaconcursos.com.br\/blog\/wp-json\/wp\/v2\/posts\/544952\/revisions"}],"predecessor-version":[{"id":545909,"href":"https:\/\/www.estrategiaconcursos.com.br\/blog\/wp-json\/wp\/v2\/posts\/544952\/revisions\/545909"}],"wp:featuredmedia":[{"embeddable":true,"href":"https:\/\/www.estrategiaconcursos.com.br\/blog\/wp-json\/wp\/v2\/media\/171061"}],"wp:attachment":[{"href":"https:\/\/www.estrategiaconcursos.com.br\/blog\/wp-json\/wp\/v2\/media?parent=544952"}],"wp:term":[{"taxonomy":"category","embeddable":true,"href":"https:\/\/www.estrategiaconcursos.com.br\/blog\/wp-json\/wp\/v2\/categories?post=544952"},{"taxonomy":"post_tag","embeddable":true,"href":"https:\/\/www.estrategiaconcursos.com.br\/blog\/wp-json\/wp\/v2\/tags?post=544952"},{"taxonomy":"tax_estado","embeddable":true,"href":"https:\/\/www.estrategiaconcursos.com.br\/blog\/wp-json\/wp\/v2\/tax_estado?post=544952"}],"curies":[{"name":"wp","href":"https:\/\/api.w.org\/{rel}","templated":true}]}}