{"id":544696,"date":"2020-07-21T08:32:34","date_gmt":"2020-07-21T11:32:34","guid":{"rendered":"https:\/\/www.estrategiaconcursos.com.br\/blog\/?p=544696"},"modified":"2020-09-01T12:28:48","modified_gmt":"2020-09-01T15:28:48","slug":"xxxi-exame-de-ordem-2a-fase-remarcada","status":"publish","type":"post","link":"https:\/\/www.estrategiaconcursos.com.br\/blog\/xxxi-exame-de-ordem-2a-fase-remarcada\/","title":{"rendered":"XXXI Exame de Ordem: 2\u00aa fase REMARCADA! Confira"},"content":{"rendered":"\n<p>A 2\u00aa Fase do XXXI Exame de Ordem  foi novamente adiada. De acordo com o \u00f3rg\u00e3o, o exame acontecer\u00e1 agora no dia 4 de outubro de 2020, com aplica\u00e7\u00e3o em todo o pa\u00eds.<\/p>\n\n\n\n<p>O adiamento da prova pr\u00e1tico-profissional se deu por causa da pandemia de coronav\u00edrus (Covid-19) que afeta o Brasil. Conforme a curva de contamina\u00e7\u00e3o da Covid-19 continua crescente, o \u00f3rg\u00e3o decidiu proteger os inscritos adiando para o dia 4 de outubro.<\/p>\n\n\n\n<p>Este n\u00e3o \u00e9 o primeiro adiamento da 2\u00aa Fase do XXXI Exame de Ordem. Inicialmente as provas estavam marcadas para o m\u00eas de abril, mas o Brasil estava com altos n\u00fameros de contamina\u00e7\u00e3o por Covid-19, e o exame foi remarcado para o m\u00eas de maio, e logo em seguida para o m\u00eas de junho, logo depois a Coordena\u00e7\u00e3o decidiu adiar mais uma vez, fazendo com que a prova estivesse marcada para o m\u00eas de agosto.<\/p>\n\n\n\n<p>Com o novo adiamento, a coordena\u00e7\u00e3o do certame avisou por comunicado que as novas informa\u00e7\u00f5es ser\u00e3o divulgadas em breve atrav\u00e9s do portal oficial do \u00f3rg\u00e3o e tamb\u00e9m pelo site da FGV ( Funda\u00e7\u00e3o Get\u00falio Vargas), banca da 2\u00aa Fase do XXXI Exame de Ordem.<\/p>\n\n\n\n<p>Vale ressaltar que o adiamento da 2\u00aa fase do XXXI Exame de Ordem impacta tamb\u00e9m nos exames seguintes. O <strong>XXXII Exame de Ordem<\/strong>, que tinha sua 1\u00aa Fase do Exame marcada para 14 de junho, <strong>tamb\u00e9m est\u00e1 suspenso<\/strong>. O mesmo vale para as provas do XXXIII Exame, inicialmente previsto para agosto.<\/p>\n\n\n\n<p>Confira abaixo o comunicado emitido pelo \u00f3rg\u00e3o sobre o XXXI Exame de Ordem:<\/p>\n\n\n\n<div class=\"wp-block-image\"><figure class=\"aligncenter size-large\"><img loading=\"lazy\" decoding=\"async\" width=\"514\" height=\"498\" src=\"https:\/\/dhg1h5j42swfq.cloudfront.net\/2020\/07\/21082325\/image-151.png\" alt=\"Comunicado de remarca\u00e7\u00e3o da 2\u00aa Fase do XXXI Exame de Ordem\" class=\"wp-image-544705\" srcset=\"https:\/\/dhg1h5j42swfq.cloudfront.net\/2020\/07\/21082325\/image-151.png 514w, https:\/\/dhg1h5j42swfq.cloudfront.net\/2020\/07\/21082325\/image-151-300x291.png 300w\" sizes=\"auto, (max-width: 514px) 100vw, 514px\" \/><\/figure><\/div>\n\n\n\n<h2 class=\"wp-block-heading\">Aula ao vivo<\/h2>\n\n\n\n<p>Diante da remarca\u00e7\u00e3o do exame para o dia 4 de outubro de 2020, a equipe de professores do Estrat\u00e9gia Concursos desenvolveu uma aula completa para voc\u00ea n\u00e3o esquecer nada do que j\u00e1 estudou.<\/p>\n\n\n\n<p>O evento acontece nesta ter\u00e7a-feira, 21 de julho de 2020, \u00e0s 19:00. Acompanhe ao vivo e gratuitamente atrav\u00e9s do canal do Estrat\u00e9gia no Youtube. <\/p>\n\n\n<figure class=\"wp-block-embed-youtube wp-block-embed is-type-video is-provider-youtube wp-embed-aspect-16-9 wp-has-aspect-ratio\"><div class=\"lyte-wrapper\" style=\"width:853px;max-width:100%;margin:5px;\"><div class=\"lyMe\" id=\"WYL_RNDCQqF9HqI\"><div id=\"lyte_RNDCQqF9HqI\" data-src=\"\/\/i.ytimg.com\/vi\/RNDCQqF9HqI\/hqdefault.jpg\" class=\"pL\"><div class=\"tC\"><div class=\"tT\"><\/div><\/div><div class=\"play\"><\/div><div class=\"ctrl\"><div class=\"Lctrl\"><\/div><div class=\"Rctrl\"><\/div><\/div><\/div><noscript><a href=\"https:\/\/youtu.be\/RNDCQqF9HqI\" rel=\"nofollow\"><img loading=\"lazy\" decoding=\"async\" src=\"https:\/\/i.ytimg.com\/vi\/RNDCQqF9HqI\/0.jpg\" alt=\"YouTube video thumbnail\" width=\"853\" height=\"460\" \/><br \/>Assista a este v\u00eddeo no YouTube<\/a><\/noscript><\/div><\/div><div class=\"lL\" style=\"max-width:100%;width:853px;margin:5px;\"><\/div><figcaption><\/figcaption><\/figure>\n\n\n<p class=\"has-background has-text-align-center has-very-light-gray-background-color\"><strong><em>Mais informa\u00e7\u00f5es: <\/em><\/strong><a href=\"https:\/\/www.estrategiaconcursos.com.br\/blog\/edital-oab-xxxi\/\"><strong>2\u00aa FaseXXXI Exame de Ordem<\/strong><\/a><\/p>\n\n\n\n<h2 class=\"has-text-align-center wp-block-heading\">Nossas redes sociais<\/h2>\n\n\n\n<p class=\"has-background has-text-align-center has-pale-cyan-blue-background-color\"><a href=\"https:\/\/www.instagram.com\/estrategiaoab\/\" target=\"_blank\" rel=\"noreferrer noopener\">Instagram Estrat\u00e9gia OAB<\/a><\/p>\n\n\n\n<p class=\"has-background has-text-align-center has-light-green-cyan-background-color\"><a href=\"https:\/\/www.youtube.com\/channel\/UC7rgrKTSF5aOrBGWOw60ovw\" target=\"_blank\" rel=\"noreferrer noopener\">YouTube do Estrat\u00e9gia OAB<\/a><\/p>\n\n\n\n<h2 class=\"has-text-align-center wp-block-heading\">Grupo de Telegram para a OAB<\/h2>\n\n\n\n<p class=\"has-background has-text-align-center has-very-light-gray-background-color\"><a href=\"http:\/\/bit.ly\/TelegramOAB\"><strong>Inscreva-se no nosso grupo do Telegram<\/strong><\/a><\/p>\n\n\n\n<h2 class=\"has-text-align-center wp-block-heading\">Cursos para o Exame de Ordem<\/h2>\n\n\n\n<p class=\"has-background has-text-align-center has-pale-cyan-blue-background-color\"><strong><a href=\"https:\/\/www.estrategiaconcursos.com.br\/cursosPorConcurso\/exame-de-ordem-oab-1-fase\/\" target=\"_blank\" rel=\"noreferrer noopener\">Curso OAB 1\u00aa Fase<\/a><\/strong><\/p>\n\n\n\n<p class=\"has-background has-text-align-center has-luminous-vivid-amber-background-color\"><strong><a href=\"https:\/\/www.estrategiaconcursos.com.br\/cursosPorConcurso\/oab-2-fase-192\/\" target=\"_blank\" rel=\"noreferrer noopener\">Curso OAB 2\u00aa Fase<\/a><\/strong><\/p>\n","protected":false},"excerpt":{"rendered":"<p>A 2\u00aa Fase do XXXI Exame de Ordem foi novamente adiada. De acordo com o \u00f3rg\u00e3o, o exame acontecer\u00e1 agora no dia 4 de outubro de 2020, com aplica\u00e7\u00e3o em todo o pa\u00eds. O adiamento da prova pr\u00e1tico-profissional se deu por causa da pandemia de coronav\u00edrus (Covid-19) que afeta o Brasil. Conforme a curva de [&hellip;]<\/p>\n","protected":false},"author":180,"featured_media":182668,"comment_status":"open","ping_status":"closed","sticky":false,"template":"","format":"standard","meta":{"post_tipo":"article","footnotes":""},"categories":[1],"tags":[],"tax_estado":[],"class_list":["post-544696","post","type-post","status-publish","format-standard","has-post-thumbnail","hentry","category-cursos-e-concursos"],"acf":[],"yoast_head":"<!-- This site is optimized with the Yoast SEO Premium plugin v27.2 (Yoast SEO v27.2) - https:\/\/yoast.com\/product\/yoast-seo-premium-wordpress\/ -->\n<title>XXXI Exame de Ordem: 2\u00aa fase REMARCADA! Confira<\/title>\n<meta name=\"description\" content=\"A 2\u00aa Fase do XXXI Exame de Ordem que aconteceria dia 30 de agosto, foi remarcada para o dia 4 de outubro por causa da pandemia de Covid-19.\" \/>\n<meta name=\"robots\" content=\"index, follow, max-snippet:-1, max-image-preview:large, max-video-preview:-1\" \/>\n<link rel=\"canonical\" href=\"https:\/\/www.estrategiaconcursos.com.br\/blog\/xxxi-exame-de-ordem-2a-fase-remarcada\/\" \/>\n<meta property=\"og:locale\" content=\"pt_BR\" \/>\n<meta property=\"og:type\" content=\"article\" \/>\n<meta property=\"og:title\" content=\"XXXI Exame de Ordem: 2\u00aa fase REMARCADA! Confira\" \/>\n<meta property=\"og:description\" content=\"A 2\u00aa Fase do XXXI Exame de Ordem que aconteceria dia 30 de agosto, foi remarcada para o dia 4 de outubro por causa da pandemia de Covid-19.\" \/>\n<meta property=\"og:url\" content=\"https:\/\/www.estrategiaconcursos.com.br\/blog\/xxxi-exame-de-ordem-2a-fase-remarcada\/\" \/>\n<meta property=\"og:site_name\" content=\"Estrat\u00e9gia Concursos\" \/>\n<meta property=\"article:author\" content=\"https:\/\/www.facebook.com\/ricardo.s.torques\" \/>\n<meta property=\"article:published_time\" content=\"2020-07-21T11:32:34+00:00\" \/>\n<meta property=\"article:modified_time\" content=\"2020-09-01T15:28:48+00:00\" \/>\n<meta property=\"og:image\" content=\"https:\/\/dhg1h5j42swfq.cloudfront.net\/2019\/04\/10115514\/exame-de-ordem.jpg\" \/>\n\t<meta property=\"og:image:width\" content=\"398\" \/>\n\t<meta property=\"og:image:height\" content=\"209\" \/>\n\t<meta property=\"og:image:type\" content=\"image\/jpeg\" \/>\n<meta name=\"author\" content=\"Ricardo Torques\" \/>\n<meta name=\"twitter:card\" content=\"summary_large_image\" \/>\n<meta name=\"twitter:creator\" content=\"@EstratConcursos\" \/>\n<meta name=\"twitter:site\" content=\"@EstratConcursos\" \/>\n<meta name=\"twitter:label1\" content=\"Escrito por\" \/>\n\t<meta name=\"twitter:data1\" content=\"Ricardo Torques\" \/>\n\t<meta name=\"twitter:label2\" content=\"Est. tempo de leitura\" \/>\n\t<meta name=\"twitter:data2\" content=\"2 minutos\" \/>\n<script type=\"application\/ld+json\" class=\"yoast-schema-graph\">{\"@context\":\"https:\/\/schema.org\",\"@graph\":[{\"@type\":\"NewsArticle\",\"@id\":\"https:\/\/www.estrategiaconcursos.com.br\/blog\/xxxi-exame-de-ordem-2a-fase-remarcada\/#article\",\"isPartOf\":{\"@id\":\"https:\/\/www.estrategiaconcursos.com.br\/blog\/xxxi-exame-de-ordem-2a-fase-remarcada\/\"},\"author\":{\"name\":\"Ricardo Torques\",\"@id\":\"https:\/\/www.estrategiaconcursos.com.br\/blog\/#\/schema\/person\/aa39cf5ddb518e5bdce27c35788405e2\"},\"headline\":\"XXXI Exame de Ordem: 2\u00aa fase REMARCADA! Confira\",\"datePublished\":\"2020-07-21T11:32:34+00:00\",\"dateModified\":\"2020-09-01T15:28:48+00:00\",\"mainEntityOfPage\":{\"@id\":\"https:\/\/www.estrategiaconcursos.com.br\/blog\/xxxi-exame-de-ordem-2a-fase-remarcada\/\"},\"wordCount\":390,\"commentCount\":0,\"publisher\":{\"@id\":\"https:\/\/www.estrategiaconcursos.com.br\/blog\/#organization\"},\"image\":{\"@id\":\"https:\/\/www.estrategiaconcursos.com.br\/blog\/xxxi-exame-de-ordem-2a-fase-remarcada\/#primaryimage\"},\"thumbnailUrl\":\"https:\/\/dhg1h5j42swfq.cloudfront.net\/2019\/04\/10115514\/exame-de-ordem.jpg\",\"articleSection\":[\"Concursos P\u00fablicos\"],\"inLanguage\":\"pt-BR\",\"potentialAction\":[{\"@type\":\"CommentAction\",\"name\":\"Comment\",\"target\":[\"https:\/\/www.estrategiaconcursos.com.br\/blog\/xxxi-exame-de-ordem-2a-fase-remarcada\/#respond\"]}],\"copyrightYear\":\"2020\",\"copyrightHolder\":{\"@id\":\"https:\/\/www.estrategiaconcursos.com.br\/blog\/#organization\"}},{\"@type\":\"WebPage\",\"@id\":\"https:\/\/www.estrategiaconcursos.com.br\/blog\/xxxi-exame-de-ordem-2a-fase-remarcada\/\",\"url\":\"https:\/\/www.estrategiaconcursos.com.br\/blog\/xxxi-exame-de-ordem-2a-fase-remarcada\/\",\"name\":\"XXXI Exame de Ordem: 2\u00aa fase REMARCADA! Confira\",\"isPartOf\":{\"@id\":\"https:\/\/www.estrategiaconcursos.com.br\/blog\/#website\"},\"primaryImageOfPage\":{\"@id\":\"https:\/\/www.estrategiaconcursos.com.br\/blog\/xxxi-exame-de-ordem-2a-fase-remarcada\/#primaryimage\"},\"image\":{\"@id\":\"https:\/\/www.estrategiaconcursos.com.br\/blog\/xxxi-exame-de-ordem-2a-fase-remarcada\/#primaryimage\"},\"thumbnailUrl\":\"https:\/\/dhg1h5j42swfq.cloudfront.net\/2019\/04\/10115514\/exame-de-ordem.jpg\",\"datePublished\":\"2020-07-21T11:32:34+00:00\",\"dateModified\":\"2020-09-01T15:28:48+00:00\",\"description\":\"A 2\u00aa Fase do XXXI Exame de Ordem que aconteceria dia 30 de agosto, foi remarcada para o dia 4 de outubro por causa da pandemia de Covid-19.\",\"breadcrumb\":{\"@id\":\"https:\/\/www.estrategiaconcursos.com.br\/blog\/xxxi-exame-de-ordem-2a-fase-remarcada\/#breadcrumb\"},\"inLanguage\":\"pt-BR\",\"potentialAction\":[{\"@type\":\"ReadAction\",\"target\":[\"https:\/\/www.estrategiaconcursos.com.br\/blog\/xxxi-exame-de-ordem-2a-fase-remarcada\/\"]}]},{\"@type\":\"ImageObject\",\"inLanguage\":\"pt-BR\",\"@id\":\"https:\/\/www.estrategiaconcursos.com.br\/blog\/xxxi-exame-de-ordem-2a-fase-remarcada\/#primaryimage\",\"url\":\"https:\/\/dhg1h5j42swfq.cloudfront.net\/2019\/04\/10115514\/exame-de-ordem.jpg\",\"contentUrl\":\"https:\/\/dhg1h5j42swfq.cloudfront.net\/2019\/04\/10115514\/exame-de-ordem.jpg\",\"width\":398,\"height\":209,\"caption\":\"exame de ordem\"},{\"@type\":\"BreadcrumbList\",\"@id\":\"https:\/\/www.estrategiaconcursos.com.br\/blog\/xxxi-exame-de-ordem-2a-fase-remarcada\/#breadcrumb\",\"itemListElement\":[{\"@type\":\"ListItem\",\"position\":1,\"name\":\"In\u00edcio\",\"item\":\"https:\/\/www.estrategiaconcursos.com.br\/blog\/\"},{\"@type\":\"ListItem\",\"position\":2,\"name\":\"XXXI Exame de Ordem: 2\u00aa fase REMARCADA! Confira\"}]},{\"@type\":\"WebSite\",\"@id\":\"https:\/\/www.estrategiaconcursos.com.br\/blog\/#website\",\"url\":\"https:\/\/www.estrategiaconcursos.com.br\/blog\/\",\"name\":\"Estrat\u00e9gia Concursos\",\"description\":\"O blog da Estrat\u00e9gia Concursos traz not\u00edcias sobre concursos e artigos de professores oferecendo cursos para concursos (pdf + videaulas) no site.\",\"publisher\":{\"@id\":\"https:\/\/www.estrategiaconcursos.com.br\/blog\/#organization\"},\"potentialAction\":[{\"@type\":\"SearchAction\",\"target\":{\"@type\":\"EntryPoint\",\"urlTemplate\":\"https:\/\/www.estrategiaconcursos.com.br\/blog\/?s={search_term_string}\"},\"query-input\":{\"@type\":\"PropertyValueSpecification\",\"valueRequired\":true,\"valueName\":\"search_term_string\"}}],\"inLanguage\":\"pt-BR\"},{\"@type\":\"Organization\",\"@id\":\"https:\/\/www.estrategiaconcursos.com.br\/blog\/#organization\",\"name\":\"Estrat\u00e9gia Concursos\",\"url\":\"https:\/\/www.estrategiaconcursos.com.br\/blog\/\",\"logo\":{\"@type\":\"ImageObject\",\"inLanguage\":\"pt-BR\",\"@id\":\"https:\/\/www.estrategiaconcursos.com.br\/blog\/#\/schema\/logo\/image\/\",\"url\":\"https:\/\/dhg1h5j42swfq.cloudfront.net\/2025\/06\/03203428\/logo_concursos-1.jpg\",\"contentUrl\":\"https:\/\/dhg1h5j42swfq.cloudfront.net\/2025\/06\/03203428\/logo_concursos-1.jpg\",\"width\":230,\"height\":60,\"caption\":\"Estrat\u00e9gia Concursos\"},\"image\":{\"@id\":\"https:\/\/www.estrategiaconcursos.com.br\/blog\/#\/schema\/logo\/image\/\"},\"sameAs\":[\"https:\/\/x.com\/EstratConcursos\"]},{\"@type\":\"Person\",\"@id\":\"https:\/\/www.estrategiaconcursos.com.br\/blog\/#\/schema\/person\/aa39cf5ddb518e5bdce27c35788405e2\",\"name\":\"Ricardo Torques\",\"image\":{\"@type\":\"ImageObject\",\"inLanguage\":\"pt-BR\",\"@id\":\"https:\/\/secure.gravatar.com\/avatar\/ce9ac6c3cff25fe86d15ed568ebc64d1724baf5c0693133bcb1f6073f712f92a?s=96&d=mm&r=g\",\"url\":\"https:\/\/secure.gravatar.com\/avatar\/ce9ac6c3cff25fe86d15ed568ebc64d1724baf5c0693133bcb1f6073f712f92a?s=96&d=mm&r=g\",\"contentUrl\":\"https:\/\/secure.gravatar.com\/avatar\/ce9ac6c3cff25fe86d15ed568ebc64d1724baf5c0693133bcb1f6073f712f92a?s=96&d=mm&r=g\",\"caption\":\"Ricardo Torques\"},\"sameAs\":[\"https:\/\/www.facebook.com\/ricardo.s.torques\"],\"url\":\"https:\/\/www.estrategiaconcursos.com.br\/blog\/author\/ricardotorquesestrategiaconcursos-com-br\/\"}]}<\/script>\n<!-- \/ Yoast SEO Premium plugin. -->","yoast_head_json":{"title":"XXXI Exame de Ordem: 2\u00aa fase REMARCADA! Confira","description":"A 2\u00aa Fase do XXXI Exame de Ordem que aconteceria dia 30 de agosto, foi remarcada para o dia 4 de outubro por causa da pandemia de Covid-19.","robots":{"index":"index","follow":"follow","max-snippet":"max-snippet:-1","max-image-preview":"max-image-preview:large","max-video-preview":"max-video-preview:-1"},"canonical":"https:\/\/www.estrategiaconcursos.com.br\/blog\/xxxi-exame-de-ordem-2a-fase-remarcada\/","og_locale":"pt_BR","og_type":"article","og_title":"XXXI Exame de Ordem: 2\u00aa fase REMARCADA! Confira","og_description":"A 2\u00aa Fase do XXXI Exame de Ordem que aconteceria dia 30 de agosto, foi remarcada para o dia 4 de outubro por causa da pandemia de Covid-19.","og_url":"https:\/\/www.estrategiaconcursos.com.br\/blog\/xxxi-exame-de-ordem-2a-fase-remarcada\/","og_site_name":"Estrat\u00e9gia Concursos","article_author":"https:\/\/www.facebook.com\/ricardo.s.torques","article_published_time":"2020-07-21T11:32:34+00:00","article_modified_time":"2020-09-01T15:28:48+00:00","og_image":[{"width":398,"height":209,"url":"https:\/\/dhg1h5j42swfq.cloudfront.net\/2019\/04\/10115514\/exame-de-ordem.jpg","type":"image\/jpeg"}],"author":"Ricardo Torques","twitter_card":"summary_large_image","twitter_creator":"@EstratConcursos","twitter_site":"@EstratConcursos","twitter_misc":{"Escrito por":"Ricardo Torques","Est. tempo de leitura":"2 minutos"},"schema":{"@context":"https:\/\/schema.org","@graph":[{"@type":"NewsArticle","@id":"https:\/\/www.estrategiaconcursos.com.br\/blog\/xxxi-exame-de-ordem-2a-fase-remarcada\/#article","isPartOf":{"@id":"https:\/\/www.estrategiaconcursos.com.br\/blog\/xxxi-exame-de-ordem-2a-fase-remarcada\/"},"author":{"name":"Ricardo Torques","@id":"https:\/\/www.estrategiaconcursos.com.br\/blog\/#\/schema\/person\/aa39cf5ddb518e5bdce27c35788405e2"},"headline":"XXXI Exame de Ordem: 2\u00aa fase REMARCADA! Confira","datePublished":"2020-07-21T11:32:34+00:00","dateModified":"2020-09-01T15:28:48+00:00","mainEntityOfPage":{"@id":"https:\/\/www.estrategiaconcursos.com.br\/blog\/xxxi-exame-de-ordem-2a-fase-remarcada\/"},"wordCount":390,"commentCount":0,"publisher":{"@id":"https:\/\/www.estrategiaconcursos.com.br\/blog\/#organization"},"image":{"@id":"https:\/\/www.estrategiaconcursos.com.br\/blog\/xxxi-exame-de-ordem-2a-fase-remarcada\/#primaryimage"},"thumbnailUrl":"https:\/\/dhg1h5j42swfq.cloudfront.net\/2019\/04\/10115514\/exame-de-ordem.jpg","articleSection":["Concursos P\u00fablicos"],"inLanguage":"pt-BR","potentialAction":[{"@type":"CommentAction","name":"Comment","target":["https:\/\/www.estrategiaconcursos.com.br\/blog\/xxxi-exame-de-ordem-2a-fase-remarcada\/#respond"]}],"copyrightYear":"2020","copyrightHolder":{"@id":"https:\/\/www.estrategiaconcursos.com.br\/blog\/#organization"}},{"@type":"WebPage","@id":"https:\/\/www.estrategiaconcursos.com.br\/blog\/xxxi-exame-de-ordem-2a-fase-remarcada\/","url":"https:\/\/www.estrategiaconcursos.com.br\/blog\/xxxi-exame-de-ordem-2a-fase-remarcada\/","name":"XXXI Exame de Ordem: 2\u00aa fase REMARCADA! Confira","isPartOf":{"@id":"https:\/\/www.estrategiaconcursos.com.br\/blog\/#website"},"primaryImageOfPage":{"@id":"https:\/\/www.estrategiaconcursos.com.br\/blog\/xxxi-exame-de-ordem-2a-fase-remarcada\/#primaryimage"},"image":{"@id":"https:\/\/www.estrategiaconcursos.com.br\/blog\/xxxi-exame-de-ordem-2a-fase-remarcada\/#primaryimage"},"thumbnailUrl":"https:\/\/dhg1h5j42swfq.cloudfront.net\/2019\/04\/10115514\/exame-de-ordem.jpg","datePublished":"2020-07-21T11:32:34+00:00","dateModified":"2020-09-01T15:28:48+00:00","description":"A 2\u00aa Fase do XXXI Exame de Ordem que aconteceria dia 30 de agosto, foi remarcada para o dia 4 de outubro por causa da pandemia de Covid-19.","breadcrumb":{"@id":"https:\/\/www.estrategiaconcursos.com.br\/blog\/xxxi-exame-de-ordem-2a-fase-remarcada\/#breadcrumb"},"inLanguage":"pt-BR","potentialAction":[{"@type":"ReadAction","target":["https:\/\/www.estrategiaconcursos.com.br\/blog\/xxxi-exame-de-ordem-2a-fase-remarcada\/"]}]},{"@type":"ImageObject","inLanguage":"pt-BR","@id":"https:\/\/www.estrategiaconcursos.com.br\/blog\/xxxi-exame-de-ordem-2a-fase-remarcada\/#primaryimage","url":"https:\/\/dhg1h5j42swfq.cloudfront.net\/2019\/04\/10115514\/exame-de-ordem.jpg","contentUrl":"https:\/\/dhg1h5j42swfq.cloudfront.net\/2019\/04\/10115514\/exame-de-ordem.jpg","width":398,"height":209,"caption":"exame de ordem"},{"@type":"BreadcrumbList","@id":"https:\/\/www.estrategiaconcursos.com.br\/blog\/xxxi-exame-de-ordem-2a-fase-remarcada\/#breadcrumb","itemListElement":[{"@type":"ListItem","position":1,"name":"In\u00edcio","item":"https:\/\/www.estrategiaconcursos.com.br\/blog\/"},{"@type":"ListItem","position":2,"name":"XXXI Exame de Ordem: 2\u00aa fase REMARCADA! Confira"}]},{"@type":"WebSite","@id":"https:\/\/www.estrategiaconcursos.com.br\/blog\/#website","url":"https:\/\/www.estrategiaconcursos.com.br\/blog\/","name":"Estrat\u00e9gia Concursos","description":"O blog da Estrat\u00e9gia Concursos traz not\u00edcias sobre concursos e artigos de professores oferecendo cursos para concursos (pdf + videaulas) no site.","publisher":{"@id":"https:\/\/www.estrategiaconcursos.com.br\/blog\/#organization"},"potentialAction":[{"@type":"SearchAction","target":{"@type":"EntryPoint","urlTemplate":"https:\/\/www.estrategiaconcursos.com.br\/blog\/?s={search_term_string}"},"query-input":{"@type":"PropertyValueSpecification","valueRequired":true,"valueName":"search_term_string"}}],"inLanguage":"pt-BR"},{"@type":"Organization","@id":"https:\/\/www.estrategiaconcursos.com.br\/blog\/#organization","name":"Estrat\u00e9gia Concursos","url":"https:\/\/www.estrategiaconcursos.com.br\/blog\/","logo":{"@type":"ImageObject","inLanguage":"pt-BR","@id":"https:\/\/www.estrategiaconcursos.com.br\/blog\/#\/schema\/logo\/image\/","url":"https:\/\/dhg1h5j42swfq.cloudfront.net\/2025\/06\/03203428\/logo_concursos-1.jpg","contentUrl":"https:\/\/dhg1h5j42swfq.cloudfront.net\/2025\/06\/03203428\/logo_concursos-1.jpg","width":230,"height":60,"caption":"Estrat\u00e9gia Concursos"},"image":{"@id":"https:\/\/www.estrategiaconcursos.com.br\/blog\/#\/schema\/logo\/image\/"},"sameAs":["https:\/\/x.com\/EstratConcursos"]},{"@type":"Person","@id":"https:\/\/www.estrategiaconcursos.com.br\/blog\/#\/schema\/person\/aa39cf5ddb518e5bdce27c35788405e2","name":"Ricardo Torques","image":{"@type":"ImageObject","inLanguage":"pt-BR","@id":"https:\/\/secure.gravatar.com\/avatar\/ce9ac6c3cff25fe86d15ed568ebc64d1724baf5c0693133bcb1f6073f712f92a?s=96&d=mm&r=g","url":"https:\/\/secure.gravatar.com\/avatar\/ce9ac6c3cff25fe86d15ed568ebc64d1724baf5c0693133bcb1f6073f712f92a?s=96&d=mm&r=g","contentUrl":"https:\/\/secure.gravatar.com\/avatar\/ce9ac6c3cff25fe86d15ed568ebc64d1724baf5c0693133bcb1f6073f712f92a?s=96&d=mm&r=g","caption":"Ricardo Torques"},"sameAs":["https:\/\/www.facebook.com\/ricardo.s.torques"],"url":"https:\/\/www.estrategiaconcursos.com.br\/blog\/author\/ricardotorquesestrategiaconcursos-com-br\/"}]}},"_links":{"self":[{"href":"https:\/\/www.estrategiaconcursos.com.br\/blog\/wp-json\/wp\/v2\/posts\/544696","targetHints":{"allow":["GET"]}}],"collection":[{"href":"https:\/\/www.estrategiaconcursos.com.br\/blog\/wp-json\/wp\/v2\/posts"}],"about":[{"href":"https:\/\/www.estrategiaconcursos.com.br\/blog\/wp-json\/wp\/v2\/types\/post"}],"author":[{"embeddable":true,"href":"https:\/\/www.estrategiaconcursos.com.br\/blog\/wp-json\/wp\/v2\/users\/180"}],"replies":[{"embeddable":true,"href":"https:\/\/www.estrategiaconcursos.com.br\/blog\/wp-json\/wp\/v2\/comments?post=544696"}],"version-history":[{"count":10,"href":"https:\/\/www.estrategiaconcursos.com.br\/blog\/wp-json\/wp\/v2\/posts\/544696\/revisions"}],"predecessor-version":[{"id":544942,"href":"https:\/\/www.estrategiaconcursos.com.br\/blog\/wp-json\/wp\/v2\/posts\/544696\/revisions\/544942"}],"wp:featuredmedia":[{"embeddable":true,"href":"https:\/\/www.estrategiaconcursos.com.br\/blog\/wp-json\/wp\/v2\/media\/182668"}],"wp:attachment":[{"href":"https:\/\/www.estrategiaconcursos.com.br\/blog\/wp-json\/wp\/v2\/media?parent=544696"}],"wp:term":[{"taxonomy":"category","embeddable":true,"href":"https:\/\/www.estrategiaconcursos.com.br\/blog\/wp-json\/wp\/v2\/categories?post=544696"},{"taxonomy":"post_tag","embeddable":true,"href":"https:\/\/www.estrategiaconcursos.com.br\/blog\/wp-json\/wp\/v2\/tags?post=544696"},{"taxonomy":"tax_estado","embeddable":true,"href":"https:\/\/www.estrategiaconcursos.com.br\/blog\/wp-json\/wp\/v2\/tax_estado?post=544696"}],"curies":[{"name":"wp","href":"https:\/\/api.w.org\/{rel}","templated":true}]}}