{"id":544412,"date":"2020-07-25T07:00:00","date_gmt":"2020-07-25T10:00:00","guid":{"rendered":"https:\/\/www.estrategiaconcursos.com.br\/blog\/?p=544412"},"modified":"2023-06-07T13:01:13","modified_gmt":"2023-06-07T16:01:13","slug":"4o-topicos-aprofundados-delegado-pf","status":"publish","type":"post","link":"https:\/\/www.estrategiaconcursos.com.br\/blog\/4o-topicos-aprofundados-delegado-pf\/","title":{"rendered":"T\u00f3picos Aprofundados para Delegado da PF: Neste s\u00e1bado!"},"content":{"rendered":"\n<p>O Estrat\u00e9gia Concursos transmite neste s\u00e1bado, 25 de junho, a <a href=\"https:\/\/youtu.be\/M92rAt4LyFw\" target=\"_blank\" rel=\"noreferrer noopener\">4\u00aa maratona<\/a> <strong>T\u00f3picos Aprofundados para Delegado da PF<\/strong>. Em um dia inteiro de aulas gratuitas, nossos professores v\u00e3o aprofundar temas para o pr\u00f3ximo edital da Pol\u00edcia Federal.<\/p>\n\n\n\n<p>Foi solicitada ao Minist\u00e9rio da Economia a abertura de um <strong>novo concurso p\u00fablico<\/strong> com 1508 vagas para as carreiras policiais e administrativas na Pol\u00edcia Federal. S\u00f3 o concurso Delegado da PF deve ter 100 vagas imediatas.<\/p>\n\n\n\n<p>Esta informa\u00e7\u00e3o foi confirmada \u00e0 Secretaria Executiva do Minist\u00e9rio da Justi\u00e7a e Seguran\u00e7a P\u00fablica. No pedido, relacionado \u00e0s carreiras policiais, foram requisitadas <strong>1000 vagas<\/strong> envolvendo apenas os cargos de <strong>Agente; Papiloscopista; Escriv\u00e3o e Delegado da PF<\/strong>.<\/p>\n\n\n\n<p>O <strong>cargo de Delegado da PF<\/strong>&nbsp;\u00e9 privativo de bacharel em Direito. Al\u00e9m disso, \u00e9 necess\u00e1rio <strong>comprovar o exerc\u00edcio de&nbsp;tr\u00eas anos de atividade jur\u00eddica ou policial, na&nbsp;data da posse<\/strong>.<\/p>\n\n\n\n<p>E para ajudar voc\u00ea que aguarda ansiosamente a publica\u00e7\u00e3o do edital deste concurso, o Estrat\u00e9gia Carreira Jur\u00eddica lan\u00e7ou diversos eventos e apresentar\u00e1 agora o<em><strong> 4\u00ba T\u00f3picos Aprofundados p\/ Delegado da PF<\/strong><\/em>, que ser\u00e1 transmitido neste<strong> s\u00e1bado, 25 de julho<\/strong> e contar\u00e1 com a seguinte programa\u00e7\u00e3o: <\/p>\n\n\n\n<p><\/p>\n\n\n\n<figure class=\"wp-block-table is-style-stripes\"><table class=\"has-background has-fixed-layout\" style=\"background-color:#e7f5fe\"><tbody><tr><td><strong>Hor\u00e1rio<\/strong><\/td><td><strong>Disciplina <\/strong><\/td><td><strong>Professor <\/strong><\/td><\/tr><tr><td><strong>08:00 \u00e0s 09:00<\/strong><\/td><td>Direito Administrativo<\/td><td>Cl\u00e1udio Tusco <\/td><\/tr><tr><td><strong>09:00 \u00e0s 09:45<\/strong><\/td><td>Direito Previdenci\u00e1rio<\/td><td>Rafael Dantas<\/td><\/tr><tr><td><strong>09:45 \u00e0s 10:30<\/strong><\/td><td>Criminologia <\/td><td>Rafael Dantas <\/td><\/tr><tr><td><strong>10:30 \u00e0s 12:00<\/strong><\/td><td>Direito Penal <\/td><td>Michael Avelar<\/td><\/tr><tr><td><strong>12:00 \u00e0s 13:00<\/strong><\/td><td><strong>INTERVALO<\/strong><\/td><td><\/td><\/tr><tr><td><strong>13:00  \u00e0s 14:15<\/strong><\/td><td>Direito Processual Penal<\/td><td>Ivan Marques<\/td><\/tr><tr><td><strong>14:15 \u00e0s 15:30<\/strong><\/td><td>Direito Financeiro e Tribut\u00e1rio<\/td><td>Cl\u00e1udio Tusco <\/td><\/tr><tr><td><strong>15:30 \u00e0s 16:30<\/strong><\/td><td>Legisla\u00e7\u00e3o Penal Especial <\/td><td>Luiz Godoy<\/td><\/tr><tr><td><strong>16:30 \u00e0s 17:30<\/strong> <\/td><td>Direito Processual Civil <\/td><td>Rodrigo Vaslin <\/td><\/tr><\/tbody><\/table><figcaption class=\"wp-element-caption\">4\u00ba T\u00f3picos Aprofundados para Delegado da PF: programa\u00e7\u00e3o.<\/figcaption><\/figure>\n\n\n\n<p>O evento ser\u00e1 transmitido ao vivo e gratuitamente a partir das <strong>08 horas, diretamente do canal do Estrat\u00e9gia Carreira Jur\u00eddica no Youtube<\/strong>. <\/p>\n\n\n\n<p class=\"has-text-align-center has-very-light-gray-background-color has-background has-medium-font-size\"><strong>Mais informa\u00e7\u00f5es: <a href=\"https:\/\/www.estrategiaconcursos.com.br\/blog\/concurso-delegado-pf\" target=\"_blank\" rel=\"noreferrer noopener\">Concurso Delegado da PF<\/a><\/strong><\/p>\n\n\n\n<h2 class=\"wp-block-heading has-text-align-center\" id=\"h-cursos-para-o-concurso-delegado-da-pf\">Cursos para o concurso Delegado da PF<\/h2>\n\n\n\n<p class=\"has-text-align-center has-luminous-vivid-amber-background-color has-background has-medium-font-size\"><em><strong><a rel=\"noreferrer noopener\" href=\"https:\/\/www.estrategiaconcursos.com.br\/cursosPorConcurso\/policia-federal-delegado-79\/\" target=\"_blank\">CURSO DELEGADO DA PF<\/a><\/strong><\/em><\/p>\n\n\n\n<p class=\"has-text-align-center has-medium-font-size\"><strong><em><strong>Sistema de Quest\u00f5es<\/strong><\/em><\/strong><\/p>\n\n\n\n<p class=\"has-text-align-center\">Estrat\u00e9gia Quest\u00f5es nasceu maior do que todos os concorrentes, com mais quest\u00f5es cadastradas e mais solu\u00e7\u00f5es por professores. Clique no link e aproveite os descontos e b\u00f4nus imperd\u00edveis!<\/p>\n\n\n\n<p class=\"has-text-align-center has-very-dark-gray-color has-vivid-green-cyan-background-color has-text-color has-background\" style=\"font-size:clamp(14.642px, 0.915rem + ((1vw - 3.2px) * 0.721), 22px);px\"><strong>ASSINE AGORA &#8211; <a rel=\"noreferrer noopener\" href=\"https:\/\/www.estrategiaconcursos.com.br\/cursosPorConcurso\/sistema-de-questoes\/#\/\" target=\"_blank\">Sistema de Quest\u00f5es<\/a><\/strong><\/p>\n\n\n\n<p class=\"has-text-align-center\"><em><strong>Fique por dentro de todos os concursos<\/strong><\/em>:<\/p>\n\n\n\n<p class=\"has-text-align-center has-pale-cyan-blue-background-color has-background has-medium-font-size\"><a href=\"https:\/\/www.estrategiaconcursos.com.br\/blog\/concursos-abertos\/\" target=\"_blank\" rel=\"noreferrer noopener\"><strong>Concursos abertos<\/strong><\/a><\/p>\n","protected":false},"excerpt":{"rendered":"<p>O Estrat\u00e9gia Concursos transmite neste s\u00e1bado, 25 de junho, a 4\u00aa maratona T\u00f3picos Aprofundados para Delegado da PF. Em um dia inteiro de aulas gratuitas, nossos professores v\u00e3o aprofundar temas para o pr\u00f3ximo edital da Pol\u00edcia Federal. Foi solicitada ao Minist\u00e9rio da Economia a abertura de um novo concurso p\u00fablico com 1508 vagas para as [&hellip;]<\/p>\n","protected":false},"author":492,"featured_media":545903,"comment_status":"open","ping_status":"closed","sticky":false,"template":"","format":"standard","meta":{"post_tipo":"article","footnotes":""},"categories":[1,2185],"tags":[],"tax_estado":[],"class_list":["post-544412","post","type-post","status-publish","format-standard","has-post-thumbnail","hentry","category-cursos-e-concursos","category-carreiras-juridicas"],"acf":[],"yoast_head":"<!-- This site is optimized with the Yoast SEO Premium plugin v27.2 (Yoast SEO v27.2) - https:\/\/yoast.com\/product\/yoast-seo-premium-wordpress\/ -->\n<title>T\u00f3picos Aprofundados para Delegado da PF: Neste s\u00e1bado!<\/title>\n<meta name=\"description\" content=\"T\u00f3picos Aprofundados para Delegado da PF: Quer se preparar para o pr\u00f3ximo concurso de Delegado da PF? Ent\u00e3o n\u00e3o perca o evento deste s\u00e1bado!\" \/>\n<meta name=\"robots\" content=\"index, follow, max-snippet:-1, max-image-preview:large, max-video-preview:-1\" \/>\n<link rel=\"canonical\" href=\"https:\/\/www.estrategiaconcursos.com.br\/blog\/4o-topicos-aprofundados-delegado-pf\/\" \/>\n<meta property=\"og:locale\" content=\"pt_BR\" \/>\n<meta property=\"og:type\" content=\"article\" \/>\n<meta property=\"og:title\" content=\"T\u00f3picos Aprofundados para Delegado da PF: Neste s\u00e1bado!\" \/>\n<meta property=\"og:description\" content=\"T\u00f3picos Aprofundados para Delegado da PF: Quer se preparar para o pr\u00f3ximo concurso de Delegado da PF? Ent\u00e3o n\u00e3o perca o evento deste s\u00e1bado!\" \/>\n<meta property=\"og:url\" content=\"https:\/\/www.estrategiaconcursos.com.br\/blog\/4o-topicos-aprofundados-delegado-pf\/\" \/>\n<meta property=\"og:site_name\" content=\"Estrat\u00e9gia Concursos\" \/>\n<meta property=\"article:published_time\" content=\"2020-07-25T10:00:00+00:00\" \/>\n<meta property=\"article:modified_time\" content=\"2023-06-07T16:01:13+00:00\" \/>\n<meta property=\"og:image\" content=\"https:\/\/dhg1h5j42swfq.cloudfront.net\/2020\/07\/23093338\/YTB_4%C2%BA-T%C3%B3picos-Aprofundados-para-Delegado-da-PF-ECJ.jpg\" \/>\n\t<meta property=\"og:image:width\" content=\"1280\" \/>\n\t<meta property=\"og:image:height\" content=\"720\" \/>\n\t<meta property=\"og:image:type\" content=\"image\/jpeg\" \/>\n<meta name=\"author\" content=\"Nelma Fontana\" \/>\n<meta name=\"twitter:card\" content=\"summary_large_image\" \/>\n<meta name=\"twitter:creator\" content=\"@EstratConcursos\" \/>\n<meta name=\"twitter:site\" content=\"@EstratConcursos\" \/>\n<meta name=\"twitter:label1\" content=\"Escrito por\" \/>\n\t<meta name=\"twitter:data1\" content=\"Nelma Fontana\" \/>\n\t<meta name=\"twitter:label2\" content=\"Est. tempo de leitura\" \/>\n\t<meta name=\"twitter:data2\" content=\"2 minutos\" \/>\n<script type=\"application\/ld+json\" class=\"yoast-schema-graph\">{\"@context\":\"https:\/\/schema.org\",\"@graph\":[{\"@type\":\"NewsArticle\",\"@id\":\"https:\/\/www.estrategiaconcursos.com.br\/blog\/4o-topicos-aprofundados-delegado-pf\/#article\",\"isPartOf\":{\"@id\":\"https:\/\/www.estrategiaconcursos.com.br\/blog\/4o-topicos-aprofundados-delegado-pf\/\"},\"author\":{\"name\":\"Nelma Fontana\",\"@id\":\"https:\/\/www.estrategiaconcursos.com.br\/blog\/#\/schema\/person\/09924ae9dae935885ef15db075a3be15\"},\"headline\":\"T\u00f3picos Aprofundados para Delegado da PF: Neste s\u00e1bado!\",\"datePublished\":\"2020-07-25T10:00:00+00:00\",\"dateModified\":\"2023-06-07T16:01:13+00:00\",\"mainEntityOfPage\":{\"@id\":\"https:\/\/www.estrategiaconcursos.com.br\/blog\/4o-topicos-aprofundados-delegado-pf\/\"},\"wordCount\":374,\"commentCount\":0,\"publisher\":{\"@id\":\"https:\/\/www.estrategiaconcursos.com.br\/blog\/#organization\"},\"image\":{\"@id\":\"https:\/\/www.estrategiaconcursos.com.br\/blog\/4o-topicos-aprofundados-delegado-pf\/#primaryimage\"},\"thumbnailUrl\":\"https:\/\/dhg1h5j42swfq.cloudfront.net\/2020\/07\/23093338\/YTB_4%C2%BA-T%C3%B3picos-Aprofundados-para-Delegado-da-PF-ECJ.jpg\",\"articleSection\":[\"Concursos P\u00fablicos\",\"Jur\u00eddico\"],\"inLanguage\":\"pt-BR\",\"potentialAction\":[{\"@type\":\"CommentAction\",\"name\":\"Comment\",\"target\":[\"https:\/\/www.estrategiaconcursos.com.br\/blog\/4o-topicos-aprofundados-delegado-pf\/#respond\"]}],\"copyrightYear\":\"2020\",\"copyrightHolder\":{\"@id\":\"https:\/\/www.estrategiaconcursos.com.br\/blog\/#organization\"}},{\"@type\":\"WebPage\",\"@id\":\"https:\/\/www.estrategiaconcursos.com.br\/blog\/4o-topicos-aprofundados-delegado-pf\/\",\"url\":\"https:\/\/www.estrategiaconcursos.com.br\/blog\/4o-topicos-aprofundados-delegado-pf\/\",\"name\":\"T\u00f3picos Aprofundados para Delegado da PF: Neste s\u00e1bado!\",\"isPartOf\":{\"@id\":\"https:\/\/www.estrategiaconcursos.com.br\/blog\/#website\"},\"primaryImageOfPage\":{\"@id\":\"https:\/\/www.estrategiaconcursos.com.br\/blog\/4o-topicos-aprofundados-delegado-pf\/#primaryimage\"},\"image\":{\"@id\":\"https:\/\/www.estrategiaconcursos.com.br\/blog\/4o-topicos-aprofundados-delegado-pf\/#primaryimage\"},\"thumbnailUrl\":\"https:\/\/dhg1h5j42swfq.cloudfront.net\/2020\/07\/23093338\/YTB_4%C2%BA-T%C3%B3picos-Aprofundados-para-Delegado-da-PF-ECJ.jpg\",\"datePublished\":\"2020-07-25T10:00:00+00:00\",\"dateModified\":\"2023-06-07T16:01:13+00:00\",\"description\":\"T\u00f3picos Aprofundados para Delegado da PF: Quer se preparar para o pr\u00f3ximo concurso de Delegado da PF? Ent\u00e3o n\u00e3o perca o evento deste s\u00e1bado!\",\"breadcrumb\":{\"@id\":\"https:\/\/www.estrategiaconcursos.com.br\/blog\/4o-topicos-aprofundados-delegado-pf\/#breadcrumb\"},\"inLanguage\":\"pt-BR\",\"potentialAction\":[{\"@type\":\"ReadAction\",\"target\":[\"https:\/\/www.estrategiaconcursos.com.br\/blog\/4o-topicos-aprofundados-delegado-pf\/\"]}]},{\"@type\":\"ImageObject\",\"inLanguage\":\"pt-BR\",\"@id\":\"https:\/\/www.estrategiaconcursos.com.br\/blog\/4o-topicos-aprofundados-delegado-pf\/#primaryimage\",\"url\":\"https:\/\/dhg1h5j42swfq.cloudfront.net\/2020\/07\/23093338\/YTB_4%C2%BA-T%C3%B3picos-Aprofundados-para-Delegado-da-PF-ECJ.jpg\",\"contentUrl\":\"https:\/\/dhg1h5j42swfq.cloudfront.net\/2020\/07\/23093338\/YTB_4%C2%BA-T%C3%B3picos-Aprofundados-para-Delegado-da-PF-ECJ.jpg\",\"width\":1280,\"height\":720,\"caption\":\"4\u00ba T\u00f3picos Aprofundados para Delegado da PF\"},{\"@type\":\"BreadcrumbList\",\"@id\":\"https:\/\/www.estrategiaconcursos.com.br\/blog\/4o-topicos-aprofundados-delegado-pf\/#breadcrumb\",\"itemListElement\":[{\"@type\":\"ListItem\",\"position\":1,\"name\":\"In\u00edcio\",\"item\":\"https:\/\/www.estrategiaconcursos.com.br\/blog\/\"},{\"@type\":\"ListItem\",\"position\":2,\"name\":\"T\u00f3picos Aprofundados para Delegado da PF: Neste s\u00e1bado!\"}]},{\"@type\":\"WebSite\",\"@id\":\"https:\/\/www.estrategiaconcursos.com.br\/blog\/#website\",\"url\":\"https:\/\/www.estrategiaconcursos.com.br\/blog\/\",\"name\":\"Estrat\u00e9gia Concursos\",\"description\":\"O blog da Estrat\u00e9gia Concursos traz not\u00edcias sobre concursos e artigos de professores oferecendo cursos para concursos (pdf + videaulas) no site.\",\"publisher\":{\"@id\":\"https:\/\/www.estrategiaconcursos.com.br\/blog\/#organization\"},\"potentialAction\":[{\"@type\":\"SearchAction\",\"target\":{\"@type\":\"EntryPoint\",\"urlTemplate\":\"https:\/\/www.estrategiaconcursos.com.br\/blog\/?s={search_term_string}\"},\"query-input\":{\"@type\":\"PropertyValueSpecification\",\"valueRequired\":true,\"valueName\":\"search_term_string\"}}],\"inLanguage\":\"pt-BR\"},{\"@type\":\"Organization\",\"@id\":\"https:\/\/www.estrategiaconcursos.com.br\/blog\/#organization\",\"name\":\"Estrat\u00e9gia Concursos\",\"url\":\"https:\/\/www.estrategiaconcursos.com.br\/blog\/\",\"logo\":{\"@type\":\"ImageObject\",\"inLanguage\":\"pt-BR\",\"@id\":\"https:\/\/www.estrategiaconcursos.com.br\/blog\/#\/schema\/logo\/image\/\",\"url\":\"https:\/\/dhg1h5j42swfq.cloudfront.net\/2025\/06\/03203428\/logo_concursos-1.jpg\",\"contentUrl\":\"https:\/\/dhg1h5j42swfq.cloudfront.net\/2025\/06\/03203428\/logo_concursos-1.jpg\",\"width\":230,\"height\":60,\"caption\":\"Estrat\u00e9gia Concursos\"},\"image\":{\"@id\":\"https:\/\/www.estrategiaconcursos.com.br\/blog\/#\/schema\/logo\/image\/\"},\"sameAs\":[\"https:\/\/x.com\/EstratConcursos\"]},{\"@type\":\"Person\",\"@id\":\"https:\/\/www.estrategiaconcursos.com.br\/blog\/#\/schema\/person\/09924ae9dae935885ef15db075a3be15\",\"name\":\"Nelma Fontana\",\"image\":{\"@type\":\"ImageObject\",\"inLanguage\":\"pt-BR\",\"@id\":\"https:\/\/secure.gravatar.com\/avatar\/a2b4071a40b0ae857a4dfe2308130289bde3d65cc7674fb758d21a8b645071e5?s=96&d=mm&r=g\",\"url\":\"https:\/\/secure.gravatar.com\/avatar\/a2b4071a40b0ae857a4dfe2308130289bde3d65cc7674fb758d21a8b645071e5?s=96&d=mm&r=g\",\"contentUrl\":\"https:\/\/secure.gravatar.com\/avatar\/a2b4071a40b0ae857a4dfe2308130289bde3d65cc7674fb758d21a8b645071e5?s=96&d=mm&r=g\",\"caption\":\"Nelma Fontana\"},\"url\":\"https:\/\/www.estrategiaconcursos.com.br\/blog\/author\/fontananelmagmail-com\/\"}]}<\/script>\n<!-- \/ Yoast SEO Premium plugin. -->","yoast_head_json":{"title":"T\u00f3picos Aprofundados para Delegado da PF: Neste s\u00e1bado!","description":"T\u00f3picos Aprofundados para Delegado da PF: Quer se preparar para o pr\u00f3ximo concurso de Delegado da PF? Ent\u00e3o n\u00e3o perca o evento deste s\u00e1bado!","robots":{"index":"index","follow":"follow","max-snippet":"max-snippet:-1","max-image-preview":"max-image-preview:large","max-video-preview":"max-video-preview:-1"},"canonical":"https:\/\/www.estrategiaconcursos.com.br\/blog\/4o-topicos-aprofundados-delegado-pf\/","og_locale":"pt_BR","og_type":"article","og_title":"T\u00f3picos Aprofundados para Delegado da PF: Neste s\u00e1bado!","og_description":"T\u00f3picos Aprofundados para Delegado da PF: Quer se preparar para o pr\u00f3ximo concurso de Delegado da PF? Ent\u00e3o n\u00e3o perca o evento deste s\u00e1bado!","og_url":"https:\/\/www.estrategiaconcursos.com.br\/blog\/4o-topicos-aprofundados-delegado-pf\/","og_site_name":"Estrat\u00e9gia Concursos","article_published_time":"2020-07-25T10:00:00+00:00","article_modified_time":"2023-06-07T16:01:13+00:00","og_image":[{"width":1280,"height":720,"url":"https:\/\/dhg1h5j42swfq.cloudfront.net\/2020\/07\/23093338\/YTB_4%C2%BA-T%C3%B3picos-Aprofundados-para-Delegado-da-PF-ECJ.jpg","type":"image\/jpeg"}],"author":"Nelma Fontana","twitter_card":"summary_large_image","twitter_creator":"@EstratConcursos","twitter_site":"@EstratConcursos","twitter_misc":{"Escrito por":"Nelma Fontana","Est. tempo de leitura":"2 minutos"},"schema":{"@context":"https:\/\/schema.org","@graph":[{"@type":"NewsArticle","@id":"https:\/\/www.estrategiaconcursos.com.br\/blog\/4o-topicos-aprofundados-delegado-pf\/#article","isPartOf":{"@id":"https:\/\/www.estrategiaconcursos.com.br\/blog\/4o-topicos-aprofundados-delegado-pf\/"},"author":{"name":"Nelma Fontana","@id":"https:\/\/www.estrategiaconcursos.com.br\/blog\/#\/schema\/person\/09924ae9dae935885ef15db075a3be15"},"headline":"T\u00f3picos Aprofundados para Delegado da PF: Neste s\u00e1bado!","datePublished":"2020-07-25T10:00:00+00:00","dateModified":"2023-06-07T16:01:13+00:00","mainEntityOfPage":{"@id":"https:\/\/www.estrategiaconcursos.com.br\/blog\/4o-topicos-aprofundados-delegado-pf\/"},"wordCount":374,"commentCount":0,"publisher":{"@id":"https:\/\/www.estrategiaconcursos.com.br\/blog\/#organization"},"image":{"@id":"https:\/\/www.estrategiaconcursos.com.br\/blog\/4o-topicos-aprofundados-delegado-pf\/#primaryimage"},"thumbnailUrl":"https:\/\/dhg1h5j42swfq.cloudfront.net\/2020\/07\/23093338\/YTB_4%C2%BA-T%C3%B3picos-Aprofundados-para-Delegado-da-PF-ECJ.jpg","articleSection":["Concursos P\u00fablicos","Jur\u00eddico"],"inLanguage":"pt-BR","potentialAction":[{"@type":"CommentAction","name":"Comment","target":["https:\/\/www.estrategiaconcursos.com.br\/blog\/4o-topicos-aprofundados-delegado-pf\/#respond"]}],"copyrightYear":"2020","copyrightHolder":{"@id":"https:\/\/www.estrategiaconcursos.com.br\/blog\/#organization"}},{"@type":"WebPage","@id":"https:\/\/www.estrategiaconcursos.com.br\/blog\/4o-topicos-aprofundados-delegado-pf\/","url":"https:\/\/www.estrategiaconcursos.com.br\/blog\/4o-topicos-aprofundados-delegado-pf\/","name":"T\u00f3picos Aprofundados para Delegado da PF: Neste s\u00e1bado!","isPartOf":{"@id":"https:\/\/www.estrategiaconcursos.com.br\/blog\/#website"},"primaryImageOfPage":{"@id":"https:\/\/www.estrategiaconcursos.com.br\/blog\/4o-topicos-aprofundados-delegado-pf\/#primaryimage"},"image":{"@id":"https:\/\/www.estrategiaconcursos.com.br\/blog\/4o-topicos-aprofundados-delegado-pf\/#primaryimage"},"thumbnailUrl":"https:\/\/dhg1h5j42swfq.cloudfront.net\/2020\/07\/23093338\/YTB_4%C2%BA-T%C3%B3picos-Aprofundados-para-Delegado-da-PF-ECJ.jpg","datePublished":"2020-07-25T10:00:00+00:00","dateModified":"2023-06-07T16:01:13+00:00","description":"T\u00f3picos Aprofundados para Delegado da PF: Quer se preparar para o pr\u00f3ximo concurso de Delegado da PF? Ent\u00e3o n\u00e3o perca o evento deste s\u00e1bado!","breadcrumb":{"@id":"https:\/\/www.estrategiaconcursos.com.br\/blog\/4o-topicos-aprofundados-delegado-pf\/#breadcrumb"},"inLanguage":"pt-BR","potentialAction":[{"@type":"ReadAction","target":["https:\/\/www.estrategiaconcursos.com.br\/blog\/4o-topicos-aprofundados-delegado-pf\/"]}]},{"@type":"ImageObject","inLanguage":"pt-BR","@id":"https:\/\/www.estrategiaconcursos.com.br\/blog\/4o-topicos-aprofundados-delegado-pf\/#primaryimage","url":"https:\/\/dhg1h5j42swfq.cloudfront.net\/2020\/07\/23093338\/YTB_4%C2%BA-T%C3%B3picos-Aprofundados-para-Delegado-da-PF-ECJ.jpg","contentUrl":"https:\/\/dhg1h5j42swfq.cloudfront.net\/2020\/07\/23093338\/YTB_4%C2%BA-T%C3%B3picos-Aprofundados-para-Delegado-da-PF-ECJ.jpg","width":1280,"height":720,"caption":"4\u00ba T\u00f3picos Aprofundados para Delegado da PF"},{"@type":"BreadcrumbList","@id":"https:\/\/www.estrategiaconcursos.com.br\/blog\/4o-topicos-aprofundados-delegado-pf\/#breadcrumb","itemListElement":[{"@type":"ListItem","position":1,"name":"In\u00edcio","item":"https:\/\/www.estrategiaconcursos.com.br\/blog\/"},{"@type":"ListItem","position":2,"name":"T\u00f3picos Aprofundados para Delegado da PF: Neste s\u00e1bado!"}]},{"@type":"WebSite","@id":"https:\/\/www.estrategiaconcursos.com.br\/blog\/#website","url":"https:\/\/www.estrategiaconcursos.com.br\/blog\/","name":"Estrat\u00e9gia Concursos","description":"O blog da Estrat\u00e9gia Concursos traz not\u00edcias sobre concursos e artigos de professores oferecendo cursos para concursos (pdf + videaulas) no site.","publisher":{"@id":"https:\/\/www.estrategiaconcursos.com.br\/blog\/#organization"},"potentialAction":[{"@type":"SearchAction","target":{"@type":"EntryPoint","urlTemplate":"https:\/\/www.estrategiaconcursos.com.br\/blog\/?s={search_term_string}"},"query-input":{"@type":"PropertyValueSpecification","valueRequired":true,"valueName":"search_term_string"}}],"inLanguage":"pt-BR"},{"@type":"Organization","@id":"https:\/\/www.estrategiaconcursos.com.br\/blog\/#organization","name":"Estrat\u00e9gia Concursos","url":"https:\/\/www.estrategiaconcursos.com.br\/blog\/","logo":{"@type":"ImageObject","inLanguage":"pt-BR","@id":"https:\/\/www.estrategiaconcursos.com.br\/blog\/#\/schema\/logo\/image\/","url":"https:\/\/dhg1h5j42swfq.cloudfront.net\/2025\/06\/03203428\/logo_concursos-1.jpg","contentUrl":"https:\/\/dhg1h5j42swfq.cloudfront.net\/2025\/06\/03203428\/logo_concursos-1.jpg","width":230,"height":60,"caption":"Estrat\u00e9gia Concursos"},"image":{"@id":"https:\/\/www.estrategiaconcursos.com.br\/blog\/#\/schema\/logo\/image\/"},"sameAs":["https:\/\/x.com\/EstratConcursos"]},{"@type":"Person","@id":"https:\/\/www.estrategiaconcursos.com.br\/blog\/#\/schema\/person\/09924ae9dae935885ef15db075a3be15","name":"Nelma Fontana","image":{"@type":"ImageObject","inLanguage":"pt-BR","@id":"https:\/\/secure.gravatar.com\/avatar\/a2b4071a40b0ae857a4dfe2308130289bde3d65cc7674fb758d21a8b645071e5?s=96&d=mm&r=g","url":"https:\/\/secure.gravatar.com\/avatar\/a2b4071a40b0ae857a4dfe2308130289bde3d65cc7674fb758d21a8b645071e5?s=96&d=mm&r=g","contentUrl":"https:\/\/secure.gravatar.com\/avatar\/a2b4071a40b0ae857a4dfe2308130289bde3d65cc7674fb758d21a8b645071e5?s=96&d=mm&r=g","caption":"Nelma Fontana"},"url":"https:\/\/www.estrategiaconcursos.com.br\/blog\/author\/fontananelmagmail-com\/"}]}},"_links":{"self":[{"href":"https:\/\/www.estrategiaconcursos.com.br\/blog\/wp-json\/wp\/v2\/posts\/544412","targetHints":{"allow":["GET"]}}],"collection":[{"href":"https:\/\/www.estrategiaconcursos.com.br\/blog\/wp-json\/wp\/v2\/posts"}],"about":[{"href":"https:\/\/www.estrategiaconcursos.com.br\/blog\/wp-json\/wp\/v2\/types\/post"}],"author":[{"embeddable":true,"href":"https:\/\/www.estrategiaconcursos.com.br\/blog\/wp-json\/wp\/v2\/users\/492"}],"replies":[{"embeddable":true,"href":"https:\/\/www.estrategiaconcursos.com.br\/blog\/wp-json\/wp\/v2\/comments?post=544412"}],"version-history":[{"count":13,"href":"https:\/\/www.estrategiaconcursos.com.br\/blog\/wp-json\/wp\/v2\/posts\/544412\/revisions"}],"predecessor-version":[{"id":1229059,"href":"https:\/\/www.estrategiaconcursos.com.br\/blog\/wp-json\/wp\/v2\/posts\/544412\/revisions\/1229059"}],"wp:featuredmedia":[{"embeddable":true,"href":"https:\/\/www.estrategiaconcursos.com.br\/blog\/wp-json\/wp\/v2\/media\/545903"}],"wp:attachment":[{"href":"https:\/\/www.estrategiaconcursos.com.br\/blog\/wp-json\/wp\/v2\/media?parent=544412"}],"wp:term":[{"taxonomy":"category","embeddable":true,"href":"https:\/\/www.estrategiaconcursos.com.br\/blog\/wp-json\/wp\/v2\/categories?post=544412"},{"taxonomy":"post_tag","embeddable":true,"href":"https:\/\/www.estrategiaconcursos.com.br\/blog\/wp-json\/wp\/v2\/tags?post=544412"},{"taxonomy":"tax_estado","embeddable":true,"href":"https:\/\/www.estrategiaconcursos.com.br\/blog\/wp-json\/wp\/v2\/tax_estado?post=544412"}],"curies":[{"name":"wp","href":"https:\/\/api.w.org\/{rel}","templated":true}]}}