{"id":544104,"date":"2020-07-20T06:17:53","date_gmt":"2020-07-20T09:17:53","guid":{"rendered":"https:\/\/www.estrategiaconcursos.com.br\/blog\/?p=544104"},"modified":"2020-07-20T06:17:54","modified_gmt":"2020-07-20T09:17:54","slug":"tcu-tcdf-tce-rj-e-tce-sc-o-que-vai-cair-na-prova","status":"publish","type":"post","link":"https:\/\/www.estrategiaconcursos.com.br\/blog\/tcu-tcdf-tce-rj-e-tce-sc-o-que-vai-cair-na-prova\/","title":{"rendered":"TCU, TCDF, TCE\/RJ e TCE\/SC: O que vai cair na prova?"},"content":{"rendered":"\n<p>Logo ap\u00f3s o encerramento destas medidas de isolamento com que convivemos atualmente, devemos ter as provas para os concursos do TC\/DF, do TCE\/RJ, do TCE\/SC e do TCU. Os dois primeiros j\u00e1 est\u00e3o com edital publicado, os demais devem sair muito em breve. Os cargos est\u00e3o entre os mais desejados do Brasil, a fun\u00e7\u00e3o \u00e9 important\u00edssima e o sal\u00e1rio \u00e9 excelente, portanto, ser\u00e3o disputad\u00edssimos.<\/p>\n\n\n\n<p>Passar em concursos desse n\u00edvel requer, al\u00e9m de muita dedica\u00e7\u00e3o, a elabora\u00e7\u00e3o de uma estrat\u00e9gia de estudos organizada e funcional e, pensando nisso, escrevo este artigo para tentar responder junto com voc\u00eas: <strong>o que ir\u00e1 cair na prova<\/strong>?<\/p>\n\n\n\n<h2 class=\"wp-block-heading\">Provas anteriores<\/h2>\n\n\n\n<p>Naturalmente n\u00e3o sabemos as quest\u00f5es que ser\u00e3o cobradas, mas, verificando as provas anteriores da banca Cebraspe, n\u00f3s teremos um bom indicativo do que podemos esperar da prova, o que pode ser muito \u00fatil para que voc\u00ea consiga priorizar disciplinas e fortalecer seus estudos no que possui maior possibilidade de cobran\u00e7a.<\/p>\n\n\n\n<p>Desde o ano de 2014, o Cebraspe realizou concursos para os seguintes Tribunais de Contas: TC\/DF, TCE\/RN, TCU, TCE\/SC, TCE\/PR, TCE\/PA, TCE\/PB, TCM\/BA, TCE\/MG e TCE\/RO.<\/p>\n\n\n\n<p>Dentre os concursos citados, delimitamos apenas os para cargos de n\u00edvel superior que admitiam diversas \u00e1reas de forma\u00e7\u00e3o e destinados \u00e0 atividade de controle externo, de forma que nossa an\u00e1lise ser\u00e1 feita sobre as seguintes provas:<\/p>\n\n\n\n<figure class=\"wp-block-table is-style-stripes\"><table><tbody><tr><td><strong>\u00d3rg\u00e3o<\/strong><\/td><td><strong>Cargo<\/strong><\/td><td><strong>Ano<\/strong><\/td><\/tr><tr><td><strong>TC\/DF<\/strong><\/td><td>Auditor de Controle Externo<\/td><td>2014<\/td><\/tr><tr><td><strong>TCE\/RN<\/strong><\/td><td>Inspetor de Controle Externo<\/td><td>2015<\/td><\/tr><tr><td><strong>TCU<\/strong><\/td><td>Auditor Federal de Controle Externo<\/td><td>2015<\/td><\/tr><tr><td><strong>TCE\/PE<\/strong><\/td><td>Auditor de Controle Externo (Contas P\u00fablicas)<\/td><td>2017<\/td><\/tr><tr><td><strong>TCE\/PE<\/strong><\/td><td>Analista de Controle Externo (Contas P\u00fablicas)<\/td><td>2017<\/td><\/tr><tr><td><strong>TCE\/PB<\/strong><\/td><td>Auditor de Contas P\u00fablicas<\/td><td>2018<\/td><\/tr><tr><td><strong>TCM\/BA<\/strong><\/td><td>Auditor Estadual de Contas P\u00fablicas<\/td><td>2018<\/td><\/tr><\/tbody><\/table><\/figure>\n\n\n\n<p>Analisamos cada prova e as separamos as quest\u00f5es por disciplina, obtendo o seguinte resultado:<\/p>\n\n\n\n<figure class=\"wp-block-image size-large\"><img loading=\"lazy\" decoding=\"async\" width=\"626\" height=\"377\" src=\"https:\/\/dhg1h5j42swfq.cloudfront.net\/2020\/07\/20060224\/image-122.png\" alt=\"\" class=\"wp-image-544105\" srcset=\"https:\/\/dhg1h5j42swfq.cloudfront.net\/2020\/07\/20060224\/image-122.png 626w, https:\/\/dhg1h5j42swfq.cloudfront.net\/2020\/07\/20060224\/image-122-300x181.png 300w, https:\/\/dhg1h5j42swfq.cloudfront.net\/2020\/07\/20060224\/image-122-610x367.png 610w\" sizes=\"auto, (max-width: 626px) 100vw, 626px\" \/><\/figure>\n\n\n\n<p>Lembrando que as provas do TCM\/BA e TCE\/PB tiveram menor quantidade de quest\u00f5es porque foram de m\u00faltipla escolha e as do TCU e TC\/DF uma quantidade maior porque foram em dois per\u00edodos.<\/p>\n\n\n\n<p>Olhando brevemente a tabela acima, j\u00e1 podemos rapidamente fazer alguma observa\u00e7\u00f5es, mas vamos aprofundar um pouco.<\/p>\n\n\n\n<h2 class=\"wp-block-heading\">Distribui\u00e7\u00e3o das disciplinas<\/h2>\n\n\n\n<p>Somando os totais de quest\u00f5es de todas as provas e fazendo a sua distribui\u00e7\u00e3o relativa, temos a seguinte ordem de incid\u00eancia de cobran\u00e7a:<\/p>\n\n\n\n<figure class=\"wp-block-image size-large\"><img loading=\"lazy\" decoding=\"async\" width=\"589\" height=\"575\" src=\"https:\/\/dhg1h5j42swfq.cloudfront.net\/2020\/07\/20060257\/image-123.png\" alt=\"\" class=\"wp-image-544106\" srcset=\"https:\/\/dhg1h5j42swfq.cloudfront.net\/2020\/07\/20060257\/image-123.png 589w, https:\/\/dhg1h5j42swfq.cloudfront.net\/2020\/07\/20060257\/image-123-300x293.png 300w\" sizes=\"auto, (max-width: 589px) 100vw, 589px\" \/><\/figure>\n\n\n\n<p>De in\u00edcio, j\u00e1 podemos observar que as disciplinas mais cobradas pelo Cebraspe s\u00e3o aquelas que est\u00e3o relacionadas ao dia a dia do trabalho no Tribunal de Contas. Analisando as provas individualmente, \u00e9 poss\u00edvel perceber que algumas disciplinas mantiveram um percentual de cobran\u00e7a alto em todas elas.<\/p>\n\n\n\n<p>\u00a0AFO e Contabilidade P\u00fablica possuem, em conjunto, uma participa\u00e7\u00e3o que varia de 15 a 30% nas provas, e que, inclusive, foi crescente ao longo dos \u00faltimos anos:<\/p>\n\n\n\n<figure class=\"wp-block-image size-large\"><img loading=\"lazy\" decoding=\"async\" width=\"629\" height=\"406\" src=\"https:\/\/dhg1h5j42swfq.cloudfront.net\/2020\/07\/20060347\/image-124.png\" alt=\"\" class=\"wp-image-544107\" srcset=\"https:\/\/dhg1h5j42swfq.cloudfront.net\/2020\/07\/20060347\/image-124.png 629w, https:\/\/dhg1h5j42swfq.cloudfront.net\/2020\/07\/20060347\/image-124-300x194.png 300w, https:\/\/dhg1h5j42swfq.cloudfront.net\/2020\/07\/20060347\/image-124-610x394.png 610w\" sizes=\"auto, (max-width: 629px) 100vw, 629px\" \/><\/figure>\n\n\n\n<p>Outra disciplina sempre relevante \u00e9 Direito Administrativo:<\/p>\n\n\n\n<figure class=\"wp-block-image size-large\"><img loading=\"lazy\" decoding=\"async\" width=\"629\" height=\"398\" src=\"https:\/\/dhg1h5j42swfq.cloudfront.net\/2020\/07\/20060413\/image-125.png\" alt=\"\" class=\"wp-image-544108\" srcset=\"https:\/\/dhg1h5j42swfq.cloudfront.net\/2020\/07\/20060413\/image-125.png 629w, https:\/\/dhg1h5j42swfq.cloudfront.net\/2020\/07\/20060413\/image-125-300x190.png 300w, https:\/\/dhg1h5j42swfq.cloudfront.net\/2020\/07\/20060413\/image-125-610x386.png 610w\" sizes=\"auto, (max-width: 629px) 100vw, 629px\" \/><\/figure>\n\n\n\n<p>Contabilidade Geral, Direito Constitucional e Portugu\u00eas possuem n\u00edveis de incid\u00eancia bastante vari\u00e1veis de uma prova para outra.<\/p>\n\n\n\n<p>Contabilidade Geral:<\/p>\n\n\n\n<figure class=\"wp-block-image size-large\"><img loading=\"lazy\" decoding=\"async\" width=\"628\" height=\"398\" src=\"https:\/\/dhg1h5j42swfq.cloudfront.net\/2020\/07\/20060431\/image-126.png\" alt=\"\" class=\"wp-image-544109\" srcset=\"https:\/\/dhg1h5j42swfq.cloudfront.net\/2020\/07\/20060431\/image-126.png 628w, https:\/\/dhg1h5j42swfq.cloudfront.net\/2020\/07\/20060431\/image-126-300x190.png 300w, https:\/\/dhg1h5j42swfq.cloudfront.net\/2020\/07\/20060431\/image-126-610x387.png 610w\" sizes=\"auto, (max-width: 628px) 100vw, 628px\" \/><\/figure>\n\n\n\n<p>Direito Constitucional:<\/p>\n\n\n\n<figure class=\"wp-block-image size-large\"><img loading=\"lazy\" decoding=\"async\" width=\"614\" height=\"361\" src=\"https:\/\/dhg1h5j42swfq.cloudfront.net\/2020\/07\/20060454\/image-127.png\" alt=\"\" class=\"wp-image-544110\" srcset=\"https:\/\/dhg1h5j42swfq.cloudfront.net\/2020\/07\/20060454\/image-127.png 614w, https:\/\/dhg1h5j42swfq.cloudfront.net\/2020\/07\/20060454\/image-127-300x176.png 300w, https:\/\/dhg1h5j42swfq.cloudfront.net\/2020\/07\/20060454\/image-127-610x359.png 610w\" sizes=\"auto, (max-width: 614px) 100vw, 614px\" \/><\/figure>\n\n\n\n<p>Portugu\u00eas:<\/p>\n\n\n\n<figure class=\"wp-block-image size-large\"><img loading=\"lazy\" decoding=\"async\" width=\"614\" height=\"388\" src=\"https:\/\/dhg1h5j42swfq.cloudfront.net\/2020\/07\/20060506\/image-128.png\" alt=\"\" class=\"wp-image-544111\" srcset=\"https:\/\/dhg1h5j42swfq.cloudfront.net\/2020\/07\/20060506\/image-128.png 614w, https:\/\/dhg1h5j42swfq.cloudfront.net\/2020\/07\/20060506\/image-128-300x190.png 300w, https:\/\/dhg1h5j42swfq.cloudfront.net\/2020\/07\/20060506\/image-128-610x385.png 610w\" sizes=\"auto, (max-width: 614px) 100vw, 614px\" \/><\/figure>\n\n\n\n<p>H\u00e1 outras disciplinas que est\u00e3o sempre (ou quase sempre) presentes nos editais, mas o peso de cobran\u00e7a nem sempre \u00e9 t\u00e3o grande, como Administra\u00e7\u00e3o P\u00fablica, Auditoria e Controle Externo:<\/p>\n\n\n\n<figure class=\"wp-block-image size-large\"><img loading=\"lazy\" decoding=\"async\" width=\"636\" height=\"351\" src=\"https:\/\/dhg1h5j42swfq.cloudfront.net\/2020\/07\/20060525\/image-129.png\" alt=\"\" class=\"wp-image-544112\" srcset=\"https:\/\/dhg1h5j42swfq.cloudfront.net\/2020\/07\/20060525\/image-129.png 636w, https:\/\/dhg1h5j42swfq.cloudfront.net\/2020\/07\/20060525\/image-129-300x166.png 300w, https:\/\/dhg1h5j42swfq.cloudfront.net\/2020\/07\/20060525\/image-129-610x337.png 610w\" sizes=\"auto, (max-width: 636px) 100vw, 636px\" \/><\/figure>\n\n\n\n<p>\u00c9 bom ficar de olho ainda em An\u00e1lise de Informa\u00e7\u00f5es &#8211; que at\u00e9 2015 nem era cobrado, mas veio ganhando relev\u00e2ncia nos \u00faltimos anos &#8211; e em Direito Previdenci\u00e1rio, que nem sempre \u00e9 cobrado, mas teve um aumento de peso tamb\u00e9m:<\/p>\n\n\n\n<figure class=\"wp-block-image size-large\"><img loading=\"lazy\" decoding=\"async\" width=\"643\" height=\"400\" src=\"https:\/\/dhg1h5j42swfq.cloudfront.net\/2020\/07\/20060541\/image-130.png\" alt=\"\" class=\"wp-image-544113\" srcset=\"https:\/\/dhg1h5j42swfq.cloudfront.net\/2020\/07\/20060541\/image-130.png 643w, https:\/\/dhg1h5j42swfq.cloudfront.net\/2020\/07\/20060541\/image-130-300x187.png 300w, https:\/\/dhg1h5j42swfq.cloudfront.net\/2020\/07\/20060541\/image-130-610x379.png 610w\" sizes=\"auto, (max-width: 643px) 100vw, 643px\" \/><figcaption><br \/><\/figcaption><\/figure>\n\n\n\n<p>Vistos os dados acima, j\u00e1 podemos indicar para quem est\u00e1 estudando para Tribunais de Contas, pretende migrar para \u00e1rea ou mesmo iniciar a sua prepara\u00e7\u00e3o, deve priorizar em sua prepara\u00e7\u00e3o as disciplinas de AFO e Contabilidade P\u00fablica (coloco em conjunto, pois alguns temas se confundem entre elas), Direito Administrativo, Direito Constitucional, Contabilidade Geral e Portugu\u00eas, porque somente essas representam em conjunto aproximadamente 60% das provas:<\/p>\n\n\n\n<figure class=\"wp-block-image size-large\"><img loading=\"lazy\" decoding=\"async\" width=\"643\" height=\"332\" src=\"https:\/\/dhg1h5j42swfq.cloudfront.net\/2020\/07\/20060618\/image-131.png\" alt=\"\" class=\"wp-image-544114\" srcset=\"https:\/\/dhg1h5j42swfq.cloudfront.net\/2020\/07\/20060618\/image-131.png 643w, https:\/\/dhg1h5j42swfq.cloudfront.net\/2020\/07\/20060618\/image-131-300x155.png 300w, https:\/\/dhg1h5j42swfq.cloudfront.net\/2020\/07\/20060618\/image-131-610x315.png 610w\" sizes=\"auto, (max-width: 643px) 100vw, 643px\" \/><\/figure>\n\n\n\n<p>No <strong>Passo Estrat\u00e9gico<\/strong>, material de revis\u00e3o aqui do Estrat\u00e9gia, fazemos a an\u00e1lise estat\u00edstica de cada disciplina, analisando o que vem sendo cobrado pelo banca dentro de cada uma, e, inclusive, aprofundamos em cada aula quais s\u00e3o os t\u00f3picos mais cobrados dentro de cada assunto.<\/p>\n\n\n\n<h2 class=\"wp-block-heading\">AFO e Contabilidade P\u00fablica<\/h2>\n\n\n\n<p>Aproveitando, vamos analisar, dentro das provas citadas, as disciplinas de AFO e Contabilidade P\u00fablica:<\/p>\n\n\n\n<figure class=\"wp-block-image size-large\"><img loading=\"lazy\" decoding=\"async\" width=\"642\" height=\"375\" src=\"https:\/\/dhg1h5j42swfq.cloudfront.net\/2020\/07\/20060652\/image-132.png\" alt=\"\" class=\"wp-image-544115\" srcset=\"https:\/\/dhg1h5j42swfq.cloudfront.net\/2020\/07\/20060652\/image-132.png 642w, https:\/\/dhg1h5j42swfq.cloudfront.net\/2020\/07\/20060652\/image-132-300x175.png 300w, https:\/\/dhg1h5j42swfq.cloudfront.net\/2020\/07\/20060652\/image-132-610x356.png 610w\" sizes=\"auto, (max-width: 642px) 100vw, 642px\" \/><\/figure>\n\n\n\n<p>Lan\u00e7ando em um gr\u00e1fico, podemos perceber que os t\u00f3picos da disciplina que possuem maior import\u00e2ncia relativa s\u00e3o Despesa P\u00fablica (em vermelho), Receita P\u00fablica (em azul), Princ\u00edpios Or\u00e7ament\u00e1rios (em rosa), Lei de Responsabilidade Fiscal (em roxo) e Procedimentos Cont\u00e1beis Patrimoniais (em preto):<\/p>\n\n\n\n<figure class=\"wp-block-image size-large\"><img loading=\"lazy\" decoding=\"async\" width=\"654\" height=\"379\" src=\"https:\/\/dhg1h5j42swfq.cloudfront.net\/2020\/07\/20060711\/image-133.png\" alt=\"\" class=\"wp-image-544116\" srcset=\"https:\/\/dhg1h5j42swfq.cloudfront.net\/2020\/07\/20060711\/image-133.png 654w, https:\/\/dhg1h5j42swfq.cloudfront.net\/2020\/07\/20060711\/image-133-300x174.png 300w, https:\/\/dhg1h5j42swfq.cloudfront.net\/2020\/07\/20060711\/image-133-610x354.png 610w\" sizes=\"auto, (max-width: 654px) 100vw, 654px\" \/><\/figure>\n\n\n\n<p>Pessoal, fico por aqui, espero que essas informa\u00e7\u00f5es os ajudem a ganhar efetividade nos estudos. Conte com a nossa equipe do Passo Estrat\u00e9gico para ajud\u00e1-los na prioriza\u00e7\u00e3o dos assuntos e em seu processo de revis\u00e3o.<\/p>\n\n\n\n<p>Grande abra\u00e7o!<\/p>\n\n\n\n<p><\/p>\n\n\n\n<p><\/p>\n","protected":false},"excerpt":{"rendered":"<p>Logo ap\u00f3s o encerramento destas medidas de isolamento com que convivemos atualmente, devemos ter as provas para os concursos do TC\/DF, do TCE\/RJ, do TCE\/SC e do TCU. Os dois primeiros j\u00e1 est\u00e3o com edital publicado, os demais devem sair muito em breve. Os cargos est\u00e3o entre os mais desejados do Brasil, a fun\u00e7\u00e3o \u00e9 [&hellip;]<\/p>\n","protected":false},"author":1133,"featured_media":0,"comment_status":"open","ping_status":"closed","sticky":false,"template":"","format":"standard","meta":{"post_tipo":"article","footnotes":""},"categories":[1],"tags":[10838,432,207124,207123,598,1999,189073,118434,49593],"tax_estado":[],"class_list":["post-544104","post","type-post","status-publish","format-standard","hentry","category-cursos-e-concursos","tag-como-passar-em-concurso","tag-concurso-tcdf","tag-concurso-tce-rj","tag-concurso-tce-sc","tag-tcu","tag-tcdf","tag-tce-sc-4","tag-tce-rj","tag-tcu-2"],"acf":[],"yoast_head":"<!-- This site is optimized with the Yoast SEO Premium plugin v27.2 (Yoast SEO v27.2) - https:\/\/yoast.com\/product\/yoast-seo-premium-wordpress\/ -->\n<title>TCU, TCDF, TCE\/RJ e TCE\/SC: O que vai cair na prova?<\/title>\n<meta name=\"description\" content=\"Passar em concursos desse n\u00edvel requer, al\u00e9m de muita dedica\u00e7\u00e3o, a elabora\u00e7\u00e3o de uma estrat\u00e9gia de estudos organizada e funcional e, pensando nisso, escrevo este artigo para tentar responder junto com voc\u00eas: o que ir\u00e1 cair na prova?\" \/>\n<meta name=\"robots\" content=\"index, follow, max-snippet:-1, max-image-preview:large, max-video-preview:-1\" \/>\n<link rel=\"canonical\" href=\"https:\/\/www.estrategiaconcursos.com.br\/blog\/tcu-tcdf-tce-rj-e-tce-sc-o-que-vai-cair-na-prova\/\" \/>\n<meta property=\"og:locale\" content=\"pt_BR\" \/>\n<meta property=\"og:type\" content=\"article\" \/>\n<meta property=\"og:title\" content=\"TCU, TCDF, TCE\/RJ e TCE\/SC: O que vai cair na prova?\" \/>\n<meta property=\"og:description\" content=\"Passar em concursos desse n\u00edvel requer, al\u00e9m de muita dedica\u00e7\u00e3o, a elabora\u00e7\u00e3o de uma estrat\u00e9gia de estudos organizada e funcional e, pensando nisso, escrevo este artigo para tentar responder junto com voc\u00eas: o que ir\u00e1 cair na prova?\" \/>\n<meta property=\"og:url\" content=\"https:\/\/www.estrategiaconcursos.com.br\/blog\/tcu-tcdf-tce-rj-e-tce-sc-o-que-vai-cair-na-prova\/\" \/>\n<meta property=\"og:site_name\" content=\"Estrat\u00e9gia Concursos\" \/>\n<meta property=\"article:published_time\" content=\"2020-07-20T09:17:53+00:00\" \/>\n<meta property=\"article:modified_time\" content=\"2020-07-20T09:17:54+00:00\" \/>\n<meta property=\"og:image\" content=\"https:\/\/www.estrategiaconcursos.com.br\/blog\/wp-content\/uploads\/2020\/07\/image-122.png\" \/>\n<meta name=\"author\" content=\"Alexandre Violato Peyerl\" \/>\n<meta name=\"twitter:card\" content=\"summary_large_image\" \/>\n<meta name=\"twitter:creator\" content=\"@EstratConcursos\" \/>\n<meta name=\"twitter:site\" content=\"@EstratConcursos\" \/>\n<meta name=\"twitter:label1\" content=\"Escrito por\" \/>\n\t<meta name=\"twitter:data1\" content=\"Alexandre Violato Peyerl\" \/>\n\t<meta name=\"twitter:label2\" content=\"Est. tempo de leitura\" \/>\n\t<meta name=\"twitter:data2\" content=\"4 minutos\" \/>\n<script type=\"application\/ld+json\" class=\"yoast-schema-graph\">{\"@context\":\"https:\/\/schema.org\",\"@graph\":[{\"@type\":\"NewsArticle\",\"@id\":\"https:\/\/www.estrategiaconcursos.com.br\/blog\/tcu-tcdf-tce-rj-e-tce-sc-o-que-vai-cair-na-prova\/#article\",\"isPartOf\":{\"@id\":\"https:\/\/www.estrategiaconcursos.com.br\/blog\/tcu-tcdf-tce-rj-e-tce-sc-o-que-vai-cair-na-prova\/\"},\"author\":{\"name\":\"Alexandre Violato Peyerl\",\"@id\":\"https:\/\/www.estrategiaconcursos.com.br\/blog\/#\/schema\/person\/547ed67c5e35902e917d52e4b013bd05\"},\"headline\":\"TCU, TCDF, TCE\/RJ e TCE\/SC: O que vai cair na prova?\",\"datePublished\":\"2020-07-20T09:17:53+00:00\",\"dateModified\":\"2020-07-20T09:17:54+00:00\",\"mainEntityOfPage\":{\"@id\":\"https:\/\/www.estrategiaconcursos.com.br\/blog\/tcu-tcdf-tce-rj-e-tce-sc-o-que-vai-cair-na-prova\/\"},\"wordCount\":835,\"commentCount\":0,\"publisher\":{\"@id\":\"https:\/\/www.estrategiaconcursos.com.br\/blog\/#organization\"},\"image\":{\"@id\":\"https:\/\/www.estrategiaconcursos.com.br\/blog\/tcu-tcdf-tce-rj-e-tce-sc-o-que-vai-cair-na-prova\/#primaryimage\"},\"thumbnailUrl\":\"https:\/\/www.estrategiaconcursos.com.br\/blog\/wp-content\/uploads\/2020\/07\/image-122.png\",\"keywords\":[\"como passar em concurso\",\"concurso TCDF\",\"Concurso TCE RJ\",\"Concurso TCE SC\",\"Concurso TCU\",\"tcdf\",\"tce sc\",\"TCE-RJ\",\"TCU\"],\"articleSection\":[\"Concursos P\u00fablicos\"],\"inLanguage\":\"pt-BR\",\"potentialAction\":[{\"@type\":\"CommentAction\",\"name\":\"Comment\",\"target\":[\"https:\/\/www.estrategiaconcursos.com.br\/blog\/tcu-tcdf-tce-rj-e-tce-sc-o-que-vai-cair-na-prova\/#respond\"]}],\"copyrightYear\":\"2020\",\"copyrightHolder\":{\"@id\":\"https:\/\/www.estrategiaconcursos.com.br\/blog\/#organization\"}},{\"@type\":\"WebPage\",\"@id\":\"https:\/\/www.estrategiaconcursos.com.br\/blog\/tcu-tcdf-tce-rj-e-tce-sc-o-que-vai-cair-na-prova\/\",\"url\":\"https:\/\/www.estrategiaconcursos.com.br\/blog\/tcu-tcdf-tce-rj-e-tce-sc-o-que-vai-cair-na-prova\/\",\"name\":\"TCU, TCDF, TCE\/RJ e TCE\/SC: O que vai cair na prova?\",\"isPartOf\":{\"@id\":\"https:\/\/www.estrategiaconcursos.com.br\/blog\/#website\"},\"primaryImageOfPage\":{\"@id\":\"https:\/\/www.estrategiaconcursos.com.br\/blog\/tcu-tcdf-tce-rj-e-tce-sc-o-que-vai-cair-na-prova\/#primaryimage\"},\"image\":{\"@id\":\"https:\/\/www.estrategiaconcursos.com.br\/blog\/tcu-tcdf-tce-rj-e-tce-sc-o-que-vai-cair-na-prova\/#primaryimage\"},\"thumbnailUrl\":\"https:\/\/www.estrategiaconcursos.com.br\/blog\/wp-content\/uploads\/2020\/07\/image-122.png\",\"datePublished\":\"2020-07-20T09:17:53+00:00\",\"dateModified\":\"2020-07-20T09:17:54+00:00\",\"description\":\"Passar em concursos desse n\u00edvel requer, al\u00e9m de muita dedica\u00e7\u00e3o, a elabora\u00e7\u00e3o de uma estrat\u00e9gia de estudos organizada e funcional e, pensando nisso, escrevo este artigo para tentar responder junto com voc\u00eas: o que ir\u00e1 cair na prova?\",\"breadcrumb\":{\"@id\":\"https:\/\/www.estrategiaconcursos.com.br\/blog\/tcu-tcdf-tce-rj-e-tce-sc-o-que-vai-cair-na-prova\/#breadcrumb\"},\"inLanguage\":\"pt-BR\",\"potentialAction\":[{\"@type\":\"ReadAction\",\"target\":[\"https:\/\/www.estrategiaconcursos.com.br\/blog\/tcu-tcdf-tce-rj-e-tce-sc-o-que-vai-cair-na-prova\/\"]}]},{\"@type\":\"ImageObject\",\"inLanguage\":\"pt-BR\",\"@id\":\"https:\/\/www.estrategiaconcursos.com.br\/blog\/tcu-tcdf-tce-rj-e-tce-sc-o-que-vai-cair-na-prova\/#primaryimage\",\"url\":\"https:\/\/dhg1h5j42swfq.cloudfront.net\/2020\/07\/20060224\/image-122.png\",\"contentUrl\":\"https:\/\/dhg1h5j42swfq.cloudfront.net\/2020\/07\/20060224\/image-122.png\",\"width\":626,\"height\":377},{\"@type\":\"BreadcrumbList\",\"@id\":\"https:\/\/www.estrategiaconcursos.com.br\/blog\/tcu-tcdf-tce-rj-e-tce-sc-o-que-vai-cair-na-prova\/#breadcrumb\",\"itemListElement\":[{\"@type\":\"ListItem\",\"position\":1,\"name\":\"In\u00edcio\",\"item\":\"https:\/\/www.estrategiaconcursos.com.br\/blog\/\"},{\"@type\":\"ListItem\",\"position\":2,\"name\":\"TCU, TCDF, TCE\/RJ e TCE\/SC: O que vai cair na prova?\"}]},{\"@type\":\"WebSite\",\"@id\":\"https:\/\/www.estrategiaconcursos.com.br\/blog\/#website\",\"url\":\"https:\/\/www.estrategiaconcursos.com.br\/blog\/\",\"name\":\"Estrat\u00e9gia Concursos\",\"description\":\"O blog da Estrat\u00e9gia Concursos traz not\u00edcias sobre concursos e artigos de professores oferecendo cursos para concursos (pdf + videaulas) no site.\",\"publisher\":{\"@id\":\"https:\/\/www.estrategiaconcursos.com.br\/blog\/#organization\"},\"potentialAction\":[{\"@type\":\"SearchAction\",\"target\":{\"@type\":\"EntryPoint\",\"urlTemplate\":\"https:\/\/www.estrategiaconcursos.com.br\/blog\/?s={search_term_string}\"},\"query-input\":{\"@type\":\"PropertyValueSpecification\",\"valueRequired\":true,\"valueName\":\"search_term_string\"}}],\"inLanguage\":\"pt-BR\"},{\"@type\":\"Organization\",\"@id\":\"https:\/\/www.estrategiaconcursos.com.br\/blog\/#organization\",\"name\":\"Estrat\u00e9gia Concursos\",\"url\":\"https:\/\/www.estrategiaconcursos.com.br\/blog\/\",\"logo\":{\"@type\":\"ImageObject\",\"inLanguage\":\"pt-BR\",\"@id\":\"https:\/\/www.estrategiaconcursos.com.br\/blog\/#\/schema\/logo\/image\/\",\"url\":\"https:\/\/dhg1h5j42swfq.cloudfront.net\/2025\/06\/03203428\/logo_concursos-1.jpg\",\"contentUrl\":\"https:\/\/dhg1h5j42swfq.cloudfront.net\/2025\/06\/03203428\/logo_concursos-1.jpg\",\"width\":230,\"height\":60,\"caption\":\"Estrat\u00e9gia Concursos\"},\"image\":{\"@id\":\"https:\/\/www.estrategiaconcursos.com.br\/blog\/#\/schema\/logo\/image\/\"},\"sameAs\":[\"https:\/\/x.com\/EstratConcursos\"]},{\"@type\":\"Person\",\"@id\":\"https:\/\/www.estrategiaconcursos.com.br\/blog\/#\/schema\/person\/547ed67c5e35902e917d52e4b013bd05\",\"name\":\"Alexandre Violato Peyerl\",\"image\":{\"@type\":\"ImageObject\",\"inLanguage\":\"pt-BR\",\"@id\":\"https:\/\/secure.gravatar.com\/avatar\/e7da8c7e8aeb1bb2a4b7b9f935b0acee2dc521b076d563a649f4a9e3b1c89821?s=96&d=mm&r=g\",\"url\":\"https:\/\/secure.gravatar.com\/avatar\/e7da8c7e8aeb1bb2a4b7b9f935b0acee2dc521b076d563a649f4a9e3b1c89821?s=96&d=mm&r=g\",\"contentUrl\":\"https:\/\/secure.gravatar.com\/avatar\/e7da8c7e8aeb1bb2a4b7b9f935b0acee2dc521b076d563a649f4a9e3b1c89821?s=96&d=mm&r=g\",\"caption\":\"Alexandre Violato Peyerl\"},\"url\":\"https:\/\/www.estrategiaconcursos.com.br\/blog\/author\/alexandreviolatohotmail-com\/\"}]}<\/script>\n<!-- \/ Yoast SEO Premium plugin. -->","yoast_head_json":{"title":"TCU, TCDF, TCE\/RJ e TCE\/SC: O que vai cair na prova?","description":"Passar em concursos desse n\u00edvel requer, al\u00e9m de muita dedica\u00e7\u00e3o, a elabora\u00e7\u00e3o de uma estrat\u00e9gia de estudos organizada e funcional e, pensando nisso, escrevo este artigo para tentar responder junto com voc\u00eas: o que ir\u00e1 cair na prova?","robots":{"index":"index","follow":"follow","max-snippet":"max-snippet:-1","max-image-preview":"max-image-preview:large","max-video-preview":"max-video-preview:-1"},"canonical":"https:\/\/www.estrategiaconcursos.com.br\/blog\/tcu-tcdf-tce-rj-e-tce-sc-o-que-vai-cair-na-prova\/","og_locale":"pt_BR","og_type":"article","og_title":"TCU, TCDF, TCE\/RJ e TCE\/SC: O que vai cair na prova?","og_description":"Passar em concursos desse n\u00edvel requer, al\u00e9m de muita dedica\u00e7\u00e3o, a elabora\u00e7\u00e3o de uma estrat\u00e9gia de estudos organizada e funcional e, pensando nisso, escrevo este artigo para tentar responder junto com voc\u00eas: o que ir\u00e1 cair na prova?","og_url":"https:\/\/www.estrategiaconcursos.com.br\/blog\/tcu-tcdf-tce-rj-e-tce-sc-o-que-vai-cair-na-prova\/","og_site_name":"Estrat\u00e9gia Concursos","article_published_time":"2020-07-20T09:17:53+00:00","article_modified_time":"2020-07-20T09:17:54+00:00","og_image":[{"url":"https:\/\/www.estrategiaconcursos.com.br\/blog\/wp-content\/uploads\/2020\/07\/image-122.png","type":"","width":"","height":""}],"author":"Alexandre Violato Peyerl","twitter_card":"summary_large_image","twitter_creator":"@EstratConcursos","twitter_site":"@EstratConcursos","twitter_misc":{"Escrito por":"Alexandre Violato Peyerl","Est. tempo de leitura":"4 minutos"},"schema":{"@context":"https:\/\/schema.org","@graph":[{"@type":"NewsArticle","@id":"https:\/\/www.estrategiaconcursos.com.br\/blog\/tcu-tcdf-tce-rj-e-tce-sc-o-que-vai-cair-na-prova\/#article","isPartOf":{"@id":"https:\/\/www.estrategiaconcursos.com.br\/blog\/tcu-tcdf-tce-rj-e-tce-sc-o-que-vai-cair-na-prova\/"},"author":{"name":"Alexandre Violato Peyerl","@id":"https:\/\/www.estrategiaconcursos.com.br\/blog\/#\/schema\/person\/547ed67c5e35902e917d52e4b013bd05"},"headline":"TCU, TCDF, TCE\/RJ e TCE\/SC: O que vai cair na prova?","datePublished":"2020-07-20T09:17:53+00:00","dateModified":"2020-07-20T09:17:54+00:00","mainEntityOfPage":{"@id":"https:\/\/www.estrategiaconcursos.com.br\/blog\/tcu-tcdf-tce-rj-e-tce-sc-o-que-vai-cair-na-prova\/"},"wordCount":835,"commentCount":0,"publisher":{"@id":"https:\/\/www.estrategiaconcursos.com.br\/blog\/#organization"},"image":{"@id":"https:\/\/www.estrategiaconcursos.com.br\/blog\/tcu-tcdf-tce-rj-e-tce-sc-o-que-vai-cair-na-prova\/#primaryimage"},"thumbnailUrl":"https:\/\/www.estrategiaconcursos.com.br\/blog\/wp-content\/uploads\/2020\/07\/image-122.png","keywords":["como passar em concurso","concurso TCDF","Concurso TCE RJ","Concurso TCE SC","Concurso TCU","tcdf","tce sc","TCE-RJ","TCU"],"articleSection":["Concursos P\u00fablicos"],"inLanguage":"pt-BR","potentialAction":[{"@type":"CommentAction","name":"Comment","target":["https:\/\/www.estrategiaconcursos.com.br\/blog\/tcu-tcdf-tce-rj-e-tce-sc-o-que-vai-cair-na-prova\/#respond"]}],"copyrightYear":"2020","copyrightHolder":{"@id":"https:\/\/www.estrategiaconcursos.com.br\/blog\/#organization"}},{"@type":"WebPage","@id":"https:\/\/www.estrategiaconcursos.com.br\/blog\/tcu-tcdf-tce-rj-e-tce-sc-o-que-vai-cair-na-prova\/","url":"https:\/\/www.estrategiaconcursos.com.br\/blog\/tcu-tcdf-tce-rj-e-tce-sc-o-que-vai-cair-na-prova\/","name":"TCU, TCDF, TCE\/RJ e TCE\/SC: O que vai cair na prova?","isPartOf":{"@id":"https:\/\/www.estrategiaconcursos.com.br\/blog\/#website"},"primaryImageOfPage":{"@id":"https:\/\/www.estrategiaconcursos.com.br\/blog\/tcu-tcdf-tce-rj-e-tce-sc-o-que-vai-cair-na-prova\/#primaryimage"},"image":{"@id":"https:\/\/www.estrategiaconcursos.com.br\/blog\/tcu-tcdf-tce-rj-e-tce-sc-o-que-vai-cair-na-prova\/#primaryimage"},"thumbnailUrl":"https:\/\/www.estrategiaconcursos.com.br\/blog\/wp-content\/uploads\/2020\/07\/image-122.png","datePublished":"2020-07-20T09:17:53+00:00","dateModified":"2020-07-20T09:17:54+00:00","description":"Passar em concursos desse n\u00edvel requer, al\u00e9m de muita dedica\u00e7\u00e3o, a elabora\u00e7\u00e3o de uma estrat\u00e9gia de estudos organizada e funcional e, pensando nisso, escrevo este artigo para tentar responder junto com voc\u00eas: o que ir\u00e1 cair na prova?","breadcrumb":{"@id":"https:\/\/www.estrategiaconcursos.com.br\/blog\/tcu-tcdf-tce-rj-e-tce-sc-o-que-vai-cair-na-prova\/#breadcrumb"},"inLanguage":"pt-BR","potentialAction":[{"@type":"ReadAction","target":["https:\/\/www.estrategiaconcursos.com.br\/blog\/tcu-tcdf-tce-rj-e-tce-sc-o-que-vai-cair-na-prova\/"]}]},{"@type":"ImageObject","inLanguage":"pt-BR","@id":"https:\/\/www.estrategiaconcursos.com.br\/blog\/tcu-tcdf-tce-rj-e-tce-sc-o-que-vai-cair-na-prova\/#primaryimage","url":"https:\/\/dhg1h5j42swfq.cloudfront.net\/2020\/07\/20060224\/image-122.png","contentUrl":"https:\/\/dhg1h5j42swfq.cloudfront.net\/2020\/07\/20060224\/image-122.png","width":626,"height":377},{"@type":"BreadcrumbList","@id":"https:\/\/www.estrategiaconcursos.com.br\/blog\/tcu-tcdf-tce-rj-e-tce-sc-o-que-vai-cair-na-prova\/#breadcrumb","itemListElement":[{"@type":"ListItem","position":1,"name":"In\u00edcio","item":"https:\/\/www.estrategiaconcursos.com.br\/blog\/"},{"@type":"ListItem","position":2,"name":"TCU, TCDF, TCE\/RJ e TCE\/SC: O que vai cair na prova?"}]},{"@type":"WebSite","@id":"https:\/\/www.estrategiaconcursos.com.br\/blog\/#website","url":"https:\/\/www.estrategiaconcursos.com.br\/blog\/","name":"Estrat\u00e9gia Concursos","description":"O blog da Estrat\u00e9gia Concursos traz not\u00edcias sobre concursos e artigos de professores oferecendo cursos para concursos (pdf + videaulas) no site.","publisher":{"@id":"https:\/\/www.estrategiaconcursos.com.br\/blog\/#organization"},"potentialAction":[{"@type":"SearchAction","target":{"@type":"EntryPoint","urlTemplate":"https:\/\/www.estrategiaconcursos.com.br\/blog\/?s={search_term_string}"},"query-input":{"@type":"PropertyValueSpecification","valueRequired":true,"valueName":"search_term_string"}}],"inLanguage":"pt-BR"},{"@type":"Organization","@id":"https:\/\/www.estrategiaconcursos.com.br\/blog\/#organization","name":"Estrat\u00e9gia Concursos","url":"https:\/\/www.estrategiaconcursos.com.br\/blog\/","logo":{"@type":"ImageObject","inLanguage":"pt-BR","@id":"https:\/\/www.estrategiaconcursos.com.br\/blog\/#\/schema\/logo\/image\/","url":"https:\/\/dhg1h5j42swfq.cloudfront.net\/2025\/06\/03203428\/logo_concursos-1.jpg","contentUrl":"https:\/\/dhg1h5j42swfq.cloudfront.net\/2025\/06\/03203428\/logo_concursos-1.jpg","width":230,"height":60,"caption":"Estrat\u00e9gia Concursos"},"image":{"@id":"https:\/\/www.estrategiaconcursos.com.br\/blog\/#\/schema\/logo\/image\/"},"sameAs":["https:\/\/x.com\/EstratConcursos"]},{"@type":"Person","@id":"https:\/\/www.estrategiaconcursos.com.br\/blog\/#\/schema\/person\/547ed67c5e35902e917d52e4b013bd05","name":"Alexandre Violato Peyerl","image":{"@type":"ImageObject","inLanguage":"pt-BR","@id":"https:\/\/secure.gravatar.com\/avatar\/e7da8c7e8aeb1bb2a4b7b9f935b0acee2dc521b076d563a649f4a9e3b1c89821?s=96&d=mm&r=g","url":"https:\/\/secure.gravatar.com\/avatar\/e7da8c7e8aeb1bb2a4b7b9f935b0acee2dc521b076d563a649f4a9e3b1c89821?s=96&d=mm&r=g","contentUrl":"https:\/\/secure.gravatar.com\/avatar\/e7da8c7e8aeb1bb2a4b7b9f935b0acee2dc521b076d563a649f4a9e3b1c89821?s=96&d=mm&r=g","caption":"Alexandre Violato Peyerl"},"url":"https:\/\/www.estrategiaconcursos.com.br\/blog\/author\/alexandreviolatohotmail-com\/"}]}},"_links":{"self":[{"href":"https:\/\/www.estrategiaconcursos.com.br\/blog\/wp-json\/wp\/v2\/posts\/544104","targetHints":{"allow":["GET"]}}],"collection":[{"href":"https:\/\/www.estrategiaconcursos.com.br\/blog\/wp-json\/wp\/v2\/posts"}],"about":[{"href":"https:\/\/www.estrategiaconcursos.com.br\/blog\/wp-json\/wp\/v2\/types\/post"}],"author":[{"embeddable":true,"href":"https:\/\/www.estrategiaconcursos.com.br\/blog\/wp-json\/wp\/v2\/users\/1133"}],"replies":[{"embeddable":true,"href":"https:\/\/www.estrategiaconcursos.com.br\/blog\/wp-json\/wp\/v2\/comments?post=544104"}],"version-history":[{"count":3,"href":"https:\/\/www.estrategiaconcursos.com.br\/blog\/wp-json\/wp\/v2\/posts\/544104\/revisions"}],"predecessor-version":[{"id":544122,"href":"https:\/\/www.estrategiaconcursos.com.br\/blog\/wp-json\/wp\/v2\/posts\/544104\/revisions\/544122"}],"wp:attachment":[{"href":"https:\/\/www.estrategiaconcursos.com.br\/blog\/wp-json\/wp\/v2\/media?parent=544104"}],"wp:term":[{"taxonomy":"category","embeddable":true,"href":"https:\/\/www.estrategiaconcursos.com.br\/blog\/wp-json\/wp\/v2\/categories?post=544104"},{"taxonomy":"post_tag","embeddable":true,"href":"https:\/\/www.estrategiaconcursos.com.br\/blog\/wp-json\/wp\/v2\/tags?post=544104"},{"taxonomy":"tax_estado","embeddable":true,"href":"https:\/\/www.estrategiaconcursos.com.br\/blog\/wp-json\/wp\/v2\/tax_estado?post=544104"}],"curies":[{"name":"wp","href":"https:\/\/api.w.org\/{rel}","templated":true}]}}