{"id":54345,"date":"2016-11-07T18:07:37","date_gmt":"2016-11-07T21:07:37","guid":{"rendered":"https:\/\/www.estrategiaconcursos.com.br\/blog\/?p=54345"},"modified":"2019-04-09T15:39:26","modified_gmt":"2019-04-09T18:39:26","slug":"vem-ai-2a-edicao-da-semana-oab","status":"publish","type":"post","link":"https:\/\/www.estrategiaconcursos.com.br\/blog\/vem-ai-2a-edicao-da-semana-oab\/","title":{"rendered":"Vem a\u00ed a 2\u00aa Edi\u00e7\u00e3o da Semana OAB"},"content":{"rendered":"<h3><strong><img loading=\"lazy\" decoding=\"async\" class=\"aligncenter wp-image-54346 size-full\" src=\"https:\/\/dhg1h5j42swfq.cloudfront.net\/2016\/11\/07180122\/303-v1.png\" alt=\"303-v1\" width=\"970\" height=\"220\" srcset=\"https:\/\/dhg1h5j42swfq.cloudfront.net\/2016\/11\/07180122\/303-v1.png 970w, https:\/\/dhg1h5j42swfq.cloudfront.net\/2016\/11\/07180122\/303-v1.png 300w, https:\/\/dhg1h5j42swfq.cloudfront.net\/2016\/11\/07180122\/303-v1.png 768w, https:\/\/dhg1h5j42swfq.cloudfront.net\/2016\/11\/07180122\/303-v1.png 500w\" sizes=\"auto, (max-width: 970px) 100vw, 970px\" \/><\/strong><\/h3>\n<p>&nbsp;<\/p>\n<h3 style=\"text-align: justify;\"><strong>Vem a\u00ed a 2\u00aa Edi\u00e7\u00e3o da Semana OAB<\/strong><\/h3>\n<p style=\"text-align: justify;\">No m\u00eas de novembro teremos a 1\u00aa fase do XXI Exame de Ordem. No dia 27 de novembro mais de 130 mil candidatos prestar\u00e3o provas com o objetivo de acertar, pelo menos, 40 das 80 quest\u00f5es e garantir o passaporte para a 2\u00aa fase do Exame de Ordem.<\/p>\n<p style=\"text-align: justify;\">Devido ao sucesso que tivemos com a Semana OAB para o XX Exame, preparamos a segunda edi\u00e7\u00e3o do evento, que ser\u00e1 transmitida ao vivo e gratuitamente para quem estiver inscrito no link abaixo:<\/p>\n<p style=\"text-align: center;\"><strong><span style=\"color: #ff0000;\"><a style=\"color: #ff0000;\" href=\"https:\/\/www.estrategiaconcursos.com.br\/semana-especial-oab\/\">QUERO PARTICIPAR DA 2\u00aa DA SEMANA OAB<\/a><\/span><\/strong><\/p>\n<p style=\"text-align: justify;\">No \u00faltimo Exame foram mais de 2.000 mil pessoas ao vivo. Com revis\u00f5es de todas as 17 disciplinas, mais de 15 horas de evento gratuito e de qualidade. Com isso muitos examinandos obtiveram sucesso no primeiro Exame.<\/p>\n<p style=\"text-align: justify;\">Veja dois depoimentos de alunos nossos:<\/p>\n<p style=\"padding-left: 60px; text-align: justify;\">\u201c<em>Boa noite! Gostaria de agradecer pelas aulas ministradas na semana de revis\u00e3o pra OAB! Cada professor colaborou bastante pra minha aprova\u00e7\u00e3o na prova de hoje! <\/em><em>\u00a0Muit\u00edssimo obrigada por todo o conte\u00fado ministrado. Excelente&#8230;<\/em>\u201d<\/p>\n<p style=\"padding-left: 60px; text-align: right;\">Larissa Martins<\/p>\n<p style=\"padding-left: 60px; text-align: justify;\">\u00a0\u201c<em>Equipe do Estrat\u00e9gia &#8211; Primeiro eu reclamei bastante da prova, fiquei desacreditada. Depois saiu o gabarito (preliminar da FGV) e eu contei cinco vezes porque n\u00e3o acreditava que tinha acertado 48 quest\u00f5es mesmo tendo passado duas de civil erradas pro gabarito (Sim, era pra ter sido 50). Estudei \u00e9tica uma semana, foi 10. Assisti as dicas do Estrat\u00e9gia essa semana e garanti os pontos suficientes pra passar. Foi sucesso, professores sucesso &#8211; caiu muita coisa das dicas. Agradecida de cora\u00e7\u00e3o ! Partiu segunda fase, agrade\u00e7o a disponibilidade dos professores excelentes, sem eles eu n\u00e3o teria conseguido! <\/em>\u201d<\/p>\n<p style=\"text-align: right;\">B\u00e1rbara Negrini<\/p>\n<p style=\"text-align: justify;\">Outros depoimentos de alunos aprovados, voc\u00ea pode encontrar <span style=\"color: #ff0000;\"><strong><a style=\"color: #ff0000;\" href=\"http:\/\/www.estrategiaoab.com.br\/depoimentos\/\">AQUI<\/a><\/strong><\/span>!<\/p>\n<p style=\"text-align: justify;\">Mensagens como essas e centenas de aprova\u00e7\u00f5es, nos motivam a realizar novamente um evento gratuito e de qualidade!<\/p>\n<p style=\"text-align: center;\"><span style=\"color: #ff0000;\"><strong><a style=\"color: #ff0000;\" href=\"https:\/\/www.estrategiaconcursos.com.br\/semana-especial-oab\/\">INSCREVA-SE <span style=\"color: #ff0000;\">AQUI<\/span><\/a><\/strong><\/span><\/p>\n<p style=\"text-align: justify;\">A semana observar\u00e1 o seguinte cronograma:<\/p>\n<p style=\"text-align: justify;\">&#8212;<\/p>\n<p style=\"text-align: justify;\"><strong>DIA 21 \u2013 segunda-feira<\/strong><\/p>\n<p style=\"text-align: justify;\">Direito Constitucional \u2013 Prof. Ricardo Vale \u2013 1,5 hora \u2013\u00a0<strong>19h<\/strong><\/p>\n<p style=\"text-align: justify;\">Direito Civil \u2013 Prof. Paulo H. M. Sousa \u2013 1,5 hora \u2013\u00a0<strong>20h30min<\/strong><\/p>\n<p style=\"text-align: justify;\">Estatuto da Crian\u00e7a e do Adolescente \u2013 Prof. Ricardo Torques \u2013 0,5 hora \u2013 21h \u2013\u00a0<strong>22h<\/strong><\/p>\n<p style=\"text-align: justify;\"><strong>DIA  &#8211;\u00a0 22 \u00a0\u2013 ter\u00e7a-feira<\/strong><\/p>\n<p style=\"text-align: justify;\">Direitos Humanos \u2013 Prof. Ricardo Torques \u2013 1 hora\u00a0<strong>\u2013 19h<\/strong><\/p>\n<p style=\"text-align: justify;\">Direito Empresarial \u2013 Prof. Gabriel Rabelo &#8211; 1 hora \u2013\u00a0<strong>20h<\/strong><\/p>\n<p style=\"text-align: justify;\">Direito Ambiental \u2013 Prof. Rosenval J\u00fanior &#8211; 0,5 hora \u2013\u00a0<strong>21h<\/strong><\/p>\n<p style=\"text-align: justify;\">Direito Internacional \u2013 Prof. Ricardo Vale &#8211; 0,5 hora \u2013\u00a0<strong>21h30min<\/strong><\/p>\n<p style=\"text-align: justify;\"><strong>DIA &#8211; 23\u00a0\u2013 quarta-feira<\/strong><\/p>\n<p style=\"text-align: justify;\">Direito Processual do Trabalho \u2013 Prof. Bruno Klippel \u2013 1 hora \u2013\u00a0<strong>19h<\/strong><\/p>\n<p style=\"text-align: justify;\">Direito do Trabalho \u2013 Prof. Bruno Klippel \u00a0\u2013 1 hora \u2013\u00a0<strong>20h<\/strong><\/p>\n<p style=\"text-align: justify;\">Direito Tribut\u00e1rio \u2013 Prof. F\u00e1bio Dutra \u2013 1 hora \u2013\u00a0<strong>21h<\/strong><\/p>\n<p style=\"text-align: justify;\">Filosofia do Direito \u2013 Prof. Ricardo Torques \u2013 0,5 hora \u2013\u00a0<strong>22h00min<\/strong><\/p>\n<p style=\"text-align: justify;\"><strong>DIA<\/strong>\u00a0\u2013\u00a0<strong>24 &#8211; quinta feira<\/strong><\/p>\n<p style=\"text-align: justify;\">Estatuto e C\u00f3digo de \u00c9tica \u2013 Prof. Daniel Mesquita \u2013 1 hora \u2013\u00a0<strong>19h<\/strong><\/p>\n<p style=\"text-align: justify;\">Direito Processual Civil \u2013 Prof. Gabriel Borges &#8211; 1,5 hora \u2013\u00a0<strong>20h<\/strong><\/p>\n<p style=\"text-align: justify;\">Direito Administrativo \u2013 Prof. Erick Alves \u2013 1 hora \u2013\u00a0<strong>21h30min<\/strong><\/p>\n<p style=\"text-align: justify;\"><strong>DIA<\/strong>\u00a0<strong>25 &#8211; sexta-feira<\/strong><\/p>\n<p style=\"text-align: justify;\">Direito Penal \u2013 Prof. Renan Ara\u00fajo \u2013 1,5 hora \u2013\u00a0<strong>19h<\/strong><\/p>\n<p style=\"text-align: justify;\">Direito do Consumidor \u2013 Prof. Ricardo Schettini \u2013 0,5 hora \u2013\u00a0<strong>20h30min<\/strong><\/p>\n<p style=\"text-align: justify;\">Direito Processual Penal \u2013 Prof. Renan Ara\u00fajo \u2013 1h \u2013\u00a0<strong>21h<\/strong><\/p>\n<p style=\"text-align: justify;\">&#8212;<\/p>\n<p style=\"text-align: justify;\">Portanto, reserve a sua semana e venha participar conosco da Semana Especial OAB.<\/p>\n<p style=\"text-align: justify;\">Lembre-se de compartilhar esse artigo nas suas redes sociais e com seus amigos da faculdade!<\/p>\n<p style=\"text-align: justify;\">Conhe\u00e7a nossos cursos:<\/p>\n<p style=\"text-align: center;\"><span style=\"color: #ff0000;\"><strong><a style=\"color: #ff0000;\" href=\"https:\/\/www.estrategiaconcursos.com.br\/cursosPorConcurso\/exame-de-ordem-oab-146\/\" target=\"_blank\" rel=\"noopener noreferrer\">CURSOS ESTRAT\u00c9GIA OAB &#8211; 1\u00aaFASE<\/a><\/strong><\/span><\/p>\n<p style=\"text-align: center;\"><span style=\"color: #ff0000;\"><strong><a style=\"color: #ff0000;\" href=\"https:\/\/www.estrategiaconcursos.com.br\/cursosPorConcurso\/oab-2-fase-192\/\" target=\"_blank\" rel=\"noopener noreferrer\">CURSOS ESTRAT\u00c9GIA OAB &#8211; 2\u00aaFASE<\/a><\/strong><\/span><\/p>\n<p style=\"text-align: justify;\">Qualquer d\u00favida, deixe seu coment\u00e1rio!<\/p>\n","protected":false},"excerpt":{"rendered":"<p>&nbsp; Vem a\u00ed a 2\u00aa Edi\u00e7\u00e3o da Semana OAB No m\u00eas de novembro teremos a 1\u00aa fase do XXI Exame de Ordem. No dia 27 de novembro mais de 130 mil candidatos prestar\u00e3o provas com o objetivo de acertar, pelo menos, 40 das 80 quest\u00f5es e garantir o passaporte para a 2\u00aa fase do Exame [&hellip;]<\/p>\n","protected":false},"author":180,"featured_media":54347,"comment_status":"open","ping_status":"open","sticky":false,"template":"","format":"standard","meta":{"post_tipo":"article","footnotes":""},"categories":[1],"tags":[71,1976],"tax_estado":[],"class_list":["post-54345","post","type-post","status-publish","format-standard","has-post-thumbnail","hentry","category-cursos-e-concursos","tag-oab","tag-semana-oab"],"acf":[],"yoast_head":"<!-- This site is optimized with the Yoast SEO Premium plugin v27.2 (Yoast SEO v27.2) - https:\/\/yoast.com\/product\/yoast-seo-premium-wordpress\/ -->\n<title>Vem a\u00ed a 2\u00aa Edi\u00e7\u00e3o da Semana OAB<\/title>\n<meta name=\"robots\" content=\"index, follow, max-snippet:-1, max-image-preview:large, max-video-preview:-1\" \/>\n<link rel=\"canonical\" href=\"https:\/\/www.estrategiaconcursos.com.br\/blog\/vem-ai-2a-edicao-da-semana-oab\/\" \/>\n<meta property=\"og:locale\" content=\"pt_BR\" \/>\n<meta property=\"og:type\" content=\"article\" \/>\n<meta property=\"og:title\" content=\"Vem a\u00ed a 2\u00aa Edi\u00e7\u00e3o da Semana OAB\" \/>\n<meta property=\"og:description\" content=\"&nbsp; Vem a\u00ed a 2\u00aa Edi\u00e7\u00e3o da Semana OAB No m\u00eas de novembro teremos a 1\u00aa fase do XXI Exame de Ordem. No dia 27 de novembro mais de 130 mil candidatos prestar\u00e3o provas com o objetivo de acertar, pelo menos, 40 das 80 quest\u00f5es e garantir o passaporte para a 2\u00aa fase do Exame [&hellip;]\" \/>\n<meta property=\"og:url\" content=\"https:\/\/www.estrategiaconcursos.com.br\/blog\/vem-ai-2a-edicao-da-semana-oab\/\" \/>\n<meta property=\"og:site_name\" content=\"Estrat\u00e9gia Concursos\" \/>\n<meta property=\"article:author\" content=\"https:\/\/www.facebook.com\/ricardo.s.torques\" \/>\n<meta property=\"article:published_time\" content=\"2016-11-07T21:07:37+00:00\" \/>\n<meta property=\"article:modified_time\" content=\"2019-04-09T18:39:26+00:00\" \/>\n<meta property=\"og:image\" content=\"https:\/\/dhg1h5j42swfq.cloudfront.net\/2016\/11\/07180216\/21.jpg\" \/>\n\t<meta property=\"og:image:width\" content=\"420\" \/>\n\t<meta property=\"og:image:height\" content=\"224\" \/>\n\t<meta property=\"og:image:type\" content=\"image\/jpeg\" \/>\n<meta name=\"author\" content=\"Ricardo Torques\" \/>\n<meta name=\"twitter:card\" content=\"summary_large_image\" \/>\n<meta name=\"twitter:creator\" content=\"@EstratConcursos\" \/>\n<meta name=\"twitter:site\" content=\"@EstratConcursos\" \/>\n<meta name=\"twitter:label1\" content=\"Escrito por\" \/>\n\t<meta name=\"twitter:data1\" content=\"Ricardo Torques\" \/>\n\t<meta name=\"twitter:label2\" content=\"Est. tempo de leitura\" \/>\n\t<meta name=\"twitter:data2\" content=\"3 minutos\" \/>\n<script type=\"application\/ld+json\" class=\"yoast-schema-graph\">{\"@context\":\"https:\/\/schema.org\",\"@graph\":[{\"@type\":\"NewsArticle\",\"@id\":\"https:\/\/www.estrategiaconcursos.com.br\/blog\/vem-ai-2a-edicao-da-semana-oab\/#article\",\"isPartOf\":{\"@id\":\"https:\/\/www.estrategiaconcursos.com.br\/blog\/vem-ai-2a-edicao-da-semana-oab\/\"},\"author\":{\"name\":\"Ricardo Torques\",\"@id\":\"https:\/\/www.estrategiaconcursos.com.br\/blog\/#\/schema\/person\/aa39cf5ddb518e5bdce27c35788405e2\"},\"headline\":\"Vem a\u00ed a 2\u00aa Edi\u00e7\u00e3o da Semana OAB\",\"datePublished\":\"2016-11-07T21:07:37+00:00\",\"dateModified\":\"2019-04-09T18:39:26+00:00\",\"mainEntityOfPage\":{\"@id\":\"https:\/\/www.estrategiaconcursos.com.br\/blog\/vem-ai-2a-edicao-da-semana-oab\/\"},\"wordCount\":541,\"commentCount\":0,\"publisher\":{\"@id\":\"https:\/\/www.estrategiaconcursos.com.br\/blog\/#organization\"},\"image\":{\"@id\":\"https:\/\/www.estrategiaconcursos.com.br\/blog\/vem-ai-2a-edicao-da-semana-oab\/#primaryimage\"},\"thumbnailUrl\":\"https:\/\/dhg1h5j42swfq.cloudfront.net\/2016\/11\/07180216\/21.jpg\",\"keywords\":[\"OAB\",\"Semana OAB\"],\"articleSection\":[\"Concursos P\u00fablicos\"],\"inLanguage\":\"pt-BR\",\"potentialAction\":[{\"@type\":\"CommentAction\",\"name\":\"Comment\",\"target\":[\"https:\/\/www.estrategiaconcursos.com.br\/blog\/vem-ai-2a-edicao-da-semana-oab\/#respond\"]}],\"copyrightYear\":\"2016\",\"copyrightHolder\":{\"@id\":\"https:\/\/www.estrategiaconcursos.com.br\/blog\/#organization\"}},{\"@type\":\"WebPage\",\"@id\":\"https:\/\/www.estrategiaconcursos.com.br\/blog\/vem-ai-2a-edicao-da-semana-oab\/\",\"url\":\"https:\/\/www.estrategiaconcursos.com.br\/blog\/vem-ai-2a-edicao-da-semana-oab\/\",\"name\":\"Vem a\u00ed a 2\u00aa Edi\u00e7\u00e3o da Semana OAB\",\"isPartOf\":{\"@id\":\"https:\/\/www.estrategiaconcursos.com.br\/blog\/#website\"},\"primaryImageOfPage\":{\"@id\":\"https:\/\/www.estrategiaconcursos.com.br\/blog\/vem-ai-2a-edicao-da-semana-oab\/#primaryimage\"},\"image\":{\"@id\":\"https:\/\/www.estrategiaconcursos.com.br\/blog\/vem-ai-2a-edicao-da-semana-oab\/#primaryimage\"},\"thumbnailUrl\":\"https:\/\/dhg1h5j42swfq.cloudfront.net\/2016\/11\/07180216\/21.jpg\",\"datePublished\":\"2016-11-07T21:07:37+00:00\",\"dateModified\":\"2019-04-09T18:39:26+00:00\",\"breadcrumb\":{\"@id\":\"https:\/\/www.estrategiaconcursos.com.br\/blog\/vem-ai-2a-edicao-da-semana-oab\/#breadcrumb\"},\"inLanguage\":\"pt-BR\",\"potentialAction\":[{\"@type\":\"ReadAction\",\"target\":[\"https:\/\/www.estrategiaconcursos.com.br\/blog\/vem-ai-2a-edicao-da-semana-oab\/\"]}]},{\"@type\":\"ImageObject\",\"inLanguage\":\"pt-BR\",\"@id\":\"https:\/\/www.estrategiaconcursos.com.br\/blog\/vem-ai-2a-edicao-da-semana-oab\/#primaryimage\",\"url\":\"https:\/\/dhg1h5j42swfq.cloudfront.net\/2016\/11\/07180216\/21.jpg\",\"contentUrl\":\"https:\/\/dhg1h5j42swfq.cloudfront.net\/2016\/11\/07180216\/21.jpg\",\"width\":420,\"height\":224},{\"@type\":\"BreadcrumbList\",\"@id\":\"https:\/\/www.estrategiaconcursos.com.br\/blog\/vem-ai-2a-edicao-da-semana-oab\/#breadcrumb\",\"itemListElement\":[{\"@type\":\"ListItem\",\"position\":1,\"name\":\"In\u00edcio\",\"item\":\"https:\/\/www.estrategiaconcursos.com.br\/blog\/\"},{\"@type\":\"ListItem\",\"position\":2,\"name\":\"Vem a\u00ed a 2\u00aa Edi\u00e7\u00e3o da Semana OAB\"}]},{\"@type\":\"WebSite\",\"@id\":\"https:\/\/www.estrategiaconcursos.com.br\/blog\/#website\",\"url\":\"https:\/\/www.estrategiaconcursos.com.br\/blog\/\",\"name\":\"Estrat\u00e9gia Concursos\",\"description\":\"O blog da Estrat\u00e9gia Concursos traz not\u00edcias sobre concursos e artigos de professores oferecendo cursos para concursos (pdf + videaulas) no site.\",\"publisher\":{\"@id\":\"https:\/\/www.estrategiaconcursos.com.br\/blog\/#organization\"},\"potentialAction\":[{\"@type\":\"SearchAction\",\"target\":{\"@type\":\"EntryPoint\",\"urlTemplate\":\"https:\/\/www.estrategiaconcursos.com.br\/blog\/?s={search_term_string}\"},\"query-input\":{\"@type\":\"PropertyValueSpecification\",\"valueRequired\":true,\"valueName\":\"search_term_string\"}}],\"inLanguage\":\"pt-BR\"},{\"@type\":\"Organization\",\"@id\":\"https:\/\/www.estrategiaconcursos.com.br\/blog\/#organization\",\"name\":\"Estrat\u00e9gia Concursos\",\"url\":\"https:\/\/www.estrategiaconcursos.com.br\/blog\/\",\"logo\":{\"@type\":\"ImageObject\",\"inLanguage\":\"pt-BR\",\"@id\":\"https:\/\/www.estrategiaconcursos.com.br\/blog\/#\/schema\/logo\/image\/\",\"url\":\"https:\/\/dhg1h5j42swfq.cloudfront.net\/2025\/06\/03203428\/logo_concursos-1.jpg\",\"contentUrl\":\"https:\/\/dhg1h5j42swfq.cloudfront.net\/2025\/06\/03203428\/logo_concursos-1.jpg\",\"width\":230,\"height\":60,\"caption\":\"Estrat\u00e9gia Concursos\"},\"image\":{\"@id\":\"https:\/\/www.estrategiaconcursos.com.br\/blog\/#\/schema\/logo\/image\/\"},\"sameAs\":[\"https:\/\/x.com\/EstratConcursos\"]},{\"@type\":\"Person\",\"@id\":\"https:\/\/www.estrategiaconcursos.com.br\/blog\/#\/schema\/person\/aa39cf5ddb518e5bdce27c35788405e2\",\"name\":\"Ricardo Torques\",\"image\":{\"@type\":\"ImageObject\",\"inLanguage\":\"pt-BR\",\"@id\":\"https:\/\/secure.gravatar.com\/avatar\/ce9ac6c3cff25fe86d15ed568ebc64d1724baf5c0693133bcb1f6073f712f92a?s=96&d=mm&r=g\",\"url\":\"https:\/\/secure.gravatar.com\/avatar\/ce9ac6c3cff25fe86d15ed568ebc64d1724baf5c0693133bcb1f6073f712f92a?s=96&d=mm&r=g\",\"contentUrl\":\"https:\/\/secure.gravatar.com\/avatar\/ce9ac6c3cff25fe86d15ed568ebc64d1724baf5c0693133bcb1f6073f712f92a?s=96&d=mm&r=g\",\"caption\":\"Ricardo Torques\"},\"sameAs\":[\"https:\/\/www.facebook.com\/ricardo.s.torques\"],\"url\":\"https:\/\/www.estrategiaconcursos.com.br\/blog\/author\/ricardotorquesestrategiaconcursos-com-br\/\"}]}<\/script>\n<!-- \/ Yoast SEO Premium plugin. -->","yoast_head_json":{"title":"Vem a\u00ed a 2\u00aa Edi\u00e7\u00e3o da Semana OAB","robots":{"index":"index","follow":"follow","max-snippet":"max-snippet:-1","max-image-preview":"max-image-preview:large","max-video-preview":"max-video-preview:-1"},"canonical":"https:\/\/www.estrategiaconcursos.com.br\/blog\/vem-ai-2a-edicao-da-semana-oab\/","og_locale":"pt_BR","og_type":"article","og_title":"Vem a\u00ed a 2\u00aa Edi\u00e7\u00e3o da Semana OAB","og_description":"&nbsp; Vem a\u00ed a 2\u00aa Edi\u00e7\u00e3o da Semana OAB No m\u00eas de novembro teremos a 1\u00aa fase do XXI Exame de Ordem. No dia 27 de novembro mais de 130 mil candidatos prestar\u00e3o provas com o objetivo de acertar, pelo menos, 40 das 80 quest\u00f5es e garantir o passaporte para a 2\u00aa fase do Exame [&hellip;]","og_url":"https:\/\/www.estrategiaconcursos.com.br\/blog\/vem-ai-2a-edicao-da-semana-oab\/","og_site_name":"Estrat\u00e9gia Concursos","article_author":"https:\/\/www.facebook.com\/ricardo.s.torques","article_published_time":"2016-11-07T21:07:37+00:00","article_modified_time":"2019-04-09T18:39:26+00:00","og_image":[{"width":420,"height":224,"url":"https:\/\/dhg1h5j42swfq.cloudfront.net\/2016\/11\/07180216\/21.jpg","type":"image\/jpeg"}],"author":"Ricardo Torques","twitter_card":"summary_large_image","twitter_creator":"@EstratConcursos","twitter_site":"@EstratConcursos","twitter_misc":{"Escrito por":"Ricardo Torques","Est. tempo de leitura":"3 minutos"},"schema":{"@context":"https:\/\/schema.org","@graph":[{"@type":"NewsArticle","@id":"https:\/\/www.estrategiaconcursos.com.br\/blog\/vem-ai-2a-edicao-da-semana-oab\/#article","isPartOf":{"@id":"https:\/\/www.estrategiaconcursos.com.br\/blog\/vem-ai-2a-edicao-da-semana-oab\/"},"author":{"name":"Ricardo Torques","@id":"https:\/\/www.estrategiaconcursos.com.br\/blog\/#\/schema\/person\/aa39cf5ddb518e5bdce27c35788405e2"},"headline":"Vem a\u00ed a 2\u00aa Edi\u00e7\u00e3o da Semana OAB","datePublished":"2016-11-07T21:07:37+00:00","dateModified":"2019-04-09T18:39:26+00:00","mainEntityOfPage":{"@id":"https:\/\/www.estrategiaconcursos.com.br\/blog\/vem-ai-2a-edicao-da-semana-oab\/"},"wordCount":541,"commentCount":0,"publisher":{"@id":"https:\/\/www.estrategiaconcursos.com.br\/blog\/#organization"},"image":{"@id":"https:\/\/www.estrategiaconcursos.com.br\/blog\/vem-ai-2a-edicao-da-semana-oab\/#primaryimage"},"thumbnailUrl":"https:\/\/dhg1h5j42swfq.cloudfront.net\/2016\/11\/07180216\/21.jpg","keywords":["OAB","Semana OAB"],"articleSection":["Concursos P\u00fablicos"],"inLanguage":"pt-BR","potentialAction":[{"@type":"CommentAction","name":"Comment","target":["https:\/\/www.estrategiaconcursos.com.br\/blog\/vem-ai-2a-edicao-da-semana-oab\/#respond"]}],"copyrightYear":"2016","copyrightHolder":{"@id":"https:\/\/www.estrategiaconcursos.com.br\/blog\/#organization"}},{"@type":"WebPage","@id":"https:\/\/www.estrategiaconcursos.com.br\/blog\/vem-ai-2a-edicao-da-semana-oab\/","url":"https:\/\/www.estrategiaconcursos.com.br\/blog\/vem-ai-2a-edicao-da-semana-oab\/","name":"Vem a\u00ed a 2\u00aa Edi\u00e7\u00e3o da Semana OAB","isPartOf":{"@id":"https:\/\/www.estrategiaconcursos.com.br\/blog\/#website"},"primaryImageOfPage":{"@id":"https:\/\/www.estrategiaconcursos.com.br\/blog\/vem-ai-2a-edicao-da-semana-oab\/#primaryimage"},"image":{"@id":"https:\/\/www.estrategiaconcursos.com.br\/blog\/vem-ai-2a-edicao-da-semana-oab\/#primaryimage"},"thumbnailUrl":"https:\/\/dhg1h5j42swfq.cloudfront.net\/2016\/11\/07180216\/21.jpg","datePublished":"2016-11-07T21:07:37+00:00","dateModified":"2019-04-09T18:39:26+00:00","breadcrumb":{"@id":"https:\/\/www.estrategiaconcursos.com.br\/blog\/vem-ai-2a-edicao-da-semana-oab\/#breadcrumb"},"inLanguage":"pt-BR","potentialAction":[{"@type":"ReadAction","target":["https:\/\/www.estrategiaconcursos.com.br\/blog\/vem-ai-2a-edicao-da-semana-oab\/"]}]},{"@type":"ImageObject","inLanguage":"pt-BR","@id":"https:\/\/www.estrategiaconcursos.com.br\/blog\/vem-ai-2a-edicao-da-semana-oab\/#primaryimage","url":"https:\/\/dhg1h5j42swfq.cloudfront.net\/2016\/11\/07180216\/21.jpg","contentUrl":"https:\/\/dhg1h5j42swfq.cloudfront.net\/2016\/11\/07180216\/21.jpg","width":420,"height":224},{"@type":"BreadcrumbList","@id":"https:\/\/www.estrategiaconcursos.com.br\/blog\/vem-ai-2a-edicao-da-semana-oab\/#breadcrumb","itemListElement":[{"@type":"ListItem","position":1,"name":"In\u00edcio","item":"https:\/\/www.estrategiaconcursos.com.br\/blog\/"},{"@type":"ListItem","position":2,"name":"Vem a\u00ed a 2\u00aa Edi\u00e7\u00e3o da Semana OAB"}]},{"@type":"WebSite","@id":"https:\/\/www.estrategiaconcursos.com.br\/blog\/#website","url":"https:\/\/www.estrategiaconcursos.com.br\/blog\/","name":"Estrat\u00e9gia Concursos","description":"O blog da Estrat\u00e9gia Concursos traz not\u00edcias sobre concursos e artigos de professores oferecendo cursos para concursos (pdf + videaulas) no site.","publisher":{"@id":"https:\/\/www.estrategiaconcursos.com.br\/blog\/#organization"},"potentialAction":[{"@type":"SearchAction","target":{"@type":"EntryPoint","urlTemplate":"https:\/\/www.estrategiaconcursos.com.br\/blog\/?s={search_term_string}"},"query-input":{"@type":"PropertyValueSpecification","valueRequired":true,"valueName":"search_term_string"}}],"inLanguage":"pt-BR"},{"@type":"Organization","@id":"https:\/\/www.estrategiaconcursos.com.br\/blog\/#organization","name":"Estrat\u00e9gia Concursos","url":"https:\/\/www.estrategiaconcursos.com.br\/blog\/","logo":{"@type":"ImageObject","inLanguage":"pt-BR","@id":"https:\/\/www.estrategiaconcursos.com.br\/blog\/#\/schema\/logo\/image\/","url":"https:\/\/dhg1h5j42swfq.cloudfront.net\/2025\/06\/03203428\/logo_concursos-1.jpg","contentUrl":"https:\/\/dhg1h5j42swfq.cloudfront.net\/2025\/06\/03203428\/logo_concursos-1.jpg","width":230,"height":60,"caption":"Estrat\u00e9gia Concursos"},"image":{"@id":"https:\/\/www.estrategiaconcursos.com.br\/blog\/#\/schema\/logo\/image\/"},"sameAs":["https:\/\/x.com\/EstratConcursos"]},{"@type":"Person","@id":"https:\/\/www.estrategiaconcursos.com.br\/blog\/#\/schema\/person\/aa39cf5ddb518e5bdce27c35788405e2","name":"Ricardo Torques","image":{"@type":"ImageObject","inLanguage":"pt-BR","@id":"https:\/\/secure.gravatar.com\/avatar\/ce9ac6c3cff25fe86d15ed568ebc64d1724baf5c0693133bcb1f6073f712f92a?s=96&d=mm&r=g","url":"https:\/\/secure.gravatar.com\/avatar\/ce9ac6c3cff25fe86d15ed568ebc64d1724baf5c0693133bcb1f6073f712f92a?s=96&d=mm&r=g","contentUrl":"https:\/\/secure.gravatar.com\/avatar\/ce9ac6c3cff25fe86d15ed568ebc64d1724baf5c0693133bcb1f6073f712f92a?s=96&d=mm&r=g","caption":"Ricardo Torques"},"sameAs":["https:\/\/www.facebook.com\/ricardo.s.torques"],"url":"https:\/\/www.estrategiaconcursos.com.br\/blog\/author\/ricardotorquesestrategiaconcursos-com-br\/"}]}},"_links":{"self":[{"href":"https:\/\/www.estrategiaconcursos.com.br\/blog\/wp-json\/wp\/v2\/posts\/54345","targetHints":{"allow":["GET"]}}],"collection":[{"href":"https:\/\/www.estrategiaconcursos.com.br\/blog\/wp-json\/wp\/v2\/posts"}],"about":[{"href":"https:\/\/www.estrategiaconcursos.com.br\/blog\/wp-json\/wp\/v2\/types\/post"}],"author":[{"embeddable":true,"href":"https:\/\/www.estrategiaconcursos.com.br\/blog\/wp-json\/wp\/v2\/users\/180"}],"replies":[{"embeddable":true,"href":"https:\/\/www.estrategiaconcursos.com.br\/blog\/wp-json\/wp\/v2\/comments?post=54345"}],"version-history":[{"count":3,"href":"https:\/\/www.estrategiaconcursos.com.br\/blog\/wp-json\/wp\/v2\/posts\/54345\/revisions"}],"predecessor-version":[{"id":181926,"href":"https:\/\/www.estrategiaconcursos.com.br\/blog\/wp-json\/wp\/v2\/posts\/54345\/revisions\/181926"}],"wp:featuredmedia":[{"embeddable":true,"href":"https:\/\/www.estrategiaconcursos.com.br\/blog\/wp-json\/wp\/v2\/media\/54347"}],"wp:attachment":[{"href":"https:\/\/www.estrategiaconcursos.com.br\/blog\/wp-json\/wp\/v2\/media?parent=54345"}],"wp:term":[{"taxonomy":"category","embeddable":true,"href":"https:\/\/www.estrategiaconcursos.com.br\/blog\/wp-json\/wp\/v2\/categories?post=54345"},{"taxonomy":"post_tag","embeddable":true,"href":"https:\/\/www.estrategiaconcursos.com.br\/blog\/wp-json\/wp\/v2\/tags?post=54345"},{"taxonomy":"tax_estado","embeddable":true,"href":"https:\/\/www.estrategiaconcursos.com.br\/blog\/wp-json\/wp\/v2\/tax_estado?post=54345"}],"curies":[{"name":"wp","href":"https:\/\/api.w.org\/{rel}","templated":true}]}}