{"id":542958,"date":"2020-07-16T13:00:00","date_gmt":"2020-07-16T16:00:00","guid":{"rendered":"https:\/\/www.estrategiaconcursos.com.br\/blog\/?p=542958"},"modified":"2020-07-16T14:30:56","modified_gmt":"2020-07-16T17:30:56","slug":"governo-do-rj-encaminha-pl-para-contratar-bombeiros-temporariamente","status":"publish","type":"post","link":"https:\/\/www.estrategiaconcursos.com.br\/blog\/governo-do-rj-encaminha-pl-para-contratar-bombeiros-temporariamente\/","title":{"rendered":"Governo do RJ encaminha PL para contratar bombeiros temporariamente"},"content":{"rendered":"\n<p>Enquanto o Corpo de Bombeiros do Rio de Janeiro enfrenta um processo constante de redu\u00e7\u00e3o do n\u00famero de efetivos, o governador do estado, Wilson Witzel, encaminhou \u00e0 Assembleia Legislativa do Estado um Projeto de Lei (PL), de n\u00b0 2.884\/2020, visando a contrata\u00e7\u00e3o de militares por tempo determinado.<\/p>\n\n\n\n<p>De acordo com Witzel, o PL ir\u00e1 suprir a necessidade moment\u00e2nea da institui\u00e7\u00e3o, ao mesmo tempo que diminuir\u00e1 o impacto previdenci\u00e1rio futuro, j\u00e1 que a contrata\u00e7\u00e3o n\u00e3o implicar\u00e1 na estabilidade dos tempor\u00e1rios. <\/p>\n\n\n\n<p>O governador afirmou, tamb\u00e9m, que um novo concurso p\u00fablico Bombeiros RJ ainda n\u00e3o foi realizado por causa da grave crise financeira que o estado atravessa.<\/p>\n\n\n\n<p>O PL, se aprovado, prev\u00ea a contrata\u00e7\u00e3o, por meio de processo seletivo, de homens e mulheres com idades entre 18 e 25 anos, com prazo determinado de 12 meses. O n\u00famero de contratados n\u00e3o poder\u00e1 exceder 50% do efetivo total da institui\u00e7\u00e3o.<\/p>\n\n\n\n<p>Os demais requisitos para ingresso no Servi\u00e7o Militar Tempor\u00e1rio Volunt\u00e1rio ser\u00e3o detalhados no Edital.<\/p>\n\n\n\n<p>        <\/p>\n\n\n\n<p class=\"has-text-align-center\"><em><strong>Assinatura Anual Ilimitada*<\/strong><\/em><\/p>\n\n\n\n<p class=\"has-text-align-center\"><em>Prepare-se com o melhor material e com quem mais aprova em Concursos P\u00fablicos em todo o pa\u00eds. Assine agora a nossa Assinatura Anual e tenha acesso ilimitado* a todos os nossos cursos.<\/em><\/p>\n\n\n\n<p class=\"has-background has-text-align-center has-light-green-cyan-background-color\"><strong>ASSINE AGORA<\/strong>&nbsp;\u2013&nbsp;<strong><a rel=\"noreferrer noopener\" href=\"https:\/\/www.estrategiaconcursos.com.br\/assinaturas\" target=\"_blank\">Assinatura Ilimitada<\/a><\/strong><\/p>\n\n\n\n<p class=\"has-text-align-center\"><strong><em>Sistema de Quest\u00f5es<\/em><\/strong><\/p>\n\n\n\n<p class=\"has-text-align-center\"><em>Estrat\u00e9gia Quest\u00f5es nasceu maior do que todos os concorrentes, com mais quest\u00f5es cadastradas e mais solu\u00e7\u00f5es por professores. Clique no link e aproveite os descontos e b\u00f4nus imperd\u00edveis!<\/em><\/p>\n\n\n\n<p class=\"has-background has-text-align-center has-light-green-cyan-background-color\"><strong>ASSINE AGORA \u2013&nbsp;<a href=\"https:\/\/www.estrategiaconcursos.com.br\/cursosPorConcurso\/sistema-de-questoes\/#\/\" target=\"_blank\" rel=\"noreferrer noopener\">Sistema de Quest\u00f5es<\/a><\/strong><\/p>\n\n\n\n<p class=\"has-text-align-center\"><strong><em>Fique por dentro de todos os concursos<\/em><\/strong><\/p>\n\n\n\n<p class=\"has-background has-text-align-center has-pale-cyan-blue-background-color\"><a rel=\"noreferrer noopener\" href=\"https:\/\/www.estrategiaconcursos.com.br\/blog\/concursos-abertos\/\" target=\"_blank\"><strong>CONCURSOS ABERTOS<\/strong><\/a><\/p>\n\n\n\n<p class=\"has-background has-text-align-center has-pale-cyan-blue-background-color\"><a rel=\"noreferrer noopener\" href=\"https:\/\/www.estrategiaconcursos.com.br\/blog\/concursos-2020\/\" target=\"_blank\"><strong>CONCURSOS&nbsp;2020<\/strong><\/a><\/p>\n\n\n\n<p class=\"has-background has-text-align-center has-pale-cyan-blue-background-color\"><strong><a rel=\"noreferrer noopener\" href=\"https:\/\/www.estrategiaconcursos.com.br\/blog\/concursos-2021\/\" target=\"_blank\">CONCURSOS&nbsp;2021<\/a><\/strong><\/p>\n\n\n\n<p><\/p>\n","protected":false},"excerpt":{"rendered":"<p>Enquanto o Corpo de Bombeiros do Rio de Janeiro enfrenta um processo constante de redu\u00e7\u00e3o do n\u00famero de efetivos, o governador do estado, Wilson Witzel, encaminhou \u00e0 Assembleia Legislativa do Estado um Projeto de Lei (PL), de n\u00b0 2.884\/2020, visando a contrata\u00e7\u00e3o de militares por tempo determinado. De acordo com Witzel, o PL ir\u00e1 suprir [&hellip;]<\/p>\n","protected":false},"author":1482,"featured_media":463228,"comment_status":"open","ping_status":"closed","sticky":false,"template":"","format":"standard","meta":{"post_tipo":"article","footnotes":""},"categories":[1],"tags":[],"tax_estado":[],"class_list":["post-542958","post","type-post","status-publish","format-standard","has-post-thumbnail","hentry","category-cursos-e-concursos"],"acf":[],"yoast_head":"<!-- This site is optimized with the Yoast SEO Premium plugin v27.2 (Yoast SEO v27.2) - https:\/\/yoast.com\/product\/yoast-seo-premium-wordpress\/ -->\n<title>Governo do RJ encaminha PL para contratar bombeiros temporariamente<\/title>\n<meta name=\"description\" content=\"Se aprovado, o PL n\u00b0 2.884\/2020 prev\u00ea a contrata\u00e7\u00e3o de militares tempor\u00e1rios para os bombeiros do Rio de Janeiro. Confira no site!\" \/>\n<meta name=\"robots\" content=\"index, follow, max-snippet:-1, max-image-preview:large, max-video-preview:-1\" \/>\n<link rel=\"canonical\" href=\"https:\/\/www.estrategiaconcursos.com.br\/blog\/governo-do-rj-encaminha-pl-para-contratar-bombeiros-temporariamente\/\" \/>\n<meta property=\"og:locale\" content=\"pt_BR\" \/>\n<meta property=\"og:type\" content=\"article\" \/>\n<meta property=\"og:title\" content=\"Governo do RJ encaminha PL para contratar bombeiros temporariamente\" \/>\n<meta property=\"og:description\" content=\"Se aprovado, o PL n\u00b0 2.884\/2020 prev\u00ea a contrata\u00e7\u00e3o de militares tempor\u00e1rios para os bombeiros do Rio de Janeiro. Confira no site!\" \/>\n<meta property=\"og:url\" content=\"https:\/\/www.estrategiaconcursos.com.br\/blog\/governo-do-rj-encaminha-pl-para-contratar-bombeiros-temporariamente\/\" \/>\n<meta property=\"og:site_name\" content=\"Estrat\u00e9gia Concursos\" \/>\n<meta property=\"article:published_time\" content=\"2020-07-16T16:00:00+00:00\" \/>\n<meta property=\"article:modified_time\" content=\"2020-07-16T17:30:56+00:00\" \/>\n<meta property=\"og:image\" content=\"https:\/\/dhg1h5j42swfq.cloudfront.net\/2019\/12\/20162433\/6141-post-concurso-bombeiros-rj-para-oficiais-tem-comissao-organizadora-formada.png\" \/>\n\t<meta property=\"og:image:width\" content=\"830\" \/>\n\t<meta property=\"og:image:height\" content=\"300\" \/>\n\t<meta property=\"og:image:type\" content=\"image\/png\" \/>\n<meta name=\"author\" content=\"Diego Cerqueira\" \/>\n<meta name=\"twitter:card\" content=\"summary_large_image\" \/>\n<meta name=\"twitter:creator\" content=\"@EstratConcursos\" \/>\n<meta name=\"twitter:site\" content=\"@EstratConcursos\" \/>\n<meta name=\"twitter:label1\" content=\"Escrito por\" \/>\n\t<meta name=\"twitter:data1\" content=\"Diego Cerqueira\" \/>\n\t<meta name=\"twitter:label2\" content=\"Est. tempo de leitura\" \/>\n\t<meta name=\"twitter:data2\" content=\"1 minuto\" \/>\n<script type=\"application\/ld+json\" class=\"yoast-schema-graph\">{\"@context\":\"https:\/\/schema.org\",\"@graph\":[{\"@type\":\"NewsArticle\",\"@id\":\"https:\/\/www.estrategiaconcursos.com.br\/blog\/governo-do-rj-encaminha-pl-para-contratar-bombeiros-temporariamente\/#article\",\"isPartOf\":{\"@id\":\"https:\/\/www.estrategiaconcursos.com.br\/blog\/governo-do-rj-encaminha-pl-para-contratar-bombeiros-temporariamente\/\"},\"author\":{\"name\":\"Diego Cerqueira\",\"@id\":\"https:\/\/www.estrategiaconcursos.com.br\/blog\/#\/schema\/person\/dd9f6d98671a3ac63bf25b40baf6f2e2\"},\"headline\":\"Governo do RJ encaminha PL para contratar bombeiros temporariamente\",\"datePublished\":\"2020-07-16T16:00:00+00:00\",\"dateModified\":\"2020-07-16T17:30:56+00:00\",\"mainEntityOfPage\":{\"@id\":\"https:\/\/www.estrategiaconcursos.com.br\/blog\/governo-do-rj-encaminha-pl-para-contratar-bombeiros-temporariamente\/\"},\"wordCount\":284,\"commentCount\":1,\"publisher\":{\"@id\":\"https:\/\/www.estrategiaconcursos.com.br\/blog\/#organization\"},\"image\":{\"@id\":\"https:\/\/www.estrategiaconcursos.com.br\/blog\/governo-do-rj-encaminha-pl-para-contratar-bombeiros-temporariamente\/#primaryimage\"},\"thumbnailUrl\":\"https:\/\/dhg1h5j42swfq.cloudfront.net\/2019\/12\/20162433\/6141-post-concurso-bombeiros-rj-para-oficiais-tem-comissao-organizadora-formada.png\",\"articleSection\":[\"Concursos P\u00fablicos\"],\"inLanguage\":\"pt-BR\",\"potentialAction\":[{\"@type\":\"CommentAction\",\"name\":\"Comment\",\"target\":[\"https:\/\/www.estrategiaconcursos.com.br\/blog\/governo-do-rj-encaminha-pl-para-contratar-bombeiros-temporariamente\/#respond\"]}],\"copyrightYear\":\"2020\",\"copyrightHolder\":{\"@id\":\"https:\/\/www.estrategiaconcursos.com.br\/blog\/#organization\"}},{\"@type\":\"WebPage\",\"@id\":\"https:\/\/www.estrategiaconcursos.com.br\/blog\/governo-do-rj-encaminha-pl-para-contratar-bombeiros-temporariamente\/\",\"url\":\"https:\/\/www.estrategiaconcursos.com.br\/blog\/governo-do-rj-encaminha-pl-para-contratar-bombeiros-temporariamente\/\",\"name\":\"Governo do RJ encaminha PL para contratar bombeiros temporariamente\",\"isPartOf\":{\"@id\":\"https:\/\/www.estrategiaconcursos.com.br\/blog\/#website\"},\"primaryImageOfPage\":{\"@id\":\"https:\/\/www.estrategiaconcursos.com.br\/blog\/governo-do-rj-encaminha-pl-para-contratar-bombeiros-temporariamente\/#primaryimage\"},\"image\":{\"@id\":\"https:\/\/www.estrategiaconcursos.com.br\/blog\/governo-do-rj-encaminha-pl-para-contratar-bombeiros-temporariamente\/#primaryimage\"},\"thumbnailUrl\":\"https:\/\/dhg1h5j42swfq.cloudfront.net\/2019\/12\/20162433\/6141-post-concurso-bombeiros-rj-para-oficiais-tem-comissao-organizadora-formada.png\",\"datePublished\":\"2020-07-16T16:00:00+00:00\",\"dateModified\":\"2020-07-16T17:30:56+00:00\",\"description\":\"Se aprovado, o PL n\u00b0 2.884\/2020 prev\u00ea a contrata\u00e7\u00e3o de militares tempor\u00e1rios para os bombeiros do Rio de Janeiro. Confira no site!\",\"breadcrumb\":{\"@id\":\"https:\/\/www.estrategiaconcursos.com.br\/blog\/governo-do-rj-encaminha-pl-para-contratar-bombeiros-temporariamente\/#breadcrumb\"},\"inLanguage\":\"pt-BR\",\"potentialAction\":[{\"@type\":\"ReadAction\",\"target\":[\"https:\/\/www.estrategiaconcursos.com.br\/blog\/governo-do-rj-encaminha-pl-para-contratar-bombeiros-temporariamente\/\"]}]},{\"@type\":\"ImageObject\",\"inLanguage\":\"pt-BR\",\"@id\":\"https:\/\/www.estrategiaconcursos.com.br\/blog\/governo-do-rj-encaminha-pl-para-contratar-bombeiros-temporariamente\/#primaryimage\",\"url\":\"https:\/\/dhg1h5j42swfq.cloudfront.net\/2019\/12\/20162433\/6141-post-concurso-bombeiros-rj-para-oficiais-tem-comissao-organizadora-formada.png\",\"contentUrl\":\"https:\/\/dhg1h5j42swfq.cloudfront.net\/2019\/12\/20162433\/6141-post-concurso-bombeiros-rj-para-oficiais-tem-comissao-organizadora-formada.png\",\"width\":830,\"height\":300},{\"@type\":\"BreadcrumbList\",\"@id\":\"https:\/\/www.estrategiaconcursos.com.br\/blog\/governo-do-rj-encaminha-pl-para-contratar-bombeiros-temporariamente\/#breadcrumb\",\"itemListElement\":[{\"@type\":\"ListItem\",\"position\":1,\"name\":\"In\u00edcio\",\"item\":\"https:\/\/www.estrategiaconcursos.com.br\/blog\/\"},{\"@type\":\"ListItem\",\"position\":2,\"name\":\"Governo do RJ encaminha PL para contratar bombeiros temporariamente\"}]},{\"@type\":\"WebSite\",\"@id\":\"https:\/\/www.estrategiaconcursos.com.br\/blog\/#website\",\"url\":\"https:\/\/www.estrategiaconcursos.com.br\/blog\/\",\"name\":\"Estrat\u00e9gia Concursos\",\"description\":\"O blog da Estrat\u00e9gia Concursos traz not\u00edcias sobre concursos e artigos de professores oferecendo cursos para concursos (pdf + videaulas) no site.\",\"publisher\":{\"@id\":\"https:\/\/www.estrategiaconcursos.com.br\/blog\/#organization\"},\"potentialAction\":[{\"@type\":\"SearchAction\",\"target\":{\"@type\":\"EntryPoint\",\"urlTemplate\":\"https:\/\/www.estrategiaconcursos.com.br\/blog\/?s={search_term_string}\"},\"query-input\":{\"@type\":\"PropertyValueSpecification\",\"valueRequired\":true,\"valueName\":\"search_term_string\"}}],\"inLanguage\":\"pt-BR\"},{\"@type\":\"Organization\",\"@id\":\"https:\/\/www.estrategiaconcursos.com.br\/blog\/#organization\",\"name\":\"Estrat\u00e9gia Concursos\",\"url\":\"https:\/\/www.estrategiaconcursos.com.br\/blog\/\",\"logo\":{\"@type\":\"ImageObject\",\"inLanguage\":\"pt-BR\",\"@id\":\"https:\/\/www.estrategiaconcursos.com.br\/blog\/#\/schema\/logo\/image\/\",\"url\":\"https:\/\/dhg1h5j42swfq.cloudfront.net\/2025\/06\/03203428\/logo_concursos-1.jpg\",\"contentUrl\":\"https:\/\/dhg1h5j42swfq.cloudfront.net\/2025\/06\/03203428\/logo_concursos-1.jpg\",\"width\":230,\"height\":60,\"caption\":\"Estrat\u00e9gia Concursos\"},\"image\":{\"@id\":\"https:\/\/www.estrategiaconcursos.com.br\/blog\/#\/schema\/logo\/image\/\"},\"sameAs\":[\"https:\/\/x.com\/EstratConcursos\"]},{\"@type\":\"Person\",\"@id\":\"https:\/\/www.estrategiaconcursos.com.br\/blog\/#\/schema\/person\/dd9f6d98671a3ac63bf25b40baf6f2e2\",\"name\":\"Diego Cerqueira\",\"image\":{\"@type\":\"ImageObject\",\"inLanguage\":\"pt-BR\",\"@id\":\"https:\/\/secure.gravatar.com\/avatar\/93f5bbe4c5469a613830caa67379a40ab60d82fa495e4fbb9e4039bce737c0cc?s=96&d=mm&r=g\",\"url\":\"https:\/\/secure.gravatar.com\/avatar\/93f5bbe4c5469a613830caa67379a40ab60d82fa495e4fbb9e4039bce737c0cc?s=96&d=mm&r=g\",\"contentUrl\":\"https:\/\/secure.gravatar.com\/avatar\/93f5bbe4c5469a613830caa67379a40ab60d82fa495e4fbb9e4039bce737c0cc?s=96&d=mm&r=g\",\"caption\":\"Diego Cerqueira\"},\"url\":\"https:\/\/www.estrategiaconcursos.com.br\/blog\/author\/diegocerqueiraestrategiaconcursos-com-br-2\/\"}]}<\/script>\n<!-- \/ Yoast SEO Premium plugin. -->","yoast_head_json":{"title":"Governo do RJ encaminha PL para contratar bombeiros temporariamente","description":"Se aprovado, o PL n\u00b0 2.884\/2020 prev\u00ea a contrata\u00e7\u00e3o de militares tempor\u00e1rios para os bombeiros do Rio de Janeiro. Confira no site!","robots":{"index":"index","follow":"follow","max-snippet":"max-snippet:-1","max-image-preview":"max-image-preview:large","max-video-preview":"max-video-preview:-1"},"canonical":"https:\/\/www.estrategiaconcursos.com.br\/blog\/governo-do-rj-encaminha-pl-para-contratar-bombeiros-temporariamente\/","og_locale":"pt_BR","og_type":"article","og_title":"Governo do RJ encaminha PL para contratar bombeiros temporariamente","og_description":"Se aprovado, o PL n\u00b0 2.884\/2020 prev\u00ea a contrata\u00e7\u00e3o de militares tempor\u00e1rios para os bombeiros do Rio de Janeiro. Confira no site!","og_url":"https:\/\/www.estrategiaconcursos.com.br\/blog\/governo-do-rj-encaminha-pl-para-contratar-bombeiros-temporariamente\/","og_site_name":"Estrat\u00e9gia Concursos","article_published_time":"2020-07-16T16:00:00+00:00","article_modified_time":"2020-07-16T17:30:56+00:00","og_image":[{"width":830,"height":300,"url":"https:\/\/dhg1h5j42swfq.cloudfront.net\/2019\/12\/20162433\/6141-post-concurso-bombeiros-rj-para-oficiais-tem-comissao-organizadora-formada.png","type":"image\/png"}],"author":"Diego Cerqueira","twitter_card":"summary_large_image","twitter_creator":"@EstratConcursos","twitter_site":"@EstratConcursos","twitter_misc":{"Escrito por":"Diego Cerqueira","Est. tempo de leitura":"1 minuto"},"schema":{"@context":"https:\/\/schema.org","@graph":[{"@type":"NewsArticle","@id":"https:\/\/www.estrategiaconcursos.com.br\/blog\/governo-do-rj-encaminha-pl-para-contratar-bombeiros-temporariamente\/#article","isPartOf":{"@id":"https:\/\/www.estrategiaconcursos.com.br\/blog\/governo-do-rj-encaminha-pl-para-contratar-bombeiros-temporariamente\/"},"author":{"name":"Diego Cerqueira","@id":"https:\/\/www.estrategiaconcursos.com.br\/blog\/#\/schema\/person\/dd9f6d98671a3ac63bf25b40baf6f2e2"},"headline":"Governo do RJ encaminha PL para contratar bombeiros temporariamente","datePublished":"2020-07-16T16:00:00+00:00","dateModified":"2020-07-16T17:30:56+00:00","mainEntityOfPage":{"@id":"https:\/\/www.estrategiaconcursos.com.br\/blog\/governo-do-rj-encaminha-pl-para-contratar-bombeiros-temporariamente\/"},"wordCount":284,"commentCount":1,"publisher":{"@id":"https:\/\/www.estrategiaconcursos.com.br\/blog\/#organization"},"image":{"@id":"https:\/\/www.estrategiaconcursos.com.br\/blog\/governo-do-rj-encaminha-pl-para-contratar-bombeiros-temporariamente\/#primaryimage"},"thumbnailUrl":"https:\/\/dhg1h5j42swfq.cloudfront.net\/2019\/12\/20162433\/6141-post-concurso-bombeiros-rj-para-oficiais-tem-comissao-organizadora-formada.png","articleSection":["Concursos P\u00fablicos"],"inLanguage":"pt-BR","potentialAction":[{"@type":"CommentAction","name":"Comment","target":["https:\/\/www.estrategiaconcursos.com.br\/blog\/governo-do-rj-encaminha-pl-para-contratar-bombeiros-temporariamente\/#respond"]}],"copyrightYear":"2020","copyrightHolder":{"@id":"https:\/\/www.estrategiaconcursos.com.br\/blog\/#organization"}},{"@type":"WebPage","@id":"https:\/\/www.estrategiaconcursos.com.br\/blog\/governo-do-rj-encaminha-pl-para-contratar-bombeiros-temporariamente\/","url":"https:\/\/www.estrategiaconcursos.com.br\/blog\/governo-do-rj-encaminha-pl-para-contratar-bombeiros-temporariamente\/","name":"Governo do RJ encaminha PL para contratar bombeiros temporariamente","isPartOf":{"@id":"https:\/\/www.estrategiaconcursos.com.br\/blog\/#website"},"primaryImageOfPage":{"@id":"https:\/\/www.estrategiaconcursos.com.br\/blog\/governo-do-rj-encaminha-pl-para-contratar-bombeiros-temporariamente\/#primaryimage"},"image":{"@id":"https:\/\/www.estrategiaconcursos.com.br\/blog\/governo-do-rj-encaminha-pl-para-contratar-bombeiros-temporariamente\/#primaryimage"},"thumbnailUrl":"https:\/\/dhg1h5j42swfq.cloudfront.net\/2019\/12\/20162433\/6141-post-concurso-bombeiros-rj-para-oficiais-tem-comissao-organizadora-formada.png","datePublished":"2020-07-16T16:00:00+00:00","dateModified":"2020-07-16T17:30:56+00:00","description":"Se aprovado, o PL n\u00b0 2.884\/2020 prev\u00ea a contrata\u00e7\u00e3o de militares tempor\u00e1rios para os bombeiros do Rio de Janeiro. Confira no site!","breadcrumb":{"@id":"https:\/\/www.estrategiaconcursos.com.br\/blog\/governo-do-rj-encaminha-pl-para-contratar-bombeiros-temporariamente\/#breadcrumb"},"inLanguage":"pt-BR","potentialAction":[{"@type":"ReadAction","target":["https:\/\/www.estrategiaconcursos.com.br\/blog\/governo-do-rj-encaminha-pl-para-contratar-bombeiros-temporariamente\/"]}]},{"@type":"ImageObject","inLanguage":"pt-BR","@id":"https:\/\/www.estrategiaconcursos.com.br\/blog\/governo-do-rj-encaminha-pl-para-contratar-bombeiros-temporariamente\/#primaryimage","url":"https:\/\/dhg1h5j42swfq.cloudfront.net\/2019\/12\/20162433\/6141-post-concurso-bombeiros-rj-para-oficiais-tem-comissao-organizadora-formada.png","contentUrl":"https:\/\/dhg1h5j42swfq.cloudfront.net\/2019\/12\/20162433\/6141-post-concurso-bombeiros-rj-para-oficiais-tem-comissao-organizadora-formada.png","width":830,"height":300},{"@type":"BreadcrumbList","@id":"https:\/\/www.estrategiaconcursos.com.br\/blog\/governo-do-rj-encaminha-pl-para-contratar-bombeiros-temporariamente\/#breadcrumb","itemListElement":[{"@type":"ListItem","position":1,"name":"In\u00edcio","item":"https:\/\/www.estrategiaconcursos.com.br\/blog\/"},{"@type":"ListItem","position":2,"name":"Governo do RJ encaminha PL para contratar bombeiros temporariamente"}]},{"@type":"WebSite","@id":"https:\/\/www.estrategiaconcursos.com.br\/blog\/#website","url":"https:\/\/www.estrategiaconcursos.com.br\/blog\/","name":"Estrat\u00e9gia Concursos","description":"O blog da Estrat\u00e9gia Concursos traz not\u00edcias sobre concursos e artigos de professores oferecendo cursos para concursos (pdf + videaulas) no site.","publisher":{"@id":"https:\/\/www.estrategiaconcursos.com.br\/blog\/#organization"},"potentialAction":[{"@type":"SearchAction","target":{"@type":"EntryPoint","urlTemplate":"https:\/\/www.estrategiaconcursos.com.br\/blog\/?s={search_term_string}"},"query-input":{"@type":"PropertyValueSpecification","valueRequired":true,"valueName":"search_term_string"}}],"inLanguage":"pt-BR"},{"@type":"Organization","@id":"https:\/\/www.estrategiaconcursos.com.br\/blog\/#organization","name":"Estrat\u00e9gia Concursos","url":"https:\/\/www.estrategiaconcursos.com.br\/blog\/","logo":{"@type":"ImageObject","inLanguage":"pt-BR","@id":"https:\/\/www.estrategiaconcursos.com.br\/blog\/#\/schema\/logo\/image\/","url":"https:\/\/dhg1h5j42swfq.cloudfront.net\/2025\/06\/03203428\/logo_concursos-1.jpg","contentUrl":"https:\/\/dhg1h5j42swfq.cloudfront.net\/2025\/06\/03203428\/logo_concursos-1.jpg","width":230,"height":60,"caption":"Estrat\u00e9gia Concursos"},"image":{"@id":"https:\/\/www.estrategiaconcursos.com.br\/blog\/#\/schema\/logo\/image\/"},"sameAs":["https:\/\/x.com\/EstratConcursos"]},{"@type":"Person","@id":"https:\/\/www.estrategiaconcursos.com.br\/blog\/#\/schema\/person\/dd9f6d98671a3ac63bf25b40baf6f2e2","name":"Diego Cerqueira","image":{"@type":"ImageObject","inLanguage":"pt-BR","@id":"https:\/\/secure.gravatar.com\/avatar\/93f5bbe4c5469a613830caa67379a40ab60d82fa495e4fbb9e4039bce737c0cc?s=96&d=mm&r=g","url":"https:\/\/secure.gravatar.com\/avatar\/93f5bbe4c5469a613830caa67379a40ab60d82fa495e4fbb9e4039bce737c0cc?s=96&d=mm&r=g","contentUrl":"https:\/\/secure.gravatar.com\/avatar\/93f5bbe4c5469a613830caa67379a40ab60d82fa495e4fbb9e4039bce737c0cc?s=96&d=mm&r=g","caption":"Diego Cerqueira"},"url":"https:\/\/www.estrategiaconcursos.com.br\/blog\/author\/diegocerqueiraestrategiaconcursos-com-br-2\/"}]}},"_links":{"self":[{"href":"https:\/\/www.estrategiaconcursos.com.br\/blog\/wp-json\/wp\/v2\/posts\/542958","targetHints":{"allow":["GET"]}}],"collection":[{"href":"https:\/\/www.estrategiaconcursos.com.br\/blog\/wp-json\/wp\/v2\/posts"}],"about":[{"href":"https:\/\/www.estrategiaconcursos.com.br\/blog\/wp-json\/wp\/v2\/types\/post"}],"author":[{"embeddable":true,"href":"https:\/\/www.estrategiaconcursos.com.br\/blog\/wp-json\/wp\/v2\/users\/1482"}],"replies":[{"embeddable":true,"href":"https:\/\/www.estrategiaconcursos.com.br\/blog\/wp-json\/wp\/v2\/comments?post=542958"}],"version-history":[{"count":1,"href":"https:\/\/www.estrategiaconcursos.com.br\/blog\/wp-json\/wp\/v2\/posts\/542958\/revisions"}],"predecessor-version":[{"id":542977,"href":"https:\/\/www.estrategiaconcursos.com.br\/blog\/wp-json\/wp\/v2\/posts\/542958\/revisions\/542977"}],"wp:featuredmedia":[{"embeddable":true,"href":"https:\/\/www.estrategiaconcursos.com.br\/blog\/wp-json\/wp\/v2\/media\/463228"}],"wp:attachment":[{"href":"https:\/\/www.estrategiaconcursos.com.br\/blog\/wp-json\/wp\/v2\/media?parent=542958"}],"wp:term":[{"taxonomy":"category","embeddable":true,"href":"https:\/\/www.estrategiaconcursos.com.br\/blog\/wp-json\/wp\/v2\/categories?post=542958"},{"taxonomy":"post_tag","embeddable":true,"href":"https:\/\/www.estrategiaconcursos.com.br\/blog\/wp-json\/wp\/v2\/tags?post=542958"},{"taxonomy":"tax_estado","embeddable":true,"href":"https:\/\/www.estrategiaconcursos.com.br\/blog\/wp-json\/wp\/v2\/tax_estado?post=542958"}],"curies":[{"name":"wp","href":"https:\/\/api.w.org\/{rel}","templated":true}]}}