{"id":542274,"date":"2020-10-15T08:00:00","date_gmt":"2020-10-15T11:00:00","guid":{"rendered":"https:\/\/www.estrategiaconcursos.com.br\/blog\/?p=542274"},"modified":"2024-08-09T14:29:25","modified_gmt":"2024-08-09T17:29:25","slug":"concurso-prefeitura-salvaterra","status":"publish","type":"post","link":"https:\/\/www.estrategiaconcursos.com.br\/blog\/concurso-prefeitura-salvaterra\/","title":{"rendered":"Concurso Salvaterra: confira as medidas de seguran\u00e7a"},"content":{"rendered":"\n<p>Foram divulgados os protocolos de seguran\u00e7a para realiza\u00e7\u00e3o da prova objetiva do concurso p\u00fablico da Prefeitura de Salvaterra, Par\u00e1, nos dias 18, 25 de outubro e 1\u00ba de novembro. Segundo o documento, ser\u00e3o adotadas as seguintes medidas:<\/p>\n\n\n\n<ul class=\"wp-block-list\">\n<li>uso de m\u00e1scara de prote\u00e7\u00e3o respirat\u00f3ria, cobrindo nariz e boca;<\/li>\n\n\n\n<li>proibi\u00e7\u00e3o do uso de bebedouros coletivos, sendo permitido trazer sua pr\u00f3pria bebida em garrafas individuais e transparentes;<\/li>\n\n\n\n<li>recomenda-se que o candidato realize a higieniza\u00e7\u00e3o das m\u00e3os fazendo uso de \u00e1lcool 70% ou gel, podendo port\u00e1-lo em frascos individuais e transparentes;<\/li>\n\n\n\n<li>os candidatos que apresentarem sintomas sugestivos relacionados \u00e0 COVID-19 ser\u00e3o afastados\/isolados e aguardar\u00e3o a avalia\u00e7\u00e3o m\u00e9dica, da possibilidade ou n\u00e3o de continuar realizando a prova.<\/li>\n<\/ul>\n\n\n\n<p class=\"has-text-align-center\" style=\"font-size:clamp(14.642px, 0.915rem + ((1vw - 3.2px) * 0.721), 22px);px\"><strong><a href=\"https:\/\/dhg1h5j42swfq.cloudfront.net\/2020\/10\/15153108\/DECRETO-029_PMSVT-AUTORIZA-A-REALIZACAO-DAS-PROVAS-1.pdf\" target=\"_blank\" rel=\"noreferrer noopener\">Protocolo de realiza\u00e7\u00e3o das provas<\/a><\/strong><\/p>\n\n\n\n<p>A Prefeitura oferta 512 vagas para diversos cargos, em todos os n\u00edveis de escolaridade. As remunera\u00e7\u00f5es podem variar de <strong>R$ 1.100,00 a R$ 5.000,00<\/strong>, dependendo da fun\u00e7\u00e3o e jornada de trabalho. <\/p>\n\n\n\n<h2 class=\"wp-block-heading\" id=\"datas\">Principais datas<\/h2>\n\n\n\n<p class=\"has-very-light-gray-background-color has-background\"><strong>Inscri\u00e7\u00f5es<\/strong>:<s> 29\/07 a 18\/09\/2020<\/s><br \/><strong>Isen\u00e7\u00e3o da taxa<\/strong>: <s>29 a 31\/07\/2020<\/s><br \/><strong>Provas:<\/strong> <br \/>18\/10 &#8211; Cargos de N\u00edvel Superior<br \/>25\/10 &#8211; Cargos de N\u00edvel M\u00e9dio e Fundamental<br \/>01\/11 &#8211; Cargos de N\u00edvel Fundamental Incompleto-Alfabetizado<\/p>\n\n\n\n<p class=\"has-text-align-center\" style=\"font-size:clamp(14px, 0.875rem + ((1vw - 3.2px) * 0.392), 18px);px\"><strong><em><a href=\"https:\/\/dhg1h5j42swfq.cloudfront.net\/2020\/09\/03100605\/EDITAL_N%C2%BA004-2020_PMSVT_DE_RETIFICA%C3%87%C3%83O.pdf\" target=\"_blank\" rel=\"noreferrer noopener\">Cronograma retificado<\/a><\/em><\/strong><\/p>\n\n\n\n<h2 class=\"wp-block-heading\">Retifica\u00e7\u00f5es<\/h2>\n\n\n\n<p>Desde sua publica\u00e7\u00e3o, o edital j\u00e1 passou por duas retifica\u00e7\u00f5es. Confira abaixo um resumo das principais mudan\u00e7as:<\/p>\n\n\n\n<h4 class=\"wp-block-heading\"><a rel=\"noreferrer noopener\" href=\"https:\/\/dhg1h5j42swfq.cloudfront.net\/2020\/09\/03101613\/29-07-2020.EDITAL_DE_RETIFICA%C3%87%C3%83O_N%C2%BA002-2020_PMSVT.pdf\" target=\"_blank\">Retifica\u00e7\u00e3o 1<\/a><\/h4>\n\n\n\n<ul class=\"wp-block-list\">\n<li>Altera\u00e7\u00e3o no n\u00famero de vagas;<\/li>\n\n\n\n<li>Requisitos m\u00ednimos dos cargos de T\u00e9cnico Educacional e Professor de Educa\u00e7\u00e3o Especial;<\/li>\n\n\n\n<li>Altera\u00e7\u00e3o do subitem 5.4 em suas al\u00edneas c.1 a e.<\/li>\n<\/ul>\n\n\n\n<h4 class=\"wp-block-heading\"><a href=\"https:\/\/dhg1h5j42swfq.cloudfront.net\/2020\/09\/03101619\/4.pdf\" target=\"_blank\" rel=\"noreferrer noopener\">Retifica\u00e7\u00e3o 2<\/a><\/h4>\n\n\n\n<ul class=\"wp-block-list\">\n<li>Prorroga\u00e7\u00e3o do per\u00edodo de inscri\u00e7\u00e3o at\u00e9 18 de setembro;<\/li>\n\n\n\n<li>Altera\u00e7\u00e3o da prova do dia 11 de outubro para 1\u00ba de novembro;<\/li>\n\n\n\n<li>Altera\u00e7\u00e3o do quadro do item 8.7, nos cargos de N\u00edvel M\u00e9dio.<\/li>\n<\/ul>\n\n\n\n<h2 class=\"wp-block-heading\">Cargos e vagas do concurso Prefeitura de Salvaterra<\/h2>\n\n\n\n<p>Ap\u00f3s retifica\u00e7\u00e3o, as vagas ofertadas no concurso da Prefeitura de Salvaterra passaram de 492 para 512. As oportunidades s\u00e3o para diversos cargos, abrangendo todos os n\u00edveis de forma\u00e7\u00e3o. Al\u00e9m disso, tamb\u00e9m s\u00e3o ofertadas vagas em cadastro de reserva.<\/p>\n\n\n\n<p>Logo abaixo, \u00e9 poss\u00edvel conferir a distribui\u00e7\u00e3o das vagas conforme cada cargo. Lembrando que as vagas de trabalho s\u00e3o destinadas tanto para &#8220;<em>espa\u00e7o urbano&#8221; como &#8220;rural.&#8221;<\/em> Confira os detalhes abaixo:  <\/p>\n\n\n\n<p style=\"font-size:clamp(14.642px, 0.915rem + ((1vw - 3.2px) * 0.721), 22px);px\"><strong>Alfabetizado<\/strong><\/p>\n\n\n\n<figure class=\"wp-block-image aligncenter size-large\"><img loading=\"lazy\" decoding=\"async\" width=\"816\" height=\"241\" src=\"https:\/\/dhg1h5j42swfq.cloudfront.net\/2020\/07\/29160303\/image-259.png\" alt=\"Concurso prefeitura de Salvaterra - Cargos de n\u00edvel fundamental - alfabetizado\" class=\"wp-image-548832\" srcset=\"https:\/\/dhg1h5j42swfq.cloudfront.net\/2020\/07\/29160303\/image-259.png 816w, https:\/\/dhg1h5j42swfq.cloudfront.net\/2020\/07\/29160303\/image-259-300x89.png 300w, https:\/\/dhg1h5j42swfq.cloudfront.net\/2020\/07\/29160303\/image-259-768x227.png 768w, https:\/\/dhg1h5j42swfq.cloudfront.net\/2020\/07\/29160303\/image-259-610x180.png 610w\" sizes=\"auto, (max-width: 816px) 100vw, 816px\" \/><\/figure>\n\n\n\n<p style=\"font-size:clamp(14.642px, 0.915rem + ((1vw - 3.2px) * 0.721), 22px);px\"><strong>Fundamental<\/strong><\/p>\n\n\n\n<figure class=\"wp-block-image aligncenter size-large\"><img loading=\"lazy\" decoding=\"async\" width=\"718\" height=\"389\" src=\"https:\/\/dhg1h5j42swfq.cloudfront.net\/2020\/09\/03104057\/fun-1.png\" alt=\"Concurso prefeitura de Salvaterra - Cargos de n\u00edvel fundamental \" class=\"wp-image-566689\" srcset=\"https:\/\/dhg1h5j42swfq.cloudfront.net\/2020\/09\/03104057\/fun-1.png 718w, https:\/\/dhg1h5j42swfq.cloudfront.net\/2020\/09\/03104057\/fun-1-300x163.png 300w, https:\/\/dhg1h5j42swfq.cloudfront.net\/2020\/09\/03104057\/fun-1-610x330.png 610w\" sizes=\"auto, (max-width: 718px) 100vw, 718px\" \/><\/figure>\n\n\n\n<p style=\"font-size:clamp(14.642px, 0.915rem + ((1vw - 3.2px) * 0.721), 22px);px\"><strong>M\u00e9dio e\/ou T\u00e9cnico<\/strong><\/p>\n\n\n\n<figure class=\"wp-block-image aligncenter size-large\"><img loading=\"lazy\" decoding=\"async\" width=\"719\" height=\"975\" src=\"https:\/\/dhg1h5j42swfq.cloudfront.net\/2020\/09\/03104235\/med-1.png\" alt=\"Concurso prefeitura de Salvaterra - Cargos de n\u00edvel m\u00e9dio\" class=\"wp-image-566692\" srcset=\"https:\/\/dhg1h5j42swfq.cloudfront.net\/2020\/09\/03104235\/med-1.png 719w, https:\/\/dhg1h5j42swfq.cloudfront.net\/2020\/09\/03104235\/med-1-221x300.png 221w, https:\/\/dhg1h5j42swfq.cloudfront.net\/2020\/09\/03104235\/med-1-610x827.png 610w\" sizes=\"auto, (max-width: 719px) 100vw, 719px\" \/><\/figure>\n\n\n\n<p style=\"font-size:clamp(14.642px, 0.915rem + ((1vw - 3.2px) * 0.721), 22px);px\"><strong>Superior<\/strong><\/p>\n\n\n\n<figure class=\"wp-block-image size-large\"><img loading=\"lazy\" decoding=\"async\" width=\"530\" height=\"1024\" src=\"https:\/\/dhg1h5j42swfq.cloudfront.net\/2020\/09\/03104651\/sup-2-530x1024.png\" alt=\"Concurso prefeitura de Salvaterra - Cargos de n\u00edvel superior\" class=\"wp-image-566703\" srcset=\"https:\/\/dhg1h5j42swfq.cloudfront.net\/2020\/09\/03104651\/sup-2-530x1024.png 530w, https:\/\/dhg1h5j42swfq.cloudfront.net\/2020\/09\/03104651\/sup-2-155x300.png 155w, https:\/\/dhg1h5j42swfq.cloudfront.net\/2020\/09\/03104651\/sup-2-610x1178.png 610w, https:\/\/dhg1h5j42swfq.cloudfront.net\/2020\/09\/03104651\/sup-2.png 715w\" sizes=\"auto, (max-width: 530px) 100vw, 530px\" \/><\/figure>\n\n\n\n<p style=\"font-size:clamp(14.642px, 0.915rem + ((1vw - 3.2px) * 0.721), 22px);px\"><strong>Superior Magist\u00e9rio<\/strong><\/p>\n\n\n\n<figure class=\"wp-block-image aligncenter size-large\"><img loading=\"lazy\" decoding=\"async\" width=\"709\" height=\"1024\" src=\"https:\/\/dhg1h5j42swfq.cloudfront.net\/2020\/09\/03104435\/mag-1-709x1024.png\" alt=\"Concurso prefeitura de Salvaterra - Cargos de n\u00edvel superior magist\u00e9rio\" class=\"wp-image-566696\" srcset=\"https:\/\/dhg1h5j42swfq.cloudfront.net\/2020\/09\/03104435\/mag-1-709x1024.png 709w, https:\/\/dhg1h5j42swfq.cloudfront.net\/2020\/09\/03104435\/mag-1-208x300.png 208w, https:\/\/dhg1h5j42swfq.cloudfront.net\/2020\/09\/03104435\/mag-1-610x881.png 610w, https:\/\/dhg1h5j42swfq.cloudfront.net\/2020\/09\/03104435\/mag-1.png 716w\" sizes=\"auto, (max-width: 709px) 100vw, 709px\" \/><\/figure>\n\n\n\n<h2 class=\"wp-block-heading\">Etapas do concurso Prefeitura de Salvaterra<\/h2>\n\n\n\n<p>O concurso Prefeitura de Salvaterra compreender\u00e1 de Provas Objetivas de M\u00faltipla Escolha para todos os cargos de car\u00e1ter eliminat\u00f3rio e classificat\u00f3rio, al\u00e9m de Prova de T\u00edtulos de car\u00e1ter classificat\u00f3rio para os cargos de n\u00edvel superior.<\/p>\n\n\n\n<p>As Provas Objetivas do concurso ser\u00e3o realizadas nos dias<strong> 18 e 25 de outubro <\/strong>e<strong> 1\u00ba de novembro<\/strong>, na pr\u00f3pria cidade de Salvaterra e PA (entre Camar\u00e1 e Gin\u00e1sio Poliesportivo Raimundo Nonato) nos locais especificados no Edital de Homologa\u00e7\u00e3o das Inscri\u00e7\u00f5es, de acordo com a escolaridade dos cargos.<\/p>\n\n\n\n<p>Os exames ser\u00e3o compostos de 30 quest\u00f5es de m\u00faltipla escolha, com uma \u00fanica resposta correta, dentre as cinco alternativas (A, B, C, D e E). Para os cargos de n\u00edvel superior, haver\u00e1, al\u00e9m das Provas Objetivas, a Prova de T\u00edtulos de car\u00e1ter classificat\u00f3rio.<\/p>\n\n\n\n<p>As disciplinas, o quantitativo e o peso das quest\u00f5es aplicadas nas Provas Objetivas est\u00e3o discriminados nos quadros abaixo:<\/p>\n\n\n\n<h3 class=\"wp-block-heading\">N\u00edvel Fundamental Incompleto<\/h3>\n\n\n\n<figure class=\"wp-block-image size-large\"><img loading=\"lazy\" decoding=\"async\" width=\"701\" height=\"107\" src=\"https:\/\/dhg1h5j42swfq.cloudfront.net\/2020\/09\/03104900\/image-22.png\" alt=\"\" class=\"wp-image-566707\" srcset=\"https:\/\/dhg1h5j42swfq.cloudfront.net\/2020\/09\/03104900\/image-22.png 701w, https:\/\/dhg1h5j42swfq.cloudfront.net\/2020\/09\/03104900\/image-22-300x46.png 300w, https:\/\/dhg1h5j42swfq.cloudfront.net\/2020\/09\/03104900\/image-22-610x93.png 610w\" sizes=\"auto, (max-width: 701px) 100vw, 701px\" \/><\/figure>\n\n\n\n<h3 class=\"wp-block-heading\">N\u00edvel Fundamental <\/h3>\n\n\n\n<figure class=\"wp-block-image size-large\"><img loading=\"lazy\" decoding=\"async\" width=\"771\" height=\"196\" src=\"https:\/\/dhg1h5j42swfq.cloudfront.net\/2020\/09\/03104936\/image-23.png\" alt=\"\" class=\"wp-image-566709\" srcset=\"https:\/\/dhg1h5j42swfq.cloudfront.net\/2020\/09\/03104936\/image-23.png 771w, https:\/\/dhg1h5j42swfq.cloudfront.net\/2020\/09\/03104936\/image-23-300x76.png 300w, https:\/\/dhg1h5j42swfq.cloudfront.net\/2020\/09\/03104936\/image-23-768x195.png 768w, https:\/\/dhg1h5j42swfq.cloudfront.net\/2020\/09\/03104936\/image-23-610x155.png 610w\" sizes=\"auto, (max-width: 771px) 100vw, 771px\" \/><\/figure>\n\n\n\n<h3 class=\"wp-block-heading\">N\u00edvel M\u00e9dio<\/h3>\n\n\n\n<figure class=\"wp-block-image size-large\"><img loading=\"lazy\" decoding=\"async\" width=\"823\" height=\"271\" src=\"https:\/\/dhg1h5j42swfq.cloudfront.net\/2020\/09\/03103043\/me.png\" alt=\"Provas Concurso prefeitura de Salvaterra - N\u00edvel M\u00e9dio\" class=\"wp-image-566683\" srcset=\"https:\/\/dhg1h5j42swfq.cloudfront.net\/2020\/09\/03103043\/me.png 823w, https:\/\/dhg1h5j42swfq.cloudfront.net\/2020\/09\/03103043\/me-300x99.png 300w, https:\/\/dhg1h5j42swfq.cloudfront.net\/2020\/09\/03103043\/me-768x253.png 768w, https:\/\/dhg1h5j42swfq.cloudfront.net\/2020\/09\/03103043\/me-610x201.png 610w\" sizes=\"auto, (max-width: 823px) 100vw, 823px\" \/><\/figure>\n\n\n\n<h3 class=\"wp-block-heading\">N\u00edvel Superior<\/h3>\n\n\n\n<figure class=\"wp-block-image size-large\"><img loading=\"lazy\" decoding=\"async\" width=\"772\" height=\"242\" src=\"https:\/\/dhg1h5j42swfq.cloudfront.net\/2020\/09\/03105128\/sup-3.png\" alt=\"\" class=\"wp-image-566715\" srcset=\"https:\/\/dhg1h5j42swfq.cloudfront.net\/2020\/09\/03105128\/sup-3.png 772w, https:\/\/dhg1h5j42swfq.cloudfront.net\/2020\/09\/03105128\/sup-3-300x94.png 300w, https:\/\/dhg1h5j42swfq.cloudfront.net\/2020\/09\/03105128\/sup-3-768x241.png 768w, https:\/\/dhg1h5j42swfq.cloudfront.net\/2020\/09\/03105128\/sup-3-610x191.png 610w\" sizes=\"auto, (max-width: 772px) 100vw, 772px\" \/><\/figure>\n\n\n\n<h3 class=\"wp-block-heading\">N\u00edvel Superior &#8211; Magist\u00e9rio<\/h3>\n\n\n\n<figure class=\"wp-block-image size-large\"><img loading=\"lazy\" decoding=\"async\" width=\"772\" height=\"113\" src=\"https:\/\/dhg1h5j42swfq.cloudfront.net\/2020\/09\/03104954\/image-24.png\" alt=\"\" class=\"wp-image-566711\" srcset=\"https:\/\/dhg1h5j42swfq.cloudfront.net\/2020\/09\/03104954\/image-24.png 772w, https:\/\/dhg1h5j42swfq.cloudfront.net\/2020\/09\/03104954\/image-24-300x44.png 300w, https:\/\/dhg1h5j42swfq.cloudfront.net\/2020\/09\/03104954\/image-24-768x112.png 768w, https:\/\/dhg1h5j42swfq.cloudfront.net\/2020\/09\/03104954\/image-24-610x89.png 610w\" sizes=\"auto, (max-width: 772px) 100vw, 772px\" \/><\/figure>\n\n\n\n<h3 class=\"wp-block-heading\">Prova de T\u00edtulos<\/h3>\n\n\n\n<p>Para realizar a Prova de T\u00edtulos, o candidato dever\u00e1 acessar o site da banca organizadora, Instituto \u00c1gata, no per\u00edodo de <strong>09 e 10 de novembro de 2020<\/strong> e anexar os comprovantes, escaneados em PDF do documento original ou de c\u00f3pia autenticada.<\/p>\n\n\n\n<p>Vale ressaltar que s\u00f3 ser\u00e1 considerado T\u00edtulo aquele inerente ao cargo pretendido, conforme quadro abaixo:<\/p>\n\n\n\n<figure class=\"wp-block-image aligncenter size-large is-resized\"><img loading=\"lazy\" decoding=\"async\" width=\"702\" height=\"139\" src=\"https:\/\/dhg1h5j42swfq.cloudfront.net\/2020\/07\/15160230\/image-91.png\" alt=\"\" class=\"wp-image-542581\" style=\"width:656px;height:129px\" srcset=\"https:\/\/dhg1h5j42swfq.cloudfront.net\/2020\/07\/15160230\/image-91.png 702w, https:\/\/dhg1h5j42swfq.cloudfront.net\/2020\/07\/15160230\/image-91-300x59.png 300w, https:\/\/dhg1h5j42swfq.cloudfront.net\/2020\/07\/15160230\/image-91-610x121.png 610w\" sizes=\"auto, (max-width: 702px) 100vw, 702px\" \/><\/figure>\n\n\n\n<hr class=\"wp-block-separator has-css-opacity\"\/>\n\n\n\n<h2 class=\"wp-block-heading has-text-align-center\" id=\"cursos-assinatura\">Quer estudar para o concurso Prefeitura de Salvaterra?<\/h2>\n\n\n\n<div class=\"container\" id=\"boxes\">\n  <div class=\"row\">\n\n    <div class=\"col-sm\">\n      <div class=\"banner-estrategia\" id=\"box-assinatura\">\n        <h3 class=\"titulo-assinatura\">Prefeitura de Salvaterra PA<\/h3>\n        <p class=\"subtitulo-assinatura\">Conhe\u00e7a nossos cursos<\/p>\n        <div class=\"box-botao\">\n          <a class=\"btn-assinatura\" target=\"_blank\" href=\"https:\/\/www.estrategiaconcursos.com.br\/cursos\/\" role=\"button\" rel=\"noopener noreferrer\">Conhe\u00e7a mais<\/a>\n        <\/div>\n      <\/div>\n      <p class=\"texto-auxiliar\">Prepare-se com o melhor material e com quem mais aprova em Concursos P\u00fablicos em todo o pa\u00eds!<\/p>\n    <\/div>\n\n  <\/div>\n<\/div>\n\n\n\n<div class=\"container\" id=\"boxes\">\n  <div class=\"row\">\n\n    <div class=\"col-sm\">\n      <div class=\"estrategia\" id=\"box-assinatura\">\n        <h3 class=\"titulo-assinatura\">Assinatura Ilimitada<\/h3>\n        <p class=\"subtitulo-assinatura\">Assinatura Anual Ilimitada*<\/p>\n        <div class=\"box-botao\">\n          <a class=\"btn-assinatura\" target=\"_blank\" href=\"https:\/\/www.estrategiaconcursos.com.br\/assinaturas\/\" role=\"button\" rel=\"noopener noreferrer\">ASSINE AGORA<\/a>\n        <\/div>\n      <\/div>\n      <p class=\"texto-auxiliar\">Prepare-se com o melhor material e com quem mais aprova em Concursos P\u00fablicos em todo o pa\u00eds. Assine agora a nossa Assinatura Anual e tenha acesso ilimitado* a todos os nossos cursos.<\/p>\n    <\/div>\n\n    <div class=\"col-sm\">\n      <div class=\"questoes\" id=\"box-assinatura\">\n        <h3 class=\"titulo-assinatura\">Sistema de Quest\u00f5es<\/h3>\n        <p class=\"subtitulo-assinatura\">Assinatura Ilimitada*\n<\/p>\n        <div class=\"box-botao\">\n          <a class=\"btn-assinatura\" target=\"_blank\" href=\"https:\/\/www.estrategiaconcursos.com.br\/cursosPorConcurso\/sistema-de-questoes\/#\/\" role=\"button\" rel=\"noopener noreferrer\">ASSINE AGORA<\/a>\n        <\/div>\n      <\/div>\n      <p class=\"texto-auxiliar\">Estrat\u00e9gia Quest\u00f5es nasceu maior do que todos os concorrentes, com mais quest\u00f5es cadastradas e mais solu\u00e7\u00f5es por professores. Clique no link e aproveite os descontos e b\u00f4nus imperd\u00edveis!<\/p>\n    <\/div>\n  <\/div>\n<\/div>\n\n\n\n<figure class=\"wp-block-image\"><img loading=\"lazy\" decoding=\"async\" width=\"300\" height=\"102\" src=\"https:\/\/dhg1h5j42swfq.cloudfront.net\/2017\/03\/28152500\/coruja-ficha-tecnica-300x102.png\" alt=\"Informa\u00e7\u00f5es sobre o concurso Prefeitura de Salvaterra-PA\" class=\"wp-image-68542\"\/><\/figure>\n\n\n\n<h3 class=\"wp-block-heading\" id=\"ficha\">Informa\u00e7\u00f5es do concurso Prefeitura de Salvaterra &#8211; PA<\/h3>\n\n\n\n<ul class=\"wp-block-list\">\n<li><strong>Provas<\/strong>: 18\/10, 25\/10 e 01\/11\/2020<\/li>\n\n\n\n<li><strong>Vagas<\/strong>: 512 + CR<\/li>\n\n\n\n<li><strong>Cargos<\/strong>: V\u00e1rios<\/li>\n\n\n\n<li><strong>Banca<\/strong>: Instituto \u00c1gata<\/li>\n\n\n\n<li><strong>Escolaridade<\/strong>: Alfabetizado, fundamental, m\u00e9dio\/t\u00e9cnico e superior<\/li>\n\n\n\n<li><strong>Edital<\/strong>:\u00a0<a href=\"https:\/\/dhg1h5j42swfq.cloudfront.net\/2020\/09\/03101617\/edital-consolidado.pdf\" target=\"_blank\" rel=\"noreferrer noopener\">Concurso Salvaterra<\/a> | <a href=\"https:\/\/dhg1h5j42swfq.cloudfront.net\/2020\/09\/03101613\/29-07-2020.EDITAL_DE_RETIFICA%C3%87%C3%83O_N%C2%BA002-2020_PMSVT.pdf\" target=\"_blank\" rel=\"noreferrer noopener\">Retif. 1<\/a> | <a href=\"https:\/\/dhg1h5j42swfq.cloudfront.net\/2020\/09\/03101619\/4.pdf\" target=\"_blank\" rel=\"noreferrer noopener\">Retif. 2<\/a><\/li>\n<\/ul>\n","protected":false},"excerpt":{"rendered":"<p>Foram divulgados os protocolos de seguran\u00e7a para realiza\u00e7\u00e3o da prova objetiva do concurso p\u00fablico da Prefeitura de Salvaterra, Par\u00e1, nos dias 18, 25 de outubro e 1\u00ba de novembro. Segundo o documento, ser\u00e3o adotadas as seguintes medidas: Protocolo de realiza\u00e7\u00e3o das provas A Prefeitura oferta 512 vagas para diversos cargos, em todos os n\u00edveis de [&hellip;]<\/p>\n","protected":false},"author":1,"featured_media":543870,"comment_status":"open","ping_status":"closed","sticky":false,"template":"","format":"standard","meta":{"post_tipo":"news_page","footnotes":""},"categories":[1],"tags":[],"tax_estado":[219977],"class_list":["post-542274","post","type-post","status-publish","format-standard","has-post-thumbnail","hentry","category-cursos-e-concursos","tax_estado-pa"],"acf":[],"yoast_head":"<!-- This site is optimized with the Yoast SEO Premium plugin v27.2 (Yoast SEO v27.2) - https:\/\/yoast.com\/product\/yoast-seo-premium-wordpress\/ -->\n<title>Concurso Salvaterra: confira as medidas de seguran\u00e7a<\/title>\n<meta name=\"description\" content=\"Concurso Prefeitura de Salvaterra: Divulgadas medidas de seguran\u00e7a para realiza\u00e7\u00e3o das provas objetivas. Certame oferta 512 vagas!\" \/>\n<meta name=\"robots\" content=\"index, follow, max-snippet:-1, max-image-preview:large, max-video-preview:-1\" \/>\n<link rel=\"canonical\" href=\"https:\/\/www.estrategiaconcursos.com.br\/blog\/concurso-prefeitura-salvaterra\/\" \/>\n<meta property=\"og:locale\" content=\"pt_BR\" \/>\n<meta property=\"og:type\" content=\"article\" \/>\n<meta property=\"og:title\" content=\"Concurso Salvaterra: confira as medidas de seguran\u00e7a\" \/>\n<meta property=\"og:description\" content=\"Concurso Prefeitura de Salvaterra: Divulgadas medidas de seguran\u00e7a para realiza\u00e7\u00e3o das provas objetivas. Certame oferta 512 vagas!\" \/>\n<meta property=\"og:url\" content=\"https:\/\/www.estrategiaconcursos.com.br\/blog\/concurso-prefeitura-salvaterra\/\" \/>\n<meta property=\"og:site_name\" content=\"Estrat\u00e9gia Concursos\" \/>\n<meta property=\"article:author\" content=\"https:\/\/www.facebook.com\/EstrategiaConcursos\" \/>\n<meta property=\"article:published_time\" content=\"2020-10-15T11:00:00+00:00\" \/>\n<meta property=\"article:modified_time\" content=\"2024-08-09T17:29:25+00:00\" \/>\n<meta property=\"og:image\" content=\"https:\/\/dhg1h5j42swfq.cloudfront.net\/2020\/07\/18115441\/Prefeitura-de-Salvaterra-PA.jpg\" \/>\n\t<meta property=\"og:image:width\" content=\"1200\" \/>\n\t<meta property=\"og:image:height\" content=\"628\" \/>\n\t<meta property=\"og:image:type\" content=\"image\/jpeg\" \/>\n<meta name=\"author\" content=\"Coordena\u00e7\u00e3o\" \/>\n<meta name=\"twitter:card\" content=\"summary_large_image\" \/>\n<meta name=\"twitter:creator\" content=\"@EstratConcursos\" \/>\n<meta name=\"twitter:site\" content=\"@EstratConcursos\" \/>\n<meta name=\"twitter:label1\" content=\"Escrito por\" \/>\n\t<meta name=\"twitter:data1\" content=\"Coordena\u00e7\u00e3o\" \/>\n\t<meta name=\"twitter:label2\" content=\"Est. tempo de leitura\" \/>\n\t<meta name=\"twitter:data2\" content=\"4 minutos\" \/>\n<script type=\"application\/ld+json\" class=\"yoast-schema-graph\">{\"@context\":\"https:\/\/schema.org\",\"@graph\":[{\"@type\":\"NewsArticle\",\"@id\":\"https:\/\/www.estrategiaconcursos.com.br\/blog\/concurso-prefeitura-salvaterra\/#article\",\"isPartOf\":{\"@id\":\"https:\/\/www.estrategiaconcursos.com.br\/blog\/concurso-prefeitura-salvaterra\/\"},\"author\":{\"name\":\"Coordena\u00e7\u00e3o\",\"@id\":\"https:\/\/www.estrategiaconcursos.com.br\/blog\/#\/schema\/person\/b4a388c97673c5f483d72185668afa1f\"},\"headline\":\"Concurso Salvaterra: confira as medidas de seguran\u00e7a\",\"datePublished\":\"2020-10-15T11:00:00+00:00\",\"dateModified\":\"2024-08-09T17:29:25+00:00\",\"mainEntityOfPage\":{\"@id\":\"https:\/\/www.estrategiaconcursos.com.br\/blog\/concurso-prefeitura-salvaterra\/\"},\"wordCount\":801,\"commentCount\":4,\"publisher\":{\"@id\":\"https:\/\/www.estrategiaconcursos.com.br\/blog\/#organization\"},\"image\":{\"@id\":\"https:\/\/www.estrategiaconcursos.com.br\/blog\/concurso-prefeitura-salvaterra\/#primaryimage\"},\"thumbnailUrl\":\"https:\/\/dhg1h5j42swfq.cloudfront.net\/2020\/07\/18115441\/Prefeitura-de-Salvaterra-PA.jpg\",\"articleSection\":[\"Concursos P\u00fablicos\"],\"inLanguage\":\"pt-BR\",\"potentialAction\":[{\"@type\":\"CommentAction\",\"name\":\"Comment\",\"target\":[\"https:\/\/www.estrategiaconcursos.com.br\/blog\/concurso-prefeitura-salvaterra\/#respond\"]}],\"copyrightYear\":\"2020\",\"copyrightHolder\":{\"@id\":\"https:\/\/www.estrategiaconcursos.com.br\/blog\/#organization\"}},{\"@type\":\"WebPage\",\"@id\":\"https:\/\/www.estrategiaconcursos.com.br\/blog\/concurso-prefeitura-salvaterra\/\",\"url\":\"https:\/\/www.estrategiaconcursos.com.br\/blog\/concurso-prefeitura-salvaterra\/\",\"name\":\"Concurso Salvaterra: confira as medidas de seguran\u00e7a\",\"isPartOf\":{\"@id\":\"https:\/\/www.estrategiaconcursos.com.br\/blog\/#website\"},\"primaryImageOfPage\":{\"@id\":\"https:\/\/www.estrategiaconcursos.com.br\/blog\/concurso-prefeitura-salvaterra\/#primaryimage\"},\"image\":{\"@id\":\"https:\/\/www.estrategiaconcursos.com.br\/blog\/concurso-prefeitura-salvaterra\/#primaryimage\"},\"thumbnailUrl\":\"https:\/\/dhg1h5j42swfq.cloudfront.net\/2020\/07\/18115441\/Prefeitura-de-Salvaterra-PA.jpg\",\"datePublished\":\"2020-10-15T11:00:00+00:00\",\"dateModified\":\"2024-08-09T17:29:25+00:00\",\"description\":\"Concurso Prefeitura de Salvaterra: Divulgadas medidas de seguran\u00e7a para realiza\u00e7\u00e3o das provas objetivas. Certame oferta 512 vagas!\",\"breadcrumb\":{\"@id\":\"https:\/\/www.estrategiaconcursos.com.br\/blog\/concurso-prefeitura-salvaterra\/#breadcrumb\"},\"inLanguage\":\"pt-BR\",\"potentialAction\":[{\"@type\":\"ReadAction\",\"target\":[\"https:\/\/www.estrategiaconcursos.com.br\/blog\/concurso-prefeitura-salvaterra\/\"]}]},{\"@type\":\"ImageObject\",\"inLanguage\":\"pt-BR\",\"@id\":\"https:\/\/www.estrategiaconcursos.com.br\/blog\/concurso-prefeitura-salvaterra\/#primaryimage\",\"url\":\"https:\/\/dhg1h5j42swfq.cloudfront.net\/2020\/07\/18115441\/Prefeitura-de-Salvaterra-PA.jpg\",\"contentUrl\":\"https:\/\/dhg1h5j42swfq.cloudfront.net\/2020\/07\/18115441\/Prefeitura-de-Salvaterra-PA.jpg\",\"width\":1200,\"height\":628,\"caption\":\"Concurso de Salvaterra\"},{\"@type\":\"BreadcrumbList\",\"@id\":\"https:\/\/www.estrategiaconcursos.com.br\/blog\/concurso-prefeitura-salvaterra\/#breadcrumb\",\"itemListElement\":[{\"@type\":\"ListItem\",\"position\":1,\"name\":\"In\u00edcio\",\"item\":\"https:\/\/www.estrategiaconcursos.com.br\/blog\/\"},{\"@type\":\"ListItem\",\"position\":2,\"name\":\"Concurso Salvaterra: confira as medidas de seguran\u00e7a\"}]},{\"@type\":\"WebSite\",\"@id\":\"https:\/\/www.estrategiaconcursos.com.br\/blog\/#website\",\"url\":\"https:\/\/www.estrategiaconcursos.com.br\/blog\/\",\"name\":\"Estrat\u00e9gia Concursos\",\"description\":\"O blog da Estrat\u00e9gia Concursos traz not\u00edcias sobre concursos e artigos de professores oferecendo cursos para concursos (pdf + videaulas) no site.\",\"publisher\":{\"@id\":\"https:\/\/www.estrategiaconcursos.com.br\/blog\/#organization\"},\"potentialAction\":[{\"@type\":\"SearchAction\",\"target\":{\"@type\":\"EntryPoint\",\"urlTemplate\":\"https:\/\/www.estrategiaconcursos.com.br\/blog\/?s={search_term_string}\"},\"query-input\":{\"@type\":\"PropertyValueSpecification\",\"valueRequired\":true,\"valueName\":\"search_term_string\"}}],\"inLanguage\":\"pt-BR\"},{\"@type\":\"Organization\",\"@id\":\"https:\/\/www.estrategiaconcursos.com.br\/blog\/#organization\",\"name\":\"Estrat\u00e9gia Concursos\",\"url\":\"https:\/\/www.estrategiaconcursos.com.br\/blog\/\",\"logo\":{\"@type\":\"ImageObject\",\"inLanguage\":\"pt-BR\",\"@id\":\"https:\/\/www.estrategiaconcursos.com.br\/blog\/#\/schema\/logo\/image\/\",\"url\":\"https:\/\/dhg1h5j42swfq.cloudfront.net\/2025\/06\/03203428\/logo_concursos-1.jpg\",\"contentUrl\":\"https:\/\/dhg1h5j42swfq.cloudfront.net\/2025\/06\/03203428\/logo_concursos-1.jpg\",\"width\":230,\"height\":60,\"caption\":\"Estrat\u00e9gia Concursos\"},\"image\":{\"@id\":\"https:\/\/www.estrategiaconcursos.com.br\/blog\/#\/schema\/logo\/image\/\"},\"sameAs\":[\"https:\/\/x.com\/EstratConcursos\"]},{\"@type\":\"Person\",\"@id\":\"https:\/\/www.estrategiaconcursos.com.br\/blog\/#\/schema\/person\/b4a388c97673c5f483d72185668afa1f\",\"name\":\"Coordena\u00e7\u00e3o\",\"image\":{\"@type\":\"ImageObject\",\"inLanguage\":\"pt-BR\",\"@id\":\"https:\/\/secure.gravatar.com\/avatar\/b720319e4c9a967eb58678d110f4fe35452fc5d5f97b202bac7b8acceb18c6ad?s=96&d=mm&r=g\",\"url\":\"https:\/\/secure.gravatar.com\/avatar\/b720319e4c9a967eb58678d110f4fe35452fc5d5f97b202bac7b8acceb18c6ad?s=96&d=mm&r=g\",\"contentUrl\":\"https:\/\/secure.gravatar.com\/avatar\/b720319e4c9a967eb58678d110f4fe35452fc5d5f97b202bac7b8acceb18c6ad?s=96&d=mm&r=g\",\"caption\":\"Coordena\u00e7\u00e3o\"},\"sameAs\":[\"https:\/\/www.facebook.com\/EstrategiaConcursos\",\"https:\/\/x.com\/EstratConcursos\"],\"url\":\"https:\/\/www.estrategiaconcursos.com.br\/blog\/author\/estrategia2013\/\"}]}<\/script>\n<!-- \/ Yoast SEO Premium plugin. -->","yoast_head_json":{"title":"Concurso Salvaterra: confira as medidas de seguran\u00e7a","description":"Concurso Prefeitura de Salvaterra: Divulgadas medidas de seguran\u00e7a para realiza\u00e7\u00e3o das provas objetivas. Certame oferta 512 vagas!","robots":{"index":"index","follow":"follow","max-snippet":"max-snippet:-1","max-image-preview":"max-image-preview:large","max-video-preview":"max-video-preview:-1"},"canonical":"https:\/\/www.estrategiaconcursos.com.br\/blog\/concurso-prefeitura-salvaterra\/","og_locale":"pt_BR","og_type":"article","og_title":"Concurso Salvaterra: confira as medidas de seguran\u00e7a","og_description":"Concurso Prefeitura de Salvaterra: Divulgadas medidas de seguran\u00e7a para realiza\u00e7\u00e3o das provas objetivas. Certame oferta 512 vagas!","og_url":"https:\/\/www.estrategiaconcursos.com.br\/blog\/concurso-prefeitura-salvaterra\/","og_site_name":"Estrat\u00e9gia Concursos","article_author":"https:\/\/www.facebook.com\/EstrategiaConcursos","article_published_time":"2020-10-15T11:00:00+00:00","article_modified_time":"2024-08-09T17:29:25+00:00","og_image":[{"width":1200,"height":628,"url":"https:\/\/dhg1h5j42swfq.cloudfront.net\/2020\/07\/18115441\/Prefeitura-de-Salvaterra-PA.jpg","type":"image\/jpeg"}],"author":"Coordena\u00e7\u00e3o","twitter_card":"summary_large_image","twitter_creator":"@EstratConcursos","twitter_site":"@EstratConcursos","twitter_misc":{"Escrito por":"Coordena\u00e7\u00e3o","Est. tempo de leitura":"4 minutos"},"schema":{"@context":"https:\/\/schema.org","@graph":[{"@type":"NewsArticle","@id":"https:\/\/www.estrategiaconcursos.com.br\/blog\/concurso-prefeitura-salvaterra\/#article","isPartOf":{"@id":"https:\/\/www.estrategiaconcursos.com.br\/blog\/concurso-prefeitura-salvaterra\/"},"author":{"name":"Coordena\u00e7\u00e3o","@id":"https:\/\/www.estrategiaconcursos.com.br\/blog\/#\/schema\/person\/b4a388c97673c5f483d72185668afa1f"},"headline":"Concurso Salvaterra: confira as medidas de seguran\u00e7a","datePublished":"2020-10-15T11:00:00+00:00","dateModified":"2024-08-09T17:29:25+00:00","mainEntityOfPage":{"@id":"https:\/\/www.estrategiaconcursos.com.br\/blog\/concurso-prefeitura-salvaterra\/"},"wordCount":801,"commentCount":4,"publisher":{"@id":"https:\/\/www.estrategiaconcursos.com.br\/blog\/#organization"},"image":{"@id":"https:\/\/www.estrategiaconcursos.com.br\/blog\/concurso-prefeitura-salvaterra\/#primaryimage"},"thumbnailUrl":"https:\/\/dhg1h5j42swfq.cloudfront.net\/2020\/07\/18115441\/Prefeitura-de-Salvaterra-PA.jpg","articleSection":["Concursos P\u00fablicos"],"inLanguage":"pt-BR","potentialAction":[{"@type":"CommentAction","name":"Comment","target":["https:\/\/www.estrategiaconcursos.com.br\/blog\/concurso-prefeitura-salvaterra\/#respond"]}],"copyrightYear":"2020","copyrightHolder":{"@id":"https:\/\/www.estrategiaconcursos.com.br\/blog\/#organization"}},{"@type":"WebPage","@id":"https:\/\/www.estrategiaconcursos.com.br\/blog\/concurso-prefeitura-salvaterra\/","url":"https:\/\/www.estrategiaconcursos.com.br\/blog\/concurso-prefeitura-salvaterra\/","name":"Concurso Salvaterra: confira as medidas de seguran\u00e7a","isPartOf":{"@id":"https:\/\/www.estrategiaconcursos.com.br\/blog\/#website"},"primaryImageOfPage":{"@id":"https:\/\/www.estrategiaconcursos.com.br\/blog\/concurso-prefeitura-salvaterra\/#primaryimage"},"image":{"@id":"https:\/\/www.estrategiaconcursos.com.br\/blog\/concurso-prefeitura-salvaterra\/#primaryimage"},"thumbnailUrl":"https:\/\/dhg1h5j42swfq.cloudfront.net\/2020\/07\/18115441\/Prefeitura-de-Salvaterra-PA.jpg","datePublished":"2020-10-15T11:00:00+00:00","dateModified":"2024-08-09T17:29:25+00:00","description":"Concurso Prefeitura de Salvaterra: Divulgadas medidas de seguran\u00e7a para realiza\u00e7\u00e3o das provas objetivas. Certame oferta 512 vagas!","breadcrumb":{"@id":"https:\/\/www.estrategiaconcursos.com.br\/blog\/concurso-prefeitura-salvaterra\/#breadcrumb"},"inLanguage":"pt-BR","potentialAction":[{"@type":"ReadAction","target":["https:\/\/www.estrategiaconcursos.com.br\/blog\/concurso-prefeitura-salvaterra\/"]}]},{"@type":"ImageObject","inLanguage":"pt-BR","@id":"https:\/\/www.estrategiaconcursos.com.br\/blog\/concurso-prefeitura-salvaterra\/#primaryimage","url":"https:\/\/dhg1h5j42swfq.cloudfront.net\/2020\/07\/18115441\/Prefeitura-de-Salvaterra-PA.jpg","contentUrl":"https:\/\/dhg1h5j42swfq.cloudfront.net\/2020\/07\/18115441\/Prefeitura-de-Salvaterra-PA.jpg","width":1200,"height":628,"caption":"Concurso de Salvaterra"},{"@type":"BreadcrumbList","@id":"https:\/\/www.estrategiaconcursos.com.br\/blog\/concurso-prefeitura-salvaterra\/#breadcrumb","itemListElement":[{"@type":"ListItem","position":1,"name":"In\u00edcio","item":"https:\/\/www.estrategiaconcursos.com.br\/blog\/"},{"@type":"ListItem","position":2,"name":"Concurso Salvaterra: confira as medidas de seguran\u00e7a"}]},{"@type":"WebSite","@id":"https:\/\/www.estrategiaconcursos.com.br\/blog\/#website","url":"https:\/\/www.estrategiaconcursos.com.br\/blog\/","name":"Estrat\u00e9gia Concursos","description":"O blog da Estrat\u00e9gia Concursos traz not\u00edcias sobre concursos e artigos de professores oferecendo cursos para concursos (pdf + videaulas) no site.","publisher":{"@id":"https:\/\/www.estrategiaconcursos.com.br\/blog\/#organization"},"potentialAction":[{"@type":"SearchAction","target":{"@type":"EntryPoint","urlTemplate":"https:\/\/www.estrategiaconcursos.com.br\/blog\/?s={search_term_string}"},"query-input":{"@type":"PropertyValueSpecification","valueRequired":true,"valueName":"search_term_string"}}],"inLanguage":"pt-BR"},{"@type":"Organization","@id":"https:\/\/www.estrategiaconcursos.com.br\/blog\/#organization","name":"Estrat\u00e9gia Concursos","url":"https:\/\/www.estrategiaconcursos.com.br\/blog\/","logo":{"@type":"ImageObject","inLanguage":"pt-BR","@id":"https:\/\/www.estrategiaconcursos.com.br\/blog\/#\/schema\/logo\/image\/","url":"https:\/\/dhg1h5j42swfq.cloudfront.net\/2025\/06\/03203428\/logo_concursos-1.jpg","contentUrl":"https:\/\/dhg1h5j42swfq.cloudfront.net\/2025\/06\/03203428\/logo_concursos-1.jpg","width":230,"height":60,"caption":"Estrat\u00e9gia Concursos"},"image":{"@id":"https:\/\/www.estrategiaconcursos.com.br\/blog\/#\/schema\/logo\/image\/"},"sameAs":["https:\/\/x.com\/EstratConcursos"]},{"@type":"Person","@id":"https:\/\/www.estrategiaconcursos.com.br\/blog\/#\/schema\/person\/b4a388c97673c5f483d72185668afa1f","name":"Coordena\u00e7\u00e3o","image":{"@type":"ImageObject","inLanguage":"pt-BR","@id":"https:\/\/secure.gravatar.com\/avatar\/b720319e4c9a967eb58678d110f4fe35452fc5d5f97b202bac7b8acceb18c6ad?s=96&d=mm&r=g","url":"https:\/\/secure.gravatar.com\/avatar\/b720319e4c9a967eb58678d110f4fe35452fc5d5f97b202bac7b8acceb18c6ad?s=96&d=mm&r=g","contentUrl":"https:\/\/secure.gravatar.com\/avatar\/b720319e4c9a967eb58678d110f4fe35452fc5d5f97b202bac7b8acceb18c6ad?s=96&d=mm&r=g","caption":"Coordena\u00e7\u00e3o"},"sameAs":["https:\/\/www.facebook.com\/EstrategiaConcursos","https:\/\/x.com\/EstratConcursos"],"url":"https:\/\/www.estrategiaconcursos.com.br\/blog\/author\/estrategia2013\/"}]}},"_links":{"self":[{"href":"https:\/\/www.estrategiaconcursos.com.br\/blog\/wp-json\/wp\/v2\/posts\/542274","targetHints":{"allow":["GET"]}}],"collection":[{"href":"https:\/\/www.estrategiaconcursos.com.br\/blog\/wp-json\/wp\/v2\/posts"}],"about":[{"href":"https:\/\/www.estrategiaconcursos.com.br\/blog\/wp-json\/wp\/v2\/types\/post"}],"author":[{"embeddable":true,"href":"https:\/\/www.estrategiaconcursos.com.br\/blog\/wp-json\/wp\/v2\/users\/1"}],"replies":[{"embeddable":true,"href":"https:\/\/www.estrategiaconcursos.com.br\/blog\/wp-json\/wp\/v2\/comments?post=542274"}],"version-history":[{"count":35,"href":"https:\/\/www.estrategiaconcursos.com.br\/blog\/wp-json\/wp\/v2\/posts\/542274\/revisions"}],"predecessor-version":[{"id":1442608,"href":"https:\/\/www.estrategiaconcursos.com.br\/blog\/wp-json\/wp\/v2\/posts\/542274\/revisions\/1442608"}],"wp:featuredmedia":[{"embeddable":true,"href":"https:\/\/www.estrategiaconcursos.com.br\/blog\/wp-json\/wp\/v2\/media\/543870"}],"wp:attachment":[{"href":"https:\/\/www.estrategiaconcursos.com.br\/blog\/wp-json\/wp\/v2\/media?parent=542274"}],"wp:term":[{"taxonomy":"category","embeddable":true,"href":"https:\/\/www.estrategiaconcursos.com.br\/blog\/wp-json\/wp\/v2\/categories?post=542274"},{"taxonomy":"post_tag","embeddable":true,"href":"https:\/\/www.estrategiaconcursos.com.br\/blog\/wp-json\/wp\/v2\/tags?post=542274"},{"taxonomy":"tax_estado","embeddable":true,"href":"https:\/\/www.estrategiaconcursos.com.br\/blog\/wp-json\/wp\/v2\/tax_estado?post=542274"}],"curies":[{"name":"wp","href":"https:\/\/api.w.org\/{rel}","templated":true}]}}