{"id":54148,"date":"2016-11-04T15:50:43","date_gmt":"2016-11-04T18:50:43","guid":{"rendered":"https:\/\/www.estrategiaconcursos.com.br\/blog\/?p=54148"},"modified":"2016-11-04T15:50:43","modified_gmt":"2016-11-04T18:50:43","slug":"questoes-e-gabarito-dicas-de-vespera-enem-2016-recursos-hidricos-armazenamento-de-residuos-solidos-e-sustentabilidade","status":"publish","type":"post","link":"https:\/\/www.estrategiaconcursos.com.br\/blog\/questoes-e-gabarito-dicas-de-vespera-enem-2016-recursos-hidricos-armazenamento-de-residuos-solidos-e-sustentabilidade\/","title":{"rendered":"Dicas de v\u00e9spera Enem 2016. Quest\u00f5es comentadas. Recursos H\u00eddricos, armazenamento de res\u00edduos s\u00f3lidos e sustentabilidade."},"content":{"rendered":"<p>N\u00f3s do Estrat\u00e9gia ENEM estaremos te acompanhando em tempo real na realiza\u00e7\u00e3o do seu exame. Seremos o primeiro gabarito publicado e comentado. chegando da prova voc\u00ea pode conferir: digite gabarito enem estrat\u00e9gia ou clique no link abaixo dos t\u00f3picos&#8230;<\/p>\n<p>De olho nestes t\u00f3picos: Estar\u00e3o no seu exame.<\/p>\n<p>Est\u00e3o no artigo alguns exerc\u00edcios comentados com gabarito que ir\u00e3o sem d\u00favida ajudar muito na avalia\u00e7\u00e3o. Foco no sucesso e vamos l\u00e1 &#8230;<\/p>\n<p>Vamos gabaritar Ci\u00eancias Humanas<\/p>\n<p>\uf0fc Rompimento da \u201cbarragem do fund\u00e3o\u201d. Armazenamento de lama com rejeitos.<br \/>\n\uf0fc Grandes conglomerados internacionais: manipula\u00e7\u00e3o das brechas jur\u00eddicas \u2013 Samarco (Vale e BHP bilington).<br \/>\n\uf0fc Impactos: Destrui\u00e7\u00e3o do Vale do rio doce \u2013 contamina\u00e7\u00e3o do solo, assoreamento dos rios, destrui\u00e7\u00e3o das formas de vida das comunidades ribeirinhas, perda de patrim\u00f4nio hist\u00f3rico e natural.<br \/>\n\uf0fc Solu\u00e7\u00e3o tecnol\u00f3gica: armazenamento \u00e0 seco.<br \/>\n\uf0fc Sustentabilidade: Explorar o meio garantindo \u00e0s gera\u00e7\u00f5es futuras o direito de fazer o mesmo. Tanto ambiental como social.<br \/>\n\uf0fc Uso das tecnologias: interliga pessoas em tempo real, mas persistem problemas antigos e graves ligados \u00e0 pobreza.<\/p>\n<p><strong>N\u00e3o se esque\u00e7a da perda de patrim\u00f4nio gen\u00e9tico, material e imaterial\u00a0<\/strong><\/p>\n<p>N\u00e3o se esque\u00e7a de acessar nosso gabarito comentado amanh\u00e3, logo ap\u00f3s a prova.<\/p>\n<p>&nbsp;<\/p>\n<blockquote class=\"wp-embedded-content\" data-secret=\"KNWO8hWbn6\"><p><a href=\"https:\/\/www.estrategiaconcursos.com.br\/blog\/gabarito-enem-2016\/\">Gabarito ENEM 2016 &#8211; publicado o gabarito oficial do INEP<\/a><\/p><\/blockquote>\n<p><iframe loading=\"lazy\" class=\"wp-embedded-content\" sandbox=\"allow-scripts\" security=\"restricted\" style=\"position: absolute; clip: rect(1px, 1px, 1px, 1px);\" title=\"&#8220;Gabarito ENEM 2016 &#8211; publicado o gabarito oficial do INEP&#8221; &#8212; Estrat\u00e9gia Concursos\" src=\"https:\/\/www.estrategiaconcursos.com.br\/blog\/gabarito-enem-2016\/embed\/#?secret=EngFx23ZQt#?secret=KNWO8hWbn6\" data-secret=\"KNWO8hWbn6\" width=\"500\" height=\"282\" frameborder=\"0\" marginwidth=\"0\" marginheight=\"0\" scrolling=\"no\"><\/iframe><\/p>\n<p>1. (Enem PPL 2014) Uma cidade que reduz emiss\u00f5es, eletrifica com energia solar seus est\u00e1dios, mas deixa bairros sem saneamento b\u00e1sico, sem assist\u00eancia m\u00e9dica e sem escola de qualidade nunca ser\u00e1 sustent\u00e1vel. A mudan\u00e7a do regime de chuvas, que j\u00e1 ocorre por causa da mudan\u00e7a clim\u00e1tica, faz com que inunda\u00e7\u00f5es em \u00e1reas com esgoto e lix\u00f5es a c\u00e9u aberto propaguem doen\u00e7as das quais o sistema de sa\u00fade n\u00e3o cuidar\u00e1 apropriadamente.<\/p>\n<p>ABRANCHES, S. A sustentabilidade \u00e9 humana e ecol\u00f3gica. Dispon\u00edvel em: www.ecopolitica.com.br. Acesso em: 30 jul. 2012 (adaptado).<\/p>\n<p>Problematizando a no\u00e7\u00e3o de sustentabilidade, o argumento apresentado no texto sugere que o(a)<br \/>\na) tecnologia verde \u00e9 necess\u00e1ria ao planejamento urbano.<br \/>\nb) mudan\u00e7a clim\u00e1tica \u00e9 provocada pelo crescimento das cidades.<br \/>\nc) consumo consciente \u00e9 caracter\u00edstico de cidades sustent\u00e1veis.<br \/>\nd) desenvolvimento urbano \u00e9 incompat\u00edvel com a preserva\u00e7\u00e3o ambiental.<br \/>\ne) desenvolvimento social \u00e9 condi\u00e7\u00e3o para o desenvolvimento sustent\u00e1vel.<\/p>\n<p>2. (Enem PPL 2013) Ningu\u00e9m vive sem ocupar espa\u00e7o, sem respirar, sem alimentar-se, sem ter um teto para abrigar-se e, na Modernidade, sem o que se incorporou na vida cotidiana: luz, telefone, televis\u00e3o, r\u00e1dio, refrigera\u00e7\u00e3o dos alimentos etc. A humanidade n\u00e3o vive sem ocupar espa\u00e7o, sem utilizar-se cada vez mais intensamente das riquezas naturais que s\u00e3o apropriadas privadamente.<\/p>\n<p>RODRIGUES, A. M. Desenvolvimento sustent\u00e1vel: dos conflitos de classes para os conflitos de gera\u00e7\u00f5es. In: SILVA. J. B. et al. (Orgs.). Panorama da geografia brasileira. S\u00e3o Paulo: Annablume, 2006 (fragmento).<\/p>\n<p>O texto defende que duas mudan\u00e7as provocadas pela a\u00e7\u00e3o humana na Modernidade s\u00e3o o(a)<br \/>\na) altera\u00e7\u00e3o no modo de vida das comunidades e a delimita\u00e7\u00e3o dos problemas ambientais em escala local.<br \/>\nb) surgimento de novas formas de apropria\u00e7\u00e3o dos territ\u00f3rios e a utiliza\u00e7\u00e3o p\u00fablica dos recursos naturais.<br \/>\nc) incorpora\u00e7\u00e3o de novas tecnologias no processo produtivo e a acelera\u00e7\u00e3o dos problemas ambientais.<br \/>\nd) aumento do consumo de bens e mercadorias e a utiliza\u00e7\u00e3o de m\u00e3o de obra nas unidades produtivas.<br \/>\ne) esgotamento das reservas naturais e a desacelera\u00e7\u00e3o da produ\u00e7\u00e3o de bens de consumo humano.<\/p>\n<p>3. (Enem simulado 2009) Em fevereiro de 1999, o Semin\u00e1rio Internacional sobre Direito Ambiental, ocorrido em Bilbao, na Espanha, prop\u00f4s, na Declara\u00e7\u00e3o de Viscaia, a extens\u00e3o dos direitos humanos ao meio ambiente, como instrumento de alcance universal. No par\u00e1grafo 3\u00ba do artigo 1\u00ba da referida declara\u00e7\u00e3o, fica estabelecido: \u201cO direito ao meio ambiente dever\u00e1 ser exercido de forma compat\u00edvel com os demais direitos humanos, entre os quais o direito ao desenvolvimento\u201d. No Brasil, o cumprimento desse direito configura um grande desafio. Na Regi\u00e3o Amaz\u00f4nica, por exemplo, tem havido uma coincid\u00eancia entre as linhas de desmatamento e as novas fronteiras de desenvolvimento do agroneg\u00f3cio, marcadas por focos de injusti\u00e7a ambiental, com frequentes casos de escraviza\u00e7\u00e3o de trabalhadores, al\u00e9m de conflitos e crimes pela posse de terras, muitas vezes, impunes.<\/p>\n<p>Dispon\u00edvel em: .<br \/>\nAcesso em: 9 maio 2009. (com adapta\u00e7\u00f5es).<\/p>\n<p>Promover justi\u00e7a ambiental, no caso da Regi\u00e3o Amaz\u00f4nica brasileira, implica<br \/>\na) fortalecer a a\u00e7\u00e3o fiscalizadora do Estado e viabilizar pol\u00edticas de desenvolvimento sustent\u00e1vel.<br \/>\nb) ampliar o mercado informal de trabalho para a popula\u00e7\u00e3o com baixa qualifica\u00e7\u00e3o profissional.<br \/>\nc) incentivar a ocupa\u00e7\u00e3o das terras pelo Estado brasileiro, em face dos interesses internacionais.<br \/>\nd) promover alternativas de desenvolvimento sustent\u00e1vel, em raz\u00e3o da precariedade tecnol\u00f3gica local.<br \/>\ne) ampliar a import\u00e2ncia do agroneg\u00f3cio nas \u00e1reas de conflito pela posse de terras e combater a viol\u00eancia no campo.<\/p>\n<p>4. (Enem 2007) Quanto mais desenvolvida \u00e9 uma na\u00e7\u00e3o, mais lixo cada um de seus habitantes produz. Al\u00e9m de o progresso elevar o volume de lixo, ele tamb\u00e9m modifica a qualidade do material despejado. Quando a sociedade progride, ela troca a televis\u00e3o, o computador, compra mais brinquedos e aparelhos eletr\u00f4nicos. Calcula-se que 700 milh\u00f5es de aparelhos celulares j\u00e1 foram jogados fora em todo o mundo. O novo lixo cont\u00e9m mais merc\u00fario, chumbo, alum\u00ednio e b\u00e1rio. Abandonado nos lix\u00f5es, esse material se deteriora e vaza. As subst\u00e2ncias liberadas infiltram-se no solo e podem chegar aos len\u00e7\u00f3is fre\u00e1ticos ou a rios pr\u00f3ximos, espalhando-se pela \u00e1gua.<br \/>\n&#8220;Anu\u00e1rio Gest\u00e3o Ambiental&#8221; 2007, p. 47-8 (com adapta\u00e7\u00f5es).<\/p>\n<p>A respeito da produ\u00e7\u00e3o de lixo e de sua rela\u00e7\u00e3o com o ambiente, \u00e9 correto afirmar que<br \/>\na) as subst\u00e2ncias qu\u00edmicas encontradas no lixo levam, frequentemente, ao aumento da diversidade de esp\u00e9cies e, portanto, ao aumento da produtividade agr\u00edcola do solo.<br \/>\nb) o tipo e a quantidade de lixo produzido pela sociedade independem de pol\u00edticas de educa\u00e7\u00e3o que proponham mudan\u00e7as no padr\u00e3o de consumo.<br \/>\nc) a produ\u00e7\u00e3o de lixo \u00e9 inversamente proporcional ao n\u00edvel de desenvolvimento econ\u00f4mico das sociedades.<br \/>\nd) o desenvolvimento sustent\u00e1vel requer controle e monitoramento dos efeitos do lixo sobre esp\u00e9cies existentes em cursos d&#8217;\u00e1gua, solo e vegeta\u00e7\u00e3o.<br \/>\ne) o desenvolvimento tecnol\u00f3gico tem elevado a cria\u00e7\u00e3o de produtos descart\u00e1veis, o que evita a gera\u00e7\u00e3o de lixo e res\u00edduos qu\u00edmicos.<\/p>\n<p>5. (Enem PPL 2015)<\/p>\n<p>As novas tecnologias foram massificadas, alcan\u00e7ando e impactando de diferentes formas os lugares. A ironia proposta pela charge indica que o acesso \u00e0 tecnologia est\u00e1<br \/>\na) vinculado a mudan\u00e7as na paisagem.<br \/>\nb) garantido de forma equitativa aos cidad\u00e3os.<br \/>\nc) priorizado para resolver as desigualdades.<br \/>\nd) relacionado a uma a\u00e7\u00e3o redentora na vida social.<br \/>\ne) dissociado de revolu\u00e7\u00f5es na realidade socioespacial.<\/p>\n<p>6. (Enem 2014) Existe uma cultura pol\u00edtica que domina o sistema e \u00e9 fundamental para entender o conservadorismo brasileiro. H\u00e1 um argumento, partilhado pela direita e pela esquerda, de que a sociedade brasileira \u00e9 conservadora. Isso legitimou o conservadorismo do sistema pol\u00edtico: existiriam limites para transformar o pa\u00eds, porque a sociedade \u00e9 conservadora, n\u00e3o aceita mudan\u00e7as bruscas. Isso justifica o car\u00e1ter vagaroso da redemocratiza\u00e7\u00e3o e da redistribui\u00e7\u00e3o da renda. Mas n\u00e3o \u00e9 assim. A sociedade \u00e9 muito mais avan\u00e7ada que o sistema pol\u00edtico. Ele se mant\u00e9m porque consegue convencer a sociedade de que \u00e9 a express\u00e3o dela, de seu conservadorismo.<\/p>\n<p>NOBRE, M. Dois ismos que n\u00e3o rimam. Dispon\u00edvel em: www.unicamp.br. Acesso em: 28 mar. 2014 (adaptado).<\/p>\n<p>A caracter\u00edstica do sistema pol\u00edtico brasileiro, ressaltada no texto, obt\u00e9m sua legitimidade da<br \/>\na) dispers\u00e3o regional do poder econ\u00f4mico.<br \/>\nb) polariza\u00e7\u00e3o acentuada da disputa partid\u00e1ria.<br \/>\nc) orienta\u00e7\u00e3o radical dos movimentos populares.<br \/>\nd) condu\u00e7\u00e3o eficiente das a\u00e7\u00f5es administrativas.<br \/>\ne) sustenta\u00e7\u00e3o ideol\u00f3gica das desigualdades existentes.<\/p>\n<p>7. (Enem 2012)<\/p>\n<p>Na charge faz-se refer\u00eancia a uma modifica\u00e7\u00e3o produtiva ocorrida na agricultura. Uma contradi\u00e7\u00e3o presente no espa\u00e7o rural brasileiro derivada dessa modifica\u00e7\u00e3o produtiva est\u00e1 presente em:<br \/>\na) Expans\u00e3o das terras agricult\u00e1veis, com manuten\u00e7\u00e3o de desigualdades sociais.<br \/>\nb) Moderniza\u00e7\u00e3o t\u00e9cnica do territ\u00f3rio, com redu\u00e7\u00e3o do n\u00edvel de emprego formal.<br \/>\nc) Valoriza\u00e7\u00e3o de atividades de subsist\u00eancia, com redu\u00e7\u00e3o da produtividade da terra.<br \/>\nd) Desenvolvimento de n\u00facleos policultores, com amplia\u00e7\u00e3o da concentra\u00e7\u00e3o fundi\u00e1ria.<br \/>\ne) Melhora da qualidade dos produtos, com retra\u00e7\u00e3o na exporta\u00e7\u00e3o de produtos prim\u00e1rios.<\/p>\n<p>8. (Enem 2008) A vida na rua como ela \u00e9<\/p>\n<p>O Minist\u00e9rio do Desenvolvimento Social e Combate \u00e0 Fome (MDS) realizou, em parceria com a ONU, uma pesquisa nacional sobre a popula\u00e7\u00e3o que vive na rua, tendo sido ouvidas pessoas em cidades brasileiras. Nesse levantamento, constatou-se que a maioria dessa popula\u00e7\u00e3o sabe ler e escrever que apenas vivem de esmolas e que, entre os moradores de rua que ingressaram no ensino superior, se diplomou. Outros dados da pesquisa s\u00e3o apresentados nos quadros a seguir.<\/p>\n<p>As informa\u00e7\u00f5es apresentadas no texto s\u00e3o suficientes para se concluir que<br \/>\na) as pessoas que vivem na rua e sobrevivem de esmolas s\u00e3o aquelas que nunca estudaram.<br \/>\nb) as pessoas que vivem na rua e cursaram o ensino fundamental, completo ou incompleto, s\u00e3o aquelas que sabem ler e escrever.<br \/>\nc) existem pessoas que declararam mais de um motivo para estarem vivendo na rua.<br \/>\nd) mais da metade das pessoas que vivem na rua e que ingressaram no ensino superior se diplomou.<br \/>\ne) as pessoas que declararam o desemprego como motivo para viver na rua tamb\u00e9m declararam a decep\u00e7\u00e3o amorosa.<\/p>\n<p>9. (Enem PPL 2014) A voadeira, canoa de alum\u00ednio com motor de popa usada como meio de transporte fluvial pelos ribeirinhos da Amaz\u00f4nia, ganhou uma vers\u00e3o movida a energia solar em vez de combust\u00edvel.<\/p>\n<p>BRASIL, K. Voadeira movida a energia solar \u00e9 op\u00e7\u00e3o para o transporte fluvial na Amaz\u00f4nia.<br \/>\nFolha de S. Paulo, 12 maio 2012.<\/p>\n<p>No texto, est\u00e1 descrita uma situa\u00e7\u00e3o de mudan\u00e7a na tecnologia do transporte fluvial na Amaz\u00f4nia. Configura-se como uma consequ\u00eancia ambiental derivada da mudan\u00e7a apresentada a redu\u00e7\u00e3o<br \/>\na) da \u00e1rea de mata ciliar.<br \/>\nb) da eros\u00e3o dos solos aluviais.<br \/>\nc) de descargas el\u00e9tricas nas \u00e1guas.<br \/>\nd) do assoreamento dos cursos fluviais.<br \/>\ne) da emiss\u00e3o de poluentes atmosf\u00e9ricos.<\/p>\n<p>10. (Enem PPL 2014) Uma maior disponibilidade de combust\u00edvel f\u00f3ssil, como acontece com as crescentes possibilidades brasileiras, \u00e9 fonte de importantes perspectivas econ\u00f4micas para o pa\u00eds. Ao mesmo tempo, por\u00e9m, numa \u00e9poca de press\u00e3o mundial por alimentos e biocombust\u00edveis, as reservas nacionais de \u00e1gua doce, o clima favor\u00e1vel e o dom\u00ednio de tecnologias de ponta no setor conferem \u00e0 matriz energ\u00e9tica brasileira um papel-chave na mudan\u00e7a do paradigma energ\u00e9tico-produtivo.<\/p>\n<p>SODR\u00c9, M. Reinventando a educa\u00e7\u00e3o: diversidade, descoloniza\u00e7\u00e3o e redes. Petr\u00f3polis: Vozes, 2012.<\/p>\n<p>No texto, \u00e9 ressaltada a import\u00e2ncia da matriz energ\u00e9tica brasileira enquanto refer\u00eancia de car\u00e1ter mais sustent\u00e1vel. Essa import\u00e2ncia \u00e9 derivada da<br \/>\na) conquista da autossufici\u00eancia petrol\u00edfera pela descoberta de novas jazidas.<br \/>\nb) expans\u00e3o da fronteira agr\u00edcola intensiva para produ\u00e7\u00e3o de biocombust\u00edveis.<br \/>\nc) supera\u00e7\u00e3o do uso de energia n\u00e3o renov\u00e1vel no setor de transporte de cargas.<br \/>\nd) apropria\u00e7\u00e3o das condi\u00e7\u00f5es naturais do territ\u00f3rio para diversifica\u00e7\u00e3o das fontes.<br \/>\ne) redu\u00e7\u00e3o do impacto social advindo da substitui\u00e7\u00e3o de termel\u00e9tricas por hidrel\u00e9tricas.<\/p>\n<p>11. (Enem PPL 2014)<\/p>\n<p>Comparando o escoamento natural das \u00e1guas de chuva com o escoamento em \u00e1reas urbanas, nota-se que a urbaniza\u00e7\u00e3o promove maior<br \/>\na) vaz\u00e3o h\u00eddrica nas estruturas artificiais constru\u00eddas pelas atividades humanas.<br \/>\nb) armazenagem subterr\u00e2nea, uma vez que, nas \u00e1reas urbanizadas, o ciclo hidrol\u00f3gico \u00e9 alterado pelas atividades antr\u00f3picas.<br \/>\nc) evapotranspira\u00e7\u00e3o, pois, nas \u00e1reas urbanas, a diminui\u00e7\u00e3o da cobertura vegetal promove aumento no processo de transpira\u00e7\u00e3o.<br \/>\nd) transfer\u00eancia de descarga subterr\u00e2nea, pois, ao aumentara impermeabiliza\u00e7\u00e3o, traz-se como consequ\u00eancia maior alimenta\u00e7\u00e3o do len\u00e7ol fre\u00e1tico.<br \/>\ne) infiltra\u00e7\u00e3o, pois, ao aumentar a impermeabiliza\u00e7\u00e3o, estabelece-se uma rela\u00e7\u00e3o diretamente proporcional desses elementos na composi\u00e7\u00e3o do ciclo hidrol\u00f3gico.<\/p>\n<p>12. (Ueg 2016) Observe a imagem a seguir.<\/p>\n<p>O rompimento da Barragem do Fund\u00e3o, no distrito de Bento Rodrigues em Mariana, MG, em novembro de 2015, deixou 19 mortos e muita destrui\u00e7\u00e3o. Conforme pode ser observado na figura apresentada, os rejeitos dessa barragem afetaram:<br \/>\na) os ribeirinhos dos afluentes da margem direita do Rio Doce.<br \/>\nb) os munic\u00edpios banhados pela bacia do Rio Doce, em Minas Gerais.<br \/>\nc) a popula\u00e7\u00e3o ribeirinha residente a jusante da barragem do Fund\u00e3o.<br \/>\nd) principalmente a popula\u00e7\u00e3o dos munic\u00edpios de Barbacena e Vi\u00e7osa.<br \/>\ne) o Rio Doce e seus afluentes a montante das barragens Fund\u00e3o e Santar\u00e9m.<\/p>\n<p>TEXTO PARA AS PR\u00d3XIMAS 2 QUEST\u00d5ES:<br \/>\nLeia o texto abaixo para responder \u00e0(s) quest\u00e3o(\u00f5es) a seguir.<\/p>\n<p>\u201cEm janeiro deste ano, ao sobrevoarem o litoral do Estado do Esp\u00edrito Santo e do sul da Bahia, bi\u00f3logos, ocean\u00f3grafos e t\u00e9cnicos de \u00f3rg\u00e3os ambientais do governo federal reconheceram os borr\u00f5es escuros na superf\u00edcie do mar formados pelo ac\u00famulo de res\u00edduos met\u00e1licos que vazaram do reservat\u00f3rio da mineradora Samarco em Mariana, Minas Gerais, em novembro de 2015. A mancha de res\u00edduos, tamb\u00e9m chamada de pluma, aproximava-se do arquip\u00e9lago de Abrolhos, uma das principais reservas de vida silvestre marinha da costa brasileira.\u201d<\/p>\n<p>(Carlos Fioravanti. Impactos Vis\u00edveis no Mar. In: Pesquisa FAPESP, abril\/2016, p. 43)<\/p>\n<p>13. (Fac. Albert Einstein &#8211; Medicin 2016)<\/p>\n<p>A lama da trag\u00e9dia de Mariana chegou ao mar (vide mapa). Diante dessa situa\u00e7\u00e3o \u00e9 correto afirmar que<br \/>\na) apenas as cercanias da foz do Rio Doce sentir\u00e3o os efeitos negativos da presen\u00e7a dessa lama com res\u00edduos met\u00e1licos, pois n\u00e3o h\u00e1, na din\u00e2mica marinha, for\u00e7a para levar isso muito longe.<br \/>\nb) um grande risco \u00e9 de os res\u00edduos met\u00e1licos afetarem a fauna marinha de modo a impactarem a diversidade de esp\u00e9cies nessa \u00e1rea de reservas de vida marinha.<br \/>\nc) o dep\u00f3sito e a in\u00e9rcia dessa lama no assoalho oce\u00e2nico ser\u00e3o bem-vindos, pois, desse modo, as esp\u00e9cies marinhas da regi\u00e3o atingida pelo derramamento da lama n\u00e3o ser\u00e3o afetadas.<br \/>\nd) os impactos no mar existem, mas n\u00e3o s\u00e3o t\u00e3o graves, visto que grande parte da lama n\u00e3o chegou at\u00e9 ele, pois os rios foram incapazes de realizar esse transporte.<\/p>\n<p>14. (Fac. Albert Einstein &#8211; Medicin 2016) Para chegar ao oceano Atl\u00e2ntico, a lama vazada da mineradora na trag\u00e9dia de Mariana percorreu antes centenas de quil\u00f4metros e teve v\u00e1rias consequ\u00eancias. A principal \u00e9 descrita corretamente da seguinte maneira:<br \/>\na) o assoreamento completo dos cursos d&#8217;\u00e1gua como o grande Rio Doce e v\u00e1rios de seus afluentes, que, assim, t\u00eam seus cursos d&#8217;\u00e1gua interrompidos, numa situa\u00e7\u00e3o in\u00e9dita de &#8220;extin\u00e7\u00e3o&#8221; de uma bacia hidrogr\u00e1fica.<br \/>\nb) um efeito bem mais grave para as esp\u00e9cies animais terrestres, visto que a lama permanece cobrindo seus habitats, enquanto que para as esp\u00e9cies aqu\u00e1ticas o impacto foi menor, pois os rios levaram a lama para o mar.<br \/>\nc) a lama, pela for\u00e7a do movimento e do volume, produziu s\u00e9rios impactos, mas as previs\u00f5es sobre as consequ\u00eancias da secagem da lama nos ambientes s\u00e3o otimistas, pois entende-se que a composi\u00e7\u00e3o da lama vai facilitar sua absor\u00e7\u00e3o.<br \/>\nd) os rejeitos da mineradora s\u00e3o, como \u00e9 \u00f3bvio, ricos em minerais e pobres em mat\u00e9ria org\u00e2nica, logo, a cobertura dessa lama sobre as \u00e1reas afetadas traz o risco de diminuir a fertilidade dos seus solos.<\/p>\n<p>Gabarito:<\/p>\n<p>Resposta da quest\u00e3o 1:<br \/>\n[E]<\/p>\n<p>Como mencionado corretamente na alternativa [E], os investimentos sociais s\u00e3o imprescind\u00edveis para que ocorra o desenvolvimento sustent\u00e1vel. Est\u00e3o incorretas as alternativas seguintes porque n\u00e3o mencionam a associa\u00e7\u00e3o entre os investimentos sociais e a quest\u00e3o do desenvolvimento sustent\u00e1vel, que \u00e9 a rela\u00e7\u00e3o defendida no enunciado.<\/p>\n<p>Resposta da quest\u00e3o 2:<br \/>\n[C]<\/p>\n<p>Como mencionado corretamente na alternativa [C], o texto faz refer\u00eancia \u00e0s novas tecnologias do processo produtivo incorporadas ao cotidiano e aos problemas ambientais resultantes da apropria\u00e7\u00e3o do espa\u00e7o natural para mant\u00ea-las. Est\u00e3o incorretas as alternativas: [A], porque os problemas ambientais resultantes da apropria\u00e7\u00e3o do espa\u00e7o natural n\u00e3o s\u00e3o locais; [B], porque o texto n\u00e3o faz refer\u00eancia \u00e0 apropria\u00e7\u00e3o de territ\u00f3rios; [D], porque o texto n\u00e3o faz refer\u00eancia \u00e0 quest\u00e3o da m\u00e3o de obra; [E], porque o texto n\u00e3o faz refer\u00eancia ao esgotamento de reservas naturais e a men\u00e7\u00e3o \u00e9 \u00e0 acelera\u00e7\u00e3o da produ\u00e7\u00e3o e n\u00e3o desacelera\u00e7\u00e3o.<\/p>\n<p>Resposta da quest\u00e3o 3:<br \/>\n[A]<\/p>\n<p>A Amaz\u00f4nia constitui-se num dos \u00faltimos espa\u00e7os naturais da Terra e a relativa preserva\u00e7\u00e3o de \u00e1reas em seu interno se deve \u00e0 vastid\u00e3o de seu territ\u00f3rio. Trata-se de uma regi\u00e3o percebida pela comunidade internacional, tanto no sentido preservacionista como no sentido econ\u00f4mico, devido ao seu imenso potencial.<br \/>\nA alternativa [B] \u00e9 falsa, a informalidade cria v\u00edcios tribut\u00e1rios que inibem o crescimento econ\u00f4mico e o desenvolvimento social.<br \/>\nA alternativa [C] \u00e9 falsa, a quest\u00e3o n\u00e3o \u00e9 a ocupa\u00e7\u00e3o de terras necessariamente pelo Estado e sim que ele cumpra sua miss\u00e3o de agente fiscalizador.<br \/>\nA alternativa [D] e falsa, o desenvolvimento sustent\u00e1vel \u00e9 totalmente compat\u00edvel com a tecnologia.<br \/>\nA alternativa [E] \u00e9 falsa, o agroneg\u00f3cio \u00e9 prejudicial \u00e0 manuten\u00e7\u00e3o de p\u00e1reas naturais.<\/p>\n<p>Resposta da quest\u00e3o 4:<br \/>\n[D]<\/p>\n<p>O desenvolvimento tecnol\u00f3gico de um pa\u00eds capitalista implica em uma sociedade de consumo, capaz de gerar lixo em grandes quantidades e ampla diversidade. Com a populariza\u00e7\u00e3o de produtos dom\u00e9sticos eletr\u00f4nicos \u00e9 cada vez maior a gera\u00e7\u00e3o de lixo tecnol\u00f3gico (baterias, pilhas, microprocessadores, entre outros) capazes de comprometer o meio ambiente nos recursos h\u00eddricos, no solo e no ar, principalmente nos pa\u00edses subdesenvolvidos, cada vez mais capazes de adquirir esses produtos. S\u00e3o aspectos que comprometem o desenvolvimento sustent\u00e1vel, em geral, e nos pa\u00edses mais pobres, em especial, devido a sua baixa capacidade de implantar e fiscalizar pol\u00edticas sustent\u00e1veis de meio ambiente.<\/p>\n<p>A alternativa A \u00e9 falsa: as subst\u00e2ncias qu\u00edmicas, incorretamente manuseadas e depositadas na natureza, revelam natureza t\u00f3xica, capaz de contaminar o solo;<br \/>\nEm B, as pol\u00edticas p\u00fablicas educacionais s\u00e3o fundamentais na tarefa de incentivar o desenvolvimento sustent\u00e1vel;<br \/>\nNa alternativa C, a produ\u00e7\u00e3o de lixo \u00e9 diretamente proporcional ao n\u00edvel de desenvolvimento econ\u00f4mico das sociedades;<br \/>\nEm E, o aumento dos produtos descart\u00e1veis, ao contr\u00e1rio do que diz a alternativa, incrementa a gera\u00e7\u00e3o de lixo e res\u00edduos.<\/p>\n<p>Resposta da quest\u00e3o 5:<br \/>\n[E]<\/p>\n<p>A charge indica o paradoxo entre a quest\u00e3o socioecon\u00f4mica e o uso de tecnologia ao expor que as desigualdades sociais ainda se postergam a despeito das revolu\u00e7\u00f5es tecnol\u00f3gicas.<\/p>\n<p>Est\u00e3o incorretas as alternativas:<br \/>\n[A] porque a charge n\u00e3o indica mudan\u00e7as na paisagem;<br \/>\n[B] porque o acesso \u00e0 tecnologia depende da condi\u00e7\u00e3o socioecon\u00f4mica;<br \/>\n[C] porque o desenvolvimento tecnol\u00f3gico objetiva o mercado e n\u00e3o as desigualdades sociais;<br \/>\n[D] porque a charge indica condi\u00e7\u00f5es prec\u00e1rias de vida.<\/p>\n<p>Resposta da quest\u00e3o 6:<br \/>\n[E]<\/p>\n<p>Como mencionado corretamente na alternativa [E], segundo o texto, a caracter\u00edstica do sistema pol\u00edtico brasileiro \u00e9 o conservadorismo propagando-se como a express\u00e3o da sociedade, fato que permite sua legitima\u00e7\u00e3o a despeito das demandas sociais por mudan\u00e7as. Est\u00e3o incorretas as alternativas: [A], porque o texto n\u00e3o faz referencia ao poder econ\u00f4mico; [B], porque o texto n\u00e3o faz referencia \u00e0 quest\u00e3o partid\u00e1ria; [C], porque segundo o texto, o conservadorismo se mant\u00e9m em raz\u00e3o da express\u00e3o conservadora da sociedade; [D], porque o texto n\u00e3o faz referencia \u00e0 gest\u00e3o governamental.<\/p>\n<p>Resposta da quest\u00e3o 7:<br \/>\n[A]<\/p>\n<p>Nas \u00faltimas d\u00e9cadas, houve expressivo avan\u00e7o do agroneg\u00f3cio no espa\u00e7o rural brasileiro visando o abastecimento dos mercados externo e a ind\u00fastria. O crescimento deu-se, inclusive, sobre novas terras agricult\u00e1veis e em decorr\u00eancia da eleva\u00e7\u00e3o da produtividade relacionada ao uso da biotecnologia (incluindo a utiliza\u00e7\u00e3o crescente de transg\u00eanicos), mecaniza\u00e7\u00e3o e insumos (agrot\u00f3xicos e fertilizantes). A moderniza\u00e7\u00e3o do setor n\u00e3o eliminou problemas tradicionais do espa\u00e7o agr\u00e1rio brasileiro como a desigualdade social e a concentra\u00e7\u00e3o fundi\u00e1ria.<\/p>\n<p>Resposta da quest\u00e3o 8:<br \/>\n[C]<\/p>\n<p>O fen\u00f4meno morador de rua deixou de ser um estado de mendic\u00e2ncia e passou a ser um processo bem mais complexo, contemplando desde o consumo de drogas at\u00e9 dist\u00farbios ps\u00edquicos e passando por problemas de relacionamento com pessoas que inclusive declararam mais de uma raz\u00e3o ou motivo para viver na rua.<\/p>\n<p>Resposta da quest\u00e3o 9:<br \/>\n[E]<\/p>\n<p>Como mencionado corretamente na alternativa [E], a substitui\u00e7\u00e3o do combust\u00edvel f\u00f3ssil pela energia solar reduz a emiss\u00e3o de poluentes e a contamina\u00e7\u00e3o dos cursos de \u00e1gua. Est\u00e3o incorretas as alternativas seguintes, porque o uso de energia solar n\u00e3o implica em desmatamento, eros\u00e3o, descargas el\u00e9tricas ou assoreamento.<\/p>\n<p>Resposta da quest\u00e3o 10:<br \/>\n[D]<\/p>\n<p>Como mencionado corretamente na alternativa [D], a import\u00e2ncia da matriz energ\u00e9tica brasileira decorre das condi\u00e7\u00f5es naturais apresentadas pelo Brasil, em raz\u00e3o de sua grande extens\u00e3o territorial, climas e solos favor\u00e1veis \u00e0 produ\u00e7\u00e3o agr\u00edcola, hidrografia plan\u00e1ltica e ventos constantes, contribuindo para a diversifica\u00e7\u00e3o de fontes energ\u00e9ticas. Est\u00e3o incorretas as alternativas: [A] e [B], porque o texto n\u00e3o aborda somente a produ\u00e7\u00e3o de petr\u00f3leo ou biocombust\u00edvel; [C], porque o texto n\u00e3o faz referencia \u00e0 crescente produ\u00e7\u00e3o de fontes n\u00e3o renov\u00e1veis; [E], porque o texto n\u00e3o faz referencia \u00e0 quest\u00e3o do impacto social.<\/p>\n<p>Resposta da quest\u00e3o 11:<br \/>\n[A]<\/p>\n<p>Como mencionado corretamente na alternativa [A], a urbaniza\u00e7\u00e3o impede a infiltra\u00e7\u00e3o da \u00e1gua, resultando em seu direcionamento para tubula\u00e7\u00f5es. Est\u00e3o incorretas as alternativas: [B], porque a maior armazenagem ocorre em \u00e1reas naturais; [C], porque a maior evapotranspira\u00e7\u00e3o ocorre em \u00e1reas naturais; [D], porque o alimento do len\u00e7ol fre\u00e1tico ocorre nas \u00e1reas naturais em raz\u00e3o da aus\u00eancia de impermeabiliza\u00e7\u00e3o do solo que permite maior infiltra\u00e7\u00e3o da \u00e1gua; [E], porque a maior infiltra\u00e7\u00e3o ocorre em \u00e1reas naturais.<\/p>\n<p>Resposta da quest\u00e3o 12:<br \/>\n[C]<\/p>\n<p>O desastre ambiental de Mariana foi ocasionado pelo rompimento de uma barragem de rejeitos de minera\u00e7\u00e3o. Os impactos ambientais foram: destrui\u00e7\u00e3o de matas ciliares, assoreamento da bacia hidrogr\u00e1fica do rio Doce (a jusante: em dire\u00e7\u00e3o \u00e0 foz), polui\u00e7\u00e3o do rio, preju\u00edzos para o ecossistema aqu\u00e1tico e polui\u00e7\u00e3o do litoral. Entre os impactos socioecon\u00f4micos, a perda de vidas humanas, a destrui\u00e7\u00e3o de moradias e danos econ\u00f4micos para a popula\u00e7\u00e3o ribeirinha (preju\u00edzos para pesca, agricultura, turismo e ind\u00fastria).<\/p>\n<p>Resposta da quest\u00e3o 13:<br \/>\n[B]<\/p>\n<p>A alternativa [B] est\u00e1 correta porque entre os res\u00edduos que contaminaram o ecossistema, os met\u00e1licos comprometem a vida marinha. Est\u00e3o incorretas as alternativas: [A], porque a extens\u00e3o da contamina\u00e7\u00e3o dos res\u00edduos \u00e9 extensa; [C], as esp\u00e9cies marinhas ser\u00e3o afetadas; [D], porque a lama chegou at\u00e9 o oceano.<\/p>\n<p>Resposta da quest\u00e3o 14:<br \/>\n[D]<\/p>\n<p>A alternativa [D] est\u00e1 correta porque a cobertura da lama esterilizou grande parte do solo da regi\u00e3o, eliminou nascentes e contaminou o ecossistema. Est\u00e3o incorretas as alternativas: [A], porque os cursos dos rios n\u00e3o foram interrompidos, mas contaminados; [B], porque a contamina\u00e7\u00e3o afetou esp\u00e9cies terrestres e mar\u00edtimas; [C], porque a lama esteriliza o solo.<\/p>\n<p>&nbsp;<\/p>\n<p>Um grande abra\u00e7o<\/p>\n<p>um boa prova e<\/p>\n<p>fooooooooooooooco no sucesso !!!!!!!<\/p>\n<p>&nbsp;<\/p>\n","protected":false},"excerpt":{"rendered":"<p>N\u00f3s do Estrat\u00e9gia ENEM estaremos te acompanhando em tempo real na realiza\u00e7\u00e3o do seu exame. Seremos o primeiro gabarito publicado e comentado. chegando da prova voc\u00ea pode conferir: digite gabarito enem estrat\u00e9gia ou clique no link abaixo dos t\u00f3picos&#8230; De olho nestes t\u00f3picos: Estar\u00e3o no seu exame. Est\u00e3o no artigo alguns exerc\u00edcios comentados com gabarito [&hellip;]<\/p>\n","protected":false},"author":322,"featured_media":0,"comment_status":"open","ping_status":"open","sticky":false,"template":"","format":"standard","meta":{"post_tipo":"article","footnotes":""},"categories":[1],"tags":[],"tax_estado":[],"class_list":["post-54148","post","type-post","status-publish","format-standard","hentry","category-cursos-e-concursos"],"acf":[],"yoast_head":"<!-- This site is optimized with the Yoast SEO Premium plugin v27.2 (Yoast SEO v27.2) - https:\/\/yoast.com\/product\/yoast-seo-premium-wordpress\/ -->\n<title>Dicas de v\u00e9spera Enem 2016. Quest\u00f5es comentadas. Recursos H\u00eddricos, armazenamento de res\u00edduos s\u00f3lidos e sustentabilidade.<\/title>\n<meta name=\"robots\" content=\"index, follow, max-snippet:-1, max-image-preview:large, max-video-preview:-1\" \/>\n<link rel=\"canonical\" href=\"https:\/\/www.estrategiaconcursos.com.br\/blog\/questoes-e-gabarito-dicas-de-vespera-enem-2016-recursos-hidricos-armazenamento-de-residuos-solidos-e-sustentabilidade\/\" \/>\n<meta property=\"og:locale\" content=\"pt_BR\" \/>\n<meta property=\"og:type\" content=\"article\" \/>\n<meta property=\"og:title\" content=\"Dicas de v\u00e9spera Enem 2016. Quest\u00f5es comentadas. Recursos H\u00eddricos, armazenamento de res\u00edduos s\u00f3lidos e sustentabilidade.\" \/>\n<meta property=\"og:description\" content=\"N\u00f3s do Estrat\u00e9gia ENEM estaremos te acompanhando em tempo real na realiza\u00e7\u00e3o do seu exame. Seremos o primeiro gabarito publicado e comentado. chegando da prova voc\u00ea pode conferir: digite gabarito enem estrat\u00e9gia ou clique no link abaixo dos t\u00f3picos&#8230; De olho nestes t\u00f3picos: Estar\u00e3o no seu exame. Est\u00e3o no artigo alguns exerc\u00edcios comentados com gabarito [&hellip;]\" \/>\n<meta property=\"og:url\" content=\"https:\/\/www.estrategiaconcursos.com.br\/blog\/questoes-e-gabarito-dicas-de-vespera-enem-2016-recursos-hidricos-armazenamento-de-residuos-solidos-e-sustentabilidade\/\" \/>\n<meta property=\"og:site_name\" content=\"Estrat\u00e9gia Concursos\" \/>\n<meta property=\"article:published_time\" content=\"2016-11-04T18:50:43+00:00\" \/>\n<meta name=\"author\" content=\"Sergio Henrique\" \/>\n<meta name=\"twitter:card\" content=\"summary_large_image\" \/>\n<meta name=\"twitter:creator\" content=\"@EstratConcursos\" \/>\n<meta name=\"twitter:site\" content=\"@EstratConcursos\" \/>\n<meta name=\"twitter:label1\" content=\"Escrito por\" \/>\n\t<meta name=\"twitter:data1\" content=\"Sergio Henrique\" \/>\n\t<meta name=\"twitter:label2\" content=\"Est. tempo de leitura\" \/>\n\t<meta name=\"twitter:data2\" content=\"20 minutos\" \/>\n<script type=\"application\/ld+json\" class=\"yoast-schema-graph\">{\"@context\":\"https:\/\/schema.org\",\"@graph\":[{\"@type\":\"NewsArticle\",\"@id\":\"https:\/\/www.estrategiaconcursos.com.br\/blog\/questoes-e-gabarito-dicas-de-vespera-enem-2016-recursos-hidricos-armazenamento-de-residuos-solidos-e-sustentabilidade\/#article\",\"isPartOf\":{\"@id\":\"https:\/\/www.estrategiaconcursos.com.br\/blog\/questoes-e-gabarito-dicas-de-vespera-enem-2016-recursos-hidricos-armazenamento-de-residuos-solidos-e-sustentabilidade\/\"},\"author\":{\"name\":\"Sergio Henrique\",\"@id\":\"https:\/\/www.estrategiaconcursos.com.br\/blog\/#\/schema\/person\/d18952c4e9d57a78a6caea1fc8412aca\"},\"headline\":\"Dicas de v\u00e9spera Enem 2016. Quest\u00f5es comentadas. Recursos H\u00eddricos, armazenamento de res\u00edduos s\u00f3lidos e sustentabilidade.\",\"datePublished\":\"2016-11-04T18:50:43+00:00\",\"mainEntityOfPage\":{\"@id\":\"https:\/\/www.estrategiaconcursos.com.br\/blog\/questoes-e-gabarito-dicas-de-vespera-enem-2016-recursos-hidricos-armazenamento-de-residuos-solidos-e-sustentabilidade\/\"},\"wordCount\":4067,\"commentCount\":0,\"publisher\":{\"@id\":\"https:\/\/www.estrategiaconcursos.com.br\/blog\/#organization\"},\"articleSection\":[\"Concursos P\u00fablicos\"],\"inLanguage\":\"pt-BR\",\"potentialAction\":[{\"@type\":\"CommentAction\",\"name\":\"Comment\",\"target\":[\"https:\/\/www.estrategiaconcursos.com.br\/blog\/questoes-e-gabarito-dicas-de-vespera-enem-2016-recursos-hidricos-armazenamento-de-residuos-solidos-e-sustentabilidade\/#respond\"]}],\"copyrightYear\":\"2016\",\"copyrightHolder\":{\"@id\":\"https:\/\/www.estrategiaconcursos.com.br\/blog\/#organization\"}},{\"@type\":\"WebPage\",\"@id\":\"https:\/\/www.estrategiaconcursos.com.br\/blog\/questoes-e-gabarito-dicas-de-vespera-enem-2016-recursos-hidricos-armazenamento-de-residuos-solidos-e-sustentabilidade\/\",\"url\":\"https:\/\/www.estrategiaconcursos.com.br\/blog\/questoes-e-gabarito-dicas-de-vespera-enem-2016-recursos-hidricos-armazenamento-de-residuos-solidos-e-sustentabilidade\/\",\"name\":\"Dicas de v\u00e9spera Enem 2016. Quest\u00f5es comentadas. Recursos H\u00eddricos, armazenamento de res\u00edduos s\u00f3lidos e sustentabilidade.\",\"isPartOf\":{\"@id\":\"https:\/\/www.estrategiaconcursos.com.br\/blog\/#website\"},\"datePublished\":\"2016-11-04T18:50:43+00:00\",\"breadcrumb\":{\"@id\":\"https:\/\/www.estrategiaconcursos.com.br\/blog\/questoes-e-gabarito-dicas-de-vespera-enem-2016-recursos-hidricos-armazenamento-de-residuos-solidos-e-sustentabilidade\/#breadcrumb\"},\"inLanguage\":\"pt-BR\",\"potentialAction\":[{\"@type\":\"ReadAction\",\"target\":[\"https:\/\/www.estrategiaconcursos.com.br\/blog\/questoes-e-gabarito-dicas-de-vespera-enem-2016-recursos-hidricos-armazenamento-de-residuos-solidos-e-sustentabilidade\/\"]}]},{\"@type\":\"BreadcrumbList\",\"@id\":\"https:\/\/www.estrategiaconcursos.com.br\/blog\/questoes-e-gabarito-dicas-de-vespera-enem-2016-recursos-hidricos-armazenamento-de-residuos-solidos-e-sustentabilidade\/#breadcrumb\",\"itemListElement\":[{\"@type\":\"ListItem\",\"position\":1,\"name\":\"In\u00edcio\",\"item\":\"https:\/\/www.estrategiaconcursos.com.br\/blog\/\"},{\"@type\":\"ListItem\",\"position\":2,\"name\":\"Dicas de v\u00e9spera Enem 2016. Quest\u00f5es comentadas. Recursos H\u00eddricos, armazenamento de res\u00edduos s\u00f3lidos e sustentabilidade.\"}]},{\"@type\":\"WebSite\",\"@id\":\"https:\/\/www.estrategiaconcursos.com.br\/blog\/#website\",\"url\":\"https:\/\/www.estrategiaconcursos.com.br\/blog\/\",\"name\":\"Estrat\u00e9gia Concursos\",\"description\":\"O blog da Estrat\u00e9gia Concursos traz not\u00edcias sobre concursos e artigos de professores oferecendo cursos para concursos (pdf + videaulas) no site.\",\"publisher\":{\"@id\":\"https:\/\/www.estrategiaconcursos.com.br\/blog\/#organization\"},\"potentialAction\":[{\"@type\":\"SearchAction\",\"target\":{\"@type\":\"EntryPoint\",\"urlTemplate\":\"https:\/\/www.estrategiaconcursos.com.br\/blog\/?s={search_term_string}\"},\"query-input\":{\"@type\":\"PropertyValueSpecification\",\"valueRequired\":true,\"valueName\":\"search_term_string\"}}],\"inLanguage\":\"pt-BR\"},{\"@type\":\"Organization\",\"@id\":\"https:\/\/www.estrategiaconcursos.com.br\/blog\/#organization\",\"name\":\"Estrat\u00e9gia Concursos\",\"url\":\"https:\/\/www.estrategiaconcursos.com.br\/blog\/\",\"logo\":{\"@type\":\"ImageObject\",\"inLanguage\":\"pt-BR\",\"@id\":\"https:\/\/www.estrategiaconcursos.com.br\/blog\/#\/schema\/logo\/image\/\",\"url\":\"https:\/\/dhg1h5j42swfq.cloudfront.net\/2025\/06\/03203428\/logo_concursos-1.jpg\",\"contentUrl\":\"https:\/\/dhg1h5j42swfq.cloudfront.net\/2025\/06\/03203428\/logo_concursos-1.jpg\",\"width\":230,\"height\":60,\"caption\":\"Estrat\u00e9gia Concursos\"},\"image\":{\"@id\":\"https:\/\/www.estrategiaconcursos.com.br\/blog\/#\/schema\/logo\/image\/\"},\"sameAs\":[\"https:\/\/x.com\/EstratConcursos\"]},{\"@type\":\"Person\",\"@id\":\"https:\/\/www.estrategiaconcursos.com.br\/blog\/#\/schema\/person\/d18952c4e9d57a78a6caea1fc8412aca\",\"name\":\"Sergio Henrique\",\"image\":{\"@type\":\"ImageObject\",\"inLanguage\":\"pt-BR\",\"@id\":\"https:\/\/secure.gravatar.com\/avatar\/8a654c3858278ad4f39af7a25daa62ab86082ab9406fabd7edee0d6cdfb86662?s=96&d=mm&r=g\",\"url\":\"https:\/\/secure.gravatar.com\/avatar\/8a654c3858278ad4f39af7a25daa62ab86082ab9406fabd7edee0d6cdfb86662?s=96&d=mm&r=g\",\"contentUrl\":\"https:\/\/secure.gravatar.com\/avatar\/8a654c3858278ad4f39af7a25daa62ab86082ab9406fabd7edee0d6cdfb86662?s=96&d=mm&r=g\",\"caption\":\"Sergio Henrique\"},\"url\":\"https:\/\/www.estrategiaconcursos.com.br\/blog\/author\/sergio-henrique\/\"}]}<\/script>\n<!-- \/ Yoast SEO Premium plugin. -->","yoast_head_json":{"title":"Dicas de v\u00e9spera Enem 2016. Quest\u00f5es comentadas. Recursos H\u00eddricos, armazenamento de res\u00edduos s\u00f3lidos e sustentabilidade.","robots":{"index":"index","follow":"follow","max-snippet":"max-snippet:-1","max-image-preview":"max-image-preview:large","max-video-preview":"max-video-preview:-1"},"canonical":"https:\/\/www.estrategiaconcursos.com.br\/blog\/questoes-e-gabarito-dicas-de-vespera-enem-2016-recursos-hidricos-armazenamento-de-residuos-solidos-e-sustentabilidade\/","og_locale":"pt_BR","og_type":"article","og_title":"Dicas de v\u00e9spera Enem 2016. Quest\u00f5es comentadas. Recursos H\u00eddricos, armazenamento de res\u00edduos s\u00f3lidos e sustentabilidade.","og_description":"N\u00f3s do Estrat\u00e9gia ENEM estaremos te acompanhando em tempo real na realiza\u00e7\u00e3o do seu exame. Seremos o primeiro gabarito publicado e comentado. chegando da prova voc\u00ea pode conferir: digite gabarito enem estrat\u00e9gia ou clique no link abaixo dos t\u00f3picos&#8230; De olho nestes t\u00f3picos: Estar\u00e3o no seu exame. Est\u00e3o no artigo alguns exerc\u00edcios comentados com gabarito [&hellip;]","og_url":"https:\/\/www.estrategiaconcursos.com.br\/blog\/questoes-e-gabarito-dicas-de-vespera-enem-2016-recursos-hidricos-armazenamento-de-residuos-solidos-e-sustentabilidade\/","og_site_name":"Estrat\u00e9gia Concursos","article_published_time":"2016-11-04T18:50:43+00:00","author":"Sergio Henrique","twitter_card":"summary_large_image","twitter_creator":"@EstratConcursos","twitter_site":"@EstratConcursos","twitter_misc":{"Escrito por":"Sergio Henrique","Est. tempo de leitura":"20 minutos"},"schema":{"@context":"https:\/\/schema.org","@graph":[{"@type":"NewsArticle","@id":"https:\/\/www.estrategiaconcursos.com.br\/blog\/questoes-e-gabarito-dicas-de-vespera-enem-2016-recursos-hidricos-armazenamento-de-residuos-solidos-e-sustentabilidade\/#article","isPartOf":{"@id":"https:\/\/www.estrategiaconcursos.com.br\/blog\/questoes-e-gabarito-dicas-de-vespera-enem-2016-recursos-hidricos-armazenamento-de-residuos-solidos-e-sustentabilidade\/"},"author":{"name":"Sergio Henrique","@id":"https:\/\/www.estrategiaconcursos.com.br\/blog\/#\/schema\/person\/d18952c4e9d57a78a6caea1fc8412aca"},"headline":"Dicas de v\u00e9spera Enem 2016. Quest\u00f5es comentadas. Recursos H\u00eddricos, armazenamento de res\u00edduos s\u00f3lidos e sustentabilidade.","datePublished":"2016-11-04T18:50:43+00:00","mainEntityOfPage":{"@id":"https:\/\/www.estrategiaconcursos.com.br\/blog\/questoes-e-gabarito-dicas-de-vespera-enem-2016-recursos-hidricos-armazenamento-de-residuos-solidos-e-sustentabilidade\/"},"wordCount":4067,"commentCount":0,"publisher":{"@id":"https:\/\/www.estrategiaconcursos.com.br\/blog\/#organization"},"articleSection":["Concursos P\u00fablicos"],"inLanguage":"pt-BR","potentialAction":[{"@type":"CommentAction","name":"Comment","target":["https:\/\/www.estrategiaconcursos.com.br\/blog\/questoes-e-gabarito-dicas-de-vespera-enem-2016-recursos-hidricos-armazenamento-de-residuos-solidos-e-sustentabilidade\/#respond"]}],"copyrightYear":"2016","copyrightHolder":{"@id":"https:\/\/www.estrategiaconcursos.com.br\/blog\/#organization"}},{"@type":"WebPage","@id":"https:\/\/www.estrategiaconcursos.com.br\/blog\/questoes-e-gabarito-dicas-de-vespera-enem-2016-recursos-hidricos-armazenamento-de-residuos-solidos-e-sustentabilidade\/","url":"https:\/\/www.estrategiaconcursos.com.br\/blog\/questoes-e-gabarito-dicas-de-vespera-enem-2016-recursos-hidricos-armazenamento-de-residuos-solidos-e-sustentabilidade\/","name":"Dicas de v\u00e9spera Enem 2016. Quest\u00f5es comentadas. Recursos H\u00eddricos, armazenamento de res\u00edduos s\u00f3lidos e sustentabilidade.","isPartOf":{"@id":"https:\/\/www.estrategiaconcursos.com.br\/blog\/#website"},"datePublished":"2016-11-04T18:50:43+00:00","breadcrumb":{"@id":"https:\/\/www.estrategiaconcursos.com.br\/blog\/questoes-e-gabarito-dicas-de-vespera-enem-2016-recursos-hidricos-armazenamento-de-residuos-solidos-e-sustentabilidade\/#breadcrumb"},"inLanguage":"pt-BR","potentialAction":[{"@type":"ReadAction","target":["https:\/\/www.estrategiaconcursos.com.br\/blog\/questoes-e-gabarito-dicas-de-vespera-enem-2016-recursos-hidricos-armazenamento-de-residuos-solidos-e-sustentabilidade\/"]}]},{"@type":"BreadcrumbList","@id":"https:\/\/www.estrategiaconcursos.com.br\/blog\/questoes-e-gabarito-dicas-de-vespera-enem-2016-recursos-hidricos-armazenamento-de-residuos-solidos-e-sustentabilidade\/#breadcrumb","itemListElement":[{"@type":"ListItem","position":1,"name":"In\u00edcio","item":"https:\/\/www.estrategiaconcursos.com.br\/blog\/"},{"@type":"ListItem","position":2,"name":"Dicas de v\u00e9spera Enem 2016. Quest\u00f5es comentadas. Recursos H\u00eddricos, armazenamento de res\u00edduos s\u00f3lidos e sustentabilidade."}]},{"@type":"WebSite","@id":"https:\/\/www.estrategiaconcursos.com.br\/blog\/#website","url":"https:\/\/www.estrategiaconcursos.com.br\/blog\/","name":"Estrat\u00e9gia Concursos","description":"O blog da Estrat\u00e9gia Concursos traz not\u00edcias sobre concursos e artigos de professores oferecendo cursos para concursos (pdf + videaulas) no site.","publisher":{"@id":"https:\/\/www.estrategiaconcursos.com.br\/blog\/#organization"},"potentialAction":[{"@type":"SearchAction","target":{"@type":"EntryPoint","urlTemplate":"https:\/\/www.estrategiaconcursos.com.br\/blog\/?s={search_term_string}"},"query-input":{"@type":"PropertyValueSpecification","valueRequired":true,"valueName":"search_term_string"}}],"inLanguage":"pt-BR"},{"@type":"Organization","@id":"https:\/\/www.estrategiaconcursos.com.br\/blog\/#organization","name":"Estrat\u00e9gia Concursos","url":"https:\/\/www.estrategiaconcursos.com.br\/blog\/","logo":{"@type":"ImageObject","inLanguage":"pt-BR","@id":"https:\/\/www.estrategiaconcursos.com.br\/blog\/#\/schema\/logo\/image\/","url":"https:\/\/dhg1h5j42swfq.cloudfront.net\/2025\/06\/03203428\/logo_concursos-1.jpg","contentUrl":"https:\/\/dhg1h5j42swfq.cloudfront.net\/2025\/06\/03203428\/logo_concursos-1.jpg","width":230,"height":60,"caption":"Estrat\u00e9gia Concursos"},"image":{"@id":"https:\/\/www.estrategiaconcursos.com.br\/blog\/#\/schema\/logo\/image\/"},"sameAs":["https:\/\/x.com\/EstratConcursos"]},{"@type":"Person","@id":"https:\/\/www.estrategiaconcursos.com.br\/blog\/#\/schema\/person\/d18952c4e9d57a78a6caea1fc8412aca","name":"Sergio Henrique","image":{"@type":"ImageObject","inLanguage":"pt-BR","@id":"https:\/\/secure.gravatar.com\/avatar\/8a654c3858278ad4f39af7a25daa62ab86082ab9406fabd7edee0d6cdfb86662?s=96&d=mm&r=g","url":"https:\/\/secure.gravatar.com\/avatar\/8a654c3858278ad4f39af7a25daa62ab86082ab9406fabd7edee0d6cdfb86662?s=96&d=mm&r=g","contentUrl":"https:\/\/secure.gravatar.com\/avatar\/8a654c3858278ad4f39af7a25daa62ab86082ab9406fabd7edee0d6cdfb86662?s=96&d=mm&r=g","caption":"Sergio Henrique"},"url":"https:\/\/www.estrategiaconcursos.com.br\/blog\/author\/sergio-henrique\/"}]}},"_links":{"self":[{"href":"https:\/\/www.estrategiaconcursos.com.br\/blog\/wp-json\/wp\/v2\/posts\/54148","targetHints":{"allow":["GET"]}}],"collection":[{"href":"https:\/\/www.estrategiaconcursos.com.br\/blog\/wp-json\/wp\/v2\/posts"}],"about":[{"href":"https:\/\/www.estrategiaconcursos.com.br\/blog\/wp-json\/wp\/v2\/types\/post"}],"author":[{"embeddable":true,"href":"https:\/\/www.estrategiaconcursos.com.br\/blog\/wp-json\/wp\/v2\/users\/322"}],"replies":[{"embeddable":true,"href":"https:\/\/www.estrategiaconcursos.com.br\/blog\/wp-json\/wp\/v2\/comments?post=54148"}],"version-history":[{"count":3,"href":"https:\/\/www.estrategiaconcursos.com.br\/blog\/wp-json\/wp\/v2\/posts\/54148\/revisions"}],"predecessor-version":[{"id":54152,"href":"https:\/\/www.estrategiaconcursos.com.br\/blog\/wp-json\/wp\/v2\/posts\/54148\/revisions\/54152"}],"wp:attachment":[{"href":"https:\/\/www.estrategiaconcursos.com.br\/blog\/wp-json\/wp\/v2\/media?parent=54148"}],"wp:term":[{"taxonomy":"category","embeddable":true,"href":"https:\/\/www.estrategiaconcursos.com.br\/blog\/wp-json\/wp\/v2\/categories?post=54148"},{"taxonomy":"post_tag","embeddable":true,"href":"https:\/\/www.estrategiaconcursos.com.br\/blog\/wp-json\/wp\/v2\/tags?post=54148"},{"taxonomy":"tax_estado","embeddable":true,"href":"https:\/\/www.estrategiaconcursos.com.br\/blog\/wp-json\/wp\/v2\/tax_estado?post=54148"}],"curies":[{"name":"wp","href":"https:\/\/api.w.org\/{rel}","templated":true}]}}