{"id":54145,"date":"2016-11-04T16:55:02","date_gmt":"2016-11-04T19:55:02","guid":{"rendered":"https:\/\/www.estrategiaconcursos.com.br\/blog\/?p=54145"},"modified":"2016-11-04T21:11:50","modified_gmt":"2016-11-05T00:11:50","slug":"os-gastos-com-educacao-e-pec-2412016","status":"publish","type":"post","link":"https:\/\/www.estrategiaconcursos.com.br\/blog\/os-gastos-com-educacao-e-pec-2412016\/","title":{"rendered":"Os gastos com a Educa\u00e7\u00e3o e a PEC 241\/2016"},"content":{"rendered":"<p style=\"text-align: justify\"><span style=\"color: #000000\">Ol\u00e1 pessoal, tudo bem?<\/span><\/p>\n<p style=\"text-align: justify\"><span style=\"color: #000000\">\u00a0\u00a0\u00a0\u00a0\u00a0\u00a0\u00a0\u00a0\u00a0<\/span><\/p>\n<p style=\"text-align: justify\"><span style=\"color: #000000\">\u00a0\u00a0\u00a0\u00a0 Pelo <strong>f\u00f3rum de d\u00favidas <\/strong>\u2500 canal por onde tramita uma valiosa fonte de informa\u00e7\u00f5es ao aprendizado dos\u00a0nossos alunos \u2500 de um dos cursos que ministro \u00e0 SEDF 2016, surgiu um interessante questionamento sobre um poss\u00edvel conflito entre a <strong>PEC 241\/2016<\/strong> (Proposta de Emenda \u00e0 Constitui\u00e7\u00e3o, que objetiva a salutar limita\u00e7\u00e3o do aumento dos gastos p\u00fablicos) e a meta n\u00ba 20 do <strong>Plano Nacional de Educa\u00e7\u00e3o &#8211; PNE 2014-2024<\/strong> (Lei 13.005\/2014).<\/span><\/p>\n<p style=\"text-align: justify\"><span style=\"color: #000000\">\u00a0\u00a0\u00a0\u00a0\u00a0\u00a0\u00a0\u00a0\u00a0\u00a0\u00a0\u00a0 <\/span><\/p>\n<p style=\"text-align: justify\"><span style=\"color: #000000\">\u00a0\u00a0\u00a0\u00a0 Desde logo, alerto que a aprova\u00e7\u00e3o do novo Regime Fiscal proposto pela PEC 241\/2016 n\u00e3o inviabiliza, necessariamente,\u00a0o alcance desta meta da Educa\u00e7\u00e3o nacional, embora atue como uma vari\u00e1vel significativa.<\/span><\/p>\n<p style=\"text-align: justify\"><span style=\"color: #000000\">\u00a0\u00a0\u00a0\u00a0\u00a0\u00a0\u00a0\u00a0\u00a0\u00a0 <\/span><\/p>\n<p style=\"text-align: justify\"><span style=\"color: #000000\">\u00a0\u00a0\u00a0\u00a0\u00a0\u00a0 Eis a referida meta do PNE 2014-2024 (Lei 13.005\/2014):<\/span><\/p>\n<p style=\"text-align: justify\"><span style=\"color: #000000\"><em>Meta 20: <strong>ampliar o investimento p\u00fablico em educa\u00e7\u00e3o p\u00fablica<\/strong> de forma a atingir, <strong>no m\u00ednimo<\/strong>, o patamar de <strong>7%<\/strong> (sete por cento) do Produto Interno Bruto &#8211; PIB do Pa\u00eds no 5\u00ba (quinto) ano de vig\u00eancia desta Lei e, no m\u00ednimo, o equivalente a <strong>10% (dez por cento) do PIB ao final do dec\u00eanio.<\/strong><\/em><\/span><\/p>\n<p style=\"text-align: justify\"><span style=\"color: #000000\">\u00a0\u00a0\u00a0\u00a0\u00a0\u00a0\u00a0\u00a0 <\/span><\/p>\n<p style=\"text-align: justify\"><span style=\"color: #000000\">\u00a0\u00a0\u00a0\u00a0\u00a0\u00a0\u00a0\u00a0\u00a0\u00a0 A PEC 241\/2016 objetiva a fixa\u00e7\u00e3o, para cada exerc\u00edcio financeiro, de um <strong>limite individualizado para a despesa prim\u00e1ria total<\/strong> de todos os Poderes da Uni\u00e3o e dos \u00f3rg\u00e3os federais com autonomia administrativa e financeira: TCU, MPU, DPU, \u00f3rg\u00e3os e entidades da administra\u00e7\u00e3o p\u00fablica federal indireta federal direta e indireta, fundos e as funda\u00e7\u00f5es institu\u00eddos e mantidos pelo Poder P\u00fablico federal e as empresas estatais dependentes.<\/span><\/p>\n<p style=\"text-align: justify\"><span style=\"color: #000000\">\u00a0\u00a0\u00a0\u00a0\u00a0\u00a0\u00a0 \u00a0<\/span><\/p>\n<p style=\"text-align: justify\"><span style=\"color: #000000\">\u00a0\u00a0\u00a0\u00a0\u00a0\u00a0\u00a0 Este <strong>limite individualizado para a despesa prim\u00e1ria total <\/strong>consiste no estabelecimento de um teto para o aumento dos gastos p\u00fablicos anuais, baseado na despesa prim\u00e1ria do ano anterior (exerc\u00edcio financeiro) corrigida pela varia\u00e7\u00e3o do \u00cdndice Nacional de Pre\u00e7os ao Consumidor Amplo \u2013 IPCA, publicado pelo IBGE.<\/span><\/p>\n<p style=\"text-align: justify\"><span style=\"color: #000000\">\u00a0\u00a0\u00a0 \u00a0\u00a0\u00a0\u00a0 <\/span><\/p>\n<p style=\"text-align: justify\"><span style=\"color: #000000\">\u00a0\u00a0\u00a0\u00a0\u00a0\u00a0\u00a0 Numa an\u00e1lise global, pode-se afirmar que o referido limite para o aumento das despesas prim\u00e1rias do Governo Federal n\u00e3o necessariamente implica numa conten\u00e7\u00e3o do aumento cont\u00ednuo do\u00a0<strong><span style=\"color: #000000\">investimento p\u00fablico em educa\u00e7\u00e3o p\u00fablica<\/span><\/strong>, visando atingir 10% do PIB, ao final de 2024, conforme imp\u00f5em a meta 20 do PNE 2014-2024.<\/span><\/p>\n<p style=\"text-align: justify\"><span style=\"color: #000000\">\u00a0\u00a0\u00a0\u00a0\u00a0\u00a0\u00a0\u00a0 <\/span><\/p>\n<p style=\"text-align: justify\"><span style=\"color: #000000\">\u00a0\u00a0\u00a0\u00a0\u00a0\u00a0\u00a0 A inten\u00e7\u00e3o central da PEC 241 &#8211; veremos posteriormente como ser\u00e1 o texto aprovado pelo Congresso Nacional &#8211; reside na limita\u00e7\u00e3o do aumento da despesa prim\u00e1ria TOTAL\u00a0dos Poderes da Uni\u00e3o e dos \u00f3rg\u00e3os federais com autonomia administrativa e financeira.<\/span><\/p>\n<p style=\"text-align: justify\"><span style=\"color: #000000\">\u00a0\u00a0\u00a0\u00a0\u00a0\u00a0\u00a0 <\/span><\/p>\n<p style=\"text-align: justify\"><span style=\"color: #000000\">\u00a0\u00a0\u00a0\u00a0\u00a0\u00a0\u00a0 Esta limita\u00e7\u00e3o \u00e9 para as despesas como um todo e n\u00e3o para cada fun\u00e7\u00e3o das dota\u00e7\u00f5es or\u00e7ament\u00e1rias \u2500 no que interessa, a Educa\u00e7\u00e3o \u2500, em outras palavras, <strong>n\u00e3o s\u00e3o os gastos com a educa\u00e7\u00e3o que estar\u00e3o limitados ao teto m\u00e1ximo da corre\u00e7\u00e3o pela infla\u00e7\u00e3o do ano anterior, mas sim o conjunto das despesas prim\u00e1rias<\/strong>\u00a0<span style=\"text-decoration: underline\">de cada um dos\u00a0tr\u00eas Poderes da Uni\u00e3o<\/span> (Executivo, Judici\u00e1rio e Legislativo), bem como\u00a0dos <span style=\"text-decoration: underline\">\u00f3rg\u00e3os federais com autonomia administrativa e financeira<\/span>.<\/span><\/p>\n<p style=\"text-align: justify\"><span style=\"color: #000000\">\u00a0\u00a0\u00a0\u00a0\u00a0\u00a0\u00a0\u00a0 <\/span><\/p>\n<p style=\"text-align: justify\"><span style=\"color: #000000\">\u00a0\u00a0\u00a0\u00a0\u00a0\u00a0\u00a0 Desta forma, <strong>o Governo Federal pode vir a aumentar os gastos com a Educa\u00e7\u00e3o, em patamar superior \u00e0 infla\u00e7\u00e3o do ano anterior, <\/strong>desde que respeite a regra do aumento das despesas prim\u00e1rias\u00a0&#8211; de cada um dos\u00a0tr\u00eas poderes e dos \u00f3rg\u00e3os federais j\u00e1 mencionados &#8211;\u00a0ser limitado \u00e0 corre\u00e7\u00e3o das despesas prim\u00e1rias do ano anterior pela infla\u00e7\u00e3o (IPCA\/IBGE) do per\u00edodo.<\/span><\/p>\n<p style=\"text-align: justify\"><span style=\"color: #000000\">\u00a0\u00a0\u00a0\u00a0\u00a0 \u00a0 <\/span><\/p>\n<p style=\"text-align: justify\"><span style=\"color: #000000\">\u00a0\u00a0\u00a0\u00a0\u00a0\u00a0\u00a0\u00a0\u00a0 Todavia, esta quest\u00e3o gera uma interessante observa\u00e7\u00e3o cr\u00edtica.<\/span><\/p>\n<p style=\"text-align: justify\"><span style=\"color: #000000\">\u00a0\u00a0\u00a0\u00a0\u00a0\u00a0 <\/span><\/p>\n<p style=\"text-align: justify\"><span style=\"color: #000000\">\u00a0\u00a0\u00a0\u00a0\u00a0\u00a0\u00a0\u00a0 Nos \u00faltimos anos, ganhou destaque a argumenta\u00e7\u00e3o que associa o aumento dos gastos p\u00fablicos educacionais como condicionante ao aumento da qualidade da Educa\u00e7\u00e3o p\u00fablica nacional.<\/span><\/p>\n<p style=\"text-align: justify\"><span style=\"color: #000000\">\u00a0\u00a0\u00a0\u00a0\u00a0\u00a0\u00a0 <\/span><\/p>\n<p style=\"text-align: justify\"><span style=\"color: #000000\">\u00a0\u00a0\u00a0\u00a0\u00a0\u00a0\u00a0\u00a0 Embora esta rela\u00e7\u00e3o exista, o aguardad\u00edssimo aumento da qualidade da Educa\u00e7\u00e3o p\u00fablica nacional <strong>jamais pode ser relacionado unicamente ao aumento de recursos financeiros destinados \u00e0 Educa\u00e7\u00e3o p\u00fablica<\/strong>.<\/span><\/p>\n<p style=\"text-align: justify\"><span style=\"color: #000000\">\u00a0\u00a0\u00a0\u00a0\u00a0\u00a0\u00a0 <\/span><\/p>\n<p style=\"text-align: justify\"><span style=\"color: #000000\">\u00a0\u00a0\u00a0\u00a0\u00a0\u00a0\u00a0\u00a0 Em que pese, n\u00e3o raramente, faltarem recursos nas escolas p\u00fablicas, historicamente, enfrentamos ser\u00edssimos <strong>problemas de gest\u00e3o p\u00fablica no campo educacional.<\/strong><\/span><\/p>\n<p style=\"text-align: justify\"><span style=\"color: #000000\">\u00a0\u00a0\u00a0\u00a0\u00a0\u00a0\u00a0\u00a0\u00a0\u00a0 <\/span><\/p>\n<p style=\"text-align: justify\"><span style=\"color: #000000\">\u00a0\u00a0\u00a0\u00a0\u00a0\u00a0 Vejam no quadro abaixo a evolu\u00e7\u00e3o dos gastos do <strong>Governo Federal<\/strong> com a Educa\u00e7\u00e3o p\u00fablica,\u00a0no per\u00edodo entre 2004 a\u00a02014:<\/span><\/p>\n<p style=\"text-align: justify\"><span style=\"color: #000000\">\u00a0\u00a0\u00a0\u00a0\u00a0\u00a0\u00a0\u00a0\u00a0\u00a0\u00a0\u00a0 <img loading=\"lazy\" decoding=\"async\" class=\"aligncenter wp-image-54179 size-full\" src=\"https:\/\/dhg1h5j42swfq.cloudfront.net\/2016\/11\/04184738\/despesas-2.jpg\" width=\"1166\" height=\"658\" srcset=\"https:\/\/dhg1h5j42swfq.cloudfront.net\/2016\/11\/04184738\/despesas-2.jpg 1166w, https:\/\/dhg1h5j42swfq.cloudfront.net\/2016\/11\/04184738\/despesas-2.jpg 300w, https:\/\/dhg1h5j42swfq.cloudfront.net\/2016\/11\/04184738\/despesas-2.jpg 768w, https:\/\/dhg1h5j42swfq.cloudfront.net\/2016\/11\/04184738\/despesas-2.jpg 1024w, https:\/\/dhg1h5j42swfq.cloudfront.net\/2016\/11\/04184738\/despesas-2.jpg 500w\" sizes=\"auto, (max-width: 1166px) 100vw, 1166px\" \/><\/span><\/p>\n<p style=\"text-align: justify\"><span style=\"color: #000000\">\u00a0\u00a0\u00a0\u00a0\u00a0\u00a0 <\/span><\/p>\n<p style=\"text-align: justify\">\u00a0\u00a0\u00a0\u00a0\u00a0\u00a0\u00a0\u00a0\u00a0 <span style=\"color: #000000\">Percebam que a coluna da direita, no gr\u00e1fico, representa a <strong>varia\u00e7\u00e3o percentual <span style=\"text-decoration: underline\">real<\/span><\/strong> (considerando a infla\u00e7\u00e3o do per\u00edodo &#8211; IPCA) dos gastos federais com a Educa\u00e7\u00e3o (2004 a 2014) e n\u00e3o o mero aumento <strong>nominal<\/strong> (desprezo da infla\u00e7\u00e3o).<\/span><\/p>\n<p style=\"text-align: justify\"><span style=\"color: #000000\">\u00a0\u00a0\u00a0\u00a0\u00a0\u00a0\u00a0\u00a0 <\/span><\/p>\n<p style=\"text-align: justify\"><span style=\"color: #000000\">\u00a0\u00a0\u00a0\u00a0\u00a0\u00a0\u00a0\u00a0\u00a0\u00a0 Os dados acima indicam um consider\u00e1vel aumento real dos gastos p\u00fablicos federais\u00a0em Educa\u00e7\u00e3o, entre 2004 e 2014. Cabe ressaltar o significativo crescimento da economia brasileira, neste per\u00edodo.<\/span><\/p>\n<p style=\"text-align: justify\"><span style=\"color: #000000\">\u00a0\u00a0\u00a0\u00a0\u00a0\u00a0\u00a0\u00a0\u00a0\u00a0\u00a0 <\/span><\/p>\n<p style=\"text-align: justify\"><span style=\"color: #000000\">\u00a0\u00a0\u00a0\u00a0\u00a0\u00a0\u00a0\u00a0\u00a0\u00a0 Todavia, as duas\u00a0importantes quest\u00f5es cr\u00edticas\u00a0s\u00e3o as seguintes: <strong>quais os reflexos deste aumento dos gastos p\u00fablicos educacionais\u00a0na qualidade da Educa\u00e7\u00e3o p\u00fablica? qual o patamar de efici\u00eancia, efic\u00e1cia e efetividade das nossas pol\u00edticas p\u00fablicas educacionais?<\/strong><\/span><\/p>\n<p style=\"text-align: justify\"><span style=\"color: #000000\">\u00a0\u00a0\u00a0\u00a0\u00a0\u00a0\u00a0 <\/span><\/p>\n<p style=\"text-align: justify\"><span style=\"color: #000000\">\u00a0\u00a0\u00a0\u00a0\u00a0\u00a0\u00a0 Os problemas de gest\u00e3o educacional\u00a0derivam, muitas vezes, de quadros t\u00e9cnicos desqualificados e\/ou desmotivados\u00a0\u2013 nas inst\u00e2ncias administrativas federais, estaduais e municipais -; de desvios dos recursos financeiros educacionais, com complac\u00eancia dos Conselhos Escolares; da falta de adequada supervis\u00e3o pedag\u00f3gica dos conte\u00fados ministrados pelos docentes; da aplica\u00e7\u00e3o ineficiente dos recursos educacionais, gerando desperd\u00edcios imperdo\u00e1veis; da falta de atua\u00e7\u00e3o mais en\u00e9rgica dos \u00f3rg\u00e3os de controle da administra\u00e7\u00e3o p\u00fablica, em especial, dos Tribunais de Contas e do Minist\u00e9rio P\u00fablico, dentre outros fatores.<\/span><\/p>\n<p style=\"text-align: justify\"><span style=\"color: #000000\">\u00a0\u00a0\u00a0\u00a0\u00a0\u00a0\u00a0 <\/span><\/p>\n<p style=\"text-align: justify\"><span style=\"color: #000000\">\u00a0\u00a0\u00a0\u00a0\u00a0\u00a0\u00a0\u00a0 Evidentemente, muitos destes problemas de gest\u00e3o educacional poderiam ser contornados pela valoriza\u00e7\u00e3o dos Profissionais da Educa\u00e7\u00e3o p\u00fablica, a funcionar como mecanismo de atra\u00e7\u00e3o e perman\u00eancia de bons profissionais nas carreiras da Educa\u00e7\u00e3o p\u00fablica. <\/span><\/p>\n<p style=\"text-align: justify\"><span style=\"color: #000000\">\u00a0\u00a0\u00a0\u00a0\u00a0\u00a0\u00a0\u00a0\u00a0\u00a0 <\/span><\/p>\n<p style=\"text-align: justify\"><span style=\"color: #000000\">\u00a0\u00a0\u00a0\u00a0\u00a0\u00a0\u00a0\u00a0\u00a0 Por\u00e9m, n\u00e3o basta a oferta de boa remunera\u00e7\u00e3o aos Profissionais da Educa\u00e7\u00e3o. O verdadeiro salto qualitativo educacional que necessitamos exige, tamb\u00e9m, boa gest\u00e3o administrativa e pedag\u00f3gica.<\/span><\/p>\n<p style=\"text-align: justify\"><span style=\"color: #000000\"><span style=\"color: #000000;font-size: medium\">\u00a0\u00a0\u00a0\u00a0\u00a0\u00a0<\/span><\/span><span style=\"font-family: 'Verdana',sans-serif\"><span style=\"color: #000000;font-size: medium\">\u00a0\u00a0\u00a0\u00a0\u00a0\u00a0\u00a0<\/span><\/span><span style=\"color: #000000\">\u00a0\u00a0\u00a0\u00a0 <\/span><\/p>\n<p style=\"text-align: justify\"><span style=\"color: #000000\">\u00a0\u00a0\u00a0\u00a0\u00a0\u00a0\u00a0\u00a0\u00a0 Como complemento \u00e0 leitura deste post, sugiro a imperd\u00edvel e recente entrevista com o professor Lee Sing Kong, ex-diretor do <em>Instituto Nacional de Educa\u00e7\u00e3o de Cingapura<\/em>, entre 2006 e 2015, respons\u00e1vel pela reforma educacional que conduziu seu pa\u00eds \u00e0 segunda posi\u00e7\u00e3o no ranking PISA (<em>Programme for International Student Assessment<\/em> &#8211; <em>Programa Internacional de Avalia\u00e7\u00e3o de Estudantes<\/em> \u2013 faixa et\u00e1ria de 15 anos), desenvolvido e coordenado pela <em>Organiza\u00e7\u00e3o para Coopera\u00e7\u00e3o e Desenvolvimento Econ\u00f4mico<\/em> \u2013 OCDE, sendo aplicado a cada tr\u00eas anos.<\/span><\/p>\n<p style=\"text-align: justify\"><span style=\"color: #000000\">\u00a0\u00a0\u00a0\u00a0\u00a0\u00a0\u00a0\u00a0\u00a0\u00a0\u00a0\u00a0\u00a0\u00a0\u00a0\u00a0 <\/span><\/p>\n<p style=\"text-align: justify\"><span style=\"color: #000000\">\u00a0\u00a0\u00a0\u00a0\u00a0\u00a0\u00a0\u00a0\u00a0 Esta entrevista (19\/05\/2016) pode ser acessada no canal da TV Cultura no Youtube: <a style=\"color: #000000\" href=\"https:\/\/www.youtube.com\/watch?v=t-Io2ZfqUtU\"><u>https:\/\/www.youtube.com\/watch?v=t-Io2ZfqUtU<\/u><\/a><\/span><\/p>\n<p style=\"text-align: justify\"><span style=\"color: #000000\">\u00a0\u00a0\u00a0\u00a0\u00a0\u00a0\u00a0\u00a0\u00a0\u00a0\u00a0\u00a0\u00a0\u00a0\u00a0 <\/span><\/p>\n<p style=\"text-align: justify\"><span style=\"color: #000000\">\u00a0\u00a0\u00a0\u00a0\u00a0\u00a0\u00a0\u00a0\u00a0\u00a0 Entre 2006 e 2015, Lee Sing Kong foi o respons\u00e1vel pelas reformas educacionais que conduziram Cingapura \u00e0 segunda posi\u00e7\u00e3o no ranking PISA.<\/span><\/p>\n<p style=\"text-align: justify\"><span style=\"color: #000000\">\u00a0\u00a0\u00a0\u00a0\u00a0\u00a0\u00a0\u00a0\u00a0\u00a0\u00a0\u00a0\u00a0\u00a0\u00a0\u00a0 <\/span><\/p>\n<p style=\"text-align: justify\"><span style=\"color: #000000\">\u00a0\u00a0\u00a0\u00a0\u00a0\u00a0\u00a0\u00a0\u00a0\u00a0\u00a0\u00a0 No \u00faltimo PISA (2012), o Brasil ocupou a posi\u00e7\u00e3o 57 do ranking, com 65 pa\u00edses participantes.<\/span><\/p>\n<p style=\"text-align: justify\"><span style=\"color: #000000\">\u00a0\u00a0\u00a0\u00a0\u00a0\u00a0\u00a0\u00a0\u00a0\u00a0\u00a0\u00a0\u00a0\u00a0\u00a0\u00a0\u00a0<\/span><\/p>\n<p style=\"text-align: justify\"><span style=\"color: #000000\">\u00a0\u00a0\u00a0\u00a0\u00a0\u00a0\u00a0\u00a0\u00a0\u00a0\u00a0\u00a0\u00a0 A\u00a0China classificou-se em primeiro lugar.<\/span><\/p>\n<p><span style=\"color: #000000\">\u00a0\u00a0<\/span><\/p>\n<p><span style=\"color: #000000\">\u00a0\u00a0\u00a0\u00a0\u00a0\u00a0\u00a0\u00a0\u00a0\u00a0\u00a0 Desejando conhecer os cursos de Legisla\u00e7\u00e3o Educacional que ministro,<\/span> <a href=\"https:\/\/www.estrategiaconcursos.com.br\/cursosPorProfessor\/rodrigo-bandeira-3484\/\">clique aqui<\/a>.<\/p>\n<p>&nbsp;<\/p>\n<p><strong>Bons estudos!<\/strong><\/p>\n<p>&#8211;<\/p>\n","protected":false},"excerpt":{"rendered":"<p>Ol\u00e1 pessoal, tudo bem? \u00a0\u00a0\u00a0\u00a0\u00a0\u00a0\u00a0\u00a0\u00a0 \u00a0\u00a0\u00a0\u00a0 Pelo f\u00f3rum de d\u00favidas \u2500 canal por onde tramita uma valiosa fonte de informa\u00e7\u00f5es ao aprendizado dos\u00a0nossos alunos \u2500 de um dos cursos que ministro \u00e0 SEDF 2016, surgiu um interessante questionamento sobre um poss\u00edvel conflito entre a PEC 241\/2016 (Proposta de Emenda \u00e0 Constitui\u00e7\u00e3o, que objetiva a salutar [&hellip;]<\/p>\n","protected":false},"author":1,"featured_media":0,"comment_status":"open","ping_status":"open","sticky":false,"template":"","format":"standard","meta":{"post_tipo":"news","footnotes":""},"categories":[1],"tags":[],"tax_estado":[],"class_list":["post-54145","post","type-post","status-publish","format-standard","hentry","category-cursos-e-concursos"],"acf":[],"yoast_head":"<!-- This site is optimized with the Yoast SEO Premium plugin v27.2 (Yoast SEO v27.2) - https:\/\/yoast.com\/product\/yoast-seo-premium-wordpress\/ -->\n<title>Os gastos com a Educa\u00e7\u00e3o e a PEC 241\/2016<\/title>\n<meta name=\"robots\" content=\"index, follow, max-snippet:-1, max-image-preview:large, max-video-preview:-1\" \/>\n<link rel=\"canonical\" href=\"https:\/\/www.estrategiaconcursos.com.br\/blog\/os-gastos-com-educacao-e-pec-2412016\/\" \/>\n<meta property=\"og:locale\" content=\"pt_BR\" \/>\n<meta property=\"og:type\" content=\"article\" \/>\n<meta property=\"og:title\" content=\"Os gastos com a Educa\u00e7\u00e3o e a PEC 241\/2016\" \/>\n<meta property=\"og:description\" content=\"Ol\u00e1 pessoal, tudo bem? \u00a0\u00a0\u00a0\u00a0\u00a0\u00a0\u00a0\u00a0\u00a0 \u00a0\u00a0\u00a0\u00a0 Pelo f\u00f3rum de d\u00favidas \u2500 canal por onde tramita uma valiosa fonte de informa\u00e7\u00f5es ao aprendizado dos\u00a0nossos alunos \u2500 de um dos cursos que ministro \u00e0 SEDF 2016, surgiu um interessante questionamento sobre um poss\u00edvel conflito entre a PEC 241\/2016 (Proposta de Emenda \u00e0 Constitui\u00e7\u00e3o, que objetiva a salutar [&hellip;]\" \/>\n<meta property=\"og:url\" content=\"https:\/\/www.estrategiaconcursos.com.br\/blog\/os-gastos-com-educacao-e-pec-2412016\/\" \/>\n<meta property=\"og:site_name\" content=\"Estrat\u00e9gia Concursos\" \/>\n<meta property=\"article:author\" content=\"https:\/\/www.facebook.com\/EstrategiaConcursos\" \/>\n<meta property=\"article:published_time\" content=\"2016-11-04T19:55:02+00:00\" \/>\n<meta property=\"article:modified_time\" content=\"2016-11-05T00:11:50+00:00\" \/>\n<meta property=\"og:image\" content=\"https:\/\/www.estrategiaconcursos.com.br\/blog\/wp-content\/uploads\/2016\/11\/despesas-2.jpg\" \/>\n<meta name=\"author\" content=\"Coordena\u00e7\u00e3o\" \/>\n<meta name=\"twitter:card\" content=\"summary_large_image\" \/>\n<meta name=\"twitter:creator\" content=\"@EstratConcursos\" \/>\n<meta name=\"twitter:site\" content=\"@EstratConcursos\" \/>\n<meta name=\"twitter:label1\" content=\"Escrito por\" \/>\n\t<meta name=\"twitter:data1\" content=\"Coordena\u00e7\u00e3o\" \/>\n\t<meta name=\"twitter:label2\" content=\"Est. tempo de leitura\" \/>\n\t<meta name=\"twitter:data2\" content=\"6 minutos\" \/>\n<script type=\"application\/ld+json\" class=\"yoast-schema-graph\">{\"@context\":\"https:\/\/schema.org\",\"@graph\":[{\"@type\":\"NewsArticle\",\"@id\":\"https:\/\/www.estrategiaconcursos.com.br\/blog\/os-gastos-com-educacao-e-pec-2412016\/#article\",\"isPartOf\":{\"@id\":\"https:\/\/www.estrategiaconcursos.com.br\/blog\/os-gastos-com-educacao-e-pec-2412016\/\"},\"author\":{\"name\":\"Coordena\u00e7\u00e3o\",\"@id\":\"https:\/\/www.estrategiaconcursos.com.br\/blog\/#\/schema\/person\/b4a388c97673c5f483d72185668afa1f\"},\"headline\":\"Os gastos com a Educa\u00e7\u00e3o e a PEC 241\/2016\",\"datePublished\":\"2016-11-04T19:55:02+00:00\",\"dateModified\":\"2016-11-05T00:11:50+00:00\",\"mainEntityOfPage\":{\"@id\":\"https:\/\/www.estrategiaconcursos.com.br\/blog\/os-gastos-com-educacao-e-pec-2412016\/\"},\"wordCount\":1140,\"commentCount\":6,\"publisher\":{\"@id\":\"https:\/\/www.estrategiaconcursos.com.br\/blog\/#organization\"},\"image\":{\"@id\":\"https:\/\/www.estrategiaconcursos.com.br\/blog\/os-gastos-com-educacao-e-pec-2412016\/#primaryimage\"},\"thumbnailUrl\":\"https:\/\/www.estrategiaconcursos.com.br\/blog\/wp-content\/uploads\/2016\/11\/despesas-2.jpg\",\"articleSection\":[\"Concursos P\u00fablicos\"],\"inLanguage\":\"pt-BR\",\"potentialAction\":[{\"@type\":\"CommentAction\",\"name\":\"Comment\",\"target\":[\"https:\/\/www.estrategiaconcursos.com.br\/blog\/os-gastos-com-educacao-e-pec-2412016\/#respond\"]}],\"copyrightYear\":\"2016\",\"copyrightHolder\":{\"@id\":\"https:\/\/www.estrategiaconcursos.com.br\/blog\/#organization\"}},{\"@type\":\"WebPage\",\"@id\":\"https:\/\/www.estrategiaconcursos.com.br\/blog\/os-gastos-com-educacao-e-pec-2412016\/\",\"url\":\"https:\/\/www.estrategiaconcursos.com.br\/blog\/os-gastos-com-educacao-e-pec-2412016\/\",\"name\":\"Os gastos com a Educa\u00e7\u00e3o e a PEC 241\/2016\",\"isPartOf\":{\"@id\":\"https:\/\/www.estrategiaconcursos.com.br\/blog\/#website\"},\"primaryImageOfPage\":{\"@id\":\"https:\/\/www.estrategiaconcursos.com.br\/blog\/os-gastos-com-educacao-e-pec-2412016\/#primaryimage\"},\"image\":{\"@id\":\"https:\/\/www.estrategiaconcursos.com.br\/blog\/os-gastos-com-educacao-e-pec-2412016\/#primaryimage\"},\"thumbnailUrl\":\"https:\/\/www.estrategiaconcursos.com.br\/blog\/wp-content\/uploads\/2016\/11\/despesas-2.jpg\",\"datePublished\":\"2016-11-04T19:55:02+00:00\",\"dateModified\":\"2016-11-05T00:11:50+00:00\",\"breadcrumb\":{\"@id\":\"https:\/\/www.estrategiaconcursos.com.br\/blog\/os-gastos-com-educacao-e-pec-2412016\/#breadcrumb\"},\"inLanguage\":\"pt-BR\",\"potentialAction\":[{\"@type\":\"ReadAction\",\"target\":[\"https:\/\/www.estrategiaconcursos.com.br\/blog\/os-gastos-com-educacao-e-pec-2412016\/\"]}]},{\"@type\":\"ImageObject\",\"inLanguage\":\"pt-BR\",\"@id\":\"https:\/\/www.estrategiaconcursos.com.br\/blog\/os-gastos-com-educacao-e-pec-2412016\/#primaryimage\",\"url\":\"https:\/\/dhg1h5j42swfq.cloudfront.net\/2016\/11\/04184738\/despesas-2.jpg\",\"contentUrl\":\"https:\/\/dhg1h5j42swfq.cloudfront.net\/2016\/11\/04184738\/despesas-2.jpg\",\"width\":1166,\"height\":658},{\"@type\":\"BreadcrumbList\",\"@id\":\"https:\/\/www.estrategiaconcursos.com.br\/blog\/os-gastos-com-educacao-e-pec-2412016\/#breadcrumb\",\"itemListElement\":[{\"@type\":\"ListItem\",\"position\":1,\"name\":\"In\u00edcio\",\"item\":\"https:\/\/www.estrategiaconcursos.com.br\/blog\/\"},{\"@type\":\"ListItem\",\"position\":2,\"name\":\"Os gastos com a Educa\u00e7\u00e3o e a PEC 241\/2016\"}]},{\"@type\":\"WebSite\",\"@id\":\"https:\/\/www.estrategiaconcursos.com.br\/blog\/#website\",\"url\":\"https:\/\/www.estrategiaconcursos.com.br\/blog\/\",\"name\":\"Estrat\u00e9gia Concursos\",\"description\":\"O blog da Estrat\u00e9gia Concursos traz not\u00edcias sobre concursos e artigos de professores oferecendo cursos para concursos (pdf + videaulas) no site.\",\"publisher\":{\"@id\":\"https:\/\/www.estrategiaconcursos.com.br\/blog\/#organization\"},\"potentialAction\":[{\"@type\":\"SearchAction\",\"target\":{\"@type\":\"EntryPoint\",\"urlTemplate\":\"https:\/\/www.estrategiaconcursos.com.br\/blog\/?s={search_term_string}\"},\"query-input\":{\"@type\":\"PropertyValueSpecification\",\"valueRequired\":true,\"valueName\":\"search_term_string\"}}],\"inLanguage\":\"pt-BR\"},{\"@type\":\"Organization\",\"@id\":\"https:\/\/www.estrategiaconcursos.com.br\/blog\/#organization\",\"name\":\"Estrat\u00e9gia Concursos\",\"url\":\"https:\/\/www.estrategiaconcursos.com.br\/blog\/\",\"logo\":{\"@type\":\"ImageObject\",\"inLanguage\":\"pt-BR\",\"@id\":\"https:\/\/www.estrategiaconcursos.com.br\/blog\/#\/schema\/logo\/image\/\",\"url\":\"https:\/\/dhg1h5j42swfq.cloudfront.net\/2025\/06\/03203428\/logo_concursos-1.jpg\",\"contentUrl\":\"https:\/\/dhg1h5j42swfq.cloudfront.net\/2025\/06\/03203428\/logo_concursos-1.jpg\",\"width\":230,\"height\":60,\"caption\":\"Estrat\u00e9gia Concursos\"},\"image\":{\"@id\":\"https:\/\/www.estrategiaconcursos.com.br\/blog\/#\/schema\/logo\/image\/\"},\"sameAs\":[\"https:\/\/x.com\/EstratConcursos\"]},{\"@type\":\"Person\",\"@id\":\"https:\/\/www.estrategiaconcursos.com.br\/blog\/#\/schema\/person\/b4a388c97673c5f483d72185668afa1f\",\"name\":\"Coordena\u00e7\u00e3o\",\"image\":{\"@type\":\"ImageObject\",\"inLanguage\":\"pt-BR\",\"@id\":\"https:\/\/secure.gravatar.com\/avatar\/b720319e4c9a967eb58678d110f4fe35452fc5d5f97b202bac7b8acceb18c6ad?s=96&d=mm&r=g\",\"url\":\"https:\/\/secure.gravatar.com\/avatar\/b720319e4c9a967eb58678d110f4fe35452fc5d5f97b202bac7b8acceb18c6ad?s=96&d=mm&r=g\",\"contentUrl\":\"https:\/\/secure.gravatar.com\/avatar\/b720319e4c9a967eb58678d110f4fe35452fc5d5f97b202bac7b8acceb18c6ad?s=96&d=mm&r=g\",\"caption\":\"Coordena\u00e7\u00e3o\"},\"sameAs\":[\"https:\/\/www.facebook.com\/EstrategiaConcursos\",\"https:\/\/x.com\/EstratConcursos\"],\"url\":\"https:\/\/www.estrategiaconcursos.com.br\/blog\/author\/estrategia2013\/\"}]}<\/script>\n<!-- \/ Yoast SEO Premium plugin. -->","yoast_head_json":{"title":"Os gastos com a Educa\u00e7\u00e3o e a PEC 241\/2016","robots":{"index":"index","follow":"follow","max-snippet":"max-snippet:-1","max-image-preview":"max-image-preview:large","max-video-preview":"max-video-preview:-1"},"canonical":"https:\/\/www.estrategiaconcursos.com.br\/blog\/os-gastos-com-educacao-e-pec-2412016\/","og_locale":"pt_BR","og_type":"article","og_title":"Os gastos com a Educa\u00e7\u00e3o e a PEC 241\/2016","og_description":"Ol\u00e1 pessoal, tudo bem? \u00a0\u00a0\u00a0\u00a0\u00a0\u00a0\u00a0\u00a0\u00a0 \u00a0\u00a0\u00a0\u00a0 Pelo f\u00f3rum de d\u00favidas \u2500 canal por onde tramita uma valiosa fonte de informa\u00e7\u00f5es ao aprendizado dos\u00a0nossos alunos \u2500 de um dos cursos que ministro \u00e0 SEDF 2016, surgiu um interessante questionamento sobre um poss\u00edvel conflito entre a PEC 241\/2016 (Proposta de Emenda \u00e0 Constitui\u00e7\u00e3o, que objetiva a salutar [&hellip;]","og_url":"https:\/\/www.estrategiaconcursos.com.br\/blog\/os-gastos-com-educacao-e-pec-2412016\/","og_site_name":"Estrat\u00e9gia Concursos","article_author":"https:\/\/www.facebook.com\/EstrategiaConcursos","article_published_time":"2016-11-04T19:55:02+00:00","article_modified_time":"2016-11-05T00:11:50+00:00","og_image":[{"url":"https:\/\/www.estrategiaconcursos.com.br\/blog\/wp-content\/uploads\/2016\/11\/despesas-2.jpg","type":"","width":"","height":""}],"author":"Coordena\u00e7\u00e3o","twitter_card":"summary_large_image","twitter_creator":"@EstratConcursos","twitter_site":"@EstratConcursos","twitter_misc":{"Escrito por":"Coordena\u00e7\u00e3o","Est. tempo de leitura":"6 minutos"},"schema":{"@context":"https:\/\/schema.org","@graph":[{"@type":"NewsArticle","@id":"https:\/\/www.estrategiaconcursos.com.br\/blog\/os-gastos-com-educacao-e-pec-2412016\/#article","isPartOf":{"@id":"https:\/\/www.estrategiaconcursos.com.br\/blog\/os-gastos-com-educacao-e-pec-2412016\/"},"author":{"name":"Coordena\u00e7\u00e3o","@id":"https:\/\/www.estrategiaconcursos.com.br\/blog\/#\/schema\/person\/b4a388c97673c5f483d72185668afa1f"},"headline":"Os gastos com a Educa\u00e7\u00e3o e a PEC 241\/2016","datePublished":"2016-11-04T19:55:02+00:00","dateModified":"2016-11-05T00:11:50+00:00","mainEntityOfPage":{"@id":"https:\/\/www.estrategiaconcursos.com.br\/blog\/os-gastos-com-educacao-e-pec-2412016\/"},"wordCount":1140,"commentCount":6,"publisher":{"@id":"https:\/\/www.estrategiaconcursos.com.br\/blog\/#organization"},"image":{"@id":"https:\/\/www.estrategiaconcursos.com.br\/blog\/os-gastos-com-educacao-e-pec-2412016\/#primaryimage"},"thumbnailUrl":"https:\/\/www.estrategiaconcursos.com.br\/blog\/wp-content\/uploads\/2016\/11\/despesas-2.jpg","articleSection":["Concursos P\u00fablicos"],"inLanguage":"pt-BR","potentialAction":[{"@type":"CommentAction","name":"Comment","target":["https:\/\/www.estrategiaconcursos.com.br\/blog\/os-gastos-com-educacao-e-pec-2412016\/#respond"]}],"copyrightYear":"2016","copyrightHolder":{"@id":"https:\/\/www.estrategiaconcursos.com.br\/blog\/#organization"}},{"@type":"WebPage","@id":"https:\/\/www.estrategiaconcursos.com.br\/blog\/os-gastos-com-educacao-e-pec-2412016\/","url":"https:\/\/www.estrategiaconcursos.com.br\/blog\/os-gastos-com-educacao-e-pec-2412016\/","name":"Os gastos com a Educa\u00e7\u00e3o e a PEC 241\/2016","isPartOf":{"@id":"https:\/\/www.estrategiaconcursos.com.br\/blog\/#website"},"primaryImageOfPage":{"@id":"https:\/\/www.estrategiaconcursos.com.br\/blog\/os-gastos-com-educacao-e-pec-2412016\/#primaryimage"},"image":{"@id":"https:\/\/www.estrategiaconcursos.com.br\/blog\/os-gastos-com-educacao-e-pec-2412016\/#primaryimage"},"thumbnailUrl":"https:\/\/www.estrategiaconcursos.com.br\/blog\/wp-content\/uploads\/2016\/11\/despesas-2.jpg","datePublished":"2016-11-04T19:55:02+00:00","dateModified":"2016-11-05T00:11:50+00:00","breadcrumb":{"@id":"https:\/\/www.estrategiaconcursos.com.br\/blog\/os-gastos-com-educacao-e-pec-2412016\/#breadcrumb"},"inLanguage":"pt-BR","potentialAction":[{"@type":"ReadAction","target":["https:\/\/www.estrategiaconcursos.com.br\/blog\/os-gastos-com-educacao-e-pec-2412016\/"]}]},{"@type":"ImageObject","inLanguage":"pt-BR","@id":"https:\/\/www.estrategiaconcursos.com.br\/blog\/os-gastos-com-educacao-e-pec-2412016\/#primaryimage","url":"https:\/\/dhg1h5j42swfq.cloudfront.net\/2016\/11\/04184738\/despesas-2.jpg","contentUrl":"https:\/\/dhg1h5j42swfq.cloudfront.net\/2016\/11\/04184738\/despesas-2.jpg","width":1166,"height":658},{"@type":"BreadcrumbList","@id":"https:\/\/www.estrategiaconcursos.com.br\/blog\/os-gastos-com-educacao-e-pec-2412016\/#breadcrumb","itemListElement":[{"@type":"ListItem","position":1,"name":"In\u00edcio","item":"https:\/\/www.estrategiaconcursos.com.br\/blog\/"},{"@type":"ListItem","position":2,"name":"Os gastos com a Educa\u00e7\u00e3o e a PEC 241\/2016"}]},{"@type":"WebSite","@id":"https:\/\/www.estrategiaconcursos.com.br\/blog\/#website","url":"https:\/\/www.estrategiaconcursos.com.br\/blog\/","name":"Estrat\u00e9gia Concursos","description":"O blog da Estrat\u00e9gia Concursos traz not\u00edcias sobre concursos e artigos de professores oferecendo cursos para concursos (pdf + videaulas) no site.","publisher":{"@id":"https:\/\/www.estrategiaconcursos.com.br\/blog\/#organization"},"potentialAction":[{"@type":"SearchAction","target":{"@type":"EntryPoint","urlTemplate":"https:\/\/www.estrategiaconcursos.com.br\/blog\/?s={search_term_string}"},"query-input":{"@type":"PropertyValueSpecification","valueRequired":true,"valueName":"search_term_string"}}],"inLanguage":"pt-BR"},{"@type":"Organization","@id":"https:\/\/www.estrategiaconcursos.com.br\/blog\/#organization","name":"Estrat\u00e9gia Concursos","url":"https:\/\/www.estrategiaconcursos.com.br\/blog\/","logo":{"@type":"ImageObject","inLanguage":"pt-BR","@id":"https:\/\/www.estrategiaconcursos.com.br\/blog\/#\/schema\/logo\/image\/","url":"https:\/\/dhg1h5j42swfq.cloudfront.net\/2025\/06\/03203428\/logo_concursos-1.jpg","contentUrl":"https:\/\/dhg1h5j42swfq.cloudfront.net\/2025\/06\/03203428\/logo_concursos-1.jpg","width":230,"height":60,"caption":"Estrat\u00e9gia Concursos"},"image":{"@id":"https:\/\/www.estrategiaconcursos.com.br\/blog\/#\/schema\/logo\/image\/"},"sameAs":["https:\/\/x.com\/EstratConcursos"]},{"@type":"Person","@id":"https:\/\/www.estrategiaconcursos.com.br\/blog\/#\/schema\/person\/b4a388c97673c5f483d72185668afa1f","name":"Coordena\u00e7\u00e3o","image":{"@type":"ImageObject","inLanguage":"pt-BR","@id":"https:\/\/secure.gravatar.com\/avatar\/b720319e4c9a967eb58678d110f4fe35452fc5d5f97b202bac7b8acceb18c6ad?s=96&d=mm&r=g","url":"https:\/\/secure.gravatar.com\/avatar\/b720319e4c9a967eb58678d110f4fe35452fc5d5f97b202bac7b8acceb18c6ad?s=96&d=mm&r=g","contentUrl":"https:\/\/secure.gravatar.com\/avatar\/b720319e4c9a967eb58678d110f4fe35452fc5d5f97b202bac7b8acceb18c6ad?s=96&d=mm&r=g","caption":"Coordena\u00e7\u00e3o"},"sameAs":["https:\/\/www.facebook.com\/EstrategiaConcursos","https:\/\/x.com\/EstratConcursos"],"url":"https:\/\/www.estrategiaconcursos.com.br\/blog\/author\/estrategia2013\/"}]}},"_links":{"self":[{"href":"https:\/\/www.estrategiaconcursos.com.br\/blog\/wp-json\/wp\/v2\/posts\/54145","targetHints":{"allow":["GET"]}}],"collection":[{"href":"https:\/\/www.estrategiaconcursos.com.br\/blog\/wp-json\/wp\/v2\/posts"}],"about":[{"href":"https:\/\/www.estrategiaconcursos.com.br\/blog\/wp-json\/wp\/v2\/types\/post"}],"author":[{"embeddable":true,"href":"https:\/\/www.estrategiaconcursos.com.br\/blog\/wp-json\/wp\/v2\/users\/1"}],"replies":[{"embeddable":true,"href":"https:\/\/www.estrategiaconcursos.com.br\/blog\/wp-json\/wp\/v2\/comments?post=54145"}],"version-history":[{"count":23,"href":"https:\/\/www.estrategiaconcursos.com.br\/blog\/wp-json\/wp\/v2\/posts\/54145\/revisions"}],"predecessor-version":[{"id":54191,"href":"https:\/\/www.estrategiaconcursos.com.br\/blog\/wp-json\/wp\/v2\/posts\/54145\/revisions\/54191"}],"wp:attachment":[{"href":"https:\/\/www.estrategiaconcursos.com.br\/blog\/wp-json\/wp\/v2\/media?parent=54145"}],"wp:term":[{"taxonomy":"category","embeddable":true,"href":"https:\/\/www.estrategiaconcursos.com.br\/blog\/wp-json\/wp\/v2\/categories?post=54145"},{"taxonomy":"post_tag","embeddable":true,"href":"https:\/\/www.estrategiaconcursos.com.br\/blog\/wp-json\/wp\/v2\/tags?post=54145"},{"taxonomy":"tax_estado","embeddable":true,"href":"https:\/\/www.estrategiaconcursos.com.br\/blog\/wp-json\/wp\/v2\/tax_estado?post=54145"}],"curies":[{"name":"wp","href":"https:\/\/api.w.org\/{rel}","templated":true}]}}