{"id":541263,"date":"2022-09-27T05:00:00","date_gmt":"2022-09-27T08:00:00","guid":{"rendered":"https:\/\/www.estrategiaconcursos.com.br\/blog\/?p=541263"},"modified":"2022-09-27T13:42:44","modified_gmt":"2022-09-27T16:42:44","slug":"concurso-cra-sc","status":"publish","type":"post","link":"https:\/\/www.estrategiaconcursos.com.br\/blog\/concurso-cra-sc\/","title":{"rendered":"Concurso CRA SC: gabarito preliminar divulgado"},"content":{"rendered":"\n<p>Os gabaritos preliminares do <strong>concurso CRA SC<\/strong>\u00a0(<a href=\"https:\/\/www.estrategiaconcursos.com.br\/cursosPorConcurso\/conselho-regional-de-administracao-de-santa-catarina-cra-sc\/\" target=\"_blank\" rel=\"noreferrer noopener\">Conselho Regional de Administra\u00e7\u00e3o de Santa Catarina<\/a>) forma publicados!<\/p>\n\n\n\n<p>O certame oferta 1 vaga imediata, al\u00e9m de oportunidades de cadastro reserva para cargos de n\u00edveis m\u00e9dio, t\u00e9cnico e superior de forma\u00e7\u00e3o.<\/p>\n\n\n\n<p>Os interessados puderam se inscrever no portal do Instituto Quadrix do dia 18 de julho at\u00e9 o dia 18 de agosto de 2022. A taxa de inscri\u00e7\u00e3o varia de acordo com a escolaridade do cargo pretendido:<\/p>\n\n\n\n<ul class=\"wp-block-list\"><li>R$ 70,00 (m\u00e9dio e t\u00e9cnico); e<\/li><li>R$ 80,00 (superior).<\/li><\/ul>\n\n\n\n<ul id=\"block-ee678516-e9d1-48bd-b327-7b9acd55f0fd\" class=\"has-very-light-gray-to-cyan-bluish-gray-gradient-background has-background wp-block-list\"><li><strong>Concurso CRA SC<\/strong><\/li><li><strong>Status:<\/strong>\u00a0gabarito preliminar <\/li><li><strong>Banca:\u00a0<\/strong>Quadrix<\/li><li><strong>Vagas:\u00a0<\/strong>01+CR<\/li><li><strong>Sal\u00e1rio inicial:<\/strong>\u00a0R$ 2.749,81 a R$ 5.507,26<\/li><li><strong>Editais<\/strong>:\u00a0<a href=\"https:\/\/dhg1h5j42swfq.cloudfront.net\/2022\/07\/18124007\/1_cra-sc_concurso_publico-_2022_edital_1_.pdf\" target=\"_blank\" rel=\"noreferrer noopener\">CRA SC<\/a><\/li><\/ul>\n\n\n\n<div class=\"container\" id=\"boxes\">\n  <div class=\"row\">\n\n    <div class=\"col-sm\">\n      <div class=\"banner-estrategia\" id=\"box-assinatura\">\n        <h3 class=\"titulo-assinatura\">Cursos para CRA SC<\/h3>\n        <p class=\"subtitulo-assinatura\">Estude conosco<\/p>\n        <div class=\"box-botao\">\n          <a class=\"btn-assinatura\" target=\"_blank\" href=\"https:\/\/www.estrategiaconcursos.com.br\/cursosPorConcurso\/conselho-regional-de-administracao-de-santa-catarina-cra-sc\/\" role=\"button\" rel=\"noopener noreferrer\">Conhe\u00e7a os cursos<\/a>\n        <\/div>\n      <\/div>\n     \n    <\/div>\n\n  <\/div>\n<\/div>\n\n\n\n<ul class=\"wp-block-list\" id=\"indice\"><li><a href=\"#situacao-atual\"><strong>Situa\u00e7\u00e3o atual <\/strong><\/a><ul><li><a href=\"#gabarito-preliminar\"><strong>Gabarito preliminar <\/strong><\/a><\/li><\/ul><ul><li><strong><a href=\"#atual\">Principais datas<\/a><\/strong><\/li><\/ul><\/li><li><strong><a href=\"#carreira\">Cargos, vagas e remunera\u00e7\u00f5es<\/a><\/strong><\/li><li><a href=\"#requisitos\"><strong>Requisitos<\/strong><\/a><\/li><li><a href=\"#etapas\"><strong>Etapas de prova<\/strong><\/a><\/li><li><strong><a href=\"#ultimo\">\u00daltimo concurso <\/a><\/strong><\/li><li><strong><a href=\"#etapas\">Etapas do \u00faltimo concurso<\/a><\/strong><ul><li><strong><a href=\"#objetiva\">Prova objetiva<\/a><\/strong><\/li><li><strong><a href=\"#gerais\">Conhecimentos gerais<\/a><\/strong><\/li><\/ul><\/li><li><strong><a href=\"#cursos\">Cursos e Assinaturas<\/a> <\/strong><\/li><li><strong><a href=\"#ficha-tecnica\">Ficha T\u00e9cnica<\/a><\/strong><\/li><\/ul>\n\n\n\n<h2 class=\"wp-block-heading\" id=\"atual\">Concurso CRA SC: situa\u00e7\u00e3o atual <\/h2>\n\n\n\n<h3 class=\"wp-block-heading\">Gabarito Preliminar <\/h3>\n\n\n\n<p>O Instituto Quadrix disponibilizou os gabaritos preliminares das provas objetivas. <a href=\"http:\/\/www.quadrix.org.br\/web\/visualizar.html?file=http:\/\/www.quadrix.org.br\/Archives\/General\/25542\/26874\/27431\/C839D420CEBA\/1_CRA-SC_concurso_publico_2022_gabarito_preliminar.pdf\" target=\"_blank\" rel=\"noreferrer noopener\">Confira aqui! <\/a><\/p>\n\n\n\n<h3 class=\"wp-block-heading\">Principais datas <\/h3>\n\n\n\n<p class=\"has-pale-cyan-blue-background-color has-background\"><strong>Inscri\u00e7\u00f5es<\/strong>: 18\/07 a 18\/08\/2022<br \/><strong>Isen\u00e7\u00e3o da taxa<\/strong>: 18a 20\/07\/2022<br \/><strong>\u00daltimo dia para pagamento<\/strong>: 19\/08\/2022<br \/><strong>Prova<\/strong>: 25\/09\/2022<\/p>\n\n\n\n<h2 class=\"wp-block-heading\" id=\"carreira\">Concurso CRA SC: carreira<\/h2>\n\n\n\n<p>O certame oferta oportunidades para as seguintes especialidades:<\/p>\n\n\n\n<ul class=\"wp-block-list\"><li><strong>N\u00edvel m\u00e9dio<\/strong><ul><li>Agente Administrativo \u2013 1 vaga imediata + CR;<\/li><\/ul><\/li><li><strong>N\u00edvel t\u00e9cnico<\/strong><ul><li>T\u00e9cnico em Inform\u00e1tica \u2013 CR<\/li><\/ul><\/li><li><strong>N\u00edvel superior<\/strong><ul><li>Administrador \u2013 CR<\/li><li>Advogado \u2013 CR<\/li><li>Contador \u2013 CR<\/li><\/ul><\/li><\/ul>\n\n\n\n<p>Os aprovados receber\u00e3o os seguintes sal\u00e1rios iniciais:<\/p>\n\n\n\n<ul class=\"wp-block-list\"><li>Agente Administrativo \u2013 R$ 2.749,81;<\/li><li>T\u00e9cnico em Inform\u00e1tica \u2013 R$ 4.583,01;<\/li><li>Administrador \u2013 R$ 5.507,26;<\/li><li>Advogado \u2013 R$ 5.507,26; e<\/li><li>Contador \u2013 R$ 5.507,26.<\/li><\/ul>\n\n\n\n<p>Al\u00e9m disso, far\u00e3o jus aos seguintes benef\u00edcios:<\/p>\n\n\n\n<ul class=\"wp-block-list\"><li>Vale Refei\u00e7\u00e3o\/Alimenta\u00e7\u00e3o;<\/li><li>Plano de Sa\u00fade(M\u00e9dico, Hospitalar e Odontol\u00f3gico); e<\/li><li>Vale transporte, conforme legisla\u00e7\u00e3o e normativo interno.<\/li><\/ul>\n\n\n\n<h2 class=\"wp-block-heading\" id=\"concurso-cra-sc-requisitos\">Concurso CRA SC: requisitos <\/h2>\n\n\n\n<p>Os interessados nos cargos ofertados precisam ter aten\u00e7\u00e3o aos requisitos espec\u00edficos do certame:<\/p>\n\n\n\n<ul class=\"wp-block-list\" id=\"block-ca9965ba-2335-4237-9b34-264c4dc1570a\"><li><strong>Agente Administrativo<\/strong>: Certificado, devidamente registrado, de conclus\u00e3o de curso de n\u00edvel m\u00e9dio, expedido por institui\u00e7\u00e3o de ensino reconhecida pelo Minist\u00e9rio da Educa\u00e7\u00e3o (MEC).<\/li><li><strong>T\u00e9cnico em Inform\u00e1tica<\/strong>: Certificado, devidamente registrado, de conclus\u00e3o de Forma\u00e7\u00e3o T\u00e9cnica na \u00e1rea de Inform\u00e1tica, com diploma expedido por institui\u00e7\u00e3o de ensino reconhecida pelo Minist\u00e9rio da Educa\u00e7\u00e3o (MEC).<\/li><li><strong>Administrador<\/strong>: Diploma, devidamente registrado, de conclus\u00e3o de curso de gradua\u00e7\u00e3o de n\u00edvel superior em Administra\u00e7\u00e3o, fornecido por institui\u00e7\u00e3o de ensino reconhecida pelo Minist\u00e9rio da Educa\u00e7\u00e3o (MEC). Carteira Nacional de Habilita\u00e7\u00e3o (CNH) no m\u00ednimo categoria \u201cB\u201d, conforme arts. 143 e 147 do C\u00f3digo Nacional de Tr\u00e2nsito e Resolu\u00e7\u00f5es 168\/2004e 285\/2008, do CONTRAN, com pontua\u00e7\u00e3o que permita, nos termos da legisla\u00e7\u00e3o de tr\u00e2nsito, o pleno exerc\u00edcio do direito de dirigir. Registro ativo no Conselho Regional de Administra\u00e7\u00e3o de Santa Catarina(CRA-SC).<\/li><li><strong>Advogado<\/strong>: Diploma, devidamente registrado, de conclus\u00e3o de curso de gradua\u00e7\u00e3o de n\u00edvel superior em Direito, fornecido por institui\u00e7\u00e3o de ensino reconhecida pelo Minist\u00e9rio da Educa\u00e7\u00e3o (MEC). Registro ativo na Ordem dos Advogados do Brasil (OAB).<\/li><li><strong>Contador<\/strong>: Diploma, devidamente registrado, de conclus\u00e3o de curso de gradua\u00e7\u00e3o de n\u00edvel superior em Ci\u00eancias Cont\u00e1beis, fornecido por institui\u00e7\u00e3o de ensino reconhecida pelo Minist\u00e9rio da Educa\u00e7\u00e3o (MEC). Registro ativo no Conselho Regional de Contabilidade de Santa Catarina (CRC-SC).<\/li><\/ul>\n\n\n\n<h2 class=\"wp-block-heading\" id=\"h-concurso-cra-sc-provas-e-etapas\">Concurso CRA SC: provas e etapas<\/h2>\n\n\n\n<p>Conforme informado no edital CRA SC, os candidato foram avaliados por meio das provas objetivas. Ser\u00e3o 50 quest\u00f5es, sendo 20 de conhecimentos b\u00e1sicos e 30 de conhecimentos espec\u00edficos.<\/p>\n\n\n\n<p>As provas foram aplicadas no dia 25 de setembro de 2022 nas seguintes cidades: <\/p>\n\n\n\n<ul class=\"wp-block-list\"><li>Blumenau, <\/li><li>Chapec\u00f3, <\/li><li>Crici\u00fama, <\/li><li>Florian\u00f3polis, <\/li><li>Itaja\u00ed, <\/li><li>Joinville e <\/li><li>Lages.<\/li><\/ul>\n\n\n\n<p>As provas para os cargos de n\u00edvel superior foram aplicadas no turno da manh\u00e3, j\u00e1 as provas objetivas dos cargos de n\u00edveis t\u00e9cnico e m\u00e9dio foram aplicados no turno da tarde. Ser\u00e1 reprovado e eliminado do concurso o candidato que:<\/p>\n\n\n\n<ul class=\"wp-block-list\"><li>obtiver nota inferior a 20,00 pontos na \u00e1rea de conhecimentos b\u00e1sicos; e<\/li><li>obtiver nota inferior a 30,00 pontos na \u00e1rea de conhecimentos espec\u00edficos.<\/li><\/ul>\n\n\n\n<h2 class=\"wp-block-heading\" id=\"ultimo\">\u00daltimo concurso CRA SC<\/h2>\n\n\n\n<p>O \u00faltimo concurso CRA SC ocorreu em 2017 e ofertou 02 vagas imediatas mais cadastro reserva para os cargos de n\u00edvel m\u00e9dio e superior, nos quais se inclu\u00edam agente administrativo (n\u00edvel m\u00e9dio), contador e advogado (n\u00edvel superior). A banca organizadora \u00e0 \u00e9poca foi a IESES.<\/p>\n\n\n\n<h2 class=\"wp-block-heading\" id=\"etapa\">Etapas de provas do \u00faltimo concurso CRA SC<\/h2>\n\n\n\n<h5 class=\"wp-block-heading\" id=\"objetiva\">Prova objetiva<\/h5>\n\n\n\n<p>A Prova Objetiva, avaliou conhecimentos gerais e espec\u00edficos dos candidatos. Os candidatos foram avaliadas numa escala de 0 a 10 pontos, sendo considerado aprovado o candidato que fizesse ao menos 5 pontos em cada uma delas. <\/p>\n\n\n\n<h5 class=\"wp-block-heading\" id=\"gerais\">Prova de conhecimentos Gerais<\/h5>\n\n\n\n<p>A Prova de Conhecimentos Gerais trouxe quest\u00f5es de L\u00edngua Portuguesa, Matem\u00e1tica e Racioc\u00ednio L\u00f3gico e Inform\u00e1tica. Al\u00e9m disso, para todos os cargos foi exigido o conhecimento da legisla\u00e7\u00e3o espec\u00edfica do CFA\/CRA. <\/p>\n\n\n\n<h2 class=\"has-text-align-center wp-block-heading\" id=\"h-quer-saber-tudo-sobre-concursos-previstos-confira-nossos-artigos\">Quer saber tudo sobre concursos previstos?<br \/>Confira nossos artigos!<\/h2>\n\n\n\n<ul class=\"wp-block-list\"><li><a href=\"https:\/\/www.estrategiaconcursos.com.br\/blog\/concursos-abertos\/\" target=\"_blank\" rel=\"noreferrer noopener\">Concursos abertos<\/a><\/li><li><a href=\"https:\/\/www.estrategiaconcursos.com.br\/blog\/concursos-2022\/\" target=\"_blank\" rel=\"noreferrer noopener\">Concursos 2022<\/a><\/li><li><a href=\"https:\/\/www.estrategiaconcursos.com.br\/blog\/concursos-2023\/\" target=\"_blank\" rel=\"noreferrer noopener\">Concursos 2023<\/a><\/li><\/ul>\n\n\n\n<h2 class=\"has-text-align-center wp-block-heading\" id=\"cursos\">Quer estudar para o concurso CRA SC?<\/h2>\n\n\n\n<p class=\"has-text-align-center\">Achou interessante a oportunidade e quer iniciar ou retomar seus estudos para concurso? Clique no link abaixo e acompanhe nossos cursos! <\/p>\n\n\n\n<div class=\"container\" id=\"boxes\">\n  <div class=\"row\">\n\n    <div class=\"col-sm\">\n      <div class=\"banner-estrategia\" id=\"box-assinatura\">\n        <h3 class=\"titulo-assinatura\">Cursos para CRA SC<\/h3>\n        <p class=\"subtitulo-assinatura\">Estude conosco<\/p>\n        <div class=\"box-botao\">\n          <a class=\"btn-assinatura\" target=\"_blank\" href=\"https:\/\/www.estrategiaconcursos.com.br\/cursosPorConcurso\/conselho-regional-de-administracao-de-santa-catarina-cra-sc\/\" role=\"button\" rel=\"noopener noreferrer\">Conhe\u00e7a os cursos<\/a>\n        <\/div>\n      <\/div>\n     \n    <\/div>\n\n  <\/div>\n<\/div>\n\n\n\n<div class=\"container\" id=\"boxes\">\n  <div class=\"row\">\n\n    <div class=\"col-sm\">\n      <div class=\"estrategia\" id=\"box-assinatura\">\n        <h3 class=\"titulo-assinatura\">Assinatura Concursos<\/h3>\n        <p class=\"subtitulo-assinatura\">Assinatura de 1 ano ou 2 anos<\/p>\n        <div class=\"box-botao\">\n          <a class=\"btn-assinatura\" target=\"_blank\" href=\"https:\/\/www.estrategiaconcursos.com.br\/assinaturas\/\" role=\"button\" rel=\"noopener noreferrer\">ASSINE AGORA<\/a>\n        <\/div>\n      <\/div>\n     \n    <\/div><\/div><\/div>\n\n\n\n<p><\/p>\n\n\n\n<figure class=\"wp-block-image size-large is-resized\"><img loading=\"lazy\" decoding=\"async\" src=\"https:\/\/dhg1h5j42swfq.cloudfront.net\/2021\/04\/05163850\/ficha-tecnica-24-1024x632.png\" alt=\"\" class=\"wp-image-707761\" width=\"141\" height=\"87\" srcset=\"https:\/\/dhg1h5j42swfq.cloudfront.net\/2021\/04\/05163850\/ficha-tecnica-24-1024x632.png 1024w, https:\/\/dhg1h5j42swfq.cloudfront.net\/2021\/04\/05163850\/ficha-tecnica-24-300x185.png 300w, https:\/\/dhg1h5j42swfq.cloudfront.net\/2021\/04\/05163850\/ficha-tecnica-24-768x474.png 768w, https:\/\/dhg1h5j42swfq.cloudfront.net\/2021\/04\/05163850\/ficha-tecnica-24-1536x948.png 1536w, https:\/\/dhg1h5j42swfq.cloudfront.net\/2021\/04\/05163850\/ficha-tecnica-24-610x377.png 610w, https:\/\/dhg1h5j42swfq.cloudfront.net\/2021\/04\/05163850\/ficha-tecnica-24.png 1571w\" sizes=\"auto, (max-width: 141px) 100vw, 141px\" \/><\/figure>\n\n\n\n<h3 class=\"wp-block-heading\" id=\"ficha-tecnica\">Ficha t\u00e9cnica do pr\u00f3ximo concurso CRA SC<\/h3>\n\n\n\n<ul class=\"wp-block-list\"><li><strong>Inscri\u00e7\u00f5es<\/strong>: 18\/07 a 18\/08\/2022<\/li><li><strong>Provas<\/strong>: 25\/09\/2022<\/li><li><strong>Vagas<\/strong>: 01 + CR<\/li><li><strong>Cargos<\/strong>: diversos<\/li><li><strong>Banca<\/strong>: Instituto Quadrix<\/li><li><strong>Escolaridade<\/strong>: m\u00e9dio e superior<\/li><li><strong>Edital<\/strong>:&nbsp;&nbsp;<a href=\"https:\/\/dhg1h5j42swfq.cloudfront.net\/2022\/07\/18124007\/1_cra-sc_concurso_publico-_2022_edital_1_.pdf\" target=\"_blank\" rel=\"noreferrer noopener\">CRA SC<\/a><\/li><\/ul>\n","protected":false},"excerpt":{"rendered":"<p>Os gabaritos preliminares do concurso CRA SC\u00a0(Conselho Regional de Administra\u00e7\u00e3o de Santa Catarina) forma publicados! O certame oferta 1 vaga imediata, al\u00e9m de oportunidades de cadastro reserva para cargos de n\u00edveis m\u00e9dio, t\u00e9cnico e superior de forma\u00e7\u00e3o. Os interessados puderam se inscrever no portal do Instituto Quadrix do dia 18 de julho at\u00e9 o dia [&hellip;]<\/p>\n","protected":false},"author":1,"featured_media":542164,"comment_status":"open","ping_status":"closed","sticky":false,"template":"","format":"standard","meta":{"post_tipo":"news_page","footnotes":""},"categories":[214992],"tags":[],"tax_estado":[219987],"class_list":["post-541263","post","type-post","status-publish","format-standard","has-post-thumbnail","hentry","category-concursos-administrativos","tax_estado-sc"],"acf":[],"yoast_head":"<!-- This site is optimized with the Yoast SEO Premium plugin v27.2 (Yoast SEO v27.2) - https:\/\/yoast.com\/product\/yoast-seo-premium-wordpress\/ -->\n<title>Concurso CRA SC: gabarito preliminar divulgado<\/title>\n<meta name=\"description\" content=\"Concurso CRA SC: veja os detalhes do certame do Conselho Regional de Administra\u00e7\u00e3o de Santa Catarina com o Estrat\u00e9gia Concursos.\" \/>\n<meta name=\"robots\" content=\"index, follow, max-snippet:-1, max-image-preview:large, max-video-preview:-1\" \/>\n<link rel=\"canonical\" href=\"https:\/\/www.estrategiaconcursos.com.br\/blog\/concurso-cra-sc\/\" \/>\n<meta property=\"og:locale\" content=\"pt_BR\" \/>\n<meta property=\"og:type\" content=\"article\" \/>\n<meta property=\"og:title\" content=\"Concurso CRA SC: gabarito preliminar divulgado\" \/>\n<meta property=\"og:description\" content=\"Concurso CRA SC: veja os detalhes do certame do Conselho Regional de Administra\u00e7\u00e3o de Santa Catarina com o Estrat\u00e9gia Concursos.\" \/>\n<meta property=\"og:url\" content=\"https:\/\/www.estrategiaconcursos.com.br\/blog\/concurso-cra-sc\/\" \/>\n<meta property=\"og:site_name\" content=\"Estrat\u00e9gia Concursos\" \/>\n<meta property=\"article:author\" content=\"https:\/\/www.facebook.com\/EstrategiaConcursos\" \/>\n<meta property=\"article:published_time\" content=\"2022-09-27T08:00:00+00:00\" \/>\n<meta property=\"article:modified_time\" content=\"2022-09-27T16:42:44+00:00\" \/>\n<meta property=\"og:image\" content=\"https:\/\/dhg1h5j42swfq.cloudfront.net\/2020\/07\/14172813\/CRA-SC.jpg\" \/>\n\t<meta property=\"og:image:width\" content=\"1200\" \/>\n\t<meta property=\"og:image:height\" content=\"628\" \/>\n\t<meta property=\"og:image:type\" content=\"image\/jpeg\" \/>\n<meta name=\"author\" content=\"Coordena\u00e7\u00e3o\" \/>\n<meta name=\"twitter:card\" content=\"summary_large_image\" \/>\n<meta name=\"twitter:creator\" content=\"@EstratConcursos\" \/>\n<meta name=\"twitter:site\" content=\"@EstratConcursos\" \/>\n<meta name=\"twitter:label1\" content=\"Escrito por\" \/>\n\t<meta name=\"twitter:data1\" content=\"Coordena\u00e7\u00e3o\" \/>\n\t<meta name=\"twitter:label2\" content=\"Est. tempo de leitura\" \/>\n\t<meta name=\"twitter:data2\" content=\"5 minutos\" \/>\n<script type=\"application\/ld+json\" class=\"yoast-schema-graph\">{\"@context\":\"https:\/\/schema.org\",\"@graph\":[{\"@type\":\"NewsArticle\",\"@id\":\"https:\/\/www.estrategiaconcursos.com.br\/blog\/concurso-cra-sc\/#article\",\"isPartOf\":{\"@id\":\"https:\/\/www.estrategiaconcursos.com.br\/blog\/concurso-cra-sc\/\"},\"author\":{\"name\":\"Coordena\u00e7\u00e3o\",\"@id\":\"https:\/\/www.estrategiaconcursos.com.br\/blog\/#\/schema\/person\/b4a388c97673c5f483d72185668afa1f\"},\"headline\":\"Concurso CRA SC: gabarito preliminar divulgado\",\"datePublished\":\"2022-09-27T08:00:00+00:00\",\"dateModified\":\"2022-09-27T16:42:44+00:00\",\"mainEntityOfPage\":{\"@id\":\"https:\/\/www.estrategiaconcursos.com.br\/blog\/concurso-cra-sc\/\"},\"wordCount\":907,\"commentCount\":0,\"publisher\":{\"@id\":\"https:\/\/www.estrategiaconcursos.com.br\/blog\/#organization\"},\"image\":{\"@id\":\"https:\/\/www.estrategiaconcursos.com.br\/blog\/concurso-cra-sc\/#primaryimage\"},\"thumbnailUrl\":\"https:\/\/dhg1h5j42swfq.cloudfront.net\/2020\/07\/14172813\/CRA-SC.jpg\",\"articleSection\":[\"Executivo (Administrativa)\"],\"inLanguage\":\"pt-BR\",\"potentialAction\":[{\"@type\":\"CommentAction\",\"name\":\"Comment\",\"target\":[\"https:\/\/www.estrategiaconcursos.com.br\/blog\/concurso-cra-sc\/#respond\"]}],\"copyrightYear\":\"2022\",\"copyrightHolder\":{\"@id\":\"https:\/\/www.estrategiaconcursos.com.br\/blog\/#organization\"}},{\"@type\":\"WebPage\",\"@id\":\"https:\/\/www.estrategiaconcursos.com.br\/blog\/concurso-cra-sc\/\",\"url\":\"https:\/\/www.estrategiaconcursos.com.br\/blog\/concurso-cra-sc\/\",\"name\":\"Concurso CRA SC: gabarito preliminar divulgado\",\"isPartOf\":{\"@id\":\"https:\/\/www.estrategiaconcursos.com.br\/blog\/#website\"},\"primaryImageOfPage\":{\"@id\":\"https:\/\/www.estrategiaconcursos.com.br\/blog\/concurso-cra-sc\/#primaryimage\"},\"image\":{\"@id\":\"https:\/\/www.estrategiaconcursos.com.br\/blog\/concurso-cra-sc\/#primaryimage\"},\"thumbnailUrl\":\"https:\/\/dhg1h5j42swfq.cloudfront.net\/2020\/07\/14172813\/CRA-SC.jpg\",\"datePublished\":\"2022-09-27T08:00:00+00:00\",\"dateModified\":\"2022-09-27T16:42:44+00:00\",\"description\":\"Concurso CRA SC: veja os detalhes do certame do Conselho Regional de Administra\u00e7\u00e3o de Santa Catarina com o Estrat\u00e9gia Concursos.\",\"breadcrumb\":{\"@id\":\"https:\/\/www.estrategiaconcursos.com.br\/blog\/concurso-cra-sc\/#breadcrumb\"},\"inLanguage\":\"pt-BR\",\"potentialAction\":[{\"@type\":\"ReadAction\",\"target\":[\"https:\/\/www.estrategiaconcursos.com.br\/blog\/concurso-cra-sc\/\"]}]},{\"@type\":\"ImageObject\",\"inLanguage\":\"pt-BR\",\"@id\":\"https:\/\/www.estrategiaconcursos.com.br\/blog\/concurso-cra-sc\/#primaryimage\",\"url\":\"https:\/\/dhg1h5j42swfq.cloudfront.net\/2020\/07\/14172813\/CRA-SC.jpg\",\"contentUrl\":\"https:\/\/dhg1h5j42swfq.cloudfront.net\/2020\/07\/14172813\/CRA-SC.jpg\",\"width\":1200,\"height\":628,\"caption\":\"Concurso CRA SC\"},{\"@type\":\"BreadcrumbList\",\"@id\":\"https:\/\/www.estrategiaconcursos.com.br\/blog\/concurso-cra-sc\/#breadcrumb\",\"itemListElement\":[{\"@type\":\"ListItem\",\"position\":1,\"name\":\"In\u00edcio\",\"item\":\"https:\/\/www.estrategiaconcursos.com.br\/blog\/\"},{\"@type\":\"ListItem\",\"position\":2,\"name\":\"Concurso CRA SC: gabarito preliminar divulgado\"}]},{\"@type\":\"WebSite\",\"@id\":\"https:\/\/www.estrategiaconcursos.com.br\/blog\/#website\",\"url\":\"https:\/\/www.estrategiaconcursos.com.br\/blog\/\",\"name\":\"Estrat\u00e9gia Concursos\",\"description\":\"O blog da Estrat\u00e9gia Concursos traz not\u00edcias sobre concursos e artigos de professores oferecendo cursos para concursos (pdf + videaulas) no site.\",\"publisher\":{\"@id\":\"https:\/\/www.estrategiaconcursos.com.br\/blog\/#organization\"},\"potentialAction\":[{\"@type\":\"SearchAction\",\"target\":{\"@type\":\"EntryPoint\",\"urlTemplate\":\"https:\/\/www.estrategiaconcursos.com.br\/blog\/?s={search_term_string}\"},\"query-input\":{\"@type\":\"PropertyValueSpecification\",\"valueRequired\":true,\"valueName\":\"search_term_string\"}}],\"inLanguage\":\"pt-BR\"},{\"@type\":\"Organization\",\"@id\":\"https:\/\/www.estrategiaconcursos.com.br\/blog\/#organization\",\"name\":\"Estrat\u00e9gia Concursos\",\"url\":\"https:\/\/www.estrategiaconcursos.com.br\/blog\/\",\"logo\":{\"@type\":\"ImageObject\",\"inLanguage\":\"pt-BR\",\"@id\":\"https:\/\/www.estrategiaconcursos.com.br\/blog\/#\/schema\/logo\/image\/\",\"url\":\"https:\/\/dhg1h5j42swfq.cloudfront.net\/2025\/06\/03203428\/logo_concursos-1.jpg\",\"contentUrl\":\"https:\/\/dhg1h5j42swfq.cloudfront.net\/2025\/06\/03203428\/logo_concursos-1.jpg\",\"width\":230,\"height\":60,\"caption\":\"Estrat\u00e9gia Concursos\"},\"image\":{\"@id\":\"https:\/\/www.estrategiaconcursos.com.br\/blog\/#\/schema\/logo\/image\/\"},\"sameAs\":[\"https:\/\/x.com\/EstratConcursos\"]},{\"@type\":\"Person\",\"@id\":\"https:\/\/www.estrategiaconcursos.com.br\/blog\/#\/schema\/person\/b4a388c97673c5f483d72185668afa1f\",\"name\":\"Coordena\u00e7\u00e3o\",\"image\":{\"@type\":\"ImageObject\",\"inLanguage\":\"pt-BR\",\"@id\":\"https:\/\/secure.gravatar.com\/avatar\/b720319e4c9a967eb58678d110f4fe35452fc5d5f97b202bac7b8acceb18c6ad?s=96&d=mm&r=g\",\"url\":\"https:\/\/secure.gravatar.com\/avatar\/b720319e4c9a967eb58678d110f4fe35452fc5d5f97b202bac7b8acceb18c6ad?s=96&d=mm&r=g\",\"contentUrl\":\"https:\/\/secure.gravatar.com\/avatar\/b720319e4c9a967eb58678d110f4fe35452fc5d5f97b202bac7b8acceb18c6ad?s=96&d=mm&r=g\",\"caption\":\"Coordena\u00e7\u00e3o\"},\"sameAs\":[\"https:\/\/www.facebook.com\/EstrategiaConcursos\",\"https:\/\/x.com\/EstratConcursos\"],\"url\":\"https:\/\/www.estrategiaconcursos.com.br\/blog\/author\/estrategia2013\/\"}]}<\/script>\n<!-- \/ Yoast SEO Premium plugin. -->","yoast_head_json":{"title":"Concurso CRA SC: gabarito preliminar divulgado","description":"Concurso CRA SC: veja os detalhes do certame do Conselho Regional de Administra\u00e7\u00e3o de Santa Catarina com o Estrat\u00e9gia Concursos.","robots":{"index":"index","follow":"follow","max-snippet":"max-snippet:-1","max-image-preview":"max-image-preview:large","max-video-preview":"max-video-preview:-1"},"canonical":"https:\/\/www.estrategiaconcursos.com.br\/blog\/concurso-cra-sc\/","og_locale":"pt_BR","og_type":"article","og_title":"Concurso CRA SC: gabarito preliminar divulgado","og_description":"Concurso CRA SC: veja os detalhes do certame do Conselho Regional de Administra\u00e7\u00e3o de Santa Catarina com o Estrat\u00e9gia Concursos.","og_url":"https:\/\/www.estrategiaconcursos.com.br\/blog\/concurso-cra-sc\/","og_site_name":"Estrat\u00e9gia Concursos","article_author":"https:\/\/www.facebook.com\/EstrategiaConcursos","article_published_time":"2022-09-27T08:00:00+00:00","article_modified_time":"2022-09-27T16:42:44+00:00","og_image":[{"width":1200,"height":628,"url":"https:\/\/dhg1h5j42swfq.cloudfront.net\/2020\/07\/14172813\/CRA-SC.jpg","type":"image\/jpeg"}],"author":"Coordena\u00e7\u00e3o","twitter_card":"summary_large_image","twitter_creator":"@EstratConcursos","twitter_site":"@EstratConcursos","twitter_misc":{"Escrito por":"Coordena\u00e7\u00e3o","Est. tempo de leitura":"5 minutos"},"schema":{"@context":"https:\/\/schema.org","@graph":[{"@type":"NewsArticle","@id":"https:\/\/www.estrategiaconcursos.com.br\/blog\/concurso-cra-sc\/#article","isPartOf":{"@id":"https:\/\/www.estrategiaconcursos.com.br\/blog\/concurso-cra-sc\/"},"author":{"name":"Coordena\u00e7\u00e3o","@id":"https:\/\/www.estrategiaconcursos.com.br\/blog\/#\/schema\/person\/b4a388c97673c5f483d72185668afa1f"},"headline":"Concurso CRA SC: gabarito preliminar divulgado","datePublished":"2022-09-27T08:00:00+00:00","dateModified":"2022-09-27T16:42:44+00:00","mainEntityOfPage":{"@id":"https:\/\/www.estrategiaconcursos.com.br\/blog\/concurso-cra-sc\/"},"wordCount":907,"commentCount":0,"publisher":{"@id":"https:\/\/www.estrategiaconcursos.com.br\/blog\/#organization"},"image":{"@id":"https:\/\/www.estrategiaconcursos.com.br\/blog\/concurso-cra-sc\/#primaryimage"},"thumbnailUrl":"https:\/\/dhg1h5j42swfq.cloudfront.net\/2020\/07\/14172813\/CRA-SC.jpg","articleSection":["Executivo (Administrativa)"],"inLanguage":"pt-BR","potentialAction":[{"@type":"CommentAction","name":"Comment","target":["https:\/\/www.estrategiaconcursos.com.br\/blog\/concurso-cra-sc\/#respond"]}],"copyrightYear":"2022","copyrightHolder":{"@id":"https:\/\/www.estrategiaconcursos.com.br\/blog\/#organization"}},{"@type":"WebPage","@id":"https:\/\/www.estrategiaconcursos.com.br\/blog\/concurso-cra-sc\/","url":"https:\/\/www.estrategiaconcursos.com.br\/blog\/concurso-cra-sc\/","name":"Concurso CRA SC: gabarito preliminar divulgado","isPartOf":{"@id":"https:\/\/www.estrategiaconcursos.com.br\/blog\/#website"},"primaryImageOfPage":{"@id":"https:\/\/www.estrategiaconcursos.com.br\/blog\/concurso-cra-sc\/#primaryimage"},"image":{"@id":"https:\/\/www.estrategiaconcursos.com.br\/blog\/concurso-cra-sc\/#primaryimage"},"thumbnailUrl":"https:\/\/dhg1h5j42swfq.cloudfront.net\/2020\/07\/14172813\/CRA-SC.jpg","datePublished":"2022-09-27T08:00:00+00:00","dateModified":"2022-09-27T16:42:44+00:00","description":"Concurso CRA SC: veja os detalhes do certame do Conselho Regional de Administra\u00e7\u00e3o de Santa Catarina com o Estrat\u00e9gia Concursos.","breadcrumb":{"@id":"https:\/\/www.estrategiaconcursos.com.br\/blog\/concurso-cra-sc\/#breadcrumb"},"inLanguage":"pt-BR","potentialAction":[{"@type":"ReadAction","target":["https:\/\/www.estrategiaconcursos.com.br\/blog\/concurso-cra-sc\/"]}]},{"@type":"ImageObject","inLanguage":"pt-BR","@id":"https:\/\/www.estrategiaconcursos.com.br\/blog\/concurso-cra-sc\/#primaryimage","url":"https:\/\/dhg1h5j42swfq.cloudfront.net\/2020\/07\/14172813\/CRA-SC.jpg","contentUrl":"https:\/\/dhg1h5j42swfq.cloudfront.net\/2020\/07\/14172813\/CRA-SC.jpg","width":1200,"height":628,"caption":"Concurso CRA SC"},{"@type":"BreadcrumbList","@id":"https:\/\/www.estrategiaconcursos.com.br\/blog\/concurso-cra-sc\/#breadcrumb","itemListElement":[{"@type":"ListItem","position":1,"name":"In\u00edcio","item":"https:\/\/www.estrategiaconcursos.com.br\/blog\/"},{"@type":"ListItem","position":2,"name":"Concurso CRA SC: gabarito preliminar divulgado"}]},{"@type":"WebSite","@id":"https:\/\/www.estrategiaconcursos.com.br\/blog\/#website","url":"https:\/\/www.estrategiaconcursos.com.br\/blog\/","name":"Estrat\u00e9gia Concursos","description":"O blog da Estrat\u00e9gia Concursos traz not\u00edcias sobre concursos e artigos de professores oferecendo cursos para concursos (pdf + videaulas) no site.","publisher":{"@id":"https:\/\/www.estrategiaconcursos.com.br\/blog\/#organization"},"potentialAction":[{"@type":"SearchAction","target":{"@type":"EntryPoint","urlTemplate":"https:\/\/www.estrategiaconcursos.com.br\/blog\/?s={search_term_string}"},"query-input":{"@type":"PropertyValueSpecification","valueRequired":true,"valueName":"search_term_string"}}],"inLanguage":"pt-BR"},{"@type":"Organization","@id":"https:\/\/www.estrategiaconcursos.com.br\/blog\/#organization","name":"Estrat\u00e9gia Concursos","url":"https:\/\/www.estrategiaconcursos.com.br\/blog\/","logo":{"@type":"ImageObject","inLanguage":"pt-BR","@id":"https:\/\/www.estrategiaconcursos.com.br\/blog\/#\/schema\/logo\/image\/","url":"https:\/\/dhg1h5j42swfq.cloudfront.net\/2025\/06\/03203428\/logo_concursos-1.jpg","contentUrl":"https:\/\/dhg1h5j42swfq.cloudfront.net\/2025\/06\/03203428\/logo_concursos-1.jpg","width":230,"height":60,"caption":"Estrat\u00e9gia Concursos"},"image":{"@id":"https:\/\/www.estrategiaconcursos.com.br\/blog\/#\/schema\/logo\/image\/"},"sameAs":["https:\/\/x.com\/EstratConcursos"]},{"@type":"Person","@id":"https:\/\/www.estrategiaconcursos.com.br\/blog\/#\/schema\/person\/b4a388c97673c5f483d72185668afa1f","name":"Coordena\u00e7\u00e3o","image":{"@type":"ImageObject","inLanguage":"pt-BR","@id":"https:\/\/secure.gravatar.com\/avatar\/b720319e4c9a967eb58678d110f4fe35452fc5d5f97b202bac7b8acceb18c6ad?s=96&d=mm&r=g","url":"https:\/\/secure.gravatar.com\/avatar\/b720319e4c9a967eb58678d110f4fe35452fc5d5f97b202bac7b8acceb18c6ad?s=96&d=mm&r=g","contentUrl":"https:\/\/secure.gravatar.com\/avatar\/b720319e4c9a967eb58678d110f4fe35452fc5d5f97b202bac7b8acceb18c6ad?s=96&d=mm&r=g","caption":"Coordena\u00e7\u00e3o"},"sameAs":["https:\/\/www.facebook.com\/EstrategiaConcursos","https:\/\/x.com\/EstratConcursos"],"url":"https:\/\/www.estrategiaconcursos.com.br\/blog\/author\/estrategia2013\/"}]}},"_links":{"self":[{"href":"https:\/\/www.estrategiaconcursos.com.br\/blog\/wp-json\/wp\/v2\/posts\/541263","targetHints":{"allow":["GET"]}}],"collection":[{"href":"https:\/\/www.estrategiaconcursos.com.br\/blog\/wp-json\/wp\/v2\/posts"}],"about":[{"href":"https:\/\/www.estrategiaconcursos.com.br\/blog\/wp-json\/wp\/v2\/types\/post"}],"author":[{"embeddable":true,"href":"https:\/\/www.estrategiaconcursos.com.br\/blog\/wp-json\/wp\/v2\/users\/1"}],"replies":[{"embeddable":true,"href":"https:\/\/www.estrategiaconcursos.com.br\/blog\/wp-json\/wp\/v2\/comments?post=541263"}],"version-history":[{"count":46,"href":"https:\/\/www.estrategiaconcursos.com.br\/blog\/wp-json\/wp\/v2\/posts\/541263\/revisions"}],"predecessor-version":[{"id":1101301,"href":"https:\/\/www.estrategiaconcursos.com.br\/blog\/wp-json\/wp\/v2\/posts\/541263\/revisions\/1101301"}],"wp:featuredmedia":[{"embeddable":true,"href":"https:\/\/www.estrategiaconcursos.com.br\/blog\/wp-json\/wp\/v2\/media\/542164"}],"wp:attachment":[{"href":"https:\/\/www.estrategiaconcursos.com.br\/blog\/wp-json\/wp\/v2\/media?parent=541263"}],"wp:term":[{"taxonomy":"category","embeddable":true,"href":"https:\/\/www.estrategiaconcursos.com.br\/blog\/wp-json\/wp\/v2\/categories?post=541263"},{"taxonomy":"post_tag","embeddable":true,"href":"https:\/\/www.estrategiaconcursos.com.br\/blog\/wp-json\/wp\/v2\/tags?post=541263"},{"taxonomy":"tax_estado","embeddable":true,"href":"https:\/\/www.estrategiaconcursos.com.br\/blog\/wp-json\/wp\/v2\/tax_estado?post=541263"}],"curies":[{"name":"wp","href":"https:\/\/api.w.org\/{rel}","templated":true}]}}