{"id":541211,"date":"2020-07-13T13:16:11","date_gmt":"2020-07-13T16:16:11","guid":{"rendered":"https:\/\/www.estrategiaconcursos.com.br\/blog\/?p=541211"},"modified":"2020-07-17T12:25:50","modified_gmt":"2020-07-17T15:25:50","slug":"agente-de-tributos-sefaz-ba","status":"publish","type":"post","link":"https:\/\/www.estrategiaconcursos.com.br\/blog\/agente-de-tributos-sefaz-ba\/","title":{"rendered":"CONFIRMADO! Agente de Tributos da Sefaz BA \u00e9 n\u00edvel superior"},"content":{"rendered":"\n<p>Desde junho deste ano, iniciaram algumas especula\u00e7\u00f5es a respeito da escolaridade exigida para ingresso ao cargo de <strong>Agente de Tributos<\/strong> da Secretaria de Estado da Fazenda da Bahia. <\/p>\n\n\n\n<p>Isso porque, ap\u00f3s o Supremo Tribunal Federal julgar uma <a href=\"https:\/\/dhg1h5j42swfq.cloudfront.net\/2020\/06\/22172838\/3230397-1.pdf\" target=\"_blank\" rel=\"noreferrer noopener\"><span class=\"has-inline-color has-very-dark-gray-color\">A\u00e7\u00e3o Direta de Inconstitucionalidade<\/span><\/a>, movida pelo partido Democratas, a ministra Rosa Weber votou pela manuten\u00e7\u00e3o do n\u00edvel m\u00e9dio como principal requisito.<\/p>\n\n\n\n<p>Tal a\u00e7\u00e3o deu a entender que a cobran\u00e7a do n\u00edvel superior para ingresso ao cargo de Agente de Tributos seria inconstitucional, sendo necess\u00e1ria a mudan\u00e7a para n\u00edvel m\u00e9dio. E para esclarecer todas as d\u00favidas, entramos em contato com a Secretaria da Administra\u00e7\u00e3o do Estado da Bahia.<\/p>\n\n\n\n<p>De acordo com a SAEB, a decis\u00e3o do STF n\u00e3o se refere \u00e0 escolaridade, mas trata-se das regras para enquadramento de classes no crescimento da carreira e das atribui\u00e7\u00f5es do cargo.<\/p>\n\n\n\n<h4 class=\"wp-block-heading\">Confira a \u00edntegra da nota a respeito da escolaridade de Agente de Tributos:<\/h4>\n\n\n\n<blockquote class=\"wp-block-quote is-layout-flow wp-block-quote-is-layout-flow\"><p><em>&#8220;A decis\u00e3o do Supremo Tribunal Federal (STF) n\u00e3o se refere \u00e0 escolaridade exigida para ingresso no cargo de Agente de Tributos Estaduais, como previsto pelo art. 8\u00ba da Lei Estadual n\u00ba 8.210\/2002.<\/em><\/p><p><em>A referida decis\u00e3o diz respeito ao art. 24 e ao Anexo V da Lei Estadual n\u00ba 8.210\/2002, bem como aos incisos I e II do art. 2\u00ba da Lei Estadual n\u00b0 11.470\/2009, que tratam das regras para enquadramento de classes na progress\u00e3o da carreira e das atribui\u00e7\u00f5es conferida aos agentes de tributos, respectivamente.<\/em><\/p><p><em>Por conta da exig\u00eancia de n\u00edvel superior em qualquer \u00e1rea de conhecimento para ingresso no cargo, estabelecida a partir de 2002 pela Lei Estadual n\u00ba 8.210, e por conta das novas atribui\u00e7\u00f5es inerentes \u00e0 fun\u00e7\u00e3o, explicitadas pela Lei Estadual n\u00b0 11.470, julgou-se a constitucionalidade dos itens supracitados, j\u00e1 que este cen\u00e1rio poderia configurar ofensa \u00e0 exig\u00eancia da pr\u00e9via aprova\u00e7\u00e3o em concurso p\u00fablico.<\/em><\/p><p><em>Por fim, a decis\u00e3o n\u00e3o impacta na regra que estabelece a escolaridade m\u00ednima para ingresso na carreira, continuando esta em vigor, sem altera\u00e7\u00e3o.\u201c<\/em><\/p><\/blockquote>\n\n\n\n<p style=\"font-size:22px\" class=\"has-background has-text-align-center has-very-light-gray-background-color\"><strong>Saiba mais: <a href=\"https:\/\/www.estrategiaconcursos.com.br\/blog\/concurso-sefaz-ba\/\" target=\"_blank\" rel=\"noreferrer noopener\">Concurso Sefaz BA<\/a><\/strong><\/p>\n\n\n\n<hr class=\"wp-block-separator\"\/>\n\n\n\n<p class=\"has-text-align-center has-medium-font-size\"> <em><strong>Assinatura Anual Ilimitada*<\/strong><\/em> <\/p>\n\n\n\n<p class=\"has-text-align-center\"><em>Prepare-se para o concurso Sefaz BA com o melhor material e com quem mais aprova em Concursos P\u00fablicos em todo o pa\u00eds. Assine agora a nossa Assinatura Anual e tenha acesso ilimitado* a todos os nossos cursos.<\/em><\/p>\n\n\n\n<p style=\"font-size:22px\" class=\"has-background has-text-align-center has-luminous-vivid-amber-background-color\"><strong>ASSINE AGORA<\/strong>&nbsp;\u2013&nbsp;<a rel=\"noreferrer noopener\" href=\"https:\/\/www.estrategiaconcursos.com.br\/assinaturas\" target=\"_blank\"><strong>Assinatura Ilimitada<\/strong><\/a><\/p>\n\n\n\n<p class=\"has-text-align-center has-medium-font-size\"><strong><em><strong>Sistema de Quest\u00f5es<\/strong><\/em><\/strong><\/p>\n\n\n\n<p class=\"has-text-align-center\"><em>Estrat\u00e9gia Quest\u00f5es nasceu maior do que todos os concorrentes, com mais quest\u00f5es cadastradas e mais solu\u00e7\u00f5es por professores. Clique no link e aproveite os descontos e b\u00f4nus imperd\u00edveis!<\/em><\/p>\n\n\n\n<p style=\"font-size:22px\" class=\"has-background has-text-align-center has-vivid-green-cyan-background-color\"><strong>ASSINE AGORA \u2013&nbsp;<a href=\"https:\/\/www.estrategiaconcursos.com.br\/cursosPorConcurso\/sistema-de-questoes\/#\/\" target=\"_blank\" rel=\"noreferrer noopener\">Sistema de Quest\u00f5es<\/a><\/strong><\/p>\n\n\n\n<p class=\"has-text-align-center has-medium-font-size\"><strong><em>Fique por dentro dos concursos abertos<\/em><\/strong>:<\/p>\n\n\n\n<p style=\"font-size:22px\" class=\"has-background has-text-align-center has-pale-cyan-blue-background-color\"><a rel=\"noreferrer noopener\" href=\"https:\/\/www.estrategiaconcursos.com.br\/blog\/concursos-abertos\/\" target=\"_blank\"><strong>CONCURSOS ABERTOS<\/strong><\/a><\/p>\n\n\n\n<p class=\"has-text-align-center has-medium-font-size\"><strong><em>As oportunidades previstas<\/em><\/strong><\/p>\n\n\n\n<p style=\"font-size:22px\" class=\"has-background has-text-align-center has-pale-cyan-blue-background-color\"><a rel=\"noreferrer noopener\" href=\"https:\/\/www.estrategiaconcursos.com.br\/blog\/concursos-2020\/\" target=\"_blank\"><strong>CONCURSOS&nbsp;2020<\/strong><\/a><\/p>\n\n\n\n<p style=\"font-size:22px\" class=\"has-background has-text-align-center has-pale-cyan-blue-background-color\"><a href=\"https:\/\/www.estrategiaconcursos.com.br\/blog\/concursos-2021\/\" target=\"_blank\" rel=\"noreferrer noopener\"><strong>CONCURSOS 2021<\/strong><\/a><\/p>\n","protected":false},"excerpt":{"rendered":"<p>Desde junho deste ano, iniciaram algumas especula\u00e7\u00f5es a respeito da escolaridade exigida para ingresso ao cargo de Agente de Tributos da Secretaria de Estado da Fazenda da Bahia. Isso porque, ap\u00f3s o Supremo Tribunal Federal julgar uma A\u00e7\u00e3o Direta de Inconstitucionalidade, movida pelo partido Democratas, a ministra Rosa Weber votou pela manuten\u00e7\u00e3o do n\u00edvel m\u00e9dio [&hellip;]<\/p>\n","protected":false},"author":641,"featured_media":541215,"comment_status":"open","ping_status":"closed","sticky":false,"template":"","format":"standard","meta":{"post_tipo":"article","footnotes":""},"categories":[1],"tags":[],"tax_estado":[],"class_list":["post-541211","post","type-post","status-publish","format-standard","has-post-thumbnail","hentry","category-cursos-e-concursos"],"acf":[],"yoast_head":"<!-- This site is optimized with the Yoast SEO Premium plugin v27.2 (Yoast SEO v27.2) - https:\/\/yoast.com\/product\/yoast-seo-premium-wordpress\/ -->\n<title>CONFIRMADO! Agente de Tributos da Sefaz BA \u00e9 n\u00edvel superior<\/title>\n<meta name=\"description\" content=\"Secretaria da Administra\u00e7\u00e3o confirma que Agente de Tributos da Secretaria de Estado da Fazenda da Bahia \u00e9 n\u00edvel superior.\" \/>\n<meta name=\"robots\" content=\"index, follow, max-snippet:-1, max-image-preview:large, max-video-preview:-1\" \/>\n<link rel=\"canonical\" href=\"https:\/\/www.estrategiaconcursos.com.br\/blog\/agente-de-tributos-sefaz-ba\/\" \/>\n<meta property=\"og:locale\" content=\"pt_BR\" \/>\n<meta property=\"og:type\" content=\"article\" \/>\n<meta property=\"og:title\" content=\"CONFIRMADO! Agente de Tributos da Sefaz BA \u00e9 n\u00edvel superior\" \/>\n<meta property=\"og:description\" content=\"Secretaria da Administra\u00e7\u00e3o confirma que Agente de Tributos da Secretaria de Estado da Fazenda da Bahia \u00e9 n\u00edvel superior.\" \/>\n<meta property=\"og:url\" content=\"https:\/\/www.estrategiaconcursos.com.br\/blog\/agente-de-tributos-sefaz-ba\/\" \/>\n<meta property=\"og:site_name\" content=\"Estrat\u00e9gia Concursos\" \/>\n<meta property=\"article:published_time\" content=\"2020-07-13T16:16:11+00:00\" \/>\n<meta property=\"article:modified_time\" content=\"2020-07-17T15:25:50+00:00\" \/>\n<meta property=\"og:image\" content=\"https:\/\/dhg1h5j42swfq.cloudfront.net\/2020\/07\/13123858\/agente-de-tributos-sefaz-ba.jpg\" \/>\n\t<meta property=\"og:image:width\" content=\"1200\" \/>\n\t<meta property=\"og:image:height\" content=\"628\" \/>\n\t<meta property=\"og:image:type\" content=\"image\/jpeg\" \/>\n<meta name=\"author\" content=\"Tonyvan de Carvalho Oliveira\" \/>\n<meta name=\"twitter:card\" content=\"summary_large_image\" \/>\n<meta name=\"twitter:creator\" content=\"@EstratConcursos\" \/>\n<meta name=\"twitter:site\" content=\"@EstratConcursos\" \/>\n<meta name=\"twitter:label1\" content=\"Escrito por\" \/>\n\t<meta name=\"twitter:data1\" content=\"Tonyvan de Carvalho Oliveira\" \/>\n\t<meta name=\"twitter:label2\" content=\"Est. tempo de leitura\" \/>\n\t<meta name=\"twitter:data2\" content=\"2 minutos\" \/>\n<script type=\"application\/ld+json\" class=\"yoast-schema-graph\">{\"@context\":\"https:\/\/schema.org\",\"@graph\":[{\"@type\":\"NewsArticle\",\"@id\":\"https:\/\/www.estrategiaconcursos.com.br\/blog\/agente-de-tributos-sefaz-ba\/#article\",\"isPartOf\":{\"@id\":\"https:\/\/www.estrategiaconcursos.com.br\/blog\/agente-de-tributos-sefaz-ba\/\"},\"author\":{\"name\":\"Tonyvan de Carvalho Oliveira\",\"@id\":\"https:\/\/www.estrategiaconcursos.com.br\/blog\/#\/schema\/person\/fdb84f3b69d6c8fbca00577aa84bcd63\"},\"headline\":\"CONFIRMADO! Agente de Tributos da Sefaz BA \u00e9 n\u00edvel superior\",\"datePublished\":\"2020-07-13T16:16:11+00:00\",\"dateModified\":\"2020-07-17T15:25:50+00:00\",\"mainEntityOfPage\":{\"@id\":\"https:\/\/www.estrategiaconcursos.com.br\/blog\/agente-de-tributos-sefaz-ba\/\"},\"wordCount\":463,\"commentCount\":0,\"publisher\":{\"@id\":\"https:\/\/www.estrategiaconcursos.com.br\/blog\/#organization\"},\"image\":{\"@id\":\"https:\/\/www.estrategiaconcursos.com.br\/blog\/agente-de-tributos-sefaz-ba\/#primaryimage\"},\"thumbnailUrl\":\"https:\/\/dhg1h5j42swfq.cloudfront.net\/2020\/07\/13123858\/agente-de-tributos-sefaz-ba.jpg\",\"articleSection\":[\"Concursos P\u00fablicos\"],\"inLanguage\":\"pt-BR\",\"potentialAction\":[{\"@type\":\"CommentAction\",\"name\":\"Comment\",\"target\":[\"https:\/\/www.estrategiaconcursos.com.br\/blog\/agente-de-tributos-sefaz-ba\/#respond\"]}],\"copyrightYear\":\"2020\",\"copyrightHolder\":{\"@id\":\"https:\/\/www.estrategiaconcursos.com.br\/blog\/#organization\"}},{\"@type\":\"WebPage\",\"@id\":\"https:\/\/www.estrategiaconcursos.com.br\/blog\/agente-de-tributos-sefaz-ba\/\",\"url\":\"https:\/\/www.estrategiaconcursos.com.br\/blog\/agente-de-tributos-sefaz-ba\/\",\"name\":\"CONFIRMADO! Agente de Tributos da Sefaz BA \u00e9 n\u00edvel superior\",\"isPartOf\":{\"@id\":\"https:\/\/www.estrategiaconcursos.com.br\/blog\/#website\"},\"primaryImageOfPage\":{\"@id\":\"https:\/\/www.estrategiaconcursos.com.br\/blog\/agente-de-tributos-sefaz-ba\/#primaryimage\"},\"image\":{\"@id\":\"https:\/\/www.estrategiaconcursos.com.br\/blog\/agente-de-tributos-sefaz-ba\/#primaryimage\"},\"thumbnailUrl\":\"https:\/\/dhg1h5j42swfq.cloudfront.net\/2020\/07\/13123858\/agente-de-tributos-sefaz-ba.jpg\",\"datePublished\":\"2020-07-13T16:16:11+00:00\",\"dateModified\":\"2020-07-17T15:25:50+00:00\",\"description\":\"Secretaria da Administra\u00e7\u00e3o confirma que Agente de Tributos da Secretaria de Estado da Fazenda da Bahia \u00e9 n\u00edvel superior.\",\"breadcrumb\":{\"@id\":\"https:\/\/www.estrategiaconcursos.com.br\/blog\/agente-de-tributos-sefaz-ba\/#breadcrumb\"},\"inLanguage\":\"pt-BR\",\"potentialAction\":[{\"@type\":\"ReadAction\",\"target\":[\"https:\/\/www.estrategiaconcursos.com.br\/blog\/agente-de-tributos-sefaz-ba\/\"]}]},{\"@type\":\"ImageObject\",\"inLanguage\":\"pt-BR\",\"@id\":\"https:\/\/www.estrategiaconcursos.com.br\/blog\/agente-de-tributos-sefaz-ba\/#primaryimage\",\"url\":\"https:\/\/dhg1h5j42swfq.cloudfront.net\/2020\/07\/13123858\/agente-de-tributos-sefaz-ba.jpg\",\"contentUrl\":\"https:\/\/dhg1h5j42swfq.cloudfront.net\/2020\/07\/13123858\/agente-de-tributos-sefaz-ba.jpg\",\"width\":1200,\"height\":628,\"caption\":\"Princ\u00edpios do Or\u00e7amento P\u00fablico para SEFAZ BA\"},{\"@type\":\"BreadcrumbList\",\"@id\":\"https:\/\/www.estrategiaconcursos.com.br\/blog\/agente-de-tributos-sefaz-ba\/#breadcrumb\",\"itemListElement\":[{\"@type\":\"ListItem\",\"position\":1,\"name\":\"In\u00edcio\",\"item\":\"https:\/\/www.estrategiaconcursos.com.br\/blog\/\"},{\"@type\":\"ListItem\",\"position\":2,\"name\":\"CONFIRMADO! Agente de Tributos da Sefaz BA \u00e9 n\u00edvel superior\"}]},{\"@type\":\"WebSite\",\"@id\":\"https:\/\/www.estrategiaconcursos.com.br\/blog\/#website\",\"url\":\"https:\/\/www.estrategiaconcursos.com.br\/blog\/\",\"name\":\"Estrat\u00e9gia Concursos\",\"description\":\"O blog da Estrat\u00e9gia Concursos traz not\u00edcias sobre concursos e artigos de professores oferecendo cursos para concursos (pdf + videaulas) no site.\",\"publisher\":{\"@id\":\"https:\/\/www.estrategiaconcursos.com.br\/blog\/#organization\"},\"potentialAction\":[{\"@type\":\"SearchAction\",\"target\":{\"@type\":\"EntryPoint\",\"urlTemplate\":\"https:\/\/www.estrategiaconcursos.com.br\/blog\/?s={search_term_string}\"},\"query-input\":{\"@type\":\"PropertyValueSpecification\",\"valueRequired\":true,\"valueName\":\"search_term_string\"}}],\"inLanguage\":\"pt-BR\"},{\"@type\":\"Organization\",\"@id\":\"https:\/\/www.estrategiaconcursos.com.br\/blog\/#organization\",\"name\":\"Estrat\u00e9gia Concursos\",\"url\":\"https:\/\/www.estrategiaconcursos.com.br\/blog\/\",\"logo\":{\"@type\":\"ImageObject\",\"inLanguage\":\"pt-BR\",\"@id\":\"https:\/\/www.estrategiaconcursos.com.br\/blog\/#\/schema\/logo\/image\/\",\"url\":\"https:\/\/dhg1h5j42swfq.cloudfront.net\/2025\/06\/03203428\/logo_concursos-1.jpg\",\"contentUrl\":\"https:\/\/dhg1h5j42swfq.cloudfront.net\/2025\/06\/03203428\/logo_concursos-1.jpg\",\"width\":230,\"height\":60,\"caption\":\"Estrat\u00e9gia Concursos\"},\"image\":{\"@id\":\"https:\/\/www.estrategiaconcursos.com.br\/blog\/#\/schema\/logo\/image\/\"},\"sameAs\":[\"https:\/\/x.com\/EstratConcursos\"]},{\"@type\":\"Person\",\"@id\":\"https:\/\/www.estrategiaconcursos.com.br\/blog\/#\/schema\/person\/fdb84f3b69d6c8fbca00577aa84bcd63\",\"name\":\"Tonyvan de Carvalho Oliveira\",\"image\":{\"@type\":\"ImageObject\",\"inLanguage\":\"pt-BR\",\"@id\":\"https:\/\/secure.gravatar.com\/avatar\/354e898e44074b25275c76829bbd340ca45a4e040cd1bc470f70d6c486a7af8d?s=96&d=mm&r=g\",\"url\":\"https:\/\/secure.gravatar.com\/avatar\/354e898e44074b25275c76829bbd340ca45a4e040cd1bc470f70d6c486a7af8d?s=96&d=mm&r=g\",\"contentUrl\":\"https:\/\/secure.gravatar.com\/avatar\/354e898e44074b25275c76829bbd340ca45a4e040cd1bc470f70d6c486a7af8d?s=96&d=mm&r=g\",\"caption\":\"Tonyvan de Carvalho Oliveira\"},\"url\":\"https:\/\/www.estrategiaconcursos.com.br\/blog\/author\/tonyvan13yahoo-com-br\/\"}]}<\/script>\n<!-- \/ Yoast SEO Premium plugin. -->","yoast_head_json":{"title":"CONFIRMADO! Agente de Tributos da Sefaz BA \u00e9 n\u00edvel superior","description":"Secretaria da Administra\u00e7\u00e3o confirma que Agente de Tributos da Secretaria de Estado da Fazenda da Bahia \u00e9 n\u00edvel superior.","robots":{"index":"index","follow":"follow","max-snippet":"max-snippet:-1","max-image-preview":"max-image-preview:large","max-video-preview":"max-video-preview:-1"},"canonical":"https:\/\/www.estrategiaconcursos.com.br\/blog\/agente-de-tributos-sefaz-ba\/","og_locale":"pt_BR","og_type":"article","og_title":"CONFIRMADO! Agente de Tributos da Sefaz BA \u00e9 n\u00edvel superior","og_description":"Secretaria da Administra\u00e7\u00e3o confirma que Agente de Tributos da Secretaria de Estado da Fazenda da Bahia \u00e9 n\u00edvel superior.","og_url":"https:\/\/www.estrategiaconcursos.com.br\/blog\/agente-de-tributos-sefaz-ba\/","og_site_name":"Estrat\u00e9gia Concursos","article_published_time":"2020-07-13T16:16:11+00:00","article_modified_time":"2020-07-17T15:25:50+00:00","og_image":[{"width":1200,"height":628,"url":"https:\/\/dhg1h5j42swfq.cloudfront.net\/2020\/07\/13123858\/agente-de-tributos-sefaz-ba.jpg","type":"image\/jpeg"}],"author":"Tonyvan de Carvalho Oliveira","twitter_card":"summary_large_image","twitter_creator":"@EstratConcursos","twitter_site":"@EstratConcursos","twitter_misc":{"Escrito por":"Tonyvan de Carvalho Oliveira","Est. tempo de leitura":"2 minutos"},"schema":{"@context":"https:\/\/schema.org","@graph":[{"@type":"NewsArticle","@id":"https:\/\/www.estrategiaconcursos.com.br\/blog\/agente-de-tributos-sefaz-ba\/#article","isPartOf":{"@id":"https:\/\/www.estrategiaconcursos.com.br\/blog\/agente-de-tributos-sefaz-ba\/"},"author":{"name":"Tonyvan de Carvalho Oliveira","@id":"https:\/\/www.estrategiaconcursos.com.br\/blog\/#\/schema\/person\/fdb84f3b69d6c8fbca00577aa84bcd63"},"headline":"CONFIRMADO! Agente de Tributos da Sefaz BA \u00e9 n\u00edvel superior","datePublished":"2020-07-13T16:16:11+00:00","dateModified":"2020-07-17T15:25:50+00:00","mainEntityOfPage":{"@id":"https:\/\/www.estrategiaconcursos.com.br\/blog\/agente-de-tributos-sefaz-ba\/"},"wordCount":463,"commentCount":0,"publisher":{"@id":"https:\/\/www.estrategiaconcursos.com.br\/blog\/#organization"},"image":{"@id":"https:\/\/www.estrategiaconcursos.com.br\/blog\/agente-de-tributos-sefaz-ba\/#primaryimage"},"thumbnailUrl":"https:\/\/dhg1h5j42swfq.cloudfront.net\/2020\/07\/13123858\/agente-de-tributos-sefaz-ba.jpg","articleSection":["Concursos P\u00fablicos"],"inLanguage":"pt-BR","potentialAction":[{"@type":"CommentAction","name":"Comment","target":["https:\/\/www.estrategiaconcursos.com.br\/blog\/agente-de-tributos-sefaz-ba\/#respond"]}],"copyrightYear":"2020","copyrightHolder":{"@id":"https:\/\/www.estrategiaconcursos.com.br\/blog\/#organization"}},{"@type":"WebPage","@id":"https:\/\/www.estrategiaconcursos.com.br\/blog\/agente-de-tributos-sefaz-ba\/","url":"https:\/\/www.estrategiaconcursos.com.br\/blog\/agente-de-tributos-sefaz-ba\/","name":"CONFIRMADO! Agente de Tributos da Sefaz BA \u00e9 n\u00edvel superior","isPartOf":{"@id":"https:\/\/www.estrategiaconcursos.com.br\/blog\/#website"},"primaryImageOfPage":{"@id":"https:\/\/www.estrategiaconcursos.com.br\/blog\/agente-de-tributos-sefaz-ba\/#primaryimage"},"image":{"@id":"https:\/\/www.estrategiaconcursos.com.br\/blog\/agente-de-tributos-sefaz-ba\/#primaryimage"},"thumbnailUrl":"https:\/\/dhg1h5j42swfq.cloudfront.net\/2020\/07\/13123858\/agente-de-tributos-sefaz-ba.jpg","datePublished":"2020-07-13T16:16:11+00:00","dateModified":"2020-07-17T15:25:50+00:00","description":"Secretaria da Administra\u00e7\u00e3o confirma que Agente de Tributos da Secretaria de Estado da Fazenda da Bahia \u00e9 n\u00edvel superior.","breadcrumb":{"@id":"https:\/\/www.estrategiaconcursos.com.br\/blog\/agente-de-tributos-sefaz-ba\/#breadcrumb"},"inLanguage":"pt-BR","potentialAction":[{"@type":"ReadAction","target":["https:\/\/www.estrategiaconcursos.com.br\/blog\/agente-de-tributos-sefaz-ba\/"]}]},{"@type":"ImageObject","inLanguage":"pt-BR","@id":"https:\/\/www.estrategiaconcursos.com.br\/blog\/agente-de-tributos-sefaz-ba\/#primaryimage","url":"https:\/\/dhg1h5j42swfq.cloudfront.net\/2020\/07\/13123858\/agente-de-tributos-sefaz-ba.jpg","contentUrl":"https:\/\/dhg1h5j42swfq.cloudfront.net\/2020\/07\/13123858\/agente-de-tributos-sefaz-ba.jpg","width":1200,"height":628,"caption":"Princ\u00edpios do Or\u00e7amento P\u00fablico para SEFAZ BA"},{"@type":"BreadcrumbList","@id":"https:\/\/www.estrategiaconcursos.com.br\/blog\/agente-de-tributos-sefaz-ba\/#breadcrumb","itemListElement":[{"@type":"ListItem","position":1,"name":"In\u00edcio","item":"https:\/\/www.estrategiaconcursos.com.br\/blog\/"},{"@type":"ListItem","position":2,"name":"CONFIRMADO! Agente de Tributos da Sefaz BA \u00e9 n\u00edvel superior"}]},{"@type":"WebSite","@id":"https:\/\/www.estrategiaconcursos.com.br\/blog\/#website","url":"https:\/\/www.estrategiaconcursos.com.br\/blog\/","name":"Estrat\u00e9gia Concursos","description":"O blog da Estrat\u00e9gia Concursos traz not\u00edcias sobre concursos e artigos de professores oferecendo cursos para concursos (pdf + videaulas) no site.","publisher":{"@id":"https:\/\/www.estrategiaconcursos.com.br\/blog\/#organization"},"potentialAction":[{"@type":"SearchAction","target":{"@type":"EntryPoint","urlTemplate":"https:\/\/www.estrategiaconcursos.com.br\/blog\/?s={search_term_string}"},"query-input":{"@type":"PropertyValueSpecification","valueRequired":true,"valueName":"search_term_string"}}],"inLanguage":"pt-BR"},{"@type":"Organization","@id":"https:\/\/www.estrategiaconcursos.com.br\/blog\/#organization","name":"Estrat\u00e9gia Concursos","url":"https:\/\/www.estrategiaconcursos.com.br\/blog\/","logo":{"@type":"ImageObject","inLanguage":"pt-BR","@id":"https:\/\/www.estrategiaconcursos.com.br\/blog\/#\/schema\/logo\/image\/","url":"https:\/\/dhg1h5j42swfq.cloudfront.net\/2025\/06\/03203428\/logo_concursos-1.jpg","contentUrl":"https:\/\/dhg1h5j42swfq.cloudfront.net\/2025\/06\/03203428\/logo_concursos-1.jpg","width":230,"height":60,"caption":"Estrat\u00e9gia Concursos"},"image":{"@id":"https:\/\/www.estrategiaconcursos.com.br\/blog\/#\/schema\/logo\/image\/"},"sameAs":["https:\/\/x.com\/EstratConcursos"]},{"@type":"Person","@id":"https:\/\/www.estrategiaconcursos.com.br\/blog\/#\/schema\/person\/fdb84f3b69d6c8fbca00577aa84bcd63","name":"Tonyvan de Carvalho Oliveira","image":{"@type":"ImageObject","inLanguage":"pt-BR","@id":"https:\/\/secure.gravatar.com\/avatar\/354e898e44074b25275c76829bbd340ca45a4e040cd1bc470f70d6c486a7af8d?s=96&d=mm&r=g","url":"https:\/\/secure.gravatar.com\/avatar\/354e898e44074b25275c76829bbd340ca45a4e040cd1bc470f70d6c486a7af8d?s=96&d=mm&r=g","contentUrl":"https:\/\/secure.gravatar.com\/avatar\/354e898e44074b25275c76829bbd340ca45a4e040cd1bc470f70d6c486a7af8d?s=96&d=mm&r=g","caption":"Tonyvan de Carvalho Oliveira"},"url":"https:\/\/www.estrategiaconcursos.com.br\/blog\/author\/tonyvan13yahoo-com-br\/"}]}},"_links":{"self":[{"href":"https:\/\/www.estrategiaconcursos.com.br\/blog\/wp-json\/wp\/v2\/posts\/541211","targetHints":{"allow":["GET"]}}],"collection":[{"href":"https:\/\/www.estrategiaconcursos.com.br\/blog\/wp-json\/wp\/v2\/posts"}],"about":[{"href":"https:\/\/www.estrategiaconcursos.com.br\/blog\/wp-json\/wp\/v2\/types\/post"}],"author":[{"embeddable":true,"href":"https:\/\/www.estrategiaconcursos.com.br\/blog\/wp-json\/wp\/v2\/users\/641"}],"replies":[{"embeddable":true,"href":"https:\/\/www.estrategiaconcursos.com.br\/blog\/wp-json\/wp\/v2\/comments?post=541211"}],"version-history":[{"count":5,"href":"https:\/\/www.estrategiaconcursos.com.br\/blog\/wp-json\/wp\/v2\/posts\/541211\/revisions"}],"predecessor-version":[{"id":543390,"href":"https:\/\/www.estrategiaconcursos.com.br\/blog\/wp-json\/wp\/v2\/posts\/541211\/revisions\/543390"}],"wp:featuredmedia":[{"embeddable":true,"href":"https:\/\/www.estrategiaconcursos.com.br\/blog\/wp-json\/wp\/v2\/media\/541215"}],"wp:attachment":[{"href":"https:\/\/www.estrategiaconcursos.com.br\/blog\/wp-json\/wp\/v2\/media?parent=541211"}],"wp:term":[{"taxonomy":"category","embeddable":true,"href":"https:\/\/www.estrategiaconcursos.com.br\/blog\/wp-json\/wp\/v2\/categories?post=541211"},{"taxonomy":"post_tag","embeddable":true,"href":"https:\/\/www.estrategiaconcursos.com.br\/blog\/wp-json\/wp\/v2\/tags?post=541211"},{"taxonomy":"tax_estado","embeddable":true,"href":"https:\/\/www.estrategiaconcursos.com.br\/blog\/wp-json\/wp\/v2\/tax_estado?post=541211"}],"curies":[{"name":"wp","href":"https:\/\/api.w.org\/{rel}","templated":true}]}}