{"id":540899,"date":"2020-07-12T23:37:04","date_gmt":"2020-07-13T02:37:04","guid":{"rendered":"https:\/\/www.estrategiaconcursos.com.br\/blog\/?p=540899"},"modified":"2023-10-17T16:26:00","modified_gmt":"2023-10-17T19:26:00","slug":"a-crise-das-empresas-e-a-preservacao-da-empresa-em-tempos-de-pandemia","status":"publish","type":"post","link":"https:\/\/www.estrategiaconcursos.com.br\/blog\/a-crise-das-empresas-e-a-preservacao-da-empresa-em-tempos-de-pandemia\/","title":{"rendered":"A Crise das empresas e o instituto da Recupera\u00e7\u00e3o de Empresas em tempos de pandemia (Covid-19)"},"content":{"rendered":"\n<p>O presente artigo tem o objetivo de trazer compreens\u00e3o da legisla\u00e7\u00e3o para recupera\u00e7\u00e3o de empresas em nosso pa\u00eds. Al\u00e9m disso, tra\u00e7ar um panorama hist\u00f3rico e, principalmente, discutir o projeto de lei 1.397\/20, de car\u00e1ter transit\u00f3rio e emergencial. Assim, vamos ressaltar a finalidade de evitar ou minimizar as consequ\u00eancias da crise das empresas, seja no cen\u00e1rio econ\u00f4mico-financeiro ou da pr\u00f3pria crise sanit\u00e1ria que assola o mundo todo. Ainda, traremos as recomenda\u00e7\u00f5es do Conselho Nacional de Justi\u00e7a para os magistrados que julgam as empresas em situa\u00e7\u00e3o de insolv\u00eancia, entre muito mais. Sigamos!<\/p>\n\n\n\n<h1 class=\"wp-block-heading\" id=\"h-1-nbsp-nbsp-alcance-do-presente-artigo\"><strong>1&nbsp;\u2013&nbsp;ALCANCE DO PRESENTE ARTIGO<\/strong><\/h1>\n\n\n\n<p><br \/>O tema \u201cCOVID-19\u201d \u00e9 discutido em cada canto do planeta, j\u00e1 que uma grande crise pand\u00eamica assola o mundo. Consequentemente, passamos por uma grande crise econ\u00f4mica que afetam, e muito, as empresas.<\/p>\n\n\n\n<p>O nosso pa\u00eds passa a tratar a crise das empresas com os recursos legislativos que tem. Atualmente, a legisla\u00e7\u00e3o nos oferece o instituto da \u201cRecupera\u00e7\u00e3o de Empresas\u201d que, pela primeira vez, \u00e9 introduzido em nosso Direito. Em vista disso, e ainda antes da crise pand\u00eamica, o instituto tem sido um avan\u00e7o no tratamento da crise econ\u00f4mica, ainda que n\u00e3o seja a solu\u00e7\u00e3o.<\/p>\n\n\n\n<p><br \/>Para a s\u00f3lida compreens\u00e3o do tema, utilizamos o pr\u00f3ximo t\u00edtulo deste artigo para trazer conhecimentos hist\u00f3ricos acerca de nossas leis anteriores. Na sequ\u00eancia, o tratamento atual da crise e a discuss\u00e3o de legisla\u00e7\u00e3o transit\u00f3ria \u201ceventualmente\u201d editada nas \u00faltimas semanas. Caso a ideia seja apenas o de obter conhecimento acerca dessa legisla\u00e7\u00e3o, a sugest\u00e3o \u00e9 para que siga diretamente para o t\u00edtulo 3 do presente artigo.<\/p>\n\n\n\n<figure class=\"wp-block-image aligncenter size-large\"><img loading=\"lazy\" decoding=\"async\" width=\"600\" height=\"400\" src=\"https:\/\/dhg1h5j42swfq.cloudfront.net\/2020\/07\/13014759\/Fracaso.jpg\" alt=\"\" class=\"wp-image-540913\" srcset=\"https:\/\/dhg1h5j42swfq.cloudfront.net\/2020\/07\/13014759\/Fracaso.jpg 600w, https:\/\/dhg1h5j42swfq.cloudfront.net\/2020\/07\/13014759\/Fracaso-300x200.jpg 300w\" sizes=\"auto, (max-width: 600px) 100vw, 600px\" \/><figcaption class=\"wp-element-caption\"><strong>A crise das empresas n\u00e3o derruba apenas o Empres\u00e1rio e a unidade produtiva.<\/strong><\/figcaption><\/figure>\n\n\n\n<h2 class=\"wp-block-heading\" id=\"h-2-tratamento-juridico-da-crise-das-empresas-na-historia\"><br \/><strong>2. TRATAMENTO JUR\u00cdDICO DA CRISE DAS EMPRESAS NA HIST\u00d3RIA<\/strong><\/h2>\n\n\n\n<h3 class=\"wp-block-heading\" id=\"h-a-roma-antiga\"><br \/><strong>A) Roma antiga<\/strong>. <\/h3>\n\n\n\n<p>A discuss\u00e3o remonta o Imp\u00e9rio Romano. Assim, antes do in\u00edcio dos s\u00e9culos da era crist\u00e3, as san\u00e7\u00f5es para o devedor poderiam chegar at\u00e9 a venda do devedor como escravo para o Estrangeiro. Pouco depois, j\u00e1 em 326 a.c., foi editada a &#8220;<em>Lex&nbsp;Poetelia&nbsp;Pap\u00edria<\/em>&#8220;, para estabelecer que as san\u00e7\u00f5es reca\u00edssem apenas no patrim\u00f4nio do devedor.<\/p>\n\n\n\n<p><br \/>O Professor C\u00e2ndido Rangel Dinamarco em sua obra intitulada \u201cExecu\u00e7\u00e3o Civil\u201d, explica a proibi\u00e7\u00e3o de morte, acorrentamento do devedor, entre outros meios cru\u00e9is de cobran\u00e7a da d\u00edvida. Explica ainda, que a sua edi\u00e7\u00e3o trouxe a possibilidade de presta\u00e7\u00e3o de trabalhos for\u00e7ados, eliminando a execu\u00e7\u00e3o corporal. Vale ressaltar que, a substitui\u00e7\u00e3o do procedimento falencial da Lei das XII T\u00e1buas \u00e9 considerado um avan\u00e7o por grandes doutrinadores da Roma antiga. Por fim, o processo para a execu\u00e7\u00e3o do devedor ganhou outras tecnologias.<\/p>\n\n\n\n<p><br \/>J\u00e1 na Idade M\u00e9dia, o destaque \u00e9 para o per\u00edodo das Corpora\u00e7\u00f5es de Com\u00e9rcio. Note voc\u00ea que j\u00e1 estamos trazendo pesquisas para o S\u00e9culo XI. Por conseguinte, costumo dizer nas aulas em v\u00eddeo de Direito Empresarial que, estudar a evolu\u00e7\u00e3o do Direito do Com\u00e9rcio para o&nbsp;Direito&nbsp;Comercial e Empresarial \u00e9 uma grande moleza. Enfim, basta estudar 3 (tr\u00eas) per\u00edodos hist\u00f3ricos e um deles \u00e9 o atual, a seguir:<\/p>\n\n\n\n<h3 class=\"wp-block-heading\" id=\"h-b-o-tratamento-da-crise-das-empresas-na-idade-media\"><br \/><strong>B) O tratamento da Crise das empresas na Idade M\u00e9dia.<\/strong><\/h3>\n\n\n\n<p><br \/>Os tratadistas&nbsp;Waldemar&nbsp;Ferreira e Carvalho de Mendon\u00e7a, asseguram em suas obras que, o Direito do Com\u00e9rcio na Idade M\u00e9dia fora o grande laborat\u00f3rio das fal\u00eancias. Tratando dessa mesma ideia, em pesquisas em grandes obras sobre a evolu\u00e7\u00e3o hist\u00f3rica de nosso ramo do direito, o que fica n\u00edtido \u00e9 a aus\u00eancia de institutos que possam auxiliar na recupera\u00e7\u00e3o dos com\u00e9rcios.<\/p>\n\n\n\n<h3 class=\"wp-block-heading\" id=\"h-c-tratamento-da-crise-das-empresas-no-codigo-comercial-de-1807\"><strong><br \/>C) Tratamento da crise das empresas no C\u00f3digo Comercial de 1807<\/strong>.<\/h3>\n\n\n\n<p><br \/>Vale iniciar essa resenha, ressaltando que Napole\u00e3o Bonaparte sempre teve por pretens\u00e3o a severidade aos comerciantes falidos. Desse modo, o <em>Code&nbsp;de&nbsp;Commerce&nbsp;de 1807<\/em>, influenciou v\u00e1rios pa\u00edses Europeus. Al\u00e9m disso, a influ\u00eancia da legisla\u00e7\u00e3o chegou ao Brasil com o C\u00f3digo&nbsp;Commercial&nbsp;Brazileiro&nbsp;de 1850.<\/p>\n\n\n\n<h3 class=\"wp-block-heading\" id=\"h-d-tratamento-da-crise-das-empresas-no-codigo-nbsp-commercial-nbsp-brazileiro\"><br \/><strong>D) Tratamento da crise das empresas no C\u00f3digo&nbsp;Commercial&nbsp;Brazileiro.<\/strong><\/h3>\n\n\n\n<p><br \/>Em pesquisa ao C\u00f3digo&nbsp;Commercial&nbsp;Brazileiro&nbsp;de 1850, comentado por Bento de Faria, cuja obra me d\u00e1 a honra de integrar a minha biblioteca, pude fazer uma grande e direita pesquisa a sua terceira parte denominada \u201cQuebras\u201d. Comenta o autor que, havia um processo um tanto complexo e moroso. Em um primeiro momento, o nosso pa\u00eds conheceu o instituto da \u201cConcordata\u201d, mas posso afirmar que esse instituto foi um grande fiasco&nbsp;para&nbsp;preservar os com\u00e9rcios e ind\u00fastrias.<\/p>\n\n\n\n<p><br \/>A concordata suspensiva exigia para a sua concess\u00e3o, a aprova\u00e7\u00e3o de, no m\u00ednimo, 2\/3 dos cr\u00e9ditos sujeitos \u00e0 fal\u00eancia, independentemente do comparecimento dos credores \u00e0 assembleia.<\/p>\n\n\n\n<p>Nesse per\u00edodo, podemos ainda citar a fal\u00eancia da Casa Banc\u00e1ria Vieira Souto. Al\u00e9m disso, a doutrina citada no presente t\u00f3pico cita o grande volume de cr\u00edticas que a legisla\u00e7\u00e3o recebia.<\/p>\n\n\n\n<h2 class=\"wp-block-heading\" id=\"h-e-expressiva-alteracao-no-regime-falencial-do-cco-1850\"><strong>E) EXPRESSIVA ALTERA\u00c7\u00c3O NO REGIME FALENCIAL DO CCO\/1850<\/strong><\/h2>\n\n\n\n<p><br \/>Em 1908, Jos\u00e9 Xisto Carvalho de Mendon\u00e7a v\u00ea a lei 2.024, de sua autoria, editada. Nesse \u00ednterim, a lei passa a apresentar boa parte das caracter\u00edsticas de nossa legisla\u00e7\u00e3o atual. Em ambas as leis, a fal\u00eancia n\u00e3o se d\u00e1 mais pela insolv\u00eancia, mas sim pela impontualidade do devedor. Al\u00e9m disso, enumerou determinados atos como falimentares (fuga para o exterior sem deixar representantes, liquida\u00e7\u00e3o precipitada dos bens, entre outros), e suprimiu o instituto da concordata amig\u00e1vel. Finalmente, perceba que ainda estamos diante da timidez acerca da preserva\u00e7\u00e3o dos com\u00e9rcios, ind\u00fastrias e casas banc\u00e1rias.<\/p>\n\n\n\n<p>Ap\u00f3s a Segunda Guerra Mundial, a edi\u00e7\u00e3o do decreto 7.661\/45. Nesse ano, a crise decorrente do p\u00f3s-guerra. Note que j\u00e1 estamos tratando de nossa anterior lei de fal\u00eancias. A legisla\u00e7\u00e3o anteriormente citada, foi alterada por interm\u00e9dio de nossa lei 11.101\/05 (Lei de Fal\u00eancias e Recupera\u00e7\u00f5es). Nessa legisla\u00e7\u00e3o, t\u00ednhamos as concordatas preventiva e suspensiva. Al\u00e9m disso, boa parte de nossa doutrina considerava a concordata uma forma de apenas atrasar a fal\u00eancia, j\u00e1 que permitia o parcelamento dos cr\u00e9ditos n\u00e3o privilegiados (quirograf\u00e1rios), e isso, logicamente, n\u00e3o \u00e9 grande coisa. Ali\u00e1s, em meus tempos de gradua\u00e7\u00e3o, essa foi a legisla\u00e7\u00e3o de fal\u00eancias por mim estudada.<\/p>\n\n\n\n<h1 class=\"wp-block-heading\" id=\"h-3-nbsp-nbsp-a-atual-lei-11-101-05-falencias-e-recuperacoes\"><strong><br \/>3&nbsp;\u2013&nbsp;A ATUAL LEI 11.101\/05 (FAL\u00caNCIAS E RECUPERA\u00c7\u00d5ES).<\/strong><\/h1>\n\n\n\n<p><br \/>A an\u00e1lise hist\u00f3rica no t\u00f3pico anterior, nos faz seguro de que o instituto da \u201cRecupera\u00e7\u00e3o de Empresas\u201d foi apresentado ao nosso pa\u00eds apenas no s\u00e9culo XXI. Ali\u00e1s, a evolu\u00e7\u00e3o \u00e9 sentida j\u00e1 na leitura de seu artigo 47, o primeiro sobre a recupera\u00e7\u00e3o de empresas, a seguir:<\/p>\n\n\n\n<p><br \/>\u201cA&nbsp;recupera\u00e7\u00e3o judicial tem&nbsp;por objetivo viabilizar a supera\u00e7\u00e3o da&nbsp;crise&nbsp;econ\u00f4mico-financeira do devedor,&nbsp;de modo a&nbsp;permitir a manuten\u00e7\u00e3o da fonte produtora, do emprego dos trabalhadores e dos interesses dos credores, promovendo, assim, a preserva\u00e7\u00e3o da empresa, sua fun\u00e7\u00e3o social e o est\u00edmulo \u00e0 atividade econ\u00f4mica.\u201d<\/p>\n\n\n\n<p><br \/>Tendo em vista a reorganiza\u00e7\u00e3o e preserva\u00e7\u00e3o da atividade da empresa, a reestrutura\u00e7\u00e3o de seu passivo confere ao devedor o benef\u00edcio de apresentar um plano de pagamento, discutido com os credores. Por consequ\u00eancia, podemos conceituar a recupera\u00e7\u00e3o judicial como uma permiss\u00e3o legal, que concede ao devedor empres\u00e1rio&nbsp;ou sociedade empres\u00e1ria a possibilidade de negociar diretamente com todos os seus credores, ou&nbsp;somente&nbsp;parte deles. Perceba que, finalmente, al\u00e9m de conhecermos o instituto pela primeira vez, passamos a compreender tamb\u00e9m de forma original a ideia de fun\u00e7\u00e3o social e preserva\u00e7\u00e3o da empresa.<\/p>\n\n\n\n<h1 class=\"wp-block-heading\" id=\"h-4-nbsp-nbsp-funcao-social-e-preservacao-da-empresa-na-jurisprudencia-de-nosso-nbsp-pais\"><br \/><strong>4&nbsp;\u2013&nbsp;FUN\u00c7\u00c3O SOCIAL E PRESERVA\u00c7\u00c3O DA EMPRESA NA JURISPRUD\u00caNCIA DE NOSSO&nbsp;PA\u00cdS.<\/strong><\/h1>\n\n\n\n<h2 class=\"wp-block-heading\" id=\"h-a-objetivos\"><br \/><strong>A) Objetivos.<\/strong> <\/h2>\n\n\n\n<p>No processo de recupera\u00e7\u00e3o de empresas, o ju\u00edzo universal \u00e9 competente para avaliar se o bem \u00e9 indispens\u00e1vel \u00e0 atividade produtiva da&nbsp;recuperanda. Assim sendo, n\u00e3o se permite a venda ou a retirada do estabelecimento do devedor dos bens de capital essenciais \u00e0 sua atividade empresarial.<\/p>\n\n\n\n<p><br \/>A flexibiliza\u00e7\u00e3o de algumas garantias de determinados credores, conquanto possa implicar aparente perda individual, numa an\u00e1lise imediata e de curto prazo, porque tal medida pode significar ganhos sociais mais efetivos, numa an\u00e1lise econ\u00f4mica mais ampla. Tudo isso, considera que a manuten\u00e7\u00e3o do empreendimento pode implicar significativa manuten\u00e7\u00e3o de empregos, gera\u00e7\u00e3o de novos postos de trabalho, movimenta\u00e7\u00e3o da economia,&nbsp;sa\u00fade financeira de fornecedores, entre in\u00fameros outros ganhos.<\/p>\n\n\n\n<figure class=\"wp-block-image aligncenter size-large\"><img loading=\"lazy\" decoding=\"async\" width=\"600\" height=\"493\" src=\"https:\/\/dhg1h5j42swfq.cloudfront.net\/2020\/07\/13014841\/1-6.jpg\" alt=\"\" class=\"wp-image-540914\" srcset=\"https:\/\/dhg1h5j42swfq.cloudfront.net\/2020\/07\/13014841\/1-6.jpg 600w, https:\/\/dhg1h5j42swfq.cloudfront.net\/2020\/07\/13014841\/1-6-300x247.jpg 300w\" sizes=\"auto, (max-width: 600px) 100vw, 600px\" \/><figcaption class=\"wp-element-caption\"><strong>A Supera\u00e7\u00e3o da crise das empresas conta com o esfor\u00e7o de todos.<\/strong><br \/><\/figcaption><\/figure>\n\n\n\n<h2 class=\"wp-block-heading\" id=\"h-b-a-jurisprudencia-de-nosso-pais\"><strong>B) A JURISPRUD\u00caNCIA DE NOSSO PA\u00cdS<\/strong><br \/><\/h2>\n\n\n\n<p>A jurisprud\u00eancia de nosso pa\u00eds tem firmado entendimento de que n\u00e3o s\u00e3o adequados, em execu\u00e7\u00e3o fiscal, os atos de constri\u00e7\u00e3o que possam afetar, de alguma forma, o plano de recupera\u00e7\u00e3o judicial da sociedade empres\u00e1ria. Chegamos nessa conclus\u00e3o, considerando o princ\u00edpio da preserva\u00e7\u00e3o da empresa. Vale ressaltar que o pagamento do cr\u00e9dito tribut\u00e1rio devido ser\u00e1 assegurado, no momento oportuno, pelo ju\u00edzo falimentar, observadas as prefer\u00eancias legais. Enfim, n\u00e3o haver\u00e1 preju\u00edzo \u00e0 Fazenda P\u00fablica, conforme entendimento previsto no artigo 6.\u00ba da Lei 11.101\/05.<br \/><\/p>\n\n\n\n<h2 class=\"wp-block-heading\" id=\"h-c-stay-nbsp-period-prazo-de-suspensao-das-acoes\"><br \/><strong>C) \u201cStay&nbsp;period&#8221; &#8211; Prazo de suspens\u00e3o das a\u00e7\u00f5es<\/strong><\/h2>\n\n\n\n<p><br \/>Diante desse cen\u00e1rio, j\u00e1 se prev\u00ea um relevante aumento de novos pedidos de recupera\u00e7\u00e3o judicial pelas sociedades empres\u00e1rias, sobretudo pelas pequenas e m\u00e9dias empresas, as mais afetadas pela paralisa\u00e7\u00e3o, em raz\u00e3o de seu menor fluxo de caixa.<\/p>\n\n\n\n<p>O &#8220;Stay Period&#8221; \u00e9 um per\u00edodo de suspens\u00e3o das a\u00e7\u00f5es e execu\u00e7\u00f5es em face da empresa em recupera\u00e7\u00e3o judicial. Portanto, no prazo de 180 dias, todos os processos em face da empresa e, consequentemente, os atos de constri\u00e7\u00e3o do seu patrim\u00f4nio s\u00e3o suspensos conforme artigo 6.\u00ba da lei 11.101\/05. <\/p>\n\n\n\n<p>Os Tribunais tem entendido pela prorroga\u00e7\u00e3o do prazo, desde que, reste claro que a Recuperanda n\u00e3o tenha o objetivo de retardar ou tenha retardado o andamento do processo. Al\u00e9m disso, os tribunais tem considerado a prorroga\u00e7\u00e3o nas situa\u00e7\u00f5es em que a recuperanda n\u00e3o tenha concorrido para o atraso na aprova\u00e7\u00e3o do plano.<\/p>\n\n\n\n<h2 class=\"wp-block-heading\" id=\"h-c-recomendacoes-do-conselho-nacional-de-justica\"><br \/><strong>C) Recomenda\u00e7\u00f5es do Conselho Nacional de Justi\u00e7a<\/strong><\/h2>\n\n\n\n<p><br \/><br \/>O Conselho Nacional de Justi\u00e7a (CNJ) aprovou, em 31.03.20, orienta\u00e7\u00f5es para todos os ju\u00edzos com compet\u00eancia para julgamento de a\u00e7\u00f5es de recupera\u00e7\u00e3o judicial em decorr\u00eancia dos impactos dos econ\u00f4micos do&nbsp;covid-19. No total, s\u00e3o seis orienta\u00e7\u00f5es aos tribunais: <\/p>\n\n\n\n<h5 class=\"wp-block-heading has-vivid-cyan-blue-color has-text-color\" id=\"h-priorizar-nas-acoes-de-recuperacao-empresarial-e-falencia-a-analise-de-decisoes-em-favor-de-credores-ou-empresas-em-recuperacao\">Priorizar, nas a\u00e7\u00f5es de recupera\u00e7\u00e3o empresarial e fal\u00eancia, a an\u00e1lise de decis\u00f5es em favor de credores ou empresas em recupera\u00e7\u00e3o; <\/h5>\n\n\n\n<h5 class=\"wp-block-heading has-very-dark-gray-color has-text-color\" id=\"h-suspender-a-realizacao-de-assembleias-gerais-de-credores-presenciais-enquanto-durar-a-pandemia-de-covid-19-exceto-casos-urgentes-nos-quais-se-recomenda-a-realizacao-de-reunioes-virtuais\">Suspender a realiza\u00e7\u00e3o de Assembleias Gerais de Credores presenciais enquanto durar a pandemia de Covid-19, exceto casos urgentes, nos quais se recomenda a realiza\u00e7\u00e3o de reuni\u00f5es virtuais; <\/h5>\n\n\n\n<h5 class=\"wp-block-heading has-vivid-cyan-blue-color has-text-color\" id=\"h-prorrogar-os-prazos-de-duracao-da-suspensao-chamada-stay-nbsp-period-nbsp-nos-casos-em-que-houver-necessidade-de-adiar-a-assembleia-geral-de-credores\">Prorrogar os prazos de dura\u00e7\u00e3o da suspens\u00e3o chamada &#8220;stay&nbsp;period&#8221;&nbsp;nos casos em que houver necessidade de adiar a Assembleia Geral de Credores;<\/h5>\n\n\n\n<h5 class=\"wp-block-heading has-very-dark-gray-color has-text-color\" id=\"h-autorizar-que-todas-as-empresas-que-ja-estejam-em-fase-de-cumprimento-do-plano-de-recuperacao-aprovado-pelos-credores-em-prazo-razoavel-apresentem-planos-modificativos-desde-que-comprovem-que-tiveram-suas-atividades-e-capacidade-de-cumprir-suas-obrigacoes-afetadas-pela-crise-da-pandemia-causada-pelo-covid-19-e-desde-que-estejam-adimplentes-com-suas-obrigacoes-alem-disso-o-cnj-sugere-que-caso-alguma-empresa-descumpra-o-seu-plano-de-recuperacao-em-decorrencia-da-pandemia-que-os-juizos-considerem-a-situacao-como-caso-fortuito-ou-forca-maior\">Autorizar que todas as empresas que j\u00e1 estejam em fase de cumprimento do plano de recupera\u00e7\u00e3o, aprovado pelos credores, em prazo razo\u00e1vel, apresentem planos modificativos, desde que comprovem que tiveram suas atividades e capacidade de cumprir suas obriga\u00e7\u00f5es afetadas pela crise da pandemia causada pelo Covid-19 e desde que estejam adimplentes com suas obriga\u00e7\u00f5es. Al\u00e9m disso, o CNJ sugere que, caso alguma empresa descumpra o seu plano de recupera\u00e7\u00e3o em decorr\u00eancia da pandemia, que os ju\u00edzos considerem a situa\u00e7\u00e3o como \u201ccaso fortuito\u201d ou \u201cfor\u00e7a maior\u201d.<\/h5>\n\n\n\n<h5 class=\"wp-block-heading has-vivid-cyan-blue-color has-text-color\" id=\"h-determinar-aos-administradores-judiciais-que-continuem-a-promover-a-fiscalizacao-das-atividades-das-empresas-nbsp-recuperandas-nbsp-de-forma-virtual-ou-remota-e-a-publicar-na-nbsp-internet-nbsp-os-relatorios-mensais-de-atividade\">Determinar aos administradores judiciais que continuem a promover a fiscaliza\u00e7\u00e3o das atividades das empresas&nbsp;recuperandas&nbsp;de forma virtual ou remota, e a publicar na&nbsp;internet&nbsp;os relat\u00f3rios mensais de atividade;<\/h5>\n\n\n\n<h5 class=\"wp-block-heading has-very-dark-gray-color has-text-color\" id=\"h-avaliar-com-cautela-o-deferimento-de-medidas-de-urgencia-despejo-por-falta-de-pagamento-e-atos-de-execucao-patrimonial-para-satisfazer-obrigacoes-inadimplidas-durante-a-pandemia\">Avaliar com cautela o deferimento de medidas de urg\u00eancia, despejo por falta de pagamento e atos de execu\u00e7\u00e3o patrimonial para satisfazer obriga\u00e7\u00f5es inadimplidas durante a pandemia.<\/h5>\n\n\n\n<h1 class=\"wp-block-heading\" id=\"h-5-nbsp-nbsp-projeto-de-lei-1-397-20-alteracao-transitoria-dos-dispositivos-da-lei-11-101-05\"><strong>5&nbsp;\u2013&nbsp;PROJETO DE LEI 1.397\/20: ALTERA\u00c7\u00c3O TRANSIT\u00d3RIA DOS DISPOSITIVOS DA LEI 11.101\/05<\/strong><\/h1>\n\n\n\n<h2 class=\"wp-block-heading\" id=\"h-forca-maior-e-nbsp-pandemia\"><br \/><strong>For\u00e7a Maior e&nbsp;Pandemia.<\/strong><\/h2>\n\n\n\n<p><br \/>O PL 1.397\/20 foi apresentado para medidas de car\u00e1ter emergencial, mediante altera\u00e7\u00f5es, de cunho transit\u00f3rio, de dispositivos da lei 11.101\/05 (Lei de Recupera\u00e7\u00e3o Judicial e Extrajudicial e de Fal\u00eancia), com vig\u00eancia at\u00e9 31.12.20, ou enquanto estiver vigente o decreto legislativo 6, de 20 de mar\u00e7o de 2020 (Reconhecimento do estado de calamidade p\u00fablica em raz\u00e3o da pandemia causada pelo&nbsp;covid-19).<\/p>\n\n\n\n<p><br \/>Em resumo, chame-se aten\u00e7\u00e3o para as seguintes propostas de altera\u00e7\u00f5es, de car\u00e1ter eminentemente provis\u00f3rio, \u00e0s disposi\u00e7\u00f5es da lei 11.101, de 2005 (Lei de Recupera\u00e7\u00e3o Judicial e Extrajudicial e de Fal\u00eancia):<\/p>\n\n\n\n<h2 class=\"wp-block-heading\" id=\"h-a-suspensao-por-30-noventa-dias-de-todas-as-obrigacoes-estabelecidas-em-planos-de-recuperacao-judicial-ou-extrajudicial-ja-homologados\"><br \/><br \/><strong>A) Suspens\u00e3o, por 30 (noventa) dias, de todas as obriga\u00e7\u00f5es estabelecidas em planos de recupera\u00e7\u00e3o judicial ou extrajudicial j\u00e1 homologados<\/strong>;<br \/><\/h2>\n\n\n\n<p><br \/>Autoriza\u00e7\u00e3o para que as empresas, no prazo de 30 (trinta) dias, possam apresentar aditivo ao plano j\u00e1 homologado, inclusive para sujeitar cr\u00e9ditos constitu\u00eddos ap\u00f3s o pedido de recupera\u00e7\u00e3o judicial ou extrajudicial, que dever\u00e1 ser aprovado em assembleia de credores;<br \/><br \/>Determina\u00e7\u00e3o de que a fal\u00eancia de um devedor s\u00f3 possa ser decretada se vencido e inadimplido cr\u00e9dito no valor m\u00ednimo de R$ 100.000,00, e n\u00e3o mais apenas 40 sal\u00e1rios m\u00ednimos, conforme estabelecido no art. 94, I, da Lei;&nbsp;<\/p>\n\n\n\n<h2 class=\"wp-block-heading\" id=\"h-b-aumento-do-parcelamento-para-pequenos-empresarios\"><br \/><strong>B) Aumento do parcelamento para pequenos empres\u00e1rios<\/strong>. <\/h2>\n\n\n\n<p>Que cr\u00e9ditos detidos por&nbsp;microempresas e empresas de pequeno&nbsp;porte, independentemente da garantia ou natureza do cr\u00e9dito, estejam sujeitos aos efeitos dos procedimentos regulamentados pela Lei, conferindo-lhes condi\u00e7\u00f5es mais favor\u00e1veis, em raz\u00e3o da vulnerabilidade de tais devedores. A ideia \u00e9 que o parcelamento se estenda a 60 parcelas.<\/p>\n\n\n\n<h2 class=\"wp-block-heading\" id=\"h-c-nao-aplicacao-da-convolacao-da-recuperacao-de-empresas-em-falencia\"><br \/><strong>C) N\u00e3o aplica\u00e7\u00e3o da convola\u00e7\u00e3o da recupera\u00e7\u00e3o de empresas em fal\u00eancia.<\/strong><\/h2>\n\n\n\n<p><br \/>Durante o regime transit\u00f3rio que perdurar\u00e1 at\u00e9 o dia 31 de dezembro de 2020, entre outras medidas, o PL 1.397\/20 prop\u00f5e que n\u00e3o sejam aplic\u00e1veis as disposi\u00e7\u00f5es dos arts. 49, \u00a7&nbsp;1.\u00ba, e 73, IV, da lei 11.101\/05. Ou seja, o descumprimento do Plano de Recupera\u00e7\u00e3o Judicial j\u00e1 homologado n\u00e3o implicaria em convola\u00e7\u00e3o da Recupera\u00e7\u00e3o Judicial em Fal\u00eancia.<\/p>\n\n\n\n<p><br \/>Essas propostas contidas no referido projeto de lei s\u00e3o de car\u00e1ter tempor\u00e1rio (\u00e9 dizer, somente seriam v\u00e1lidas at\u00e9 o dia 31 de dezembro deste ano). A ideia \u00e9 que perdurem durante o per\u00edodo em que podemos chamar de crise das empresas por motivo de for\u00e7a maior.<\/p>\n\n\n\n<h2 class=\"wp-block-heading\" id=\"h-d-nao-aplicacao-da-restricao-a-concessao-da-recuperacao-para-empresas-que-ja-tenham-se-utilizado-do-instituto-nos-ultimos-5-cinco-anos\"><br \/><strong>D) N\u00e3o aplica\u00e7\u00e3o da restri\u00e7\u00e3o \u00e0 concess\u00e3o da recupera\u00e7\u00e3o para empresas que j\u00e1 tenham se utilizado do instituto nos \u00faltimos 5 (cinco) anos. <\/strong><\/h2>\n\n\n\n<p>As restri\u00e7\u00f5es tamb\u00e9m s\u00e3o suavizadas. O devedor que j\u00e1 tiver apresentado um pedido de recupera\u00e7\u00e3o judicial nos \u00faltimos cinco anos, atualmente impedido de solicitar outro, poder\u00e1 abrir um novo. Por conseguinte, tamb\u00e9m fica mais espa\u00e7ado o parcelamento da recupera\u00e7\u00e3o judicial de micro e pequenas empresas, agora em 60 meses.<\/p>\n\n\n\n<h2 class=\"wp-block-heading\" id=\"h-6-conclusao\"><br \/><strong>6) CONCLUS\u00c3O.<\/strong><\/h2>\n\n\n\n<p><br \/>No momento da publica\u00e7\u00e3o do artigo o PL 1397\/20 est\u00e1 aguardando vota\u00e7\u00e3o no Senado. Posteriormente, depender\u00e1 de san\u00e7\u00e3o presidencial. Ressalte-se que a empresa \u00e9 a mola-mestra da economia capitalista. Em vista dessa mesma conclus\u00e3o, o com\u00e9rcio e a produ\u00e7\u00e3o geram renda para empres\u00e1rios e trabalhadores. A partir disso, o consumo traz os bens de conforto, gerando necessidade de mais produ\u00e7\u00e3o e mais com\u00e9rcio. Esse ciclo n\u00e3o \u00e9 absoluto, mas n\u00e3o pode parar.<\/p>\n\n\n\n<p><br \/>Precisamos estudar, discutir e descobrir formas de tratar a crise sanit\u00e1ria em que o nosso pa\u00eds se encontra, mas n\u00e3o podemos nos esquecer da import\u00e2ncia da empresa, j\u00e1 que ela tamb\u00e9m garante os necess\u00e1rios recursos para a sa\u00fade e os bens vitais. Que tenhamos sabedoria, elemento cada vez mais raro no cen\u00e1rio mundial. Ainda assim, <strong>EU ACREDITO!<\/strong><\/p>\n\n\n\n<p>Ali\u00e1s, vale ressaltar que o Estrat\u00e9gia OAB disponibilizou um Congresso On-line com v\u00e1rios temas sobre como o tema pode ser cobrado no Exame de Ordem. Nesse congresso temos um t\u00f3pico sobre a &#8220;Crise das Empresas em Tempos de Pandemia&#8221; O conte\u00fado est\u00e1 incr\u00edvel. Recomendo! <\/p>\n\n\n\n<p class=\"has-text-align-center has-very-dark-gray-color has-pale-cyan-blue-background-color has-text-color has-background has-medium-font-size\"> <strong><a href=\"https:\/\/t.me\/ProfAlessandroSanchez\">TELEGRAM<\/a><\/strong><\/p>\n\n\n\n<p class=\"has-text-align-center has-very-dark-gray-color has-pale-pink-background-color has-text-color has-background has-medium-font-size\"><strong><a href=\"http:\/\/www.instagram.com\/profalessandrosanchez\">INSTAGRAM<\/a><\/strong><\/p>\n\n\n\n<p class=\"has-text-align-center has-very-light-gray-color has-vivid-red-background-color has-text-color has-background has-medium-font-size\"><strong><a href=\"http:\/\/www.youtube.com\/alessandrosanchez\">YouTUBE<\/a><\/strong><\/p>\n\n\n\n<p>Acesse os links acima e tenha acesso a conte\u00fados di\u00e1rios com dicas, sugest\u00f5es, v\u00eddeos e muita intera\u00e7\u00e3o!<\/p>\n\n\n\n<p>Espero que esteja gostando do trabalho!<\/p>\n\n\n\n<p><strong>Professor Alessandro Sanchez.<\/strong><\/p>\n","protected":false},"excerpt":{"rendered":"<p>O presente artigo tem o objetivo de trazer compreens\u00e3o da legisla\u00e7\u00e3o para recupera\u00e7\u00e3o de empresas em nosso pa\u00eds. Al\u00e9m disso, tra\u00e7ar um panorama hist\u00f3rico e, principalmente, discutir o projeto de lei 1.397\/20, de car\u00e1ter transit\u00f3rio e emergencial. Assim, vamos ressaltar a finalidade de evitar ou minimizar as consequ\u00eancias da crise das empresas, seja no cen\u00e1rio [&hellip;]<\/p>\n","protected":false},"author":1153,"featured_media":0,"comment_status":"open","ping_status":"closed","sticky":false,"template":"","format":"standard","meta":{"post_tipo":"article","footnotes":""},"categories":[1],"tags":[],"tax_estado":[],"class_list":["post-540899","post","type-post","status-publish","format-standard","hentry","category-cursos-e-concursos"],"acf":[],"yoast_head":"<!-- This site is optimized with the Yoast SEO Premium plugin v27.2 (Yoast SEO v27.2) - https:\/\/yoast.com\/product\/yoast-seo-premium-wordpress\/ -->\n<title>A Crise das empresas e o instituto da Recupera\u00e7\u00e3o de Empresas em tempos de pandemia (Covid-19)<\/title>\n<meta name=\"description\" content=\"Clique e saiba tudo sobre a crise das empresas na legisla\u00e7\u00e3o. O artigo ainda explica a lei atual e transit\u00f3ria para a preserva\u00e7\u00e3o da empresa em crise.\" \/>\n<meta name=\"robots\" content=\"index, follow, max-snippet:-1, max-image-preview:large, max-video-preview:-1\" \/>\n<link rel=\"canonical\" href=\"https:\/\/www.estrategiaconcursos.com.br\/blog\/a-crise-das-empresas-e-a-preservacao-da-empresa-em-tempos-de-pandemia\/\" \/>\n<meta property=\"og:locale\" content=\"pt_BR\" \/>\n<meta property=\"og:type\" content=\"article\" \/>\n<meta property=\"og:title\" content=\"A Crise das empresas e o instituto da Recupera\u00e7\u00e3o de Empresas em tempos de pandemia (Covid-19)\" \/>\n<meta property=\"og:description\" content=\"Clique e saiba tudo sobre a crise das empresas na legisla\u00e7\u00e3o. O artigo ainda explica a lei atual e transit\u00f3ria para a preserva\u00e7\u00e3o da empresa em crise.\" \/>\n<meta property=\"og:url\" content=\"https:\/\/www.estrategiaconcursos.com.br\/blog\/a-crise-das-empresas-e-a-preservacao-da-empresa-em-tempos-de-pandemia\/\" \/>\n<meta property=\"og:site_name\" content=\"Estrat\u00e9gia Concursos\" \/>\n<meta property=\"article:published_time\" content=\"2020-07-13T02:37:04+00:00\" \/>\n<meta property=\"article:modified_time\" content=\"2023-10-17T19:26:00+00:00\" \/>\n<meta property=\"og:image\" content=\"https:\/\/www.estrategiaconcursos.com.br\/blog\/wp-content\/uploads\/2020\/07\/Fracaso.jpg\" \/>\n<meta name=\"author\" content=\"Alessandro Sanchez\" \/>\n<meta name=\"twitter:card\" content=\"summary_large_image\" \/>\n<meta name=\"twitter:creator\" content=\"@EstratConcursos\" \/>\n<meta name=\"twitter:site\" content=\"@EstratConcursos\" \/>\n<meta name=\"twitter:label1\" content=\"Escrito por\" \/>\n\t<meta name=\"twitter:data1\" content=\"Alessandro Sanchez\" \/>\n\t<meta name=\"twitter:label2\" content=\"Est. tempo de leitura\" \/>\n\t<meta name=\"twitter:data2\" content=\"14 minutos\" \/>\n<script type=\"application\/ld+json\" class=\"yoast-schema-graph\">{\"@context\":\"https:\/\/schema.org\",\"@graph\":[{\"@type\":\"NewsArticle\",\"@id\":\"https:\/\/www.estrategiaconcursos.com.br\/blog\/a-crise-das-empresas-e-a-preservacao-da-empresa-em-tempos-de-pandemia\/#article\",\"isPartOf\":{\"@id\":\"https:\/\/www.estrategiaconcursos.com.br\/blog\/a-crise-das-empresas-e-a-preservacao-da-empresa-em-tempos-de-pandemia\/\"},\"author\":{\"name\":\"Alessandro Sanchez\",\"@id\":\"https:\/\/www.estrategiaconcursos.com.br\/blog\/#\/schema\/person\/1e69b7fe81f5649f20ef70b7bcf64bbc\"},\"headline\":\"A Crise das empresas e o instituto da Recupera\u00e7\u00e3o de Empresas em tempos de pandemia (Covid-19)\",\"datePublished\":\"2020-07-13T02:37:04+00:00\",\"dateModified\":\"2023-10-17T19:26:00+00:00\",\"mainEntityOfPage\":{\"@id\":\"https:\/\/www.estrategiaconcursos.com.br\/blog\/a-crise-das-empresas-e-a-preservacao-da-empresa-em-tempos-de-pandemia\/\"},\"wordCount\":2802,\"commentCount\":0,\"publisher\":{\"@id\":\"https:\/\/www.estrategiaconcursos.com.br\/blog\/#organization\"},\"image\":{\"@id\":\"https:\/\/www.estrategiaconcursos.com.br\/blog\/a-crise-das-empresas-e-a-preservacao-da-empresa-em-tempos-de-pandemia\/#primaryimage\"},\"thumbnailUrl\":\"https:\/\/www.estrategiaconcursos.com.br\/blog\/wp-content\/uploads\/2020\/07\/Fracaso.jpg\",\"articleSection\":[\"Concursos P\u00fablicos\"],\"inLanguage\":\"pt-BR\",\"potentialAction\":[{\"@type\":\"CommentAction\",\"name\":\"Comment\",\"target\":[\"https:\/\/www.estrategiaconcursos.com.br\/blog\/a-crise-das-empresas-e-a-preservacao-da-empresa-em-tempos-de-pandemia\/#respond\"]}],\"copyrightYear\":\"2020\",\"copyrightHolder\":{\"@id\":\"https:\/\/www.estrategiaconcursos.com.br\/blog\/#organization\"}},{\"@type\":\"WebPage\",\"@id\":\"https:\/\/www.estrategiaconcursos.com.br\/blog\/a-crise-das-empresas-e-a-preservacao-da-empresa-em-tempos-de-pandemia\/\",\"url\":\"https:\/\/www.estrategiaconcursos.com.br\/blog\/a-crise-das-empresas-e-a-preservacao-da-empresa-em-tempos-de-pandemia\/\",\"name\":\"A Crise das empresas e o instituto da Recupera\u00e7\u00e3o de Empresas em tempos de pandemia (Covid-19)\",\"isPartOf\":{\"@id\":\"https:\/\/www.estrategiaconcursos.com.br\/blog\/#website\"},\"primaryImageOfPage\":{\"@id\":\"https:\/\/www.estrategiaconcursos.com.br\/blog\/a-crise-das-empresas-e-a-preservacao-da-empresa-em-tempos-de-pandemia\/#primaryimage\"},\"image\":{\"@id\":\"https:\/\/www.estrategiaconcursos.com.br\/blog\/a-crise-das-empresas-e-a-preservacao-da-empresa-em-tempos-de-pandemia\/#primaryimage\"},\"thumbnailUrl\":\"https:\/\/www.estrategiaconcursos.com.br\/blog\/wp-content\/uploads\/2020\/07\/Fracaso.jpg\",\"datePublished\":\"2020-07-13T02:37:04+00:00\",\"dateModified\":\"2023-10-17T19:26:00+00:00\",\"description\":\"Clique e saiba tudo sobre a crise das empresas na legisla\u00e7\u00e3o. O artigo ainda explica a lei atual e transit\u00f3ria para a preserva\u00e7\u00e3o da empresa em crise.\",\"breadcrumb\":{\"@id\":\"https:\/\/www.estrategiaconcursos.com.br\/blog\/a-crise-das-empresas-e-a-preservacao-da-empresa-em-tempos-de-pandemia\/#breadcrumb\"},\"inLanguage\":\"pt-BR\",\"potentialAction\":[{\"@type\":\"ReadAction\",\"target\":[\"https:\/\/www.estrategiaconcursos.com.br\/blog\/a-crise-das-empresas-e-a-preservacao-da-empresa-em-tempos-de-pandemia\/\"]}]},{\"@type\":\"ImageObject\",\"inLanguage\":\"pt-BR\",\"@id\":\"https:\/\/www.estrategiaconcursos.com.br\/blog\/a-crise-das-empresas-e-a-preservacao-da-empresa-em-tempos-de-pandemia\/#primaryimage\",\"url\":\"https:\/\/dhg1h5j42swfq.cloudfront.net\/2020\/07\/13014759\/Fracaso.jpg\",\"contentUrl\":\"https:\/\/dhg1h5j42swfq.cloudfront.net\/2020\/07\/13014759\/Fracaso.jpg\",\"width\":600,\"height\":400},{\"@type\":\"BreadcrumbList\",\"@id\":\"https:\/\/www.estrategiaconcursos.com.br\/blog\/a-crise-das-empresas-e-a-preservacao-da-empresa-em-tempos-de-pandemia\/#breadcrumb\",\"itemListElement\":[{\"@type\":\"ListItem\",\"position\":1,\"name\":\"In\u00edcio\",\"item\":\"https:\/\/www.estrategiaconcursos.com.br\/blog\/\"},{\"@type\":\"ListItem\",\"position\":2,\"name\":\"A Crise das empresas e o instituto da Recupera\u00e7\u00e3o de Empresas em tempos de pandemia (Covid-19)\"}]},{\"@type\":\"WebSite\",\"@id\":\"https:\/\/www.estrategiaconcursos.com.br\/blog\/#website\",\"url\":\"https:\/\/www.estrategiaconcursos.com.br\/blog\/\",\"name\":\"Estrat\u00e9gia Concursos\",\"description\":\"O blog da Estrat\u00e9gia Concursos traz not\u00edcias sobre concursos e artigos de professores oferecendo cursos para concursos (pdf + videaulas) no site.\",\"publisher\":{\"@id\":\"https:\/\/www.estrategiaconcursos.com.br\/blog\/#organization\"},\"potentialAction\":[{\"@type\":\"SearchAction\",\"target\":{\"@type\":\"EntryPoint\",\"urlTemplate\":\"https:\/\/www.estrategiaconcursos.com.br\/blog\/?s={search_term_string}\"},\"query-input\":{\"@type\":\"PropertyValueSpecification\",\"valueRequired\":true,\"valueName\":\"search_term_string\"}}],\"inLanguage\":\"pt-BR\"},{\"@type\":\"Organization\",\"@id\":\"https:\/\/www.estrategiaconcursos.com.br\/blog\/#organization\",\"name\":\"Estrat\u00e9gia Concursos\",\"url\":\"https:\/\/www.estrategiaconcursos.com.br\/blog\/\",\"logo\":{\"@type\":\"ImageObject\",\"inLanguage\":\"pt-BR\",\"@id\":\"https:\/\/www.estrategiaconcursos.com.br\/blog\/#\/schema\/logo\/image\/\",\"url\":\"https:\/\/dhg1h5j42swfq.cloudfront.net\/2025\/06\/03203428\/logo_concursos-1.jpg\",\"contentUrl\":\"https:\/\/dhg1h5j42swfq.cloudfront.net\/2025\/06\/03203428\/logo_concursos-1.jpg\",\"width\":230,\"height\":60,\"caption\":\"Estrat\u00e9gia Concursos\"},\"image\":{\"@id\":\"https:\/\/www.estrategiaconcursos.com.br\/blog\/#\/schema\/logo\/image\/\"},\"sameAs\":[\"https:\/\/x.com\/EstratConcursos\"]},{\"@type\":\"Person\",\"@id\":\"https:\/\/www.estrategiaconcursos.com.br\/blog\/#\/schema\/person\/1e69b7fe81f5649f20ef70b7bcf64bbc\",\"name\":\"Alessandro Sanchez\",\"image\":{\"@type\":\"ImageObject\",\"inLanguage\":\"pt-BR\",\"@id\":\"https:\/\/secure.gravatar.com\/avatar\/79976a1950649a2b487377d773573de459294ff43e2ee4a1f30bce5167d5d6aa?s=96&d=mm&r=g\",\"url\":\"https:\/\/secure.gravatar.com\/avatar\/79976a1950649a2b487377d773573de459294ff43e2ee4a1f30bce5167d5d6aa?s=96&d=mm&r=g\",\"contentUrl\":\"https:\/\/secure.gravatar.com\/avatar\/79976a1950649a2b487377d773573de459294ff43e2ee4a1f30bce5167d5d6aa?s=96&d=mm&r=g\",\"caption\":\"Alessandro Sanchez\"},\"url\":\"https:\/\/www.estrategiaconcursos.com.br\/blog\/author\/alessandro-sanchezuol-com-br\/\"}]}<\/script>\n<!-- \/ Yoast SEO Premium plugin. -->","yoast_head_json":{"title":"A Crise das empresas e o instituto da Recupera\u00e7\u00e3o de Empresas em tempos de pandemia (Covid-19)","description":"Clique e saiba tudo sobre a crise das empresas na legisla\u00e7\u00e3o. O artigo ainda explica a lei atual e transit\u00f3ria para a preserva\u00e7\u00e3o da empresa em crise.","robots":{"index":"index","follow":"follow","max-snippet":"max-snippet:-1","max-image-preview":"max-image-preview:large","max-video-preview":"max-video-preview:-1"},"canonical":"https:\/\/www.estrategiaconcursos.com.br\/blog\/a-crise-das-empresas-e-a-preservacao-da-empresa-em-tempos-de-pandemia\/","og_locale":"pt_BR","og_type":"article","og_title":"A Crise das empresas e o instituto da Recupera\u00e7\u00e3o de Empresas em tempos de pandemia (Covid-19)","og_description":"Clique e saiba tudo sobre a crise das empresas na legisla\u00e7\u00e3o. O artigo ainda explica a lei atual e transit\u00f3ria para a preserva\u00e7\u00e3o da empresa em crise.","og_url":"https:\/\/www.estrategiaconcursos.com.br\/blog\/a-crise-das-empresas-e-a-preservacao-da-empresa-em-tempos-de-pandemia\/","og_site_name":"Estrat\u00e9gia Concursos","article_published_time":"2020-07-13T02:37:04+00:00","article_modified_time":"2023-10-17T19:26:00+00:00","og_image":[{"url":"https:\/\/www.estrategiaconcursos.com.br\/blog\/wp-content\/uploads\/2020\/07\/Fracaso.jpg","type":"","width":"","height":""}],"author":"Alessandro Sanchez","twitter_card":"summary_large_image","twitter_creator":"@EstratConcursos","twitter_site":"@EstratConcursos","twitter_misc":{"Escrito por":"Alessandro Sanchez","Est. tempo de leitura":"14 minutos"},"schema":{"@context":"https:\/\/schema.org","@graph":[{"@type":"NewsArticle","@id":"https:\/\/www.estrategiaconcursos.com.br\/blog\/a-crise-das-empresas-e-a-preservacao-da-empresa-em-tempos-de-pandemia\/#article","isPartOf":{"@id":"https:\/\/www.estrategiaconcursos.com.br\/blog\/a-crise-das-empresas-e-a-preservacao-da-empresa-em-tempos-de-pandemia\/"},"author":{"name":"Alessandro Sanchez","@id":"https:\/\/www.estrategiaconcursos.com.br\/blog\/#\/schema\/person\/1e69b7fe81f5649f20ef70b7bcf64bbc"},"headline":"A Crise das empresas e o instituto da Recupera\u00e7\u00e3o de Empresas em tempos de pandemia (Covid-19)","datePublished":"2020-07-13T02:37:04+00:00","dateModified":"2023-10-17T19:26:00+00:00","mainEntityOfPage":{"@id":"https:\/\/www.estrategiaconcursos.com.br\/blog\/a-crise-das-empresas-e-a-preservacao-da-empresa-em-tempos-de-pandemia\/"},"wordCount":2802,"commentCount":0,"publisher":{"@id":"https:\/\/www.estrategiaconcursos.com.br\/blog\/#organization"},"image":{"@id":"https:\/\/www.estrategiaconcursos.com.br\/blog\/a-crise-das-empresas-e-a-preservacao-da-empresa-em-tempos-de-pandemia\/#primaryimage"},"thumbnailUrl":"https:\/\/www.estrategiaconcursos.com.br\/blog\/wp-content\/uploads\/2020\/07\/Fracaso.jpg","articleSection":["Concursos P\u00fablicos"],"inLanguage":"pt-BR","potentialAction":[{"@type":"CommentAction","name":"Comment","target":["https:\/\/www.estrategiaconcursos.com.br\/blog\/a-crise-das-empresas-e-a-preservacao-da-empresa-em-tempos-de-pandemia\/#respond"]}],"copyrightYear":"2020","copyrightHolder":{"@id":"https:\/\/www.estrategiaconcursos.com.br\/blog\/#organization"}},{"@type":"WebPage","@id":"https:\/\/www.estrategiaconcursos.com.br\/blog\/a-crise-das-empresas-e-a-preservacao-da-empresa-em-tempos-de-pandemia\/","url":"https:\/\/www.estrategiaconcursos.com.br\/blog\/a-crise-das-empresas-e-a-preservacao-da-empresa-em-tempos-de-pandemia\/","name":"A Crise das empresas e o instituto da Recupera\u00e7\u00e3o de Empresas em tempos de pandemia (Covid-19)","isPartOf":{"@id":"https:\/\/www.estrategiaconcursos.com.br\/blog\/#website"},"primaryImageOfPage":{"@id":"https:\/\/www.estrategiaconcursos.com.br\/blog\/a-crise-das-empresas-e-a-preservacao-da-empresa-em-tempos-de-pandemia\/#primaryimage"},"image":{"@id":"https:\/\/www.estrategiaconcursos.com.br\/blog\/a-crise-das-empresas-e-a-preservacao-da-empresa-em-tempos-de-pandemia\/#primaryimage"},"thumbnailUrl":"https:\/\/www.estrategiaconcursos.com.br\/blog\/wp-content\/uploads\/2020\/07\/Fracaso.jpg","datePublished":"2020-07-13T02:37:04+00:00","dateModified":"2023-10-17T19:26:00+00:00","description":"Clique e saiba tudo sobre a crise das empresas na legisla\u00e7\u00e3o. O artigo ainda explica a lei atual e transit\u00f3ria para a preserva\u00e7\u00e3o da empresa em crise.","breadcrumb":{"@id":"https:\/\/www.estrategiaconcursos.com.br\/blog\/a-crise-das-empresas-e-a-preservacao-da-empresa-em-tempos-de-pandemia\/#breadcrumb"},"inLanguage":"pt-BR","potentialAction":[{"@type":"ReadAction","target":["https:\/\/www.estrategiaconcursos.com.br\/blog\/a-crise-das-empresas-e-a-preservacao-da-empresa-em-tempos-de-pandemia\/"]}]},{"@type":"ImageObject","inLanguage":"pt-BR","@id":"https:\/\/www.estrategiaconcursos.com.br\/blog\/a-crise-das-empresas-e-a-preservacao-da-empresa-em-tempos-de-pandemia\/#primaryimage","url":"https:\/\/dhg1h5j42swfq.cloudfront.net\/2020\/07\/13014759\/Fracaso.jpg","contentUrl":"https:\/\/dhg1h5j42swfq.cloudfront.net\/2020\/07\/13014759\/Fracaso.jpg","width":600,"height":400},{"@type":"BreadcrumbList","@id":"https:\/\/www.estrategiaconcursos.com.br\/blog\/a-crise-das-empresas-e-a-preservacao-da-empresa-em-tempos-de-pandemia\/#breadcrumb","itemListElement":[{"@type":"ListItem","position":1,"name":"In\u00edcio","item":"https:\/\/www.estrategiaconcursos.com.br\/blog\/"},{"@type":"ListItem","position":2,"name":"A Crise das empresas e o instituto da Recupera\u00e7\u00e3o de Empresas em tempos de pandemia (Covid-19)"}]},{"@type":"WebSite","@id":"https:\/\/www.estrategiaconcursos.com.br\/blog\/#website","url":"https:\/\/www.estrategiaconcursos.com.br\/blog\/","name":"Estrat\u00e9gia Concursos","description":"O blog da Estrat\u00e9gia Concursos traz not\u00edcias sobre concursos e artigos de professores oferecendo cursos para concursos (pdf + videaulas) no site.","publisher":{"@id":"https:\/\/www.estrategiaconcursos.com.br\/blog\/#organization"},"potentialAction":[{"@type":"SearchAction","target":{"@type":"EntryPoint","urlTemplate":"https:\/\/www.estrategiaconcursos.com.br\/blog\/?s={search_term_string}"},"query-input":{"@type":"PropertyValueSpecification","valueRequired":true,"valueName":"search_term_string"}}],"inLanguage":"pt-BR"},{"@type":"Organization","@id":"https:\/\/www.estrategiaconcursos.com.br\/blog\/#organization","name":"Estrat\u00e9gia Concursos","url":"https:\/\/www.estrategiaconcursos.com.br\/blog\/","logo":{"@type":"ImageObject","inLanguage":"pt-BR","@id":"https:\/\/www.estrategiaconcursos.com.br\/blog\/#\/schema\/logo\/image\/","url":"https:\/\/dhg1h5j42swfq.cloudfront.net\/2025\/06\/03203428\/logo_concursos-1.jpg","contentUrl":"https:\/\/dhg1h5j42swfq.cloudfront.net\/2025\/06\/03203428\/logo_concursos-1.jpg","width":230,"height":60,"caption":"Estrat\u00e9gia Concursos"},"image":{"@id":"https:\/\/www.estrategiaconcursos.com.br\/blog\/#\/schema\/logo\/image\/"},"sameAs":["https:\/\/x.com\/EstratConcursos"]},{"@type":"Person","@id":"https:\/\/www.estrategiaconcursos.com.br\/blog\/#\/schema\/person\/1e69b7fe81f5649f20ef70b7bcf64bbc","name":"Alessandro Sanchez","image":{"@type":"ImageObject","inLanguage":"pt-BR","@id":"https:\/\/secure.gravatar.com\/avatar\/79976a1950649a2b487377d773573de459294ff43e2ee4a1f30bce5167d5d6aa?s=96&d=mm&r=g","url":"https:\/\/secure.gravatar.com\/avatar\/79976a1950649a2b487377d773573de459294ff43e2ee4a1f30bce5167d5d6aa?s=96&d=mm&r=g","contentUrl":"https:\/\/secure.gravatar.com\/avatar\/79976a1950649a2b487377d773573de459294ff43e2ee4a1f30bce5167d5d6aa?s=96&d=mm&r=g","caption":"Alessandro Sanchez"},"url":"https:\/\/www.estrategiaconcursos.com.br\/blog\/author\/alessandro-sanchezuol-com-br\/"}]}},"_links":{"self":[{"href":"https:\/\/www.estrategiaconcursos.com.br\/blog\/wp-json\/wp\/v2\/posts\/540899","targetHints":{"allow":["GET"]}}],"collection":[{"href":"https:\/\/www.estrategiaconcursos.com.br\/blog\/wp-json\/wp\/v2\/posts"}],"about":[{"href":"https:\/\/www.estrategiaconcursos.com.br\/blog\/wp-json\/wp\/v2\/types\/post"}],"author":[{"embeddable":true,"href":"https:\/\/www.estrategiaconcursos.com.br\/blog\/wp-json\/wp\/v2\/users\/1153"}],"replies":[{"embeddable":true,"href":"https:\/\/www.estrategiaconcursos.com.br\/blog\/wp-json\/wp\/v2\/comments?post=540899"}],"version-history":[{"count":13,"href":"https:\/\/www.estrategiaconcursos.com.br\/blog\/wp-json\/wp\/v2\/posts\/540899\/revisions"}],"predecessor-version":[{"id":1293761,"href":"https:\/\/www.estrategiaconcursos.com.br\/blog\/wp-json\/wp\/v2\/posts\/540899\/revisions\/1293761"}],"wp:attachment":[{"href":"https:\/\/www.estrategiaconcursos.com.br\/blog\/wp-json\/wp\/v2\/media?parent=540899"}],"wp:term":[{"taxonomy":"category","embeddable":true,"href":"https:\/\/www.estrategiaconcursos.com.br\/blog\/wp-json\/wp\/v2\/categories?post=540899"},{"taxonomy":"post_tag","embeddable":true,"href":"https:\/\/www.estrategiaconcursos.com.br\/blog\/wp-json\/wp\/v2\/tags?post=540899"},{"taxonomy":"tax_estado","embeddable":true,"href":"https:\/\/www.estrategiaconcursos.com.br\/blog\/wp-json\/wp\/v2\/tax_estado?post=540899"}],"curies":[{"name":"wp","href":"https:\/\/api.w.org\/{rel}","templated":true}]}}