{"id":540481,"date":"2020-07-10T17:58:43","date_gmt":"2020-07-10T20:58:43","guid":{"rendered":"https:\/\/www.estrategiaconcursos.com.br\/blog\/?p=540481"},"modified":"2020-07-17T16:13:55","modified_gmt":"2020-07-17T19:13:55","slug":"receita-federal-edital-perito-vitoria-es","status":"publish","type":"post","link":"https:\/\/www.estrategiaconcursos.com.br\/blog\/receita-federal-edital-perito-vitoria-es\/","title":{"rendered":"Receita Federal publica edital para Perito em Vit\u00f3ria ES"},"content":{"rendered":"\n<p>Foi publicado o edital de concurso da Receita Federal com <strong>39 vagas tempor\u00e1rias de Perito Aut\u00f4nomo<\/strong>, com exig\u00eancia em n\u00edvel superior. Conforme o documento, os contratados ir\u00e3o atuar na Alf\u00e2ndega do Porto de Vit\u00f3ria, estado do Esp\u00edrito Santo. <\/p>\n\n\n\n<p>O tempo de contrato dos servi\u00e7os ser\u00e1 de dois anos, podendo ser prorrogado uma vez por igual per\u00edodo. Contudo, de acordo com o edital, n\u00e3o haver\u00e1 v\u00ednculo empregat\u00edcio com a Receita Federal.<\/p>\n\n\n\n<h2 class=\"wp-block-heading\" id=\"datas\">Inscri\u00e7\u00f5es<\/h2>\n\n\n\n<p>Os interessados em participar da sele\u00e7\u00e3o devem realizar as inscri\u00e7\u00f5es no per\u00edodo de <strong>13 a 24 de julho<\/strong>, por meio de formul\u00e1rio que deve ser enviado ao e-mail cac.alfvit@rfb.gov.br. A candidatura ser\u00e1 <strong>gratuita<\/strong>.<\/p>\n\n\n\n<p>No entanto, exige-se domic\u00edlio em cidade distante no m\u00e1ximo 300 km da sede da Alfandega do Porto de Vit\u00f3ria\/ES. (<em>Considera-se domic\u00edlio o endere\u00e7o constante da base de dados do Sistema CPF da RFB<\/em>).<\/p>\n\n\n\n<p>Em caso de d\u00favidas, os candidatos podem solicitar esclarecimentos \u00e0 comiss\u00e3o organizadora do processo seletivo at\u00e9 o dia 22 de julho, exclusivamente pelo e-mail peritos.alfvit.es@receita.fazenda.gov.br.<\/p>\n\n\n\n<h2 class=\"wp-block-heading\" id=\"cargos-vagas\">Vagas de Perito do concurso Receita Federal<\/h2>\n\n\n\n<p>De acordo com o edital do concurso Receita Federal, s\u00e3o ofertadas 39 vagas tempor\u00e1rias para <strong>Perito Aut\u00f4nomo<\/strong>. A distribui\u00e7\u00e3o se d\u00e1 nas seguintes especialidades:<\/p>\n\n\n\n<figure class=\"wp-block-table is-style-stripes\"><table class=\"has-subtle-pale-blue-background-color has-fixed-layout has-background\"><thead><tr><th class=\"has-text-align-center\" data-align=\"center\">\u00c1rea de Especializa\u00e7\u00e3o<\/th><th class=\"has-text-align-center\" data-align=\"center\">Vagas<\/th><th class=\"has-text-align-center\" data-align=\"center\">Escolaridade<\/th><\/tr><\/thead><tbody><tr><td class=\"has-text-align-center\" data-align=\"center\">Quantifica\u00e7\u00e3o de mercadorias a granel, s\u00f3lido, l\u00edquido ou gasoso<\/td><td class=\"has-text-align-center\" data-align=\"center\">20<\/td><td class=\"has-text-align-center\" data-align=\"center\">Curso superior em qualquer \u00e1rea fiscalizada pelo Sistema<br \/>Confea\/Crea<\/td><\/tr><tr><td class=\"has-text-align-center\" data-align=\"center\">Mec\u00e2nica<\/td><td class=\"has-text-align-center\" data-align=\"center\">4<\/td><td class=\"has-text-align-center\" data-align=\"center\">Curso superior em Engenharia Mec\u00e2nica<\/td><\/tr><tr><td class=\"has-text-align-center\" data-align=\"center\">El\u00e9trica<\/td><td class=\"has-text-align-center\" data-align=\"center\">3<\/td><td class=\"has-text-align-center\" data-align=\"center\">Curso superior em Engenharia El\u00e9trica<\/td><\/tr><tr><td class=\"has-text-align-center\" data-align=\"center\">Inform\u00e1tica<\/td><td class=\"has-text-align-center\" data-align=\"center\">3<\/td><td class=\"has-text-align-center\" data-align=\"center\">Curso superior em Engenharia de Computa\u00e7\u00e3o ou Engenharia Eletr\u00f4nica<\/td><\/tr><tr><td class=\"has-text-align-center\" data-align=\"center\">T\u00eaxtil<\/td><td class=\"has-text-align-center\" data-align=\"center\">3<\/td><td class=\"has-text-align-center\" data-align=\"center\">Curso superior em Engenharia T\u00eaxtil<\/td><\/tr><tr><td class=\"has-text-align-center\" data-align=\"center\">Qu\u00edmica<\/td><td class=\"has-text-align-center\" data-align=\"center\">3<\/td><td class=\"has-text-align-center\" data-align=\"center\">Curso superior em Engenharia Qu\u00edmica<\/td><\/tr><tr><td class=\"has-text-align-center\" data-align=\"center\">Telecomunica\u00e7\u00f5es<\/td><td class=\"has-text-align-center\" data-align=\"center\">3<\/td><td class=\"has-text-align-center\" data-align=\"center\">Curso superior em Engenharia de Telecomunica\u00e7\u00f5es ou Engenharia Eletr\u00f4nica<\/td><\/tr><\/tbody><\/table><\/figure>\n\n\n\n<h3 class=\"wp-block-heading\">Remunera\u00e7\u00e3o<\/h3>\n\n\n\n<p>As atividades de per\u00edcia ser\u00e3o remuneradas com base nas tabelas definidas na&nbsp;<a rel=\"noreferrer noopener\" href=\"http:\/\/receita.economia.gov.br\/sobre\/processos-seletivos-publicos\/2018\/021-anexo-01b-anexo-unico-da-in-1800.pdf\" target=\"_blank\"><span class=\"has-inline-color has-very-dark-gray-color\">Instru\u00e7\u00e3o Normativa 1.800\/2018<\/span><\/a>, conforme valores detalhados abaixo:<\/p>\n\n\n\n<ul class=\"wp-block-list\"><li>parecer t\u00e9cnico ou laudo pericial relativo \u00e0 identifica\u00e7\u00e3o ou caracteriza\u00e7\u00e3o de mercadoria encaminhada para an\u00e1lise laboratorial: <strong>R$ 3.088,85<\/strong>;<\/li><li>parecer t\u00e9cnico ou laudo pericial relativo \u00e0 identifica\u00e7\u00e3o ou caracteriza\u00e7\u00e3o de mercadoria realizada por per\u00edcia credenciada pela RFB: <strong>R$ 3.380,00<\/strong>;<\/li><li>laudo pericial relativo \u00e0 quantifica\u00e7\u00e3o de mercadoria a granel: at\u00e9 <strong>R$ 3.380,00<\/strong>;<\/li><li>parecer t\u00e9cnico ou laudo pericial relativo \u00e0 quantifica\u00e7\u00e3o de mercadoria a granel localizada em plataforma de petr\u00f3leo ou monoboia: <strong>R$ 3.380,00<\/strong>;<\/li><li>laudo suplementar emitido: <strong>R$ 48,00<\/strong>;<\/li><li>ressarcimento de despesa de transporte (por deslocamento de ida e volta): <strong>R$ 1,18<\/strong> por km;<\/li><\/ul>\n\n\n\n<h2 class=\"wp-block-heading\" id=\"etapas\">Provas do concurso Receita Federal para Perito<\/h2>\n\n\n\n<p>Os candidatos do concurso Receita Federal para Peritos ser\u00e3o avaliados por meio de <strong>An\u00e1lise Curricular<\/strong>, com base nas informa\u00e7\u00f5es apresentadas no formul\u00e1rio de inscri\u00e7\u00e3o. A divulga\u00e7\u00e3o do resultado final est\u00e1 prevista para acontecer at\u00e9 25 de setembro.<\/p>\n\n\n\n<p>A classifica\u00e7\u00e3o dos candidatos habilitados nas respectivas \u00e1reas de atua\u00e7\u00e3o, far-se-\u00e1 observando os seguintes crit\u00e9rios classificat\u00f3rios de pontua\u00e7\u00e3o:<\/p>\n\n\n\n<ul class=\"wp-block-list\"><li><strong>Tempo de atua\u00e7\u00e3o<\/strong> como perito credenciado pela ALF\/VIT: 1 ponto a cada 2 anos, limitado a 5 pontos;<\/li><li><strong>Tempo de experi\u00eancia<\/strong>, como empregado ou aut\u00f4nomo na \u00e1rea espec\u00edfica, 1 ponto a cada 2 anos, limitado a 4 pontos; <\/li><li><strong>Participa\u00e7\u00e3o em cursos<\/strong> diretamente relacionados com a \u00e1rea de atua\u00e7\u00e3o:<ul><li>Curso de p\u00f3s-gradua\u00e7\u00e3o: <em>Lato sensu<\/em> na \u00e1rea espec\u00edfica (1 ponto por curso, limitado a 4 pontos) e\/ou <em>Stricto sensu<\/em> na \u00e1rea<br \/>espec\u00edfica (2 pontos por curso, limitado a 4 pontos);<\/li><li>Curso de especializa\u00e7\u00e3o na \u00e1rea espec\u00edfica com carga hor\u00e1ria superior a 60 horas\/aula (1 ponto por curso, limitado a 2 pontos).<\/li><\/ul><\/li><\/ul>\n\n\n\n<hr class=\"wp-block-separator\"\/>\n\n\n\n<p class=\"has-text-align-center has-medium-font-size\"><em><strong>Assinatura Anual Ilimitada*<\/strong><\/em><\/p>\n\n\n\n<p class=\"has-text-align-center\"><em>Prepare-se com o melhor material e com quem mais aprova em Concursos P\u00fablicos em todo o pa\u00eds. Assine agora a nossa Assinatura Anual e tenha acesso ilimitado* a todos os nossos cursos.<\/em><\/p>\n\n\n\n<p style=\"font-size:22px\" class=\"has-background has-text-align-center has-light-green-cyan-background-color\"><strong>ASSINE AGORA<\/strong>&nbsp;\u2013&nbsp;<strong><a rel=\"noreferrer noopener\" href=\"https:\/\/www.estrategiaconcursos.com.br\/assinaturas\" target=\"_blank\">Assinatura Ilimitada<\/a><\/strong><\/p>\n\n\n\n<p class=\"has-text-align-center has-medium-font-size\"><strong><em><strong>Sistema de Quest\u00f5es<\/strong><\/em><\/strong><\/p>\n\n\n\n<p class=\"has-text-align-center\"><em>Estrat\u00e9gia Quest\u00f5es nasceu maior do que todos os concorrentes, com mais quest\u00f5es cadastradas e mais solu\u00e7\u00f5es por professores. Ent\u00e3o, confira e aproveite os descontos e b\u00f4nus imperd\u00edveis!<\/em><\/p>\n\n\n\n<p style=\"font-size:22px\" class=\"has-background has-text-align-center has-vivid-green-cyan-background-color\"><strong>ASSINE AGORA \u2013&nbsp;<a rel=\"noreferrer noopener\" href=\"https:\/\/www.estrategiaconcursos.com.br\/cursosPorConcurso\/sistema-de-questoes\/#\/\" target=\"_blank\">Sistema de Quest\u00f5es<\/a><\/strong><\/p>\n\n\n\n<p class=\"has-text-align-center has-normal-font-size\"><strong><em>Fique por dentro dos concursos em aberto<\/em><\/strong><\/p>\n\n\n\n<p style=\"font-size:22px\" class=\"has-background has-text-align-center has-pale-cyan-blue-background-color\"><a rel=\"noreferrer noopener\" href=\"https:\/\/www.estrategiaconcursos.com.br\/blog\/concursos-abertos\/\" target=\"_blank\"><strong>CONCURSOS ABERTOS<\/strong><\/a><\/p>\n\n\n\n<p class=\"has-text-align-center\"><strong><em>As oportunidades previstas<\/em><\/strong><\/p>\n\n\n\n<p style=\"font-size:22px\" class=\"has-background has-text-align-center has-pale-cyan-blue-background-color\"><a rel=\"noreferrer noopener\" href=\"https:\/\/www.estrategiaconcursos.com.br\/blog\/concursos-2020\/\" target=\"_blank\"><strong>CONCURSOS&nbsp;2020<\/strong><\/a><\/p>\n\n\n\n<p style=\"font-size:22px\" class=\"has-background has-text-align-center has-pale-cyan-blue-background-color\"><a rel=\"noreferrer noopener\" href=\"https:\/\/www.estrategiaconcursos.com.br\/blog\/concursos-2021\/\" target=\"_blank\"><strong>CONCURSOS 2021<\/strong><\/a><\/p>\n\n\n\n<figure class=\"wp-block-image\"><img loading=\"lazy\" decoding=\"async\" width=\"300\" height=\"102\" src=\"https:\/\/dhg1h5j42swfq.cloudfront.net\/2017\/03\/28152500\/coruja-ficha-tecnica-300x102.png\" alt=\"Informa\u00e7\u00f5es sobre o concurso Receita Federal para Perito\" class=\"wp-image-68542\"\/><\/figure>\n\n\n\n<ul class=\"wp-block-list\"><li><strong>Inscri\u00e7\u00f5es<\/strong>: 13 a 24\/07<\/li><li><strong>Vagas<\/strong>: 39<\/li><li><strong>Cargos<\/strong>: Perito<\/li><li><strong>Escolaridade<\/strong>: N\u00edvel superior em Engenharia<\/li><li><strong>Edital<\/strong>:&nbsp;<a href=\"https:\/\/dhg1h5j42swfq.cloudfront.net\/2020\/07\/10165520\/concurso-receita-federal-perito-edital.pdf\" target=\"_blank\" rel=\"noreferrer noopener\">Edital RFB &#8211; Perito<\/a><\/li><\/ul>\n\n\n\n<p><em>Ascom Estrat\u00e9gia<\/em><br \/>ascomestrategia@gmail.com<\/p>\n","protected":false},"excerpt":{"rendered":"<p>Foi publicado o edital de concurso da Receita Federal com 39 vagas tempor\u00e1rias de Perito Aut\u00f4nomo, com exig\u00eancia em n\u00edvel superior. Conforme o documento, os contratados ir\u00e3o atuar na Alf\u00e2ndega do Porto de Vit\u00f3ria, estado do Esp\u00edrito Santo. O tempo de contrato dos servi\u00e7os ser\u00e1 de dois anos, podendo ser prorrogado uma vez por igual [&hellip;]<\/p>\n","protected":false},"author":1276,"featured_media":120787,"comment_status":"open","ping_status":"closed","sticky":false,"template":"","format":"standard","meta":{"post_tipo":"article","footnotes":""},"categories":[1],"tags":[],"tax_estado":[],"class_list":["post-540481","post","type-post","status-publish","format-standard","has-post-thumbnail","hentry","category-cursos-e-concursos"],"acf":[],"yoast_head":"<!-- This site is optimized with the Yoast SEO Premium plugin v27.2 (Yoast SEO v27.2) - https:\/\/yoast.com\/product\/yoast-seo-premium-wordpress\/ -->\n<title>Receita Federal publica edital para Perito em Vit\u00f3ria ES<\/title>\n<meta name=\"description\" content=\"Publicado edital de concurso Receita Federal com 39 vagas tempor\u00e1rias para Perito Aut\u00f4nomo. Acesse e confira os detalhes!\" \/>\n<meta name=\"robots\" content=\"index, follow, max-snippet:-1, max-image-preview:large, max-video-preview:-1\" \/>\n<link rel=\"canonical\" href=\"https:\/\/www.estrategiaconcursos.com.br\/blog\/receita-federal-edital-perito-vitoria-es\/\" \/>\n<meta property=\"og:locale\" content=\"pt_BR\" \/>\n<meta property=\"og:type\" content=\"article\" \/>\n<meta property=\"og:title\" content=\"Receita Federal publica edital para Perito em Vit\u00f3ria ES\" \/>\n<meta property=\"og:description\" content=\"Publicado edital de concurso Receita Federal com 39 vagas tempor\u00e1rias para Perito Aut\u00f4nomo. Acesse e confira os detalhes!\" \/>\n<meta property=\"og:url\" content=\"https:\/\/www.estrategiaconcursos.com.br\/blog\/receita-federal-edital-perito-vitoria-es\/\" \/>\n<meta property=\"og:site_name\" content=\"Estrat\u00e9gia Concursos\" \/>\n<meta property=\"article:published_time\" content=\"2020-07-10T20:58:43+00:00\" \/>\n<meta property=\"article:modified_time\" content=\"2020-07-17T19:13:55+00:00\" \/>\n<meta property=\"og:image\" content=\"https:\/\/dhg1h5j42swfq.cloudfront.net\/2018\/05\/11162230\/Receita-Federal.jpg\" \/>\n\t<meta property=\"og:image:width\" content=\"1200\" \/>\n\t<meta property=\"og:image:height\" content=\"628\" \/>\n\t<meta property=\"og:image:type\" content=\"image\/jpeg\" \/>\n<meta name=\"author\" content=\"Victor Shinichi Tanaka\" \/>\n<meta name=\"twitter:card\" content=\"summary_large_image\" \/>\n<meta name=\"twitter:creator\" content=\"@EstratConcursos\" \/>\n<meta name=\"twitter:site\" content=\"@EstratConcursos\" \/>\n<meta name=\"twitter:label1\" content=\"Escrito por\" \/>\n\t<meta name=\"twitter:data1\" content=\"Victor Shinichi Tanaka\" \/>\n\t<meta name=\"twitter:label2\" content=\"Est. tempo de leitura\" \/>\n\t<meta name=\"twitter:data2\" content=\"4 minutos\" \/>\n<script type=\"application\/ld+json\" class=\"yoast-schema-graph\">{\"@context\":\"https:\/\/schema.org\",\"@graph\":[{\"@type\":\"NewsArticle\",\"@id\":\"https:\/\/www.estrategiaconcursos.com.br\/blog\/receita-federal-edital-perito-vitoria-es\/#article\",\"isPartOf\":{\"@id\":\"https:\/\/www.estrategiaconcursos.com.br\/blog\/receita-federal-edital-perito-vitoria-es\/\"},\"author\":{\"name\":\"Victor Shinichi Tanaka\",\"@id\":\"https:\/\/www.estrategiaconcursos.com.br\/blog\/#\/schema\/person\/602a4eaf2bed921c107675da3a65b0e0\"},\"headline\":\"Receita Federal publica edital para Perito em Vit\u00f3ria ES\",\"datePublished\":\"2020-07-10T20:58:43+00:00\",\"dateModified\":\"2020-07-17T19:13:55+00:00\",\"mainEntityOfPage\":{\"@id\":\"https:\/\/www.estrategiaconcursos.com.br\/blog\/receita-federal-edital-perito-vitoria-es\/\"},\"wordCount\":738,\"commentCount\":0,\"publisher\":{\"@id\":\"https:\/\/www.estrategiaconcursos.com.br\/blog\/#organization\"},\"image\":{\"@id\":\"https:\/\/www.estrategiaconcursos.com.br\/blog\/receita-federal-edital-perito-vitoria-es\/#primaryimage\"},\"thumbnailUrl\":\"https:\/\/dhg1h5j42swfq.cloudfront.net\/2018\/05\/11162230\/Receita-Federal.jpg\",\"articleSection\":[\"Concursos P\u00fablicos\"],\"inLanguage\":\"pt-BR\",\"potentialAction\":[{\"@type\":\"CommentAction\",\"name\":\"Comment\",\"target\":[\"https:\/\/www.estrategiaconcursos.com.br\/blog\/receita-federal-edital-perito-vitoria-es\/#respond\"]}],\"copyrightYear\":\"2020\",\"copyrightHolder\":{\"@id\":\"https:\/\/www.estrategiaconcursos.com.br\/blog\/#organization\"}},{\"@type\":\"WebPage\",\"@id\":\"https:\/\/www.estrategiaconcursos.com.br\/blog\/receita-federal-edital-perito-vitoria-es\/\",\"url\":\"https:\/\/www.estrategiaconcursos.com.br\/blog\/receita-federal-edital-perito-vitoria-es\/\",\"name\":\"Receita Federal publica edital para Perito em Vit\u00f3ria ES\",\"isPartOf\":{\"@id\":\"https:\/\/www.estrategiaconcursos.com.br\/blog\/#website\"},\"primaryImageOfPage\":{\"@id\":\"https:\/\/www.estrategiaconcursos.com.br\/blog\/receita-federal-edital-perito-vitoria-es\/#primaryimage\"},\"image\":{\"@id\":\"https:\/\/www.estrategiaconcursos.com.br\/blog\/receita-federal-edital-perito-vitoria-es\/#primaryimage\"},\"thumbnailUrl\":\"https:\/\/dhg1h5j42swfq.cloudfront.net\/2018\/05\/11162230\/Receita-Federal.jpg\",\"datePublished\":\"2020-07-10T20:58:43+00:00\",\"dateModified\":\"2020-07-17T19:13:55+00:00\",\"description\":\"Publicado edital de concurso Receita Federal com 39 vagas tempor\u00e1rias para Perito Aut\u00f4nomo. Acesse e confira os detalhes!\",\"breadcrumb\":{\"@id\":\"https:\/\/www.estrategiaconcursos.com.br\/blog\/receita-federal-edital-perito-vitoria-es\/#breadcrumb\"},\"inLanguage\":\"pt-BR\",\"potentialAction\":[{\"@type\":\"ReadAction\",\"target\":[\"https:\/\/www.estrategiaconcursos.com.br\/blog\/receita-federal-edital-perito-vitoria-es\/\"]}]},{\"@type\":\"ImageObject\",\"inLanguage\":\"pt-BR\",\"@id\":\"https:\/\/www.estrategiaconcursos.com.br\/blog\/receita-federal-edital-perito-vitoria-es\/#primaryimage\",\"url\":\"https:\/\/dhg1h5j42swfq.cloudfront.net\/2018\/05\/11162230\/Receita-Federal.jpg\",\"contentUrl\":\"https:\/\/dhg1h5j42swfq.cloudfront.net\/2018\/05\/11162230\/Receita-Federal.jpg\",\"width\":1200,\"height\":628,\"caption\":\"receita federal\"},{\"@type\":\"BreadcrumbList\",\"@id\":\"https:\/\/www.estrategiaconcursos.com.br\/blog\/receita-federal-edital-perito-vitoria-es\/#breadcrumb\",\"itemListElement\":[{\"@type\":\"ListItem\",\"position\":1,\"name\":\"In\u00edcio\",\"item\":\"https:\/\/www.estrategiaconcursos.com.br\/blog\/\"},{\"@type\":\"ListItem\",\"position\":2,\"name\":\"Receita Federal publica edital para Perito em Vit\u00f3ria ES\"}]},{\"@type\":\"WebSite\",\"@id\":\"https:\/\/www.estrategiaconcursos.com.br\/blog\/#website\",\"url\":\"https:\/\/www.estrategiaconcursos.com.br\/blog\/\",\"name\":\"Estrat\u00e9gia Concursos\",\"description\":\"O blog da Estrat\u00e9gia Concursos traz not\u00edcias sobre concursos e artigos de professores oferecendo cursos para concursos (pdf + videaulas) no site.\",\"publisher\":{\"@id\":\"https:\/\/www.estrategiaconcursos.com.br\/blog\/#organization\"},\"potentialAction\":[{\"@type\":\"SearchAction\",\"target\":{\"@type\":\"EntryPoint\",\"urlTemplate\":\"https:\/\/www.estrategiaconcursos.com.br\/blog\/?s={search_term_string}\"},\"query-input\":{\"@type\":\"PropertyValueSpecification\",\"valueRequired\":true,\"valueName\":\"search_term_string\"}}],\"inLanguage\":\"pt-BR\"},{\"@type\":\"Organization\",\"@id\":\"https:\/\/www.estrategiaconcursos.com.br\/blog\/#organization\",\"name\":\"Estrat\u00e9gia Concursos\",\"url\":\"https:\/\/www.estrategiaconcursos.com.br\/blog\/\",\"logo\":{\"@type\":\"ImageObject\",\"inLanguage\":\"pt-BR\",\"@id\":\"https:\/\/www.estrategiaconcursos.com.br\/blog\/#\/schema\/logo\/image\/\",\"url\":\"https:\/\/dhg1h5j42swfq.cloudfront.net\/2025\/06\/03203428\/logo_concursos-1.jpg\",\"contentUrl\":\"https:\/\/dhg1h5j42swfq.cloudfront.net\/2025\/06\/03203428\/logo_concursos-1.jpg\",\"width\":230,\"height\":60,\"caption\":\"Estrat\u00e9gia Concursos\"},\"image\":{\"@id\":\"https:\/\/www.estrategiaconcursos.com.br\/blog\/#\/schema\/logo\/image\/\"},\"sameAs\":[\"https:\/\/x.com\/EstratConcursos\"]},{\"@type\":\"Person\",\"@id\":\"https:\/\/www.estrategiaconcursos.com.br\/blog\/#\/schema\/person\/602a4eaf2bed921c107675da3a65b0e0\",\"name\":\"Victor Shinichi Tanaka\",\"image\":{\"@type\":\"ImageObject\",\"inLanguage\":\"pt-BR\",\"@id\":\"https:\/\/secure.gravatar.com\/avatar\/3772723eea77b2e6a2231e357d6339c6c129c6fb65cda4d02d0f3ca700221333?s=96&d=mm&r=g\",\"url\":\"https:\/\/secure.gravatar.com\/avatar\/3772723eea77b2e6a2231e357d6339c6c129c6fb65cda4d02d0f3ca700221333?s=96&d=mm&r=g\",\"contentUrl\":\"https:\/\/secure.gravatar.com\/avatar\/3772723eea77b2e6a2231e357d6339c6c129c6fb65cda4d02d0f3ca700221333?s=96&d=mm&r=g\",\"caption\":\"Victor Shinichi Tanaka\"},\"url\":\"https:\/\/www.estrategiaconcursos.com.br\/blog\/author\/victorstanakagmail-com\/\"}]}<\/script>\n<!-- \/ Yoast SEO Premium plugin. -->","yoast_head_json":{"title":"Receita Federal publica edital para Perito em Vit\u00f3ria ES","description":"Publicado edital de concurso Receita Federal com 39 vagas tempor\u00e1rias para Perito Aut\u00f4nomo. Acesse e confira os detalhes!","robots":{"index":"index","follow":"follow","max-snippet":"max-snippet:-1","max-image-preview":"max-image-preview:large","max-video-preview":"max-video-preview:-1"},"canonical":"https:\/\/www.estrategiaconcursos.com.br\/blog\/receita-federal-edital-perito-vitoria-es\/","og_locale":"pt_BR","og_type":"article","og_title":"Receita Federal publica edital para Perito em Vit\u00f3ria ES","og_description":"Publicado edital de concurso Receita Federal com 39 vagas tempor\u00e1rias para Perito Aut\u00f4nomo. Acesse e confira os detalhes!","og_url":"https:\/\/www.estrategiaconcursos.com.br\/blog\/receita-federal-edital-perito-vitoria-es\/","og_site_name":"Estrat\u00e9gia Concursos","article_published_time":"2020-07-10T20:58:43+00:00","article_modified_time":"2020-07-17T19:13:55+00:00","og_image":[{"width":1200,"height":628,"url":"https:\/\/dhg1h5j42swfq.cloudfront.net\/2018\/05\/11162230\/Receita-Federal.jpg","type":"image\/jpeg"}],"author":"Victor Shinichi Tanaka","twitter_card":"summary_large_image","twitter_creator":"@EstratConcursos","twitter_site":"@EstratConcursos","twitter_misc":{"Escrito por":"Victor Shinichi Tanaka","Est. tempo de leitura":"4 minutos"},"schema":{"@context":"https:\/\/schema.org","@graph":[{"@type":"NewsArticle","@id":"https:\/\/www.estrategiaconcursos.com.br\/blog\/receita-federal-edital-perito-vitoria-es\/#article","isPartOf":{"@id":"https:\/\/www.estrategiaconcursos.com.br\/blog\/receita-federal-edital-perito-vitoria-es\/"},"author":{"name":"Victor Shinichi Tanaka","@id":"https:\/\/www.estrategiaconcursos.com.br\/blog\/#\/schema\/person\/602a4eaf2bed921c107675da3a65b0e0"},"headline":"Receita Federal publica edital para Perito em Vit\u00f3ria ES","datePublished":"2020-07-10T20:58:43+00:00","dateModified":"2020-07-17T19:13:55+00:00","mainEntityOfPage":{"@id":"https:\/\/www.estrategiaconcursos.com.br\/blog\/receita-federal-edital-perito-vitoria-es\/"},"wordCount":738,"commentCount":0,"publisher":{"@id":"https:\/\/www.estrategiaconcursos.com.br\/blog\/#organization"},"image":{"@id":"https:\/\/www.estrategiaconcursos.com.br\/blog\/receita-federal-edital-perito-vitoria-es\/#primaryimage"},"thumbnailUrl":"https:\/\/dhg1h5j42swfq.cloudfront.net\/2018\/05\/11162230\/Receita-Federal.jpg","articleSection":["Concursos P\u00fablicos"],"inLanguage":"pt-BR","potentialAction":[{"@type":"CommentAction","name":"Comment","target":["https:\/\/www.estrategiaconcursos.com.br\/blog\/receita-federal-edital-perito-vitoria-es\/#respond"]}],"copyrightYear":"2020","copyrightHolder":{"@id":"https:\/\/www.estrategiaconcursos.com.br\/blog\/#organization"}},{"@type":"WebPage","@id":"https:\/\/www.estrategiaconcursos.com.br\/blog\/receita-federal-edital-perito-vitoria-es\/","url":"https:\/\/www.estrategiaconcursos.com.br\/blog\/receita-federal-edital-perito-vitoria-es\/","name":"Receita Federal publica edital para Perito em Vit\u00f3ria ES","isPartOf":{"@id":"https:\/\/www.estrategiaconcursos.com.br\/blog\/#website"},"primaryImageOfPage":{"@id":"https:\/\/www.estrategiaconcursos.com.br\/blog\/receita-federal-edital-perito-vitoria-es\/#primaryimage"},"image":{"@id":"https:\/\/www.estrategiaconcursos.com.br\/blog\/receita-federal-edital-perito-vitoria-es\/#primaryimage"},"thumbnailUrl":"https:\/\/dhg1h5j42swfq.cloudfront.net\/2018\/05\/11162230\/Receita-Federal.jpg","datePublished":"2020-07-10T20:58:43+00:00","dateModified":"2020-07-17T19:13:55+00:00","description":"Publicado edital de concurso Receita Federal com 39 vagas tempor\u00e1rias para Perito Aut\u00f4nomo. Acesse e confira os detalhes!","breadcrumb":{"@id":"https:\/\/www.estrategiaconcursos.com.br\/blog\/receita-federal-edital-perito-vitoria-es\/#breadcrumb"},"inLanguage":"pt-BR","potentialAction":[{"@type":"ReadAction","target":["https:\/\/www.estrategiaconcursos.com.br\/blog\/receita-federal-edital-perito-vitoria-es\/"]}]},{"@type":"ImageObject","inLanguage":"pt-BR","@id":"https:\/\/www.estrategiaconcursos.com.br\/blog\/receita-federal-edital-perito-vitoria-es\/#primaryimage","url":"https:\/\/dhg1h5j42swfq.cloudfront.net\/2018\/05\/11162230\/Receita-Federal.jpg","contentUrl":"https:\/\/dhg1h5j42swfq.cloudfront.net\/2018\/05\/11162230\/Receita-Federal.jpg","width":1200,"height":628,"caption":"receita federal"},{"@type":"BreadcrumbList","@id":"https:\/\/www.estrategiaconcursos.com.br\/blog\/receita-federal-edital-perito-vitoria-es\/#breadcrumb","itemListElement":[{"@type":"ListItem","position":1,"name":"In\u00edcio","item":"https:\/\/www.estrategiaconcursos.com.br\/blog\/"},{"@type":"ListItem","position":2,"name":"Receita Federal publica edital para Perito em Vit\u00f3ria ES"}]},{"@type":"WebSite","@id":"https:\/\/www.estrategiaconcursos.com.br\/blog\/#website","url":"https:\/\/www.estrategiaconcursos.com.br\/blog\/","name":"Estrat\u00e9gia Concursos","description":"O blog da Estrat\u00e9gia Concursos traz not\u00edcias sobre concursos e artigos de professores oferecendo cursos para concursos (pdf + videaulas) no site.","publisher":{"@id":"https:\/\/www.estrategiaconcursos.com.br\/blog\/#organization"},"potentialAction":[{"@type":"SearchAction","target":{"@type":"EntryPoint","urlTemplate":"https:\/\/www.estrategiaconcursos.com.br\/blog\/?s={search_term_string}"},"query-input":{"@type":"PropertyValueSpecification","valueRequired":true,"valueName":"search_term_string"}}],"inLanguage":"pt-BR"},{"@type":"Organization","@id":"https:\/\/www.estrategiaconcursos.com.br\/blog\/#organization","name":"Estrat\u00e9gia Concursos","url":"https:\/\/www.estrategiaconcursos.com.br\/blog\/","logo":{"@type":"ImageObject","inLanguage":"pt-BR","@id":"https:\/\/www.estrategiaconcursos.com.br\/blog\/#\/schema\/logo\/image\/","url":"https:\/\/dhg1h5j42swfq.cloudfront.net\/2025\/06\/03203428\/logo_concursos-1.jpg","contentUrl":"https:\/\/dhg1h5j42swfq.cloudfront.net\/2025\/06\/03203428\/logo_concursos-1.jpg","width":230,"height":60,"caption":"Estrat\u00e9gia Concursos"},"image":{"@id":"https:\/\/www.estrategiaconcursos.com.br\/blog\/#\/schema\/logo\/image\/"},"sameAs":["https:\/\/x.com\/EstratConcursos"]},{"@type":"Person","@id":"https:\/\/www.estrategiaconcursos.com.br\/blog\/#\/schema\/person\/602a4eaf2bed921c107675da3a65b0e0","name":"Victor Shinichi Tanaka","image":{"@type":"ImageObject","inLanguage":"pt-BR","@id":"https:\/\/secure.gravatar.com\/avatar\/3772723eea77b2e6a2231e357d6339c6c129c6fb65cda4d02d0f3ca700221333?s=96&d=mm&r=g","url":"https:\/\/secure.gravatar.com\/avatar\/3772723eea77b2e6a2231e357d6339c6c129c6fb65cda4d02d0f3ca700221333?s=96&d=mm&r=g","contentUrl":"https:\/\/secure.gravatar.com\/avatar\/3772723eea77b2e6a2231e357d6339c6c129c6fb65cda4d02d0f3ca700221333?s=96&d=mm&r=g","caption":"Victor Shinichi Tanaka"},"url":"https:\/\/www.estrategiaconcursos.com.br\/blog\/author\/victorstanakagmail-com\/"}]}},"_links":{"self":[{"href":"https:\/\/www.estrategiaconcursos.com.br\/blog\/wp-json\/wp\/v2\/posts\/540481","targetHints":{"allow":["GET"]}}],"collection":[{"href":"https:\/\/www.estrategiaconcursos.com.br\/blog\/wp-json\/wp\/v2\/posts"}],"about":[{"href":"https:\/\/www.estrategiaconcursos.com.br\/blog\/wp-json\/wp\/v2\/types\/post"}],"author":[{"embeddable":true,"href":"https:\/\/www.estrategiaconcursos.com.br\/blog\/wp-json\/wp\/v2\/users\/1276"}],"replies":[{"embeddable":true,"href":"https:\/\/www.estrategiaconcursos.com.br\/blog\/wp-json\/wp\/v2\/comments?post=540481"}],"version-history":[{"count":7,"href":"https:\/\/www.estrategiaconcursos.com.br\/blog\/wp-json\/wp\/v2\/posts\/540481\/revisions"}],"predecessor-version":[{"id":543519,"href":"https:\/\/www.estrategiaconcursos.com.br\/blog\/wp-json\/wp\/v2\/posts\/540481\/revisions\/543519"}],"wp:featuredmedia":[{"embeddable":true,"href":"https:\/\/www.estrategiaconcursos.com.br\/blog\/wp-json\/wp\/v2\/media\/120787"}],"wp:attachment":[{"href":"https:\/\/www.estrategiaconcursos.com.br\/blog\/wp-json\/wp\/v2\/media?parent=540481"}],"wp:term":[{"taxonomy":"category","embeddable":true,"href":"https:\/\/www.estrategiaconcursos.com.br\/blog\/wp-json\/wp\/v2\/categories?post=540481"},{"taxonomy":"post_tag","embeddable":true,"href":"https:\/\/www.estrategiaconcursos.com.br\/blog\/wp-json\/wp\/v2\/tags?post=540481"},{"taxonomy":"tax_estado","embeddable":true,"href":"https:\/\/www.estrategiaconcursos.com.br\/blog\/wp-json\/wp\/v2\/tax_estado?post=540481"}],"curies":[{"name":"wp","href":"https:\/\/api.w.org\/{rel}","templated":true}]}}