{"id":539939,"date":"2026-02-16T20:14:17","date_gmt":"2026-02-16T23:14:17","guid":{"rendered":"https:\/\/www.estrategiaconcursos.com.br\/blog\/?p=539939"},"modified":"2026-02-16T20:14:20","modified_gmt":"2026-02-16T23:14:20","slug":"concurso-susep","status":"publish","type":"post","link":"https:\/\/www.estrategiaconcursos.com.br\/blog\/concurso-susep\/","title":{"rendered":"Concurso SUSEP: nomea\u00e7\u00f5es autorizadas. Veja detalhes!"},"content":{"rendered":"\n<p class=\"has-text-align-left\" style=\"font-size:clamp(15.197px, 0.95rem + ((1vw - 3.2px) * 0.765), 23px);\"><strong><em>Concurso SUSEP ofereceu 75 vagas imediatas e em cadastro de reserva para n\u00edvel superior. Sal\u00e1rio de at\u00e9 R$ 18 mil!<\/em><\/strong><\/p>\n\n\n\n<div style=\"height:14px\" aria-hidden=\"true\" class=\"wp-block-spacer\"><\/div>\n\n\n\n<hr class=\"wp-block-separator has-alpha-channel-opacity\"\/>\n\n\n<p><center><a id=\"cta-icon\" href=\"https:\/\/sndflw.com\/i\/susep-grupo\" target=\"_blank\" style=\"background:#29a61a; display:inline-flex; align-items:center; padding:10px 15px; border-radius:6px; color:#fff; text-decoration:none; font-weight:500; font-size:15px;\"><img decoding=\"async\" src=\"https:\/\/dhg1h5j42swfq.cloudfront.net\/2023\/12\/07154107\/whatsapp_13851.png\" alt=\"\" style=\"width:20px; height:20px; margin-right:8px;\"><span>Acesse agora o Grupo de Estudos para o Concurso SUSEP<\/span><\/a><\/center><\/p>\n\n\n\n<div style=\"height:26px\" aria-hidden=\"true\" class=\"wp-block-spacer\"><\/div>\n\n\n\n<p>Aten\u00e7\u00e3o, candidatos! Foi divulgada a autoriza\u00e7\u00e3o de 75 nomea\u00e7\u00f5es de aprovados do <strong>concurso SUSEP<\/strong> (<a href=\"https:\/\/www.estrategiaconcursos.com.br\/cursosPorConcurso\/susep\/\" target=\"_blank\" rel=\"noreferrer noopener\">Superintend\u00eancia de Seguros Privados<\/a>). A sele\u00e7\u00e3o segue v\u00e1lida por dois anos, isto \u00e9, <strong>at\u00e9 outubro de 2027<\/strong>. <\/p>\n\n\n\n<ul class=\"wp-block-list\">\n<li><a href=\"https:\/\/dhg1h5j42swfq.cloudfront.net\/2025\/10\/17055855\/portaria-mgi-no-10-257-de-14-de-novembro-de-2025-portaria-mgi-no-10-257-de-14-de-novembro-de-2025-dou-imprensa-nacional.pdf\" target=\"_blank\" rel=\"noreferrer noopener nofollow\">Confira o documento sobre nomea\u00e7\u00f5es<\/a><\/li>\n\n\n\n<li><a href=\"https:\/\/dhg1h5j42swfq.cloudfront.net\/2025\/09\/01070612\/edital-no-10-susep-de-30-de-setembro-de-2025-edital-no-10-susep-de-30-de-setembro-de-2025-dou-imprensa-nacional.pdf\" target=\"_blank\" rel=\"noreferrer noopener nofollow\">Veja os resultados definitivos e homologa\u00e7\u00e3o<\/a><\/li>\n<\/ul>\n\n\n\n<p>Foram ofertadas <strong>75 vagas imediatas<\/strong> e forma\u00e7\u00e3o de cadastro de reserva para o<strong> cargo de Analista T\u00e9cnico<\/strong>, em diferentes especialidades de n\u00edvel superior, com sal\u00e1rio de <strong>R$ 18.033,52<\/strong>. Segundo o Cebraspe, foram registradas 19.899 inscri\u00e7\u00f5es.<\/p>\n\n\n\n<ul class=\"wp-block-list has-very-light-gray-to-cyan-bluish-gray-gradient-background has-background\">\n<li><strong>Superintend\u00eancia de Seguros Privados &#8211; Concurso SUSEP<\/strong><\/li>\n\n\n\n<li><strong>Status<\/strong>: concurso v\u00e1lido at\u00e9 10\/2027<\/li>\n\n\n\n<li><strong>Banca:<\/strong>&nbsp;<a href=\"https:\/\/www.cebraspe.org.br\/concursos\/SUSEP_25\" target=\"_blank\" rel=\"noreferrer noopener\">Cebraspe<\/a><\/li>\n\n\n\n<li><strong>Vagas<\/strong>:&nbsp;75 + CR<\/li>\n\n\n\n<li><strong>Sal\u00e1rio<\/strong>: R$ 18.033,52<\/li>\n\n\n\n<li><strong>Edital<\/strong>:&nbsp;<a href=\"https:\/\/dhg1h5j42swfq.cloudfront.net\/2025\/02\/18085423\/ed_1_2024_susep_abertura.pdf\" target=\"_blank\" rel=\"noreferrer noopener nofollow\">SUSEP 2025<\/a><\/li>\n<\/ul>\n\n\n\n<p>Nosso objetivo \u00e9 deixar voc\u00ea&nbsp;100% atualizado&nbsp;com rela\u00e7\u00e3o ao concurso SUSEP. Portanto, acompanhe os t\u00f3picos abaixo e fique por dentro de todas as informa\u00e7\u00f5es e novidades do certame:<\/p>\n\n\n\n<ul id=\"indice\" class=\"wp-block-list\">\n<li><a href=\"#situacao\"><strong>Informa\u00e7\u00f5es do edital publicado<\/strong><\/a>\n<ul class=\"wp-block-list\">\n<li><a href=\"#cargos-vagas\">Cargos e vagas<\/a><\/li>\n\n\n\n<li><a href=\"#h-concorrencia\">Concorr\u00eancia<\/a><\/li>\n\n\n\n<li><a href=\"#etapas\">Etapas e provas<\/a><\/li>\n\n\n\n<li><a href=\"#h-guia-de-estudos-2025\">Guia de Estudos 2025<\/a><\/li>\n<\/ul>\n<\/li>\n\n\n\n<li><a href=\"#sobre\"><strong>O que faz a Superintend\u00eancia?<\/strong><\/a><\/li>\n\n\n\n<li><a href=\"#cargos\"><strong>Sobre os cargos<\/strong><\/a>\n<ul class=\"wp-block-list\">\n<li><a href=\"#h-requisitos\">Requisitos<\/a><\/li>\n\n\n\n<li><a href=\"#vagos\">Cargos vagos<\/a><\/li>\n\n\n\n<li><a href=\"#reajuste\">Reajuste salarial<\/a><\/li>\n\n\n\n<li><a href=\"#atribuicao\">Atribui\u00e7\u00f5es<\/a><\/li>\n<\/ul>\n<\/li>\n\n\n\n<li><a href=\"#ultimo\"><strong>\u00daltimo concurso<\/strong><\/a>\n<ul class=\"wp-block-list\">\n<li><a href=\"#etapas\">Etapas<\/a><\/li>\n\n\n\n<li><a href=\"#corte\">Nota de corte<\/a><\/li>\n<\/ul>\n<\/li>\n\n\n\n<li><a href=\"#cursos\"><strong>Cursos e assinaturas<\/strong><\/a><\/li>\n\n\n\n<li><a href=\"#ficha\"><strong>Ficha T\u00e9cnica<\/strong><\/a><\/li>\n<\/ul>\n\n\n\n<p class=\"has-text-align-center has-very-light-gray-to-cyan-bluish-gray-gradient-background has-background\"><a href=\"https:\/\/www.estrategiaconcursos.com.br\/blog\/concurso-susep-2025-aprovados-estrategia\/\" target=\"_blank\" rel=\"noreferrer noopener\"><strong>75% dos aprovados no concurso SUSEP 2025 s\u00e3o alunos do Estrat\u00e9gia!<\/strong><\/a><\/p>\n\n\n\n<div class=\"container\" id=\"boxes\">\n  <div class=\"row\">\n\n    <div class=\"col-sm\">\n      <div class=\"banner-susep\" id=\"box-assinatura\">\n        <h2 class=\"titulo-assinatura\">Concurso SUSEP<\/h2>\n        <p class=\"subtitulo-assinatura\">Prepara\u00e7\u00e3o completa para a carreira na SUSEP \u2728<\/p>\n        <div class=\"box-botao\">\n          <a class=\"btn-assinatura\" target=\"_blank\" href=\"https:\/\/www.estrategiaconcursos.com.br\/cursosPorConcurso\/susep\/\" role=\"button\" rel=\"noopener noreferrer\">VER CURSOS<\/a>\n        <\/div>\n      <\/div>\n    \n    <\/div>\n\n  <\/div>\n<\/div>\n\n\n\n<h2 class=\"wp-block-heading\" id=\"situacao\">Informa\u00e7\u00f5es do edital do concurso SUSEP<\/h2>\n\n\n\n<p>Veja as informa\u00e7\u00f5es mais importantes do Concurso Susep:<\/p>\n\n\n\n<h3 class=\"wp-block-heading\" id=\"cargos-vagas\">Cargos e vagas do concurso SUSEP<\/h3>\n\n\n\n<figure class=\"wp-block-table is-style-stripes\"><table class=\"has-very-light-gray-to-cyan-bluish-gray-gradient-background has-background has-fixed-layout\"><thead><tr><th class=\"has-text-align-center\" data-align=\"center\">CARGO<\/th><th class=\"has-text-align-center\" data-align=\"center\">VAGAS<\/th><th class=\"has-text-align-center\" data-align=\"center\">SAL\u00c1RIO<\/th><\/tr><\/thead><tbody><tr><td class=\"has-text-align-center\" data-align=\"center\">Analista T\u00e9cnico \u2013 Contabilidade P\u00fablica<\/td><td class=\"has-text-align-center\" data-align=\"center\">3 + CR<\/td><td class=\"has-text-align-center\" data-align=\"center\">R$ 18.033,52<\/td><\/tr><tr><td class=\"has-text-align-center\" data-align=\"center\">Analista T\u00e9cnico \u2013 Direito, Pol\u00edticas P\u00fablicas e Desenho Institucional<\/td><td class=\"has-text-align-center\" data-align=\"center\">12 + CR<\/td><td class=\"has-text-align-center\" data-align=\"center\">R$ 18.033,52<\/td><\/tr><tr><td class=\"has-text-align-center\" data-align=\"center\">Analista T\u00e9cnico \u2013 Supervis\u00e3o e Regula\u00e7\u00e3o de Mercados<\/td><td class=\"has-text-align-center\" data-align=\"center\">30 + CR<\/td><td class=\"has-text-align-center\" data-align=\"center\">R$ 18.033,52<\/td><\/tr><tr><td class=\"has-text-align-center\" data-align=\"center\">Analista T\u00e9cnico \u2013 Tecnologia da Informa\u00e7\u00e3o e Ci\u00eancia de Dados<\/td><td class=\"has-text-align-center\" data-align=\"center\">30 + CR<\/td><td class=\"has-text-align-center\" data-align=\"center\">R$ 18.033,52<\/td><\/tr><\/tbody><\/table><\/figure>\n\n\n\n<h3 class=\"wp-block-heading\" id=\"h-concorrencia\">Concorr\u00eancia<\/h3>\n\n\n\n<p>De acordo com a demanda divulgada pelo Cebraspe, foram registrados 19.899 candidatos inscritos no concurso SUSEP.<\/p>\n\n\n\n<figure class=\"wp-block-table is-style-stripes\"><table class=\"has-very-light-gray-to-cyan-bluish-gray-gradient-background has-background has-fixed-layout\"><thead><tr><th class=\"has-text-align-center\" data-align=\"center\">CARGO<\/th><th class=\"has-text-align-center\" data-align=\"center\">VAGAS<\/th><th class=\"has-text-align-center\" data-align=\"center\">INSCRITOS<\/th><th class=\"has-text-align-center\" data-align=\"center\">DEMANDA<\/th><\/tr><\/thead><tbody><tr><td class=\"has-text-align-center\" data-align=\"center\">Analista T\u00e9cnico \u2013 Contabilidade P\u00fablica<\/td><td class=\"has-text-align-center\" data-align=\"center\">3<\/td><td class=\"has-text-align-center\" data-align=\"center\">1.463<\/td><td class=\"has-text-align-center\" data-align=\"center\">487.67<\/td><\/tr><tr><td class=\"has-text-align-center\" data-align=\"center\">Analista T\u00e9cnico \u2013 Direito, Pol\u00edticas P\u00fablicas e Desenho Institucional<\/td><td class=\"has-text-align-center\" data-align=\"center\">12<\/td><td class=\"has-text-align-center\" data-align=\"center\">5.646<\/td><td class=\"has-text-align-center\" data-align=\"center\">470.50<\/td><\/tr><tr><td class=\"has-text-align-center\" data-align=\"center\">Analista T\u00e9cnico \u2013 Supervis\u00e3o e Regula\u00e7\u00e3o de Mercados<\/td><td class=\"has-text-align-center\" data-align=\"center\">30<\/td><td class=\"has-text-align-center\" data-align=\"center\">6.289<\/td><td class=\"has-text-align-center\" data-align=\"center\">209.63<\/td><\/tr><tr><td class=\"has-text-align-center\" data-align=\"center\">Analista T\u00e9cnico \u2013 Tecnologia da Informa\u00e7\u00e3o e Ci\u00eancia de Dados<\/td><td class=\"has-text-align-center\" data-align=\"center\">30<\/td><td class=\"has-text-align-center\" data-align=\"center\">6.501<\/td><td class=\"has-text-align-center\" data-align=\"center\">216.70<\/td><\/tr><tr><td class=\"has-text-align-center\" data-align=\"center\"><strong>TOTAL<\/strong><\/td><td class=\"has-text-align-center\" data-align=\"center\"><strong>75<\/strong><\/td><td class=\"has-text-align-center\" data-align=\"center\"><strong>19.899<\/strong><\/td><td class=\"has-text-align-center\" data-align=\"center\">&#8211;<\/td><\/tr><\/tbody><\/table><\/figure>\n\n\n\n<h3 class=\"wp-block-heading\" id=\"etapas\">Etapas e provas do concurso SUSEP<\/h3>\n\n\n\n<p>Os candidatos do concurso SUSEP foram avaliados mediante aplica\u00e7\u00e3o das seguintes etapas:<\/p>\n\n\n\n<ul class=\"wp-block-list\">\n<li>Provas objetivas, de car\u00e1ter eliminat\u00f3rio e classificat\u00f3rio;<\/li>\n\n\n\n<li>Prova discursiva, de car\u00e1ter eliminat\u00f3rio e classificat\u00f3rio; e<\/li>\n\n\n\n<li>Avalia\u00e7\u00e3o de t\u00edtulos, de car\u00e1ter classificat\u00f3rio.<\/li>\n<\/ul>\n\n\n\n<h4 class=\"wp-block-heading\" id=\"objetiva\">Prova objetiva<\/h4>\n\n\n\n<p>A etapa, de car\u00e1ter eliminat\u00f3rio e classificat\u00f3rio, foi composta por 130 quest\u00f5es do tipo <strong>CERTO ou ERRADO<\/strong>, com dura\u00e7\u00e3o m\u00e1xima de 5 horas.<\/p>\n\n\n\n<figure class=\"wp-block-image aligncenter size-full is-resized\"><img loading=\"lazy\" decoding=\"async\" width=\"603\" height=\"777\" src=\"https:\/\/dhg1h5j42swfq.cloudfront.net\/2025\/02\/11091657\/image-141.png\" alt=\"N\u00famero de quest\u00f5es e disciplinas cobradas nas provas do concurso SUSEP\" class=\"wp-image-1530730\" style=\"width:657px;height:auto\" srcset=\"https:\/\/dhg1h5j42swfq.cloudfront.net\/2025\/02\/11091657\/image-141.png 603w, https:\/\/dhg1h5j42swfq.cloudfront.net\/2025\/02\/11091657\/image-141-233x300.png 233w, https:\/\/dhg1h5j42swfq.cloudfront.net\/2025\/02\/11091657\/image-141-150x193.png 150w\" sizes=\"auto, (max-width: 603px) 100vw, 603px\" \/><figcaption class=\"wp-element-caption\">N\u00famero de quest\u00f5es e disciplinas cobradas nas provas do concurso SUSEP<\/figcaption><\/figure>\n\n\n\n<p>Foi reprovado nas provas objetivas e eliminado do concurso p\u00fablico o candidato que foi enquadrado em pelo menos um dos itens a seguir:<\/p>\n\n\n\n<ul class=\"wp-block-list\">\n<li>obteve nota inferior a 10,00 pontos na prova objetiva de conhecimentos gerais (P&nbsp;<sub>1<\/sub>&nbsp;);<\/li>\n\n\n\n<li>obteve nota inferior a 24,00 pontos na prova objetiva de conhecimentos espec\u00edficos (P&nbsp;<sub>2<\/sub>&nbsp;); ou<\/li>\n\n\n\n<li>obteve nota inferior a 39,00 pontos no conjunto das provas objetivas.<\/li>\n<\/ul>\n\n\n\n<h4 class=\"wp-block-heading\" id=\"discursiva\">Prova discursiva<\/h4>\n\n\n\n<p>A etapa, de car\u00e1ter eliminat\u00f3rio e classificat\u00f3rio, valeu 30,00 pontos e consistiu na reda\u00e7\u00e3o de texto dissertativo, de at\u00e9 30 linhas, a respeito de tema relacionado a Atualidades.<\/p>\n\n\n\n<p><strong>Crit\u00e9rios de avalia\u00e7\u00e3o<\/strong><\/p>\n\n\n\n<ul class=\"wp-block-list\">\n<li>A apresenta\u00e7\u00e3o e a estrutura textuais e o desenvolvimento do tema totalizou a nota relativa ao dom\u00ednio do conte\u00fado (NC), cuja pontua\u00e7\u00e3o m\u00e1xima foi limitada ao valor de 30,00 pontos;<\/li>\n\n\n\n<li>A avalia\u00e7\u00e3o do dom\u00ednio da modalidade escrita totalizou o n\u00famero de erros (NE) do candidato, considerando-se aspectos de natureza gramatical, tais como: grafia, morfossintaxe e propriedade vocabular;<\/li>\n\n\n\n<li>Foi desconsiderado, para efeito de avalia\u00e7\u00e3o, qualquer fragmento de texto escrito fora do local apropriado ou ultrapassar o n\u00famero m\u00e1ximo de linhas estabelecido;<\/li>\n\n\n\n<li>Foi calculada, ent\u00e3o, a nota na prova discursiva (NPD) por meio da f\u00f3rmula NPD = NC &#8211; 6 \u00d7 NE \u00f7 TL, em que TL corresponde ao n\u00famero de linhas efetivamente escritas pelo candidato;<\/li>\n\n\n\n<li>Foi atribu\u00edda nota zero ao texto que obteve NPD &lt; 0,00 ponto;<\/li>\n\n\n\n<li>Nos casos de fuga ao tema ou de n\u00e3o haver texto, o candidato recebeu nota zero na respectiva quest\u00e3o avaliada.<\/li>\n<\/ul>\n\n\n\n<h4 class=\"wp-block-heading\" id=\"h-avaliacao-de-titulos\">Avalia\u00e7\u00e3o de t\u00edtulos<\/h4>\n\n\n\n<p>Foram convocados para a avalia\u00e7\u00e3o de t\u00edtulos todos os candidatos aprovados na prova discursiva. Os candidatos n\u00e3o convocados para a etapa foram eliminados e n\u00e3o tiveram classifica\u00e7\u00e3o alguma no concurso.<\/p>\n\n\n\n<p>A avalia\u00e7\u00e3o de t\u00edtulos valeu 5,00 pontos, ainda que a soma dos valores dos t\u00edtulos enviados fosse superior a esse valor.<\/p>\n\n\n\n<figure class=\"wp-block-image aligncenter size-large\"><img loading=\"lazy\" decoding=\"async\" width=\"1024\" height=\"334\" src=\"https:\/\/dhg1h5j42swfq.cloudfront.net\/2025\/02\/11100653\/image-142-1024x334.png\" alt=\"T\u00edtulos aceitos no concurso SUSEP\" class=\"wp-image-1530771\" srcset=\"https:\/\/dhg1h5j42swfq.cloudfront.net\/2025\/02\/11100653\/image-142-1024x334.png 1024w, https:\/\/dhg1h5j42swfq.cloudfront.net\/2025\/02\/11100653\/image-142-300x98.png 300w, https:\/\/dhg1h5j42swfq.cloudfront.net\/2025\/02\/11100653\/image-142-768x250.png 768w, https:\/\/dhg1h5j42swfq.cloudfront.net\/2025\/02\/11100653\/image-142-150x49.png 150w, https:\/\/dhg1h5j42swfq.cloudfront.net\/2025\/02\/11100653\/image-142.png 1135w\" sizes=\"auto, (max-width: 1024px) 100vw, 1024px\" \/><figcaption class=\"wp-element-caption\">T\u00edtulos aceitos no concurso SUSEP<\/figcaption><\/figure>\n\n\n\n<h3 class=\"wp-block-heading\" id=\"h-guia-de-estudos-susep-2025\">Guia de Estudos SUSEP 2025<\/h3>\n\n\n\n<ul class=\"wp-block-list\">\n<li><a href=\"https:\/\/www.estrategiaconcursos.com.br\/blog\/guia-de-estudos-para-susep-2025\/\" target=\"_blank\" rel=\"noreferrer noopener\">Guia de Estudos para SUSEP 2025<\/a><\/li>\n<\/ul>\n\n\n\n<h2 class=\"wp-block-heading\" id=\"sobre\">O que faz a SUSEP?<\/h2>\n\n\n\n<p>A Superintend\u00eancia de Seguros Privados (SUSEP) \u00e9 o \u00f3rg\u00e3o <strong>respons\u00e1vel pelo controle e fiscaliza\u00e7\u00e3o dos mercados de seguro, previd\u00eancia privada aberta, capitaliza\u00e7\u00e3o e resseguro<\/strong>. A autarquia \u00e9 vinculada ao Minist\u00e9rio da Economia, e foi criada pelo Decreto-lei n\u00ba 73, de 21 de novembro de 1966.<\/p>\n\n\n\n<p id=\"h-atribui-es-da-susep\"><strong>Quais s\u00e3o as atribui\u00e7\u00f5es da SUSEP?<\/strong><\/p>\n\n\n\n<ul class=\"wp-block-list\">\n<li>Fiscalizar a constitui\u00e7\u00e3o, organiza\u00e7\u00e3o, funcionamento e opera\u00e7\u00e3o das Sociedades Seguradoras, de Capitaliza\u00e7\u00e3o, Entidades de Previd\u00eancia Privada Aberta e Resseguradores, na qualidade de executora da pol\u00edtica tra\u00e7ada pelo CNSP; <\/li>\n\n\n\n<li>Atuar no sentido de proteger a capta\u00e7\u00e3o de poupan\u00e7a popular que se efetua atrav\u00e9s das opera\u00e7\u00f5es de seguro, previd\u00eancia privada aberta, de capitaliza\u00e7\u00e3o e resseguro; <\/li>\n\n\n\n<li>Zelar pela defesa dos interesses dos consumidores dos mercados supervisionados; <\/li>\n\n\n\n<li>Promover o aperfei\u00e7oamento das institui\u00e7\u00f5es e dos instrumentos operacionais a eles vinculados, com vistas \u00e0 maior efici\u00eancia do Sistema Nacional de Seguros Privados e do Sistema Nacional de Capitaliza\u00e7\u00e3o; <\/li>\n\n\n\n<li>Promover a estabilidade dos mercados sob sua jurisdi\u00e7\u00e3o, assegurando sua expans\u00e3o e o funcionamento das entidades que neles operem; <\/li>\n\n\n\n<li>Zelar pela liquidez e solv\u00eancia das sociedades que integram o mercado; <\/li>\n\n\n\n<li>Disciplinar e acompanhar os investimentos daquelas entidades, em especial os efetuados em bens garantidores de provis\u00f5es t\u00e9cnicas; <\/li>\n\n\n\n<li>Cumprir e fazer cumprir as delibera\u00e7\u00f5es do CNSP e exercer as atividades que por este forem delegadas; <\/li>\n\n\n\n<li>Prover os servi\u00e7os de Secretaria Executiva do CNSP.<\/li>\n<\/ul>\n\n\n\n<h2 class=\"wp-block-heading\" id=\"cargos\">\u200bSaiba mais sobre os cargos do concurso SUSEP<\/h2>\n\n\n\n<h3 class=\"wp-block-heading\" id=\"h-requisitos-da-susep\">Requisitos da SUSEP<\/h3>\n\n\n\n<p>O quadro de pessoal da SUSEP \u00e9 composto pelos seguintes cargos e carreiras:<\/p>\n\n\n\n<ul class=\"wp-block-list\">\n<li>I &#8211; de n\u00edvel superior, Carreira de Analista T\u00e9cnico da Susep, composta pelos cargos de Analista T\u00e9cnico da Susep; <\/li>\n\n\n\n<li>II &#8211; de n\u00edvel intermedi\u00e1rio, cargos de provimento efetivo de n\u00edvel intermedi\u00e1rio do&nbsp;Quadro de&nbsp;Pessoal da Susep. &nbsp;<\/li>\n<\/ul>\n\n\n\n<h3 class=\"wp-block-heading\" id=\"vagos\">Cargos vagos da SUSEP<\/h3>\n\n\n\n<p>Segundo dados recentes, a SUSEP apresenta<span><b> <\/b><strong style=\"font-weight: bold;\">490 cargos vagos<\/strong><\/span>, distribu\u00eddos da seguinte forma:<\/p>\n\n\n\n<figure class=\"wp-block-table is-style-stripes\"><table class=\"has-very-light-gray-to-cyan-bluish-gray-gradient-background has-background has-fixed-layout\"><thead><tr><th class=\"has-text-align-center\" data-align=\"center\">Cargos<\/th><th class=\"has-text-align-center\" data-align=\"center\">Cargos Ocupados<\/th><th class=\"has-text-align-center\" data-align=\"center\">Cargos Vagos<\/th><th class=\"has-text-align-center\" data-align=\"center\">Total de Cargos <\/th><\/tr><\/thead><tbody><tr><td class=\"has-text-align-center\" data-align=\"center\">Analista T\u00e9cnico<\/td><td class=\"has-text-align-center\" data-align=\"center\">266<\/td><td class=\"has-text-align-center\" data-align=\"center\">311<\/td><td class=\"has-text-align-center\" data-align=\"center\">577<\/td><\/tr><tr><td class=\"has-text-align-center\" data-align=\"center\">Agente Executivo<\/td><td class=\"has-text-align-center\" data-align=\"center\">58<\/td><td class=\"has-text-align-center\" data-align=\"center\">189<\/td><td class=\"has-text-align-center\" data-align=\"center\">247<\/td><\/tr><\/tbody><\/table><figcaption class=\"wp-element-caption\">Cargos vagos do Concurso SUSEP<\/figcaption><\/figure>\n\n\n\n<h3 class=\"wp-block-heading\" id=\"reajuste\">Reajuste salarial<\/h3>\n\n\n\n<p>Foi sancionado, em abril de 2023, o reajuste salarial dos servidores p\u00fablicos em 9%. Agora, os vencimentos para os principais cargos da SUSEP ter\u00e3o os seguintes valores:<\/p>\n\n\n\n<ul class=\"wp-block-list\">\n<li><strong>Cargo de&nbsp;Agente Executivo:<\/strong> de R$ 7.189,98 para R$ 7.837,07<\/li>\n\n\n\n<li><strong>Demais cargos de n\u00edvel intermedi\u00e1rio:<\/strong> de R$ 5.773,98 para R$ 6.293,63<\/li>\n\n\n\n<li><strong>Cargos de n\u00edvel superior integrantes do quadro suplementar:<\/strong> de R$ 13.269,53 para R$ 14.463,78<\/li>\n\n\n\n<li><strong>Cargo de Analista T\u00e9cnico:<\/strong> de R$ 19.197,06 pra R$ 20.924,80<\/li>\n<\/ul>\n\n\n\n<p>Al\u00e9m disso, o aux\u00edlio-alimenta\u00e7\u00e3o tamb\u00e9m foi alterado. Em 2023 de R$ 458,00 para R$ 658,00. J\u00e1 em abril de 2024, passou de R$ 658,00 para R$ 1.000,00.<\/p>\n\n\n\n<ul style=\"background-color:#d3dadf\" class=\"wp-block-list has-background\">\n<li><a href=\"https:\/\/dhg1h5j42swfq.cloudfront.net\/2024\/03\/12155929\/tabelaremunjul23vol831.pdf\" target=\"_blank\" rel=\"noreferrer noopener nofollow\">Confira na \u00edntegra o documento sancionado de reajuste salarial<\/a><\/li>\n\n\n\n<li><a href=\"https:\/\/www.gov.br\/gestao\/pt-br\/assuntos\/noticias\/2024\/abril\/servidores-receberao-reajuste-do-auxilio-alimentacao-no-pagamento-de-junho\" target=\"_blank\" rel=\"noreferrer noopener\">Reajuste do aux\u00edlio alimenta\u00e7\u00e3o<\/a><\/li>\n<\/ul>\n\n\n\n<h3 class=\"wp-block-heading\" id=\"atribuicao\">\u200bAtribui\u00e7\u00f5es dos cargos do concurso Susep<\/h3>\n\n\n\n<h4 class=\"wp-block-heading\" id=\"agente-executivo\"><strong>Agente Executivo:<\/strong><\/h4>\n\n\n\n<ul class=\"wp-block-list\">\n<li><em>desenvolver tarefas de suporte administrativo;<\/em><\/li>\n\n\n\n<li><em>atualizar sistemas de informa\u00e7\u00e3o informatizados;<\/em><\/li>\n\n\n\n<li><em>operar editores de textos, planilhas e bancos de dados;<\/em><\/li>\n\n\n\n<li><em>arquivar documentos; prestar informa\u00e7\u00f5es;<\/em><\/li>\n\n\n\n<li><em>providenciar apoio log\u00edstico aos servidores do grupamento de n\u00edvel superior;<\/em><\/li>\n\n\n\n<li><em>executar outras atividades compat\u00edveis com o n\u00edvel de complexidade das atribui\u00e7\u00f5es do cargo.<\/em><\/li>\n<\/ul>\n\n\n\n<h4 class=\"wp-block-heading\" id=\"analista-tecnico\"><strong>Analista T\u00e9cnico:<\/strong>&nbsp;<\/h4>\n\n\n\n<ul class=\"wp-block-list\">\n<li><em>fazem parte das atribui\u00e7\u00f5es do cargo desenvolver atividades ligadas a controle econ\u00f4mico, financeiro e cont\u00e1bil das entidades supervisionadas;<\/em><\/li>\n\n\n\n<li><em>fiscalizar, controlar e orientar as entidades supervisionadas;<\/em><\/li>\n\n\n\n<li><em>estudos atuariais e de normas t\u00e9cnicas no \u00e2mbito das opera\u00e7\u00f5es realizadas pelas entidades supervisionadas;<\/em><\/li>\n\n\n\n<li><em>analisar a autoriza\u00e7\u00e3o de produtos;<\/em><\/li>\n\n\n\n<li><em>prestar suporte t\u00e9cnico e operacional aos usu\u00e1rios;<\/em><\/li>\n\n\n\n<li><em>executar outras atividades compat\u00edveis com o n\u00edvel de complexidade das atribui\u00e7\u00f5es do cargo.<\/em>&nbsp;<\/li>\n<\/ul>\n\n\n\n<h2 class=\"wp-block-heading\" id=\"ultimo\">\u00daltimo concurso SUSEP<\/h2>\n\n\n\n<ul class=\"wp-block-list\">\n<li><strong>Ano<\/strong>:&nbsp;2010<\/li>\n\n\n\n<li><strong>Vagas<\/strong>:&nbsp;138<\/li>\n\n\n\n<li><strong>Escolaridade<\/strong>:&nbsp;n\u00edvel superior<\/li>\n\n\n\n<li><strong>Banca<\/strong>:&nbsp;ESAF<\/li>\n\n\n\n<li><strong>Edital<\/strong>:&nbsp;<a href=\"https:\/\/dhg1h5j42swfq.cloudfront.net\/2017\/06\/13165010\/Edital-Concurso-Susep.pdf\" target=\"_blank\" rel=\"noreferrer noopener nofollow\">Edital 2010<\/a><\/li>\n<\/ul>\n\n\n\n<p>O \u00faltimo concurso SUSEP aconteceu em <strong>2010<\/strong>, com oferta de&nbsp;<strong>138 vagas<\/strong> para os cargos de Analista T\u00e9cnico, nas \u00e1reas de Controle e Fiscaliza\u00e7\u00e3o, Atuaria, Administra\u00e7\u00e3o e Finan\u00e7as e Tecnologia da Informa\u00e7\u00e3o. O certame foi organizado pela ESAF.<\/p>\n\n\n\n<p>Foram&nbsp;<strong>15.411 inscritos&nbsp;<\/strong>e a rela\u00e7\u00e3o candidato por vaga est\u00e1 dispon\u00edvel na tabela abaixo:<\/p>\n\n\n\n<figure class=\"wp-block-image aligncenter\"><img loading=\"lazy\" decoding=\"async\" width=\"661\" height=\"328\" src=\"https:\/\/dhg1h5j42swfq.cloudfront.net\/2017\/06\/25135635\/por-vaga.jpg\" alt=\"Tabela com a quantidade de vagas e inscritos do \u00faltimo concurso SUSEP.\" class=\"wp-image-118204\" srcset=\"https:\/\/dhg1h5j42swfq.cloudfront.net\/2017\/06\/25135635\/por-vaga.jpg 661w, https:\/\/dhg1h5j42swfq.cloudfront.net\/2017\/06\/25135635\/por-vaga.jpg 300w, https:\/\/dhg1h5j42swfq.cloudfront.net\/2017\/06\/25135635\/por-vaga.jpg 610w\" sizes=\"auto, (max-width: 661px) 100vw, 661px\" \/><figcaption class=\"wp-element-caption\">Vagas e inscritos do \u00faltimo concurso SUSEP<\/figcaption><\/figure>\n\n\n\n<p>Para se candidatar ao cargo, conforme o edital, foi exigido que o candidato possu\u00edsse curso superior, para qualquer \u00e1rea de forma\u00e7\u00e3o.<\/p>\n\n\n\n<h3 class=\"wp-block-heading\" id=\"etapas\">Etapas do concurso SUSEP<\/h3>\n\n\n\n<p>A avalia\u00e7\u00e3o dos candidatos aconteceu por meio da aplica\u00e7\u00e3o de provas objetivas, composta de 140 quest\u00f5es de m\u00faltipla escolha, que exigiram dos candidatos conhecimentos nas \u00e1reas de:<\/p>\n\n\n\n<ul class=\"wp-block-list\">\n<li>L\u00edngua Portuguesa \u2013 20 quest\u00f5es<\/li>\n\n\n\n<li>Ingl\u00eas \u2013 10 quest\u00f5es<\/li>\n\n\n\n<li>Racioc\u00ednio L\u00f3gico-Quantitativo \u2013 10 quest\u00f5es<\/li>\n\n\n\n<li>Direito Constitucional \u2013 10 quest\u00f5es<\/li>\n\n\n\n<li>Direito Administrativo \u2013 10 quest\u00f5es<\/li>\n\n\n\n<li>Legisla\u00e7\u00e3o B\u00e1sica \u2013 20 quest\u00f5es<\/li>\n\n\n\n<li>Conhecimentos Espec\u00edficos do cargo \u2013 60 quest\u00f5es<\/li>\n<\/ul>\n\n\n\n<p>Al\u00e9m disso, os candidatos foram submetidos a prova discursiva, com uma quest\u00e3o sobre Direito Administrativo.<\/p>\n\n\n\n<h3 class=\"wp-block-heading\" id=\"corte\">Nota de Corte<\/h3>\n\n\n\n<p>Nas imagens abaixo, \u00e9 poss\u00edvel ver a pontua\u00e7\u00e3o dos candidatos que ficaram em primeiro lugar em cada uma das \u00e1reas do cargo de Analista:<\/p>\n\n\n\n<p><strong>Controle de Fiscaliza\u00e7\u00e3o:<\/strong><\/p>\n\n\n\n<figure class=\"wp-block-image aligncenter\"><img loading=\"lazy\" decoding=\"async\" width=\"659\" height=\"207\" src=\"https:\/\/dhg1h5j42swfq.cloudfront.net\/2017\/06\/25140557\/control1.jpg\" alt=\"Nota de corte do \u00faltimo concurso SUSEP\" class=\"wp-image-118207\" srcset=\"https:\/\/dhg1h5j42swfq.cloudfront.net\/2017\/06\/25140557\/control1.jpg 659w, https:\/\/dhg1h5j42swfq.cloudfront.net\/2017\/06\/25140557\/control1.jpg 300w, https:\/\/dhg1h5j42swfq.cloudfront.net\/2017\/06\/25140557\/control1.jpg 610w\" sizes=\"auto, (max-width: 659px) 100vw, 659px\" \/><figcaption class=\"wp-element-caption\">Nota de corte do \u00faltimo concurso SUSEP<\/figcaption><\/figure>\n\n\n\n<p><strong>Atu\u00e1ria:<\/strong><\/p>\n\n\n\n<figure class=\"wp-block-image aligncenter\"><img loading=\"lazy\" decoding=\"async\" width=\"676\" height=\"206\" src=\"https:\/\/dhg1h5j42swfq.cloudfront.net\/2017\/06\/25140828\/atuaria.jpg\" alt=\"Tabela de Nota de Corte para \u00e1rea de Atu\u00e1ria do Concurso Susep.\" class=\"wp-image-118208\" srcset=\"https:\/\/dhg1h5j42swfq.cloudfront.net\/2017\/06\/25140828\/atuaria.jpg 676w, https:\/\/dhg1h5j42swfq.cloudfront.net\/2017\/06\/25140828\/atuaria.jpg 300w, https:\/\/dhg1h5j42swfq.cloudfront.net\/2017\/06\/25140828\/atuaria.jpg 610w\" sizes=\"auto, (max-width: 676px) 100vw, 676px\" \/><figcaption class=\"wp-element-caption\">Nota de corte do \u00faltimo edital SUSEP<\/figcaption><\/figure>\n\n\n\n<p><strong>Administra\u00e7\u00e3o e Finan\u00e7as:<\/strong><\/p>\n\n\n\n<figure class=\"wp-block-image aligncenter\"><img loading=\"lazy\" decoding=\"async\" width=\"656\" height=\"210\" src=\"https:\/\/dhg1h5j42swfq.cloudfront.net\/2017\/06\/25141047\/adm.jpg\" alt=\"Tabela com a Nota de Corte para \u00e1rea de Administra\u00e7\u00e3o e Finan\u00e7as \" class=\"wp-image-118209\" srcset=\"https:\/\/dhg1h5j42swfq.cloudfront.net\/2017\/06\/25141047\/adm.jpg 656w, https:\/\/dhg1h5j42swfq.cloudfront.net\/2017\/06\/25141047\/adm.jpg 300w, https:\/\/dhg1h5j42swfq.cloudfront.net\/2017\/06\/25141047\/adm.jpg 610w\" sizes=\"auto, (max-width: 656px) 100vw, 656px\" \/><figcaption class=\"wp-element-caption\">Nota de corte do \u00faltimo concurso SUSEP<\/figcaption><\/figure>\n\n\n\n<p><strong>Tecnologia da Informa\u00e7\u00e3o:<\/strong><\/p>\n\n\n\n<figure class=\"wp-block-image aligncenter\"><img loading=\"lazy\" decoding=\"async\" width=\"657\" height=\"84\" src=\"https:\/\/dhg1h5j42swfq.cloudfront.net\/2017\/06\/25141211\/ti.jpg\" alt=\"Tabela com a Nota de Corte para \u00e1rea de TI \" class=\"wp-image-118210\" srcset=\"https:\/\/dhg1h5j42swfq.cloudfront.net\/2017\/06\/25141211\/ti.jpg 657w, https:\/\/dhg1h5j42swfq.cloudfront.net\/2017\/06\/25141211\/ti.jpg 300w, https:\/\/dhg1h5j42swfq.cloudfront.net\/2017\/06\/25141211\/ti.jpg 610w\" sizes=\"auto, (max-width: 657px) 100vw, 657px\" \/><figcaption class=\"wp-element-caption\">Nota de corte do \u00faltimo edital SUSEP<\/figcaption><\/figure>\n\n\n\n<hr class=\"wp-block-separator has-css-opacity\"\/>\n\n\n\n<h2 class=\"wp-block-heading has-text-align-center\" id=\"cursos\">Quer saber tudo sobre concursos previstos? <br \/>Confira nossos artigos!<\/h2>\n\n\n\n<ul class=\"wp-block-list\">\n<li><a href=\"https:\/\/www.estrategiaconcursos.com.br\/blog\/estrategia-referencia-aprovacao-concursos-bancarios\/\" target=\"_blank\" rel=\"noreferrer noopener\">Estrat\u00e9gia \u00e9 refer\u00eancia de aprova\u00e7\u00e3o em Concursos Banc\u00e1rios!<\/a><\/li>\n\n\n\n<li><a href=\"https:\/\/www.estrategiaconcursos.com.br\/blog\/concursos-abertos\/\">Concursos abertos<\/a><\/li>\n\n\n\n<li><a href=\"https:\/\/www.estrategiaconcursos.com.br\/blog\/concursos-bancarios\/\" target=\"_blank\" rel=\"noreferrer noopener\">Concursos financeiros<\/a><\/li>\n\n\n\n<li><a href=\"https:\/\/www.estrategiaconcursos.com.br\/blog\/concursos-federais\/\" target=\"_blank\" rel=\"noreferrer noopener\">Concursos federais<\/a><\/li>\n\n\n\n<li><a href=\"https:\/\/www.estrategiaconcursos.com.br\/blog\/concursos-2026\/\" target=\"_blank\" rel=\"noreferrer noopener\">Concursos 2026<\/a><\/li>\n<\/ul>\n\n\n\n<h2 class=\"wp-block-heading has-text-align-center\" id=\"cursos\">Quer estudar para o concurso SUSEP?<\/h2>\n\n\n\n<div class=\"container\" id=\"boxes\">\n  <div class=\"row\">\n\n    <div class=\"col-sm\">\n      <div class=\"banner-susep\" id=\"box-assinatura\">\n        <h3 class=\"titulo-assinatura\">Concurso SUSEP<\/h3>\n        <p class=\"subtitulo-assinatura\">Prepara\u00e7\u00e3o completa para a carreira na SUSEP \u2728<\/p>\n        <div class=\"box-botao\">\n          <a class=\"btn-assinatura\" target=\"_blank\" href=\"https:\/\/www.estrategiaconcursos.com.br\/cursosPorConcurso\/susep\/\" role=\"button\" rel=\"noopener noreferrer\">VER CURSOS<\/a>\n        <\/div>\n      <\/div>\n    \n    <\/div>\n\n  <\/div>\n<\/div>\n\n\n\n<div class=\"container\" id=\"boxes\">\n  <div class=\"row\">\n\n    <div class=\"col-sm\">\n      <div class=\"estrategia\" id=\"box-assinatura\">\n        <h3 class=\"titulo-assinatura\">Assinatura de Concursos<\/h3>\n        <p class=\"subtitulo-assinatura\">Assinatura de 1 ano ou 2 anos<\/p>\n        <div class=\"box-botao\">\n          <a class=\"btn-assinatura\" target=\"_blank\" href=\"https:\/\/www.estrategiaconcursos.com.br\/assinaturas\/\" role=\"button\" rel=\"noopener noreferrer\">ASSINE AGORA<\/a>\n        <\/div>\n      <\/div><\/div><\/div><\/div>\n\n\n\n<figure class=\"wp-block-image size-large is-resized\"><img loading=\"lazy\" decoding=\"async\" width=\"1024\" height=\"632\" src=\"https:\/\/dhg1h5j42swfq.cloudfront.net\/2021\/06\/11155630\/ficha-tecnica-2-1024x632.png\" alt=\"Ficha t\u00e9cnica\" class=\"wp-image-764985\" style=\"width:298px;height:auto\" srcset=\"https:\/\/dhg1h5j42swfq.cloudfront.net\/2021\/06\/11155630\/ficha-tecnica-2-1024x632.png 1024w, https:\/\/dhg1h5j42swfq.cloudfront.net\/2021\/06\/11155630\/ficha-tecnica-2-300x185.png 300w, https:\/\/dhg1h5j42swfq.cloudfront.net\/2021\/06\/11155630\/ficha-tecnica-2-768x474.png 768w, https:\/\/dhg1h5j42swfq.cloudfront.net\/2021\/06\/11155630\/ficha-tecnica-2-1536x948.png 1536w, https:\/\/dhg1h5j42swfq.cloudfront.net\/2021\/06\/11155630\/ficha-tecnica-2-610x377.png 610w, https:\/\/dhg1h5j42swfq.cloudfront.net\/2021\/06\/11155630\/ficha-tecnica-2.png 1571w\" sizes=\"auto, (max-width: 1024px) 100vw, 1024px\" \/><\/figure>\n\n\n\n<h3 class=\"wp-block-heading\" id=\"ficha\">Informa\u00e7\u00f5es do concurso SUSEP<\/h3>\n\n\n\n<ul class=\"wp-block-list\">\n<li><strong>Provas<\/strong>:&nbsp;08\/06\/2025<\/li>\n\n\n\n<li><strong>Vagas<\/strong>:&nbsp;75<\/li>\n\n\n\n<li><strong>Cargo<\/strong>: Analista T\u00e9cnico<\/li>\n\n\n\n<li><strong>Escolaridade<\/strong>:&nbsp;n\u00edvel superior<\/li>\n\n\n\n<li><strong>Banca<\/strong>:&nbsp;Cebraspe<\/li>\n\n\n\n<li><strong>Edital<\/strong>:&nbsp;<a href=\"https:\/\/dhg1h5j42swfq.cloudfront.net\/2025\/02\/18085423\/ed_1_2024_susep_abertura.pdf\" target=\"_blank\" rel=\"noreferrer noopener nofollow\">SUSEP 2025<\/a><\/li>\n<\/ul>\n\n\n\n<p><\/p>\n","protected":false},"excerpt":{"rendered":"<p>Concurso SUSEP ofereceu 75 vagas imediatas e em cadastro de reserva para n\u00edvel superior. Sal\u00e1rio de at\u00e9 R$ 18 mil! Aten\u00e7\u00e3o, candidatos! Foi divulgada a autoriza\u00e7\u00e3o de 75 nomea\u00e7\u00f5es de aprovados do concurso SUSEP (Superintend\u00eancia de Seguros Privados). A sele\u00e7\u00e3o segue v\u00e1lida por dois anos, isto \u00e9, at\u00e9 outubro de 2027. Foram ofertadas 75 vagas [&hellip;]<\/p>\n","protected":false},"author":2134,"featured_media":1368260,"comment_status":"open","ping_status":"closed","sticky":false,"template":"","format":"standard","meta":{"post_tipo":"news_page","footnotes":""},"categories":[220181],"tags":[],"tax_estado":[219963],"class_list":["post-539939","post","type-post","status-publish","format-standard","has-post-thumbnail","hentry","category-area-financeira","tax_estado-concursos-federais"],"acf":[],"yoast_head":"<!-- This site is optimized with the Yoast SEO Premium plugin v27.2 (Yoast SEO v27.2) - https:\/\/yoast.com\/product\/yoast-seo-premium-wordpress\/ -->\n<title>Concurso SUSEP: nomea\u00e7\u00f5es autorizadas. Veja detalhes!<\/title>\n<meta name=\"description\" content=\"Concurso SUSEP ofertou 75 vagas de n\u00edvel superior e inicial de R$ 18 mil. Edital segue v\u00e1lido at\u00e9 2027. Confira aqui os detalhes!\" \/>\n<meta name=\"robots\" content=\"index, follow, max-snippet:-1, max-image-preview:large, max-video-preview:-1\" \/>\n<link rel=\"canonical\" href=\"https:\/\/www.estrategiaconcursos.com.br\/blog\/concurso-susep\/\" \/>\n<meta property=\"og:locale\" content=\"pt_BR\" \/>\n<meta property=\"og:type\" content=\"article\" \/>\n<meta property=\"og:title\" content=\"Concurso SUSEP: nomea\u00e7\u00f5es autorizadas. Veja detalhes!\" \/>\n<meta property=\"og:description\" content=\"Concurso SUSEP ofertou 75 vagas de n\u00edvel superior e inicial de R$ 18 mil. Edital segue v\u00e1lido at\u00e9 2027. Confira aqui os detalhes!\" \/>\n<meta property=\"og:url\" content=\"https:\/\/www.estrategiaconcursos.com.br\/blog\/concurso-susep\/\" \/>\n<meta property=\"og:site_name\" content=\"Estrat\u00e9gia Concursos\" \/>\n<meta property=\"article:published_time\" content=\"2026-02-16T23:14:17+00:00\" \/>\n<meta property=\"article:modified_time\" content=\"2026-02-16T23:14:20+00:00\" \/>\n<meta property=\"og:image\" content=\"https:\/\/dhg1h5j42swfq.cloudfront.net\/2024\/03\/13181410\/susep.jpg\" \/>\n\t<meta property=\"og:image:width\" content=\"768\" \/>\n\t<meta property=\"og:image:height\" content=\"432\" \/>\n\t<meta property=\"og:image:type\" content=\"image\/jpeg\" \/>\n<meta name=\"author\" content=\"Rafaela Teixeira\" \/>\n<meta name=\"twitter:card\" content=\"summary_large_image\" \/>\n<meta name=\"twitter:creator\" content=\"@EstratConcursos\" \/>\n<meta name=\"twitter:site\" content=\"@EstratConcursos\" \/>\n<meta name=\"twitter:label1\" content=\"Escrito por\" \/>\n\t<meta name=\"twitter:data1\" content=\"Rafaela Teixeira\" \/>\n\t<meta name=\"twitter:label2\" content=\"Est. tempo de leitura\" \/>\n\t<meta name=\"twitter:data2\" content=\"9 minutos\" \/>\n<script type=\"application\/ld+json\" class=\"yoast-schema-graph\">{\"@context\":\"https:\/\/schema.org\",\"@graph\":[{\"@type\":\"NewsArticle\",\"@id\":\"https:\/\/www.estrategiaconcursos.com.br\/blog\/concurso-susep\/#article\",\"isPartOf\":{\"@id\":\"https:\/\/www.estrategiaconcursos.com.br\/blog\/concurso-susep\/\"},\"author\":{\"name\":\"Rafaela Teixeira\",\"@id\":\"https:\/\/www.estrategiaconcursos.com.br\/blog\/#\/schema\/person\/e75352021ea7f60781c599934f916eb1\"},\"headline\":\"Concurso SUSEP: nomea\u00e7\u00f5es autorizadas. Veja detalhes!\",\"datePublished\":\"2026-02-16T23:14:17+00:00\",\"dateModified\":\"2026-02-16T23:14:20+00:00\",\"mainEntityOfPage\":{\"@id\":\"https:\/\/www.estrategiaconcursos.com.br\/blog\/concurso-susep\/\"},\"wordCount\":1779,\"commentCount\":3,\"publisher\":{\"@id\":\"https:\/\/www.estrategiaconcursos.com.br\/blog\/#organization\"},\"image\":{\"@id\":\"https:\/\/www.estrategiaconcursos.com.br\/blog\/concurso-susep\/#primaryimage\"},\"thumbnailUrl\":\"https:\/\/dhg1h5j42swfq.cloudfront.net\/2024\/03\/13181410\/susep.jpg\",\"articleSection\":[\"Financeira (BACEN, CVM, SUSEP e BNDES)\"],\"inLanguage\":\"pt-BR\",\"potentialAction\":[{\"@type\":\"CommentAction\",\"name\":\"Comment\",\"target\":[\"https:\/\/www.estrategiaconcursos.com.br\/blog\/concurso-susep\/#respond\"]}],\"copyrightYear\":\"2026\",\"copyrightHolder\":{\"@id\":\"https:\/\/www.estrategiaconcursos.com.br\/blog\/#organization\"}},{\"@type\":\"WebPage\",\"@id\":\"https:\/\/www.estrategiaconcursos.com.br\/blog\/concurso-susep\/\",\"url\":\"https:\/\/www.estrategiaconcursos.com.br\/blog\/concurso-susep\/\",\"name\":\"Concurso SUSEP: nomea\u00e7\u00f5es autorizadas. Veja detalhes!\",\"isPartOf\":{\"@id\":\"https:\/\/www.estrategiaconcursos.com.br\/blog\/#website\"},\"primaryImageOfPage\":{\"@id\":\"https:\/\/www.estrategiaconcursos.com.br\/blog\/concurso-susep\/#primaryimage\"},\"image\":{\"@id\":\"https:\/\/www.estrategiaconcursos.com.br\/blog\/concurso-susep\/#primaryimage\"},\"thumbnailUrl\":\"https:\/\/dhg1h5j42swfq.cloudfront.net\/2024\/03\/13181410\/susep.jpg\",\"datePublished\":\"2026-02-16T23:14:17+00:00\",\"dateModified\":\"2026-02-16T23:14:20+00:00\",\"description\":\"Concurso SUSEP ofertou 75 vagas de n\u00edvel superior e inicial de R$ 18 mil. Edital segue v\u00e1lido at\u00e9 2027. Confira aqui os detalhes!\",\"breadcrumb\":{\"@id\":\"https:\/\/www.estrategiaconcursos.com.br\/blog\/concurso-susep\/#breadcrumb\"},\"inLanguage\":\"pt-BR\",\"potentialAction\":[{\"@type\":\"ReadAction\",\"target\":[\"https:\/\/www.estrategiaconcursos.com.br\/blog\/concurso-susep\/\"]}]},{\"@type\":\"ImageObject\",\"inLanguage\":\"pt-BR\",\"@id\":\"https:\/\/www.estrategiaconcursos.com.br\/blog\/concurso-susep\/#primaryimage\",\"url\":\"https:\/\/dhg1h5j42swfq.cloudfront.net\/2024\/03\/13181410\/susep.jpg\",\"contentUrl\":\"https:\/\/dhg1h5j42swfq.cloudfront.net\/2024\/03\/13181410\/susep.jpg\",\"width\":768,\"height\":432,\"caption\":\"concurso susep\"},{\"@type\":\"BreadcrumbList\",\"@id\":\"https:\/\/www.estrategiaconcursos.com.br\/blog\/concurso-susep\/#breadcrumb\",\"itemListElement\":[{\"@type\":\"ListItem\",\"position\":1,\"name\":\"In\u00edcio\",\"item\":\"https:\/\/www.estrategiaconcursos.com.br\/blog\/\"},{\"@type\":\"ListItem\",\"position\":2,\"name\":\"Concurso SUSEP: nomea\u00e7\u00f5es autorizadas. Veja detalhes!\"}]},{\"@type\":\"WebSite\",\"@id\":\"https:\/\/www.estrategiaconcursos.com.br\/blog\/#website\",\"url\":\"https:\/\/www.estrategiaconcursos.com.br\/blog\/\",\"name\":\"Estrat\u00e9gia Concursos\",\"description\":\"O blog da Estrat\u00e9gia Concursos traz not\u00edcias sobre concursos e artigos de professores oferecendo cursos para concursos (pdf + videaulas) no site.\",\"publisher\":{\"@id\":\"https:\/\/www.estrategiaconcursos.com.br\/blog\/#organization\"},\"potentialAction\":[{\"@type\":\"SearchAction\",\"target\":{\"@type\":\"EntryPoint\",\"urlTemplate\":\"https:\/\/www.estrategiaconcursos.com.br\/blog\/?s={search_term_string}\"},\"query-input\":{\"@type\":\"PropertyValueSpecification\",\"valueRequired\":true,\"valueName\":\"search_term_string\"}}],\"inLanguage\":\"pt-BR\"},{\"@type\":\"Organization\",\"@id\":\"https:\/\/www.estrategiaconcursos.com.br\/blog\/#organization\",\"name\":\"Estrat\u00e9gia Concursos\",\"url\":\"https:\/\/www.estrategiaconcursos.com.br\/blog\/\",\"logo\":{\"@type\":\"ImageObject\",\"inLanguage\":\"pt-BR\",\"@id\":\"https:\/\/www.estrategiaconcursos.com.br\/blog\/#\/schema\/logo\/image\/\",\"url\":\"https:\/\/dhg1h5j42swfq.cloudfront.net\/2025\/06\/03203428\/logo_concursos-1.jpg\",\"contentUrl\":\"https:\/\/dhg1h5j42swfq.cloudfront.net\/2025\/06\/03203428\/logo_concursos-1.jpg\",\"width\":230,\"height\":60,\"caption\":\"Estrat\u00e9gia Concursos\"},\"image\":{\"@id\":\"https:\/\/www.estrategiaconcursos.com.br\/blog\/#\/schema\/logo\/image\/\"},\"sameAs\":[\"https:\/\/x.com\/EstratConcursos\"]},{\"@type\":\"Person\",\"@id\":\"https:\/\/www.estrategiaconcursos.com.br\/blog\/#\/schema\/person\/e75352021ea7f60781c599934f916eb1\",\"name\":\"Rafaela Teixeira\",\"image\":{\"@type\":\"ImageObject\",\"inLanguage\":\"pt-BR\",\"@id\":\"https:\/\/secure.gravatar.com\/avatar\/8a349a2b22039b1ee88fc06461487c950fd6aa411ea8af8633314b43334ae793?s=96&d=mm&r=g\",\"url\":\"https:\/\/secure.gravatar.com\/avatar\/8a349a2b22039b1ee88fc06461487c950fd6aa411ea8af8633314b43334ae793?s=96&d=mm&r=g\",\"contentUrl\":\"https:\/\/secure.gravatar.com\/avatar\/8a349a2b22039b1ee88fc06461487c950fd6aa411ea8af8633314b43334ae793?s=96&d=mm&r=g\",\"caption\":\"Rafaela Teixeira\"},\"description\":\"Rafaela Teixeira \u00e9 advogada conveniada \u00e0 Defensoria P\u00fablica de S\u00e3o Paulo pela OAB, com experi\u00eancia em reda\u00e7\u00e3o jur\u00eddica e atua\u00e7\u00e3o em institui\u00e7\u00f5es p\u00fablicas, incluindo est\u00e1gio no TRE-SP. Possui mais de 7 anos de experi\u00eancia na produ\u00e7\u00e3o de conte\u00fados voltados ao nicho de concursos p\u00fablicos, com foco em apura\u00e7\u00e3o jornal\u00edstica cont\u00ednua, an\u00e1lise de editais e obten\u00e7\u00e3o de informa\u00e7\u00f5es diretamente junto a \u00f3rg\u00e3os e fontes oficiais. No Blog do Estrat\u00e9gia Concursos, atua como Analista de Conte\u00fado S\u00eanior, respons\u00e1vel pelo jornalismo do per\u00edodo noturno e da madrugada, com atua\u00e7\u00e3o transversal na cobertura de concursos p\u00fablicos, garantindo a continuidade, fluidez e confiabilidade das publica\u00e7\u00f5es e dos bastidores dos certames.\",\"url\":\"https:\/\/www.estrategiaconcursos.com.br\/blog\/author\/rafaela-teixeira\/\"}]}<\/script>\n<!-- \/ Yoast SEO Premium plugin. -->","yoast_head_json":{"title":"Concurso SUSEP: nomea\u00e7\u00f5es autorizadas. Veja detalhes!","description":"Concurso SUSEP ofertou 75 vagas de n\u00edvel superior e inicial de R$ 18 mil. Edital segue v\u00e1lido at\u00e9 2027. Confira aqui os detalhes!","robots":{"index":"index","follow":"follow","max-snippet":"max-snippet:-1","max-image-preview":"max-image-preview:large","max-video-preview":"max-video-preview:-1"},"canonical":"https:\/\/www.estrategiaconcursos.com.br\/blog\/concurso-susep\/","og_locale":"pt_BR","og_type":"article","og_title":"Concurso SUSEP: nomea\u00e7\u00f5es autorizadas. Veja detalhes!","og_description":"Concurso SUSEP ofertou 75 vagas de n\u00edvel superior e inicial de R$ 18 mil. Edital segue v\u00e1lido at\u00e9 2027. Confira aqui os detalhes!","og_url":"https:\/\/www.estrategiaconcursos.com.br\/blog\/concurso-susep\/","og_site_name":"Estrat\u00e9gia Concursos","article_published_time":"2026-02-16T23:14:17+00:00","article_modified_time":"2026-02-16T23:14:20+00:00","og_image":[{"width":768,"height":432,"url":"https:\/\/dhg1h5j42swfq.cloudfront.net\/2024\/03\/13181410\/susep.jpg","type":"image\/jpeg"}],"author":"Rafaela Teixeira","twitter_card":"summary_large_image","twitter_creator":"@EstratConcursos","twitter_site":"@EstratConcursos","twitter_misc":{"Escrito por":"Rafaela Teixeira","Est. tempo de leitura":"9 minutos"},"schema":{"@context":"https:\/\/schema.org","@graph":[{"@type":"NewsArticle","@id":"https:\/\/www.estrategiaconcursos.com.br\/blog\/concurso-susep\/#article","isPartOf":{"@id":"https:\/\/www.estrategiaconcursos.com.br\/blog\/concurso-susep\/"},"author":{"name":"Rafaela Teixeira","@id":"https:\/\/www.estrategiaconcursos.com.br\/blog\/#\/schema\/person\/e75352021ea7f60781c599934f916eb1"},"headline":"Concurso SUSEP: nomea\u00e7\u00f5es autorizadas. Veja detalhes!","datePublished":"2026-02-16T23:14:17+00:00","dateModified":"2026-02-16T23:14:20+00:00","mainEntityOfPage":{"@id":"https:\/\/www.estrategiaconcursos.com.br\/blog\/concurso-susep\/"},"wordCount":1779,"commentCount":3,"publisher":{"@id":"https:\/\/www.estrategiaconcursos.com.br\/blog\/#organization"},"image":{"@id":"https:\/\/www.estrategiaconcursos.com.br\/blog\/concurso-susep\/#primaryimage"},"thumbnailUrl":"https:\/\/dhg1h5j42swfq.cloudfront.net\/2024\/03\/13181410\/susep.jpg","articleSection":["Financeira (BACEN, CVM, SUSEP e BNDES)"],"inLanguage":"pt-BR","potentialAction":[{"@type":"CommentAction","name":"Comment","target":["https:\/\/www.estrategiaconcursos.com.br\/blog\/concurso-susep\/#respond"]}],"copyrightYear":"2026","copyrightHolder":{"@id":"https:\/\/www.estrategiaconcursos.com.br\/blog\/#organization"}},{"@type":"WebPage","@id":"https:\/\/www.estrategiaconcursos.com.br\/blog\/concurso-susep\/","url":"https:\/\/www.estrategiaconcursos.com.br\/blog\/concurso-susep\/","name":"Concurso SUSEP: nomea\u00e7\u00f5es autorizadas. Veja detalhes!","isPartOf":{"@id":"https:\/\/www.estrategiaconcursos.com.br\/blog\/#website"},"primaryImageOfPage":{"@id":"https:\/\/www.estrategiaconcursos.com.br\/blog\/concurso-susep\/#primaryimage"},"image":{"@id":"https:\/\/www.estrategiaconcursos.com.br\/blog\/concurso-susep\/#primaryimage"},"thumbnailUrl":"https:\/\/dhg1h5j42swfq.cloudfront.net\/2024\/03\/13181410\/susep.jpg","datePublished":"2026-02-16T23:14:17+00:00","dateModified":"2026-02-16T23:14:20+00:00","description":"Concurso SUSEP ofertou 75 vagas de n\u00edvel superior e inicial de R$ 18 mil. Edital segue v\u00e1lido at\u00e9 2027. Confira aqui os detalhes!","breadcrumb":{"@id":"https:\/\/www.estrategiaconcursos.com.br\/blog\/concurso-susep\/#breadcrumb"},"inLanguage":"pt-BR","potentialAction":[{"@type":"ReadAction","target":["https:\/\/www.estrategiaconcursos.com.br\/blog\/concurso-susep\/"]}]},{"@type":"ImageObject","inLanguage":"pt-BR","@id":"https:\/\/www.estrategiaconcursos.com.br\/blog\/concurso-susep\/#primaryimage","url":"https:\/\/dhg1h5j42swfq.cloudfront.net\/2024\/03\/13181410\/susep.jpg","contentUrl":"https:\/\/dhg1h5j42swfq.cloudfront.net\/2024\/03\/13181410\/susep.jpg","width":768,"height":432,"caption":"concurso susep"},{"@type":"BreadcrumbList","@id":"https:\/\/www.estrategiaconcursos.com.br\/blog\/concurso-susep\/#breadcrumb","itemListElement":[{"@type":"ListItem","position":1,"name":"In\u00edcio","item":"https:\/\/www.estrategiaconcursos.com.br\/blog\/"},{"@type":"ListItem","position":2,"name":"Concurso SUSEP: nomea\u00e7\u00f5es autorizadas. Veja detalhes!"}]},{"@type":"WebSite","@id":"https:\/\/www.estrategiaconcursos.com.br\/blog\/#website","url":"https:\/\/www.estrategiaconcursos.com.br\/blog\/","name":"Estrat\u00e9gia Concursos","description":"O blog da Estrat\u00e9gia Concursos traz not\u00edcias sobre concursos e artigos de professores oferecendo cursos para concursos (pdf + videaulas) no site.","publisher":{"@id":"https:\/\/www.estrategiaconcursos.com.br\/blog\/#organization"},"potentialAction":[{"@type":"SearchAction","target":{"@type":"EntryPoint","urlTemplate":"https:\/\/www.estrategiaconcursos.com.br\/blog\/?s={search_term_string}"},"query-input":{"@type":"PropertyValueSpecification","valueRequired":true,"valueName":"search_term_string"}}],"inLanguage":"pt-BR"},{"@type":"Organization","@id":"https:\/\/www.estrategiaconcursos.com.br\/blog\/#organization","name":"Estrat\u00e9gia Concursos","url":"https:\/\/www.estrategiaconcursos.com.br\/blog\/","logo":{"@type":"ImageObject","inLanguage":"pt-BR","@id":"https:\/\/www.estrategiaconcursos.com.br\/blog\/#\/schema\/logo\/image\/","url":"https:\/\/dhg1h5j42swfq.cloudfront.net\/2025\/06\/03203428\/logo_concursos-1.jpg","contentUrl":"https:\/\/dhg1h5j42swfq.cloudfront.net\/2025\/06\/03203428\/logo_concursos-1.jpg","width":230,"height":60,"caption":"Estrat\u00e9gia Concursos"},"image":{"@id":"https:\/\/www.estrategiaconcursos.com.br\/blog\/#\/schema\/logo\/image\/"},"sameAs":["https:\/\/x.com\/EstratConcursos"]},{"@type":"Person","@id":"https:\/\/www.estrategiaconcursos.com.br\/blog\/#\/schema\/person\/e75352021ea7f60781c599934f916eb1","name":"Rafaela Teixeira","image":{"@type":"ImageObject","inLanguage":"pt-BR","@id":"https:\/\/secure.gravatar.com\/avatar\/8a349a2b22039b1ee88fc06461487c950fd6aa411ea8af8633314b43334ae793?s=96&d=mm&r=g","url":"https:\/\/secure.gravatar.com\/avatar\/8a349a2b22039b1ee88fc06461487c950fd6aa411ea8af8633314b43334ae793?s=96&d=mm&r=g","contentUrl":"https:\/\/secure.gravatar.com\/avatar\/8a349a2b22039b1ee88fc06461487c950fd6aa411ea8af8633314b43334ae793?s=96&d=mm&r=g","caption":"Rafaela Teixeira"},"description":"Rafaela Teixeira \u00e9 advogada conveniada \u00e0 Defensoria P\u00fablica de S\u00e3o Paulo pela OAB, com experi\u00eancia em reda\u00e7\u00e3o jur\u00eddica e atua\u00e7\u00e3o em institui\u00e7\u00f5es p\u00fablicas, incluindo est\u00e1gio no TRE-SP. Possui mais de 7 anos de experi\u00eancia na produ\u00e7\u00e3o de conte\u00fados voltados ao nicho de concursos p\u00fablicos, com foco em apura\u00e7\u00e3o jornal\u00edstica cont\u00ednua, an\u00e1lise de editais e obten\u00e7\u00e3o de informa\u00e7\u00f5es diretamente junto a \u00f3rg\u00e3os e fontes oficiais. No Blog do Estrat\u00e9gia Concursos, atua como Analista de Conte\u00fado S\u00eanior, respons\u00e1vel pelo jornalismo do per\u00edodo noturno e da madrugada, com atua\u00e7\u00e3o transversal na cobertura de concursos p\u00fablicos, garantindo a continuidade, fluidez e confiabilidade das publica\u00e7\u00f5es e dos bastidores dos certames.","url":"https:\/\/www.estrategiaconcursos.com.br\/blog\/author\/rafaela-teixeira\/"}]}},"_links":{"self":[{"href":"https:\/\/www.estrategiaconcursos.com.br\/blog\/wp-json\/wp\/v2\/posts\/539939","targetHints":{"allow":["GET"]}}],"collection":[{"href":"https:\/\/www.estrategiaconcursos.com.br\/blog\/wp-json\/wp\/v2\/posts"}],"about":[{"href":"https:\/\/www.estrategiaconcursos.com.br\/blog\/wp-json\/wp\/v2\/types\/post"}],"author":[{"embeddable":true,"href":"https:\/\/www.estrategiaconcursos.com.br\/blog\/wp-json\/wp\/v2\/users\/2134"}],"replies":[{"embeddable":true,"href":"https:\/\/www.estrategiaconcursos.com.br\/blog\/wp-json\/wp\/v2\/comments?post=539939"}],"version-history":[{"count":127,"href":"https:\/\/www.estrategiaconcursos.com.br\/blog\/wp-json\/wp\/v2\/posts\/539939\/revisions"}],"predecessor-version":[{"id":1700313,"href":"https:\/\/www.estrategiaconcursos.com.br\/blog\/wp-json\/wp\/v2\/posts\/539939\/revisions\/1700313"}],"wp:featuredmedia":[{"embeddable":true,"href":"https:\/\/www.estrategiaconcursos.com.br\/blog\/wp-json\/wp\/v2\/media\/1368260"}],"wp:attachment":[{"href":"https:\/\/www.estrategiaconcursos.com.br\/blog\/wp-json\/wp\/v2\/media?parent=539939"}],"wp:term":[{"taxonomy":"category","embeddable":true,"href":"https:\/\/www.estrategiaconcursos.com.br\/blog\/wp-json\/wp\/v2\/categories?post=539939"},{"taxonomy":"post_tag","embeddable":true,"href":"https:\/\/www.estrategiaconcursos.com.br\/blog\/wp-json\/wp\/v2\/tags?post=539939"},{"taxonomy":"tax_estado","embeddable":true,"href":"https:\/\/www.estrategiaconcursos.com.br\/blog\/wp-json\/wp\/v2\/tax_estado?post=539939"}],"curies":[{"name":"wp","href":"https:\/\/api.w.org\/{rel}","templated":true}]}}