{"id":53847,"date":"2016-10-31T14:36:56","date_gmt":"2016-10-31T17:36:56","guid":{"rendered":"https:\/\/www.estrategiaconcursos.com.br\/blog\/?p=53847"},"modified":"2016-10-31T16:32:51","modified_gmt":"2016-10-31T19:32:51","slug":"evidente-crise-de-legitimidade-do-modelo-politico-representativo","status":"publish","type":"post","link":"https:\/\/www.estrategiaconcursos.com.br\/blog\/evidente-crise-de-legitimidade-do-modelo-politico-representativo\/","title":{"rendered":"A crise de legitimidade do modelo pol\u00edtico representativo"},"content":{"rendered":"<p>Ol\u00e1 pessoal, tudo bem?<\/p>\n<p>&nbsp;<\/p>\n<p>Este fato merece contempla\u00e7\u00e3o, em especial, para fins de posicionamento cr\u00edtico em poss\u00edveis quest\u00f5es discursivas, em concursos p\u00fablicos.<\/p>\n<p>&nbsp;<\/p>\n<p>A apura\u00e7\u00e3o oficial do segundo turno para Prefeito na cidade do Rio de Janeiro aponta 26,75% de absten\u00e7\u00f5es e 20,08% de votos brancos ou nulos.<\/p>\n<p>&nbsp;<\/p>\n<p>A soma das absten\u00e7\u00f5es e dos votos brancos ou nulos representou 46,83% do total do eleitorado da cidade.<\/p>\n<p>&nbsp;<\/p>\n<p>Como dizem os cariocas: \u201c<em>tem no\u00e7\u00e3o<\/em>? \u201d.<\/p>\n<p>&nbsp;<\/p>\n<p>Quase metade do eleitorado n\u00e3o se identificou com nenhum dos dois concorrentes ao mandato de Prefeito.<\/p>\n<p>&nbsp;<\/p>\n<p>Os dois candidatos concorrentes no segundo turno eleitoral, Crivella e Freixo, obtiveram 34,5% e 23,8% do total de votos, respectivamente.<\/p>\n<p>&nbsp;<\/p>\n<p>Trata-se de evid\u00eancia contundente da decad\u00eancia de legitimidade \u2013 fen\u00f4meno j\u00e1 antigo \u2500 do modelo pol\u00edtico representativo, que, por meio de mandato com apar\u00eancia de carta branca, outorga a gest\u00e3o do patrim\u00f4nio p\u00fablico, com p\u00edfio controle institucional e social, baseado na pol\u00edtica do \u201ctoma l\u00e1, d\u00e1 c\u00e1\u201d, sempre presente na natureza intranspon\u00edvel das trocas racionais humanas.<\/p>\n<p>&nbsp;<\/p>\n<p>Por evidente, o modelo pol\u00edtico representativo liberal representou avan\u00e7o tremendo aos modelos pol\u00edticos que sucedeu, a partir do final do s\u00e9culo XVIII,\u00a0quase todos autocr\u00e1ticos.<\/p>\n<p>&nbsp;<\/p>\n<p>Todavia, atualmente, a esperan\u00e7a reside numa inevit\u00e1vel solu\u00e7\u00e3o vindoura da ci\u00eancia, no campo pol\u00edtico e informacional, que permita uma forma de maior participa\u00e7\u00e3o ativa do cidad\u00e3o na gest\u00e3o e fiscaliza\u00e7\u00e3o dos recursos extra\u00eddos do povo \u2500 com a justificativa plaus\u00edvel do bem comum \u2500, visando o retorno social com a m\u00e1xima efici\u00eancia, efic\u00e1cia e efetividade poss\u00edveis.<\/p>\n<p>&nbsp;<\/p>\n<p>Naturalmente, as aristocracias\/cleptocracias pol\u00edticas favorecidas \u2500 a n\u00edvel mundial \u2500 pela atual modelagem do sistema pol\u00edtico-partid\u00e1rio representam not\u00f3ria barreira \u00e0 referida evolu\u00e7\u00e3o necess\u00e1ria ao regime democr\u00e1tico, fato que demandar\u00e1 multid\u00f5es nas ruas e que talvez represente a finalidade maior da denominada revolu\u00e7\u00e3o informacional.<\/p>\n<p>&nbsp;<\/p>\n<p>Bons estudos!<\/p>\n","protected":false},"excerpt":{"rendered":"<p>Ol\u00e1 pessoal, tudo bem? &nbsp; Este fato merece contempla\u00e7\u00e3o, em especial, para fins de posicionamento cr\u00edtico em poss\u00edveis quest\u00f5es discursivas, em concursos p\u00fablicos. &nbsp; A apura\u00e7\u00e3o oficial do segundo turno para Prefeito na cidade do Rio de Janeiro aponta 26,75% de absten\u00e7\u00f5es e 20,08% de votos brancos ou nulos. &nbsp; A soma das absten\u00e7\u00f5es e [&hellip;]<\/p>\n","protected":false},"author":1,"featured_media":0,"comment_status":"open","ping_status":"open","sticky":false,"template":"","format":"standard","meta":{"post_tipo":"news","footnotes":""},"categories":[1],"tags":[],"tax_estado":[],"class_list":["post-53847","post","type-post","status-publish","format-standard","hentry","category-cursos-e-concursos"],"acf":[],"yoast_head":"<!-- This site is optimized with the Yoast SEO Premium plugin v27.2 (Yoast SEO v27.2) - https:\/\/yoast.com\/product\/yoast-seo-premium-wordpress\/ -->\n<title>A crise de legitimidade do modelo pol\u00edtico representativo<\/title>\n<meta name=\"robots\" content=\"index, follow, max-snippet:-1, max-image-preview:large, max-video-preview:-1\" \/>\n<link rel=\"canonical\" href=\"https:\/\/www.estrategiaconcursos.com.br\/blog\/evidente-crise-de-legitimidade-do-modelo-politico-representativo\/\" \/>\n<meta property=\"og:locale\" content=\"pt_BR\" \/>\n<meta property=\"og:type\" content=\"article\" \/>\n<meta property=\"og:title\" content=\"A crise de legitimidade do modelo pol\u00edtico representativo\" \/>\n<meta property=\"og:description\" content=\"Ol\u00e1 pessoal, tudo bem? &nbsp; Este fato merece contempla\u00e7\u00e3o, em especial, para fins de posicionamento cr\u00edtico em poss\u00edveis quest\u00f5es discursivas, em concursos p\u00fablicos. &nbsp; A apura\u00e7\u00e3o oficial do segundo turno para Prefeito na cidade do Rio de Janeiro aponta 26,75% de absten\u00e7\u00f5es e 20,08% de votos brancos ou nulos. &nbsp; A soma das absten\u00e7\u00f5es e [&hellip;]\" \/>\n<meta property=\"og:url\" content=\"https:\/\/www.estrategiaconcursos.com.br\/blog\/evidente-crise-de-legitimidade-do-modelo-politico-representativo\/\" \/>\n<meta property=\"og:site_name\" content=\"Estrat\u00e9gia Concursos\" \/>\n<meta property=\"article:author\" content=\"https:\/\/www.facebook.com\/EstrategiaConcursos\" \/>\n<meta property=\"article:published_time\" content=\"2016-10-31T17:36:56+00:00\" \/>\n<meta property=\"article:modified_time\" content=\"2016-10-31T19:32:51+00:00\" \/>\n<meta name=\"author\" content=\"Coordena\u00e7\u00e3o\" \/>\n<meta name=\"twitter:card\" content=\"summary_large_image\" \/>\n<meta name=\"twitter:creator\" content=\"@EstratConcursos\" \/>\n<meta name=\"twitter:site\" content=\"@EstratConcursos\" \/>\n<meta name=\"twitter:label1\" content=\"Escrito por\" \/>\n\t<meta name=\"twitter:data1\" content=\"Coordena\u00e7\u00e3o\" \/>\n\t<meta name=\"twitter:label2\" content=\"Est. tempo de leitura\" \/>\n\t<meta name=\"twitter:data2\" content=\"2 minutos\" \/>\n<script type=\"application\/ld+json\" class=\"yoast-schema-graph\">{\"@context\":\"https:\/\/schema.org\",\"@graph\":[{\"@type\":\"NewsArticle\",\"@id\":\"https:\/\/www.estrategiaconcursos.com.br\/blog\/evidente-crise-de-legitimidade-do-modelo-politico-representativo\/#article\",\"isPartOf\":{\"@id\":\"https:\/\/www.estrategiaconcursos.com.br\/blog\/evidente-crise-de-legitimidade-do-modelo-politico-representativo\/\"},\"author\":{\"name\":\"Coordena\u00e7\u00e3o\",\"@id\":\"https:\/\/www.estrategiaconcursos.com.br\/blog\/#\/schema\/person\/b4a388c97673c5f483d72185668afa1f\"},\"headline\":\"A crise de legitimidade do modelo pol\u00edtico representativo\",\"datePublished\":\"2016-10-31T17:36:56+00:00\",\"dateModified\":\"2016-10-31T19:32:51+00:00\",\"mainEntityOfPage\":{\"@id\":\"https:\/\/www.estrategiaconcursos.com.br\/blog\/evidente-crise-de-legitimidade-do-modelo-politico-representativo\/\"},\"wordCount\":349,\"commentCount\":0,\"publisher\":{\"@id\":\"https:\/\/www.estrategiaconcursos.com.br\/blog\/#organization\"},\"articleSection\":[\"Concursos P\u00fablicos\"],\"inLanguage\":\"pt-BR\",\"potentialAction\":[{\"@type\":\"CommentAction\",\"name\":\"Comment\",\"target\":[\"https:\/\/www.estrategiaconcursos.com.br\/blog\/evidente-crise-de-legitimidade-do-modelo-politico-representativo\/#respond\"]}],\"copyrightYear\":\"2016\",\"copyrightHolder\":{\"@id\":\"https:\/\/www.estrategiaconcursos.com.br\/blog\/#organization\"}},{\"@type\":\"WebPage\",\"@id\":\"https:\/\/www.estrategiaconcursos.com.br\/blog\/evidente-crise-de-legitimidade-do-modelo-politico-representativo\/\",\"url\":\"https:\/\/www.estrategiaconcursos.com.br\/blog\/evidente-crise-de-legitimidade-do-modelo-politico-representativo\/\",\"name\":\"A crise de legitimidade do modelo pol\u00edtico representativo\",\"isPartOf\":{\"@id\":\"https:\/\/www.estrategiaconcursos.com.br\/blog\/#website\"},\"datePublished\":\"2016-10-31T17:36:56+00:00\",\"dateModified\":\"2016-10-31T19:32:51+00:00\",\"breadcrumb\":{\"@id\":\"https:\/\/www.estrategiaconcursos.com.br\/blog\/evidente-crise-de-legitimidade-do-modelo-politico-representativo\/#breadcrumb\"},\"inLanguage\":\"pt-BR\",\"potentialAction\":[{\"@type\":\"ReadAction\",\"target\":[\"https:\/\/www.estrategiaconcursos.com.br\/blog\/evidente-crise-de-legitimidade-do-modelo-politico-representativo\/\"]}]},{\"@type\":\"BreadcrumbList\",\"@id\":\"https:\/\/www.estrategiaconcursos.com.br\/blog\/evidente-crise-de-legitimidade-do-modelo-politico-representativo\/#breadcrumb\",\"itemListElement\":[{\"@type\":\"ListItem\",\"position\":1,\"name\":\"In\u00edcio\",\"item\":\"https:\/\/www.estrategiaconcursos.com.br\/blog\/\"},{\"@type\":\"ListItem\",\"position\":2,\"name\":\"A crise de legitimidade do modelo pol\u00edtico representativo\"}]},{\"@type\":\"WebSite\",\"@id\":\"https:\/\/www.estrategiaconcursos.com.br\/blog\/#website\",\"url\":\"https:\/\/www.estrategiaconcursos.com.br\/blog\/\",\"name\":\"Estrat\u00e9gia Concursos\",\"description\":\"O blog da Estrat\u00e9gia Concursos traz not\u00edcias sobre concursos e artigos de professores oferecendo cursos para concursos (pdf + videaulas) no site.\",\"publisher\":{\"@id\":\"https:\/\/www.estrategiaconcursos.com.br\/blog\/#organization\"},\"potentialAction\":[{\"@type\":\"SearchAction\",\"target\":{\"@type\":\"EntryPoint\",\"urlTemplate\":\"https:\/\/www.estrategiaconcursos.com.br\/blog\/?s={search_term_string}\"},\"query-input\":{\"@type\":\"PropertyValueSpecification\",\"valueRequired\":true,\"valueName\":\"search_term_string\"}}],\"inLanguage\":\"pt-BR\"},{\"@type\":\"Organization\",\"@id\":\"https:\/\/www.estrategiaconcursos.com.br\/blog\/#organization\",\"name\":\"Estrat\u00e9gia Concursos\",\"url\":\"https:\/\/www.estrategiaconcursos.com.br\/blog\/\",\"logo\":{\"@type\":\"ImageObject\",\"inLanguage\":\"pt-BR\",\"@id\":\"https:\/\/www.estrategiaconcursos.com.br\/blog\/#\/schema\/logo\/image\/\",\"url\":\"https:\/\/dhg1h5j42swfq.cloudfront.net\/2025\/06\/03203428\/logo_concursos-1.jpg\",\"contentUrl\":\"https:\/\/dhg1h5j42swfq.cloudfront.net\/2025\/06\/03203428\/logo_concursos-1.jpg\",\"width\":230,\"height\":60,\"caption\":\"Estrat\u00e9gia Concursos\"},\"image\":{\"@id\":\"https:\/\/www.estrategiaconcursos.com.br\/blog\/#\/schema\/logo\/image\/\"},\"sameAs\":[\"https:\/\/x.com\/EstratConcursos\"]},{\"@type\":\"Person\",\"@id\":\"https:\/\/www.estrategiaconcursos.com.br\/blog\/#\/schema\/person\/b4a388c97673c5f483d72185668afa1f\",\"name\":\"Coordena\u00e7\u00e3o\",\"image\":{\"@type\":\"ImageObject\",\"inLanguage\":\"pt-BR\",\"@id\":\"https:\/\/secure.gravatar.com\/avatar\/b720319e4c9a967eb58678d110f4fe35452fc5d5f97b202bac7b8acceb18c6ad?s=96&d=mm&r=g\",\"url\":\"https:\/\/secure.gravatar.com\/avatar\/b720319e4c9a967eb58678d110f4fe35452fc5d5f97b202bac7b8acceb18c6ad?s=96&d=mm&r=g\",\"contentUrl\":\"https:\/\/secure.gravatar.com\/avatar\/b720319e4c9a967eb58678d110f4fe35452fc5d5f97b202bac7b8acceb18c6ad?s=96&d=mm&r=g\",\"caption\":\"Coordena\u00e7\u00e3o\"},\"sameAs\":[\"https:\/\/www.facebook.com\/EstrategiaConcursos\",\"https:\/\/x.com\/EstratConcursos\"],\"url\":\"https:\/\/www.estrategiaconcursos.com.br\/blog\/author\/estrategia2013\/\"}]}<\/script>\n<!-- \/ Yoast SEO Premium plugin. -->","yoast_head_json":{"title":"A crise de legitimidade do modelo pol\u00edtico representativo","robots":{"index":"index","follow":"follow","max-snippet":"max-snippet:-1","max-image-preview":"max-image-preview:large","max-video-preview":"max-video-preview:-1"},"canonical":"https:\/\/www.estrategiaconcursos.com.br\/blog\/evidente-crise-de-legitimidade-do-modelo-politico-representativo\/","og_locale":"pt_BR","og_type":"article","og_title":"A crise de legitimidade do modelo pol\u00edtico representativo","og_description":"Ol\u00e1 pessoal, tudo bem? &nbsp; Este fato merece contempla\u00e7\u00e3o, em especial, para fins de posicionamento cr\u00edtico em poss\u00edveis quest\u00f5es discursivas, em concursos p\u00fablicos. &nbsp; A apura\u00e7\u00e3o oficial do segundo turno para Prefeito na cidade do Rio de Janeiro aponta 26,75% de absten\u00e7\u00f5es e 20,08% de votos brancos ou nulos. &nbsp; A soma das absten\u00e7\u00f5es e [&hellip;]","og_url":"https:\/\/www.estrategiaconcursos.com.br\/blog\/evidente-crise-de-legitimidade-do-modelo-politico-representativo\/","og_site_name":"Estrat\u00e9gia Concursos","article_author":"https:\/\/www.facebook.com\/EstrategiaConcursos","article_published_time":"2016-10-31T17:36:56+00:00","article_modified_time":"2016-10-31T19:32:51+00:00","author":"Coordena\u00e7\u00e3o","twitter_card":"summary_large_image","twitter_creator":"@EstratConcursos","twitter_site":"@EstratConcursos","twitter_misc":{"Escrito por":"Coordena\u00e7\u00e3o","Est. tempo de leitura":"2 minutos"},"schema":{"@context":"https:\/\/schema.org","@graph":[{"@type":"NewsArticle","@id":"https:\/\/www.estrategiaconcursos.com.br\/blog\/evidente-crise-de-legitimidade-do-modelo-politico-representativo\/#article","isPartOf":{"@id":"https:\/\/www.estrategiaconcursos.com.br\/blog\/evidente-crise-de-legitimidade-do-modelo-politico-representativo\/"},"author":{"name":"Coordena\u00e7\u00e3o","@id":"https:\/\/www.estrategiaconcursos.com.br\/blog\/#\/schema\/person\/b4a388c97673c5f483d72185668afa1f"},"headline":"A crise de legitimidade do modelo pol\u00edtico representativo","datePublished":"2016-10-31T17:36:56+00:00","dateModified":"2016-10-31T19:32:51+00:00","mainEntityOfPage":{"@id":"https:\/\/www.estrategiaconcursos.com.br\/blog\/evidente-crise-de-legitimidade-do-modelo-politico-representativo\/"},"wordCount":349,"commentCount":0,"publisher":{"@id":"https:\/\/www.estrategiaconcursos.com.br\/blog\/#organization"},"articleSection":["Concursos P\u00fablicos"],"inLanguage":"pt-BR","potentialAction":[{"@type":"CommentAction","name":"Comment","target":["https:\/\/www.estrategiaconcursos.com.br\/blog\/evidente-crise-de-legitimidade-do-modelo-politico-representativo\/#respond"]}],"copyrightYear":"2016","copyrightHolder":{"@id":"https:\/\/www.estrategiaconcursos.com.br\/blog\/#organization"}},{"@type":"WebPage","@id":"https:\/\/www.estrategiaconcursos.com.br\/blog\/evidente-crise-de-legitimidade-do-modelo-politico-representativo\/","url":"https:\/\/www.estrategiaconcursos.com.br\/blog\/evidente-crise-de-legitimidade-do-modelo-politico-representativo\/","name":"A crise de legitimidade do modelo pol\u00edtico representativo","isPartOf":{"@id":"https:\/\/www.estrategiaconcursos.com.br\/blog\/#website"},"datePublished":"2016-10-31T17:36:56+00:00","dateModified":"2016-10-31T19:32:51+00:00","breadcrumb":{"@id":"https:\/\/www.estrategiaconcursos.com.br\/blog\/evidente-crise-de-legitimidade-do-modelo-politico-representativo\/#breadcrumb"},"inLanguage":"pt-BR","potentialAction":[{"@type":"ReadAction","target":["https:\/\/www.estrategiaconcursos.com.br\/blog\/evidente-crise-de-legitimidade-do-modelo-politico-representativo\/"]}]},{"@type":"BreadcrumbList","@id":"https:\/\/www.estrategiaconcursos.com.br\/blog\/evidente-crise-de-legitimidade-do-modelo-politico-representativo\/#breadcrumb","itemListElement":[{"@type":"ListItem","position":1,"name":"In\u00edcio","item":"https:\/\/www.estrategiaconcursos.com.br\/blog\/"},{"@type":"ListItem","position":2,"name":"A crise de legitimidade do modelo pol\u00edtico representativo"}]},{"@type":"WebSite","@id":"https:\/\/www.estrategiaconcursos.com.br\/blog\/#website","url":"https:\/\/www.estrategiaconcursos.com.br\/blog\/","name":"Estrat\u00e9gia Concursos","description":"O blog da Estrat\u00e9gia Concursos traz not\u00edcias sobre concursos e artigos de professores oferecendo cursos para concursos (pdf + videaulas) no site.","publisher":{"@id":"https:\/\/www.estrategiaconcursos.com.br\/blog\/#organization"},"potentialAction":[{"@type":"SearchAction","target":{"@type":"EntryPoint","urlTemplate":"https:\/\/www.estrategiaconcursos.com.br\/blog\/?s={search_term_string}"},"query-input":{"@type":"PropertyValueSpecification","valueRequired":true,"valueName":"search_term_string"}}],"inLanguage":"pt-BR"},{"@type":"Organization","@id":"https:\/\/www.estrategiaconcursos.com.br\/blog\/#organization","name":"Estrat\u00e9gia Concursos","url":"https:\/\/www.estrategiaconcursos.com.br\/blog\/","logo":{"@type":"ImageObject","inLanguage":"pt-BR","@id":"https:\/\/www.estrategiaconcursos.com.br\/blog\/#\/schema\/logo\/image\/","url":"https:\/\/dhg1h5j42swfq.cloudfront.net\/2025\/06\/03203428\/logo_concursos-1.jpg","contentUrl":"https:\/\/dhg1h5j42swfq.cloudfront.net\/2025\/06\/03203428\/logo_concursos-1.jpg","width":230,"height":60,"caption":"Estrat\u00e9gia Concursos"},"image":{"@id":"https:\/\/www.estrategiaconcursos.com.br\/blog\/#\/schema\/logo\/image\/"},"sameAs":["https:\/\/x.com\/EstratConcursos"]},{"@type":"Person","@id":"https:\/\/www.estrategiaconcursos.com.br\/blog\/#\/schema\/person\/b4a388c97673c5f483d72185668afa1f","name":"Coordena\u00e7\u00e3o","image":{"@type":"ImageObject","inLanguage":"pt-BR","@id":"https:\/\/secure.gravatar.com\/avatar\/b720319e4c9a967eb58678d110f4fe35452fc5d5f97b202bac7b8acceb18c6ad?s=96&d=mm&r=g","url":"https:\/\/secure.gravatar.com\/avatar\/b720319e4c9a967eb58678d110f4fe35452fc5d5f97b202bac7b8acceb18c6ad?s=96&d=mm&r=g","contentUrl":"https:\/\/secure.gravatar.com\/avatar\/b720319e4c9a967eb58678d110f4fe35452fc5d5f97b202bac7b8acceb18c6ad?s=96&d=mm&r=g","caption":"Coordena\u00e7\u00e3o"},"sameAs":["https:\/\/www.facebook.com\/EstrategiaConcursos","https:\/\/x.com\/EstratConcursos"],"url":"https:\/\/www.estrategiaconcursos.com.br\/blog\/author\/estrategia2013\/"}]}},"_links":{"self":[{"href":"https:\/\/www.estrategiaconcursos.com.br\/blog\/wp-json\/wp\/v2\/posts\/53847","targetHints":{"allow":["GET"]}}],"collection":[{"href":"https:\/\/www.estrategiaconcursos.com.br\/blog\/wp-json\/wp\/v2\/posts"}],"about":[{"href":"https:\/\/www.estrategiaconcursos.com.br\/blog\/wp-json\/wp\/v2\/types\/post"}],"author":[{"embeddable":true,"href":"https:\/\/www.estrategiaconcursos.com.br\/blog\/wp-json\/wp\/v2\/users\/1"}],"replies":[{"embeddable":true,"href":"https:\/\/www.estrategiaconcursos.com.br\/blog\/wp-json\/wp\/v2\/comments?post=53847"}],"version-history":[{"count":7,"href":"https:\/\/www.estrategiaconcursos.com.br\/blog\/wp-json\/wp\/v2\/posts\/53847\/revisions"}],"predecessor-version":[{"id":53883,"href":"https:\/\/www.estrategiaconcursos.com.br\/blog\/wp-json\/wp\/v2\/posts\/53847\/revisions\/53883"}],"wp:attachment":[{"href":"https:\/\/www.estrategiaconcursos.com.br\/blog\/wp-json\/wp\/v2\/media?parent=53847"}],"wp:term":[{"taxonomy":"category","embeddable":true,"href":"https:\/\/www.estrategiaconcursos.com.br\/blog\/wp-json\/wp\/v2\/categories?post=53847"},{"taxonomy":"post_tag","embeddable":true,"href":"https:\/\/www.estrategiaconcursos.com.br\/blog\/wp-json\/wp\/v2\/tags?post=53847"},{"taxonomy":"tax_estado","embeddable":true,"href":"https:\/\/www.estrategiaconcursos.com.br\/blog\/wp-json\/wp\/v2\/tax_estado?post=53847"}],"curies":[{"name":"wp","href":"https:\/\/api.w.org\/{rel}","templated":true}]}}