{"id":538349,"date":"2020-07-07T08:30:00","date_gmt":"2020-07-07T11:30:00","guid":{"rendered":"https:\/\/www.estrategiaconcursos.com.br\/blog\/?p=538349"},"modified":"2023-03-03T09:12:51","modified_gmt":"2023-03-03T12:12:51","slug":"receita-federal-os-cargos-de-auditor-e-analista","status":"publish","type":"post","link":"https:\/\/www.estrategiaconcursos.com.br\/blog\/receita-federal-os-cargos-de-auditor-e-analista\/","title":{"rendered":"Receita Federal: conhe\u00e7a os cargos de Auditor e Analista"},"content":{"rendered":"\n<p>H\u00e1 6 anos sem publicar um novo edital, o&nbsp;<strong>concurso da<\/strong>&nbsp;<strong>Receita Federal do Brasil<\/strong>&nbsp;tornou-se um dos mais aguardados de todos os tempos. Atualmente, o \u00f3rg\u00e3o conta com&nbsp;mais de 22 mil cargos vagos. <\/p>\n\n\n\n<p>De acordo com consulta realizada no Painel Estat\u00edstico de Pessoal, com refer\u00eancia em junho de 2020, dentre o d\u00e9ficit  existente,&nbsp;12.186&nbsp;cargos vagos s\u00e3o de Auditor Fiscal&nbsp;e&nbsp;10.507&nbsp;de Analista Tribut\u00e1rio. <\/p>\n\n\n\n<p>Em contato com a Receita Federal, atrav\u00e9s do e-SIC, foi confirmado o pedido de autoriza\u00e7\u00e3o para realiza\u00e7\u00e3o de um novo concurso. Somente para carreira Tribut\u00e1ria e Aduaneira foram <strong>solicitadas 2.050 vagas<\/strong>. Destas, 550 vagas para Auditor Fiscal e 1.500 para Analista Tribut\u00e1rio.<\/p>\n\n\n\n<p>Contudo, muitos concurseiros ficam na d\u00favida sobre qual cargo escolher e para qual carreira vale mais a pena estudar. E para te ajudar, elaboramos neste artigo importantes informa\u00e7\u00f5es sobre ambos os cargos. Acompanhe e confira qual fun\u00e7\u00e3o combina mais com seu perfil!<\/p>\n\n\n\n<h2 class=\"wp-block-heading\">Sal\u00e1rios dos cargos da Receita Federal<\/h2>\n\n\n\n<p>Em 2019, os cargos de Auditores Fiscais e Analistas Tribut\u00e1rios da Receita Federal obtiveram um grande aumento salarial. O&nbsp;sal\u00e1rio inicial&nbsp;do Auditor passou a ser de R$ 21.029,09 e o de Analista de R$ 11.684,39. J\u00e1 os&nbsp;sal\u00e1rios finais passaram a ser, respectivamente, de R$ 27.303,62 e R$ 18.076,05.<\/p>\n\n\n\n<p>Al\u00e9m disso, foi criado um b\u00f4nus&nbsp;de efici\u00eancia, pago em adi\u00e7\u00e3o ao sal\u00e1rio normal e houve significativa&nbsp;redu\u00e7\u00e3o do n\u00famero de n\u00edveis na tabela salarial, permitindo que o servidor chegue mais r\u00e1pido ao teto da carreira.<\/p>\n\n\n\n<figure class=\"wp-block-table is-style-stripes\"><table class=\"has-background has-fixed-layout\" style=\"background-color:#e7f5fe\"><thead><tr><th class=\"has-text-align-center\" data-align=\"center\"><strong>Cargos<\/strong><\/th><th class=\"has-text-align-center\" data-align=\"center\"><strong>Vencimento Base \u2013 Inicial<\/strong><\/th><th class=\"has-text-align-center\" data-align=\"center\"><strong>Vencimento Base \u2013 Final<\/strong><\/th><\/tr><\/thead><tbody><tr><td class=\"has-text-align-center\" data-align=\"center\">Auditor Fiscal<\/td><td class=\"has-text-align-center\" data-align=\"center\">R$ 21.029,09<\/td><td class=\"has-text-align-center\" data-align=\"center\">R$ 27.303,62<\/td><\/tr><tr><td class=\"has-text-align-center\" data-align=\"center\">Analista Tribut\u00e1rio<\/td><td class=\"has-text-align-center\" data-align=\"center\">R$ 11.684,39<\/td><td class=\"has-text-align-center\" data-align=\"center\">R$ 18.076,05<\/td><\/tr><\/tbody><\/table><\/figure>\n\n\n\n<p>Abaixo, confira a tabela remunerat\u00f3ria, de acordo com a \u00faltima atualiza\u00e7\u00e3o de 2019:<\/p>\n\n\n\n<p class=\"has-medium-font-size\"><strong>Auditor Fiscal<\/strong><\/p>\n\n\n\n<figure class=\"wp-block-image aligncenter\"><img decoding=\"async\" src=\"https:\/\/dhg1h5j42swfq.cloudfront.net\/2020\/01\/09111621\/rfb-min.png\" alt=\"\"\/><\/figure>\n\n\n\n<p class=\"has-medium-font-size\"><strong>Analista Tribut\u00e1rio<\/strong><\/p>\n\n\n\n<figure class=\"wp-block-image aligncenter\"><img decoding=\"async\" src=\"https:\/\/cdn.direcaoconcursos.com.br\/uploads\/2020\/07\/image-23.png\" alt=\"Remunera\u00e7\u00e3o Analista Tribut\u00e1rio RFB\"\/><\/figure>\n\n\n\n<h3 class=\"wp-block-heading\">Benef\u00edcios<\/h3>\n\n\n\n<ul class=\"wp-block-list\">\n<li><strong>B\u00f4nus de Efici\u00eancia<\/strong>: R$ 3.000,00 (Auditor) e R$ 1.800,00 (Analista);<\/li>\n\n\n\n<li><strong>Aux\u00edlio Alimenta\u00e7\u00e3o:<\/strong>&nbsp;R$ 458,00;<\/li>\n\n\n\n<li><strong>Aux\u00edlio Sa\u00fade:<\/strong>&nbsp;R$ 130,00 (para cada dependente).<\/li>\n<\/ul>\n\n\n\n<p>Contudo, vale ressaltar que o B\u00f4nus de Efici\u00eancia \u00e9 pago somente ap\u00f3s 12 meses trabalhados. Ou seja, durante seu primeiro ano de exerc\u00edcio o servidor n\u00e3o contemplar\u00e1 deste benef\u00edcio.<\/p>\n\n\n\n<p>A partir dos 12 a 24 meses de tempo no cargo, ser\u00e1 pago&nbsp;<strong>50% do b\u00f4nus<\/strong>. De 24 a 36 meses em atividade, o&nbsp;servidor receber\u00e1 <strong>75% do valor do b\u00f4nus<\/strong>. Do 36\u00ba m\u00eas em diante, o benef\u00edcio poder\u00e1 ser pago integralmente, de acordo com o cargo.<\/p>\n\n\n\n<p>Portanto, o valor final do sal\u00e1rio (sem contar os aux\u00edlios), conforme o tempo de exerc\u00edcio, pode ficar da seguinte forma:<\/p>\n\n\n\n<div class=\"wp-block-columns is-layout-flex wp-container-core-columns-is-layout-28f84493 wp-block-columns-is-layout-flex\">\n<div class=\"wp-block-column is-layout-flow wp-block-column-is-layout-flow\">\n<p><strong>AUDITOR<\/strong><\/p>\n\n\n\n<ul class=\"wp-block-list\">\n<li><strong>Primeiro ano:&nbsp;<\/strong>R$ 21.029,09<\/li>\n\n\n\n<li><strong>Segundo ano:<\/strong>&nbsp;R$ 22.529,09<\/li>\n\n\n\n<li><strong>Terceiro ano:<\/strong>&nbsp;R$ 23.279,09<\/li>\n<\/ul>\n<\/div>\n\n\n\n<div class=\"wp-block-column is-layout-flow wp-block-column-is-layout-flow\">\n<p><strong>ANALISTA<\/strong><\/p>\n\n\n\n<ul class=\"wp-block-list\">\n<li><strong>Primeiro ano:&nbsp;<\/strong>R$ 11.664,39<\/li>\n\n\n\n<li><strong>Segundo ano:<\/strong>&nbsp;R$ 12.584,39<\/li>\n\n\n\n<li><strong>Terceiro ano:<\/strong>&nbsp;R$ 13.034,39<\/li>\n<\/ul>\n<\/div>\n<\/div>\n\n\n\n<h2 class=\"wp-block-heading\">Qual forma\u00e7\u00e3o escolar devo possuir?<\/h2>\n\n\n\n<p class=\"has-medium-font-size\"><strong>Analista Tribut\u00e1rio<\/strong><\/p>\n\n\n\n<p>Para ser um Analista Tribut\u00e1rio da Receita Federal \u00e9 preciso ter&nbsp;n\u00edvel superior em qualquer curso de gradua\u00e7\u00e3o, devidamente reconhecido pelo Minist\u00e9rio da Educa\u00e7\u00e3o.&nbsp;<\/p>\n\n\n\n<p class=\"has-medium-font-size\"><strong>Auditor Fiscal<\/strong><\/p>\n\n\n\n<p>O concurso para o prestigioso cargo de Auditor Fiscal da Receita Federal exigem n\u00edvel superior completo em qualquer curso de gradua\u00e7\u00e3o, reconhecido pelo Minist\u00e9rio da Educa\u00e7\u00e3o. <\/p>\n\n\n\n<h2 class=\"wp-block-heading\">Para qual cargo estudar: Analista ou Auditor?<\/h2>\n\n\n\n<p>De acordo com as provas dos \u00faltimos concursos para os cargos de Auditor Fiscal e de Analista Tribut\u00e1rio da Receita Federal, mais da metade das disciplinas cobradas coincidem. S\u00e3o elas:<\/p>\n\n\n\n<ul class=\"wp-block-list\">\n<li><em>L\u00edngua Portuguesa<\/em><\/li>\n\n\n\n<li><em>Espanhol ou Ingl\u00eas<\/em><\/li>\n\n\n\n<li><em>Racioc\u00ednio L\u00f3gico-Quantitativo<\/em><\/li>\n\n\n\n<li><em>Legisla\u00e7\u00e3o Tribut\u00e1ria<\/em><\/li>\n\n\n\n<li><em>Direito Constitucional<\/em><\/li>\n\n\n\n<li><em>Dir. Administrativo<\/em><\/li>\n\n\n\n<li><em>Direito Tribut\u00e1rio<\/em><\/li>\n<\/ul>\n\n\n\n<p>Al\u00e9m disso, fazem parte da cobran\u00e7a para Auditor as mat\u00e9rias de Administra\u00e7\u00e3o Geral e P\u00fablica, Auditoria, Contabilidade Geral e Avan\u00e7ada e Com\u00e9rcio Internacional e Legisla\u00e7\u00e3o Aduaneira. J\u00e1 para Analista, s\u00e3o Administra\u00e7\u00e3o Geral, Contabilidade Geral e Legisla\u00e7\u00e3o Aduaneira.<\/p>\n\n\n\n<p>Por isso, recomendamos que <strong>inicie seus estudos pelas mat\u00e9rias comuns<\/strong>&nbsp;aos dois cargos. Ap\u00f3s isso, quando estiver em um n\u00edvel mais avan\u00e7ado nessas mat\u00e9rias, sugerimos que inclua as disciplinas e t\u00f3picos cobrados apenas no concurso de Auditor.<\/p>\n\n\n\n<p>Confira mais dicas e orienta\u00e7\u00f5es sobre como estudar para os cargos do concurso da Receita Federal em nosso webin\u00e1rio especial: <a href=\"https:\/\/youtu.be\/NkMgoNr2nRU\" target=\"_blank\" rel=\"noreferrer noopener\">Plano de estudos dos aprovados<\/a>. Esta aula, com certeza, ser\u00e1 uma luz para sua prepara\u00e7\u00e3o!<\/p>\n\n\n\n<p class=\"has-text-align-center has-very-light-gray-background-color has-background has-medium-font-size\"><strong>Saiba mais: <a rel=\"noreferrer noopener\" href=\"https:\/\/www.estrategiaconcursos.com.br\/blog\/concurso-receita-federal\/\" target=\"_blank\">Concurso Receita Federal<\/a><\/strong><\/p>\n\n\n\n<hr class=\"wp-block-separator has-css-opacity\"\/>\n\n\n\n<figure class=\"wp-block-image aligncenter\"><a href=\"https:\/\/gratis.estrategiaconcursos.com.br\/2a-semana-dos-concursos-publicos\/?utm_source=site&amp;utm_medium=banner&amp;utm_campaign=secp01\" target=\"_blank\" rel=\"noopener noreferrer\"><img decoding=\"async\" src=\"https:\/\/dhg1h5j42swfq.cloudfront.net\/2020\/06\/29161837\/Untitled-2-1024x274.jpg\" alt=\"O atributo alt desta imagem est\u00e1 vazio. O nome do arquivo \u00e9 Untitled-2-1024x274.jpg\"\/><\/a><\/figure>\n\n\n\n<h2 class=\"has-text-align-center wp-block-heading\" id=\"cursos-assinatura\">Quer estudar para o concurso Receita Federal?<\/h2>\n\n\n\n<p class=\"has-text-align-center\"><em>Gostou desta oportunidade e deseja come\u00e7ar se preparar agora mesmo? Ent\u00e3o, confira os nossos cursos e comece a estudar:<\/em><\/p>\n\n\n\n<p class=\"has-text-align-center has-luminous-vivid-amber-background-color has-background\" style=\"font-size:clamp(14.642px, 0.915rem + ((1vw - 3.2px) * 0.721), 22px);px\"><a rel=\"noreferrer noopener\" href=\"https:\/\/www.estrategiaconcursos.com.br\/cursosPorConcurso\/receita-federal-auditor-fiscal-7\/\" target=\"_blank\"><strong>CURSOS RECEITA FEDERAL<\/strong><\/a><\/p>\n\n\n\n<p class=\"has-text-align-center has-medium-font-size\"><em><strong>Assinatura Anual Ilimitada*<\/strong><\/em><\/p>\n\n\n\n<p class=\"has-text-align-center\"><em>Prepare-se com o melhor material e com quem mais aprova em Concursos P\u00fablicos em todo o pa\u00eds. Assine agora a nossa Assinatura Anual e tenha acesso ilimitado* a todos os nossos cursos.<\/em><\/p>\n\n\n\n<p class=\"has-text-align-center has-light-green-cyan-background-color has-background\" style=\"font-size:clamp(14.642px, 0.915rem + ((1vw - 3.2px) * 0.721), 22px);px\"><strong>ASSINE AGORA&nbsp;\u2013&nbsp;<a rel=\"noreferrer noopener\" href=\"https:\/\/www.estrategiaconcursos.com.br\/assinaturas\" target=\"_blank\">Assinatura Ilimitada<\/a><\/strong><\/p>\n\n\n\n<p class=\"has-text-align-center has-medium-font-size\"><strong><em><strong>Sistema de Quest\u00f5es<\/strong><\/em><\/strong><\/p>\n\n\n\n<p class=\"has-text-align-center\"><em>Estrat\u00e9gia Quest\u00f5es nasceu maior do que todos os concorrentes, com mais quest\u00f5es cadastradas e mais solu\u00e7\u00f5es por professores. Ent\u00e3o, confira e aproveite os descontos e b\u00f4nus imperd\u00edveis!<\/em><\/p>\n\n\n\n<p class=\"has-text-align-center has-vivid-green-cyan-background-color has-background\" style=\"font-size:clamp(14.642px, 0.915rem + ((1vw - 3.2px) * 0.721), 22px);px\"><strong>ASSINE AGORA \u2013&nbsp;<a rel=\"noreferrer noopener\" href=\"https:\/\/www.estrategiaconcursos.com.br\/cursosPorConcurso\/sistema-de-questoes\/#\/\" target=\"_blank\">Sistema de Quest\u00f5es<\/a><\/strong><\/p>\n\n\n\n<p class=\"has-text-align-center has-normal-font-size\"><strong><em>Fique por dentro dos concursos em aberto<\/em><\/strong><\/p>\n\n\n\n<p class=\"has-text-align-center has-pale-cyan-blue-background-color has-background\" style=\"font-size:clamp(14.642px, 0.915rem + ((1vw - 3.2px) * 0.721), 22px);px\"><a rel=\"noreferrer noopener\" href=\"https:\/\/www.estrategiaconcursos.com.br\/blog\/concursos-abertos\/\" target=\"_blank\"><strong>CONCURSOS ABERTOS<\/strong><\/a><\/p>\n\n\n\n<p class=\"has-text-align-center\"><strong><em>Confira as oportunidades em 2020<\/em><\/strong><\/p>\n\n\n\n<p class=\"has-text-align-center has-pale-cyan-blue-background-color has-background\" style=\"font-size:clamp(14.642px, 0.915rem + ((1vw - 3.2px) * 0.721), 22px);px\"><a rel=\"noreferrer noopener\" href=\"https:\/\/www.estrategiaconcursos.com.br\/blog\/concursos-2020\/\" target=\"_blank\"><strong>CONCURSOS&nbsp;2020<\/strong><\/a><\/p>\n\n\n\n<p class=\"has-text-align-center\"><strong><em>As previs\u00f5es para 2021<\/em><\/strong><\/p>\n\n\n\n<p class=\"has-text-align-center has-pale-cyan-blue-background-color has-background\" style=\"font-size:clamp(14.642px, 0.915rem + ((1vw - 3.2px) * 0.721), 22px);px\"><a rel=\"noreferrer noopener\" href=\"https:\/\/www.estrategiaconcursos.com.br\/blog\/concursos-2021\/\" target=\"_blank\"><strong>CONCURSOS 2021<\/strong><\/a><\/p>\n","protected":false},"excerpt":{"rendered":"<p>H\u00e1 6 anos sem publicar um novo edital, o&nbsp;concurso da&nbsp;Receita Federal do Brasil&nbsp;tornou-se um dos mais aguardados de todos os tempos. Atualmente, o \u00f3rg\u00e3o conta com&nbsp;mais de 22 mil cargos vagos. De acordo com consulta realizada no Painel Estat\u00edstico de Pessoal, com refer\u00eancia em junho de 2020, dentre o d\u00e9ficit existente,&nbsp;12.186&nbsp;cargos vagos s\u00e3o de Auditor [&hellip;]<\/p>\n","protected":false},"author":1,"featured_media":177431,"comment_status":"open","ping_status":"closed","sticky":false,"template":"","format":"standard","meta":{"post_tipo":"news","footnotes":""},"categories":[1],"tags":[],"tax_estado":[],"class_list":["post-538349","post","type-post","status-publish","format-standard","has-post-thumbnail","hentry","category-cursos-e-concursos"],"acf":[],"yoast_head":"<!-- This site is optimized with the Yoast SEO Premium plugin v27.2 (Yoast SEO v27.2) - https:\/\/yoast.com\/product\/yoast-seo-premium-wordpress\/ -->\n<title>Receita Federal: conhe\u00e7a os cargos de Auditor e Analista<\/title>\n<meta name=\"description\" content=\"Conhe\u00e7a, neste artigo, mais informa\u00e7\u00f5es e detalhes sobre os cargos de Auditor Fiscal e Analista Tribut\u00e1rio da Receita Federal.\" \/>\n<meta name=\"robots\" content=\"index, follow, max-snippet:-1, max-image-preview:large, max-video-preview:-1\" \/>\n<link rel=\"canonical\" href=\"https:\/\/www.estrategiaconcursos.com.br\/blog\/receita-federal-os-cargos-de-auditor-e-analista\/\" \/>\n<meta property=\"og:locale\" content=\"pt_BR\" \/>\n<meta property=\"og:type\" content=\"article\" \/>\n<meta property=\"og:title\" content=\"Receita Federal: conhe\u00e7a os cargos de Auditor e Analista\" \/>\n<meta property=\"og:description\" content=\"Conhe\u00e7a, neste artigo, mais informa\u00e7\u00f5es e detalhes sobre os cargos de Auditor Fiscal e Analista Tribut\u00e1rio da Receita Federal.\" \/>\n<meta property=\"og:url\" content=\"https:\/\/www.estrategiaconcursos.com.br\/blog\/receita-federal-os-cargos-de-auditor-e-analista\/\" \/>\n<meta property=\"og:site_name\" content=\"Estrat\u00e9gia Concursos\" \/>\n<meta property=\"article:author\" content=\"https:\/\/www.facebook.com\/EstrategiaConcursos\" \/>\n<meta property=\"article:published_time\" content=\"2020-07-07T11:30:00+00:00\" \/>\n<meta property=\"article:modified_time\" content=\"2023-03-03T12:12:51+00:00\" \/>\n<meta property=\"og:image\" content=\"https:\/\/dhg1h5j42swfq.cloudfront.net\/2019\/04\/08083217\/Capturar.jpg\" \/>\n\t<meta property=\"og:image:width\" content=\"1197\" \/>\n\t<meta property=\"og:image:height\" content=\"626\" \/>\n\t<meta property=\"og:image:type\" content=\"image\/jpeg\" \/>\n<meta name=\"author\" content=\"Coordena\u00e7\u00e3o\" \/>\n<meta name=\"twitter:card\" content=\"summary_large_image\" \/>\n<meta name=\"twitter:creator\" content=\"@EstratConcursos\" \/>\n<meta name=\"twitter:site\" content=\"@EstratConcursos\" \/>\n<meta name=\"twitter:label1\" content=\"Escrito por\" \/>\n\t<meta name=\"twitter:data1\" content=\"Coordena\u00e7\u00e3o\" \/>\n\t<meta name=\"twitter:label2\" content=\"Est. tempo de leitura\" \/>\n\t<meta name=\"twitter:data2\" content=\"4 minutos\" \/>\n<script type=\"application\/ld+json\" class=\"yoast-schema-graph\">{\"@context\":\"https:\/\/schema.org\",\"@graph\":[{\"@type\":\"NewsArticle\",\"@id\":\"https:\/\/www.estrategiaconcursos.com.br\/blog\/receita-federal-os-cargos-de-auditor-e-analista\/#article\",\"isPartOf\":{\"@id\":\"https:\/\/www.estrategiaconcursos.com.br\/blog\/receita-federal-os-cargos-de-auditor-e-analista\/\"},\"author\":{\"name\":\"Coordena\u00e7\u00e3o\",\"@id\":\"https:\/\/www.estrategiaconcursos.com.br\/blog\/#\/schema\/person\/b4a388c97673c5f483d72185668afa1f\"},\"headline\":\"Receita Federal: conhe\u00e7a os cargos de Auditor e Analista\",\"datePublished\":\"2020-07-07T11:30:00+00:00\",\"dateModified\":\"2023-03-03T12:12:51+00:00\",\"mainEntityOfPage\":{\"@id\":\"https:\/\/www.estrategiaconcursos.com.br\/blog\/receita-federal-os-cargos-de-auditor-e-analista\/\"},\"wordCount\":877,\"commentCount\":0,\"publisher\":{\"@id\":\"https:\/\/www.estrategiaconcursos.com.br\/blog\/#organization\"},\"image\":{\"@id\":\"https:\/\/www.estrategiaconcursos.com.br\/blog\/receita-federal-os-cargos-de-auditor-e-analista\/#primaryimage\"},\"thumbnailUrl\":\"https:\/\/dhg1h5j42swfq.cloudfront.net\/2019\/04\/08083217\/Capturar.jpg\",\"articleSection\":[\"Concursos P\u00fablicos\"],\"inLanguage\":\"pt-BR\",\"potentialAction\":[{\"@type\":\"CommentAction\",\"name\":\"Comment\",\"target\":[\"https:\/\/www.estrategiaconcursos.com.br\/blog\/receita-federal-os-cargos-de-auditor-e-analista\/#respond\"]}],\"copyrightYear\":\"2020\",\"copyrightHolder\":{\"@id\":\"https:\/\/www.estrategiaconcursos.com.br\/blog\/#organization\"}},{\"@type\":\"WebPage\",\"@id\":\"https:\/\/www.estrategiaconcursos.com.br\/blog\/receita-federal-os-cargos-de-auditor-e-analista\/\",\"url\":\"https:\/\/www.estrategiaconcursos.com.br\/blog\/receita-federal-os-cargos-de-auditor-e-analista\/\",\"name\":\"Receita Federal: conhe\u00e7a os cargos de Auditor e Analista\",\"isPartOf\":{\"@id\":\"https:\/\/www.estrategiaconcursos.com.br\/blog\/#website\"},\"primaryImageOfPage\":{\"@id\":\"https:\/\/www.estrategiaconcursos.com.br\/blog\/receita-federal-os-cargos-de-auditor-e-analista\/#primaryimage\"},\"image\":{\"@id\":\"https:\/\/www.estrategiaconcursos.com.br\/blog\/receita-federal-os-cargos-de-auditor-e-analista\/#primaryimage\"},\"thumbnailUrl\":\"https:\/\/dhg1h5j42swfq.cloudfront.net\/2019\/04\/08083217\/Capturar.jpg\",\"datePublished\":\"2020-07-07T11:30:00+00:00\",\"dateModified\":\"2023-03-03T12:12:51+00:00\",\"description\":\"Conhe\u00e7a, neste artigo, mais informa\u00e7\u00f5es e detalhes sobre os cargos de Auditor Fiscal e Analista Tribut\u00e1rio da Receita Federal.\",\"breadcrumb\":{\"@id\":\"https:\/\/www.estrategiaconcursos.com.br\/blog\/receita-federal-os-cargos-de-auditor-e-analista\/#breadcrumb\"},\"inLanguage\":\"pt-BR\",\"potentialAction\":[{\"@type\":\"ReadAction\",\"target\":[\"https:\/\/www.estrategiaconcursos.com.br\/blog\/receita-federal-os-cargos-de-auditor-e-analista\/\"]}]},{\"@type\":\"ImageObject\",\"inLanguage\":\"pt-BR\",\"@id\":\"https:\/\/www.estrategiaconcursos.com.br\/blog\/receita-federal-os-cargos-de-auditor-e-analista\/#primaryimage\",\"url\":\"https:\/\/dhg1h5j42swfq.cloudfront.net\/2019\/04\/08083217\/Capturar.jpg\",\"contentUrl\":\"https:\/\/dhg1h5j42swfq.cloudfront.net\/2019\/04\/08083217\/Capturar.jpg\",\"width\":1197,\"height\":626,\"caption\":\"Receita Federal concurso\"},{\"@type\":\"BreadcrumbList\",\"@id\":\"https:\/\/www.estrategiaconcursos.com.br\/blog\/receita-federal-os-cargos-de-auditor-e-analista\/#breadcrumb\",\"itemListElement\":[{\"@type\":\"ListItem\",\"position\":1,\"name\":\"In\u00edcio\",\"item\":\"https:\/\/www.estrategiaconcursos.com.br\/blog\/\"},{\"@type\":\"ListItem\",\"position\":2,\"name\":\"Receita Federal: conhe\u00e7a os cargos de Auditor e Analista\"}]},{\"@type\":\"WebSite\",\"@id\":\"https:\/\/www.estrategiaconcursos.com.br\/blog\/#website\",\"url\":\"https:\/\/www.estrategiaconcursos.com.br\/blog\/\",\"name\":\"Estrat\u00e9gia Concursos\",\"description\":\"O blog da Estrat\u00e9gia Concursos traz not\u00edcias sobre concursos e artigos de professores oferecendo cursos para concursos (pdf + videaulas) no site.\",\"publisher\":{\"@id\":\"https:\/\/www.estrategiaconcursos.com.br\/blog\/#organization\"},\"potentialAction\":[{\"@type\":\"SearchAction\",\"target\":{\"@type\":\"EntryPoint\",\"urlTemplate\":\"https:\/\/www.estrategiaconcursos.com.br\/blog\/?s={search_term_string}\"},\"query-input\":{\"@type\":\"PropertyValueSpecification\",\"valueRequired\":true,\"valueName\":\"search_term_string\"}}],\"inLanguage\":\"pt-BR\"},{\"@type\":\"Organization\",\"@id\":\"https:\/\/www.estrategiaconcursos.com.br\/blog\/#organization\",\"name\":\"Estrat\u00e9gia Concursos\",\"url\":\"https:\/\/www.estrategiaconcursos.com.br\/blog\/\",\"logo\":{\"@type\":\"ImageObject\",\"inLanguage\":\"pt-BR\",\"@id\":\"https:\/\/www.estrategiaconcursos.com.br\/blog\/#\/schema\/logo\/image\/\",\"url\":\"https:\/\/dhg1h5j42swfq.cloudfront.net\/2025\/06\/03203428\/logo_concursos-1.jpg\",\"contentUrl\":\"https:\/\/dhg1h5j42swfq.cloudfront.net\/2025\/06\/03203428\/logo_concursos-1.jpg\",\"width\":230,\"height\":60,\"caption\":\"Estrat\u00e9gia Concursos\"},\"image\":{\"@id\":\"https:\/\/www.estrategiaconcursos.com.br\/blog\/#\/schema\/logo\/image\/\"},\"sameAs\":[\"https:\/\/x.com\/EstratConcursos\"]},{\"@type\":\"Person\",\"@id\":\"https:\/\/www.estrategiaconcursos.com.br\/blog\/#\/schema\/person\/b4a388c97673c5f483d72185668afa1f\",\"name\":\"Coordena\u00e7\u00e3o\",\"image\":{\"@type\":\"ImageObject\",\"inLanguage\":\"pt-BR\",\"@id\":\"https:\/\/secure.gravatar.com\/avatar\/b720319e4c9a967eb58678d110f4fe35452fc5d5f97b202bac7b8acceb18c6ad?s=96&d=mm&r=g\",\"url\":\"https:\/\/secure.gravatar.com\/avatar\/b720319e4c9a967eb58678d110f4fe35452fc5d5f97b202bac7b8acceb18c6ad?s=96&d=mm&r=g\",\"contentUrl\":\"https:\/\/secure.gravatar.com\/avatar\/b720319e4c9a967eb58678d110f4fe35452fc5d5f97b202bac7b8acceb18c6ad?s=96&d=mm&r=g\",\"caption\":\"Coordena\u00e7\u00e3o\"},\"sameAs\":[\"https:\/\/www.facebook.com\/EstrategiaConcursos\",\"https:\/\/x.com\/EstratConcursos\"],\"url\":\"https:\/\/www.estrategiaconcursos.com.br\/blog\/author\/estrategia2013\/\"}]}<\/script>\n<!-- \/ Yoast SEO Premium plugin. -->","yoast_head_json":{"title":"Receita Federal: conhe\u00e7a os cargos de Auditor e Analista","description":"Conhe\u00e7a, neste artigo, mais informa\u00e7\u00f5es e detalhes sobre os cargos de Auditor Fiscal e Analista Tribut\u00e1rio da Receita Federal.","robots":{"index":"index","follow":"follow","max-snippet":"max-snippet:-1","max-image-preview":"max-image-preview:large","max-video-preview":"max-video-preview:-1"},"canonical":"https:\/\/www.estrategiaconcursos.com.br\/blog\/receita-federal-os-cargos-de-auditor-e-analista\/","og_locale":"pt_BR","og_type":"article","og_title":"Receita Federal: conhe\u00e7a os cargos de Auditor e Analista","og_description":"Conhe\u00e7a, neste artigo, mais informa\u00e7\u00f5es e detalhes sobre os cargos de Auditor Fiscal e Analista Tribut\u00e1rio da Receita Federal.","og_url":"https:\/\/www.estrategiaconcursos.com.br\/blog\/receita-federal-os-cargos-de-auditor-e-analista\/","og_site_name":"Estrat\u00e9gia Concursos","article_author":"https:\/\/www.facebook.com\/EstrategiaConcursos","article_published_time":"2020-07-07T11:30:00+00:00","article_modified_time":"2023-03-03T12:12:51+00:00","og_image":[{"width":1197,"height":626,"url":"https:\/\/dhg1h5j42swfq.cloudfront.net\/2019\/04\/08083217\/Capturar.jpg","type":"image\/jpeg"}],"author":"Coordena\u00e7\u00e3o","twitter_card":"summary_large_image","twitter_creator":"@EstratConcursos","twitter_site":"@EstratConcursos","twitter_misc":{"Escrito por":"Coordena\u00e7\u00e3o","Est. tempo de leitura":"4 minutos"},"schema":{"@context":"https:\/\/schema.org","@graph":[{"@type":"NewsArticle","@id":"https:\/\/www.estrategiaconcursos.com.br\/blog\/receita-federal-os-cargos-de-auditor-e-analista\/#article","isPartOf":{"@id":"https:\/\/www.estrategiaconcursos.com.br\/blog\/receita-federal-os-cargos-de-auditor-e-analista\/"},"author":{"name":"Coordena\u00e7\u00e3o","@id":"https:\/\/www.estrategiaconcursos.com.br\/blog\/#\/schema\/person\/b4a388c97673c5f483d72185668afa1f"},"headline":"Receita Federal: conhe\u00e7a os cargos de Auditor e Analista","datePublished":"2020-07-07T11:30:00+00:00","dateModified":"2023-03-03T12:12:51+00:00","mainEntityOfPage":{"@id":"https:\/\/www.estrategiaconcursos.com.br\/blog\/receita-federal-os-cargos-de-auditor-e-analista\/"},"wordCount":877,"commentCount":0,"publisher":{"@id":"https:\/\/www.estrategiaconcursos.com.br\/blog\/#organization"},"image":{"@id":"https:\/\/www.estrategiaconcursos.com.br\/blog\/receita-federal-os-cargos-de-auditor-e-analista\/#primaryimage"},"thumbnailUrl":"https:\/\/dhg1h5j42swfq.cloudfront.net\/2019\/04\/08083217\/Capturar.jpg","articleSection":["Concursos P\u00fablicos"],"inLanguage":"pt-BR","potentialAction":[{"@type":"CommentAction","name":"Comment","target":["https:\/\/www.estrategiaconcursos.com.br\/blog\/receita-federal-os-cargos-de-auditor-e-analista\/#respond"]}],"copyrightYear":"2020","copyrightHolder":{"@id":"https:\/\/www.estrategiaconcursos.com.br\/blog\/#organization"}},{"@type":"WebPage","@id":"https:\/\/www.estrategiaconcursos.com.br\/blog\/receita-federal-os-cargos-de-auditor-e-analista\/","url":"https:\/\/www.estrategiaconcursos.com.br\/blog\/receita-federal-os-cargos-de-auditor-e-analista\/","name":"Receita Federal: conhe\u00e7a os cargos de Auditor e Analista","isPartOf":{"@id":"https:\/\/www.estrategiaconcursos.com.br\/blog\/#website"},"primaryImageOfPage":{"@id":"https:\/\/www.estrategiaconcursos.com.br\/blog\/receita-federal-os-cargos-de-auditor-e-analista\/#primaryimage"},"image":{"@id":"https:\/\/www.estrategiaconcursos.com.br\/blog\/receita-federal-os-cargos-de-auditor-e-analista\/#primaryimage"},"thumbnailUrl":"https:\/\/dhg1h5j42swfq.cloudfront.net\/2019\/04\/08083217\/Capturar.jpg","datePublished":"2020-07-07T11:30:00+00:00","dateModified":"2023-03-03T12:12:51+00:00","description":"Conhe\u00e7a, neste artigo, mais informa\u00e7\u00f5es e detalhes sobre os cargos de Auditor Fiscal e Analista Tribut\u00e1rio da Receita Federal.","breadcrumb":{"@id":"https:\/\/www.estrategiaconcursos.com.br\/blog\/receita-federal-os-cargos-de-auditor-e-analista\/#breadcrumb"},"inLanguage":"pt-BR","potentialAction":[{"@type":"ReadAction","target":["https:\/\/www.estrategiaconcursos.com.br\/blog\/receita-federal-os-cargos-de-auditor-e-analista\/"]}]},{"@type":"ImageObject","inLanguage":"pt-BR","@id":"https:\/\/www.estrategiaconcursos.com.br\/blog\/receita-federal-os-cargos-de-auditor-e-analista\/#primaryimage","url":"https:\/\/dhg1h5j42swfq.cloudfront.net\/2019\/04\/08083217\/Capturar.jpg","contentUrl":"https:\/\/dhg1h5j42swfq.cloudfront.net\/2019\/04\/08083217\/Capturar.jpg","width":1197,"height":626,"caption":"Receita Federal concurso"},{"@type":"BreadcrumbList","@id":"https:\/\/www.estrategiaconcursos.com.br\/blog\/receita-federal-os-cargos-de-auditor-e-analista\/#breadcrumb","itemListElement":[{"@type":"ListItem","position":1,"name":"In\u00edcio","item":"https:\/\/www.estrategiaconcursos.com.br\/blog\/"},{"@type":"ListItem","position":2,"name":"Receita Federal: conhe\u00e7a os cargos de Auditor e Analista"}]},{"@type":"WebSite","@id":"https:\/\/www.estrategiaconcursos.com.br\/blog\/#website","url":"https:\/\/www.estrategiaconcursos.com.br\/blog\/","name":"Estrat\u00e9gia Concursos","description":"O blog da Estrat\u00e9gia Concursos traz not\u00edcias sobre concursos e artigos de professores oferecendo cursos para concursos (pdf + videaulas) no site.","publisher":{"@id":"https:\/\/www.estrategiaconcursos.com.br\/blog\/#organization"},"potentialAction":[{"@type":"SearchAction","target":{"@type":"EntryPoint","urlTemplate":"https:\/\/www.estrategiaconcursos.com.br\/blog\/?s={search_term_string}"},"query-input":{"@type":"PropertyValueSpecification","valueRequired":true,"valueName":"search_term_string"}}],"inLanguage":"pt-BR"},{"@type":"Organization","@id":"https:\/\/www.estrategiaconcursos.com.br\/blog\/#organization","name":"Estrat\u00e9gia Concursos","url":"https:\/\/www.estrategiaconcursos.com.br\/blog\/","logo":{"@type":"ImageObject","inLanguage":"pt-BR","@id":"https:\/\/www.estrategiaconcursos.com.br\/blog\/#\/schema\/logo\/image\/","url":"https:\/\/dhg1h5j42swfq.cloudfront.net\/2025\/06\/03203428\/logo_concursos-1.jpg","contentUrl":"https:\/\/dhg1h5j42swfq.cloudfront.net\/2025\/06\/03203428\/logo_concursos-1.jpg","width":230,"height":60,"caption":"Estrat\u00e9gia Concursos"},"image":{"@id":"https:\/\/www.estrategiaconcursos.com.br\/blog\/#\/schema\/logo\/image\/"},"sameAs":["https:\/\/x.com\/EstratConcursos"]},{"@type":"Person","@id":"https:\/\/www.estrategiaconcursos.com.br\/blog\/#\/schema\/person\/b4a388c97673c5f483d72185668afa1f","name":"Coordena\u00e7\u00e3o","image":{"@type":"ImageObject","inLanguage":"pt-BR","@id":"https:\/\/secure.gravatar.com\/avatar\/b720319e4c9a967eb58678d110f4fe35452fc5d5f97b202bac7b8acceb18c6ad?s=96&d=mm&r=g","url":"https:\/\/secure.gravatar.com\/avatar\/b720319e4c9a967eb58678d110f4fe35452fc5d5f97b202bac7b8acceb18c6ad?s=96&d=mm&r=g","contentUrl":"https:\/\/secure.gravatar.com\/avatar\/b720319e4c9a967eb58678d110f4fe35452fc5d5f97b202bac7b8acceb18c6ad?s=96&d=mm&r=g","caption":"Coordena\u00e7\u00e3o"},"sameAs":["https:\/\/www.facebook.com\/EstrategiaConcursos","https:\/\/x.com\/EstratConcursos"],"url":"https:\/\/www.estrategiaconcursos.com.br\/blog\/author\/estrategia2013\/"}]}},"_links":{"self":[{"href":"https:\/\/www.estrategiaconcursos.com.br\/blog\/wp-json\/wp\/v2\/posts\/538349","targetHints":{"allow":["GET"]}}],"collection":[{"href":"https:\/\/www.estrategiaconcursos.com.br\/blog\/wp-json\/wp\/v2\/posts"}],"about":[{"href":"https:\/\/www.estrategiaconcursos.com.br\/blog\/wp-json\/wp\/v2\/types\/post"}],"author":[{"embeddable":true,"href":"https:\/\/www.estrategiaconcursos.com.br\/blog\/wp-json\/wp\/v2\/users\/1"}],"replies":[{"embeddable":true,"href":"https:\/\/www.estrategiaconcursos.com.br\/blog\/wp-json\/wp\/v2\/comments?post=538349"}],"version-history":[{"count":12,"href":"https:\/\/www.estrategiaconcursos.com.br\/blog\/wp-json\/wp\/v2\/posts\/538349\/revisions"}],"predecessor-version":[{"id":1180818,"href":"https:\/\/www.estrategiaconcursos.com.br\/blog\/wp-json\/wp\/v2\/posts\/538349\/revisions\/1180818"}],"wp:featuredmedia":[{"embeddable":true,"href":"https:\/\/www.estrategiaconcursos.com.br\/blog\/wp-json\/wp\/v2\/media\/177431"}],"wp:attachment":[{"href":"https:\/\/www.estrategiaconcursos.com.br\/blog\/wp-json\/wp\/v2\/media?parent=538349"}],"wp:term":[{"taxonomy":"category","embeddable":true,"href":"https:\/\/www.estrategiaconcursos.com.br\/blog\/wp-json\/wp\/v2\/categories?post=538349"},{"taxonomy":"post_tag","embeddable":true,"href":"https:\/\/www.estrategiaconcursos.com.br\/blog\/wp-json\/wp\/v2\/tags?post=538349"},{"taxonomy":"tax_estado","embeddable":true,"href":"https:\/\/www.estrategiaconcursos.com.br\/blog\/wp-json\/wp\/v2\/tax_estado?post=538349"}],"curies":[{"name":"wp","href":"https:\/\/api.w.org\/{rel}","templated":true}]}}