{"id":538196,"date":"2026-06-10T20:45:45","date_gmt":"2026-06-10T23:45:45","guid":{"rendered":"https:\/\/blog-estrategia.mystagingwebsite.com\/blog\/?p=538196"},"modified":"2026-06-10T20:46:00","modified_gmt":"2026-06-10T23:46:00","slug":"concurso-al-mt","status":"publish","type":"post","link":"https:\/\/www.estrategiaconcursos.com.br\/blog\/concurso-al-mt\/","title":{"rendered":"Concurso AL MT: banca ainda em 2026? Entenda!"},"content":{"rendered":"\n<p class=\"wp-block-paragraph\" style=\"font-size:clamp(14.642px, 0.915rem + ((1vw - 3.2px) * 0.721), 22px);\"><strong><em>Concurso AL MT pode ter banca contratada em 2026, com provas em meados de 2027!<\/em><\/strong><\/p>\n\n\n\n<p class=\"wp-block-paragraph\">O presidente da Assembleia Legislativa de Mato Grosso (ALMT), deputado <strong>Max Russi (Pode)<\/strong>, anunciou a previs\u00e3o de realiza\u00e7\u00e3o de um <strong>novo concurso p\u00fablico da Casa em 2027<\/strong>. <\/p>\n\n\n\n<p class=\"wp-block-paragraph\">Al\u00e9m disso, afirmou que a contrata\u00e7\u00e3o da banca organizadora poder\u00e1 ocorrer ainda em 2026.<\/p>\n\n\n\n<p class=\"wp-block-paragraph\">Segundo o parlamentar, os <strong>recursos financeiros para o certame j\u00e1 est\u00e3o garantidos no or\u00e7amento<\/strong>, em raz\u00e3o do controle das despesas com pessoal e da redu\u00e7\u00e3o dos gastos com folha de pagamento.<\/p>\n\n\n\n<p class=\"wp-block-paragraph\"><em>\u201cN\u00f3s estamos fazendo esse levantamento, conversando com os secret\u00e1rios, secretaria por secretaria, para identificar os cargos que s\u00e3o de natureza efetiva e que poder\u00e3o ser contemplados no concurso p\u00fablico\u201d<\/em>, explicou Russi.<\/p>\n\n\n\n<p class=\"wp-block-paragraph\">De acordo com o presidente, <strong>estudos de viabilidade j\u00e1 haviam sido iniciados<\/strong>. Anteriormente, a previs\u00e3o de concurso p\u00fablico tinha sido inserida na Lei de Diretrizes Or\u00e7ament\u00e1rias (LDO) de 2025.<\/p>\n\n\n\n<p class=\"wp-block-paragraph\">\u201c<em>Pedimos para colocar isso na LDO deste ano para que a gente possa ter a possibilidade. Eu acho que ano que vem \u00e9 um ano de elei\u00e7\u00e3o, \u00e9 um ano mais dif\u00edcil, mas a gente quer dar encaminhamento, e, se puder ser antes ou depois das elei\u00e7\u00f5es, vamos estar realizando o concurso p\u00fablico<\/em>\u201d, dissera.<\/p>\n\n\n\n<p class=\"wp-block-paragraph\">Vale lembrar que o certame tamb\u00e9m estava previsto no Projeto de Lei de Diretrizes Or\u00e7ament\u00e1rias (PLDO) de 2026, ap\u00f3s ter recebido parecer favor\u00e1vel na Comiss\u00e3o de Constitui\u00e7\u00e3o, Justi\u00e7a e Reda\u00e7\u00e3o (CCJR) da Assembleia Legislativa.<\/p>\n\n\n\n<p class=\"wp-block-paragraph\">O documento prev\u00ea <strong>100 vagas para a AL MT<\/strong>, sendo 50 para Analista Legislativo e outras 50 vagas para T\u00e9cnico Legislativo, em diversas especialidades. Os sal\u00e1rios iniciais para os cargos variam de R$ 4.329,49 a R$ 8.529,58.<\/p>\n\n\n\n<ul class=\"wp-block-list\">\n<li><a href=\"https:\/\/dhg1h5j42swfq.cloudfront.net\/2025\/07\/16112715\/20250606110906221000.pdf\" target=\"_blank\" rel=\"noreferrer noopener\">PLDO MT 2026<\/a><\/li>\n\n\n\n<li><a href=\"https:\/\/dhg1h5j42swfq.cloudfront.net\/2025\/07\/16112450\/concursos-mt-pldo-2026.pdf\" target=\"_blank\" rel=\"noreferrer noopener\">Anexo de concursos previstos<\/a><\/li>\n<\/ul>\n\n\n\n<ul class=\"wp-block-list has-very-light-gray-to-cyan-bluish-gray-gradient-background has-background\">\n<li><strong>Assembleia Legislativa MT<\/strong><\/li>\n\n\n\n<li><strong>Situa\u00e7\u00e3o<\/strong>:\u00a0banca em 2026 | provas em 2027<\/li>\n\n\n\n<li><strong>Vagas<\/strong>: 100<\/li>\n\n\n\n<li><strong>Sal\u00e1rio inicial<\/strong>: R$ 4.329,49 a R$ 8.529,58<\/li>\n\n\n\n<li><strong>Edital:&nbsp;<\/strong><a href=\"https:\/\/dhg1h5j42swfq.cloudfront.net\/2021\/04\/15120317\/edital_almt_2013_11_04_superior_e_medio.pdf\" target=\"_blank\" rel=\"noreferrer noopener nofollow\">AL MT 2013<\/a><\/li>\n<\/ul>\n\n\n\n<p class=\"wp-block-paragraph\">Em 2021, foi publicado o Plano de Cargos, Carreiras e Subs\u00eddios do Quadro de Servidores da Assembleia Legislativa do Mato Grosso. No documento, constam informa\u00e7\u00f5es espec\u00edficas como jornada de trabalho, remunera\u00e7\u00e3o e requisitos. <a href=\"https:\/\/dhg1h5j42swfq.cloudfront.net\/2021\/04\/15101139\/diario-mt.pdf\" target=\"_blank\" rel=\"noreferrer noopener nofollow\">Veja o arquivo na \u00edntegra<\/a>!<\/p>\n\n\n\n<p class=\"wp-block-paragraph\">Ao longo deste artigo voc\u00ea confere mais informa\u00e7\u00f5es sobre o concurso, para poder se preparar e garantir uma das vagas.&nbsp;Acompanhe pelos t\u00f3picos abaixo!<\/p>\n\n\n\n<ul id=\"indice\" class=\"wp-block-list\">\n<li><a href=\"#principais\">Situa\u00e7\u00e3o atual<\/a>\n<ul class=\"wp-block-list\">\n<li><a href=\"#h-edital-previsto\">Edital previsto<\/a><\/li>\n\n\n\n<li><a href=\"#plano\">Plano de Cargos<\/a><\/li>\n<\/ul>\n<\/li>\n\n\n\n<li><a href=\"#h-carreira\">Carreira<\/a>\n<ul class=\"wp-block-list\">\n<li><a href=\"#h-principais-atribui-es\">Atribui\u00e7\u00f5es<\/a><\/li>\n\n\n\n<li><a href=\"#h-requisitos\">Requisitos<\/a><\/li>\n\n\n\n<li><a href=\"#h-remunera-o\">Tabela remunerat\u00f3ria<\/a><\/li>\n<\/ul>\n<\/li>\n\n\n\n<li><a href=\"#ultimo\">\u00daltimo concurso<\/a>\n<ul class=\"wp-block-list\">\n<li><a href=\"#h-etapas-do-ltimo-concurso\">Etapas do \u00faltimo concurso<\/a><\/li>\n<\/ul>\n<\/li>\n\n\n\n<li><a href=\"#ultimo\">Sobre a Assembleia Legislativa MT<\/a><\/li>\n\n\n\n<li><a href=\"#curso\">Cursos e assinaturas<\/a><\/li>\n\n\n\n<li><a href=\"#ficha-tecnica\">Ficha t\u00e9cnica<\/a><\/li>\n<\/ul>\n\n\n\n<div class=\"container\" id=\"boxes\">\r\n  <div class=\"row\">\r\n\r\n    <div class=\"col-sm\">\r\n      <div class=\"banner-ale\" id=\"box-assinatura\">\r\n        <h3 class=\"titulo-assinatura\">Concurso AL MT<\/h3>\r\n        <p class=\"subtitulo-assinatura\">Pacote de cursos preparat\u00f3rios para a carreira!<\/p>\r\n        <div class=\"box-botao\">\r\n          <a class=\"btn-assinatura\" target=\"_blank\" href=\"https:\/\/www.estrategiaconcursos.com.br\/blog\/pesquisa\/?q=ALMT\" role=\"button\" rel=\"noopener noreferrer\">EXPLORAR CURSOS<\/a>\r\n        <\/div>\r\n      <\/div>\r\n      <p class=\"texto-auxiliar\"><\/p>\r\n    <\/div>\r\n\r\n  <\/div>\r\n<\/div>\n\n\n\n<h2 class=\"wp-block-heading\" id=\"principais\">Situa\u00e7\u00e3o atual do concurso AL MT<\/h2>\n\n\n\n<h3 class=\"wp-block-heading\" id=\"h-edital-almt-previsto\">Edital ALMT previsto<\/h3>\n\n\n\n<p class=\"wp-block-paragraph\">O presidente da Assembleia Legislativa de Mato Grosso (ALMT), <strong>Max Russi<\/strong>, informou que a Casa trabalha com a previs\u00e3o de realizar um <strong>novo concurso p\u00fablico em 2027<\/strong>. <\/p>\n\n\n\n<p class=\"wp-block-paragraph\">Ademais, a contrata\u00e7\u00e3o da banca organizadora pode ser efetuada ainda em 2026.<\/p>\n\n\n\n<p class=\"wp-block-paragraph\">De acordo com o parlamentar, o Legislativo estadual j\u00e1 possui <strong>reserva or\u00e7ament\u00e1ria<\/strong> para viabilizar a sele\u00e7\u00e3o, favorecida pelo atual cen\u00e1rio de equil\u00edbrio financeiro e redu\u00e7\u00e3o dos gastos com pessoal.<\/p>\n\n\n\n<p class=\"wp-block-paragraph\">A expectativa \u00e9 de que o certame seja destinado ao refor\u00e7o de setores t\u00e9cnicos da Assembleia, dentro do plano de reestrutura\u00e7\u00e3o administrativa e fortalecimento do quadro efetivo de servidores.<\/p>\n\n\n\n<p class=\"wp-block-paragraph\">O Projeto de Lei de Diretrizes Or\u00e7ament\u00e1rias (PLDO) de 2026 apontou 100 vagas para as carreiras de Analista e T\u00e9cnico Legislativo da Assembleia Legislativa de Mato Grosso.<\/p>\n\n\n\n<p class=\"wp-block-paragraph\">Segundo informa\u00e7\u00f5es atualizadas do Portal da Transpar\u00eancia, os sal\u00e1rios iniciais para os aprovados variam de R$ 4.329,49 a R$ 8.529,58, dependendo do cargo desejado.<\/p>\n\n\n\n<h3 class=\"wp-block-heading\" id=\"plano\">Plano de Cargos, Carreiras e Subs\u00eddios<\/h3>\n\n\n\n<p class=\"wp-block-paragraph\">Em 2021, foi publicado o <a href=\"https:\/\/dhg1h5j42swfq.cloudfront.net\/2021\/04\/15101139\/diario-mt.pdf\" target=\"_blank\" rel=\"noreferrer noopener nofollow\">Plano de Cargos, Carreiras e Subs\u00eddios do Quadro de Servidores da Assembleia Legislativa do Mato Grosso<\/a>.<\/p>\n\n\n\n<p class=\"wp-block-paragraph\">Os subs\u00eddios aos aprovados foram atualizados em abril de 2025 e constam na <a href=\"#h-tabela-remuneratoria\">tabela remunerat\u00f3ria<\/a>, ao longo deste artigo.<\/p>\n\n\n\n<h2 class=\"wp-block-heading\" id=\"h-carreira-da-assembleia-legislativa-mt\">Carreira da Assembleia Legislativa MT<\/h2>\n\n\n\n<h3 class=\"wp-block-heading\" id=\"h-atribuicoes\">Atribui\u00e7\u00f5es<\/h3>\n\n\n\n<p class=\"wp-block-paragraph\"><strong>T\u00e9cnico Legislativo (sem especialidade)<\/strong><\/p>\n\n\n\n<ul class=\"wp-block-list\">\n<li>a) acompanhar a tramita\u00e7\u00e3o de atos administrativos e proposi\u00e7\u00f5es legislativas;<\/li>\n\n\n\n<li>b) redigir of\u00edcios, cartas, minutas, exposi\u00e7\u00f5es de motivos e outros expedientes;<\/li>\n\n\n\n<li>c) coletar, apurar, selecionar e calcular dados para elabora\u00e7\u00e3o de quadros estat\u00edsticos, demonstrativos, relat\u00f3rios e propostas or\u00e7ament\u00e1rias setoriais;<\/li>\n\n\n\n<li>d) conferir a publica\u00e7\u00e3o das leis, resolu\u00e7\u00f5es e decretos legislativos no Di\u00e1rio Oficial;<\/li>\n\n\n\n<li>e) elaborar clipping de mat\u00e9ria jornal\u00edstica de interesse de sua unidade administrativa;<\/li>\n\n\n\n<li>f) recolher dados e realizar dilig\u00eancias em outros \u00f3rg\u00e3os;<\/li>\n\n\n\n<li>g) levantar pesquisa bibliogr\u00e1fica e sele\u00e7\u00e3o de textos para atendimento ao p\u00fablico;<\/li>\n\n\n\n<li>h) verificar, instruir, preparar e informar processos;<\/li>\n\n\n\n<li>i) prestar informa\u00e7\u00f5es sobre a vida funcional dos servidores em processos, quando necess\u00e1rio;<\/li>\n\n\n\n<li>j) expedir certid\u00f5es de vida funcional e outros, quando solicitado;<\/li>\n\n\n\n<li>k) manter controle e acompanhamento da programa\u00e7\u00e3o de f\u00e9rias e das promo\u00e7\u00f5es de direito do servidor;<\/li>\n\n\n\n<li>l) efetuar lan\u00e7amentos de dados funcionais nas fichas individuais,<\/li>\n\n\n\n<li>mantendo-as atualizadas;<\/li>\n\n\n\n<li>m) operar o sistema de Folha de Pagamento;<\/li>\n\n\n\n<li>n) alterar o Cadastro de Funcion\u00e1rios incluindo ou excluindo dados, com base em documentos;<\/li>\n\n\n\n<li>o) efetuar controle, c\u00e1lculos, atualiza\u00e7\u00e3o e recolhimento dos Encargos Sociais;<\/li>\n\n\n\n<li>p) registrar visitas, anotando os dados pessoais e comerciais do mesmo; e<\/li>\n\n\n\n<li>q) protocolar a entrada e sa\u00edda de documentos e outros.<\/li>\n<\/ul>\n\n\n\n<p class=\"wp-block-paragraph\"><strong>Analista Legislativo<\/strong> <strong>(sem especialidade)<\/strong><\/p>\n\n\n\n<ul class=\"wp-block-list\">\n<li>a) auxiliar \u00e0 Mesa Diretora, Deputados e Secret\u00e1rios em suas consultas;<\/li>\n\n\n\n<li>b) elaborar requerimentos incidentes em processo;<\/li>\n\n\n\n<li>c) acompanhar propostas de outras institui\u00e7\u00f5es, dentro das respectivas \u00e1reas tem\u00e1ticas;<\/li>\n\n\n\n<li>d) acompanhar e assessorar reuni\u00f5es, dentro de sua especialidade, quando solicitado;<\/li>\n\n\n\n<li>e) realizar estudos t\u00e9cnicos de apoio \u00e0s atividades institucionais e administrativas, quando solicitado;<\/li>\n\n\n\n<li>f) auxiliar aos Deputados nos procedimentos pol\u00edtico-parlamentares;<\/li>\n\n\n\n<li>g) elaborar planos e sugest\u00f5es de procedimentos visando \u00e0 moderniza\u00e7\u00e3o dos servi\u00e7os administrativos;<\/li>\n\n\n\n<li>h) examinar o Plano de Contas da Assembleia Legislativa e fiscalizar o cumprimento do or\u00e7amento anual;<\/li>\n\n\n\n<li>i) elaborar fluxo de controle e de rotinas de trabalho;<\/li>\n\n\n\n<li>j) auxiliar na emiss\u00e3o de pareceres, execu\u00e7\u00e3o de arbitragens e laudos;<\/li>\n\n\n\n<li>k) participar no planejamento e execu\u00e7\u00e3o de pesquisas e campanhas de opini\u00e3o p\u00fablica para fins institucionais;<\/li>\n\n\n\n<li>l) participar da elabora\u00e7\u00e3o e distribui\u00e7\u00e3o de publica\u00e7\u00f5es sobre as atividades da Assembleia Legislativa;<\/li>\n\n\n\n<li>m) manter contatos com \u00f3rg\u00e3os de comunica\u00e7\u00e3o dos Poderes Federal, Estadual e Municipal, quando solicitado;<\/li>\n\n\n\n<li>n) redigir textos de interesse da Assembleia Legislativa;<\/li>\n\n\n\n<li>o) elaborar manuais t\u00e9cnicos;<\/li>\n\n\n\n<li>p) prestar assessoramento t\u00e9cnico \u00e0 comiss\u00e3o de licita\u00e7\u00e3o;<\/li>\n\n\n\n<li>q) elaborar a programa\u00e7\u00e3o de cursos para os servidores;<\/li>\n\n\n\n<li>r) colaborar na fiscaliza\u00e7\u00e3o de obras e servi\u00e7os contratados;<\/li>\n\n\n\n<li>s) subsidiar a Assembleia Legislativa sobre mat\u00e9ria atinente \u00e0 sua \u00e1rea de atua\u00e7\u00e3o, quando solicitado;<\/li>\n\n\n\n<li>t) elaborar minutas de pareceres aos relatores de processos legislativos nas comiss\u00f5es;<\/li>\n\n\n\n<li>u) auxiliar aos Deputados no processo legislativo;<\/li>\n\n\n\n<li>v) realizar estudos, atender consultas sobre mat\u00e9ria legislativa e elaborar relat\u00f3rios de trabalhos;<\/li>\n\n\n\n<li>w) apoiar as atividades atinentes ao processo legislativo;<\/li>\n\n\n\n<li>x) apoiar aos Deputados no processo legislativo e nos procedimentos pol\u00edtico-parlamentares;<\/li>\n\n\n\n<li>y) colaborar nos trabalhos auxiliares de recrutamento, sele\u00e7\u00e3o e treinamento pessoal; e<\/li>\n\n\n\n<li>z) auxiliar os Procuradores da Assembleia Legislativa.<\/li>\n<\/ul>\n\n\n\n<h3 class=\"wp-block-heading\" id=\"h-requisitos\">Requisitos<\/h3>\n\n\n\n<p class=\"wp-block-paragraph\" id=\"h-analista-legislativo\"><strong>Analista Legislativo (sem especialidade)<\/strong>: Apresentar diploma, devidamente registrado, de conclus\u00e3o de curso de n\u00edvel superior, reconhecido pelo Minist\u00e9rio da Educa\u00e7\u00e3o e registro no devido Conselho de Classe, quando for o caso.<\/p>\n\n\n\n<p class=\"wp-block-paragraph\"><strong>T\u00e9cnico Legislativo&nbsp;(sem especialidade)<\/strong>: Certificado de conclus\u00e3o de curso de ensino m\u00e9dio (antigo segundo grau) ou certificado devidamente registrado, de conclus\u00e3o de curso de ensino m\u00e9dio t\u00e9cnico (antigo segundo grau profissionalizante), expedido por institui\u00e7\u00e3o de ensino reconhecida pelo Minist\u00e9rio da Educa\u00e7\u00e3o.<\/p>\n\n\n\n<p class=\"wp-block-paragraph\"><strong>T\u00e9cnico Legislativo de N\u00edvel Fundamental<\/strong>: Os cargos desta categoria ser\u00e3o <strong>extintos<\/strong> \u00e0 medida que ficarem vagos, segundo o novo Plano de Cargos, Carreiras e Subs\u00eddios do Quadro de Servidores da ALE MT.<\/p>\n\n\n\n<h3 class=\"wp-block-heading\" id=\"h-tabela-remuneratoria\">Tabela remunerat\u00f3ria<\/h3>\n\n\n\n<p class=\"wp-block-paragraph\">Segundo o Plano de Cargos, Carreiras e Subs\u00eddios do Quadro de Servidores da Assembleia Legislativa do Mato Grosso, referente ao m\u00eas de abril de 2025, as remunera\u00e7\u00f5es s\u00e3o as seguintes: <\/p>\n\n\n\n<figure class=\"wp-block-image aligncenter size-full\"><img loading=\"lazy\" decoding=\"async\" width=\"553\" height=\"391\" src=\"https:\/\/dhg1h5j42swfq.cloudfront.net\/2022\/04\/19171128\/image-230.png\" alt=\"Vencimentos dos cargos de n\u00edvel fundamental do concurso ALMT\" class=\"wp-image-1609399\" srcset=\"https:\/\/dhg1h5j42swfq.cloudfront.net\/2022\/04\/19171128\/image-230.png 553w, https:\/\/dhg1h5j42swfq.cloudfront.net\/2022\/04\/19171128\/image-230-300x169.png 300w, https:\/\/dhg1h5j42swfq.cloudfront.net\/2022\/04\/19171128\/image-230.png 150w\" sizes=\"auto, (max-width: 553px) 100vw, 553px\" \/><figcaption class=\"wp-element-caption\">Vencimentos dos cargos de n\u00edvel fundamental<\/figcaption><\/figure>\n\n\n\n<figure class=\"wp-block-image aligncenter size-full\"><img loading=\"lazy\" decoding=\"async\" width=\"546\" height=\"390\" src=\"https:\/\/dhg1h5j42swfq.cloudfront.net\/2022\/04\/18123705\/tec-almt.png\" alt=\"Vencimentos dos cargos de n\u00edveis m\u00e9dio e t\u00e9cnico\" class=\"wp-image-1609403\" srcset=\"https:\/\/dhg1h5j42swfq.cloudfront.net\/2022\/04\/18123705\/tec-almt.png 546w, https:\/\/dhg1h5j42swfq.cloudfront.net\/2022\/04\/18123705\/tec-almt-300x214.png 300w, https:\/\/dhg1h5j42swfq.cloudfront.net\/2022\/04\/18123705\/tec-almt-150x107.png 150w\" sizes=\"auto, (max-width: 546px) 100vw, 546px\" \/><figcaption class=\"wp-element-caption\">Vencimentos dos cargos de n\u00edveis m\u00e9dio e t\u00e9cnico do concurso ALMT<\/figcaption><\/figure>\n\n\n\n<figure class=\"wp-block-image aligncenter size-full\"><img loading=\"lazy\" decoding=\"async\" width=\"562\" height=\"390\" src=\"https:\/\/dhg1h5j42swfq.cloudfront.net\/2022\/04\/19171920\/image-231.png\" alt=\"\" class=\"wp-image-1609409\" srcset=\"https:\/\/dhg1h5j42swfq.cloudfront.net\/2022\/04\/19171920\/image-231.png 562w, https:\/\/dhg1h5j42swfq.cloudfront.net\/2022\/04\/19171920\/image-231-300x146.png 300w, https:\/\/dhg1h5j42swfq.cloudfront.net\/2022\/04\/19171920\/image-231.png 150w\" sizes=\"auto, (max-width: 562px) 100vw, 562px\" \/><figcaption class=\"wp-element-caption\">Vencimentos dos cargos de n\u00edvel superior do concurso ALMT<\/figcaption><\/figure>\n\n\n\n<h2 class=\"wp-block-heading\" id=\"ultimo\">\u00daltimo concurso AL MT<\/h2>\n\n\n\n<p class=\"wp-block-paragraph\">O \u00faltimo concurso da Assembleia Legislativa MT (concurso AL MT) foi realizado em 2013 e na \u00e9poca ofertou 430 vagas para cargos de n\u00edvel m\u00e9dio e superior. Haviam vagas para Procurador, Editor de Texto, Radialista, T\u00e9cnico em Eletricidade, entre outras.<\/p>\n\n\n\n<p class=\"wp-block-paragraph\">As remunera\u00e7\u00f5es ofertadas variavam de R$ 2.286,22 a R$ 6.057. A banca organizadora na \u00e9poca foi a Funda\u00e7\u00e3o Get\u00falio Vagas. O certame testou os candidatos atrav\u00e9s de prova Objetiva e Pr\u00e1tica nas cidades de Cuiab\u00e1 e V\u00e1rzea Grande\/MT.<\/p>\n\n\n\n<h3 class=\"wp-block-heading\" id=\"h-etapas-do-ultimo-concurso\">Etapas do \u00faltimo concurso<\/h3>\n\n\n\n<p class=\"wp-block-paragraph\">O \u00faltimo&nbsp;concurso ALE MT&nbsp;obteve as seguintes etapas:<\/p>\n\n\n\n<p class=\"wp-block-paragraph\"><strong>N\u00edvel Superior <\/strong><\/p>\n\n\n\n<ul class=\"wp-block-list\">\n<li>a) Prova Escrita Objetiva, de car\u00e1ter eliminat\u00f3rio e classificat\u00f3rio;<\/li>\n\n\n\n<li>b) Prova Pr\u00e1tica, de car\u00e1ter eliminat\u00f3rio e classificat\u00f3rio, somente para os cargos de Editor(a) de Texto, Pauteiro(a) da TV, Rep\u00f3rter Apresentador(a) da TV e Radialista.<\/li>\n<\/ul>\n\n\n\n<p class=\"wp-block-paragraph\"><strong>N\u00edvel M\u00e9dio <\/strong><\/p>\n\n\n\n<ul class=\"wp-block-list\">\n<li>a) Prova Escrita Objetiva, de car\u00e1ter eliminat\u00f3rio e classificat\u00f3rio;<\/li>\n\n\n\n<li>b) Prova Pr\u00e1tica, de car\u00e1ter eliminat\u00f3rio e classificat\u00f3rio, somente para os cargos de Editor(a) de Imagens, Editor(a) de P\u00f3s-produ\u00e7\u00e3o, Rep\u00f3rter Fotogr\u00e1fico, Operador(a) Master da TV, Operador(a) de V\u00eddeo da TV, Rep\u00f3rter Cinematogr\u00e1fico(a) da TV, Auxiliar T\u00e9cnico da TV, Editor Gr\u00e1fico, Operador(a) de \u00c1udio da TV, Operador de Som, T\u00e9cnico de Manuten\u00e7\u00e3o da TV, T\u00e9cnico em Eletricidade e T\u00e9cnico Hidr\u00e1ulico.<\/li>\n<\/ul>\n\n\n\n<h2 class=\"wp-block-heading\" id=\"alemt\">Sobre a Assembleia Legislativa MT<\/h2>\n\n\n\n<p class=\"wp-block-paragraph\">A <strong>Assembleia Legislativa de Mato Grosso<\/strong>&nbsp;\u00e9 o \u00f3rg\u00e3o de&nbsp;poder legislativo&nbsp;do estado de&nbsp;Mato Grosso exercido atrav\u00e9s dos&nbsp;deputados estaduais. Conta com 24 deputados estaduais eleitos pelo voto direto.<\/p>\n\n\n\n<p class=\"wp-block-paragraph\">A primeira sess\u00e3o aconteceu em 3 de julho de 1835, no casar\u00e3o Pedro Celestino, esquina com a rua Campo Grande. Neste local, a Assembleia Legislativa abrigou deputados estaduais por 102 anos e no Plen\u00e1rio foram aprovadas as Constitui\u00e7\u00f5es de 1891 a 1935.&nbsp;<\/p>\n\n\n\n<hr class=\"wp-block-separator has-alpha-channel-opacity\"\/>\n\n\n\n<h2 class=\"wp-block-heading has-text-align-center\" id=\"h-quer-saber-tudo-sobre-concursos-previstos-confira-nossos-artigos\">Quer saber tudo sobre concursos previstos?<br \/>Confira nossos artigos!<\/h2>\n\n\n\n<ul class=\"wp-block-list\">\n<li><a href=\"https:\/\/www.estrategiaconcursos.com.br\/blog\/concursos-abertos\/\" target=\"_blank\" rel=\"noreferrer noopener\">Concursos abertos<\/a><\/li>\n\n\n\n<li><a href=\"https:\/\/www.estrategiaconcursos.com.br\/blog\/concursos-area-legislativa\/\" target=\"_blank\" rel=\"noreferrer noopener\">Concursos legislativos<\/a><\/li>\n\n\n\n<li><a href=\"https:\/\/www.estrategiaconcursos.com.br\/blog\/concursos-2026\/\" target=\"_blank\" rel=\"noreferrer noopener\">Concursos 2026<\/a><\/li>\n<\/ul>\n\n\n\n<h2 class=\"wp-block-heading has-text-align-center\" id=\"curso\">Quer estudar para o concurso Assembleia Legislativa MT?<\/h2>\n\n\n\n<div class=\"container\" id=\"boxes\">\n  <div class=\"row\">\n\n    <div class=\"col-sm\">\n      <div class=\"banner-ale\" id=\"box-assinatura\">\n        <h3 class=\"titulo-assinatura\">Concurso AL MT<\/h3>\n        <p class=\"subtitulo-assinatura\">Pacote de cursos preparat\u00f3rios para a carreira!<\/p>\n        <div class=\"box-botao\">\n          <a class=\"btn-assinatura\" target=\"_blank\" href=\"https:\/\/www.estrategiaconcursos.com.br\/blog\/pesquisa\/?q=ALMT\" role=\"button\" rel=\"noopener noreferrer\">EXPLORAR CURSOS<\/a>\n        <\/div>\n      <\/div>\n      <p class=\"texto-auxiliar\"><\/p>\n    <\/div>\n\n  <\/div>\n<\/div>\n\n\n\n<div class=\"container\" id=\"boxes\">\n  <div class=\"row\">\n\n    <div class=\"col-sm\">\n      <div class=\"estrategia\" id=\"box-assinatura\">\n        <h3 class=\"titulo-assinatura\">Assinatura de Concursos<\/h3>\n        <p class=\"subtitulo-assinatura\">Assinatura de 1 ou 2 anos<\/p>\n        <div class=\"box-botao\">\n          <a class=\"btn-assinatura\" target=\"_blank\" href=\"https:\/\/www.estrategiaconcursos.com.br\/blog\/assinaturas\/\" role=\"button\" rel=\"noopener noreferrer\">ASSINE AGORA<\/a>\n        <\/div>\n      <\/div>\n      <p class=\"texto-auxiliar\"><\/p>\n    <\/div><\/div><\/div>\n\n\n\n<figure class=\"wp-block-image size-large is-resized\"><img loading=\"lazy\" decoding=\"async\" width=\"1024\" height=\"632\" src=\"https:\/\/www.estrategiaconcursos.com.br\/blog\/wp-content\/uploads\/2021\/04\/ficha-tecnica-145-1024x632.png\" alt=\"Ficha do concurso assembleia legislativa mt\" class=\"wp-image-715724\" style=\"width:319px;height:197px\" srcset=\"https:\/\/dhg1h5j42swfq.cloudfront.net\/2021\/04\/16144843\/ficha-tecnica-145-1024x632.png 1024w, https:\/\/dhg1h5j42swfq.cloudfront.net\/2021\/04\/16144843\/ficha-tecnica-145-300x185.png 300w, https:\/\/dhg1h5j42swfq.cloudfront.net\/2021\/04\/16144843\/ficha-tecnica-145-768x474.png 768w, https:\/\/dhg1h5j42swfq.cloudfront.net\/2021\/04\/16144843\/ficha-tecnica-145-1536x948.png 1536w, https:\/\/dhg1h5j42swfq.cloudfront.net\/2021\/04\/16144843\/ficha-tecnica-145-610x377.png 610w, https:\/\/dhg1h5j42swfq.cloudfront.net\/2021\/04\/16144843\/ficha-tecnica-145.png 1571w\" sizes=\"auto, (max-width: 1024px) 100vw, 1024px\" \/><\/figure>\n\n\n\n<h3 class=\"wp-block-heading\" id=\"ficha-tecnica\">Informa\u00e7\u00f5es do \u00faltimo concurso AL MT<\/h3>\n\n\n\n<ul class=\"wp-block-list\">\n<li><strong>Data<\/strong>: 2013<\/li>\n\n\n\n<li><strong>Vagas<\/strong>: 430<\/li>\n\n\n\n<li><strong>Cargo<\/strong>: diversos<\/li>\n\n\n\n<li><strong>Banca<\/strong>: FGV<\/li>\n\n\n\n<li><strong>Escolaridade<\/strong>: m\u00e9dio e superior<\/li>\n\n\n\n<li><strong>Edital:<\/strong>&nbsp;<a href=\"https:\/\/dhg1h5j42swfq.cloudfront.net\/2021\/04\/15120317\/edital_almt_2013_11_04_superior_e_medio.pdf\" target=\"_blank\" rel=\"noreferrer noopener nofollow\">AL MT 2013<\/a><\/li>\n<\/ul>\n","protected":false},"excerpt":{"rendered":"<p>Descubra as novidades sobre o concurso AL MT anunciado para 2027 e as garantias or\u00e7ament\u00e1rias para sua realiza\u00e7\u00e3o.<\/p>\n","protected":false},"author":2134,"featured_media":1646372,"comment_status":"open","ping_status":"closed","sticky":false,"template":"","format":"standard","meta":{"_acf_changed":false,"post_tipo":"news_page","footnotes":""},"categories":[2017],"tags":[],"tax_estado":[219976],"class_list":["post-538196","post","type-post","status-publish","format-standard","has-post-thumbnail","hentry","category-concursos-legislativos","tax_estado-mt"],"acf":[],"yoast_head":"<!-- This site is optimized with the Yoast SEO Premium plugin v28.1 (Yoast SEO v28.1) - https:\/\/yoast.com\/product\/yoast-seo-premium-wordpress\/ -->\n<title>Concurso AL MT: banca ainda em 2026? Entenda!<\/title>\n<meta name=\"description\" content=\"Descubra as novidades sobre o concurso AL MT anunciado para 2027 e as garantias or\u00e7ament\u00e1rias para o edital. Banca pode sair em 2026!\" \/>\n<meta name=\"robots\" content=\"index, follow, max-snippet:-1, max-image-preview:large, max-video-preview:-1\" \/>\n<link rel=\"canonical\" href=\"https:\/\/www.estrategiaconcursos.com.br\/blog\/concurso-al-mt\/\" \/>\n<meta property=\"og:locale\" content=\"pt_BR\" \/>\n<meta property=\"og:type\" content=\"article\" \/>\n<meta property=\"og:title\" content=\"Concurso AL MT: banca ainda em 2026? Entenda!\" \/>\n<meta property=\"og:description\" content=\"Descubra as novidades sobre o concurso AL MT anunciado para 2027 e as garantias or\u00e7ament\u00e1rias para o edital. Banca pode sair em 2026!\" \/>\n<meta property=\"og:url\" content=\"https:\/\/www.estrategiaconcursos.com.br\/blog\/concurso-al-mt\/\" \/>\n<meta property=\"og:site_name\" content=\"Estrat\u00e9gia Concursos\" \/>\n<meta property=\"article:published_time\" content=\"2026-06-10T23:45:45+00:00\" \/>\n<meta property=\"article:modified_time\" content=\"2026-06-10T23:46:00+00:00\" \/>\n<meta property=\"og:image\" content=\"https:\/\/dhg1h5j42swfq.cloudfront.net\/2025\/09\/29150418\/al-mt.jpg\" \/>\n\t<meta property=\"og:image:width\" content=\"768\" \/>\n\t<meta property=\"og:image:height\" content=\"432\" \/>\n\t<meta property=\"og:image:type\" content=\"image\/jpeg\" \/>\n<meta name=\"author\" content=\"Rafaela Teixeira\" \/>\n<meta name=\"twitter:card\" content=\"summary_large_image\" \/>\n<meta name=\"twitter:creator\" content=\"@EstratConcursos\" \/>\n<meta name=\"twitter:site\" content=\"@EstratConcursos\" \/>\n<meta name=\"twitter:label1\" content=\"Escrito por\" \/>\n\t<meta name=\"twitter:data1\" content=\"Rafaela Teixeira\" \/>\n\t<meta name=\"twitter:label2\" content=\"Est. tempo de leitura\" \/>\n\t<meta name=\"twitter:data2\" content=\"9 minutos\" \/>\n<script type=\"application\/ld+json\" class=\"yoast-schema-graph\">{\"@context\":\"https:\\\/\\\/schema.org\",\"@graph\":[{\"@type\":\"NewsArticle\",\"@id\":\"https:\\\/\\\/www.estrategiaconcursos.com.br\\\/blog\\\/concurso-al-mt\\\/#article\",\"isPartOf\":{\"@id\":\"https:\\\/\\\/www.estrategiaconcursos.com.br\\\/blog\\\/concurso-al-mt\\\/\"},\"author\":{\"name\":\"Rafaela Teixeira\",\"@id\":\"https:\\\/\\\/blog-estrategia.mystagingwebsite.com\\\/#\\\/schema\\\/person\\\/e75352021ea7f60781c599934f916eb1\"},\"headline\":\"Concurso AL MT: banca ainda em 2026? Entenda!\",\"datePublished\":\"2026-06-10T23:45:45+00:00\",\"dateModified\":\"2026-06-10T23:46:00+00:00\",\"mainEntityOfPage\":{\"@id\":\"https:\\\/\\\/www.estrategiaconcursos.com.br\\\/blog\\\/concurso-al-mt\\\/\"},\"wordCount\":1792,\"commentCount\":0,\"publisher\":{\"@id\":\"https:\\\/\\\/blog-estrategia.mystagingwebsite.com\\\/#organization\"},\"image\":{\"@id\":\"https:\\\/\\\/www.estrategiaconcursos.com.br\\\/blog\\\/concurso-al-mt\\\/#primaryimage\"},\"thumbnailUrl\":\"https:\\\/\\\/dhg1h5j42swfq.cloudfront.net\\\/2025\\\/09\\\/29150418\\\/al-mt.jpg\",\"articleSection\":[\"Legislativo\"],\"inLanguage\":\"pt-BR\",\"potentialAction\":[{\"@type\":\"CommentAction\",\"name\":\"Comment\",\"target\":[\"https:\\\/\\\/www.estrategiaconcursos.com.br\\\/blog\\\/concurso-al-mt\\\/#respond\"]}],\"copyrightYear\":\"2026\",\"copyrightHolder\":{\"@id\":\"https:\\\/\\\/www.estrategiaconcursos.com.br\\\/blog\\\/#organization\"}},{\"@type\":\"WebPage\",\"@id\":\"https:\\\/\\\/www.estrategiaconcursos.com.br\\\/blog\\\/concurso-al-mt\\\/\",\"url\":\"https:\\\/\\\/www.estrategiaconcursos.com.br\\\/blog\\\/concurso-al-mt\\\/\",\"name\":\"Concurso AL MT: banca ainda em 2026? Entenda!\",\"isPartOf\":{\"@id\":\"https:\\\/\\\/blog-estrategia.mystagingwebsite.com\\\/#website\"},\"primaryImageOfPage\":{\"@id\":\"https:\\\/\\\/www.estrategiaconcursos.com.br\\\/blog\\\/concurso-al-mt\\\/#primaryimage\"},\"image\":{\"@id\":\"https:\\\/\\\/www.estrategiaconcursos.com.br\\\/blog\\\/concurso-al-mt\\\/#primaryimage\"},\"thumbnailUrl\":\"https:\\\/\\\/dhg1h5j42swfq.cloudfront.net\\\/2025\\\/09\\\/29150418\\\/al-mt.jpg\",\"datePublished\":\"2026-06-10T23:45:45+00:00\",\"dateModified\":\"2026-06-10T23:46:00+00:00\",\"description\":\"Descubra as novidades sobre o concurso AL MT anunciado para 2027 e as garantias or\u00e7ament\u00e1rias para o edital. Banca pode sair em 2026!\",\"breadcrumb\":{\"@id\":\"https:\\\/\\\/www.estrategiaconcursos.com.br\\\/blog\\\/concurso-al-mt\\\/#breadcrumb\"},\"inLanguage\":\"pt-BR\",\"potentialAction\":[{\"@type\":\"ReadAction\",\"target\":[\"https:\\\/\\\/www.estrategiaconcursos.com.br\\\/blog\\\/concurso-al-mt\\\/\"]}]},{\"@type\":\"ImageObject\",\"inLanguage\":\"pt-BR\",\"@id\":\"https:\\\/\\\/www.estrategiaconcursos.com.br\\\/blog\\\/concurso-al-mt\\\/#primaryimage\",\"url\":\"https:\\\/\\\/dhg1h5j42swfq.cloudfront.net\\\/2025\\\/09\\\/29150418\\\/al-mt.jpg\",\"contentUrl\":\"https:\\\/\\\/dhg1h5j42swfq.cloudfront.net\\\/2025\\\/09\\\/29150418\\\/al-mt.jpg\",\"width\":768,\"height\":432},{\"@type\":\"BreadcrumbList\",\"@id\":\"https:\\\/\\\/www.estrategiaconcursos.com.br\\\/blog\\\/concurso-al-mt\\\/#breadcrumb\",\"itemListElement\":[{\"@type\":\"ListItem\",\"position\":1,\"name\":\"In\u00edcio\",\"item\":\"https:\\\/\\\/blog-estrategia.mystagingwebsite.com\\\/\"},{\"@type\":\"ListItem\",\"position\":2,\"name\":\"Concurso AL MT: banca ainda em 2026? Entenda!\"}]},{\"@type\":\"WebSite\",\"@id\":\"https:\\\/\\\/blog-estrategia.mystagingwebsite.com\\\/#website\",\"url\":\"https:\\\/\\\/blog-estrategia.mystagingwebsite.com\\\/\",\"name\":\"Estrat\u00e9gia Concursos\",\"description\":\"O blog da Estrat\u00e9gia Concursos traz not\u00edcias sobre concursos e artigos de professores oferecendo cursos para concursos (pdf + videaulas) no site.\",\"publisher\":{\"@id\":\"https:\\\/\\\/blog-estrategia.mystagingwebsite.com\\\/#organization\"},\"potentialAction\":[{\"@type\":\"SearchAction\",\"target\":{\"@type\":\"EntryPoint\",\"urlTemplate\":\"https:\\\/\\\/blog-estrategia.mystagingwebsite.com\\\/?s={search_term_string}\"},\"query-input\":{\"@type\":\"PropertyValueSpecification\",\"valueRequired\":true,\"valueName\":\"search_term_string\"}}],\"inLanguage\":\"pt-BR\"},{\"@type\":\"Organization\",\"@id\":\"https:\\\/\\\/blog-estrategia.mystagingwebsite.com\\\/#organization\",\"name\":\"Estrat\u00e9gia Concursos\",\"url\":\"https:\\\/\\\/blog-estrategia.mystagingwebsite.com\\\/\",\"logo\":{\"@type\":\"ImageObject\",\"inLanguage\":\"pt-BR\",\"@id\":\"https:\\\/\\\/blog-estrategia.mystagingwebsite.com\\\/#\\\/schema\\\/logo\\\/image\\\/\",\"url\":\"https:\\\/\\\/dhg1h5j42swfq.cloudfront.net\\\/2025\\\/06\\\/03203428\\\/logo_concursos-1.jpg\",\"contentUrl\":\"https:\\\/\\\/dhg1h5j42swfq.cloudfront.net\\\/2025\\\/06\\\/03203428\\\/logo_concursos-1.jpg\",\"width\":230,\"height\":60,\"caption\":\"Estrat\u00e9gia Concursos\"},\"image\":{\"@id\":\"https:\\\/\\\/blog-estrategia.mystagingwebsite.com\\\/#\\\/schema\\\/logo\\\/image\\\/\"},\"sameAs\":[\"https:\\\/\\\/x.com\\\/EstratConcursos\"]},{\"@type\":\"Person\",\"@id\":\"https:\\\/\\\/blog-estrategia.mystagingwebsite.com\\\/#\\\/schema\\\/person\\\/e75352021ea7f60781c599934f916eb1\",\"name\":\"Rafaela Teixeira\",\"image\":{\"@type\":\"ImageObject\",\"inLanguage\":\"pt-BR\",\"@id\":\"https:\\\/\\\/secure.gravatar.com\\\/avatar\\\/8a349a2b22039b1ee88fc06461487c950fd6aa411ea8af8633314b43334ae793?s=96&d=mm&r=g\",\"url\":\"https:\\\/\\\/secure.gravatar.com\\\/avatar\\\/8a349a2b22039b1ee88fc06461487c950fd6aa411ea8af8633314b43334ae793?s=96&d=mm&r=g\",\"contentUrl\":\"https:\\\/\\\/secure.gravatar.com\\\/avatar\\\/8a349a2b22039b1ee88fc06461487c950fd6aa411ea8af8633314b43334ae793?s=96&d=mm&r=g\",\"caption\":\"Rafaela Teixeira\"},\"description\":\"Rafaela Teixeira \u00e9 advogada conveniada \u00e0 Defensoria P\u00fablica de S\u00e3o Paulo pela OAB, com experi\u00eancia em reda\u00e7\u00e3o jur\u00eddica e atua\u00e7\u00e3o em institui\u00e7\u00f5es p\u00fablicas, incluindo est\u00e1gio no Tribunal Regional Eleitoral de S\u00e3o Paulo (TRE-SP). Possui mais de 8 anos de experi\u00eancia na produ\u00e7\u00e3o de conte\u00fados voltados ao nicho de concursos p\u00fablicos, com foco em apura\u00e7\u00e3o jornal\u00edstica, an\u00e1lise de editais e pesquisa de informa\u00e7\u00f5es diretamente em \u00f3rg\u00e3os e fontes oficiais. No Blog do Estrat\u00e9gia Concursos, atua como Analista de Conte\u00fado S\u00eanior e \u00e9 respons\u00e1vel pelo jornalismo do per\u00edodo noturno e da madrugada, com atua\u00e7\u00e3o transversal na cobertura de not\u00edcias, acompanhando as principais movimenta\u00e7\u00f5es e organizando prioridades para garantir a continuidade, precis\u00e3o e atualiza\u00e7\u00e3o das publica\u00e7\u00f5es.\",\"url\":\"https:\\\/\\\/www.estrategiaconcursos.com.br\\\/blog\\\/author\\\/rafaela-teixeira\\\/\"}]}<\/script>\n<!-- \/ Yoast SEO Premium plugin. -->","yoast_head_json":{"title":"Concurso AL MT: banca ainda em 2026? Entenda!","description":"Descubra as novidades sobre o concurso AL MT anunciado para 2027 e as garantias or\u00e7ament\u00e1rias para o edital. Banca pode sair em 2026!","robots":{"index":"index","follow":"follow","max-snippet":"max-snippet:-1","max-image-preview":"max-image-preview:large","max-video-preview":"max-video-preview:-1"},"canonical":"https:\/\/www.estrategiaconcursos.com.br\/blog\/concurso-al-mt\/","og_locale":"pt_BR","og_type":"article","og_title":"Concurso AL MT: banca ainda em 2026? Entenda!","og_description":"Descubra as novidades sobre o concurso AL MT anunciado para 2027 e as garantias or\u00e7ament\u00e1rias para o edital. Banca pode sair em 2026!","og_url":"https:\/\/www.estrategiaconcursos.com.br\/blog\/concurso-al-mt\/","og_site_name":"Estrat\u00e9gia Concursos","article_published_time":"2026-06-10T23:45:45+00:00","article_modified_time":"2026-06-10T23:46:00+00:00","og_image":[{"width":768,"height":432,"url":"https:\/\/dhg1h5j42swfq.cloudfront.net\/2025\/09\/29150418\/al-mt.jpg","type":"image\/jpeg"}],"author":"Rafaela Teixeira","twitter_card":"summary_large_image","twitter_creator":"@EstratConcursos","twitter_site":"@EstratConcursos","twitter_misc":{"Escrito por":"Rafaela Teixeira","Est. tempo de leitura":"9 minutos"},"schema":{"@context":"https:\/\/schema.org","@graph":[{"@type":"NewsArticle","@id":"https:\/\/www.estrategiaconcursos.com.br\/blog\/concurso-al-mt\/#article","isPartOf":{"@id":"https:\/\/www.estrategiaconcursos.com.br\/blog\/concurso-al-mt\/"},"author":{"name":"Rafaela Teixeira","@id":"https:\/\/blog-estrategia.mystagingwebsite.com\/#\/schema\/person\/e75352021ea7f60781c599934f916eb1"},"headline":"Concurso AL MT: banca ainda em 2026? Entenda!","datePublished":"2026-06-10T23:45:45+00:00","dateModified":"2026-06-10T23:46:00+00:00","mainEntityOfPage":{"@id":"https:\/\/www.estrategiaconcursos.com.br\/blog\/concurso-al-mt\/"},"wordCount":1792,"commentCount":0,"publisher":{"@id":"https:\/\/blog-estrategia.mystagingwebsite.com\/#organization"},"image":{"@id":"https:\/\/www.estrategiaconcursos.com.br\/blog\/concurso-al-mt\/#primaryimage"},"thumbnailUrl":"https:\/\/dhg1h5j42swfq.cloudfront.net\/2025\/09\/29150418\/al-mt.jpg","articleSection":["Legislativo"],"inLanguage":"pt-BR","potentialAction":[{"@type":"CommentAction","name":"Comment","target":["https:\/\/www.estrategiaconcursos.com.br\/blog\/concurso-al-mt\/#respond"]}],"copyrightYear":"2026","copyrightHolder":{"@id":"https:\/\/www.estrategiaconcursos.com.br\/blog\/#organization"}},{"@type":"WebPage","@id":"https:\/\/www.estrategiaconcursos.com.br\/blog\/concurso-al-mt\/","url":"https:\/\/www.estrategiaconcursos.com.br\/blog\/concurso-al-mt\/","name":"Concurso AL MT: banca ainda em 2026? Entenda!","isPartOf":{"@id":"https:\/\/blog-estrategia.mystagingwebsite.com\/#website"},"primaryImageOfPage":{"@id":"https:\/\/www.estrategiaconcursos.com.br\/blog\/concurso-al-mt\/#primaryimage"},"image":{"@id":"https:\/\/www.estrategiaconcursos.com.br\/blog\/concurso-al-mt\/#primaryimage"},"thumbnailUrl":"https:\/\/dhg1h5j42swfq.cloudfront.net\/2025\/09\/29150418\/al-mt.jpg","datePublished":"2026-06-10T23:45:45+00:00","dateModified":"2026-06-10T23:46:00+00:00","description":"Descubra as novidades sobre o concurso AL MT anunciado para 2027 e as garantias or\u00e7ament\u00e1rias para o edital. Banca pode sair em 2026!","breadcrumb":{"@id":"https:\/\/www.estrategiaconcursos.com.br\/blog\/concurso-al-mt\/#breadcrumb"},"inLanguage":"pt-BR","potentialAction":[{"@type":"ReadAction","target":["https:\/\/www.estrategiaconcursos.com.br\/blog\/concurso-al-mt\/"]}]},{"@type":"ImageObject","inLanguage":"pt-BR","@id":"https:\/\/www.estrategiaconcursos.com.br\/blog\/concurso-al-mt\/#primaryimage","url":"https:\/\/dhg1h5j42swfq.cloudfront.net\/2025\/09\/29150418\/al-mt.jpg","contentUrl":"https:\/\/dhg1h5j42swfq.cloudfront.net\/2025\/09\/29150418\/al-mt.jpg","width":768,"height":432},{"@type":"BreadcrumbList","@id":"https:\/\/www.estrategiaconcursos.com.br\/blog\/concurso-al-mt\/#breadcrumb","itemListElement":[{"@type":"ListItem","position":1,"name":"In\u00edcio","item":"https:\/\/blog-estrategia.mystagingwebsite.com\/"},{"@type":"ListItem","position":2,"name":"Concurso AL MT: banca ainda em 2026? Entenda!"}]},{"@type":"WebSite","@id":"https:\/\/blog-estrategia.mystagingwebsite.com\/#website","url":"https:\/\/blog-estrategia.mystagingwebsite.com\/","name":"Estrat\u00e9gia Concursos","description":"O blog da Estrat\u00e9gia Concursos traz not\u00edcias sobre concursos e artigos de professores oferecendo cursos para concursos (pdf + videaulas) no site.","publisher":{"@id":"https:\/\/blog-estrategia.mystagingwebsite.com\/#organization"},"potentialAction":[{"@type":"SearchAction","target":{"@type":"EntryPoint","urlTemplate":"https:\/\/blog-estrategia.mystagingwebsite.com\/?s={search_term_string}"},"query-input":{"@type":"PropertyValueSpecification","valueRequired":true,"valueName":"search_term_string"}}],"inLanguage":"pt-BR"},{"@type":"Organization","@id":"https:\/\/blog-estrategia.mystagingwebsite.com\/#organization","name":"Estrat\u00e9gia Concursos","url":"https:\/\/blog-estrategia.mystagingwebsite.com\/","logo":{"@type":"ImageObject","inLanguage":"pt-BR","@id":"https:\/\/blog-estrategia.mystagingwebsite.com\/#\/schema\/logo\/image\/","url":"https:\/\/dhg1h5j42swfq.cloudfront.net\/2025\/06\/03203428\/logo_concursos-1.jpg","contentUrl":"https:\/\/dhg1h5j42swfq.cloudfront.net\/2025\/06\/03203428\/logo_concursos-1.jpg","width":230,"height":60,"caption":"Estrat\u00e9gia Concursos"},"image":{"@id":"https:\/\/blog-estrategia.mystagingwebsite.com\/#\/schema\/logo\/image\/"},"sameAs":["https:\/\/x.com\/EstratConcursos"]},{"@type":"Person","@id":"https:\/\/blog-estrategia.mystagingwebsite.com\/#\/schema\/person\/e75352021ea7f60781c599934f916eb1","name":"Rafaela Teixeira","image":{"@type":"ImageObject","inLanguage":"pt-BR","@id":"https:\/\/secure.gravatar.com\/avatar\/8a349a2b22039b1ee88fc06461487c950fd6aa411ea8af8633314b43334ae793?s=96&d=mm&r=g","url":"https:\/\/secure.gravatar.com\/avatar\/8a349a2b22039b1ee88fc06461487c950fd6aa411ea8af8633314b43334ae793?s=96&d=mm&r=g","contentUrl":"https:\/\/secure.gravatar.com\/avatar\/8a349a2b22039b1ee88fc06461487c950fd6aa411ea8af8633314b43334ae793?s=96&d=mm&r=g","caption":"Rafaela Teixeira"},"description":"Rafaela Teixeira \u00e9 advogada conveniada \u00e0 Defensoria P\u00fablica de S\u00e3o Paulo pela OAB, com experi\u00eancia em reda\u00e7\u00e3o jur\u00eddica e atua\u00e7\u00e3o em institui\u00e7\u00f5es p\u00fablicas, incluindo est\u00e1gio no Tribunal Regional Eleitoral de S\u00e3o Paulo (TRE-SP). Possui mais de 8 anos de experi\u00eancia na produ\u00e7\u00e3o de conte\u00fados voltados ao nicho de concursos p\u00fablicos, com foco em apura\u00e7\u00e3o jornal\u00edstica, an\u00e1lise de editais e pesquisa de informa\u00e7\u00f5es diretamente em \u00f3rg\u00e3os e fontes oficiais. No Blog do Estrat\u00e9gia Concursos, atua como Analista de Conte\u00fado S\u00eanior e \u00e9 respons\u00e1vel pelo jornalismo do per\u00edodo noturno e da madrugada, com atua\u00e7\u00e3o transversal na cobertura de not\u00edcias, acompanhando as principais movimenta\u00e7\u00f5es e organizando prioridades para garantir a continuidade, precis\u00e3o e atualiza\u00e7\u00e3o das publica\u00e7\u00f5es.","url":"https:\/\/www.estrategiaconcursos.com.br\/blog\/author\/rafaela-teixeira\/"}]}},"_links":{"self":[{"href":"https:\/\/www.estrategiaconcursos.com.br\/blog\/wp-json\/wp\/v2\/posts\/538196","targetHints":{"allow":["GET"]}}],"collection":[{"href":"https:\/\/www.estrategiaconcursos.com.br\/blog\/wp-json\/wp\/v2\/posts"}],"about":[{"href":"https:\/\/www.estrategiaconcursos.com.br\/blog\/wp-json\/wp\/v2\/types\/post"}],"author":[{"embeddable":true,"href":"https:\/\/www.estrategiaconcursos.com.br\/blog\/wp-json\/wp\/v2\/users\/2134"}],"replies":[{"embeddable":true,"href":"https:\/\/www.estrategiaconcursos.com.br\/blog\/wp-json\/wp\/v2\/comments?post=538196"}],"version-history":[{"count":2,"href":"https:\/\/www.estrategiaconcursos.com.br\/blog\/wp-json\/wp\/v2\/posts\/538196\/revisions"}],"predecessor-version":[{"id":1767518,"href":"https:\/\/www.estrategiaconcursos.com.br\/blog\/wp-json\/wp\/v2\/posts\/538196\/revisions\/1767518"}],"wp:featuredmedia":[{"embeddable":true,"href":"https:\/\/www.estrategiaconcursos.com.br\/blog\/wp-json\/wp\/v2\/media\/1646372"}],"wp:attachment":[{"href":"https:\/\/www.estrategiaconcursos.com.br\/blog\/wp-json\/wp\/v2\/media?parent=538196"}],"wp:term":[{"taxonomy":"category","embeddable":true,"href":"https:\/\/www.estrategiaconcursos.com.br\/blog\/wp-json\/wp\/v2\/categories?post=538196"},{"taxonomy":"post_tag","embeddable":true,"href":"https:\/\/www.estrategiaconcursos.com.br\/blog\/wp-json\/wp\/v2\/tags?post=538196"},{"taxonomy":"tax_estado","embeddable":true,"href":"https:\/\/www.estrategiaconcursos.com.br\/blog\/wp-json\/wp\/v2\/tax_estado?post=538196"}],"curies":[{"name":"wp","href":"https:\/\/api.w.org\/{rel}","templated":true}]}}