{"id":537360,"date":"2020-07-07T16:00:00","date_gmt":"2020-07-07T19:00:00","guid":{"rendered":"https:\/\/www.estrategiaconcursos.com.br\/blog\/?p=537360"},"modified":"2023-08-02T11:53:31","modified_gmt":"2023-08-02T14:53:31","slug":"editais-em-teresina-como-conciliar-os-estudos-para-pgm-e-camara","status":"publish","type":"post","link":"https:\/\/www.estrategiaconcursos.com.br\/blog\/editais-em-teresina-como-conciliar-os-estudos-para-pgm-e-camara\/","title":{"rendered":"Editais em Teresina: como conciliar os estudos para PGM e C\u00e2mara"},"content":{"rendered":"\n<p>Quem se prepara para concursos da \u00e1rea de Procuradorias est\u00e1 de olho nos editais em Teresina: <a rel=\"noreferrer noopener\" href=\"https:\/\/www.estrategiaconcursos.com.br\/blog\/concurso-pgm-teresina\/\" target=\"_blank\">Procuradoria-Geral do Munic\u00edpio<\/a> e <a rel=\"noreferrer noopener\" href=\"https:\/\/www.estrategiaconcursos.com.br\/blog\/concurso-camara-de-teresina\/\" target=\"_blank\">C\u00e2mara Municipal<\/a> lan\u00e7aram editais para a \u00e1rea jur\u00eddica.<\/p>\n\n\n\n<p>O concurso da <strong>PGM Teresina<\/strong>, com <strong>6 vagas<\/strong>, j\u00e1 encerrou as inscri\u00e7\u00f5es e est\u00e1 atualmente com o <span style=\"text-decoration: underline;\">cronograma suspenso<\/span>. A perspectiva \u00e9 que o edital seja retomado j\u00e1 no segundo semestre e as provas ocorram ainda neste ano.<\/p>\n\n\n\n<p>J\u00e1 a <strong>C\u00e2mara Municipal de Teresina <\/strong>abriu uma vaga para <strong>Procurador Legislativo<\/strong> e est\u00e1 com as <span style=\"text-decoration: underline;\">inscri\u00e7\u00f5es abertas<\/span> at\u00e9 <strong>6 de agosto<\/strong>. As provas est\u00e3o marcadas para 13 de setembro de 2020. <\/p>\n\n\n\n<p>Como conciliar o estudo para os dois editais? Para ajudar voc\u00ea nessa empreitada, o Estrat\u00e9gia Carreira Jur\u00eddica vai exibir em 7 de julho o aul\u00e3o <strong>Editais Abertos em Teresina-PI: Como Conciliar os Estudos para PGM e Procurador da C\u00e2mara<\/strong>, com o professor Rodolfo Penna. <\/p>\n\n\n\n<p>A transmiss\u00e3o <strong>ao vivo<\/strong> ocorre no canal do Estrat\u00e9gia Carreira Jur\u00eddica no YouTube, a partir das <strong>21h<\/strong>. N\u00e3o perca: siga o nosso canal e ative as notifica\u00e7\u00f5es e tire todas as suas d\u00favidas para ajustar o seu planejamento de estudos, garantindo a aprova\u00e7\u00e3o nos <strong>dois editais<\/strong>.<\/p>\n\n\n\n<p class=\"has-text-align-center has-medium-font-size\"><strong><em>Conhe\u00e7a nossos cursos:<\/em><\/strong><\/p>\n\n\n\n<p>O Estrat\u00e9gia Carreira Jur\u00eddica \u00e9 campe\u00e3o de aprova\u00e7\u00f5es nos concursos para Procuradorias, com um corpo docente qualificado e materiais completos. Conhe\u00e7a nossos cursos e garanta sua aprova\u00e7\u00e3o no concurso de seu interesse:<\/p>\n\n\n\n<p class=\"has-text-align-center has-luminous-vivid-amber-background-color has-background has-medium-font-size\"><a rel=\"noopener noreferrer\" href=\"https:\/\/www.estrategiaconcursos.com.br\/cursos\/concurso\" target=\"_blank\">Cursos para Procurador<\/a><\/p>\n\n\n\n<p class=\"has-text-align-center has-medium-font-size\"><strong><em>Fique por dentro do mundo dos concursos:<\/em><\/strong><\/p>\n\n\n\n<p>Quer ficar em dia com as principais novidades no mundo dos concursos p\u00fablicos? Confira os principais concursos com inscri\u00e7\u00f5es abertas, al\u00e9m de editais previstos para o 2\u00ba semestre de 2020 e in\u00edcio de 2021:<\/p>\n\n\n\n<p class=\"has-text-align-center has-pale-cyan-blue-background-color has-background has-medium-font-size\"><strong><a href=\"https:\/\/www.estrategiaconcursos.com.br\/blog\/concursos-abertos\/\" target=\"_blank\" rel=\"noreferrer noopener\">Concursos abertos<\/a><\/strong><\/p>\n\n\n\n<p class=\"has-text-align-center has-pale-cyan-blue-background-color has-background has-medium-font-size\"><strong><a href=\"https:\/\/www.estrategiaconcursos.com.br\/blog\/concursos-de-direito\/\" target=\"_blank\" rel=\"noreferrer noopener\">Concursos de Direito<\/a><\/strong><\/p>\n\n\n\n<p class=\"has-text-align-center has-medium-font-size\"><strong><em><strong>Sistema de Quest\u00f5es<\/strong><\/em><\/strong><\/p>\n\n\n\n<p class=\"has-text-align-center\">Estrat\u00e9gia Quest\u00f5es nasceu maior do que todos os concorrentes, com mais quest\u00f5es cadastradas e mais solu\u00e7\u00f5es por professores. Clique no link e aproveite os descontos e b\u00f4nus imperd\u00edveis!<\/p>\n\n\n\n<p class=\"has-text-align-center has-very-dark-gray-color has-vivid-green-cyan-background-color has-text-color has-background\" style=\"font-size:clamp(14.642px, 0.915rem + ((1vw - 3.2px) * 0.721), 22px);px\"><strong>ASSINE AGORA &#8211; <a href=\"https:\/\/www.estrategiaconcursos.com.br\/cursosPorConcurso\/sistema-de-questoes\/#\/\" target=\"_blank\" rel=\"noreferrer noopener\">Sistema de Quest\u00f5es<\/a><\/strong><\/p>\n","protected":false},"excerpt":{"rendered":"<p>Quem se prepara para concursos da \u00e1rea de Procuradorias est\u00e1 de olho nos editais em Teresina: Procuradoria-Geral do Munic\u00edpio e C\u00e2mara Municipal lan\u00e7aram editais para a \u00e1rea jur\u00eddica. O concurso da PGM Teresina, com 6 vagas, j\u00e1 encerrou as inscri\u00e7\u00f5es e est\u00e1 atualmente com o cronograma suspenso. A perspectiva \u00e9 que o edital seja retomado [&hellip;]<\/p>\n","protected":false},"author":180,"featured_media":537369,"comment_status":"open","ping_status":"closed","sticky":false,"template":"","format":"standard","meta":{"post_tipo":"article","footnotes":""},"categories":[1,2185],"tags":[],"tax_estado":[],"class_list":["post-537360","post","type-post","status-publish","format-standard","has-post-thumbnail","hentry","category-cursos-e-concursos","category-carreiras-juridicas"],"acf":[],"yoast_head":"<!-- This site is optimized with the Yoast SEO Premium plugin v27.2 (Yoast SEO v27.2) - https:\/\/yoast.com\/product\/yoast-seo-premium-wordpress\/ -->\n<title>Editais em Teresina: como conciliar os estudos para PGM e C\u00e2mara<\/title>\n<meta name=\"description\" content=\"Editais em Teresina: como conciliar os estudos para PGM e C\u00e2mara: aula gratuita te ajuda a planejar seus estudos para os editais abertos em Teresina-PI.\" \/>\n<meta name=\"robots\" content=\"index, follow, max-snippet:-1, max-image-preview:large, max-video-preview:-1\" \/>\n<link rel=\"canonical\" href=\"https:\/\/www.estrategiaconcursos.com.br\/blog\/editais-em-teresina-como-conciliar-os-estudos-para-pgm-e-camara\/\" \/>\n<meta property=\"og:locale\" content=\"pt_BR\" \/>\n<meta property=\"og:type\" content=\"article\" \/>\n<meta property=\"og:title\" content=\"Editais em Teresina: como conciliar os estudos para PGM e C\u00e2mara\" \/>\n<meta property=\"og:description\" content=\"Editais em Teresina: como conciliar os estudos para PGM e C\u00e2mara: aula gratuita te ajuda a planejar seus estudos para os editais abertos em Teresina-PI.\" \/>\n<meta property=\"og:url\" content=\"https:\/\/www.estrategiaconcursos.com.br\/blog\/editais-em-teresina-como-conciliar-os-estudos-para-pgm-e-camara\/\" \/>\n<meta property=\"og:site_name\" content=\"Estrat\u00e9gia Concursos\" \/>\n<meta property=\"article:author\" content=\"https:\/\/www.facebook.com\/ricardo.s.torques\" \/>\n<meta property=\"article:published_time\" content=\"2020-07-07T19:00:00+00:00\" \/>\n<meta property=\"article:modified_time\" content=\"2023-08-02T14:53:31+00:00\" \/>\n<meta property=\"og:image\" content=\"https:\/\/dhg1h5j42swfq.cloudfront.net\/2020\/07\/03102305\/YTB_CONCURSO-2.jpg\" \/>\n\t<meta property=\"og:image:width\" content=\"1280\" \/>\n\t<meta property=\"og:image:height\" content=\"720\" \/>\n\t<meta property=\"og:image:type\" content=\"image\/jpeg\" \/>\n<meta name=\"author\" content=\"Ricardo Torques\" \/>\n<meta name=\"twitter:card\" content=\"summary_large_image\" \/>\n<meta name=\"twitter:creator\" content=\"@EstratConcursos\" \/>\n<meta name=\"twitter:site\" content=\"@EstratConcursos\" \/>\n<meta name=\"twitter:label1\" content=\"Escrito por\" \/>\n\t<meta name=\"twitter:data1\" content=\"Ricardo Torques\" \/>\n\t<meta name=\"twitter:label2\" content=\"Est. tempo de leitura\" \/>\n\t<meta name=\"twitter:data2\" content=\"2 minutos\" \/>\n<script type=\"application\/ld+json\" class=\"yoast-schema-graph\">{\"@context\":\"https:\/\/schema.org\",\"@graph\":[{\"@type\":\"NewsArticle\",\"@id\":\"https:\/\/www.estrategiaconcursos.com.br\/blog\/editais-em-teresina-como-conciliar-os-estudos-para-pgm-e-camara\/#article\",\"isPartOf\":{\"@id\":\"https:\/\/www.estrategiaconcursos.com.br\/blog\/editais-em-teresina-como-conciliar-os-estudos-para-pgm-e-camara\/\"},\"author\":{\"name\":\"Ricardo Torques\",\"@id\":\"https:\/\/www.estrategiaconcursos.com.br\/blog\/#\/schema\/person\/aa39cf5ddb518e5bdce27c35788405e2\"},\"headline\":\"Editais em Teresina: como conciliar os estudos para PGM e C\u00e2mara\",\"datePublished\":\"2020-07-07T19:00:00+00:00\",\"dateModified\":\"2023-08-02T14:53:31+00:00\",\"mainEntityOfPage\":{\"@id\":\"https:\/\/www.estrategiaconcursos.com.br\/blog\/editais-em-teresina-como-conciliar-os-estudos-para-pgm-e-camara\/\"},\"wordCount\":349,\"commentCount\":0,\"publisher\":{\"@id\":\"https:\/\/www.estrategiaconcursos.com.br\/blog\/#organization\"},\"image\":{\"@id\":\"https:\/\/www.estrategiaconcursos.com.br\/blog\/editais-em-teresina-como-conciliar-os-estudos-para-pgm-e-camara\/#primaryimage\"},\"thumbnailUrl\":\"https:\/\/dhg1h5j42swfq.cloudfront.net\/2020\/07\/03102305\/YTB_CONCURSO-2.jpg\",\"articleSection\":[\"Concursos P\u00fablicos\",\"Jur\u00eddico\"],\"inLanguage\":\"pt-BR\",\"potentialAction\":[{\"@type\":\"CommentAction\",\"name\":\"Comment\",\"target\":[\"https:\/\/www.estrategiaconcursos.com.br\/blog\/editais-em-teresina-como-conciliar-os-estudos-para-pgm-e-camara\/#respond\"]}],\"copyrightYear\":\"2020\",\"copyrightHolder\":{\"@id\":\"https:\/\/www.estrategiaconcursos.com.br\/blog\/#organization\"}},{\"@type\":\"WebPage\",\"@id\":\"https:\/\/www.estrategiaconcursos.com.br\/blog\/editais-em-teresina-como-conciliar-os-estudos-para-pgm-e-camara\/\",\"url\":\"https:\/\/www.estrategiaconcursos.com.br\/blog\/editais-em-teresina-como-conciliar-os-estudos-para-pgm-e-camara\/\",\"name\":\"Editais em Teresina: como conciliar os estudos para PGM e C\u00e2mara\",\"isPartOf\":{\"@id\":\"https:\/\/www.estrategiaconcursos.com.br\/blog\/#website\"},\"primaryImageOfPage\":{\"@id\":\"https:\/\/www.estrategiaconcursos.com.br\/blog\/editais-em-teresina-como-conciliar-os-estudos-para-pgm-e-camara\/#primaryimage\"},\"image\":{\"@id\":\"https:\/\/www.estrategiaconcursos.com.br\/blog\/editais-em-teresina-como-conciliar-os-estudos-para-pgm-e-camara\/#primaryimage\"},\"thumbnailUrl\":\"https:\/\/dhg1h5j42swfq.cloudfront.net\/2020\/07\/03102305\/YTB_CONCURSO-2.jpg\",\"datePublished\":\"2020-07-07T19:00:00+00:00\",\"dateModified\":\"2023-08-02T14:53:31+00:00\",\"description\":\"Editais em Teresina: como conciliar os estudos para PGM e C\u00e2mara: aula gratuita te ajuda a planejar seus estudos para os editais abertos em Teresina-PI.\",\"breadcrumb\":{\"@id\":\"https:\/\/www.estrategiaconcursos.com.br\/blog\/editais-em-teresina-como-conciliar-os-estudos-para-pgm-e-camara\/#breadcrumb\"},\"inLanguage\":\"pt-BR\",\"potentialAction\":[{\"@type\":\"ReadAction\",\"target\":[\"https:\/\/www.estrategiaconcursos.com.br\/blog\/editais-em-teresina-como-conciliar-os-estudos-para-pgm-e-camara\/\"]}]},{\"@type\":\"ImageObject\",\"inLanguage\":\"pt-BR\",\"@id\":\"https:\/\/www.estrategiaconcursos.com.br\/blog\/editais-em-teresina-como-conciliar-os-estudos-para-pgm-e-camara\/#primaryimage\",\"url\":\"https:\/\/dhg1h5j42swfq.cloudfront.net\/2020\/07\/03102305\/YTB_CONCURSO-2.jpg\",\"contentUrl\":\"https:\/\/dhg1h5j42swfq.cloudfront.net\/2020\/07\/03102305\/YTB_CONCURSO-2.jpg\",\"width\":1280,\"height\":720,\"caption\":\"Editais em Teresina: como conciliar os estudos para PGM e C\u00e2mara\"},{\"@type\":\"BreadcrumbList\",\"@id\":\"https:\/\/www.estrategiaconcursos.com.br\/blog\/editais-em-teresina-como-conciliar-os-estudos-para-pgm-e-camara\/#breadcrumb\",\"itemListElement\":[{\"@type\":\"ListItem\",\"position\":1,\"name\":\"In\u00edcio\",\"item\":\"https:\/\/www.estrategiaconcursos.com.br\/blog\/\"},{\"@type\":\"ListItem\",\"position\":2,\"name\":\"Editais em Teresina: como conciliar os estudos para PGM e C\u00e2mara\"}]},{\"@type\":\"WebSite\",\"@id\":\"https:\/\/www.estrategiaconcursos.com.br\/blog\/#website\",\"url\":\"https:\/\/www.estrategiaconcursos.com.br\/blog\/\",\"name\":\"Estrat\u00e9gia Concursos\",\"description\":\"O blog da Estrat\u00e9gia Concursos traz not\u00edcias sobre concursos e artigos de professores oferecendo cursos para concursos (pdf + videaulas) no site.\",\"publisher\":{\"@id\":\"https:\/\/www.estrategiaconcursos.com.br\/blog\/#organization\"},\"potentialAction\":[{\"@type\":\"SearchAction\",\"target\":{\"@type\":\"EntryPoint\",\"urlTemplate\":\"https:\/\/www.estrategiaconcursos.com.br\/blog\/?s={search_term_string}\"},\"query-input\":{\"@type\":\"PropertyValueSpecification\",\"valueRequired\":true,\"valueName\":\"search_term_string\"}}],\"inLanguage\":\"pt-BR\"},{\"@type\":\"Organization\",\"@id\":\"https:\/\/www.estrategiaconcursos.com.br\/blog\/#organization\",\"name\":\"Estrat\u00e9gia Concursos\",\"url\":\"https:\/\/www.estrategiaconcursos.com.br\/blog\/\",\"logo\":{\"@type\":\"ImageObject\",\"inLanguage\":\"pt-BR\",\"@id\":\"https:\/\/www.estrategiaconcursos.com.br\/blog\/#\/schema\/logo\/image\/\",\"url\":\"https:\/\/dhg1h5j42swfq.cloudfront.net\/2025\/06\/03203428\/logo_concursos-1.jpg\",\"contentUrl\":\"https:\/\/dhg1h5j42swfq.cloudfront.net\/2025\/06\/03203428\/logo_concursos-1.jpg\",\"width\":230,\"height\":60,\"caption\":\"Estrat\u00e9gia Concursos\"},\"image\":{\"@id\":\"https:\/\/www.estrategiaconcursos.com.br\/blog\/#\/schema\/logo\/image\/\"},\"sameAs\":[\"https:\/\/x.com\/EstratConcursos\"]},{\"@type\":\"Person\",\"@id\":\"https:\/\/www.estrategiaconcursos.com.br\/blog\/#\/schema\/person\/aa39cf5ddb518e5bdce27c35788405e2\",\"name\":\"Ricardo Torques\",\"image\":{\"@type\":\"ImageObject\",\"inLanguage\":\"pt-BR\",\"@id\":\"https:\/\/secure.gravatar.com\/avatar\/ce9ac6c3cff25fe86d15ed568ebc64d1724baf5c0693133bcb1f6073f712f92a?s=96&d=mm&r=g\",\"url\":\"https:\/\/secure.gravatar.com\/avatar\/ce9ac6c3cff25fe86d15ed568ebc64d1724baf5c0693133bcb1f6073f712f92a?s=96&d=mm&r=g\",\"contentUrl\":\"https:\/\/secure.gravatar.com\/avatar\/ce9ac6c3cff25fe86d15ed568ebc64d1724baf5c0693133bcb1f6073f712f92a?s=96&d=mm&r=g\",\"caption\":\"Ricardo Torques\"},\"sameAs\":[\"https:\/\/www.facebook.com\/ricardo.s.torques\"],\"url\":\"https:\/\/www.estrategiaconcursos.com.br\/blog\/author\/ricardotorquesestrategiaconcursos-com-br\/\"}]}<\/script>\n<!-- \/ Yoast SEO Premium plugin. -->","yoast_head_json":{"title":"Editais em Teresina: como conciliar os estudos para PGM e C\u00e2mara","description":"Editais em Teresina: como conciliar os estudos para PGM e C\u00e2mara: aula gratuita te ajuda a planejar seus estudos para os editais abertos em Teresina-PI.","robots":{"index":"index","follow":"follow","max-snippet":"max-snippet:-1","max-image-preview":"max-image-preview:large","max-video-preview":"max-video-preview:-1"},"canonical":"https:\/\/www.estrategiaconcursos.com.br\/blog\/editais-em-teresina-como-conciliar-os-estudos-para-pgm-e-camara\/","og_locale":"pt_BR","og_type":"article","og_title":"Editais em Teresina: como conciliar os estudos para PGM e C\u00e2mara","og_description":"Editais em Teresina: como conciliar os estudos para PGM e C\u00e2mara: aula gratuita te ajuda a planejar seus estudos para os editais abertos em Teresina-PI.","og_url":"https:\/\/www.estrategiaconcursos.com.br\/blog\/editais-em-teresina-como-conciliar-os-estudos-para-pgm-e-camara\/","og_site_name":"Estrat\u00e9gia Concursos","article_author":"https:\/\/www.facebook.com\/ricardo.s.torques","article_published_time":"2020-07-07T19:00:00+00:00","article_modified_time":"2023-08-02T14:53:31+00:00","og_image":[{"width":1280,"height":720,"url":"https:\/\/dhg1h5j42swfq.cloudfront.net\/2020\/07\/03102305\/YTB_CONCURSO-2.jpg","type":"image\/jpeg"}],"author":"Ricardo Torques","twitter_card":"summary_large_image","twitter_creator":"@EstratConcursos","twitter_site":"@EstratConcursos","twitter_misc":{"Escrito por":"Ricardo Torques","Est. tempo de leitura":"2 minutos"},"schema":{"@context":"https:\/\/schema.org","@graph":[{"@type":"NewsArticle","@id":"https:\/\/www.estrategiaconcursos.com.br\/blog\/editais-em-teresina-como-conciliar-os-estudos-para-pgm-e-camara\/#article","isPartOf":{"@id":"https:\/\/www.estrategiaconcursos.com.br\/blog\/editais-em-teresina-como-conciliar-os-estudos-para-pgm-e-camara\/"},"author":{"name":"Ricardo Torques","@id":"https:\/\/www.estrategiaconcursos.com.br\/blog\/#\/schema\/person\/aa39cf5ddb518e5bdce27c35788405e2"},"headline":"Editais em Teresina: como conciliar os estudos para PGM e C\u00e2mara","datePublished":"2020-07-07T19:00:00+00:00","dateModified":"2023-08-02T14:53:31+00:00","mainEntityOfPage":{"@id":"https:\/\/www.estrategiaconcursos.com.br\/blog\/editais-em-teresina-como-conciliar-os-estudos-para-pgm-e-camara\/"},"wordCount":349,"commentCount":0,"publisher":{"@id":"https:\/\/www.estrategiaconcursos.com.br\/blog\/#organization"},"image":{"@id":"https:\/\/www.estrategiaconcursos.com.br\/blog\/editais-em-teresina-como-conciliar-os-estudos-para-pgm-e-camara\/#primaryimage"},"thumbnailUrl":"https:\/\/dhg1h5j42swfq.cloudfront.net\/2020\/07\/03102305\/YTB_CONCURSO-2.jpg","articleSection":["Concursos P\u00fablicos","Jur\u00eddico"],"inLanguage":"pt-BR","potentialAction":[{"@type":"CommentAction","name":"Comment","target":["https:\/\/www.estrategiaconcursos.com.br\/blog\/editais-em-teresina-como-conciliar-os-estudos-para-pgm-e-camara\/#respond"]}],"copyrightYear":"2020","copyrightHolder":{"@id":"https:\/\/www.estrategiaconcursos.com.br\/blog\/#organization"}},{"@type":"WebPage","@id":"https:\/\/www.estrategiaconcursos.com.br\/blog\/editais-em-teresina-como-conciliar-os-estudos-para-pgm-e-camara\/","url":"https:\/\/www.estrategiaconcursos.com.br\/blog\/editais-em-teresina-como-conciliar-os-estudos-para-pgm-e-camara\/","name":"Editais em Teresina: como conciliar os estudos para PGM e C\u00e2mara","isPartOf":{"@id":"https:\/\/www.estrategiaconcursos.com.br\/blog\/#website"},"primaryImageOfPage":{"@id":"https:\/\/www.estrategiaconcursos.com.br\/blog\/editais-em-teresina-como-conciliar-os-estudos-para-pgm-e-camara\/#primaryimage"},"image":{"@id":"https:\/\/www.estrategiaconcursos.com.br\/blog\/editais-em-teresina-como-conciliar-os-estudos-para-pgm-e-camara\/#primaryimage"},"thumbnailUrl":"https:\/\/dhg1h5j42swfq.cloudfront.net\/2020\/07\/03102305\/YTB_CONCURSO-2.jpg","datePublished":"2020-07-07T19:00:00+00:00","dateModified":"2023-08-02T14:53:31+00:00","description":"Editais em Teresina: como conciliar os estudos para PGM e C\u00e2mara: aula gratuita te ajuda a planejar seus estudos para os editais abertos em Teresina-PI.","breadcrumb":{"@id":"https:\/\/www.estrategiaconcursos.com.br\/blog\/editais-em-teresina-como-conciliar-os-estudos-para-pgm-e-camara\/#breadcrumb"},"inLanguage":"pt-BR","potentialAction":[{"@type":"ReadAction","target":["https:\/\/www.estrategiaconcursos.com.br\/blog\/editais-em-teresina-como-conciliar-os-estudos-para-pgm-e-camara\/"]}]},{"@type":"ImageObject","inLanguage":"pt-BR","@id":"https:\/\/www.estrategiaconcursos.com.br\/blog\/editais-em-teresina-como-conciliar-os-estudos-para-pgm-e-camara\/#primaryimage","url":"https:\/\/dhg1h5j42swfq.cloudfront.net\/2020\/07\/03102305\/YTB_CONCURSO-2.jpg","contentUrl":"https:\/\/dhg1h5j42swfq.cloudfront.net\/2020\/07\/03102305\/YTB_CONCURSO-2.jpg","width":1280,"height":720,"caption":"Editais em Teresina: como conciliar os estudos para PGM e C\u00e2mara"},{"@type":"BreadcrumbList","@id":"https:\/\/www.estrategiaconcursos.com.br\/blog\/editais-em-teresina-como-conciliar-os-estudos-para-pgm-e-camara\/#breadcrumb","itemListElement":[{"@type":"ListItem","position":1,"name":"In\u00edcio","item":"https:\/\/www.estrategiaconcursos.com.br\/blog\/"},{"@type":"ListItem","position":2,"name":"Editais em Teresina: como conciliar os estudos para PGM e C\u00e2mara"}]},{"@type":"WebSite","@id":"https:\/\/www.estrategiaconcursos.com.br\/blog\/#website","url":"https:\/\/www.estrategiaconcursos.com.br\/blog\/","name":"Estrat\u00e9gia Concursos","description":"O blog da Estrat\u00e9gia Concursos traz not\u00edcias sobre concursos e artigos de professores oferecendo cursos para concursos (pdf + videaulas) no site.","publisher":{"@id":"https:\/\/www.estrategiaconcursos.com.br\/blog\/#organization"},"potentialAction":[{"@type":"SearchAction","target":{"@type":"EntryPoint","urlTemplate":"https:\/\/www.estrategiaconcursos.com.br\/blog\/?s={search_term_string}"},"query-input":{"@type":"PropertyValueSpecification","valueRequired":true,"valueName":"search_term_string"}}],"inLanguage":"pt-BR"},{"@type":"Organization","@id":"https:\/\/www.estrategiaconcursos.com.br\/blog\/#organization","name":"Estrat\u00e9gia Concursos","url":"https:\/\/www.estrategiaconcursos.com.br\/blog\/","logo":{"@type":"ImageObject","inLanguage":"pt-BR","@id":"https:\/\/www.estrategiaconcursos.com.br\/blog\/#\/schema\/logo\/image\/","url":"https:\/\/dhg1h5j42swfq.cloudfront.net\/2025\/06\/03203428\/logo_concursos-1.jpg","contentUrl":"https:\/\/dhg1h5j42swfq.cloudfront.net\/2025\/06\/03203428\/logo_concursos-1.jpg","width":230,"height":60,"caption":"Estrat\u00e9gia Concursos"},"image":{"@id":"https:\/\/www.estrategiaconcursos.com.br\/blog\/#\/schema\/logo\/image\/"},"sameAs":["https:\/\/x.com\/EstratConcursos"]},{"@type":"Person","@id":"https:\/\/www.estrategiaconcursos.com.br\/blog\/#\/schema\/person\/aa39cf5ddb518e5bdce27c35788405e2","name":"Ricardo Torques","image":{"@type":"ImageObject","inLanguage":"pt-BR","@id":"https:\/\/secure.gravatar.com\/avatar\/ce9ac6c3cff25fe86d15ed568ebc64d1724baf5c0693133bcb1f6073f712f92a?s=96&d=mm&r=g","url":"https:\/\/secure.gravatar.com\/avatar\/ce9ac6c3cff25fe86d15ed568ebc64d1724baf5c0693133bcb1f6073f712f92a?s=96&d=mm&r=g","contentUrl":"https:\/\/secure.gravatar.com\/avatar\/ce9ac6c3cff25fe86d15ed568ebc64d1724baf5c0693133bcb1f6073f712f92a?s=96&d=mm&r=g","caption":"Ricardo Torques"},"sameAs":["https:\/\/www.facebook.com\/ricardo.s.torques"],"url":"https:\/\/www.estrategiaconcursos.com.br\/blog\/author\/ricardotorquesestrategiaconcursos-com-br\/"}]}},"_links":{"self":[{"href":"https:\/\/www.estrategiaconcursos.com.br\/blog\/wp-json\/wp\/v2\/posts\/537360","targetHints":{"allow":["GET"]}}],"collection":[{"href":"https:\/\/www.estrategiaconcursos.com.br\/blog\/wp-json\/wp\/v2\/posts"}],"about":[{"href":"https:\/\/www.estrategiaconcursos.com.br\/blog\/wp-json\/wp\/v2\/types\/post"}],"author":[{"embeddable":true,"href":"https:\/\/www.estrategiaconcursos.com.br\/blog\/wp-json\/wp\/v2\/users\/180"}],"replies":[{"embeddable":true,"href":"https:\/\/www.estrategiaconcursos.com.br\/blog\/wp-json\/wp\/v2\/comments?post=537360"}],"version-history":[{"count":6,"href":"https:\/\/www.estrategiaconcursos.com.br\/blog\/wp-json\/wp\/v2\/posts\/537360\/revisions"}],"predecessor-version":[{"id":1259051,"href":"https:\/\/www.estrategiaconcursos.com.br\/blog\/wp-json\/wp\/v2\/posts\/537360\/revisions\/1259051"}],"wp:featuredmedia":[{"embeddable":true,"href":"https:\/\/www.estrategiaconcursos.com.br\/blog\/wp-json\/wp\/v2\/media\/537369"}],"wp:attachment":[{"href":"https:\/\/www.estrategiaconcursos.com.br\/blog\/wp-json\/wp\/v2\/media?parent=537360"}],"wp:term":[{"taxonomy":"category","embeddable":true,"href":"https:\/\/www.estrategiaconcursos.com.br\/blog\/wp-json\/wp\/v2\/categories?post=537360"},{"taxonomy":"post_tag","embeddable":true,"href":"https:\/\/www.estrategiaconcursos.com.br\/blog\/wp-json\/wp\/v2\/tags?post=537360"},{"taxonomy":"tax_estado","embeddable":true,"href":"https:\/\/www.estrategiaconcursos.com.br\/blog\/wp-json\/wp\/v2\/tax_estado?post=537360"}],"curies":[{"name":"wp","href":"https:\/\/api.w.org\/{rel}","templated":true}]}}