{"id":537349,"date":"2020-07-16T08:20:00","date_gmt":"2020-07-16T11:20:00","guid":{"rendered":"https:\/\/www.estrategiaconcursos.com.br\/blog\/?p=537349"},"modified":"2020-07-16T08:31:45","modified_gmt":"2020-07-16T11:31:45","slug":"processo-seletivo-ief-mg","status":"publish","type":"post","link":"https:\/\/www.estrategiaconcursos.com.br\/blog\/processo-seletivo-ief-mg\/","title":{"rendered":"Processo Seletivo IEF MG: inscri\u00e7\u00f5es ENCERRADAS com 265 vagas"},"content":{"rendered":"\n<h2 class=\"wp-block-heading\"><em>Inscritos ter\u00e3o documentos analisados <\/em><\/h2>\n\n\n\n<p>Est\u00e3o encerradas as inscri\u00e7\u00f5es do Processo Seletivo IEF MG (Instituto Estadual de Florestas de Minas Gerais), para contrata\u00e7\u00e3o tempor\u00e1ria de Brigadistas para execu\u00e7\u00e3o de a\u00e7\u00f5es de preven\u00e7\u00e3o e combate a inc\u00eandios florestais.<\/p>\n\n\n\n<p>Ao todo, s\u00e3o ofertadas <strong>265 vagas <\/strong>para o desempenho de atividades presenciais de Preven\u00e7\u00e3o, Monitoramento e Combate aos Inc\u00eandios Florestais, pelo per\u00edodo de 100 dias.<\/p>\n\n\n\n<p>Os interessados em participar da sele\u00e7\u00e3o tiveram que realizar as inscri\u00e7\u00f5es no per\u00edodo de<strong> 09 de julho a 15 de julho de 2020<\/strong>, no site da pr\u00f3pria IEF MG. N\u00e3o foi cobrado nenhum valor a t\u00edtulo de taxa de inscri\u00e7\u00e3o.<\/p>\n\n\n\n<p>Agora, os candidatos inscritos no processo seletivo IEF MG ter\u00e3o seus documentos analisados. Ser\u00e3o levados em considera\u00e7\u00e3o diversas exig\u00eancias pontuadas conforme edital de publica\u00e7\u00e3o. Confira mais detalhes no decorrer deste artigo!<\/p>\n\n\n\n<h2 class=\"wp-block-heading\" id=\"datas\">Principais datas<\/h2>\n\n\n\n<p class=\"has-background has-very-light-gray-background-color\"><strong>Inscri\u00e7\u00f5es<\/strong>: <s>09\/07 a 15\/07\/2020<\/s><br \/><strong>Resultado final<\/strong>: 22\/07 e 24\/07\/2020<\/p>\n\n\n\n<h2 class=\"wp-block-heading\">Cargo e remunera\u00e7\u00e3o <\/h2>\n\n\n\n<p>Ao todo, o Processo Seletivo IEF MG oferta 265 vagas tempor\u00e1rias para o cargo de Brigadista de Preven\u00e7\u00e3o e Combate a Inc\u00eandios Florestais com jornadas de trabalho de 40 horas semanais. <\/p>\n\n\n\n<p>J\u00e1 a remunera\u00e7\u00e3o para o cargo \u00e9 de R$ 1.045,00, acrescido de valor, a t\u00edtulo de Periculosidade, no valor de R$ 313,50 , aux\u00edlio refei\u00e7\u00e3o e aux\u00edlio- transporte (quando couber).<\/p>\n\n\n\n<p>Os brigadistas ser\u00e3o lotados em diversas cidades como Bonito de Minas, Chapada Ga\u00facha, Janu\u00e1rio, Prados, Sete Lagoas, entre outras.<\/p>\n\n\n\n<h2 class=\"wp-block-heading\" id=\"cargos-vagas\">Sele\u00e7\u00e3o dos candidatos do Processo Seletivo IEF MG<\/h2>\n\n\n\n<p>A sele\u00e7\u00e3o dos candidatos do Processo Seletivo IEF MG compreender\u00e1 as seguintes etapas:<\/p>\n\n\n\n<h3 class=\"wp-block-heading\"><strong>1\u00aa Etapa \u2013 Inscri\u00e7\u00e3o<\/strong>: <\/h3>\n\n\n\n<p>Os interessados dever\u00e3o fazer sua inscri\u00e7\u00e3o conforme mencionado no in\u00edcio desta mat\u00e9ria. Sendo assim, todas as informa\u00e7\u00f5es apresentadas no momento da inscri\u00e7\u00e3o dever\u00e3o ser comprovadas<\/p>\n\n\n\n<h3 class=\"wp-block-heading\"><strong>2\u00aa Etapa \u2013 Sele\u00e7\u00e3o Classificat\u00f3ria<\/strong>: <\/h3>\n\n\n\n<p>Ser\u00e1 realizada a partir da an\u00e1lise da documenta\u00e7\u00e3o apresentada no momento da inscri\u00e7\u00e3o. Ser\u00e3o considerados, para fins de classifica\u00e7\u00e3o na segunda etapa, os crit\u00e9rios listados conforme abaixo:<\/p>\n\n\n\n<ul class=\"wp-block-list\"><li>Data de emiss\u00e3o do Certificado\/Declara\u00e7\u00e3o de participa\u00e7\u00e3o em Curso de Brigadista de Preven\u00e7\u00e3o e Combate \u00e0 Inc\u00eandios Florestais PREVINC\u00caNDIO\/SISEMA, IBAMA, ICMBio ou Corpo de Bombeiros<br \/>Militar de MG Classifica\u00e7\u00e3o pela data de emiss\u00e3o do Certificado mais recente, a partir de 2012;<\/li><li>Experi\u00eancia Profissional nas brigadas contratadas pelo Previnc\u00eandio\/SISEMA, entre 2012 e 2017 Classifica\u00e7\u00e3o por comprova\u00e7\u00e3o de contrato tempor\u00e1rio firmado;<\/li><li>Declara\u00e7\u00e3o de Experi\u00eancia em Opera\u00e7\u00f5es de Combate a Inc\u00eandios Florestais nas unidades do IEF e em outros \u00f3rg\u00e3os\/institui\u00e7\u00f5es, em todo o territ\u00f3rio nacional, entre 2012 e 2020 Classifica\u00e7\u00e3o pela apresenta\u00e7\u00e3o de uma declara\u00e7\u00e3o de experi\u00eancia;<\/li><li>Carteira Nacional de Habilita\u00e7\u00e3o Classifica\u00e7\u00e3o pela apresenta\u00e7\u00e3o de CNH na categoria m\u00ednima B;<\/li><li>Data de Nascimento Classifica\u00e7\u00e3o conforme maior idade, com idade m\u00e1xima de 59 anos.<\/li><\/ul>\n\n\n\n<h3 class=\"wp-block-heading\"><strong>3\u00aa etapa <\/strong><strong>\u2013<\/strong> Apresenta\u00e7\u00e3o de outros documentos:<\/h3>\n\n\n\n<p>Os candidatos selecionados dever\u00e3o apresentar, ainda, original e c\u00f3pia dos seguintes documentos:<\/p>\n\n\n\n<ul class=\"wp-block-list\"><li>Cadastro de Pessoa F\u00edsica (CPF). Na falta deste, ser\u00e1 aceita a Declara\u00e7\u00e3o de Imposto de Renda Pessoa F\u00edsica ou outro documento que possua a numera\u00e7\u00e3o, como carteira de identidade ou carteira nacional de habilita\u00e7\u00e3o;<\/li><li>T\u00edtulo de Eleitor e comprovante de vota\u00e7\u00e3o na \u00faltima elei\u00e7\u00e3o ou quita\u00e7\u00e3o eleitoral;<\/li><li>Certificado de Alistamento Militar ou Certificado de Dispensa de Incorpora\u00e7\u00e3o, se homem. Na falta destes, ser\u00e1 aceita a Declara\u00e7\u00e3o da Junta de Alistamento do Munic\u00edpio comprovando a situa\u00e7\u00e3o regular;<\/li><li>Comprovante de resid\u00eancia recente at\u00e9 90 dias de sua emiss\u00e3o (conta de \u00e1gua, luz ou telefone);<\/li><li>N\u00famero de registro no PIS\/PASEP (caso possua);<\/li><li>Certid\u00e3o de Nascimento ou de Casamento;<\/li><li>Comprovante de escolaridade m\u00ednima de n\u00edvel fundamental incompleto;<\/li><li>Certid\u00e3o negativa de antecedentes criminais, fornecida pelos Cart\u00f3rios Judiciais Federal, Estadual ou Distrital do domic\u00edlio do candidato;<\/li><li>Tipo Sangu\u00edneo e Fator RH.<\/li><\/ul>\n\n\n\n<hr class=\"wp-block-separator\"\/>\n\n\n\n<h2 class=\"has-text-align-center wp-block-heading\" id=\"cursos-assinatura\">Quer estudar para o Processo Seletivo IEF MG?<\/h2>\n\n\n\n<p class=\"has-text-align-center\"><em>Gostou desta oportunidade e deseja come\u00e7ar se preparar para o Processo Seletivo IEF MG? Ent\u00e3o, confira os nossos cursos e comece a estudar:<\/em><\/p>\n\n\n\n<p style=\"font-size:22px\" class=\"has-background has-text-align-center has-luminous-vivid-amber-background-color\"><strong><a rel=\"noreferrer noopener\" href=\"https:\/\/www.estrategiaconcursos.com.br\/cursos\/concurso\/\" target=\"_blank\">Curso para concurso<\/a><\/strong><\/p>\n\n\n\n<p class=\"has-text-align-center has-medium-font-size\"><em><strong>Assinatura Anual Ilimitada*<\/strong><\/em><\/p>\n\n\n\n<p class=\"has-text-align-center\"><em>Prepare-se com o melhor material e com quem mais aprova em Concursos P\u00fablicos em todo o pa\u00eds. Assine agora a nossa Assinatura Anual e tenha acesso ilimitado* a todos os nossos cursos.<\/em><\/p>\n\n\n\n<p style=\"font-size:22px\" class=\"has-background has-text-align-center has-light-green-cyan-background-color\"><strong>ASSINE AGORA<\/strong>&nbsp;\u2013&nbsp;<strong><a rel=\"noreferrer noopener\" href=\"https:\/\/www.estrategiaconcursos.com.br\/assinaturas\" target=\"_blank\">Assinatura Ilimitada<\/a><\/strong><\/p>\n\n\n\n<p class=\"has-text-align-center has-medium-font-size\"><strong><em><strong>Sistema de Quest\u00f5es<\/strong><\/em><\/strong><\/p>\n\n\n\n<p class=\"has-text-align-center\"><em>Estrat\u00e9gia Quest\u00f5es nasceu maior do que todos os concorrentes, com mais quest\u00f5es cadastradas e mais solu\u00e7\u00f5es por professores. Ent\u00e3o, confira e aproveite os descontos e b\u00f4nus imperd\u00edveis!<\/em><\/p>\n\n\n\n<p style=\"font-size:22px\" class=\"has-background has-text-align-center has-vivid-green-cyan-background-color\"><strong>ASSINE AGORA \u2013&nbsp;<a rel=\"noreferrer noopener\" href=\"https:\/\/www.estrategiaconcursos.com.br\/cursosPorConcurso\/sistema-de-questoes\/#\/\" target=\"_blank\">Sistema de Quest\u00f5es<\/a><\/strong><\/p>\n\n\n\n<p class=\"has-text-align-center has-normal-font-size\"><strong><em>Fique por dentro dos concursos em aberto<\/em><\/strong><\/p>\n\n\n\n<p style=\"font-size:22px\" class=\"has-background has-text-align-center has-pale-cyan-blue-background-color\"><a rel=\"noreferrer noopener\" href=\"https:\/\/www.estrategiaconcursos.com.br\/blog\/concursos-abertos\/\" target=\"_blank\"><strong>CONCURSOS ABERTOS<\/strong><\/a><\/p>\n\n\n\n<p class=\"has-text-align-center\"><strong><em>Confira as oportunidades em 2020<\/em><\/strong><\/p>\n\n\n\n<p style=\"font-size:22px\" class=\"has-background has-text-align-center has-pale-cyan-blue-background-color\"><a rel=\"noreferrer noopener\" href=\"https:\/\/www.estrategiaconcursos.com.br\/blog\/concursos-2020\/\" target=\"_blank\"><strong>CONCURSOS&nbsp;2020<\/strong><\/a><\/p>\n\n\n\n<p class=\"has-text-align-center\"><strong><em>As previs\u00f5es para 2021<\/em><\/strong><\/p>\n\n\n\n<p style=\"font-size:22px\" class=\"has-background has-text-align-center has-pale-cyan-blue-background-color\"><a rel=\"noreferrer noopener\" href=\"https:\/\/www.estrategiaconcursos.com.br\/blog\/concursos-2021\/\" target=\"_blank\"><strong>CONCURSOS 2021<\/strong><\/a><\/p>\n\n\n\n<figure class=\"wp-block-image\"><img loading=\"lazy\" decoding=\"async\" width=\"300\" height=\"102\" src=\"https:\/\/dhg1h5j42swfq.cloudfront.net\/2017\/03\/28152500\/coruja-ficha-tecnica-300x102.png\" alt=\"\" class=\"wp-image-68542\"\/><\/figure>\n\n\n\n<h3 class=\"wp-block-heading\" id=\"ficha\"><strong>Informa\u00e7\u00f5es sobre o Processo Seletivo IEF MG<\/strong><\/h3>\n\n\n\n<ul class=\"wp-block-list\"><li><strong>Inscri\u00e7\u00f5es<\/strong>: 09\/07 a 15\/07\/2020<\/li><li><strong>Vagas<\/strong>: 265<\/li><li><strong>Cargos<\/strong>: Brigadista de Preven\u00e7\u00e3o e Combate a Inc\u00eandios Florestais<\/li><li><strong>Edital<\/strong>:&nbsp;<strong><a href=\"https:\/\/dhg1h5j42swfq.cloudfront.net\/2020\/07\/03105734\/PSS_IEF_MG.pdf\" target=\"_blank\" rel=\"noreferrer noopener\">PSS IEF MG<\/a><\/strong><\/li><\/ul>\n\n\n\n<p><em>Ascom Estrat\u00e9gia<\/em><br \/>ascomestrategia@gmail.com<\/p>\n","protected":false},"excerpt":{"rendered":"<p>Inscritos ter\u00e3o documentos analisados Est\u00e3o encerradas as inscri\u00e7\u00f5es do Processo Seletivo IEF MG (Instituto Estadual de Florestas de Minas Gerais), para contrata\u00e7\u00e3o tempor\u00e1ria de Brigadistas para execu\u00e7\u00e3o de a\u00e7\u00f5es de preven\u00e7\u00e3o e combate a inc\u00eandios florestais. Ao todo, s\u00e3o ofertadas 265 vagas para o desempenho de atividades presenciais de Preven\u00e7\u00e3o, Monitoramento e Combate aos Inc\u00eandios [&hellip;]<\/p>\n","protected":false},"author":741,"featured_media":537401,"comment_status":"open","ping_status":"closed","sticky":false,"template":"","format":"standard","meta":{"post_tipo":"article","footnotes":""},"categories":[1],"tags":[],"tax_estado":[],"class_list":["post-537349","post","type-post","status-publish","format-standard","has-post-thumbnail","hentry","category-cursos-e-concursos"],"acf":[],"yoast_head":"<!-- This site is optimized with the Yoast SEO Premium plugin v27.2 (Yoast SEO v27.2) - https:\/\/yoast.com\/product\/yoast-seo-premium-wordpress\/ -->\n<title>Processo Seletivo IEF MG: inscri\u00e7\u00f5es ENCERRADAS com 265 vagas<\/title>\n<meta name=\"description\" content=\"Processo Seletivo IEF MG: inscri\u00e7\u00f5es ENCERRADAS com 265 vagas tempor\u00e1rias para o cargo de Brigadista de Preven\u00e7\u00e3o e Combate a Inc\u00eandios Florestais.\" \/>\n<meta name=\"robots\" content=\"index, follow, max-snippet:-1, max-image-preview:large, max-video-preview:-1\" \/>\n<link rel=\"canonical\" href=\"https:\/\/www.estrategiaconcursos.com.br\/blog\/processo-seletivo-ief-mg\/\" \/>\n<meta property=\"og:locale\" content=\"pt_BR\" \/>\n<meta property=\"og:type\" content=\"article\" \/>\n<meta property=\"og:title\" content=\"Processo Seletivo IEF MG: inscri\u00e7\u00f5es ENCERRADAS com 265 vagas\" \/>\n<meta property=\"og:description\" content=\"Processo Seletivo IEF MG: inscri\u00e7\u00f5es ENCERRADAS com 265 vagas tempor\u00e1rias para o cargo de Brigadista de Preven\u00e7\u00e3o e Combate a Inc\u00eandios Florestais.\" \/>\n<meta property=\"og:url\" content=\"https:\/\/www.estrategiaconcursos.com.br\/blog\/processo-seletivo-ief-mg\/\" \/>\n<meta property=\"og:site_name\" content=\"Estrat\u00e9gia Concursos\" \/>\n<meta property=\"article:published_time\" content=\"2020-07-16T11:20:00+00:00\" \/>\n<meta property=\"article:modified_time\" content=\"2020-07-16T11:31:45+00:00\" \/>\n<meta property=\"og:image\" content=\"https:\/\/dhg1h5j42swfq.cloudfront.net\/2020\/07\/03110011\/IEF.jpg\" \/>\n\t<meta property=\"og:image:width\" content=\"583\" \/>\n\t<meta property=\"og:image:height\" content=\"255\" \/>\n\t<meta property=\"og:image:type\" content=\"image\/jpeg\" \/>\n<meta name=\"author\" content=\"Brunno Lima\" \/>\n<meta name=\"twitter:card\" content=\"summary_large_image\" \/>\n<meta name=\"twitter:creator\" content=\"@EstratConcursos\" \/>\n<meta name=\"twitter:site\" content=\"@EstratConcursos\" \/>\n<meta name=\"twitter:label1\" content=\"Escrito por\" \/>\n\t<meta name=\"twitter:data1\" content=\"Brunno Lima\" \/>\n\t<meta name=\"twitter:label2\" content=\"Est. tempo de leitura\" \/>\n\t<meta name=\"twitter:data2\" content=\"4 minutos\" \/>\n<script type=\"application\/ld+json\" class=\"yoast-schema-graph\">{\"@context\":\"https:\/\/schema.org\",\"@graph\":[{\"@type\":\"NewsArticle\",\"@id\":\"https:\/\/www.estrategiaconcursos.com.br\/blog\/processo-seletivo-ief-mg\/#article\",\"isPartOf\":{\"@id\":\"https:\/\/www.estrategiaconcursos.com.br\/blog\/processo-seletivo-ief-mg\/\"},\"author\":{\"name\":\"Brunno Lima\",\"@id\":\"https:\/\/www.estrategiaconcursos.com.br\/blog\/#\/schema\/person\/2865ec132c3404c9912015dd7a24eb1e\"},\"headline\":\"Processo Seletivo IEF MG: inscri\u00e7\u00f5es ENCERRADAS com 265 vagas\",\"datePublished\":\"2020-07-16T11:20:00+00:00\",\"dateModified\":\"2020-07-16T11:31:45+00:00\",\"mainEntityOfPage\":{\"@id\":\"https:\/\/www.estrategiaconcursos.com.br\/blog\/processo-seletivo-ief-mg\/\"},\"wordCount\":856,\"commentCount\":1,\"publisher\":{\"@id\":\"https:\/\/www.estrategiaconcursos.com.br\/blog\/#organization\"},\"image\":{\"@id\":\"https:\/\/www.estrategiaconcursos.com.br\/blog\/processo-seletivo-ief-mg\/#primaryimage\"},\"thumbnailUrl\":\"https:\/\/dhg1h5j42swfq.cloudfront.net\/2020\/07\/03110011\/IEF.jpg\",\"articleSection\":[\"Concursos P\u00fablicos\"],\"inLanguage\":\"pt-BR\",\"potentialAction\":[{\"@type\":\"CommentAction\",\"name\":\"Comment\",\"target\":[\"https:\/\/www.estrategiaconcursos.com.br\/blog\/processo-seletivo-ief-mg\/#respond\"]}],\"copyrightYear\":\"2020\",\"copyrightHolder\":{\"@id\":\"https:\/\/www.estrategiaconcursos.com.br\/blog\/#organization\"}},{\"@type\":\"WebPage\",\"@id\":\"https:\/\/www.estrategiaconcursos.com.br\/blog\/processo-seletivo-ief-mg\/\",\"url\":\"https:\/\/www.estrategiaconcursos.com.br\/blog\/processo-seletivo-ief-mg\/\",\"name\":\"Processo Seletivo IEF MG: inscri\u00e7\u00f5es ENCERRADAS com 265 vagas\",\"isPartOf\":{\"@id\":\"https:\/\/www.estrategiaconcursos.com.br\/blog\/#website\"},\"primaryImageOfPage\":{\"@id\":\"https:\/\/www.estrategiaconcursos.com.br\/blog\/processo-seletivo-ief-mg\/#primaryimage\"},\"image\":{\"@id\":\"https:\/\/www.estrategiaconcursos.com.br\/blog\/processo-seletivo-ief-mg\/#primaryimage\"},\"thumbnailUrl\":\"https:\/\/dhg1h5j42swfq.cloudfront.net\/2020\/07\/03110011\/IEF.jpg\",\"datePublished\":\"2020-07-16T11:20:00+00:00\",\"dateModified\":\"2020-07-16T11:31:45+00:00\",\"description\":\"Processo Seletivo IEF MG: inscri\u00e7\u00f5es ENCERRADAS com 265 vagas tempor\u00e1rias para o cargo de Brigadista de Preven\u00e7\u00e3o e Combate a Inc\u00eandios Florestais.\",\"breadcrumb\":{\"@id\":\"https:\/\/www.estrategiaconcursos.com.br\/blog\/processo-seletivo-ief-mg\/#breadcrumb\"},\"inLanguage\":\"pt-BR\",\"potentialAction\":[{\"@type\":\"ReadAction\",\"target\":[\"https:\/\/www.estrategiaconcursos.com.br\/blog\/processo-seletivo-ief-mg\/\"]}]},{\"@type\":\"ImageObject\",\"inLanguage\":\"pt-BR\",\"@id\":\"https:\/\/www.estrategiaconcursos.com.br\/blog\/processo-seletivo-ief-mg\/#primaryimage\",\"url\":\"https:\/\/dhg1h5j42swfq.cloudfront.net\/2020\/07\/03110011\/IEF.jpg\",\"contentUrl\":\"https:\/\/dhg1h5j42swfq.cloudfront.net\/2020\/07\/03110011\/IEF.jpg\",\"width\":583,\"height\":255,\"caption\":\"Processo Seletivo IEF MG\"},{\"@type\":\"BreadcrumbList\",\"@id\":\"https:\/\/www.estrategiaconcursos.com.br\/blog\/processo-seletivo-ief-mg\/#breadcrumb\",\"itemListElement\":[{\"@type\":\"ListItem\",\"position\":1,\"name\":\"In\u00edcio\",\"item\":\"https:\/\/www.estrategiaconcursos.com.br\/blog\/\"},{\"@type\":\"ListItem\",\"position\":2,\"name\":\"Processo Seletivo IEF MG: inscri\u00e7\u00f5es ENCERRADAS com 265 vagas\"}]},{\"@type\":\"WebSite\",\"@id\":\"https:\/\/www.estrategiaconcursos.com.br\/blog\/#website\",\"url\":\"https:\/\/www.estrategiaconcursos.com.br\/blog\/\",\"name\":\"Estrat\u00e9gia Concursos\",\"description\":\"O blog da Estrat\u00e9gia Concursos traz not\u00edcias sobre concursos e artigos de professores oferecendo cursos para concursos (pdf + videaulas) no site.\",\"publisher\":{\"@id\":\"https:\/\/www.estrategiaconcursos.com.br\/blog\/#organization\"},\"potentialAction\":[{\"@type\":\"SearchAction\",\"target\":{\"@type\":\"EntryPoint\",\"urlTemplate\":\"https:\/\/www.estrategiaconcursos.com.br\/blog\/?s={search_term_string}\"},\"query-input\":{\"@type\":\"PropertyValueSpecification\",\"valueRequired\":true,\"valueName\":\"search_term_string\"}}],\"inLanguage\":\"pt-BR\"},{\"@type\":\"Organization\",\"@id\":\"https:\/\/www.estrategiaconcursos.com.br\/blog\/#organization\",\"name\":\"Estrat\u00e9gia Concursos\",\"url\":\"https:\/\/www.estrategiaconcursos.com.br\/blog\/\",\"logo\":{\"@type\":\"ImageObject\",\"inLanguage\":\"pt-BR\",\"@id\":\"https:\/\/www.estrategiaconcursos.com.br\/blog\/#\/schema\/logo\/image\/\",\"url\":\"https:\/\/dhg1h5j42swfq.cloudfront.net\/2025\/06\/03203428\/logo_concursos-1.jpg\",\"contentUrl\":\"https:\/\/dhg1h5j42swfq.cloudfront.net\/2025\/06\/03203428\/logo_concursos-1.jpg\",\"width\":230,\"height\":60,\"caption\":\"Estrat\u00e9gia Concursos\"},\"image\":{\"@id\":\"https:\/\/www.estrategiaconcursos.com.br\/blog\/#\/schema\/logo\/image\/\"},\"sameAs\":[\"https:\/\/x.com\/EstratConcursos\"]},{\"@type\":\"Person\",\"@id\":\"https:\/\/www.estrategiaconcursos.com.br\/blog\/#\/schema\/person\/2865ec132c3404c9912015dd7a24eb1e\",\"name\":\"Brunno Lima\",\"image\":{\"@type\":\"ImageObject\",\"inLanguage\":\"pt-BR\",\"@id\":\"https:\/\/secure.gravatar.com\/avatar\/d40b472e5e2856222d4a4a1c3ee2189ed7d7a9f67dc3343b880cc1889a7bd6af?s=96&d=mm&r=g\",\"url\":\"https:\/\/secure.gravatar.com\/avatar\/d40b472e5e2856222d4a4a1c3ee2189ed7d7a9f67dc3343b880cc1889a7bd6af?s=96&d=mm&r=g\",\"contentUrl\":\"https:\/\/secure.gravatar.com\/avatar\/d40b472e5e2856222d4a4a1c3ee2189ed7d7a9f67dc3343b880cc1889a7bd6af?s=96&d=mm&r=g\",\"caption\":\"Brunno Lima\"},\"url\":\"https:\/\/www.estrategiaconcursos.com.br\/blog\/author\/brunnoestrategiaconcursos-com-br\/\"}]}<\/script>\n<!-- \/ Yoast SEO Premium plugin. -->","yoast_head_json":{"title":"Processo Seletivo IEF MG: inscri\u00e7\u00f5es ENCERRADAS com 265 vagas","description":"Processo Seletivo IEF MG: inscri\u00e7\u00f5es ENCERRADAS com 265 vagas tempor\u00e1rias para o cargo de Brigadista de Preven\u00e7\u00e3o e Combate a Inc\u00eandios Florestais.","robots":{"index":"index","follow":"follow","max-snippet":"max-snippet:-1","max-image-preview":"max-image-preview:large","max-video-preview":"max-video-preview:-1"},"canonical":"https:\/\/www.estrategiaconcursos.com.br\/blog\/processo-seletivo-ief-mg\/","og_locale":"pt_BR","og_type":"article","og_title":"Processo Seletivo IEF MG: inscri\u00e7\u00f5es ENCERRADAS com 265 vagas","og_description":"Processo Seletivo IEF MG: inscri\u00e7\u00f5es ENCERRADAS com 265 vagas tempor\u00e1rias para o cargo de Brigadista de Preven\u00e7\u00e3o e Combate a Inc\u00eandios Florestais.","og_url":"https:\/\/www.estrategiaconcursos.com.br\/blog\/processo-seletivo-ief-mg\/","og_site_name":"Estrat\u00e9gia Concursos","article_published_time":"2020-07-16T11:20:00+00:00","article_modified_time":"2020-07-16T11:31:45+00:00","og_image":[{"width":583,"height":255,"url":"https:\/\/dhg1h5j42swfq.cloudfront.net\/2020\/07\/03110011\/IEF.jpg","type":"image\/jpeg"}],"author":"Brunno Lima","twitter_card":"summary_large_image","twitter_creator":"@EstratConcursos","twitter_site":"@EstratConcursos","twitter_misc":{"Escrito por":"Brunno Lima","Est. tempo de leitura":"4 minutos"},"schema":{"@context":"https:\/\/schema.org","@graph":[{"@type":"NewsArticle","@id":"https:\/\/www.estrategiaconcursos.com.br\/blog\/processo-seletivo-ief-mg\/#article","isPartOf":{"@id":"https:\/\/www.estrategiaconcursos.com.br\/blog\/processo-seletivo-ief-mg\/"},"author":{"name":"Brunno Lima","@id":"https:\/\/www.estrategiaconcursos.com.br\/blog\/#\/schema\/person\/2865ec132c3404c9912015dd7a24eb1e"},"headline":"Processo Seletivo IEF MG: inscri\u00e7\u00f5es ENCERRADAS com 265 vagas","datePublished":"2020-07-16T11:20:00+00:00","dateModified":"2020-07-16T11:31:45+00:00","mainEntityOfPage":{"@id":"https:\/\/www.estrategiaconcursos.com.br\/blog\/processo-seletivo-ief-mg\/"},"wordCount":856,"commentCount":1,"publisher":{"@id":"https:\/\/www.estrategiaconcursos.com.br\/blog\/#organization"},"image":{"@id":"https:\/\/www.estrategiaconcursos.com.br\/blog\/processo-seletivo-ief-mg\/#primaryimage"},"thumbnailUrl":"https:\/\/dhg1h5j42swfq.cloudfront.net\/2020\/07\/03110011\/IEF.jpg","articleSection":["Concursos P\u00fablicos"],"inLanguage":"pt-BR","potentialAction":[{"@type":"CommentAction","name":"Comment","target":["https:\/\/www.estrategiaconcursos.com.br\/blog\/processo-seletivo-ief-mg\/#respond"]}],"copyrightYear":"2020","copyrightHolder":{"@id":"https:\/\/www.estrategiaconcursos.com.br\/blog\/#organization"}},{"@type":"WebPage","@id":"https:\/\/www.estrategiaconcursos.com.br\/blog\/processo-seletivo-ief-mg\/","url":"https:\/\/www.estrategiaconcursos.com.br\/blog\/processo-seletivo-ief-mg\/","name":"Processo Seletivo IEF MG: inscri\u00e7\u00f5es ENCERRADAS com 265 vagas","isPartOf":{"@id":"https:\/\/www.estrategiaconcursos.com.br\/blog\/#website"},"primaryImageOfPage":{"@id":"https:\/\/www.estrategiaconcursos.com.br\/blog\/processo-seletivo-ief-mg\/#primaryimage"},"image":{"@id":"https:\/\/www.estrategiaconcursos.com.br\/blog\/processo-seletivo-ief-mg\/#primaryimage"},"thumbnailUrl":"https:\/\/dhg1h5j42swfq.cloudfront.net\/2020\/07\/03110011\/IEF.jpg","datePublished":"2020-07-16T11:20:00+00:00","dateModified":"2020-07-16T11:31:45+00:00","description":"Processo Seletivo IEF MG: inscri\u00e7\u00f5es ENCERRADAS com 265 vagas tempor\u00e1rias para o cargo de Brigadista de Preven\u00e7\u00e3o e Combate a Inc\u00eandios Florestais.","breadcrumb":{"@id":"https:\/\/www.estrategiaconcursos.com.br\/blog\/processo-seletivo-ief-mg\/#breadcrumb"},"inLanguage":"pt-BR","potentialAction":[{"@type":"ReadAction","target":["https:\/\/www.estrategiaconcursos.com.br\/blog\/processo-seletivo-ief-mg\/"]}]},{"@type":"ImageObject","inLanguage":"pt-BR","@id":"https:\/\/www.estrategiaconcursos.com.br\/blog\/processo-seletivo-ief-mg\/#primaryimage","url":"https:\/\/dhg1h5j42swfq.cloudfront.net\/2020\/07\/03110011\/IEF.jpg","contentUrl":"https:\/\/dhg1h5j42swfq.cloudfront.net\/2020\/07\/03110011\/IEF.jpg","width":583,"height":255,"caption":"Processo Seletivo IEF MG"},{"@type":"BreadcrumbList","@id":"https:\/\/www.estrategiaconcursos.com.br\/blog\/processo-seletivo-ief-mg\/#breadcrumb","itemListElement":[{"@type":"ListItem","position":1,"name":"In\u00edcio","item":"https:\/\/www.estrategiaconcursos.com.br\/blog\/"},{"@type":"ListItem","position":2,"name":"Processo Seletivo IEF MG: inscri\u00e7\u00f5es ENCERRADAS com 265 vagas"}]},{"@type":"WebSite","@id":"https:\/\/www.estrategiaconcursos.com.br\/blog\/#website","url":"https:\/\/www.estrategiaconcursos.com.br\/blog\/","name":"Estrat\u00e9gia Concursos","description":"O blog da Estrat\u00e9gia Concursos traz not\u00edcias sobre concursos e artigos de professores oferecendo cursos para concursos (pdf + videaulas) no site.","publisher":{"@id":"https:\/\/www.estrategiaconcursos.com.br\/blog\/#organization"},"potentialAction":[{"@type":"SearchAction","target":{"@type":"EntryPoint","urlTemplate":"https:\/\/www.estrategiaconcursos.com.br\/blog\/?s={search_term_string}"},"query-input":{"@type":"PropertyValueSpecification","valueRequired":true,"valueName":"search_term_string"}}],"inLanguage":"pt-BR"},{"@type":"Organization","@id":"https:\/\/www.estrategiaconcursos.com.br\/blog\/#organization","name":"Estrat\u00e9gia Concursos","url":"https:\/\/www.estrategiaconcursos.com.br\/blog\/","logo":{"@type":"ImageObject","inLanguage":"pt-BR","@id":"https:\/\/www.estrategiaconcursos.com.br\/blog\/#\/schema\/logo\/image\/","url":"https:\/\/dhg1h5j42swfq.cloudfront.net\/2025\/06\/03203428\/logo_concursos-1.jpg","contentUrl":"https:\/\/dhg1h5j42swfq.cloudfront.net\/2025\/06\/03203428\/logo_concursos-1.jpg","width":230,"height":60,"caption":"Estrat\u00e9gia Concursos"},"image":{"@id":"https:\/\/www.estrategiaconcursos.com.br\/blog\/#\/schema\/logo\/image\/"},"sameAs":["https:\/\/x.com\/EstratConcursos"]},{"@type":"Person","@id":"https:\/\/www.estrategiaconcursos.com.br\/blog\/#\/schema\/person\/2865ec132c3404c9912015dd7a24eb1e","name":"Brunno Lima","image":{"@type":"ImageObject","inLanguage":"pt-BR","@id":"https:\/\/secure.gravatar.com\/avatar\/d40b472e5e2856222d4a4a1c3ee2189ed7d7a9f67dc3343b880cc1889a7bd6af?s=96&d=mm&r=g","url":"https:\/\/secure.gravatar.com\/avatar\/d40b472e5e2856222d4a4a1c3ee2189ed7d7a9f67dc3343b880cc1889a7bd6af?s=96&d=mm&r=g","contentUrl":"https:\/\/secure.gravatar.com\/avatar\/d40b472e5e2856222d4a4a1c3ee2189ed7d7a9f67dc3343b880cc1889a7bd6af?s=96&d=mm&r=g","caption":"Brunno Lima"},"url":"https:\/\/www.estrategiaconcursos.com.br\/blog\/author\/brunnoestrategiaconcursos-com-br\/"}]}},"_links":{"self":[{"href":"https:\/\/www.estrategiaconcursos.com.br\/blog\/wp-json\/wp\/v2\/posts\/537349","targetHints":{"allow":["GET"]}}],"collection":[{"href":"https:\/\/www.estrategiaconcursos.com.br\/blog\/wp-json\/wp\/v2\/posts"}],"about":[{"href":"https:\/\/www.estrategiaconcursos.com.br\/blog\/wp-json\/wp\/v2\/types\/post"}],"author":[{"embeddable":true,"href":"https:\/\/www.estrategiaconcursos.com.br\/blog\/wp-json\/wp\/v2\/users\/741"}],"replies":[{"embeddable":true,"href":"https:\/\/www.estrategiaconcursos.com.br\/blog\/wp-json\/wp\/v2\/comments?post=537349"}],"version-history":[{"count":10,"href":"https:\/\/www.estrategiaconcursos.com.br\/blog\/wp-json\/wp\/v2\/posts\/537349\/revisions"}],"predecessor-version":[{"id":542728,"href":"https:\/\/www.estrategiaconcursos.com.br\/blog\/wp-json\/wp\/v2\/posts\/537349\/revisions\/542728"}],"wp:featuredmedia":[{"embeddable":true,"href":"https:\/\/www.estrategiaconcursos.com.br\/blog\/wp-json\/wp\/v2\/media\/537401"}],"wp:attachment":[{"href":"https:\/\/www.estrategiaconcursos.com.br\/blog\/wp-json\/wp\/v2\/media?parent=537349"}],"wp:term":[{"taxonomy":"category","embeddable":true,"href":"https:\/\/www.estrategiaconcursos.com.br\/blog\/wp-json\/wp\/v2\/categories?post=537349"},{"taxonomy":"post_tag","embeddable":true,"href":"https:\/\/www.estrategiaconcursos.com.br\/blog\/wp-json\/wp\/v2\/tags?post=537349"},{"taxonomy":"tax_estado","embeddable":true,"href":"https:\/\/www.estrategiaconcursos.com.br\/blog\/wp-json\/wp\/v2\/tax_estado?post=537349"}],"curies":[{"name":"wp","href":"https:\/\/api.w.org\/{rel}","templated":true}]}}