{"id":537324,"date":"2020-07-03T10:11:24","date_gmt":"2020-07-03T13:11:24","guid":{"rendered":"https:\/\/www.estrategiaconcursos.com.br\/blog\/?p=537324"},"modified":"2020-07-03T16:39:51","modified_gmt":"2020-07-03T19:39:51","slug":"concurso-abin-prazo-validade","status":"publish","type":"post","link":"https:\/\/www.estrategiaconcursos.com.br\/blog\/concurso-abin-prazo-validade\/","title":{"rendered":"Prazo de validade do concurso ABIN \u00e9 suspenso! Veja aqui!"},"content":{"rendered":"\n<p>Foi publicado no Di\u00e1rio Oficial desta sexta-feira, 03 de julho, um comunicado que determina a suspens\u00e3o do prazo de validade do <strong>concurso ABIN<\/strong> ( <strong>Ag\u00eancia Brasileira de Intelig\u00eancia<\/strong> ) referente ao edital de 2017. A suspens\u00e3o deve terminar em 31 de dezembro, quando termina o per\u00edodo de calamidade.<\/p>\n\n\n\n<p>No \u00faltimo ano, foi autorizado pelo Minist\u00e9rio da Economia a nomea\u00e7\u00e3o de 294 aprovados, a primeira leva de autoriza\u00e7\u00f5es ocorreu ainda em fevereiro e contemplou todas as vagas de Oficial T\u00e9cnico (60) e 20 das vagas de Agente de Intelig\u00eancia.<\/p>\n\n\n\n<p>E em mar\u00e7o de 2019 foi nomeado mais 214 aprovados no Curso de Forma\u00e7\u00e3o do Concurso da ABIN.<\/p>\n\n\n\n<p>Dessa forma, as portas est\u00e3o abertas para a realiza\u00e7\u00e3o de um novo certame. De acordo com informa\u00e7\u00f5es anteriores, havia cerca de 2 mil cargos vagos, mesmo com a nomea\u00e7\u00e3o de 294 aprovados, o d\u00e9ficit agora \u00e9 de mais de <strong>1.800 cargos.<\/strong><\/p>\n\n\n\n<p>Confira abaixo o extrato do documento publicado no Di\u00e1rio Oficial:<\/p>\n\n\n\n<figure class=\"wp-block-image\"><img decoding=\"async\" src=\"https:\/\/trello-attachments.s3.amazonaws.com\/5b58e1496cd37eb9a1dc29a2\/5eff03bc9ea05f18997df4f8\/f34291c01fceaf33869444ec6fae9fb5\/image.png\" alt=\"\"\/><\/figure>\n\n\n\n<h2 class=\"wp-block-heading\">\u00daltimo concurso ABIN<\/h2>\n\n\n\n<p>A Ag\u00eancia Brasileira de Intelig\u00eancia publicou, em outubro de 2017, o edital de seu novo concurso p\u00fablico, com o oferecimento de 300 vagas para os cargos de Oficial de Intelig\u00eancia (220), Oficial T\u00e9cnico de Intelig\u00eancia (60) e Agente de Intelig\u00eancia (30).<\/p>\n\n\n\n<p>O certame, de alto grau de complexidade, foi conclu\u00eddo em fevereiro de 2019 ap\u00f3s a finaliza\u00e7\u00e3o do Curso de Forma\u00e7\u00e3o Profissional da Ag\u00eancia para o cargo de Oficial de Intelig\u00eancia.&nbsp;<\/p>\n\n\n\n<p class=\"has-background has-text-align-center has-very-light-gray-background-color\"><em><strong>Saiba mais: <a href=\"https:\/\/www.estrategiaconcursos.com.br\/blog\/concurso-abin\/\" target=\"_blank\" rel=\"noreferrer noopener\">concurso DEPEN<\/a><\/strong><\/em><\/p>\n\n\n\n<p class=\"has-text-align-center has-medium-font-size\"><em><strong>Assinatura Anual Ilimitada*<\/strong><\/em><\/p>\n\n\n\n<p class=\"has-text-align-center\"><em>Prepare-se com o melhor material e com quem mais aprova em Concursos P\u00fablicos em todo o pa\u00eds. Assine agora a nossa Assinatura Anual e tenha acesso ilimitado* a todos os nossos cursos.<\/em><\/p>\n\n\n\n<p style=\"font-size:22px\" class=\"has-background has-text-align-center has-light-green-cyan-background-color\"><strong>ASSINE AGORA&nbsp;\u2013&nbsp;<a rel=\"noreferrer noopener\" href=\"https:\/\/www.estrategiaconcursos.com.br\/assinaturas\" target=\"_blank\">Assinatura Ilimitada<\/a><\/strong><\/p>\n\n\n\n<p class=\"has-text-align-center has-medium-font-size\"><strong><em><strong>Sistema de Quest\u00f5es<\/strong><\/em><\/strong><\/p>\n\n\n\n<p class=\"has-text-align-center\"><em>Estrat\u00e9gia Quest\u00f5es nasceu maior do que todos os concorrentes, com mais quest\u00f5es cadastradas e mais solu\u00e7\u00f5es por professores. Clique no link e aproveite os descontos e b\u00f4nus imperd\u00edveis!<\/em><\/p>\n\n\n\n<p style=\"font-size:22px\" class=\"has-background has-text-align-center has-vivid-green-cyan-background-color\"><strong>ASSINE AGORA \u2013&nbsp;<a href=\"https:\/\/questoes.estrategiaconcursos.com.br\/\" target=\"_blank\" rel=\"noreferrer noopener\">Sistema de Quest\u00f5es<\/a><\/strong><\/p>\n\n\n\n<p class=\"has-text-align-center has-medium-font-size\"><strong><em>Fique por dentro de todos os concursos<\/em><\/strong><\/p>\n\n\n\n<div class=\"wp-block-image\"><figure class=\"aligncenter size-large is-resized\"><img loading=\"lazy\" decoding=\"async\" src=\"https:\/\/dhg1h5j42swfq.cloudfront.net\/2019\/08\/22174339\/Coruja-ESCLARECIMENTO.png\" alt=\"Concursos Previstos Minas Gerais\" class=\"wp-image-412284\" width=\"88\" height=\"62\" srcset=\"https:\/\/dhg1h5j42swfq.cloudfront.net\/2019\/08\/22174339\/Coruja-ESCLARECIMENTO.png 3508w, https:\/\/dhg1h5j42swfq.cloudfront.net\/2019\/08\/22174339\/Coruja-ESCLARECIMENTO.png 300w, https:\/\/dhg1h5j42swfq.cloudfront.net\/2019\/08\/22174339\/Coruja-ESCLARECIMENTO.png 768w, https:\/\/dhg1h5j42swfq.cloudfront.net\/2019\/08\/22174339\/Coruja-ESCLARECIMENTO.png 1024w, https:\/\/dhg1h5j42swfq.cloudfront.net\/2019\/08\/22174339\/Coruja-ESCLARECIMENTO.png 610w\" sizes=\"auto, (max-width: 88px) 100vw, 88px\" \/><\/figure><\/div>\n\n\n\n<p style=\"font-size:22px\" class=\"has-background has-text-align-center has-pale-cyan-blue-background-color\"><a rel=\"noreferrer noopener\" href=\"https:\/\/www.estrategiaconcursos.com.br\/blog\/concursos-abertos\/\" target=\"_blank\"><strong>CONCURSOS ABERTOS<\/strong><\/a><\/p>\n\n\n\n<p style=\"font-size:22px\" class=\"has-background has-text-align-center has-pale-cyan-blue-background-color\"><a rel=\"noreferrer noopener\" href=\"https:\/\/www.estrategiaconcursos.com.br\/blog\/concursos-2020\/\" target=\"_blank\"><strong>CONCURSOS&nbsp;2020<\/strong><\/a><\/p>\n\n\n\n<p style=\"font-size:22px\" class=\"has-background has-text-align-center has-pale-cyan-blue-background-color\"><a rel=\"noreferrer noopener\" href=\"https:\/\/www.estrategiaconcursos.com.br\/blog\/concursos-2021\/\" target=\"_blank\"><strong>CONCURSOS 2021<\/strong><\/a><\/p>\n","protected":false},"excerpt":{"rendered":"<p>Foi publicado no Di\u00e1rio Oficial desta sexta-feira, 03 de julho, um comunicado que determina a suspens\u00e3o do prazo de validade do concurso ABIN ( Ag\u00eancia Brasileira de Intelig\u00eancia ) referente ao edital de 2017. A suspens\u00e3o deve terminar em 31 de dezembro, quando termina o per\u00edodo de calamidade. No \u00faltimo ano, foi autorizado pelo Minist\u00e9rio [&hellip;]<\/p>\n","protected":false},"author":248,"featured_media":101174,"comment_status":"open","ping_status":"closed","sticky":false,"template":"","format":"standard","meta":{"post_tipo":"article","footnotes":""},"categories":[1],"tags":[],"tax_estado":[],"class_list":["post-537324","post","type-post","status-publish","format-standard","has-post-thumbnail","hentry","category-cursos-e-concursos"],"acf":[],"yoast_head":"<!-- This site is optimized with the Yoast SEO Premium plugin v27.2 (Yoast SEO v27.2) - https:\/\/yoast.com\/product\/yoast-seo-premium-wordpress\/ -->\n<title>Prazo de validade do concurso ABIN \u00e9 suspenso! Veja aqui!<\/title>\n<meta name=\"description\" content=\"Concurso ABIN: um comunicado que determina a suspens\u00e3o do prazo de validade do concurso foi publicado! Novo certame \u00e9 necess\u00e1rio! Confira!\" \/>\n<meta name=\"robots\" content=\"index, follow, max-snippet:-1, max-image-preview:large, max-video-preview:-1\" \/>\n<link rel=\"canonical\" href=\"https:\/\/www.estrategiaconcursos.com.br\/blog\/concurso-abin-prazo-validade\/\" \/>\n<meta property=\"og:locale\" content=\"pt_BR\" \/>\n<meta property=\"og:type\" content=\"article\" \/>\n<meta property=\"og:title\" content=\"Prazo de validade do concurso ABIN \u00e9 suspenso! Veja aqui!\" \/>\n<meta property=\"og:description\" content=\"Concurso ABIN: um comunicado que determina a suspens\u00e3o do prazo de validade do concurso foi publicado! Novo certame \u00e9 necess\u00e1rio! Confira!\" \/>\n<meta property=\"og:url\" content=\"https:\/\/www.estrategiaconcursos.com.br\/blog\/concurso-abin-prazo-validade\/\" \/>\n<meta property=\"og:site_name\" content=\"Estrat\u00e9gia Concursos\" \/>\n<meta property=\"article:published_time\" content=\"2020-07-03T13:11:24+00:00\" \/>\n<meta property=\"article:modified_time\" content=\"2020-07-03T19:39:51+00:00\" \/>\n<meta property=\"og:image\" content=\"https:\/\/dhg1h5j42swfq.cloudfront.net\/2018\/01\/08064003\/ABIN8-e1515404410917.jpg\" \/>\n\t<meta property=\"og:image:width\" content=\"400\" \/>\n\t<meta property=\"og:image:height\" content=\"209\" \/>\n\t<meta property=\"og:image:type\" content=\"image\/jpeg\" \/>\n<meta name=\"author\" content=\"Marcos Gir\u00e3o\" \/>\n<meta name=\"twitter:card\" content=\"summary_large_image\" \/>\n<meta name=\"twitter:creator\" content=\"@EstratConcursos\" \/>\n<meta name=\"twitter:site\" content=\"@EstratConcursos\" \/>\n<meta name=\"twitter:label1\" content=\"Escrito por\" \/>\n\t<meta name=\"twitter:data1\" content=\"Marcos Gir\u00e3o\" \/>\n\t<meta name=\"twitter:label2\" content=\"Est. tempo de leitura\" \/>\n\t<meta name=\"twitter:data2\" content=\"2 minutos\" \/>\n<script type=\"application\/ld+json\" class=\"yoast-schema-graph\">{\"@context\":\"https:\/\/schema.org\",\"@graph\":[{\"@type\":\"NewsArticle\",\"@id\":\"https:\/\/www.estrategiaconcursos.com.br\/blog\/concurso-abin-prazo-validade\/#article\",\"isPartOf\":{\"@id\":\"https:\/\/www.estrategiaconcursos.com.br\/blog\/concurso-abin-prazo-validade\/\"},\"author\":{\"name\":\"Marcos Gir\u00e3o\",\"@id\":\"https:\/\/www.estrategiaconcursos.com.br\/blog\/#\/schema\/person\/6be195b7a02a8ca214472b848686bb37\"},\"headline\":\"Prazo de validade do concurso ABIN \u00e9 suspenso! Veja aqui!\",\"datePublished\":\"2020-07-03T13:11:24+00:00\",\"dateModified\":\"2020-07-03T19:39:51+00:00\",\"mainEntityOfPage\":{\"@id\":\"https:\/\/www.estrategiaconcursos.com.br\/blog\/concurso-abin-prazo-validade\/\"},\"wordCount\":357,\"commentCount\":0,\"publisher\":{\"@id\":\"https:\/\/www.estrategiaconcursos.com.br\/blog\/#organization\"},\"image\":{\"@id\":\"https:\/\/www.estrategiaconcursos.com.br\/blog\/concurso-abin-prazo-validade\/#primaryimage\"},\"thumbnailUrl\":\"https:\/\/dhg1h5j42swfq.cloudfront.net\/2018\/01\/08064003\/ABIN8-e1515404410917.jpg\",\"articleSection\":[\"Concursos P\u00fablicos\"],\"inLanguage\":\"pt-BR\",\"potentialAction\":[{\"@type\":\"CommentAction\",\"name\":\"Comment\",\"target\":[\"https:\/\/www.estrategiaconcursos.com.br\/blog\/concurso-abin-prazo-validade\/#respond\"]}],\"copyrightYear\":\"2020\",\"copyrightHolder\":{\"@id\":\"https:\/\/www.estrategiaconcursos.com.br\/blog\/#organization\"}},{\"@type\":\"WebPage\",\"@id\":\"https:\/\/www.estrategiaconcursos.com.br\/blog\/concurso-abin-prazo-validade\/\",\"url\":\"https:\/\/www.estrategiaconcursos.com.br\/blog\/concurso-abin-prazo-validade\/\",\"name\":\"Prazo de validade do concurso ABIN \u00e9 suspenso! Veja aqui!\",\"isPartOf\":{\"@id\":\"https:\/\/www.estrategiaconcursos.com.br\/blog\/#website\"},\"primaryImageOfPage\":{\"@id\":\"https:\/\/www.estrategiaconcursos.com.br\/blog\/concurso-abin-prazo-validade\/#primaryimage\"},\"image\":{\"@id\":\"https:\/\/www.estrategiaconcursos.com.br\/blog\/concurso-abin-prazo-validade\/#primaryimage\"},\"thumbnailUrl\":\"https:\/\/dhg1h5j42swfq.cloudfront.net\/2018\/01\/08064003\/ABIN8-e1515404410917.jpg\",\"datePublished\":\"2020-07-03T13:11:24+00:00\",\"dateModified\":\"2020-07-03T19:39:51+00:00\",\"description\":\"Concurso ABIN: um comunicado que determina a suspens\u00e3o do prazo de validade do concurso foi publicado! Novo certame \u00e9 necess\u00e1rio! Confira!\",\"breadcrumb\":{\"@id\":\"https:\/\/www.estrategiaconcursos.com.br\/blog\/concurso-abin-prazo-validade\/#breadcrumb\"},\"inLanguage\":\"pt-BR\",\"potentialAction\":[{\"@type\":\"ReadAction\",\"target\":[\"https:\/\/www.estrategiaconcursos.com.br\/blog\/concurso-abin-prazo-validade\/\"]}]},{\"@type\":\"ImageObject\",\"inLanguage\":\"pt-BR\",\"@id\":\"https:\/\/www.estrategiaconcursos.com.br\/blog\/concurso-abin-prazo-validade\/#primaryimage\",\"url\":\"https:\/\/dhg1h5j42swfq.cloudfront.net\/2018\/01\/08064003\/ABIN8-e1515404410917.jpg\",\"contentUrl\":\"https:\/\/dhg1h5j42swfq.cloudfront.net\/2018\/01\/08064003\/ABIN8-e1515404410917.jpg\",\"width\":400,\"height\":209,\"caption\":\"Ranking Abin\"},{\"@type\":\"BreadcrumbList\",\"@id\":\"https:\/\/www.estrategiaconcursos.com.br\/blog\/concurso-abin-prazo-validade\/#breadcrumb\",\"itemListElement\":[{\"@type\":\"ListItem\",\"position\":1,\"name\":\"In\u00edcio\",\"item\":\"https:\/\/www.estrategiaconcursos.com.br\/blog\/\"},{\"@type\":\"ListItem\",\"position\":2,\"name\":\"Prazo de validade do concurso ABIN \u00e9 suspenso! Veja aqui!\"}]},{\"@type\":\"WebSite\",\"@id\":\"https:\/\/www.estrategiaconcursos.com.br\/blog\/#website\",\"url\":\"https:\/\/www.estrategiaconcursos.com.br\/blog\/\",\"name\":\"Estrat\u00e9gia Concursos\",\"description\":\"O blog da Estrat\u00e9gia Concursos traz not\u00edcias sobre concursos e artigos de professores oferecendo cursos para concursos (pdf + videaulas) no site.\",\"publisher\":{\"@id\":\"https:\/\/www.estrategiaconcursos.com.br\/blog\/#organization\"},\"potentialAction\":[{\"@type\":\"SearchAction\",\"target\":{\"@type\":\"EntryPoint\",\"urlTemplate\":\"https:\/\/www.estrategiaconcursos.com.br\/blog\/?s={search_term_string}\"},\"query-input\":{\"@type\":\"PropertyValueSpecification\",\"valueRequired\":true,\"valueName\":\"search_term_string\"}}],\"inLanguage\":\"pt-BR\"},{\"@type\":\"Organization\",\"@id\":\"https:\/\/www.estrategiaconcursos.com.br\/blog\/#organization\",\"name\":\"Estrat\u00e9gia Concursos\",\"url\":\"https:\/\/www.estrategiaconcursos.com.br\/blog\/\",\"logo\":{\"@type\":\"ImageObject\",\"inLanguage\":\"pt-BR\",\"@id\":\"https:\/\/www.estrategiaconcursos.com.br\/blog\/#\/schema\/logo\/image\/\",\"url\":\"https:\/\/dhg1h5j42swfq.cloudfront.net\/2025\/06\/03203428\/logo_concursos-1.jpg\",\"contentUrl\":\"https:\/\/dhg1h5j42swfq.cloudfront.net\/2025\/06\/03203428\/logo_concursos-1.jpg\",\"width\":230,\"height\":60,\"caption\":\"Estrat\u00e9gia Concursos\"},\"image\":{\"@id\":\"https:\/\/www.estrategiaconcursos.com.br\/blog\/#\/schema\/logo\/image\/\"},\"sameAs\":[\"https:\/\/x.com\/EstratConcursos\"]},{\"@type\":\"Person\",\"@id\":\"https:\/\/www.estrategiaconcursos.com.br\/blog\/#\/schema\/person\/6be195b7a02a8ca214472b848686bb37\",\"name\":\"Marcos Gir\u00e3o\",\"image\":{\"@type\":\"ImageObject\",\"inLanguage\":\"pt-BR\",\"@id\":\"https:\/\/secure.gravatar.com\/avatar\/ac5b9a36e2c99a8280e07b5763e3b764471d5b861c47521bfd2edffdfbb06fbd?s=96&d=mm&r=g\",\"url\":\"https:\/\/secure.gravatar.com\/avatar\/ac5b9a36e2c99a8280e07b5763e3b764471d5b861c47521bfd2edffdfbb06fbd?s=96&d=mm&r=g\",\"contentUrl\":\"https:\/\/secure.gravatar.com\/avatar\/ac5b9a36e2c99a8280e07b5763e3b764471d5b861c47521bfd2edffdfbb06fbd?s=96&d=mm&r=g\",\"caption\":\"Marcos Gir\u00e3o\"},\"url\":\"https:\/\/www.estrategiaconcursos.com.br\/blog\/author\/marcosgiraoestrategiaconcursos-com-br\/\"}]}<\/script>\n<!-- \/ Yoast SEO Premium plugin. -->","yoast_head_json":{"title":"Prazo de validade do concurso ABIN \u00e9 suspenso! Veja aqui!","description":"Concurso ABIN: um comunicado que determina a suspens\u00e3o do prazo de validade do concurso foi publicado! Novo certame \u00e9 necess\u00e1rio! Confira!","robots":{"index":"index","follow":"follow","max-snippet":"max-snippet:-1","max-image-preview":"max-image-preview:large","max-video-preview":"max-video-preview:-1"},"canonical":"https:\/\/www.estrategiaconcursos.com.br\/blog\/concurso-abin-prazo-validade\/","og_locale":"pt_BR","og_type":"article","og_title":"Prazo de validade do concurso ABIN \u00e9 suspenso! Veja aqui!","og_description":"Concurso ABIN: um comunicado que determina a suspens\u00e3o do prazo de validade do concurso foi publicado! Novo certame \u00e9 necess\u00e1rio! Confira!","og_url":"https:\/\/www.estrategiaconcursos.com.br\/blog\/concurso-abin-prazo-validade\/","og_site_name":"Estrat\u00e9gia Concursos","article_published_time":"2020-07-03T13:11:24+00:00","article_modified_time":"2020-07-03T19:39:51+00:00","og_image":[{"width":400,"height":209,"url":"https:\/\/dhg1h5j42swfq.cloudfront.net\/2018\/01\/08064003\/ABIN8-e1515404410917.jpg","type":"image\/jpeg"}],"author":"Marcos Gir\u00e3o","twitter_card":"summary_large_image","twitter_creator":"@EstratConcursos","twitter_site":"@EstratConcursos","twitter_misc":{"Escrito por":"Marcos Gir\u00e3o","Est. tempo de leitura":"2 minutos"},"schema":{"@context":"https:\/\/schema.org","@graph":[{"@type":"NewsArticle","@id":"https:\/\/www.estrategiaconcursos.com.br\/blog\/concurso-abin-prazo-validade\/#article","isPartOf":{"@id":"https:\/\/www.estrategiaconcursos.com.br\/blog\/concurso-abin-prazo-validade\/"},"author":{"name":"Marcos Gir\u00e3o","@id":"https:\/\/www.estrategiaconcursos.com.br\/blog\/#\/schema\/person\/6be195b7a02a8ca214472b848686bb37"},"headline":"Prazo de validade do concurso ABIN \u00e9 suspenso! Veja aqui!","datePublished":"2020-07-03T13:11:24+00:00","dateModified":"2020-07-03T19:39:51+00:00","mainEntityOfPage":{"@id":"https:\/\/www.estrategiaconcursos.com.br\/blog\/concurso-abin-prazo-validade\/"},"wordCount":357,"commentCount":0,"publisher":{"@id":"https:\/\/www.estrategiaconcursos.com.br\/blog\/#organization"},"image":{"@id":"https:\/\/www.estrategiaconcursos.com.br\/blog\/concurso-abin-prazo-validade\/#primaryimage"},"thumbnailUrl":"https:\/\/dhg1h5j42swfq.cloudfront.net\/2018\/01\/08064003\/ABIN8-e1515404410917.jpg","articleSection":["Concursos P\u00fablicos"],"inLanguage":"pt-BR","potentialAction":[{"@type":"CommentAction","name":"Comment","target":["https:\/\/www.estrategiaconcursos.com.br\/blog\/concurso-abin-prazo-validade\/#respond"]}],"copyrightYear":"2020","copyrightHolder":{"@id":"https:\/\/www.estrategiaconcursos.com.br\/blog\/#organization"}},{"@type":"WebPage","@id":"https:\/\/www.estrategiaconcursos.com.br\/blog\/concurso-abin-prazo-validade\/","url":"https:\/\/www.estrategiaconcursos.com.br\/blog\/concurso-abin-prazo-validade\/","name":"Prazo de validade do concurso ABIN \u00e9 suspenso! Veja aqui!","isPartOf":{"@id":"https:\/\/www.estrategiaconcursos.com.br\/blog\/#website"},"primaryImageOfPage":{"@id":"https:\/\/www.estrategiaconcursos.com.br\/blog\/concurso-abin-prazo-validade\/#primaryimage"},"image":{"@id":"https:\/\/www.estrategiaconcursos.com.br\/blog\/concurso-abin-prazo-validade\/#primaryimage"},"thumbnailUrl":"https:\/\/dhg1h5j42swfq.cloudfront.net\/2018\/01\/08064003\/ABIN8-e1515404410917.jpg","datePublished":"2020-07-03T13:11:24+00:00","dateModified":"2020-07-03T19:39:51+00:00","description":"Concurso ABIN: um comunicado que determina a suspens\u00e3o do prazo de validade do concurso foi publicado! Novo certame \u00e9 necess\u00e1rio! Confira!","breadcrumb":{"@id":"https:\/\/www.estrategiaconcursos.com.br\/blog\/concurso-abin-prazo-validade\/#breadcrumb"},"inLanguage":"pt-BR","potentialAction":[{"@type":"ReadAction","target":["https:\/\/www.estrategiaconcursos.com.br\/blog\/concurso-abin-prazo-validade\/"]}]},{"@type":"ImageObject","inLanguage":"pt-BR","@id":"https:\/\/www.estrategiaconcursos.com.br\/blog\/concurso-abin-prazo-validade\/#primaryimage","url":"https:\/\/dhg1h5j42swfq.cloudfront.net\/2018\/01\/08064003\/ABIN8-e1515404410917.jpg","contentUrl":"https:\/\/dhg1h5j42swfq.cloudfront.net\/2018\/01\/08064003\/ABIN8-e1515404410917.jpg","width":400,"height":209,"caption":"Ranking Abin"},{"@type":"BreadcrumbList","@id":"https:\/\/www.estrategiaconcursos.com.br\/blog\/concurso-abin-prazo-validade\/#breadcrumb","itemListElement":[{"@type":"ListItem","position":1,"name":"In\u00edcio","item":"https:\/\/www.estrategiaconcursos.com.br\/blog\/"},{"@type":"ListItem","position":2,"name":"Prazo de validade do concurso ABIN \u00e9 suspenso! Veja aqui!"}]},{"@type":"WebSite","@id":"https:\/\/www.estrategiaconcursos.com.br\/blog\/#website","url":"https:\/\/www.estrategiaconcursos.com.br\/blog\/","name":"Estrat\u00e9gia Concursos","description":"O blog da Estrat\u00e9gia Concursos traz not\u00edcias sobre concursos e artigos de professores oferecendo cursos para concursos (pdf + videaulas) no site.","publisher":{"@id":"https:\/\/www.estrategiaconcursos.com.br\/blog\/#organization"},"potentialAction":[{"@type":"SearchAction","target":{"@type":"EntryPoint","urlTemplate":"https:\/\/www.estrategiaconcursos.com.br\/blog\/?s={search_term_string}"},"query-input":{"@type":"PropertyValueSpecification","valueRequired":true,"valueName":"search_term_string"}}],"inLanguage":"pt-BR"},{"@type":"Organization","@id":"https:\/\/www.estrategiaconcursos.com.br\/blog\/#organization","name":"Estrat\u00e9gia Concursos","url":"https:\/\/www.estrategiaconcursos.com.br\/blog\/","logo":{"@type":"ImageObject","inLanguage":"pt-BR","@id":"https:\/\/www.estrategiaconcursos.com.br\/blog\/#\/schema\/logo\/image\/","url":"https:\/\/dhg1h5j42swfq.cloudfront.net\/2025\/06\/03203428\/logo_concursos-1.jpg","contentUrl":"https:\/\/dhg1h5j42swfq.cloudfront.net\/2025\/06\/03203428\/logo_concursos-1.jpg","width":230,"height":60,"caption":"Estrat\u00e9gia Concursos"},"image":{"@id":"https:\/\/www.estrategiaconcursos.com.br\/blog\/#\/schema\/logo\/image\/"},"sameAs":["https:\/\/x.com\/EstratConcursos"]},{"@type":"Person","@id":"https:\/\/www.estrategiaconcursos.com.br\/blog\/#\/schema\/person\/6be195b7a02a8ca214472b848686bb37","name":"Marcos Gir\u00e3o","image":{"@type":"ImageObject","inLanguage":"pt-BR","@id":"https:\/\/secure.gravatar.com\/avatar\/ac5b9a36e2c99a8280e07b5763e3b764471d5b861c47521bfd2edffdfbb06fbd?s=96&d=mm&r=g","url":"https:\/\/secure.gravatar.com\/avatar\/ac5b9a36e2c99a8280e07b5763e3b764471d5b861c47521bfd2edffdfbb06fbd?s=96&d=mm&r=g","contentUrl":"https:\/\/secure.gravatar.com\/avatar\/ac5b9a36e2c99a8280e07b5763e3b764471d5b861c47521bfd2edffdfbb06fbd?s=96&d=mm&r=g","caption":"Marcos Gir\u00e3o"},"url":"https:\/\/www.estrategiaconcursos.com.br\/blog\/author\/marcosgiraoestrategiaconcursos-com-br\/"}]}},"_links":{"self":[{"href":"https:\/\/www.estrategiaconcursos.com.br\/blog\/wp-json\/wp\/v2\/posts\/537324","targetHints":{"allow":["GET"]}}],"collection":[{"href":"https:\/\/www.estrategiaconcursos.com.br\/blog\/wp-json\/wp\/v2\/posts"}],"about":[{"href":"https:\/\/www.estrategiaconcursos.com.br\/blog\/wp-json\/wp\/v2\/types\/post"}],"author":[{"embeddable":true,"href":"https:\/\/www.estrategiaconcursos.com.br\/blog\/wp-json\/wp\/v2\/users\/248"}],"replies":[{"embeddable":true,"href":"https:\/\/www.estrategiaconcursos.com.br\/blog\/wp-json\/wp\/v2\/comments?post=537324"}],"version-history":[{"count":4,"href":"https:\/\/www.estrategiaconcursos.com.br\/blog\/wp-json\/wp\/v2\/posts\/537324\/revisions"}],"predecessor-version":[{"id":537645,"href":"https:\/\/www.estrategiaconcursos.com.br\/blog\/wp-json\/wp\/v2\/posts\/537324\/revisions\/537645"}],"wp:featuredmedia":[{"embeddable":true,"href":"https:\/\/www.estrategiaconcursos.com.br\/blog\/wp-json\/wp\/v2\/media\/101174"}],"wp:attachment":[{"href":"https:\/\/www.estrategiaconcursos.com.br\/blog\/wp-json\/wp\/v2\/media?parent=537324"}],"wp:term":[{"taxonomy":"category","embeddable":true,"href":"https:\/\/www.estrategiaconcursos.com.br\/blog\/wp-json\/wp\/v2\/categories?post=537324"},{"taxonomy":"post_tag","embeddable":true,"href":"https:\/\/www.estrategiaconcursos.com.br\/blog\/wp-json\/wp\/v2\/tags?post=537324"},{"taxonomy":"tax_estado","embeddable":true,"href":"https:\/\/www.estrategiaconcursos.com.br\/blog\/wp-json\/wp\/v2\/tax_estado?post=537324"}],"curies":[{"name":"wp","href":"https:\/\/api.w.org\/{rel}","templated":true}]}}