{"id":537226,"date":"2020-07-11T07:00:00","date_gmt":"2020-07-11T10:00:00","guid":{"rendered":"https:\/\/www.estrategiaconcursos.com.br\/blog\/?p=537226"},"modified":"2023-04-11T11:18:09","modified_gmt":"2023-04-11T14:18:09","slug":"2a-semana-nacional-concursos","status":"publish","type":"post","link":"https:\/\/www.estrategiaconcursos.com.br\/blog\/2a-semana-nacional-concursos\/","title":{"rendered":"2\u00aa Semana Nacional dos Concursos P\u00fablicos: De 6 a 12 de julho!"},"content":{"rendered":"\n<p>Depois do absoluto sucesso da Semana Especial dos Concursos P\u00fablicos 2020, que ocorreu no in\u00edcio deste ano, gostar\u00edamos de anunciar que o&nbsp;<strong>maior evento<\/strong>&nbsp;sobre concursos p\u00fablicos do segundo semestre est\u00e1 chegando! Estamos falando da&nbsp;<strong>2\u00aa Semana Nacional dos Concursos P\u00fablicos<\/strong>, do qual voc\u00ea n\u00e3o pode ficar de fora.<\/p>\n\n\n\n<p>Queremos lhe mostrar que&nbsp;<strong>o ano ainda n\u00e3o acabou<\/strong>&nbsp;e que os estudos n\u00e3o podem parar. Al\u00e9m disso, como de costume, \u00e9 claro que teremos&nbsp;<strong>grandes novidades<\/strong>&nbsp;para voc\u00ea.<\/p>\n\n\n\n<p><strong>O que vem por a\u00ed?<\/strong><br \/>Apesar dos momentos complicados pelos quais passamos devido \u00e0 pandemia, alguns editais continuam sendo publicados (como o da AGEPEN RR, publicado no dia 22\/06) e muitos outros concursos est\u00e3o suspensos, apenas esperando a pandemia passar.<\/p>\n\n\n\n<p>Sendo assim, o projeto da&nbsp;<strong>2\u00aa Semana Nacional dos Concursos P\u00fablicos<\/strong>, preparado com muita dedica\u00e7\u00e3o e empenho pela nossa equipe, contar\u00e1 com&nbsp;<strong>mais de50 transmiss\u00f5es gratuitas&nbsp;<\/strong>sobre TODAS as \u00e1reas e os mais diversos temas.<\/p>\n\n\n\n<p>A abertura ser\u00e1 no\u00a0dia\u00a0<strong>06\/07 (segunda-feira), \u00e0s 10h<\/strong>, e as transmiss\u00f5es ocorrer\u00e3o todos os dias, at\u00e9\u00a0<strong>12\/07 (domingo)<\/strong>.<\/p>\n\n\n\n<p>Voc\u00ea ver\u00e1 que, se ainda n\u00e3o iniciou seus estudos, a hora de come\u00e7ar \u00e9 agora. Caso j\u00e1 esteja estudando, n\u00e3o h\u00e1 motivos para desanimar. N\u00e3o deixe o seu sonho para depois!<\/p>\n\n\n\n<p>Durante essa semana, falaremos sobre os panoramas dos concursos por \u00e1rea, dicas para a sua prepara\u00e7\u00e3o, t\u00e9cnicas de estudos, planos de estudos para alguns dos concursos mais desejados, e muito mais.<\/p>\n\n\n\n<p>Seja voc\u00ea um(a) concurseiro(a) iniciante, intermedi\u00e1rio ou avan\u00e7ado, com certeza, encontrar\u00e1 um conte\u00fado de seu interesse, que impulsionar\u00e1 os seus estudos e o colocar\u00e1 \u00e0 frente da concorr\u00eancia.<\/p>\n\n\n\n<p>Como se n\u00e3o bastasse tudo isso, preparamos&nbsp;<strong>3 novidades incr\u00edveis<\/strong>&nbsp;que, por enquanto, s\u00e3o segredo! Elas ser\u00e3o reveladas com o passar dos dias, sendo que a \u00faltima delas ser\u00e1 revelada somente no dia&nbsp;<strong>06\/07 (segunda-feira).&nbsp;<\/strong><\/p>\n\n\n\n<p>Muita coisa boa, n\u00e3o \u00e9? Inscreva-se,\u00a0<strong>gratuitamente<\/strong>, e anote na sua agenda para n\u00e3o esquecer: dia\u00a0<strong>06\/07 (segunda-feira), \u00e0s 10h,<\/strong> ser\u00e1 o nosso primeiro encontro.<\/p>\n\n\n\n<h3 class=\"wp-block-heading\">Cronograma Semana Nacional dos Concursos<\/h3>\n\n\n\n<h4 class=\"wp-block-heading\">11\/07\/2020 (S\u00e1bado)<\/h4>\n\n\n\n<ul class=\"wp-block-list\">\n<li>07:00 &#8211; <a rel=\"noreferrer noopener\" href=\"https:\/\/www.instagram.com\/estrategiaconcursos\/?hl=pt-br\" target=\"_blank\">Conhe\u00e7a Minha Hist\u00f3ria de Aprova\u00e7\u00e3o &#8211; Paulo Bilysnkyj<\/a><\/li>\n\n\n\n<li>09:00 &#8211; <a rel=\"noreferrer noopener\" href=\"https:\/\/www.youtube.com\/watch?v=UUuMFRPRHTw\" target=\"_blank\">Como se preparar para provas discursivas?<\/a><\/li>\n\n\n\n<li>10:00 &#8211; <a href=\"https:\/\/www.youtube.com\/watch?v=alPfLqxdGr0\" target=\"_blank\" rel=\"noreferrer noopener\">Tudo o que o assinante tem direito e ainda n\u00e3o sabe<\/a><\/li>\n\n\n\n<li>12:00 &#8211; <a rel=\"noreferrer noopener\" href=\"https:\/\/www.youtube.com\/watch?v=uKPnmUjvuBY\" target=\"_blank\">Dissecando a Lei 8.112\/90 em apenas uma aula!<\/a><\/li>\n\n\n\n<li>14:00 &#8211; <a rel=\"noreferrer noopener\" href=\"https:\/\/www.youtube.com\/watch?v=HyN1wmjvpQg\" target=\"_blank\">Deu ruim! Investiga\u00e7\u00e3o social. Saiba o que pode te eliminar!<\/a><\/li>\n\n\n\n<li>16:00 &#8211; <a rel=\"noreferrer noopener\" href=\"https:\/\/www.youtube.com\/watch?v=jZPW_0h8IpI\" target=\"_blank\">Saiba como estudar em casa com o m\u00e1ximo de efici\u00eancia.<\/a><\/li>\n\n\n\n<li>18:00 &#8211; <a rel=\"noreferrer noopener\" href=\"https:\/\/www.youtube.com\/watch?v=NLc7q-m1iAs\" target=\"_blank\">Os maiores dilemas de um concurseiro. Saiba como super\u00e1-los!<\/a><\/li>\n<\/ul>\n\n\n\n<h4 class=\"wp-block-heading\">12\/07\/2020 (Domingo)<\/h4>\n\n\n\n<ul class=\"wp-block-list\">\n<li>19:00 &#8211; <a href=\"https:\/\/www.youtube.com\/watch?v=H8TVoSINpiU\" target=\"_blank\" rel=\"noreferrer noopener\">Os melhores sal\u00e1rios do servi\u00e7o p\u00fablico. D\u00e1 pra ficar rico? Mito ou verdade?<\/a><\/li>\n\n\n\n<li>21:00 &#8211; <a href=\"https:\/\/www.youtube.com\/watch?v=0hs9JYysC_A\" target=\"_blank\" rel=\"noreferrer noopener\">Fala, Concurseiro Especial &#8211; Coronav\u00edrus detonou meus estudos. Saiba como retomar os estudos!<\/a><\/li>\n<\/ul>\n\n\n\n<p class=\"has-text-align-center has-luminous-vivid-amber-background-color has-background\" style=\"font-size:clamp(16.293px, 1.018rem + ((1vw - 3.2px) * 0.854), 25px);px\"><strong><a href=\"https:\/\/www.estrategiaconcursos.com.br\/cursos\/concurso\/\" target=\"_blank\" rel=\"noreferrer noopener\">CURSO PARA CONCURSO<\/a><\/strong><\/p>\n\n\n\n<p class=\"has-text-align-center has-medium-font-size\"><strong><em><strong>Sistema de Quest\u00f5es<\/strong><\/em><\/strong><\/p>\n\n\n\n<p class=\"has-text-align-center\">Estrat\u00e9gia Quest\u00f5es nasceu maior do que todos os concorrentes, com mais quest\u00f5es cadastradas e mais solu\u00e7\u00f5es por professores. Clique no link e aproveite os descontos e b\u00f4nus imperd\u00edveis!<\/p>\n\n\n\n<p class=\"has-text-align-center has-very-dark-gray-color has-vivid-green-cyan-background-color has-text-color has-background\" style=\"font-size:clamp(14.642px, 0.915rem + ((1vw - 3.2px) * 0.721), 22px);px\"><strong>ASSINE AGORA &#8211; <a href=\"https:\/\/www.estrategiaconcursos.com.br\/cursosPorConcurso\/sistema-de-questoes\/#\/\" target=\"_blank\" rel=\"noreferrer noopener\">Sistema de Quest\u00f5es<\/a><\/strong><\/p>\n\n\n\n<h4 class=\"wp-block-heading has-text-align-center\" id=\"assinatura\"><em><strong>Assinatura Anual Ilimitada*<\/strong><\/em><\/h4>\n\n\n\n<p class=\"has-text-align-center\"><em>Prepare-se com o melhor material e com quem mais aprova em Concursos P\u00fablicos em todo o pa\u00eds. Assine agora a nossa Assinatura Anual e tenha acesso ilimitado* a todos os nossos cursos.<\/em><\/p>\n\n\n\n<p class=\"has-text-align-center has-light-green-cyan-background-color has-background has-medium-font-size\"><strong>ASSINE AGORA<\/strong>&nbsp;\u2013&nbsp;<a href=\"https:\/\/www.estrategiaconcursos.com.br\/assinaturas\" target=\"_blank\" rel=\"noreferrer noopener\">Assinatura Ilimitada<\/a><\/p>\n\n\n\n<p class=\"has-text-align-center has-pale-cyan-blue-background-color has-background has-medium-font-size\"><strong><a href=\"https:\/\/www.estrategiaconcursos.com.br\/blog\/concursos-abertos\/\">CONCURSOS ABERTOS<\/a><\/strong><\/p>\n","protected":false},"excerpt":{"rendered":"<p>Depois do absoluto sucesso da Semana Especial dos Concursos P\u00fablicos 2020, que ocorreu no in\u00edcio deste ano, gostar\u00edamos de anunciar que o&nbsp;maior evento&nbsp;sobre concursos p\u00fablicos do segundo semestre est\u00e1 chegando! Estamos falando da&nbsp;2\u00aa Semana Nacional dos Concursos P\u00fablicos, do qual voc\u00ea n\u00e3o pode ficar de fora. Queremos lhe mostrar que&nbsp;o ano ainda n\u00e3o acabou&nbsp;e que [&hellip;]<\/p>\n","protected":false},"author":26,"featured_media":537237,"comment_status":"open","ping_status":"closed","sticky":false,"template":"","format":"standard","meta":{"post_tipo":"article","footnotes":""},"categories":[1],"tags":[],"tax_estado":[],"class_list":["post-537226","post","type-post","status-publish","format-standard","has-post-thumbnail","hentry","category-cursos-e-concursos"],"acf":[],"yoast_head":"<!-- This site is optimized with the Yoast SEO Premium plugin v27.2 (Yoast SEO v27.2) - https:\/\/yoast.com\/product\/yoast-seo-premium-wordpress\/ -->\n<title>2\u00aa Semana Nacional dos Concursos P\u00fablicos: De 6 a 12 de julho!<\/title>\n<meta name=\"description\" content=\"De 06 a 12 de julho o Estat\u00e9gia realizar\u00e1 a 2\u00aa Semana Nacional dos Concursos P\u00fablicos, com eventos gratuitos tratando de diversos temas atuais. N\u00e3o perca!\" \/>\n<meta name=\"robots\" content=\"index, follow, max-snippet:-1, max-image-preview:large, max-video-preview:-1\" \/>\n<link rel=\"canonical\" href=\"https:\/\/www.estrategiaconcursos.com.br\/blog\/2a-semana-nacional-concursos\/\" \/>\n<meta property=\"og:locale\" content=\"pt_BR\" \/>\n<meta property=\"og:type\" content=\"article\" \/>\n<meta property=\"og:title\" content=\"2\u00aa Semana Nacional dos Concursos P\u00fablicos: De 6 a 12 de julho!\" \/>\n<meta property=\"og:description\" content=\"De 06 a 12 de julho o Estat\u00e9gia realizar\u00e1 a 2\u00aa Semana Nacional dos Concursos P\u00fablicos, com eventos gratuitos tratando de diversos temas atuais. N\u00e3o perca!\" \/>\n<meta property=\"og:url\" content=\"https:\/\/www.estrategiaconcursos.com.br\/blog\/2a-semana-nacional-concursos\/\" \/>\n<meta property=\"og:site_name\" content=\"Estrat\u00e9gia Concursos\" \/>\n<meta property=\"article:author\" content=\"https:\/\/www.facebook.com\/rvale01\" \/>\n<meta property=\"article:published_time\" content=\"2020-07-11T10:00:00+00:00\" \/>\n<meta property=\"article:modified_time\" content=\"2023-04-11T14:18:09+00:00\" \/>\n<meta property=\"og:image\" content=\"https:\/\/dhg1h5j42swfq.cloudfront.net\/2020\/07\/02195321\/EMAIL.jpg\" \/>\n\t<meta property=\"og:image:width\" content=\"800\" \/>\n\t<meta property=\"og:image:height\" content=\"450\" \/>\n\t<meta property=\"og:image:type\" content=\"image\/jpeg\" \/>\n<meta name=\"author\" content=\"Ricardo Vale\" \/>\n<meta name=\"twitter:card\" content=\"summary_large_image\" \/>\n<meta name=\"twitter:creator\" content=\"@https:\/\/twitter.com\/EstratConcursos\" \/>\n<meta name=\"twitter:site\" content=\"@EstratConcursos\" \/>\n<meta name=\"twitter:label1\" content=\"Escrito por\" \/>\n\t<meta name=\"twitter:data1\" content=\"Ricardo Vale\" \/>\n\t<meta name=\"twitter:label2\" content=\"Est. tempo de leitura\" \/>\n\t<meta name=\"twitter:data2\" content=\"3 minutos\" \/>\n<script type=\"application\/ld+json\" class=\"yoast-schema-graph\">{\"@context\":\"https:\/\/schema.org\",\"@graph\":[{\"@type\":\"NewsArticle\",\"@id\":\"https:\/\/www.estrategiaconcursos.com.br\/blog\/2a-semana-nacional-concursos\/#article\",\"isPartOf\":{\"@id\":\"https:\/\/www.estrategiaconcursos.com.br\/blog\/2a-semana-nacional-concursos\/\"},\"author\":{\"name\":\"Ricardo Vale\",\"@id\":\"https:\/\/www.estrategiaconcursos.com.br\/blog\/#\/schema\/person\/c32e47dba2159cafe7796a9569a6ff7e\"},\"headline\":\"2\u00aa Semana Nacional dos Concursos P\u00fablicos: De 6 a 12 de julho!\",\"datePublished\":\"2020-07-11T10:00:00+00:00\",\"dateModified\":\"2023-04-11T14:18:09+00:00\",\"mainEntityOfPage\":{\"@id\":\"https:\/\/www.estrategiaconcursos.com.br\/blog\/2a-semana-nacional-concursos\/\"},\"wordCount\":574,\"commentCount\":0,\"publisher\":{\"@id\":\"https:\/\/www.estrategiaconcursos.com.br\/blog\/#organization\"},\"image\":{\"@id\":\"https:\/\/www.estrategiaconcursos.com.br\/blog\/2a-semana-nacional-concursos\/#primaryimage\"},\"thumbnailUrl\":\"https:\/\/dhg1h5j42swfq.cloudfront.net\/2020\/07\/02195321\/EMAIL.jpg\",\"articleSection\":[\"Concursos P\u00fablicos\"],\"inLanguage\":\"pt-BR\",\"potentialAction\":[{\"@type\":\"CommentAction\",\"name\":\"Comment\",\"target\":[\"https:\/\/www.estrategiaconcursos.com.br\/blog\/2a-semana-nacional-concursos\/#respond\"]}],\"copyrightYear\":\"2020\",\"copyrightHolder\":{\"@id\":\"https:\/\/www.estrategiaconcursos.com.br\/blog\/#organization\"}},{\"@type\":\"WebPage\",\"@id\":\"https:\/\/www.estrategiaconcursos.com.br\/blog\/2a-semana-nacional-concursos\/\",\"url\":\"https:\/\/www.estrategiaconcursos.com.br\/blog\/2a-semana-nacional-concursos\/\",\"name\":\"2\u00aa Semana Nacional dos Concursos P\u00fablicos: De 6 a 12 de julho!\",\"isPartOf\":{\"@id\":\"https:\/\/www.estrategiaconcursos.com.br\/blog\/#website\"},\"primaryImageOfPage\":{\"@id\":\"https:\/\/www.estrategiaconcursos.com.br\/blog\/2a-semana-nacional-concursos\/#primaryimage\"},\"image\":{\"@id\":\"https:\/\/www.estrategiaconcursos.com.br\/blog\/2a-semana-nacional-concursos\/#primaryimage\"},\"thumbnailUrl\":\"https:\/\/dhg1h5j42swfq.cloudfront.net\/2020\/07\/02195321\/EMAIL.jpg\",\"datePublished\":\"2020-07-11T10:00:00+00:00\",\"dateModified\":\"2023-04-11T14:18:09+00:00\",\"description\":\"De 06 a 12 de julho o Estat\u00e9gia realizar\u00e1 a 2\u00aa Semana Nacional dos Concursos P\u00fablicos, com eventos gratuitos tratando de diversos temas atuais. N\u00e3o perca!\",\"breadcrumb\":{\"@id\":\"https:\/\/www.estrategiaconcursos.com.br\/blog\/2a-semana-nacional-concursos\/#breadcrumb\"},\"inLanguage\":\"pt-BR\",\"potentialAction\":[{\"@type\":\"ReadAction\",\"target\":[\"https:\/\/www.estrategiaconcursos.com.br\/blog\/2a-semana-nacional-concursos\/\"]}]},{\"@type\":\"ImageObject\",\"inLanguage\":\"pt-BR\",\"@id\":\"https:\/\/www.estrategiaconcursos.com.br\/blog\/2a-semana-nacional-concursos\/#primaryimage\",\"url\":\"https:\/\/dhg1h5j42swfq.cloudfront.net\/2020\/07\/02195321\/EMAIL.jpg\",\"contentUrl\":\"https:\/\/dhg1h5j42swfq.cloudfront.net\/2020\/07\/02195321\/EMAIL.jpg\",\"width\":800,\"height\":450,\"caption\":\"2\u00aa Semana Nacional dos Concursos P\u00fablicos\"},{\"@type\":\"BreadcrumbList\",\"@id\":\"https:\/\/www.estrategiaconcursos.com.br\/blog\/2a-semana-nacional-concursos\/#breadcrumb\",\"itemListElement\":[{\"@type\":\"ListItem\",\"position\":1,\"name\":\"In\u00edcio\",\"item\":\"https:\/\/www.estrategiaconcursos.com.br\/blog\/\"},{\"@type\":\"ListItem\",\"position\":2,\"name\":\"2\u00aa Semana Nacional dos Concursos P\u00fablicos: De 6 a 12 de julho!\"}]},{\"@type\":\"WebSite\",\"@id\":\"https:\/\/www.estrategiaconcursos.com.br\/blog\/#website\",\"url\":\"https:\/\/www.estrategiaconcursos.com.br\/blog\/\",\"name\":\"Estrat\u00e9gia Concursos\",\"description\":\"O blog da Estrat\u00e9gia Concursos traz not\u00edcias sobre concursos e artigos de professores oferecendo cursos para concursos (pdf + videaulas) no site.\",\"publisher\":{\"@id\":\"https:\/\/www.estrategiaconcursos.com.br\/blog\/#organization\"},\"potentialAction\":[{\"@type\":\"SearchAction\",\"target\":{\"@type\":\"EntryPoint\",\"urlTemplate\":\"https:\/\/www.estrategiaconcursos.com.br\/blog\/?s={search_term_string}\"},\"query-input\":{\"@type\":\"PropertyValueSpecification\",\"valueRequired\":true,\"valueName\":\"search_term_string\"}}],\"inLanguage\":\"pt-BR\"},{\"@type\":\"Organization\",\"@id\":\"https:\/\/www.estrategiaconcursos.com.br\/blog\/#organization\",\"name\":\"Estrat\u00e9gia Concursos\",\"url\":\"https:\/\/www.estrategiaconcursos.com.br\/blog\/\",\"logo\":{\"@type\":\"ImageObject\",\"inLanguage\":\"pt-BR\",\"@id\":\"https:\/\/www.estrategiaconcursos.com.br\/blog\/#\/schema\/logo\/image\/\",\"url\":\"https:\/\/dhg1h5j42swfq.cloudfront.net\/2025\/06\/03203428\/logo_concursos-1.jpg\",\"contentUrl\":\"https:\/\/dhg1h5j42swfq.cloudfront.net\/2025\/06\/03203428\/logo_concursos-1.jpg\",\"width\":230,\"height\":60,\"caption\":\"Estrat\u00e9gia Concursos\"},\"image\":{\"@id\":\"https:\/\/www.estrategiaconcursos.com.br\/blog\/#\/schema\/logo\/image\/\"},\"sameAs\":[\"https:\/\/x.com\/EstratConcursos\"]},{\"@type\":\"Person\",\"@id\":\"https:\/\/www.estrategiaconcursos.com.br\/blog\/#\/schema\/person\/c32e47dba2159cafe7796a9569a6ff7e\",\"name\":\"Ricardo Vale\",\"image\":{\"@type\":\"ImageObject\",\"inLanguage\":\"pt-BR\",\"@id\":\"https:\/\/secure.gravatar.com\/avatar\/e5a5658c798bb49dd53314263f59f38c192d73370fb65839a372c2ae9027be74?s=96&d=mm&r=g\",\"url\":\"https:\/\/secure.gravatar.com\/avatar\/e5a5658c798bb49dd53314263f59f38c192d73370fb65839a372c2ae9027be74?s=96&d=mm&r=g\",\"contentUrl\":\"https:\/\/secure.gravatar.com\/avatar\/e5a5658c798bb49dd53314263f59f38c192d73370fb65839a372c2ae9027be74?s=96&d=mm&r=g\",\"caption\":\"Ricardo Vale\"},\"sameAs\":[\"https:\/\/www.facebook.com\/rvale01\",\"https:\/\/x.com\/https:\/\/twitter.com\/EstratConcursos\"],\"url\":\"https:\/\/www.estrategiaconcursos.com.br\/blog\/author\/ricardovaleestrategiaconcursos-com-br\/\"}]}<\/script>\n<!-- \/ Yoast SEO Premium plugin. -->","yoast_head_json":{"title":"2\u00aa Semana Nacional dos Concursos P\u00fablicos: De 6 a 12 de julho!","description":"De 06 a 12 de julho o Estat\u00e9gia realizar\u00e1 a 2\u00aa Semana Nacional dos Concursos P\u00fablicos, com eventos gratuitos tratando de diversos temas atuais. N\u00e3o perca!","robots":{"index":"index","follow":"follow","max-snippet":"max-snippet:-1","max-image-preview":"max-image-preview:large","max-video-preview":"max-video-preview:-1"},"canonical":"https:\/\/www.estrategiaconcursos.com.br\/blog\/2a-semana-nacional-concursos\/","og_locale":"pt_BR","og_type":"article","og_title":"2\u00aa Semana Nacional dos Concursos P\u00fablicos: De 6 a 12 de julho!","og_description":"De 06 a 12 de julho o Estat\u00e9gia realizar\u00e1 a 2\u00aa Semana Nacional dos Concursos P\u00fablicos, com eventos gratuitos tratando de diversos temas atuais. N\u00e3o perca!","og_url":"https:\/\/www.estrategiaconcursos.com.br\/blog\/2a-semana-nacional-concursos\/","og_site_name":"Estrat\u00e9gia Concursos","article_author":"https:\/\/www.facebook.com\/rvale01","article_published_time":"2020-07-11T10:00:00+00:00","article_modified_time":"2023-04-11T14:18:09+00:00","og_image":[{"width":800,"height":450,"url":"https:\/\/dhg1h5j42swfq.cloudfront.net\/2020\/07\/02195321\/EMAIL.jpg","type":"image\/jpeg"}],"author":"Ricardo Vale","twitter_card":"summary_large_image","twitter_creator":"@https:\/\/twitter.com\/EstratConcursos","twitter_site":"@EstratConcursos","twitter_misc":{"Escrito por":"Ricardo Vale","Est. tempo de leitura":"3 minutos"},"schema":{"@context":"https:\/\/schema.org","@graph":[{"@type":"NewsArticle","@id":"https:\/\/www.estrategiaconcursos.com.br\/blog\/2a-semana-nacional-concursos\/#article","isPartOf":{"@id":"https:\/\/www.estrategiaconcursos.com.br\/blog\/2a-semana-nacional-concursos\/"},"author":{"name":"Ricardo Vale","@id":"https:\/\/www.estrategiaconcursos.com.br\/blog\/#\/schema\/person\/c32e47dba2159cafe7796a9569a6ff7e"},"headline":"2\u00aa Semana Nacional dos Concursos P\u00fablicos: De 6 a 12 de julho!","datePublished":"2020-07-11T10:00:00+00:00","dateModified":"2023-04-11T14:18:09+00:00","mainEntityOfPage":{"@id":"https:\/\/www.estrategiaconcursos.com.br\/blog\/2a-semana-nacional-concursos\/"},"wordCount":574,"commentCount":0,"publisher":{"@id":"https:\/\/www.estrategiaconcursos.com.br\/blog\/#organization"},"image":{"@id":"https:\/\/www.estrategiaconcursos.com.br\/blog\/2a-semana-nacional-concursos\/#primaryimage"},"thumbnailUrl":"https:\/\/dhg1h5j42swfq.cloudfront.net\/2020\/07\/02195321\/EMAIL.jpg","articleSection":["Concursos P\u00fablicos"],"inLanguage":"pt-BR","potentialAction":[{"@type":"CommentAction","name":"Comment","target":["https:\/\/www.estrategiaconcursos.com.br\/blog\/2a-semana-nacional-concursos\/#respond"]}],"copyrightYear":"2020","copyrightHolder":{"@id":"https:\/\/www.estrategiaconcursos.com.br\/blog\/#organization"}},{"@type":"WebPage","@id":"https:\/\/www.estrategiaconcursos.com.br\/blog\/2a-semana-nacional-concursos\/","url":"https:\/\/www.estrategiaconcursos.com.br\/blog\/2a-semana-nacional-concursos\/","name":"2\u00aa Semana Nacional dos Concursos P\u00fablicos: De 6 a 12 de julho!","isPartOf":{"@id":"https:\/\/www.estrategiaconcursos.com.br\/blog\/#website"},"primaryImageOfPage":{"@id":"https:\/\/www.estrategiaconcursos.com.br\/blog\/2a-semana-nacional-concursos\/#primaryimage"},"image":{"@id":"https:\/\/www.estrategiaconcursos.com.br\/blog\/2a-semana-nacional-concursos\/#primaryimage"},"thumbnailUrl":"https:\/\/dhg1h5j42swfq.cloudfront.net\/2020\/07\/02195321\/EMAIL.jpg","datePublished":"2020-07-11T10:00:00+00:00","dateModified":"2023-04-11T14:18:09+00:00","description":"De 06 a 12 de julho o Estat\u00e9gia realizar\u00e1 a 2\u00aa Semana Nacional dos Concursos P\u00fablicos, com eventos gratuitos tratando de diversos temas atuais. N\u00e3o perca!","breadcrumb":{"@id":"https:\/\/www.estrategiaconcursos.com.br\/blog\/2a-semana-nacional-concursos\/#breadcrumb"},"inLanguage":"pt-BR","potentialAction":[{"@type":"ReadAction","target":["https:\/\/www.estrategiaconcursos.com.br\/blog\/2a-semana-nacional-concursos\/"]}]},{"@type":"ImageObject","inLanguage":"pt-BR","@id":"https:\/\/www.estrategiaconcursos.com.br\/blog\/2a-semana-nacional-concursos\/#primaryimage","url":"https:\/\/dhg1h5j42swfq.cloudfront.net\/2020\/07\/02195321\/EMAIL.jpg","contentUrl":"https:\/\/dhg1h5j42swfq.cloudfront.net\/2020\/07\/02195321\/EMAIL.jpg","width":800,"height":450,"caption":"2\u00aa Semana Nacional dos Concursos P\u00fablicos"},{"@type":"BreadcrumbList","@id":"https:\/\/www.estrategiaconcursos.com.br\/blog\/2a-semana-nacional-concursos\/#breadcrumb","itemListElement":[{"@type":"ListItem","position":1,"name":"In\u00edcio","item":"https:\/\/www.estrategiaconcursos.com.br\/blog\/"},{"@type":"ListItem","position":2,"name":"2\u00aa Semana Nacional dos Concursos P\u00fablicos: De 6 a 12 de julho!"}]},{"@type":"WebSite","@id":"https:\/\/www.estrategiaconcursos.com.br\/blog\/#website","url":"https:\/\/www.estrategiaconcursos.com.br\/blog\/","name":"Estrat\u00e9gia Concursos","description":"O blog da Estrat\u00e9gia Concursos traz not\u00edcias sobre concursos e artigos de professores oferecendo cursos para concursos (pdf + videaulas) no site.","publisher":{"@id":"https:\/\/www.estrategiaconcursos.com.br\/blog\/#organization"},"potentialAction":[{"@type":"SearchAction","target":{"@type":"EntryPoint","urlTemplate":"https:\/\/www.estrategiaconcursos.com.br\/blog\/?s={search_term_string}"},"query-input":{"@type":"PropertyValueSpecification","valueRequired":true,"valueName":"search_term_string"}}],"inLanguage":"pt-BR"},{"@type":"Organization","@id":"https:\/\/www.estrategiaconcursos.com.br\/blog\/#organization","name":"Estrat\u00e9gia Concursos","url":"https:\/\/www.estrategiaconcursos.com.br\/blog\/","logo":{"@type":"ImageObject","inLanguage":"pt-BR","@id":"https:\/\/www.estrategiaconcursos.com.br\/blog\/#\/schema\/logo\/image\/","url":"https:\/\/dhg1h5j42swfq.cloudfront.net\/2025\/06\/03203428\/logo_concursos-1.jpg","contentUrl":"https:\/\/dhg1h5j42swfq.cloudfront.net\/2025\/06\/03203428\/logo_concursos-1.jpg","width":230,"height":60,"caption":"Estrat\u00e9gia Concursos"},"image":{"@id":"https:\/\/www.estrategiaconcursos.com.br\/blog\/#\/schema\/logo\/image\/"},"sameAs":["https:\/\/x.com\/EstratConcursos"]},{"@type":"Person","@id":"https:\/\/www.estrategiaconcursos.com.br\/blog\/#\/schema\/person\/c32e47dba2159cafe7796a9569a6ff7e","name":"Ricardo Vale","image":{"@type":"ImageObject","inLanguage":"pt-BR","@id":"https:\/\/secure.gravatar.com\/avatar\/e5a5658c798bb49dd53314263f59f38c192d73370fb65839a372c2ae9027be74?s=96&d=mm&r=g","url":"https:\/\/secure.gravatar.com\/avatar\/e5a5658c798bb49dd53314263f59f38c192d73370fb65839a372c2ae9027be74?s=96&d=mm&r=g","contentUrl":"https:\/\/secure.gravatar.com\/avatar\/e5a5658c798bb49dd53314263f59f38c192d73370fb65839a372c2ae9027be74?s=96&d=mm&r=g","caption":"Ricardo Vale"},"sameAs":["https:\/\/www.facebook.com\/rvale01","https:\/\/x.com\/https:\/\/twitter.com\/EstratConcursos"],"url":"https:\/\/www.estrategiaconcursos.com.br\/blog\/author\/ricardovaleestrategiaconcursos-com-br\/"}]}},"_links":{"self":[{"href":"https:\/\/www.estrategiaconcursos.com.br\/blog\/wp-json\/wp\/v2\/posts\/537226","targetHints":{"allow":["GET"]}}],"collection":[{"href":"https:\/\/www.estrategiaconcursos.com.br\/blog\/wp-json\/wp\/v2\/posts"}],"about":[{"href":"https:\/\/www.estrategiaconcursos.com.br\/blog\/wp-json\/wp\/v2\/types\/post"}],"author":[{"embeddable":true,"href":"https:\/\/www.estrategiaconcursos.com.br\/blog\/wp-json\/wp\/v2\/users\/26"}],"replies":[{"embeddable":true,"href":"https:\/\/www.estrategiaconcursos.com.br\/blog\/wp-json\/wp\/v2\/comments?post=537226"}],"version-history":[{"count":25,"href":"https:\/\/www.estrategiaconcursos.com.br\/blog\/wp-json\/wp\/v2\/posts\/537226\/revisions"}],"predecessor-version":[{"id":1199885,"href":"https:\/\/www.estrategiaconcursos.com.br\/blog\/wp-json\/wp\/v2\/posts\/537226\/revisions\/1199885"}],"wp:featuredmedia":[{"embeddable":true,"href":"https:\/\/www.estrategiaconcursos.com.br\/blog\/wp-json\/wp\/v2\/media\/537237"}],"wp:attachment":[{"href":"https:\/\/www.estrategiaconcursos.com.br\/blog\/wp-json\/wp\/v2\/media?parent=537226"}],"wp:term":[{"taxonomy":"category","embeddable":true,"href":"https:\/\/www.estrategiaconcursos.com.br\/blog\/wp-json\/wp\/v2\/categories?post=537226"},{"taxonomy":"post_tag","embeddable":true,"href":"https:\/\/www.estrategiaconcursos.com.br\/blog\/wp-json\/wp\/v2\/tags?post=537226"},{"taxonomy":"tax_estado","embeddable":true,"href":"https:\/\/www.estrategiaconcursos.com.br\/blog\/wp-json\/wp\/v2\/tax_estado?post=537226"}],"curies":[{"name":"wp","href":"https:\/\/api.w.org\/{rel}","templated":true}]}}