{"id":537124,"date":"2020-07-02T17:10:41","date_gmt":"2020-07-02T20:10:41","guid":{"rendered":"https:\/\/www.estrategiaconcursos.com.br\/blog\/?p=537124"},"modified":"2021-03-04T16:00:22","modified_gmt":"2021-03-04T19:00:22","slug":"novo-edital-policia-civil-es","status":"publish","type":"post","link":"https:\/\/www.estrategiaconcursos.com.br\/blog\/novo-edital-policia-civil-es\/","title":{"rendered":"Novo edital  para o concurso Pol\u00edcia Civil ES est\u00e1 em estudo! Confira aqui!"},"content":{"rendered":"\n<p>Foi confirmado pela Assessoria de Comunica\u00e7\u00e3o da Pol\u00edcia Civil do Esp\u00edrito santo ao Jornalismo do Estrat\u00e9gica concursos, que um novo certame (<strong><a href=\"https:\/\/www.estrategiaconcursos.com.br\/blog\/concursos-policia-civil\/\" target=\"_blank\" rel=\"noreferrer noopener\">concurso Pol\u00edcia Civil<\/a> ES<\/strong>) est\u00e1 em an\u00e1lise. Por\u00e9m, ainda n\u00e3o se sabe a data de publica\u00e7\u00e3o do documento.<\/p>\n\n\n\n<p><em>Veja abaixo o e-mail recebido que confirma a informa\u00e7\u00e3o:<\/em><\/p>\n\n\n\n<div class=\"wp-block-image\"><figure class=\"aligncenter size-large\"><img loading=\"lazy\" decoding=\"async\" width=\"1024\" height=\"270\" src=\"https:\/\/dhg1h5j42swfq.cloudfront.net\/2020\/07\/03143817\/WhatsApp-Image-2020-07-03-at-09.13.57-1024x270.jpeg\" alt=\"\" class=\"wp-image-537547\" srcset=\"https:\/\/dhg1h5j42swfq.cloudfront.net\/2020\/07\/03143817\/WhatsApp-Image-2020-07-03-at-09.13.57-1024x270.jpeg 1024w, https:\/\/dhg1h5j42swfq.cloudfront.net\/2020\/07\/03143817\/WhatsApp-Image-2020-07-03-at-09.13.57-300x79.jpeg 300w, https:\/\/dhg1h5j42swfq.cloudfront.net\/2020\/07\/03143817\/WhatsApp-Image-2020-07-03-at-09.13.57-768x203.jpeg 768w, https:\/\/dhg1h5j42swfq.cloudfront.net\/2020\/07\/03143817\/WhatsApp-Image-2020-07-03-at-09.13.57-610x161.jpeg 610w, https:\/\/dhg1h5j42swfq.cloudfront.net\/2020\/07\/03143817\/WhatsApp-Image-2020-07-03-at-09.13.57.jpeg 1280w\" sizes=\"auto, (max-width: 1024px) 100vw, 1024px\" \/><\/figure><\/div>\n\n\n\n<p>Anteriormente, o governador do Esp\u00edrito Santo, Renato Casagrande, havia autorizado a amplia\u00e7\u00e3o de vagas para o concurso da Pol\u00edcia Civil e Militar solicitado pelo secret\u00e1rio estadual de Seguran\u00e7a P\u00fablica, Roberto S\u00e1.<\/p>\n\n\n\n<p>O \u00faltimo certame da PC ES ocorreu em 2018, por\u00e9m n\u00e3o foi suficiente para cobrir o d\u00e9ficit de servidores. Desde o ano passado o estado tem enfrentado dificuldades com a seguran\u00e7a p\u00fablica o que acabou culminando em uma solicita\u00e7\u00e3o de empr\u00e9stimo ao BNDES.<\/p>\n\n\n\n<p>A expectativa \u00e9 que o novo certame contemple tamb\u00e9m vagas para o cargo de delegado, j\u00e1 que o \u00faltimo concurso n\u00e3o ofertou.<\/p>\n\n\n\n<p class=\"has-medium-font-size\"><strong>Ultimo concurso Pol\u00edcia Civil ES<\/strong><\/p>\n\n\n\n<p>O \u00faltimo concurso PC ES foi realizado em 2018 e teve como banca organizadora o Instituto AOCP. Foram ofertadas 173 vagas para os cargos descritos abaixo:<\/p>\n\n\n\n<p><em><strong>N\u00edvel Superior:<\/strong><\/em><\/p>\n\n\n\n<ul class=\"wp-block-list\"><li>Assistente Social \u2013 4 vagas<\/li><li>Escriv\u00e3o \u2013 20 vagas<\/li><li>Investigador \u2013 60 vagas<\/li><li>M\u00e9dico-Legista \u2013 15 vagas<\/li><li>Perito Oficial Criminal (Ci\u00eancias Cont\u00e1beis) \u2013 4 vagas<\/li><li>Perito Oficial Criminal (Ci\u00eancias Econ\u00f4micas, Direito ou Psicologia) \u2013 15 vagas<\/li><li>Perito Oficial Criminal (Engenharia Agron\u00f4mica, Florestal ou Ambiental) \u2013 2 vagas<\/li><li>Perito Oficial Criminal (Engenharias, Ci\u00eancia da Computa\u00e7\u00e3o, An\u00e1lise de Sistemas) \u2013 8 vagas<\/li><li>Perito Oficial Criminal (Engenharias, Geologia ou F\u00edsica) \u2013 8 vagas<\/li><li>Perito Oficial Criminal (Medicina Veterin\u00e1ria) \u2013 2 vagas<\/li><li>Perito Oficial Criminal (Odontologia) \u2013 2 vagas<\/li><li>Perito Oficial Criminal (Qu\u00edmica, Farm\u00e1cia, Ci\u00eancias Biol\u00f3gicas ou Biomedicina) \u2013 9 vagas<\/li><li>Psic\u00f3logo \u2013 4 vagas<\/li><\/ul>\n\n\n\n<p><strong><em>N\u00edvel m\u00e9dio<\/em><\/strong><\/p>\n\n\n\n<ul class=\"wp-block-list\"><li>Auxiliar de Per\u00edcia M\u00e9dico-Legal \u2013 20 vagas<\/li><\/ul>\n\n\n\n<p class=\"has-text-align-center has-very-light-gray-background-color has-background\" style=\"font-size:clamp(16.293px, 1.018rem + ((1vw - 3.2px) * 0.854), 25px);px\"><strong>Saiba mais:&nbsp;<a href=\"https:\/\/www.estrategiaconcursos.com.br\/blog\/concurso-policia-civil-es\/\" target=\"_blank\" rel=\"noreferrer noopener\" aria-label=\"Concurso Pol\u00edcia Civil ES (abre numa nova aba)\">Concurso Pol\u00edcia Civil ES<\/a><\/strong><\/p>\n\n\n\n<p class=\"has-text-align-center has-light-green-cyan-background-color has-background\" style=\"font-size:clamp(16.293px, 1.018rem + ((1vw - 3.2px) * 0.854), 25px);px\"><a href=\"https:\/\/www.estrategiaconcursos.com.br\/cursosPorConcurso\/policia-civil-se-escrivao-e-investigador-de-policia\/\"><strong>CURSOS PC ES<\/strong><\/a><\/p>\n\n\n\n<p class=\"has-text-align-center\"><em><strong>Assinatura Anual Ilimitada*<\/strong><\/em><\/p>\n\n\n\n<p class=\"has-text-align-center\"><em>Prepare-se com o melhor material e com quem mais aprova em Concursos P\u00fablicos em todo o pa\u00eds. Assine agora a nossa Assinatura Anual e tenha acesso ilimitado* a todos os nossos cursos.<\/em><\/p>\n\n\n\n<p class=\"has-text-align-center has-luminous-vivid-amber-background-color has-background\" style=\"font-size:clamp(16.293px, 1.018rem + ((1vw - 3.2px) * 0.854), 25px);px\"><strong>ASSINE AGORA<\/strong>&nbsp;\u2013&nbsp;<strong><a href=\"https:\/\/www.estrategiaconcursos.com.br\/assinaturas\" target=\"_blank\" rel=\"noreferrer noopener\">Assinatura Ilimitada<\/a><\/strong><\/p>\n\n\n\n<p class=\"has-text-align-center\"><em><strong>Fique por dentro de todos os concursos<\/strong><\/em><\/p>\n\n\n\n<p class=\"has-text-align-center has-pale-cyan-blue-background-color has-background\" style=\"font-size:clamp(16.293px, 1.018rem + ((1vw - 3.2px) * 0.854), 25px);px\"><a rel=\"noreferrer noopener\" href=\"https:\/\/www.estrategiaconcursos.com.br\/blog\/concursos-abertos\/\" target=\"_blank\"><strong>Concursos abertos<\/strong><\/a><\/p>\n\n\n\n<p class=\"has-text-align-center has-pale-cyan-blue-background-color has-background\" style=\"font-size:clamp(16.293px, 1.018rem + ((1vw - 3.2px) * 0.854), 25px);px\"><a rel=\"noreferrer noopener\" href=\"https:\/\/www.estrategiaconcursos.com.br\/blog\/concursos-2020\/\" target=\"_blank\"><strong>Concursos 2020<\/strong><\/a><\/p>\n","protected":false},"excerpt":{"rendered":"<p>Foi confirmado pela Assessoria de Comunica\u00e7\u00e3o da Pol\u00edcia Civil do Esp\u00edrito santo ao Jornalismo do Estrat\u00e9gica concursos, que um novo certame (concurso Pol\u00edcia Civil ES) est\u00e1 em an\u00e1lise. Por\u00e9m, ainda n\u00e3o se sabe a data de publica\u00e7\u00e3o do documento. Veja abaixo o e-mail recebido que confirma a informa\u00e7\u00e3o: Anteriormente, o governador do Esp\u00edrito Santo, Renato [&hellip;]<\/p>\n","protected":false},"author":552,"featured_media":537162,"comment_status":"open","ping_status":"closed","sticky":false,"template":"","format":"standard","meta":{"post_tipo":"article","footnotes":""},"categories":[1],"tags":[],"tax_estado":[],"class_list":["post-537124","post","type-post","status-publish","format-standard","has-post-thumbnail","hentry","category-cursos-e-concursos"],"acf":[],"yoast_head":"<!-- This site is optimized with the Yoast SEO Premium plugin v27.2 (Yoast SEO v27.2) - https:\/\/yoast.com\/product\/yoast-seo-premium-wordpress\/ -->\n<title>Novo edital para o concurso Pol\u00edcia Civil ES est\u00e1 em estudo! Confira aqui!<\/title>\n<meta name=\"description\" content=\"Concurso Pol\u00edcia Civil ES: foi confirmado pela Assessoria de Comunica\u00e7\u00e3o da Pol\u00edcia Civil do Esp\u00edrito santo que um novo certame est\u00e1 em an\u00e1lise. Confira!\" \/>\n<meta name=\"robots\" content=\"index, follow, max-snippet:-1, max-image-preview:large, max-video-preview:-1\" \/>\n<link rel=\"canonical\" href=\"https:\/\/www.estrategiaconcursos.com.br\/blog\/novo-edital-policia-civil-es\/\" \/>\n<meta property=\"og:locale\" content=\"pt_BR\" \/>\n<meta property=\"og:type\" content=\"article\" \/>\n<meta property=\"og:title\" content=\"Novo edital para o concurso Pol\u00edcia Civil ES est\u00e1 em estudo! Confira aqui!\" \/>\n<meta property=\"og:description\" content=\"Concurso Pol\u00edcia Civil ES: foi confirmado pela Assessoria de Comunica\u00e7\u00e3o da Pol\u00edcia Civil do Esp\u00edrito santo que um novo certame est\u00e1 em an\u00e1lise. Confira!\" \/>\n<meta property=\"og:url\" content=\"https:\/\/www.estrategiaconcursos.com.br\/blog\/novo-edital-policia-civil-es\/\" \/>\n<meta property=\"og:site_name\" content=\"Estrat\u00e9gia Concursos\" \/>\n<meta property=\"article:published_time\" content=\"2020-07-02T20:10:41+00:00\" \/>\n<meta property=\"article:modified_time\" content=\"2021-03-04T19:00:22+00:00\" \/>\n<meta property=\"og:image\" content=\"https:\/\/dhg1h5j42swfq.cloudfront.net\/2020\/07\/02170800\/pc-es.png\" \/>\n\t<meta property=\"og:image:width\" content=\"195\" \/>\n\t<meta property=\"og:image:height\" content=\"257\" \/>\n\t<meta property=\"og:image:type\" content=\"image\/png\" \/>\n<meta name=\"author\" content=\"Paulo Bilynskyj\" \/>\n<meta name=\"twitter:card\" content=\"summary_large_image\" \/>\n<meta name=\"twitter:creator\" content=\"@EstratConcursos\" \/>\n<meta name=\"twitter:site\" content=\"@EstratConcursos\" \/>\n<meta name=\"twitter:label1\" content=\"Escrito por\" \/>\n\t<meta name=\"twitter:data1\" content=\"Paulo Bilynskyj\" \/>\n\t<meta name=\"twitter:label2\" content=\"Est. tempo de leitura\" \/>\n\t<meta name=\"twitter:data2\" content=\"2 minutos\" \/>\n<script type=\"application\/ld+json\" class=\"yoast-schema-graph\">{\"@context\":\"https:\/\/schema.org\",\"@graph\":[{\"@type\":\"NewsArticle\",\"@id\":\"https:\/\/www.estrategiaconcursos.com.br\/blog\/novo-edital-policia-civil-es\/#article\",\"isPartOf\":{\"@id\":\"https:\/\/www.estrategiaconcursos.com.br\/blog\/novo-edital-policia-civil-es\/\"},\"author\":{\"name\":\"Paulo Bilynskyj\",\"@id\":\"https:\/\/www.estrategiaconcursos.com.br\/blog\/#\/schema\/person\/a630b15e36f45b4c21fed01219843cb5\"},\"headline\":\"Novo edital para o concurso Pol\u00edcia Civil ES est\u00e1 em estudo! Confira aqui!\",\"datePublished\":\"2020-07-02T20:10:41+00:00\",\"dateModified\":\"2021-03-04T19:00:22+00:00\",\"mainEntityOfPage\":{\"@id\":\"https:\/\/www.estrategiaconcursos.com.br\/blog\/novo-edital-policia-civil-es\/\"},\"wordCount\":381,\"commentCount\":0,\"publisher\":{\"@id\":\"https:\/\/www.estrategiaconcursos.com.br\/blog\/#organization\"},\"image\":{\"@id\":\"https:\/\/www.estrategiaconcursos.com.br\/blog\/novo-edital-policia-civil-es\/#primaryimage\"},\"thumbnailUrl\":\"https:\/\/dhg1h5j42swfq.cloudfront.net\/2020\/07\/02170800\/pc-es.png\",\"articleSection\":[\"Concursos P\u00fablicos\"],\"inLanguage\":\"pt-BR\",\"potentialAction\":[{\"@type\":\"CommentAction\",\"name\":\"Comment\",\"target\":[\"https:\/\/www.estrategiaconcursos.com.br\/blog\/novo-edital-policia-civil-es\/#respond\"]}],\"copyrightYear\":\"2020\",\"copyrightHolder\":{\"@id\":\"https:\/\/www.estrategiaconcursos.com.br\/blog\/#organization\"}},{\"@type\":\"WebPage\",\"@id\":\"https:\/\/www.estrategiaconcursos.com.br\/blog\/novo-edital-policia-civil-es\/\",\"url\":\"https:\/\/www.estrategiaconcursos.com.br\/blog\/novo-edital-policia-civil-es\/\",\"name\":\"Novo edital para o concurso Pol\u00edcia Civil ES est\u00e1 em estudo! Confira aqui!\",\"isPartOf\":{\"@id\":\"https:\/\/www.estrategiaconcursos.com.br\/blog\/#website\"},\"primaryImageOfPage\":{\"@id\":\"https:\/\/www.estrategiaconcursos.com.br\/blog\/novo-edital-policia-civil-es\/#primaryimage\"},\"image\":{\"@id\":\"https:\/\/www.estrategiaconcursos.com.br\/blog\/novo-edital-policia-civil-es\/#primaryimage\"},\"thumbnailUrl\":\"https:\/\/dhg1h5j42swfq.cloudfront.net\/2020\/07\/02170800\/pc-es.png\",\"datePublished\":\"2020-07-02T20:10:41+00:00\",\"dateModified\":\"2021-03-04T19:00:22+00:00\",\"description\":\"Concurso Pol\u00edcia Civil ES: foi confirmado pela Assessoria de Comunica\u00e7\u00e3o da Pol\u00edcia Civil do Esp\u00edrito santo que um novo certame est\u00e1 em an\u00e1lise. Confira!\",\"breadcrumb\":{\"@id\":\"https:\/\/www.estrategiaconcursos.com.br\/blog\/novo-edital-policia-civil-es\/#breadcrumb\"},\"inLanguage\":\"pt-BR\",\"potentialAction\":[{\"@type\":\"ReadAction\",\"target\":[\"https:\/\/www.estrategiaconcursos.com.br\/blog\/novo-edital-policia-civil-es\/\"]}]},{\"@type\":\"ImageObject\",\"inLanguage\":\"pt-BR\",\"@id\":\"https:\/\/www.estrategiaconcursos.com.br\/blog\/novo-edital-policia-civil-es\/#primaryimage\",\"url\":\"https:\/\/dhg1h5j42swfq.cloudfront.net\/2020\/07\/02170800\/pc-es.png\",\"contentUrl\":\"https:\/\/dhg1h5j42swfq.cloudfront.net\/2020\/07\/02170800\/pc-es.png\",\"width\":195,\"height\":257},{\"@type\":\"BreadcrumbList\",\"@id\":\"https:\/\/www.estrategiaconcursos.com.br\/blog\/novo-edital-policia-civil-es\/#breadcrumb\",\"itemListElement\":[{\"@type\":\"ListItem\",\"position\":1,\"name\":\"In\u00edcio\",\"item\":\"https:\/\/www.estrategiaconcursos.com.br\/blog\/\"},{\"@type\":\"ListItem\",\"position\":2,\"name\":\"Novo edital para o concurso Pol\u00edcia Civil ES est\u00e1 em estudo! Confira aqui!\"}]},{\"@type\":\"WebSite\",\"@id\":\"https:\/\/www.estrategiaconcursos.com.br\/blog\/#website\",\"url\":\"https:\/\/www.estrategiaconcursos.com.br\/blog\/\",\"name\":\"Estrat\u00e9gia Concursos\",\"description\":\"O blog da Estrat\u00e9gia Concursos traz not\u00edcias sobre concursos e artigos de professores oferecendo cursos para concursos (pdf + videaulas) no site.\",\"publisher\":{\"@id\":\"https:\/\/www.estrategiaconcursos.com.br\/blog\/#organization\"},\"potentialAction\":[{\"@type\":\"SearchAction\",\"target\":{\"@type\":\"EntryPoint\",\"urlTemplate\":\"https:\/\/www.estrategiaconcursos.com.br\/blog\/?s={search_term_string}\"},\"query-input\":{\"@type\":\"PropertyValueSpecification\",\"valueRequired\":true,\"valueName\":\"search_term_string\"}}],\"inLanguage\":\"pt-BR\"},{\"@type\":\"Organization\",\"@id\":\"https:\/\/www.estrategiaconcursos.com.br\/blog\/#organization\",\"name\":\"Estrat\u00e9gia Concursos\",\"url\":\"https:\/\/www.estrategiaconcursos.com.br\/blog\/\",\"logo\":{\"@type\":\"ImageObject\",\"inLanguage\":\"pt-BR\",\"@id\":\"https:\/\/www.estrategiaconcursos.com.br\/blog\/#\/schema\/logo\/image\/\",\"url\":\"https:\/\/dhg1h5j42swfq.cloudfront.net\/2025\/06\/03203428\/logo_concursos-1.jpg\",\"contentUrl\":\"https:\/\/dhg1h5j42swfq.cloudfront.net\/2025\/06\/03203428\/logo_concursos-1.jpg\",\"width\":230,\"height\":60,\"caption\":\"Estrat\u00e9gia Concursos\"},\"image\":{\"@id\":\"https:\/\/www.estrategiaconcursos.com.br\/blog\/#\/schema\/logo\/image\/\"},\"sameAs\":[\"https:\/\/x.com\/EstratConcursos\"]},{\"@type\":\"Person\",\"@id\":\"https:\/\/www.estrategiaconcursos.com.br\/blog\/#\/schema\/person\/a630b15e36f45b4c21fed01219843cb5\",\"name\":\"Paulo Bilynskyj\",\"image\":{\"@type\":\"ImageObject\",\"inLanguage\":\"pt-BR\",\"@id\":\"https:\/\/secure.gravatar.com\/avatar\/37e21f70c9042e7456beffdc6d31fe051f3f6dcbf252f69343a791b144852057?s=96&d=mm&r=g\",\"url\":\"https:\/\/secure.gravatar.com\/avatar\/37e21f70c9042e7456beffdc6d31fe051f3f6dcbf252f69343a791b144852057?s=96&d=mm&r=g\",\"contentUrl\":\"https:\/\/secure.gravatar.com\/avatar\/37e21f70c9042e7456beffdc6d31fe051f3f6dcbf252f69343a791b144852057?s=96&d=mm&r=g\",\"caption\":\"Paulo Bilynskyj\"},\"url\":\"https:\/\/www.estrategiaconcursos.com.br\/blog\/author\/pbilynskyjgmail-com\/\"}]}<\/script>\n<!-- \/ Yoast SEO Premium plugin. -->","yoast_head_json":{"title":"Novo edital para o concurso Pol\u00edcia Civil ES est\u00e1 em estudo! Confira aqui!","description":"Concurso Pol\u00edcia Civil ES: foi confirmado pela Assessoria de Comunica\u00e7\u00e3o da Pol\u00edcia Civil do Esp\u00edrito santo que um novo certame est\u00e1 em an\u00e1lise. Confira!","robots":{"index":"index","follow":"follow","max-snippet":"max-snippet:-1","max-image-preview":"max-image-preview:large","max-video-preview":"max-video-preview:-1"},"canonical":"https:\/\/www.estrategiaconcursos.com.br\/blog\/novo-edital-policia-civil-es\/","og_locale":"pt_BR","og_type":"article","og_title":"Novo edital para o concurso Pol\u00edcia Civil ES est\u00e1 em estudo! Confira aqui!","og_description":"Concurso Pol\u00edcia Civil ES: foi confirmado pela Assessoria de Comunica\u00e7\u00e3o da Pol\u00edcia Civil do Esp\u00edrito santo que um novo certame est\u00e1 em an\u00e1lise. Confira!","og_url":"https:\/\/www.estrategiaconcursos.com.br\/blog\/novo-edital-policia-civil-es\/","og_site_name":"Estrat\u00e9gia Concursos","article_published_time":"2020-07-02T20:10:41+00:00","article_modified_time":"2021-03-04T19:00:22+00:00","og_image":[{"width":195,"height":257,"url":"https:\/\/dhg1h5j42swfq.cloudfront.net\/2020\/07\/02170800\/pc-es.png","type":"image\/png"}],"author":"Paulo Bilynskyj","twitter_card":"summary_large_image","twitter_creator":"@EstratConcursos","twitter_site":"@EstratConcursos","twitter_misc":{"Escrito por":"Paulo Bilynskyj","Est. tempo de leitura":"2 minutos"},"schema":{"@context":"https:\/\/schema.org","@graph":[{"@type":"NewsArticle","@id":"https:\/\/www.estrategiaconcursos.com.br\/blog\/novo-edital-policia-civil-es\/#article","isPartOf":{"@id":"https:\/\/www.estrategiaconcursos.com.br\/blog\/novo-edital-policia-civil-es\/"},"author":{"name":"Paulo Bilynskyj","@id":"https:\/\/www.estrategiaconcursos.com.br\/blog\/#\/schema\/person\/a630b15e36f45b4c21fed01219843cb5"},"headline":"Novo edital para o concurso Pol\u00edcia Civil ES est\u00e1 em estudo! Confira aqui!","datePublished":"2020-07-02T20:10:41+00:00","dateModified":"2021-03-04T19:00:22+00:00","mainEntityOfPage":{"@id":"https:\/\/www.estrategiaconcursos.com.br\/blog\/novo-edital-policia-civil-es\/"},"wordCount":381,"commentCount":0,"publisher":{"@id":"https:\/\/www.estrategiaconcursos.com.br\/blog\/#organization"},"image":{"@id":"https:\/\/www.estrategiaconcursos.com.br\/blog\/novo-edital-policia-civil-es\/#primaryimage"},"thumbnailUrl":"https:\/\/dhg1h5j42swfq.cloudfront.net\/2020\/07\/02170800\/pc-es.png","articleSection":["Concursos P\u00fablicos"],"inLanguage":"pt-BR","potentialAction":[{"@type":"CommentAction","name":"Comment","target":["https:\/\/www.estrategiaconcursos.com.br\/blog\/novo-edital-policia-civil-es\/#respond"]}],"copyrightYear":"2020","copyrightHolder":{"@id":"https:\/\/www.estrategiaconcursos.com.br\/blog\/#organization"}},{"@type":"WebPage","@id":"https:\/\/www.estrategiaconcursos.com.br\/blog\/novo-edital-policia-civil-es\/","url":"https:\/\/www.estrategiaconcursos.com.br\/blog\/novo-edital-policia-civil-es\/","name":"Novo edital para o concurso Pol\u00edcia Civil ES est\u00e1 em estudo! Confira aqui!","isPartOf":{"@id":"https:\/\/www.estrategiaconcursos.com.br\/blog\/#website"},"primaryImageOfPage":{"@id":"https:\/\/www.estrategiaconcursos.com.br\/blog\/novo-edital-policia-civil-es\/#primaryimage"},"image":{"@id":"https:\/\/www.estrategiaconcursos.com.br\/blog\/novo-edital-policia-civil-es\/#primaryimage"},"thumbnailUrl":"https:\/\/dhg1h5j42swfq.cloudfront.net\/2020\/07\/02170800\/pc-es.png","datePublished":"2020-07-02T20:10:41+00:00","dateModified":"2021-03-04T19:00:22+00:00","description":"Concurso Pol\u00edcia Civil ES: foi confirmado pela Assessoria de Comunica\u00e7\u00e3o da Pol\u00edcia Civil do Esp\u00edrito santo que um novo certame est\u00e1 em an\u00e1lise. Confira!","breadcrumb":{"@id":"https:\/\/www.estrategiaconcursos.com.br\/blog\/novo-edital-policia-civil-es\/#breadcrumb"},"inLanguage":"pt-BR","potentialAction":[{"@type":"ReadAction","target":["https:\/\/www.estrategiaconcursos.com.br\/blog\/novo-edital-policia-civil-es\/"]}]},{"@type":"ImageObject","inLanguage":"pt-BR","@id":"https:\/\/www.estrategiaconcursos.com.br\/blog\/novo-edital-policia-civil-es\/#primaryimage","url":"https:\/\/dhg1h5j42swfq.cloudfront.net\/2020\/07\/02170800\/pc-es.png","contentUrl":"https:\/\/dhg1h5j42swfq.cloudfront.net\/2020\/07\/02170800\/pc-es.png","width":195,"height":257},{"@type":"BreadcrumbList","@id":"https:\/\/www.estrategiaconcursos.com.br\/blog\/novo-edital-policia-civil-es\/#breadcrumb","itemListElement":[{"@type":"ListItem","position":1,"name":"In\u00edcio","item":"https:\/\/www.estrategiaconcursos.com.br\/blog\/"},{"@type":"ListItem","position":2,"name":"Novo edital para o concurso Pol\u00edcia Civil ES est\u00e1 em estudo! Confira aqui!"}]},{"@type":"WebSite","@id":"https:\/\/www.estrategiaconcursos.com.br\/blog\/#website","url":"https:\/\/www.estrategiaconcursos.com.br\/blog\/","name":"Estrat\u00e9gia Concursos","description":"O blog da Estrat\u00e9gia Concursos traz not\u00edcias sobre concursos e artigos de professores oferecendo cursos para concursos (pdf + videaulas) no site.","publisher":{"@id":"https:\/\/www.estrategiaconcursos.com.br\/blog\/#organization"},"potentialAction":[{"@type":"SearchAction","target":{"@type":"EntryPoint","urlTemplate":"https:\/\/www.estrategiaconcursos.com.br\/blog\/?s={search_term_string}"},"query-input":{"@type":"PropertyValueSpecification","valueRequired":true,"valueName":"search_term_string"}}],"inLanguage":"pt-BR"},{"@type":"Organization","@id":"https:\/\/www.estrategiaconcursos.com.br\/blog\/#organization","name":"Estrat\u00e9gia Concursos","url":"https:\/\/www.estrategiaconcursos.com.br\/blog\/","logo":{"@type":"ImageObject","inLanguage":"pt-BR","@id":"https:\/\/www.estrategiaconcursos.com.br\/blog\/#\/schema\/logo\/image\/","url":"https:\/\/dhg1h5j42swfq.cloudfront.net\/2025\/06\/03203428\/logo_concursos-1.jpg","contentUrl":"https:\/\/dhg1h5j42swfq.cloudfront.net\/2025\/06\/03203428\/logo_concursos-1.jpg","width":230,"height":60,"caption":"Estrat\u00e9gia Concursos"},"image":{"@id":"https:\/\/www.estrategiaconcursos.com.br\/blog\/#\/schema\/logo\/image\/"},"sameAs":["https:\/\/x.com\/EstratConcursos"]},{"@type":"Person","@id":"https:\/\/www.estrategiaconcursos.com.br\/blog\/#\/schema\/person\/a630b15e36f45b4c21fed01219843cb5","name":"Paulo Bilynskyj","image":{"@type":"ImageObject","inLanguage":"pt-BR","@id":"https:\/\/secure.gravatar.com\/avatar\/37e21f70c9042e7456beffdc6d31fe051f3f6dcbf252f69343a791b144852057?s=96&d=mm&r=g","url":"https:\/\/secure.gravatar.com\/avatar\/37e21f70c9042e7456beffdc6d31fe051f3f6dcbf252f69343a791b144852057?s=96&d=mm&r=g","contentUrl":"https:\/\/secure.gravatar.com\/avatar\/37e21f70c9042e7456beffdc6d31fe051f3f6dcbf252f69343a791b144852057?s=96&d=mm&r=g","caption":"Paulo Bilynskyj"},"url":"https:\/\/www.estrategiaconcursos.com.br\/blog\/author\/pbilynskyjgmail-com\/"}]}},"_links":{"self":[{"href":"https:\/\/www.estrategiaconcursos.com.br\/blog\/wp-json\/wp\/v2\/posts\/537124","targetHints":{"allow":["GET"]}}],"collection":[{"href":"https:\/\/www.estrategiaconcursos.com.br\/blog\/wp-json\/wp\/v2\/posts"}],"about":[{"href":"https:\/\/www.estrategiaconcursos.com.br\/blog\/wp-json\/wp\/v2\/types\/post"}],"author":[{"embeddable":true,"href":"https:\/\/www.estrategiaconcursos.com.br\/blog\/wp-json\/wp\/v2\/users\/552"}],"replies":[{"embeddable":true,"href":"https:\/\/www.estrategiaconcursos.com.br\/blog\/wp-json\/wp\/v2\/comments?post=537124"}],"version-history":[{"count":6,"href":"https:\/\/www.estrategiaconcursos.com.br\/blog\/wp-json\/wp\/v2\/posts\/537124\/revisions"}],"predecessor-version":[{"id":685334,"href":"https:\/\/www.estrategiaconcursos.com.br\/blog\/wp-json\/wp\/v2\/posts\/537124\/revisions\/685334"}],"wp:featuredmedia":[{"embeddable":true,"href":"https:\/\/www.estrategiaconcursos.com.br\/blog\/wp-json\/wp\/v2\/media\/537162"}],"wp:attachment":[{"href":"https:\/\/www.estrategiaconcursos.com.br\/blog\/wp-json\/wp\/v2\/media?parent=537124"}],"wp:term":[{"taxonomy":"category","embeddable":true,"href":"https:\/\/www.estrategiaconcursos.com.br\/blog\/wp-json\/wp\/v2\/categories?post=537124"},{"taxonomy":"post_tag","embeddable":true,"href":"https:\/\/www.estrategiaconcursos.com.br\/blog\/wp-json\/wp\/v2\/tags?post=537124"},{"taxonomy":"tax_estado","embeddable":true,"href":"https:\/\/www.estrategiaconcursos.com.br\/blog\/wp-json\/wp\/v2\/tax_estado?post=537124"}],"curies":[{"name":"wp","href":"https:\/\/api.w.org\/{rel}","templated":true}]}}