{"id":537030,"date":"2024-10-15T01:35:25","date_gmt":"2024-10-15T04:35:25","guid":{"rendered":"https:\/\/www.estrategiaconcursos.com.br\/blog\/?p=537030"},"modified":"2024-10-16T11:36:35","modified_gmt":"2024-10-16T14:36:35","slug":"concurso-prefeitura-mozarlandia","status":"publish","type":"post","link":"https:\/\/www.estrategiaconcursos.com.br\/blog\/concurso-prefeitura-mozarlandia\/","title":{"rendered":"Concurso Mozarl\u00e2ndia: sa\u00edram os gabaritos! Confira!"},"content":{"rendered":"<a id=\"cta-icon\" href=\"https:\/\/www.redirectmais.com\/wpp\/pref-mozarlandia-grupo\" target=\"blank\" style=\"background:rgb(41,166,26)\">\n            <img decoding=\"async\" src=\"https:\/\/dhg1h5j42swfq.cloudfront.net\/2024\/01\/03154041\/whatsapp_13851.png\" alt=\"\" alt=\"whatsapp_13851\"><span > Acesse agora o Grupo de Estudos para Prefeitura de Mozarl\u00e2ndia<\/span><\/a>\n\n\n\n<p>Est\u00e3o dispon\u00edveis os gabaritos preliminares das provas do concurso p\u00fablico da <strong>Prefeitura de Mozarl\u00e2ndia<\/strong>, munic\u00edpio de Goi\u00e1s. <\/p>\n\n\n\n<ul class=\"wp-block-list\">\n<li><a href=\"https:\/\/dhg1h5j42swfq.cloudfront.net\/2024\/10\/16013151\/arq_concurso_4079.pdf\" target=\"_blank\" rel=\"noreferrer noopener nofollow\">Confira os gabaritos<\/a><\/li>\n<\/ul>\n\n\n\n<p>Agora, os interessados poder\u00e3o interpor recursos no site da banca <strong>ITAME<\/strong>, entre os dias 16 e 17 de outubro.<\/p>\n\n\n\n<p>O certame oferta <strong>246 vagas imediatas<\/strong>, al\u00e9m das <strong>1.240 posi\u00e7\u00f5es reservadas para cadastro de reserva.<\/strong> Os cargos dispon\u00edveis s\u00e3o para n\u00edvel fundamental (completo ou incompleto), m\u00e9dio, t\u00e9cnico ou superior. <\/p>\n\n\n\n<ul style=\"background-color:#eeefef\" class=\"wp-block-list has-background\">\n<li><strong>Prefeitura Municipal de Mozarl\u00e2ndia<\/strong><\/li>\n\n\n\n<li><strong style=\"color: initial;\">Situa\u00e7\u00e3o:<\/strong><span style=\"color: initial;\">\u00a0<\/span>gabaritos divulgados<\/li>\n\n\n\n<li><strong>Banca:<\/strong>&nbsp;<a href=\"https:\/\/www.itame.com.br\/site\/concursos_detalhes.aspx?conid=K+baYJIkvUY=\" target=\"_blank\" rel=\"noreferrer noopener\">ITAME<\/a><\/li>\n\n\n\n<li><strong>Vagas:<\/strong>&nbsp;246 + 1.240 CR<\/li>\n\n\n\n<li><strong>Sal\u00e1rio inicial:<\/strong>&nbsp;R$ 1.465,36 a R$ 17.784,24<\/li>\n\n\n\n<li><strong>Edital retificado:<\/strong> <a href=\"https:\/\/dhg1h5j42swfq.cloudfront.net\/2024\/07\/29140201\/arq_concurso_3994.pdf\" target=\"_blank\" rel=\"noreferrer noopener nofollow\">Mozarl\u00e2ndia 2024<\/a><\/li>\n<\/ul>\n\n\n\n<p>Confira neste artigo mais informa\u00e7\u00f5es sobre o concurso Mozarl\u00e2ndia e os detalhes de seu edital. Acompanhe pelos t\u00f3picos abaixo:<\/p>\n\n\n\n<ul id=\"indice\" class=\"wp-block-list\">\n<li><strong><a href=\"#reetificacoes\">Retifica\u00e7\u00f5es<\/a><\/strong><\/li>\n\n\n\n<li><a href=\"#vagas\"><strong>Distribui\u00e7\u00e3o das vagas<\/strong><\/a>\n<ul class=\"wp-block-list\">\n<li><a href=\"#medio\">N\u00edvel m\u00e9dio<\/a><\/li>\n\n\n\n<li><a href=\"#superior\">N\u00edvel superior<\/a><\/li>\n<\/ul>\n<\/li>\n\n\n\n<li><a href=\"#etapas\"><strong>Etapas<\/strong><\/a>\n<ul class=\"wp-block-list\">\n<li><a href=\"#objetiva\">Prova objetiva<\/a><\/li>\n\n\n\n<li><a href=\"#titulos\">Prova de t\u00edtulos<\/a><\/li>\n\n\n\n<li><a href=\"#pratica\">Prova pr\u00e1tica<\/a><\/li>\n<\/ul>\n<\/li>\n\n\n\n<li><a href=\"#cursos-assinatura\"><strong>Assinatura e cursos<\/strong><\/a><\/li>\n\n\n\n<li><a href=\"#ficha-tecnica\"><strong>Ficha t\u00e9cnica<\/strong><\/a><\/li>\n<\/ul>\n\n\n\n<div class=\"container\" id=\"boxes\">\n  <div class=\"row\">\n\n    <div class=\"col-sm\">\n      <div class=\"banner-estrategia\" id=\"box-assinatura\">\n        <h3 class=\"titulo-assinatura\">Cursos para concursos<\/h3>\n        <p class=\"subtitulo-assinatura\">Conhe\u00e7a os cursos<\/p>\n        <div class=\"box-botao\">\n          <a class=\"btn-assinatura\" target=\"_blank\" href=\"https:\/\/www.estrategiaconcursos.com.br\/pesquisa\/?q=prefeitura+mozarlandia\" role=\"button\" rel=\"noopener noreferrer\">Conhe\u00e7a mais<\/a>\n        <\/div>\n      <\/div>\n     \n    <\/div>\n\n  <\/div>\n<\/div>\n\n\n\n<h2 class=\"wp-block-heading\" id=\"retificacoes\">Retifica\u00e7\u00f5es do edital<\/h2>\n\n\n\n<p><strong><a href=\"https:\/\/dhg1h5j42swfq.cloudfront.net\/2024\/08\/30111731\/arq_concurso_3995.pdf\" target=\"_blank\" rel=\"noreferrer noopener nofollow\">Retifica\u00e7\u00e3o 1<\/a><\/strong> (25\/07\/2024)<br \/>Retifica\u00e7\u00e3o nas atribui\u00e7\u00f5es dos cargos de Profissional de Educa\u00e7\u00e3o.<\/p>\n\n\n\n<p><strong><a href=\"https:\/\/dhg1h5j42swfq.cloudfront.net\/2024\/09\/16143230\/arq_concurso_4053.pdf\" target=\"_blank\" rel=\"noreferrer noopener nofollow\">Retifica\u00e7\u00e3o 2<\/a><\/strong> (12\/09\/2024)<br \/>Altera\u00e7\u00e3o no conte\u00fado program\u00e1tico para Analista S\u00f3cioeducacional &#8211; Fonoaudi\u00f3logo.<\/p>\n\n\n\n<h2 class=\"wp-block-heading\" id=\"vagas\">Concurso Mozarl\u00e2ndia: distribui\u00e7\u00e3o das vagas<\/h2>\n\n\n\n<h3 class=\"wp-block-heading\" id=\"h-nivel-fundamental\">N\u00edvel fundamental<\/h3>\n\n\n\n<figure class=\"wp-block-table is-style-stripes\"><table><thead><tr><th class=\"has-text-align-center\" data-align=\"center\">CARGOS<\/th><th class=\"has-text-align-center\" data-align=\"center\">VAGAS<\/th><th class=\"has-text-align-center\" data-align=\"center\">CR<\/th><th class=\"has-text-align-center\" data-align=\"center\">SAL\u00c1RIOS<\/th><\/tr><\/thead><tbody><tr><td class=\"has-text-align-center\" data-align=\"center\">AGENTE DE VIGIL\u00c2NCIA<\/td><td class=\"has-text-align-center\" data-align=\"center\">20<\/td><td class=\"has-text-align-center\" data-align=\"center\">100<\/td><td class=\"has-text-align-center\" data-align=\"center\">R$ 1.465,36<\/td><\/tr><tr><td class=\"has-text-align-center\" data-align=\"center\">AGENTE OPERACIONAL (V\u00c1RIOS)<\/td><td class=\"has-text-align-center\" data-align=\"center\">10<\/td><td class=\"has-text-align-center\" data-align=\"center\">50<\/td><td class=\"has-text-align-center\" data-align=\"center\">R$ 1.931,61<\/td><\/tr><tr><td class=\"has-text-align-center\" data-align=\"center\">AUXILIAR DE HIGIENE E ALIMENTA\u00c7\u00c3O<\/td><td class=\"has-text-align-center\" data-align=\"center\">10<\/td><td class=\"has-text-align-center\" data-align=\"center\">50<\/td><td class=\"has-text-align-center\" data-align=\"center\">R$ 1.465,36<\/td><\/tr><tr><td class=\"has-text-align-center\" data-align=\"center\">AUXILIAR DE SERVI\u00c7OS GERAIS<\/td><td class=\"has-text-align-center\" data-align=\"center\">20<\/td><td class=\"has-text-align-center\" data-align=\"center\">100<\/td><td class=\"has-text-align-center\" data-align=\"center\">R$ 1.465,36<\/td><\/tr><tr><td class=\"has-text-align-center\" data-align=\"center\">AUXILIAR DE SERVI\u00c7OS OPERACIONAIS<\/td><td class=\"has-text-align-center\" data-align=\"center\">10<\/td><td class=\"has-text-align-center\" data-align=\"center\">50<\/td><td class=\"has-text-align-center\" data-align=\"center\">R$ 1.465,36<\/td><\/tr><tr><td class=\"has-text-align-center\" data-align=\"center\">ELETRICISTA<\/td><td class=\"has-text-align-center\" data-align=\"center\">1<\/td><td class=\"has-text-align-center\" data-align=\"center\">5<\/td><td class=\"has-text-align-center\" data-align=\"center\">R$ 2.074,20<\/td><\/tr><tr><td class=\"has-text-align-center\" data-align=\"center\">GARI<\/td><td class=\"has-text-align-center\" data-align=\"center\">10<\/td><td class=\"has-text-align-center\" data-align=\"center\">50<\/td><td class=\"has-text-align-center\" data-align=\"center\">R$ 1.465,36<\/td><\/tr><tr><td class=\"has-text-align-center\" data-align=\"center\">OPERADOR DE M\u00c1QUINAS (V\u00c1RIOS)<\/td><td class=\"has-text-align-center\" data-align=\"center\">5<\/td><td class=\"has-text-align-center\" data-align=\"center\">25<\/td><td class=\"has-text-align-center\" data-align=\"center\">R$ 1.731,80<\/td><\/tr><tr><td class=\"has-text-align-center\" data-align=\"center\">CONDUTOR DE VE\u00cdCULOS <\/td><td class=\"has-text-align-center\" data-align=\"center\">15<\/td><td class=\"has-text-align-center\" data-align=\"center\">80<\/td><td class=\"has-text-align-center\" data-align=\"center\">R$ 1.731,80<\/td><\/tr><\/tbody><\/table><figcaption class=\"wp-element-caption\">Cargos, vagas e sal\u00e1rios para n\u00edvel fundamental<\/figcaption><\/figure>\n\n\n\n<h3 class=\"wp-block-heading\" id=\"medio\">N\u00edvel m\u00e9dio<\/h3>\n\n\n\n<figure class=\"wp-block-table is-style-stripes\"><table><thead><tr><th class=\"has-text-align-center\" data-align=\"center\">CARGOS<\/th><th class=\"has-text-align-center\" data-align=\"center\">VAGAS<\/th><th class=\"has-text-align-center\" data-align=\"center\">CR<\/th><th class=\"has-text-align-center\" data-align=\"center\">SAL\u00c1RIOS<\/th><\/tr><\/thead><tbody><tr><td class=\"has-text-align-center\" data-align=\"center\">AGENTE COMUNIT\u00c1RIO DE SA\u00daDE \u2013 PSF I<\/td><td class=\"has-text-align-center\" data-align=\"center\">10<\/td><td class=\"has-text-align-center\" data-align=\"center\">50<\/td><td class=\"has-text-align-center\" data-align=\"center\">R$ 2.513,93<\/td><\/tr><tr><td class=\"has-text-align-center\" data-align=\"center\">AGENTE DE COMBATE \u00c0S ENDEMIAS<\/td><td class=\"has-text-align-center\" data-align=\"center\">5<\/td><td class=\"has-text-align-center\" data-align=\"center\">25<\/td><td class=\"has-text-align-center\" data-align=\"center\">R$ 2.513,93<\/td><\/tr><tr><td class=\"has-text-align-center\" data-align=\"center\">ASSISTENTE ADMINISTRATIVO<\/td><td class=\"has-text-align-center\" data-align=\"center\">20<\/td><td class=\"has-text-align-center\" data-align=\"center\">100<\/td><td class=\"has-text-align-center\" data-align=\"center\">R$ 1.996,14<\/td><\/tr><tr><td class=\"has-text-align-center\" data-align=\"center\">ASSISTENTE DE CONTROLE INTERNO<\/td><td class=\"has-text-align-center\" data-align=\"center\">&#8211;<\/td><td class=\"has-text-align-center\" data-align=\"center\">5<\/td><td class=\"has-text-align-center\" data-align=\"center\">R$ 2.064,82<\/td><\/tr><tr><td class=\"has-text-align-center\" data-align=\"center\">FISCAL AMBIENTAL<\/td><td class=\"has-text-align-center\" data-align=\"center\">1<\/td><td class=\"has-text-align-center\" data-align=\"center\">5<\/td><td class=\"has-text-align-center\" data-align=\"center\">R$ 2.064,82<\/td><\/tr><tr><td class=\"has-text-align-center\" data-align=\"center\">FISCAL DE TRIBUTOS, OBRAS E POSTURAS<\/td><td class=\"has-text-align-center\" data-align=\"center\">2<\/td><td class=\"has-text-align-center\" data-align=\"center\">10<\/td><td class=\"has-text-align-center\" data-align=\"center\">R$ 2.064,82<\/td><\/tr><tr><td class=\"has-text-align-center\" data-align=\"center\">FISCAL DE VIGIL\u00c2NCIA SANIT\u00c1RIA<\/td><td class=\"has-text-align-center\" data-align=\"center\">2<\/td><td class=\"has-text-align-center\" data-align=\"center\">10<\/td><td class=\"has-text-align-center\" data-align=\"center\">R$ 2.064,82<\/td><\/tr><tr><td class=\"has-text-align-center\" data-align=\"center\">MONITOR<\/td><td class=\"has-text-align-center\" data-align=\"center\">5<\/td><td class=\"has-text-align-center\" data-align=\"center\">25<\/td><td class=\"has-text-align-center\" data-align=\"center\">R$ 1.465,36<\/td><\/tr><tr><td class=\"has-text-align-center\" data-align=\"center\">T\u00c9CNICO DE ENFERMAGEM<\/td><td class=\"has-text-align-center\" data-align=\"center\">20<\/td><td class=\"has-text-align-center\" data-align=\"center\">100<\/td><td class=\"has-text-align-center\" data-align=\"center\">R$ 3.448,35<\/td><\/tr><tr><td class=\"has-text-align-center\" data-align=\"center\">T\u00c9CNICO DE RADIOLOGIA<\/td><td class=\"has-text-align-center\" data-align=\"center\">2<\/td><td class=\"has-text-align-center\" data-align=\"center\">10<\/td><td class=\"has-text-align-center\" data-align=\"center\">R$ 3.448,35<\/td><\/tr><tr><td class=\"has-text-align-center\" data-align=\"center\">T\u00c9CNICO EM SA\u00daDE BUCAL<\/td><td class=\"has-text-align-center\" data-align=\"center\">3<\/td><td class=\"has-text-align-center\" data-align=\"center\">15<\/td><td class=\"has-text-align-center\" data-align=\"center\">R$ 3.448,35<\/td><\/tr><\/tbody><\/table><figcaption class=\"wp-element-caption\">Cargos, vagas e sal\u00e1rios para n\u00edvel m\u00e9dio<\/figcaption><\/figure>\n\n\n\n<h3 class=\"wp-block-heading\" id=\"superior\">N\u00edvel superior<\/h3>\n\n\n\n<figure class=\"wp-block-table is-style-stripes\"><table><thead><tr><th class=\"has-text-align-center\" data-align=\"center\">CARGOS<\/th><th class=\"has-text-align-center\" data-align=\"center\">VAGAS<\/th><th class=\"has-text-align-center\" data-align=\"center\">CR<\/th><th class=\"has-text-align-center\" data-align=\"center\">SAL\u00c1RIOS<\/th><\/tr><\/thead><tbody><tr><td class=\"has-text-align-center\" data-align=\"center\">AGENTE DE APOIO E INCLUS\u00c3O ESCOLAR<\/td><td class=\"has-text-align-center\" data-align=\"center\">20<\/td><td class=\"has-text-align-center\" data-align=\"center\">100<\/td><td class=\"has-text-align-center\" data-align=\"center\">R$ 3.111,30<\/td><\/tr><tr><td class=\"has-text-align-center\" data-align=\"center\">ANALISTA EM SA\u00daDE<\/td><td class=\"has-text-align-center\" data-align=\"center\">4<\/td><td class=\"has-text-align-center\" data-align=\"center\">20<\/td><td class=\"has-text-align-center\" data-align=\"center\">R$ 2.497,78<\/td><\/tr><tr><td class=\"has-text-align-center\" data-align=\"center\">ANALISTA FINANCEIRO<\/td><td class=\"has-text-align-center\" data-align=\"center\">1<\/td><td class=\"has-text-align-center\" data-align=\"center\">5<\/td><td class=\"has-text-align-center\" data-align=\"center\">R$ 2.722,38<\/td><\/tr><tr><td class=\"has-text-align-center\" data-align=\"center\">ANALISTA SOCIAL<\/td><td class=\"has-text-align-center\" data-align=\"center\">1<\/td><td class=\"has-text-align-center\" data-align=\"center\">5<\/td><td class=\"has-text-align-center\" data-align=\"center\">R$ 2.722,38<\/td><\/tr><tr><td class=\"has-text-align-center\" data-align=\"center\">ANALISTA S\u00d3CIOEDUCACIONAL<\/td><td class=\"has-text-align-center\" data-align=\"center\">5<\/td><td class=\"has-text-align-center\" data-align=\"center\">25<\/td><td class=\"has-text-align-center\" data-align=\"center\">(20h) R$ 2.497,78<br \/>(30h) R$ 3.746,67<br \/>(40h) R$ 4.995,56<\/td><\/tr><tr><td class=\"has-text-align-center\" data-align=\"center\">ASSISTENTE SOCIAL<\/td><td class=\"has-text-align-center\" data-align=\"center\">2<\/td><td class=\"has-text-align-center\" data-align=\"center\">10<\/td><td class=\"has-text-align-center\" data-align=\"center\">R$ 2.078,16<\/td><\/tr><tr><td class=\"has-text-align-center\" data-align=\"center\">AUDITOR DE CONTROLE INTERNO<\/td><td class=\"has-text-align-center\" data-align=\"center\">1<\/td><td class=\"has-text-align-center\" data-align=\"center\">5<\/td><td class=\"has-text-align-center\" data-align=\"center\">R$ 2.722,38<\/td><\/tr><tr><td class=\"has-text-align-center\" data-align=\"center\">EDUCADOR F\u00cdSICO<\/td><td class=\"has-text-align-center\" data-align=\"center\">1<\/td><td class=\"has-text-align-center\" data-align=\"center\">5<\/td><td class=\"has-text-align-center\" data-align=\"center\">R$ 2.722,38<\/td><\/tr><tr><td class=\"has-text-align-center\" data-align=\"center\">ENFERMEIRO<\/td><td class=\"has-text-align-center\" data-align=\"center\">4<\/td><td class=\"has-text-align-center\" data-align=\"center\">20<\/td><td class=\"has-text-align-center\" data-align=\"center\">R$ 4.926,22<\/td><\/tr><tr><td class=\"has-text-align-center\" data-align=\"center\">GESTOR P\u00daBLICO<\/td><td class=\"has-text-align-center\" data-align=\"center\">2<\/td><td class=\"has-text-align-center\" data-align=\"center\">10<\/td><td class=\"has-text-align-center\" data-align=\"center\">R$ 3.496,90<\/td><\/tr><tr><td class=\"has-text-align-center\" data-align=\"center\">M\u00c9DICO<\/td><td class=\"has-text-align-center\" data-align=\"center\">1<\/td><td class=\"has-text-align-center\" data-align=\"center\">5<\/td><td class=\"has-text-align-center\" data-align=\"center\">R$ 17.784,24<\/td><\/tr><tr><td class=\"has-text-align-center\" data-align=\"center\">ODONT\u00d3LOGO<\/td><td class=\"has-text-align-center\" data-align=\"center\">2<\/td><td class=\"has-text-align-center\" data-align=\"center\">10<\/td><td class=\"has-text-align-center\" data-align=\"center\">R$ 4.476,03<\/td><\/tr><tr><td class=\"has-text-align-center\" data-align=\"center\">PROFESSOR DE INFORM\u00c1TICA<\/td><td class=\"has-text-align-center\" data-align=\"center\">1<\/td><td class=\"has-text-align-center\" data-align=\"center\">5<\/td><td class=\"has-text-align-center\" data-align=\"center\">R$ 2.735,95<\/td><\/tr><tr><td class=\"has-text-align-center\" data-align=\"center\">PROFISSIONAL DE EDUCA\u00c7\u00c3O<\/td><td class=\"has-text-align-center\" data-align=\"center\">30<\/td><td class=\"has-text-align-center\" data-align=\"center\">150<\/td><td class=\"has-text-align-center\" data-align=\"center\">(30h) R$ 3.166,28<br \/>(40h) R$ 4.221,70<\/td><\/tr><\/tbody><\/table><figcaption class=\"wp-element-caption\">Cargos, vagas e sal\u00e1rios para n\u00edvel superior<\/figcaption><\/figure>\n\n\n\n<h2 class=\"wp-block-heading\" id=\"etapas\">Concurso Mozarl\u00e2ndia: etapas<\/h2>\n\n\n\n<ul class=\"wp-block-list\">\n<li><strong>Prova objetiva<\/strong> para todos os cargos (eliminat\u00f3rio e classificat\u00f3rio);<\/li>\n\n\n\n<li><strong>Prova de t\u00edtulos<\/strong> somente para os cargos de professor e profissional de educa\u00e7\u00e3o (classificat\u00f3rio);<\/li>\n\n\n\n<li><strong>Prova pr\u00e1tica <\/strong>somente para o cargo de Operador de M\u00e1quinas (eliminat\u00f3rio).<\/li>\n<\/ul>\n\n\n\n<h3 class=\"wp-block-heading\" id=\"objetiva\">Prova objetiva<\/h3>\n\n\n\n<p>O prazo estipulado para finaliza\u00e7\u00e3o da avalia\u00e7\u00e3o foi de <strong>3 horas<\/strong> para todos os cargos. Caso o candidato quisesse sair antes, portando o caderno de quest\u00f5es, poderia faz\u00ea-lo decorrido <strong>2 horas e meia do in\u00edcio.<\/strong><\/p>\n\n\n\n<p>A prova foi realizada no modelo de m\u00faltipla escolha, com quatro respostas poss\u00edveis, sendo apenas uma delas a correta. Confira o quadro de conte\u00fados a seguir:<\/p>\n\n\n\n<figure class=\"wp-block-image aligncenter size-full\"><img loading=\"lazy\" decoding=\"async\" width=\"814\" height=\"713\" src=\"https:\/\/dhg1h5j42swfq.cloudfront.net\/2024\/06\/27105338\/image-641.png\" alt=\"Tabela de detalhes da prova objetiva aos cargos dos n\u00edveis fundamental incompleto, completo e m\u00e9dio\" class=\"wp-image-1421241\" srcset=\"https:\/\/dhg1h5j42swfq.cloudfront.net\/2024\/06\/27105338\/image-641.png 814w, https:\/\/dhg1h5j42swfq.cloudfront.net\/2024\/06\/27105338\/image-641-300x263.png 300w, https:\/\/dhg1h5j42swfq.cloudfront.net\/2024\/06\/27105338\/image-641-768x673.png 768w, https:\/\/dhg1h5j42swfq.cloudfront.net\/2024\/06\/27105338\/image-641-610x534.png 610w, https:\/\/dhg1h5j42swfq.cloudfront.net\/2024\/06\/27105338\/image-641-150x131.png 150w\" sizes=\"auto, (max-width: 814px) 100vw, 814px\" \/><\/figure>\n\n\n\n<figure class=\"wp-block-image aligncenter size-full\"><img loading=\"lazy\" decoding=\"async\" width=\"813\" height=\"399\" src=\"https:\/\/dhg1h5j42swfq.cloudfront.net\/2024\/06\/27105525\/image-642.png\" alt=\"Tabela de detalhes da prova objetiva aos cargos de n\u00edvel superior\" class=\"wp-image-1421247\" srcset=\"https:\/\/dhg1h5j42swfq.cloudfront.net\/2024\/06\/27105525\/image-642.png 813w, https:\/\/dhg1h5j42swfq.cloudfront.net\/2024\/06\/27105525\/image-642-300x147.png 300w, https:\/\/dhg1h5j42swfq.cloudfront.net\/2024\/06\/27105525\/image-642-768x377.png 768w, https:\/\/dhg1h5j42swfq.cloudfront.net\/2024\/06\/27105525\/image-642-610x299.png 610w, https:\/\/dhg1h5j42swfq.cloudfront.net\/2024\/06\/27105525\/image-642-150x74.png 150w\" sizes=\"auto, (max-width: 813px) 100vw, 813px\" \/><\/figure>\n\n\n\n<h3 class=\"wp-block-heading\" id=\"titulos\">Prova de t\u00edtulos<\/h3>\n\n\n\n<p>Essa etapa \u00e9 de car\u00e1ter classificat\u00f3rio, ou seja, ningu\u00e9m ser\u00e1 desclassificado caso deixe de entregar alguns dos documentos a seguir:<\/p>\n\n\n\n<figure class=\"wp-block-image aligncenter size-full\"><img loading=\"lazy\" decoding=\"async\" width=\"822\" height=\"359\" src=\"https:\/\/dhg1h5j42swfq.cloudfront.net\/2024\/06\/27105625\/image-643.png\" alt=\"Quadro de atribui\u00e7\u00e3o de pontos na avali\u00e7\u00e3o de t\u00edtulos \" class=\"wp-image-1421248\" srcset=\"https:\/\/dhg1h5j42swfq.cloudfront.net\/2024\/06\/27105625\/image-643.png 822w, https:\/\/dhg1h5j42swfq.cloudfront.net\/2024\/06\/27105625\/image-643-300x131.png 300w, https:\/\/dhg1h5j42swfq.cloudfront.net\/2024\/06\/27105625\/image-643-768x335.png 768w, https:\/\/dhg1h5j42swfq.cloudfront.net\/2024\/06\/27105625\/image-643-610x266.png 610w, https:\/\/dhg1h5j42swfq.cloudfront.net\/2024\/06\/27105625\/image-643-150x66.png 150w\" sizes=\"auto, (max-width: 822px) 100vw, 822px\" \/><\/figure>\n\n\n\n<h3 class=\"wp-block-heading\" id=\"pratica\">Prova pr\u00e1tica<\/h3>\n\n\n\n<p><strong>Exclusiva para o cargo de Operador de M\u00e1quinas<\/strong>, a prova pr\u00e1tica tem como objetivo aferir se o candidato \u00e9 apto para o trabalho. Confira o crit\u00e9rio de avalia\u00e7\u00f5es a seguir:<\/p>\n\n\n\n<figure class=\"wp-block-image aligncenter size-full\"><img loading=\"lazy\" decoding=\"async\" width=\"824\" height=\"239\" src=\"https:\/\/dhg1h5j42swfq.cloudfront.net\/2024\/06\/27105729\/image-644.png\" alt=\"Crit\u00e9rios de avalia\u00e7\u00e3o da prova pr\u00e1tica ao cargo de Operador de M\u00e1quinas\" class=\"wp-image-1421251\" srcset=\"https:\/\/dhg1h5j42swfq.cloudfront.net\/2024\/06\/27105729\/image-644.png 824w, https:\/\/dhg1h5j42swfq.cloudfront.net\/2024\/06\/27105729\/image-644-300x87.png 300w, https:\/\/dhg1h5j42swfq.cloudfront.net\/2024\/06\/27105729\/image-644-768x223.png 768w, https:\/\/dhg1h5j42swfq.cloudfront.net\/2024\/06\/27105729\/image-644-610x177.png 610w, https:\/\/dhg1h5j42swfq.cloudfront.net\/2024\/06\/27105729\/image-644-150x44.png 150w\" sizes=\"auto, (max-width: 824px) 100vw, 824px\" \/><\/figure>\n\n\n\n<hr class=\"wp-block-separator has-alpha-channel-opacity\"\/>\n\n\n\n<h2 class=\"wp-block-heading has-text-align-center\" id=\"cursos-assinatura\"><em>Quer estudar para o concurso Mozarl\u00e2ndia?<\/em><\/h2>\n\n\n\n<div class=\"container\" id=\"boxes\">\n  <div class=\"row\">\n\n    <div class=\"col-sm\">\n      <div class=\"banner-estrategia\" id=\"box-assinatura\">\n        <h3 class=\"titulo-assinatura\">Cursos para concursos<\/h3>\n        <p class=\"subtitulo-assinatura\">Conhe\u00e7a os cursos<\/p>\n        <div class=\"box-botao\">\n          <a class=\"btn-assinatura\" target=\"_blank\" href=\"https:\/\/www.estrategiaconcursos.com.br\/pesquisa\/?q=prefeitura+mozarlandia\" role=\"button\" rel=\"noopener noreferrer\">Conhe\u00e7a mais<\/a>\n        <\/div>\n      <\/div>\n     \n    <\/div>\n\n  <\/div>\n<\/div>\n\n\n\n<div class=\"container\" id=\"boxes\">\n  <div class=\"row\">\n\n    <div class=\"col-sm\">\n      <div class=\"estrategia\" id=\"box-assinatura\">\n        <h3 class=\"titulo-assinatura\">Assinatura Concursos<\/h3>\n        <p class=\"subtitulo-assinatura\">Assinatura de 1 ano ou 2 anos<\/p>\n        <div class=\"box-botao\">\n          <a class=\"btn-assinatura\" target=\"_blank\" href=\"https:\/\/www.estrategiaconcursos.com.br\/assinaturas\/\" role=\"button\" rel=\"noopener noreferrer\">ASSINE AGORA<\/a>\n        <\/div>\n      <\/div><\/div><\/div><\/div>\n\n\n\n<h2 class=\"wp-block-heading has-text-align-center\" id=\"h-quer-saber-tudo-sobre-concursos-previstos-confira-os-nossos-artigos\">Quer saber tudo sobre concursos previstos?<br \/>Confira os nossos artigos!<\/h2>\n\n\n\n<ul class=\"wp-block-list\">\n<li><a href=\"https:\/\/www.estrategiaconcursos.com.br\/blog\/concursos-abertos\/\" target=\"_blank\" rel=\"noreferrer noopener\">Concursos Abertos<\/a><\/li>\n\n\n\n<li><a href=\"https:\/\/www.estrategiaconcursos.com.br\/blog\/concursos-prefeituras\/\">Concursos Prefeituras<\/a><\/li>\n\n\n\n<li><a href=\"https:\/\/www.estrategiaconcursos.com.br\/blog\/concursos-2024\/\" target=\"_blank\" rel=\"noreferrer noopener\">Concursos 2024<\/a><\/li>\n\n\n\n<li><a href=\"https:\/\/www.estrategiaconcursos.com.br\/blog\/concursos-2025\/\" target=\"_blank\" rel=\"noreferrer noopener\">Concursos 2025<\/a><\/li>\n<\/ul>\n\n\n\n<figure class=\"wp-block-image is-resized\"><img loading=\"lazy\" decoding=\"async\" width=\"1024\" height=\"632\" src=\"https:\/\/dhg1h5j42swfq.cloudfront.net\/2021\/04\/01161145\/ficha-tecnica-5-1024x632.png\" alt=\"Informa\u00e7\u00f5es do concurso xxxxxx\" class=\"wp-image-706736\" style=\"width:236px;height:145px\" srcset=\"https:\/\/dhg1h5j42swfq.cloudfront.net\/2021\/04\/01161145\/ficha-tecnica-5-1024x632.png 1024w, https:\/\/dhg1h5j42swfq.cloudfront.net\/2021\/04\/01161145\/ficha-tecnica-5-300x185.png 300w, https:\/\/dhg1h5j42swfq.cloudfront.net\/2021\/04\/01161145\/ficha-tecnica-5-768x474.png 768w, https:\/\/dhg1h5j42swfq.cloudfront.net\/2021\/04\/01161145\/ficha-tecnica-5-1536x948.png 1536w, https:\/\/dhg1h5j42swfq.cloudfront.net\/2021\/04\/01161145\/ficha-tecnica-5-610x377.png 610w, https:\/\/dhg1h5j42swfq.cloudfront.net\/2021\/04\/01161145\/ficha-tecnica-5.png 1571w\" sizes=\"auto, (max-width: 1024px) 100vw, 1024px\" \/><\/figure>\n\n\n\n<h3 class=\"wp-block-heading\" id=\"ficha-tecnica\">Informa\u00e7\u00f5es do concurso Mozarl\u00e2ndia<\/h3>\n\n\n\n<ul class=\"wp-block-list\">\n<li><strong>Data da prova<\/strong>: <s>13\/10\/2024<\/s><\/li>\n\n\n\n<li><strong>Banca<\/strong>: ITAME<\/li>\n\n\n\n<li><strong>Escolaridade<\/strong>: N\u00edveis fundamental, m\u00e9dio, t\u00e9cnico e superior<\/li>\n\n\n\n<li><strong>Vagas:<\/strong> 246 + 1.240 CR<\/li>\n\n\n\n<li><strong>Cargos<\/strong>: V\u00e1rios<\/li>\n\n\n\n<li><strong>Edital retificado:<\/strong> <a href=\"https:\/\/dhg1h5j42swfq.cloudfront.net\/2024\/07\/29140201\/arq_concurso_3994.pdf\" target=\"_blank\" rel=\"noreferrer noopener nofollow\">Mozarl\u00e2ndia 2024<\/a><\/li>\n<\/ul>\n","protected":false},"excerpt":{"rendered":"<p>Est\u00e3o dispon\u00edveis os gabaritos preliminares das provas do concurso p\u00fablico da Prefeitura de Mozarl\u00e2ndia, munic\u00edpio de Goi\u00e1s. Agora, os interessados poder\u00e3o interpor recursos no site da banca ITAME, entre os dias 16 e 17 de outubro. O certame oferta 246 vagas imediatas, al\u00e9m das 1.240 posi\u00e7\u00f5es reservadas para cadastro de reserva. Os cargos dispon\u00edveis s\u00e3o [&hellip;]<\/p>\n","protected":false},"author":1,"featured_media":710256,"comment_status":"open","ping_status":"closed","sticky":false,"template":"","format":"standard","meta":{"post_tipo":"news_page","footnotes":""},"categories":[1],"tags":[],"tax_estado":[219972],"class_list":["post-537030","post","type-post","status-publish","format-standard","has-post-thumbnail","hentry","category-cursos-e-concursos","tax_estado-go"],"acf":[],"yoast_head":"<!-- This site is optimized with the Yoast SEO Premium plugin v27.2 (Yoast SEO v27.2) - https:\/\/yoast.com\/product\/yoast-seo-premium-wordpress\/ -->\n<title>Concurso Mozarl\u00e2ndia: sa\u00edram os gabaritos! Confira!<\/title>\n<meta name=\"description\" content=\"Concurso Prefeitura de Mozarl\u00e2ndia: s\u00e3o 246 vagas, al\u00e9m de 1.240 posi\u00e7\u00f5es em cadastro de reserva. Provas aplicadas e gabaritos divulgados!\" \/>\n<meta name=\"robots\" content=\"index, follow, max-snippet:-1, max-image-preview:large, max-video-preview:-1\" \/>\n<link rel=\"canonical\" href=\"https:\/\/www.estrategiaconcursos.com.br\/blog\/concurso-prefeitura-mozarlandia\/\" \/>\n<meta property=\"og:locale\" content=\"pt_BR\" \/>\n<meta property=\"og:type\" content=\"article\" \/>\n<meta property=\"og:title\" content=\"Concurso Mozarl\u00e2ndia: sa\u00edram os gabaritos! Confira!\" \/>\n<meta property=\"og:description\" content=\"Concurso Prefeitura de Mozarl\u00e2ndia: s\u00e3o 246 vagas, al\u00e9m de 1.240 posi\u00e7\u00f5es em cadastro de reserva. Provas aplicadas e gabaritos divulgados!\" \/>\n<meta property=\"og:url\" content=\"https:\/\/www.estrategiaconcursos.com.br\/blog\/concurso-prefeitura-mozarlandia\/\" \/>\n<meta property=\"og:site_name\" content=\"Estrat\u00e9gia Concursos\" \/>\n<meta property=\"article:author\" content=\"https:\/\/www.facebook.com\/EstrategiaConcursos\" \/>\n<meta property=\"article:published_time\" content=\"2024-10-15T04:35:25+00:00\" \/>\n<meta property=\"article:modified_time\" content=\"2024-10-16T14:36:35+00:00\" \/>\n<meta property=\"og:image\" content=\"https:\/\/dhg1h5j42swfq.cloudfront.net\/2021\/04\/08141822\/concursos-prefeituras.jpg\" \/>\n\t<meta property=\"og:image:width\" content=\"1200\" \/>\n\t<meta property=\"og:image:height\" content=\"628\" \/>\n\t<meta property=\"og:image:type\" content=\"image\/jpeg\" \/>\n<meta name=\"author\" content=\"Coordena\u00e7\u00e3o\" \/>\n<meta name=\"twitter:card\" content=\"summary_large_image\" \/>\n<meta name=\"twitter:creator\" content=\"@EstratConcursos\" \/>\n<meta name=\"twitter:site\" content=\"@EstratConcursos\" \/>\n<meta name=\"twitter:label1\" content=\"Escrito por\" \/>\n\t<meta name=\"twitter:data1\" content=\"Coordena\u00e7\u00e3o\" \/>\n\t<meta name=\"twitter:label2\" content=\"Est. tempo de leitura\" \/>\n\t<meta name=\"twitter:data2\" content=\"3 minutos\" \/>\n<script type=\"application\/ld+json\" class=\"yoast-schema-graph\">{\"@context\":\"https:\/\/schema.org\",\"@graph\":[{\"@type\":\"NewsArticle\",\"@id\":\"https:\/\/www.estrategiaconcursos.com.br\/blog\/concurso-prefeitura-mozarlandia\/#article\",\"isPartOf\":{\"@id\":\"https:\/\/www.estrategiaconcursos.com.br\/blog\/concurso-prefeitura-mozarlandia\/\"},\"author\":{\"name\":\"Coordena\u00e7\u00e3o\",\"@id\":\"https:\/\/www.estrategiaconcursos.com.br\/blog\/#\/schema\/person\/b4a388c97673c5f483d72185668afa1f\"},\"headline\":\"Concurso Mozarl\u00e2ndia: sa\u00edram os gabaritos! Confira!\",\"datePublished\":\"2024-10-15T04:35:25+00:00\",\"dateModified\":\"2024-10-16T14:36:35+00:00\",\"mainEntityOfPage\":{\"@id\":\"https:\/\/www.estrategiaconcursos.com.br\/blog\/concurso-prefeitura-mozarlandia\/\"},\"wordCount\":689,\"commentCount\":0,\"publisher\":{\"@id\":\"https:\/\/www.estrategiaconcursos.com.br\/blog\/#organization\"},\"image\":{\"@id\":\"https:\/\/www.estrategiaconcursos.com.br\/blog\/concurso-prefeitura-mozarlandia\/#primaryimage\"},\"thumbnailUrl\":\"https:\/\/dhg1h5j42swfq.cloudfront.net\/2021\/04\/08141822\/concursos-prefeituras.jpg\",\"articleSection\":[\"Concursos P\u00fablicos\"],\"inLanguage\":\"pt-BR\",\"potentialAction\":[{\"@type\":\"CommentAction\",\"name\":\"Comment\",\"target\":[\"https:\/\/www.estrategiaconcursos.com.br\/blog\/concurso-prefeitura-mozarlandia\/#respond\"]}],\"copyrightYear\":\"2024\",\"copyrightHolder\":{\"@id\":\"https:\/\/www.estrategiaconcursos.com.br\/blog\/#organization\"}},{\"@type\":\"WebPage\",\"@id\":\"https:\/\/www.estrategiaconcursos.com.br\/blog\/concurso-prefeitura-mozarlandia\/\",\"url\":\"https:\/\/www.estrategiaconcursos.com.br\/blog\/concurso-prefeitura-mozarlandia\/\",\"name\":\"Concurso Mozarl\u00e2ndia: sa\u00edram os gabaritos! Confira!\",\"isPartOf\":{\"@id\":\"https:\/\/www.estrategiaconcursos.com.br\/blog\/#website\"},\"primaryImageOfPage\":{\"@id\":\"https:\/\/www.estrategiaconcursos.com.br\/blog\/concurso-prefeitura-mozarlandia\/#primaryimage\"},\"image\":{\"@id\":\"https:\/\/www.estrategiaconcursos.com.br\/blog\/concurso-prefeitura-mozarlandia\/#primaryimage\"},\"thumbnailUrl\":\"https:\/\/dhg1h5j42swfq.cloudfront.net\/2021\/04\/08141822\/concursos-prefeituras.jpg\",\"datePublished\":\"2024-10-15T04:35:25+00:00\",\"dateModified\":\"2024-10-16T14:36:35+00:00\",\"description\":\"Concurso Prefeitura de Mozarl\u00e2ndia: s\u00e3o 246 vagas, al\u00e9m de 1.240 posi\u00e7\u00f5es em cadastro de reserva. Provas aplicadas e gabaritos divulgados!\",\"breadcrumb\":{\"@id\":\"https:\/\/www.estrategiaconcursos.com.br\/blog\/concurso-prefeitura-mozarlandia\/#breadcrumb\"},\"inLanguage\":\"pt-BR\",\"potentialAction\":[{\"@type\":\"ReadAction\",\"target\":[\"https:\/\/www.estrategiaconcursos.com.br\/blog\/concurso-prefeitura-mozarlandia\/\"]}]},{\"@type\":\"ImageObject\",\"inLanguage\":\"pt-BR\",\"@id\":\"https:\/\/www.estrategiaconcursos.com.br\/blog\/concurso-prefeitura-mozarlandia\/#primaryimage\",\"url\":\"https:\/\/dhg1h5j42swfq.cloudfront.net\/2021\/04\/08141822\/concursos-prefeituras.jpg\",\"contentUrl\":\"https:\/\/dhg1h5j42swfq.cloudfront.net\/2021\/04\/08141822\/concursos-prefeituras.jpg\",\"width\":1200,\"height\":628,\"caption\":\"Concurso Alvorada\"},{\"@type\":\"BreadcrumbList\",\"@id\":\"https:\/\/www.estrategiaconcursos.com.br\/blog\/concurso-prefeitura-mozarlandia\/#breadcrumb\",\"itemListElement\":[{\"@type\":\"ListItem\",\"position\":1,\"name\":\"In\u00edcio\",\"item\":\"https:\/\/www.estrategiaconcursos.com.br\/blog\/\"},{\"@type\":\"ListItem\",\"position\":2,\"name\":\"Concurso Mozarl\u00e2ndia: sa\u00edram os gabaritos! Confira!\"}]},{\"@type\":\"WebSite\",\"@id\":\"https:\/\/www.estrategiaconcursos.com.br\/blog\/#website\",\"url\":\"https:\/\/www.estrategiaconcursos.com.br\/blog\/\",\"name\":\"Estrat\u00e9gia Concursos\",\"description\":\"O blog da Estrat\u00e9gia Concursos traz not\u00edcias sobre concursos e artigos de professores oferecendo cursos para concursos (pdf + videaulas) no site.\",\"publisher\":{\"@id\":\"https:\/\/www.estrategiaconcursos.com.br\/blog\/#organization\"},\"potentialAction\":[{\"@type\":\"SearchAction\",\"target\":{\"@type\":\"EntryPoint\",\"urlTemplate\":\"https:\/\/www.estrategiaconcursos.com.br\/blog\/?s={search_term_string}\"},\"query-input\":{\"@type\":\"PropertyValueSpecification\",\"valueRequired\":true,\"valueName\":\"search_term_string\"}}],\"inLanguage\":\"pt-BR\"},{\"@type\":\"Organization\",\"@id\":\"https:\/\/www.estrategiaconcursos.com.br\/blog\/#organization\",\"name\":\"Estrat\u00e9gia Concursos\",\"url\":\"https:\/\/www.estrategiaconcursos.com.br\/blog\/\",\"logo\":{\"@type\":\"ImageObject\",\"inLanguage\":\"pt-BR\",\"@id\":\"https:\/\/www.estrategiaconcursos.com.br\/blog\/#\/schema\/logo\/image\/\",\"url\":\"https:\/\/dhg1h5j42swfq.cloudfront.net\/2025\/06\/03203428\/logo_concursos-1.jpg\",\"contentUrl\":\"https:\/\/dhg1h5j42swfq.cloudfront.net\/2025\/06\/03203428\/logo_concursos-1.jpg\",\"width\":230,\"height\":60,\"caption\":\"Estrat\u00e9gia Concursos\"},\"image\":{\"@id\":\"https:\/\/www.estrategiaconcursos.com.br\/blog\/#\/schema\/logo\/image\/\"},\"sameAs\":[\"https:\/\/x.com\/EstratConcursos\"]},{\"@type\":\"Person\",\"@id\":\"https:\/\/www.estrategiaconcursos.com.br\/blog\/#\/schema\/person\/b4a388c97673c5f483d72185668afa1f\",\"name\":\"Coordena\u00e7\u00e3o\",\"image\":{\"@type\":\"ImageObject\",\"inLanguage\":\"pt-BR\",\"@id\":\"https:\/\/secure.gravatar.com\/avatar\/b720319e4c9a967eb58678d110f4fe35452fc5d5f97b202bac7b8acceb18c6ad?s=96&d=mm&r=g\",\"url\":\"https:\/\/secure.gravatar.com\/avatar\/b720319e4c9a967eb58678d110f4fe35452fc5d5f97b202bac7b8acceb18c6ad?s=96&d=mm&r=g\",\"contentUrl\":\"https:\/\/secure.gravatar.com\/avatar\/b720319e4c9a967eb58678d110f4fe35452fc5d5f97b202bac7b8acceb18c6ad?s=96&d=mm&r=g\",\"caption\":\"Coordena\u00e7\u00e3o\"},\"sameAs\":[\"https:\/\/www.facebook.com\/EstrategiaConcursos\",\"https:\/\/x.com\/EstratConcursos\"],\"url\":\"https:\/\/www.estrategiaconcursos.com.br\/blog\/author\/estrategia2013\/\"}]}<\/script>\n<!-- \/ Yoast SEO Premium plugin. -->","yoast_head_json":{"title":"Concurso Mozarl\u00e2ndia: sa\u00edram os gabaritos! Confira!","description":"Concurso Prefeitura de Mozarl\u00e2ndia: s\u00e3o 246 vagas, al\u00e9m de 1.240 posi\u00e7\u00f5es em cadastro de reserva. Provas aplicadas e gabaritos divulgados!","robots":{"index":"index","follow":"follow","max-snippet":"max-snippet:-1","max-image-preview":"max-image-preview:large","max-video-preview":"max-video-preview:-1"},"canonical":"https:\/\/www.estrategiaconcursos.com.br\/blog\/concurso-prefeitura-mozarlandia\/","og_locale":"pt_BR","og_type":"article","og_title":"Concurso Mozarl\u00e2ndia: sa\u00edram os gabaritos! Confira!","og_description":"Concurso Prefeitura de Mozarl\u00e2ndia: s\u00e3o 246 vagas, al\u00e9m de 1.240 posi\u00e7\u00f5es em cadastro de reserva. Provas aplicadas e gabaritos divulgados!","og_url":"https:\/\/www.estrategiaconcursos.com.br\/blog\/concurso-prefeitura-mozarlandia\/","og_site_name":"Estrat\u00e9gia Concursos","article_author":"https:\/\/www.facebook.com\/EstrategiaConcursos","article_published_time":"2024-10-15T04:35:25+00:00","article_modified_time":"2024-10-16T14:36:35+00:00","og_image":[{"width":1200,"height":628,"url":"https:\/\/dhg1h5j42swfq.cloudfront.net\/2021\/04\/08141822\/concursos-prefeituras.jpg","type":"image\/jpeg"}],"author":"Coordena\u00e7\u00e3o","twitter_card":"summary_large_image","twitter_creator":"@EstratConcursos","twitter_site":"@EstratConcursos","twitter_misc":{"Escrito por":"Coordena\u00e7\u00e3o","Est. tempo de leitura":"3 minutos"},"schema":{"@context":"https:\/\/schema.org","@graph":[{"@type":"NewsArticle","@id":"https:\/\/www.estrategiaconcursos.com.br\/blog\/concurso-prefeitura-mozarlandia\/#article","isPartOf":{"@id":"https:\/\/www.estrategiaconcursos.com.br\/blog\/concurso-prefeitura-mozarlandia\/"},"author":{"name":"Coordena\u00e7\u00e3o","@id":"https:\/\/www.estrategiaconcursos.com.br\/blog\/#\/schema\/person\/b4a388c97673c5f483d72185668afa1f"},"headline":"Concurso Mozarl\u00e2ndia: sa\u00edram os gabaritos! Confira!","datePublished":"2024-10-15T04:35:25+00:00","dateModified":"2024-10-16T14:36:35+00:00","mainEntityOfPage":{"@id":"https:\/\/www.estrategiaconcursos.com.br\/blog\/concurso-prefeitura-mozarlandia\/"},"wordCount":689,"commentCount":0,"publisher":{"@id":"https:\/\/www.estrategiaconcursos.com.br\/blog\/#organization"},"image":{"@id":"https:\/\/www.estrategiaconcursos.com.br\/blog\/concurso-prefeitura-mozarlandia\/#primaryimage"},"thumbnailUrl":"https:\/\/dhg1h5j42swfq.cloudfront.net\/2021\/04\/08141822\/concursos-prefeituras.jpg","articleSection":["Concursos P\u00fablicos"],"inLanguage":"pt-BR","potentialAction":[{"@type":"CommentAction","name":"Comment","target":["https:\/\/www.estrategiaconcursos.com.br\/blog\/concurso-prefeitura-mozarlandia\/#respond"]}],"copyrightYear":"2024","copyrightHolder":{"@id":"https:\/\/www.estrategiaconcursos.com.br\/blog\/#organization"}},{"@type":"WebPage","@id":"https:\/\/www.estrategiaconcursos.com.br\/blog\/concurso-prefeitura-mozarlandia\/","url":"https:\/\/www.estrategiaconcursos.com.br\/blog\/concurso-prefeitura-mozarlandia\/","name":"Concurso Mozarl\u00e2ndia: sa\u00edram os gabaritos! Confira!","isPartOf":{"@id":"https:\/\/www.estrategiaconcursos.com.br\/blog\/#website"},"primaryImageOfPage":{"@id":"https:\/\/www.estrategiaconcursos.com.br\/blog\/concurso-prefeitura-mozarlandia\/#primaryimage"},"image":{"@id":"https:\/\/www.estrategiaconcursos.com.br\/blog\/concurso-prefeitura-mozarlandia\/#primaryimage"},"thumbnailUrl":"https:\/\/dhg1h5j42swfq.cloudfront.net\/2021\/04\/08141822\/concursos-prefeituras.jpg","datePublished":"2024-10-15T04:35:25+00:00","dateModified":"2024-10-16T14:36:35+00:00","description":"Concurso Prefeitura de Mozarl\u00e2ndia: s\u00e3o 246 vagas, al\u00e9m de 1.240 posi\u00e7\u00f5es em cadastro de reserva. Provas aplicadas e gabaritos divulgados!","breadcrumb":{"@id":"https:\/\/www.estrategiaconcursos.com.br\/blog\/concurso-prefeitura-mozarlandia\/#breadcrumb"},"inLanguage":"pt-BR","potentialAction":[{"@type":"ReadAction","target":["https:\/\/www.estrategiaconcursos.com.br\/blog\/concurso-prefeitura-mozarlandia\/"]}]},{"@type":"ImageObject","inLanguage":"pt-BR","@id":"https:\/\/www.estrategiaconcursos.com.br\/blog\/concurso-prefeitura-mozarlandia\/#primaryimage","url":"https:\/\/dhg1h5j42swfq.cloudfront.net\/2021\/04\/08141822\/concursos-prefeituras.jpg","contentUrl":"https:\/\/dhg1h5j42swfq.cloudfront.net\/2021\/04\/08141822\/concursos-prefeituras.jpg","width":1200,"height":628,"caption":"Concurso Alvorada"},{"@type":"BreadcrumbList","@id":"https:\/\/www.estrategiaconcursos.com.br\/blog\/concurso-prefeitura-mozarlandia\/#breadcrumb","itemListElement":[{"@type":"ListItem","position":1,"name":"In\u00edcio","item":"https:\/\/www.estrategiaconcursos.com.br\/blog\/"},{"@type":"ListItem","position":2,"name":"Concurso Mozarl\u00e2ndia: sa\u00edram os gabaritos! Confira!"}]},{"@type":"WebSite","@id":"https:\/\/www.estrategiaconcursos.com.br\/blog\/#website","url":"https:\/\/www.estrategiaconcursos.com.br\/blog\/","name":"Estrat\u00e9gia Concursos","description":"O blog da Estrat\u00e9gia Concursos traz not\u00edcias sobre concursos e artigos de professores oferecendo cursos para concursos (pdf + videaulas) no site.","publisher":{"@id":"https:\/\/www.estrategiaconcursos.com.br\/blog\/#organization"},"potentialAction":[{"@type":"SearchAction","target":{"@type":"EntryPoint","urlTemplate":"https:\/\/www.estrategiaconcursos.com.br\/blog\/?s={search_term_string}"},"query-input":{"@type":"PropertyValueSpecification","valueRequired":true,"valueName":"search_term_string"}}],"inLanguage":"pt-BR"},{"@type":"Organization","@id":"https:\/\/www.estrategiaconcursos.com.br\/blog\/#organization","name":"Estrat\u00e9gia Concursos","url":"https:\/\/www.estrategiaconcursos.com.br\/blog\/","logo":{"@type":"ImageObject","inLanguage":"pt-BR","@id":"https:\/\/www.estrategiaconcursos.com.br\/blog\/#\/schema\/logo\/image\/","url":"https:\/\/dhg1h5j42swfq.cloudfront.net\/2025\/06\/03203428\/logo_concursos-1.jpg","contentUrl":"https:\/\/dhg1h5j42swfq.cloudfront.net\/2025\/06\/03203428\/logo_concursos-1.jpg","width":230,"height":60,"caption":"Estrat\u00e9gia Concursos"},"image":{"@id":"https:\/\/www.estrategiaconcursos.com.br\/blog\/#\/schema\/logo\/image\/"},"sameAs":["https:\/\/x.com\/EstratConcursos"]},{"@type":"Person","@id":"https:\/\/www.estrategiaconcursos.com.br\/blog\/#\/schema\/person\/b4a388c97673c5f483d72185668afa1f","name":"Coordena\u00e7\u00e3o","image":{"@type":"ImageObject","inLanguage":"pt-BR","@id":"https:\/\/secure.gravatar.com\/avatar\/b720319e4c9a967eb58678d110f4fe35452fc5d5f97b202bac7b8acceb18c6ad?s=96&d=mm&r=g","url":"https:\/\/secure.gravatar.com\/avatar\/b720319e4c9a967eb58678d110f4fe35452fc5d5f97b202bac7b8acceb18c6ad?s=96&d=mm&r=g","contentUrl":"https:\/\/secure.gravatar.com\/avatar\/b720319e4c9a967eb58678d110f4fe35452fc5d5f97b202bac7b8acceb18c6ad?s=96&d=mm&r=g","caption":"Coordena\u00e7\u00e3o"},"sameAs":["https:\/\/www.facebook.com\/EstrategiaConcursos","https:\/\/x.com\/EstratConcursos"],"url":"https:\/\/www.estrategiaconcursos.com.br\/blog\/author\/estrategia2013\/"}]}},"_links":{"self":[{"href":"https:\/\/www.estrategiaconcursos.com.br\/blog\/wp-json\/wp\/v2\/posts\/537030","targetHints":{"allow":["GET"]}}],"collection":[{"href":"https:\/\/www.estrategiaconcursos.com.br\/blog\/wp-json\/wp\/v2\/posts"}],"about":[{"href":"https:\/\/www.estrategiaconcursos.com.br\/blog\/wp-json\/wp\/v2\/types\/post"}],"author":[{"embeddable":true,"href":"https:\/\/www.estrategiaconcursos.com.br\/blog\/wp-json\/wp\/v2\/users\/1"}],"replies":[{"embeddable":true,"href":"https:\/\/www.estrategiaconcursos.com.br\/blog\/wp-json\/wp\/v2\/comments?post=537030"}],"version-history":[{"count":38,"href":"https:\/\/www.estrategiaconcursos.com.br\/blog\/wp-json\/wp\/v2\/posts\/537030\/revisions"}],"predecessor-version":[{"id":1476929,"href":"https:\/\/www.estrategiaconcursos.com.br\/blog\/wp-json\/wp\/v2\/posts\/537030\/revisions\/1476929"}],"wp:featuredmedia":[{"embeddable":true,"href":"https:\/\/www.estrategiaconcursos.com.br\/blog\/wp-json\/wp\/v2\/media\/710256"}],"wp:attachment":[{"href":"https:\/\/www.estrategiaconcursos.com.br\/blog\/wp-json\/wp\/v2\/media?parent=537030"}],"wp:term":[{"taxonomy":"category","embeddable":true,"href":"https:\/\/www.estrategiaconcursos.com.br\/blog\/wp-json\/wp\/v2\/categories?post=537030"},{"taxonomy":"post_tag","embeddable":true,"href":"https:\/\/www.estrategiaconcursos.com.br\/blog\/wp-json\/wp\/v2\/tags?post=537030"},{"taxonomy":"tax_estado","embeddable":true,"href":"https:\/\/www.estrategiaconcursos.com.br\/blog\/wp-json\/wp\/v2\/tax_estado?post=537030"}],"curies":[{"name":"wp","href":"https:\/\/api.w.org\/{rel}","templated":true}]}}