{"id":536651,"date":"2020-07-03T17:54:00","date_gmt":"2020-07-03T20:54:00","guid":{"rendered":"https:\/\/www.estrategiaconcursos.com.br\/blog\/?p=536651"},"modified":"2023-06-28T14:20:30","modified_gmt":"2023-06-28T17:20:30","slug":"migrar-tribunais-pcdf","status":"publish","type":"post","link":"https:\/\/www.estrategiaconcursos.com.br\/blog\/migrar-tribunais-pcdf\/","title":{"rendered":"Saiba como migrar da \u00c1rea de Tribunais para a PCDF"},"content":{"rendered":"\n<p>Foi publicado, nesta semana o edital do concurso PCDF para o cargo de <strong>Agente de Pol\u00edcia<\/strong>. Ser\u00e3o ofertadas <strong>1.800 vagas,<\/strong> sendo 600 imediatas mais 1.200 em cadastro de reserva.<\/p>\n\n\n\n<p>As inscri\u00e7\u00f5es devem ser realizadas entre os dias <strong>18 de agosto a 08 de setembro de 2020,<\/strong> pelo portal online do Cebraspe, banca organizadora do concurso PCDF. A taxa de inscri\u00e7\u00e3o foi fixada no valor de R$ 196,00. A prova objetiva do concurso acontecer\u00e1 no dia <strong>18 de outubro de 2020. <\/strong><\/p>\n\n\n\n<p>A prova ser\u00e1 dividida em disciplinas de <strong><em>Conhecimentos B\u00e1sicos<\/em><\/strong>, envolvendo L\u00edngua Portuguesa, L\u00edngua Inglesa, Conhecimentos do DF, Matem\u00e1tica e Racioc\u00ednio L\u00f3gico; e <em><strong>Conhecimentos Espec\u00edficos<\/strong><\/em>, relacionados a Inform\u00e1tica, Estat\u00edstica, Contabilidade e No\u00e7\u00f5es de Direito. <\/p>\n\n\n\n<p>Como podemos ver, muitas dessas disciplinas s\u00e3o comuns \u00e0s provas de tribunais, e caso voc\u00ea esteja no processo de prepara\u00e7\u00e3o para esse tipo de certame e n\u00e3o tem certeza se consegue migrar os estudos para um concurso da \u00e1rea policial, n\u00e3o perca o evento desta <em><strong>sexta-feira, 03 de julho<\/strong><\/em>! <\/p>\n\n\n\n<p>O evento tratar\u00e1 exatamente desta tem\u00e1tica e ser\u00e1 transmitido <em><strong>a partir das 19 horas, diretamente do canal do Estrat\u00e9gia Concursos no Youtube<\/strong><\/em>. Clique no link abaixo e acesse: <\/p>\n\n\n<figure class=\"wp-block-embed-youtube wp-block-embed is-type-video is-provider-youtube wp-embed-aspect-16-9 wp-has-aspect-ratio\"><div class=\"lyte-wrapper\" style=\"width:853px;max-width:100%;margin:5px;\"><div class=\"lyMe\" id=\"WYL_ZjOKX9Q0ng0\"><div id=\"lyte_ZjOKX9Q0ng0\" data-src=\"\/\/i.ytimg.com\/vi\/ZjOKX9Q0ng0\/hqdefault.jpg\" class=\"pL\"><div class=\"tC\"><div class=\"tT\"><\/div><\/div><div class=\"play\"><\/div><div class=\"ctrl\"><div class=\"Lctrl\"><\/div><div class=\"Rctrl\"><\/div><\/div><\/div><noscript><a href=\"https:\/\/youtu.be\/ZjOKX9Q0ng0\" rel=\"nofollow\"><img loading=\"lazy\" decoding=\"async\" src=\"https:\/\/i.ytimg.com\/vi\/ZjOKX9Q0ng0\/0.jpg\" alt=\"YouTube video thumbnail\" width=\"853\" height=\"460\" \/><br \/>Assista a este v\u00eddeo no YouTube<\/a><\/noscript><\/div><\/div><div class=\"lL\" style=\"max-width:100%;width:853px;margin:5px;\"><\/div><figcaption><\/figcaption><\/figure>\n\n\n<p class=\"has-text-align-center\"><strong><em><strong>Sistema de Quest\u00f5es<\/strong><\/em><\/strong><\/p>\n\n\n\n<p class=\"has-text-align-center\">Estrat\u00e9gia Quest\u00f5es nasceu maior do que todos os concorrentes, com mais quest\u00f5es cadastradas e mais solu\u00e7\u00f5es por professores. Clique no link e aproveite os descontos e b\u00f4nus imperd\u00edveis!<\/p>\n\n\n\n<p class=\"has-text-align-center has-vivid-green-cyan-background-color has-background\"><strong>ASSINE AGORA \u2013 <a href=\"https:\/\/www.estrategiaconcursos.com.br\/cursosPorConcurso\/sistema-de-questoes\/#\/\" target=\"_blank\" rel=\"noreferrer noopener\">Sistema de Quest\u00f5es<\/a><\/strong><\/p>\n\n\n\n<h2 class=\"wp-block-heading\" id=\"assinatura-e-cursos\">Assinatura ilimitada e cursos para o Concurso PCDF<\/h2>\n\n\n\n<p class=\"has-text-align-center\"><em>Gostou desta oportunidade e deseja come\u00e7ar se preparar agora mesmo? Ent\u00e3o, confira os nossos cursos e comece a estudar para o concurso PCDF:<\/em><\/p>\n\n\n\n<p class=\"has-text-align-center has-luminous-vivid-amber-background-color has-background has-medium-font-size\"><a href=\"https:\/\/www.estrategiaconcursos.com.br\/cursosPorConcurso\/policia-civil-do-distrito-federal-pc-df\/\" target=\"_blank\" rel=\"noreferrer noopener\"><strong>CURSOS PCDF<\/strong><\/a><\/p>\n\n\n\n<p class=\"has-text-align-center\"><em><strong>Assinatura Anual Ilimitada*<\/strong><\/em><\/p>\n\n\n\n<p class=\"has-text-align-center\"><em>Prepare-se com o melhor material e com quem mais aprova em Concursos P\u00fablicos em todo o pa\u00eds. Assine agora a nossa Assinatura Anual e tenha acesso ilimitado* a todos os nossos cursos.<\/em><\/p>\n\n\n\n<p class=\"has-text-align-center has-light-green-cyan-background-color has-background has-medium-font-size\"><strong>ASSINE AGORA<\/strong>&nbsp;\u2013&nbsp;<a href=\"https:\/\/www.estrategiaconcursos.com.br\/assinaturas\/\" target=\"_blank\" rel=\"noreferrer noopener\"><strong>Assinatura Ilimitada<\/strong><\/a><\/p>\n\n\n\n<p class=\"has-text-align-center has-pale-cyan-blue-background-color has-background\" style=\"font-size:clamp(14px, 0.875rem + ((1vw - 3.2px) * 0.49), 19px);px\"><strong><a href=\"https:\/\/www.estrategiaconcursos.com.br\/blog\/concursos-abertos\/\">CONCURSOS ABERTOS<\/a><\/strong><\/p>\n\n\n\n<p class=\"has-text-align-center has-light-green-cyan-background-color has-background has-normal-font-size\"><strong><a aria-label=\"Concursos Policiais (abre numa nova aba)\" href=\"https:\/\/www.estrategiaconcursos.com.br\/blog\/concursos-de-policia\/\" target=\"_blank\" rel=\"noreferrer noopener\">CONCURSOS POLICIAIS<\/a><\/strong><\/p>\n","protected":false},"excerpt":{"rendered":"<p>Foi publicado, nesta semana o edital do concurso PCDF para o cargo de Agente de Pol\u00edcia. Ser\u00e3o ofertadas 1.800 vagas, sendo 600 imediatas mais 1.200 em cadastro de reserva. As inscri\u00e7\u00f5es devem ser realizadas entre os dias 18 de agosto a 08 de setembro de 2020, pelo portal online do Cebraspe, banca organizadora do concurso [&hellip;]<\/p>\n","protected":false},"author":492,"featured_media":537205,"comment_status":"open","ping_status":"closed","sticky":false,"template":"","format":"standard","meta":{"post_tipo":"article","footnotes":""},"categories":[1],"tags":[],"tax_estado":[],"class_list":["post-536651","post","type-post","status-publish","format-standard","has-post-thumbnail","hentry","category-cursos-e-concursos"],"acf":[],"yoast_head":"<!-- This site is optimized with the Yoast SEO Premium plugin v27.2 (Yoast SEO v27.2) - https:\/\/yoast.com\/product\/yoast-seo-premium-wordpress\/ -->\n<title>Saiba como migrar da \u00c1rea de Tribunais para a PCDF<\/title>\n<meta name=\"description\" content=\"Descubra como migrar seus estudos da \u00e1rea de tribunais para o concurso da PCDF, com edital pubicado este m\u00eas e prova ainda em 2020!\" \/>\n<meta name=\"robots\" content=\"index, follow, max-snippet:-1, max-image-preview:large, max-video-preview:-1\" \/>\n<link rel=\"canonical\" href=\"https:\/\/www.estrategiaconcursos.com.br\/blog\/migrar-tribunais-pcdf\/\" \/>\n<meta property=\"og:locale\" content=\"pt_BR\" \/>\n<meta property=\"og:type\" content=\"article\" \/>\n<meta property=\"og:title\" content=\"Saiba como migrar da \u00c1rea de Tribunais para a PCDF\" \/>\n<meta property=\"og:description\" content=\"Descubra como migrar seus estudos da \u00e1rea de tribunais para o concurso da PCDF, com edital pubicado este m\u00eas e prova ainda em 2020!\" \/>\n<meta property=\"og:url\" content=\"https:\/\/www.estrategiaconcursos.com.br\/blog\/migrar-tribunais-pcdf\/\" \/>\n<meta property=\"og:site_name\" content=\"Estrat\u00e9gia Concursos\" \/>\n<meta property=\"article:published_time\" content=\"2020-07-03T20:54:00+00:00\" \/>\n<meta property=\"article:modified_time\" content=\"2023-06-28T17:20:30+00:00\" \/>\n<meta property=\"og:image\" content=\"https:\/\/dhg1h5j42swfq.cloudfront.net\/2020\/07\/02180630\/YTB_Saiba-como-migrar-da-%C3%81rea-de-Tribunais-para-a-PCDF.jpg\" \/>\n\t<meta property=\"og:image:width\" content=\"1280\" \/>\n\t<meta property=\"og:image:height\" content=\"720\" \/>\n\t<meta property=\"og:image:type\" content=\"image\/jpeg\" \/>\n<meta name=\"author\" content=\"Nelma Fontana\" \/>\n<meta name=\"twitter:card\" content=\"summary_large_image\" \/>\n<meta name=\"twitter:creator\" content=\"@EstratConcursos\" \/>\n<meta name=\"twitter:site\" content=\"@EstratConcursos\" \/>\n<meta name=\"twitter:label1\" content=\"Escrito por\" \/>\n\t<meta name=\"twitter:data1\" content=\"Nelma Fontana\" \/>\n\t<meta name=\"twitter:label2\" content=\"Est. tempo de leitura\" \/>\n\t<meta name=\"twitter:data2\" content=\"2 minutos\" \/>\n<script type=\"application\/ld+json\" class=\"yoast-schema-graph\">{\"@context\":\"https:\/\/schema.org\",\"@graph\":[{\"@type\":\"NewsArticle\",\"@id\":\"https:\/\/www.estrategiaconcursos.com.br\/blog\/migrar-tribunais-pcdf\/#article\",\"isPartOf\":{\"@id\":\"https:\/\/www.estrategiaconcursos.com.br\/blog\/migrar-tribunais-pcdf\/\"},\"author\":{\"name\":\"Nelma Fontana\",\"@id\":\"https:\/\/www.estrategiaconcursos.com.br\/blog\/#\/schema\/person\/09924ae9dae935885ef15db075a3be15\"},\"headline\":\"Saiba como migrar da \u00c1rea de Tribunais para a PCDF\",\"datePublished\":\"2020-07-03T20:54:00+00:00\",\"dateModified\":\"2023-06-28T17:20:30+00:00\",\"mainEntityOfPage\":{\"@id\":\"https:\/\/www.estrategiaconcursos.com.br\/blog\/migrar-tribunais-pcdf\/\"},\"wordCount\":344,\"commentCount\":0,\"publisher\":{\"@id\":\"https:\/\/www.estrategiaconcursos.com.br\/blog\/#organization\"},\"image\":{\"@id\":\"https:\/\/www.estrategiaconcursos.com.br\/blog\/migrar-tribunais-pcdf\/#primaryimage\"},\"thumbnailUrl\":\"https:\/\/dhg1h5j42swfq.cloudfront.net\/2020\/07\/02180630\/YTB_Saiba-como-migrar-da-%C3%81rea-de-Tribunais-para-a-PCDF.jpg\",\"articleSection\":[\"Concursos P\u00fablicos\"],\"inLanguage\":\"pt-BR\",\"potentialAction\":[{\"@type\":\"CommentAction\",\"name\":\"Comment\",\"target\":[\"https:\/\/www.estrategiaconcursos.com.br\/blog\/migrar-tribunais-pcdf\/#respond\"]}],\"copyrightYear\":\"2020\",\"copyrightHolder\":{\"@id\":\"https:\/\/www.estrategiaconcursos.com.br\/blog\/#organization\"}},{\"@type\":\"WebPage\",\"@id\":\"https:\/\/www.estrategiaconcursos.com.br\/blog\/migrar-tribunais-pcdf\/\",\"url\":\"https:\/\/www.estrategiaconcursos.com.br\/blog\/migrar-tribunais-pcdf\/\",\"name\":\"Saiba como migrar da \u00c1rea de Tribunais para a PCDF\",\"isPartOf\":{\"@id\":\"https:\/\/www.estrategiaconcursos.com.br\/blog\/#website\"},\"primaryImageOfPage\":{\"@id\":\"https:\/\/www.estrategiaconcursos.com.br\/blog\/migrar-tribunais-pcdf\/#primaryimage\"},\"image\":{\"@id\":\"https:\/\/www.estrategiaconcursos.com.br\/blog\/migrar-tribunais-pcdf\/#primaryimage\"},\"thumbnailUrl\":\"https:\/\/dhg1h5j42swfq.cloudfront.net\/2020\/07\/02180630\/YTB_Saiba-como-migrar-da-%C3%81rea-de-Tribunais-para-a-PCDF.jpg\",\"datePublished\":\"2020-07-03T20:54:00+00:00\",\"dateModified\":\"2023-06-28T17:20:30+00:00\",\"description\":\"Descubra como migrar seus estudos da \u00e1rea de tribunais para o concurso da PCDF, com edital pubicado este m\u00eas e prova ainda em 2020!\",\"breadcrumb\":{\"@id\":\"https:\/\/www.estrategiaconcursos.com.br\/blog\/migrar-tribunais-pcdf\/#breadcrumb\"},\"inLanguage\":\"pt-BR\",\"potentialAction\":[{\"@type\":\"ReadAction\",\"target\":[\"https:\/\/www.estrategiaconcursos.com.br\/blog\/migrar-tribunais-pcdf\/\"]}]},{\"@type\":\"ImageObject\",\"inLanguage\":\"pt-BR\",\"@id\":\"https:\/\/www.estrategiaconcursos.com.br\/blog\/migrar-tribunais-pcdf\/#primaryimage\",\"url\":\"https:\/\/dhg1h5j42swfq.cloudfront.net\/2020\/07\/02180630\/YTB_Saiba-como-migrar-da-%C3%81rea-de-Tribunais-para-a-PCDF.jpg\",\"contentUrl\":\"https:\/\/dhg1h5j42swfq.cloudfront.net\/2020\/07\/02180630\/YTB_Saiba-como-migrar-da-%C3%81rea-de-Tribunais-para-a-PCDF.jpg\",\"width\":1280,\"height\":720},{\"@type\":\"BreadcrumbList\",\"@id\":\"https:\/\/www.estrategiaconcursos.com.br\/blog\/migrar-tribunais-pcdf\/#breadcrumb\",\"itemListElement\":[{\"@type\":\"ListItem\",\"position\":1,\"name\":\"In\u00edcio\",\"item\":\"https:\/\/www.estrategiaconcursos.com.br\/blog\/\"},{\"@type\":\"ListItem\",\"position\":2,\"name\":\"Saiba como migrar da \u00c1rea de Tribunais para a PCDF\"}]},{\"@type\":\"WebSite\",\"@id\":\"https:\/\/www.estrategiaconcursos.com.br\/blog\/#website\",\"url\":\"https:\/\/www.estrategiaconcursos.com.br\/blog\/\",\"name\":\"Estrat\u00e9gia Concursos\",\"description\":\"O blog da Estrat\u00e9gia Concursos traz not\u00edcias sobre concursos e artigos de professores oferecendo cursos para concursos (pdf + videaulas) no site.\",\"publisher\":{\"@id\":\"https:\/\/www.estrategiaconcursos.com.br\/blog\/#organization\"},\"potentialAction\":[{\"@type\":\"SearchAction\",\"target\":{\"@type\":\"EntryPoint\",\"urlTemplate\":\"https:\/\/www.estrategiaconcursos.com.br\/blog\/?s={search_term_string}\"},\"query-input\":{\"@type\":\"PropertyValueSpecification\",\"valueRequired\":true,\"valueName\":\"search_term_string\"}}],\"inLanguage\":\"pt-BR\"},{\"@type\":\"Organization\",\"@id\":\"https:\/\/www.estrategiaconcursos.com.br\/blog\/#organization\",\"name\":\"Estrat\u00e9gia Concursos\",\"url\":\"https:\/\/www.estrategiaconcursos.com.br\/blog\/\",\"logo\":{\"@type\":\"ImageObject\",\"inLanguage\":\"pt-BR\",\"@id\":\"https:\/\/www.estrategiaconcursos.com.br\/blog\/#\/schema\/logo\/image\/\",\"url\":\"https:\/\/dhg1h5j42swfq.cloudfront.net\/2025\/06\/03203428\/logo_concursos-1.jpg\",\"contentUrl\":\"https:\/\/dhg1h5j42swfq.cloudfront.net\/2025\/06\/03203428\/logo_concursos-1.jpg\",\"width\":230,\"height\":60,\"caption\":\"Estrat\u00e9gia Concursos\"},\"image\":{\"@id\":\"https:\/\/www.estrategiaconcursos.com.br\/blog\/#\/schema\/logo\/image\/\"},\"sameAs\":[\"https:\/\/x.com\/EstratConcursos\"]},{\"@type\":\"Person\",\"@id\":\"https:\/\/www.estrategiaconcursos.com.br\/blog\/#\/schema\/person\/09924ae9dae935885ef15db075a3be15\",\"name\":\"Nelma Fontana\",\"image\":{\"@type\":\"ImageObject\",\"inLanguage\":\"pt-BR\",\"@id\":\"https:\/\/secure.gravatar.com\/avatar\/a2b4071a40b0ae857a4dfe2308130289bde3d65cc7674fb758d21a8b645071e5?s=96&d=mm&r=g\",\"url\":\"https:\/\/secure.gravatar.com\/avatar\/a2b4071a40b0ae857a4dfe2308130289bde3d65cc7674fb758d21a8b645071e5?s=96&d=mm&r=g\",\"contentUrl\":\"https:\/\/secure.gravatar.com\/avatar\/a2b4071a40b0ae857a4dfe2308130289bde3d65cc7674fb758d21a8b645071e5?s=96&d=mm&r=g\",\"caption\":\"Nelma Fontana\"},\"url\":\"https:\/\/www.estrategiaconcursos.com.br\/blog\/author\/fontananelmagmail-com\/\"}]}<\/script>\n<!-- \/ Yoast SEO Premium plugin. -->","yoast_head_json":{"title":"Saiba como migrar da \u00c1rea de Tribunais para a PCDF","description":"Descubra como migrar seus estudos da \u00e1rea de tribunais para o concurso da PCDF, com edital pubicado este m\u00eas e prova ainda em 2020!","robots":{"index":"index","follow":"follow","max-snippet":"max-snippet:-1","max-image-preview":"max-image-preview:large","max-video-preview":"max-video-preview:-1"},"canonical":"https:\/\/www.estrategiaconcursos.com.br\/blog\/migrar-tribunais-pcdf\/","og_locale":"pt_BR","og_type":"article","og_title":"Saiba como migrar da \u00c1rea de Tribunais para a PCDF","og_description":"Descubra como migrar seus estudos da \u00e1rea de tribunais para o concurso da PCDF, com edital pubicado este m\u00eas e prova ainda em 2020!","og_url":"https:\/\/www.estrategiaconcursos.com.br\/blog\/migrar-tribunais-pcdf\/","og_site_name":"Estrat\u00e9gia Concursos","article_published_time":"2020-07-03T20:54:00+00:00","article_modified_time":"2023-06-28T17:20:30+00:00","og_image":[{"width":1280,"height":720,"url":"https:\/\/dhg1h5j42swfq.cloudfront.net\/2020\/07\/02180630\/YTB_Saiba-como-migrar-da-%C3%81rea-de-Tribunais-para-a-PCDF.jpg","type":"image\/jpeg"}],"author":"Nelma Fontana","twitter_card":"summary_large_image","twitter_creator":"@EstratConcursos","twitter_site":"@EstratConcursos","twitter_misc":{"Escrito por":"Nelma Fontana","Est. tempo de leitura":"2 minutos"},"schema":{"@context":"https:\/\/schema.org","@graph":[{"@type":"NewsArticle","@id":"https:\/\/www.estrategiaconcursos.com.br\/blog\/migrar-tribunais-pcdf\/#article","isPartOf":{"@id":"https:\/\/www.estrategiaconcursos.com.br\/blog\/migrar-tribunais-pcdf\/"},"author":{"name":"Nelma Fontana","@id":"https:\/\/www.estrategiaconcursos.com.br\/blog\/#\/schema\/person\/09924ae9dae935885ef15db075a3be15"},"headline":"Saiba como migrar da \u00c1rea de Tribunais para a PCDF","datePublished":"2020-07-03T20:54:00+00:00","dateModified":"2023-06-28T17:20:30+00:00","mainEntityOfPage":{"@id":"https:\/\/www.estrategiaconcursos.com.br\/blog\/migrar-tribunais-pcdf\/"},"wordCount":344,"commentCount":0,"publisher":{"@id":"https:\/\/www.estrategiaconcursos.com.br\/blog\/#organization"},"image":{"@id":"https:\/\/www.estrategiaconcursos.com.br\/blog\/migrar-tribunais-pcdf\/#primaryimage"},"thumbnailUrl":"https:\/\/dhg1h5j42swfq.cloudfront.net\/2020\/07\/02180630\/YTB_Saiba-como-migrar-da-%C3%81rea-de-Tribunais-para-a-PCDF.jpg","articleSection":["Concursos P\u00fablicos"],"inLanguage":"pt-BR","potentialAction":[{"@type":"CommentAction","name":"Comment","target":["https:\/\/www.estrategiaconcursos.com.br\/blog\/migrar-tribunais-pcdf\/#respond"]}],"copyrightYear":"2020","copyrightHolder":{"@id":"https:\/\/www.estrategiaconcursos.com.br\/blog\/#organization"}},{"@type":"WebPage","@id":"https:\/\/www.estrategiaconcursos.com.br\/blog\/migrar-tribunais-pcdf\/","url":"https:\/\/www.estrategiaconcursos.com.br\/blog\/migrar-tribunais-pcdf\/","name":"Saiba como migrar da \u00c1rea de Tribunais para a PCDF","isPartOf":{"@id":"https:\/\/www.estrategiaconcursos.com.br\/blog\/#website"},"primaryImageOfPage":{"@id":"https:\/\/www.estrategiaconcursos.com.br\/blog\/migrar-tribunais-pcdf\/#primaryimage"},"image":{"@id":"https:\/\/www.estrategiaconcursos.com.br\/blog\/migrar-tribunais-pcdf\/#primaryimage"},"thumbnailUrl":"https:\/\/dhg1h5j42swfq.cloudfront.net\/2020\/07\/02180630\/YTB_Saiba-como-migrar-da-%C3%81rea-de-Tribunais-para-a-PCDF.jpg","datePublished":"2020-07-03T20:54:00+00:00","dateModified":"2023-06-28T17:20:30+00:00","description":"Descubra como migrar seus estudos da \u00e1rea de tribunais para o concurso da PCDF, com edital pubicado este m\u00eas e prova ainda em 2020!","breadcrumb":{"@id":"https:\/\/www.estrategiaconcursos.com.br\/blog\/migrar-tribunais-pcdf\/#breadcrumb"},"inLanguage":"pt-BR","potentialAction":[{"@type":"ReadAction","target":["https:\/\/www.estrategiaconcursos.com.br\/blog\/migrar-tribunais-pcdf\/"]}]},{"@type":"ImageObject","inLanguage":"pt-BR","@id":"https:\/\/www.estrategiaconcursos.com.br\/blog\/migrar-tribunais-pcdf\/#primaryimage","url":"https:\/\/dhg1h5j42swfq.cloudfront.net\/2020\/07\/02180630\/YTB_Saiba-como-migrar-da-%C3%81rea-de-Tribunais-para-a-PCDF.jpg","contentUrl":"https:\/\/dhg1h5j42swfq.cloudfront.net\/2020\/07\/02180630\/YTB_Saiba-como-migrar-da-%C3%81rea-de-Tribunais-para-a-PCDF.jpg","width":1280,"height":720},{"@type":"BreadcrumbList","@id":"https:\/\/www.estrategiaconcursos.com.br\/blog\/migrar-tribunais-pcdf\/#breadcrumb","itemListElement":[{"@type":"ListItem","position":1,"name":"In\u00edcio","item":"https:\/\/www.estrategiaconcursos.com.br\/blog\/"},{"@type":"ListItem","position":2,"name":"Saiba como migrar da \u00c1rea de Tribunais para a PCDF"}]},{"@type":"WebSite","@id":"https:\/\/www.estrategiaconcursos.com.br\/blog\/#website","url":"https:\/\/www.estrategiaconcursos.com.br\/blog\/","name":"Estrat\u00e9gia Concursos","description":"O blog da Estrat\u00e9gia Concursos traz not\u00edcias sobre concursos e artigos de professores oferecendo cursos para concursos (pdf + videaulas) no site.","publisher":{"@id":"https:\/\/www.estrategiaconcursos.com.br\/blog\/#organization"},"potentialAction":[{"@type":"SearchAction","target":{"@type":"EntryPoint","urlTemplate":"https:\/\/www.estrategiaconcursos.com.br\/blog\/?s={search_term_string}"},"query-input":{"@type":"PropertyValueSpecification","valueRequired":true,"valueName":"search_term_string"}}],"inLanguage":"pt-BR"},{"@type":"Organization","@id":"https:\/\/www.estrategiaconcursos.com.br\/blog\/#organization","name":"Estrat\u00e9gia Concursos","url":"https:\/\/www.estrategiaconcursos.com.br\/blog\/","logo":{"@type":"ImageObject","inLanguage":"pt-BR","@id":"https:\/\/www.estrategiaconcursos.com.br\/blog\/#\/schema\/logo\/image\/","url":"https:\/\/dhg1h5j42swfq.cloudfront.net\/2025\/06\/03203428\/logo_concursos-1.jpg","contentUrl":"https:\/\/dhg1h5j42swfq.cloudfront.net\/2025\/06\/03203428\/logo_concursos-1.jpg","width":230,"height":60,"caption":"Estrat\u00e9gia Concursos"},"image":{"@id":"https:\/\/www.estrategiaconcursos.com.br\/blog\/#\/schema\/logo\/image\/"},"sameAs":["https:\/\/x.com\/EstratConcursos"]},{"@type":"Person","@id":"https:\/\/www.estrategiaconcursos.com.br\/blog\/#\/schema\/person\/09924ae9dae935885ef15db075a3be15","name":"Nelma Fontana","image":{"@type":"ImageObject","inLanguage":"pt-BR","@id":"https:\/\/secure.gravatar.com\/avatar\/a2b4071a40b0ae857a4dfe2308130289bde3d65cc7674fb758d21a8b645071e5?s=96&d=mm&r=g","url":"https:\/\/secure.gravatar.com\/avatar\/a2b4071a40b0ae857a4dfe2308130289bde3d65cc7674fb758d21a8b645071e5?s=96&d=mm&r=g","contentUrl":"https:\/\/secure.gravatar.com\/avatar\/a2b4071a40b0ae857a4dfe2308130289bde3d65cc7674fb758d21a8b645071e5?s=96&d=mm&r=g","caption":"Nelma Fontana"},"url":"https:\/\/www.estrategiaconcursos.com.br\/blog\/author\/fontananelmagmail-com\/"}]}},"_links":{"self":[{"href":"https:\/\/www.estrategiaconcursos.com.br\/blog\/wp-json\/wp\/v2\/posts\/536651","targetHints":{"allow":["GET"]}}],"collection":[{"href":"https:\/\/www.estrategiaconcursos.com.br\/blog\/wp-json\/wp\/v2\/posts"}],"about":[{"href":"https:\/\/www.estrategiaconcursos.com.br\/blog\/wp-json\/wp\/v2\/types\/post"}],"author":[{"embeddable":true,"href":"https:\/\/www.estrategiaconcursos.com.br\/blog\/wp-json\/wp\/v2\/users\/492"}],"replies":[{"embeddable":true,"href":"https:\/\/www.estrategiaconcursos.com.br\/blog\/wp-json\/wp\/v2\/comments?post=536651"}],"version-history":[{"count":10,"href":"https:\/\/www.estrategiaconcursos.com.br\/blog\/wp-json\/wp\/v2\/posts\/536651\/revisions"}],"predecessor-version":[{"id":1240327,"href":"https:\/\/www.estrategiaconcursos.com.br\/blog\/wp-json\/wp\/v2\/posts\/536651\/revisions\/1240327"}],"wp:featuredmedia":[{"embeddable":true,"href":"https:\/\/www.estrategiaconcursos.com.br\/blog\/wp-json\/wp\/v2\/media\/537205"}],"wp:attachment":[{"href":"https:\/\/www.estrategiaconcursos.com.br\/blog\/wp-json\/wp\/v2\/media?parent=536651"}],"wp:term":[{"taxonomy":"category","embeddable":true,"href":"https:\/\/www.estrategiaconcursos.com.br\/blog\/wp-json\/wp\/v2\/categories?post=536651"},{"taxonomy":"post_tag","embeddable":true,"href":"https:\/\/www.estrategiaconcursos.com.br\/blog\/wp-json\/wp\/v2\/tags?post=536651"},{"taxonomy":"tax_estado","embeddable":true,"href":"https:\/\/www.estrategiaconcursos.com.br\/blog\/wp-json\/wp\/v2\/tax_estado?post=536651"}],"curies":[{"name":"wp","href":"https:\/\/api.w.org\/{rel}","templated":true}]}}