{"id":535404,"date":"2020-06-30T00:00:00","date_gmt":"2020-06-30T03:00:00","guid":{"rendered":"https:\/\/www.estrategiaconcursos.com.br\/blog\/?p=535404"},"modified":"2023-07-20T16:27:28","modified_gmt":"2023-07-20T19:27:28","slug":"edital-camara-de-japeri-rj","status":"publish","type":"post","link":"https:\/\/www.estrategiaconcursos.com.br\/blog\/edital-camara-de-japeri-rj\/","title":{"rendered":"Edital C\u00e2mara de Japeri RJ \u00e9 PUBLICADO com 20 vagas. Inscri\u00e7\u00f5es abertas!"},"content":{"rendered":"\n<p style=\"font-size:clamp(16.293px, 1.018rem + ((1vw - 3.2px) * 0.854), 25px);px\"><em>Provas do Edital C\u00e2mara de Japeri RJ ser\u00e3o realizadas em 27 de setembro de 2020<\/em><\/p>\n\n\n\n<p>Foi publicado nesta ter\u00e7a-feira, 30 de junho de 2020, um novo edital C\u00e2mara de Japeri RJ, munic\u00edpio do Rio de Janeiro, com oferta total de 20 vagas, sendo <strong>10 imediatas<\/strong> e outras <strong>10<\/strong> para forma\u00e7\u00e3o de cadastro de reserva, para cargos de n\u00edveis fundamental e m\u00e9dio.  <\/p>\n\n\n\n<p>Os candidatos interessados nas vagas do Edital C\u00e2mara de Japeri RJ podem se inscrever por meio do site do Instituto Consulpam, banca organizadora do concurso, entre os dias 01 de julho e 02 de agosto de 2020, ao custo de <strong>R$ 14,35 <\/strong>(fundamental)<strong> <\/strong>e<strong> R$ 16,15 <\/strong>(m\u00e9dio).<\/p>\n\n\n\n<h2 class=\"wp-block-heading\">An\u00e1lise de Edital <\/h2>\n\n\n\n<p>Para que voc\u00ea n\u00e3o perca nenhum detalhe do concurso C\u00e2mara de Japeri RJ, preparamos mais uma super An\u00e1lise de Edital. O evento ser\u00e1 transmitido nesta ter\u00e7a-feira, a partir das 18h30. Confira!<\/p>\n\n\n\n<p>Neste artigo voc\u00ea encontrar\u00e1 tudo o que precisa saber sobre o edital do concurso. Nosso objetivo \u00e9 deixar voc\u00ea&nbsp;<strong><em>100% atualizado<\/em><\/strong>. Acompanhe pelos t\u00f3picos a seguir:<\/p>\n\n\n\n<ul class=\"wp-block-list\">\n<li><em><strong><a href=\"#datas\">Principais datas<\/a> <\/strong><\/em><\/li>\n\n\n\n<li><em><strong><a href=\"#cargos\">Cargos, vagas e remunera\u00e7\u00f5es<\/a><\/strong><\/em><\/li>\n\n\n\n<li><a href=\"#etapas\"><em><strong>Etapas do concurso<\/strong><\/em><\/a><\/li>\n\n\n\n<li><em><strong><a href=\"#ficha\">Ficha t\u00e9cnica<\/a><\/strong><\/em><\/li>\n<\/ul>\n\n\n\n<h2 class=\"wp-block-heading\" id=\"datas\">Principais datas do Edital C\u00e2mara de Japeri RJ <\/h2>\n\n\n\n<p class=\"has-very-light-gray-background-color has-background\"><strong>Inscri\u00e7\u00f5es:<\/strong> 01 de julho a 02 de agosto de 2020<br \/><strong>Isen\u00e7\u00e3o:<\/strong> 01 a 02 de julho  <br \/><strong>Taxas:<\/strong> <strong>R$ 14,35 e R$ 16,15<\/strong> <br \/><strong>Prova:<\/strong> 27 de setembro de 2020 <\/p>\n\n\n\n<h2 class=\"wp-block-heading\" id=\"cargos\">Cargos, vagas e remunera\u00e7\u00f5es do Edital C\u00e2mara de Japeri RJ <\/h2>\n\n\n\n<h3 class=\"wp-block-heading\">N\u00edvel fundamental<\/h3>\n\n\n\n<figure class=\"wp-block-table is-style-stripes\"><table class=\"has-background\" style=\"background-color:#e7f5fe\"><tbody><tr><td class=\"has-text-align-center\" data-align=\"center\"><strong>Cargo<\/strong><\/td><td class=\"has-text-align-center\" data-align=\"center\"><strong>Vagas<\/strong><\/td><td class=\"has-text-align-center\" data-align=\"center\"><strong>Remunera\u00e7\u00e3o<\/strong><\/td><\/tr><tr><td class=\"has-text-align-center\" data-align=\"center\">Copeiro<\/td><td class=\"has-text-align-center\" data-align=\"center\">1 vaga + 1 CR<\/td><td class=\"has-text-align-center\" data-align=\"center\"> R$ 1.753,29 (40h)<\/td><\/tr><tr><td class=\"has-text-align-center\" data-align=\"center\">Servente de<br \/>Limpeza<\/td><td class=\"has-text-align-center\" data-align=\"center\">2 vagas + 2 CR<\/td><td class=\"has-text-align-center\" data-align=\"center\">R$ 1.753,29 (40h)<\/td><\/tr><\/tbody><\/table><\/figure>\n\n\n\n<h3 class=\"wp-block-heading\">N\u00edvel m\u00e9dio<\/h3>\n\n\n\n<figure class=\"wp-block-table is-style-stripes\"><table class=\"has-background\" style=\"background-color:#e7f5fe\"><tbody><tr><td class=\"has-text-align-center\" data-align=\"center\"><strong>Cargo<\/strong><\/td><td class=\"has-text-align-center\" data-align=\"center\"><strong>Vagas<\/strong><\/td><td class=\"has-text-align-center\" data-align=\"center\"><strong>Remunera\u00e7\u00e3o<\/strong><\/td><\/tr><tr><td class=\"has-text-align-center\" data-align=\"center\">Almoxarife<\/td><td class=\"has-text-align-center\" data-align=\"center\">1 vaga + 1 CR<\/td><td class=\"has-text-align-center\" data-align=\"center\"> R$ 1.363,68 (40h)<\/td><\/tr><tr><td class=\"has-text-align-center\" data-align=\"center\">Guarda Legislativo<\/td><td class=\"has-text-align-center\" data-align=\"center\">3 vagas + 3 CR<\/td><td class=\"has-text-align-center\" data-align=\"center\">R$ 2.142,91 (40h)<\/td><\/tr><tr><td class=\"has-text-align-center\" data-align=\"center\">Recepcionista<\/td><td class=\"has-text-align-center\" data-align=\"center\">2 vagas + 2 CR<\/td><td class=\"has-text-align-center\" data-align=\"center\">R$ 1.753,29 (40h)<\/td><\/tr><tr><td class=\"has-text-align-center\" data-align=\"center\">Telefonista<\/td><td class=\"has-text-align-center\" data-align=\"center\">1 vaga + 1 CR<\/td><td class=\"has-text-align-center\" data-align=\"center\">R$ 1.363,68 (30h)<\/td><\/tr><\/tbody><\/table><\/figure>\n\n\n\n<h2 class=\"wp-block-heading\" id=\"etapas\">Vejas as etapas do Edital C\u00e2mara de Japeri RJ    <\/h2>\n\n\n\n<p>O concurso do \u00f3rg\u00e3o ser\u00e1 constitu\u00eddo por Prova Objetiva, em turnos distintos. Confira a seguir as principais etapas do certame: <\/p>\n\n\n\n<h3 class=\"wp-block-heading\">Prova Objetiva<\/h3>\n\n\n\n<p>A Prova Objetiva, de car\u00e1ter eliminat\u00f3rio e classificat\u00f3rio, ser\u00e1 do tipo m\u00faltipla escolha, com quatro alternativas, (A, B, C e D). A etapa valer\u00e1 de 0 a 100 pontos, sendo constitu\u00edda da seguinte maneira:<\/p>\n\n\n\n<figure class=\"wp-block-image size-large\"><img loading=\"lazy\" decoding=\"async\" width=\"603\" height=\"491\" src=\"https:\/\/dhg1h5j42swfq.cloudfront.net\/2020\/06\/30131652\/image-379.png\" alt=\"\" class=\"wp-image-535536\" srcset=\"https:\/\/dhg1h5j42swfq.cloudfront.net\/2020\/06\/30131652\/image-379.png 603w, https:\/\/dhg1h5j42swfq.cloudfront.net\/2020\/06\/30131652\/image-379-300x244.png 300w\" sizes=\"auto, (max-width: 603px) 100vw, 603px\" \/><\/figure>\n\n\n\n<h3 class=\"wp-block-heading\">Edital Estrat\u00e9gico: baixe gratuitamente<\/h3>\n\n\n\n<p>Dando um espa\u00e7o para o Edital Estrat\u00e9gico entrar em sua rotina de estudos, ser\u00e1 poss\u00edvel acompanhar seu desempenho atrav\u00e9s de gr\u00e1ficos, garantindo uma vis\u00e3o completa das mat\u00e9rias que necessitam de mais revis\u00f5es.<\/p>\n\n\n\n<p>O registro de cada tarefa ser\u00e1 feito para cada assunto exigido no conte\u00fado program\u00e1tico do edital.<\/p>\n\n\n\n<p>A partir das informa\u00e7\u00f5es preenchidas pelo aluno, uma \u201caba\u201d do Edital Estrat\u00e9gico ir\u00e1 demonstrar a progress\u00e3o em cada tarefa e assunto. A edi\u00e7\u00e3o poder\u00e1 ser realizada apenas na 3\u00aa aba, relativa ao preenchimento do progresso nas disciplinas. Caso voc\u00ea queira fazer outras modifica\u00e7\u00f5es no arquivo, \u00e9 s\u00f3 usar a&nbsp;senha \u201cadmin\u201d&nbsp;na op\u00e7\u00e3o&nbsp;<em><strong>desproteger<\/strong><\/em>&nbsp;planilha do Excel.<\/p>\n\n\n\n<p class=\"has-text-align-center has-very-light-gray-background-color has-background\" style=\"font-size:clamp(14.642px, 0.915rem + ((1vw - 3.2px) * 0.721), 22px);px\"><strong><a href=\"https:\/\/docs.google.com\/spreadsheets\/d\/1_pbpGVN3WoGDcZEitOIPuWqVXjr1FqaE\/edit#gid=284341334\" target=\"_blank\" rel=\"noreferrer noopener\">Guarda Legislativo <\/a><\/strong><\/p>\n\n\n\n<p class=\"has-text-align-center has-very-light-gray-background-color has-background\" style=\"font-size:clamp(14.642px, 0.915rem + ((1vw - 3.2px) * 0.721), 22px);px\"><strong>Saiba mais: <a href=\"https:\/\/www.estrategiaconcursos.com.br\/blog\/concurso-camara-de-japeri-rj\/\">Concurso C\u00e2mara de Japeri RJ<\/a><\/strong><\/p>\n\n\n\n<p class=\"has-text-align-center\"><em><strong>Assinatura Anual Ilimitada*<\/strong><\/em><\/p>\n\n\n\n<p class=\"has-text-align-center\"><em>Prepare-se com o melhor material e com quem mais aprova em Concursos P\u00fablicos em todo o pa\u00eds. Assine agora a nossa Assinatura Anual e tenha acesso ilimitado* a todos os nossos cursos.<\/em><\/p>\n\n\n\n<p class=\"has-text-align-center has-luminous-vivid-amber-background-color has-background\" style=\"font-size:clamp(14.642px, 0.915rem + ((1vw - 3.2px) * 0.721), 22px);px\"><strong>ASSINE AGORA&nbsp;\u2013&nbsp;<\/strong><a rel=\"noreferrer noopener\" href=\"https:\/\/www.estrategiaconcursos.com.br\/assinaturas\" target=\"_blank\"><strong>Assinatura Ilimitada<\/strong><\/a><\/p>\n\n\n\n<p class=\"has-text-align-center\"><strong><em><strong>Sistema de Quest\u00f5es<\/strong><\/em><\/strong><\/p>\n\n\n\n<p class=\"has-text-align-center\">Estrat\u00e9gia Quest\u00f5es nasceu maior do que todos os concorrentes, com mais quest\u00f5es cadastradas e mais solu\u00e7\u00f5es por professores. Clique no link e aproveite os descontos e b\u00f4nus imperd\u00edveis!<\/p>\n\n\n\n<p class=\"has-text-align-center has-light-green-cyan-background-color has-background\" style=\"font-size:clamp(14.642px, 0.915rem + ((1vw - 3.2px) * 0.721), 22px);px\"><strong>ASSINE AGORA \u2013&nbsp;<a href=\"https:\/\/www.estrategiaconcursos.com.br\/cursosPorConcurso\/sistema-de-questoes\/#\/\" target=\"_blank\" rel=\"noreferrer noopener\">Sistema de Quest\u00f5es<\/a><\/strong><\/p>\n\n\n\n<p class=\"has-text-align-center\"><strong><em>Fique por dentro de todos os concursos<\/em><\/strong><\/p>\n\n\n\n<p class=\"has-text-align-center has-pale-cyan-blue-background-color has-background\" style=\"font-size:clamp(14.642px, 0.915rem + ((1vw - 3.2px) * 0.721), 22px);px\"><a href=\"https:\/\/www.estrategiaconcursos.com.br\/blog\/concursos-abertos\/\" target=\"_blank\" rel=\"noreferrer noopener\"><strong>CONCURSOS ABERTOS<\/strong><\/a><\/p>\n\n\n\n<figure class=\"wp-block-image\"><img loading=\"lazy\" decoding=\"async\" width=\"300\" height=\"102\" src=\"https:\/\/dhg1h5j42swfq.cloudfront.net\/2019\/05\/29143052\/coruja-ficha-tecnica-300x1025.png\" alt=\"Ficha T\u00e9cnica concurso PCDF\" class=\"wp-image-380136\"\/><\/figure>\n\n\n\n<h4 class=\"wp-block-heading\" id=\"ficha\"><strong>Informa\u00e7\u00f5es do <\/strong>concurso C\u00e2mara de Japeri RJ <\/h4>\n\n\n\n<p>\u25ba<strong>Data prevista<\/strong>&nbsp;<strong>da prova:&nbsp;<\/strong>27 de setembro de 2020<br \/>\u25ba<strong>Vagas<\/strong>: 20 vagas<br \/>\u25ba<strong>Cargos<\/strong>: Diversos<br \/>\u25ba<strong>Banca<\/strong>: Instituto Consulpam<br \/>\u25ba<strong>Escolaridade<\/strong>: N\u00edveis fundamental e m\u00e9dio<br \/>\u25ba<strong>Edital: <a rel=\"noreferrer noopener\" href=\"https:\/\/dhg1h5j42swfq.cloudfront.net\/2020\/06\/30122539\/Edital_Concurso_Camara_de_Japeri_RJ_2020.pdf\" target=\"_blank\">Baixe aqui!<\/a><\/strong><\/p>\n","protected":false},"excerpt":{"rendered":"<p>Provas do Edital C\u00e2mara de Japeri RJ ser\u00e3o realizadas em 27 de setembro de 2020 Foi publicado nesta ter\u00e7a-feira, 30 de junho de 2020, um novo edital C\u00e2mara de Japeri RJ, munic\u00edpio do Rio de Janeiro, com oferta total de 20 vagas, sendo 10 imediatas e outras 10 para forma\u00e7\u00e3o de cadastro de reserva, para [&hellip;]<\/p>\n","protected":false},"author":388,"featured_media":399561,"comment_status":"open","ping_status":"closed","sticky":false,"template":"","format":"standard","meta":{"post_tipo":"article","footnotes":""},"categories":[1],"tags":[],"tax_estado":[],"class_list":["post-535404","post","type-post","status-publish","format-standard","has-post-thumbnail","hentry","category-cursos-e-concursos"],"acf":[],"yoast_head":"<!-- This site is optimized with the Yoast SEO Premium plugin v27.2 (Yoast SEO v27.2) - https:\/\/yoast.com\/product\/yoast-seo-premium-wordpress\/ -->\n<title>Edital C\u00e2mara de Japeri RJ \u00e9 PUBLICADO com 20 vagas. Inscri\u00e7\u00f5es abertas!<\/title>\n<meta name=\"description\" content=\"Foi publicado um novo edital C\u00e2mara de Japeri RJ, com oferta de 20 vagas, para cargos de n\u00edveis fundamental e m\u00e9dio. Confira no site!\" \/>\n<meta name=\"robots\" content=\"index, follow, max-snippet:-1, max-image-preview:large, max-video-preview:-1\" \/>\n<link rel=\"canonical\" href=\"https:\/\/www.estrategiaconcursos.com.br\/blog\/edital-camara-de-japeri-rj\/\" \/>\n<meta property=\"og:locale\" content=\"pt_BR\" \/>\n<meta property=\"og:type\" content=\"article\" \/>\n<meta property=\"og:title\" content=\"Edital C\u00e2mara de Japeri RJ \u00e9 PUBLICADO com 20 vagas. Inscri\u00e7\u00f5es abertas!\" \/>\n<meta property=\"og:description\" content=\"Foi publicado um novo edital C\u00e2mara de Japeri RJ, com oferta de 20 vagas, para cargos de n\u00edveis fundamental e m\u00e9dio. Confira no site!\" \/>\n<meta property=\"og:url\" content=\"https:\/\/www.estrategiaconcursos.com.br\/blog\/edital-camara-de-japeri-rj\/\" \/>\n<meta property=\"og:site_name\" content=\"Estrat\u00e9gia Concursos\" \/>\n<meta property=\"article:published_time\" content=\"2020-06-30T03:00:00+00:00\" \/>\n<meta property=\"article:modified_time\" content=\"2023-07-20T19:27:28+00:00\" \/>\n<meta property=\"og:image\" content=\"https:\/\/dhg1h5j42swfq.cloudfront.net\/2019\/07\/17002128\/logo-estrategia-concursos3.jpg\" \/>\n\t<meta property=\"og:image:width\" content=\"1024\" \/>\n\t<meta property=\"og:image:height\" content=\"576\" \/>\n\t<meta property=\"og:image:type\" content=\"image\/jpeg\" \/>\n<meta name=\"author\" content=\"Tiago Zanolla\" \/>\n<meta name=\"twitter:card\" content=\"summary_large_image\" \/>\n<meta name=\"twitter:creator\" content=\"@EstratConcursos\" \/>\n<meta name=\"twitter:site\" content=\"@EstratConcursos\" \/>\n<meta name=\"twitter:label1\" content=\"Escrito por\" \/>\n\t<meta name=\"twitter:data1\" content=\"Tiago Zanolla\" \/>\n\t<meta name=\"twitter:label2\" content=\"Est. tempo de leitura\" \/>\n\t<meta name=\"twitter:data2\" content=\"3 minutos\" \/>\n<script type=\"application\/ld+json\" class=\"yoast-schema-graph\">{\"@context\":\"https:\/\/schema.org\",\"@graph\":[{\"@type\":\"NewsArticle\",\"@id\":\"https:\/\/www.estrategiaconcursos.com.br\/blog\/edital-camara-de-japeri-rj\/#article\",\"isPartOf\":{\"@id\":\"https:\/\/www.estrategiaconcursos.com.br\/blog\/edital-camara-de-japeri-rj\/\"},\"author\":{\"name\":\"Tiago Zanolla\",\"@id\":\"https:\/\/www.estrategiaconcursos.com.br\/blog\/#\/schema\/person\/1509739fd92a40c9b52116de04a90310\"},\"headline\":\"Edital C\u00e2mara de Japeri RJ \u00e9 PUBLICADO com 20 vagas. Inscri\u00e7\u00f5es abertas!\",\"datePublished\":\"2020-06-30T03:00:00+00:00\",\"dateModified\":\"2023-07-20T19:27:28+00:00\",\"mainEntityOfPage\":{\"@id\":\"https:\/\/www.estrategiaconcursos.com.br\/blog\/edital-camara-de-japeri-rj\/\"},\"wordCount\":626,\"commentCount\":0,\"publisher\":{\"@id\":\"https:\/\/www.estrategiaconcursos.com.br\/blog\/#organization\"},\"image\":{\"@id\":\"https:\/\/www.estrategiaconcursos.com.br\/blog\/edital-camara-de-japeri-rj\/#primaryimage\"},\"thumbnailUrl\":\"https:\/\/dhg1h5j42swfq.cloudfront.net\/2019\/07\/17002128\/logo-estrategia-concursos3.jpg\",\"articleSection\":[\"Concursos P\u00fablicos\"],\"inLanguage\":\"pt-BR\",\"potentialAction\":[{\"@type\":\"CommentAction\",\"name\":\"Comment\",\"target\":[\"https:\/\/www.estrategiaconcursos.com.br\/blog\/edital-camara-de-japeri-rj\/#respond\"]}],\"copyrightYear\":\"2020\",\"copyrightHolder\":{\"@id\":\"https:\/\/www.estrategiaconcursos.com.br\/blog\/#organization\"}},{\"@type\":\"WebPage\",\"@id\":\"https:\/\/www.estrategiaconcursos.com.br\/blog\/edital-camara-de-japeri-rj\/\",\"url\":\"https:\/\/www.estrategiaconcursos.com.br\/blog\/edital-camara-de-japeri-rj\/\",\"name\":\"Edital C\u00e2mara de Japeri RJ \u00e9 PUBLICADO com 20 vagas. Inscri\u00e7\u00f5es abertas!\",\"isPartOf\":{\"@id\":\"https:\/\/www.estrategiaconcursos.com.br\/blog\/#website\"},\"primaryImageOfPage\":{\"@id\":\"https:\/\/www.estrategiaconcursos.com.br\/blog\/edital-camara-de-japeri-rj\/#primaryimage\"},\"image\":{\"@id\":\"https:\/\/www.estrategiaconcursos.com.br\/blog\/edital-camara-de-japeri-rj\/#primaryimage\"},\"thumbnailUrl\":\"https:\/\/dhg1h5j42swfq.cloudfront.net\/2019\/07\/17002128\/logo-estrategia-concursos3.jpg\",\"datePublished\":\"2020-06-30T03:00:00+00:00\",\"dateModified\":\"2023-07-20T19:27:28+00:00\",\"description\":\"Foi publicado um novo edital C\u00e2mara de Japeri RJ, com oferta de 20 vagas, para cargos de n\u00edveis fundamental e m\u00e9dio. Confira no site!\",\"breadcrumb\":{\"@id\":\"https:\/\/www.estrategiaconcursos.com.br\/blog\/edital-camara-de-japeri-rj\/#breadcrumb\"},\"inLanguage\":\"pt-BR\",\"potentialAction\":[{\"@type\":\"ReadAction\",\"target\":[\"https:\/\/www.estrategiaconcursos.com.br\/blog\/edital-camara-de-japeri-rj\/\"]}]},{\"@type\":\"ImageObject\",\"inLanguage\":\"pt-BR\",\"@id\":\"https:\/\/www.estrategiaconcursos.com.br\/blog\/edital-camara-de-japeri-rj\/#primaryimage\",\"url\":\"https:\/\/dhg1h5j42swfq.cloudfront.net\/2019\/07\/17002128\/logo-estrategia-concursos3.jpg\",\"contentUrl\":\"https:\/\/dhg1h5j42swfq.cloudfront.net\/2019\/07\/17002128\/logo-estrategia-concursos3.jpg\",\"width\":1024,\"height\":576},{\"@type\":\"BreadcrumbList\",\"@id\":\"https:\/\/www.estrategiaconcursos.com.br\/blog\/edital-camara-de-japeri-rj\/#breadcrumb\",\"itemListElement\":[{\"@type\":\"ListItem\",\"position\":1,\"name\":\"In\u00edcio\",\"item\":\"https:\/\/www.estrategiaconcursos.com.br\/blog\/\"},{\"@type\":\"ListItem\",\"position\":2,\"name\":\"Edital C\u00e2mara de Japeri RJ \u00e9 PUBLICADO com 20 vagas. Inscri\u00e7\u00f5es abertas!\"}]},{\"@type\":\"WebSite\",\"@id\":\"https:\/\/www.estrategiaconcursos.com.br\/blog\/#website\",\"url\":\"https:\/\/www.estrategiaconcursos.com.br\/blog\/\",\"name\":\"Estrat\u00e9gia Concursos\",\"description\":\"O blog da Estrat\u00e9gia Concursos traz not\u00edcias sobre concursos e artigos de professores oferecendo cursos para concursos (pdf + videaulas) no site.\",\"publisher\":{\"@id\":\"https:\/\/www.estrategiaconcursos.com.br\/blog\/#organization\"},\"potentialAction\":[{\"@type\":\"SearchAction\",\"target\":{\"@type\":\"EntryPoint\",\"urlTemplate\":\"https:\/\/www.estrategiaconcursos.com.br\/blog\/?s={search_term_string}\"},\"query-input\":{\"@type\":\"PropertyValueSpecification\",\"valueRequired\":true,\"valueName\":\"search_term_string\"}}],\"inLanguage\":\"pt-BR\"},{\"@type\":\"Organization\",\"@id\":\"https:\/\/www.estrategiaconcursos.com.br\/blog\/#organization\",\"name\":\"Estrat\u00e9gia Concursos\",\"url\":\"https:\/\/www.estrategiaconcursos.com.br\/blog\/\",\"logo\":{\"@type\":\"ImageObject\",\"inLanguage\":\"pt-BR\",\"@id\":\"https:\/\/www.estrategiaconcursos.com.br\/blog\/#\/schema\/logo\/image\/\",\"url\":\"https:\/\/dhg1h5j42swfq.cloudfront.net\/2025\/06\/03203428\/logo_concursos-1.jpg\",\"contentUrl\":\"https:\/\/dhg1h5j42swfq.cloudfront.net\/2025\/06\/03203428\/logo_concursos-1.jpg\",\"width\":230,\"height\":60,\"caption\":\"Estrat\u00e9gia Concursos\"},\"image\":{\"@id\":\"https:\/\/www.estrategiaconcursos.com.br\/blog\/#\/schema\/logo\/image\/\"},\"sameAs\":[\"https:\/\/x.com\/EstratConcursos\"]},{\"@type\":\"Person\",\"@id\":\"https:\/\/www.estrategiaconcursos.com.br\/blog\/#\/schema\/person\/1509739fd92a40c9b52116de04a90310\",\"name\":\"Tiago Zanolla\",\"image\":{\"@type\":\"ImageObject\",\"inLanguage\":\"pt-BR\",\"@id\":\"https:\/\/secure.gravatar.com\/avatar\/e647cb200c21008603a1760df42f3f713d32dd977761568b5689c47f0b1747ee?s=96&d=mm&r=g\",\"url\":\"https:\/\/secure.gravatar.com\/avatar\/e647cb200c21008603a1760df42f3f713d32dd977761568b5689c47f0b1747ee?s=96&d=mm&r=g\",\"contentUrl\":\"https:\/\/secure.gravatar.com\/avatar\/e647cb200c21008603a1760df42f3f713d32dd977761568b5689c47f0b1747ee?s=96&d=mm&r=g\",\"caption\":\"Tiago Zanolla\"},\"url\":\"https:\/\/www.estrategiaconcursos.com.br\/blog\/author\/zanolla-estrategiagmail-com\/\"}]}<\/script>\n<!-- \/ Yoast SEO Premium plugin. -->","yoast_head_json":{"title":"Edital C\u00e2mara de Japeri RJ \u00e9 PUBLICADO com 20 vagas. Inscri\u00e7\u00f5es abertas!","description":"Foi publicado um novo edital C\u00e2mara de Japeri RJ, com oferta de 20 vagas, para cargos de n\u00edveis fundamental e m\u00e9dio. Confira no site!","robots":{"index":"index","follow":"follow","max-snippet":"max-snippet:-1","max-image-preview":"max-image-preview:large","max-video-preview":"max-video-preview:-1"},"canonical":"https:\/\/www.estrategiaconcursos.com.br\/blog\/edital-camara-de-japeri-rj\/","og_locale":"pt_BR","og_type":"article","og_title":"Edital C\u00e2mara de Japeri RJ \u00e9 PUBLICADO com 20 vagas. Inscri\u00e7\u00f5es abertas!","og_description":"Foi publicado um novo edital C\u00e2mara de Japeri RJ, com oferta de 20 vagas, para cargos de n\u00edveis fundamental e m\u00e9dio. Confira no site!","og_url":"https:\/\/www.estrategiaconcursos.com.br\/blog\/edital-camara-de-japeri-rj\/","og_site_name":"Estrat\u00e9gia Concursos","article_published_time":"2020-06-30T03:00:00+00:00","article_modified_time":"2023-07-20T19:27:28+00:00","og_image":[{"width":1024,"height":576,"url":"https:\/\/dhg1h5j42swfq.cloudfront.net\/2019\/07\/17002128\/logo-estrategia-concursos3.jpg","type":"image\/jpeg"}],"author":"Tiago Zanolla","twitter_card":"summary_large_image","twitter_creator":"@EstratConcursos","twitter_site":"@EstratConcursos","twitter_misc":{"Escrito por":"Tiago Zanolla","Est. tempo de leitura":"3 minutos"},"schema":{"@context":"https:\/\/schema.org","@graph":[{"@type":"NewsArticle","@id":"https:\/\/www.estrategiaconcursos.com.br\/blog\/edital-camara-de-japeri-rj\/#article","isPartOf":{"@id":"https:\/\/www.estrategiaconcursos.com.br\/blog\/edital-camara-de-japeri-rj\/"},"author":{"name":"Tiago Zanolla","@id":"https:\/\/www.estrategiaconcursos.com.br\/blog\/#\/schema\/person\/1509739fd92a40c9b52116de04a90310"},"headline":"Edital C\u00e2mara de Japeri RJ \u00e9 PUBLICADO com 20 vagas. Inscri\u00e7\u00f5es abertas!","datePublished":"2020-06-30T03:00:00+00:00","dateModified":"2023-07-20T19:27:28+00:00","mainEntityOfPage":{"@id":"https:\/\/www.estrategiaconcursos.com.br\/blog\/edital-camara-de-japeri-rj\/"},"wordCount":626,"commentCount":0,"publisher":{"@id":"https:\/\/www.estrategiaconcursos.com.br\/blog\/#organization"},"image":{"@id":"https:\/\/www.estrategiaconcursos.com.br\/blog\/edital-camara-de-japeri-rj\/#primaryimage"},"thumbnailUrl":"https:\/\/dhg1h5j42swfq.cloudfront.net\/2019\/07\/17002128\/logo-estrategia-concursos3.jpg","articleSection":["Concursos P\u00fablicos"],"inLanguage":"pt-BR","potentialAction":[{"@type":"CommentAction","name":"Comment","target":["https:\/\/www.estrategiaconcursos.com.br\/blog\/edital-camara-de-japeri-rj\/#respond"]}],"copyrightYear":"2020","copyrightHolder":{"@id":"https:\/\/www.estrategiaconcursos.com.br\/blog\/#organization"}},{"@type":"WebPage","@id":"https:\/\/www.estrategiaconcursos.com.br\/blog\/edital-camara-de-japeri-rj\/","url":"https:\/\/www.estrategiaconcursos.com.br\/blog\/edital-camara-de-japeri-rj\/","name":"Edital C\u00e2mara de Japeri RJ \u00e9 PUBLICADO com 20 vagas. Inscri\u00e7\u00f5es abertas!","isPartOf":{"@id":"https:\/\/www.estrategiaconcursos.com.br\/blog\/#website"},"primaryImageOfPage":{"@id":"https:\/\/www.estrategiaconcursos.com.br\/blog\/edital-camara-de-japeri-rj\/#primaryimage"},"image":{"@id":"https:\/\/www.estrategiaconcursos.com.br\/blog\/edital-camara-de-japeri-rj\/#primaryimage"},"thumbnailUrl":"https:\/\/dhg1h5j42swfq.cloudfront.net\/2019\/07\/17002128\/logo-estrategia-concursos3.jpg","datePublished":"2020-06-30T03:00:00+00:00","dateModified":"2023-07-20T19:27:28+00:00","description":"Foi publicado um novo edital C\u00e2mara de Japeri RJ, com oferta de 20 vagas, para cargos de n\u00edveis fundamental e m\u00e9dio. Confira no site!","breadcrumb":{"@id":"https:\/\/www.estrategiaconcursos.com.br\/blog\/edital-camara-de-japeri-rj\/#breadcrumb"},"inLanguage":"pt-BR","potentialAction":[{"@type":"ReadAction","target":["https:\/\/www.estrategiaconcursos.com.br\/blog\/edital-camara-de-japeri-rj\/"]}]},{"@type":"ImageObject","inLanguage":"pt-BR","@id":"https:\/\/www.estrategiaconcursos.com.br\/blog\/edital-camara-de-japeri-rj\/#primaryimage","url":"https:\/\/dhg1h5j42swfq.cloudfront.net\/2019\/07\/17002128\/logo-estrategia-concursos3.jpg","contentUrl":"https:\/\/dhg1h5j42swfq.cloudfront.net\/2019\/07\/17002128\/logo-estrategia-concursos3.jpg","width":1024,"height":576},{"@type":"BreadcrumbList","@id":"https:\/\/www.estrategiaconcursos.com.br\/blog\/edital-camara-de-japeri-rj\/#breadcrumb","itemListElement":[{"@type":"ListItem","position":1,"name":"In\u00edcio","item":"https:\/\/www.estrategiaconcursos.com.br\/blog\/"},{"@type":"ListItem","position":2,"name":"Edital C\u00e2mara de Japeri RJ \u00e9 PUBLICADO com 20 vagas. Inscri\u00e7\u00f5es abertas!"}]},{"@type":"WebSite","@id":"https:\/\/www.estrategiaconcursos.com.br\/blog\/#website","url":"https:\/\/www.estrategiaconcursos.com.br\/blog\/","name":"Estrat\u00e9gia Concursos","description":"O blog da Estrat\u00e9gia Concursos traz not\u00edcias sobre concursos e artigos de professores oferecendo cursos para concursos (pdf + videaulas) no site.","publisher":{"@id":"https:\/\/www.estrategiaconcursos.com.br\/blog\/#organization"},"potentialAction":[{"@type":"SearchAction","target":{"@type":"EntryPoint","urlTemplate":"https:\/\/www.estrategiaconcursos.com.br\/blog\/?s={search_term_string}"},"query-input":{"@type":"PropertyValueSpecification","valueRequired":true,"valueName":"search_term_string"}}],"inLanguage":"pt-BR"},{"@type":"Organization","@id":"https:\/\/www.estrategiaconcursos.com.br\/blog\/#organization","name":"Estrat\u00e9gia Concursos","url":"https:\/\/www.estrategiaconcursos.com.br\/blog\/","logo":{"@type":"ImageObject","inLanguage":"pt-BR","@id":"https:\/\/www.estrategiaconcursos.com.br\/blog\/#\/schema\/logo\/image\/","url":"https:\/\/dhg1h5j42swfq.cloudfront.net\/2025\/06\/03203428\/logo_concursos-1.jpg","contentUrl":"https:\/\/dhg1h5j42swfq.cloudfront.net\/2025\/06\/03203428\/logo_concursos-1.jpg","width":230,"height":60,"caption":"Estrat\u00e9gia Concursos"},"image":{"@id":"https:\/\/www.estrategiaconcursos.com.br\/blog\/#\/schema\/logo\/image\/"},"sameAs":["https:\/\/x.com\/EstratConcursos"]},{"@type":"Person","@id":"https:\/\/www.estrategiaconcursos.com.br\/blog\/#\/schema\/person\/1509739fd92a40c9b52116de04a90310","name":"Tiago Zanolla","image":{"@type":"ImageObject","inLanguage":"pt-BR","@id":"https:\/\/secure.gravatar.com\/avatar\/e647cb200c21008603a1760df42f3f713d32dd977761568b5689c47f0b1747ee?s=96&d=mm&r=g","url":"https:\/\/secure.gravatar.com\/avatar\/e647cb200c21008603a1760df42f3f713d32dd977761568b5689c47f0b1747ee?s=96&d=mm&r=g","contentUrl":"https:\/\/secure.gravatar.com\/avatar\/e647cb200c21008603a1760df42f3f713d32dd977761568b5689c47f0b1747ee?s=96&d=mm&r=g","caption":"Tiago Zanolla"},"url":"https:\/\/www.estrategiaconcursos.com.br\/blog\/author\/zanolla-estrategiagmail-com\/"}]}},"_links":{"self":[{"href":"https:\/\/www.estrategiaconcursos.com.br\/blog\/wp-json\/wp\/v2\/posts\/535404","targetHints":{"allow":["GET"]}}],"collection":[{"href":"https:\/\/www.estrategiaconcursos.com.br\/blog\/wp-json\/wp\/v2\/posts"}],"about":[{"href":"https:\/\/www.estrategiaconcursos.com.br\/blog\/wp-json\/wp\/v2\/types\/post"}],"author":[{"embeddable":true,"href":"https:\/\/www.estrategiaconcursos.com.br\/blog\/wp-json\/wp\/v2\/users\/388"}],"replies":[{"embeddable":true,"href":"https:\/\/www.estrategiaconcursos.com.br\/blog\/wp-json\/wp\/v2\/comments?post=535404"}],"version-history":[{"count":12,"href":"https:\/\/www.estrategiaconcursos.com.br\/blog\/wp-json\/wp\/v2\/posts\/535404\/revisions"}],"predecessor-version":[{"id":1252365,"href":"https:\/\/www.estrategiaconcursos.com.br\/blog\/wp-json\/wp\/v2\/posts\/535404\/revisions\/1252365"}],"wp:featuredmedia":[{"embeddable":true,"href":"https:\/\/www.estrategiaconcursos.com.br\/blog\/wp-json\/wp\/v2\/media\/399561"}],"wp:attachment":[{"href":"https:\/\/www.estrategiaconcursos.com.br\/blog\/wp-json\/wp\/v2\/media?parent=535404"}],"wp:term":[{"taxonomy":"category","embeddable":true,"href":"https:\/\/www.estrategiaconcursos.com.br\/blog\/wp-json\/wp\/v2\/categories?post=535404"},{"taxonomy":"post_tag","embeddable":true,"href":"https:\/\/www.estrategiaconcursos.com.br\/blog\/wp-json\/wp\/v2\/tags?post=535404"},{"taxonomy":"tax_estado","embeddable":true,"href":"https:\/\/www.estrategiaconcursos.com.br\/blog\/wp-json\/wp\/v2\/tax_estado?post=535404"}],"curies":[{"name":"wp","href":"https:\/\/api.w.org\/{rel}","templated":true}]}}