{"id":534291,"date":"2020-06-29T17:20:00","date_gmt":"2020-06-29T20:20:00","guid":{"rendered":"https:\/\/www.estrategiaconcursos.com.br\/blog\/?p=534291"},"modified":"2020-06-29T14:07:48","modified_gmt":"2020-06-29T17:07:48","slug":"vale-a-pena-estudar-para-os-concursos-de-comunicacao-social","status":"publish","type":"post","link":"https:\/\/www.estrategiaconcursos.com.br\/blog\/vale-a-pena-estudar-para-os-concursos-de-comunicacao-social\/","title":{"rendered":"Vale a pena estudar para os concursos de Comunica\u00e7\u00e3o Social?"},"content":{"rendered":"\n<p>Diversos concursos p\u00fablicos abertos ou em processo de abertura ofertam dezenas de oportunidades para a \u00e1rea de Comunica\u00e7\u00e3o Social em todo o pa\u00eds. <\/p>\n\n\n\n<p>Muitos candidatos, por\u00e9m, ainda se questionam sobre a import\u00e2ncia de estudar para esses concursos, o que pode atrasar a prepara\u00e7\u00e3o deles. Ent\u00e3o, se o seu objetivo \u00e9 ser aprovado em Comunica\u00e7\u00e3o Social e as diversas carreiras que compreendem a \u00e1rea, o Estrat\u00e9gia Concursos tem uma excelente not\u00edcia para voc\u00ea!<\/p>\n\n\n\n<p>Nesta segunda-feira, 29 de junho de 2020, a partir das 18h, a professora Julia Branco comanda o evento &#8216;Vale a pena estudar para os concursos de Comunica\u00e7\u00e3o Social?&#8217;, com dicas infal\u00edveis para a sua t\u00e3o sonhada aprova\u00e7\u00e3o. Nos vemos l\u00e1!<\/p>\n\n\n\n<p class=\"has-text-align-center has-medium-font-size\"><strong>Assista em nosso canal no Youtube:<\/strong><\/p>\n\n\n<figure class=\"wp-block-embed-youtube wp-block-embed is-type-video is-provider-youtube wp-embed-aspect-16-9 wp-has-aspect-ratio\"><div class=\"lyte-wrapper\" style=\"width:853px;max-width:100%;margin:5px;\"><div class=\"lyMe\" id=\"WYL__Iel-JdFiHo\"><div id=\"lyte__Iel-JdFiHo\" data-src=\"\/\/i.ytimg.com\/vi\/_Iel-JdFiHo\/hqdefault.jpg\" class=\"pL\"><div class=\"tC\"><div class=\"tT\"><\/div><\/div><div class=\"play\"><\/div><div class=\"ctrl\"><div class=\"Lctrl\"><\/div><div class=\"Rctrl\"><\/div><\/div><\/div><noscript><a href=\"https:\/\/youtu.be\/_Iel-JdFiHo\" rel=\"nofollow\"><img loading=\"lazy\" decoding=\"async\" src=\"https:\/\/i.ytimg.com\/vi\/_Iel-JdFiHo\/0.jpg\" alt=\"YouTube video thumbnail\" width=\"853\" height=\"460\" \/><br \/>Assista a este v\u00eddeo no YouTube<\/a><\/noscript><\/div><\/div><div class=\"lL\" style=\"max-width:100%;width:853px;margin:5px;\"><\/div><figcaption><\/figcaption><\/figure>\n\n\n<h4 class=\"has-text-align-center wp-block-heading\" id=\"assinatura\"><em><strong>Assinatura Anual Ilimitada*<\/strong><\/em><\/h4>\n\n\n\n<p class=\"has-text-align-center\"><em>Prepare-se com o melhor material e com quem mais aprova em Concursos P\u00fablicos em todo o pa\u00eds. Assine agora a nossa Assinatura Anual e tenha acesso ilimitado* a todos os nossos cursos.<\/em><\/p>\n\n\n\n<p class=\"has-background has-text-align-center has-medium-font-size has-luminous-vivid-amber-background-color\"><strong>ASSINE AGORA<\/strong>&nbsp;\u2013&nbsp;<a rel=\"noreferrer noopener\" href=\"https:\/\/www.estrategiaconcursos.com.br\/assinaturas\" target=\"_blank\"><strong>Assinatura Ilimitada<\/strong><\/a><\/p>\n\n\n\n<p class=\"has-text-align-center\"><strong><em>Sistema de Quest\u00f5es<\/em><\/strong><\/p>\n\n\n\n<p class=\"has-text-align-center\"><em>Estrat\u00e9gia Quest\u00f5es nasceu maior do que todos os concorrentes, com mais quest\u00f5es cadastradas e mais solu\u00e7\u00f5es por professores. Clique no link e aproveite os descontos e b\u00f4nus imperd\u00edveis!<\/em><\/p>\n\n\n\n<p class=\"has-background has-text-align-center has-medium-font-size has-light-green-cyan-background-color\"><strong>ASSINE AGORA \u2013&nbsp;<a href=\"https:\/\/www.estrategiaconcursos.com.br\/cursosPorConcurso\/sistema-de-questoes\/#\/\" target=\"_blank\" rel=\"noreferrer noopener\">Sistema de Quest\u00f5es<\/a><\/strong><\/p>\n\n\n\n<p class=\"has-background has-text-align-center has-medium-font-size has-pale-cyan-blue-background-color\"><strong><a href=\"https:\/\/www.estrategiaconcursos.com.br\/blog\/concursos-abertos\/\">CONCURSOS ABERTOS<\/a><\/strong><\/p>\n\n\n\n<p class=\"has-background has-text-align-center has-medium-font-size has-pale-cyan-blue-background-color\"><a href=\"https:\/\/www.estrategiaconcursos.com.br\/blog\/concursos-2020\/\"><strong>CONCURSOS<\/strong><\/a><strong><a href=\"https:\/\/www.estrategiaconcursos.com.br\/blog\/concursos-2020\/\">&nbsp;2020<\/a><\/strong><\/p>\n\n\n\n<p class=\"has-background has-text-align-center has-medium-font-size has-pale-cyan-blue-background-color\"><a href=\"https:\/\/www.estrategiaconcursos.com.br\/blog\/concursos-2021\/\"><strong>Concursos 2021<\/strong><\/a><\/p>\n","protected":false},"excerpt":{"rendered":"<p>Diversos concursos p\u00fablicos abertos ou em processo de abertura ofertam dezenas de oportunidades para a \u00e1rea de Comunica\u00e7\u00e3o Social em todo o pa\u00eds. Muitos candidatos, por\u00e9m, ainda se questionam sobre a import\u00e2ncia de estudar para esses concursos, o que pode atrasar a prepara\u00e7\u00e3o deles. Ent\u00e3o, se o seu objetivo \u00e9 ser aprovado em Comunica\u00e7\u00e3o Social [&hellip;]<\/p>\n","protected":false},"author":657,"featured_media":399557,"comment_status":"open","ping_status":"closed","sticky":false,"template":"","format":"standard","meta":{"post_tipo":"article","footnotes":""},"categories":[1],"tags":[],"tax_estado":[],"class_list":["post-534291","post","type-post","status-publish","format-standard","has-post-thumbnail","hentry","category-cursos-e-concursos"],"acf":[],"yoast_head":"<!-- This site is optimized with the Yoast SEO Premium plugin v27.2 (Yoast SEO v27.2) - https:\/\/yoast.com\/product\/yoast-seo-premium-wordpress\/ -->\n<title>Vale a pena estudar para os concursos de Comunica\u00e7\u00e3o Social?<\/title>\n<meta name=\"description\" content=\"Diversos concursos p\u00fablicos abertos ou em processo de abertura ofertam dezenas de oportunidades para a \u00e1rea de Comunica\u00e7\u00e3o Social em todo o pa\u00eds. Confira!\" \/>\n<meta name=\"robots\" content=\"index, follow, max-snippet:-1, max-image-preview:large, max-video-preview:-1\" \/>\n<link rel=\"canonical\" href=\"https:\/\/www.estrategiaconcursos.com.br\/blog\/vale-a-pena-estudar-para-os-concursos-de-comunicacao-social\/\" \/>\n<meta property=\"og:locale\" content=\"pt_BR\" \/>\n<meta property=\"og:type\" content=\"article\" \/>\n<meta property=\"og:title\" content=\"Vale a pena estudar para os concursos de Comunica\u00e7\u00e3o Social?\" \/>\n<meta property=\"og:description\" content=\"Diversos concursos p\u00fablicos abertos ou em processo de abertura ofertam dezenas de oportunidades para a \u00e1rea de Comunica\u00e7\u00e3o Social em todo o pa\u00eds. Confira!\" \/>\n<meta property=\"og:url\" content=\"https:\/\/www.estrategiaconcursos.com.br\/blog\/vale-a-pena-estudar-para-os-concursos-de-comunicacao-social\/\" \/>\n<meta property=\"og:site_name\" content=\"Estrat\u00e9gia Concursos\" \/>\n<meta property=\"article:published_time\" content=\"2020-06-29T20:20:00+00:00\" \/>\n<meta property=\"og:image\" content=\"https:\/\/dhg1h5j42swfq.cloudfront.net\/2019\/07\/17001940\/logo-estrategia-concursos1.jpg\" \/>\n\t<meta property=\"og:image:width\" content=\"1024\" \/>\n\t<meta property=\"og:image:height\" content=\"576\" \/>\n\t<meta property=\"og:image:type\" content=\"image\/jpeg\" \/>\n<meta name=\"author\" content=\"Nat\u00e1lia Scarano\" \/>\n<meta name=\"twitter:card\" content=\"summary_large_image\" \/>\n<meta name=\"twitter:creator\" content=\"@EstratConcursos\" \/>\n<meta name=\"twitter:site\" content=\"@EstratConcursos\" \/>\n<meta name=\"twitter:label1\" content=\"Escrito por\" \/>\n\t<meta name=\"twitter:data1\" content=\"Nat\u00e1lia Scarano\" \/>\n\t<meta name=\"twitter:label2\" content=\"Est. tempo de leitura\" \/>\n\t<meta name=\"twitter:data2\" content=\"1 minuto\" \/>\n<script type=\"application\/ld+json\" class=\"yoast-schema-graph\">{\"@context\":\"https:\/\/schema.org\",\"@graph\":[{\"@type\":\"NewsArticle\",\"@id\":\"https:\/\/www.estrategiaconcursos.com.br\/blog\/vale-a-pena-estudar-para-os-concursos-de-comunicacao-social\/#article\",\"isPartOf\":{\"@id\":\"https:\/\/www.estrategiaconcursos.com.br\/blog\/vale-a-pena-estudar-para-os-concursos-de-comunicacao-social\/\"},\"author\":{\"name\":\"Nat\u00e1lia Scarano\",\"@id\":\"https:\/\/www.estrategiaconcursos.com.br\/blog\/#\/schema\/person\/751aedf909a9d10cb23ce6ac527ce0f2\"},\"headline\":\"Vale a pena estudar para os concursos de Comunica\u00e7\u00e3o Social?\",\"datePublished\":\"2020-06-29T20:20:00+00:00\",\"mainEntityOfPage\":{\"@id\":\"https:\/\/www.estrategiaconcursos.com.br\/blog\/vale-a-pena-estudar-para-os-concursos-de-comunicacao-social\/\"},\"wordCount\":240,\"commentCount\":0,\"publisher\":{\"@id\":\"https:\/\/www.estrategiaconcursos.com.br\/blog\/#organization\"},\"image\":{\"@id\":\"https:\/\/www.estrategiaconcursos.com.br\/blog\/vale-a-pena-estudar-para-os-concursos-de-comunicacao-social\/#primaryimage\"},\"thumbnailUrl\":\"https:\/\/dhg1h5j42swfq.cloudfront.net\/2019\/07\/17001940\/logo-estrategia-concursos1.jpg\",\"articleSection\":[\"Concursos P\u00fablicos\"],\"inLanguage\":\"pt-BR\",\"potentialAction\":[{\"@type\":\"CommentAction\",\"name\":\"Comment\",\"target\":[\"https:\/\/www.estrategiaconcursos.com.br\/blog\/vale-a-pena-estudar-para-os-concursos-de-comunicacao-social\/#respond\"]}],\"copyrightYear\":\"2020\",\"copyrightHolder\":{\"@id\":\"https:\/\/www.estrategiaconcursos.com.br\/blog\/#organization\"}},{\"@type\":\"WebPage\",\"@id\":\"https:\/\/www.estrategiaconcursos.com.br\/blog\/vale-a-pena-estudar-para-os-concursos-de-comunicacao-social\/\",\"url\":\"https:\/\/www.estrategiaconcursos.com.br\/blog\/vale-a-pena-estudar-para-os-concursos-de-comunicacao-social\/\",\"name\":\"Vale a pena estudar para os concursos de Comunica\u00e7\u00e3o Social?\",\"isPartOf\":{\"@id\":\"https:\/\/www.estrategiaconcursos.com.br\/blog\/#website\"},\"primaryImageOfPage\":{\"@id\":\"https:\/\/www.estrategiaconcursos.com.br\/blog\/vale-a-pena-estudar-para-os-concursos-de-comunicacao-social\/#primaryimage\"},\"image\":{\"@id\":\"https:\/\/www.estrategiaconcursos.com.br\/blog\/vale-a-pena-estudar-para-os-concursos-de-comunicacao-social\/#primaryimage\"},\"thumbnailUrl\":\"https:\/\/dhg1h5j42swfq.cloudfront.net\/2019\/07\/17001940\/logo-estrategia-concursos1.jpg\",\"datePublished\":\"2020-06-29T20:20:00+00:00\",\"description\":\"Diversos concursos p\u00fablicos abertos ou em processo de abertura ofertam dezenas de oportunidades para a \u00e1rea de Comunica\u00e7\u00e3o Social em todo o pa\u00eds. Confira!\",\"breadcrumb\":{\"@id\":\"https:\/\/www.estrategiaconcursos.com.br\/blog\/vale-a-pena-estudar-para-os-concursos-de-comunicacao-social\/#breadcrumb\"},\"inLanguage\":\"pt-BR\",\"potentialAction\":[{\"@type\":\"ReadAction\",\"target\":[\"https:\/\/www.estrategiaconcursos.com.br\/blog\/vale-a-pena-estudar-para-os-concursos-de-comunicacao-social\/\"]}]},{\"@type\":\"ImageObject\",\"inLanguage\":\"pt-BR\",\"@id\":\"https:\/\/www.estrategiaconcursos.com.br\/blog\/vale-a-pena-estudar-para-os-concursos-de-comunicacao-social\/#primaryimage\",\"url\":\"https:\/\/dhg1h5j42swfq.cloudfront.net\/2019\/07\/17001940\/logo-estrategia-concursos1.jpg\",\"contentUrl\":\"https:\/\/dhg1h5j42swfq.cloudfront.net\/2019\/07\/17001940\/logo-estrategia-concursos1.jpg\",\"width\":1024,\"height\":576},{\"@type\":\"BreadcrumbList\",\"@id\":\"https:\/\/www.estrategiaconcursos.com.br\/blog\/vale-a-pena-estudar-para-os-concursos-de-comunicacao-social\/#breadcrumb\",\"itemListElement\":[{\"@type\":\"ListItem\",\"position\":1,\"name\":\"In\u00edcio\",\"item\":\"https:\/\/www.estrategiaconcursos.com.br\/blog\/\"},{\"@type\":\"ListItem\",\"position\":2,\"name\":\"Vale a pena estudar para os concursos de Comunica\u00e7\u00e3o Social?\"}]},{\"@type\":\"WebSite\",\"@id\":\"https:\/\/www.estrategiaconcursos.com.br\/blog\/#website\",\"url\":\"https:\/\/www.estrategiaconcursos.com.br\/blog\/\",\"name\":\"Estrat\u00e9gia Concursos\",\"description\":\"O blog da Estrat\u00e9gia Concursos traz not\u00edcias sobre concursos e artigos de professores oferecendo cursos para concursos (pdf + videaulas) no site.\",\"publisher\":{\"@id\":\"https:\/\/www.estrategiaconcursos.com.br\/blog\/#organization\"},\"potentialAction\":[{\"@type\":\"SearchAction\",\"target\":{\"@type\":\"EntryPoint\",\"urlTemplate\":\"https:\/\/www.estrategiaconcursos.com.br\/blog\/?s={search_term_string}\"},\"query-input\":{\"@type\":\"PropertyValueSpecification\",\"valueRequired\":true,\"valueName\":\"search_term_string\"}}],\"inLanguage\":\"pt-BR\"},{\"@type\":\"Organization\",\"@id\":\"https:\/\/www.estrategiaconcursos.com.br\/blog\/#organization\",\"name\":\"Estrat\u00e9gia Concursos\",\"url\":\"https:\/\/www.estrategiaconcursos.com.br\/blog\/\",\"logo\":{\"@type\":\"ImageObject\",\"inLanguage\":\"pt-BR\",\"@id\":\"https:\/\/www.estrategiaconcursos.com.br\/blog\/#\/schema\/logo\/image\/\",\"url\":\"https:\/\/dhg1h5j42swfq.cloudfront.net\/2025\/06\/03203428\/logo_concursos-1.jpg\",\"contentUrl\":\"https:\/\/dhg1h5j42swfq.cloudfront.net\/2025\/06\/03203428\/logo_concursos-1.jpg\",\"width\":230,\"height\":60,\"caption\":\"Estrat\u00e9gia Concursos\"},\"image\":{\"@id\":\"https:\/\/www.estrategiaconcursos.com.br\/blog\/#\/schema\/logo\/image\/\"},\"sameAs\":[\"https:\/\/x.com\/EstratConcursos\"]},{\"@type\":\"Person\",\"@id\":\"https:\/\/www.estrategiaconcursos.com.br\/blog\/#\/schema\/person\/751aedf909a9d10cb23ce6ac527ce0f2\",\"name\":\"Nat\u00e1lia Scarano\",\"image\":{\"@type\":\"ImageObject\",\"inLanguage\":\"pt-BR\",\"@id\":\"https:\/\/secure.gravatar.com\/avatar\/8a889b8db3dbd227a1a78627357ec8fe64f5e99189d1889a270127828ab372ac?s=96&d=mm&r=g\",\"url\":\"https:\/\/secure.gravatar.com\/avatar\/8a889b8db3dbd227a1a78627357ec8fe64f5e99189d1889a270127828ab372ac?s=96&d=mm&r=g\",\"contentUrl\":\"https:\/\/secure.gravatar.com\/avatar\/8a889b8db3dbd227a1a78627357ec8fe64f5e99189d1889a270127828ab372ac?s=96&d=mm&r=g\",\"caption\":\"Nat\u00e1lia Scarano\"},\"description\":\"Jornalista, formada e p\u00f3s graduada pelo IESB, faz parte do time de jornalistas do Estrat\u00e9gia desde 2017. Possui familiaridade com as \u00e1reas de Tribunais, Defensorias, Procuradorias, Minist\u00e9rios P\u00fablicos, Conselhos, Educa\u00e7\u00e3o, \u00c1rea de Seguran\u00e7a, concursos de Carreiras Jur\u00eddicas e OAB. Experi\u00eancia em marketing digital, assessoria de comunica\u00e7\u00e3o e institucional na \u00e1rea privada e p\u00fablica, com atua\u00e7\u00e3o em \u00f3rg\u00e3os como CGU, Cofen e CNM.\",\"url\":\"https:\/\/www.estrategiaconcursos.com.br\/blog\/author\/natalia-scaranoestrategiaconcursos-com-br\/\"}]}<\/script>\n<!-- \/ Yoast SEO Premium plugin. -->","yoast_head_json":{"title":"Vale a pena estudar para os concursos de Comunica\u00e7\u00e3o Social?","description":"Diversos concursos p\u00fablicos abertos ou em processo de abertura ofertam dezenas de oportunidades para a \u00e1rea de Comunica\u00e7\u00e3o Social em todo o pa\u00eds. Confira!","robots":{"index":"index","follow":"follow","max-snippet":"max-snippet:-1","max-image-preview":"max-image-preview:large","max-video-preview":"max-video-preview:-1"},"canonical":"https:\/\/www.estrategiaconcursos.com.br\/blog\/vale-a-pena-estudar-para-os-concursos-de-comunicacao-social\/","og_locale":"pt_BR","og_type":"article","og_title":"Vale a pena estudar para os concursos de Comunica\u00e7\u00e3o Social?","og_description":"Diversos concursos p\u00fablicos abertos ou em processo de abertura ofertam dezenas de oportunidades para a \u00e1rea de Comunica\u00e7\u00e3o Social em todo o pa\u00eds. Confira!","og_url":"https:\/\/www.estrategiaconcursos.com.br\/blog\/vale-a-pena-estudar-para-os-concursos-de-comunicacao-social\/","og_site_name":"Estrat\u00e9gia Concursos","article_published_time":"2020-06-29T20:20:00+00:00","og_image":[{"width":1024,"height":576,"url":"https:\/\/dhg1h5j42swfq.cloudfront.net\/2019\/07\/17001940\/logo-estrategia-concursos1.jpg","type":"image\/jpeg"}],"author":"Nat\u00e1lia Scarano","twitter_card":"summary_large_image","twitter_creator":"@EstratConcursos","twitter_site":"@EstratConcursos","twitter_misc":{"Escrito por":"Nat\u00e1lia Scarano","Est. tempo de leitura":"1 minuto"},"schema":{"@context":"https:\/\/schema.org","@graph":[{"@type":"NewsArticle","@id":"https:\/\/www.estrategiaconcursos.com.br\/blog\/vale-a-pena-estudar-para-os-concursos-de-comunicacao-social\/#article","isPartOf":{"@id":"https:\/\/www.estrategiaconcursos.com.br\/blog\/vale-a-pena-estudar-para-os-concursos-de-comunicacao-social\/"},"author":{"name":"Nat\u00e1lia Scarano","@id":"https:\/\/www.estrategiaconcursos.com.br\/blog\/#\/schema\/person\/751aedf909a9d10cb23ce6ac527ce0f2"},"headline":"Vale a pena estudar para os concursos de Comunica\u00e7\u00e3o Social?","datePublished":"2020-06-29T20:20:00+00:00","mainEntityOfPage":{"@id":"https:\/\/www.estrategiaconcursos.com.br\/blog\/vale-a-pena-estudar-para-os-concursos-de-comunicacao-social\/"},"wordCount":240,"commentCount":0,"publisher":{"@id":"https:\/\/www.estrategiaconcursos.com.br\/blog\/#organization"},"image":{"@id":"https:\/\/www.estrategiaconcursos.com.br\/blog\/vale-a-pena-estudar-para-os-concursos-de-comunicacao-social\/#primaryimage"},"thumbnailUrl":"https:\/\/dhg1h5j42swfq.cloudfront.net\/2019\/07\/17001940\/logo-estrategia-concursos1.jpg","articleSection":["Concursos P\u00fablicos"],"inLanguage":"pt-BR","potentialAction":[{"@type":"CommentAction","name":"Comment","target":["https:\/\/www.estrategiaconcursos.com.br\/blog\/vale-a-pena-estudar-para-os-concursos-de-comunicacao-social\/#respond"]}],"copyrightYear":"2020","copyrightHolder":{"@id":"https:\/\/www.estrategiaconcursos.com.br\/blog\/#organization"}},{"@type":"WebPage","@id":"https:\/\/www.estrategiaconcursos.com.br\/blog\/vale-a-pena-estudar-para-os-concursos-de-comunicacao-social\/","url":"https:\/\/www.estrategiaconcursos.com.br\/blog\/vale-a-pena-estudar-para-os-concursos-de-comunicacao-social\/","name":"Vale a pena estudar para os concursos de Comunica\u00e7\u00e3o Social?","isPartOf":{"@id":"https:\/\/www.estrategiaconcursos.com.br\/blog\/#website"},"primaryImageOfPage":{"@id":"https:\/\/www.estrategiaconcursos.com.br\/blog\/vale-a-pena-estudar-para-os-concursos-de-comunicacao-social\/#primaryimage"},"image":{"@id":"https:\/\/www.estrategiaconcursos.com.br\/blog\/vale-a-pena-estudar-para-os-concursos-de-comunicacao-social\/#primaryimage"},"thumbnailUrl":"https:\/\/dhg1h5j42swfq.cloudfront.net\/2019\/07\/17001940\/logo-estrategia-concursos1.jpg","datePublished":"2020-06-29T20:20:00+00:00","description":"Diversos concursos p\u00fablicos abertos ou em processo de abertura ofertam dezenas de oportunidades para a \u00e1rea de Comunica\u00e7\u00e3o Social em todo o pa\u00eds. Confira!","breadcrumb":{"@id":"https:\/\/www.estrategiaconcursos.com.br\/blog\/vale-a-pena-estudar-para-os-concursos-de-comunicacao-social\/#breadcrumb"},"inLanguage":"pt-BR","potentialAction":[{"@type":"ReadAction","target":["https:\/\/www.estrategiaconcursos.com.br\/blog\/vale-a-pena-estudar-para-os-concursos-de-comunicacao-social\/"]}]},{"@type":"ImageObject","inLanguage":"pt-BR","@id":"https:\/\/www.estrategiaconcursos.com.br\/blog\/vale-a-pena-estudar-para-os-concursos-de-comunicacao-social\/#primaryimage","url":"https:\/\/dhg1h5j42swfq.cloudfront.net\/2019\/07\/17001940\/logo-estrategia-concursos1.jpg","contentUrl":"https:\/\/dhg1h5j42swfq.cloudfront.net\/2019\/07\/17001940\/logo-estrategia-concursos1.jpg","width":1024,"height":576},{"@type":"BreadcrumbList","@id":"https:\/\/www.estrategiaconcursos.com.br\/blog\/vale-a-pena-estudar-para-os-concursos-de-comunicacao-social\/#breadcrumb","itemListElement":[{"@type":"ListItem","position":1,"name":"In\u00edcio","item":"https:\/\/www.estrategiaconcursos.com.br\/blog\/"},{"@type":"ListItem","position":2,"name":"Vale a pena estudar para os concursos de Comunica\u00e7\u00e3o Social?"}]},{"@type":"WebSite","@id":"https:\/\/www.estrategiaconcursos.com.br\/blog\/#website","url":"https:\/\/www.estrategiaconcursos.com.br\/blog\/","name":"Estrat\u00e9gia Concursos","description":"O blog da Estrat\u00e9gia Concursos traz not\u00edcias sobre concursos e artigos de professores oferecendo cursos para concursos (pdf + videaulas) no site.","publisher":{"@id":"https:\/\/www.estrategiaconcursos.com.br\/blog\/#organization"},"potentialAction":[{"@type":"SearchAction","target":{"@type":"EntryPoint","urlTemplate":"https:\/\/www.estrategiaconcursos.com.br\/blog\/?s={search_term_string}"},"query-input":{"@type":"PropertyValueSpecification","valueRequired":true,"valueName":"search_term_string"}}],"inLanguage":"pt-BR"},{"@type":"Organization","@id":"https:\/\/www.estrategiaconcursos.com.br\/blog\/#organization","name":"Estrat\u00e9gia Concursos","url":"https:\/\/www.estrategiaconcursos.com.br\/blog\/","logo":{"@type":"ImageObject","inLanguage":"pt-BR","@id":"https:\/\/www.estrategiaconcursos.com.br\/blog\/#\/schema\/logo\/image\/","url":"https:\/\/dhg1h5j42swfq.cloudfront.net\/2025\/06\/03203428\/logo_concursos-1.jpg","contentUrl":"https:\/\/dhg1h5j42swfq.cloudfront.net\/2025\/06\/03203428\/logo_concursos-1.jpg","width":230,"height":60,"caption":"Estrat\u00e9gia Concursos"},"image":{"@id":"https:\/\/www.estrategiaconcursos.com.br\/blog\/#\/schema\/logo\/image\/"},"sameAs":["https:\/\/x.com\/EstratConcursos"]},{"@type":"Person","@id":"https:\/\/www.estrategiaconcursos.com.br\/blog\/#\/schema\/person\/751aedf909a9d10cb23ce6ac527ce0f2","name":"Nat\u00e1lia Scarano","image":{"@type":"ImageObject","inLanguage":"pt-BR","@id":"https:\/\/secure.gravatar.com\/avatar\/8a889b8db3dbd227a1a78627357ec8fe64f5e99189d1889a270127828ab372ac?s=96&d=mm&r=g","url":"https:\/\/secure.gravatar.com\/avatar\/8a889b8db3dbd227a1a78627357ec8fe64f5e99189d1889a270127828ab372ac?s=96&d=mm&r=g","contentUrl":"https:\/\/secure.gravatar.com\/avatar\/8a889b8db3dbd227a1a78627357ec8fe64f5e99189d1889a270127828ab372ac?s=96&d=mm&r=g","caption":"Nat\u00e1lia Scarano"},"description":"Jornalista, formada e p\u00f3s graduada pelo IESB, faz parte do time de jornalistas do Estrat\u00e9gia desde 2017. Possui familiaridade com as \u00e1reas de Tribunais, Defensorias, Procuradorias, Minist\u00e9rios P\u00fablicos, Conselhos, Educa\u00e7\u00e3o, \u00c1rea de Seguran\u00e7a, concursos de Carreiras Jur\u00eddicas e OAB. Experi\u00eancia em marketing digital, assessoria de comunica\u00e7\u00e3o e institucional na \u00e1rea privada e p\u00fablica, com atua\u00e7\u00e3o em \u00f3rg\u00e3os como CGU, Cofen e CNM.","url":"https:\/\/www.estrategiaconcursos.com.br\/blog\/author\/natalia-scaranoestrategiaconcursos-com-br\/"}]}},"_links":{"self":[{"href":"https:\/\/www.estrategiaconcursos.com.br\/blog\/wp-json\/wp\/v2\/posts\/534291","targetHints":{"allow":["GET"]}}],"collection":[{"href":"https:\/\/www.estrategiaconcursos.com.br\/blog\/wp-json\/wp\/v2\/posts"}],"about":[{"href":"https:\/\/www.estrategiaconcursos.com.br\/blog\/wp-json\/wp\/v2\/types\/post"}],"author":[{"embeddable":true,"href":"https:\/\/www.estrategiaconcursos.com.br\/blog\/wp-json\/wp\/v2\/users\/657"}],"replies":[{"embeddable":true,"href":"https:\/\/www.estrategiaconcursos.com.br\/blog\/wp-json\/wp\/v2\/comments?post=534291"}],"version-history":[{"count":1,"href":"https:\/\/www.estrategiaconcursos.com.br\/blog\/wp-json\/wp\/v2\/posts\/534291\/revisions"}],"predecessor-version":[{"id":534300,"href":"https:\/\/www.estrategiaconcursos.com.br\/blog\/wp-json\/wp\/v2\/posts\/534291\/revisions\/534300"}],"wp:featuredmedia":[{"embeddable":true,"href":"https:\/\/www.estrategiaconcursos.com.br\/blog\/wp-json\/wp\/v2\/media\/399557"}],"wp:attachment":[{"href":"https:\/\/www.estrategiaconcursos.com.br\/blog\/wp-json\/wp\/v2\/media?parent=534291"}],"wp:term":[{"taxonomy":"category","embeddable":true,"href":"https:\/\/www.estrategiaconcursos.com.br\/blog\/wp-json\/wp\/v2\/categories?post=534291"},{"taxonomy":"post_tag","embeddable":true,"href":"https:\/\/www.estrategiaconcursos.com.br\/blog\/wp-json\/wp\/v2\/tags?post=534291"},{"taxonomy":"tax_estado","embeddable":true,"href":"https:\/\/www.estrategiaconcursos.com.br\/blog\/wp-json\/wp\/v2\/tax_estado?post=534291"}],"curies":[{"name":"wp","href":"https:\/\/api.w.org\/{rel}","templated":true}]}}