{"id":533591,"date":"2020-06-27T14:29:47","date_gmt":"2020-06-27T17:29:47","guid":{"rendered":"https:\/\/www.estrategiaconcursos.com.br\/blog\/?p=533591"},"modified":"2020-07-22T22:30:30","modified_gmt":"2020-07-23T01:30:30","slug":"modelo-de-redacao-sobre-feminicidio-elaborado-do-zero-ao-vivo-e-de-forma-coletiva-na-sala-vip-do-concurso-pc-df","status":"publish","type":"post","link":"https:\/\/www.estrategiaconcursos.com.br\/blog\/modelo-de-redacao-sobre-feminicidio-elaborado-do-zero-ao-vivo-e-de-forma-coletiva-na-sala-vip-do-concurso-pc-df\/","title":{"rendered":"Modelo de reda\u00e7\u00e3o sobre FEMINIC\u00cdDIO: elaborado do zero, ao vivo e de forma coletiva na Sala Vip do concurso PC-DF"},"content":{"rendered":"\n<p>Prof. Raphael Reis chegando na \u00e1rea para trazer mais um modelo de reda\u00e7\u00e3o para inspirar seus estudos. Ap\u00f3s sucesso da primeira experi\u00eancia, realizada na sala Vip do concurso da PC-PR, repetimos a metodologia: fizemos no dia 17\/06\/2020, na Sala Vip de reda\u00e7\u00e3o para o concurso da PC-DF, uma <strong>reda\u00e7\u00e3o sobre FEMINIC\u00cdDIO <\/strong>do zero, ao vivo e coletivamente.<\/p>\n\n\n\n<p>Os alunos que participaram sugeriram palavras-chave, argumentos e montaram o projeto de reda\u00e7\u00e3o. Assim, fica muito mais f\u00e1cil desenvolver bons textos e ficar mais seguro na hora de escrever, n\u00e3o \u00e9 mesmo? Vamos conferir o resultado ;)<\/p>\n\n\n\n<p><strong>Modelo de reda\u00e7\u00e3o sobre Feminic\u00eddio<\/strong><\/p>\n\n\n\n<p>T\u00f3picos:<\/p>\n\n\n\n<ol class=\"wp-block-list\" type=\"1\"><li>Causas do comportamento agressor masculino<\/li><li>O papel da pol\u00edcia no atendimento \u00e0 mulher v\u00edtima de viol\u00eancia<\/li><li>A\u00e7\u00f5es que o Estado deve adotar para garantir tratamento humano \u00e0s mulheres v\u00edtimas de viol\u00eancia<\/li><\/ol>\n\n\n\n<p><em>Na sociedade brasileira, \u00e9 not\u00f3rio o crescimento de casos de viol\u00eancia contra as mulheres, o que pode ser observado nos notici\u00e1rios. Dessa forma, \u00e9 importante discutir a igualdade de g\u00eanero e pol\u00edticas p\u00fablicas de prote\u00e7\u00e3o \u00e0s mulheres v\u00edtimas de viol\u00eancia, para que se possa efetivar o princ\u00edpio constitucional da dignidade humana.<\/em><em><\/em><\/p>\n\n\n\n<p><em>Em primeira an\u00e1lise, cabe ressaltar as causas que levam os homens agredirem as mulheres. Nessa perspectiva, o passado hist\u00f3rico fundamentado na fam\u00edlia patriarcal foi incorporado por alguns homens em suas socializa\u00e7\u00f5es, manifestando, assim, o machismo, ou seja, comportamento no qual o homem acredita ter posse da sua companheira. Isso pode ser visto no fato de que o feminic\u00eddio, na maioria dos casos, \u00e9 causado por companheiros ou ex-companheiros.<\/em><\/p>\n\n\n\n<p><em>Al\u00e9m disso, os policiais possuem papel essencial na garantia de direitos. A partir disso, \u00e9 v\u00e1lido destacar que a mulher v\u00edtima de agress\u00e3o deve ser acolhida por meio da humaniza\u00e7\u00e3o do atendimento, conforme disp\u00f5e a Lei Maria da Penha. Dessa forma, os \u00f3rg\u00e3os de seguran\u00e7a p\u00fablica concretizam a sua fun\u00e7\u00e3o de assist\u00eancia ao cidad\u00e3o, conforme destaca o especialista Ricardo Balestreri. <\/em><em><\/em><\/p>\n\n\n\n<p><em>Por fim, para superar essa realidade de agress\u00f5es \u00e0s mulheres e conseguir consolidar a igualdade de direitos entre homens e mulheres, \u00e9 necess\u00e1rio que o Estado amplie as delegacias especializadas, para garantir atendimento humanizado \u00e0s mulheres v\u00edtimas de viol\u00eancia. Outrossim, o Estado deve reunir servi\u00e7os de acolhimentos, com o objetivo de proporcionar apoio psicossocial. <\/em><\/p>\n\n\n\n<p>YouTube: <a href=\"https:\/\/www.youtube.com\/user\/donraphaelreis25\/\">Professor Raphael Reis<\/a><\/p>\n\n\n\n<p>Telegram: <a href=\"https:\/\/t.me\/profrapha\">profrapha<\/a> e <a href=\"https:\/\/t.me\/discursivasparaconcursos\">discursivasparaconcursos<\/a><\/p>\n\n\n\n<p>Instagram: <a href=\"https:\/\/www.instagram.com\/profraphaelreis\/\">@profraphaelreis<\/a><\/p>\n\n\n\n<p>Site: professorraphaelreis.com.br<\/p>\n\n\n\n<p><a href=\"https:\/\/docs.google.com\/forms\/d\/e\/1FAIpQLSeqQiPrGANvPQjt8ZTkqaZL96dgz8HnA6EHGHJlE2B9hXAghA\/viewform\">Lista de E-mail<\/a><\/p>\n\n\n\n<p><strong>Quem sou eu?<\/strong> Sou o Professor Raphael Reis. Para quem ainda n\u00e3o me conhece, fica aqui uma breve apresenta\u00e7\u00e3o: sou Professor do Estrat\u00e9gia Concursos desde 2016 e leciono os seguintes conte\u00fados: Reda\u00e7\u00e3o (macroestrutura), Recursos, Hist\u00f3ria, Filosofia e Sociologia.<\/p>\n\n\n\n<p>Fiz minha gradua\u00e7\u00e3o em Hist\u00f3ria (UFJF), especializa\u00e7\u00e3o em Pol\u00edticas P\u00fablicas e Gest\u00e3o Social (UFJF) e mestrado em Sociologia da Educa\u00e7\u00e3o (UFJF).<\/p>\n\n\n\n<p>Nos \u00faltimos anos tenho me especializado na parte de macroestrutura da<br \/>reda\u00e7\u00e3o. Ao perceber que a grande dificuldade dos candidatos \u00e9 desenvolver argumentos bem fundamentados, criei o curso in\u00e9dito e inovador de <a href=\"https:\/\/www.estrategiaconcursos.com.br\/curso\/ciencias-humanas-para-redacao-2019\/\">Ci\u00eancias Humanas para Reda\u00e7\u00e3o<\/a>, que j\u00e1 atendeu milhares de alunos e t\u00eam contribu\u00eddo decisivamente para a melhoria das notas. Sou autor do e-book best-seller <a href=\"https:\/\/www.hotmart.com\/product\/25-conceitos-para-usar-na-redacao-concursos\/K37848335O?cd=1&amp;utm_expid=.bTdDhGQLRzGWwEmPzVvrlQ.1&amp;utm_referrer=\">25 conceitos para usar na reda\u00e7\u00e3o<\/a> e editor da revista de atualidades Centro do Mundo.<\/p>\n","protected":false},"excerpt":{"rendered":"<p>Prof. Raphael Reis chegando na \u00e1rea para trazer mais um modelo de reda\u00e7\u00e3o para inspirar seus estudos. Ap\u00f3s sucesso da primeira experi\u00eancia, realizada na sala Vip do concurso da PC-PR, repetimos a metodologia: fizemos no dia 17\/06\/2020, na Sala Vip de reda\u00e7\u00e3o para o concurso da PC-DF, uma reda\u00e7\u00e3o sobre FEMINIC\u00cdDIO do zero, ao vivo [&hellip;]<\/p>\n","protected":false},"author":384,"featured_media":0,"comment_status":"open","ping_status":"closed","sticky":false,"template":"","format":"standard","meta":{"post_tipo":"article","footnotes":""},"categories":[1],"tags":[],"tax_estado":[],"class_list":["post-533591","post","type-post","status-publish","format-standard","hentry","category-cursos-e-concursos"],"acf":[],"yoast_head":"<!-- This site is optimized with the Yoast SEO Premium plugin v27.2 (Yoast SEO v27.2) - https:\/\/yoast.com\/product\/yoast-seo-premium-wordpress\/ -->\n<title>Modelo de reda\u00e7\u00e3o sobre FEMINIC\u00cdDIO: elaborado do zero, ao vivo e de forma coletiva na Sala Vip do concurso PC-DF<\/title>\n<meta name=\"robots\" content=\"index, follow, max-snippet:-1, max-image-preview:large, max-video-preview:-1\" \/>\n<link rel=\"canonical\" href=\"https:\/\/www.estrategiaconcursos.com.br\/blog\/modelo-de-redacao-sobre-feminicidio-elaborado-do-zero-ao-vivo-e-de-forma-coletiva-na-sala-vip-do-concurso-pc-df\/\" \/>\n<meta property=\"og:locale\" content=\"pt_BR\" \/>\n<meta property=\"og:type\" content=\"article\" \/>\n<meta property=\"og:title\" content=\"Modelo de reda\u00e7\u00e3o sobre FEMINIC\u00cdDIO: elaborado do zero, ao vivo e de forma coletiva na Sala Vip do concurso PC-DF\" \/>\n<meta property=\"og:description\" content=\"Prof. Raphael Reis chegando na \u00e1rea para trazer mais um modelo de reda\u00e7\u00e3o para inspirar seus estudos. Ap\u00f3s sucesso da primeira experi\u00eancia, realizada na sala Vip do concurso da PC-PR, repetimos a metodologia: fizemos no dia 17\/06\/2020, na Sala Vip de reda\u00e7\u00e3o para o concurso da PC-DF, uma reda\u00e7\u00e3o sobre FEMINIC\u00cdDIO do zero, ao vivo [&hellip;]\" \/>\n<meta property=\"og:url\" content=\"https:\/\/www.estrategiaconcursos.com.br\/blog\/modelo-de-redacao-sobre-feminicidio-elaborado-do-zero-ao-vivo-e-de-forma-coletiva-na-sala-vip-do-concurso-pc-df\/\" \/>\n<meta property=\"og:site_name\" content=\"Estrat\u00e9gia Concursos\" \/>\n<meta property=\"article:published_time\" content=\"2020-06-27T17:29:47+00:00\" \/>\n<meta property=\"article:modified_time\" content=\"2020-07-23T01:30:30+00:00\" \/>\n<meta name=\"author\" content=\"Raphael de Oliveira Reis\" \/>\n<meta name=\"twitter:card\" content=\"summary_large_image\" \/>\n<meta name=\"twitter:creator\" content=\"@EstratConcursos\" \/>\n<meta name=\"twitter:site\" content=\"@EstratConcursos\" \/>\n<meta name=\"twitter:label1\" content=\"Escrito por\" \/>\n\t<meta name=\"twitter:data1\" content=\"Raphael de Oliveira Reis\" \/>\n\t<meta name=\"twitter:label2\" content=\"Est. tempo de leitura\" \/>\n\t<meta name=\"twitter:data2\" content=\"3 minutos\" \/>\n<script type=\"application\/ld+json\" class=\"yoast-schema-graph\">{\"@context\":\"https:\/\/schema.org\",\"@graph\":[{\"@type\":\"NewsArticle\",\"@id\":\"https:\/\/www.estrategiaconcursos.com.br\/blog\/modelo-de-redacao-sobre-feminicidio-elaborado-do-zero-ao-vivo-e-de-forma-coletiva-na-sala-vip-do-concurso-pc-df\/#article\",\"isPartOf\":{\"@id\":\"https:\/\/www.estrategiaconcursos.com.br\/blog\/modelo-de-redacao-sobre-feminicidio-elaborado-do-zero-ao-vivo-e-de-forma-coletiva-na-sala-vip-do-concurso-pc-df\/\"},\"author\":{\"name\":\"Raphael de Oliveira Reis\",\"@id\":\"https:\/\/www.estrategiaconcursos.com.br\/blog\/#\/schema\/person\/b49a1a49e5ef8a9f8d3268e74404a911\"},\"headline\":\"Modelo de reda\u00e7\u00e3o sobre FEMINIC\u00cdDIO: elaborado do zero, ao vivo e de forma coletiva na Sala Vip do concurso PC-DF\",\"datePublished\":\"2020-06-27T17:29:47+00:00\",\"dateModified\":\"2020-07-23T01:30:30+00:00\",\"mainEntityOfPage\":{\"@id\":\"https:\/\/www.estrategiaconcursos.com.br\/blog\/modelo-de-redacao-sobre-feminicidio-elaborado-do-zero-ao-vivo-e-de-forma-coletiva-na-sala-vip-do-concurso-pc-df\/\"},\"wordCount\":590,\"commentCount\":3,\"publisher\":{\"@id\":\"https:\/\/www.estrategiaconcursos.com.br\/blog\/#organization\"},\"articleSection\":[\"Concursos P\u00fablicos\"],\"inLanguage\":\"pt-BR\",\"potentialAction\":[{\"@type\":\"CommentAction\",\"name\":\"Comment\",\"target\":[\"https:\/\/www.estrategiaconcursos.com.br\/blog\/modelo-de-redacao-sobre-feminicidio-elaborado-do-zero-ao-vivo-e-de-forma-coletiva-na-sala-vip-do-concurso-pc-df\/#respond\"]}],\"copyrightYear\":\"2020\",\"copyrightHolder\":{\"@id\":\"https:\/\/www.estrategiaconcursos.com.br\/blog\/#organization\"}},{\"@type\":\"WebPage\",\"@id\":\"https:\/\/www.estrategiaconcursos.com.br\/blog\/modelo-de-redacao-sobre-feminicidio-elaborado-do-zero-ao-vivo-e-de-forma-coletiva-na-sala-vip-do-concurso-pc-df\/\",\"url\":\"https:\/\/www.estrategiaconcursos.com.br\/blog\/modelo-de-redacao-sobre-feminicidio-elaborado-do-zero-ao-vivo-e-de-forma-coletiva-na-sala-vip-do-concurso-pc-df\/\",\"name\":\"Modelo de reda\u00e7\u00e3o sobre FEMINIC\u00cdDIO: elaborado do zero, ao vivo e de forma coletiva na Sala Vip do concurso PC-DF\",\"isPartOf\":{\"@id\":\"https:\/\/www.estrategiaconcursos.com.br\/blog\/#website\"},\"datePublished\":\"2020-06-27T17:29:47+00:00\",\"dateModified\":\"2020-07-23T01:30:30+00:00\",\"breadcrumb\":{\"@id\":\"https:\/\/www.estrategiaconcursos.com.br\/blog\/modelo-de-redacao-sobre-feminicidio-elaborado-do-zero-ao-vivo-e-de-forma-coletiva-na-sala-vip-do-concurso-pc-df\/#breadcrumb\"},\"inLanguage\":\"pt-BR\",\"potentialAction\":[{\"@type\":\"ReadAction\",\"target\":[\"https:\/\/www.estrategiaconcursos.com.br\/blog\/modelo-de-redacao-sobre-feminicidio-elaborado-do-zero-ao-vivo-e-de-forma-coletiva-na-sala-vip-do-concurso-pc-df\/\"]}]},{\"@type\":\"BreadcrumbList\",\"@id\":\"https:\/\/www.estrategiaconcursos.com.br\/blog\/modelo-de-redacao-sobre-feminicidio-elaborado-do-zero-ao-vivo-e-de-forma-coletiva-na-sala-vip-do-concurso-pc-df\/#breadcrumb\",\"itemListElement\":[{\"@type\":\"ListItem\",\"position\":1,\"name\":\"In\u00edcio\",\"item\":\"https:\/\/www.estrategiaconcursos.com.br\/blog\/\"},{\"@type\":\"ListItem\",\"position\":2,\"name\":\"Modelo de reda\u00e7\u00e3o sobre FEMINIC\u00cdDIO: elaborado do zero, ao vivo e de forma coletiva na Sala Vip do concurso PC-DF\"}]},{\"@type\":\"WebSite\",\"@id\":\"https:\/\/www.estrategiaconcursos.com.br\/blog\/#website\",\"url\":\"https:\/\/www.estrategiaconcursos.com.br\/blog\/\",\"name\":\"Estrat\u00e9gia Concursos\",\"description\":\"O blog da Estrat\u00e9gia Concursos traz not\u00edcias sobre concursos e artigos de professores oferecendo cursos para concursos (pdf + videaulas) no site.\",\"publisher\":{\"@id\":\"https:\/\/www.estrategiaconcursos.com.br\/blog\/#organization\"},\"potentialAction\":[{\"@type\":\"SearchAction\",\"target\":{\"@type\":\"EntryPoint\",\"urlTemplate\":\"https:\/\/www.estrategiaconcursos.com.br\/blog\/?s={search_term_string}\"},\"query-input\":{\"@type\":\"PropertyValueSpecification\",\"valueRequired\":true,\"valueName\":\"search_term_string\"}}],\"inLanguage\":\"pt-BR\"},{\"@type\":\"Organization\",\"@id\":\"https:\/\/www.estrategiaconcursos.com.br\/blog\/#organization\",\"name\":\"Estrat\u00e9gia Concursos\",\"url\":\"https:\/\/www.estrategiaconcursos.com.br\/blog\/\",\"logo\":{\"@type\":\"ImageObject\",\"inLanguage\":\"pt-BR\",\"@id\":\"https:\/\/www.estrategiaconcursos.com.br\/blog\/#\/schema\/logo\/image\/\",\"url\":\"https:\/\/dhg1h5j42swfq.cloudfront.net\/2025\/06\/03203428\/logo_concursos-1.jpg\",\"contentUrl\":\"https:\/\/dhg1h5j42swfq.cloudfront.net\/2025\/06\/03203428\/logo_concursos-1.jpg\",\"width\":230,\"height\":60,\"caption\":\"Estrat\u00e9gia Concursos\"},\"image\":{\"@id\":\"https:\/\/www.estrategiaconcursos.com.br\/blog\/#\/schema\/logo\/image\/\"},\"sameAs\":[\"https:\/\/x.com\/EstratConcursos\"]},{\"@type\":\"Person\",\"@id\":\"https:\/\/www.estrategiaconcursos.com.br\/blog\/#\/schema\/person\/b49a1a49e5ef8a9f8d3268e74404a911\",\"name\":\"Raphael de Oliveira Reis\",\"image\":{\"@type\":\"ImageObject\",\"inLanguage\":\"pt-BR\",\"@id\":\"https:\/\/secure.gravatar.com\/avatar\/b1c5789180fc7bfb5103ec006c301370c02393e37aa13c55f6d72f05fcc76b3b?s=96&d=mm&r=g\",\"url\":\"https:\/\/secure.gravatar.com\/avatar\/b1c5789180fc7bfb5103ec006c301370c02393e37aa13c55f6d72f05fcc76b3b?s=96&d=mm&r=g\",\"contentUrl\":\"https:\/\/secure.gravatar.com\/avatar\/b1c5789180fc7bfb5103ec006c301370c02393e37aa13c55f6d72f05fcc76b3b?s=96&d=mm&r=g\",\"caption\":\"Raphael de Oliveira Reis\"},\"url\":\"https:\/\/www.estrategiaconcursos.com.br\/blog\/author\/profraphaelreisgmail-com\/\"}]}<\/script>\n<!-- \/ Yoast SEO Premium plugin. -->","yoast_head_json":{"title":"Modelo de reda\u00e7\u00e3o sobre FEMINIC\u00cdDIO: elaborado do zero, ao vivo e de forma coletiva na Sala Vip do concurso PC-DF","robots":{"index":"index","follow":"follow","max-snippet":"max-snippet:-1","max-image-preview":"max-image-preview:large","max-video-preview":"max-video-preview:-1"},"canonical":"https:\/\/www.estrategiaconcursos.com.br\/blog\/modelo-de-redacao-sobre-feminicidio-elaborado-do-zero-ao-vivo-e-de-forma-coletiva-na-sala-vip-do-concurso-pc-df\/","og_locale":"pt_BR","og_type":"article","og_title":"Modelo de reda\u00e7\u00e3o sobre FEMINIC\u00cdDIO: elaborado do zero, ao vivo e de forma coletiva na Sala Vip do concurso PC-DF","og_description":"Prof. Raphael Reis chegando na \u00e1rea para trazer mais um modelo de reda\u00e7\u00e3o para inspirar seus estudos. Ap\u00f3s sucesso da primeira experi\u00eancia, realizada na sala Vip do concurso da PC-PR, repetimos a metodologia: fizemos no dia 17\/06\/2020, na Sala Vip de reda\u00e7\u00e3o para o concurso da PC-DF, uma reda\u00e7\u00e3o sobre FEMINIC\u00cdDIO do zero, ao vivo [&hellip;]","og_url":"https:\/\/www.estrategiaconcursos.com.br\/blog\/modelo-de-redacao-sobre-feminicidio-elaborado-do-zero-ao-vivo-e-de-forma-coletiva-na-sala-vip-do-concurso-pc-df\/","og_site_name":"Estrat\u00e9gia Concursos","article_published_time":"2020-06-27T17:29:47+00:00","article_modified_time":"2020-07-23T01:30:30+00:00","author":"Raphael de Oliveira Reis","twitter_card":"summary_large_image","twitter_creator":"@EstratConcursos","twitter_site":"@EstratConcursos","twitter_misc":{"Escrito por":"Raphael de Oliveira Reis","Est. tempo de leitura":"3 minutos"},"schema":{"@context":"https:\/\/schema.org","@graph":[{"@type":"NewsArticle","@id":"https:\/\/www.estrategiaconcursos.com.br\/blog\/modelo-de-redacao-sobre-feminicidio-elaborado-do-zero-ao-vivo-e-de-forma-coletiva-na-sala-vip-do-concurso-pc-df\/#article","isPartOf":{"@id":"https:\/\/www.estrategiaconcursos.com.br\/blog\/modelo-de-redacao-sobre-feminicidio-elaborado-do-zero-ao-vivo-e-de-forma-coletiva-na-sala-vip-do-concurso-pc-df\/"},"author":{"name":"Raphael de Oliveira Reis","@id":"https:\/\/www.estrategiaconcursos.com.br\/blog\/#\/schema\/person\/b49a1a49e5ef8a9f8d3268e74404a911"},"headline":"Modelo de reda\u00e7\u00e3o sobre FEMINIC\u00cdDIO: elaborado do zero, ao vivo e de forma coletiva na Sala Vip do concurso PC-DF","datePublished":"2020-06-27T17:29:47+00:00","dateModified":"2020-07-23T01:30:30+00:00","mainEntityOfPage":{"@id":"https:\/\/www.estrategiaconcursos.com.br\/blog\/modelo-de-redacao-sobre-feminicidio-elaborado-do-zero-ao-vivo-e-de-forma-coletiva-na-sala-vip-do-concurso-pc-df\/"},"wordCount":590,"commentCount":3,"publisher":{"@id":"https:\/\/www.estrategiaconcursos.com.br\/blog\/#organization"},"articleSection":["Concursos P\u00fablicos"],"inLanguage":"pt-BR","potentialAction":[{"@type":"CommentAction","name":"Comment","target":["https:\/\/www.estrategiaconcursos.com.br\/blog\/modelo-de-redacao-sobre-feminicidio-elaborado-do-zero-ao-vivo-e-de-forma-coletiva-na-sala-vip-do-concurso-pc-df\/#respond"]}],"copyrightYear":"2020","copyrightHolder":{"@id":"https:\/\/www.estrategiaconcursos.com.br\/blog\/#organization"}},{"@type":"WebPage","@id":"https:\/\/www.estrategiaconcursos.com.br\/blog\/modelo-de-redacao-sobre-feminicidio-elaborado-do-zero-ao-vivo-e-de-forma-coletiva-na-sala-vip-do-concurso-pc-df\/","url":"https:\/\/www.estrategiaconcursos.com.br\/blog\/modelo-de-redacao-sobre-feminicidio-elaborado-do-zero-ao-vivo-e-de-forma-coletiva-na-sala-vip-do-concurso-pc-df\/","name":"Modelo de reda\u00e7\u00e3o sobre FEMINIC\u00cdDIO: elaborado do zero, ao vivo e de forma coletiva na Sala Vip do concurso PC-DF","isPartOf":{"@id":"https:\/\/www.estrategiaconcursos.com.br\/blog\/#website"},"datePublished":"2020-06-27T17:29:47+00:00","dateModified":"2020-07-23T01:30:30+00:00","breadcrumb":{"@id":"https:\/\/www.estrategiaconcursos.com.br\/blog\/modelo-de-redacao-sobre-feminicidio-elaborado-do-zero-ao-vivo-e-de-forma-coletiva-na-sala-vip-do-concurso-pc-df\/#breadcrumb"},"inLanguage":"pt-BR","potentialAction":[{"@type":"ReadAction","target":["https:\/\/www.estrategiaconcursos.com.br\/blog\/modelo-de-redacao-sobre-feminicidio-elaborado-do-zero-ao-vivo-e-de-forma-coletiva-na-sala-vip-do-concurso-pc-df\/"]}]},{"@type":"BreadcrumbList","@id":"https:\/\/www.estrategiaconcursos.com.br\/blog\/modelo-de-redacao-sobre-feminicidio-elaborado-do-zero-ao-vivo-e-de-forma-coletiva-na-sala-vip-do-concurso-pc-df\/#breadcrumb","itemListElement":[{"@type":"ListItem","position":1,"name":"In\u00edcio","item":"https:\/\/www.estrategiaconcursos.com.br\/blog\/"},{"@type":"ListItem","position":2,"name":"Modelo de reda\u00e7\u00e3o sobre FEMINIC\u00cdDIO: elaborado do zero, ao vivo e de forma coletiva na Sala Vip do concurso PC-DF"}]},{"@type":"WebSite","@id":"https:\/\/www.estrategiaconcursos.com.br\/blog\/#website","url":"https:\/\/www.estrategiaconcursos.com.br\/blog\/","name":"Estrat\u00e9gia Concursos","description":"O blog da Estrat\u00e9gia Concursos traz not\u00edcias sobre concursos e artigos de professores oferecendo cursos para concursos (pdf + videaulas) no site.","publisher":{"@id":"https:\/\/www.estrategiaconcursos.com.br\/blog\/#organization"},"potentialAction":[{"@type":"SearchAction","target":{"@type":"EntryPoint","urlTemplate":"https:\/\/www.estrategiaconcursos.com.br\/blog\/?s={search_term_string}"},"query-input":{"@type":"PropertyValueSpecification","valueRequired":true,"valueName":"search_term_string"}}],"inLanguage":"pt-BR"},{"@type":"Organization","@id":"https:\/\/www.estrategiaconcursos.com.br\/blog\/#organization","name":"Estrat\u00e9gia Concursos","url":"https:\/\/www.estrategiaconcursos.com.br\/blog\/","logo":{"@type":"ImageObject","inLanguage":"pt-BR","@id":"https:\/\/www.estrategiaconcursos.com.br\/blog\/#\/schema\/logo\/image\/","url":"https:\/\/dhg1h5j42swfq.cloudfront.net\/2025\/06\/03203428\/logo_concursos-1.jpg","contentUrl":"https:\/\/dhg1h5j42swfq.cloudfront.net\/2025\/06\/03203428\/logo_concursos-1.jpg","width":230,"height":60,"caption":"Estrat\u00e9gia Concursos"},"image":{"@id":"https:\/\/www.estrategiaconcursos.com.br\/blog\/#\/schema\/logo\/image\/"},"sameAs":["https:\/\/x.com\/EstratConcursos"]},{"@type":"Person","@id":"https:\/\/www.estrategiaconcursos.com.br\/blog\/#\/schema\/person\/b49a1a49e5ef8a9f8d3268e74404a911","name":"Raphael de Oliveira Reis","image":{"@type":"ImageObject","inLanguage":"pt-BR","@id":"https:\/\/secure.gravatar.com\/avatar\/b1c5789180fc7bfb5103ec006c301370c02393e37aa13c55f6d72f05fcc76b3b?s=96&d=mm&r=g","url":"https:\/\/secure.gravatar.com\/avatar\/b1c5789180fc7bfb5103ec006c301370c02393e37aa13c55f6d72f05fcc76b3b?s=96&d=mm&r=g","contentUrl":"https:\/\/secure.gravatar.com\/avatar\/b1c5789180fc7bfb5103ec006c301370c02393e37aa13c55f6d72f05fcc76b3b?s=96&d=mm&r=g","caption":"Raphael de Oliveira Reis"},"url":"https:\/\/www.estrategiaconcursos.com.br\/blog\/author\/profraphaelreisgmail-com\/"}]}},"_links":{"self":[{"href":"https:\/\/www.estrategiaconcursos.com.br\/blog\/wp-json\/wp\/v2\/posts\/533591","targetHints":{"allow":["GET"]}}],"collection":[{"href":"https:\/\/www.estrategiaconcursos.com.br\/blog\/wp-json\/wp\/v2\/posts"}],"about":[{"href":"https:\/\/www.estrategiaconcursos.com.br\/blog\/wp-json\/wp\/v2\/types\/post"}],"author":[{"embeddable":true,"href":"https:\/\/www.estrategiaconcursos.com.br\/blog\/wp-json\/wp\/v2\/users\/384"}],"replies":[{"embeddable":true,"href":"https:\/\/www.estrategiaconcursos.com.br\/blog\/wp-json\/wp\/v2\/comments?post=533591"}],"version-history":[{"count":4,"href":"https:\/\/www.estrategiaconcursos.com.br\/blog\/wp-json\/wp\/v2\/posts\/533591\/revisions"}],"predecessor-version":[{"id":545809,"href":"https:\/\/www.estrategiaconcursos.com.br\/blog\/wp-json\/wp\/v2\/posts\/533591\/revisions\/545809"}],"wp:attachment":[{"href":"https:\/\/www.estrategiaconcursos.com.br\/blog\/wp-json\/wp\/v2\/media?parent=533591"}],"wp:term":[{"taxonomy":"category","embeddable":true,"href":"https:\/\/www.estrategiaconcursos.com.br\/blog\/wp-json\/wp\/v2\/categories?post=533591"},{"taxonomy":"post_tag","embeddable":true,"href":"https:\/\/www.estrategiaconcursos.com.br\/blog\/wp-json\/wp\/v2\/tags?post=533591"},{"taxonomy":"tax_estado","embeddable":true,"href":"https:\/\/www.estrategiaconcursos.com.br\/blog\/wp-json\/wp\/v2\/tax_estado?post=533591"}],"curies":[{"name":"wp","href":"https:\/\/api.w.org\/{rel}","templated":true}]}}