{"id":533432,"date":"2020-06-26T17:50:00","date_gmt":"2020-06-26T20:50:00","guid":{"rendered":"https:\/\/www.estrategiaconcursos.com.br\/blog\/?p=533432"},"modified":"2020-06-29T16:25:46","modified_gmt":"2020-06-29T19:25:46","slug":"prf-nacional-previsto-2020","status":"publish","type":"post","link":"https:\/\/www.estrategiaconcursos.com.br\/blog\/prf-nacional-previsto-2020\/","title":{"rendered":"Concurso PRF &#8216;nacional&#8217; \u00e9 previsto para 2020; 2.772 vagas solicitadas"},"content":{"rendered":"\n<p>Um novo edital do&nbsp;<strong>concurso PRF poder\u00e1 ser publicado ainda em 2020<\/strong>. As informa\u00e7\u00f5es s\u00e3o do diretor-geral da Pol\u00edcia Rodovi\u00e1ria Federal, Eduardo Aggio&nbsp;de&nbsp;S\u00e1. \u201c<strong>Se tudo der certo, esperamos que 2020<\/strong>\u201d, respondeu Eduardo, por meio das redes sociais.<\/p>\n\n\n\n<p>Lembrando que um novo&nbsp;<strong>certame<\/strong>, com oferta de 2.772 vagas para a Pol\u00edcia Rodovi\u00e1ria Federal, foi solicitado! A informa\u00e7\u00e3o foi confirmada pelo Minist\u00e9rio da Justi\u00e7a e Seguran\u00e7a P\u00fablica, em resposta ao jornalismo do Estrat\u00e9gia Concursos.<\/p>\n\n\n\n<p>O novo pedido, contudo, ainda ser\u00e1 analisado pelo Minist\u00e9rio da Economia. De acordo com a pasta, as 2.772 vagas ser\u00e3o distribu\u00eddas para os seguintes cargos:<\/p>\n\n\n\n<ul class=\"wp-block-list\"><li>2.634 vagas para Policial Rodovi\u00e1rio Federal<\/li><li>138 vagas para Agente Administrativo<\/li><\/ul>\n\n\n\n<p>Al\u00e9m dessa informa\u00e7\u00e3o, o diretor-geral revelou que o novo certame n\u00e3o ser\u00e1 regionalizado, como ocorreu em 2018.<\/p>\n\n\n\n<h3 class=\"wp-block-heading\" id=\"polemicas-concurso\">Pol\u00eamicas do Concurso PRF<\/h3>\n\n\n\n<p>O concurso de 2018 foi&nbsp;<strong><em>regionalizado<\/em><\/strong>, ou seja, as vagas foram distribu\u00eddas pelos v\u00e1rios estados brasileiros. Os candidatos concorriam \u00e0s vagas do estado pretendido. A regionaliza\u00e7\u00e3o das vagas \u00e9 uma pr\u00e1tica admitida pela jurisprud\u00eancia dos Tribunais Superiores.<\/p>\n\n\n\n<p>Entretanto, uma forte pol\u00eamica foi a&nbsp;<strong><em>obrigatoriedade<\/em><\/strong>&nbsp;de os candidatos&nbsp;<strong><em>realizarem as provas<\/em><\/strong>&nbsp;nos locais selecionados para a sua lota\u00e7\u00e3o. Essa medida fez com que os candidatos tivessem que gastar muito dinheiro para se deslocar at\u00e9 o local das provas.<\/p>\n\n\n\n<p>Por considerar que houve afronta \u00e0 isonomia, decis\u00e3o judicial chegou at\u00e9 a&nbsp;<strong><em>suspender<\/em><\/strong>&nbsp;o concurso PRF. O TRF 5\u00aa Regi\u00e3o, todavia, determinou a retomada do concurso.<\/p>\n\n\n\n<p>Outra pol\u00eamica do concurso PRF foi o ajuizamento de&nbsp;<strong><em>a\u00e7\u00e3o civil p\u00fablica<\/em><\/strong>&nbsp;pelo Minist\u00e9rio P\u00fablico Federal (MPF) contra o edital, por entender, dentre outros pontos, que as provas de aptid\u00e3o f\u00edsica e demais fases n\u00e3o estavam adaptadas \u00e0s pessoas com defici\u00eancia.<\/p>\n\n\n\n<h3 class=\"wp-block-heading\">\u00daltimo concurso PRF<\/h3>\n\n\n\n<p>Vale lembrar que o \u00faltimo concurso PRF, realizado em 2018, ainda est\u00e1 em andamento, em suas&nbsp;<strong>fases finais<\/strong>. A PRF j\u00e1 divulgou o resultado Provis\u00f3rio da Avalia\u00e7\u00e3o Psicol\u00f3gica. A partir de agora teremos ainda a Avalia\u00e7\u00e3o de T\u00edtulos e a Investiga\u00e7\u00e3o Social. S\u00f3 a\u00ed chegaremos ao&nbsp;<strong>final da primeira etapa<\/strong>.<\/p>\n\n\n\n<p style=\"font-size:22px\" class=\"has-background has-text-align-center has-very-light-gray-background-color\"><strong>Saiba mais: <a href=\"https:\/\/www.estrategiaconcursos.com.br\/blog\/concurso-prf-3\/\">Concurso PRF<\/a><\/strong><\/p>\n\n\n\n<p class=\"has-text-align-center\"><em><strong>Assinatura Anual Ilimitada*<\/strong><\/em><\/p>\n\n\n\n<p class=\"has-text-align-center\"><em>Prepare-se com o melhor material e com quem mais aprova em Concursos P\u00fablicos em todo o pa\u00eds. Assine agora a nossa Assinatura Anual e tenha acesso ilimitado* a todos os nossos cursos.<\/em><\/p>\n\n\n\n<p style=\"font-size:22px\" class=\"has-background has-text-align-center has-luminous-vivid-amber-background-color\"><strong>ASSINE AGORA&nbsp;\u2013&nbsp;<\/strong><a rel=\"noreferrer noopener\" href=\"https:\/\/www.estrategiaconcursos.com.br\/assinaturas\" target=\"_blank\"><strong>Assinatura Ilimitada<\/strong><\/a><\/p>\n\n\n\n<p class=\"has-text-align-center\"><strong><em><strong>Sistema de Quest\u00f5es<\/strong><\/em><\/strong><\/p>\n\n\n\n<p class=\"has-text-align-center\">Estrat\u00e9gia Quest\u00f5es nasceu maior do que todos os concorrentes, com mais quest\u00f5es cadastradas e mais solu\u00e7\u00f5es por professores. Clique no link e aproveite os descontos e b\u00f4nus imperd\u00edveis!<\/p>\n\n\n\n<p style=\"font-size:22px\" class=\"has-background has-text-align-center has-light-green-cyan-background-color\"><strong>ASSINE AGORA \u2013&nbsp;<a href=\"https:\/\/www.estrategiaconcursos.com.br\/cursosPorConcurso\/sistema-de-questoes\/#\/\" target=\"_blank\" rel=\"noreferrer noopener\">Sistema de Quest\u00f5es<\/a><\/strong><\/p>\n\n\n\n<p class=\"has-text-align-center\"><strong><em>Fique por dentro de todos os concursos<\/em><\/strong><\/p>\n\n\n\n<p style=\"font-size:22px\" class=\"has-background has-text-align-center has-pale-cyan-blue-background-color\"><a rel=\"noreferrer noopener\" href=\"https:\/\/www.estrategiaconcursos.com.br\/blog\/concursos-abertos\/\" target=\"_blank\"><strong>CONCURSOS ABERTOS<\/strong><\/a><\/p>\n\n\n\n<p style=\"font-size:22px\" class=\"has-background has-text-align-center has-pale-cyan-blue-background-color\"><a rel=\"noreferrer noopener\" href=\"https:\/\/www.estrategiaconcursos.com.br\/blog\/concursos-2020\/\" target=\"_blank\"><strong>CONCURSOS&nbsp;2020<\/strong><\/a><\/p>\n\n\n\n<p style=\"font-size:22px\" class=\"has-background has-text-align-center has-pale-cyan-blue-background-color\"><strong><a rel=\"noreferrer noopener\" href=\"https:\/\/www.estrategiaconcursos.com.br\/blog\/concursos-2021\/\" target=\"_blank\">CONCURSOS&nbsp;2021<\/a><\/strong><\/p>\n","protected":false},"excerpt":{"rendered":"<p>Um novo edital do&nbsp;concurso PRF poder\u00e1 ser publicado ainda em 2020. As informa\u00e7\u00f5es s\u00e3o do diretor-geral da Pol\u00edcia Rodovi\u00e1ria Federal, Eduardo Aggio&nbsp;de&nbsp;S\u00e1. \u201cSe tudo der certo, esperamos que 2020\u201d, respondeu Eduardo, por meio das redes sociais. Lembrando que um novo&nbsp;certame, com oferta de 2.772 vagas para a Pol\u00edcia Rodovi\u00e1ria Federal, foi solicitado! A informa\u00e7\u00e3o foi [&hellip;]<\/p>\n","protected":false},"author":657,"featured_media":507989,"comment_status":"open","ping_status":"closed","sticky":false,"template":"","format":"standard","meta":{"post_tipo":"article","footnotes":""},"categories":[1],"tags":[],"tax_estado":[],"class_list":["post-533432","post","type-post","status-publish","format-standard","has-post-thumbnail","hentry","category-cursos-e-concursos"],"acf":[],"yoast_head":"<!-- This site is optimized with the Yoast SEO Premium plugin v27.2 (Yoast SEO v27.2) - https:\/\/yoast.com\/product\/yoast-seo-premium-wordpress\/ -->\n<title>Concurso PRF &#039;nacional&#039; \u00e9 previsto para 2020; 2.772 vagas solicitadas<\/title>\n<meta name=\"description\" content=\"Um novo edital do concurso PRF poder\u00e1 ser publicado ainda em 2020. As informa\u00e7\u00f5es s\u00e3o do diretor-geral, Eduardo Aggio de S\u00e1. Confira!\" \/>\n<meta name=\"robots\" content=\"index, follow, max-snippet:-1, max-image-preview:large, max-video-preview:-1\" \/>\n<link rel=\"canonical\" href=\"https:\/\/www.estrategiaconcursos.com.br\/blog\/prf-nacional-previsto-2020\/\" \/>\n<meta property=\"og:locale\" content=\"pt_BR\" \/>\n<meta property=\"og:type\" content=\"article\" \/>\n<meta property=\"og:title\" content=\"Concurso PRF &#039;nacional&#039; \u00e9 previsto para 2020; 2.772 vagas solicitadas\" \/>\n<meta property=\"og:description\" content=\"Um novo edital do concurso PRF poder\u00e1 ser publicado ainda em 2020. As informa\u00e7\u00f5es s\u00e3o do diretor-geral, Eduardo Aggio de S\u00e1. Confira!\" \/>\n<meta property=\"og:url\" content=\"https:\/\/www.estrategiaconcursos.com.br\/blog\/prf-nacional-previsto-2020\/\" \/>\n<meta property=\"og:site_name\" content=\"Estrat\u00e9gia Concursos\" \/>\n<meta property=\"article:published_time\" content=\"2020-06-26T20:50:00+00:00\" \/>\n<meta property=\"article:modified_time\" content=\"2020-06-29T19:25:46+00:00\" \/>\n<meta property=\"og:image\" content=\"https:\/\/dhg1h5j42swfq.cloudfront.net\/2020\/04\/28095459\/concurso-prf-610x319-1.jpg\" \/>\n\t<meta property=\"og:image:width\" content=\"610\" \/>\n\t<meta property=\"og:image:height\" content=\"319\" \/>\n\t<meta property=\"og:image:type\" content=\"image\/jpeg\" \/>\n<meta name=\"author\" content=\"Nat\u00e1lia Scarano\" \/>\n<meta name=\"twitter:card\" content=\"summary_large_image\" \/>\n<meta name=\"twitter:creator\" content=\"@EstratConcursos\" \/>\n<meta name=\"twitter:site\" content=\"@EstratConcursos\" \/>\n<meta name=\"twitter:label1\" content=\"Escrito por\" \/>\n\t<meta name=\"twitter:data1\" content=\"Nat\u00e1lia Scarano\" \/>\n\t<meta name=\"twitter:label2\" content=\"Est. tempo de leitura\" \/>\n\t<meta name=\"twitter:data2\" content=\"2 minutos\" \/>\n<script type=\"application\/ld+json\" class=\"yoast-schema-graph\">{\"@context\":\"https:\/\/schema.org\",\"@graph\":[{\"@type\":\"NewsArticle\",\"@id\":\"https:\/\/www.estrategiaconcursos.com.br\/blog\/prf-nacional-previsto-2020\/#article\",\"isPartOf\":{\"@id\":\"https:\/\/www.estrategiaconcursos.com.br\/blog\/prf-nacional-previsto-2020\/\"},\"author\":{\"name\":\"Nat\u00e1lia Scarano\",\"@id\":\"https:\/\/www.estrategiaconcursos.com.br\/blog\/#\/schema\/person\/751aedf909a9d10cb23ce6ac527ce0f2\"},\"headline\":\"Concurso PRF &#8216;nacional&#8217; \u00e9 previsto para 2020; 2.772 vagas solicitadas\",\"datePublished\":\"2020-06-26T20:50:00+00:00\",\"dateModified\":\"2020-06-29T19:25:46+00:00\",\"mainEntityOfPage\":{\"@id\":\"https:\/\/www.estrategiaconcursos.com.br\/blog\/prf-nacional-previsto-2020\/\"},\"wordCount\":487,\"commentCount\":0,\"publisher\":{\"@id\":\"https:\/\/www.estrategiaconcursos.com.br\/blog\/#organization\"},\"image\":{\"@id\":\"https:\/\/www.estrategiaconcursos.com.br\/blog\/prf-nacional-previsto-2020\/#primaryimage\"},\"thumbnailUrl\":\"https:\/\/dhg1h5j42swfq.cloudfront.net\/2020\/04\/28095459\/concurso-prf-610x319-1.jpg\",\"articleSection\":[\"Concursos P\u00fablicos\"],\"inLanguage\":\"pt-BR\",\"potentialAction\":[{\"@type\":\"CommentAction\",\"name\":\"Comment\",\"target\":[\"https:\/\/www.estrategiaconcursos.com.br\/blog\/prf-nacional-previsto-2020\/#respond\"]}],\"copyrightYear\":\"2020\",\"copyrightHolder\":{\"@id\":\"https:\/\/www.estrategiaconcursos.com.br\/blog\/#organization\"}},{\"@type\":\"WebPage\",\"@id\":\"https:\/\/www.estrategiaconcursos.com.br\/blog\/prf-nacional-previsto-2020\/\",\"url\":\"https:\/\/www.estrategiaconcursos.com.br\/blog\/prf-nacional-previsto-2020\/\",\"name\":\"Concurso PRF 'nacional' \u00e9 previsto para 2020; 2.772 vagas solicitadas\",\"isPartOf\":{\"@id\":\"https:\/\/www.estrategiaconcursos.com.br\/blog\/#website\"},\"primaryImageOfPage\":{\"@id\":\"https:\/\/www.estrategiaconcursos.com.br\/blog\/prf-nacional-previsto-2020\/#primaryimage\"},\"image\":{\"@id\":\"https:\/\/www.estrategiaconcursos.com.br\/blog\/prf-nacional-previsto-2020\/#primaryimage\"},\"thumbnailUrl\":\"https:\/\/dhg1h5j42swfq.cloudfront.net\/2020\/04\/28095459\/concurso-prf-610x319-1.jpg\",\"datePublished\":\"2020-06-26T20:50:00+00:00\",\"dateModified\":\"2020-06-29T19:25:46+00:00\",\"description\":\"Um novo edital do concurso PRF poder\u00e1 ser publicado ainda em 2020. As informa\u00e7\u00f5es s\u00e3o do diretor-geral, Eduardo Aggio de S\u00e1. Confira!\",\"breadcrumb\":{\"@id\":\"https:\/\/www.estrategiaconcursos.com.br\/blog\/prf-nacional-previsto-2020\/#breadcrumb\"},\"inLanguage\":\"pt-BR\",\"potentialAction\":[{\"@type\":\"ReadAction\",\"target\":[\"https:\/\/www.estrategiaconcursos.com.br\/blog\/prf-nacional-previsto-2020\/\"]}]},{\"@type\":\"ImageObject\",\"inLanguage\":\"pt-BR\",\"@id\":\"https:\/\/www.estrategiaconcursos.com.br\/blog\/prf-nacional-previsto-2020\/#primaryimage\",\"url\":\"https:\/\/dhg1h5j42swfq.cloudfront.net\/2020\/04\/28095459\/concurso-prf-610x319-1.jpg\",\"contentUrl\":\"https:\/\/dhg1h5j42swfq.cloudfront.net\/2020\/04\/28095459\/concurso-prf-610x319-1.jpg\",\"width\":610,\"height\":319},{\"@type\":\"BreadcrumbList\",\"@id\":\"https:\/\/www.estrategiaconcursos.com.br\/blog\/prf-nacional-previsto-2020\/#breadcrumb\",\"itemListElement\":[{\"@type\":\"ListItem\",\"position\":1,\"name\":\"In\u00edcio\",\"item\":\"https:\/\/www.estrategiaconcursos.com.br\/blog\/\"},{\"@type\":\"ListItem\",\"position\":2,\"name\":\"Concurso PRF &#8216;nacional&#8217; \u00e9 previsto para 2020; 2.772 vagas solicitadas\"}]},{\"@type\":\"WebSite\",\"@id\":\"https:\/\/www.estrategiaconcursos.com.br\/blog\/#website\",\"url\":\"https:\/\/www.estrategiaconcursos.com.br\/blog\/\",\"name\":\"Estrat\u00e9gia Concursos\",\"description\":\"O blog da Estrat\u00e9gia Concursos traz not\u00edcias sobre concursos e artigos de professores oferecendo cursos para concursos (pdf + videaulas) no site.\",\"publisher\":{\"@id\":\"https:\/\/www.estrategiaconcursos.com.br\/blog\/#organization\"},\"potentialAction\":[{\"@type\":\"SearchAction\",\"target\":{\"@type\":\"EntryPoint\",\"urlTemplate\":\"https:\/\/www.estrategiaconcursos.com.br\/blog\/?s={search_term_string}\"},\"query-input\":{\"@type\":\"PropertyValueSpecification\",\"valueRequired\":true,\"valueName\":\"search_term_string\"}}],\"inLanguage\":\"pt-BR\"},{\"@type\":\"Organization\",\"@id\":\"https:\/\/www.estrategiaconcursos.com.br\/blog\/#organization\",\"name\":\"Estrat\u00e9gia Concursos\",\"url\":\"https:\/\/www.estrategiaconcursos.com.br\/blog\/\",\"logo\":{\"@type\":\"ImageObject\",\"inLanguage\":\"pt-BR\",\"@id\":\"https:\/\/www.estrategiaconcursos.com.br\/blog\/#\/schema\/logo\/image\/\",\"url\":\"https:\/\/dhg1h5j42swfq.cloudfront.net\/2025\/06\/03203428\/logo_concursos-1.jpg\",\"contentUrl\":\"https:\/\/dhg1h5j42swfq.cloudfront.net\/2025\/06\/03203428\/logo_concursos-1.jpg\",\"width\":230,\"height\":60,\"caption\":\"Estrat\u00e9gia Concursos\"},\"image\":{\"@id\":\"https:\/\/www.estrategiaconcursos.com.br\/blog\/#\/schema\/logo\/image\/\"},\"sameAs\":[\"https:\/\/x.com\/EstratConcursos\"]},{\"@type\":\"Person\",\"@id\":\"https:\/\/www.estrategiaconcursos.com.br\/blog\/#\/schema\/person\/751aedf909a9d10cb23ce6ac527ce0f2\",\"name\":\"Nat\u00e1lia Scarano\",\"image\":{\"@type\":\"ImageObject\",\"inLanguage\":\"pt-BR\",\"@id\":\"https:\/\/secure.gravatar.com\/avatar\/8a889b8db3dbd227a1a78627357ec8fe64f5e99189d1889a270127828ab372ac?s=96&d=mm&r=g\",\"url\":\"https:\/\/secure.gravatar.com\/avatar\/8a889b8db3dbd227a1a78627357ec8fe64f5e99189d1889a270127828ab372ac?s=96&d=mm&r=g\",\"contentUrl\":\"https:\/\/secure.gravatar.com\/avatar\/8a889b8db3dbd227a1a78627357ec8fe64f5e99189d1889a270127828ab372ac?s=96&d=mm&r=g\",\"caption\":\"Nat\u00e1lia Scarano\"},\"description\":\"Jornalista, formada e p\u00f3s graduada pelo IESB, faz parte do time de jornalistas do Estrat\u00e9gia desde 2017. Possui familiaridade com as \u00e1reas de Tribunais, Defensorias, Procuradorias, Minist\u00e9rios P\u00fablicos, Conselhos, Educa\u00e7\u00e3o, \u00c1rea de Seguran\u00e7a, concursos de Carreiras Jur\u00eddicas e OAB. Experi\u00eancia em marketing digital, assessoria de comunica\u00e7\u00e3o e institucional na \u00e1rea privada e p\u00fablica, com atua\u00e7\u00e3o em \u00f3rg\u00e3os como CGU, Cofen e CNM.\",\"url\":\"https:\/\/www.estrategiaconcursos.com.br\/blog\/author\/natalia-scaranoestrategiaconcursos-com-br\/\"}]}<\/script>\n<!-- \/ Yoast SEO Premium plugin. -->","yoast_head_json":{"title":"Concurso PRF 'nacional' \u00e9 previsto para 2020; 2.772 vagas solicitadas","description":"Um novo edital do concurso PRF poder\u00e1 ser publicado ainda em 2020. As informa\u00e7\u00f5es s\u00e3o do diretor-geral, Eduardo Aggio de S\u00e1. Confira!","robots":{"index":"index","follow":"follow","max-snippet":"max-snippet:-1","max-image-preview":"max-image-preview:large","max-video-preview":"max-video-preview:-1"},"canonical":"https:\/\/www.estrategiaconcursos.com.br\/blog\/prf-nacional-previsto-2020\/","og_locale":"pt_BR","og_type":"article","og_title":"Concurso PRF 'nacional' \u00e9 previsto para 2020; 2.772 vagas solicitadas","og_description":"Um novo edital do concurso PRF poder\u00e1 ser publicado ainda em 2020. As informa\u00e7\u00f5es s\u00e3o do diretor-geral, Eduardo Aggio de S\u00e1. Confira!","og_url":"https:\/\/www.estrategiaconcursos.com.br\/blog\/prf-nacional-previsto-2020\/","og_site_name":"Estrat\u00e9gia Concursos","article_published_time":"2020-06-26T20:50:00+00:00","article_modified_time":"2020-06-29T19:25:46+00:00","og_image":[{"width":610,"height":319,"url":"https:\/\/dhg1h5j42swfq.cloudfront.net\/2020\/04\/28095459\/concurso-prf-610x319-1.jpg","type":"image\/jpeg"}],"author":"Nat\u00e1lia Scarano","twitter_card":"summary_large_image","twitter_creator":"@EstratConcursos","twitter_site":"@EstratConcursos","twitter_misc":{"Escrito por":"Nat\u00e1lia Scarano","Est. tempo de leitura":"2 minutos"},"schema":{"@context":"https:\/\/schema.org","@graph":[{"@type":"NewsArticle","@id":"https:\/\/www.estrategiaconcursos.com.br\/blog\/prf-nacional-previsto-2020\/#article","isPartOf":{"@id":"https:\/\/www.estrategiaconcursos.com.br\/blog\/prf-nacional-previsto-2020\/"},"author":{"name":"Nat\u00e1lia Scarano","@id":"https:\/\/www.estrategiaconcursos.com.br\/blog\/#\/schema\/person\/751aedf909a9d10cb23ce6ac527ce0f2"},"headline":"Concurso PRF &#8216;nacional&#8217; \u00e9 previsto para 2020; 2.772 vagas solicitadas","datePublished":"2020-06-26T20:50:00+00:00","dateModified":"2020-06-29T19:25:46+00:00","mainEntityOfPage":{"@id":"https:\/\/www.estrategiaconcursos.com.br\/blog\/prf-nacional-previsto-2020\/"},"wordCount":487,"commentCount":0,"publisher":{"@id":"https:\/\/www.estrategiaconcursos.com.br\/blog\/#organization"},"image":{"@id":"https:\/\/www.estrategiaconcursos.com.br\/blog\/prf-nacional-previsto-2020\/#primaryimage"},"thumbnailUrl":"https:\/\/dhg1h5j42swfq.cloudfront.net\/2020\/04\/28095459\/concurso-prf-610x319-1.jpg","articleSection":["Concursos P\u00fablicos"],"inLanguage":"pt-BR","potentialAction":[{"@type":"CommentAction","name":"Comment","target":["https:\/\/www.estrategiaconcursos.com.br\/blog\/prf-nacional-previsto-2020\/#respond"]}],"copyrightYear":"2020","copyrightHolder":{"@id":"https:\/\/www.estrategiaconcursos.com.br\/blog\/#organization"}},{"@type":"WebPage","@id":"https:\/\/www.estrategiaconcursos.com.br\/blog\/prf-nacional-previsto-2020\/","url":"https:\/\/www.estrategiaconcursos.com.br\/blog\/prf-nacional-previsto-2020\/","name":"Concurso PRF 'nacional' \u00e9 previsto para 2020; 2.772 vagas solicitadas","isPartOf":{"@id":"https:\/\/www.estrategiaconcursos.com.br\/blog\/#website"},"primaryImageOfPage":{"@id":"https:\/\/www.estrategiaconcursos.com.br\/blog\/prf-nacional-previsto-2020\/#primaryimage"},"image":{"@id":"https:\/\/www.estrategiaconcursos.com.br\/blog\/prf-nacional-previsto-2020\/#primaryimage"},"thumbnailUrl":"https:\/\/dhg1h5j42swfq.cloudfront.net\/2020\/04\/28095459\/concurso-prf-610x319-1.jpg","datePublished":"2020-06-26T20:50:00+00:00","dateModified":"2020-06-29T19:25:46+00:00","description":"Um novo edital do concurso PRF poder\u00e1 ser publicado ainda em 2020. As informa\u00e7\u00f5es s\u00e3o do diretor-geral, Eduardo Aggio de S\u00e1. Confira!","breadcrumb":{"@id":"https:\/\/www.estrategiaconcursos.com.br\/blog\/prf-nacional-previsto-2020\/#breadcrumb"},"inLanguage":"pt-BR","potentialAction":[{"@type":"ReadAction","target":["https:\/\/www.estrategiaconcursos.com.br\/blog\/prf-nacional-previsto-2020\/"]}]},{"@type":"ImageObject","inLanguage":"pt-BR","@id":"https:\/\/www.estrategiaconcursos.com.br\/blog\/prf-nacional-previsto-2020\/#primaryimage","url":"https:\/\/dhg1h5j42swfq.cloudfront.net\/2020\/04\/28095459\/concurso-prf-610x319-1.jpg","contentUrl":"https:\/\/dhg1h5j42swfq.cloudfront.net\/2020\/04\/28095459\/concurso-prf-610x319-1.jpg","width":610,"height":319},{"@type":"BreadcrumbList","@id":"https:\/\/www.estrategiaconcursos.com.br\/blog\/prf-nacional-previsto-2020\/#breadcrumb","itemListElement":[{"@type":"ListItem","position":1,"name":"In\u00edcio","item":"https:\/\/www.estrategiaconcursos.com.br\/blog\/"},{"@type":"ListItem","position":2,"name":"Concurso PRF &#8216;nacional&#8217; \u00e9 previsto para 2020; 2.772 vagas solicitadas"}]},{"@type":"WebSite","@id":"https:\/\/www.estrategiaconcursos.com.br\/blog\/#website","url":"https:\/\/www.estrategiaconcursos.com.br\/blog\/","name":"Estrat\u00e9gia Concursos","description":"O blog da Estrat\u00e9gia Concursos traz not\u00edcias sobre concursos e artigos de professores oferecendo cursos para concursos (pdf + videaulas) no site.","publisher":{"@id":"https:\/\/www.estrategiaconcursos.com.br\/blog\/#organization"},"potentialAction":[{"@type":"SearchAction","target":{"@type":"EntryPoint","urlTemplate":"https:\/\/www.estrategiaconcursos.com.br\/blog\/?s={search_term_string}"},"query-input":{"@type":"PropertyValueSpecification","valueRequired":true,"valueName":"search_term_string"}}],"inLanguage":"pt-BR"},{"@type":"Organization","@id":"https:\/\/www.estrategiaconcursos.com.br\/blog\/#organization","name":"Estrat\u00e9gia Concursos","url":"https:\/\/www.estrategiaconcursos.com.br\/blog\/","logo":{"@type":"ImageObject","inLanguage":"pt-BR","@id":"https:\/\/www.estrategiaconcursos.com.br\/blog\/#\/schema\/logo\/image\/","url":"https:\/\/dhg1h5j42swfq.cloudfront.net\/2025\/06\/03203428\/logo_concursos-1.jpg","contentUrl":"https:\/\/dhg1h5j42swfq.cloudfront.net\/2025\/06\/03203428\/logo_concursos-1.jpg","width":230,"height":60,"caption":"Estrat\u00e9gia Concursos"},"image":{"@id":"https:\/\/www.estrategiaconcursos.com.br\/blog\/#\/schema\/logo\/image\/"},"sameAs":["https:\/\/x.com\/EstratConcursos"]},{"@type":"Person","@id":"https:\/\/www.estrategiaconcursos.com.br\/blog\/#\/schema\/person\/751aedf909a9d10cb23ce6ac527ce0f2","name":"Nat\u00e1lia Scarano","image":{"@type":"ImageObject","inLanguage":"pt-BR","@id":"https:\/\/secure.gravatar.com\/avatar\/8a889b8db3dbd227a1a78627357ec8fe64f5e99189d1889a270127828ab372ac?s=96&d=mm&r=g","url":"https:\/\/secure.gravatar.com\/avatar\/8a889b8db3dbd227a1a78627357ec8fe64f5e99189d1889a270127828ab372ac?s=96&d=mm&r=g","contentUrl":"https:\/\/secure.gravatar.com\/avatar\/8a889b8db3dbd227a1a78627357ec8fe64f5e99189d1889a270127828ab372ac?s=96&d=mm&r=g","caption":"Nat\u00e1lia Scarano"},"description":"Jornalista, formada e p\u00f3s graduada pelo IESB, faz parte do time de jornalistas do Estrat\u00e9gia desde 2017. Possui familiaridade com as \u00e1reas de Tribunais, Defensorias, Procuradorias, Minist\u00e9rios P\u00fablicos, Conselhos, Educa\u00e7\u00e3o, \u00c1rea de Seguran\u00e7a, concursos de Carreiras Jur\u00eddicas e OAB. Experi\u00eancia em marketing digital, assessoria de comunica\u00e7\u00e3o e institucional na \u00e1rea privada e p\u00fablica, com atua\u00e7\u00e3o em \u00f3rg\u00e3os como CGU, Cofen e CNM.","url":"https:\/\/www.estrategiaconcursos.com.br\/blog\/author\/natalia-scaranoestrategiaconcursos-com-br\/"}]}},"_links":{"self":[{"href":"https:\/\/www.estrategiaconcursos.com.br\/blog\/wp-json\/wp\/v2\/posts\/533432","targetHints":{"allow":["GET"]}}],"collection":[{"href":"https:\/\/www.estrategiaconcursos.com.br\/blog\/wp-json\/wp\/v2\/posts"}],"about":[{"href":"https:\/\/www.estrategiaconcursos.com.br\/blog\/wp-json\/wp\/v2\/types\/post"}],"author":[{"embeddable":true,"href":"https:\/\/www.estrategiaconcursos.com.br\/blog\/wp-json\/wp\/v2\/users\/657"}],"replies":[{"embeddable":true,"href":"https:\/\/www.estrategiaconcursos.com.br\/blog\/wp-json\/wp\/v2\/comments?post=533432"}],"version-history":[{"count":2,"href":"https:\/\/www.estrategiaconcursos.com.br\/blog\/wp-json\/wp\/v2\/posts\/533432\/revisions"}],"predecessor-version":[{"id":533448,"href":"https:\/\/www.estrategiaconcursos.com.br\/blog\/wp-json\/wp\/v2\/posts\/533432\/revisions\/533448"}],"wp:featuredmedia":[{"embeddable":true,"href":"https:\/\/www.estrategiaconcursos.com.br\/blog\/wp-json\/wp\/v2\/media\/507989"}],"wp:attachment":[{"href":"https:\/\/www.estrategiaconcursos.com.br\/blog\/wp-json\/wp\/v2\/media?parent=533432"}],"wp:term":[{"taxonomy":"category","embeddable":true,"href":"https:\/\/www.estrategiaconcursos.com.br\/blog\/wp-json\/wp\/v2\/categories?post=533432"},{"taxonomy":"post_tag","embeddable":true,"href":"https:\/\/www.estrategiaconcursos.com.br\/blog\/wp-json\/wp\/v2\/tags?post=533432"},{"taxonomy":"tax_estado","embeddable":true,"href":"https:\/\/www.estrategiaconcursos.com.br\/blog\/wp-json\/wp\/v2\/tax_estado?post=533432"}],"curies":[{"name":"wp","href":"https:\/\/api.w.org\/{rel}","templated":true}]}}