{"id":533162,"date":"2020-06-27T07:20:00","date_gmt":"2020-06-27T10:20:00","guid":{"rendered":"https:\/\/www.estrategiaconcursos.com.br\/blog\/?p=533162"},"modified":"2023-05-10T10:36:24","modified_gmt":"2023-05-10T13:36:24","slug":"1a-maratona-cartorio-tjsc-neste-sabado-27-06-nao-perca","status":"publish","type":"post","link":"https:\/\/www.estrategiaconcursos.com.br\/blog\/1a-maratona-cartorio-tjsc-neste-sabado-27-06-nao-perca\/","title":{"rendered":"1\u00aa Maratona \u2013 Cart\u00f3rio TJSC: Neste s\u00e1bado, 27\/06. N\u00e3o perca!"},"content":{"rendered":"\n<p>O concurso para outorga de delega\u00e7\u00f5es de notas e de registro do Estado de Santa Catarina foi retomado e o Tribunal de Justi\u00e7a do Estado definiu a Funda\u00e7\u00e3o Get\u00falio Vargas &#8211; FGV como a organizadora. <\/p>\n\n\n\n<p>A medida ocorreu poucas semanas ap\u00f3s a rescis\u00e3o do contrato com o IESES,  organizador do certame lan\u00e7ado para o \u00f3rg\u00e3o em 2019, e anulado em raz\u00e3o do atentado aos princ\u00edpios da transpar\u00eancia, concorr\u00eancia, efici\u00eancia e do preju\u00edzo configurado aos candidatos ap\u00f3s a realiza\u00e7\u00e3o da prova objetiva.<\/p>\n\n\n\n<p>Com a defini\u00e7\u00e3o da banca, o novo edital dever\u00e1 ser publicado nos pr\u00f3ximos meses. Isto porque, em fevereiro deste ano, a \u00e1rea t\u00e9cnica do TJ SC tinha o prazo de&nbsp;<strong>60 dias&nbsp;<\/strong>para concluir os procedimentos para a contrata\u00e7\u00e3o da nova organizadora e de&nbsp;<strong>120 dias<\/strong>&nbsp;para a publica\u00e7\u00e3o do edital.<\/p>\n\n\n\n<p>Se voc\u00ea tamb\u00e9m est\u00e1 aguardando ansiosamente o retorno desse processo p\u00fablico de sele\u00e7\u00e3o, n\u00e3o perca a <strong>Maratona Cart\u00f3rio TJSC<\/strong> que a equipe de professores do Estrat\u00e9gia Carreira Jur\u00eddica preparou para este <strong>s\u00e1bado, 27 de junho, a partir das 08 horas e 30 minutos no nosso canal do Youtube.<\/strong><\/p>\n\n\n\n<p>Confira abaixo a programa\u00e7\u00e3o: <\/p>\n\n\n\n<p><\/p>\n\n\n\n<figure class=\"wp-block-table is-style-stripes\"><table class=\"has-background has-fixed-layout\" style=\"background-color:#e7f5fe\"><tbody><tr><td><strong>Hor\u00e1rio <\/strong><\/td><td><strong>Disciplina <\/strong><\/td><td><strong>Professor<\/strong> <\/td><\/tr><tr><td>08:30 \u00e0s 09:30<\/td><td>Teoria Geral dos Atos Notariais e Registrais <\/td><td>Paloma Schwab<\/td><\/tr><tr><td>09:30 \u00e0s 10:30<\/td><td>Registro Civil de Pessoas Naturais <\/td><td>Juliana Chev\u00f4nica <\/td><\/tr><tr><td>10:30 \u00e0s 11:30<\/td><td>Tabelionato de Notas <\/td><td>Maria Fernanda Dalmaz<\/td><\/tr><tr><td>11:30 \u00e0s 13:00<\/td><td>Registro de Im\u00f3veis <\/td><td>Gustavo Arruda <\/td><\/tr><tr><td>14:00 \u00e0s 15:00<\/td><td>Tabelionato de Protestos <\/td><td>Adriano Alvares<\/td><\/tr><tr><td>15:00 \u00e0s 15:30<\/td><td>Registro Civil das Pessoas Jur\u00eddicas, T\u00edtulos e Documentos <\/td><td>D\u00e9bora Cavalcante <\/td><\/tr><tr><td>15:30 \u00e0s 16:00<\/td><td>Direito Civil <\/td><td>Paulo Sousa <\/td><\/tr><tr><td>16:00 \u00e0s 16:30<\/td><td>Direito processual Civil <\/td><td>Rodrigo Vaslin <\/td><\/tr><tr><td>16:30 \u00e0s 17:00<\/td><td>Direito Empresarial <\/td><td>Alessandro Sanchez <\/td><\/tr><tr><td>17:00 \u00e0s 17:30<\/td><td>Direito Administrativo <\/td><td>Wagner Damazio<\/td><\/tr><tr><td>17:30 \u00c0S 18:00<\/td><td>Direito Constitucional <\/td><td>Nelma Fontana <\/td><\/tr><\/tbody><\/table><\/figure>\n\n\n\n<p class=\"has-text-align-center has-very-light-gray-background-color has-background\" style=\"font-size:clamp(14.642px, 0.915rem + ((1vw - 3.2px) * 0.721), 22px);px\"><strong>Mais informa\u00e7\u00f5es: <a href=\"https:\/\/www.estrategiaconcursos.com.br\/blog\/concurso-cartorio-sc\" target=\"_blank\" rel=\"noreferrer noopener\">Cart\u00f3rios SC<\/a><\/strong><\/p>\n\n\n\n<p class=\"has-text-align-center has-medium-font-size\"><strong><em><strong>Sistema de Quest\u00f5es<\/strong><\/em><\/strong><\/p>\n\n\n\n<p class=\"has-text-align-center\">Estrat\u00e9gia Quest\u00f5es nasceu maior do que todos os concorrentes, com mais quest\u00f5es cadastradas e mais solu\u00e7\u00f5es por professores. Clique no link e aproveite os descontos e b\u00f4nus imperd\u00edveis!<\/p>\n\n\n\n<p class=\"has-text-align-center has-very-dark-gray-color has-vivid-green-cyan-background-color has-text-color has-background\" style=\"font-size:clamp(14.642px, 0.915rem + ((1vw - 3.2px) * 0.721), 22px);px\"><strong>ASSINE AGORA &#8211; <a href=\"https:\/\/www.estrategiaconcursos.com.br\/cursosPorConcurso\/sistema-de-questoes\/#\/\" target=\"_blank\" rel=\"noreferrer noopener\">Sistema de Quest\u00f5es<\/a><\/strong><\/p>\n\n\n\n<p class=\"has-text-align-center has-luminous-vivid-amber-background-color has-background\" style=\"font-size:clamp(15.747px, 0.984rem + ((1vw - 3.2px) * 0.809), 24px);px\"><em><a href=\"https:\/\/www.estrategiaconcursos.com.br\/cursosPorConcurso\/cursos-regulares-para-cartorios\/?gclid=EAIaIQobChMIgMq5s-SX5wIVVweRCh1AXw5EEAAYASAAEgLktvD_BwE\">CURSO CART\u00d3RIO SC<\/a><\/em><\/p>\n\n\n\n<p class=\"has-text-align-center\"><strong><em>Fique por dentro dos concursos vigentes:<\/em><\/strong><\/p>\n\n\n\n<p class=\"has-text-align-center has-pale-cyan-blue-background-color has-background has-medium-font-size\"><strong><a href=\"https:\/\/www.estrategiaconcursos.com.br\/blog\/concursos-abertos\/\" target=\"_blank\" rel=\"noreferrer noopener\">CONCURSOS ABERTOS<\/a><\/strong><\/p>\n\n\n\n<p class=\"has-text-align-center has-pale-cyan-blue-background-color has-background\" style=\"font-size:clamp(15.197px, 0.95rem + ((1vw - 3.2px) * 0.765), 23px);px\"><strong><a rel=\"noreferrer noopener\" href=\"https:\/\/www.estrategiaconcursos.com.br\/blog\/concursos-2020\/\" target=\"_blank\">CONCURSOS&nbsp;2020<\/a><\/strong><\/p>\n\n\n\n<p class=\"has-text-align-center has-pale-cyan-blue-background-color has-background\" style=\"font-size:clamp(15.197px, 0.95rem + ((1vw - 3.2px) * 0.765), 23px);px\"><a rel=\"noreferrer noopener\" href=\"https:\/\/www.estrategiaconcursos.com.br\/blog\/concursos-2021\/\" target=\"_blank\"><strong>CONCURSOS 2021<\/strong><\/a><\/p>\n\n\n\n<p class=\"has-text-align-center has-light-green-cyan-background-color has-background has-medium-font-size\"><strong><a href=\"https:\/\/www.estrategiaconcursos.com.br\/blog\/concursos-de-direito\/\" target=\"_blank\" rel=\"noreferrer noopener\">CONCURSOS DE DIREITO<\/a><\/strong><\/p>\n","protected":false},"excerpt":{"rendered":"<p>O concurso para outorga de delega\u00e7\u00f5es de notas e de registro do Estado de Santa Catarina foi retomado e o Tribunal de Justi\u00e7a do Estado definiu a Funda\u00e7\u00e3o Get\u00falio Vargas &#8211; FGV como a organizadora. A medida ocorreu poucas semanas ap\u00f3s a rescis\u00e3o do contrato com o IESES, organizador do certame lan\u00e7ado para o \u00f3rg\u00e3o [&hellip;]<\/p>\n","protected":false},"author":180,"featured_media":155687,"comment_status":"open","ping_status":"closed","sticky":false,"template":"","format":"standard","meta":{"post_tipo":"article","footnotes":""},"categories":[1,2185],"tags":[],"tax_estado":[],"class_list":["post-533162","post","type-post","status-publish","format-standard","has-post-thumbnail","hentry","category-cursos-e-concursos","category-carreiras-juridicas"],"acf":[],"yoast_head":"<!-- This site is optimized with the Yoast SEO Premium plugin v27.2 (Yoast SEO v27.2) - https:\/\/yoast.com\/product\/yoast-seo-premium-wordpress\/ -->\n<title>1\u00aa Maratona \u2013 Cart\u00f3rio TJSC: Neste s\u00e1bado, 27\/06. N\u00e3o perca!<\/title>\n<meta name=\"description\" content=\"Comece agora mesmo sua maratona de estudos para o novo concurso cart\u00f3rio TJ SC que ter\u00e1 novo edital publicado muito em breve!\" \/>\n<meta name=\"robots\" content=\"index, follow, max-snippet:-1, max-image-preview:large, max-video-preview:-1\" \/>\n<link rel=\"canonical\" href=\"https:\/\/www.estrategiaconcursos.com.br\/blog\/1a-maratona-cartorio-tjsc-neste-sabado-27-06-nao-perca\/\" \/>\n<meta property=\"og:locale\" content=\"pt_BR\" \/>\n<meta property=\"og:type\" content=\"article\" \/>\n<meta property=\"og:title\" content=\"1\u00aa Maratona \u2013 Cart\u00f3rio TJSC: Neste s\u00e1bado, 27\/06. N\u00e3o perca!\" \/>\n<meta property=\"og:description\" content=\"Comece agora mesmo sua maratona de estudos para o novo concurso cart\u00f3rio TJ SC que ter\u00e1 novo edital publicado muito em breve!\" \/>\n<meta property=\"og:url\" content=\"https:\/\/www.estrategiaconcursos.com.br\/blog\/1a-maratona-cartorio-tjsc-neste-sabado-27-06-nao-perca\/\" \/>\n<meta property=\"og:site_name\" content=\"Estrat\u00e9gia Concursos\" \/>\n<meta property=\"article:author\" content=\"https:\/\/www.facebook.com\/ricardo.s.torques\" \/>\n<meta property=\"article:published_time\" content=\"2020-06-27T10:20:00+00:00\" \/>\n<meta property=\"article:modified_time\" content=\"2023-05-10T13:36:24+00:00\" \/>\n<meta property=\"og:image\" content=\"https:\/\/dhg1h5j42swfq.cloudfront.net\/2018\/12\/14141541\/TJ-SC_CART%C3%93RIOS.jpg\" \/>\n\t<meta property=\"og:image:width\" content=\"1200\" \/>\n\t<meta property=\"og:image:height\" content=\"628\" \/>\n\t<meta property=\"og:image:type\" content=\"image\/jpeg\" \/>\n<meta name=\"author\" content=\"Ricardo Torques\" \/>\n<meta name=\"twitter:card\" content=\"summary_large_image\" \/>\n<meta name=\"twitter:creator\" content=\"@EstratConcursos\" \/>\n<meta name=\"twitter:site\" content=\"@EstratConcursos\" \/>\n<meta name=\"twitter:label1\" content=\"Escrito por\" \/>\n\t<meta name=\"twitter:data1\" content=\"Ricardo Torques\" \/>\n\t<meta name=\"twitter:label2\" content=\"Est. tempo de leitura\" \/>\n\t<meta name=\"twitter:data2\" content=\"2 minutos\" \/>\n<script type=\"application\/ld+json\" class=\"yoast-schema-graph\">{\"@context\":\"https:\/\/schema.org\",\"@graph\":[{\"@type\":\"NewsArticle\",\"@id\":\"https:\/\/www.estrategiaconcursos.com.br\/blog\/1a-maratona-cartorio-tjsc-neste-sabado-27-06-nao-perca\/#article\",\"isPartOf\":{\"@id\":\"https:\/\/www.estrategiaconcursos.com.br\/blog\/1a-maratona-cartorio-tjsc-neste-sabado-27-06-nao-perca\/\"},\"author\":{\"name\":\"Ricardo Torques\",\"@id\":\"https:\/\/www.estrategiaconcursos.com.br\/blog\/#\/schema\/person\/aa39cf5ddb518e5bdce27c35788405e2\"},\"headline\":\"1\u00aa Maratona \u2013 Cart\u00f3rio TJSC: Neste s\u00e1bado, 27\/06. N\u00e3o perca!\",\"datePublished\":\"2020-06-27T10:20:00+00:00\",\"dateModified\":\"2023-05-10T13:36:24+00:00\",\"mainEntityOfPage\":{\"@id\":\"https:\/\/www.estrategiaconcursos.com.br\/blog\/1a-maratona-cartorio-tjsc-neste-sabado-27-06-nao-perca\/\"},\"wordCount\":374,\"commentCount\":0,\"publisher\":{\"@id\":\"https:\/\/www.estrategiaconcursos.com.br\/blog\/#organization\"},\"image\":{\"@id\":\"https:\/\/www.estrategiaconcursos.com.br\/blog\/1a-maratona-cartorio-tjsc-neste-sabado-27-06-nao-perca\/#primaryimage\"},\"thumbnailUrl\":\"https:\/\/dhg1h5j42swfq.cloudfront.net\/2018\/12\/14141541\/TJ-SC_CART%C3%93RIOS.jpg\",\"articleSection\":[\"Concursos P\u00fablicos\",\"Jur\u00eddico\"],\"inLanguage\":\"pt-BR\",\"potentialAction\":[{\"@type\":\"CommentAction\",\"name\":\"Comment\",\"target\":[\"https:\/\/www.estrategiaconcursos.com.br\/blog\/1a-maratona-cartorio-tjsc-neste-sabado-27-06-nao-perca\/#respond\"]}],\"copyrightYear\":\"2020\",\"copyrightHolder\":{\"@id\":\"https:\/\/www.estrategiaconcursos.com.br\/blog\/#organization\"}},{\"@type\":\"WebPage\",\"@id\":\"https:\/\/www.estrategiaconcursos.com.br\/blog\/1a-maratona-cartorio-tjsc-neste-sabado-27-06-nao-perca\/\",\"url\":\"https:\/\/www.estrategiaconcursos.com.br\/blog\/1a-maratona-cartorio-tjsc-neste-sabado-27-06-nao-perca\/\",\"name\":\"1\u00aa Maratona \u2013 Cart\u00f3rio TJSC: Neste s\u00e1bado, 27\/06. N\u00e3o perca!\",\"isPartOf\":{\"@id\":\"https:\/\/www.estrategiaconcursos.com.br\/blog\/#website\"},\"primaryImageOfPage\":{\"@id\":\"https:\/\/www.estrategiaconcursos.com.br\/blog\/1a-maratona-cartorio-tjsc-neste-sabado-27-06-nao-perca\/#primaryimage\"},\"image\":{\"@id\":\"https:\/\/www.estrategiaconcursos.com.br\/blog\/1a-maratona-cartorio-tjsc-neste-sabado-27-06-nao-perca\/#primaryimage\"},\"thumbnailUrl\":\"https:\/\/dhg1h5j42swfq.cloudfront.net\/2018\/12\/14141541\/TJ-SC_CART%C3%93RIOS.jpg\",\"datePublished\":\"2020-06-27T10:20:00+00:00\",\"dateModified\":\"2023-05-10T13:36:24+00:00\",\"description\":\"Comece agora mesmo sua maratona de estudos para o novo concurso cart\u00f3rio TJ SC que ter\u00e1 novo edital publicado muito em breve!\",\"breadcrumb\":{\"@id\":\"https:\/\/www.estrategiaconcursos.com.br\/blog\/1a-maratona-cartorio-tjsc-neste-sabado-27-06-nao-perca\/#breadcrumb\"},\"inLanguage\":\"pt-BR\",\"potentialAction\":[{\"@type\":\"ReadAction\",\"target\":[\"https:\/\/www.estrategiaconcursos.com.br\/blog\/1a-maratona-cartorio-tjsc-neste-sabado-27-06-nao-perca\/\"]}]},{\"@type\":\"ImageObject\",\"inLanguage\":\"pt-BR\",\"@id\":\"https:\/\/www.estrategiaconcursos.com.br\/blog\/1a-maratona-cartorio-tjsc-neste-sabado-27-06-nao-perca\/#primaryimage\",\"url\":\"https:\/\/dhg1h5j42swfq.cloudfront.net\/2018\/12\/14141541\/TJ-SC_CART%C3%93RIOS.jpg\",\"contentUrl\":\"https:\/\/dhg1h5j42swfq.cloudfront.net\/2018\/12\/14141541\/TJ-SC_CART%C3%93RIOS.jpg\",\"width\":1200,\"height\":628,\"caption\":\"concurso cart\u00f3rios tj\/sc\"},{\"@type\":\"BreadcrumbList\",\"@id\":\"https:\/\/www.estrategiaconcursos.com.br\/blog\/1a-maratona-cartorio-tjsc-neste-sabado-27-06-nao-perca\/#breadcrumb\",\"itemListElement\":[{\"@type\":\"ListItem\",\"position\":1,\"name\":\"In\u00edcio\",\"item\":\"https:\/\/www.estrategiaconcursos.com.br\/blog\/\"},{\"@type\":\"ListItem\",\"position\":2,\"name\":\"1\u00aa Maratona \u2013 Cart\u00f3rio TJSC: Neste s\u00e1bado, 27\/06. N\u00e3o perca!\"}]},{\"@type\":\"WebSite\",\"@id\":\"https:\/\/www.estrategiaconcursos.com.br\/blog\/#website\",\"url\":\"https:\/\/www.estrategiaconcursos.com.br\/blog\/\",\"name\":\"Estrat\u00e9gia Concursos\",\"description\":\"O blog da Estrat\u00e9gia Concursos traz not\u00edcias sobre concursos e artigos de professores oferecendo cursos para concursos (pdf + videaulas) no site.\",\"publisher\":{\"@id\":\"https:\/\/www.estrategiaconcursos.com.br\/blog\/#organization\"},\"potentialAction\":[{\"@type\":\"SearchAction\",\"target\":{\"@type\":\"EntryPoint\",\"urlTemplate\":\"https:\/\/www.estrategiaconcursos.com.br\/blog\/?s={search_term_string}\"},\"query-input\":{\"@type\":\"PropertyValueSpecification\",\"valueRequired\":true,\"valueName\":\"search_term_string\"}}],\"inLanguage\":\"pt-BR\"},{\"@type\":\"Organization\",\"@id\":\"https:\/\/www.estrategiaconcursos.com.br\/blog\/#organization\",\"name\":\"Estrat\u00e9gia Concursos\",\"url\":\"https:\/\/www.estrategiaconcursos.com.br\/blog\/\",\"logo\":{\"@type\":\"ImageObject\",\"inLanguage\":\"pt-BR\",\"@id\":\"https:\/\/www.estrategiaconcursos.com.br\/blog\/#\/schema\/logo\/image\/\",\"url\":\"https:\/\/dhg1h5j42swfq.cloudfront.net\/2025\/06\/03203428\/logo_concursos-1.jpg\",\"contentUrl\":\"https:\/\/dhg1h5j42swfq.cloudfront.net\/2025\/06\/03203428\/logo_concursos-1.jpg\",\"width\":230,\"height\":60,\"caption\":\"Estrat\u00e9gia Concursos\"},\"image\":{\"@id\":\"https:\/\/www.estrategiaconcursos.com.br\/blog\/#\/schema\/logo\/image\/\"},\"sameAs\":[\"https:\/\/x.com\/EstratConcursos\"]},{\"@type\":\"Person\",\"@id\":\"https:\/\/www.estrategiaconcursos.com.br\/blog\/#\/schema\/person\/aa39cf5ddb518e5bdce27c35788405e2\",\"name\":\"Ricardo Torques\",\"image\":{\"@type\":\"ImageObject\",\"inLanguage\":\"pt-BR\",\"@id\":\"https:\/\/secure.gravatar.com\/avatar\/ce9ac6c3cff25fe86d15ed568ebc64d1724baf5c0693133bcb1f6073f712f92a?s=96&d=mm&r=g\",\"url\":\"https:\/\/secure.gravatar.com\/avatar\/ce9ac6c3cff25fe86d15ed568ebc64d1724baf5c0693133bcb1f6073f712f92a?s=96&d=mm&r=g\",\"contentUrl\":\"https:\/\/secure.gravatar.com\/avatar\/ce9ac6c3cff25fe86d15ed568ebc64d1724baf5c0693133bcb1f6073f712f92a?s=96&d=mm&r=g\",\"caption\":\"Ricardo Torques\"},\"sameAs\":[\"https:\/\/www.facebook.com\/ricardo.s.torques\"],\"url\":\"https:\/\/www.estrategiaconcursos.com.br\/blog\/author\/ricardotorquesestrategiaconcursos-com-br\/\"}]}<\/script>\n<!-- \/ Yoast SEO Premium plugin. -->","yoast_head_json":{"title":"1\u00aa Maratona \u2013 Cart\u00f3rio TJSC: Neste s\u00e1bado, 27\/06. N\u00e3o perca!","description":"Comece agora mesmo sua maratona de estudos para o novo concurso cart\u00f3rio TJ SC que ter\u00e1 novo edital publicado muito em breve!","robots":{"index":"index","follow":"follow","max-snippet":"max-snippet:-1","max-image-preview":"max-image-preview:large","max-video-preview":"max-video-preview:-1"},"canonical":"https:\/\/www.estrategiaconcursos.com.br\/blog\/1a-maratona-cartorio-tjsc-neste-sabado-27-06-nao-perca\/","og_locale":"pt_BR","og_type":"article","og_title":"1\u00aa Maratona \u2013 Cart\u00f3rio TJSC: Neste s\u00e1bado, 27\/06. N\u00e3o perca!","og_description":"Comece agora mesmo sua maratona de estudos para o novo concurso cart\u00f3rio TJ SC que ter\u00e1 novo edital publicado muito em breve!","og_url":"https:\/\/www.estrategiaconcursos.com.br\/blog\/1a-maratona-cartorio-tjsc-neste-sabado-27-06-nao-perca\/","og_site_name":"Estrat\u00e9gia Concursos","article_author":"https:\/\/www.facebook.com\/ricardo.s.torques","article_published_time":"2020-06-27T10:20:00+00:00","article_modified_time":"2023-05-10T13:36:24+00:00","og_image":[{"width":1200,"height":628,"url":"https:\/\/dhg1h5j42swfq.cloudfront.net\/2018\/12\/14141541\/TJ-SC_CART%C3%93RIOS.jpg","type":"image\/jpeg"}],"author":"Ricardo Torques","twitter_card":"summary_large_image","twitter_creator":"@EstratConcursos","twitter_site":"@EstratConcursos","twitter_misc":{"Escrito por":"Ricardo Torques","Est. tempo de leitura":"2 minutos"},"schema":{"@context":"https:\/\/schema.org","@graph":[{"@type":"NewsArticle","@id":"https:\/\/www.estrategiaconcursos.com.br\/blog\/1a-maratona-cartorio-tjsc-neste-sabado-27-06-nao-perca\/#article","isPartOf":{"@id":"https:\/\/www.estrategiaconcursos.com.br\/blog\/1a-maratona-cartorio-tjsc-neste-sabado-27-06-nao-perca\/"},"author":{"name":"Ricardo Torques","@id":"https:\/\/www.estrategiaconcursos.com.br\/blog\/#\/schema\/person\/aa39cf5ddb518e5bdce27c35788405e2"},"headline":"1\u00aa Maratona \u2013 Cart\u00f3rio TJSC: Neste s\u00e1bado, 27\/06. N\u00e3o perca!","datePublished":"2020-06-27T10:20:00+00:00","dateModified":"2023-05-10T13:36:24+00:00","mainEntityOfPage":{"@id":"https:\/\/www.estrategiaconcursos.com.br\/blog\/1a-maratona-cartorio-tjsc-neste-sabado-27-06-nao-perca\/"},"wordCount":374,"commentCount":0,"publisher":{"@id":"https:\/\/www.estrategiaconcursos.com.br\/blog\/#organization"},"image":{"@id":"https:\/\/www.estrategiaconcursos.com.br\/blog\/1a-maratona-cartorio-tjsc-neste-sabado-27-06-nao-perca\/#primaryimage"},"thumbnailUrl":"https:\/\/dhg1h5j42swfq.cloudfront.net\/2018\/12\/14141541\/TJ-SC_CART%C3%93RIOS.jpg","articleSection":["Concursos P\u00fablicos","Jur\u00eddico"],"inLanguage":"pt-BR","potentialAction":[{"@type":"CommentAction","name":"Comment","target":["https:\/\/www.estrategiaconcursos.com.br\/blog\/1a-maratona-cartorio-tjsc-neste-sabado-27-06-nao-perca\/#respond"]}],"copyrightYear":"2020","copyrightHolder":{"@id":"https:\/\/www.estrategiaconcursos.com.br\/blog\/#organization"}},{"@type":"WebPage","@id":"https:\/\/www.estrategiaconcursos.com.br\/blog\/1a-maratona-cartorio-tjsc-neste-sabado-27-06-nao-perca\/","url":"https:\/\/www.estrategiaconcursos.com.br\/blog\/1a-maratona-cartorio-tjsc-neste-sabado-27-06-nao-perca\/","name":"1\u00aa Maratona \u2013 Cart\u00f3rio TJSC: Neste s\u00e1bado, 27\/06. N\u00e3o perca!","isPartOf":{"@id":"https:\/\/www.estrategiaconcursos.com.br\/blog\/#website"},"primaryImageOfPage":{"@id":"https:\/\/www.estrategiaconcursos.com.br\/blog\/1a-maratona-cartorio-tjsc-neste-sabado-27-06-nao-perca\/#primaryimage"},"image":{"@id":"https:\/\/www.estrategiaconcursos.com.br\/blog\/1a-maratona-cartorio-tjsc-neste-sabado-27-06-nao-perca\/#primaryimage"},"thumbnailUrl":"https:\/\/dhg1h5j42swfq.cloudfront.net\/2018\/12\/14141541\/TJ-SC_CART%C3%93RIOS.jpg","datePublished":"2020-06-27T10:20:00+00:00","dateModified":"2023-05-10T13:36:24+00:00","description":"Comece agora mesmo sua maratona de estudos para o novo concurso cart\u00f3rio TJ SC que ter\u00e1 novo edital publicado muito em breve!","breadcrumb":{"@id":"https:\/\/www.estrategiaconcursos.com.br\/blog\/1a-maratona-cartorio-tjsc-neste-sabado-27-06-nao-perca\/#breadcrumb"},"inLanguage":"pt-BR","potentialAction":[{"@type":"ReadAction","target":["https:\/\/www.estrategiaconcursos.com.br\/blog\/1a-maratona-cartorio-tjsc-neste-sabado-27-06-nao-perca\/"]}]},{"@type":"ImageObject","inLanguage":"pt-BR","@id":"https:\/\/www.estrategiaconcursos.com.br\/blog\/1a-maratona-cartorio-tjsc-neste-sabado-27-06-nao-perca\/#primaryimage","url":"https:\/\/dhg1h5j42swfq.cloudfront.net\/2018\/12\/14141541\/TJ-SC_CART%C3%93RIOS.jpg","contentUrl":"https:\/\/dhg1h5j42swfq.cloudfront.net\/2018\/12\/14141541\/TJ-SC_CART%C3%93RIOS.jpg","width":1200,"height":628,"caption":"concurso cart\u00f3rios tj\/sc"},{"@type":"BreadcrumbList","@id":"https:\/\/www.estrategiaconcursos.com.br\/blog\/1a-maratona-cartorio-tjsc-neste-sabado-27-06-nao-perca\/#breadcrumb","itemListElement":[{"@type":"ListItem","position":1,"name":"In\u00edcio","item":"https:\/\/www.estrategiaconcursos.com.br\/blog\/"},{"@type":"ListItem","position":2,"name":"1\u00aa Maratona \u2013 Cart\u00f3rio TJSC: Neste s\u00e1bado, 27\/06. N\u00e3o perca!"}]},{"@type":"WebSite","@id":"https:\/\/www.estrategiaconcursos.com.br\/blog\/#website","url":"https:\/\/www.estrategiaconcursos.com.br\/blog\/","name":"Estrat\u00e9gia Concursos","description":"O blog da Estrat\u00e9gia Concursos traz not\u00edcias sobre concursos e artigos de professores oferecendo cursos para concursos (pdf + videaulas) no site.","publisher":{"@id":"https:\/\/www.estrategiaconcursos.com.br\/blog\/#organization"},"potentialAction":[{"@type":"SearchAction","target":{"@type":"EntryPoint","urlTemplate":"https:\/\/www.estrategiaconcursos.com.br\/blog\/?s={search_term_string}"},"query-input":{"@type":"PropertyValueSpecification","valueRequired":true,"valueName":"search_term_string"}}],"inLanguage":"pt-BR"},{"@type":"Organization","@id":"https:\/\/www.estrategiaconcursos.com.br\/blog\/#organization","name":"Estrat\u00e9gia Concursos","url":"https:\/\/www.estrategiaconcursos.com.br\/blog\/","logo":{"@type":"ImageObject","inLanguage":"pt-BR","@id":"https:\/\/www.estrategiaconcursos.com.br\/blog\/#\/schema\/logo\/image\/","url":"https:\/\/dhg1h5j42swfq.cloudfront.net\/2025\/06\/03203428\/logo_concursos-1.jpg","contentUrl":"https:\/\/dhg1h5j42swfq.cloudfront.net\/2025\/06\/03203428\/logo_concursos-1.jpg","width":230,"height":60,"caption":"Estrat\u00e9gia Concursos"},"image":{"@id":"https:\/\/www.estrategiaconcursos.com.br\/blog\/#\/schema\/logo\/image\/"},"sameAs":["https:\/\/x.com\/EstratConcursos"]},{"@type":"Person","@id":"https:\/\/www.estrategiaconcursos.com.br\/blog\/#\/schema\/person\/aa39cf5ddb518e5bdce27c35788405e2","name":"Ricardo Torques","image":{"@type":"ImageObject","inLanguage":"pt-BR","@id":"https:\/\/secure.gravatar.com\/avatar\/ce9ac6c3cff25fe86d15ed568ebc64d1724baf5c0693133bcb1f6073f712f92a?s=96&d=mm&r=g","url":"https:\/\/secure.gravatar.com\/avatar\/ce9ac6c3cff25fe86d15ed568ebc64d1724baf5c0693133bcb1f6073f712f92a?s=96&d=mm&r=g","contentUrl":"https:\/\/secure.gravatar.com\/avatar\/ce9ac6c3cff25fe86d15ed568ebc64d1724baf5c0693133bcb1f6073f712f92a?s=96&d=mm&r=g","caption":"Ricardo Torques"},"sameAs":["https:\/\/www.facebook.com\/ricardo.s.torques"],"url":"https:\/\/www.estrategiaconcursos.com.br\/blog\/author\/ricardotorquesestrategiaconcursos-com-br\/"}]}},"_links":{"self":[{"href":"https:\/\/www.estrategiaconcursos.com.br\/blog\/wp-json\/wp\/v2\/posts\/533162","targetHints":{"allow":["GET"]}}],"collection":[{"href":"https:\/\/www.estrategiaconcursos.com.br\/blog\/wp-json\/wp\/v2\/posts"}],"about":[{"href":"https:\/\/www.estrategiaconcursos.com.br\/blog\/wp-json\/wp\/v2\/types\/post"}],"author":[{"embeddable":true,"href":"https:\/\/www.estrategiaconcursos.com.br\/blog\/wp-json\/wp\/v2\/users\/180"}],"replies":[{"embeddable":true,"href":"https:\/\/www.estrategiaconcursos.com.br\/blog\/wp-json\/wp\/v2\/comments?post=533162"}],"version-history":[{"count":6,"href":"https:\/\/www.estrategiaconcursos.com.br\/blog\/wp-json\/wp\/v2\/posts\/533162\/revisions"}],"predecessor-version":[{"id":1213660,"href":"https:\/\/www.estrategiaconcursos.com.br\/blog\/wp-json\/wp\/v2\/posts\/533162\/revisions\/1213660"}],"wp:featuredmedia":[{"embeddable":true,"href":"https:\/\/www.estrategiaconcursos.com.br\/blog\/wp-json\/wp\/v2\/media\/155687"}],"wp:attachment":[{"href":"https:\/\/www.estrategiaconcursos.com.br\/blog\/wp-json\/wp\/v2\/media?parent=533162"}],"wp:term":[{"taxonomy":"category","embeddable":true,"href":"https:\/\/www.estrategiaconcursos.com.br\/blog\/wp-json\/wp\/v2\/categories?post=533162"},{"taxonomy":"post_tag","embeddable":true,"href":"https:\/\/www.estrategiaconcursos.com.br\/blog\/wp-json\/wp\/v2\/tags?post=533162"},{"taxonomy":"tax_estado","embeddable":true,"href":"https:\/\/www.estrategiaconcursos.com.br\/blog\/wp-json\/wp\/v2\/tax_estado?post=533162"}],"curies":[{"name":"wp","href":"https:\/\/api.w.org\/{rel}","templated":true}]}}