{"id":532661,"date":"2020-06-26T09:04:14","date_gmt":"2020-06-26T12:04:14","guid":{"rendered":"https:\/\/www.estrategiaconcursos.com.br\/blog\/?p=532661"},"modified":"2025-10-20T23:58:00","modified_gmt":"2025-10-21T02:58:00","slug":"concurso-rio-de-janeiro-suspensao-validade","status":"publish","type":"post","link":"https:\/\/www.estrategiaconcursos.com.br\/blog\/concurso-rio-de-janeiro-suspensao-validade\/","title":{"rendered":"Concurso Rio de Janeiro: SUSPENSA validade dos certames!"},"content":{"rendered":"\n<p>Foi publicada, no Di\u00e1rio Oficial, desta sexta-feira, 26 de junho, a Portaria N\u00ba 59 que suspende temporariamente o prazo de validade de concurso Rio de Janeiro <strong>realizado e ainda n\u00e3o finalizado<\/strong> no Estado. <\/p>\n\n\n\n<p>Sendo assim, a medida \u00e9 v\u00e1lida para casos referentes a processos j\u00e1 homologados e em fase de convoca\u00e7\u00e3o dos aprovados durante o per\u00edodo de isolamento social.<\/p>\n\n\n\n<p>A suspens\u00e3o dos prazos deve valer at\u00e9 o t\u00e9rmino de vig\u00eancia da situa\u00e7\u00e3o de emerg\u00eancia estabelecida para enfrentamento da emerg\u00eancia de sa\u00fade p\u00fablica de import\u00e2ncia internacional decorrente do Coronav\u00edrus.<\/p>\n\n\n\n<p>Confira abaixo a rela\u00e7\u00e3o de todos os concursos do estado (concurso Rio de Janeiro) que entram no Decreto estabelecido, referente a suspens\u00e3o tempor\u00e1ria:<\/p>\n\n\n\n<ul class=\"wp-block-list\">\n<li>Agente Educador II, regulamentado pelo <strong>Edital CVL\/SUBSC n\u00ba 81\/2019<\/strong><\/li>\n\n\n\n<li>Professor Adjunto de Educa\u00e7\u00e3o Infantil, regulamentado pelo <strong>Edital CVL\/SUBSC n\u00ba 19\/2019<\/strong><\/li>\n\n\n\n<li>Professor de Educa\u00e7\u00e3o Fundamental &#8211; Anos Iniciais, regulamentado pelo <strong>Edital CVL\/SUBSC n\u00ba 105\/2019<\/strong><\/li>\n\n\n\n<li>Professor de Educa\u00e7\u00e3o Fundamental &#8211; Anos Iniciais, regulamentado pelo <strong>Edital SMA n\u00ba 92\/2016<\/strong><\/li>\n\n\n\n<li>Professor de Educa\u00e7\u00e3o Fundamental &#8211; Artes C\u00eanicas, Artes Pl\u00e1sticas e Educa\u00e7\u00e3o Musical, regulamentado pelo <strong>Edital SMA n\u00ba 93\/2016<\/strong><\/li>\n\n\n\n<li>Professor de Educa\u00e7\u00e3o Fundamental &#8211; Ci\u00eancias, regulamentado pelo <strong>Edital CVL\/SUBSC n\u00ba 104\/2019<\/strong><\/li>\n\n\n\n<li>Professor de Educa\u00e7\u00e3o Fundamental &#8211; Educa\u00e7\u00e3o F\u00edsica, regulamentado pelo <strong>Edital SMA n\u00ba 275\/2015<\/strong><\/li>\n\n\n\n<li>Professor de Educa\u00e7\u00e3o Fundamental &#8211; Geografia, regulamentado pelo <strong>Edital SMA n\u00ba 94\/2016<\/strong><\/li>\n\n\n\n<li>Professor de Educa\u00e7\u00e3o Fundamental &#8211; Hist\u00f3ria, regulamentado pelo <strong>Edital CVL\/SUBSC n\u00ba 102\/2019<\/strong><\/li>\n\n\n\n<li>Professor de Educa\u00e7\u00e3o Fundamental &#8211; L\u00edngua Portuguesa, regulamentado pelo <strong>Edital CVL\/SUBSC n\u00ba 103\/2019<\/strong><\/li>\n\n\n\n<li>Professor de Educa\u00e7\u00e3o Fundamental &#8211; Matem\u00e1tica, regulamentado pelo<strong> Edital SMA n\u00ba 95\/2016,<\/strong><\/li>\n\n\n\n<li>Fisioterapeuta, Farmac\u00eautico, Fonoaudi\u00f3logo, Nutricionista, Psic\u00f3logo e Terapeuta Ocupacional, regulamentado pelo <strong>Edital CVL\/SUBSC n\u00ba 25\/2019<\/strong><\/li>\n\n\n\n<li>T\u00e9cnico de Enfermagem, Auxiliar de Enfermagem e Enfermeiro, regulamentado pelo <strong>Edital CVL\/SUBSC n\u00ba20\/2019<\/strong><\/li>\n\n\n\n<li>M\u00e9dico Veterin\u00e1rio, Oficial de Farm\u00e1cia, T\u00e9cnico de Laborat\u00f3rio &#8211; An\u00e1l. Cl\u00edn., T\u00e9cnico de Radiologia, Agente de Documenta\u00e7\u00e3o M\u00e9dica, Auxiliar de Laborat\u00f3rio e Auxiliar de Servi\u00e7os de Veterin\u00e1ria, regulamentado pelo <strong>Edital CVL\/SUBSC n\u00ba 123\/2019<\/strong><\/li>\n<\/ul>\n\n\n\n<p>Quer entender melhor o Decreto N\u00ba 47.117 e o que de fato ele interv\u00e9m nos concursos do Rio de Janeiro? \u00c9 f\u00e1cil, acesse o link abaixo e confira TODOS os detalhes sobre o caso.<\/p>\n\n\n\n<p class=\"has-text-align-center has-very-light-gray-background-color has-background\" style=\"font-size:clamp(14px, 0.875rem + ((1vw - 3.2px) * 0.49), 19px);px\"><strong><a rel=\"noreferrer noopener\" href=\"https:\/\/www.estrategiaconcursos.com.br\/blog\/entenda-o-decreto-47-117-que-bloqueou-quase-10-000-vagas-no-rj\/\" target=\"_blank\">Concursos RJ (Decreto N\u00ba 47.117)<\/a><\/strong><\/p>\n\n\n\n<h2 class=\"wp-block-heading\" id=\"h-concurso-rio-de-janeiro-bloqueio-de-cargos\">Concurso Rio de Janeiro: Bloqueio de cargos<\/h2>\n\n\n\n<p>Vale ressaltar que, recentemente, foi tamb\u00e9m anunciado pelo Governador Wilson Witzel, o&nbsp;Decreto N\u00ba 47.117&nbsp;que bloqueou quase 10.000 cargos vagos&nbsp;no Estado do Rio de Janeiro.<\/p>\n\n\n\n<p>No entanto, este Decreto&nbsp;em nada se refere aos Poderes (Legislativo e Judici\u00e1rio), nem mesmo ao Minist\u00e9rio P\u00fablico e ao Tribunal de Contas. Portanto, <strong>novos concursos e novas nomea\u00e7\u00f5es para \u00f3rg\u00e3os destes Poderes seguem como antes.<\/strong><\/p>\n\n\n\n<p>Agora que voc\u00ea j\u00e1 sabe que o bloqueio de cargos&nbsp;n\u00e3o interfere em novos concursos ou novas nomea\u00e7\u00f5es dos outros Poderes, separamos alguns artigos bem importantes com os principais e atualiza\u00e7\u00f5es e oportunidades do estado. Confira!! (concurso Rio de Janeiro)<\/p>\n\n\n\n<p class=\"has-text-align-center has-very-light-gray-background-color has-background\" style=\"font-size:clamp(14.642px, 0.915rem + ((1vw - 3.2px) * 0.721), 22px);px\"><strong>Saiba mais: <a rel=\"noreferrer noopener\" href=\"https:\/\/www.estrategiaconcursos.com.br\/blog\/concursos-rj-2\/\" target=\"_blank\">Concursos RJ<\/a><\/strong><\/p>\n\n\n\n<h3 class=\"wp-block-heading has-text-align-center\" id=\"h-assinatura-anual-ilimitada\"><em><strong>Assinatura Anual Ilimitada*<\/strong><\/em><\/h3>\n\n\n\n<p class=\"has-text-align-center\"><em>Prepare-se com o melhor material e com quem mais aprova em Concursos P\u00fablicos em todo o pa\u00eds. Assine agora a nossa Assinatura Anual e tenha acesso ilimitado* a todos os nossos cursos.<\/em><\/p>\n\n\n\n<p class=\"has-text-align-center has-light-green-cyan-background-color has-background\" style=\"font-size:clamp(14.642px, 0.915rem + ((1vw - 3.2px) * 0.721), 22px);px\"><strong>ASSINE AGORA&nbsp;\u2013&nbsp;<\/strong><a rel=\"noreferrer noopener\" href=\"https:\/\/www.estrategiaconcursos.com.br\/assinaturas\" target=\"_blank\"><strong>Assinatura Ilimitada<\/strong><\/a><\/p>\n\n\n\n<p class=\"has-text-align-center\" style=\"font-size:clamp(14.642px, 0.915rem + ((1vw - 3.2px) * 0.721), 22px);px\"><strong><em><strong>Sistema de Quest\u00f5es<\/strong><\/em><\/strong><\/p>\n\n\n\n<p class=\"has-text-align-center\">Estrat\u00e9gia Quest\u00f5es nasceu maior do que todos os concorrentes, com mais quest\u00f5es cadastradas e mais solu\u00e7\u00f5es por professores. Clique no link e aproveite os descontos e b\u00f4nus imperd\u00edveis!<\/p>\n\n\n\n<p class=\"has-text-align-center has-vivid-green-cyan-background-color has-background\" style=\"font-size:clamp(14.642px, 0.915rem + ((1vw - 3.2px) * 0.721), 22px);px\"><strong>ASSINE AGORA \u2013&nbsp;<a href=\"https:\/\/www.estrategiaconcursos.com.br\/cursosPorConcurso\/sistema-de-questoes\/#\/\" target=\"_blank\" rel=\"noreferrer noopener\">Sistema de Quest\u00f5es<\/a><\/strong><\/p>\n\n\n\n<p class=\"has-text-align-center has-pale-cyan-blue-background-color has-background\" style=\"font-size:clamp(14.642px, 0.915rem + ((1vw - 3.2px) * 0.721), 22px);px\"><a href=\"https:\/\/www.estrategiaconcursos.com.br\/blog\/concursos-abertos\/\" target=\"_blank\" rel=\"noreferrer noopener\"><strong>Concursos Abertos<\/strong><\/a><\/p>\n","protected":false},"excerpt":{"rendered":"<p>Foi publicada, no Di\u00e1rio Oficial, desta sexta-feira, 26 de junho, a Portaria N\u00ba 59 que suspende temporariamente o prazo de validade de concurso Rio de Janeiro realizado e ainda n\u00e3o finalizado no Estado. Sendo assim, a medida \u00e9 v\u00e1lida para casos referentes a processos j\u00e1 homologados e em fase de convoca\u00e7\u00e3o dos aprovados durante o [&hellip;]<\/p>\n","protected":false},"author":29,"featured_media":76777,"comment_status":"open","ping_status":"closed","sticky":false,"template":"","format":"standard","meta":{"post_tipo":"article","footnotes":""},"categories":[1],"tags":[],"tax_estado":[],"class_list":["post-532661","post","type-post","status-publish","format-standard","has-post-thumbnail","hentry","category-cursos-e-concursos"],"acf":[],"yoast_head":"<!-- This site is optimized with the Yoast SEO Premium plugin v27.2 (Yoast SEO v27.2) - https:\/\/yoast.com\/product\/yoast-seo-premium-wordpress\/ -->\n<title>Concurso Rio de Janeiro: SUSPENSA validade dos certames!<\/title>\n<meta name=\"description\" content=\"Concurso Rio de Janeiro: publicada Portaria que suspende temporariamente o prazo de validade dos concursos p\u00fablicos do Estado. ENTENDA!\" \/>\n<meta name=\"robots\" content=\"index, follow, max-snippet:-1, max-image-preview:large, max-video-preview:-1\" \/>\n<link rel=\"canonical\" href=\"https:\/\/www.estrategiaconcursos.com.br\/blog\/concurso-rio-de-janeiro-suspensao-validade\/\" \/>\n<meta property=\"og:locale\" content=\"pt_BR\" \/>\n<meta property=\"og:type\" content=\"article\" \/>\n<meta property=\"og:title\" content=\"Concurso Rio de Janeiro: SUSPENSA validade dos certames!\" \/>\n<meta property=\"og:description\" content=\"Concurso Rio de Janeiro: publicada Portaria que suspende temporariamente o prazo de validade dos concursos p\u00fablicos do Estado. ENTENDA!\" \/>\n<meta property=\"og:url\" content=\"https:\/\/www.estrategiaconcursos.com.br\/blog\/concurso-rio-de-janeiro-suspensao-validade\/\" \/>\n<meta property=\"og:site_name\" content=\"Estrat\u00e9gia Concursos\" \/>\n<meta property=\"article:author\" content=\"https:\/\/www.facebook.com\/profsergiomendes\" \/>\n<meta property=\"article:published_time\" content=\"2020-06-26T12:04:14+00:00\" \/>\n<meta property=\"article:modified_time\" content=\"2025-10-21T02:58:00+00:00\" \/>\n<meta property=\"og:image\" content=\"https:\/\/dhg1h5j42swfq.cloudfront.net\/2017\/06\/07135854\/CONC-RJ-e1496854747249.jpg\" \/>\n\t<meta property=\"og:image:width\" content=\"400\" \/>\n\t<meta property=\"og:image:height\" content=\"209\" \/>\n\t<meta property=\"og:image:type\" content=\"image\/jpeg\" \/>\n<meta name=\"author\" content=\"S\u00e9rgio Mendes\" \/>\n<meta name=\"twitter:card\" content=\"summary_large_image\" \/>\n<meta name=\"twitter:creator\" content=\"@EstratConcursos\" \/>\n<meta name=\"twitter:site\" content=\"@EstratConcursos\" \/>\n<meta name=\"twitter:label1\" content=\"Escrito por\" \/>\n\t<meta name=\"twitter:data1\" content=\"S\u00e9rgio Mendes\" \/>\n\t<meta name=\"twitter:label2\" content=\"Est. tempo de leitura\" \/>\n\t<meta name=\"twitter:data2\" content=\"3 minutos\" \/>\n<script type=\"application\/ld+json\" class=\"yoast-schema-graph\">{\"@context\":\"https:\/\/schema.org\",\"@graph\":[{\"@type\":\"NewsArticle\",\"@id\":\"https:\/\/www.estrategiaconcursos.com.br\/blog\/concurso-rio-de-janeiro-suspensao-validade\/#article\",\"isPartOf\":{\"@id\":\"https:\/\/www.estrategiaconcursos.com.br\/blog\/concurso-rio-de-janeiro-suspensao-validade\/\"},\"author\":{\"name\":\"S\u00e9rgio Mendes\",\"@id\":\"https:\/\/www.estrategiaconcursos.com.br\/blog\/#\/schema\/person\/4ddc4a162b4fdffa2ea9956dbf62f583\"},\"headline\":\"Concurso Rio de Janeiro: SUSPENSA validade dos certames!\",\"datePublished\":\"2020-06-26T12:04:14+00:00\",\"dateModified\":\"2025-10-21T02:58:00+00:00\",\"mainEntityOfPage\":{\"@id\":\"https:\/\/www.estrategiaconcursos.com.br\/blog\/concurso-rio-de-janeiro-suspensao-validade\/\"},\"wordCount\":618,\"commentCount\":0,\"publisher\":{\"@id\":\"https:\/\/www.estrategiaconcursos.com.br\/blog\/#organization\"},\"image\":{\"@id\":\"https:\/\/www.estrategiaconcursos.com.br\/blog\/concurso-rio-de-janeiro-suspensao-validade\/#primaryimage\"},\"thumbnailUrl\":\"https:\/\/dhg1h5j42swfq.cloudfront.net\/2017\/06\/07135854\/CONC-RJ-e1496854747249.jpg\",\"articleSection\":[\"Concursos P\u00fablicos\"],\"inLanguage\":\"pt-BR\",\"potentialAction\":[{\"@type\":\"CommentAction\",\"name\":\"Comment\",\"target\":[\"https:\/\/www.estrategiaconcursos.com.br\/blog\/concurso-rio-de-janeiro-suspensao-validade\/#respond\"]}],\"copyrightYear\":\"2020\",\"copyrightHolder\":{\"@id\":\"https:\/\/www.estrategiaconcursos.com.br\/blog\/#organization\"}},{\"@type\":\"WebPage\",\"@id\":\"https:\/\/www.estrategiaconcursos.com.br\/blog\/concurso-rio-de-janeiro-suspensao-validade\/\",\"url\":\"https:\/\/www.estrategiaconcursos.com.br\/blog\/concurso-rio-de-janeiro-suspensao-validade\/\",\"name\":\"Concurso Rio de Janeiro: SUSPENSA validade dos certames!\",\"isPartOf\":{\"@id\":\"https:\/\/www.estrategiaconcursos.com.br\/blog\/#website\"},\"primaryImageOfPage\":{\"@id\":\"https:\/\/www.estrategiaconcursos.com.br\/blog\/concurso-rio-de-janeiro-suspensao-validade\/#primaryimage\"},\"image\":{\"@id\":\"https:\/\/www.estrategiaconcursos.com.br\/blog\/concurso-rio-de-janeiro-suspensao-validade\/#primaryimage\"},\"thumbnailUrl\":\"https:\/\/dhg1h5j42swfq.cloudfront.net\/2017\/06\/07135854\/CONC-RJ-e1496854747249.jpg\",\"datePublished\":\"2020-06-26T12:04:14+00:00\",\"dateModified\":\"2025-10-21T02:58:00+00:00\",\"description\":\"Concurso Rio de Janeiro: publicada Portaria que suspende temporariamente o prazo de validade dos concursos p\u00fablicos do Estado. ENTENDA!\",\"breadcrumb\":{\"@id\":\"https:\/\/www.estrategiaconcursos.com.br\/blog\/concurso-rio-de-janeiro-suspensao-validade\/#breadcrumb\"},\"inLanguage\":\"pt-BR\",\"potentialAction\":[{\"@type\":\"ReadAction\",\"target\":[\"https:\/\/www.estrategiaconcursos.com.br\/blog\/concurso-rio-de-janeiro-suspensao-validade\/\"]}]},{\"@type\":\"ImageObject\",\"inLanguage\":\"pt-BR\",\"@id\":\"https:\/\/www.estrategiaconcursos.com.br\/blog\/concurso-rio-de-janeiro-suspensao-validade\/#primaryimage\",\"url\":\"https:\/\/dhg1h5j42swfq.cloudfront.net\/2017\/06\/07135854\/CONC-RJ-e1496854747249.jpg\",\"contentUrl\":\"https:\/\/dhg1h5j42swfq.cloudfront.net\/2017\/06\/07135854\/CONC-RJ-e1496854747249.jpg\",\"width\":400,\"height\":209,\"caption\":\"SMS RJ\"},{\"@type\":\"BreadcrumbList\",\"@id\":\"https:\/\/www.estrategiaconcursos.com.br\/blog\/concurso-rio-de-janeiro-suspensao-validade\/#breadcrumb\",\"itemListElement\":[{\"@type\":\"ListItem\",\"position\":1,\"name\":\"In\u00edcio\",\"item\":\"https:\/\/www.estrategiaconcursos.com.br\/blog\/\"},{\"@type\":\"ListItem\",\"position\":2,\"name\":\"Concurso Rio de Janeiro: SUSPENSA validade dos certames!\"}]},{\"@type\":\"WebSite\",\"@id\":\"https:\/\/www.estrategiaconcursos.com.br\/blog\/#website\",\"url\":\"https:\/\/www.estrategiaconcursos.com.br\/blog\/\",\"name\":\"Estrat\u00e9gia Concursos\",\"description\":\"O blog da Estrat\u00e9gia Concursos traz not\u00edcias sobre concursos e artigos de professores oferecendo cursos para concursos (pdf + videaulas) no site.\",\"publisher\":{\"@id\":\"https:\/\/www.estrategiaconcursos.com.br\/blog\/#organization\"},\"potentialAction\":[{\"@type\":\"SearchAction\",\"target\":{\"@type\":\"EntryPoint\",\"urlTemplate\":\"https:\/\/www.estrategiaconcursos.com.br\/blog\/?s={search_term_string}\"},\"query-input\":{\"@type\":\"PropertyValueSpecification\",\"valueRequired\":true,\"valueName\":\"search_term_string\"}}],\"inLanguage\":\"pt-BR\"},{\"@type\":\"Organization\",\"@id\":\"https:\/\/www.estrategiaconcursos.com.br\/blog\/#organization\",\"name\":\"Estrat\u00e9gia Concursos\",\"url\":\"https:\/\/www.estrategiaconcursos.com.br\/blog\/\",\"logo\":{\"@type\":\"ImageObject\",\"inLanguage\":\"pt-BR\",\"@id\":\"https:\/\/www.estrategiaconcursos.com.br\/blog\/#\/schema\/logo\/image\/\",\"url\":\"https:\/\/dhg1h5j42swfq.cloudfront.net\/2025\/06\/03203428\/logo_concursos-1.jpg\",\"contentUrl\":\"https:\/\/dhg1h5j42swfq.cloudfront.net\/2025\/06\/03203428\/logo_concursos-1.jpg\",\"width\":230,\"height\":60,\"caption\":\"Estrat\u00e9gia Concursos\"},\"image\":{\"@id\":\"https:\/\/www.estrategiaconcursos.com.br\/blog\/#\/schema\/logo\/image\/\"},\"sameAs\":[\"https:\/\/x.com\/EstratConcursos\"]},{\"@type\":\"Person\",\"@id\":\"https:\/\/www.estrategiaconcursos.com.br\/blog\/#\/schema\/person\/4ddc4a162b4fdffa2ea9956dbf62f583\",\"name\":\"S\u00e9rgio Mendes\",\"image\":{\"@type\":\"ImageObject\",\"inLanguage\":\"pt-BR\",\"@id\":\"https:\/\/secure.gravatar.com\/avatar\/4eb4b562c33f40d6f7f76579da7e07350c69579df7db305d32a69ed32ecfd5ce?s=96&d=mm&r=g\",\"url\":\"https:\/\/secure.gravatar.com\/avatar\/4eb4b562c33f40d6f7f76579da7e07350c69579df7db305d32a69ed32ecfd5ce?s=96&d=mm&r=g\",\"contentUrl\":\"https:\/\/secure.gravatar.com\/avatar\/4eb4b562c33f40d6f7f76579da7e07350c69579df7db305d32a69ed32ecfd5ce?s=96&d=mm&r=g\",\"caption\":\"S\u00e9rgio Mendes\"},\"sameAs\":[\"https:\/\/www.facebook.com\/profsergiomendes\"],\"url\":\"https:\/\/www.estrategiaconcursos.com.br\/blog\/author\/sergiomendesestrategiaconcursos-com-br\/\"}]}<\/script>\n<!-- \/ Yoast SEO Premium plugin. -->","yoast_head_json":{"title":"Concurso Rio de Janeiro: SUSPENSA validade dos certames!","description":"Concurso Rio de Janeiro: publicada Portaria que suspende temporariamente o prazo de validade dos concursos p\u00fablicos do Estado. ENTENDA!","robots":{"index":"index","follow":"follow","max-snippet":"max-snippet:-1","max-image-preview":"max-image-preview:large","max-video-preview":"max-video-preview:-1"},"canonical":"https:\/\/www.estrategiaconcursos.com.br\/blog\/concurso-rio-de-janeiro-suspensao-validade\/","og_locale":"pt_BR","og_type":"article","og_title":"Concurso Rio de Janeiro: SUSPENSA validade dos certames!","og_description":"Concurso Rio de Janeiro: publicada Portaria que suspende temporariamente o prazo de validade dos concursos p\u00fablicos do Estado. ENTENDA!","og_url":"https:\/\/www.estrategiaconcursos.com.br\/blog\/concurso-rio-de-janeiro-suspensao-validade\/","og_site_name":"Estrat\u00e9gia Concursos","article_author":"https:\/\/www.facebook.com\/profsergiomendes","article_published_time":"2020-06-26T12:04:14+00:00","article_modified_time":"2025-10-21T02:58:00+00:00","og_image":[{"width":400,"height":209,"url":"https:\/\/dhg1h5j42swfq.cloudfront.net\/2017\/06\/07135854\/CONC-RJ-e1496854747249.jpg","type":"image\/jpeg"}],"author":"S\u00e9rgio Mendes","twitter_card":"summary_large_image","twitter_creator":"@EstratConcursos","twitter_site":"@EstratConcursos","twitter_misc":{"Escrito por":"S\u00e9rgio Mendes","Est. tempo de leitura":"3 minutos"},"schema":{"@context":"https:\/\/schema.org","@graph":[{"@type":"NewsArticle","@id":"https:\/\/www.estrategiaconcursos.com.br\/blog\/concurso-rio-de-janeiro-suspensao-validade\/#article","isPartOf":{"@id":"https:\/\/www.estrategiaconcursos.com.br\/blog\/concurso-rio-de-janeiro-suspensao-validade\/"},"author":{"name":"S\u00e9rgio Mendes","@id":"https:\/\/www.estrategiaconcursos.com.br\/blog\/#\/schema\/person\/4ddc4a162b4fdffa2ea9956dbf62f583"},"headline":"Concurso Rio de Janeiro: SUSPENSA validade dos certames!","datePublished":"2020-06-26T12:04:14+00:00","dateModified":"2025-10-21T02:58:00+00:00","mainEntityOfPage":{"@id":"https:\/\/www.estrategiaconcursos.com.br\/blog\/concurso-rio-de-janeiro-suspensao-validade\/"},"wordCount":618,"commentCount":0,"publisher":{"@id":"https:\/\/www.estrategiaconcursos.com.br\/blog\/#organization"},"image":{"@id":"https:\/\/www.estrategiaconcursos.com.br\/blog\/concurso-rio-de-janeiro-suspensao-validade\/#primaryimage"},"thumbnailUrl":"https:\/\/dhg1h5j42swfq.cloudfront.net\/2017\/06\/07135854\/CONC-RJ-e1496854747249.jpg","articleSection":["Concursos P\u00fablicos"],"inLanguage":"pt-BR","potentialAction":[{"@type":"CommentAction","name":"Comment","target":["https:\/\/www.estrategiaconcursos.com.br\/blog\/concurso-rio-de-janeiro-suspensao-validade\/#respond"]}],"copyrightYear":"2020","copyrightHolder":{"@id":"https:\/\/www.estrategiaconcursos.com.br\/blog\/#organization"}},{"@type":"WebPage","@id":"https:\/\/www.estrategiaconcursos.com.br\/blog\/concurso-rio-de-janeiro-suspensao-validade\/","url":"https:\/\/www.estrategiaconcursos.com.br\/blog\/concurso-rio-de-janeiro-suspensao-validade\/","name":"Concurso Rio de Janeiro: SUSPENSA validade dos certames!","isPartOf":{"@id":"https:\/\/www.estrategiaconcursos.com.br\/blog\/#website"},"primaryImageOfPage":{"@id":"https:\/\/www.estrategiaconcursos.com.br\/blog\/concurso-rio-de-janeiro-suspensao-validade\/#primaryimage"},"image":{"@id":"https:\/\/www.estrategiaconcursos.com.br\/blog\/concurso-rio-de-janeiro-suspensao-validade\/#primaryimage"},"thumbnailUrl":"https:\/\/dhg1h5j42swfq.cloudfront.net\/2017\/06\/07135854\/CONC-RJ-e1496854747249.jpg","datePublished":"2020-06-26T12:04:14+00:00","dateModified":"2025-10-21T02:58:00+00:00","description":"Concurso Rio de Janeiro: publicada Portaria que suspende temporariamente o prazo de validade dos concursos p\u00fablicos do Estado. ENTENDA!","breadcrumb":{"@id":"https:\/\/www.estrategiaconcursos.com.br\/blog\/concurso-rio-de-janeiro-suspensao-validade\/#breadcrumb"},"inLanguage":"pt-BR","potentialAction":[{"@type":"ReadAction","target":["https:\/\/www.estrategiaconcursos.com.br\/blog\/concurso-rio-de-janeiro-suspensao-validade\/"]}]},{"@type":"ImageObject","inLanguage":"pt-BR","@id":"https:\/\/www.estrategiaconcursos.com.br\/blog\/concurso-rio-de-janeiro-suspensao-validade\/#primaryimage","url":"https:\/\/dhg1h5j42swfq.cloudfront.net\/2017\/06\/07135854\/CONC-RJ-e1496854747249.jpg","contentUrl":"https:\/\/dhg1h5j42swfq.cloudfront.net\/2017\/06\/07135854\/CONC-RJ-e1496854747249.jpg","width":400,"height":209,"caption":"SMS RJ"},{"@type":"BreadcrumbList","@id":"https:\/\/www.estrategiaconcursos.com.br\/blog\/concurso-rio-de-janeiro-suspensao-validade\/#breadcrumb","itemListElement":[{"@type":"ListItem","position":1,"name":"In\u00edcio","item":"https:\/\/www.estrategiaconcursos.com.br\/blog\/"},{"@type":"ListItem","position":2,"name":"Concurso Rio de Janeiro: SUSPENSA validade dos certames!"}]},{"@type":"WebSite","@id":"https:\/\/www.estrategiaconcursos.com.br\/blog\/#website","url":"https:\/\/www.estrategiaconcursos.com.br\/blog\/","name":"Estrat\u00e9gia Concursos","description":"O blog da Estrat\u00e9gia Concursos traz not\u00edcias sobre concursos e artigos de professores oferecendo cursos para concursos (pdf + videaulas) no site.","publisher":{"@id":"https:\/\/www.estrategiaconcursos.com.br\/blog\/#organization"},"potentialAction":[{"@type":"SearchAction","target":{"@type":"EntryPoint","urlTemplate":"https:\/\/www.estrategiaconcursos.com.br\/blog\/?s={search_term_string}"},"query-input":{"@type":"PropertyValueSpecification","valueRequired":true,"valueName":"search_term_string"}}],"inLanguage":"pt-BR"},{"@type":"Organization","@id":"https:\/\/www.estrategiaconcursos.com.br\/blog\/#organization","name":"Estrat\u00e9gia Concursos","url":"https:\/\/www.estrategiaconcursos.com.br\/blog\/","logo":{"@type":"ImageObject","inLanguage":"pt-BR","@id":"https:\/\/www.estrategiaconcursos.com.br\/blog\/#\/schema\/logo\/image\/","url":"https:\/\/dhg1h5j42swfq.cloudfront.net\/2025\/06\/03203428\/logo_concursos-1.jpg","contentUrl":"https:\/\/dhg1h5j42swfq.cloudfront.net\/2025\/06\/03203428\/logo_concursos-1.jpg","width":230,"height":60,"caption":"Estrat\u00e9gia Concursos"},"image":{"@id":"https:\/\/www.estrategiaconcursos.com.br\/blog\/#\/schema\/logo\/image\/"},"sameAs":["https:\/\/x.com\/EstratConcursos"]},{"@type":"Person","@id":"https:\/\/www.estrategiaconcursos.com.br\/blog\/#\/schema\/person\/4ddc4a162b4fdffa2ea9956dbf62f583","name":"S\u00e9rgio Mendes","image":{"@type":"ImageObject","inLanguage":"pt-BR","@id":"https:\/\/secure.gravatar.com\/avatar\/4eb4b562c33f40d6f7f76579da7e07350c69579df7db305d32a69ed32ecfd5ce?s=96&d=mm&r=g","url":"https:\/\/secure.gravatar.com\/avatar\/4eb4b562c33f40d6f7f76579da7e07350c69579df7db305d32a69ed32ecfd5ce?s=96&d=mm&r=g","contentUrl":"https:\/\/secure.gravatar.com\/avatar\/4eb4b562c33f40d6f7f76579da7e07350c69579df7db305d32a69ed32ecfd5ce?s=96&d=mm&r=g","caption":"S\u00e9rgio Mendes"},"sameAs":["https:\/\/www.facebook.com\/profsergiomendes"],"url":"https:\/\/www.estrategiaconcursos.com.br\/blog\/author\/sergiomendesestrategiaconcursos-com-br\/"}]}},"_links":{"self":[{"href":"https:\/\/www.estrategiaconcursos.com.br\/blog\/wp-json\/wp\/v2\/posts\/532661","targetHints":{"allow":["GET"]}}],"collection":[{"href":"https:\/\/www.estrategiaconcursos.com.br\/blog\/wp-json\/wp\/v2\/posts"}],"about":[{"href":"https:\/\/www.estrategiaconcursos.com.br\/blog\/wp-json\/wp\/v2\/types\/post"}],"author":[{"embeddable":true,"href":"https:\/\/www.estrategiaconcursos.com.br\/blog\/wp-json\/wp\/v2\/users\/29"}],"replies":[{"embeddable":true,"href":"https:\/\/www.estrategiaconcursos.com.br\/blog\/wp-json\/wp\/v2\/comments?post=532661"}],"version-history":[{"count":7,"href":"https:\/\/www.estrategiaconcursos.com.br\/blog\/wp-json\/wp\/v2\/posts\/532661\/revisions"}],"predecessor-version":[{"id":1235468,"href":"https:\/\/www.estrategiaconcursos.com.br\/blog\/wp-json\/wp\/v2\/posts\/532661\/revisions\/1235468"}],"wp:featuredmedia":[{"embeddable":true,"href":"https:\/\/www.estrategiaconcursos.com.br\/blog\/wp-json\/wp\/v2\/media\/76777"}],"wp:attachment":[{"href":"https:\/\/www.estrategiaconcursos.com.br\/blog\/wp-json\/wp\/v2\/media?parent=532661"}],"wp:term":[{"taxonomy":"category","embeddable":true,"href":"https:\/\/www.estrategiaconcursos.com.br\/blog\/wp-json\/wp\/v2\/categories?post=532661"},{"taxonomy":"post_tag","embeddable":true,"href":"https:\/\/www.estrategiaconcursos.com.br\/blog\/wp-json\/wp\/v2\/tags?post=532661"},{"taxonomy":"tax_estado","embeddable":true,"href":"https:\/\/www.estrategiaconcursos.com.br\/blog\/wp-json\/wp\/v2\/tax_estado?post=532661"}],"curies":[{"name":"wp","href":"https:\/\/api.w.org\/{rel}","templated":true}]}}