{"id":531421,"date":"2020-06-24T12:20:44","date_gmt":"2020-06-24T15:20:44","guid":{"rendered":"https:\/\/www.estrategiaconcursos.com.br\/blog\/?p=531421"},"modified":"2020-06-25T18:46:53","modified_gmt":"2020-06-25T21:46:53","slug":"ufrj-ifpe-ufcg-uern-suspendem-certames","status":"publish","type":"post","link":"https:\/\/www.estrategiaconcursos.com.br\/blog\/ufrj-ifpe-ufcg-uern-suspendem-certames\/","title":{"rendered":"UFRJ, IFPE; UFCG e UERN suspendem a validade de certames!"},"content":{"rendered":"\n<p>Depois de v\u00e1rias universidades e institutos de educa\u00e7\u00e3o suspenderem a validade de seus concursos realizados, em raz\u00e3o da publica\u00e7\u00e3o das determina\u00e7\u00f5es da Lei Complementar 173 de 27 de maio de 2020, que estabeleceu o Programa Federativo de Enfrentamento ao Coronav\u00edrus, mais quatro institui\u00e7\u00f5es p\u00fablicas tamb\u00e9m tomaram esta decis\u00e3o. <\/p>\n\n\n\n<p>S\u00e3o elas: a Universidade Federal do Rio de Janeiro (UFRJ), o Instituto Federal de Educa\u00e7\u00e3o, Ci\u00eancia e Tecnologia de Pernambuco (IFPE), a Universidade Federal de Campina Grande (UFCG) e a Universidade do Estado do Rio Grande do Norte. <\/p>\n\n\n\n<p>Neste artigo voc\u00ea acompanha os concursos, editais e datas envolvidos em cada uma das institui\u00e7\u00f5es p\u00fablicas de ensino. <\/p>\n\n\n\n<h2 class=\"wp-block-heading\">Universidade Federal do Rio de Janeiro <\/h2>\n\n\n\n<p>Por meio do Edital n\u00b0 25, publicado em 18 de junho de 2020, o reitor da Universidade Federal do Rio de Janeiro (UFRJ) suspendeu o prazo de validade do concurso p\u00fablico para provimento de <strong>cargos t\u00e9cnico-administrativos em educa\u00e7\u00e3o<\/strong>, com <strong><a href=\"http:\/\/www.cesgranrio.org.br\/pdf\/unirio0119\/unirio0119_edital.pdf\" target=\"_blank\" rel=\"noreferrer noopener\">Edital n.\u00ba 42 de 03 de julho de 2019<\/a><\/strong>, publicado no D.O.U de 04\/07\/2019 e homologado no Edital n.\u00ba 09 de 20 de fevereiro de 2020. <\/p>\n\n\n\n<p>Conforme previsto no artigo 10, \u00a72.\u00ba da LC 173\/20, os prazos suspensos voltam a correr a partir do t\u00e9rmino da calamidade p\u00fablica. <\/p>\n\n\n\n<div class=\"wp-block-image\"><figure class=\"aligncenter size-large is-resized\"><img loading=\"lazy\" decoding=\"async\" src=\"https:\/\/dhg1h5j42swfq.cloudfront.net\/2020\/06\/24120211\/image-343.png\" alt=\"\" class=\"wp-image-531456\" width=\"502\" height=\"208\" srcset=\"https:\/\/dhg1h5j42swfq.cloudfront.net\/2020\/06\/24120211\/image-343.png 876w, https:\/\/dhg1h5j42swfq.cloudfront.net\/2020\/06\/24120211\/image-343-300x125.png 300w, https:\/\/dhg1h5j42swfq.cloudfront.net\/2020\/06\/24120211\/image-343-768x319.png 768w, https:\/\/dhg1h5j42swfq.cloudfront.net\/2020\/06\/24120211\/image-343-610x253.png 610w\" sizes=\"auto, (max-width: 502px) 100vw, 502px\" \/><\/figure><\/div>\n\n\n\n<h2 class=\"wp-block-heading\">Instituto Federal de Educa\u00e7\u00e3o, Ci\u00eancia e Tecnologia de Pernambuco<\/h2>\n\n\n\n<p>Por meio da Portaria n.\u00ba 662 de 22 de junho de 2020, o reitor do Instituto Federal de Educa\u00e7\u00e3o, Ci\u00eancia e Tecnologia de Pernambuco suspendeu o prazo de validade de <strong>todos os concursos p\u00fablicos j\u00e1 homologados<\/strong> a contar de 20 de mar\u00e7o de 2020, data de publica\u00e7\u00e3o do Decreto Legislativo 6\/2020, que declarou estado de calamidade p\u00fablica no pa\u00eds, at\u00e9 o t\u00e9rmino deste estado. <\/p>\n\n\n\n<div class=\"wp-block-image\"><figure class=\"aligncenter size-large is-resized\"><img loading=\"lazy\" decoding=\"async\" src=\"https:\/\/dhg1h5j42swfq.cloudfront.net\/2020\/06\/24120547\/image-1-3.png\" alt=\"\" class=\"wp-image-531459\" width=\"518\" height=\"306\" srcset=\"https:\/\/dhg1h5j42swfq.cloudfront.net\/2020\/06\/24120547\/image-1-3.png 582w, https:\/\/dhg1h5j42swfq.cloudfront.net\/2020\/06\/24120547\/image-1-3-300x178.png 300w\" sizes=\"auto, (max-width: 518px) 100vw, 518px\" \/><\/figure><\/div>\n\n\n\n<h2 class=\"wp-block-heading\">Universidade Federal de Campina Grande<\/h2>\n\n\n\n<p>O reitor da Universidade de Campina Grande suspendeu os prazos de validade do concursos p\u00fablico com edital e datas abaixo discriminados, para o provimento de <strong>cargos t\u00e9cnico-administrativos nas classes C, D e E, <\/strong>at\u00e9 o t\u00e9rmino da vig\u00eancia do estado de calamidade p\u00fablica estabelecido pela Uni\u00e3o. <\/p>\n\n\n\n<p> <\/p>\n\n\n\n<figure class=\"wp-block-table is-style-stripes\"><table class=\"has-subtle-pale-blue-background-color has-fixed-layout has-background\"><tbody><tr><td><strong>Edital<\/strong><\/td><td><strong>Publica\u00e7\u00e3o<\/strong><\/td><td><strong>Homologa\u00e7\u00e3o  <\/strong><\/td><\/tr><tr><td><a href=\"http:\/\/www.in.gov.br\/web\/dou\/-\/edital-n-1-de-27-de-maio-de-2019-145593468\" target=\"_blank\" rel=\"noreferrer noopener\">Edital Reitoria\/SRH n.\u00ba 01 de 27\/05\/2019<\/a><\/td><td>30\/05\/2019<\/td><td>Edital n.\u00ba 14, de 02\/12\/2019, retificado em 04\/12\/2019<\/td><\/tr><\/tbody><\/table><\/figure>\n\n\n\n<h2 class=\"wp-block-heading\">Universidade do Estado do Rio Grande do Norte<\/h2>\n\n\n\n<p>O Presidente da Funda\u00e7\u00e3o Universidade do Estado do Rio Grande do Norte <strong>suspendeu o prazo de validade <\/strong>dos Concursos P\u00fablicos regidos pelos <strong>Editais <a rel=\"noreferrer noopener\" href=\"http:\/\/www.idecan.org.br\/concursos\/253\/10_30062016104208.pdf\" target=\"_blank\">n.\u00ba 01\/2016<\/a> e <a rel=\"noreferrer noopener\" href=\"http:\/\/www.uern.br\/controledepaginas\/prorhae-form-doc-leg\/arquivos\/0477edital_02.2016_tns_e_tnm.pdf\" target=\"_blank\">n.\u00ba 02\/2016-Fuern<\/a>, de 08 de junho de 2016<\/strong>, para o provimento de <strong>cargos de Agente T\u00e9cnico Administrativo e T\u00e9cnico de N\u00edvel Superior, e de Professor do Ensino Superior<\/strong>, respectivamente.<\/p>\n\n\n\n<p>A suspens\u00e3o se dar\u00e1 a partir da data de publica\u00e7\u00e3o e at\u00e9 o t\u00e9rmino da vig\u00eancia do Decreto Estadual n.\u00ba 29.534 de 19 de mar\u00e7o de 2020, que decretou estado de calamidade p\u00fablica no estado. O per\u00edodo de suspens\u00e3o, por\u00e9m, n\u00e3o impede a convoca\u00e7\u00e3o dos candidatos aprovados nos certames. <\/p>\n\n\n\n<div class=\"wp-block-image\"><figure class=\"aligncenter size-large is-resized\"><img loading=\"lazy\" decoding=\"async\" src=\"https:\/\/dhg1h5j42swfq.cloudfront.net\/2020\/06\/24121426\/image-3-2.png\" alt=\"\" class=\"wp-image-531467\" width=\"535\" height=\"344\" srcset=\"https:\/\/dhg1h5j42swfq.cloudfront.net\/2020\/06\/24121426\/image-3-2.png 962w, https:\/\/dhg1h5j42swfq.cloudfront.net\/2020\/06\/24121426\/image-3-2-300x193.png 300w, https:\/\/dhg1h5j42swfq.cloudfront.net\/2020\/06\/24121426\/image-3-2-768x495.png 768w, https:\/\/dhg1h5j42swfq.cloudfront.net\/2020\/06\/24121426\/image-3-2-610x393.png 610w\" sizes=\"auto, (max-width: 535px) 100vw, 535px\" \/><\/figure><\/div>\n\n\n\n<p class=\"has-text-align-center has-medium-font-size\"><strong><em><strong>Sistema de Quest\u00f5es<\/strong><\/em><\/strong><\/p>\n\n\n\n<p class=\"has-text-align-center\">Estrat\u00e9gia Quest\u00f5es nasceu maior do que todos os concorrentes, com mais quest\u00f5es cadastradas e mais solu\u00e7\u00f5es por professores. Clique no link e aproveite os descontos e b\u00f4nus imperd\u00edveis!<\/p>\n\n\n\n<p style=\"font-size:22px\" class=\"has-text-color has-background has-text-align-center has-very-dark-gray-color has-vivid-green-cyan-background-color\"><strong>ASSINE AGORA &#8211; <a href=\"https:\/\/www.estrategiaconcursos.com.br\/cursosPorConcurso\/sistema-de-questoes\/#\/\" target=\"_blank\" rel=\"noreferrer noopener\">Sistema de Quest\u00f5es<\/a><\/strong><\/p>\n\n\n\n<p>Gostou desta not\u00edcia e deseja come\u00e7ar se preparar agora mesmo? Ent\u00e3o, confira os nossos cursos e comece a estudar para Universidades e Institutos Federais:<\/p>\n\n\n\n<p style=\"font-size:25px\" class=\"has-background has-text-align-center has-luminous-vivid-amber-background-color\"><strong><em><a aria-label=\"CURSO UFPE (abre numa nova aba)\" rel=\"noreferrer noopener\" href=\"https:\/\/www.estrategiaconcursos.com.br\/cursosPorConcurso\/ufpe-universidade-federal-de-pernambuco\/\" target=\"_blank\">CURSOS CONCURSOS<\/a><\/em><\/strong><\/p>\n\n\n\n<p class=\"has-text-align-center\"><em><strong>Assinatura Anual Ilimitada*<\/strong><\/em><\/p>\n\n\n\n<p class=\"has-text-align-center\"><em>Prepare-se com o melhor material e com quem mais aprova em Concursos P\u00fablicos em todo o pa\u00eds. Assine agora a nossa Assinatura Anual e tenha acesso ilimitado* a todos os nossos cursos.<\/em><\/p>\n\n\n\n<p style=\"font-size:22px\" class=\"has-background has-text-align-center has-light-green-cyan-background-color\"><strong>ASSINE AGORA<\/strong>&nbsp;\u2013&nbsp;<a href=\"https:\/\/www.estrategiaconcursos.com.br\/assinaturas\" target=\"_blank\" rel=\"noreferrer noopener\"><strong>Assinatura Ilimitada<\/strong><\/a><\/p>\n\n\n\n<p style=\"font-size:22px\" class=\"has-background has-text-align-center has-pale-cyan-blue-background-color\"><a href=\"https:\/\/www.estrategiaconcursos.com.br\/blog\/concursos-abertos\/\" target=\"_blank\" rel=\"noreferrer noopener\"><strong>CONCURSOS ABERTOS<\/strong><\/a><\/p>\n\n\n\n<p style=\"font-size:22px\" class=\"has-background has-text-align-center has-pale-cyan-blue-background-color\"><a rel=\"noreferrer noopener\" href=\"https:\/\/www.estrategiaconcursos.com.br\/blog\/concursos-2020\/\" target=\"_blank\"><strong>CONCURSOS&nbsp;2020<\/strong><\/a><\/p>\n\n\n\n<p style=\"font-size:22px\" class=\"has-background has-text-align-center has-pale-cyan-blue-background-color\"><strong><a href=\"https:\/\/www.estrategiaconcursos.com.br\/blog\/concursos-2021\/\" target=\"_blank\" rel=\"noreferrer noopener\">Concursos 2021<\/a><\/strong><\/p>\n","protected":false},"excerpt":{"rendered":"<p>Depois de v\u00e1rias universidades e institutos de educa\u00e7\u00e3o suspenderem a validade de seus concursos realizados, em raz\u00e3o da publica\u00e7\u00e3o das determina\u00e7\u00f5es da Lei Complementar 173 de 27 de maio de 2020, que estabeleceu o Programa Federativo de Enfrentamento ao Coronav\u00edrus, mais quatro institui\u00e7\u00f5es p\u00fablicas tamb\u00e9m tomaram esta decis\u00e3o. S\u00e3o elas: a Universidade Federal do Rio [&hellip;]<\/p>\n","protected":false},"author":214,"featured_media":531483,"comment_status":"open","ping_status":"closed","sticky":false,"template":"","format":"standard","meta":{"post_tipo":"article","footnotes":""},"categories":[1],"tags":[],"tax_estado":[],"class_list":["post-531421","post","type-post","status-publish","format-standard","has-post-thumbnail","hentry","category-cursos-e-concursos"],"acf":[],"yoast_head":"<!-- This site is optimized with the Yoast SEO Premium plugin v27.2 (Yoast SEO v27.2) - https:\/\/yoast.com\/product\/yoast-seo-premium-wordpress\/ -->\n<title>UFRJ, IFPE; UFCG e UERN suspendem a validade de certames!<\/title>\n<meta name=\"description\" content=\"Mais quatro institui\u00e7\u00f5es de educa\u00e7\u00e3o suspenderam a validade dos seus concursos j\u00e1 homologados em raz\u00e3o do estado de calamidade p\u00fablica declarado no pa\u00eds.\" \/>\n<meta name=\"robots\" content=\"index, follow, max-snippet:-1, max-image-preview:large, max-video-preview:-1\" \/>\n<link rel=\"canonical\" href=\"https:\/\/www.estrategiaconcursos.com.br\/blog\/ufrj-ifpe-ufcg-uern-suspendem-certames\/\" \/>\n<meta property=\"og:locale\" content=\"pt_BR\" \/>\n<meta property=\"og:type\" content=\"article\" \/>\n<meta property=\"og:title\" content=\"UFRJ, IFPE; UFCG e UERN suspendem a validade de certames!\" \/>\n<meta property=\"og:description\" content=\"Mais quatro institui\u00e7\u00f5es de educa\u00e7\u00e3o suspenderam a validade dos seus concursos j\u00e1 homologados em raz\u00e3o do estado de calamidade p\u00fablica declarado no pa\u00eds.\" \/>\n<meta property=\"og:url\" content=\"https:\/\/www.estrategiaconcursos.com.br\/blog\/ufrj-ifpe-ufcg-uern-suspendem-certames\/\" \/>\n<meta property=\"og:site_name\" content=\"Estrat\u00e9gia Concursos\" \/>\n<meta property=\"article:published_time\" content=\"2020-06-24T15:20:44+00:00\" \/>\n<meta property=\"article:modified_time\" content=\"2020-06-25T21:46:53+00:00\" \/>\n<meta property=\"og:image\" content=\"https:\/\/dhg1h5j42swfq.cloudfront.net\/2020\/06\/24122148\/destaque-home.jpg\" \/>\n\t<meta property=\"og:image:width\" content=\"1024\" \/>\n\t<meta property=\"og:image:height\" content=\"646\" \/>\n\t<meta property=\"og:image:type\" content=\"image\/jpeg\" \/>\n<meta name=\"author\" content=\"D\u00e9cio Terror Filho\" \/>\n<meta name=\"twitter:card\" content=\"summary_large_image\" \/>\n<meta name=\"twitter:creator\" content=\"@EstratConcursos\" \/>\n<meta name=\"twitter:site\" content=\"@EstratConcursos\" \/>\n<meta name=\"twitter:label1\" content=\"Escrito por\" \/>\n\t<meta name=\"twitter:data1\" content=\"D\u00e9cio Terror Filho\" \/>\n\t<meta name=\"twitter:label2\" content=\"Est. tempo de leitura\" \/>\n\t<meta name=\"twitter:data2\" content=\"3 minutos\" \/>\n<script type=\"application\/ld+json\" class=\"yoast-schema-graph\">{\"@context\":\"https:\/\/schema.org\",\"@graph\":[{\"@type\":\"NewsArticle\",\"@id\":\"https:\/\/www.estrategiaconcursos.com.br\/blog\/ufrj-ifpe-ufcg-uern-suspendem-certames\/#article\",\"isPartOf\":{\"@id\":\"https:\/\/www.estrategiaconcursos.com.br\/blog\/ufrj-ifpe-ufcg-uern-suspendem-certames\/\"},\"author\":{\"name\":\"D\u00e9cio Terror Filho\",\"@id\":\"https:\/\/www.estrategiaconcursos.com.br\/blog\/#\/schema\/person\/e8165364027a31208914fc77c3314727\"},\"headline\":\"UFRJ, IFPE; UFCG e UERN suspendem a validade de certames!\",\"datePublished\":\"2020-06-24T15:20:44+00:00\",\"dateModified\":\"2020-06-25T21:46:53+00:00\",\"mainEntityOfPage\":{\"@id\":\"https:\/\/www.estrategiaconcursos.com.br\/blog\/ufrj-ifpe-ufcg-uern-suspendem-certames\/\"},\"wordCount\":606,\"commentCount\":0,\"publisher\":{\"@id\":\"https:\/\/www.estrategiaconcursos.com.br\/blog\/#organization\"},\"image\":{\"@id\":\"https:\/\/www.estrategiaconcursos.com.br\/blog\/ufrj-ifpe-ufcg-uern-suspendem-certames\/#primaryimage\"},\"thumbnailUrl\":\"https:\/\/dhg1h5j42swfq.cloudfront.net\/2020\/06\/24122148\/destaque-home.jpg\",\"articleSection\":[\"Concursos P\u00fablicos\"],\"inLanguage\":\"pt-BR\",\"potentialAction\":[{\"@type\":\"CommentAction\",\"name\":\"Comment\",\"target\":[\"https:\/\/www.estrategiaconcursos.com.br\/blog\/ufrj-ifpe-ufcg-uern-suspendem-certames\/#respond\"]}],\"copyrightYear\":\"2020\",\"copyrightHolder\":{\"@id\":\"https:\/\/www.estrategiaconcursos.com.br\/blog\/#organization\"}},{\"@type\":\"WebPage\",\"@id\":\"https:\/\/www.estrategiaconcursos.com.br\/blog\/ufrj-ifpe-ufcg-uern-suspendem-certames\/\",\"url\":\"https:\/\/www.estrategiaconcursos.com.br\/blog\/ufrj-ifpe-ufcg-uern-suspendem-certames\/\",\"name\":\"UFRJ, IFPE; UFCG e UERN suspendem a validade de certames!\",\"isPartOf\":{\"@id\":\"https:\/\/www.estrategiaconcursos.com.br\/blog\/#website\"},\"primaryImageOfPage\":{\"@id\":\"https:\/\/www.estrategiaconcursos.com.br\/blog\/ufrj-ifpe-ufcg-uern-suspendem-certames\/#primaryimage\"},\"image\":{\"@id\":\"https:\/\/www.estrategiaconcursos.com.br\/blog\/ufrj-ifpe-ufcg-uern-suspendem-certames\/#primaryimage\"},\"thumbnailUrl\":\"https:\/\/dhg1h5j42swfq.cloudfront.net\/2020\/06\/24122148\/destaque-home.jpg\",\"datePublished\":\"2020-06-24T15:20:44+00:00\",\"dateModified\":\"2020-06-25T21:46:53+00:00\",\"description\":\"Mais quatro institui\u00e7\u00f5es de educa\u00e7\u00e3o suspenderam a validade dos seus concursos j\u00e1 homologados em raz\u00e3o do estado de calamidade p\u00fablica declarado no pa\u00eds.\",\"breadcrumb\":{\"@id\":\"https:\/\/www.estrategiaconcursos.com.br\/blog\/ufrj-ifpe-ufcg-uern-suspendem-certames\/#breadcrumb\"},\"inLanguage\":\"pt-BR\",\"potentialAction\":[{\"@type\":\"ReadAction\",\"target\":[\"https:\/\/www.estrategiaconcursos.com.br\/blog\/ufrj-ifpe-ufcg-uern-suspendem-certames\/\"]}]},{\"@type\":\"ImageObject\",\"inLanguage\":\"pt-BR\",\"@id\":\"https:\/\/www.estrategiaconcursos.com.br\/blog\/ufrj-ifpe-ufcg-uern-suspendem-certames\/#primaryimage\",\"url\":\"https:\/\/dhg1h5j42swfq.cloudfront.net\/2020\/06\/24122148\/destaque-home.jpg\",\"contentUrl\":\"https:\/\/dhg1h5j42swfq.cloudfront.net\/2020\/06\/24122148\/destaque-home.jpg\",\"width\":1024,\"height\":646},{\"@type\":\"BreadcrumbList\",\"@id\":\"https:\/\/www.estrategiaconcursos.com.br\/blog\/ufrj-ifpe-ufcg-uern-suspendem-certames\/#breadcrumb\",\"itemListElement\":[{\"@type\":\"ListItem\",\"position\":1,\"name\":\"In\u00edcio\",\"item\":\"https:\/\/www.estrategiaconcursos.com.br\/blog\/\"},{\"@type\":\"ListItem\",\"position\":2,\"name\":\"UFRJ, IFPE; UFCG e UERN suspendem a validade de certames!\"}]},{\"@type\":\"WebSite\",\"@id\":\"https:\/\/www.estrategiaconcursos.com.br\/blog\/#website\",\"url\":\"https:\/\/www.estrategiaconcursos.com.br\/blog\/\",\"name\":\"Estrat\u00e9gia Concursos\",\"description\":\"O blog da Estrat\u00e9gia Concursos traz not\u00edcias sobre concursos e artigos de professores oferecendo cursos para concursos (pdf + videaulas) no site.\",\"publisher\":{\"@id\":\"https:\/\/www.estrategiaconcursos.com.br\/blog\/#organization\"},\"potentialAction\":[{\"@type\":\"SearchAction\",\"target\":{\"@type\":\"EntryPoint\",\"urlTemplate\":\"https:\/\/www.estrategiaconcursos.com.br\/blog\/?s={search_term_string}\"},\"query-input\":{\"@type\":\"PropertyValueSpecification\",\"valueRequired\":true,\"valueName\":\"search_term_string\"}}],\"inLanguage\":\"pt-BR\"},{\"@type\":\"Organization\",\"@id\":\"https:\/\/www.estrategiaconcursos.com.br\/blog\/#organization\",\"name\":\"Estrat\u00e9gia Concursos\",\"url\":\"https:\/\/www.estrategiaconcursos.com.br\/blog\/\",\"logo\":{\"@type\":\"ImageObject\",\"inLanguage\":\"pt-BR\",\"@id\":\"https:\/\/www.estrategiaconcursos.com.br\/blog\/#\/schema\/logo\/image\/\",\"url\":\"https:\/\/dhg1h5j42swfq.cloudfront.net\/2025\/06\/03203428\/logo_concursos-1.jpg\",\"contentUrl\":\"https:\/\/dhg1h5j42swfq.cloudfront.net\/2025\/06\/03203428\/logo_concursos-1.jpg\",\"width\":230,\"height\":60,\"caption\":\"Estrat\u00e9gia Concursos\"},\"image\":{\"@id\":\"https:\/\/www.estrategiaconcursos.com.br\/blog\/#\/schema\/logo\/image\/\"},\"sameAs\":[\"https:\/\/x.com\/EstratConcursos\"]},{\"@type\":\"Person\",\"@id\":\"https:\/\/www.estrategiaconcursos.com.br\/blog\/#\/schema\/person\/e8165364027a31208914fc77c3314727\",\"name\":\"D\u00e9cio Terror Filho\",\"image\":{\"@type\":\"ImageObject\",\"inLanguage\":\"pt-BR\",\"@id\":\"https:\/\/secure.gravatar.com\/avatar\/a5b78e734de7c6482e965926e78344deb81abbc34282a3c9536cbb1a59728a37?s=96&d=mm&r=g\",\"url\":\"https:\/\/secure.gravatar.com\/avatar\/a5b78e734de7c6482e965926e78344deb81abbc34282a3c9536cbb1a59728a37?s=96&d=mm&r=g\",\"contentUrl\":\"https:\/\/secure.gravatar.com\/avatar\/a5b78e734de7c6482e965926e78344deb81abbc34282a3c9536cbb1a59728a37?s=96&d=mm&r=g\",\"caption\":\"D\u00e9cio Terror Filho\"},\"url\":\"https:\/\/www.estrategiaconcursos.com.br\/blog\/author\/contatoterrorportugues-com-br\/\"}]}<\/script>\n<!-- \/ Yoast SEO Premium plugin. -->","yoast_head_json":{"title":"UFRJ, IFPE; UFCG e UERN suspendem a validade de certames!","description":"Mais quatro institui\u00e7\u00f5es de educa\u00e7\u00e3o suspenderam a validade dos seus concursos j\u00e1 homologados em raz\u00e3o do estado de calamidade p\u00fablica declarado no pa\u00eds.","robots":{"index":"index","follow":"follow","max-snippet":"max-snippet:-1","max-image-preview":"max-image-preview:large","max-video-preview":"max-video-preview:-1"},"canonical":"https:\/\/www.estrategiaconcursos.com.br\/blog\/ufrj-ifpe-ufcg-uern-suspendem-certames\/","og_locale":"pt_BR","og_type":"article","og_title":"UFRJ, IFPE; UFCG e UERN suspendem a validade de certames!","og_description":"Mais quatro institui\u00e7\u00f5es de educa\u00e7\u00e3o suspenderam a validade dos seus concursos j\u00e1 homologados em raz\u00e3o do estado de calamidade p\u00fablica declarado no pa\u00eds.","og_url":"https:\/\/www.estrategiaconcursos.com.br\/blog\/ufrj-ifpe-ufcg-uern-suspendem-certames\/","og_site_name":"Estrat\u00e9gia Concursos","article_published_time":"2020-06-24T15:20:44+00:00","article_modified_time":"2020-06-25T21:46:53+00:00","og_image":[{"width":1024,"height":646,"url":"https:\/\/dhg1h5j42swfq.cloudfront.net\/2020\/06\/24122148\/destaque-home.jpg","type":"image\/jpeg"}],"author":"D\u00e9cio Terror Filho","twitter_card":"summary_large_image","twitter_creator":"@EstratConcursos","twitter_site":"@EstratConcursos","twitter_misc":{"Escrito por":"D\u00e9cio Terror Filho","Est. tempo de leitura":"3 minutos"},"schema":{"@context":"https:\/\/schema.org","@graph":[{"@type":"NewsArticle","@id":"https:\/\/www.estrategiaconcursos.com.br\/blog\/ufrj-ifpe-ufcg-uern-suspendem-certames\/#article","isPartOf":{"@id":"https:\/\/www.estrategiaconcursos.com.br\/blog\/ufrj-ifpe-ufcg-uern-suspendem-certames\/"},"author":{"name":"D\u00e9cio Terror Filho","@id":"https:\/\/www.estrategiaconcursos.com.br\/blog\/#\/schema\/person\/e8165364027a31208914fc77c3314727"},"headline":"UFRJ, IFPE; UFCG e UERN suspendem a validade de certames!","datePublished":"2020-06-24T15:20:44+00:00","dateModified":"2020-06-25T21:46:53+00:00","mainEntityOfPage":{"@id":"https:\/\/www.estrategiaconcursos.com.br\/blog\/ufrj-ifpe-ufcg-uern-suspendem-certames\/"},"wordCount":606,"commentCount":0,"publisher":{"@id":"https:\/\/www.estrategiaconcursos.com.br\/blog\/#organization"},"image":{"@id":"https:\/\/www.estrategiaconcursos.com.br\/blog\/ufrj-ifpe-ufcg-uern-suspendem-certames\/#primaryimage"},"thumbnailUrl":"https:\/\/dhg1h5j42swfq.cloudfront.net\/2020\/06\/24122148\/destaque-home.jpg","articleSection":["Concursos P\u00fablicos"],"inLanguage":"pt-BR","potentialAction":[{"@type":"CommentAction","name":"Comment","target":["https:\/\/www.estrategiaconcursos.com.br\/blog\/ufrj-ifpe-ufcg-uern-suspendem-certames\/#respond"]}],"copyrightYear":"2020","copyrightHolder":{"@id":"https:\/\/www.estrategiaconcursos.com.br\/blog\/#organization"}},{"@type":"WebPage","@id":"https:\/\/www.estrategiaconcursos.com.br\/blog\/ufrj-ifpe-ufcg-uern-suspendem-certames\/","url":"https:\/\/www.estrategiaconcursos.com.br\/blog\/ufrj-ifpe-ufcg-uern-suspendem-certames\/","name":"UFRJ, IFPE; UFCG e UERN suspendem a validade de certames!","isPartOf":{"@id":"https:\/\/www.estrategiaconcursos.com.br\/blog\/#website"},"primaryImageOfPage":{"@id":"https:\/\/www.estrategiaconcursos.com.br\/blog\/ufrj-ifpe-ufcg-uern-suspendem-certames\/#primaryimage"},"image":{"@id":"https:\/\/www.estrategiaconcursos.com.br\/blog\/ufrj-ifpe-ufcg-uern-suspendem-certames\/#primaryimage"},"thumbnailUrl":"https:\/\/dhg1h5j42swfq.cloudfront.net\/2020\/06\/24122148\/destaque-home.jpg","datePublished":"2020-06-24T15:20:44+00:00","dateModified":"2020-06-25T21:46:53+00:00","description":"Mais quatro institui\u00e7\u00f5es de educa\u00e7\u00e3o suspenderam a validade dos seus concursos j\u00e1 homologados em raz\u00e3o do estado de calamidade p\u00fablica declarado no pa\u00eds.","breadcrumb":{"@id":"https:\/\/www.estrategiaconcursos.com.br\/blog\/ufrj-ifpe-ufcg-uern-suspendem-certames\/#breadcrumb"},"inLanguage":"pt-BR","potentialAction":[{"@type":"ReadAction","target":["https:\/\/www.estrategiaconcursos.com.br\/blog\/ufrj-ifpe-ufcg-uern-suspendem-certames\/"]}]},{"@type":"ImageObject","inLanguage":"pt-BR","@id":"https:\/\/www.estrategiaconcursos.com.br\/blog\/ufrj-ifpe-ufcg-uern-suspendem-certames\/#primaryimage","url":"https:\/\/dhg1h5j42swfq.cloudfront.net\/2020\/06\/24122148\/destaque-home.jpg","contentUrl":"https:\/\/dhg1h5j42swfq.cloudfront.net\/2020\/06\/24122148\/destaque-home.jpg","width":1024,"height":646},{"@type":"BreadcrumbList","@id":"https:\/\/www.estrategiaconcursos.com.br\/blog\/ufrj-ifpe-ufcg-uern-suspendem-certames\/#breadcrumb","itemListElement":[{"@type":"ListItem","position":1,"name":"In\u00edcio","item":"https:\/\/www.estrategiaconcursos.com.br\/blog\/"},{"@type":"ListItem","position":2,"name":"UFRJ, IFPE; UFCG e UERN suspendem a validade de certames!"}]},{"@type":"WebSite","@id":"https:\/\/www.estrategiaconcursos.com.br\/blog\/#website","url":"https:\/\/www.estrategiaconcursos.com.br\/blog\/","name":"Estrat\u00e9gia Concursos","description":"O blog da Estrat\u00e9gia Concursos traz not\u00edcias sobre concursos e artigos de professores oferecendo cursos para concursos (pdf + videaulas) no site.","publisher":{"@id":"https:\/\/www.estrategiaconcursos.com.br\/blog\/#organization"},"potentialAction":[{"@type":"SearchAction","target":{"@type":"EntryPoint","urlTemplate":"https:\/\/www.estrategiaconcursos.com.br\/blog\/?s={search_term_string}"},"query-input":{"@type":"PropertyValueSpecification","valueRequired":true,"valueName":"search_term_string"}}],"inLanguage":"pt-BR"},{"@type":"Organization","@id":"https:\/\/www.estrategiaconcursos.com.br\/blog\/#organization","name":"Estrat\u00e9gia Concursos","url":"https:\/\/www.estrategiaconcursos.com.br\/blog\/","logo":{"@type":"ImageObject","inLanguage":"pt-BR","@id":"https:\/\/www.estrategiaconcursos.com.br\/blog\/#\/schema\/logo\/image\/","url":"https:\/\/dhg1h5j42swfq.cloudfront.net\/2025\/06\/03203428\/logo_concursos-1.jpg","contentUrl":"https:\/\/dhg1h5j42swfq.cloudfront.net\/2025\/06\/03203428\/logo_concursos-1.jpg","width":230,"height":60,"caption":"Estrat\u00e9gia Concursos"},"image":{"@id":"https:\/\/www.estrategiaconcursos.com.br\/blog\/#\/schema\/logo\/image\/"},"sameAs":["https:\/\/x.com\/EstratConcursos"]},{"@type":"Person","@id":"https:\/\/www.estrategiaconcursos.com.br\/blog\/#\/schema\/person\/e8165364027a31208914fc77c3314727","name":"D\u00e9cio Terror Filho","image":{"@type":"ImageObject","inLanguage":"pt-BR","@id":"https:\/\/secure.gravatar.com\/avatar\/a5b78e734de7c6482e965926e78344deb81abbc34282a3c9536cbb1a59728a37?s=96&d=mm&r=g","url":"https:\/\/secure.gravatar.com\/avatar\/a5b78e734de7c6482e965926e78344deb81abbc34282a3c9536cbb1a59728a37?s=96&d=mm&r=g","contentUrl":"https:\/\/secure.gravatar.com\/avatar\/a5b78e734de7c6482e965926e78344deb81abbc34282a3c9536cbb1a59728a37?s=96&d=mm&r=g","caption":"D\u00e9cio Terror Filho"},"url":"https:\/\/www.estrategiaconcursos.com.br\/blog\/author\/contatoterrorportugues-com-br\/"}]}},"_links":{"self":[{"href":"https:\/\/www.estrategiaconcursos.com.br\/blog\/wp-json\/wp\/v2\/posts\/531421","targetHints":{"allow":["GET"]}}],"collection":[{"href":"https:\/\/www.estrategiaconcursos.com.br\/blog\/wp-json\/wp\/v2\/posts"}],"about":[{"href":"https:\/\/www.estrategiaconcursos.com.br\/blog\/wp-json\/wp\/v2\/types\/post"}],"author":[{"embeddable":true,"href":"https:\/\/www.estrategiaconcursos.com.br\/blog\/wp-json\/wp\/v2\/users\/214"}],"replies":[{"embeddable":true,"href":"https:\/\/www.estrategiaconcursos.com.br\/blog\/wp-json\/wp\/v2\/comments?post=531421"}],"version-history":[{"count":17,"href":"https:\/\/www.estrategiaconcursos.com.br\/blog\/wp-json\/wp\/v2\/posts\/531421\/revisions"}],"predecessor-version":[{"id":531745,"href":"https:\/\/www.estrategiaconcursos.com.br\/blog\/wp-json\/wp\/v2\/posts\/531421\/revisions\/531745"}],"wp:featuredmedia":[{"embeddable":true,"href":"https:\/\/www.estrategiaconcursos.com.br\/blog\/wp-json\/wp\/v2\/media\/531483"}],"wp:attachment":[{"href":"https:\/\/www.estrategiaconcursos.com.br\/blog\/wp-json\/wp\/v2\/media?parent=531421"}],"wp:term":[{"taxonomy":"category","embeddable":true,"href":"https:\/\/www.estrategiaconcursos.com.br\/blog\/wp-json\/wp\/v2\/categories?post=531421"},{"taxonomy":"post_tag","embeddable":true,"href":"https:\/\/www.estrategiaconcursos.com.br\/blog\/wp-json\/wp\/v2\/tags?post=531421"},{"taxonomy":"tax_estado","embeddable":true,"href":"https:\/\/www.estrategiaconcursos.com.br\/blog\/wp-json\/wp\/v2\/tax_estado?post=531421"}],"curies":[{"name":"wp","href":"https:\/\/api.w.org\/{rel}","templated":true}]}}