{"id":530620,"date":"2020-06-23T13:12:44","date_gmt":"2020-06-23T16:12:44","guid":{"rendered":"https:\/\/www.estrategiaconcursos.com.br\/blog\/?p=530620"},"modified":"2023-07-05T10:07:01","modified_gmt":"2023-07-05T13:07:01","slug":"processo-seletivo-ibama-843-vagas","status":"publish","type":"post","link":"https:\/\/www.estrategiaconcursos.com.br\/blog\/processo-seletivo-ibama-843-vagas\/","title":{"rendered":"Processo Seletivo IBAMA: editais com 843 vagas; confira!"},"content":{"rendered":"\n<p>Foram publicados quatro editais de <strong>Processo Seletivo IBAMA<\/strong> para contrata\u00e7\u00e3o tempor\u00e1ria. Juntos, os documentos somam o provimento de <strong>843 vagas <\/strong>para o Instituto Brasileiro do Meio Ambiente e dos Recursos Naturais Renov\u00e1veis.<\/p>\n\n\n\n<p>Os dois primeiros editais contemplam oportunidades para os cargos de Brigadistas, Chefes de Esquadr\u00e3o e Chefes de Brigada. J\u00e1 os demais trazem vagas de Supervisor de Brigadas Estadual. Os servidores ser\u00e3o lotados em v\u00e1rios estados e cidades, para atuarem na Preven\u00e7\u00e3o e Combate aos Inc\u00eandios Florestais.<\/p>\n\n\n\n<p>O per\u00edodo de inscri\u00e7\u00f5es pode variar entre os dias 23 de junho a 07 de julho de 2020, a depender da lota\u00e7\u00e3o desejada. De forma gratuita, o processo de candidatura deve ser realizado, presencialmente, nos escrit\u00f3rios do IBAMA, de acordo com a cidade.<\/p>\n\n\n\n<h2 class=\"wp-block-heading\">Edital n\u00ba 3\/2020<\/h2>\n\n\n\n<p>O primeiro edital do processo seletivo IBAMA abrange<strong>&nbsp;691 vagas<\/strong>&nbsp;para Brigadista, Chefe de Esquadr\u00e3o e Chefe de Brigada, com contratos que v\u00e3o durar&nbsp;<strong>entre 5 e 6 meses<\/strong>, conforme a Lota\u00e7\u00e3o.<\/p>\n\n\n\n<h4 class=\"wp-block-heading\"><a href=\"https:\/\/www.gov.br\/ibama\/pt-br\/acesso-a-informacao\/editais-e-convites\/arquivos\/ac\/2020-06-22-ibama-prevfogo-ac-brasileia.pdf\" target=\"_blank\" rel=\"noreferrer noopener\">Brasil\u00e9ia-AC<\/a><\/h4>\n\n\n\n<ul class=\"wp-block-list\">\n<li>Brigadista &#8211; 12<\/li>\n\n\n\n<li>Chefe de Esquadr\u00e3o &#8211; 02<\/li>\n\n\n\n<li>Chefe de Brigada &#8211; 01<\/li>\n<\/ul>\n\n\n\n<h4 class=\"wp-block-heading\"><a href=\"https:\/\/www.gov.br\/ibama\/pt-br\/acesso-a-informacao\/editais-e-convites\/arquivos\/ac\/2020-06-22-ibama-prevfogo-ac-sena.pdf\" target=\"_blank\" rel=\"noreferrer noopener\">Sena Madureira-AC<\/a><\/h4>\n\n\n\n<ul class=\"wp-block-list\">\n<li>Brigadista &#8211; 12<\/li>\n\n\n\n<li>Chefe de Esquadr\u00e3o &#8211; 02<\/li>\n\n\n\n<li>Chefe de Brigada &#8211; 01<\/li>\n<\/ul>\n\n\n\n<h4 class=\"wp-block-heading\"><a href=\"https:\/\/www.gov.br\/ibama\/pt-br\/acesso-a-informacao\/editais-e-convites\/arquivos\/am\/2020-06-22-ibama-prevfogo-am-humaita.pdf\" target=\"_blank\" rel=\"noreferrer noopener\">Humait\u00e1-AM<\/a><\/h4>\n\n\n\n<ul class=\"wp-block-list\">\n<li>Brigadista &#8211; 24<\/li>\n\n\n\n<li>Chefe de Esquadr\u00e3o &#8211; 04<\/li>\n\n\n\n<li>Chefe de Brigada &#8211; 01<\/li>\n<\/ul>\n\n\n\n<h4 class=\"wp-block-heading\"><a href=\"https:\/\/www.gov.br\/ibama\/pt-br\/acesso-a-informacao\/editais-e-convites\/arquivos\/am\/2020-06-22-ibama-prevfogo-am-apui.pdf\" target=\"_blank\" rel=\"noreferrer noopener\">Apu\u00ed-AM<\/a><\/h4>\n\n\n\n<ul class=\"wp-block-list\">\n<li>Brigadista &#8211; 12<\/li>\n\n\n\n<li>Chefe de Esquadr\u00e3o &#8211; 02<\/li>\n\n\n\n<li>Chefe de Brigada &#8211; 01<\/li>\n<\/ul>\n\n\n\n<h4 class=\"wp-block-heading\"><a href=\"https:\/\/www.gov.br\/ibama\/pt-br\/acesso-a-informacao\/editais-e-convites\/arquivos\/ba\/2020-06-22-ibama-prevfogo-ba-barreiras.pdf\" target=\"_blank\" rel=\"noreferrer noopener\">Barreiras-BA<\/a><\/h4>\n\n\n\n<ul class=\"wp-block-list\">\n<li>Brigadista &#8211; 24<\/li>\n\n\n\n<li>Chefe de Esquadr\u00e3o &#8211; 04<\/li>\n\n\n\n<li>Chefe de Brigada &#8211; 01<\/li>\n<\/ul>\n\n\n\n<h4 class=\"wp-block-heading\"><a href=\"https:\/\/www.gov.br\/ibama\/pt-br\/acesso-a-informacao\/editais-e-convites\/arquivos\/ba\/2020-06-22-ibama-prevfogo-ba-serradoramalho.pdf\" target=\"_blank\" rel=\"noreferrer noopener\">Serra do Ramalho-BA<\/a><\/h4>\n\n\n\n<ul class=\"wp-block-list\">\n<li>Brigadista &#8211; 12<\/li>\n\n\n\n<li>Chefe de Esquadr\u00e3o &#8211; 02<\/li>\n\n\n\n<li>Chefe de Brigada &#8211; 01<\/li>\n<\/ul>\n\n\n\n<h4 class=\"wp-block-heading\"><a href=\"https:\/\/www.gov.br\/ibama\/pt-br\/acesso-a-informacao\/editais-e-convites\/arquivos\/go\/2020-06-22-ibama-prevfogo-go-kalungaengenhoii.pdf\" target=\"_blank\" rel=\"noreferrer noopener\">Cavalcante &#8211; Comunidade Engenho II-GO<\/a><\/h4>\n\n\n\n<ul class=\"wp-block-list\">\n<li>Brigadista &#8211; 12<\/li>\n\n\n\n<li>Chefe de Esquadr\u00e3o &#8211; 02<\/li>\n\n\n\n<li>Chefe de Brigada &#8211; 01<\/li>\n<\/ul>\n\n\n\n<h4 class=\"wp-block-heading\"><a href=\"https:\/\/www.gov.br\/ibama\/pt-br\/acesso-a-informacao\/editais-e-convites\/arquivos\/go\/2020-06-22-ibama-prevfogo-go-kalungavaodomoleque.pdf\" target=\"_blank\" rel=\"noreferrer noopener\">Cavalcante &#8211; Comunidade V\u00e3o do Moleque-GO<\/a><\/h4>\n\n\n\n<ul class=\"wp-block-list\">\n<li>Brigadista &#8211; 12<\/li>\n\n\n\n<li>Chefe de Esquadr\u00e3o &#8211; 02<\/li>\n\n\n\n<li>Chefe de Brigada &#8211; 01<\/li>\n<\/ul>\n\n\n\n<h4 class=\"wp-block-heading\"><a href=\"https:\/\/www.gov.br\/ibama\/pt-br\/acesso-a-informacao\/editais-e-convites\/arquivos\/go\/2020-06-22-ibama-prevfogo-go-cavalcante.pdf\" target=\"_blank\" rel=\"noreferrer noopener\">Cavalcante-GO<\/a><\/h4>\n\n\n\n<ul class=\"wp-block-list\">\n<li>Brigadista &#8211; 12<\/li>\n\n\n\n<li>Chefe de Esquadr\u00e3o &#8211; 02<\/li>\n\n\n\n<li>Chefe de Brigada &#8211; 01<\/li>\n<\/ul>\n\n\n\n<h4 class=\"wp-block-heading\"><a href=\"https:\/\/www.gov.br\/ibama\/pt-br\/acesso-a-informacao\/editais-e-convites\/arquivos\/go\/2020-06-22-ibama-prevfogo-go-altoparaiso.pdf\" target=\"_blank\" rel=\"noreferrer noopener\">Alto Para\u00edso-GO<\/a><\/h4>\n\n\n\n<ul class=\"wp-block-list\">\n<li>Brigadista &#8211; 12<\/li>\n\n\n\n<li>Chefe de Esquadr\u00e3o &#8211; 02<\/li>\n\n\n\n<li>Chefe de Brigada &#8211; 01<\/li>\n<\/ul>\n\n\n\n<h4 class=\"wp-block-heading\"><a rel=\"noreferrer noopener\" href=\"https:\/\/www.gov.br\/ibama\/pt-br\/acesso-a-informacao\/editais-e-convites\/arquivos\/go\/2020-06-22-ibama-prevfogo-go-minacu.pdf\" target=\"_blank\">Mina\u00e7\u00fa-GO<\/a><\/h4>\n\n\n\n<ul class=\"wp-block-list\">\n<li>Brigadista &#8211; 12<\/li>\n\n\n\n<li>Chefe de Esquadr\u00e3o &#8211; 02<\/li>\n\n\n\n<li>Chefe de Brigada &#8211; 01<\/li>\n<\/ul>\n\n\n\n<h4 class=\"wp-block-heading\"><a href=\"https:\/\/www.gov.br\/ibama\/pt-br\/acesso-a-informacao\/editais-e-convites\/arquivos\/go\/2020-06-22-ibama-prevfogo-go-teresinadegoias.pdf\" target=\"_blank\" rel=\"noreferrer noopener\">Teresina do Goi\u00e1s-GO<\/a><\/h4>\n\n\n\n<ul class=\"wp-block-list\">\n<li>Brigadista &#8211; 12<\/li>\n\n\n\n<li>Chefe de Esquadr\u00e3o &#8211; 02<\/li>\n\n\n\n<li>Chefe de Brigada &#8211; 01<\/li>\n<\/ul>\n\n\n\n<h4 class=\"wp-block-heading\"><a href=\"https:\/\/www.gov.br\/ibama\/pt-br\/acesso-a-informacao\/editais-e-convites\/arquivos\/ma\/2020-06-22-ibama-prevfogo-ma-grajau.pdf\" target=\"_blank\" rel=\"noreferrer noopener\">Graja\u00fa-MA<\/a><\/h4>\n\n\n\n<ul class=\"wp-block-list\">\n<li>Brigadista &#8211; 24<\/li>\n\n\n\n<li>Chefe de Esquadr\u00e3o &#8211; 04<\/li>\n\n\n\n<li>Chefe de Brigada &#8211; 01<\/li>\n<\/ul>\n\n\n\n<h4 class=\"wp-block-heading\"><a href=\"https:\/\/www.gov.br\/ibama\/pt-br\/acesso-a-informacao\/editais-e-convites\/arquivos\/mg\/2020-06-22-ibama-prevfogo-mg-sjmissoes.pdf\" target=\"_blank\" rel=\"noreferrer noopener\">S\u00e3o Jo\u00e3o das Miss\u00f5es-MG<\/a><\/h4>\n\n\n\n<ul class=\"wp-block-list\">\n<li>Brigadista &#8211; 24<\/li>\n\n\n\n<li>Chefe de Esquadr\u00e3o &#8211; 04<\/li>\n\n\n\n<li>Chefe de Brigada &#8211; 01<\/li>\n<\/ul>\n\n\n\n<h4 class=\"wp-block-heading\"><a href=\"https:\/\/www.gov.br\/ibama\/pt-br\/acesso-a-informacao\/editais-e-convites\/arquivos\/ms\/2020-06-22-ibama-prevfogo-ms-taunay.pdf\" target=\"_blank\" rel=\"noreferrer noopener\">Aquidauana &#8211; Aldeia Taunay Ipegue-MS<\/a><\/h4>\n\n\n\n<ul class=\"wp-block-list\">\n<li>Brigadista &#8211; 12<\/li>\n\n\n\n<li>Chefe de Esquadr\u00e3o &#8211; 02<\/li>\n\n\n\n<li>Chefe de Brigada &#8211; 01<\/li>\n<\/ul>\n\n\n\n<h4 class=\"wp-block-heading\"><a href=\"https:\/\/www.gov.br\/ibama\/pt-br\/acesso-a-informacao\/editais-e-convites\/arquivos\/ms\/2020-06-22-ibama-prevfogo-ms-limaoverde.pdf\" target=\"_blank\" rel=\"noreferrer noopener\">Aquidauana &#8211; Aldeia Lim\u00e3o Verde-MS<\/a><\/h4>\n\n\n\n<ul class=\"wp-block-list\">\n<li>Brigadista &#8211; 12<\/li>\n\n\n\n<li>Chefe de Esquadr\u00e3o &#8211; 02<\/li>\n\n\n\n<li>Chefe de Brigada &#8211; 01<\/li>\n<\/ul>\n\n\n\n<h4 class=\"wp-block-heading\"><a href=\"https:\/\/www.gov.br\/ibama\/pt-br\/acesso-a-informacao\/editais-e-convites\/arquivos\/ms\/2020-06-22-ibama-prevfogo-ms-saojoao.pdf\" target=\"_blank\" rel=\"noreferrer noopener\">Porto Murtinho &#8211; Aldeia S\u00e3o Jo\u00e3o-MS<\/a><\/h4>\n\n\n\n<ul class=\"wp-block-list\">\n<li>Brigadista &#8211; 12<\/li>\n\n\n\n<li>Chefe de Esquadr\u00e3o &#8211; 02<\/li>\n\n\n\n<li>Chefe de Brigada &#8211; 01<\/li>\n<\/ul>\n\n\n\n<h4 class=\"wp-block-heading\"><a href=\"https:\/\/www.gov.br\/ibama\/pt-br\/acesso-a-informacao\/editais-e-convites\/arquivos\/ms\/2020-06-22-ibama-prevfogo-ms-alvesdebarros.pdf\" target=\"_blank\" rel=\"noreferrer noopener\">Porto Murtinho &#8211; Aldeia Alves de Barros-MS<\/a><\/h4>\n\n\n\n<ul class=\"wp-block-list\">\n<li>Brigadista &#8211; 12<\/li>\n\n\n\n<li>Chefe de Esquadr\u00e3o &#8211; 02<\/li>\n\n\n\n<li>Chefe de Brigada &#8211; 01<\/li>\n<\/ul>\n\n\n\n<h4 class=\"wp-block-heading\"><a href=\"https:\/\/www.gov.br\/ibama\/pt-br\/acesso-a-informacao\/editais-e-convites\/arquivos\/ms\/2020-06-22-ibama-prevfogo-ms-corumba.pdf\" target=\"_blank\" rel=\"noreferrer noopener\">Corumb\u00e1-MS<\/a><\/h4>\n\n\n\n<ul class=\"wp-block-list\">\n<li>Brigadista &#8211; 24<\/li>\n\n\n\n<li>Chefe de Esquadr\u00e3o &#8211; 04<\/li>\n\n\n\n<li>Chefe de Brigada &#8211; 01<\/li>\n<\/ul>\n\n\n\n<h4 class=\"wp-block-heading\"><a href=\"https:\/\/www.gov.br\/ibama\/pt-br\/acesso-a-informacao\/editais-e-convites\/arquivos\/mt\/2020-06-22-ibama-prevfogo-mt-cotriguacu.pdf\" target=\"_blank\" rel=\"noreferrer noopener\">Cotrigua\u00e7u-MT<\/a><\/h4>\n\n\n\n<ul class=\"wp-block-list\">\n<li>Brigadista &#8211; 14<\/li>\n\n\n\n<li>Chefe de Esquadr\u00e3o &#8211; 02<\/li>\n\n\n\n<li>Chefe de Brigada &#8211; 01<\/li>\n<\/ul>\n\n\n\n<h4 class=\"wp-block-heading\"><a href=\"https:\/\/www.gov.br\/ibama\/pt-br\/acesso-a-informacao\/editais-e-convites\/arquivos\/mt\/2020-06-22-ibama-prevfogo-mt-bordolandia.pdf\" target=\"_blank\" rel=\"noreferrer noopener\">Serra Nova Dourada-MT<\/a><\/h4>\n\n\n\n<ul class=\"wp-block-list\">\n<li>Brigadista &#8211; 24<\/li>\n\n\n\n<li>Chefe de Esquadr\u00e3o &#8211; 04<\/li>\n\n\n\n<li>Chefe de Brigada &#8211; 01<\/li>\n<\/ul>\n\n\n\n<h4 class=\"wp-block-heading\"><a href=\"https:\/\/www.gov.br\/ibama\/pt-br\/acesso-a-informacao\/editais-e-convites\/arquivos\/pe\/2020-06-22-ibama-prevfogo-pe-petrolina.pdf\" target=\"_blank\" rel=\"noreferrer noopener\">Petrolina-PE<\/a><\/h4>\n\n\n\n<ul class=\"wp-block-list\">\n<li>Brigadista &#8211; 12<\/li>\n\n\n\n<li>Chefe de Esquadr\u00e3o &#8211; 02<\/li>\n\n\n\n<li>Chefe de Brigada &#8211; 01<\/li>\n<\/ul>\n\n\n\n<h4 class=\"wp-block-heading\"><a href=\"https:\/\/www.gov.br\/ibama\/pt-br\/acesso-a-informacao\/editais-e-convites\/arquivos\/pe\/2020-06-22-ibama-prevfogo-pe-serratalhada.pdf\" target=\"_blank\" rel=\"noreferrer noopener\">Serra Talhada-PE<\/a><\/h4>\n\n\n\n<ul class=\"wp-block-list\">\n<li>Brigadista &#8211; 24<\/li>\n\n\n\n<li>Chefe de Esquadr\u00e3o &#8211; 04<\/li>\n\n\n\n<li>Chefe de Brigada &#8211; 01<\/li>\n<\/ul>\n\n\n\n<h4 class=\"wp-block-heading\"><a href=\"https:\/\/www.gov.br\/ibama\/pt-br\/acesso-a-informacao\/editais-e-convites\/arquivos\/pi\/2020-06-22-ibama-prevfogo-pi-alvorada.pdf\" target=\"_blank\" rel=\"noreferrer noopener\">Alvorada do Gurgu\u00e9ia-PI<\/a><\/h4>\n\n\n\n<ul class=\"wp-block-list\">\n<li>Brigadista &#8211; 12<\/li>\n\n\n\n<li>Chefe de Esquadr\u00e3o &#8211; 02<\/li>\n\n\n\n<li>Chefe de Brigada &#8211; 01<\/li>\n<\/ul>\n\n\n\n<h4 class=\"wp-block-heading\"><a rel=\"noreferrer noopener\" href=\"https:\/\/www.gov.br\/ibama\/pt-br\/acesso-a-informacao\/editais-e-convites\/arquivos\/pi\/2020-06-22-ibama-prevfogo-pi-curimata.pdf\" target=\"_blank\">Curimat\u00e1-PI<\/a><\/h4>\n\n\n\n<ul class=\"wp-block-list\">\n<li>Brigadista &#8211; 12<\/li>\n\n\n\n<li>Chefe de Esquadr\u00e3o &#8211; 02<\/li>\n\n\n\n<li>Chefe de Brigada &#8211; 01<\/li>\n<\/ul>\n\n\n\n<h4 class=\"wp-block-heading\"><a rel=\"noreferrer noopener\" href=\"https:\/\/www.gov.br\/ibama\/pt-br\/acesso-a-informacao\/editais-e-convites\/arquivos\/pi\/2020-06-22-ibama-prevfogo-pi-floriano.pdf\" target=\"_blank\">Floriano-PI<\/a><\/h4>\n\n\n\n<ul class=\"wp-block-list\">\n<li>Brigadista &#8211; 12<\/li>\n\n\n\n<li>Chefe de Esquadr\u00e3o &#8211; 02<\/li>\n\n\n\n<li>Chefe de Brigada &#8211; 01<\/li>\n<\/ul>\n\n\n\n<h4 class=\"wp-block-heading\"><a href=\"https:\/\/www.gov.br\/ibama\/pt-br\/acesso-a-informacao\/editais-e-convites\/arquivos\/pi\/2020-06-22-ibama-prevfogo-pi-urucui.pdf\" target=\"_blank\" rel=\"noreferrer noopener\">Uru\u00e7u\u00ed-PI<\/a><\/h4>\n\n\n\n<ul class=\"wp-block-list\">\n<li>Brigadista &#8211; 12<\/li>\n\n\n\n<li>Chefe de Esquadr\u00e3o &#8211; 02<\/li>\n\n\n\n<li>Chefe de Brigada &#8211; 01<\/li>\n<\/ul>\n\n\n\n<h4 class=\"wp-block-heading\"><a href=\"https:\/\/www.gov.br\/ibama\/pt-br\/acesso-a-informacao\/editais-e-convites\/arquivos\/ro\/2020-06-22-ibama-prevfogo-ro-joanadarc.pdf\" target=\"_blank\" rel=\"noreferrer noopener\">Porto Velho (PA Joana D&#8217;arc)-RO<\/a><\/h4>\n\n\n\n<ul class=\"wp-block-list\">\n<li>Brigadista &#8211; 12<\/li>\n\n\n\n<li>Chefe de Esquadr\u00e3o &#8211; 02<\/li>\n\n\n\n<li>Chefe de Brigada &#8211; 01<\/li>\n<\/ul>\n\n\n\n<h4 class=\"wp-block-heading\"><a href=\"https:\/\/www.gov.br\/ibama\/pt-br\/acesso-a-informacao\/editais-e-convites\/arquivos\/ro\/2020-06-22-ibama-prevfogo-ro-machadinho.pdf\" target=\"_blank\" rel=\"noreferrer noopener\">Machadinho D&#8217;Oeste-RO<\/a><\/h4>\n\n\n\n<ul class=\"wp-block-list\">\n<li>Brigadista &#8211; 12<\/li>\n\n\n\n<li>Chefe de Esquadr\u00e3o &#8211; 02<\/li>\n\n\n\n<li>Chefe de Brigada &#8211; 01<\/li>\n<\/ul>\n\n\n\n<h4 class=\"wp-block-heading\"><a href=\"https:\/\/www.gov.br\/ibama\/pt-br\/acesso-a-informacao\/editais-e-convites\/arquivos\/ro\/2020-06-22-ibama-prevfogo-ro-novamamore.pdf\" target=\"_blank\" rel=\"noreferrer noopener\">Nova Mamor\u00e9-RO<\/a><\/h4>\n\n\n\n<ul class=\"wp-block-list\">\n<li>Brigadista &#8211; 12<\/li>\n\n\n\n<li>Chefe de Esquadr\u00e3o &#8211; 02<\/li>\n\n\n\n<li>Chefe de Brigada &#8211; 01<\/li>\n<\/ul>\n\n\n\n<h4 class=\"wp-block-heading\"><a href=\"https:\/\/www.gov.br\/ibama\/pt-br\/acesso-a-informacao\/editais-e-convites\/arquivos\/to\/2020-06-22-ibama-prevfogo-to-editalbrifsuldailha.pdf\" target=\"_blank\" rel=\"noreferrer noopener\">Formoso do Araguaia-TO<\/a><\/h4>\n\n\n\n<ul class=\"wp-block-list\">\n<li>Brigadista &#8211; 10<\/li>\n\n\n\n<li>Chefe de Esquadr\u00e3o &#8211; 02<\/li>\n\n\n\n<li>Chefe de Brigada &#8211; 01<\/li>\n<\/ul>\n\n\n\n<h4 class=\"wp-block-heading\"><a href=\"https:\/\/www.gov.br\/ibama\/pt-br\/acesso-a-informacao\/editais-e-convites\/arquivos\/to\/2020-06-22-ibama-prevfogo-to-editalbrifkaraja.pdf\" target=\"_blank\" rel=\"noreferrer noopener\">Pium-TO<\/a><\/h4>\n\n\n\n<ul class=\"wp-block-list\">\n<li>Brigadista &#8211; 22<\/li>\n\n\n\n<li>Chefe de Esquadr\u00e3o &#8211; 05<\/li>\n\n\n\n<li>Chefe de Brigada &#8211; 02<\/li>\n<\/ul>\n\n\n\n<h4 class=\"wp-block-heading\"><a href=\"https:\/\/www.gov.br\/ibama\/pt-br\/acesso-a-informacao\/editais-e-convites\/arquivos\/to\/2020-06-22-ibama-prevfogo-to-editalbrifjavae.pdf\" target=\"_blank\" rel=\"noreferrer noopener\">Lagoa da Confus\u00e3o-TO<\/a><\/h4>\n\n\n\n<ul class=\"wp-block-list\">\n<li>Brigadista &#8211; 22<\/li>\n\n\n\n<li>Chefe de Esquadr\u00e3o &#8211; 05<\/li>\n\n\n\n<li>Chefe de Brigada &#8211; 01<\/li>\n<\/ul>\n\n\n\n<h4 class=\"wp-block-heading\"><a href=\"https:\/\/www.gov.br\/ibama\/pt-br\/acesso-a-informacao\/editais-e-convites\/arquivos\/to\/2020-06-22-ibama-prevfogo-to-editalbrifapinaye.pdf\" target=\"_blank\" rel=\"noreferrer noopener\">Tocantin\u00f3polis-TO<\/a><\/h4>\n\n\n\n<ul class=\"wp-block-list\">\n<li>Brigadista &#8211; 15<\/li>\n\n\n\n<li>Chefe de Esquadr\u00e3o &#8211; 03<\/li>\n\n\n\n<li>Chefe de Brigada &#8211; 01<\/li>\n<\/ul>\n\n\n\n<h4 class=\"wp-block-heading\"><a href=\"https:\/\/www.gov.br\/ibama\/pt-br\/acesso-a-informacao\/editais-e-convites\/arquivos\/to\/2020-06-22-ibama-prevfogo-to-editalbrifxerente.pdf\" target=\"_blank\" rel=\"noreferrer noopener\">Tocant\u00ednia-TO<\/a><\/h4>\n\n\n\n<ul class=\"wp-block-list\">\n<li>Brigadista &#8211; 17<\/li>\n\n\n\n<li>Chefe de Esquadr\u00e3o &#8211; 03<\/li>\n\n\n\n<li>Chefe de Brigada &#8211; 01<\/li>\n<\/ul>\n\n\n\n<h4 class=\"wp-block-heading\"><a href=\"https:\/\/www.gov.br\/ibama\/pt-br\/acesso-a-informacao\/editais-e-convites\/arquivos\/to\/2020-06-22-ibama-prevfogo-to-editalbrifkraho.pdf\" target=\"_blank\" rel=\"noreferrer noopener\">Itacaj\u00e1-TO<\/a><\/h4>\n\n\n\n<ul class=\"wp-block-list\">\n<li>Brigadista &#8211; 25<\/li>\n\n\n\n<li>Chefe de Esquadr\u00e3o &#8211; 05<\/li>\n\n\n\n<li>Chefe de Brigada &#8211; 01<\/li>\n<\/ul>\n\n\n\n<h2 class=\"wp-block-heading\">Edital n\u00ba 4\/2020<\/h2>\n\n\n\n<p>Ao todo, s\u00e3o&nbsp;<strong>125 vagas<\/strong>&nbsp;para Brigadista, Chefe de Esquadr\u00e3o e Chefe de Brigada, com contratos que v\u00e3o durar&nbsp;<strong>5 meses<\/strong>. <\/p>\n\n\n\n<h4 class=\"wp-block-heading\"><a href=\"https:\/\/www.gov.br\/ibama\/pt-br\/acesso-a-informacao\/editais-e-convites\/arquivos\/df\/20200622ibamaprevfogodfprontoemprego.pdf\" target=\"_blank\" rel=\"noreferrer noopener\">Bras\u00edlia-DF<\/a><\/h4>\n\n\n\n<ul class=\"wp-block-list\">\n<li>Brigadista &#8211; 27<\/li>\n\n\n\n<li>Chefe de Esquadr\u00e3o- 05<\/li>\n\n\n\n<li>Chefe de Brigada &#8211; 03<\/li>\n<\/ul>\n\n\n\n<h4 class=\"wp-block-heading\"><a href=\"https:\/\/www.gov.br\/ibama\/pt-br\/acesso-a-informacao\/editais-e-convites\/arquivos\/rj\/2020-06-22-ibama-prevfogo-rj.pdf\" target=\"_blank\" rel=\"noreferrer noopener\">Rio de Janeiro-RJ<\/a><\/h4>\n\n\n\n<ul class=\"wp-block-list\">\n<li>Brigadista &#8211; 24<\/li>\n\n\n\n<li>Chefe de Esquadr\u00e3o- 04<\/li>\n\n\n\n<li>Chefe de Brigada &#8211; 02<\/li>\n<\/ul>\n\n\n\n<h4 class=\"wp-block-heading\"><a href=\"https:\/\/www.gov.br\/ibama\/pt-br\/acesso-a-informacao\/editais-e-convites\/arquivos\/ro\/2020-06-22-ibama-prevfogo-ro-portovelho.pdf\" target=\"_blank\" rel=\"noreferrer noopener\">Porto Velho-RO<\/a><\/h4>\n\n\n\n<ul class=\"wp-block-list\">\n<li>Brigadista &#8211; 24<\/li>\n\n\n\n<li>Chefe de Esquadr\u00e3o- 04<\/li>\n\n\n\n<li>Chefe de Brigada &#8211; 02<\/li>\n<\/ul>\n\n\n\n<h4 class=\"wp-block-heading\"><a href=\"https:\/\/www.gov.br\/ibama\/pt-br\/acesso-a-informacao\/editais-e-convites\/arquivos\/to\/2020-06-22-ibama-prevfogo-to-editalbrifprontoempregoxerente.pdf\" target=\"_blank\" rel=\"noreferrer noopener\">Tocant\u00ednia-TO<\/a><\/h4>\n\n\n\n<ul class=\"wp-block-list\">\n<li>Brigadista &#8211; 24<\/li>\n\n\n\n<li>Chefe de Esquadr\u00e3o- 04<\/li>\n\n\n\n<li>Chefe de Brigada &#8211; 02<\/li>\n<\/ul>\n\n\n\n<h2 class=\"wp-block-heading\">Edital n\u00ba 5\/2020<\/h2>\n\n\n\n<p>Neste edital, s\u00e3o&nbsp;<strong>05 vagas<\/strong>&nbsp;para Supervisor de Brigadas Federal, com lota\u00e7\u00e3o em Bras\u00edlia\/DF. O contrato ter\u00e1 dura\u00e7\u00e3o de&nbsp;<strong>5 meses<\/strong>.<\/p>\n\n\n\n<h4 class=\"wp-block-heading\"><a href=\"https:\/\/www.gov.br\/ibama\/pt-br\/acesso-a-informacao\/editais-e-convites\/arquivos\/df\/20200622ibamaprevfogodfsupervisor.pdf\" target=\"_blank\" rel=\"noreferrer noopener\">Bras\u00edlia-DF<\/a><\/h4>\n\n\n\n<ul class=\"wp-block-list\">\n<li>Supervisor de Brigadas Federal &#8211; 05<\/li>\n<\/ul>\n\n\n\n<h2 class=\"wp-block-heading\">Edital n\u00ba 6\/2020<\/h2>\n\n\n\n<p>No \u00faltimo edital do processo seletivo IBAMA, s\u00e3o ofertadas, ao todo,&nbsp;<strong>22 vagas<\/strong>&nbsp;para Supervisor de Brigadas Federal. O contrato ter\u00e1&nbsp;<strong>dura\u00e7\u00e3o de 5 ou 6 meses<\/strong>, conforme a lota\u00e7\u00e3o.<\/p>\n\n\n\n<h4 class=\"wp-block-heading\"><a href=\"https:\/\/www.gov.br\/ibama\/pt-br\/acesso-a-informacao\/editais-e-convites\/arquivos\/ba\/2020-06-22-ibama-prevfogo-ba-supervisorestadual.pdf\" target=\"_blank\" rel=\"noreferrer noopener\">Barreiras e Itaet\u00e9-BA<\/a><\/h4>\n\n\n\n<ul class=\"wp-block-list\">\n<li>Supervisor de Brigadas &#8211; 02<\/li>\n<\/ul>\n\n\n\n<h4 class=\"wp-block-heading\"><a href=\"https:\/\/www.gov.br\/ibama\/pt-br\/acesso-a-informacao\/editais-e-convites\/arquivos\/ce\/2020-06-22-ibama-prevfogo-ce-supervisor.pdf\" target=\"_blank\" rel=\"noreferrer noopener\">Fortaleza-CE<\/a><\/h4>\n\n\n\n<ul class=\"wp-block-list\">\n<li>Supervisor de Brigadas &#8211; 01<\/li>\n<\/ul>\n\n\n\n<h4 class=\"wp-block-heading\"><a rel=\"noreferrer noopener\" href=\"https:\/\/www.gov.br\/ibama\/pt-br\/acesso-a-informacao\/editais-e-convites\/arquivos\/go\/2020-06-22-ibama-prevfogo-go-supervisores.pdf\" target=\"_blank\">Goi\u00e2nia-GO<\/a><\/h4>\n\n\n\n<ul class=\"wp-block-list\">\n<li>Supervisor de Brigadas &#8211; 02<\/li>\n<\/ul>\n\n\n\n<h4 class=\"wp-block-heading\"><a href=\"https:\/\/www.gov.br\/ibama\/pt-br\/acesso-a-informacao\/editais-e-convites\/arquivos\/ma\/2020-06-22-ibama-prevfogo-ma-supervisor.pdf\" target=\"_blank\" rel=\"noreferrer noopener\">S\u00e3o Lu\u00eds, Graja\u00fa e Imperatriz-MA <\/a><\/h4>\n\n\n\n<ul class=\"wp-block-list\">\n<li>Supervisor de Brigadas &#8211; 03<\/li>\n<\/ul>\n\n\n\n<h4 class=\"wp-block-heading\"><a href=\"https:\/\/www.gov.br\/ibama\/pt-br\/acesso-a-informacao\/editais-e-convites\/arquivos\/ms\/2020-06-22-ibama-prevfogo-ms-supervisor.pdf\" target=\"_blank\" rel=\"noreferrer noopener\">Campo Grande e Corumb\u00e1-MS<\/a><\/h4>\n\n\n\n<ul class=\"wp-block-list\">\n<li>Supervisor de Brigadas &#8211; 02<\/li>\n<\/ul>\n\n\n\n<h4 class=\"wp-block-heading\"><a href=\"https:\/\/www.gov.br\/ibama\/pt-br\/acesso-a-informacao\/editais-e-convites\/arquivos\/pe\/2020-06-22-ibama-prevfogo-pe-supervisor.pdf\" target=\"_blank\" rel=\"noreferrer noopener\">Serra Talhada-PE<\/a><\/h4>\n\n\n\n<ul class=\"wp-block-list\">\n<li>Supervisor de Brigadas &#8211; 01<\/li>\n<\/ul>\n\n\n\n<h4 class=\"wp-block-heading\"><a href=\"https:\/\/www.gov.br\/ibama\/pt-br\/acesso-a-informacao\/editais-e-convites\/arquivos\/pi\/2020-06-22-ibama-prevfogo-pi-supervisor.pdf\" target=\"_blank\" rel=\"noreferrer noopener\">Teresina e Bom Jesus-PI<\/a><\/h4>\n\n\n\n<ul class=\"wp-block-list\">\n<li>Supervisor de Brigadas &#8211; 02<\/li>\n<\/ul>\n\n\n\n<h4 class=\"wp-block-heading\"><a href=\"https:\/\/www.gov.br\/ibama\/pt-br\/acesso-a-informacao\/editais-e-convites\/arquivos\/rj\/2020-06-22-ibama-prevfogo-rj-supervisor.pdf\" target=\"_blank\" rel=\"noreferrer noopener\">Rio de Janeiro-RJ<\/a><\/h4>\n\n\n\n<ul class=\"wp-block-list\">\n<li>Supervisor de Brigadas &#8211; 02<\/li>\n<\/ul>\n\n\n\n<h4 class=\"wp-block-heading\"><a href=\"https:\/\/www.gov.br\/ibama\/pt-br\/acesso-a-informacao\/editais-e-convites\/arquivos\/ro\/2020-06-22-ibama-prevfogo-ro-supervisor.pdf\" target=\"_blank\" rel=\"noreferrer noopener\">Porto Velho-RO<\/a><\/h4>\n\n\n\n<ul class=\"wp-block-list\">\n<li>Supervisor de Brigadas &#8211; 03<\/li>\n<\/ul>\n\n\n\n<h4 class=\"wp-block-heading\"><a href=\"https:\/\/www.gov.br\/ibama\/pt-br\/acesso-a-informacao\/editais-e-convites\/arquivos\/to\/2020-06-22-ibama-prevfogo-to-editalsupervisorestadual2020tocantins.pdf\" target=\"_blank\" rel=\"noreferrer noopener\">Palmas, Formoso do Araguaia, Tocant\u00ednia e Tocantin\u00f3polis-TO<\/a><\/h4>\n\n\n\n<ul class=\"wp-block-list\">\n<li>Supervisor de Brigadas &#8211; 04<\/li>\n<\/ul>\n\n\n\n<p class=\"has-text-align-center has-very-light-gray-background-color has-background\" style=\"font-size:clamp(14.642px, 0.915rem + ((1vw - 3.2px) * 0.721), 22px);px\"><strong>Saiba mais: <a href=\"https:\/\/www.estrategiaconcursos.com.br\/blog\/edital-pss-ibama\/\" target=\"_blank\" rel=\"noreferrer noopener\">PSS IBAMA<\/a><\/strong><\/p>\n\n\n\n<hr class=\"wp-block-separator has-css-opacity\"\/>\n\n\n\n<p class=\"has-text-align-center has-medium-font-size\"><em><strong>Assinatura Anual Ilimitada*<\/strong><\/em><\/p>\n\n\n\n<p class=\"has-text-align-center\"><em>Prepare-se com o melhor material e com quem mais aprova em Concursos P\u00fablicos em todo o pa\u00eds. Assine agora a nossa Assinatura Anual e tenha acesso ilimitado* a todos os nossos cursos.<\/em><\/p>\n\n\n\n<p class=\"has-text-align-center has-light-green-cyan-background-color has-background\" style=\"font-size:clamp(14.642px, 0.915rem + ((1vw - 3.2px) * 0.721), 22px);px\"><strong>ASSINE AGORA<\/strong>&nbsp;\u2013&nbsp;<strong><a rel=\"noreferrer noopener\" href=\"https:\/\/www.estrategiaconcursos.com.br\/assinaturas\" target=\"_blank\">Assinatura Ilimitada<\/a><\/strong><\/p>\n\n\n\n<p class=\"has-text-align-center has-medium-font-size\"><strong><em><strong>Sistema de Quest\u00f5es<\/strong><\/em><\/strong><\/p>\n\n\n\n<p class=\"has-text-align-center\"><em>Estrat\u00e9gia Quest\u00f5es nasceu maior do que todos os concorrentes, com mais quest\u00f5es cadastradas e mais solu\u00e7\u00f5es por professores. Ent\u00e3o, confira e aproveite os descontos e b\u00f4nus imperd\u00edveis!<\/em><\/p>\n\n\n\n<p class=\"has-text-align-center has-vivid-green-cyan-background-color has-background\" style=\"font-size:clamp(14.642px, 0.915rem + ((1vw - 3.2px) * 0.721), 22px);px\"><strong>ASSINE AGORA \u2013&nbsp;<a rel=\"noreferrer noopener\" href=\"https:\/\/www.estrategiaconcursos.com.br\/cursosPorConcurso\/sistema-de-questoes\/#\/\" target=\"_blank\">Sistema de Quest\u00f5es<\/a><\/strong><\/p>\n\n\n\n<p class=\"has-text-align-center has-normal-font-size\"><strong><em>Fique por dentro dos concursos em aberto<\/em><\/strong><\/p>\n\n\n\n<p class=\"has-text-align-center has-pale-cyan-blue-background-color has-background\" style=\"font-size:clamp(14.642px, 0.915rem + ((1vw - 3.2px) * 0.721), 22px);px\"><a href=\"https:\/\/www.estrategiaconcursos.com.br\/blog\/concursos-abertos\/\" target=\"_blank\" rel=\"noreferrer noopener\"><strong>CONCURSOS ABERTOS<\/strong><\/a><\/p>\n\n\n\n<figure class=\"wp-block-image\"><img loading=\"lazy\" decoding=\"async\" width=\"300\" height=\"102\" src=\"https:\/\/dhg1h5j42swfq.cloudfront.net\/2017\/03\/28152500\/coruja-ficha-tecnica-300x102.png\" alt=\"Informa\u00e7\u00f5es sobre o Processo Seletivo IBAMA\" class=\"wp-image-68542\"\/><\/figure>\n\n\n\n<h3 class=\"wp-block-heading\" id=\"ficha\"><strong>Informa\u00e7\u00f5es sobre o Processo Seletivo IBAMA<\/strong><\/h3>\n\n\n\n<ul class=\"wp-block-list\">\n<li><strong>Vagas<\/strong>: 843<\/li>\n\n\n\n<li><strong>Cargos<\/strong>: Chefe de Esquadr\u00e3o e de Brigada, Brigadista e Supervisor de Brigadas<\/li>\n\n\n\n<li><strong>Lota\u00e7\u00f5es<\/strong>: AC, AM, AP, BA, CE, DF, GO, MA, MG, MS, MT, PA, PE, PI, RJ, RO, RR e TO<\/li>\n\n\n\n<li><strong>Edital geral<\/strong>:&nbsp;<a rel=\"noreferrer noopener\" href=\"https:\/\/dhg1h5j42swfq.cloudfront.net\/2020\/06\/23150649\/edital-ibama-1.pdf\" target=\"_blank\">Edital PSS IBAMA<\/a><\/li>\n<\/ul>\n\n\n\n<p><br \/><em>Ascom Estrat\u00e9gia<\/em><br \/>ascomestrategia@gmail.com<\/p>\n","protected":false},"excerpt":{"rendered":"<p>Foram publicados quatro editais de Processo Seletivo IBAMA para contrata\u00e7\u00e3o tempor\u00e1ria. Juntos, os documentos somam o provimento de 843 vagas para o Instituto Brasileiro do Meio Ambiente e dos Recursos Naturais Renov\u00e1veis. Os dois primeiros editais contemplam oportunidades para os cargos de Brigadistas, Chefes de Esquadr\u00e3o e Chefes de Brigada. J\u00e1 os demais trazem vagas [&hellip;]<\/p>\n","protected":false},"author":73,"featured_media":123873,"comment_status":"open","ping_status":"closed","sticky":false,"template":"","format":"standard","meta":{"post_tipo":"article","footnotes":""},"categories":[1],"tags":[],"tax_estado":[],"class_list":["post-530620","post","type-post","status-publish","format-standard","has-post-thumbnail","hentry","category-cursos-e-concursos"],"acf":[],"yoast_head":"<!-- This site is optimized with the Yoast SEO Premium plugin v27.2 (Yoast SEO v27.2) - https:\/\/yoast.com\/product\/yoast-seo-premium-wordpress\/ -->\n<title>Processo Seletivo IBAMA: editais com 843 vagas; confira!<\/title>\n<meta name=\"description\" content=\"Processo seletivo IBAMA: Instituto divulga editais para provimento de 843 vagas tempor\u00e1rias. Acesse e saiba todos os detalhes!\" \/>\n<meta name=\"robots\" content=\"index, follow, max-snippet:-1, max-image-preview:large, max-video-preview:-1\" \/>\n<link rel=\"canonical\" href=\"https:\/\/www.estrategiaconcursos.com.br\/blog\/processo-seletivo-ibama-843-vagas\/\" \/>\n<meta property=\"og:locale\" content=\"pt_BR\" \/>\n<meta property=\"og:type\" content=\"article\" \/>\n<meta property=\"og:title\" content=\"Processo Seletivo IBAMA: editais com 843 vagas; confira!\" \/>\n<meta property=\"og:description\" content=\"Processo seletivo IBAMA: Instituto divulga editais para provimento de 843 vagas tempor\u00e1rias. Acesse e saiba todos os detalhes!\" \/>\n<meta property=\"og:url\" content=\"https:\/\/www.estrategiaconcursos.com.br\/blog\/processo-seletivo-ibama-843-vagas\/\" \/>\n<meta property=\"og:site_name\" content=\"Estrat\u00e9gia Concursos\" \/>\n<meta property=\"article:author\" content=\"https:\/\/www.facebook.com\/rosenvaljr\" \/>\n<meta property=\"article:published_time\" content=\"2020-06-23T16:12:44+00:00\" \/>\n<meta property=\"article:modified_time\" content=\"2023-07-05T13:07:01+00:00\" \/>\n<meta property=\"og:image\" content=\"https:\/\/dhg1h5j42swfq.cloudfront.net\/2018\/05\/02101505\/jornalismo-IBAMA.jpg\" \/>\n\t<meta property=\"og:image:width\" content=\"1200\" \/>\n\t<meta property=\"og:image:height\" content=\"628\" \/>\n\t<meta property=\"og:image:type\" content=\"image\/jpeg\" \/>\n<meta name=\"author\" content=\"Rosenval J\u00fanior\" \/>\n<meta name=\"twitter:card\" content=\"summary_large_image\" \/>\n<meta name=\"twitter:creator\" content=\"@EstratConcursos\" \/>\n<meta name=\"twitter:site\" content=\"@EstratConcursos\" \/>\n<meta name=\"twitter:label1\" content=\"Escrito por\" \/>\n\t<meta name=\"twitter:data1\" content=\"Rosenval J\u00fanior\" \/>\n\t<meta name=\"twitter:label2\" content=\"Est. tempo de leitura\" \/>\n\t<meta name=\"twitter:data2\" content=\"5 minutos\" \/>\n<script type=\"application\/ld+json\" class=\"yoast-schema-graph\">{\"@context\":\"https:\/\/schema.org\",\"@graph\":[{\"@type\":\"NewsArticle\",\"@id\":\"https:\/\/www.estrategiaconcursos.com.br\/blog\/processo-seletivo-ibama-843-vagas\/#article\",\"isPartOf\":{\"@id\":\"https:\/\/www.estrategiaconcursos.com.br\/blog\/processo-seletivo-ibama-843-vagas\/\"},\"author\":{\"name\":\"Rosenval J\u00fanior\",\"@id\":\"https:\/\/www.estrategiaconcursos.com.br\/blog\/#\/schema\/person\/3489eb8fb39ff11193689cf7762b03b0\"},\"headline\":\"Processo Seletivo IBAMA: editais com 843 vagas; confira!\",\"datePublished\":\"2020-06-23T16:12:44+00:00\",\"dateModified\":\"2023-07-05T13:07:01+00:00\",\"mainEntityOfPage\":{\"@id\":\"https:\/\/www.estrategiaconcursos.com.br\/blog\/processo-seletivo-ibama-843-vagas\/\"},\"wordCount\":1066,\"commentCount\":0,\"publisher\":{\"@id\":\"https:\/\/www.estrategiaconcursos.com.br\/blog\/#organization\"},\"image\":{\"@id\":\"https:\/\/www.estrategiaconcursos.com.br\/blog\/processo-seletivo-ibama-843-vagas\/#primaryimage\"},\"thumbnailUrl\":\"https:\/\/dhg1h5j42swfq.cloudfront.net\/2018\/05\/02101505\/jornalismo-IBAMA.jpg\",\"articleSection\":[\"Concursos P\u00fablicos\"],\"inLanguage\":\"pt-BR\",\"potentialAction\":[{\"@type\":\"CommentAction\",\"name\":\"Comment\",\"target\":[\"https:\/\/www.estrategiaconcursos.com.br\/blog\/processo-seletivo-ibama-843-vagas\/#respond\"]}],\"copyrightYear\":\"2020\",\"copyrightHolder\":{\"@id\":\"https:\/\/www.estrategiaconcursos.com.br\/blog\/#organization\"}},{\"@type\":\"WebPage\",\"@id\":\"https:\/\/www.estrategiaconcursos.com.br\/blog\/processo-seletivo-ibama-843-vagas\/\",\"url\":\"https:\/\/www.estrategiaconcursos.com.br\/blog\/processo-seletivo-ibama-843-vagas\/\",\"name\":\"Processo Seletivo IBAMA: editais com 843 vagas; confira!\",\"isPartOf\":{\"@id\":\"https:\/\/www.estrategiaconcursos.com.br\/blog\/#website\"},\"primaryImageOfPage\":{\"@id\":\"https:\/\/www.estrategiaconcursos.com.br\/blog\/processo-seletivo-ibama-843-vagas\/#primaryimage\"},\"image\":{\"@id\":\"https:\/\/www.estrategiaconcursos.com.br\/blog\/processo-seletivo-ibama-843-vagas\/#primaryimage\"},\"thumbnailUrl\":\"https:\/\/dhg1h5j42swfq.cloudfront.net\/2018\/05\/02101505\/jornalismo-IBAMA.jpg\",\"datePublished\":\"2020-06-23T16:12:44+00:00\",\"dateModified\":\"2023-07-05T13:07:01+00:00\",\"description\":\"Processo seletivo IBAMA: Instituto divulga editais para provimento de 843 vagas tempor\u00e1rias. Acesse e saiba todos os detalhes!\",\"breadcrumb\":{\"@id\":\"https:\/\/www.estrategiaconcursos.com.br\/blog\/processo-seletivo-ibama-843-vagas\/#breadcrumb\"},\"inLanguage\":\"pt-BR\",\"potentialAction\":[{\"@type\":\"ReadAction\",\"target\":[\"https:\/\/www.estrategiaconcursos.com.br\/blog\/processo-seletivo-ibama-843-vagas\/\"]}]},{\"@type\":\"ImageObject\",\"inLanguage\":\"pt-BR\",\"@id\":\"https:\/\/www.estrategiaconcursos.com.br\/blog\/processo-seletivo-ibama-843-vagas\/#primaryimage\",\"url\":\"https:\/\/dhg1h5j42swfq.cloudfront.net\/2018\/05\/02101505\/jornalismo-IBAMA.jpg\",\"contentUrl\":\"https:\/\/dhg1h5j42swfq.cloudfront.net\/2018\/05\/02101505\/jornalismo-IBAMA.jpg\",\"width\":1200,\"height\":628,\"caption\":\"IBAMA\"},{\"@type\":\"BreadcrumbList\",\"@id\":\"https:\/\/www.estrategiaconcursos.com.br\/blog\/processo-seletivo-ibama-843-vagas\/#breadcrumb\",\"itemListElement\":[{\"@type\":\"ListItem\",\"position\":1,\"name\":\"In\u00edcio\",\"item\":\"https:\/\/www.estrategiaconcursos.com.br\/blog\/\"},{\"@type\":\"ListItem\",\"position\":2,\"name\":\"Processo Seletivo IBAMA: editais com 843 vagas; confira!\"}]},{\"@type\":\"WebSite\",\"@id\":\"https:\/\/www.estrategiaconcursos.com.br\/blog\/#website\",\"url\":\"https:\/\/www.estrategiaconcursos.com.br\/blog\/\",\"name\":\"Estrat\u00e9gia Concursos\",\"description\":\"O blog da Estrat\u00e9gia Concursos traz not\u00edcias sobre concursos e artigos de professores oferecendo cursos para concursos (pdf + videaulas) no site.\",\"publisher\":{\"@id\":\"https:\/\/www.estrategiaconcursos.com.br\/blog\/#organization\"},\"potentialAction\":[{\"@type\":\"SearchAction\",\"target\":{\"@type\":\"EntryPoint\",\"urlTemplate\":\"https:\/\/www.estrategiaconcursos.com.br\/blog\/?s={search_term_string}\"},\"query-input\":{\"@type\":\"PropertyValueSpecification\",\"valueRequired\":true,\"valueName\":\"search_term_string\"}}],\"inLanguage\":\"pt-BR\"},{\"@type\":\"Organization\",\"@id\":\"https:\/\/www.estrategiaconcursos.com.br\/blog\/#organization\",\"name\":\"Estrat\u00e9gia Concursos\",\"url\":\"https:\/\/www.estrategiaconcursos.com.br\/blog\/\",\"logo\":{\"@type\":\"ImageObject\",\"inLanguage\":\"pt-BR\",\"@id\":\"https:\/\/www.estrategiaconcursos.com.br\/blog\/#\/schema\/logo\/image\/\",\"url\":\"https:\/\/dhg1h5j42swfq.cloudfront.net\/2025\/06\/03203428\/logo_concursos-1.jpg\",\"contentUrl\":\"https:\/\/dhg1h5j42swfq.cloudfront.net\/2025\/06\/03203428\/logo_concursos-1.jpg\",\"width\":230,\"height\":60,\"caption\":\"Estrat\u00e9gia Concursos\"},\"image\":{\"@id\":\"https:\/\/www.estrategiaconcursos.com.br\/blog\/#\/schema\/logo\/image\/\"},\"sameAs\":[\"https:\/\/x.com\/EstratConcursos\"]},{\"@type\":\"Person\",\"@id\":\"https:\/\/www.estrategiaconcursos.com.br\/blog\/#\/schema\/person\/3489eb8fb39ff11193689cf7762b03b0\",\"name\":\"Rosenval J\u00fanior\",\"image\":{\"@type\":\"ImageObject\",\"inLanguage\":\"pt-BR\",\"@id\":\"https:\/\/secure.gravatar.com\/avatar\/dc38e7bcadccb99c8a28b35b027bdc6b8b6a65ee938a25ed335e3e31eed462e0?s=96&d=mm&r=g\",\"url\":\"https:\/\/secure.gravatar.com\/avatar\/dc38e7bcadccb99c8a28b35b027bdc6b8b6a65ee938a25ed335e3e31eed462e0?s=96&d=mm&r=g\",\"contentUrl\":\"https:\/\/secure.gravatar.com\/avatar\/dc38e7bcadccb99c8a28b35b027bdc6b8b6a65ee938a25ed335e3e31eed462e0?s=96&d=mm&r=g\",\"caption\":\"Rosenval J\u00fanior\"},\"description\":\"Graduado pela Universidade Federal de Vi\u00e7osa - UFV. P\u00f3s-graduado em Direito Ambiental. Graduado tamb\u00e9m em Gest\u00e3o Ambiental, com tr\u00eas especializa\u00e7\u00f5es na \u00e1rea ambiental. Mestrando em Engenharia Ambiental. Servidor p\u00fablico do Minist\u00e9rio da Justi\u00e7a e professor de Direito Ambiental, Meio Ambiente, Direito Agr\u00e1rio e Direito Urban\u00edstico para concursos p\u00fablicos. Professor de Direito Ambiental para o Exame de Ordem. Aprovado em 15 concursos p\u00fablicos na \u00e1rea de Meio Ambiente como Analista Ambiental do Instituto Brasileiro do Meio Ambiente e dos Recursos Naturais Renov\u00e1veis - IBAMA; Analista Pericial - Especialidade Engenharia Florestal do Minist\u00e9rio P\u00fablico da Uni\u00e3o - MPU; Analista de Infraestrutura - \u00c1rea de Especializa\u00e7\u00e3o Ambiental do Departamento Nacional de Infraestrutura de Transportes - DNIT; Especialista em Regula\u00e7\u00e3o - \u00c1rea Engenharia Ambiental e Engenharia Florestal, com \u00eanfase em Meio Ambiente da Ag\u00eancia Nacional de Transportes Terrestres - ANTT; Consultor Legislativo em Meio Ambiente e Direito Ambiental, Organiza\u00e7\u00e3o Territorial, Desenvolvimento Urbano e Regional da C\u00e2mara dos Deputados; entre outros. Autor do livro \\\"Direito Ambiental para Concursos e Exame de Ordem\\\", Editora Juru\u00e1. Iniciou sua carreira no servi\u00e7o p\u00fablico federal em 2006, quando obteve aprova\u00e7\u00e3o em 1\u00b0 lugar para o cargo de engenheiro florestal da Casa Civil da Presid\u00eancia da Rep\u00fablica\/Arquivo Nacional. Alguns concursos em que foi aprovado: 1\u00b0 lugar para Analista do Minist\u00e9rio P\u00fablico de MG; 1\u00ba lugar para Engenheiro da Casa Civil da Presid\u00eancia da Rep\u00fablica; 1\u00b0 lugar para T\u00e9cnico em Recursos Naturais \u2013 n\u00edvel II \u2013 \u00c1rea Engenharia Florestal do IDAF; 2\u00b0 lugar para Analista Pericial do Minist\u00e9rio P\u00fablico da Uni\u00e3o - MPU; 2\u00b0 lugar para Analista em Reforma e Desenvolvimento Agr\u00e1rio do INCRA; 7\u00ba lugar Engenheiro J\u00fanior da Caixa Econ\u00f4mica Federal; 10\u00ba lugar para Analista Ambiental do Instituto Estadual de Florestas - IEF\/MG; 6\u00ba lugar para Analista de Infraestrutura (\u00c1rea de Especializa\u00e7\u00e3o Ambiental) do Departamento Nacional de Infraestrutura de Transportes \u2013 DNIT (Prova objetiva e discursiva); 2\u00b0 lugar para Perito Criminal da Pol\u00edcia Civil do Estado do Rio de Janeiro \u2013PCERJ (Resultado na Prova objetiva, TAF, Avalia\u00e7\u00e3o M\u00e9dica, e Psicot\u00e9cnico); 10\u00ba lugar para Perito Criminal da Pol\u00edcia Federal \u2013 DPF \u2013 \u00c1rea 9 (Resultado definitivo na prova objetiva e discursiva); 2\u00b0 lugar para Analista Ambiental do Instituto Brasileiro do Meio Ambiente e dos Recursos Naturais Renov\u00e1veis \u2013 IBAMA (Prova objetiva e discursiva); 1\u00b0 lugar para Especialista em Regula\u00e7\u00e3o Engenharia Ambiental e Engenharia Florestal (com \u00eanfase em meio ambiente) da Ag\u00eancia Nacional de Transportes Terrestres - ANTT (Resultado da prova objetiva, discursiva e de t\u00edtulos); 10\u00ba lugar para Consultor Legislativo em Meio Ambiente e Direito Ambiental, Organiza\u00e7\u00e3o Territorial, Desenvolvimento Urbano e Regional da C\u00e2mara dos Deputados. (Resultado da prova objetiva, discursiva e de t\u00edtulos) Entre em contato comigo pelo facebook e pelo Youtube. Basta colocar na busca: Rosenval J\u00fanior. Ou copiar e colar o endere\u00e7o: www.facebook.com\/rosenvaljr Acesse o meu site e saiba mais: www.aprendadireitoambiental.com.br\",\"sameAs\":[\"http:\/\/www.aprendadireitoambiental.com.br\",\"https:\/\/www.facebook.com\/rosenvaljr\"],\"url\":\"https:\/\/www.estrategiaconcursos.com.br\/blog\/author\/rosenvaljuniorestrategiaconcursos-com-br\/\"}]}<\/script>\n<!-- \/ Yoast SEO Premium plugin. -->","yoast_head_json":{"title":"Processo Seletivo IBAMA: editais com 843 vagas; confira!","description":"Processo seletivo IBAMA: Instituto divulga editais para provimento de 843 vagas tempor\u00e1rias. Acesse e saiba todos os detalhes!","robots":{"index":"index","follow":"follow","max-snippet":"max-snippet:-1","max-image-preview":"max-image-preview:large","max-video-preview":"max-video-preview:-1"},"canonical":"https:\/\/www.estrategiaconcursos.com.br\/blog\/processo-seletivo-ibama-843-vagas\/","og_locale":"pt_BR","og_type":"article","og_title":"Processo Seletivo IBAMA: editais com 843 vagas; confira!","og_description":"Processo seletivo IBAMA: Instituto divulga editais para provimento de 843 vagas tempor\u00e1rias. Acesse e saiba todos os detalhes!","og_url":"https:\/\/www.estrategiaconcursos.com.br\/blog\/processo-seletivo-ibama-843-vagas\/","og_site_name":"Estrat\u00e9gia Concursos","article_author":"https:\/\/www.facebook.com\/rosenvaljr","article_published_time":"2020-06-23T16:12:44+00:00","article_modified_time":"2023-07-05T13:07:01+00:00","og_image":[{"width":1200,"height":628,"url":"https:\/\/dhg1h5j42swfq.cloudfront.net\/2018\/05\/02101505\/jornalismo-IBAMA.jpg","type":"image\/jpeg"}],"author":"Rosenval J\u00fanior","twitter_card":"summary_large_image","twitter_creator":"@EstratConcursos","twitter_site":"@EstratConcursos","twitter_misc":{"Escrito por":"Rosenval J\u00fanior","Est. tempo de leitura":"5 minutos"},"schema":{"@context":"https:\/\/schema.org","@graph":[{"@type":"NewsArticle","@id":"https:\/\/www.estrategiaconcursos.com.br\/blog\/processo-seletivo-ibama-843-vagas\/#article","isPartOf":{"@id":"https:\/\/www.estrategiaconcursos.com.br\/blog\/processo-seletivo-ibama-843-vagas\/"},"author":{"name":"Rosenval J\u00fanior","@id":"https:\/\/www.estrategiaconcursos.com.br\/blog\/#\/schema\/person\/3489eb8fb39ff11193689cf7762b03b0"},"headline":"Processo Seletivo IBAMA: editais com 843 vagas; confira!","datePublished":"2020-06-23T16:12:44+00:00","dateModified":"2023-07-05T13:07:01+00:00","mainEntityOfPage":{"@id":"https:\/\/www.estrategiaconcursos.com.br\/blog\/processo-seletivo-ibama-843-vagas\/"},"wordCount":1066,"commentCount":0,"publisher":{"@id":"https:\/\/www.estrategiaconcursos.com.br\/blog\/#organization"},"image":{"@id":"https:\/\/www.estrategiaconcursos.com.br\/blog\/processo-seletivo-ibama-843-vagas\/#primaryimage"},"thumbnailUrl":"https:\/\/dhg1h5j42swfq.cloudfront.net\/2018\/05\/02101505\/jornalismo-IBAMA.jpg","articleSection":["Concursos P\u00fablicos"],"inLanguage":"pt-BR","potentialAction":[{"@type":"CommentAction","name":"Comment","target":["https:\/\/www.estrategiaconcursos.com.br\/blog\/processo-seletivo-ibama-843-vagas\/#respond"]}],"copyrightYear":"2020","copyrightHolder":{"@id":"https:\/\/www.estrategiaconcursos.com.br\/blog\/#organization"}},{"@type":"WebPage","@id":"https:\/\/www.estrategiaconcursos.com.br\/blog\/processo-seletivo-ibama-843-vagas\/","url":"https:\/\/www.estrategiaconcursos.com.br\/blog\/processo-seletivo-ibama-843-vagas\/","name":"Processo Seletivo IBAMA: editais com 843 vagas; confira!","isPartOf":{"@id":"https:\/\/www.estrategiaconcursos.com.br\/blog\/#website"},"primaryImageOfPage":{"@id":"https:\/\/www.estrategiaconcursos.com.br\/blog\/processo-seletivo-ibama-843-vagas\/#primaryimage"},"image":{"@id":"https:\/\/www.estrategiaconcursos.com.br\/blog\/processo-seletivo-ibama-843-vagas\/#primaryimage"},"thumbnailUrl":"https:\/\/dhg1h5j42swfq.cloudfront.net\/2018\/05\/02101505\/jornalismo-IBAMA.jpg","datePublished":"2020-06-23T16:12:44+00:00","dateModified":"2023-07-05T13:07:01+00:00","description":"Processo seletivo IBAMA: Instituto divulga editais para provimento de 843 vagas tempor\u00e1rias. Acesse e saiba todos os detalhes!","breadcrumb":{"@id":"https:\/\/www.estrategiaconcursos.com.br\/blog\/processo-seletivo-ibama-843-vagas\/#breadcrumb"},"inLanguage":"pt-BR","potentialAction":[{"@type":"ReadAction","target":["https:\/\/www.estrategiaconcursos.com.br\/blog\/processo-seletivo-ibama-843-vagas\/"]}]},{"@type":"ImageObject","inLanguage":"pt-BR","@id":"https:\/\/www.estrategiaconcursos.com.br\/blog\/processo-seletivo-ibama-843-vagas\/#primaryimage","url":"https:\/\/dhg1h5j42swfq.cloudfront.net\/2018\/05\/02101505\/jornalismo-IBAMA.jpg","contentUrl":"https:\/\/dhg1h5j42swfq.cloudfront.net\/2018\/05\/02101505\/jornalismo-IBAMA.jpg","width":1200,"height":628,"caption":"IBAMA"},{"@type":"BreadcrumbList","@id":"https:\/\/www.estrategiaconcursos.com.br\/blog\/processo-seletivo-ibama-843-vagas\/#breadcrumb","itemListElement":[{"@type":"ListItem","position":1,"name":"In\u00edcio","item":"https:\/\/www.estrategiaconcursos.com.br\/blog\/"},{"@type":"ListItem","position":2,"name":"Processo Seletivo IBAMA: editais com 843 vagas; confira!"}]},{"@type":"WebSite","@id":"https:\/\/www.estrategiaconcursos.com.br\/blog\/#website","url":"https:\/\/www.estrategiaconcursos.com.br\/blog\/","name":"Estrat\u00e9gia Concursos","description":"O blog da Estrat\u00e9gia Concursos traz not\u00edcias sobre concursos e artigos de professores oferecendo cursos para concursos (pdf + videaulas) no site.","publisher":{"@id":"https:\/\/www.estrategiaconcursos.com.br\/blog\/#organization"},"potentialAction":[{"@type":"SearchAction","target":{"@type":"EntryPoint","urlTemplate":"https:\/\/www.estrategiaconcursos.com.br\/blog\/?s={search_term_string}"},"query-input":{"@type":"PropertyValueSpecification","valueRequired":true,"valueName":"search_term_string"}}],"inLanguage":"pt-BR"},{"@type":"Organization","@id":"https:\/\/www.estrategiaconcursos.com.br\/blog\/#organization","name":"Estrat\u00e9gia Concursos","url":"https:\/\/www.estrategiaconcursos.com.br\/blog\/","logo":{"@type":"ImageObject","inLanguage":"pt-BR","@id":"https:\/\/www.estrategiaconcursos.com.br\/blog\/#\/schema\/logo\/image\/","url":"https:\/\/dhg1h5j42swfq.cloudfront.net\/2025\/06\/03203428\/logo_concursos-1.jpg","contentUrl":"https:\/\/dhg1h5j42swfq.cloudfront.net\/2025\/06\/03203428\/logo_concursos-1.jpg","width":230,"height":60,"caption":"Estrat\u00e9gia Concursos"},"image":{"@id":"https:\/\/www.estrategiaconcursos.com.br\/blog\/#\/schema\/logo\/image\/"},"sameAs":["https:\/\/x.com\/EstratConcursos"]},{"@type":"Person","@id":"https:\/\/www.estrategiaconcursos.com.br\/blog\/#\/schema\/person\/3489eb8fb39ff11193689cf7762b03b0","name":"Rosenval J\u00fanior","image":{"@type":"ImageObject","inLanguage":"pt-BR","@id":"https:\/\/secure.gravatar.com\/avatar\/dc38e7bcadccb99c8a28b35b027bdc6b8b6a65ee938a25ed335e3e31eed462e0?s=96&d=mm&r=g","url":"https:\/\/secure.gravatar.com\/avatar\/dc38e7bcadccb99c8a28b35b027bdc6b8b6a65ee938a25ed335e3e31eed462e0?s=96&d=mm&r=g","contentUrl":"https:\/\/secure.gravatar.com\/avatar\/dc38e7bcadccb99c8a28b35b027bdc6b8b6a65ee938a25ed335e3e31eed462e0?s=96&d=mm&r=g","caption":"Rosenval J\u00fanior"},"description":"Graduado pela Universidade Federal de Vi\u00e7osa - UFV. P\u00f3s-graduado em Direito Ambiental. Graduado tamb\u00e9m em Gest\u00e3o Ambiental, com tr\u00eas especializa\u00e7\u00f5es na \u00e1rea ambiental. Mestrando em Engenharia Ambiental. Servidor p\u00fablico do Minist\u00e9rio da Justi\u00e7a e professor de Direito Ambiental, Meio Ambiente, Direito Agr\u00e1rio e Direito Urban\u00edstico para concursos p\u00fablicos. Professor de Direito Ambiental para o Exame de Ordem. Aprovado em 15 concursos p\u00fablicos na \u00e1rea de Meio Ambiente como Analista Ambiental do Instituto Brasileiro do Meio Ambiente e dos Recursos Naturais Renov\u00e1veis - IBAMA; Analista Pericial - Especialidade Engenharia Florestal do Minist\u00e9rio P\u00fablico da Uni\u00e3o - MPU; Analista de Infraestrutura - \u00c1rea de Especializa\u00e7\u00e3o Ambiental do Departamento Nacional de Infraestrutura de Transportes - DNIT; Especialista em Regula\u00e7\u00e3o - \u00c1rea Engenharia Ambiental e Engenharia Florestal, com \u00eanfase em Meio Ambiente da Ag\u00eancia Nacional de Transportes Terrestres - ANTT; Consultor Legislativo em Meio Ambiente e Direito Ambiental, Organiza\u00e7\u00e3o Territorial, Desenvolvimento Urbano e Regional da C\u00e2mara dos Deputados; entre outros. Autor do livro \"Direito Ambiental para Concursos e Exame de Ordem\", Editora Juru\u00e1. Iniciou sua carreira no servi\u00e7o p\u00fablico federal em 2006, quando obteve aprova\u00e7\u00e3o em 1\u00b0 lugar para o cargo de engenheiro florestal da Casa Civil da Presid\u00eancia da Rep\u00fablica\/Arquivo Nacional. Alguns concursos em que foi aprovado: 1\u00b0 lugar para Analista do Minist\u00e9rio P\u00fablico de MG; 1\u00ba lugar para Engenheiro da Casa Civil da Presid\u00eancia da Rep\u00fablica; 1\u00b0 lugar para T\u00e9cnico em Recursos Naturais \u2013 n\u00edvel II \u2013 \u00c1rea Engenharia Florestal do IDAF; 2\u00b0 lugar para Analista Pericial do Minist\u00e9rio P\u00fablico da Uni\u00e3o - MPU; 2\u00b0 lugar para Analista em Reforma e Desenvolvimento Agr\u00e1rio do INCRA; 7\u00ba lugar Engenheiro J\u00fanior da Caixa Econ\u00f4mica Federal; 10\u00ba lugar para Analista Ambiental do Instituto Estadual de Florestas - IEF\/MG; 6\u00ba lugar para Analista de Infraestrutura (\u00c1rea de Especializa\u00e7\u00e3o Ambiental) do Departamento Nacional de Infraestrutura de Transportes \u2013 DNIT (Prova objetiva e discursiva); 2\u00b0 lugar para Perito Criminal da Pol\u00edcia Civil do Estado do Rio de Janeiro \u2013PCERJ (Resultado na Prova objetiva, TAF, Avalia\u00e7\u00e3o M\u00e9dica, e Psicot\u00e9cnico); 10\u00ba lugar para Perito Criminal da Pol\u00edcia Federal \u2013 DPF \u2013 \u00c1rea 9 (Resultado definitivo na prova objetiva e discursiva); 2\u00b0 lugar para Analista Ambiental do Instituto Brasileiro do Meio Ambiente e dos Recursos Naturais Renov\u00e1veis \u2013 IBAMA (Prova objetiva e discursiva); 1\u00b0 lugar para Especialista em Regula\u00e7\u00e3o Engenharia Ambiental e Engenharia Florestal (com \u00eanfase em meio ambiente) da Ag\u00eancia Nacional de Transportes Terrestres - ANTT (Resultado da prova objetiva, discursiva e de t\u00edtulos); 10\u00ba lugar para Consultor Legislativo em Meio Ambiente e Direito Ambiental, Organiza\u00e7\u00e3o Territorial, Desenvolvimento Urbano e Regional da C\u00e2mara dos Deputados. (Resultado da prova objetiva, discursiva e de t\u00edtulos) Entre em contato comigo pelo facebook e pelo Youtube. Basta colocar na busca: Rosenval J\u00fanior. Ou copiar e colar o endere\u00e7o: www.facebook.com\/rosenvaljr Acesse o meu site e saiba mais: www.aprendadireitoambiental.com.br","sameAs":["http:\/\/www.aprendadireitoambiental.com.br","https:\/\/www.facebook.com\/rosenvaljr"],"url":"https:\/\/www.estrategiaconcursos.com.br\/blog\/author\/rosenvaljuniorestrategiaconcursos-com-br\/"}]}},"_links":{"self":[{"href":"https:\/\/www.estrategiaconcursos.com.br\/blog\/wp-json\/wp\/v2\/posts\/530620","targetHints":{"allow":["GET"]}}],"collection":[{"href":"https:\/\/www.estrategiaconcursos.com.br\/blog\/wp-json\/wp\/v2\/posts"}],"about":[{"href":"https:\/\/www.estrategiaconcursos.com.br\/blog\/wp-json\/wp\/v2\/types\/post"}],"author":[{"embeddable":true,"href":"https:\/\/www.estrategiaconcursos.com.br\/blog\/wp-json\/wp\/v2\/users\/73"}],"replies":[{"embeddable":true,"href":"https:\/\/www.estrategiaconcursos.com.br\/blog\/wp-json\/wp\/v2\/comments?post=530620"}],"version-history":[{"count":8,"href":"https:\/\/www.estrategiaconcursos.com.br\/blog\/wp-json\/wp\/v2\/posts\/530620\/revisions"}],"predecessor-version":[{"id":1243631,"href":"https:\/\/www.estrategiaconcursos.com.br\/blog\/wp-json\/wp\/v2\/posts\/530620\/revisions\/1243631"}],"wp:featuredmedia":[{"embeddable":true,"href":"https:\/\/www.estrategiaconcursos.com.br\/blog\/wp-json\/wp\/v2\/media\/123873"}],"wp:attachment":[{"href":"https:\/\/www.estrategiaconcursos.com.br\/blog\/wp-json\/wp\/v2\/media?parent=530620"}],"wp:term":[{"taxonomy":"category","embeddable":true,"href":"https:\/\/www.estrategiaconcursos.com.br\/blog\/wp-json\/wp\/v2\/categories?post=530620"},{"taxonomy":"post_tag","embeddable":true,"href":"https:\/\/www.estrategiaconcursos.com.br\/blog\/wp-json\/wp\/v2\/tags?post=530620"},{"taxonomy":"tax_estado","embeddable":true,"href":"https:\/\/www.estrategiaconcursos.com.br\/blog\/wp-json\/wp\/v2\/tax_estado?post=530620"}],"curies":[{"name":"wp","href":"https:\/\/api.w.org\/{rel}","templated":true}]}}