{"id":530412,"date":"2020-09-02T00:00:00","date_gmt":"2020-09-02T03:00:00","guid":{"rendered":"https:\/\/www.estrategiaconcursos.com.br\/blog\/?p=530412"},"modified":"2023-05-18T12:43:52","modified_gmt":"2023-05-18T15:43:52","slug":"edital-ime-cfrm","status":"publish","type":"post","link":"https:\/\/www.estrategiaconcursos.com.br\/blog\/edital-ime-cfrm\/","title":{"rendered":"Edital IME CFrm: inscri\u00e7\u00f5es encerradas!"},"content":{"rendered":"\n<p>Est\u00e3o encerradas as inscri\u00e7\u00f5es o concurso Instituto Militar de Engenharia, (edital IME CFrm) que oferta <strong>6 vagas<\/strong> para n\u00edvel superior.<\/p>\n\n\n\n<h2 class=\"wp-block-heading\">Webn\u00e1rio Instituto Militar de Engenharia IME: An\u00e1lise de Edital<\/h2>\n\n\n\n<p>Para que voc\u00ea n\u00e3o perca nenhum deste concursol, o Estrat\u00e9gia Concursos preparou uma super An\u00e1lise de Edital.<\/p>\n\n\n\n<p class=\"has-text-align-center\"><strong>Assista abaixo ou em nosso canal no YouTube:<\/strong><\/p>\n\n\n<figure class=\"wp-block-embed-youtube wp-block-embed is-type-video is-provider-youtube wp-embed-aspect-16-9 wp-has-aspect-ratio\"><div class=\"lyte-wrapper\" style=\"width:853px;max-width:100%;margin:5px;\"><div class=\"lyMe\" id=\"WYL_Y9KVOVhGtgQ\"><div id=\"lyte_Y9KVOVhGtgQ\" data-src=\"\/\/i.ytimg.com\/vi\/Y9KVOVhGtgQ\/hqdefault.jpg\" class=\"pL\"><div class=\"tC\"><div class=\"tT\"><\/div><\/div><div class=\"play\"><\/div><div class=\"ctrl\"><div class=\"Lctrl\"><\/div><div class=\"Rctrl\"><\/div><\/div><\/div><noscript><a href=\"https:\/\/youtu.be\/Y9KVOVhGtgQ\" rel=\"nofollow\"><img loading=\"lazy\" decoding=\"async\" src=\"https:\/\/i.ytimg.com\/vi\/Y9KVOVhGtgQ\/0.jpg\" alt=\"YouTube video thumbnail\" width=\"853\" height=\"460\" \/><br \/>Assista a este v\u00eddeo no YouTube<\/a><\/noscript><\/div><\/div><div class=\"lL\" style=\"max-width:100%;width:853px;margin:5px;\"><\/div><figcaption><\/figcaption><\/figure>\n\n\n<p><em>Confira neste artigo todas as informa\u00e7\u00f5es necess\u00e1rias para prestar o concurso Instituto Militar de Engenharia<\/em>: <\/p>\n\n\n\n<h2 class=\"wp-block-heading\">Principais informa\u00e7\u00f5es do concurso<\/h2>\n\n\n\n<p>Os candidatos interessados em realizar a inscri\u00e7\u00e3o, devem acessar o<em> site do IME <\/em>entre os dias <strong>16 de julho a 01 de setembro<\/strong>.<\/p>\n\n\n\n<p>Al\u00e9m disso, \u00e9 necess\u00e1rio fazer o pagamento da taxa de inscri\u00e7\u00e3o fixada em <strong>R$ 110,00.<\/strong> Veja abaixo as principais datas do certame:<\/p>\n\n\n\n<h3 class=\"wp-block-heading\" id=\"datas\">Principais datas:<\/h3>\n\n\n\n<p class=\"has-very-light-gray-background-color has-background\"><strong>Per\u00edodo de inscri\u00e7\u00f5es:<\/strong>&nbsp;16 de julho a 01 de setembro<br \/><strong>Solicita\u00e7\u00e3o da isen\u00e7\u00e3o da taxa:<\/strong>&nbsp;16 a 28 de julho <br \/><strong>Provas do concurso:<\/strong>&nbsp;28  e 29 de outubro<\/p>\n\n\n\n<h2 class=\"wp-block-heading\">Confira os cargos, vagas e remunera\u00e7\u00e3o do edital IME CFrm<\/h2>\n\n\n\n<ul class=\"wp-block-list\">\n<li><em>Engenharia de Computa\u00e7\u00e3o (5 vagas) <\/em><\/li>\n\n\n\n<li><em>Engenharia de Produ\u00e7\u00e3o (1 vaga)<\/em><\/li>\n<\/ul>\n\n\n\n<p>Ao ingressar no CFrm, o candidato adquire a condi\u00e7\u00e3o de militar e<br \/>de aluno do Curso B\u00e1sico de Forma\u00e7\u00e3o Militar do QEM (CBFM\/QEM) e, se aprovado neste curso, \u00e9 matriculado no Curso de Forma\u00e7\u00e3o Espec\u00edfica do QEM (CFE\/QEM).<\/p>\n\n\n\n<p>O soldo inicial \u00e9 de  <strong>R$ 8.245,00<\/strong> referente a patente de primeiro-tenente do Quadro de Material B\u00e9lico, da reserva de 2\u00aa Classe.<\/p>\n\n\n\n<h2 class=\"wp-block-heading\">Requisitos do edital IME CFrm<\/h2>\n\n\n\n<p>Para concorrer a uma vaga como Instituto Militar de Engenharia \u00e9 necess\u00e1rio:<\/p>\n\n\n\n<ul class=\"wp-block-list\">\n<li><em>ser brasileiro(a) nato(a);<\/em><\/li>\n\n\n\n<li><em>ter, no m\u00e1ximo, 26 (vinte e seis) anos de idade, completados no per\u00edodo de 1\u00ba de janeiro a 31 de dezembro do ano da matr\u00edcula (ano seguinte ao do concurso), de acordo coma al\u00ednea \u201cd\u201d do inciso III do art. 3\u00ba da Lei n\u00ba 12.705, de 8 de agosto de 2012; e<\/em><\/li>\n\n\n\n<li><em>ter conclu\u00eddo com aproveitamento, at\u00e9 o ato da matr\u00edcula, a gradua\u00e7\u00e3o em Engenharia plena por Institui\u00e7\u00e3o de Ensino Superior oficialmente reconhecida, em \u00e1rea de engenharia objeto do concurso, que o habilite ao exerc\u00edcio da profiss\u00e3o.<\/em><\/li>\n<\/ul>\n\n\n\n<h2 class=\"wp-block-heading\">Etapas do edital IME<\/h2>\n\n\n\n<p>O concurso IME ser\u00e1 composto de 5 etapas<em>,<\/em> confira abaixo:<\/p>\n\n\n\n<ul class=\"wp-block-list\">\n<li>Exame Intelectual (EI) \u2013 eliminat\u00f3rio e classificat\u00f3rio<\/li>\n\n\n\n<li>Inspe\u00e7\u00e3o de Sa\u00fade (IS) \u2013 eliminat\u00f3rio<\/li>\n\n\n\n<li>Exame de Aptid\u00e3o F\u00edsica (EAF) \u2013 eliminat\u00f3rio<\/li>\n\n\n\n<li>Avalia\u00e7\u00e3o Psicol\u00f3gica (Avl Psc) \u2013 eliminat\u00f3rio<\/li>\n\n\n\n<li>Processo de Heteroidentifica\u00e7\u00e3o (PH) para os candidatos que optarem pelas vagas reservadas \u2013 eliminat\u00f3rio<\/li>\n<\/ul>\n\n\n\n<h3 class=\"wp-block-heading\" id=\"intelectual\">Exame Intelectual (EI)<\/h3>\n\n\n\n<p>O Exame Intelectual ser\u00e1 eliminat\u00f3rio e classificat\u00f3rio sendo composto de tr\u00eas provas escritas:<\/p>\n\n\n\n<ul class=\"wp-block-list\">\n<li><strong>Portugu\u00eas<\/strong>&nbsp;\u2013 20 quest\u00f5es de m\u00faltipla escolha e 1 reda\u00e7\u00e3o<\/li>\n\n\n\n<li><strong>Ingl\u00eas<\/strong>&nbsp;\u2013 20 quest\u00f5es de m\u00faltipla escolha<\/li>\n\n\n\n<li><strong>Conhecimentos Espec\u00edficos<\/strong>&nbsp;\u2013 10 quest\u00f5es discursivas peculiares a cada especialidade de Engenharia.<\/li>\n<\/ul>\n\n\n\n<p>O exame intelectual ( provas de portugu\u00eas, Ingl\u00eas e Conhecimentos Espec\u00edficos&nbsp;) ser\u00e1 nos dias <strong>28 e 29 de outubro<\/strong>. As avalia\u00e7\u00f5es ter\u00e3o o tempo total de realiza\u00e7\u00e3o de 4 horas. <\/p>\n\n\n\n<p class=\"has-medium-font-size\"><strong>Locais das provas<\/strong><\/p>\n\n\n\n<p>Bel\u00e9m \u2013 PA;<br \/>Belo Horizonte \u2013 MG;<br \/>Bras\u00edlia \u2013 DF;<br \/>Campinas \u2013 SP;<br \/>Campo Grande \u2013 MS;<br \/>Curitiba \u2013 PR;<br \/>Fortaleza \u2013 CE;<br \/>Goi\u00e2nia&nbsp;\u2013 GO;<br \/>Juiz de Fora \u2013 MG;<br \/>Manaus \u2013 AM;<br \/>Porto Alegre \u2013 RS;<br \/>Recife \u2013 PE;<br \/>Rio de Janeiro \u2013 RJ;<br \/>Salvador \u2013 BA;<br \/>S\u00e3o Jos\u00e9 dos Campos \u2013 SP;<br \/>S\u00e3o Paulo \u2013 SP;<br \/>Teresina \u2013 PI;<br \/>Vila Velha \u2013 ES.<\/p>\n\n\n\n<h3 class=\"wp-block-heading\">Inspe\u00e7\u00e3o de Sa\u00fade (IS)<\/h3>\n\n\n\n<p>A Inspe\u00e7\u00e3o de Sa\u00fade (IS) do(a)s candidato(a)s selecionado(a)s no EI<br \/>ser\u00e1 procedida por Junta de Inspe\u00e7\u00e3o de Sa\u00fade Especial (JISE), que funcionar\u00e1 no IME, Rio de Janeiro &#8211; RJ,  entre os dias <strong>11 de janeiro a 8 de fevereiro de 2021.<\/strong><\/p>\n\n\n\n<h3 class=\"wp-block-heading\">Exame de Aptid\u00e3o F\u00edsica (EAF)<\/h3>\n\n\n\n<p>O candidato convocado para o EAF dever\u00e1 portar, em uma<br \/>bolsa, traje esportivo: camiseta, cal\u00e7\u00e3o ou bermuda e t\u00eanis, apropriados para a atividade.<\/p>\n\n\n\n<p>Durante a realiza\u00e7\u00e3o do EAF, ser\u00e1 permitido ao(\u00e0) candidato(a)<br \/>executar at\u00e9 duas tentativas para cada uma das tarefas, sendo a segunda tentativa no dia posterior ao da execu\u00e7\u00e3o da primeira.<\/p>\n\n\n\n<h3 class=\"wp-block-heading\">Avalia\u00e7\u00e3o Psicol\u00f3gica (Avl Psc)<\/h3>\n\n\n\n<p>A Avl Psc ser\u00e1 realizada por interm\u00e9dio de um Exame Psicol\u00f3gico (EP),<br \/>que avaliar\u00e1 os seguintes aspectos:<\/p>\n\n\n\n<ul class=\"wp-block-list\">\n<li><strong>I &#8211; intelectivo<\/strong>: destinado \u00e0 verifica\u00e7\u00e3o das aptid\u00f5es e habilidades mentais gerais e\/ou espec\u00edficas do(a) candidato(a) em rela\u00e7\u00e3o aos requisitos psicol\u00f3gicos exigidos para a carreira militar; e<\/li>\n\n\n\n<li><strong>II &#8211; personal\u00f3gico<\/strong>: destinado \u00e0 verifica\u00e7\u00e3o das caracter\u00edsticas de personalidade e motivacionais do candidato(a) em rela\u00e7\u00e3o aos requisitos psicol\u00f3gicos para a carreira militar.<\/li>\n<\/ul>\n\n\n\n<h3 class=\"wp-block-heading\">Processo de Heteroidentifica\u00e7\u00e3o (PH)<\/h3>\n\n\n\n<p>Os candidatos convocados para as vagas reservadas, que se autodeclararam pretos ou pardos, ser\u00e3o submetidos a uma comiss\u00e3o heteroidentifica\u00e7\u00e3o para a verifica\u00e7\u00e3o da veracidade da declara\u00e7\u00e3o.<\/p>\n\n\n\n<p>Ser\u00e3o convocados, no m\u00ednimo, a quantidade de candidatos equivalente a tr\u00eas vezes o n\u00famero de vagas reservadas \u00e0s pessoas negras previstas no edital, ou dez candidatos, o que for maior, resguardadas as condi\u00e7\u00f5es de aprova\u00e7\u00e3o do EI estabelecidas no edital.<\/p>\n\n\n\n<p class=\"has-text-align-center\"><em><strong>Gostou desta oportunidade e deseja come\u00e7ar se preparar agora mesmo? Ent\u00e3o, confira os nossos cursos e comece a estudar para IME CFrm<\/strong><\/em><\/p>\n\n\n\n<p class=\"has-text-align-center has-luminous-vivid-amber-background-color has-background\" style=\"font-size:clamp(14.642px, 0.915rem + ((1vw - 3.2px) * 0.721), 22px);px\"><strong><a rel=\"noreferrer noopener\" aria-label=\"Curso para concurso (abre numa nova aba)\" href=\"https:\/\/www.estrategiaconcursos.com.br\/blog\/cursos-e-concursos\/\" target=\"_blank\">Curso para concurso<\/a><\/strong><\/p>\n\n\n\n<p class=\"has-text-align-center has-medium-font-size\"><strong><em><strong>Sistema de Quest\u00f5es<\/strong><\/em><\/strong><\/p>\n\n\n\n<p class=\"has-text-align-center\"><em>Estrat\u00e9gia Quest\u00f5es nasceu maior do que todos os concorrentes, com mais quest\u00f5es cadastradas e mais solu\u00e7\u00f5es por professores. Clique no link e aproveite os descontos e b\u00f4nus imperd\u00edveis!<\/em><\/p>\n\n\n\n<p class=\"has-text-align-center has-vivid-green-cyan-background-color has-background\" style=\"font-size:clamp(14.642px, 0.915rem + ((1vw - 3.2px) * 0.721), 22px);px\"><strong>ASSINE AGORA \u2013&nbsp;<a rel=\"noreferrer noopener\" href=\"https:\/\/www.estrategiaconcursos.com.br\/cursosPorConcurso\/sistema-de-questoes\/#\/\" target=\"_blank\">Sistema de Quest\u00f5es<\/a><\/strong><\/p>\n\n\n\n<p class=\"has-text-align-center has-medium-font-size\"><strong><em>Fique por dentro de todos os concursos<\/em><\/strong><\/p>\n\n\n\n<p class=\"has-text-align-center has-pale-cyan-blue-background-color has-background\" style=\"font-size:clamp(14.642px, 0.915rem + ((1vw - 3.2px) * 0.721), 22px);px\"><a rel=\"noreferrer noopener\" href=\"https:\/\/www.estrategiaconcursos.com.br\/blog\/concursos-abertos\/\" target=\"_blank\"><strong>CONCURSOS ABERTOS<\/strong><\/a><\/p>\n\n\n\n<p class=\"has-text-align-center has-pale-cyan-blue-background-color has-background\" style=\"font-size:clamp(14.642px, 0.915rem + ((1vw - 3.2px) * 0.721), 22px);px\"><a rel=\"noreferrer noopener\" href=\"https:\/\/www.estrategiaconcursos.com.br\/blog\/concursos-2020\/\" target=\"_blank\"><strong>CONCURSOS&nbsp;2020<\/strong><\/a><\/p>\n\n\n\n<p class=\"has-text-align-center has-pale-cyan-blue-background-color has-background\" style=\"font-size:clamp(14.642px, 0.915rem + ((1vw - 3.2px) * 0.721), 22px);px\"><a rel=\"noreferrer noopener\" href=\"https:\/\/www.estrategiaconcursos.com.br\/blog\/concursos-2021\/\" target=\"_blank\"><strong>CONCURSOS 2021<\/strong><\/a><\/p>\n\n\n\n<p class=\"has-text-align-center\"><em><strong>Assinatura Anual Ilimitada*<\/strong><\/em><\/p>\n\n\n\n<p class=\"has-text-align-center\"><em>Prepare-se com o melhor material e com quem mais aprova em Concursos P\u00fablicos em todo o pa\u00eds. Assine agora a nossa Assinatura Anual e tenha acesso ilimitado* a todos os nossos cursos.<\/em><\/p>\n\n\n\n<p class=\"has-text-align-center has-light-green-cyan-background-color has-background\"><strong>ASSINE AGORA<\/strong>&nbsp;\u2013&nbsp;<a rel=\"noreferrer noopener\" href=\"https:\/\/www.estrategiaconcursos.com.br\/assinaturas\" target=\"_blank\">Assinatura Ilimitada<\/a><\/p>\n\n\n\n<figure class=\"wp-block-image\"><img decoding=\"async\" src=\"https:\/\/dhg1h5j42swfq.cloudfront.net\/2017\/03\/28152500\/coruja-ficha-tecnica-300x102.png\" alt=\"Ficha T\u00e9cnica Concurso TJ MA\"\/><\/figure>\n\n\n\n<h4 class=\"wp-block-heading\" id=\"ficha-tecnica\"><strong>Informa\u00e7\u00f5es do edital  <\/strong>IME CFrm<\/h4>\n\n\n\n<p>\u25ba<strong>Data prevista:&nbsp;<\/strong>28 e 29 de outubro<strong><br \/>\u25baVagas:&nbsp;<\/strong>6<strong><br \/>\u25baBanca:&nbsp;<\/strong>site do \u00f3rg\u00e3o<br \/><strong>\u25baEscolaridade:<\/strong>&nbsp;N\u00edvel  superior<br \/><strong>\u25ba<\/strong><a href=\"https:\/\/dhg1h5j42swfq.cloudfront.net\/2020\/06\/23094112\/IME_-_Quadro_de_Engenheiros_Militares_-_CFRM_2020-2021.pdf\" target=\"_blank\" rel=\"noreferrer noopener\"><strong>Edital IME CFrm<\/strong> <br \/><\/a><\/p>\n\n\n\n<p><em>Ascom Estrat\u00e9gia<\/em><br \/>ascomestrategia@gmail.com<\/p>\n","protected":false},"excerpt":{"rendered":"<p>Est\u00e3o encerradas as inscri\u00e7\u00f5es o concurso Instituto Militar de Engenharia, (edital IME CFrm) que oferta 6 vagas para n\u00edvel superior. Webn\u00e1rio Instituto Militar de Engenharia IME: An\u00e1lise de Edital Para que voc\u00ea n\u00e3o perca nenhum deste concursol, o Estrat\u00e9gia Concursos preparou uma super An\u00e1lise de Edital. Assista abaixo ou em nosso canal no YouTube: Confira [&hellip;]<\/p>\n","protected":false},"author":552,"featured_media":388994,"comment_status":"open","ping_status":"closed","sticky":false,"template":"","format":"standard","meta":{"post_tipo":"article","footnotes":""},"categories":[1,6741],"tags":[],"tax_estado":[219963],"class_list":["post-530412","post","type-post","status-publish","format-standard","has-post-thumbnail","hentry","category-cursos-e-concursos","category-forcas-armadas-oficiais","tax_estado-concursos-federais"],"acf":[],"yoast_head":"<!-- This site is optimized with the Yoast SEO Premium plugin v27.2 (Yoast SEO v27.2) - https:\/\/yoast.com\/product\/yoast-seo-premium-wordpress\/ -->\n<title>Edital IME CFrm: inscri\u00e7\u00f5es encerradas!<\/title>\n<meta name=\"description\" content=\"Edital IME CFrm: o edital do concurso Instituto Militar de Engenharia, (edital IME CFrm) oferta 6 vagas para n\u00edvel superior. Confira!\" \/>\n<meta name=\"robots\" content=\"index, follow, max-snippet:-1, max-image-preview:large, max-video-preview:-1\" \/>\n<link rel=\"canonical\" href=\"https:\/\/www.estrategiaconcursos.com.br\/blog\/edital-ime-cfrm\/\" \/>\n<meta property=\"og:locale\" content=\"pt_BR\" \/>\n<meta property=\"og:type\" content=\"article\" \/>\n<meta property=\"og:title\" content=\"Edital IME CFrm: inscri\u00e7\u00f5es encerradas!\" \/>\n<meta property=\"og:description\" content=\"Edital IME CFrm: o edital do concurso Instituto Militar de Engenharia, (edital IME CFrm) oferta 6 vagas para n\u00edvel superior. Confira!\" \/>\n<meta property=\"og:url\" content=\"https:\/\/www.estrategiaconcursos.com.br\/blog\/edital-ime-cfrm\/\" \/>\n<meta property=\"og:site_name\" content=\"Estrat\u00e9gia Concursos\" \/>\n<meta property=\"article:published_time\" content=\"2020-09-02T03:00:00+00:00\" \/>\n<meta property=\"article:modified_time\" content=\"2023-05-18T15:43:52+00:00\" \/>\n<meta property=\"og:image\" content=\"https:\/\/dhg1h5j42swfq.cloudfront.net\/2019\/06\/18091452\/exercito.jpg\" \/>\n\t<meta property=\"og:image:width\" content=\"1200\" \/>\n\t<meta property=\"og:image:height\" content=\"1108\" \/>\n\t<meta property=\"og:image:type\" content=\"image\/jpeg\" \/>\n<meta name=\"author\" content=\"Paulo Bilynskyj\" \/>\n<meta name=\"twitter:card\" content=\"summary_large_image\" \/>\n<meta name=\"twitter:creator\" content=\"@EstratConcursos\" \/>\n<meta name=\"twitter:site\" content=\"@EstratConcursos\" \/>\n<meta name=\"twitter:label1\" content=\"Escrito por\" \/>\n\t<meta name=\"twitter:data1\" content=\"Paulo Bilynskyj\" \/>\n\t<meta name=\"twitter:label2\" content=\"Est. tempo de leitura\" \/>\n\t<meta name=\"twitter:data2\" content=\"5 minutos\" \/>\n<script type=\"application\/ld+json\" class=\"yoast-schema-graph\">{\"@context\":\"https:\/\/schema.org\",\"@graph\":[{\"@type\":\"NewsArticle\",\"@id\":\"https:\/\/www.estrategiaconcursos.com.br\/blog\/edital-ime-cfrm\/#article\",\"isPartOf\":{\"@id\":\"https:\/\/www.estrategiaconcursos.com.br\/blog\/edital-ime-cfrm\/\"},\"author\":{\"name\":\"Paulo Bilynskyj\",\"@id\":\"https:\/\/www.estrategiaconcursos.com.br\/blog\/#\/schema\/person\/a630b15e36f45b4c21fed01219843cb5\"},\"headline\":\"Edital IME CFrm: inscri\u00e7\u00f5es encerradas!\",\"datePublished\":\"2020-09-02T03:00:00+00:00\",\"dateModified\":\"2023-05-18T15:43:52+00:00\",\"mainEntityOfPage\":{\"@id\":\"https:\/\/www.estrategiaconcursos.com.br\/blog\/edital-ime-cfrm\/\"},\"wordCount\":1020,\"commentCount\":0,\"publisher\":{\"@id\":\"https:\/\/www.estrategiaconcursos.com.br\/blog\/#organization\"},\"image\":{\"@id\":\"https:\/\/www.estrategiaconcursos.com.br\/blog\/edital-ime-cfrm\/#primaryimage\"},\"thumbnailUrl\":\"https:\/\/dhg1h5j42swfq.cloudfront.net\/2019\/06\/18091452\/exercito.jpg\",\"articleSection\":[\"Concursos P\u00fablicos\",\"For\u00e7as Armadas (Oficiais)\"],\"inLanguage\":\"pt-BR\",\"potentialAction\":[{\"@type\":\"CommentAction\",\"name\":\"Comment\",\"target\":[\"https:\/\/www.estrategiaconcursos.com.br\/blog\/edital-ime-cfrm\/#respond\"]}],\"copyrightYear\":\"2020\",\"copyrightHolder\":{\"@id\":\"https:\/\/www.estrategiaconcursos.com.br\/blog\/#organization\"}},{\"@type\":\"WebPage\",\"@id\":\"https:\/\/www.estrategiaconcursos.com.br\/blog\/edital-ime-cfrm\/\",\"url\":\"https:\/\/www.estrategiaconcursos.com.br\/blog\/edital-ime-cfrm\/\",\"name\":\"Edital IME CFrm: inscri\u00e7\u00f5es encerradas!\",\"isPartOf\":{\"@id\":\"https:\/\/www.estrategiaconcursos.com.br\/blog\/#website\"},\"primaryImageOfPage\":{\"@id\":\"https:\/\/www.estrategiaconcursos.com.br\/blog\/edital-ime-cfrm\/#primaryimage\"},\"image\":{\"@id\":\"https:\/\/www.estrategiaconcursos.com.br\/blog\/edital-ime-cfrm\/#primaryimage\"},\"thumbnailUrl\":\"https:\/\/dhg1h5j42swfq.cloudfront.net\/2019\/06\/18091452\/exercito.jpg\",\"datePublished\":\"2020-09-02T03:00:00+00:00\",\"dateModified\":\"2023-05-18T15:43:52+00:00\",\"description\":\"Edital IME CFrm: o edital do concurso Instituto Militar de Engenharia, (edital IME CFrm) oferta 6 vagas para n\u00edvel superior. Confira!\",\"breadcrumb\":{\"@id\":\"https:\/\/www.estrategiaconcursos.com.br\/blog\/edital-ime-cfrm\/#breadcrumb\"},\"inLanguage\":\"pt-BR\",\"potentialAction\":[{\"@type\":\"ReadAction\",\"target\":[\"https:\/\/www.estrategiaconcursos.com.br\/blog\/edital-ime-cfrm\/\"]}]},{\"@type\":\"ImageObject\",\"inLanguage\":\"pt-BR\",\"@id\":\"https:\/\/www.estrategiaconcursos.com.br\/blog\/edital-ime-cfrm\/#primaryimage\",\"url\":\"https:\/\/dhg1h5j42swfq.cloudfront.net\/2019\/06\/18091452\/exercito.jpg\",\"contentUrl\":\"https:\/\/dhg1h5j42swfq.cloudfront.net\/2019\/06\/18091452\/exercito.jpg\",\"width\":1200,\"height\":1108,\"caption\":\"concurso exercito\"},{\"@type\":\"BreadcrumbList\",\"@id\":\"https:\/\/www.estrategiaconcursos.com.br\/blog\/edital-ime-cfrm\/#breadcrumb\",\"itemListElement\":[{\"@type\":\"ListItem\",\"position\":1,\"name\":\"In\u00edcio\",\"item\":\"https:\/\/www.estrategiaconcursos.com.br\/blog\/\"},{\"@type\":\"ListItem\",\"position\":2,\"name\":\"Edital IME CFrm: inscri\u00e7\u00f5es encerradas!\"}]},{\"@type\":\"WebSite\",\"@id\":\"https:\/\/www.estrategiaconcursos.com.br\/blog\/#website\",\"url\":\"https:\/\/www.estrategiaconcursos.com.br\/blog\/\",\"name\":\"Estrat\u00e9gia Concursos\",\"description\":\"O blog da Estrat\u00e9gia Concursos traz not\u00edcias sobre concursos e artigos de professores oferecendo cursos para concursos (pdf + videaulas) no site.\",\"publisher\":{\"@id\":\"https:\/\/www.estrategiaconcursos.com.br\/blog\/#organization\"},\"potentialAction\":[{\"@type\":\"SearchAction\",\"target\":{\"@type\":\"EntryPoint\",\"urlTemplate\":\"https:\/\/www.estrategiaconcursos.com.br\/blog\/?s={search_term_string}\"},\"query-input\":{\"@type\":\"PropertyValueSpecification\",\"valueRequired\":true,\"valueName\":\"search_term_string\"}}],\"inLanguage\":\"pt-BR\"},{\"@type\":\"Organization\",\"@id\":\"https:\/\/www.estrategiaconcursos.com.br\/blog\/#organization\",\"name\":\"Estrat\u00e9gia Concursos\",\"url\":\"https:\/\/www.estrategiaconcursos.com.br\/blog\/\",\"logo\":{\"@type\":\"ImageObject\",\"inLanguage\":\"pt-BR\",\"@id\":\"https:\/\/www.estrategiaconcursos.com.br\/blog\/#\/schema\/logo\/image\/\",\"url\":\"https:\/\/dhg1h5j42swfq.cloudfront.net\/2025\/06\/03203428\/logo_concursos-1.jpg\",\"contentUrl\":\"https:\/\/dhg1h5j42swfq.cloudfront.net\/2025\/06\/03203428\/logo_concursos-1.jpg\",\"width\":230,\"height\":60,\"caption\":\"Estrat\u00e9gia Concursos\"},\"image\":{\"@id\":\"https:\/\/www.estrategiaconcursos.com.br\/blog\/#\/schema\/logo\/image\/\"},\"sameAs\":[\"https:\/\/x.com\/EstratConcursos\"]},{\"@type\":\"Person\",\"@id\":\"https:\/\/www.estrategiaconcursos.com.br\/blog\/#\/schema\/person\/a630b15e36f45b4c21fed01219843cb5\",\"name\":\"Paulo Bilynskyj\",\"image\":{\"@type\":\"ImageObject\",\"inLanguage\":\"pt-BR\",\"@id\":\"https:\/\/secure.gravatar.com\/avatar\/37e21f70c9042e7456beffdc6d31fe051f3f6dcbf252f69343a791b144852057?s=96&d=mm&r=g\",\"url\":\"https:\/\/secure.gravatar.com\/avatar\/37e21f70c9042e7456beffdc6d31fe051f3f6dcbf252f69343a791b144852057?s=96&d=mm&r=g\",\"contentUrl\":\"https:\/\/secure.gravatar.com\/avatar\/37e21f70c9042e7456beffdc6d31fe051f3f6dcbf252f69343a791b144852057?s=96&d=mm&r=g\",\"caption\":\"Paulo Bilynskyj\"},\"url\":\"https:\/\/www.estrategiaconcursos.com.br\/blog\/author\/pbilynskyjgmail-com\/\"}]}<\/script>\n<!-- \/ Yoast SEO Premium plugin. -->","yoast_head_json":{"title":"Edital IME CFrm: inscri\u00e7\u00f5es encerradas!","description":"Edital IME CFrm: o edital do concurso Instituto Militar de Engenharia, (edital IME CFrm) oferta 6 vagas para n\u00edvel superior. Confira!","robots":{"index":"index","follow":"follow","max-snippet":"max-snippet:-1","max-image-preview":"max-image-preview:large","max-video-preview":"max-video-preview:-1"},"canonical":"https:\/\/www.estrategiaconcursos.com.br\/blog\/edital-ime-cfrm\/","og_locale":"pt_BR","og_type":"article","og_title":"Edital IME CFrm: inscri\u00e7\u00f5es encerradas!","og_description":"Edital IME CFrm: o edital do concurso Instituto Militar de Engenharia, (edital IME CFrm) oferta 6 vagas para n\u00edvel superior. Confira!","og_url":"https:\/\/www.estrategiaconcursos.com.br\/blog\/edital-ime-cfrm\/","og_site_name":"Estrat\u00e9gia Concursos","article_published_time":"2020-09-02T03:00:00+00:00","article_modified_time":"2023-05-18T15:43:52+00:00","og_image":[{"width":1200,"height":1108,"url":"https:\/\/dhg1h5j42swfq.cloudfront.net\/2019\/06\/18091452\/exercito.jpg","type":"image\/jpeg"}],"author":"Paulo Bilynskyj","twitter_card":"summary_large_image","twitter_creator":"@EstratConcursos","twitter_site":"@EstratConcursos","twitter_misc":{"Escrito por":"Paulo Bilynskyj","Est. tempo de leitura":"5 minutos"},"schema":{"@context":"https:\/\/schema.org","@graph":[{"@type":"NewsArticle","@id":"https:\/\/www.estrategiaconcursos.com.br\/blog\/edital-ime-cfrm\/#article","isPartOf":{"@id":"https:\/\/www.estrategiaconcursos.com.br\/blog\/edital-ime-cfrm\/"},"author":{"name":"Paulo Bilynskyj","@id":"https:\/\/www.estrategiaconcursos.com.br\/blog\/#\/schema\/person\/a630b15e36f45b4c21fed01219843cb5"},"headline":"Edital IME CFrm: inscri\u00e7\u00f5es encerradas!","datePublished":"2020-09-02T03:00:00+00:00","dateModified":"2023-05-18T15:43:52+00:00","mainEntityOfPage":{"@id":"https:\/\/www.estrategiaconcursos.com.br\/blog\/edital-ime-cfrm\/"},"wordCount":1020,"commentCount":0,"publisher":{"@id":"https:\/\/www.estrategiaconcursos.com.br\/blog\/#organization"},"image":{"@id":"https:\/\/www.estrategiaconcursos.com.br\/blog\/edital-ime-cfrm\/#primaryimage"},"thumbnailUrl":"https:\/\/dhg1h5j42swfq.cloudfront.net\/2019\/06\/18091452\/exercito.jpg","articleSection":["Concursos P\u00fablicos","For\u00e7as Armadas (Oficiais)"],"inLanguage":"pt-BR","potentialAction":[{"@type":"CommentAction","name":"Comment","target":["https:\/\/www.estrategiaconcursos.com.br\/blog\/edital-ime-cfrm\/#respond"]}],"copyrightYear":"2020","copyrightHolder":{"@id":"https:\/\/www.estrategiaconcursos.com.br\/blog\/#organization"}},{"@type":"WebPage","@id":"https:\/\/www.estrategiaconcursos.com.br\/blog\/edital-ime-cfrm\/","url":"https:\/\/www.estrategiaconcursos.com.br\/blog\/edital-ime-cfrm\/","name":"Edital IME CFrm: inscri\u00e7\u00f5es encerradas!","isPartOf":{"@id":"https:\/\/www.estrategiaconcursos.com.br\/blog\/#website"},"primaryImageOfPage":{"@id":"https:\/\/www.estrategiaconcursos.com.br\/blog\/edital-ime-cfrm\/#primaryimage"},"image":{"@id":"https:\/\/www.estrategiaconcursos.com.br\/blog\/edital-ime-cfrm\/#primaryimage"},"thumbnailUrl":"https:\/\/dhg1h5j42swfq.cloudfront.net\/2019\/06\/18091452\/exercito.jpg","datePublished":"2020-09-02T03:00:00+00:00","dateModified":"2023-05-18T15:43:52+00:00","description":"Edital IME CFrm: o edital do concurso Instituto Militar de Engenharia, (edital IME CFrm) oferta 6 vagas para n\u00edvel superior. Confira!","breadcrumb":{"@id":"https:\/\/www.estrategiaconcursos.com.br\/blog\/edital-ime-cfrm\/#breadcrumb"},"inLanguage":"pt-BR","potentialAction":[{"@type":"ReadAction","target":["https:\/\/www.estrategiaconcursos.com.br\/blog\/edital-ime-cfrm\/"]}]},{"@type":"ImageObject","inLanguage":"pt-BR","@id":"https:\/\/www.estrategiaconcursos.com.br\/blog\/edital-ime-cfrm\/#primaryimage","url":"https:\/\/dhg1h5j42swfq.cloudfront.net\/2019\/06\/18091452\/exercito.jpg","contentUrl":"https:\/\/dhg1h5j42swfq.cloudfront.net\/2019\/06\/18091452\/exercito.jpg","width":1200,"height":1108,"caption":"concurso exercito"},{"@type":"BreadcrumbList","@id":"https:\/\/www.estrategiaconcursos.com.br\/blog\/edital-ime-cfrm\/#breadcrumb","itemListElement":[{"@type":"ListItem","position":1,"name":"In\u00edcio","item":"https:\/\/www.estrategiaconcursos.com.br\/blog\/"},{"@type":"ListItem","position":2,"name":"Edital IME CFrm: inscri\u00e7\u00f5es encerradas!"}]},{"@type":"WebSite","@id":"https:\/\/www.estrategiaconcursos.com.br\/blog\/#website","url":"https:\/\/www.estrategiaconcursos.com.br\/blog\/","name":"Estrat\u00e9gia Concursos","description":"O blog da Estrat\u00e9gia Concursos traz not\u00edcias sobre concursos e artigos de professores oferecendo cursos para concursos (pdf + videaulas) no site.","publisher":{"@id":"https:\/\/www.estrategiaconcursos.com.br\/blog\/#organization"},"potentialAction":[{"@type":"SearchAction","target":{"@type":"EntryPoint","urlTemplate":"https:\/\/www.estrategiaconcursos.com.br\/blog\/?s={search_term_string}"},"query-input":{"@type":"PropertyValueSpecification","valueRequired":true,"valueName":"search_term_string"}}],"inLanguage":"pt-BR"},{"@type":"Organization","@id":"https:\/\/www.estrategiaconcursos.com.br\/blog\/#organization","name":"Estrat\u00e9gia Concursos","url":"https:\/\/www.estrategiaconcursos.com.br\/blog\/","logo":{"@type":"ImageObject","inLanguage":"pt-BR","@id":"https:\/\/www.estrategiaconcursos.com.br\/blog\/#\/schema\/logo\/image\/","url":"https:\/\/dhg1h5j42swfq.cloudfront.net\/2025\/06\/03203428\/logo_concursos-1.jpg","contentUrl":"https:\/\/dhg1h5j42swfq.cloudfront.net\/2025\/06\/03203428\/logo_concursos-1.jpg","width":230,"height":60,"caption":"Estrat\u00e9gia Concursos"},"image":{"@id":"https:\/\/www.estrategiaconcursos.com.br\/blog\/#\/schema\/logo\/image\/"},"sameAs":["https:\/\/x.com\/EstratConcursos"]},{"@type":"Person","@id":"https:\/\/www.estrategiaconcursos.com.br\/blog\/#\/schema\/person\/a630b15e36f45b4c21fed01219843cb5","name":"Paulo Bilynskyj","image":{"@type":"ImageObject","inLanguage":"pt-BR","@id":"https:\/\/secure.gravatar.com\/avatar\/37e21f70c9042e7456beffdc6d31fe051f3f6dcbf252f69343a791b144852057?s=96&d=mm&r=g","url":"https:\/\/secure.gravatar.com\/avatar\/37e21f70c9042e7456beffdc6d31fe051f3f6dcbf252f69343a791b144852057?s=96&d=mm&r=g","contentUrl":"https:\/\/secure.gravatar.com\/avatar\/37e21f70c9042e7456beffdc6d31fe051f3f6dcbf252f69343a791b144852057?s=96&d=mm&r=g","caption":"Paulo Bilynskyj"},"url":"https:\/\/www.estrategiaconcursos.com.br\/blog\/author\/pbilynskyjgmail-com\/"}]}},"_links":{"self":[{"href":"https:\/\/www.estrategiaconcursos.com.br\/blog\/wp-json\/wp\/v2\/posts\/530412","targetHints":{"allow":["GET"]}}],"collection":[{"href":"https:\/\/www.estrategiaconcursos.com.br\/blog\/wp-json\/wp\/v2\/posts"}],"about":[{"href":"https:\/\/www.estrategiaconcursos.com.br\/blog\/wp-json\/wp\/v2\/types\/post"}],"author":[{"embeddable":true,"href":"https:\/\/www.estrategiaconcursos.com.br\/blog\/wp-json\/wp\/v2\/users\/552"}],"replies":[{"embeddable":true,"href":"https:\/\/www.estrategiaconcursos.com.br\/blog\/wp-json\/wp\/v2\/comments?post=530412"}],"version-history":[{"count":8,"href":"https:\/\/www.estrategiaconcursos.com.br\/blog\/wp-json\/wp\/v2\/posts\/530412\/revisions"}],"predecessor-version":[{"id":1218368,"href":"https:\/\/www.estrategiaconcursos.com.br\/blog\/wp-json\/wp\/v2\/posts\/530412\/revisions\/1218368"}],"wp:featuredmedia":[{"embeddable":true,"href":"https:\/\/www.estrategiaconcursos.com.br\/blog\/wp-json\/wp\/v2\/media\/388994"}],"wp:attachment":[{"href":"https:\/\/www.estrategiaconcursos.com.br\/blog\/wp-json\/wp\/v2\/media?parent=530412"}],"wp:term":[{"taxonomy":"category","embeddable":true,"href":"https:\/\/www.estrategiaconcursos.com.br\/blog\/wp-json\/wp\/v2\/categories?post=530412"},{"taxonomy":"post_tag","embeddable":true,"href":"https:\/\/www.estrategiaconcursos.com.br\/blog\/wp-json\/wp\/v2\/tags?post=530412"},{"taxonomy":"tax_estado","embeddable":true,"href":"https:\/\/www.estrategiaconcursos.com.br\/blog\/wp-json\/wp\/v2\/tax_estado?post=530412"}],"curies":[{"name":"wp","href":"https:\/\/api.w.org\/{rel}","templated":true}]}}