{"id":529889,"date":"2020-06-23T17:57:00","date_gmt":"2020-06-23T20:57:00","guid":{"rendered":"https:\/\/www.estrategiaconcursos.com.br\/blog\/?p=529889"},"modified":"2023-08-02T15:10:19","modified_gmt":"2023-08-02T18:10:19","slug":"1-ano-criminalizacao-homofobia","status":"publish","type":"post","link":"https:\/\/www.estrategiaconcursos.com.br\/blog\/1-ano-criminalizacao-homofobia\/","title":{"rendered":"1 Ano da Criminaliza\u00e7\u00e3o da Homofobia: Impactos e consequ\u00eancias"},"content":{"rendered":"\n<p>H\u00e1 um ano, no dia 13 de junho de 2019, em uma hist\u00f3rica decis\u00e3o, na A\u00e7\u00e3o Direta de Inconstitucionalidade por Omiss\u00e3o n.\u00ba 26 (ADO N.\u00ba 26\/DF), o Supremo Tribunal fixou tese criminalizando as condutas de homofobia e transfobia. <\/p>\n\n\n\n<p>Segundo o Supremo, que at\u00e9 que o Poder Legislativo aprovasse uma lei, at\u00e9 hoje inexistente, que criminalizasse a homofobia e a transfobia, as condutas preconceituosas relacionadas \u00e0 orienta\u00e7\u00e3o sexual seriam enquadradas&nbsp;na lei de racismo.&nbsp;<\/p>\n\n\n\n<p>Dessa forma, essas condutas recair\u00e3o no artigo 20 da Lei de Crimes de Racismo (Lei n.\u00ba 7.716\/89), <em>&#8220;praticar, induzir ou incitar a discrimina\u00e7\u00e3o ou preconceito&#8221;<\/em> em raz\u00e3o da orienta\u00e7\u00e3o sexual. A pena aplicada ser\u00e1 de um a tr\u00eas anos de reclus\u00e3o e multa. Se houver ampla divulga\u00e7\u00e3o do ato em meios de comunica\u00e7\u00e3o, a pena aplicada ser\u00e1 de&nbsp;dois a cinco anos e multa. <\/p>\n\n\n\n<p>Argumentando pela analogia, a Corte&nbsp;pondera que o <em>\u201cconceito de racismo, compreendido em sua dimens\u00e3o social, projeta-se para al\u00e9m de aspectos estritamente biol\u00f3gicos ou fenot\u00edpicos<\/em>\u201d, e portanto, compreende&nbsp;outros grupos vulner\u00e1veis, como as pessoas LGBT.<\/p>\n\n\n\n<p>Neste m\u00eas a decis\u00e3o fez um ano, e quais foram seus impactos e consequ\u00eancias? Como ela vem sendo aplicada na pr\u00e1tica? \u00c9 disso que o professor Michael Proc\u00f3pio ir\u00e1 tratar no evento desta t<em><strong>er\u00e7a-feira, 23 de junho, a partir das 19 horas, diretamente do canal do Estrat\u00e9gia Carreira Jur\u00eddica no Youtube<\/strong><\/em>. N\u00e3o perca! <\/p>\n\n\n\n<p class=\"has-text-align-center has-medium-font-size\"><strong><em><strong>Sistema de Quest\u00f5es<\/strong><\/em><\/strong><\/p>\n\n\n\n<p class=\"has-text-align-center\">Estrat\u00e9gia Quest\u00f5es nasceu maior do que todos os concorrentes, com mais quest\u00f5es cadastradas e mais solu\u00e7\u00f5es por professores. Clique no link e aproveite os descontos e b\u00f4nus imperd\u00edveis!<\/p>\n\n\n\n<p class=\"has-text-align-center has-very-dark-gray-color has-vivid-green-cyan-background-color has-text-color has-background\" style=\"font-size:clamp(14.642px, 0.915rem + ((1vw - 3.2px) * 0.721), 22px);px\"><strong>ASSINE AGORA &#8211; <a rel=\"noreferrer noopener\" href=\"https:\/\/www.estrategiaconcursos.com.br\/cursosPorConcurso\/sistema-de-questoes\/#\/\" target=\"_blank\">Sistema de Quest\u00f5es<\/a><\/strong><\/p>\n\n\n\n<p class=\"has-text-align-center\" style=\"font-size:clamp(16.293px, 1.018rem + ((1vw - 3.2px) * 0.854), 25px);px\"><strong>Cursos para o concurso <\/strong><\/p>\n\n\n\n<p class=\"has-text-align-center has-luminous-vivid-amber-background-color has-background\" style=\"font-size:clamp(15.197px, 0.95rem + ((1vw - 3.2px) * 0.765), 23px);px\"><em><a href=\"https:\/\/www.estrategiaconcursos.com.br\/cursosPorConcurso\/cursos-regulares-para-cartorios\/?gclid=EAIaIQobChMIgMq5s-SX5wIVVweRCh1AXw5EEAAYASAAEgLktvD_BwE\">CURSO PARA CONCURSOS<\/a><\/em><\/p>\n\n\n\n<p class=\"has-text-align-center\"><strong><em>Fique por dentro dos concursos vigentes:<\/em><\/strong><\/p>\n\n\n\n<p class=\"has-text-align-center has-pale-cyan-blue-background-color has-background has-medium-font-size\"><strong><a href=\"https:\/\/www.estrategiaconcursos.com.br\/blog\/concursos-abertos\/\" target=\"_blank\" rel=\"noreferrer noopener\">Concursos abertos<\/a><\/strong><\/p>\n\n\n\n<p class=\"has-text-align-center has-pale-cyan-blue-background-color has-background has-medium-font-size\"><strong><a rel=\"noreferrer noopener\" href=\"https:\/\/www.estrategiaconcursos.com.br\/blog\/concursos-de-direito\/\" target=\"_blank\">Concursos de Direito<\/a><\/strong><\/p>\n","protected":false},"excerpt":{"rendered":"<p>H\u00e1 um ano, no dia 13 de junho de 2019, em uma hist\u00f3rica decis\u00e3o, na A\u00e7\u00e3o Direta de Inconstitucionalidade por Omiss\u00e3o n.\u00ba 26 (ADO N.\u00ba 26\/DF), o Supremo Tribunal fixou tese criminalizando as condutas de homofobia e transfobia. Segundo o Supremo, que at\u00e9 que o Poder Legislativo aprovasse uma lei, at\u00e9 hoje inexistente, que criminalizasse [&hellip;]<\/p>\n","protected":false},"author":180,"featured_media":529917,"comment_status":"open","ping_status":"closed","sticky":false,"template":"","format":"standard","meta":{"post_tipo":"article","footnotes":""},"categories":[1],"tags":[],"tax_estado":[],"class_list":["post-529889","post","type-post","status-publish","format-standard","has-post-thumbnail","hentry","category-cursos-e-concursos"],"acf":[],"yoast_head":"<!-- This site is optimized with the Yoast SEO Premium plugin v27.2 (Yoast SEO v27.2) - https:\/\/yoast.com\/product\/yoast-seo-premium-wordpress\/ -->\n<title>1 Ano da Criminaliza\u00e7\u00e3o da Homofobia: Impactos e consequ\u00eancias<\/title>\n<meta name=\"description\" content=\"Ap\u00f3s um ano da decis\u00e3o que passou a criminalizar a homofobia e a transfobia no Brasil o que aconteceu? Quais foram seus resultados? Veja hoje!\" \/>\n<meta name=\"robots\" content=\"index, follow, max-snippet:-1, max-image-preview:large, max-video-preview:-1\" \/>\n<link rel=\"canonical\" href=\"https:\/\/www.estrategiaconcursos.com.br\/blog\/1-ano-criminalizacao-homofobia\/\" \/>\n<meta property=\"og:locale\" content=\"pt_BR\" \/>\n<meta property=\"og:type\" content=\"article\" \/>\n<meta property=\"og:title\" content=\"1 Ano da Criminaliza\u00e7\u00e3o da Homofobia: Impactos e consequ\u00eancias\" \/>\n<meta property=\"og:description\" content=\"Ap\u00f3s um ano da decis\u00e3o que passou a criminalizar a homofobia e a transfobia no Brasil o que aconteceu? Quais foram seus resultados? Veja hoje!\" \/>\n<meta property=\"og:url\" content=\"https:\/\/www.estrategiaconcursos.com.br\/blog\/1-ano-criminalizacao-homofobia\/\" \/>\n<meta property=\"og:site_name\" content=\"Estrat\u00e9gia Concursos\" \/>\n<meta property=\"article:author\" content=\"https:\/\/www.facebook.com\/ricardo.s.torques\" \/>\n<meta property=\"article:published_time\" content=\"2020-06-23T20:57:00+00:00\" \/>\n<meta property=\"article:modified_time\" content=\"2023-08-02T18:10:19+00:00\" \/>\n<meta property=\"og:image\" content=\"https:\/\/dhg1h5j42swfq.cloudfront.net\/2020\/06\/22113648\/YTB_1-Ano-da-Criminaliza%C3%A7%C3%A3o-da-Homofobia-ECJ.jpg\" \/>\n\t<meta property=\"og:image:width\" content=\"1280\" \/>\n\t<meta property=\"og:image:height\" content=\"720\" \/>\n\t<meta property=\"og:image:type\" content=\"image\/jpeg\" \/>\n<meta name=\"author\" content=\"Ricardo Torques\" \/>\n<meta name=\"twitter:card\" content=\"summary_large_image\" \/>\n<meta name=\"twitter:creator\" content=\"@EstratConcursos\" \/>\n<meta name=\"twitter:site\" content=\"@EstratConcursos\" \/>\n<meta name=\"twitter:label1\" content=\"Escrito por\" \/>\n\t<meta name=\"twitter:data1\" content=\"Ricardo Torques\" \/>\n\t<meta name=\"twitter:label2\" content=\"Est. tempo de leitura\" \/>\n\t<meta name=\"twitter:data2\" content=\"2 minutos\" \/>\n<script type=\"application\/ld+json\" class=\"yoast-schema-graph\">{\"@context\":\"https:\/\/schema.org\",\"@graph\":[{\"@type\":\"NewsArticle\",\"@id\":\"https:\/\/www.estrategiaconcursos.com.br\/blog\/1-ano-criminalizacao-homofobia\/#article\",\"isPartOf\":{\"@id\":\"https:\/\/www.estrategiaconcursos.com.br\/blog\/1-ano-criminalizacao-homofobia\/\"},\"author\":{\"name\":\"Ricardo Torques\",\"@id\":\"https:\/\/www.estrategiaconcursos.com.br\/blog\/#\/schema\/person\/aa39cf5ddb518e5bdce27c35788405e2\"},\"headline\":\"1 Ano da Criminaliza\u00e7\u00e3o da Homofobia: Impactos e consequ\u00eancias\",\"datePublished\":\"2020-06-23T20:57:00+00:00\",\"dateModified\":\"2023-08-02T18:10:19+00:00\",\"mainEntityOfPage\":{\"@id\":\"https:\/\/www.estrategiaconcursos.com.br\/blog\/1-ano-criminalizacao-homofobia\/\"},\"wordCount\":322,\"commentCount\":0,\"publisher\":{\"@id\":\"https:\/\/www.estrategiaconcursos.com.br\/blog\/#organization\"},\"image\":{\"@id\":\"https:\/\/www.estrategiaconcursos.com.br\/blog\/1-ano-criminalizacao-homofobia\/#primaryimage\"},\"thumbnailUrl\":\"https:\/\/dhg1h5j42swfq.cloudfront.net\/2020\/06\/22113648\/YTB_1-Ano-da-Criminaliza%C3%A7%C3%A3o-da-Homofobia-ECJ.jpg\",\"articleSection\":[\"Concursos P\u00fablicos\"],\"inLanguage\":\"pt-BR\",\"potentialAction\":[{\"@type\":\"CommentAction\",\"name\":\"Comment\",\"target\":[\"https:\/\/www.estrategiaconcursos.com.br\/blog\/1-ano-criminalizacao-homofobia\/#respond\"]}],\"copyrightYear\":\"2020\",\"copyrightHolder\":{\"@id\":\"https:\/\/www.estrategiaconcursos.com.br\/blog\/#organization\"}},{\"@type\":\"WebPage\",\"@id\":\"https:\/\/www.estrategiaconcursos.com.br\/blog\/1-ano-criminalizacao-homofobia\/\",\"url\":\"https:\/\/www.estrategiaconcursos.com.br\/blog\/1-ano-criminalizacao-homofobia\/\",\"name\":\"1 Ano da Criminaliza\u00e7\u00e3o da Homofobia: Impactos e consequ\u00eancias\",\"isPartOf\":{\"@id\":\"https:\/\/www.estrategiaconcursos.com.br\/blog\/#website\"},\"primaryImageOfPage\":{\"@id\":\"https:\/\/www.estrategiaconcursos.com.br\/blog\/1-ano-criminalizacao-homofobia\/#primaryimage\"},\"image\":{\"@id\":\"https:\/\/www.estrategiaconcursos.com.br\/blog\/1-ano-criminalizacao-homofobia\/#primaryimage\"},\"thumbnailUrl\":\"https:\/\/dhg1h5j42swfq.cloudfront.net\/2020\/06\/22113648\/YTB_1-Ano-da-Criminaliza%C3%A7%C3%A3o-da-Homofobia-ECJ.jpg\",\"datePublished\":\"2020-06-23T20:57:00+00:00\",\"dateModified\":\"2023-08-02T18:10:19+00:00\",\"description\":\"Ap\u00f3s um ano da decis\u00e3o que passou a criminalizar a homofobia e a transfobia no Brasil o que aconteceu? Quais foram seus resultados? Veja hoje!\",\"breadcrumb\":{\"@id\":\"https:\/\/www.estrategiaconcursos.com.br\/blog\/1-ano-criminalizacao-homofobia\/#breadcrumb\"},\"inLanguage\":\"pt-BR\",\"potentialAction\":[{\"@type\":\"ReadAction\",\"target\":[\"https:\/\/www.estrategiaconcursos.com.br\/blog\/1-ano-criminalizacao-homofobia\/\"]}]},{\"@type\":\"ImageObject\",\"inLanguage\":\"pt-BR\",\"@id\":\"https:\/\/www.estrategiaconcursos.com.br\/blog\/1-ano-criminalizacao-homofobia\/#primaryimage\",\"url\":\"https:\/\/dhg1h5j42swfq.cloudfront.net\/2020\/06\/22113648\/YTB_1-Ano-da-Criminaliza%C3%A7%C3%A3o-da-Homofobia-ECJ.jpg\",\"contentUrl\":\"https:\/\/dhg1h5j42swfq.cloudfront.net\/2020\/06\/22113648\/YTB_1-Ano-da-Criminaliza%C3%A7%C3%A3o-da-Homofobia-ECJ.jpg\",\"width\":1280,\"height\":720},{\"@type\":\"BreadcrumbList\",\"@id\":\"https:\/\/www.estrategiaconcursos.com.br\/blog\/1-ano-criminalizacao-homofobia\/#breadcrumb\",\"itemListElement\":[{\"@type\":\"ListItem\",\"position\":1,\"name\":\"In\u00edcio\",\"item\":\"https:\/\/www.estrategiaconcursos.com.br\/blog\/\"},{\"@type\":\"ListItem\",\"position\":2,\"name\":\"1 Ano da Criminaliza\u00e7\u00e3o da Homofobia: Impactos e consequ\u00eancias\"}]},{\"@type\":\"WebSite\",\"@id\":\"https:\/\/www.estrategiaconcursos.com.br\/blog\/#website\",\"url\":\"https:\/\/www.estrategiaconcursos.com.br\/blog\/\",\"name\":\"Estrat\u00e9gia Concursos\",\"description\":\"O blog da Estrat\u00e9gia Concursos traz not\u00edcias sobre concursos e artigos de professores oferecendo cursos para concursos (pdf + videaulas) no site.\",\"publisher\":{\"@id\":\"https:\/\/www.estrategiaconcursos.com.br\/blog\/#organization\"},\"potentialAction\":[{\"@type\":\"SearchAction\",\"target\":{\"@type\":\"EntryPoint\",\"urlTemplate\":\"https:\/\/www.estrategiaconcursos.com.br\/blog\/?s={search_term_string}\"},\"query-input\":{\"@type\":\"PropertyValueSpecification\",\"valueRequired\":true,\"valueName\":\"search_term_string\"}}],\"inLanguage\":\"pt-BR\"},{\"@type\":\"Organization\",\"@id\":\"https:\/\/www.estrategiaconcursos.com.br\/blog\/#organization\",\"name\":\"Estrat\u00e9gia Concursos\",\"url\":\"https:\/\/www.estrategiaconcursos.com.br\/blog\/\",\"logo\":{\"@type\":\"ImageObject\",\"inLanguage\":\"pt-BR\",\"@id\":\"https:\/\/www.estrategiaconcursos.com.br\/blog\/#\/schema\/logo\/image\/\",\"url\":\"https:\/\/dhg1h5j42swfq.cloudfront.net\/2025\/06\/03203428\/logo_concursos-1.jpg\",\"contentUrl\":\"https:\/\/dhg1h5j42swfq.cloudfront.net\/2025\/06\/03203428\/logo_concursos-1.jpg\",\"width\":230,\"height\":60,\"caption\":\"Estrat\u00e9gia Concursos\"},\"image\":{\"@id\":\"https:\/\/www.estrategiaconcursos.com.br\/blog\/#\/schema\/logo\/image\/\"},\"sameAs\":[\"https:\/\/x.com\/EstratConcursos\"]},{\"@type\":\"Person\",\"@id\":\"https:\/\/www.estrategiaconcursos.com.br\/blog\/#\/schema\/person\/aa39cf5ddb518e5bdce27c35788405e2\",\"name\":\"Ricardo Torques\",\"image\":{\"@type\":\"ImageObject\",\"inLanguage\":\"pt-BR\",\"@id\":\"https:\/\/secure.gravatar.com\/avatar\/ce9ac6c3cff25fe86d15ed568ebc64d1724baf5c0693133bcb1f6073f712f92a?s=96&d=mm&r=g\",\"url\":\"https:\/\/secure.gravatar.com\/avatar\/ce9ac6c3cff25fe86d15ed568ebc64d1724baf5c0693133bcb1f6073f712f92a?s=96&d=mm&r=g\",\"contentUrl\":\"https:\/\/secure.gravatar.com\/avatar\/ce9ac6c3cff25fe86d15ed568ebc64d1724baf5c0693133bcb1f6073f712f92a?s=96&d=mm&r=g\",\"caption\":\"Ricardo Torques\"},\"sameAs\":[\"https:\/\/www.facebook.com\/ricardo.s.torques\"],\"url\":\"https:\/\/www.estrategiaconcursos.com.br\/blog\/author\/ricardotorquesestrategiaconcursos-com-br\/\"}]}<\/script>\n<!-- \/ Yoast SEO Premium plugin. -->","yoast_head_json":{"title":"1 Ano da Criminaliza\u00e7\u00e3o da Homofobia: Impactos e consequ\u00eancias","description":"Ap\u00f3s um ano da decis\u00e3o que passou a criminalizar a homofobia e a transfobia no Brasil o que aconteceu? Quais foram seus resultados? Veja hoje!","robots":{"index":"index","follow":"follow","max-snippet":"max-snippet:-1","max-image-preview":"max-image-preview:large","max-video-preview":"max-video-preview:-1"},"canonical":"https:\/\/www.estrategiaconcursos.com.br\/blog\/1-ano-criminalizacao-homofobia\/","og_locale":"pt_BR","og_type":"article","og_title":"1 Ano da Criminaliza\u00e7\u00e3o da Homofobia: Impactos e consequ\u00eancias","og_description":"Ap\u00f3s um ano da decis\u00e3o que passou a criminalizar a homofobia e a transfobia no Brasil o que aconteceu? Quais foram seus resultados? Veja hoje!","og_url":"https:\/\/www.estrategiaconcursos.com.br\/blog\/1-ano-criminalizacao-homofobia\/","og_site_name":"Estrat\u00e9gia Concursos","article_author":"https:\/\/www.facebook.com\/ricardo.s.torques","article_published_time":"2020-06-23T20:57:00+00:00","article_modified_time":"2023-08-02T18:10:19+00:00","og_image":[{"width":1280,"height":720,"url":"https:\/\/dhg1h5j42swfq.cloudfront.net\/2020\/06\/22113648\/YTB_1-Ano-da-Criminaliza%C3%A7%C3%A3o-da-Homofobia-ECJ.jpg","type":"image\/jpeg"}],"author":"Ricardo Torques","twitter_card":"summary_large_image","twitter_creator":"@EstratConcursos","twitter_site":"@EstratConcursos","twitter_misc":{"Escrito por":"Ricardo Torques","Est. tempo de leitura":"2 minutos"},"schema":{"@context":"https:\/\/schema.org","@graph":[{"@type":"NewsArticle","@id":"https:\/\/www.estrategiaconcursos.com.br\/blog\/1-ano-criminalizacao-homofobia\/#article","isPartOf":{"@id":"https:\/\/www.estrategiaconcursos.com.br\/blog\/1-ano-criminalizacao-homofobia\/"},"author":{"name":"Ricardo Torques","@id":"https:\/\/www.estrategiaconcursos.com.br\/blog\/#\/schema\/person\/aa39cf5ddb518e5bdce27c35788405e2"},"headline":"1 Ano da Criminaliza\u00e7\u00e3o da Homofobia: Impactos e consequ\u00eancias","datePublished":"2020-06-23T20:57:00+00:00","dateModified":"2023-08-02T18:10:19+00:00","mainEntityOfPage":{"@id":"https:\/\/www.estrategiaconcursos.com.br\/blog\/1-ano-criminalizacao-homofobia\/"},"wordCount":322,"commentCount":0,"publisher":{"@id":"https:\/\/www.estrategiaconcursos.com.br\/blog\/#organization"},"image":{"@id":"https:\/\/www.estrategiaconcursos.com.br\/blog\/1-ano-criminalizacao-homofobia\/#primaryimage"},"thumbnailUrl":"https:\/\/dhg1h5j42swfq.cloudfront.net\/2020\/06\/22113648\/YTB_1-Ano-da-Criminaliza%C3%A7%C3%A3o-da-Homofobia-ECJ.jpg","articleSection":["Concursos P\u00fablicos"],"inLanguage":"pt-BR","potentialAction":[{"@type":"CommentAction","name":"Comment","target":["https:\/\/www.estrategiaconcursos.com.br\/blog\/1-ano-criminalizacao-homofobia\/#respond"]}],"copyrightYear":"2020","copyrightHolder":{"@id":"https:\/\/www.estrategiaconcursos.com.br\/blog\/#organization"}},{"@type":"WebPage","@id":"https:\/\/www.estrategiaconcursos.com.br\/blog\/1-ano-criminalizacao-homofobia\/","url":"https:\/\/www.estrategiaconcursos.com.br\/blog\/1-ano-criminalizacao-homofobia\/","name":"1 Ano da Criminaliza\u00e7\u00e3o da Homofobia: Impactos e consequ\u00eancias","isPartOf":{"@id":"https:\/\/www.estrategiaconcursos.com.br\/blog\/#website"},"primaryImageOfPage":{"@id":"https:\/\/www.estrategiaconcursos.com.br\/blog\/1-ano-criminalizacao-homofobia\/#primaryimage"},"image":{"@id":"https:\/\/www.estrategiaconcursos.com.br\/blog\/1-ano-criminalizacao-homofobia\/#primaryimage"},"thumbnailUrl":"https:\/\/dhg1h5j42swfq.cloudfront.net\/2020\/06\/22113648\/YTB_1-Ano-da-Criminaliza%C3%A7%C3%A3o-da-Homofobia-ECJ.jpg","datePublished":"2020-06-23T20:57:00+00:00","dateModified":"2023-08-02T18:10:19+00:00","description":"Ap\u00f3s um ano da decis\u00e3o que passou a criminalizar a homofobia e a transfobia no Brasil o que aconteceu? Quais foram seus resultados? Veja hoje!","breadcrumb":{"@id":"https:\/\/www.estrategiaconcursos.com.br\/blog\/1-ano-criminalizacao-homofobia\/#breadcrumb"},"inLanguage":"pt-BR","potentialAction":[{"@type":"ReadAction","target":["https:\/\/www.estrategiaconcursos.com.br\/blog\/1-ano-criminalizacao-homofobia\/"]}]},{"@type":"ImageObject","inLanguage":"pt-BR","@id":"https:\/\/www.estrategiaconcursos.com.br\/blog\/1-ano-criminalizacao-homofobia\/#primaryimage","url":"https:\/\/dhg1h5j42swfq.cloudfront.net\/2020\/06\/22113648\/YTB_1-Ano-da-Criminaliza%C3%A7%C3%A3o-da-Homofobia-ECJ.jpg","contentUrl":"https:\/\/dhg1h5j42swfq.cloudfront.net\/2020\/06\/22113648\/YTB_1-Ano-da-Criminaliza%C3%A7%C3%A3o-da-Homofobia-ECJ.jpg","width":1280,"height":720},{"@type":"BreadcrumbList","@id":"https:\/\/www.estrategiaconcursos.com.br\/blog\/1-ano-criminalizacao-homofobia\/#breadcrumb","itemListElement":[{"@type":"ListItem","position":1,"name":"In\u00edcio","item":"https:\/\/www.estrategiaconcursos.com.br\/blog\/"},{"@type":"ListItem","position":2,"name":"1 Ano da Criminaliza\u00e7\u00e3o da Homofobia: Impactos e consequ\u00eancias"}]},{"@type":"WebSite","@id":"https:\/\/www.estrategiaconcursos.com.br\/blog\/#website","url":"https:\/\/www.estrategiaconcursos.com.br\/blog\/","name":"Estrat\u00e9gia Concursos","description":"O blog da Estrat\u00e9gia Concursos traz not\u00edcias sobre concursos e artigos de professores oferecendo cursos para concursos (pdf + videaulas) no site.","publisher":{"@id":"https:\/\/www.estrategiaconcursos.com.br\/blog\/#organization"},"potentialAction":[{"@type":"SearchAction","target":{"@type":"EntryPoint","urlTemplate":"https:\/\/www.estrategiaconcursos.com.br\/blog\/?s={search_term_string}"},"query-input":{"@type":"PropertyValueSpecification","valueRequired":true,"valueName":"search_term_string"}}],"inLanguage":"pt-BR"},{"@type":"Organization","@id":"https:\/\/www.estrategiaconcursos.com.br\/blog\/#organization","name":"Estrat\u00e9gia Concursos","url":"https:\/\/www.estrategiaconcursos.com.br\/blog\/","logo":{"@type":"ImageObject","inLanguage":"pt-BR","@id":"https:\/\/www.estrategiaconcursos.com.br\/blog\/#\/schema\/logo\/image\/","url":"https:\/\/dhg1h5j42swfq.cloudfront.net\/2025\/06\/03203428\/logo_concursos-1.jpg","contentUrl":"https:\/\/dhg1h5j42swfq.cloudfront.net\/2025\/06\/03203428\/logo_concursos-1.jpg","width":230,"height":60,"caption":"Estrat\u00e9gia Concursos"},"image":{"@id":"https:\/\/www.estrategiaconcursos.com.br\/blog\/#\/schema\/logo\/image\/"},"sameAs":["https:\/\/x.com\/EstratConcursos"]},{"@type":"Person","@id":"https:\/\/www.estrategiaconcursos.com.br\/blog\/#\/schema\/person\/aa39cf5ddb518e5bdce27c35788405e2","name":"Ricardo Torques","image":{"@type":"ImageObject","inLanguage":"pt-BR","@id":"https:\/\/secure.gravatar.com\/avatar\/ce9ac6c3cff25fe86d15ed568ebc64d1724baf5c0693133bcb1f6073f712f92a?s=96&d=mm&r=g","url":"https:\/\/secure.gravatar.com\/avatar\/ce9ac6c3cff25fe86d15ed568ebc64d1724baf5c0693133bcb1f6073f712f92a?s=96&d=mm&r=g","contentUrl":"https:\/\/secure.gravatar.com\/avatar\/ce9ac6c3cff25fe86d15ed568ebc64d1724baf5c0693133bcb1f6073f712f92a?s=96&d=mm&r=g","caption":"Ricardo Torques"},"sameAs":["https:\/\/www.facebook.com\/ricardo.s.torques"],"url":"https:\/\/www.estrategiaconcursos.com.br\/blog\/author\/ricardotorquesestrategiaconcursos-com-br\/"}]}},"_links":{"self":[{"href":"https:\/\/www.estrategiaconcursos.com.br\/blog\/wp-json\/wp\/v2\/posts\/529889","targetHints":{"allow":["GET"]}}],"collection":[{"href":"https:\/\/www.estrategiaconcursos.com.br\/blog\/wp-json\/wp\/v2\/posts"}],"about":[{"href":"https:\/\/www.estrategiaconcursos.com.br\/blog\/wp-json\/wp\/v2\/types\/post"}],"author":[{"embeddable":true,"href":"https:\/\/www.estrategiaconcursos.com.br\/blog\/wp-json\/wp\/v2\/users\/180"}],"replies":[{"embeddable":true,"href":"https:\/\/www.estrategiaconcursos.com.br\/blog\/wp-json\/wp\/v2\/comments?post=529889"}],"version-history":[{"count":5,"href":"https:\/\/www.estrategiaconcursos.com.br\/blog\/wp-json\/wp\/v2\/posts\/529889\/revisions"}],"predecessor-version":[{"id":1259154,"href":"https:\/\/www.estrategiaconcursos.com.br\/blog\/wp-json\/wp\/v2\/posts\/529889\/revisions\/1259154"}],"wp:featuredmedia":[{"embeddable":true,"href":"https:\/\/www.estrategiaconcursos.com.br\/blog\/wp-json\/wp\/v2\/media\/529917"}],"wp:attachment":[{"href":"https:\/\/www.estrategiaconcursos.com.br\/blog\/wp-json\/wp\/v2\/media?parent=529889"}],"wp:term":[{"taxonomy":"category","embeddable":true,"href":"https:\/\/www.estrategiaconcursos.com.br\/blog\/wp-json\/wp\/v2\/categories?post=529889"},{"taxonomy":"post_tag","embeddable":true,"href":"https:\/\/www.estrategiaconcursos.com.br\/blog\/wp-json\/wp\/v2\/tags?post=529889"},{"taxonomy":"tax_estado","embeddable":true,"href":"https:\/\/www.estrategiaconcursos.com.br\/blog\/wp-json\/wp\/v2\/tax_estado?post=529889"}],"curies":[{"name":"wp","href":"https:\/\/api.w.org\/{rel}","templated":true}]}}