{"id":529792,"date":"2020-09-02T06:00:00","date_gmt":"2020-09-02T09:00:00","guid":{"rendered":"https:\/\/www.estrategiaconcursos.com.br\/blog\/?p=529792"},"modified":"2025-04-30T13:40:13","modified_gmt":"2025-04-30T16:40:13","slug":"concurso-rialma-go","status":"publish","type":"post","link":"https:\/\/www.estrategiaconcursos.com.br\/blog\/concurso-rialma-go\/","title":{"rendered":"Concurso Rialma GO: Aplica\u00e7\u00e3o da prova \u00e9 suspensa"},"content":{"rendered":"\n<p>A aplica\u00e7\u00e3o da prova objetiva do concurso Rialma<strong> foi suspensa<\/strong>. Prevista para acontecer dia 06 de setembro, a etapa precisou ser adiada por conta do <strong>atual quadro epidemiol\u00f3gico de COVID-19 <\/strong>no munic\u00edpio, agregado \u00e0 Instru\u00e7\u00e3o Normativa n\u00ba 00011\/2020 do Tribunal de Contas dos Munic\u00edpios do Estado de Goi\u00e1s.<\/p>\n\n\n\n<p>Vale lembrar que a banca organizadora, a Universidade Federal de Goi\u00e1s <strong>\u2014<\/strong> <strong>UFG<\/strong>, j\u00e1 havia, inclusive, divulgado um documento com <a rel=\"noreferrer noopener\" href=\"https:\/\/dhg1h5j42swfq.cloudfront.net\/2020\/08\/26152809\/Protocolo_de_Biosseguranca_CS.pdf\" target=\"_blank\">orienta\u00e7\u00f5es<\/a> de biosseguran\u00e7a para aplica\u00e7\u00e3o da prova.<\/p>\n\n\n\n<p>Com isso, o certame segue sem uma nova data para a prova objetiva e etapas posteriores, o que ser\u00e1 <strong>divulgado em momento oportuno<\/strong>.<\/p>\n\n\n\n<p>Com oferta de <strong>109 vagas<\/strong>, foram registrados<strong> 2.423 candidatos inscritos <\/strong>na ampla concorr\u00eancia, sendo que o cargo com maior busca foi o de Professor &#8211; Educa\u00e7\u00e3o Infantil, com 279 inscritos. Uma concorr\u00eancia de aproximadamente 55 candidatos por vaga.<\/p>\n\n\n\n<h2 class=\"wp-block-heading\">Principais datas do Concurso Rialma<\/h2>\n\n\n\n<ul class=\"wp-block-list\">\n<li><strong>Inscri\u00e7\u00f5es:<\/strong><s> 20\/07 a 10\/08\/2020<\/s><\/li>\n\n\n\n<li><strong>Isen\u00e7\u00e3o da taxa: <\/strong><s>20 a 22\/07\/2020<\/s><\/li>\n\n\n\n<li><strong>Data previsa da prova:<\/strong> <s>06\/09\/2020<\/s> SUSPENSA<\/li>\n<\/ul>\n\n\n\n<p class=\"has-text-align-center has-luminous-vivid-amber-background-color has-background\"><strong><a href=\"https:\/\/dhg1h5j42swfq.cloudfront.net\/2020\/09\/02093140\/Comunicado_002.pdf\" target=\"_blank\" rel=\"noreferrer noopener\">Suspens\u00e3o da aplica\u00e7\u00e3o da Prova Objetiva<\/a><\/strong><\/p>\n\n\n\n<h2 class=\"wp-block-heading\">Retifica\u00e7\u00f5es do Concurso Rialma<\/h2>\n\n\n\n<p>Desde sua publica\u00e7\u00e3o, o edital do concurso Rialma passou por algumas altera\u00e7\u00f5es. As principais mudan\u00e7as foram nos t\u00f3picos do documento, como requisitos, remunera\u00e7\u00e3o, nomenclatura de cargo e atribui\u00e7\u00f5es. <\/p>\n\n\n\n<ul class=\"wp-block-list\">\n<li>Nomenclatura do cargo Gari passa a ser <strong>Gari\/Varredor<\/strong>.<\/li>\n\n\n\n<li>Nomenclatura do cargo Operador de M\u00e1quinas passa a ser <strong>Operador de M\u00e1quinas Pesadas<\/strong>.<\/li>\n\n\n\n<li>Exclui a exig\u00eancia de CNH para os cargos <strong>Agente do Departamento de Recursos H\u00eddricos, Agente do Departamento de Reflorestamento e Fiscaliza\u00e7\u00e3o do Solo e Auxiliar de Escrita<\/strong>.<\/li>\n\n\n\n<li>Retifica para o cargo de <strong>Motorista <\/strong>a exig\u00eancia de CNH Categoria \u201cD\u201d que passa a ser Categoria \u201cE\u201d.<\/li>\n\n\n\n<li>Inclui o cargo de <strong>Motorista de Ambul\u00e2ncia<\/strong>, que oferta 01 vaga.<\/li>\n\n\n\n<li>Vencimento do cargo de <strong>T\u00e9cnico de Enfermagem<\/strong> passa para R$ 1.373,00; e inclui o requisito de Registro regular para o exerc\u00edcio da profiss\u00e3o.<\/li>\n\n\n\n<li>Inclui nos requisitos de ingresso para o cargo de <strong>Analista Ambiental o Ensino Superior em Engenharia Florestal, Agronomia, Biologia, Geologia e Geografia<\/strong>; e exclui a exig\u00eancia de CNH.<\/li>\n\n\n\n<li>Vencimento do cargo de <strong>Enfermeiro <\/strong>passa para R$ 3.453,24; e inclui no requisito a Certid\u00e3o de Nada Consta emitida pelo COREN.<\/li>\n\n\n\n<li>Vencimento do cargo de <strong>Farmac\u00eautico <\/strong>passa para R$ 2.500,00.<\/li>\n\n\n\n<li>Vencimento dos cargos de <strong>Fonoaudi\u00f3logo <\/strong>e <strong>Nutricionista <\/strong>passa para R$ 1.736,11.<\/li>\n\n\n\n<li>Vencimento do cargo de <strong>Odont\u00f3logo <\/strong>passa para R$ 3.300,00.<\/li>\n\n\n\n<li>Vencimento do cargo de <strong>Professor de Dan\u00e7a<\/strong> passa para R$ 1.900,00; exclui do requisito o Ensino Superior em Artes e inclui o Ensino Superior em Dan\u00e7a ou em Educa\u00e7\u00e3o F\u00edsica, com Registro no CREF e curso certificado pela categoria, de aperfei\u00e7oamento em dan\u00e7a.<\/li>\n\n\n\n<li>Nomenclatura do cargo de Professor de Educa\u00e7\u00e3o F\u00edsica passa a ser <strong>Educador F\u00edsico<\/strong>; e vencimento passa para R$ 1.900,00.<\/li>\n\n\n\n<li>Nomenclatura do cargo de Professor de Educa\u00e7\u00e3o Infantil \u2013 PIII passa a ser <strong>Professor de Educa\u00e7\u00e3o Infantil &#8211; PEI-I<\/strong>; e vencimento passa para R$ 2.619,26.<\/li>\n\n\n\n<li>Nomenclatura do cargo de Professor de Ensino Fundamental \u2013 PIV passa a ser <strong>Professor de Ensino Fundamental &#8211; PIII<\/strong>; e vencimento passa para R$ 2.619,26.<\/li>\n\n\n\n<li>Vencimento do cargo de <strong>Professor de M\u00fasica<\/strong> passa para R$ 1.900,00.<\/li>\n\n\n\n<li>Retifica as atribui\u00e7\u00f5es dos cargos de <strong>Auxiliar de Servi\u00e7os Gerais, Motorista, Operador de M\u00e1quinas Pesadas, M\u00e9dico, Educador F\u00edsico, Professor de M\u00fasica, Agente do Departamento de Recursos H\u00eddricos, Agente do Departamento de Reflorestamento e Fiscaliza\u00e7\u00e3o do Solo, Auxiliar de Escrita e Analista Ambiental<\/strong>.<\/li>\n<\/ul>\n\n\n\n<h2 class=\"wp-block-heading\">Distribui\u00e7\u00e3o das vagas<\/h2>\n\n\n\n<h3 class=\"wp-block-heading\">N\u00edvel fundamental<\/h3>\n\n\n\n<ul class=\"wp-block-list\">\n<li>02 &#8211; Auxiliar de Sa\u00fade Bucal (R$ 1.271,68)<\/li>\n\n\n\n<li>18 &#8211; Auxiliar de Servi\u00e7os Gerais (R$ 1.045,00)<\/li>\n\n\n\n<li>03 &#8211; Cozinheiro (R$ 1.045,00)<\/li>\n\n\n\n<li>02 &#8211; Gari\/Varredor (R$ 1.045,00)<\/li>\n\n\n\n<li>03 &#8211; Jardineiro (R$ 1.045,00)<\/li>\n\n\n\n<li>02 &#8211; Operador de M\u00e1quinas Pesadas (R$ 1.271,68)<\/li>\n\n\n\n<li>02 &#8211; Recolhedor de Lixo (R$ 1.045,00)<\/li>\n<\/ul>\n\n\n\n<h3 class=\"wp-block-heading\">N\u00edvel m\u00e9dio<\/h3>\n\n\n\n<ul class=\"wp-block-list\">\n<li>08 &#8211; Agente Comunit\u00e1rio de Sa\u00fade (R$ 1.407,94)<\/li>\n\n\n\n<li>03 &#8211; Agente de Combate a Endemias (R$ 1.430,62)<\/li>\n\n\n\n<li>01 &#8211; Agente do Departamento de Recursos H\u00eddricos (R$ 1.045,00)<\/li>\n\n\n\n<li>01 &#8211; Agente do Departamento de Reflorestamento e Fiscaliza\u00e7\u00e3o do Solo (R$ 1.045,00)<\/li>\n\n\n\n<li>04 &#8211; Auxiliar de Escrita (R$ 1.045,00)<\/li>\n\n\n\n<li>01 &#8211; Controlador Interno (R$ 1.430,62)<\/li>\n\n\n\n<li>01 &#8211; Fiscal de Vigil\u00e2ncia Sanit\u00e1ria (R$ 1.180,23)<\/li>\n\n\n\n<li>04 &#8211; Fiscal do Departamento de Preserva\u00e7\u00e3o e Fiscaliza\u00e7\u00e3o do Meio Ambiente (R$ 1.045,00)<\/li>\n\n\n\n<li>10 &#8211; Monitor de Creche (R$ 1.045,00)<\/li>\n\n\n\n<li>08 &#8211; Motorista (R$ 1.271,68)<\/li>\n\n\n\n<li>01 &#8211; Motorista de Ambul\u00e2ncia (R$ 1.271,68)<\/li>\n\n\n\n<li>01 &#8211; Recepcionista (R$ 1.045,00)<\/li>\n\n\n\n<li>04 &#8211; T\u00e9cnico de Enfermagem (R$ 1.373,00)<\/li>\n\n\n\n<li>01 &#8211; Vigia Noturno (R$ 1.180,23)<\/li>\n<\/ul>\n\n\n\n<h3 class=\"wp-block-heading\">N\u00edvel superior<\/h3>\n\n\n\n<ul class=\"wp-block-list\">\n<li>03 &#8211; Analista Ambiental (R$ 2.500,00)<\/li>\n\n\n\n<li>01 &#8211; Educador F\u00edsico (R$ 1.900,00)<\/li>\n\n\n\n<li>04 &#8211; Enfermeiro (R$ 3.453,24)<\/li>\n\n\n\n<li>01 &#8211; Farmac\u00eautico (R$ 2.500,00)<\/li>\n\n\n\n<li>01 &#8211; Fonoaudi\u00f3logo (R$ 1.736,11)<\/li>\n\n\n\n<li>01 &#8211; M\u00e9dico \u2013 Cl\u00ednico Geral (R$ 8.000,00)<\/li>\n\n\n\n<li>01 &#8211; Nutricionista (R$ 1.736,11)<\/li>\n\n\n\n<li>01 &#8211; Odont\u00f3logo (R$ 3.300,00)<\/li>\n\n\n\n<li>01 &#8211; Professor de Dan\u00e7a (R$ 1.900,00)<\/li>\n\n\n\n<li>06 &#8211; Professor de Educa\u00e7\u00e3o Infantil &#8211; PEI-I (R$ 2.619,26)<\/li>\n\n\n\n<li>06 &#8211; Professor de Ensino Fundamental &#8211; PIII (R$ 2.619,26)<\/li>\n\n\n\n<li>01 &#8211; Professor de M\u00fasica (R$ 1.900,00)<\/li>\n\n\n\n<li>02 &#8211; Psic\u00f3logo (R$ 1.736,77)<\/li>\n<\/ul>\n\n\n\n<h2 class=\"wp-block-heading\">Etapas do concurso Rialma<\/h2>\n\n\n\n<figure class=\"wp-block-table is-style-stripes\"><table class=\"has-background has-fixed-layout\" style=\"background-color:#e7f5fe\"><tbody><tr><td><strong>Etapas<\/strong><\/td><td><strong>Cargos<\/strong><\/td><\/tr><tr><td>Provas Objetivas<\/td><td>Todos<\/td><\/tr><tr><td>Prova de Capacidade F\u00edsica<\/td><td>Auxiliar de Servi\u00e7os Gerais; Cozinheiro; Gari\/Varredor; Jardineiro; Recolhedor de Lixo; Vigia Noturno; Agente Comunit\u00e1rio de Sa\u00fade e Agente de Combate a Endemias<\/td><\/tr><tr><td>Prova Pr\u00e1tica<\/td><td>Operador de M\u00e1quinas Pesadas<\/td><\/tr><tr><td>An\u00e1lise de T\u00edtulos<\/td><td>Educador F\u00edsico e Professor de Ensino Fundamental<\/td><\/tr><tr><td>Curso de Forma\u00e7\u00e3o<\/td><td>Agente Comunit\u00e1rio de Sa\u00fade e Agente de Combate a Endemias<\/td><\/tr><\/tbody><\/table><\/figure>\n\n\n\n<h3 class=\"wp-block-heading\">Prova Objetiva do concurso Rialma<\/h3>\n\n\n\n<p>A Prova Objetiva do concurso da Prefeitura de Rialma, de car\u00e1ter eliminat\u00f3rio e classificat\u00f3rio, ser\u00e1 composta por quest\u00f5es de m\u00faltipla escolha com quatro alternativas (A, B, C, D) cada. Ser\u00e3o 30 quest\u00f5es para os cargos de n\u00edvel fundamental, 40 para n\u00edvel m\u00e9dio e 50 para n\u00edvel superior:<\/p>\n\n\n\n<h4 class=\"wp-block-heading\"><em>N\u00edvel fundamental:<\/em><\/h4>\n\n\n\n<figure class=\"wp-block-image size-large\"><img loading=\"lazy\" decoding=\"async\" width=\"696\" height=\"287\" src=\"https:\/\/dhg1h5j42swfq.cloudfront.net\/2020\/07\/10101842\/fundamental.jpg\" alt=\"Prova Objetiva do Concurso Rialma - n\u00edvel fundamental\" class=\"wp-image-540262\" srcset=\"https:\/\/dhg1h5j42swfq.cloudfront.net\/2020\/07\/10101842\/fundamental.jpg 696w, https:\/\/dhg1h5j42swfq.cloudfront.net\/2020\/07\/10101842\/fundamental-300x124.jpg 300w, https:\/\/dhg1h5j42swfq.cloudfront.net\/2020\/07\/10101842\/fundamental-610x252.jpg 610w\" sizes=\"auto, (max-width: 696px) 100vw, 696px\" \/><\/figure>\n\n\n\n<h4 class=\"wp-block-heading\"><em>N\u00edvel m\u00e9dio:<\/em><\/h4>\n\n\n\n<figure class=\"wp-block-image size-large\"><img loading=\"lazy\" decoding=\"async\" width=\"693\" height=\"307\" src=\"https:\/\/dhg1h5j42swfq.cloudfront.net\/2020\/07\/10101729\/medio.jpg\" alt=\"Prova Objetiva do Concurso Rialma - n\u00edvel m\u00e9dio\" class=\"wp-image-540261\" srcset=\"https:\/\/dhg1h5j42swfq.cloudfront.net\/2020\/07\/10101729\/medio.jpg 693w, https:\/\/dhg1h5j42swfq.cloudfront.net\/2020\/07\/10101729\/medio-300x133.jpg 300w, https:\/\/dhg1h5j42swfq.cloudfront.net\/2020\/07\/10101729\/medio-610x270.jpg 610w\" sizes=\"auto, (max-width: 693px) 100vw, 693px\" \/><\/figure>\n\n\n\n<h4 class=\"wp-block-heading\"><em>Curso superior:<\/em><\/h4>\n\n\n\n<figure class=\"wp-block-image aligncenter size-large\"><img loading=\"lazy\" decoding=\"async\" width=\"557\" height=\"528\" src=\"https:\/\/dhg1h5j42swfq.cloudfront.net\/2020\/07\/10102016\/superior-1.jpg\" alt=\"Prova Objetiva do Concurso Rialma - n\u00edvel superior\" class=\"wp-image-540264\" srcset=\"https:\/\/dhg1h5j42swfq.cloudfront.net\/2020\/07\/10102016\/superior-1.jpg 557w, https:\/\/dhg1h5j42swfq.cloudfront.net\/2020\/07\/10102016\/superior-1-300x284.jpg 300w\" sizes=\"auto, (max-width: 557px) 100vw, 557px\" \/><\/figure>\n\n\n\n<h3 class=\"wp-block-heading\">Prova de Capacidade F\u00edsica<\/h3>\n\n\n\n<p>Ser\u00e3o convocados para realizar a etapa, os candidatos aprovados na prova objetiva e que estiverem classificados em ordem decrescente da nota obtida, posicionados dentro do quantitativo de candidatos a serem convocados.<\/p>\n\n\n\n<figure class=\"wp-block-image aligncenter size-large\"><img loading=\"lazy\" decoding=\"async\" width=\"645\" height=\"120\" src=\"https:\/\/dhg1h5j42swfq.cloudfront.net\/2020\/06\/22100238\/taf-2.jpg\" alt=\"\" class=\"wp-image-529847\" srcset=\"https:\/\/dhg1h5j42swfq.cloudfront.net\/2020\/06\/22100238\/taf-2.jpg 645w, https:\/\/dhg1h5j42swfq.cloudfront.net\/2020\/06\/22100238\/taf-2-300x56.jpg 300w, https:\/\/dhg1h5j42swfq.cloudfront.net\/2020\/06\/22100238\/taf-2-610x113.jpg 610w\" sizes=\"auto, (max-width: 645px) 100vw, 645px\" \/><\/figure>\n\n\n\n<h3 class=\"wp-block-heading\">Prova Pr\u00e1tica<\/h3>\n\n\n\n<p>Ser\u00e3o convocados para realizar esta etapa do concurso Rialma, os candidatos aprovados na prova objetiva que estiverem classificados em ordem decrescente da nota obtida at\u00e9 a 10\u00aa posi\u00e7\u00e3o na classifica\u00e7\u00e3o.<\/p>\n\n\n\n<p>Para ser aprovado o candidato dever\u00e1 alcan\u00e7ar, no m\u00ednimo, 15 pontos, ou seja, 50% da prova. O candidato dever\u00e1 demonstrar minimamente as habilidades exigidas, de acordo com as seguintes atividades:<\/p>\n\n\n\n<ol class=\"wp-block-list\">\n<li>operar m\u00e1quinas de movimenta\u00e7\u00e3o de terra, tais como motoniveladoras, p\u00e1s-carregadeiras, rolo compactador, retroescavadeira, tratores, m\u00e1quinas providas de ca\u00e7amba e equipamento para movimenta\u00e7\u00e3o de terra;<\/li>\n\n\n\n<li>executar servi\u00e7os de escava\u00e7\u00e3o, terraplanagem, nivelamento de solo, abertura, conserva\u00e7\u00e3o e limpeza de vias e estradas vicinais;<\/li>\n\n\n\n<li>fazer curva de n\u00edvel;<\/li>\n\n\n\n<li>conduzir, operar e manobrar m\u00e1quinas pesadas;<\/li>\n\n\n\n<li>conhecer o funcionamento das m\u00e1quinas;<\/li>\n\n\n\n<li>realizar manuten\u00e7\u00e3o e procedimentos de funcionamento;<\/li>\n\n\n\n<li>identificar defeitos;<\/li>\n\n\n\n<li>conhecer e executar medidas de seguran\u00e7a, recomendadas para opera\u00e7\u00e3o e estacionamento de m\u00e1quinas.<\/li>\n<\/ol>\n\n\n\n<h3 class=\"wp-block-heading\">An\u00e1lise de T\u00edtulos<\/h3>\n\n\n\n<p>A An\u00e1lise de T\u00edtulos n\u00e3o ter\u00e1 car\u00e1ter eliminat\u00f3rio, pois n\u00e3o eliminar\u00e1 candidatos que n\u00e3o apresentarem quaisquer t\u00edtulos. <\/p>\n\n\n\n<p>Somente ser\u00e3o consideradas as modalidades de t\u00edtulos constantes na tabela abaixo, sendo desconsideradas quaisquer outras entregues em desacordo com as condi\u00e7\u00f5es previstas no edital.<\/p>\n\n\n\n<figure class=\"wp-block-image aligncenter size-large is-resized\"><img loading=\"lazy\" decoding=\"async\" src=\"https:\/\/dhg1h5j42swfq.cloudfront.net\/2020\/06\/22100922\/titulos-1.jpg\" alt=\"\" class=\"wp-image-529857\" width=\"580\" height=\"210\" srcset=\"https:\/\/dhg1h5j42swfq.cloudfront.net\/2020\/06\/22100922\/titulos-1.jpg 687w, https:\/\/dhg1h5j42swfq.cloudfront.net\/2020\/06\/22100922\/titulos-1-300x109.jpg 300w, https:\/\/dhg1h5j42swfq.cloudfront.net\/2020\/06\/22100922\/titulos-1-610x221.jpg 610w\" sizes=\"auto, (max-width: 580px) 100vw, 580px\" \/><\/figure>\n\n\n\n<h3 class=\"wp-block-heading\">Curso de Forma\u00e7\u00e3o<\/h3>\n\n\n\n<p>O Curso de Forma\u00e7\u00e3o tem como objetivo a transmiss\u00e3o de conhecimentos aos participantes, o desenvolvimento de compet\u00eancias para o desempenho das atribui\u00e7\u00f5es do cargo e a avalia\u00e7\u00e3o para fins de aprova\u00e7\u00e3o e classifica\u00e7\u00e3o no Concurso Rialma.<\/p>\n\n\n\n<p>O Curso ter\u00e1 dura\u00e7\u00e3o de 40 horas, podendo ser ministrado com uma carga hor\u00e1ria de at\u00e9 8 horas di\u00e1rias, inclusive aos s\u00e1bados, domingos e feriados e, ainda, em hor\u00e1rio noturno.<\/p>\n\n\n\n<p>Ser\u00e1 aprovado o candidato que obtiver m\u00e9dia igual ou superior a 5,0 pontos, em escala de notas de 0,0 a 10,0, e frequ\u00eancia integral.<\/p>\n\n\n\n<hr class=\"wp-block-separator has-css-opacity\"\/>\n\n\n\n<h2 class=\"wp-block-heading has-text-align-center\" id=\"cursos-assinatura\"><strong><em>Quer estudar para o Concurso Rialma?<\/em><\/strong><\/h2>\n\n\n\n<p class=\"has-text-align-center\"><em><strong>Gostou desta oportunidade e deseja come\u00e7ar se preparar agora mesmo? Ent\u00e3o, confira os nossos cursos e comece a estudar:<\/strong><\/em><\/p>\n\n\n\n<p class=\"has-text-align-center has-luminous-vivid-amber-background-color has-background has-medium-font-size\"><strong><a href=\"https:\/\/www.estrategiaconcursos.com.br\/cursosPorConcurso\/\" target=\"_blank\" rel=\"noreferrer noopener\">CURSO PARA CONCURSO<\/a><\/strong><\/p>\n\n\n\n<p class=\"has-text-align-center\"><em><strong>Assinatura Anual Ilimitada*<\/strong><\/em><\/p>\n\n\n\n<p class=\"has-text-align-center\"><em>Prepare-se com o melhor material e com quem mais aprova em Concursos P\u00fablicos em todo o pa\u00eds. Assine agora a nossa Assinatura Anual e tenha acesso ilimitado* a todos os nossos cursos.<\/em><\/p>\n\n\n\n<p class=\"has-text-align-center has-light-green-cyan-background-color has-background has-medium-font-size\"><strong>ASSINE AGORA<\/strong>&nbsp;\u2013&nbsp;<strong><a href=\"https:\/\/www.estrategiaconcursos.com.br\/assinaturas\" target=\"_blank\" rel=\"noreferrer noopener\">Assinatura Ilimitada<\/a><\/strong><\/p>\n\n\n\n<p class=\"has-text-align-center\"><strong><em>Sistema de Quest\u00f5es<\/em><\/strong><\/p>\n\n\n\n<p class=\"has-text-align-center\"><em>Estrat\u00e9gia Quest\u00f5es nasceu maior do que todos os concorrentes, com mais quest\u00f5es cadastradas e mais solu\u00e7\u00f5es por professores. Clique no link e aproveite os descontos e b\u00f4nus imperd\u00edveis!<\/em><\/p>\n\n\n\n<p class=\"has-text-align-center has-vivid-green-cyan-background-color has-background has-medium-font-size\"><strong>ASSINE AGORA \u2013&nbsp;<a href=\"https:\/\/www.estrategiaconcursos.com.br\/cursosPorConcurso\/sistema-de-questoes\/#\/\" target=\"_blank\" rel=\"noreferrer noopener\">Sistema de Quest\u00f5es<\/a><\/strong><\/p>\n\n\n\n<p class=\"has-text-align-center has-pale-cyan-blue-background-color has-background has-medium-font-size\"><a href=\"https:\/\/www.estrategiaconcursos.com.br\/blog\/concursos-abertos\/\" target=\"_blank\" rel=\"noreferrer noopener\"><strong>CONCURSOS ABERTOS<\/strong><\/a><\/p>\n\n\n\n<figure class=\"wp-block-image\"><img loading=\"lazy\" decoding=\"async\" width=\"300\" height=\"102\" src=\"https:\/\/dhg1h5j42swfq.cloudfront.net\/2017\/03\/28152500\/coruja-ficha-tecnica-300x102.png\" alt=\"Ficha t\u00e9cnica \" class=\"wp-image-68542\"\/><\/figure>\n\n\n\n<h3 class=\"wp-block-heading\" id=\"ficha-tecnica\"><strong>Informa\u00e7\u00f5es do concurso Rialma<\/strong><\/h3>\n\n\n\n<ul class=\"wp-block-list\">\n<li><strong>Data da prova: <\/strong>Nova data a definir<\/li>\n\n\n\n<li><strong>Vagas:&nbsp;<\/strong>109<\/li>\n\n\n\n<li><strong>Cargos:&nbsp;<\/strong>V\u00e1rios<\/li>\n\n\n\n<li><strong>Banca:&nbsp;<\/strong>UFG<\/li>\n\n\n\n<li><strong>Escolaridade:&nbsp;<\/strong>N\u00edvel fundamental, m\u00e9dio e superior<\/li>\n\n\n\n<li><strong>Edital<\/strong>:&nbsp;<a rel=\"noreferrer noopener\" href=\"https:\/\/dhg1h5j42swfq.cloudfront.net\/2020\/07\/10095829\/EDITAL_ABERTURA_RIALMA_RETIFICADO_N1-1.pdf\" target=\"_blank\">Edital Rialma 2020<\/a> | <a href=\"https:\/\/dhg1h5j42swfq.cloudfront.net\/2020\/09\/02093140\/Comunicado_002.pdf\" target=\"_blank\" rel=\"noreferrer noopener\">Suspens\u00e3o<\/a><\/li>\n<\/ul>\n\n\n\n<p><br \/><em>Ascom Estrat\u00e9gia<\/em><br \/>ascomestrategia@gmail.com<\/p>\n","protected":false},"excerpt":{"rendered":"<p>A aplica\u00e7\u00e3o da prova objetiva do concurso Rialma foi suspensa. Prevista para acontecer dia 06 de setembro, a etapa precisou ser adiada por conta do atual quadro epidemiol\u00f3gico de COVID-19 no munic\u00edpio, agregado \u00e0 Instru\u00e7\u00e3o Normativa n\u00ba 00011\/2020 do Tribunal de Contas dos Munic\u00edpios do Estado de Goi\u00e1s. Vale lembrar que a banca organizadora, a [&hellip;]<\/p>\n","protected":false},"author":1,"featured_media":543883,"comment_status":"open","ping_status":"closed","sticky":false,"template":"","format":"standard","meta":{"post_tipo":"news","footnotes":""},"categories":[1],"tags":[],"tax_estado":[],"class_list":["post-529792","post","type-post","status-publish","format-standard","has-post-thumbnail","hentry","category-cursos-e-concursos"],"acf":[],"yoast_head":"<!-- This site is optimized with the Yoast SEO Premium plugin v27.2 (Yoast SEO v27.2) - https:\/\/yoast.com\/product\/yoast-seo-premium-wordpress\/ -->\n<title>Concurso Rialma GO: Aplica\u00e7\u00e3o da prova \u00e9 suspensa<\/title>\n<meta name=\"description\" content=\"Concurso Prefeitura Rialma-GO: Certame oferta 109 vagas para cargos de n\u00edveis fundamental, m\u00e9dio e superior. Provas SUSPENSAS por conta da COVID-19.\" \/>\n<meta name=\"robots\" content=\"index, follow, max-snippet:-1, max-image-preview:large, max-video-preview:-1\" \/>\n<link rel=\"canonical\" href=\"https:\/\/www.estrategiaconcursos.com.br\/blog\/concurso-rialma-go\/\" \/>\n<meta property=\"og:locale\" content=\"pt_BR\" \/>\n<meta property=\"og:type\" content=\"article\" \/>\n<meta property=\"og:title\" content=\"Concurso Rialma GO: Aplica\u00e7\u00e3o da prova \u00e9 suspensa\" \/>\n<meta property=\"og:description\" content=\"Concurso Prefeitura Rialma-GO: Certame oferta 109 vagas para cargos de n\u00edveis fundamental, m\u00e9dio e superior. Provas SUSPENSAS por conta da COVID-19.\" \/>\n<meta property=\"og:url\" content=\"https:\/\/www.estrategiaconcursos.com.br\/blog\/concurso-rialma-go\/\" \/>\n<meta property=\"og:site_name\" content=\"Estrat\u00e9gia Concursos\" \/>\n<meta property=\"article:author\" content=\"https:\/\/www.facebook.com\/EstrategiaConcursos\" \/>\n<meta property=\"article:published_time\" content=\"2020-09-02T09:00:00+00:00\" \/>\n<meta property=\"article:modified_time\" content=\"2025-04-30T16:40:13+00:00\" \/>\n<meta property=\"og:image\" content=\"https:\/\/dhg1h5j42swfq.cloudfront.net\/2020\/07\/18120102\/Prefeitura_de_Rialma-GO-1.jpg\" \/>\n\t<meta property=\"og:image:width\" content=\"1200\" \/>\n\t<meta property=\"og:image:height\" content=\"628\" \/>\n\t<meta property=\"og:image:type\" content=\"image\/jpeg\" \/>\n<meta name=\"author\" content=\"Coordena\u00e7\u00e3o\" \/>\n<meta name=\"twitter:card\" content=\"summary_large_image\" \/>\n<meta name=\"twitter:creator\" content=\"@EstratConcursos\" \/>\n<meta name=\"twitter:site\" content=\"@EstratConcursos\" \/>\n<meta name=\"twitter:label1\" content=\"Escrito por\" \/>\n\t<meta name=\"twitter:data1\" content=\"Coordena\u00e7\u00e3o\" \/>\n\t<meta name=\"twitter:label2\" content=\"Est. tempo de leitura\" \/>\n\t<meta name=\"twitter:data2\" content=\"7 minutos\" \/>\n<script type=\"application\/ld+json\" class=\"yoast-schema-graph\">{\"@context\":\"https:\/\/schema.org\",\"@graph\":[{\"@type\":\"NewsArticle\",\"@id\":\"https:\/\/www.estrategiaconcursos.com.br\/blog\/concurso-rialma-go\/#article\",\"isPartOf\":{\"@id\":\"https:\/\/www.estrategiaconcursos.com.br\/blog\/concurso-rialma-go\/\"},\"author\":{\"name\":\"Coordena\u00e7\u00e3o\",\"@id\":\"https:\/\/www.estrategiaconcursos.com.br\/blog\/#\/schema\/person\/b4a388c97673c5f483d72185668afa1f\"},\"headline\":\"Concurso Rialma GO: Aplica\u00e7\u00e3o da prova \u00e9 suspensa\",\"datePublished\":\"2020-09-02T09:00:00+00:00\",\"dateModified\":\"2025-04-30T16:40:13+00:00\",\"mainEntityOfPage\":{\"@id\":\"https:\/\/www.estrategiaconcursos.com.br\/blog\/concurso-rialma-go\/\"},\"wordCount\":1454,\"commentCount\":0,\"publisher\":{\"@id\":\"https:\/\/www.estrategiaconcursos.com.br\/blog\/#organization\"},\"image\":{\"@id\":\"https:\/\/www.estrategiaconcursos.com.br\/blog\/concurso-rialma-go\/#primaryimage\"},\"thumbnailUrl\":\"https:\/\/dhg1h5j42swfq.cloudfront.net\/2020\/07\/18120102\/Prefeitura_de_Rialma-GO-1.jpg\",\"articleSection\":[\"Concursos P\u00fablicos\"],\"inLanguage\":\"pt-BR\",\"potentialAction\":[{\"@type\":\"CommentAction\",\"name\":\"Comment\",\"target\":[\"https:\/\/www.estrategiaconcursos.com.br\/blog\/concurso-rialma-go\/#respond\"]}],\"copyrightYear\":\"2020\",\"copyrightHolder\":{\"@id\":\"https:\/\/www.estrategiaconcursos.com.br\/blog\/#organization\"}},{\"@type\":\"WebPage\",\"@id\":\"https:\/\/www.estrategiaconcursos.com.br\/blog\/concurso-rialma-go\/\",\"url\":\"https:\/\/www.estrategiaconcursos.com.br\/blog\/concurso-rialma-go\/\",\"name\":\"Concurso Rialma GO: Aplica\u00e7\u00e3o da prova \u00e9 suspensa\",\"isPartOf\":{\"@id\":\"https:\/\/www.estrategiaconcursos.com.br\/blog\/#website\"},\"primaryImageOfPage\":{\"@id\":\"https:\/\/www.estrategiaconcursos.com.br\/blog\/concurso-rialma-go\/#primaryimage\"},\"image\":{\"@id\":\"https:\/\/www.estrategiaconcursos.com.br\/blog\/concurso-rialma-go\/#primaryimage\"},\"thumbnailUrl\":\"https:\/\/dhg1h5j42swfq.cloudfront.net\/2020\/07\/18120102\/Prefeitura_de_Rialma-GO-1.jpg\",\"datePublished\":\"2020-09-02T09:00:00+00:00\",\"dateModified\":\"2025-04-30T16:40:13+00:00\",\"description\":\"Concurso Prefeitura Rialma-GO: Certame oferta 109 vagas para cargos de n\u00edveis fundamental, m\u00e9dio e superior. Provas SUSPENSAS por conta da COVID-19.\",\"breadcrumb\":{\"@id\":\"https:\/\/www.estrategiaconcursos.com.br\/blog\/concurso-rialma-go\/#breadcrumb\"},\"inLanguage\":\"pt-BR\",\"potentialAction\":[{\"@type\":\"ReadAction\",\"target\":[\"https:\/\/www.estrategiaconcursos.com.br\/blog\/concurso-rialma-go\/\"]}]},{\"@type\":\"ImageObject\",\"inLanguage\":\"pt-BR\",\"@id\":\"https:\/\/www.estrategiaconcursos.com.br\/blog\/concurso-rialma-go\/#primaryimage\",\"url\":\"https:\/\/dhg1h5j42swfq.cloudfront.net\/2020\/07\/18120102\/Prefeitura_de_Rialma-GO-1.jpg\",\"contentUrl\":\"https:\/\/dhg1h5j42swfq.cloudfront.net\/2020\/07\/18120102\/Prefeitura_de_Rialma-GO-1.jpg\",\"width\":1200,\"height\":628},{\"@type\":\"BreadcrumbList\",\"@id\":\"https:\/\/www.estrategiaconcursos.com.br\/blog\/concurso-rialma-go\/#breadcrumb\",\"itemListElement\":[{\"@type\":\"ListItem\",\"position\":1,\"name\":\"In\u00edcio\",\"item\":\"https:\/\/www.estrategiaconcursos.com.br\/blog\/\"},{\"@type\":\"ListItem\",\"position\":2,\"name\":\"Concurso Rialma GO: Aplica\u00e7\u00e3o da prova \u00e9 suspensa\"}]},{\"@type\":\"WebSite\",\"@id\":\"https:\/\/www.estrategiaconcursos.com.br\/blog\/#website\",\"url\":\"https:\/\/www.estrategiaconcursos.com.br\/blog\/\",\"name\":\"Estrat\u00e9gia Concursos\",\"description\":\"O blog da Estrat\u00e9gia Concursos traz not\u00edcias sobre concursos e artigos de professores oferecendo cursos para concursos (pdf + videaulas) no site.\",\"publisher\":{\"@id\":\"https:\/\/www.estrategiaconcursos.com.br\/blog\/#organization\"},\"potentialAction\":[{\"@type\":\"SearchAction\",\"target\":{\"@type\":\"EntryPoint\",\"urlTemplate\":\"https:\/\/www.estrategiaconcursos.com.br\/blog\/?s={search_term_string}\"},\"query-input\":{\"@type\":\"PropertyValueSpecification\",\"valueRequired\":true,\"valueName\":\"search_term_string\"}}],\"inLanguage\":\"pt-BR\"},{\"@type\":\"Organization\",\"@id\":\"https:\/\/www.estrategiaconcursos.com.br\/blog\/#organization\",\"name\":\"Estrat\u00e9gia Concursos\",\"url\":\"https:\/\/www.estrategiaconcursos.com.br\/blog\/\",\"logo\":{\"@type\":\"ImageObject\",\"inLanguage\":\"pt-BR\",\"@id\":\"https:\/\/www.estrategiaconcursos.com.br\/blog\/#\/schema\/logo\/image\/\",\"url\":\"https:\/\/dhg1h5j42swfq.cloudfront.net\/2025\/06\/03203428\/logo_concursos-1.jpg\",\"contentUrl\":\"https:\/\/dhg1h5j42swfq.cloudfront.net\/2025\/06\/03203428\/logo_concursos-1.jpg\",\"width\":230,\"height\":60,\"caption\":\"Estrat\u00e9gia Concursos\"},\"image\":{\"@id\":\"https:\/\/www.estrategiaconcursos.com.br\/blog\/#\/schema\/logo\/image\/\"},\"sameAs\":[\"https:\/\/x.com\/EstratConcursos\"]},{\"@type\":\"Person\",\"@id\":\"https:\/\/www.estrategiaconcursos.com.br\/blog\/#\/schema\/person\/b4a388c97673c5f483d72185668afa1f\",\"name\":\"Coordena\u00e7\u00e3o\",\"image\":{\"@type\":\"ImageObject\",\"inLanguage\":\"pt-BR\",\"@id\":\"https:\/\/secure.gravatar.com\/avatar\/b720319e4c9a967eb58678d110f4fe35452fc5d5f97b202bac7b8acceb18c6ad?s=96&d=mm&r=g\",\"url\":\"https:\/\/secure.gravatar.com\/avatar\/b720319e4c9a967eb58678d110f4fe35452fc5d5f97b202bac7b8acceb18c6ad?s=96&d=mm&r=g\",\"contentUrl\":\"https:\/\/secure.gravatar.com\/avatar\/b720319e4c9a967eb58678d110f4fe35452fc5d5f97b202bac7b8acceb18c6ad?s=96&d=mm&r=g\",\"caption\":\"Coordena\u00e7\u00e3o\"},\"sameAs\":[\"https:\/\/www.facebook.com\/EstrategiaConcursos\",\"https:\/\/x.com\/EstratConcursos\"],\"url\":\"https:\/\/www.estrategiaconcursos.com.br\/blog\/author\/estrategia2013\/\"}]}<\/script>\n<!-- \/ Yoast SEO Premium plugin. -->","yoast_head_json":{"title":"Concurso Rialma GO: Aplica\u00e7\u00e3o da prova \u00e9 suspensa","description":"Concurso Prefeitura Rialma-GO: Certame oferta 109 vagas para cargos de n\u00edveis fundamental, m\u00e9dio e superior. Provas SUSPENSAS por conta da COVID-19.","robots":{"index":"index","follow":"follow","max-snippet":"max-snippet:-1","max-image-preview":"max-image-preview:large","max-video-preview":"max-video-preview:-1"},"canonical":"https:\/\/www.estrategiaconcursos.com.br\/blog\/concurso-rialma-go\/","og_locale":"pt_BR","og_type":"article","og_title":"Concurso Rialma GO: Aplica\u00e7\u00e3o da prova \u00e9 suspensa","og_description":"Concurso Prefeitura Rialma-GO: Certame oferta 109 vagas para cargos de n\u00edveis fundamental, m\u00e9dio e superior. Provas SUSPENSAS por conta da COVID-19.","og_url":"https:\/\/www.estrategiaconcursos.com.br\/blog\/concurso-rialma-go\/","og_site_name":"Estrat\u00e9gia Concursos","article_author":"https:\/\/www.facebook.com\/EstrategiaConcursos","article_published_time":"2020-09-02T09:00:00+00:00","article_modified_time":"2025-04-30T16:40:13+00:00","og_image":[{"width":1200,"height":628,"url":"https:\/\/dhg1h5j42swfq.cloudfront.net\/2020\/07\/18120102\/Prefeitura_de_Rialma-GO-1.jpg","type":"image\/jpeg"}],"author":"Coordena\u00e7\u00e3o","twitter_card":"summary_large_image","twitter_creator":"@EstratConcursos","twitter_site":"@EstratConcursos","twitter_misc":{"Escrito por":"Coordena\u00e7\u00e3o","Est. tempo de leitura":"7 minutos"},"schema":{"@context":"https:\/\/schema.org","@graph":[{"@type":"NewsArticle","@id":"https:\/\/www.estrategiaconcursos.com.br\/blog\/concurso-rialma-go\/#article","isPartOf":{"@id":"https:\/\/www.estrategiaconcursos.com.br\/blog\/concurso-rialma-go\/"},"author":{"name":"Coordena\u00e7\u00e3o","@id":"https:\/\/www.estrategiaconcursos.com.br\/blog\/#\/schema\/person\/b4a388c97673c5f483d72185668afa1f"},"headline":"Concurso Rialma GO: Aplica\u00e7\u00e3o da prova \u00e9 suspensa","datePublished":"2020-09-02T09:00:00+00:00","dateModified":"2025-04-30T16:40:13+00:00","mainEntityOfPage":{"@id":"https:\/\/www.estrategiaconcursos.com.br\/blog\/concurso-rialma-go\/"},"wordCount":1454,"commentCount":0,"publisher":{"@id":"https:\/\/www.estrategiaconcursos.com.br\/blog\/#organization"},"image":{"@id":"https:\/\/www.estrategiaconcursos.com.br\/blog\/concurso-rialma-go\/#primaryimage"},"thumbnailUrl":"https:\/\/dhg1h5j42swfq.cloudfront.net\/2020\/07\/18120102\/Prefeitura_de_Rialma-GO-1.jpg","articleSection":["Concursos P\u00fablicos"],"inLanguage":"pt-BR","potentialAction":[{"@type":"CommentAction","name":"Comment","target":["https:\/\/www.estrategiaconcursos.com.br\/blog\/concurso-rialma-go\/#respond"]}],"copyrightYear":"2020","copyrightHolder":{"@id":"https:\/\/www.estrategiaconcursos.com.br\/blog\/#organization"}},{"@type":"WebPage","@id":"https:\/\/www.estrategiaconcursos.com.br\/blog\/concurso-rialma-go\/","url":"https:\/\/www.estrategiaconcursos.com.br\/blog\/concurso-rialma-go\/","name":"Concurso Rialma GO: Aplica\u00e7\u00e3o da prova \u00e9 suspensa","isPartOf":{"@id":"https:\/\/www.estrategiaconcursos.com.br\/blog\/#website"},"primaryImageOfPage":{"@id":"https:\/\/www.estrategiaconcursos.com.br\/blog\/concurso-rialma-go\/#primaryimage"},"image":{"@id":"https:\/\/www.estrategiaconcursos.com.br\/blog\/concurso-rialma-go\/#primaryimage"},"thumbnailUrl":"https:\/\/dhg1h5j42swfq.cloudfront.net\/2020\/07\/18120102\/Prefeitura_de_Rialma-GO-1.jpg","datePublished":"2020-09-02T09:00:00+00:00","dateModified":"2025-04-30T16:40:13+00:00","description":"Concurso Prefeitura Rialma-GO: Certame oferta 109 vagas para cargos de n\u00edveis fundamental, m\u00e9dio e superior. Provas SUSPENSAS por conta da COVID-19.","breadcrumb":{"@id":"https:\/\/www.estrategiaconcursos.com.br\/blog\/concurso-rialma-go\/#breadcrumb"},"inLanguage":"pt-BR","potentialAction":[{"@type":"ReadAction","target":["https:\/\/www.estrategiaconcursos.com.br\/blog\/concurso-rialma-go\/"]}]},{"@type":"ImageObject","inLanguage":"pt-BR","@id":"https:\/\/www.estrategiaconcursos.com.br\/blog\/concurso-rialma-go\/#primaryimage","url":"https:\/\/dhg1h5j42swfq.cloudfront.net\/2020\/07\/18120102\/Prefeitura_de_Rialma-GO-1.jpg","contentUrl":"https:\/\/dhg1h5j42swfq.cloudfront.net\/2020\/07\/18120102\/Prefeitura_de_Rialma-GO-1.jpg","width":1200,"height":628},{"@type":"BreadcrumbList","@id":"https:\/\/www.estrategiaconcursos.com.br\/blog\/concurso-rialma-go\/#breadcrumb","itemListElement":[{"@type":"ListItem","position":1,"name":"In\u00edcio","item":"https:\/\/www.estrategiaconcursos.com.br\/blog\/"},{"@type":"ListItem","position":2,"name":"Concurso Rialma GO: Aplica\u00e7\u00e3o da prova \u00e9 suspensa"}]},{"@type":"WebSite","@id":"https:\/\/www.estrategiaconcursos.com.br\/blog\/#website","url":"https:\/\/www.estrategiaconcursos.com.br\/blog\/","name":"Estrat\u00e9gia Concursos","description":"O blog da Estrat\u00e9gia Concursos traz not\u00edcias sobre concursos e artigos de professores oferecendo cursos para concursos (pdf + videaulas) no site.","publisher":{"@id":"https:\/\/www.estrategiaconcursos.com.br\/blog\/#organization"},"potentialAction":[{"@type":"SearchAction","target":{"@type":"EntryPoint","urlTemplate":"https:\/\/www.estrategiaconcursos.com.br\/blog\/?s={search_term_string}"},"query-input":{"@type":"PropertyValueSpecification","valueRequired":true,"valueName":"search_term_string"}}],"inLanguage":"pt-BR"},{"@type":"Organization","@id":"https:\/\/www.estrategiaconcursos.com.br\/blog\/#organization","name":"Estrat\u00e9gia Concursos","url":"https:\/\/www.estrategiaconcursos.com.br\/blog\/","logo":{"@type":"ImageObject","inLanguage":"pt-BR","@id":"https:\/\/www.estrategiaconcursos.com.br\/blog\/#\/schema\/logo\/image\/","url":"https:\/\/dhg1h5j42swfq.cloudfront.net\/2025\/06\/03203428\/logo_concursos-1.jpg","contentUrl":"https:\/\/dhg1h5j42swfq.cloudfront.net\/2025\/06\/03203428\/logo_concursos-1.jpg","width":230,"height":60,"caption":"Estrat\u00e9gia Concursos"},"image":{"@id":"https:\/\/www.estrategiaconcursos.com.br\/blog\/#\/schema\/logo\/image\/"},"sameAs":["https:\/\/x.com\/EstratConcursos"]},{"@type":"Person","@id":"https:\/\/www.estrategiaconcursos.com.br\/blog\/#\/schema\/person\/b4a388c97673c5f483d72185668afa1f","name":"Coordena\u00e7\u00e3o","image":{"@type":"ImageObject","inLanguage":"pt-BR","@id":"https:\/\/secure.gravatar.com\/avatar\/b720319e4c9a967eb58678d110f4fe35452fc5d5f97b202bac7b8acceb18c6ad?s=96&d=mm&r=g","url":"https:\/\/secure.gravatar.com\/avatar\/b720319e4c9a967eb58678d110f4fe35452fc5d5f97b202bac7b8acceb18c6ad?s=96&d=mm&r=g","contentUrl":"https:\/\/secure.gravatar.com\/avatar\/b720319e4c9a967eb58678d110f4fe35452fc5d5f97b202bac7b8acceb18c6ad?s=96&d=mm&r=g","caption":"Coordena\u00e7\u00e3o"},"sameAs":["https:\/\/www.facebook.com\/EstrategiaConcursos","https:\/\/x.com\/EstratConcursos"],"url":"https:\/\/www.estrategiaconcursos.com.br\/blog\/author\/estrategia2013\/"}]}},"_links":{"self":[{"href":"https:\/\/www.estrategiaconcursos.com.br\/blog\/wp-json\/wp\/v2\/posts\/529792","targetHints":{"allow":["GET"]}}],"collection":[{"href":"https:\/\/www.estrategiaconcursos.com.br\/blog\/wp-json\/wp\/v2\/posts"}],"about":[{"href":"https:\/\/www.estrategiaconcursos.com.br\/blog\/wp-json\/wp\/v2\/types\/post"}],"author":[{"embeddable":true,"href":"https:\/\/www.estrategiaconcursos.com.br\/blog\/wp-json\/wp\/v2\/users\/1"}],"replies":[{"embeddable":true,"href":"https:\/\/www.estrategiaconcursos.com.br\/blog\/wp-json\/wp\/v2\/comments?post=529792"}],"version-history":[{"count":18,"href":"https:\/\/www.estrategiaconcursos.com.br\/blog\/wp-json\/wp\/v2\/posts\/529792\/revisions"}],"predecessor-version":[{"id":1235457,"href":"https:\/\/www.estrategiaconcursos.com.br\/blog\/wp-json\/wp\/v2\/posts\/529792\/revisions\/1235457"}],"wp:featuredmedia":[{"embeddable":true,"href":"https:\/\/www.estrategiaconcursos.com.br\/blog\/wp-json\/wp\/v2\/media\/543883"}],"wp:attachment":[{"href":"https:\/\/www.estrategiaconcursos.com.br\/blog\/wp-json\/wp\/v2\/media?parent=529792"}],"wp:term":[{"taxonomy":"category","embeddable":true,"href":"https:\/\/www.estrategiaconcursos.com.br\/blog\/wp-json\/wp\/v2\/categories?post=529792"},{"taxonomy":"post_tag","embeddable":true,"href":"https:\/\/www.estrategiaconcursos.com.br\/blog\/wp-json\/wp\/v2\/tags?post=529792"},{"taxonomy":"tax_estado","embeddable":true,"href":"https:\/\/www.estrategiaconcursos.com.br\/blog\/wp-json\/wp\/v2\/tax_estado?post=529792"}],"curies":[{"name":"wp","href":"https:\/\/api.w.org\/{rel}","templated":true}]}}