{"id":52961,"date":"2016-10-19T12:49:05","date_gmt":"2016-10-19T15:49:05","guid":{"rendered":"https:\/\/www.estrategiaconcursos.com.br\/blog\/?p=52961"},"modified":"2022-09-08T10:36:13","modified_gmt":"2022-09-08T13:36:13","slug":"edital-pgm-bh","status":"publish","type":"post","link":"https:\/\/www.estrategiaconcursos.com.br\/blog\/edital-pgm-bh\/","title":{"rendered":"Edital PGM-BH: Procurador Municipal &#8211; An\u00e1lise e Ciclo de Estudos"},"content":{"rendered":"<h2 style=\"text-align: justify;\"><img loading=\"lazy\" decoding=\"async\" class=\"alignleft wp-image-52969 size-medium\" src=\"https:\/\/dhg1h5j42swfq.cloudfront.net\/2016\/10\/19124750\/edital-pgm-bh.jpg\" alt=\"edital-pgm-bh\" width=\"300\" height=\"150\" srcset=\"https:\/\/dhg1h5j42swfq.cloudfront.net\/2016\/10\/19124750\/edital-pgm-bh.jpg 640w, https:\/\/dhg1h5j42swfq.cloudfront.net\/2016\/10\/19124750\/edital-pgm-bh.jpg 300w, https:\/\/dhg1h5j42swfq.cloudfront.net\/2016\/10\/19124750\/edital-pgm-bh.jpg 500w\" sizes=\"auto, (max-width: 300px) 100vw, 300px\" \/>Edital PGM-BH: Procurador Municipal &#8211; An\u00e1lise e Ciclo de Estudos<\/h2>\n<h3 style=\"text-align: justify;\">Introdu\u00e7\u00e3o<\/h3>\n<p style=\"text-align: justify;\">Em 18\/10\/2016 foi divulgado edital do concurso de Procurador do Munic\u00edpio de Belo Horizonte (PGM-BH), para o preenchimento de <strong>5 vagas imediatas<\/strong> e tamb\u00e9m para <strong>forma\u00e7\u00e3o de cadastro de reserva<\/strong>.<\/p>\n<p style=\"text-align: justify;\">Trata-se de excelente concurso que prev\u00ea remunera\u00e7\u00e3o inicial na casa dos <strong>R$17.674,95<\/strong>, al\u00e9m da Gratifica\u00e7\u00e3o por \u00caxito Judicial (honor\u00e1rios), para uma jornada de 6 horas di\u00e1rias. Em tempos de crise no mundo dos concursos, \u00e9 uma excelente oportunidade!<\/p>\n<p style=\"text-align: justify;\">O concurso, a ser realizado pelo <strong>CESPE\/CEBRASPE<\/strong>, ser\u00e1 composto por tr\u00eas fases:<\/p>\n<ul>\n<li style=\"text-align: justify;\">prova objetiva, que ocorrer\u00e1 em 16\/4\/2017 no per\u00edodo da tarde.<\/li>\n<li style=\"text-align: justify;\">prova discursiva, a ser aplicada em 15\/7\/2017 e 16\/7\/2016, respectivamente no per\u00edodo da tarde e da manh\u00e3.<\/li>\n<li style=\"text-align: justify;\">prova de t\u00edtulos, cuja data de apresenta\u00e7\u00e3o ser\u00e1 definida posteriormente.<\/li>\n<\/ul>\n<p style=\"text-align: justify;\">De pronto, destaca-se o fato de n\u00e3o haver prova oral.<\/p>\n<p style=\"text-align: justify;\">Al\u00e9m disso, um dos atrativos mais relevantes para esse concurso \u00e9 o tempo at\u00e9 a prova. A contar da publica\u00e7\u00e3o do edital<strong> voc\u00ea tem mais exatos 191 dias at\u00e9 a prova<\/strong>. <strong>S\u00e3o mais de 6 meses para se preparar<\/strong>. Evidentemente que ser\u00e1 um concurso concorrido, pois al\u00e9m de \u00f3tima remunera\u00e7\u00e3o (que, com honor\u00e1rios, deve chegar pr\u00f3ximo ao teto constitucional) prev\u00ea carga hor\u00e1ria de 6 horas di\u00e1rias.<\/p>\n<p style=\"text-align: justify;\">O Estrat\u00e9gia Carreira Jur\u00eddica lan\u00e7ou curso espec\u00edfico para esse certame:<\/p>\n<p style=\"text-align: justify;\"><span style=\"color: #ff0000;\"><strong><a style=\"color: #ff0000;\" href=\"https:\/\/www.estrategiaconcursos.com.br\/cursosPorConcurso\/pgm-bh-procurador-municipal\/\" target=\"_blank\" rel=\"noopener\">PACOTE COMPLETO PARA A PGM-BH<\/a><\/strong><\/span><\/p>\n<h3 style=\"text-align: justify;\">Informa\u00e7\u00f5es B\u00e1sicas<\/h3>\n<p style=\"text-align: justify;\">O per\u00edodo de inscri\u00e7\u00f5es se inicia em 13\/03\/2017 e vai at\u00e9 12\/04\/2017, sob uma taxa de R$ 155,00.<\/p>\n<p style=\"text-align: justify;\">As provas ser\u00e3o aplicadas apenas na capital, portanto, na cidade de Belo Horizonte\/MG.<\/p>\n<p style=\"text-align: justify;\">O concurso tem prazo de validade por dois anos, de forma que, possivelmente, ser\u00e3o chamados mais do que as 5 vagas imediatas previstas.<\/p>\n<h3 style=\"text-align: justify;\">Prova objetiva<\/h3>\n<p style=\"text-align: justify;\">Como dissemos, a prova objetiva ser\u00e1 realizada apenas na cidade de Belo Horizonte\/MG no dia 16\/4\/2017, no per\u00edodo da tarde e ter\u00e1 dura\u00e7\u00e3o de 5 horas.<\/p>\n<p style=\"text-align: justify;\">A prova ser\u00e1 de m\u00faltipla escolha, com quatro alternativas (A, B, C e D), com a seguinte distribui\u00e7\u00e3o de quest\u00f5es:<\/p>\n<p style=\"text-align: justify;\"><img loading=\"lazy\" decoding=\"async\" class=\"aligncenter size-full wp-image-52963\" src=\"https:\/\/dhg1h5j42swfq.cloudfront.net\/2016\/10\/19123727\/1.png\" alt=\"1\" width=\"804\" height=\"327\" srcset=\"https:\/\/dhg1h5j42swfq.cloudfront.net\/2016\/10\/19123727\/1.png 804w, https:\/\/dhg1h5j42swfq.cloudfront.net\/2016\/10\/19123727\/1.png 300w, https:\/\/dhg1h5j42swfq.cloudfront.net\/2016\/10\/19123727\/1.png 768w, https:\/\/dhg1h5j42swfq.cloudfront.net\/2016\/10\/19123727\/1.png 500w\" sizes=\"auto, (max-width: 804px) 100vw, 804px\" \/><\/p>\n<p style=\"text-align: justify;\">Da tabela acima, nota-se que as quatro primeiras disciplinas ocupam 70% das 85 quest\u00f5es objetivas da prova, de forma que voc\u00ea j\u00e1 sabe quais assuntos priorizar no seu ciclo de estudos.<\/p>\n<p style=\"text-align: justify;\">De toda forma, considerando que apenas os primeiros 200 classificados ser\u00e3o convocados para a prova discursiva, voc\u00ea n\u00e3o pode ignorar nenhuma das disciplinas exigidas no edital. Sugere-se, entretanto, estud\u00e1-las de forma objetiva, a fim de maximizar o tempo de prepara\u00e7\u00e3o.<\/p>\n<p style=\"text-align: justify;\">Al\u00e9m disso, \u00e9 importante destacar que o edital n\u00e3o prev\u00ea o desconto de pontos por quest\u00f5es erradas, algo n\u00e3o muito comum em prova do CESPE. Logo, para ser aprovado, \u00e9 necess\u00e1rio acertar 51 das 85 quest\u00f5es, ou seja, voc\u00ea tem que fazer 60% da prova. Claro, para ser classificado voc\u00ea deve estar entre os 200 primeiros aprovados.<\/p>\n<p style=\"text-align: justify;\">Em aten\u00e7\u00e3o a essas caracter\u00edsticas, o Estrat\u00e9gia Carreira Jur\u00eddica lan\u00e7ou curso espec\u00edfico para esse certame:<\/p>\n<p style=\"text-align: justify;\"><span style=\"color: #ff0000;\"><strong><a style=\"color: #ff0000;\" href=\"https:\/\/www.estrategiaconcursos.com.br\/cursosPorConcurso\/pgm-bh-procurador-municipal\/\" target=\"_blank\" rel=\"noopener\">PACOTE COMPLETO PARA A PGM-BH<\/a><\/strong><\/span><\/p>\n<h3 style=\"text-align: justify;\">Provas discursivas<\/h3>\n<p style=\"text-align: justify;\">S\u00e3o reservados dois dias para as provas discursivas.<\/p>\n<p style=\"text-align: justify;\">No dia 15\/7\/2017, no per\u00edodo da tarde, e com dura\u00e7\u00e3o m\u00e1xima de 5 horas, a prova ser\u00e1 composta por uma pe\u00e7a jur\u00eddica e um parecer.<\/p>\n<p style=\"text-align: justify;\"><img loading=\"lazy\" decoding=\"async\" class=\"aligncenter size-full wp-image-52964\" src=\"https:\/\/dhg1h5j42swfq.cloudfront.net\/2016\/10\/19123846\/2.png\" alt=\"2\" width=\"546\" height=\"164\" srcset=\"https:\/\/dhg1h5j42swfq.cloudfront.net\/2016\/10\/19123846\/2.png 546w, https:\/\/dhg1h5j42swfq.cloudfront.net\/2016\/10\/19123846\/2.png 300w, https:\/\/dhg1h5j42swfq.cloudfront.net\/2016\/10\/19123846\/2.png 500w\" sizes=\"auto, (max-width: 546px) 100vw, 546px\" \/><\/p>\n<p style=\"text-align: justify;\">Note que as disciplinas mais relevantes na primeira fase aparecem aqui novamente. Logo, d\u00ea m\u00e1xima aten\u00e7\u00e3o ao estudo de Direito Constitucional, Direito Administrativo, Direito Processual Civil e Direito Financeiro e Tribut\u00e1rio.<\/p>\n<p style=\"text-align: justify;\">Essa primeira prova valer\u00e1 50 pontos, dos quais 30 ser\u00e3o para a pe\u00e7a jur\u00eddica e 20 para o parecer.<\/p>\n<p style=\"text-align: justify;\">No dia 16\/7\/2017, no per\u00edodo da manh\u00e3, e novamente com dura\u00e7\u00e3o m\u00e1xima de 5 horas, voc\u00ea ser\u00e1 chamado a resolver quest\u00f5es.<\/p>\n<p style=\"text-align: justify;\"><img loading=\"lazy\" decoding=\"async\" class=\"aligncenter size-full wp-image-52965\" src=\"https:\/\/dhg1h5j42swfq.cloudfront.net\/2016\/10\/19123945\/3.png\" alt=\"3\" width=\"574\" height=\"201\" srcset=\"https:\/\/dhg1h5j42swfq.cloudfront.net\/2016\/10\/19123945\/3.png 574w, https:\/\/dhg1h5j42swfq.cloudfront.net\/2016\/10\/19123945\/3.png 300w, https:\/\/dhg1h5j42swfq.cloudfront.net\/2016\/10\/19123945\/3.png 500w\" sizes=\"auto, (max-width: 574px) 100vw, 574px\" \/><\/p>\n<p style=\"text-align: justify;\">Novamente, al\u00e9m das quatro mat\u00e9rias mais relevantes do concurso, haver\u00e1 tamb\u00e9m uma quest\u00e3o sobre Direito Urban\u00edstico e Ambiental. Considerando o tempo que voc\u00ea disp\u00f5e at\u00e9 a prova objetiva, \u00e9 fundamental que a sua prepara\u00e7\u00e3o seja aprofundada nas principais mat\u00e9rias do certame, pois, assim voc\u00ea estar\u00e1 se preparando tamb\u00e9m para a prova discursiva, que ocorrer\u00e1 60 dias ap\u00f3s a realiza\u00e7\u00e3o da prova objetiva.<\/p>\n<p style=\"text-align: justify;\">Cada quest\u00e3o valer\u00e1 10 pontos, totalizando os mesmos 50 pontos da primeira prova. Desse modo:<\/p>\n<p style=\"text-align: justify;\"><img loading=\"lazy\" decoding=\"async\" class=\"aligncenter size-full wp-image-52966\" src=\"https:\/\/dhg1h5j42swfq.cloudfront.net\/2016\/10\/19124021\/4.png\" alt=\"4\" width=\"702\" height=\"152\" srcset=\"https:\/\/dhg1h5j42swfq.cloudfront.net\/2016\/10\/19124021\/4.png 702w, https:\/\/dhg1h5j42swfq.cloudfront.net\/2016\/10\/19124021\/4.png 300w, https:\/\/dhg1h5j42swfq.cloudfront.net\/2016\/10\/19124021\/4.png 500w\" sizes=\"auto, (max-width: 702px) 100vw, 702px\" \/><\/p>\n<p style=\"text-align: justify;\">Ainda sobre a prova discursiva, importante destacar algumas informa\u00e7\u00f5es:<\/p>\n<p style=\"text-align: justify;\">20% da pontua\u00e7\u00e3o de cada pe\u00e7a, parecer ou quest\u00e3o ser\u00e1 para avalia\u00e7\u00e3o de escrita. Portanto, aten\u00e7\u00e3o \u00e0 L\u00edngua Portuguesa;<\/p>\n<p style=\"text-align: justify;\">Para ser aprovado e classificado para a prova de t\u00edtulos \u00e9 necess\u00e1rio atingir 50% em cada uma das provas discursivas, ou seja, o candidato dever\u00e1 fazer, pelo menos, 25 pontos em cada uma das provas.<\/p>\n<p style=\"text-align: justify;\">OBS. N\u00e3o vamos tratar, neste momento, da prova de t\u00edtulos, que ser\u00e1 objeto de an\u00e1lise futura.<\/p>\n<p style=\"text-align: justify;\">Para encerrar as principais informa\u00e7\u00f5es relativas ao concurso, consideramos importante organizar os estudos, para isso, vamos sugerir, com base na ementa do edital, um ciclo de estudos proporcionalmente ao n\u00famero de quest\u00f5es de cada disciplina. A distribui\u00e7\u00e3o de quest\u00f5es apresentada pela banca revela, em grande medida, a import\u00e2ncia que cada disciplina guarda no contexto do edital.<\/p>\n<p style=\"text-align: justify;\">O Estrat\u00e9gia Carreira Jur\u00eddica lan\u00e7ou curso espec\u00edfico para esse certame, que \u00e9 adequado ao ciclo de estudos proposto:<\/p>\n<p style=\"text-align: justify;\"><span style=\"color: #ff0000;\"><strong><a style=\"color: #ff0000;\" href=\"https:\/\/www.estrategiaconcursos.com.br\/cursosPorConcurso\/pgm-bh-procurador-municipal\/\" target=\"_blank\" rel=\"noopener\">PACOTE COMPLETO PARA A PGM-BH<\/a><\/strong><\/span><\/p>\n<h3 style=\"text-align: justify;\">Ciclo de Estudos<\/h3>\n<p style=\"text-align: justify;\">Com a finalidade de melhor orientar seus estudos, elaboramos um <strong>planejamento de estudos em ciclos<\/strong>. O estudo por ciclos constitui em um m\u00e9todo proporcional e alternado de estudos de todas as mat\u00e9rias objeto do certame escolhido.<\/p>\n<p style=\"text-align: justify;\">Assim, inicialmente, voc\u00ea deve <strong>delimitar o tempo que dedicar\u00e1 aos estudos<\/strong>. Feito isso, poder\u00e1 adaptar o ciclo dentro da sua disponibilidade. Caso voc\u00ea disponha de mais tempo di\u00e1rio de estudos, por exemplo, 8 horas di\u00e1rias, o ciclo ficar\u00e1 mais curto. Se voc\u00ea dispuser de 4 horas di\u00e1rias, naturalmente o per\u00edodo do ciclo ir\u00e1 se alongar um pouco mais. N\u00e3o, isso n\u00e3o \u00e9 problema, pois cada um tem um ritmo de estudos e um tempo para chegar \u00e0 sonhada aprova\u00e7\u00e3o. O importante \u00e9, decidido a estudar para concurso, voc\u00ea deve faz\u00ea-lo de forma profissional, aproveitando o tempo da melhor forma poss\u00edvel!<\/p>\n<p style=\"text-align: justify;\">Mais uma observa\u00e7\u00e3o quanto \u00e0 delimita\u00e7\u00e3o do tempo de estudos. N\u00e3o se empolgue! &#8220;Eu irei estudar 12 horas di\u00e1rias!&#8221; Pense que o projeto que voc\u00ea ir\u00e1 desenvolver \u00e9 um emprego tempor\u00e1rio. Registre ponto! Voc\u00ea deve estudar todos os dias na forma como voc\u00ea estabelecer esse contrato. N\u00e3o ser\u00e3o admitidas faltas ou descompromisso. Portanto, n\u00e3o exagere, caso contr\u00e1rio voc\u00ea n\u00e3o ir\u00e1 conseguir cumprir o cronograma. N\u00e3o dar conta do planejamento, certamente, ir\u00e1 desmotiv\u00e1-lo.<\/p>\n<p style=\"text-align: justify;\">N\u00e3o raras vezes, iniciamos com muito vigo, mas cansamos. Em decorr\u00eancia disso, o candidato acha que \u00e9 o culpado, minimiza a sua capacidade, a sua for\u00e7a de vontade. Mas muito provavelmente n\u00e3o \u00e9 isso. Pode ser que voc\u00ea tenha criado uma expectativa muito grande, n\u00e3o exequ\u00edvel!<\/p>\n<p style=\"text-align: justify;\">Em n\u00fameros! Se voc\u00ea estudar 4 horas di\u00e1rias, de segunda a s\u00e1bado, ao longo de 6 meses voc\u00ea ter\u00e1 estudado 624 horas! Considerando a experi\u00eancia e conhecimento jur\u00eddico pr\u00e9vios, se estudado de forma correta, ser\u00e1 o suficiente para ser aprovado na primeira fase do concurso da PGM-BH e, desde j\u00e1, deixar encaminhada a prepara\u00e7\u00e3o para as provas discursivas.<\/p>\n<p style=\"text-align: justify;\">Al\u00e9m disso, independentemente do seu ritmo de estudos, se mais r\u00e1pido ou mais devagar, ao final de cada ciclo voc\u00ea <strong>ter\u00e1 estudado todas as mat\u00e9rias da ementa escolhida de acordo com a import\u00e2ncia de cada uma delas para a sua prova<\/strong>. \u00c9 a melhor forma de organizar os estudos!<\/p>\n<p style=\"text-align: justify;\">Temos, ainda, algumas premissas relevantes:<\/p>\n<p style=\"text-align: justify;\"><strong>(1) <\/strong>Voc\u00ea <strong>n\u00e3o deve estudar apenas uma mat\u00e9ria ao longo do dia<\/strong>. Isso deixar\u00e1 o estudo mais cansativo. A falta de motiva\u00e7\u00e3o ser\u00e1 prejudicial para o aproveitamento.<\/p>\n<p style=\"text-align: justify;\">Por exemplo, se voc\u00ea gosta de Direito Constitucional e Direito Civil, mas n\u00e3o gosta de Direito Penal, poder\u00e1 iniciar os estudos com Direito Constitucional para iniciar com for\u00e7a total. Ap\u00f3s, voc\u00ea estuda Direito Penal e, ao final, para manter a motiva\u00e7\u00e3o, estuda Direito Civil. N\u00e3o deixe para encerrar os estudos com Direito Penal, pois voc\u00ea estar\u00e1 cansado e desmotivado. N\u00e3o inicie com a disciplina, pois a m\u00e1-disposi\u00e7\u00e3o poder\u00e1 afetar o restante dos seus estudos.<\/p>\n<p style=\"text-align: justify;\">Com isso voc\u00ea aproveitar\u00e1 a motiva\u00e7\u00e3o extra de disciplinas que voc\u00ea tem mais apre\u00e7o e intercalar\u00e1 com outras que voc\u00ea n\u00e3o gosta tanto. \u00c9 uma forma inteligente de voc\u00ea usar a motiva\u00e7\u00e3o a seu favor. Lembre-se: tudo o que fizer com vontade, de forma proativa, motivado, verter\u00e1 melhor resultado!<\/p>\n<p style=\"text-align: justify;\"><strong>(2)<\/strong> Ao longo do per\u00edodo di\u00e1rio de estudos \u00e9 fundamental que voc\u00ea <strong>fa\u00e7a pausas<\/strong>. H\u00e1 estudos que demonstram que <u>a capacidade de absor\u00e7\u00e3o \u00e9 inversamente proporcional ao tempo seguido dedicado aos estudos<\/u>. Na primeira hora a capacidade de aprendizado \u00e9 \u00f3tima. Se voc\u00ea seguir de forma ininterrupta na segunda hora a capacidade de absor\u00e7\u00e3o ser\u00e1 reduzida. Assim, sugere-se fazer pequenas pausas, de 10 a 15 minutos, para retomada dos estudos com vigor!<\/p>\n<p style=\"text-align: justify;\"><strong>(3)<\/strong> Al\u00e9m disso, \u00e9 fundamental que voc\u00ea fa\u00e7a uma <strong>revis\u00e3o peri\u00f3dica<\/strong> das partes principais daquilo que voc\u00ea j\u00e1 estudou. Dado o volume de informa\u00e7\u00f5es, n\u00f3s sugerimos dois m\u00e9todos de revis\u00e3o insertos no ciclo: um primeiro a ser realizado <strong>semanalmente<\/strong> e outro ao <strong>final do ciclo<\/strong>.<\/p>\n<p style=\"text-align: justify;\">Ao final de uma semana de estudos voc\u00ea ter\u00e1 visto um contingente significativo de conte\u00fado, logo poder\u00e1 destacar parte do dia de estudo para revisar a mat\u00e9ria estudada ao longo da semana. \u00c9 uma forma de alimentar e solidificar os conte\u00fados estudados.<\/p>\n<p style=\"text-align: justify;\">Al\u00e9m disso, ao final do ciclo voc\u00ea reservar\u00e1 outra parcela do cronograma de estudos para retomar aquilo que estudou ao longo das semanas anteriores.<\/p>\n<p style=\"text-align: justify;\"><strong>(4)<\/strong> Concurso p\u00fablico \u00e9 condicionamento. De nada adianta voc\u00ea sair em disparada e, ao final dos tr\u00eas primeiros meses, estar rastejando. O estudo para concursos jur\u00eddicos deve ser intenso, mas cadenciado.<\/p>\n<p style=\"text-align: justify;\">Desse modo, <strong>reserve tempo ao longo do seu dia para descansar<\/strong>. Nesse tempo, n\u00e3o estude e se desligue por completo do \u201cmundo dos concursos\u201d.<\/p>\n<p style=\"text-align: justify;\">Esses par\u00e2metros ser\u00e3o utilizados no nosso ciclo de estudos.<\/p>\n<p style=\"text-align: justify;\">A tabela abaixo explicita a import\u00e2ncia da disciplina, de acordo com o n\u00famero de quest\u00f5es cobradas em provas. Al\u00e9m do par\u00e2metro objetivo, indicamos qualitativamente as disciplinas que s\u00e3o mais extensas em termos de conte\u00fado.\u00a0 Claro, algumas disciplinas s\u00e3o mais extensas que outras, raz\u00e3o pela qual faremos alguns ajustes:<\/p>\n<p style=\"text-align: justify;\"><img loading=\"lazy\" decoding=\"async\" class=\"aligncenter size-full wp-image-52967\" src=\"https:\/\/dhg1h5j42swfq.cloudfront.net\/2016\/10\/19124112\/5.png\" alt=\"5\" width=\"798\" height=\"493\" srcset=\"https:\/\/dhg1h5j42swfq.cloudfront.net\/2016\/10\/19124112\/5.png 798w, https:\/\/dhg1h5j42swfq.cloudfront.net\/2016\/10\/19124112\/5.png 300w, https:\/\/dhg1h5j42swfq.cloudfront.net\/2016\/10\/19124112\/5.png 768w, https:\/\/dhg1h5j42swfq.cloudfront.net\/2016\/10\/19124112\/5.png 486w\" sizes=\"auto, (max-width: 798px) 100vw, 798px\" \/><\/p>\n<p style=\"text-align: justify;\">Assim, ao longo do ciclo de estudos distribuiremos o tempo de acordo com os percentuais que se encontram marcados em vermelho! Ao final do ciclo, 14% do tempo despendido voc\u00ea ter\u00e1 destinado ao estudo de Direito Constitucional, 10% ao estudo de Direito Civil e, assim, sucessivamente.<\/p>\n<p style=\"text-align: justify;\">Vamos montar o ciclo levando em considera\u00e7\u00e3o que voc\u00ea dispor\u00e1 de 4 horas di\u00e1rias para estudar. Note que s\u00e3o 4 horas l\u00edquidas, j\u00e1 descontadas pausas e tempo para organiza\u00e7\u00e3o pr\u00e9 e p\u00f3s-estudo.<\/p>\n<p style=\"text-align: justify;\"><img loading=\"lazy\" decoding=\"async\" class=\"aligncenter size-full wp-image-52968\" src=\"https:\/\/dhg1h5j42swfq.cloudfront.net\/2016\/10\/19124154\/6.png\" alt=\"6\" width=\"470\" height=\"589\" srcset=\"https:\/\/dhg1h5j42swfq.cloudfront.net\/2016\/10\/19124154\/6.png 470w, https:\/\/dhg1h5j42swfq.cloudfront.net\/2016\/10\/19124154\/6.png 239w\" sizes=\"auto, (max-width: 470px) 100vw, 470px\" \/><\/p>\n<p style=\"text-align: justify;\">Esse ciclo dever\u00e1 ser repetido mensalmente at\u00e9 a semana de v\u00e9spera da prova, quando \u00e9 recomendado efetuar uma revis\u00e3o completa dos principais pontos da mat\u00e9ria.<\/p>\n<p style=\"text-align: justify;\">Al\u00e9m disso, caso voc\u00ea tenha menos tempo, poder\u00e1 reduzi-lo ou adapt\u00e1-lo para os dias da semana que tiver menor disponibilidade. Agora, se voc\u00ea tem mais tempo, poder\u00e1 aumentar um pouco mais o n\u00famero de horas di\u00e1rias de estudos. N\u00e3o \u00e9 sugerido, contudo, ultrapassar 8 horas di\u00e1rias.<\/p>\n<p style=\"text-align: justify;\">Lembre-se de conferir nossos cursos especificamente preparados para esse certame:<\/p>\n<p style=\"text-align: justify;\"><a href=\"https:\/\/www.estrategiaconcursos.com.br\/cursosPorConcurso\/pgm-bh-procurador-municipal\/\" target=\"_blank\" rel=\"noopener\">https:\/\/www.estrategiaconcursos.com.br\/cursosPorConcurso\/pgm-bh-procurador-municipal\/<\/a><\/p>\n<p style=\"text-align: justify;\">Bons estudos!<\/p>\n","protected":false},"excerpt":{"rendered":"<p>Edital PGM-BH: Procurador Municipal &#8211; An\u00e1lise e Ciclo de Estudos Introdu\u00e7\u00e3o Em 18\/10\/2016 foi divulgado edital do concurso de Procurador do Munic\u00edpio de Belo Horizonte (PGM-BH), para o preenchimento de 5 vagas imediatas e tamb\u00e9m para forma\u00e7\u00e3o de cadastro de reserva. Trata-se de excelente concurso que prev\u00ea remunera\u00e7\u00e3o inicial na casa dos R$17.674,95, al\u00e9m da [&hellip;]<\/p>\n","protected":false},"author":180,"featured_media":52969,"comment_status":"open","ping_status":"open","sticky":false,"template":"","format":"standard","meta":{"post_tipo":"article","footnotes":""},"categories":[2185],"tags":[2258],"tax_estado":[],"class_list":["post-52961","post","type-post","status-publish","format-standard","has-post-thumbnail","hentry","category-carreiras-juridicas","tag-pgm-bh"],"acf":[],"yoast_head":"<!-- This site is optimized with the Yoast SEO Premium plugin v27.2 (Yoast SEO v27.2) - https:\/\/yoast.com\/product\/yoast-seo-premium-wordpress\/ -->\n<title>Edital PGM-BH: Procurador Municipal - An\u00e1lise e Ciclo de Estudos<\/title>\n<meta name=\"robots\" content=\"index, follow, max-snippet:-1, max-image-preview:large, max-video-preview:-1\" \/>\n<link rel=\"canonical\" href=\"https:\/\/www.estrategiaconcursos.com.br\/blog\/edital-pgm-bh\/\" \/>\n<meta property=\"og:locale\" content=\"pt_BR\" \/>\n<meta property=\"og:type\" content=\"article\" \/>\n<meta property=\"og:title\" content=\"Edital PGM-BH: Procurador Municipal - An\u00e1lise e Ciclo de Estudos\" \/>\n<meta property=\"og:description\" content=\"Edital PGM-BH: Procurador Municipal &#8211; An\u00e1lise e Ciclo de Estudos Introdu\u00e7\u00e3o Em 18\/10\/2016 foi divulgado edital do concurso de Procurador do Munic\u00edpio de Belo Horizonte (PGM-BH), para o preenchimento de 5 vagas imediatas e tamb\u00e9m para forma\u00e7\u00e3o de cadastro de reserva. Trata-se de excelente concurso que prev\u00ea remunera\u00e7\u00e3o inicial na casa dos R$17.674,95, al\u00e9m da [&hellip;]\" \/>\n<meta property=\"og:url\" content=\"https:\/\/www.estrategiaconcursos.com.br\/blog\/edital-pgm-bh\/\" \/>\n<meta property=\"og:site_name\" content=\"Estrat\u00e9gia Concursos\" \/>\n<meta property=\"article:author\" content=\"https:\/\/www.facebook.com\/ricardo.s.torques\" \/>\n<meta property=\"article:published_time\" content=\"2016-10-19T15:49:05+00:00\" \/>\n<meta property=\"article:modified_time\" content=\"2022-09-08T13:36:13+00:00\" \/>\n<meta property=\"og:image\" content=\"https:\/\/dhg1h5j42swfq.cloudfront.net\/2016\/10\/19124750\/edital-pgm-bh.jpg\" \/>\n\t<meta property=\"og:image:width\" content=\"640\" \/>\n\t<meta property=\"og:image:height\" content=\"320\" \/>\n\t<meta property=\"og:image:type\" content=\"image\/jpeg\" \/>\n<meta name=\"author\" content=\"Ricardo Torques\" \/>\n<meta name=\"twitter:card\" content=\"summary_large_image\" \/>\n<meta name=\"twitter:creator\" content=\"@EstratConcursos\" \/>\n<meta name=\"twitter:site\" content=\"@EstratConcursos\" \/>\n<meta name=\"twitter:label1\" content=\"Escrito por\" \/>\n\t<meta name=\"twitter:data1\" content=\"Ricardo Torques\" \/>\n\t<meta name=\"twitter:label2\" content=\"Est. tempo de leitura\" \/>\n\t<meta name=\"twitter:data2\" content=\"10 minutos\" \/>\n<script type=\"application\/ld+json\" class=\"yoast-schema-graph\">{\"@context\":\"https:\/\/schema.org\",\"@graph\":[{\"@type\":\"NewsArticle\",\"@id\":\"https:\/\/www.estrategiaconcursos.com.br\/blog\/edital-pgm-bh\/#article\",\"isPartOf\":{\"@id\":\"https:\/\/www.estrategiaconcursos.com.br\/blog\/edital-pgm-bh\/\"},\"author\":{\"name\":\"Ricardo Torques\",\"@id\":\"https:\/\/www.estrategiaconcursos.com.br\/blog\/#\/schema\/person\/aa39cf5ddb518e5bdce27c35788405e2\"},\"headline\":\"Edital PGM-BH: Procurador Municipal &#8211; An\u00e1lise e Ciclo de Estudos\",\"datePublished\":\"2016-10-19T15:49:05+00:00\",\"dateModified\":\"2022-09-08T13:36:13+00:00\",\"mainEntityOfPage\":{\"@id\":\"https:\/\/www.estrategiaconcursos.com.br\/blog\/edital-pgm-bh\/\"},\"wordCount\":1940,\"commentCount\":2,\"publisher\":{\"@id\":\"https:\/\/www.estrategiaconcursos.com.br\/blog\/#organization\"},\"image\":{\"@id\":\"https:\/\/www.estrategiaconcursos.com.br\/blog\/edital-pgm-bh\/#primaryimage\"},\"thumbnailUrl\":\"https:\/\/dhg1h5j42swfq.cloudfront.net\/2016\/10\/19124750\/edital-pgm-bh.jpg\",\"keywords\":[\"PGM-BH\"],\"articleSection\":[\"Jur\u00eddico\"],\"inLanguage\":\"pt-BR\",\"potentialAction\":[{\"@type\":\"CommentAction\",\"name\":\"Comment\",\"target\":[\"https:\/\/www.estrategiaconcursos.com.br\/blog\/edital-pgm-bh\/#respond\"]}],\"copyrightYear\":\"2016\",\"copyrightHolder\":{\"@id\":\"https:\/\/www.estrategiaconcursos.com.br\/blog\/#organization\"}},{\"@type\":\"WebPage\",\"@id\":\"https:\/\/www.estrategiaconcursos.com.br\/blog\/edital-pgm-bh\/\",\"url\":\"https:\/\/www.estrategiaconcursos.com.br\/blog\/edital-pgm-bh\/\",\"name\":\"Edital PGM-BH: Procurador Municipal - An\u00e1lise e Ciclo de Estudos\",\"isPartOf\":{\"@id\":\"https:\/\/www.estrategiaconcursos.com.br\/blog\/#website\"},\"primaryImageOfPage\":{\"@id\":\"https:\/\/www.estrategiaconcursos.com.br\/blog\/edital-pgm-bh\/#primaryimage\"},\"image\":{\"@id\":\"https:\/\/www.estrategiaconcursos.com.br\/blog\/edital-pgm-bh\/#primaryimage\"},\"thumbnailUrl\":\"https:\/\/dhg1h5j42swfq.cloudfront.net\/2016\/10\/19124750\/edital-pgm-bh.jpg\",\"datePublished\":\"2016-10-19T15:49:05+00:00\",\"dateModified\":\"2022-09-08T13:36:13+00:00\",\"breadcrumb\":{\"@id\":\"https:\/\/www.estrategiaconcursos.com.br\/blog\/edital-pgm-bh\/#breadcrumb\"},\"inLanguage\":\"pt-BR\",\"potentialAction\":[{\"@type\":\"ReadAction\",\"target\":[\"https:\/\/www.estrategiaconcursos.com.br\/blog\/edital-pgm-bh\/\"]}]},{\"@type\":\"ImageObject\",\"inLanguage\":\"pt-BR\",\"@id\":\"https:\/\/www.estrategiaconcursos.com.br\/blog\/edital-pgm-bh\/#primaryimage\",\"url\":\"https:\/\/dhg1h5j42swfq.cloudfront.net\/2016\/10\/19124750\/edital-pgm-bh.jpg\",\"contentUrl\":\"https:\/\/dhg1h5j42swfq.cloudfront.net\/2016\/10\/19124750\/edital-pgm-bh.jpg\",\"width\":640,\"height\":320},{\"@type\":\"BreadcrumbList\",\"@id\":\"https:\/\/www.estrategiaconcursos.com.br\/blog\/edital-pgm-bh\/#breadcrumb\",\"itemListElement\":[{\"@type\":\"ListItem\",\"position\":1,\"name\":\"In\u00edcio\",\"item\":\"https:\/\/www.estrategiaconcursos.com.br\/blog\/\"},{\"@type\":\"ListItem\",\"position\":2,\"name\":\"Edital PGM-BH: Procurador Municipal &#8211; An\u00e1lise e Ciclo de Estudos\"}]},{\"@type\":\"WebSite\",\"@id\":\"https:\/\/www.estrategiaconcursos.com.br\/blog\/#website\",\"url\":\"https:\/\/www.estrategiaconcursos.com.br\/blog\/\",\"name\":\"Estrat\u00e9gia Concursos\",\"description\":\"O blog da Estrat\u00e9gia Concursos traz not\u00edcias sobre concursos e artigos de professores oferecendo cursos para concursos (pdf + videaulas) no site.\",\"publisher\":{\"@id\":\"https:\/\/www.estrategiaconcursos.com.br\/blog\/#organization\"},\"potentialAction\":[{\"@type\":\"SearchAction\",\"target\":{\"@type\":\"EntryPoint\",\"urlTemplate\":\"https:\/\/www.estrategiaconcursos.com.br\/blog\/?s={search_term_string}\"},\"query-input\":{\"@type\":\"PropertyValueSpecification\",\"valueRequired\":true,\"valueName\":\"search_term_string\"}}],\"inLanguage\":\"pt-BR\"},{\"@type\":\"Organization\",\"@id\":\"https:\/\/www.estrategiaconcursos.com.br\/blog\/#organization\",\"name\":\"Estrat\u00e9gia Concursos\",\"url\":\"https:\/\/www.estrategiaconcursos.com.br\/blog\/\",\"logo\":{\"@type\":\"ImageObject\",\"inLanguage\":\"pt-BR\",\"@id\":\"https:\/\/www.estrategiaconcursos.com.br\/blog\/#\/schema\/logo\/image\/\",\"url\":\"https:\/\/dhg1h5j42swfq.cloudfront.net\/2025\/06\/03203428\/logo_concursos-1.jpg\",\"contentUrl\":\"https:\/\/dhg1h5j42swfq.cloudfront.net\/2025\/06\/03203428\/logo_concursos-1.jpg\",\"width\":230,\"height\":60,\"caption\":\"Estrat\u00e9gia Concursos\"},\"image\":{\"@id\":\"https:\/\/www.estrategiaconcursos.com.br\/blog\/#\/schema\/logo\/image\/\"},\"sameAs\":[\"https:\/\/x.com\/EstratConcursos\"]},{\"@type\":\"Person\",\"@id\":\"https:\/\/www.estrategiaconcursos.com.br\/blog\/#\/schema\/person\/aa39cf5ddb518e5bdce27c35788405e2\",\"name\":\"Ricardo Torques\",\"image\":{\"@type\":\"ImageObject\",\"inLanguage\":\"pt-BR\",\"@id\":\"https:\/\/secure.gravatar.com\/avatar\/ce9ac6c3cff25fe86d15ed568ebc64d1724baf5c0693133bcb1f6073f712f92a?s=96&d=mm&r=g\",\"url\":\"https:\/\/secure.gravatar.com\/avatar\/ce9ac6c3cff25fe86d15ed568ebc64d1724baf5c0693133bcb1f6073f712f92a?s=96&d=mm&r=g\",\"contentUrl\":\"https:\/\/secure.gravatar.com\/avatar\/ce9ac6c3cff25fe86d15ed568ebc64d1724baf5c0693133bcb1f6073f712f92a?s=96&d=mm&r=g\",\"caption\":\"Ricardo Torques\"},\"sameAs\":[\"https:\/\/www.facebook.com\/ricardo.s.torques\"],\"url\":\"https:\/\/www.estrategiaconcursos.com.br\/blog\/author\/ricardotorquesestrategiaconcursos-com-br\/\"}]}<\/script>\n<!-- \/ Yoast SEO Premium plugin. -->","yoast_head_json":{"title":"Edital PGM-BH: Procurador Municipal - An\u00e1lise e Ciclo de Estudos","robots":{"index":"index","follow":"follow","max-snippet":"max-snippet:-1","max-image-preview":"max-image-preview:large","max-video-preview":"max-video-preview:-1"},"canonical":"https:\/\/www.estrategiaconcursos.com.br\/blog\/edital-pgm-bh\/","og_locale":"pt_BR","og_type":"article","og_title":"Edital PGM-BH: Procurador Municipal - An\u00e1lise e Ciclo de Estudos","og_description":"Edital PGM-BH: Procurador Municipal &#8211; An\u00e1lise e Ciclo de Estudos Introdu\u00e7\u00e3o Em 18\/10\/2016 foi divulgado edital do concurso de Procurador do Munic\u00edpio de Belo Horizonte (PGM-BH), para o preenchimento de 5 vagas imediatas e tamb\u00e9m para forma\u00e7\u00e3o de cadastro de reserva. Trata-se de excelente concurso que prev\u00ea remunera\u00e7\u00e3o inicial na casa dos R$17.674,95, al\u00e9m da [&hellip;]","og_url":"https:\/\/www.estrategiaconcursos.com.br\/blog\/edital-pgm-bh\/","og_site_name":"Estrat\u00e9gia Concursos","article_author":"https:\/\/www.facebook.com\/ricardo.s.torques","article_published_time":"2016-10-19T15:49:05+00:00","article_modified_time":"2022-09-08T13:36:13+00:00","og_image":[{"width":640,"height":320,"url":"https:\/\/dhg1h5j42swfq.cloudfront.net\/2016\/10\/19124750\/edital-pgm-bh.jpg","type":"image\/jpeg"}],"author":"Ricardo Torques","twitter_card":"summary_large_image","twitter_creator":"@EstratConcursos","twitter_site":"@EstratConcursos","twitter_misc":{"Escrito por":"Ricardo Torques","Est. tempo de leitura":"10 minutos"},"schema":{"@context":"https:\/\/schema.org","@graph":[{"@type":"NewsArticle","@id":"https:\/\/www.estrategiaconcursos.com.br\/blog\/edital-pgm-bh\/#article","isPartOf":{"@id":"https:\/\/www.estrategiaconcursos.com.br\/blog\/edital-pgm-bh\/"},"author":{"name":"Ricardo Torques","@id":"https:\/\/www.estrategiaconcursos.com.br\/blog\/#\/schema\/person\/aa39cf5ddb518e5bdce27c35788405e2"},"headline":"Edital PGM-BH: Procurador Municipal &#8211; An\u00e1lise e Ciclo de Estudos","datePublished":"2016-10-19T15:49:05+00:00","dateModified":"2022-09-08T13:36:13+00:00","mainEntityOfPage":{"@id":"https:\/\/www.estrategiaconcursos.com.br\/blog\/edital-pgm-bh\/"},"wordCount":1940,"commentCount":2,"publisher":{"@id":"https:\/\/www.estrategiaconcursos.com.br\/blog\/#organization"},"image":{"@id":"https:\/\/www.estrategiaconcursos.com.br\/blog\/edital-pgm-bh\/#primaryimage"},"thumbnailUrl":"https:\/\/dhg1h5j42swfq.cloudfront.net\/2016\/10\/19124750\/edital-pgm-bh.jpg","keywords":["PGM-BH"],"articleSection":["Jur\u00eddico"],"inLanguage":"pt-BR","potentialAction":[{"@type":"CommentAction","name":"Comment","target":["https:\/\/www.estrategiaconcursos.com.br\/blog\/edital-pgm-bh\/#respond"]}],"copyrightYear":"2016","copyrightHolder":{"@id":"https:\/\/www.estrategiaconcursos.com.br\/blog\/#organization"}},{"@type":"WebPage","@id":"https:\/\/www.estrategiaconcursos.com.br\/blog\/edital-pgm-bh\/","url":"https:\/\/www.estrategiaconcursos.com.br\/blog\/edital-pgm-bh\/","name":"Edital PGM-BH: Procurador Municipal - An\u00e1lise e Ciclo de Estudos","isPartOf":{"@id":"https:\/\/www.estrategiaconcursos.com.br\/blog\/#website"},"primaryImageOfPage":{"@id":"https:\/\/www.estrategiaconcursos.com.br\/blog\/edital-pgm-bh\/#primaryimage"},"image":{"@id":"https:\/\/www.estrategiaconcursos.com.br\/blog\/edital-pgm-bh\/#primaryimage"},"thumbnailUrl":"https:\/\/dhg1h5j42swfq.cloudfront.net\/2016\/10\/19124750\/edital-pgm-bh.jpg","datePublished":"2016-10-19T15:49:05+00:00","dateModified":"2022-09-08T13:36:13+00:00","breadcrumb":{"@id":"https:\/\/www.estrategiaconcursos.com.br\/blog\/edital-pgm-bh\/#breadcrumb"},"inLanguage":"pt-BR","potentialAction":[{"@type":"ReadAction","target":["https:\/\/www.estrategiaconcursos.com.br\/blog\/edital-pgm-bh\/"]}]},{"@type":"ImageObject","inLanguage":"pt-BR","@id":"https:\/\/www.estrategiaconcursos.com.br\/blog\/edital-pgm-bh\/#primaryimage","url":"https:\/\/dhg1h5j42swfq.cloudfront.net\/2016\/10\/19124750\/edital-pgm-bh.jpg","contentUrl":"https:\/\/dhg1h5j42swfq.cloudfront.net\/2016\/10\/19124750\/edital-pgm-bh.jpg","width":640,"height":320},{"@type":"BreadcrumbList","@id":"https:\/\/www.estrategiaconcursos.com.br\/blog\/edital-pgm-bh\/#breadcrumb","itemListElement":[{"@type":"ListItem","position":1,"name":"In\u00edcio","item":"https:\/\/www.estrategiaconcursos.com.br\/blog\/"},{"@type":"ListItem","position":2,"name":"Edital PGM-BH: Procurador Municipal &#8211; An\u00e1lise e Ciclo de Estudos"}]},{"@type":"WebSite","@id":"https:\/\/www.estrategiaconcursos.com.br\/blog\/#website","url":"https:\/\/www.estrategiaconcursos.com.br\/blog\/","name":"Estrat\u00e9gia Concursos","description":"O blog da Estrat\u00e9gia Concursos traz not\u00edcias sobre concursos e artigos de professores oferecendo cursos para concursos (pdf + videaulas) no site.","publisher":{"@id":"https:\/\/www.estrategiaconcursos.com.br\/blog\/#organization"},"potentialAction":[{"@type":"SearchAction","target":{"@type":"EntryPoint","urlTemplate":"https:\/\/www.estrategiaconcursos.com.br\/blog\/?s={search_term_string}"},"query-input":{"@type":"PropertyValueSpecification","valueRequired":true,"valueName":"search_term_string"}}],"inLanguage":"pt-BR"},{"@type":"Organization","@id":"https:\/\/www.estrategiaconcursos.com.br\/blog\/#organization","name":"Estrat\u00e9gia Concursos","url":"https:\/\/www.estrategiaconcursos.com.br\/blog\/","logo":{"@type":"ImageObject","inLanguage":"pt-BR","@id":"https:\/\/www.estrategiaconcursos.com.br\/blog\/#\/schema\/logo\/image\/","url":"https:\/\/dhg1h5j42swfq.cloudfront.net\/2025\/06\/03203428\/logo_concursos-1.jpg","contentUrl":"https:\/\/dhg1h5j42swfq.cloudfront.net\/2025\/06\/03203428\/logo_concursos-1.jpg","width":230,"height":60,"caption":"Estrat\u00e9gia Concursos"},"image":{"@id":"https:\/\/www.estrategiaconcursos.com.br\/blog\/#\/schema\/logo\/image\/"},"sameAs":["https:\/\/x.com\/EstratConcursos"]},{"@type":"Person","@id":"https:\/\/www.estrategiaconcursos.com.br\/blog\/#\/schema\/person\/aa39cf5ddb518e5bdce27c35788405e2","name":"Ricardo Torques","image":{"@type":"ImageObject","inLanguage":"pt-BR","@id":"https:\/\/secure.gravatar.com\/avatar\/ce9ac6c3cff25fe86d15ed568ebc64d1724baf5c0693133bcb1f6073f712f92a?s=96&d=mm&r=g","url":"https:\/\/secure.gravatar.com\/avatar\/ce9ac6c3cff25fe86d15ed568ebc64d1724baf5c0693133bcb1f6073f712f92a?s=96&d=mm&r=g","contentUrl":"https:\/\/secure.gravatar.com\/avatar\/ce9ac6c3cff25fe86d15ed568ebc64d1724baf5c0693133bcb1f6073f712f92a?s=96&d=mm&r=g","caption":"Ricardo Torques"},"sameAs":["https:\/\/www.facebook.com\/ricardo.s.torques"],"url":"https:\/\/www.estrategiaconcursos.com.br\/blog\/author\/ricardotorquesestrategiaconcursos-com-br\/"}]}},"_links":{"self":[{"href":"https:\/\/www.estrategiaconcursos.com.br\/blog\/wp-json\/wp\/v2\/posts\/52961","targetHints":{"allow":["GET"]}}],"collection":[{"href":"https:\/\/www.estrategiaconcursos.com.br\/blog\/wp-json\/wp\/v2\/posts"}],"about":[{"href":"https:\/\/www.estrategiaconcursos.com.br\/blog\/wp-json\/wp\/v2\/types\/post"}],"author":[{"embeddable":true,"href":"https:\/\/www.estrategiaconcursos.com.br\/blog\/wp-json\/wp\/v2\/users\/180"}],"replies":[{"embeddable":true,"href":"https:\/\/www.estrategiaconcursos.com.br\/blog\/wp-json\/wp\/v2\/comments?post=52961"}],"version-history":[{"count":7,"href":"https:\/\/www.estrategiaconcursos.com.br\/blog\/wp-json\/wp\/v2\/posts\/52961\/revisions"}],"predecessor-version":[{"id":1091209,"href":"https:\/\/www.estrategiaconcursos.com.br\/blog\/wp-json\/wp\/v2\/posts\/52961\/revisions\/1091209"}],"wp:featuredmedia":[{"embeddable":true,"href":"https:\/\/www.estrategiaconcursos.com.br\/blog\/wp-json\/wp\/v2\/media\/52969"}],"wp:attachment":[{"href":"https:\/\/www.estrategiaconcursos.com.br\/blog\/wp-json\/wp\/v2\/media?parent=52961"}],"wp:term":[{"taxonomy":"category","embeddable":true,"href":"https:\/\/www.estrategiaconcursos.com.br\/blog\/wp-json\/wp\/v2\/categories?post=52961"},{"taxonomy":"post_tag","embeddable":true,"href":"https:\/\/www.estrategiaconcursos.com.br\/blog\/wp-json\/wp\/v2\/tags?post=52961"},{"taxonomy":"tax_estado","embeddable":true,"href":"https:\/\/www.estrategiaconcursos.com.br\/blog\/wp-json\/wp\/v2\/tax_estado?post=52961"}],"curies":[{"name":"wp","href":"https:\/\/api.w.org\/{rel}","templated":true}]}}