{"id":529606,"date":"2020-07-03T10:00:00","date_gmt":"2020-07-03T13:00:00","guid":{"rendered":"https:\/\/www.estrategiaconcursos.com.br\/blog\/?p=529606"},"modified":"2020-06-23T17:13:04","modified_gmt":"2020-06-23T20:13:04","slug":"aprenda-a-como-calcular-a-rescisao-trabalhista-com-fgts","status":"publish","type":"post","link":"https:\/\/www.estrategiaconcursos.com.br\/blog\/aprenda-a-como-calcular-a-rescisao-trabalhista-com-fgts\/","title":{"rendered":"Aprenda a como Calcular a Rescis\u00e3o Trabalhista com FGTS."},"content":{"rendered":"\n<p class=\"has-medium-font-size\"><em>Aprenda a <strong>calcular sua rescis\u00e3o<\/strong> e conhe\u00e7a os direitos que possui ao deixar um emprego regido pelas normas da CLT.<\/em><\/p>\n\n\n\n<div class=\"wp-block-image\"><figure class=\"aligncenter size-large\"><img loading=\"lazy\" decoding=\"async\" width=\"318\" height=\"159\" src=\"https:\/\/dhg1h5j42swfq.cloudfront.net\/2020\/06\/20182548\/download-6.jpg\" alt=\"calcular rescis\u00e3o\" class=\"wp-image-529635\" srcset=\"https:\/\/dhg1h5j42swfq.cloudfront.net\/2020\/06\/20182548\/download-6.jpg 318w, https:\/\/dhg1h5j42swfq.cloudfront.net\/2020\/06\/20182548\/download-6-300x150.jpg 300w\" sizes=\"auto, (max-width: 318px) 100vw, 318px\" \/><figcaption>Rescis\u00e3o Contratual<\/figcaption><\/figure><\/div>\n\n\n\n<p>Ol\u00e1, Estrategista. Tudo joia?<\/p>\n\n\n\n<p>In\u00fameras s\u00e3o as reclama\u00e7\u00f5es de empregados que perderam seus empregos e receberam um montante a menor dos valores garantidos por lei na rescis\u00e3o contratual.<\/p>\n\n\n\n<p>Isso ocorre, pois calcular uma rescis\u00e3o trabalhista nas conformidades da CLT nem sempre \u00e9 t\u00e3o simples, tendo em vista que at\u00e9 mesmo o motivo do desligamento afeta o montante devido.<\/p>\n\n\n\n<p>Antes de mais nada, em geral, estes s\u00e3o os direitos que o empregado possui ao se desligar de uma empresa:<\/p>\n\n\n\n<ul class=\"wp-block-list\"><li>Saldo de Sal\u00e1rio;<\/li><li>Aviso pr\u00e9vio (indenizado ou trabalhado);<\/li><li>F\u00e9rias vencidas e proporcionais + Adicional de 1\/3;<\/li><li>13\u00ba proporcional (Gratifica\u00e7\u00e3o natalina); e<\/li><li>Multa FGTS (caso de demiss\u00e3o sem justa causa ou culpa rec\u00edproca).<\/li><\/ul>\n\n\n\n<p>Todavia, o funcion\u00e1rio n\u00e3o receber\u00e1 a totalidade desse saldo, uma vez que ainda ser\u00e3o deduzidos INSS (Previd\u00eancia Social) e IRRF (Imposto de Renda Retido na Fonte).<\/p>\n\n\n\n<p>No intuito de compreender melhor como ser\u00e1 realizado o c\u00e1lculo da rescis\u00e3o, vamos ao seguinte exemplo:<\/p>\n\n\n\n<p>Maria, empregada na empresa ABCD LTDA desde <strong>01\/01\/2019<\/strong>, possu\u00eda, at\u00e9 dez\/19, remunera\u00e7\u00e3o de R$ 1.500. Todavia, em jan\/2020, foi promovida e passou a receber <strong>R$ 2.500<\/strong>. Apesar de estar h\u00e1 mais de 1 ano trabalhando, <strong>ainda n\u00e3o tirou f\u00e9rias<\/strong>. Al\u00e9m disso, devido \u00e0 pandemia de COVID-19, em <strong>18<\/strong> <strong>maio de 2020<\/strong> foi demitida, <strong>sem justa causa<\/strong>.<\/p>\n\n\n\n<p>Dados importantes:<\/p>\n\n\n\n<ul class=\"wp-block-list\"><li><strong>Data da admiss\u00e3o:<\/strong> 01\/01\/2019;<\/li><li><strong>Data demiss\u00e3o:<\/strong> 18\/05\/2020;<\/li><li><strong>\u00daltimo sal\u00e1rio:<\/strong> R$ 2.500,00<\/li><li><strong>Motivo da demiss\u00e3o:<\/strong> Dispensa sem justa causa<\/li><\/ul>\n\n\n\n<h2 class=\"wp-block-heading\">Passo a passo de como calcular a rescis\u00e3o trabalhista<\/h2>\n\n\n\n<p>Para calcular a rescis\u00e3o do exemplo acima, iremos detalhar todos os direitos e obriga\u00e7\u00f5es que a empregada possui.<\/p>\n\n\n\n<h3 class=\"wp-block-heading\">1)&nbsp;&nbsp;&nbsp;&nbsp;&nbsp; Saldo de Sal\u00e1rio<\/h3>\n\n\n\n<p>Saldo de sal\u00e1rio \u00e9 a remunera\u00e7\u00e3o que ser\u00e1 calculada de acordo com a quantidade de dias que a funcion\u00e1ria efetivamente trabalhou no m\u00eas da rescis\u00e3o do contrato de trabalho.<\/p>\n\n\n\n<p>Como foram 18 dias, considerando o m\u00eas padr\u00e3o (30 dias), ser\u00e1 devido, portanto, a t\u00edtulo de saldo de sal\u00e1rio:\u00a0 <img loading=\"lazy\" decoding=\"async\" width=\"193\" height=\"36\" src=\"\"\/><\/p>\n\n\n\n<div class=\"wp-block-image\"><figure class=\"aligncenter size-large\"><img loading=\"lazy\" decoding=\"async\" width=\"221\" height=\"46\" src=\"https:\/\/dhg1h5j42swfq.cloudfront.net\/2020\/06\/21083821\/image-305.png\" alt=\"\" class=\"wp-image-529641\"\/><\/figure><\/div>\n\n\n\n<h3 class=\"wp-block-heading\">2)&nbsp;&nbsp;&nbsp;&nbsp;&nbsp; Aviso Pr\u00e9vio Indenizado<\/h3>\n\n\n\n<p>O AVI ocorre na hip\u00f3tese de um funcion\u00e1rio ser demitido e o empregador desejar que ele encerre suas atividades de imediato.<\/p>\n\n\n\n<blockquote class=\"wp-block-quote is-layout-flow wp-block-quote-is-layout-flow\"><p>Segundo a CF\/88, em seu art. 7\u00ba, \u00e9 direito dos trabalhadores:<\/p><cite>XXI &#8211; aviso pr\u00e9vio proporcional ao tempo de servi\u00e7o, sendo <strong>no m\u00ednimo<\/strong> de trinta dias, nos termos da lei;<\/cite><\/blockquote>\n\n\n\n<p>Al\u00e9m disso, o c\u00e1lculo da quantidade de dias de aviso pr\u00e9vio \u00e9 feito da seguinte maneira:<\/p>\n\n\n\n<ul class=\"wp-block-list\"><li>30 dias, pela CLT, independentemente do tempo de empresa. Quando o empregado tem at\u00e9 um ano de empresa, este ser\u00e1 o prazo final.<\/li><li>3 dias a mais para cada ano trabalhado, para contratos com mais de um ano, at\u00e9 o limite de 60 dias. Podendo totalizar ent\u00e3o 90 dias.<\/li><\/ul>\n\n\n\n<p>Assim sendo, como a funcion\u00e1ria possu\u00eda 1 ano completo, ter\u00e1 direito a 33 dias de aviso pr\u00e9vio, calculados com base no \u00faltimo sal\u00e1rio.<\/p>\n\n\n\n<div class=\"wp-block-image\"><figure class=\"aligncenter size-large\"><img loading=\"lazy\" decoding=\"async\" width=\"282\" height=\"65\" src=\"https:\/\/dhg1h5j42swfq.cloudfront.net\/2020\/06\/20181511\/image-281.png\" alt=\"\" class=\"wp-image-529608\"\/><\/figure><\/div>\n\n\n\n<h3 class=\"wp-block-heading\">3)&nbsp;&nbsp;&nbsp;&nbsp;&nbsp; F\u00e9rias e Adicional de F\u00e9rias<\/h3>\n\n\n\n<p>Ainda, segundo a Constitui\u00e7\u00e3o Federal, o funcion\u00e1rio tem direito a f\u00e9rias, anualmente, e adicional de f\u00e9rias.<\/p>\n\n\n\n<h4 class=\"wp-block-heading\">3.1) F\u00e9rias Vencidas<\/h4>\n\n\n\n<p>Como a funcion\u00e1ria n\u00e3o havia tirado f\u00e9rias quando completou 1 ano de servi\u00e7o (jan\/20), o valor devido a t\u00edtulo de f\u00e9rias vencidas e adicional de f\u00e9rias vencidas (1\/3 do sal\u00e1rio) \u00e9: <img loading=\"lazy\" decoding=\"async\" width=\"219\" height=\"36\" src=\"\"\/><\/p>\n\n\n\n<div class=\"wp-block-image\"><figure class=\"aligncenter size-large\"><img loading=\"lazy\" decoding=\"async\" width=\"241\" height=\"33\" src=\"https:\/\/dhg1h5j42swfq.cloudfront.net\/2020\/06\/21084232\/image-306.png\" alt=\"\" class=\"wp-image-529644\"\/><\/figure><\/div>\n\n\n\n<p><strong>Observa\u00e7\u00e3o: <\/strong>No exemplo acima, a funcion\u00e1ria tinha apenas 1 f\u00e9rias vencidas. Caso ela possu\u00edsse 2 ou mais, <strong>a partir da 2\u00aa<\/strong>, <strong>o valor \u00e9 devido em dobro<\/strong>. Ou seja: caso ela tivesse 2 f\u00e9rias vencidas, iria receber: 3.333,33 (referente \u00e0 primeira)+6.666,66 (referente \u00e0 segunda, em dobro)=9.999,99.<\/p>\n\n\n\n<p>Cumpre salientar que f\u00e9rias indenizadas n\u00e3o incidem INSS, tampouco IRRF.<\/p>\n\n\n\n<h4 class=\"wp-block-heading\">3.2) F\u00e9rias Proporcionais<\/h4>\n\n\n\n<p>Al\u00e9m das f\u00e9rias vencidas, \u00e9, outrossim, devido a quantia relativa a f\u00e9rias proporcional aos meses trabalhados em 2020.<\/p>\n\n\n\n<p>Aqui uma informa\u00e7\u00e3o importante. Quando o empregado trabalha por mais de 14 dias dentro de um determinado m\u00eas, \u00e9 considerado m\u00eas completo <strong>para fins de<\/strong> <strong>F\u00e9rias e 13\u00ba (gratifica\u00e7\u00e3o natalina)<\/strong>. Contudo, o FGTS \u00e9 proporcional somente aos dias efetivamente trabalhados.<\/p>\n\n\n\n<p>J\u00e1 que houve aviso pr\u00e9vio indenizado, ser\u00e3o tamb\u00e9m devidos <strong>f\u00e9rias e 13\u00ba relativo ao per\u00edodo do aviso pr\u00e9vio<\/strong> (33 dias ou 1 m\u00eas cheio).<\/p>\n\n\n\n<p>Como a Maria havia trabalhado at\u00e9 18\/05\/2020, teremos 5 meses cheios para o c\u00e1lculo das f\u00e9rias proporcionais + adicional de f\u00e9rias.<\/p>\n\n\n\n<div class=\"wp-block-image\"><figure class=\"aligncenter size-large\"><img loading=\"lazy\" decoding=\"async\" width=\"539\" height=\"150\" src=\"https:\/\/dhg1h5j42swfq.cloudfront.net\/2020\/06\/20181543\/image-282.png\" alt=\"calcular rescis\u00e3o\" class=\"wp-image-529609\" srcset=\"https:\/\/dhg1h5j42swfq.cloudfront.net\/2020\/06\/20181543\/image-282.png 539w, https:\/\/dhg1h5j42swfq.cloudfront.net\/2020\/06\/20181543\/image-282-300x83.png 300w\" sizes=\"auto, (max-width: 539px) 100vw, 539px\" \/><\/figure><\/div>\n\n\n\n<h3 class=\"wp-block-heading\">4)&nbsp;&nbsp;&nbsp;&nbsp;&nbsp; 13\u00ba (Gratifica\u00e7\u00e3o Natalina)<\/h3>\n\n\n\n<p>O c\u00e1lculo do d\u00e9cimo terceiro proporcional segue a mesma l\u00f3gica das f\u00e9rias, contudo, sem considerar o adicional de 1\/3. Isto \u00e9:<\/p>\n\n\n\n<div class=\"wp-block-image\"><figure class=\"aligncenter size-large\"><img loading=\"lazy\" decoding=\"async\" width=\"364\" height=\"54\" src=\"https:\/\/dhg1h5j42swfq.cloudfront.net\/2020\/06\/20181621\/image-283.png\" alt=\"13\u00ba\" class=\"wp-image-529610\" srcset=\"https:\/\/dhg1h5j42swfq.cloudfront.net\/2020\/06\/20181621\/image-283.png 364w, https:\/\/dhg1h5j42swfq.cloudfront.net\/2020\/06\/20181621\/image-283-300x45.png 300w\" sizes=\"auto, (max-width: 364px) 100vw, 364px\" \/><\/figure><\/div>\n\n\n\n<div class=\"wp-block-image\"><figure class=\"aligncenter size-large\"><img loading=\"lazy\" decoding=\"async\" width=\"330\" height=\"94\" src=\"https:\/\/dhg1h5j42swfq.cloudfront.net\/2020\/06\/20181650\/image-284.png\" alt=\"13\u00ba indenizado\" class=\"wp-image-529611\" srcset=\"https:\/\/dhg1h5j42swfq.cloudfront.net\/2020\/06\/20181650\/image-284.png 330w, https:\/\/dhg1h5j42swfq.cloudfront.net\/2020\/06\/20181650\/image-284-300x85.png 300w\" sizes=\"auto, (max-width: 330px) 100vw, 330px\" \/><\/figure><\/div>\n\n\n\n<h3 class=\"wp-block-heading\">5)&nbsp;&nbsp;&nbsp;&nbsp;&nbsp; Multa FGTS<\/h3>\n\n\n\n<p>Nos casos em que a demiss\u00e3o ocorre sem justa causa, \u00e9 devido multa de 40% sobre o<strong> saldo do FGTS<\/strong> do per\u00edodo. Todavia, para saber o saldo, deve-se calcular o FGTS pago para cada m\u00eas, utilizando o sal\u00e1rio mensal, e n\u00e3o apenas o \u00faltimo sal\u00e1rio (como foi feito nos c\u00e1lculos acima).<\/p>\n\n\n\n<p>Como se sabe, a al\u00edquota do FGTS \u00e9 de 8% e incide sobre o saldo sal\u00e1rio, 13\u00ba proporcional e aviso pr\u00e9vio indenizado . <\/p>\n\n\n\n<p>Durante o ano de 2019, a funcion\u00e1ria tinha remunera\u00e7\u00e3o de R$ 1.500,00, tendo, portanto, acumulado um saldo de FGTS no valor de<\/p>\n\n\n\n<div class=\"wp-block-image\"><figure class=\"aligncenter size-large\"><img loading=\"lazy\" decoding=\"async\" width=\"383\" height=\"31\" src=\"https:\/\/dhg1h5j42swfq.cloudfront.net\/2020\/06\/20181714\/image-285.png\" alt=\"bc fgts 2019\" class=\"wp-image-529612\" srcset=\"https:\/\/dhg1h5j42swfq.cloudfront.net\/2020\/06\/20181714\/image-285.png 383w, https:\/\/dhg1h5j42swfq.cloudfront.net\/2020\/06\/20181714\/image-285-300x24.png 300w\" sizes=\"auto, (max-width: 383px) 100vw, 383px\" \/><\/figure><\/div>\n\n\n\n<p>J\u00e1 durante 2020, a base de c\u00e1lculo ser\u00e1 R$ 2.500, devido ao aumento salarial:<\/p>\n\n\n\n<div class=\"wp-block-image\"><figure class=\"aligncenter size-large\"><img loading=\"lazy\" decoding=\"async\" width=\"426\" height=\"176\" src=\"https:\/\/dhg1h5j42swfq.cloudfront.net\/2020\/06\/20181752\/image-287.png\" alt=\"bc fgts 2020\" class=\"wp-image-529614\" srcset=\"https:\/\/dhg1h5j42swfq.cloudfront.net\/2020\/06\/20181752\/image-287.png 426w, https:\/\/dhg1h5j42swfq.cloudfront.net\/2020\/06\/20181752\/image-287-300x124.png 300w\" sizes=\"auto, (max-width: 426px) 100vw, 426px\" \/><\/figure><\/div>\n\n\n\n<p>Logo,<\/p>\n\n\n\n<div class=\"wp-block-image\"><figure class=\"aligncenter size-large\"><img loading=\"lazy\" decoding=\"async\" width=\"295\" height=\"31\" src=\"https:\/\/dhg1h5j42swfq.cloudfront.net\/2020\/06\/20181820\/image-289.png\" alt=\"fgts\" class=\"wp-image-529616\"\/><\/figure><\/div>\n\n\n\n<p>Portanto, a multa do FGTS ser\u00e1:<\/p>\n\n\n\n<div class=\"wp-block-image\"><figure class=\"aligncenter size-large\"><img loading=\"lazy\" decoding=\"async\" width=\"341\" height=\"35\" src=\"https:\/\/dhg1h5j42swfq.cloudfront.net\/2020\/06\/21084822\/image-307.png\" alt=\"\" class=\"wp-image-529645\" srcset=\"https:\/\/dhg1h5j42swfq.cloudfront.net\/2020\/06\/21084822\/image-307.png 341w, https:\/\/dhg1h5j42swfq.cloudfront.net\/2020\/06\/21084822\/image-307-300x31.png 300w\" sizes=\"auto, (max-width: 341px) 100vw, 341px\" \/><\/figure><\/div>\n\n\n\n<h2 class=\"wp-block-heading\">Resumo Receb\u00edveis<\/h2>\n\n\n\n<figure class=\"wp-block-table is-style-stripes\"><table><tbody><tr><td><strong>&nbsp;<\/strong><\/td><td><strong>Valor (R$)<\/strong><\/td><\/tr><tr><td><strong>Saldo Sal\u00e1rio<\/strong><\/td><td>R$ 1.500,00<\/td><\/tr><tr><td><strong>Aviso Pr\u00e9vio Indenizado<\/strong><\/td><td>R$ 2.750,00<\/td><\/tr><tr><td><strong>F\u00e9rias Vencidas **<\/strong><\/td><td>R$ 3.333,33<\/td><\/tr><tr><td><strong>F\u00e9rias Proporcionais**<\/strong><\/td><td>R$ 1.666,67<\/td><\/tr><tr><td><strong>13\u00ba Proporcional<\/strong><\/td><td>R$ 1.250,00<\/td><\/tr><tr><td><strong>Multa FGTS<\/strong><\/td><td>R$ 1.065,33<\/td><\/tr><tr><td><strong>SALDO BRUTO RESCIS\u00c3O<\/strong><\/td><td><strong>R$ 11.565,33<\/strong><\/td><\/tr><\/tbody><\/table><\/figure>\n\n\n\n<p>** com adicional de f\u00e9rias<\/p>\n\n\n\n<h2 class=\"wp-block-heading\">Descontos sobre a Rescis\u00e3o<\/h2>\n\n\n\n<p>Como falado, deve-se, ainda, retirar os valores devidos a t\u00edtulo de INSS e IRRF.<\/p>\n\n\n\n<h3 class=\"wp-block-heading\">1)&nbsp;&nbsp;&nbsp;&nbsp;&nbsp; INSS<\/h3>\n\n\n\n<h3 class=\"wp-block-heading\">1.1.INSS sobre Saldo Sal\u00e1rio<\/h3>\n\n\n\n<div class=\"wp-block-image\"><figure class=\"aligncenter size-large\"><img loading=\"lazy\" decoding=\"async\" width=\"227\" height=\"30\" src=\"https:\/\/dhg1h5j42swfq.cloudfront.net\/2020\/06\/20181859\/image-293.png\" alt=\"\" class=\"wp-image-529620\"\/><\/figure><\/div>\n\n\n\n<p>De acordo com a <a href=\"https:\/\/www.inss.gov.br\/servicos-do-inss\/calculo-da-guia-da-previdencia-social-gps\/tabela-de-contribuicao-mensal\/\">nova tabela<\/a>, a al\u00edquota para a faixa salarial de 1.500,00 \u00e9 de 9% com o fator de dedu\u00e7\u00e3o de 15,67. Dessa forma:<\/p>\n\n\n\n<div class=\"wp-block-image\"><figure class=\"aligncenter size-large\"><img loading=\"lazy\" decoding=\"async\" width=\"366\" height=\"35\" src=\"https:\/\/dhg1h5j42swfq.cloudfront.net\/2020\/06\/20181910\/image-294.png\" alt=\"\" class=\"wp-image-529621\" srcset=\"https:\/\/dhg1h5j42swfq.cloudfront.net\/2020\/06\/20181910\/image-294.png 366w, https:\/\/dhg1h5j42swfq.cloudfront.net\/2020\/06\/20181910\/image-294-300x29.png 300w\" sizes=\"auto, (max-width: 366px) 100vw, 366px\" \/><\/figure><\/div>\n\n\n\n<h3 class=\"wp-block-heading\">1.2.INSS sobre Aviso Pr\u00e9vio<\/h3>\n\n\n\n<div class=\"wp-block-image\"><figure class=\"aligncenter size-large\"><img loading=\"lazy\" decoding=\"async\" width=\"198\" height=\"21\" src=\"https:\/\/dhg1h5j42swfq.cloudfront.net\/2020\/06\/20181935\/image-295.png\" alt=\"\" class=\"wp-image-529622\"\/><\/figure><\/div>\n\n\n\n<p>A al\u00edquota para essa BC \u00e9 de 12%, com R$ 78,36 de parcela a deduzir<\/p>\n\n\n\n<div class=\"wp-block-image\"><figure class=\"aligncenter size-large\"><img loading=\"lazy\" decoding=\"async\" width=\"368\" height=\"38\" src=\"https:\/\/dhg1h5j42swfq.cloudfront.net\/2020\/06\/20181950\/image-296.png\" alt=\"\" class=\"wp-image-529623\" srcset=\"https:\/\/dhg1h5j42swfq.cloudfront.net\/2020\/06\/20181950\/image-296.png 368w, https:\/\/dhg1h5j42swfq.cloudfront.net\/2020\/06\/20181950\/image-296-300x31.png 300w\" sizes=\"auto, (max-width: 368px) 100vw, 368px\" \/><\/figure><\/div>\n\n\n\n<h4 class=\"wp-block-heading\">1.3.INSS sobre 13\u00ba<\/h4>\n\n\n\n<div class=\"wp-block-image\"><figure class=\"aligncenter size-large\"><img loading=\"lazy\" decoding=\"async\" width=\"256\" height=\"23\" src=\"https:\/\/dhg1h5j42swfq.cloudfront.net\/2020\/06\/20182010\/image-298.png\" alt=\"\" class=\"wp-image-529625\"\/><\/figure><\/div>\n\n\n\n<p>A al\u00edquota para essa BC \u00e9 de 7,5%, sem parcela a deduzir.<\/p>\n\n\n\n<div class=\"wp-block-image\"><figure class=\"aligncenter size-large\"><img loading=\"lazy\" decoding=\"async\" width=\"434\" height=\"74\" src=\"https:\/\/dhg1h5j42swfq.cloudfront.net\/2020\/06\/20182021\/image-300.png\" alt=\"inss\" class=\"wp-image-529627\" srcset=\"https:\/\/dhg1h5j42swfq.cloudfront.net\/2020\/06\/20182021\/image-300.png 434w, https:\/\/dhg1h5j42swfq.cloudfront.net\/2020\/06\/20182021\/image-300-300x51.png 300w\" sizes=\"auto, (max-width: 434px) 100vw, 434px\" \/><\/figure><\/div>\n\n\n\n<h2 class=\"wp-block-heading\">2)&nbsp;&nbsp;&nbsp;&nbsp; IRRF (Imposto de Renda Retido na Fonte)<\/h2>\n\n\n\n<h3 class=\"wp-block-heading\">2.1. IRRF sobre Saldo Sal\u00e1rio<\/h3>\n\n\n\n<p>A base de c\u00e1lculo do IR \u00e9 o saldo sal\u00e1rio + 13\u00ba sal\u00e1rio proporcional, descontado do INSS. Dessa forma<\/p>\n\n\n\n<div class=\"wp-block-image\"><figure class=\"aligncenter size-large\"><img loading=\"lazy\" decoding=\"async\" width=\"401\" height=\"43\" src=\"https:\/\/dhg1h5j42swfq.cloudfront.net\/2020\/06\/20182043\/image-302.png\" alt=\"\" class=\"wp-image-529629\" srcset=\"https:\/\/dhg1h5j42swfq.cloudfront.net\/2020\/06\/20182043\/image-302.png 401w, https:\/\/dhg1h5j42swfq.cloudfront.net\/2020\/06\/20182043\/image-302-300x32.png 300w\" sizes=\"auto, (max-width: 401px) 100vw, 401px\" \/><\/figure><\/div>\n\n\n\n<p>Segundo <a href=\"https:\/\/www.estrategiaconcursos.com.br\/blog\/quais-itens-poderao-ser-deduzidos-do-ir\/\">a tabela do IR<\/a>, <strong>esta faixa de valor \u00e9 isenta<\/strong> <strong>de Imposto sobre a Renda.<\/strong><\/p>\n\n\n\n<h2 class=\"wp-block-heading\">3)&nbsp;&nbsp;&nbsp;&nbsp; Total de Descontos<\/h2>\n\n\n\n<div class=\"wp-block-image\"><figure class=\"aligncenter size-large\"><img loading=\"lazy\" decoding=\"async\" width=\"478\" height=\"37\" src=\"https:\/\/dhg1h5j42swfq.cloudfront.net\/2020\/06\/21085111\/image-308.png\" alt=\"descontos inss\" class=\"wp-image-529646\" srcset=\"https:\/\/dhg1h5j42swfq.cloudfront.net\/2020\/06\/21085111\/image-308.png 478w, https:\/\/dhg1h5j42swfq.cloudfront.net\/2020\/06\/21085111\/image-308-300x23.png 300w\" sizes=\"auto, (max-width: 478px) 100vw, 478px\" \/><\/figure><\/div>\n\n\n\n<h2 class=\"wp-block-heading\">Saldo Remanescente<\/h2>\n\n\n\n<p>Temos, portanto:<\/p>\n\n\n\n<figure class=\"wp-block-table is-style-stripes\"><table><tbody><tr><td>A Receber (+)<\/td><td>R$ 11.564,33<\/td><\/tr><tr><td>A Descontar INSS (-)<\/td><td><img loading=\"lazy\" decoding=\"async\" width=\"69\" height=\"28\" src=\"\"\/>449,10<\/td><\/tr><tr><td>A Descontar IRRF (-)<\/td><td>R$ 0,00<\/td><\/tr><tr><td><strong>Total L\u00edquido<\/strong><\/td><td><strong>R$ 11.115,23<\/strong><\/td><\/tr><\/tbody><\/table><\/figure>\n\n\n\n<p>Bastante coisa, n\u00e3o \u00e9 mesmo? Olhando pelo ponto de vista do empregado, isto \u00e9 \u00f3timo: quanto mais melhor. Contudo, ser empregador no Brasil n\u00e3o \u00e9 uma tarefa f\u00e1cil.<\/p>\n\n\n\n<h2 class=\"wp-block-heading\">Informa\u00e7\u00f5es Adicionais<\/h2>\n\n\n\n<ol class=\"wp-block-list\" type=\"1\"><li>Caso a causa da demiss\u00e3o seja por culpa rec\u00edproca, a multa do FGTS ser\u00e1 de 20%;<\/li><li>De acordo com o Art.1\u00ba do Decreto n\u00ba 6.727\/2009, incide INSS sobre o Aviso Pr\u00e9vio Indenizado. Contudo, de acordo com o posicionamento do STJ n\u00e3o h\u00e1 a incid\u00eancia de INSS sobre o aviso pr\u00e9vio indenizado, devendo ser verificado o posicionamento do Sindicato Representativo da Categoria;<\/li><li>Pode-se deduzir da base de c\u00e1lculo do IRRF o valor de R$ 189,59 mensais por dependente (veja <a href=\"https:\/\/www.estrategiaconcursos.com.br\/blog\/quais-itens-poderao-ser-deduzidos-do-ir\/\">neste artigo<\/a> as demais dedu\u00e7\u00f5es admitidas).<\/li><\/ol>\n\n\n\n<h2 class=\"wp-block-heading\">Finalizando<\/h2>\n\n\n\n<p>Achou o artigo \u00fatil sobre <strong>como calcular sua rescis\u00e3o<\/strong>? Deixe seu coment\u00e1rio!<\/p>\n\n\n\n<p>Um forte abra\u00e7o<\/p>\n\n\n\n<p style=\"font-size:18px\" class=\"has-text-color has-background has-text-align-center has-very-light-gray-color has-vivid-purple-background-color\"><strong>SISTEMA DE QUEST\u00d5ES &#8211; <a href=\"https:\/\/questoes.estrategiaconcursos.com.br\/\">Experimente Gr\u00e1tis por 7 dias<\/a><\/strong><\/p>\n\n\n\n<p><em><strong>Assinatura Anual Ilimitada*<\/strong><\/em><\/p>\n\n\n\n<p class=\"has-text-align-center\"><em>Prepare-se com o melhor material e com quem mais aprova em Concursos P\u00fablicos em todo o pa\u00eds. Assine agora a nossa Assinatura Anual e tenha acesso ilimitado* a todos os nossos cursos.<\/em><\/p>\n\n\n\n<p style=\"font-size:22px\" class=\"has-background has-text-align-center has-luminous-vivid-amber-background-color\"><strong>ASSINE AGORA<\/strong>&nbsp;\u2013&nbsp;<a rel=\"noreferrer noopener\" href=\"https:\/\/www.estrategiaconcursos.com.br\/assinaturas\" target=\"_blank\"><strong>Assinatura Ilimitada<\/strong><\/a><\/p>\n\n\n\n<p class=\"has-text-align-center has-medium-font-size\"><em><strong>Fique por dentro de todos os concursos<\/strong><\/em>:<\/p>\n\n\n\n<p style=\"font-size:22px\" class=\"has-background has-text-align-center has-pale-cyan-blue-background-color\"><a rel=\"noreferrer noopener\" href=\"https:\/\/www.estrategiaconcursos.com.br\/blog\/concursos-abertos\/\" target=\"_blank\"><strong>Concursos abertos<\/strong><\/a><\/p>\n\n\n\n<p style=\"font-size:22px\" class=\"has-background has-text-align-center has-pale-cyan-blue-background-color\"><a rel=\"noreferrer noopener\" href=\"https:\/\/www.estrategiaconcursos.com.br\/blog\/concursos-2020\/\" target=\"_blank\"><strong>Concursos 2020<\/strong><\/a><\/p>\n","protected":false},"excerpt":{"rendered":"<p>Aprenda a calcular sua rescis\u00e3o e conhe\u00e7a os direitos que possui ao deixar um emprego regido pelas normas da CLT. Ol\u00e1, Estrategista. Tudo joia? In\u00fameras s\u00e3o as reclama\u00e7\u00f5es de empregados que perderam seus empregos e receberam um montante a menor dos valores garantidos por lei na rescis\u00e3o contratual. Isso ocorre, pois calcular uma rescis\u00e3o trabalhista [&hellip;]<\/p>\n","protected":false},"author":1613,"featured_media":529634,"comment_status":"open","ping_status":"closed","sticky":false,"template":"","format":"standard","meta":{"post_tipo":"article","footnotes":""},"categories":[1,1983,2185,2017,1984],"tags":[198685,174370,198683],"tax_estado":[],"class_list":["post-529606","post","type-post","status-publish","format-standard","has-post-thumbnail","hentry","category-cursos-e-concursos","category-fiscal-estadual","category-carreiras-juridicas","category-concursos-legislativos","category-tribunais","tag-aprenda-a-calcular","tag-calculo","tag-rescisao-trabalhista"],"acf":[],"yoast_head":"<!-- This site is optimized with the Yoast SEO Premium plugin v27.2 (Yoast SEO v27.2) - https:\/\/yoast.com\/product\/yoast-seo-premium-wordpress\/ -->\n<title>Aprenda a como Calcular a Rescis\u00e3o Trabalhista com FGTS.<\/title>\n<meta name=\"description\" content=\"Aprenda a calcular sua rescis\u00e3o com FGTS e conhe\u00e7a os direitos que possui ao deixar um emprego regido pelas normas da CLT.\" \/>\n<meta name=\"robots\" content=\"index, follow, max-snippet:-1, max-image-preview:large, max-video-preview:-1\" \/>\n<link rel=\"canonical\" href=\"https:\/\/www.estrategiaconcursos.com.br\/blog\/aprenda-a-como-calcular-a-rescisao-trabalhista-com-fgts\/\" \/>\n<meta property=\"og:locale\" content=\"pt_BR\" \/>\n<meta property=\"og:type\" content=\"article\" \/>\n<meta property=\"og:title\" content=\"Aprenda a como Calcular a Rescis\u00e3o Trabalhista com FGTS.\" \/>\n<meta property=\"og:description\" content=\"Aprenda a calcular sua rescis\u00e3o com FGTS e conhe\u00e7a os direitos que possui ao deixar um emprego regido pelas normas da CLT.\" \/>\n<meta property=\"og:url\" content=\"https:\/\/www.estrategiaconcursos.com.br\/blog\/aprenda-a-como-calcular-a-rescisao-trabalhista-com-fgts\/\" \/>\n<meta property=\"og:site_name\" content=\"Estrat\u00e9gia Concursos\" \/>\n<meta property=\"article:published_time\" content=\"2020-07-03T13:00:00+00:00\" \/>\n<meta property=\"og:image\" content=\"https:\/\/dhg1h5j42swfq.cloudfront.net\/2020\/06\/20182546\/download-5.jpg\" \/>\n\t<meta property=\"og:image:width\" content=\"318\" \/>\n\t<meta property=\"og:image:height\" content=\"159\" \/>\n\t<meta property=\"og:image:type\" content=\"image\/jpeg\" \/>\n<meta name=\"author\" content=\"Leandro Ricardo Machado da Silveira\" \/>\n<meta name=\"twitter:card\" content=\"summary_large_image\" \/>\n<meta name=\"twitter:creator\" content=\"@EstratConcursos\" \/>\n<meta name=\"twitter:site\" content=\"@EstratConcursos\" \/>\n<meta name=\"twitter:label1\" content=\"Escrito por\" \/>\n\t<meta name=\"twitter:data1\" content=\"Leandro Ricardo Machado da Silveira\" \/>\n\t<meta name=\"twitter:label2\" content=\"Est. tempo de leitura\" \/>\n\t<meta name=\"twitter:data2\" content=\"7 minutos\" \/>\n<script type=\"application\/ld+json\" class=\"yoast-schema-graph\">{\"@context\":\"https:\/\/schema.org\",\"@graph\":[{\"@type\":\"NewsArticle\",\"@id\":\"https:\/\/www.estrategiaconcursos.com.br\/blog\/aprenda-a-como-calcular-a-rescisao-trabalhista-com-fgts\/#article\",\"isPartOf\":{\"@id\":\"https:\/\/www.estrategiaconcursos.com.br\/blog\/aprenda-a-como-calcular-a-rescisao-trabalhista-com-fgts\/\"},\"author\":{\"name\":\"Leandro Ricardo Machado da Silveira\",\"@id\":\"https:\/\/www.estrategiaconcursos.com.br\/blog\/#\/schema\/person\/14e8c84f6d452b8b29e07a363d1cc811\"},\"headline\":\"Aprenda a como Calcular a Rescis\u00e3o Trabalhista com FGTS.\",\"datePublished\":\"2020-07-03T13:00:00+00:00\",\"mainEntityOfPage\":{\"@id\":\"https:\/\/www.estrategiaconcursos.com.br\/blog\/aprenda-a-como-calcular-a-rescisao-trabalhista-com-fgts\/\"},\"wordCount\":1321,\"commentCount\":3,\"publisher\":{\"@id\":\"https:\/\/www.estrategiaconcursos.com.br\/blog\/#organization\"},\"image\":{\"@id\":\"https:\/\/www.estrategiaconcursos.com.br\/blog\/aprenda-a-como-calcular-a-rescisao-trabalhista-com-fgts\/#primaryimage\"},\"thumbnailUrl\":\"https:\/\/dhg1h5j42swfq.cloudfront.net\/2020\/06\/20182546\/download-5.jpg\",\"keywords\":[\"aprenda a calcular\",\"c\u00e1lculo\",\"rescis\u00e3o trabalhista\"],\"articleSection\":[\"Concursos P\u00fablicos\",\"Fiscal - Estadual (ICMS)\",\"Jur\u00eddico\",\"Legislativo\",\"Tribunais\"],\"inLanguage\":\"pt-BR\",\"potentialAction\":[{\"@type\":\"CommentAction\",\"name\":\"Comment\",\"target\":[\"https:\/\/www.estrategiaconcursos.com.br\/blog\/aprenda-a-como-calcular-a-rescisao-trabalhista-com-fgts\/#respond\"]}],\"copyrightYear\":\"2020\",\"copyrightHolder\":{\"@id\":\"https:\/\/www.estrategiaconcursos.com.br\/blog\/#organization\"}},{\"@type\":\"WebPage\",\"@id\":\"https:\/\/www.estrategiaconcursos.com.br\/blog\/aprenda-a-como-calcular-a-rescisao-trabalhista-com-fgts\/\",\"url\":\"https:\/\/www.estrategiaconcursos.com.br\/blog\/aprenda-a-como-calcular-a-rescisao-trabalhista-com-fgts\/\",\"name\":\"Aprenda a como Calcular a Rescis\u00e3o Trabalhista com FGTS.\",\"isPartOf\":{\"@id\":\"https:\/\/www.estrategiaconcursos.com.br\/blog\/#website\"},\"primaryImageOfPage\":{\"@id\":\"https:\/\/www.estrategiaconcursos.com.br\/blog\/aprenda-a-como-calcular-a-rescisao-trabalhista-com-fgts\/#primaryimage\"},\"image\":{\"@id\":\"https:\/\/www.estrategiaconcursos.com.br\/blog\/aprenda-a-como-calcular-a-rescisao-trabalhista-com-fgts\/#primaryimage\"},\"thumbnailUrl\":\"https:\/\/dhg1h5j42swfq.cloudfront.net\/2020\/06\/20182546\/download-5.jpg\",\"datePublished\":\"2020-07-03T13:00:00+00:00\",\"description\":\"Aprenda a calcular sua rescis\u00e3o com FGTS e conhe\u00e7a os direitos que possui ao deixar um emprego regido pelas normas da CLT.\",\"breadcrumb\":{\"@id\":\"https:\/\/www.estrategiaconcursos.com.br\/blog\/aprenda-a-como-calcular-a-rescisao-trabalhista-com-fgts\/#breadcrumb\"},\"inLanguage\":\"pt-BR\",\"potentialAction\":[{\"@type\":\"ReadAction\",\"target\":[\"https:\/\/www.estrategiaconcursos.com.br\/blog\/aprenda-a-como-calcular-a-rescisao-trabalhista-com-fgts\/\"]}]},{\"@type\":\"ImageObject\",\"inLanguage\":\"pt-BR\",\"@id\":\"https:\/\/www.estrategiaconcursos.com.br\/blog\/aprenda-a-como-calcular-a-rescisao-trabalhista-com-fgts\/#primaryimage\",\"url\":\"https:\/\/dhg1h5j42swfq.cloudfront.net\/2020\/06\/20182546\/download-5.jpg\",\"contentUrl\":\"https:\/\/dhg1h5j42swfq.cloudfront.net\/2020\/06\/20182546\/download-5.jpg\",\"width\":318,\"height\":159},{\"@type\":\"BreadcrumbList\",\"@id\":\"https:\/\/www.estrategiaconcursos.com.br\/blog\/aprenda-a-como-calcular-a-rescisao-trabalhista-com-fgts\/#breadcrumb\",\"itemListElement\":[{\"@type\":\"ListItem\",\"position\":1,\"name\":\"In\u00edcio\",\"item\":\"https:\/\/www.estrategiaconcursos.com.br\/blog\/\"},{\"@type\":\"ListItem\",\"position\":2,\"name\":\"Aprenda a como Calcular a Rescis\u00e3o Trabalhista com FGTS.\"}]},{\"@type\":\"WebSite\",\"@id\":\"https:\/\/www.estrategiaconcursos.com.br\/blog\/#website\",\"url\":\"https:\/\/www.estrategiaconcursos.com.br\/blog\/\",\"name\":\"Estrat\u00e9gia Concursos\",\"description\":\"O blog da Estrat\u00e9gia Concursos traz not\u00edcias sobre concursos e artigos de professores oferecendo cursos para concursos (pdf + videaulas) no site.\",\"publisher\":{\"@id\":\"https:\/\/www.estrategiaconcursos.com.br\/blog\/#organization\"},\"potentialAction\":[{\"@type\":\"SearchAction\",\"target\":{\"@type\":\"EntryPoint\",\"urlTemplate\":\"https:\/\/www.estrategiaconcursos.com.br\/blog\/?s={search_term_string}\"},\"query-input\":{\"@type\":\"PropertyValueSpecification\",\"valueRequired\":true,\"valueName\":\"search_term_string\"}}],\"inLanguage\":\"pt-BR\"},{\"@type\":\"Organization\",\"@id\":\"https:\/\/www.estrategiaconcursos.com.br\/blog\/#organization\",\"name\":\"Estrat\u00e9gia Concursos\",\"url\":\"https:\/\/www.estrategiaconcursos.com.br\/blog\/\",\"logo\":{\"@type\":\"ImageObject\",\"inLanguage\":\"pt-BR\",\"@id\":\"https:\/\/www.estrategiaconcursos.com.br\/blog\/#\/schema\/logo\/image\/\",\"url\":\"https:\/\/dhg1h5j42swfq.cloudfront.net\/2025\/06\/03203428\/logo_concursos-1.jpg\",\"contentUrl\":\"https:\/\/dhg1h5j42swfq.cloudfront.net\/2025\/06\/03203428\/logo_concursos-1.jpg\",\"width\":230,\"height\":60,\"caption\":\"Estrat\u00e9gia Concursos\"},\"image\":{\"@id\":\"https:\/\/www.estrategiaconcursos.com.br\/blog\/#\/schema\/logo\/image\/\"},\"sameAs\":[\"https:\/\/x.com\/EstratConcursos\"]},{\"@type\":\"Person\",\"@id\":\"https:\/\/www.estrategiaconcursos.com.br\/blog\/#\/schema\/person\/14e8c84f6d452b8b29e07a363d1cc811\",\"name\":\"Leandro Ricardo Machado da Silveira\",\"image\":{\"@type\":\"ImageObject\",\"inLanguage\":\"pt-BR\",\"@id\":\"https:\/\/secure.gravatar.com\/avatar\/?s=96&d=mm&r=g\",\"url\":\"https:\/\/secure.gravatar.com\/avatar\/?s=96&d=mm&r=g\",\"contentUrl\":\"https:\/\/secure.gravatar.com\/avatar\/?s=96&d=mm&r=g\",\"caption\":\"Leandro Ricardo Machado da Silveira\"},\"url\":\"https:\/\/www.estrategiaconcursos.com.br\/blog\/author\/leandro-silveira\/\"}]}<\/script>\n<!-- \/ Yoast SEO Premium plugin. -->","yoast_head_json":{"title":"Aprenda a como Calcular a Rescis\u00e3o Trabalhista com FGTS.","description":"Aprenda a calcular sua rescis\u00e3o com FGTS e conhe\u00e7a os direitos que possui ao deixar um emprego regido pelas normas da CLT.","robots":{"index":"index","follow":"follow","max-snippet":"max-snippet:-1","max-image-preview":"max-image-preview:large","max-video-preview":"max-video-preview:-1"},"canonical":"https:\/\/www.estrategiaconcursos.com.br\/blog\/aprenda-a-como-calcular-a-rescisao-trabalhista-com-fgts\/","og_locale":"pt_BR","og_type":"article","og_title":"Aprenda a como Calcular a Rescis\u00e3o Trabalhista com FGTS.","og_description":"Aprenda a calcular sua rescis\u00e3o com FGTS e conhe\u00e7a os direitos que possui ao deixar um emprego regido pelas normas da CLT.","og_url":"https:\/\/www.estrategiaconcursos.com.br\/blog\/aprenda-a-como-calcular-a-rescisao-trabalhista-com-fgts\/","og_site_name":"Estrat\u00e9gia Concursos","article_published_time":"2020-07-03T13:00:00+00:00","og_image":[{"width":318,"height":159,"url":"https:\/\/dhg1h5j42swfq.cloudfront.net\/2020\/06\/20182546\/download-5.jpg","type":"image\/jpeg"}],"author":"Leandro Ricardo Machado da Silveira","twitter_card":"summary_large_image","twitter_creator":"@EstratConcursos","twitter_site":"@EstratConcursos","twitter_misc":{"Escrito por":"Leandro Ricardo Machado da Silveira","Est. tempo de leitura":"7 minutos"},"schema":{"@context":"https:\/\/schema.org","@graph":[{"@type":"NewsArticle","@id":"https:\/\/www.estrategiaconcursos.com.br\/blog\/aprenda-a-como-calcular-a-rescisao-trabalhista-com-fgts\/#article","isPartOf":{"@id":"https:\/\/www.estrategiaconcursos.com.br\/blog\/aprenda-a-como-calcular-a-rescisao-trabalhista-com-fgts\/"},"author":{"name":"Leandro Ricardo Machado da Silveira","@id":"https:\/\/www.estrategiaconcursos.com.br\/blog\/#\/schema\/person\/14e8c84f6d452b8b29e07a363d1cc811"},"headline":"Aprenda a como Calcular a Rescis\u00e3o Trabalhista com FGTS.","datePublished":"2020-07-03T13:00:00+00:00","mainEntityOfPage":{"@id":"https:\/\/www.estrategiaconcursos.com.br\/blog\/aprenda-a-como-calcular-a-rescisao-trabalhista-com-fgts\/"},"wordCount":1321,"commentCount":3,"publisher":{"@id":"https:\/\/www.estrategiaconcursos.com.br\/blog\/#organization"},"image":{"@id":"https:\/\/www.estrategiaconcursos.com.br\/blog\/aprenda-a-como-calcular-a-rescisao-trabalhista-com-fgts\/#primaryimage"},"thumbnailUrl":"https:\/\/dhg1h5j42swfq.cloudfront.net\/2020\/06\/20182546\/download-5.jpg","keywords":["aprenda a calcular","c\u00e1lculo","rescis\u00e3o trabalhista"],"articleSection":["Concursos P\u00fablicos","Fiscal - Estadual (ICMS)","Jur\u00eddico","Legislativo","Tribunais"],"inLanguage":"pt-BR","potentialAction":[{"@type":"CommentAction","name":"Comment","target":["https:\/\/www.estrategiaconcursos.com.br\/blog\/aprenda-a-como-calcular-a-rescisao-trabalhista-com-fgts\/#respond"]}],"copyrightYear":"2020","copyrightHolder":{"@id":"https:\/\/www.estrategiaconcursos.com.br\/blog\/#organization"}},{"@type":"WebPage","@id":"https:\/\/www.estrategiaconcursos.com.br\/blog\/aprenda-a-como-calcular-a-rescisao-trabalhista-com-fgts\/","url":"https:\/\/www.estrategiaconcursos.com.br\/blog\/aprenda-a-como-calcular-a-rescisao-trabalhista-com-fgts\/","name":"Aprenda a como Calcular a Rescis\u00e3o Trabalhista com FGTS.","isPartOf":{"@id":"https:\/\/www.estrategiaconcursos.com.br\/blog\/#website"},"primaryImageOfPage":{"@id":"https:\/\/www.estrategiaconcursos.com.br\/blog\/aprenda-a-como-calcular-a-rescisao-trabalhista-com-fgts\/#primaryimage"},"image":{"@id":"https:\/\/www.estrategiaconcursos.com.br\/blog\/aprenda-a-como-calcular-a-rescisao-trabalhista-com-fgts\/#primaryimage"},"thumbnailUrl":"https:\/\/dhg1h5j42swfq.cloudfront.net\/2020\/06\/20182546\/download-5.jpg","datePublished":"2020-07-03T13:00:00+00:00","description":"Aprenda a calcular sua rescis\u00e3o com FGTS e conhe\u00e7a os direitos que possui ao deixar um emprego regido pelas normas da CLT.","breadcrumb":{"@id":"https:\/\/www.estrategiaconcursos.com.br\/blog\/aprenda-a-como-calcular-a-rescisao-trabalhista-com-fgts\/#breadcrumb"},"inLanguage":"pt-BR","potentialAction":[{"@type":"ReadAction","target":["https:\/\/www.estrategiaconcursos.com.br\/blog\/aprenda-a-como-calcular-a-rescisao-trabalhista-com-fgts\/"]}]},{"@type":"ImageObject","inLanguage":"pt-BR","@id":"https:\/\/www.estrategiaconcursos.com.br\/blog\/aprenda-a-como-calcular-a-rescisao-trabalhista-com-fgts\/#primaryimage","url":"https:\/\/dhg1h5j42swfq.cloudfront.net\/2020\/06\/20182546\/download-5.jpg","contentUrl":"https:\/\/dhg1h5j42swfq.cloudfront.net\/2020\/06\/20182546\/download-5.jpg","width":318,"height":159},{"@type":"BreadcrumbList","@id":"https:\/\/www.estrategiaconcursos.com.br\/blog\/aprenda-a-como-calcular-a-rescisao-trabalhista-com-fgts\/#breadcrumb","itemListElement":[{"@type":"ListItem","position":1,"name":"In\u00edcio","item":"https:\/\/www.estrategiaconcursos.com.br\/blog\/"},{"@type":"ListItem","position":2,"name":"Aprenda a como Calcular a Rescis\u00e3o Trabalhista com FGTS."}]},{"@type":"WebSite","@id":"https:\/\/www.estrategiaconcursos.com.br\/blog\/#website","url":"https:\/\/www.estrategiaconcursos.com.br\/blog\/","name":"Estrat\u00e9gia Concursos","description":"O blog da Estrat\u00e9gia Concursos traz not\u00edcias sobre concursos e artigos de professores oferecendo cursos para concursos (pdf + videaulas) no site.","publisher":{"@id":"https:\/\/www.estrategiaconcursos.com.br\/blog\/#organization"},"potentialAction":[{"@type":"SearchAction","target":{"@type":"EntryPoint","urlTemplate":"https:\/\/www.estrategiaconcursos.com.br\/blog\/?s={search_term_string}"},"query-input":{"@type":"PropertyValueSpecification","valueRequired":true,"valueName":"search_term_string"}}],"inLanguage":"pt-BR"},{"@type":"Organization","@id":"https:\/\/www.estrategiaconcursos.com.br\/blog\/#organization","name":"Estrat\u00e9gia Concursos","url":"https:\/\/www.estrategiaconcursos.com.br\/blog\/","logo":{"@type":"ImageObject","inLanguage":"pt-BR","@id":"https:\/\/www.estrategiaconcursos.com.br\/blog\/#\/schema\/logo\/image\/","url":"https:\/\/dhg1h5j42swfq.cloudfront.net\/2025\/06\/03203428\/logo_concursos-1.jpg","contentUrl":"https:\/\/dhg1h5j42swfq.cloudfront.net\/2025\/06\/03203428\/logo_concursos-1.jpg","width":230,"height":60,"caption":"Estrat\u00e9gia Concursos"},"image":{"@id":"https:\/\/www.estrategiaconcursos.com.br\/blog\/#\/schema\/logo\/image\/"},"sameAs":["https:\/\/x.com\/EstratConcursos"]},{"@type":"Person","@id":"https:\/\/www.estrategiaconcursos.com.br\/blog\/#\/schema\/person\/14e8c84f6d452b8b29e07a363d1cc811","name":"Leandro Ricardo Machado da Silveira","image":{"@type":"ImageObject","inLanguage":"pt-BR","@id":"https:\/\/secure.gravatar.com\/avatar\/?s=96&d=mm&r=g","url":"https:\/\/secure.gravatar.com\/avatar\/?s=96&d=mm&r=g","contentUrl":"https:\/\/secure.gravatar.com\/avatar\/?s=96&d=mm&r=g","caption":"Leandro Ricardo Machado da Silveira"},"url":"https:\/\/www.estrategiaconcursos.com.br\/blog\/author\/leandro-silveira\/"}]}},"_links":{"self":[{"href":"https:\/\/www.estrategiaconcursos.com.br\/blog\/wp-json\/wp\/v2\/posts\/529606","targetHints":{"allow":["GET"]}}],"collection":[{"href":"https:\/\/www.estrategiaconcursos.com.br\/blog\/wp-json\/wp\/v2\/posts"}],"about":[{"href":"https:\/\/www.estrategiaconcursos.com.br\/blog\/wp-json\/wp\/v2\/types\/post"}],"author":[{"embeddable":true,"href":"https:\/\/www.estrategiaconcursos.com.br\/blog\/wp-json\/wp\/v2\/users\/1613"}],"replies":[{"embeddable":true,"href":"https:\/\/www.estrategiaconcursos.com.br\/blog\/wp-json\/wp\/v2\/comments?post=529606"}],"version-history":[{"count":10,"href":"https:\/\/www.estrategiaconcursos.com.br\/blog\/wp-json\/wp\/v2\/posts\/529606\/revisions"}],"predecessor-version":[{"id":531095,"href":"https:\/\/www.estrategiaconcursos.com.br\/blog\/wp-json\/wp\/v2\/posts\/529606\/revisions\/531095"}],"wp:featuredmedia":[{"embeddable":true,"href":"https:\/\/www.estrategiaconcursos.com.br\/blog\/wp-json\/wp\/v2\/media\/529634"}],"wp:attachment":[{"href":"https:\/\/www.estrategiaconcursos.com.br\/blog\/wp-json\/wp\/v2\/media?parent=529606"}],"wp:term":[{"taxonomy":"category","embeddable":true,"href":"https:\/\/www.estrategiaconcursos.com.br\/blog\/wp-json\/wp\/v2\/categories?post=529606"},{"taxonomy":"post_tag","embeddable":true,"href":"https:\/\/www.estrategiaconcursos.com.br\/blog\/wp-json\/wp\/v2\/tags?post=529606"},{"taxonomy":"tax_estado","embeddable":true,"href":"https:\/\/www.estrategiaconcursos.com.br\/blog\/wp-json\/wp\/v2\/tax_estado?post=529606"}],"curies":[{"name":"wp","href":"https:\/\/api.w.org\/{rel}","templated":true}]}}