{"id":528925,"date":"2020-09-01T00:33:00","date_gmt":"2020-09-01T03:33:00","guid":{"rendered":"https:\/\/www.estrategiaconcursos.com.br\/blog\/?p=528925"},"modified":"2023-06-14T10:14:16","modified_gmt":"2023-06-14T13:14:16","slug":"concurso-camara-de-itaucu-go","status":"publish","type":"post","link":"https:\/\/www.estrategiaconcursos.com.br\/blog\/concurso-camara-de-itaucu-go\/","title":{"rendered":"Concurso C\u00e2mara de Itau\u00e7u GO: inscri\u00e7\u00f5es encerradas! S\u00e3o 71 vagas!"},"content":{"rendered":"\n<p>O concurso&nbsp;C\u00e2mara Municipal de Itau\u00e7u, no estado de Goi\u00e1s, est\u00e1 com as inscri\u00e7\u00f5es encerradas. O certame oferta <strong>71 vagas<\/strong> para o quadro de efetivos e forma\u00e7\u00e3o de quadro de reserva t\u00e9cnica do munic\u00edpio.<\/p>\n\n\n\n<p>A data da prova objetiva foi alterada, sendo remarcada para o dia <strong>04 de outubro de 2020. <\/strong>Veja o novo cronograma do certame:<\/p>\n\n\n\n<p class=\"has-text-align-center has-very-light-gray-background-color has-background\"><strong><a href=\"https:\/\/dhg1h5j42swfq.cloudfront.net\/2020\/08\/27124415\/novo-cronograma-1.pdf\" target=\"_blank\" rel=\"noreferrer noopener\">Cronograma &#8211; C\u00e2mara de Itau\u00e7u GO<\/a><\/strong><\/p>\n\n\n\n<h2 class=\"wp-block-heading\" id=\"datas\">Principais datas<\/h2>\n\n\n\n<p class=\"has-very-light-gray-background-color has-background\"><em><strong>Inscri\u00e7\u00e3o: <\/strong><s>24 a 31 de agosto<\/s><strong><br \/>Prova objetiva<\/strong>:&nbsp;04 de outubro de 2020<\/em><\/p>\n\n\n\n<h2 class=\"wp-block-heading\">Cargos ofertados na C\u00e2mara de Itau\u00e7u<\/h2>\n\n\n\n<p>O concurso C\u00e2mara de Itau\u00e7u GO oferta 71 vagas imediatas mais Cadastro de Reserva para vagas de todos os n\u00edveis. Confira abaixo:<\/p>\n\n\n\n<ul class=\"wp-block-list\">\n<li><em>Coveiro (1 vagas); <\/em><\/li>\n\n\n\n<li><em>Merendeira (2 vagas); <\/em><\/li>\n\n\n\n<li><em>Operador de M\u00e1quinas Pesadas (2 vagas); <\/em><\/li>\n\n\n\n<li><em>Oper\u00e1rio de Servi\u00e7os Gerais (20 vagas);<\/em><\/li>\n\n\n\n<li><em>Vigilante (4 vagas); <\/em><\/li>\n\n\n\n<li><em>Cozinheiro (1 vagas); <\/em><\/li>\n\n\n\n<li><em>Motorista (4 vagas); <\/em><\/li>\n\n\n\n<li><em>Agente Comunit\u00e1rio de Sa\u00fade (7 vagas); <\/em><\/li>\n\n\n\n<li><em>Auxiliar de Administra\u00e7\u00e3o (4 vagas); <\/em><\/li>\n\n\n\n<li><em>Fiscal de Posturas (1 vagas); <\/em><\/li>\n\n\n\n<li><em>Fiscal do Meio Ambiente (1 vagas); <\/em><\/li>\n\n\n\n<li><em>Guarda Civil (8 vagas); <\/em><\/li>\n\n\n\n<li><em>Professor n\u00edvel II &#8211; Pedagogia (15 vagas) e <\/em><\/li>\n\n\n\n<li><em>Controlador Interno (1 vagas)<\/em><\/li>\n<\/ul>\n\n\n\n<p>A remunera\u00e7\u00e3o ofertada varia de R$ 1.045,00 a R$ 1.975,85 e a carga hor\u00e1ria a ser cumprida vai de 30 a 40 horas semanais.<\/p>\n\n\n\n<div class=\"container\" id=\"boxes\">\n  <div class=\"row\">\n\n    <div class=\"col-sm\">\n      <div class=\"banner\" id=\"box-assinatura\">\n        <h3 class=\"titulo-assinatura\">Carreiras Legislativas<\/h3>\n        <p class=\"subtitulo-assinatura\">Conhe\u00e7a os cursos<\/p>\n        <div class=\"box-botao\">\n          <a class=\"btn-assinatura\" target=\"_blank\" href=\"https:\/\/www.estrategiaconcursos.com.br\/cursos\/\" role=\"button\" rel=\"noopener noreferrer\">Conhe\u00e7a mais<\/a>\n        <\/div>\n      <\/div>\n      <p class=\"texto-auxiliar\">Prepare-se com o melhor material e com quem mais aprova em Concursos P\u00fablicos em todo o pa\u00eds. Assine agora a nossa Assinatura Anual e tenha acesso ilimitado* a todos os nossos cursos.<\/p>\n    <\/div>\n\n  <\/div>\n<\/div>\n\n\n\n<h2 class=\"wp-block-heading\">Veja as etapas do <strong>C\u00e2mara de Itau\u00e7u GO<\/strong><\/h2>\n\n\n\n<p>O concurso C\u00e2mara de Itau\u00e7u GO ser\u00e1 composto das seguintes etapas:<\/p>\n\n\n\n<ul class=\"wp-block-list\">\n<li><strong>Prova objetiva<\/strong> (para todos os cargos)<\/li>\n\n\n\n<li><strong>Prova de Aptid\u00e3o F\u00edsica<\/strong> (Cargo de Coveiro, Guarda Civil, Oper\u00e1rio de Servi\u00e7os Gerais e Vigilante.)<\/li>\n\n\n\n<li><strong>Prova Pr\u00e1tica<\/strong> (Operador de M\u00e1quinas Pesadas)<\/li>\n\n\n\n<li><strong>Prova de Reda\u00e7\u00e3o<\/strong> ( Professor N\u00edvel II)<\/li>\n<\/ul>\n\n\n\n<p class=\"has-medium-font-size\"><strong>Prova Objetiva<\/strong><\/p>\n\n\n\n<p>As provas objetivas para todos os cargos ser\u00e3o realizadas, preferencialmente, no dia <strong>20 de setembro (domingo)<\/strong>. Caso seja necess\u00e1rio, em raz\u00e3o da quantidade de candidatos participantes, as provas objetivas<br \/>ser\u00e3o tamb\u00e9m aplicadas no dia 19 de setembro (s\u00e1bado).<\/p>\n\n\n\n<p>A prova objetiva conter\u00e1 30  quest\u00f5es para os cargos de n\u00edvel fundamental incompleto e completo, 35 quest\u00f5es para n\u00edvel m\u00e9dio e 40 quest\u00f5es para n\u00edvel superior.<\/p>\n\n\n\n<p>A prova objetiva ser\u00e1 constitu\u00edda de quest\u00f5es de m\u00faltipla escolha, contendo 04  alternativas para respostas com as op\u00e7\u00f5es A, B, C e D, sendo que apenas 01 dever\u00e1 ser assinalada como correta.<\/p>\n\n\n\n<div class=\"container\" id=\"boxes\">\n  <div class=\"row\">\n\n    <div class=\"col-sm\">\n      <div class=\"estrategia\" id=\"box-assinatura\">\n        <h3 class=\"titulo-assinatura\">Assinatura Ilimitada<\/h3>\n        <p class=\"subtitulo-assinatura\">Assinatura Anual Ilimitada*<\/p>\n        <div class=\"box-botao\">\n          <a class=\"btn-assinatura\" target=\"_blank\" href=\"https:\/\/www.estrategiaconcursos.com.br\/cursos\/\" role=\"button\" rel=\"noopener noreferrer\">ASSINE AGORA<\/a>\n        <\/div>\n      <\/div>\n      <p class=\"texto-auxiliar\">Prepare-se com o melhor material e com quem mais aprova em Concursos P\u00fablicos em todo o pa\u00eds. Assine agora a nossa Assinatura Anual e tenha acesso ilimitado* a todos os nossos cursos.<\/p>\n    <\/div>\n\n    <div class=\"col-sm\">\n      <div class=\"questoes\" id=\"box-assinatura\">\n        <h3 class=\"titulo-assinatura\">Sistema de Quest\u00f5es<\/h3>\n        <p class=\"subtitulo-assinatura\">Assinatura Anual Ilimitada*<\/p>\n        <div class=\"box-botao\">\n          <a class=\"btn-assinatura\" target=\"_blank\" href=\"https:\/\/www.estrategiaconcursos.com.br\/cursosPorConcurso\/sistema-de-questoes\/#\/\" role=\"button\" rel=\"noopener noreferrer\">ASSINE AGORA<\/a>\n        <\/div>\n      <\/div>\n      <p class=\"texto-auxiliar\">Estrat\u00e9gia Quest\u00f5es nasceu maior do que todos os concorrentes, com mais quest\u00f5es cadastradas e mais solu\u00e7\u00f5es por professores. Clique no link e aproveite os descontos e b\u00f4nus imperd\u00edveis!<\/p>\n    <\/div>\n  <\/div>\n<\/div>\n\n\n\n<h3 class=\"wp-block-heading\"><strong><span style=\"color:#154b9b;font-size:30px;font-weight:600;\" class=\"has-inline-color\">Ficha T\u00e9cnica<\/span><\/strong><\/h3>\n\n\n\n<h3 class=\"wp-block-heading\"><strong><span style=\"color:#154b9b\" class=\"has-inline-color\">Informa\u00e7\u00f5es do Concurso C\u00e2mara de Itau\u00e7u GO<\/span><\/strong><\/h3>\n\n\n\n<p>\u25baData: 04 de outubro de 2020<br \/>\u25baVagas: 71<br \/>\u25baCargos: Diversos cargos<br \/>\u25baLota\u00e7\u00f5es: GO<br \/>\u25baEscolaridade: todos os n\u00edveis <br \/>\u25ba<strong>Edital: <a rel=\"noreferrer noopener\" href=\"https:\/\/dhg1h5j42swfq.cloudfront.net\/2020\/06\/19123210\/arq_concurso_2199.pdf\" target=\"_blank\">C\u00e2mara de Itau\u00e7u GO<\/a><\/strong><\/p>\n","protected":false},"excerpt":{"rendered":"<p>O concurso&nbsp;C\u00e2mara Municipal de Itau\u00e7u, no estado de Goi\u00e1s, est\u00e1 com as inscri\u00e7\u00f5es encerradas. O certame oferta 71 vagas para o quadro de efetivos e forma\u00e7\u00e3o de quadro de reserva t\u00e9cnica do munic\u00edpio. A data da prova objetiva foi alterada, sendo remarcada para o dia 04 de outubro de 2020. Veja o novo cronograma do [&hellip;]<\/p>\n","protected":false},"author":388,"featured_media":444274,"comment_status":"open","ping_status":"closed","sticky":false,"template":"","format":"standard","meta":{"post_tipo":"article","footnotes":""},"categories":[1,2017],"tags":[],"tax_estado":[],"class_list":["post-528925","post","type-post","status-publish","format-standard","has-post-thumbnail","hentry","category-cursos-e-concursos","category-concursos-legislativos"],"acf":[],"yoast_head":"<!-- This site is optimized with the Yoast SEO Premium plugin v27.2 (Yoast SEO v27.2) - https:\/\/yoast.com\/product\/yoast-seo-premium-wordpress\/ -->\n<title>Concurso C\u00e2mara de Itau\u00e7u GO: inscri\u00e7\u00f5es encerradas! S\u00e3o 71 vagas!<\/title>\n<meta name=\"description\" content=\"Foi publicado o edital do concurso C\u00e2mara de Itau\u00e7u GO, com oferta de 71 vagas visando o preenchimentos de cargos efetivos e forma\u00e7\u00e3o de quadro de reserva.\" \/>\n<meta name=\"robots\" content=\"index, follow, max-snippet:-1, max-image-preview:large, max-video-preview:-1\" \/>\n<link rel=\"canonical\" href=\"https:\/\/www.estrategiaconcursos.com.br\/blog\/concurso-camara-de-itaucu-go\/\" \/>\n<meta property=\"og:locale\" content=\"pt_BR\" \/>\n<meta property=\"og:type\" content=\"article\" \/>\n<meta property=\"og:title\" content=\"Concurso C\u00e2mara de Itau\u00e7u GO: inscri\u00e7\u00f5es encerradas! S\u00e3o 71 vagas!\" \/>\n<meta property=\"og:description\" content=\"Foi publicado o edital do concurso C\u00e2mara de Itau\u00e7u GO, com oferta de 71 vagas visando o preenchimentos de cargos efetivos e forma\u00e7\u00e3o de quadro de reserva.\" \/>\n<meta property=\"og:url\" content=\"https:\/\/www.estrategiaconcursos.com.br\/blog\/concurso-camara-de-itaucu-go\/\" \/>\n<meta property=\"og:site_name\" content=\"Estrat\u00e9gia Concursos\" \/>\n<meta property=\"article:published_time\" content=\"2020-09-01T03:33:00+00:00\" \/>\n<meta property=\"article:modified_time\" content=\"2023-06-14T13:14:16+00:00\" \/>\n<meta property=\"og:image\" content=\"https:\/\/dhg1h5j42swfq.cloudfront.net\/2019\/11\/05113836\/Saiu-Edital-7.png\" \/>\n\t<meta property=\"og:image:width\" content=\"1200\" \/>\n\t<meta property=\"og:image:height\" content=\"628\" \/>\n\t<meta property=\"og:image:type\" content=\"image\/png\" \/>\n<meta name=\"author\" content=\"Tiago Zanolla\" \/>\n<meta name=\"twitter:card\" content=\"summary_large_image\" \/>\n<meta name=\"twitter:creator\" content=\"@EstratConcursos\" \/>\n<meta name=\"twitter:site\" content=\"@EstratConcursos\" \/>\n<meta name=\"twitter:label1\" content=\"Escrito por\" \/>\n\t<meta name=\"twitter:data1\" content=\"Tiago Zanolla\" \/>\n\t<meta name=\"twitter:label2\" content=\"Est. tempo de leitura\" \/>\n\t<meta name=\"twitter:data2\" content=\"3 minutos\" \/>\n<script type=\"application\/ld+json\" class=\"yoast-schema-graph\">{\"@context\":\"https:\/\/schema.org\",\"@graph\":[{\"@type\":\"NewsArticle\",\"@id\":\"https:\/\/www.estrategiaconcursos.com.br\/blog\/concurso-camara-de-itaucu-go\/#article\",\"isPartOf\":{\"@id\":\"https:\/\/www.estrategiaconcursos.com.br\/blog\/concurso-camara-de-itaucu-go\/\"},\"author\":{\"name\":\"Tiago Zanolla\",\"@id\":\"https:\/\/www.estrategiaconcursos.com.br\/blog\/#\/schema\/person\/1509739fd92a40c9b52116de04a90310\"},\"headline\":\"Concurso C\u00e2mara de Itau\u00e7u GO: inscri\u00e7\u00f5es encerradas! S\u00e3o 71 vagas!\",\"datePublished\":\"2020-09-01T03:33:00+00:00\",\"dateModified\":\"2023-06-14T13:14:16+00:00\",\"mainEntityOfPage\":{\"@id\":\"https:\/\/www.estrategiaconcursos.com.br\/blog\/concurso-camara-de-itaucu-go\/\"},\"wordCount\":542,\"commentCount\":0,\"publisher\":{\"@id\":\"https:\/\/www.estrategiaconcursos.com.br\/blog\/#organization\"},\"image\":{\"@id\":\"https:\/\/www.estrategiaconcursos.com.br\/blog\/concurso-camara-de-itaucu-go\/#primaryimage\"},\"thumbnailUrl\":\"https:\/\/dhg1h5j42swfq.cloudfront.net\/2019\/11\/05113836\/Saiu-Edital-7.png\",\"articleSection\":[\"Concursos P\u00fablicos\",\"Legislativo\"],\"inLanguage\":\"pt-BR\",\"potentialAction\":[{\"@type\":\"CommentAction\",\"name\":\"Comment\",\"target\":[\"https:\/\/www.estrategiaconcursos.com.br\/blog\/concurso-camara-de-itaucu-go\/#respond\"]}],\"copyrightYear\":\"2020\",\"copyrightHolder\":{\"@id\":\"https:\/\/www.estrategiaconcursos.com.br\/blog\/#organization\"}},{\"@type\":\"WebPage\",\"@id\":\"https:\/\/www.estrategiaconcursos.com.br\/blog\/concurso-camara-de-itaucu-go\/\",\"url\":\"https:\/\/www.estrategiaconcursos.com.br\/blog\/concurso-camara-de-itaucu-go\/\",\"name\":\"Concurso C\u00e2mara de Itau\u00e7u GO: inscri\u00e7\u00f5es encerradas! S\u00e3o 71 vagas!\",\"isPartOf\":{\"@id\":\"https:\/\/www.estrategiaconcursos.com.br\/blog\/#website\"},\"primaryImageOfPage\":{\"@id\":\"https:\/\/www.estrategiaconcursos.com.br\/blog\/concurso-camara-de-itaucu-go\/#primaryimage\"},\"image\":{\"@id\":\"https:\/\/www.estrategiaconcursos.com.br\/blog\/concurso-camara-de-itaucu-go\/#primaryimage\"},\"thumbnailUrl\":\"https:\/\/dhg1h5j42swfq.cloudfront.net\/2019\/11\/05113836\/Saiu-Edital-7.png\",\"datePublished\":\"2020-09-01T03:33:00+00:00\",\"dateModified\":\"2023-06-14T13:14:16+00:00\",\"description\":\"Foi publicado o edital do concurso C\u00e2mara de Itau\u00e7u GO, com oferta de 71 vagas visando o preenchimentos de cargos efetivos e forma\u00e7\u00e3o de quadro de reserva.\",\"breadcrumb\":{\"@id\":\"https:\/\/www.estrategiaconcursos.com.br\/blog\/concurso-camara-de-itaucu-go\/#breadcrumb\"},\"inLanguage\":\"pt-BR\",\"potentialAction\":[{\"@type\":\"ReadAction\",\"target\":[\"https:\/\/www.estrategiaconcursos.com.br\/blog\/concurso-camara-de-itaucu-go\/\"]}]},{\"@type\":\"ImageObject\",\"inLanguage\":\"pt-BR\",\"@id\":\"https:\/\/www.estrategiaconcursos.com.br\/blog\/concurso-camara-de-itaucu-go\/#primaryimage\",\"url\":\"https:\/\/dhg1h5j42swfq.cloudfront.net\/2019\/11\/05113836\/Saiu-Edital-7.png\",\"contentUrl\":\"https:\/\/dhg1h5j42swfq.cloudfront.net\/2019\/11\/05113836\/Saiu-Edital-7.png\",\"width\":1200,\"height\":628,\"caption\":\"processo seletivo agu\"},{\"@type\":\"BreadcrumbList\",\"@id\":\"https:\/\/www.estrategiaconcursos.com.br\/blog\/concurso-camara-de-itaucu-go\/#breadcrumb\",\"itemListElement\":[{\"@type\":\"ListItem\",\"position\":1,\"name\":\"In\u00edcio\",\"item\":\"https:\/\/www.estrategiaconcursos.com.br\/blog\/\"},{\"@type\":\"ListItem\",\"position\":2,\"name\":\"Concurso C\u00e2mara de Itau\u00e7u GO: inscri\u00e7\u00f5es encerradas! S\u00e3o 71 vagas!\"}]},{\"@type\":\"WebSite\",\"@id\":\"https:\/\/www.estrategiaconcursos.com.br\/blog\/#website\",\"url\":\"https:\/\/www.estrategiaconcursos.com.br\/blog\/\",\"name\":\"Estrat\u00e9gia Concursos\",\"description\":\"O blog da Estrat\u00e9gia Concursos traz not\u00edcias sobre concursos e artigos de professores oferecendo cursos para concursos (pdf + videaulas) no site.\",\"publisher\":{\"@id\":\"https:\/\/www.estrategiaconcursos.com.br\/blog\/#organization\"},\"potentialAction\":[{\"@type\":\"SearchAction\",\"target\":{\"@type\":\"EntryPoint\",\"urlTemplate\":\"https:\/\/www.estrategiaconcursos.com.br\/blog\/?s={search_term_string}\"},\"query-input\":{\"@type\":\"PropertyValueSpecification\",\"valueRequired\":true,\"valueName\":\"search_term_string\"}}],\"inLanguage\":\"pt-BR\"},{\"@type\":\"Organization\",\"@id\":\"https:\/\/www.estrategiaconcursos.com.br\/blog\/#organization\",\"name\":\"Estrat\u00e9gia Concursos\",\"url\":\"https:\/\/www.estrategiaconcursos.com.br\/blog\/\",\"logo\":{\"@type\":\"ImageObject\",\"inLanguage\":\"pt-BR\",\"@id\":\"https:\/\/www.estrategiaconcursos.com.br\/blog\/#\/schema\/logo\/image\/\",\"url\":\"https:\/\/dhg1h5j42swfq.cloudfront.net\/2025\/06\/03203428\/logo_concursos-1.jpg\",\"contentUrl\":\"https:\/\/dhg1h5j42swfq.cloudfront.net\/2025\/06\/03203428\/logo_concursos-1.jpg\",\"width\":230,\"height\":60,\"caption\":\"Estrat\u00e9gia Concursos\"},\"image\":{\"@id\":\"https:\/\/www.estrategiaconcursos.com.br\/blog\/#\/schema\/logo\/image\/\"},\"sameAs\":[\"https:\/\/x.com\/EstratConcursos\"]},{\"@type\":\"Person\",\"@id\":\"https:\/\/www.estrategiaconcursos.com.br\/blog\/#\/schema\/person\/1509739fd92a40c9b52116de04a90310\",\"name\":\"Tiago Zanolla\",\"image\":{\"@type\":\"ImageObject\",\"inLanguage\":\"pt-BR\",\"@id\":\"https:\/\/secure.gravatar.com\/avatar\/e647cb200c21008603a1760df42f3f713d32dd977761568b5689c47f0b1747ee?s=96&d=mm&r=g\",\"url\":\"https:\/\/secure.gravatar.com\/avatar\/e647cb200c21008603a1760df42f3f713d32dd977761568b5689c47f0b1747ee?s=96&d=mm&r=g\",\"contentUrl\":\"https:\/\/secure.gravatar.com\/avatar\/e647cb200c21008603a1760df42f3f713d32dd977761568b5689c47f0b1747ee?s=96&d=mm&r=g\",\"caption\":\"Tiago Zanolla\"},\"url\":\"https:\/\/www.estrategiaconcursos.com.br\/blog\/author\/zanolla-estrategiagmail-com\/\"}]}<\/script>\n<!-- \/ Yoast SEO Premium plugin. -->","yoast_head_json":{"title":"Concurso C\u00e2mara de Itau\u00e7u GO: inscri\u00e7\u00f5es encerradas! S\u00e3o 71 vagas!","description":"Foi publicado o edital do concurso C\u00e2mara de Itau\u00e7u GO, com oferta de 71 vagas visando o preenchimentos de cargos efetivos e forma\u00e7\u00e3o de quadro de reserva.","robots":{"index":"index","follow":"follow","max-snippet":"max-snippet:-1","max-image-preview":"max-image-preview:large","max-video-preview":"max-video-preview:-1"},"canonical":"https:\/\/www.estrategiaconcursos.com.br\/blog\/concurso-camara-de-itaucu-go\/","og_locale":"pt_BR","og_type":"article","og_title":"Concurso C\u00e2mara de Itau\u00e7u GO: inscri\u00e7\u00f5es encerradas! S\u00e3o 71 vagas!","og_description":"Foi publicado o edital do concurso C\u00e2mara de Itau\u00e7u GO, com oferta de 71 vagas visando o preenchimentos de cargos efetivos e forma\u00e7\u00e3o de quadro de reserva.","og_url":"https:\/\/www.estrategiaconcursos.com.br\/blog\/concurso-camara-de-itaucu-go\/","og_site_name":"Estrat\u00e9gia Concursos","article_published_time":"2020-09-01T03:33:00+00:00","article_modified_time":"2023-06-14T13:14:16+00:00","og_image":[{"width":1200,"height":628,"url":"https:\/\/dhg1h5j42swfq.cloudfront.net\/2019\/11\/05113836\/Saiu-Edital-7.png","type":"image\/png"}],"author":"Tiago Zanolla","twitter_card":"summary_large_image","twitter_creator":"@EstratConcursos","twitter_site":"@EstratConcursos","twitter_misc":{"Escrito por":"Tiago Zanolla","Est. tempo de leitura":"3 minutos"},"schema":{"@context":"https:\/\/schema.org","@graph":[{"@type":"NewsArticle","@id":"https:\/\/www.estrategiaconcursos.com.br\/blog\/concurso-camara-de-itaucu-go\/#article","isPartOf":{"@id":"https:\/\/www.estrategiaconcursos.com.br\/blog\/concurso-camara-de-itaucu-go\/"},"author":{"name":"Tiago Zanolla","@id":"https:\/\/www.estrategiaconcursos.com.br\/blog\/#\/schema\/person\/1509739fd92a40c9b52116de04a90310"},"headline":"Concurso C\u00e2mara de Itau\u00e7u GO: inscri\u00e7\u00f5es encerradas! S\u00e3o 71 vagas!","datePublished":"2020-09-01T03:33:00+00:00","dateModified":"2023-06-14T13:14:16+00:00","mainEntityOfPage":{"@id":"https:\/\/www.estrategiaconcursos.com.br\/blog\/concurso-camara-de-itaucu-go\/"},"wordCount":542,"commentCount":0,"publisher":{"@id":"https:\/\/www.estrategiaconcursos.com.br\/blog\/#organization"},"image":{"@id":"https:\/\/www.estrategiaconcursos.com.br\/blog\/concurso-camara-de-itaucu-go\/#primaryimage"},"thumbnailUrl":"https:\/\/dhg1h5j42swfq.cloudfront.net\/2019\/11\/05113836\/Saiu-Edital-7.png","articleSection":["Concursos P\u00fablicos","Legislativo"],"inLanguage":"pt-BR","potentialAction":[{"@type":"CommentAction","name":"Comment","target":["https:\/\/www.estrategiaconcursos.com.br\/blog\/concurso-camara-de-itaucu-go\/#respond"]}],"copyrightYear":"2020","copyrightHolder":{"@id":"https:\/\/www.estrategiaconcursos.com.br\/blog\/#organization"}},{"@type":"WebPage","@id":"https:\/\/www.estrategiaconcursos.com.br\/blog\/concurso-camara-de-itaucu-go\/","url":"https:\/\/www.estrategiaconcursos.com.br\/blog\/concurso-camara-de-itaucu-go\/","name":"Concurso C\u00e2mara de Itau\u00e7u GO: inscri\u00e7\u00f5es encerradas! S\u00e3o 71 vagas!","isPartOf":{"@id":"https:\/\/www.estrategiaconcursos.com.br\/blog\/#website"},"primaryImageOfPage":{"@id":"https:\/\/www.estrategiaconcursos.com.br\/blog\/concurso-camara-de-itaucu-go\/#primaryimage"},"image":{"@id":"https:\/\/www.estrategiaconcursos.com.br\/blog\/concurso-camara-de-itaucu-go\/#primaryimage"},"thumbnailUrl":"https:\/\/dhg1h5j42swfq.cloudfront.net\/2019\/11\/05113836\/Saiu-Edital-7.png","datePublished":"2020-09-01T03:33:00+00:00","dateModified":"2023-06-14T13:14:16+00:00","description":"Foi publicado o edital do concurso C\u00e2mara de Itau\u00e7u GO, com oferta de 71 vagas visando o preenchimentos de cargos efetivos e forma\u00e7\u00e3o de quadro de reserva.","breadcrumb":{"@id":"https:\/\/www.estrategiaconcursos.com.br\/blog\/concurso-camara-de-itaucu-go\/#breadcrumb"},"inLanguage":"pt-BR","potentialAction":[{"@type":"ReadAction","target":["https:\/\/www.estrategiaconcursos.com.br\/blog\/concurso-camara-de-itaucu-go\/"]}]},{"@type":"ImageObject","inLanguage":"pt-BR","@id":"https:\/\/www.estrategiaconcursos.com.br\/blog\/concurso-camara-de-itaucu-go\/#primaryimage","url":"https:\/\/dhg1h5j42swfq.cloudfront.net\/2019\/11\/05113836\/Saiu-Edital-7.png","contentUrl":"https:\/\/dhg1h5j42swfq.cloudfront.net\/2019\/11\/05113836\/Saiu-Edital-7.png","width":1200,"height":628,"caption":"processo seletivo agu"},{"@type":"BreadcrumbList","@id":"https:\/\/www.estrategiaconcursos.com.br\/blog\/concurso-camara-de-itaucu-go\/#breadcrumb","itemListElement":[{"@type":"ListItem","position":1,"name":"In\u00edcio","item":"https:\/\/www.estrategiaconcursos.com.br\/blog\/"},{"@type":"ListItem","position":2,"name":"Concurso C\u00e2mara de Itau\u00e7u GO: inscri\u00e7\u00f5es encerradas! S\u00e3o 71 vagas!"}]},{"@type":"WebSite","@id":"https:\/\/www.estrategiaconcursos.com.br\/blog\/#website","url":"https:\/\/www.estrategiaconcursos.com.br\/blog\/","name":"Estrat\u00e9gia Concursos","description":"O blog da Estrat\u00e9gia Concursos traz not\u00edcias sobre concursos e artigos de professores oferecendo cursos para concursos (pdf + videaulas) no site.","publisher":{"@id":"https:\/\/www.estrategiaconcursos.com.br\/blog\/#organization"},"potentialAction":[{"@type":"SearchAction","target":{"@type":"EntryPoint","urlTemplate":"https:\/\/www.estrategiaconcursos.com.br\/blog\/?s={search_term_string}"},"query-input":{"@type":"PropertyValueSpecification","valueRequired":true,"valueName":"search_term_string"}}],"inLanguage":"pt-BR"},{"@type":"Organization","@id":"https:\/\/www.estrategiaconcursos.com.br\/blog\/#organization","name":"Estrat\u00e9gia Concursos","url":"https:\/\/www.estrategiaconcursos.com.br\/blog\/","logo":{"@type":"ImageObject","inLanguage":"pt-BR","@id":"https:\/\/www.estrategiaconcursos.com.br\/blog\/#\/schema\/logo\/image\/","url":"https:\/\/dhg1h5j42swfq.cloudfront.net\/2025\/06\/03203428\/logo_concursos-1.jpg","contentUrl":"https:\/\/dhg1h5j42swfq.cloudfront.net\/2025\/06\/03203428\/logo_concursos-1.jpg","width":230,"height":60,"caption":"Estrat\u00e9gia Concursos"},"image":{"@id":"https:\/\/www.estrategiaconcursos.com.br\/blog\/#\/schema\/logo\/image\/"},"sameAs":["https:\/\/x.com\/EstratConcursos"]},{"@type":"Person","@id":"https:\/\/www.estrategiaconcursos.com.br\/blog\/#\/schema\/person\/1509739fd92a40c9b52116de04a90310","name":"Tiago Zanolla","image":{"@type":"ImageObject","inLanguage":"pt-BR","@id":"https:\/\/secure.gravatar.com\/avatar\/e647cb200c21008603a1760df42f3f713d32dd977761568b5689c47f0b1747ee?s=96&d=mm&r=g","url":"https:\/\/secure.gravatar.com\/avatar\/e647cb200c21008603a1760df42f3f713d32dd977761568b5689c47f0b1747ee?s=96&d=mm&r=g","contentUrl":"https:\/\/secure.gravatar.com\/avatar\/e647cb200c21008603a1760df42f3f713d32dd977761568b5689c47f0b1747ee?s=96&d=mm&r=g","caption":"Tiago Zanolla"},"url":"https:\/\/www.estrategiaconcursos.com.br\/blog\/author\/zanolla-estrategiagmail-com\/"}]}},"_links":{"self":[{"href":"https:\/\/www.estrategiaconcursos.com.br\/blog\/wp-json\/wp\/v2\/posts\/528925","targetHints":{"allow":["GET"]}}],"collection":[{"href":"https:\/\/www.estrategiaconcursos.com.br\/blog\/wp-json\/wp\/v2\/posts"}],"about":[{"href":"https:\/\/www.estrategiaconcursos.com.br\/blog\/wp-json\/wp\/v2\/types\/post"}],"author":[{"embeddable":true,"href":"https:\/\/www.estrategiaconcursos.com.br\/blog\/wp-json\/wp\/v2\/users\/388"}],"replies":[{"embeddable":true,"href":"https:\/\/www.estrategiaconcursos.com.br\/blog\/wp-json\/wp\/v2\/comments?post=528925"}],"version-history":[{"count":46,"href":"https:\/\/www.estrategiaconcursos.com.br\/blog\/wp-json\/wp\/v2\/posts\/528925\/revisions"}],"predecessor-version":[{"id":1231940,"href":"https:\/\/www.estrategiaconcursos.com.br\/blog\/wp-json\/wp\/v2\/posts\/528925\/revisions\/1231940"}],"wp:featuredmedia":[{"embeddable":true,"href":"https:\/\/www.estrategiaconcursos.com.br\/blog\/wp-json\/wp\/v2\/media\/444274"}],"wp:attachment":[{"href":"https:\/\/www.estrategiaconcursos.com.br\/blog\/wp-json\/wp\/v2\/media?parent=528925"}],"wp:term":[{"taxonomy":"category","embeddable":true,"href":"https:\/\/www.estrategiaconcursos.com.br\/blog\/wp-json\/wp\/v2\/categories?post=528925"},{"taxonomy":"post_tag","embeddable":true,"href":"https:\/\/www.estrategiaconcursos.com.br\/blog\/wp-json\/wp\/v2\/tags?post=528925"},{"taxonomy":"tax_estado","embeddable":true,"href":"https:\/\/www.estrategiaconcursos.com.br\/blog\/wp-json\/wp\/v2\/tax_estado?post=528925"}],"curies":[{"name":"wp","href":"https:\/\/api.w.org\/{rel}","templated":true}]}}