{"id":528300,"date":"2020-07-16T00:25:00","date_gmt":"2020-07-16T03:25:00","guid":{"rendered":"https:\/\/www.estrategiaconcursos.com.br\/blog\/?p=528300"},"modified":"2020-07-16T08:33:51","modified_gmt":"2020-07-16T11:33:51","slug":"ses-sp-geografo-edital","status":"publish","type":"post","link":"https:\/\/www.estrategiaconcursos.com.br\/blog\/ses-sp-geografo-edital\/","title":{"rendered":"Concurso SES SP Ge\u00f3grafo: inscri\u00e7\u00f5es encerradas!"},"content":{"rendered":"\n<p>As inscri\u00e7\u00f5es para o concurso Secretaria de Estado da Sa\u00fade de S\u00e3o Paulo est\u00e3o encerradas! O certame oferta 1 vaga para o cargo de Analista de Tecnologia &#8211; Geografo <strong>(concurso SES SP Ge\u00f3grafo)<\/strong>.<\/p>\n\n\n\n<p>A oportunidade \u00e9 para trabalhar no Centro de Vigil\u00e2ncia Epidemiol\u00f3gica &#8220;Prof. Alexandre Vranjac.<\/p>\n\n\n\n<p>Os candidatos dever\u00e3o ir pessoalmente \u00e0 unidade detentora do certame, situada na Av. Dr. Arnaldo, n\u00ba 351, 6 \u00ba Andar, Sala 618, no setor de Recursos Humanos \u2013 Bairro Cerqueira C\u00e9sar.<\/p>\n\n\n\n<h2 class=\"wp-block-heading\" id=\"datas\">Principais datas<\/h2>\n\n\n\n<p class=\"has-background has-very-light-gray-background-color\"><em><strong>Inscri\u00e7\u00e3o:<\/strong> <s>01 a 15 de julho de 2020<\/s><strong><br \/>Taxa de inscri\u00e7\u00e3o:\u00a0<\/strong>R$ 91,11<strong><br \/>Prova:<\/strong> 1 de setembro<\/em><\/p>\n\n\n\n<h2 class=\"wp-block-heading\">Cargos, vagas e remunera\u00e7\u00e3o &#8211; concurso SES SP Ge\u00f3grafo<\/h2>\n\n\n\n<p>ANALISTA DE TECNOLOGIA &#8211; GE\u00d3GRAFO (1 vaga)  &#8211; <strong>R$ 2.014,45<\/strong>&nbsp;e Pr\u00eamio de incentivo no valor de at\u00e9&nbsp;R$ 700,00 &#8211; 40 horas semanais<\/p>\n\n\n\n<p class=\"has-medium-font-size\"><strong>Requisitos do cargo<\/strong><\/p>\n\n\n\n<ul class=\"wp-block-list\"><li>Possuir Gradua\u00e7\u00e3o em Geografia<\/li><li>Possuir Registro no Conselho Regional de Engenharia e Agronomia do Estado de S\u00e3o Paulo &#8211; CREA<\/li><\/ul>\n\n\n\n<h2 class=\"wp-block-heading\">Etapas do concurso  SES SP Ge\u00f3grafo<\/h2>\n\n\n\n<p>O concurso SES SP Ge\u00f3grafo ser\u00e1 dividido em duas fases: &nbsp;<strong>prova objetiva<\/strong> <strong>e  avalia\u00e7\u00e3o de t\u00edtulos<\/strong>.<\/p>\n\n\n\n<p class=\"has-medium-font-size\"><strong>Prova Objetiva<\/strong><\/p>\n\n\n\n<p>A Prova Objetiva constar\u00e1 de quest\u00f5es de m\u00faltipla escolha, que versar\u00e3o sobre o programa correspondente, constante no edital.  A avalia\u00e7\u00e3o est\u00e1 prevista para <strong>1 de setembro.<\/strong><\/p>\n\n\n\n<p>A prova ser\u00e1 avaliada na escala de 0 a 100  pontos; Ser\u00e1 considerado habilitado o candidato que obtiver nota igual ou superior a 50 pontos na prova.<\/p>\n\n\n\n<h2 class=\"wp-block-heading\">Principais atribui\u00e7\u00f5es &#8211; concurso SES SP Ge\u00f3grafo<\/h2>\n\n\n\n<p><em>\u2022 Desenvolver atividades de planejamento, estudos, an\u00e1lises, projetos, pareceres, levantamentos e controle geoestat\u00edsticos.<br \/>\u2022 Programar e coordenar as fases do trabalho de coleta de dados e organizar cronograma para cumprimento dos prazos.<br \/>\u2022 Planejar, orientar e executar tarefas de tabula\u00e7\u00e3o de dados estat\u00edsticos, codifica\u00e7\u00e3o e concentra\u00e7\u00e3o de dados em mapas, gr\u00e1ficos e outras formas de exposi\u00e7\u00e3o.<br \/>\u2022 Analisar, processar, atualizar, sistematizar e interpretar dados geogr\u00e1ficos, informa\u00e7\u00f5es e indicadores (clima, uso e ocupa\u00e7\u00e3o de terra, vegeta\u00e7\u00e3o, etc).<br \/>\u2022 Emitir relat\u00f3rio de an\u00e1lise e redigir informa\u00e7\u00f5es sobre quest\u00f5es de metodologia, planejamento, execu\u00e7\u00e3o e resultado das investiga\u00e7\u00f5es e an\u00e1lises<\/em>.<\/p>\n\n\n\n<p class=\"has-text-align-center\"><strong><em><strong>Sistema de Quest\u00f5es<\/strong><\/em><\/strong><\/p>\n\n\n\n<p class=\"has-text-align-center\">Estrat\u00e9gia Quest\u00f5es nasceu maior do que todos os concorrentes, com mais quest\u00f5es cadastradas e mais solu\u00e7\u00f5es por professores. Clique no link e aproveite os descontos e b\u00f4nus imperd\u00edveis!<\/p>\n\n\n\n<p class=\"has-background has-text-align-center has-vivid-green-cyan-background-color\"><strong>ASSINE AGORA \u2013 <a rel=\"noreferrer noopener\" href=\"https:\/\/www.estrategiaconcursos.com.br\/cursosPorConcurso\/sistema-de-questoes\/#\/\" target=\"_blank\">Sistema de Quest\u00f5es<\/a><\/strong><\/p>\n\n\n\n<p class=\"has-text-align-center\"><em><strong>Assinatura Anual Ilimitada*<\/strong><\/em><\/p>\n\n\n\n<p class=\"has-text-align-center\"><em>Prepare-se com o melhor material e com quem mais aprova em Concursos P\u00fablicos em todo o pa\u00eds. Assine agora a nossa Assinatura Anual e tenha acesso ilimitado* a todos os nossos cursos.<\/em><\/p>\n\n\n\n<p class=\"has-background has-text-align-center has-light-green-cyan-background-color\"><strong>ASSINE AGORA<\/strong>&nbsp;\u2013&nbsp;<a href=\"https:\/\/www.estrategiaconcursos.com.br\/assinaturas\" target=\"_blank\" rel=\"noreferrer noopener\"><strong>Assinatura Ilimitada<\/strong><\/a><\/p>\n\n\n\n<p class=\"has-background has-text-align-center has-pale-cyan-blue-background-color\"><a href=\"https:\/\/www.estrategiaconcursos.com.br\/blog\/concursos-abertos\/\" target=\"_blank\" rel=\"noreferrer noopener\"><strong>CONCURSOS ABERTOS<\/strong><\/a><\/p>\n\n\n\n<p class=\"has-background has-text-align-center has-pale-cyan-blue-background-color\"><a href=\"https:\/\/www.estrategiaconcursos.com.br\/blog\/concursos-2020\/\" target=\"_blank\" rel=\"noreferrer noopener\"><strong>CONCURSOS&nbsp;2020<\/strong><\/a><\/p>\n\n\n\n<p class=\"has-background has-text-align-center has-pale-cyan-blue-background-color\"><a rel=\"noreferrer noopener\" href=\"https:\/\/www.estrategiaconcursos.com.br\/blog\/concursos-2021\/\" target=\"_blank\"><strong>CONCURSOS 2021<\/strong><\/a><\/p>\n\n\n\n<figure class=\"wp-block-image\"><img loading=\"lazy\" decoding=\"async\" width=\"300\" height=\"102\" src=\"https:\/\/dhg1h5j42swfq.cloudfront.net\/2017\/03\/28152500\/coruja-ficha-tecnica-300x102.png\" alt=\"Ficha t\u00e9cnica do Concurso CRQ RJ\" class=\"wp-image-68542\"\/><\/figure>\n\n\n\n<h4 class=\"wp-block-heading\" id=\"ficha-tecnica-crq-rj\"><strong>\u2666Informa\u00e7\u00f5es do concurso SES SP Ge\u00f3grafo<\/strong><\/h4>\n\n\n\n<p>\u25ba<strong>Data:&nbsp;<\/strong>1 de setembro<strong><br \/>\u25baVagas:&nbsp;<\/strong>1 <strong><br \/>\u25baLota\u00e7\u00f5es:&nbsp;<\/strong>SP<strong><br \/>\u25baRequisito:&nbsp;<\/strong>N\u00edvel Superior<strong><br \/>\u25baEdital:<\/strong>&nbsp;<strong><a href=\"https:\/\/dhg1h5j42swfq.cloudfront.net\/2020\/06\/18101736\/EDITAL_SEC_SAUDE_SP_GEOGRAFO_2020.pdf\" target=\"_blank\" rel=\"noreferrer noopener\">SES SP Ge\u00f3grafo<\/a><\/strong><\/p>\n\n\n\n<p><em>Estefani Dantas<\/em><br \/><em>Ascom Estrat\u00e9gia<br \/><\/em>ascomestrategia@gmail.com<\/p>\n","protected":false},"excerpt":{"rendered":"<p>As inscri\u00e7\u00f5es para o concurso Secretaria de Estado da Sa\u00fade de S\u00e3o Paulo est\u00e3o encerradas! O certame oferta 1 vaga para o cargo de Analista de Tecnologia &#8211; Geografo (concurso SES SP Ge\u00f3grafo). A oportunidade \u00e9 para trabalhar no Centro de Vigil\u00e2ncia Epidemiol\u00f3gica &#8220;Prof. Alexandre Vranjac. Os candidatos dever\u00e3o ir pessoalmente \u00e0 unidade detentora do [&hellip;]<\/p>\n","protected":false},"author":561,"featured_media":528342,"comment_status":"open","ping_status":"closed","sticky":false,"template":"","format":"standard","meta":{"post_tipo":"article","footnotes":""},"categories":[1],"tags":[],"tax_estado":[],"class_list":["post-528300","post","type-post","status-publish","format-standard","has-post-thumbnail","hentry","category-cursos-e-concursos"],"acf":[],"yoast_head":"<!-- This site is optimized with the Yoast SEO Premium plugin v27.2 (Yoast SEO v27.2) - https:\/\/yoast.com\/product\/yoast-seo-premium-wordpress\/ -->\n<title>Concurso SES SP Ge\u00f3grafo: inscri\u00e7\u00f5es encerradas!<\/title>\n<meta name=\"robots\" content=\"index, follow, max-snippet:-1, max-image-preview:large, max-video-preview:-1\" \/>\n<link rel=\"canonical\" href=\"https:\/\/www.estrategiaconcursos.com.br\/blog\/ses-sp-geografo-edital\/\" \/>\n<meta property=\"og:locale\" content=\"pt_BR\" \/>\n<meta property=\"og:type\" content=\"article\" \/>\n<meta property=\"og:title\" content=\"Concurso SES SP Ge\u00f3grafo: inscri\u00e7\u00f5es encerradas!\" \/>\n<meta property=\"og:description\" content=\"As inscri\u00e7\u00f5es para o concurso Secretaria de Estado da Sa\u00fade de S\u00e3o Paulo est\u00e3o encerradas! O certame oferta 1 vaga para o cargo de Analista de Tecnologia &#8211; Geografo (concurso SES SP Ge\u00f3grafo). A oportunidade \u00e9 para trabalhar no Centro de Vigil\u00e2ncia Epidemiol\u00f3gica &#8220;Prof. Alexandre Vranjac. Os candidatos dever\u00e3o ir pessoalmente \u00e0 unidade detentora do [&hellip;]\" \/>\n<meta property=\"og:url\" content=\"https:\/\/www.estrategiaconcursos.com.br\/blog\/ses-sp-geografo-edital\/\" \/>\n<meta property=\"og:site_name\" content=\"Estrat\u00e9gia Concursos\" \/>\n<meta property=\"article:published_time\" content=\"2020-07-16T03:25:00+00:00\" \/>\n<meta property=\"article:modified_time\" content=\"2020-07-16T11:33:51+00:00\" \/>\n<meta property=\"og:image\" content=\"https:\/\/dhg1h5j42swfq.cloudfront.net\/2020\/06\/18102422\/ses-sp.png\" \/>\n\t<meta property=\"og:image:width\" content=\"281\" \/>\n\t<meta property=\"og:image:height\" content=\"180\" \/>\n\t<meta property=\"og:image:type\" content=\"image\/png\" \/>\n<meta name=\"author\" content=\"Ligia Carvalheiro Fernandes\" \/>\n<meta name=\"twitter:card\" content=\"summary_large_image\" \/>\n<meta name=\"twitter:creator\" content=\"@EstratConcursos\" \/>\n<meta name=\"twitter:site\" content=\"@EstratConcursos\" \/>\n<meta name=\"twitter:label1\" content=\"Escrito por\" \/>\n\t<meta name=\"twitter:data1\" content=\"Ligia Carvalheiro Fernandes\" \/>\n\t<meta name=\"twitter:label2\" content=\"Est. tempo de leitura\" \/>\n\t<meta name=\"twitter:data2\" content=\"2 minutos\" \/>\n<script type=\"application\/ld+json\" class=\"yoast-schema-graph\">{\"@context\":\"https:\/\/schema.org\",\"@graph\":[{\"@type\":\"NewsArticle\",\"@id\":\"https:\/\/www.estrategiaconcursos.com.br\/blog\/ses-sp-geografo-edital\/#article\",\"isPartOf\":{\"@id\":\"https:\/\/www.estrategiaconcursos.com.br\/blog\/ses-sp-geografo-edital\/\"},\"author\":{\"name\":\"Ligia Carvalheiro Fernandes\",\"@id\":\"https:\/\/www.estrategiaconcursos.com.br\/blog\/#\/schema\/person\/cc76e9dac392d5e35e7d00c493eee792\"},\"headline\":\"Concurso SES SP Ge\u00f3grafo: inscri\u00e7\u00f5es encerradas!\",\"datePublished\":\"2020-07-16T03:25:00+00:00\",\"dateModified\":\"2020-07-16T11:33:51+00:00\",\"mainEntityOfPage\":{\"@id\":\"https:\/\/www.estrategiaconcursos.com.br\/blog\/ses-sp-geografo-edital\/\"},\"wordCount\":492,\"commentCount\":0,\"publisher\":{\"@id\":\"https:\/\/www.estrategiaconcursos.com.br\/blog\/#organization\"},\"image\":{\"@id\":\"https:\/\/www.estrategiaconcursos.com.br\/blog\/ses-sp-geografo-edital\/#primaryimage\"},\"thumbnailUrl\":\"https:\/\/dhg1h5j42swfq.cloudfront.net\/2020\/06\/18102422\/ses-sp.png\",\"articleSection\":[\"Concursos P\u00fablicos\"],\"inLanguage\":\"pt-BR\",\"potentialAction\":[{\"@type\":\"CommentAction\",\"name\":\"Comment\",\"target\":[\"https:\/\/www.estrategiaconcursos.com.br\/blog\/ses-sp-geografo-edital\/#respond\"]}],\"copyrightYear\":\"2020\",\"copyrightHolder\":{\"@id\":\"https:\/\/www.estrategiaconcursos.com.br\/blog\/#organization\"}},{\"@type\":\"WebPage\",\"@id\":\"https:\/\/www.estrategiaconcursos.com.br\/blog\/ses-sp-geografo-edital\/\",\"url\":\"https:\/\/www.estrategiaconcursos.com.br\/blog\/ses-sp-geografo-edital\/\",\"name\":\"Concurso SES SP Ge\u00f3grafo: inscri\u00e7\u00f5es encerradas!\",\"isPartOf\":{\"@id\":\"https:\/\/www.estrategiaconcursos.com.br\/blog\/#website\"},\"primaryImageOfPage\":{\"@id\":\"https:\/\/www.estrategiaconcursos.com.br\/blog\/ses-sp-geografo-edital\/#primaryimage\"},\"image\":{\"@id\":\"https:\/\/www.estrategiaconcursos.com.br\/blog\/ses-sp-geografo-edital\/#primaryimage\"},\"thumbnailUrl\":\"https:\/\/dhg1h5j42swfq.cloudfront.net\/2020\/06\/18102422\/ses-sp.png\",\"datePublished\":\"2020-07-16T03:25:00+00:00\",\"dateModified\":\"2020-07-16T11:33:51+00:00\",\"breadcrumb\":{\"@id\":\"https:\/\/www.estrategiaconcursos.com.br\/blog\/ses-sp-geografo-edital\/#breadcrumb\"},\"inLanguage\":\"pt-BR\",\"potentialAction\":[{\"@type\":\"ReadAction\",\"target\":[\"https:\/\/www.estrategiaconcursos.com.br\/blog\/ses-sp-geografo-edital\/\"]}]},{\"@type\":\"ImageObject\",\"inLanguage\":\"pt-BR\",\"@id\":\"https:\/\/www.estrategiaconcursos.com.br\/blog\/ses-sp-geografo-edital\/#primaryimage\",\"url\":\"https:\/\/dhg1h5j42swfq.cloudfront.net\/2020\/06\/18102422\/ses-sp.png\",\"contentUrl\":\"https:\/\/dhg1h5j42swfq.cloudfront.net\/2020\/06\/18102422\/ses-sp.png\",\"width\":281,\"height\":180},{\"@type\":\"BreadcrumbList\",\"@id\":\"https:\/\/www.estrategiaconcursos.com.br\/blog\/ses-sp-geografo-edital\/#breadcrumb\",\"itemListElement\":[{\"@type\":\"ListItem\",\"position\":1,\"name\":\"In\u00edcio\",\"item\":\"https:\/\/www.estrategiaconcursos.com.br\/blog\/\"},{\"@type\":\"ListItem\",\"position\":2,\"name\":\"Concurso SES SP Ge\u00f3grafo: inscri\u00e7\u00f5es encerradas!\"}]},{\"@type\":\"WebSite\",\"@id\":\"https:\/\/www.estrategiaconcursos.com.br\/blog\/#website\",\"url\":\"https:\/\/www.estrategiaconcursos.com.br\/blog\/\",\"name\":\"Estrat\u00e9gia Concursos\",\"description\":\"O blog da Estrat\u00e9gia Concursos traz not\u00edcias sobre concursos e artigos de professores oferecendo cursos para concursos (pdf + videaulas) no site.\",\"publisher\":{\"@id\":\"https:\/\/www.estrategiaconcursos.com.br\/blog\/#organization\"},\"potentialAction\":[{\"@type\":\"SearchAction\",\"target\":{\"@type\":\"EntryPoint\",\"urlTemplate\":\"https:\/\/www.estrategiaconcursos.com.br\/blog\/?s={search_term_string}\"},\"query-input\":{\"@type\":\"PropertyValueSpecification\",\"valueRequired\":true,\"valueName\":\"search_term_string\"}}],\"inLanguage\":\"pt-BR\"},{\"@type\":\"Organization\",\"@id\":\"https:\/\/www.estrategiaconcursos.com.br\/blog\/#organization\",\"name\":\"Estrat\u00e9gia Concursos\",\"url\":\"https:\/\/www.estrategiaconcursos.com.br\/blog\/\",\"logo\":{\"@type\":\"ImageObject\",\"inLanguage\":\"pt-BR\",\"@id\":\"https:\/\/www.estrategiaconcursos.com.br\/blog\/#\/schema\/logo\/image\/\",\"url\":\"https:\/\/dhg1h5j42swfq.cloudfront.net\/2025\/06\/03203428\/logo_concursos-1.jpg\",\"contentUrl\":\"https:\/\/dhg1h5j42swfq.cloudfront.net\/2025\/06\/03203428\/logo_concursos-1.jpg\",\"width\":230,\"height\":60,\"caption\":\"Estrat\u00e9gia Concursos\"},\"image\":{\"@id\":\"https:\/\/www.estrategiaconcursos.com.br\/blog\/#\/schema\/logo\/image\/\"},\"sameAs\":[\"https:\/\/x.com\/EstratConcursos\"]},{\"@type\":\"Person\",\"@id\":\"https:\/\/www.estrategiaconcursos.com.br\/blog\/#\/schema\/person\/cc76e9dac392d5e35e7d00c493eee792\",\"name\":\"Ligia Carvalheiro Fernandes\",\"image\":{\"@type\":\"ImageObject\",\"inLanguage\":\"pt-BR\",\"@id\":\"https:\/\/secure.gravatar.com\/avatar\/26e4636c44dabc043eaf634f767ecd1d80505b210d3981d4ebd176a3f373e3ec?s=96&d=mm&r=g\",\"url\":\"https:\/\/secure.gravatar.com\/avatar\/26e4636c44dabc043eaf634f767ecd1d80505b210d3981d4ebd176a3f373e3ec?s=96&d=mm&r=g\",\"contentUrl\":\"https:\/\/secure.gravatar.com\/avatar\/26e4636c44dabc043eaf634f767ecd1d80505b210d3981d4ebd176a3f373e3ec?s=96&d=mm&r=g\",\"caption\":\"Ligia Carvalheiro Fernandes\"},\"url\":\"https:\/\/www.estrategiaconcursos.com.br\/blog\/author\/licarfegmail-com\/\"}]}<\/script>\n<!-- \/ Yoast SEO Premium plugin. -->","yoast_head_json":{"title":"Concurso SES SP Ge\u00f3grafo: inscri\u00e7\u00f5es encerradas!","robots":{"index":"index","follow":"follow","max-snippet":"max-snippet:-1","max-image-preview":"max-image-preview:large","max-video-preview":"max-video-preview:-1"},"canonical":"https:\/\/www.estrategiaconcursos.com.br\/blog\/ses-sp-geografo-edital\/","og_locale":"pt_BR","og_type":"article","og_title":"Concurso SES SP Ge\u00f3grafo: inscri\u00e7\u00f5es encerradas!","og_description":"As inscri\u00e7\u00f5es para o concurso Secretaria de Estado da Sa\u00fade de S\u00e3o Paulo est\u00e3o encerradas! O certame oferta 1 vaga para o cargo de Analista de Tecnologia &#8211; Geografo (concurso SES SP Ge\u00f3grafo). A oportunidade \u00e9 para trabalhar no Centro de Vigil\u00e2ncia Epidemiol\u00f3gica &#8220;Prof. Alexandre Vranjac. Os candidatos dever\u00e3o ir pessoalmente \u00e0 unidade detentora do [&hellip;]","og_url":"https:\/\/www.estrategiaconcursos.com.br\/blog\/ses-sp-geografo-edital\/","og_site_name":"Estrat\u00e9gia Concursos","article_published_time":"2020-07-16T03:25:00+00:00","article_modified_time":"2020-07-16T11:33:51+00:00","og_image":[{"width":281,"height":180,"url":"https:\/\/dhg1h5j42swfq.cloudfront.net\/2020\/06\/18102422\/ses-sp.png","type":"image\/png"}],"author":"Ligia Carvalheiro Fernandes","twitter_card":"summary_large_image","twitter_creator":"@EstratConcursos","twitter_site":"@EstratConcursos","twitter_misc":{"Escrito por":"Ligia Carvalheiro Fernandes","Est. tempo de leitura":"2 minutos"},"schema":{"@context":"https:\/\/schema.org","@graph":[{"@type":"NewsArticle","@id":"https:\/\/www.estrategiaconcursos.com.br\/blog\/ses-sp-geografo-edital\/#article","isPartOf":{"@id":"https:\/\/www.estrategiaconcursos.com.br\/blog\/ses-sp-geografo-edital\/"},"author":{"name":"Ligia Carvalheiro Fernandes","@id":"https:\/\/www.estrategiaconcursos.com.br\/blog\/#\/schema\/person\/cc76e9dac392d5e35e7d00c493eee792"},"headline":"Concurso SES SP Ge\u00f3grafo: inscri\u00e7\u00f5es encerradas!","datePublished":"2020-07-16T03:25:00+00:00","dateModified":"2020-07-16T11:33:51+00:00","mainEntityOfPage":{"@id":"https:\/\/www.estrategiaconcursos.com.br\/blog\/ses-sp-geografo-edital\/"},"wordCount":492,"commentCount":0,"publisher":{"@id":"https:\/\/www.estrategiaconcursos.com.br\/blog\/#organization"},"image":{"@id":"https:\/\/www.estrategiaconcursos.com.br\/blog\/ses-sp-geografo-edital\/#primaryimage"},"thumbnailUrl":"https:\/\/dhg1h5j42swfq.cloudfront.net\/2020\/06\/18102422\/ses-sp.png","articleSection":["Concursos P\u00fablicos"],"inLanguage":"pt-BR","potentialAction":[{"@type":"CommentAction","name":"Comment","target":["https:\/\/www.estrategiaconcursos.com.br\/blog\/ses-sp-geografo-edital\/#respond"]}],"copyrightYear":"2020","copyrightHolder":{"@id":"https:\/\/www.estrategiaconcursos.com.br\/blog\/#organization"}},{"@type":"WebPage","@id":"https:\/\/www.estrategiaconcursos.com.br\/blog\/ses-sp-geografo-edital\/","url":"https:\/\/www.estrategiaconcursos.com.br\/blog\/ses-sp-geografo-edital\/","name":"Concurso SES SP Ge\u00f3grafo: inscri\u00e7\u00f5es encerradas!","isPartOf":{"@id":"https:\/\/www.estrategiaconcursos.com.br\/blog\/#website"},"primaryImageOfPage":{"@id":"https:\/\/www.estrategiaconcursos.com.br\/blog\/ses-sp-geografo-edital\/#primaryimage"},"image":{"@id":"https:\/\/www.estrategiaconcursos.com.br\/blog\/ses-sp-geografo-edital\/#primaryimage"},"thumbnailUrl":"https:\/\/dhg1h5j42swfq.cloudfront.net\/2020\/06\/18102422\/ses-sp.png","datePublished":"2020-07-16T03:25:00+00:00","dateModified":"2020-07-16T11:33:51+00:00","breadcrumb":{"@id":"https:\/\/www.estrategiaconcursos.com.br\/blog\/ses-sp-geografo-edital\/#breadcrumb"},"inLanguage":"pt-BR","potentialAction":[{"@type":"ReadAction","target":["https:\/\/www.estrategiaconcursos.com.br\/blog\/ses-sp-geografo-edital\/"]}]},{"@type":"ImageObject","inLanguage":"pt-BR","@id":"https:\/\/www.estrategiaconcursos.com.br\/blog\/ses-sp-geografo-edital\/#primaryimage","url":"https:\/\/dhg1h5j42swfq.cloudfront.net\/2020\/06\/18102422\/ses-sp.png","contentUrl":"https:\/\/dhg1h5j42swfq.cloudfront.net\/2020\/06\/18102422\/ses-sp.png","width":281,"height":180},{"@type":"BreadcrumbList","@id":"https:\/\/www.estrategiaconcursos.com.br\/blog\/ses-sp-geografo-edital\/#breadcrumb","itemListElement":[{"@type":"ListItem","position":1,"name":"In\u00edcio","item":"https:\/\/www.estrategiaconcursos.com.br\/blog\/"},{"@type":"ListItem","position":2,"name":"Concurso SES SP Ge\u00f3grafo: inscri\u00e7\u00f5es encerradas!"}]},{"@type":"WebSite","@id":"https:\/\/www.estrategiaconcursos.com.br\/blog\/#website","url":"https:\/\/www.estrategiaconcursos.com.br\/blog\/","name":"Estrat\u00e9gia Concursos","description":"O blog da Estrat\u00e9gia Concursos traz not\u00edcias sobre concursos e artigos de professores oferecendo cursos para concursos (pdf + videaulas) no site.","publisher":{"@id":"https:\/\/www.estrategiaconcursos.com.br\/blog\/#organization"},"potentialAction":[{"@type":"SearchAction","target":{"@type":"EntryPoint","urlTemplate":"https:\/\/www.estrategiaconcursos.com.br\/blog\/?s={search_term_string}"},"query-input":{"@type":"PropertyValueSpecification","valueRequired":true,"valueName":"search_term_string"}}],"inLanguage":"pt-BR"},{"@type":"Organization","@id":"https:\/\/www.estrategiaconcursos.com.br\/blog\/#organization","name":"Estrat\u00e9gia Concursos","url":"https:\/\/www.estrategiaconcursos.com.br\/blog\/","logo":{"@type":"ImageObject","inLanguage":"pt-BR","@id":"https:\/\/www.estrategiaconcursos.com.br\/blog\/#\/schema\/logo\/image\/","url":"https:\/\/dhg1h5j42swfq.cloudfront.net\/2025\/06\/03203428\/logo_concursos-1.jpg","contentUrl":"https:\/\/dhg1h5j42swfq.cloudfront.net\/2025\/06\/03203428\/logo_concursos-1.jpg","width":230,"height":60,"caption":"Estrat\u00e9gia Concursos"},"image":{"@id":"https:\/\/www.estrategiaconcursos.com.br\/blog\/#\/schema\/logo\/image\/"},"sameAs":["https:\/\/x.com\/EstratConcursos"]},{"@type":"Person","@id":"https:\/\/www.estrategiaconcursos.com.br\/blog\/#\/schema\/person\/cc76e9dac392d5e35e7d00c493eee792","name":"Ligia Carvalheiro Fernandes","image":{"@type":"ImageObject","inLanguage":"pt-BR","@id":"https:\/\/secure.gravatar.com\/avatar\/26e4636c44dabc043eaf634f767ecd1d80505b210d3981d4ebd176a3f373e3ec?s=96&d=mm&r=g","url":"https:\/\/secure.gravatar.com\/avatar\/26e4636c44dabc043eaf634f767ecd1d80505b210d3981d4ebd176a3f373e3ec?s=96&d=mm&r=g","contentUrl":"https:\/\/secure.gravatar.com\/avatar\/26e4636c44dabc043eaf634f767ecd1d80505b210d3981d4ebd176a3f373e3ec?s=96&d=mm&r=g","caption":"Ligia Carvalheiro Fernandes"},"url":"https:\/\/www.estrategiaconcursos.com.br\/blog\/author\/licarfegmail-com\/"}]}},"_links":{"self":[{"href":"https:\/\/www.estrategiaconcursos.com.br\/blog\/wp-json\/wp\/v2\/posts\/528300","targetHints":{"allow":["GET"]}}],"collection":[{"href":"https:\/\/www.estrategiaconcursos.com.br\/blog\/wp-json\/wp\/v2\/posts"}],"about":[{"href":"https:\/\/www.estrategiaconcursos.com.br\/blog\/wp-json\/wp\/v2\/types\/post"}],"author":[{"embeddable":true,"href":"https:\/\/www.estrategiaconcursos.com.br\/blog\/wp-json\/wp\/v2\/users\/561"}],"replies":[{"embeddable":true,"href":"https:\/\/www.estrategiaconcursos.com.br\/blog\/wp-json\/wp\/v2\/comments?post=528300"}],"version-history":[{"count":7,"href":"https:\/\/www.estrategiaconcursos.com.br\/blog\/wp-json\/wp\/v2\/posts\/528300\/revisions"}],"predecessor-version":[{"id":542731,"href":"https:\/\/www.estrategiaconcursos.com.br\/blog\/wp-json\/wp\/v2\/posts\/528300\/revisions\/542731"}],"wp:featuredmedia":[{"embeddable":true,"href":"https:\/\/www.estrategiaconcursos.com.br\/blog\/wp-json\/wp\/v2\/media\/528342"}],"wp:attachment":[{"href":"https:\/\/www.estrategiaconcursos.com.br\/blog\/wp-json\/wp\/v2\/media?parent=528300"}],"wp:term":[{"taxonomy":"category","embeddable":true,"href":"https:\/\/www.estrategiaconcursos.com.br\/blog\/wp-json\/wp\/v2\/categories?post=528300"},{"taxonomy":"post_tag","embeddable":true,"href":"https:\/\/www.estrategiaconcursos.com.br\/blog\/wp-json\/wp\/v2\/tags?post=528300"},{"taxonomy":"tax_estado","embeddable":true,"href":"https:\/\/www.estrategiaconcursos.com.br\/blog\/wp-json\/wp\/v2\/tax_estado?post=528300"}],"curies":[{"name":"wp","href":"https:\/\/api.w.org\/{rel}","templated":true}]}}