{"id":528273,"date":"2020-06-18T09:14:13","date_gmt":"2020-06-18T12:14:13","guid":{"rendered":"https:\/\/www.estrategiaconcursos.com.br\/blog\/?p=528273"},"modified":"2023-06-21T17:34:15","modified_gmt":"2023-06-21T20:34:15","slug":"cronograma-processo-seletivo-porto-alegre-alterado","status":"publish","type":"post","link":"https:\/\/www.estrategiaconcursos.com.br\/blog\/cronograma-processo-seletivo-porto-alegre-alterado\/","title":{"rendered":"Cronograma do Processo Seletivo Porto Alegre \u00e9 alterado"},"content":{"rendered":"\n<p>Foi alterado, nessa semana, o cronograma do Processo Seletivo de Porto Alegre para os cargos de&nbsp;Agente de Combate \u00e0s Endemias&nbsp;e&nbsp;Agente Comunit\u00e1rio de Sa\u00fade.<\/p>\n\n\n\n<p>Segundo o documento publicado, os candidatos interessados no certame ter\u00e3o at\u00e9 a nova data do dia <strong>10 de julho de 2020<\/strong> para garantir a inscri\u00e7\u00e3o, atrav\u00e9s do site da banca organizadora, a <strong>Fundatec<\/strong>.<\/p>\n\n\n\n<p>Al\u00e9m disso, a taxa de inscri\u00e7\u00e3o dever\u00e1 ser paga at\u00e9 13 de julho de 2020, em qualquer ag\u00eancia banc\u00e1ria ou casas lot\u00e9ricas. Lembrando que para confirmar a inscri\u00e7\u00e3o \u00e9 necess\u00e1rio efetuar tal pagamento.<\/p>\n\n\n\n<p>Caso algum candidato n\u00e3o posso arcar com o valor da taxa de inscri\u00e7\u00e3o, o mesmo dever\u00e1 preencher um formul\u00e1rio de requerimento solicitando a isen\u00e7\u00e3o do valor. O prazo para o preenchimento e requerimento \u00e9 do dia 15 de junho de 2020 at\u00e9 \u00e0s 17h do dia 23 de junho de 2020.<\/p>\n\n\n\n<p>E, por fim, segundo informa\u00e7\u00f5es disponibilizadas pela banca, para atendimento especial da <strong>Prova Te\u00f3rico-Objetiva<\/strong>, a solicita\u00e7\u00e3o deve ser formalizada atrav\u00e9s da ficha eletr\u00f4nica de inscri\u00e7\u00e3o, selecionando as op\u00e7\u00f5es desejadas, encaminhando laudo m\u00e9dico e\/ou documentos comprobat\u00f3rios que comprove a necessidade. Os documentos devem ser enviados at\u00e9 \u00e0s 17 horas do dia 13 de julho 2020.<\/p>\n\n\n\n<p>Vale ressaltar que, ao todo, o Processo Seletivo oferta&nbsp;<strong>138 vagas<\/strong>&nbsp;para os cargos de Agente de Combate \u00e0s Endemias e Agente Comunit\u00e1rio de Sa\u00fade, ambos com exig\u00eancia de forma\u00e7\u00e3o em n\u00edvel m\u00e9dio.<\/p>\n\n\n\n<p class=\"has-text-align-center\"><em><strong>Quer saber mais informa\u00e7\u00f5es a respeito do Processo Seletivo de Porto Alegre? \u00c9 f\u00e1cil, acesse o link abaixo e veja TUDO na \u00edntegra!!!<\/strong><\/em><\/p>\n\n\n\n<p class=\"has-text-align-center has-very-light-gray-background-color has-background\" style=\"font-size:clamp(14.642px, 0.915rem + ((1vw - 3.2px) * 0.721), 22px);px\"><strong>Saiba mais: <a href=\"https:\/\/www.estrategiaconcursos.com.br\/blog\/edital-pss-porto-alegre\/\" target=\"_blank\" rel=\"noreferrer noopener\">PSS Porto Alegre<\/a><\/strong><\/p>\n\n\n\n<p class=\"has-text-align-center has-medium-font-size\"><em><strong>Assinatura Anual Ilimitada*<\/strong><\/em><\/p>\n\n\n\n<p class=\"has-text-align-center\"><em>Prepare-se com o melhor material e com quem mais aprova em Concursos P\u00fablicos em todo o pa\u00eds. Assine agora a nossa Assinatura Anual e tenha acesso ilimitado* a todos os nossos cursos.<\/em><\/p>\n\n\n\n<p class=\"has-text-align-center has-luminous-vivid-amber-background-color has-background\" style=\"font-size:clamp(14.642px, 0.915rem + ((1vw - 3.2px) * 0.721), 22px);px\"><strong>ASSINE AGORA<\/strong>&nbsp;\u2013&nbsp;<strong><a rel=\"noreferrer noopener\" href=\"https:\/\/www.estrategiaconcursos.com.br\/assinaturas\" target=\"_blank\">Assinatura Ilimitada<\/a><\/strong><\/p>\n\n\n\n<p class=\"has-text-align-center\"><strong><em>Sistema de Quest\u00f5es<\/em><\/strong><\/p>\n\n\n\n<p class=\"has-text-align-center\"><em>Estrat\u00e9gia Quest\u00f5es nasceu maior do que todos os concorrentes, com mais quest\u00f5es cadastradas e mais solu\u00e7\u00f5es por professores. Clique no link e aproveite os descontos e b\u00f4nus imperd\u00edveis!<\/em><\/p>\n\n\n\n<p class=\"has-text-align-center has-vivid-green-cyan-background-color has-background has-medium-font-size\"><strong>ASSINE AGORA \u2013&nbsp;<a href=\"https:\/\/www.estrategiaconcursos.com.br\/cursosPorConcurso\/sistema-de-questoes\/#\/\" target=\"_blank\" rel=\"noreferrer noopener\">Sistema de Quest\u00f5es<\/a><\/strong><\/p>\n\n\n\n<p class=\"has-text-align-center has-medium-font-size\"><strong><em>Fique por dentro de todos os concursos<\/em><\/strong><\/p>\n\n\n\n<p class=\"has-text-align-center has-pale-cyan-blue-background-color has-background\" style=\"font-size:clamp(14.642px, 0.915rem + ((1vw - 3.2px) * 0.721), 22px);px\"><a href=\"https:\/\/www.estrategiaconcursos.com.br\/blog\/concursos-abertos\/\" target=\"_blank\" rel=\"noreferrer noopener\"><strong>CONCURSOS ABERTOS<\/strong><\/a><\/p>\n","protected":false},"excerpt":{"rendered":"<p>Foi alterado, nessa semana, o cronograma do Processo Seletivo de Porto Alegre para os cargos de&nbsp;Agente de Combate \u00e0s Endemias&nbsp;e&nbsp;Agente Comunit\u00e1rio de Sa\u00fade. Segundo o documento publicado, os candidatos interessados no certame ter\u00e3o at\u00e9 a nova data do dia 10 de julho de 2020 para garantir a inscri\u00e7\u00e3o, atrav\u00e9s do site da banca organizadora, a [&hellip;]<\/p>\n","protected":false},"author":1421,"featured_media":514046,"comment_status":"open","ping_status":"closed","sticky":false,"template":"","format":"standard","meta":{"post_tipo":"article","footnotes":""},"categories":[1],"tags":[],"tax_estado":[],"class_list":["post-528273","post","type-post","status-publish","format-standard","has-post-thumbnail","hentry","category-cursos-e-concursos"],"acf":[],"yoast_head":"<!-- This site is optimized with the Yoast SEO Premium plugin v27.2 (Yoast SEO v27.2) - https:\/\/yoast.com\/product\/yoast-seo-premium-wordpress\/ -->\n<title>Cronograma do Processo Seletivo Porto Alegre \u00e9 alterado<\/title>\n<meta name=\"description\" content=\"Foi alterado o cronograma do Processo Seletivo de Porto Alegre para os cargos de Agente de Combate \u00e0s Endemias e Agente Comunit\u00e1rio de Sa\u00fade.\" \/>\n<meta name=\"robots\" content=\"index, follow, max-snippet:-1, max-image-preview:large, max-video-preview:-1\" \/>\n<link rel=\"canonical\" href=\"https:\/\/www.estrategiaconcursos.com.br\/blog\/cronograma-processo-seletivo-porto-alegre-alterado\/\" \/>\n<meta property=\"og:locale\" content=\"pt_BR\" \/>\n<meta property=\"og:type\" content=\"article\" \/>\n<meta property=\"og:title\" content=\"Cronograma do Processo Seletivo Porto Alegre \u00e9 alterado\" \/>\n<meta property=\"og:description\" content=\"Foi alterado o cronograma do Processo Seletivo de Porto Alegre para os cargos de Agente de Combate \u00e0s Endemias e Agente Comunit\u00e1rio de Sa\u00fade.\" \/>\n<meta property=\"og:url\" content=\"https:\/\/www.estrategiaconcursos.com.br\/blog\/cronograma-processo-seletivo-porto-alegre-alterado\/\" \/>\n<meta property=\"og:site_name\" content=\"Estrat\u00e9gia Concursos\" \/>\n<meta property=\"article:published_time\" content=\"2020-06-18T12:14:13+00:00\" \/>\n<meta property=\"article:modified_time\" content=\"2023-06-21T20:34:15+00:00\" \/>\n<meta property=\"og:image\" content=\"https:\/\/dhg1h5j42swfq.cloudfront.net\/2020\/05\/12181515\/Prefeitura_de_Porto_Alegre-RS.jpg\" \/>\n\t<meta property=\"og:image:width\" content=\"1200\" \/>\n\t<meta property=\"og:image:height\" content=\"628\" \/>\n\t<meta property=\"og:image:type\" content=\"image\/jpeg\" \/>\n<meta name=\"author\" content=\"Andr\u00e9 Rocha\" \/>\n<meta name=\"twitter:card\" content=\"summary_large_image\" \/>\n<meta name=\"twitter:creator\" content=\"@EstratConcursos\" \/>\n<meta name=\"twitter:site\" content=\"@EstratConcursos\" \/>\n<meta name=\"twitter:label1\" content=\"Escrito por\" \/>\n\t<meta name=\"twitter:data1\" content=\"Andr\u00e9 Rocha\" \/>\n\t<meta name=\"twitter:label2\" content=\"Est. tempo de leitura\" \/>\n\t<meta name=\"twitter:data2\" content=\"2 minutos\" \/>\n<script type=\"application\/ld+json\" class=\"yoast-schema-graph\">{\"@context\":\"https:\/\/schema.org\",\"@graph\":[{\"@type\":\"NewsArticle\",\"@id\":\"https:\/\/www.estrategiaconcursos.com.br\/blog\/cronograma-processo-seletivo-porto-alegre-alterado\/#article\",\"isPartOf\":{\"@id\":\"https:\/\/www.estrategiaconcursos.com.br\/blog\/cronograma-processo-seletivo-porto-alegre-alterado\/\"},\"author\":{\"name\":\"Andr\u00e9 Rocha\",\"@id\":\"https:\/\/www.estrategiaconcursos.com.br\/blog\/#\/schema\/person\/85f2ad2f5d59a7b4d218fe8d24568cf6\"},\"headline\":\"Cronograma do Processo Seletivo Porto Alegre \u00e9 alterado\",\"datePublished\":\"2020-06-18T12:14:13+00:00\",\"dateModified\":\"2023-06-21T20:34:15+00:00\",\"mainEntityOfPage\":{\"@id\":\"https:\/\/www.estrategiaconcursos.com.br\/blog\/cronograma-processo-seletivo-porto-alegre-alterado\/\"},\"wordCount\":386,\"commentCount\":0,\"publisher\":{\"@id\":\"https:\/\/www.estrategiaconcursos.com.br\/blog\/#organization\"},\"image\":{\"@id\":\"https:\/\/www.estrategiaconcursos.com.br\/blog\/cronograma-processo-seletivo-porto-alegre-alterado\/#primaryimage\"},\"thumbnailUrl\":\"https:\/\/dhg1h5j42swfq.cloudfront.net\/2020\/05\/12181515\/Prefeitura_de_Porto_Alegre-RS.jpg\",\"articleSection\":[\"Concursos P\u00fablicos\"],\"inLanguage\":\"pt-BR\",\"potentialAction\":[{\"@type\":\"CommentAction\",\"name\":\"Comment\",\"target\":[\"https:\/\/www.estrategiaconcursos.com.br\/blog\/cronograma-processo-seletivo-porto-alegre-alterado\/#respond\"]}],\"copyrightYear\":\"2020\",\"copyrightHolder\":{\"@id\":\"https:\/\/www.estrategiaconcursos.com.br\/blog\/#organization\"}},{\"@type\":\"WebPage\",\"@id\":\"https:\/\/www.estrategiaconcursos.com.br\/blog\/cronograma-processo-seletivo-porto-alegre-alterado\/\",\"url\":\"https:\/\/www.estrategiaconcursos.com.br\/blog\/cronograma-processo-seletivo-porto-alegre-alterado\/\",\"name\":\"Cronograma do Processo Seletivo Porto Alegre \u00e9 alterado\",\"isPartOf\":{\"@id\":\"https:\/\/www.estrategiaconcursos.com.br\/blog\/#website\"},\"primaryImageOfPage\":{\"@id\":\"https:\/\/www.estrategiaconcursos.com.br\/blog\/cronograma-processo-seletivo-porto-alegre-alterado\/#primaryimage\"},\"image\":{\"@id\":\"https:\/\/www.estrategiaconcursos.com.br\/blog\/cronograma-processo-seletivo-porto-alegre-alterado\/#primaryimage\"},\"thumbnailUrl\":\"https:\/\/dhg1h5j42swfq.cloudfront.net\/2020\/05\/12181515\/Prefeitura_de_Porto_Alegre-RS.jpg\",\"datePublished\":\"2020-06-18T12:14:13+00:00\",\"dateModified\":\"2023-06-21T20:34:15+00:00\",\"description\":\"Foi alterado o cronograma do Processo Seletivo de Porto Alegre para os cargos de Agente de Combate \u00e0s Endemias e Agente Comunit\u00e1rio de Sa\u00fade.\",\"breadcrumb\":{\"@id\":\"https:\/\/www.estrategiaconcursos.com.br\/blog\/cronograma-processo-seletivo-porto-alegre-alterado\/#breadcrumb\"},\"inLanguage\":\"pt-BR\",\"potentialAction\":[{\"@type\":\"ReadAction\",\"target\":[\"https:\/\/www.estrategiaconcursos.com.br\/blog\/cronograma-processo-seletivo-porto-alegre-alterado\/\"]}]},{\"@type\":\"ImageObject\",\"inLanguage\":\"pt-BR\",\"@id\":\"https:\/\/www.estrategiaconcursos.com.br\/blog\/cronograma-processo-seletivo-porto-alegre-alterado\/#primaryimage\",\"url\":\"https:\/\/dhg1h5j42swfq.cloudfront.net\/2020\/05\/12181515\/Prefeitura_de_Porto_Alegre-RS.jpg\",\"contentUrl\":\"https:\/\/dhg1h5j42swfq.cloudfront.net\/2020\/05\/12181515\/Prefeitura_de_Porto_Alegre-RS.jpg\",\"width\":1200,\"height\":628,\"caption\":\"processo seletivo Porto Alegre\"},{\"@type\":\"BreadcrumbList\",\"@id\":\"https:\/\/www.estrategiaconcursos.com.br\/blog\/cronograma-processo-seletivo-porto-alegre-alterado\/#breadcrumb\",\"itemListElement\":[{\"@type\":\"ListItem\",\"position\":1,\"name\":\"In\u00edcio\",\"item\":\"https:\/\/www.estrategiaconcursos.com.br\/blog\/\"},{\"@type\":\"ListItem\",\"position\":2,\"name\":\"Cronograma do Processo Seletivo Porto Alegre \u00e9 alterado\"}]},{\"@type\":\"WebSite\",\"@id\":\"https:\/\/www.estrategiaconcursos.com.br\/blog\/#website\",\"url\":\"https:\/\/www.estrategiaconcursos.com.br\/blog\/\",\"name\":\"Estrat\u00e9gia Concursos\",\"description\":\"O blog da Estrat\u00e9gia Concursos traz not\u00edcias sobre concursos e artigos de professores oferecendo cursos para concursos (pdf + videaulas) no site.\",\"publisher\":{\"@id\":\"https:\/\/www.estrategiaconcursos.com.br\/blog\/#organization\"},\"potentialAction\":[{\"@type\":\"SearchAction\",\"target\":{\"@type\":\"EntryPoint\",\"urlTemplate\":\"https:\/\/www.estrategiaconcursos.com.br\/blog\/?s={search_term_string}\"},\"query-input\":{\"@type\":\"PropertyValueSpecification\",\"valueRequired\":true,\"valueName\":\"search_term_string\"}}],\"inLanguage\":\"pt-BR\"},{\"@type\":\"Organization\",\"@id\":\"https:\/\/www.estrategiaconcursos.com.br\/blog\/#organization\",\"name\":\"Estrat\u00e9gia Concursos\",\"url\":\"https:\/\/www.estrategiaconcursos.com.br\/blog\/\",\"logo\":{\"@type\":\"ImageObject\",\"inLanguage\":\"pt-BR\",\"@id\":\"https:\/\/www.estrategiaconcursos.com.br\/blog\/#\/schema\/logo\/image\/\",\"url\":\"https:\/\/dhg1h5j42swfq.cloudfront.net\/2025\/06\/03203428\/logo_concursos-1.jpg\",\"contentUrl\":\"https:\/\/dhg1h5j42swfq.cloudfront.net\/2025\/06\/03203428\/logo_concursos-1.jpg\",\"width\":230,\"height\":60,\"caption\":\"Estrat\u00e9gia Concursos\"},\"image\":{\"@id\":\"https:\/\/www.estrategiaconcursos.com.br\/blog\/#\/schema\/logo\/image\/\"},\"sameAs\":[\"https:\/\/x.com\/EstratConcursos\"]},{\"@type\":\"Person\",\"@id\":\"https:\/\/www.estrategiaconcursos.com.br\/blog\/#\/schema\/person\/85f2ad2f5d59a7b4d218fe8d24568cf6\",\"name\":\"Andr\u00e9 Rocha\",\"image\":{\"@type\":\"ImageObject\",\"inLanguage\":\"pt-BR\",\"@id\":\"https:\/\/secure.gravatar.com\/avatar\/5678c8feab893090c0706166ecc67f8fed9f5f8821bc3cfdd48ac7e8d2b7dd1e?s=96&d=mm&r=g\",\"url\":\"https:\/\/secure.gravatar.com\/avatar\/5678c8feab893090c0706166ecc67f8fed9f5f8821bc3cfdd48ac7e8d2b7dd1e?s=96&d=mm&r=g\",\"contentUrl\":\"https:\/\/secure.gravatar.com\/avatar\/5678c8feab893090c0706166ecc67f8fed9f5f8821bc3cfdd48ac7e8d2b7dd1e?s=96&d=mm&r=g\",\"caption\":\"Andr\u00e9 Rocha\"},\"url\":\"https:\/\/www.estrategiaconcursos.com.br\/blog\/author\/andregomesdarochagmail-com\/\"}]}<\/script>\n<!-- \/ Yoast SEO Premium plugin. -->","yoast_head_json":{"title":"Cronograma do Processo Seletivo Porto Alegre \u00e9 alterado","description":"Foi alterado o cronograma do Processo Seletivo de Porto Alegre para os cargos de Agente de Combate \u00e0s Endemias e Agente Comunit\u00e1rio de Sa\u00fade.","robots":{"index":"index","follow":"follow","max-snippet":"max-snippet:-1","max-image-preview":"max-image-preview:large","max-video-preview":"max-video-preview:-1"},"canonical":"https:\/\/www.estrategiaconcursos.com.br\/blog\/cronograma-processo-seletivo-porto-alegre-alterado\/","og_locale":"pt_BR","og_type":"article","og_title":"Cronograma do Processo Seletivo Porto Alegre \u00e9 alterado","og_description":"Foi alterado o cronograma do Processo Seletivo de Porto Alegre para os cargos de Agente de Combate \u00e0s Endemias e Agente Comunit\u00e1rio de Sa\u00fade.","og_url":"https:\/\/www.estrategiaconcursos.com.br\/blog\/cronograma-processo-seletivo-porto-alegre-alterado\/","og_site_name":"Estrat\u00e9gia Concursos","article_published_time":"2020-06-18T12:14:13+00:00","article_modified_time":"2023-06-21T20:34:15+00:00","og_image":[{"width":1200,"height":628,"url":"https:\/\/dhg1h5j42swfq.cloudfront.net\/2020\/05\/12181515\/Prefeitura_de_Porto_Alegre-RS.jpg","type":"image\/jpeg"}],"author":"Andr\u00e9 Rocha","twitter_card":"summary_large_image","twitter_creator":"@EstratConcursos","twitter_site":"@EstratConcursos","twitter_misc":{"Escrito por":"Andr\u00e9 Rocha","Est. tempo de leitura":"2 minutos"},"schema":{"@context":"https:\/\/schema.org","@graph":[{"@type":"NewsArticle","@id":"https:\/\/www.estrategiaconcursos.com.br\/blog\/cronograma-processo-seletivo-porto-alegre-alterado\/#article","isPartOf":{"@id":"https:\/\/www.estrategiaconcursos.com.br\/blog\/cronograma-processo-seletivo-porto-alegre-alterado\/"},"author":{"name":"Andr\u00e9 Rocha","@id":"https:\/\/www.estrategiaconcursos.com.br\/blog\/#\/schema\/person\/85f2ad2f5d59a7b4d218fe8d24568cf6"},"headline":"Cronograma do Processo Seletivo Porto Alegre \u00e9 alterado","datePublished":"2020-06-18T12:14:13+00:00","dateModified":"2023-06-21T20:34:15+00:00","mainEntityOfPage":{"@id":"https:\/\/www.estrategiaconcursos.com.br\/blog\/cronograma-processo-seletivo-porto-alegre-alterado\/"},"wordCount":386,"commentCount":0,"publisher":{"@id":"https:\/\/www.estrategiaconcursos.com.br\/blog\/#organization"},"image":{"@id":"https:\/\/www.estrategiaconcursos.com.br\/blog\/cronograma-processo-seletivo-porto-alegre-alterado\/#primaryimage"},"thumbnailUrl":"https:\/\/dhg1h5j42swfq.cloudfront.net\/2020\/05\/12181515\/Prefeitura_de_Porto_Alegre-RS.jpg","articleSection":["Concursos P\u00fablicos"],"inLanguage":"pt-BR","potentialAction":[{"@type":"CommentAction","name":"Comment","target":["https:\/\/www.estrategiaconcursos.com.br\/blog\/cronograma-processo-seletivo-porto-alegre-alterado\/#respond"]}],"copyrightYear":"2020","copyrightHolder":{"@id":"https:\/\/www.estrategiaconcursos.com.br\/blog\/#organization"}},{"@type":"WebPage","@id":"https:\/\/www.estrategiaconcursos.com.br\/blog\/cronograma-processo-seletivo-porto-alegre-alterado\/","url":"https:\/\/www.estrategiaconcursos.com.br\/blog\/cronograma-processo-seletivo-porto-alegre-alterado\/","name":"Cronograma do Processo Seletivo Porto Alegre \u00e9 alterado","isPartOf":{"@id":"https:\/\/www.estrategiaconcursos.com.br\/blog\/#website"},"primaryImageOfPage":{"@id":"https:\/\/www.estrategiaconcursos.com.br\/blog\/cronograma-processo-seletivo-porto-alegre-alterado\/#primaryimage"},"image":{"@id":"https:\/\/www.estrategiaconcursos.com.br\/blog\/cronograma-processo-seletivo-porto-alegre-alterado\/#primaryimage"},"thumbnailUrl":"https:\/\/dhg1h5j42swfq.cloudfront.net\/2020\/05\/12181515\/Prefeitura_de_Porto_Alegre-RS.jpg","datePublished":"2020-06-18T12:14:13+00:00","dateModified":"2023-06-21T20:34:15+00:00","description":"Foi alterado o cronograma do Processo Seletivo de Porto Alegre para os cargos de Agente de Combate \u00e0s Endemias e Agente Comunit\u00e1rio de Sa\u00fade.","breadcrumb":{"@id":"https:\/\/www.estrategiaconcursos.com.br\/blog\/cronograma-processo-seletivo-porto-alegre-alterado\/#breadcrumb"},"inLanguage":"pt-BR","potentialAction":[{"@type":"ReadAction","target":["https:\/\/www.estrategiaconcursos.com.br\/blog\/cronograma-processo-seletivo-porto-alegre-alterado\/"]}]},{"@type":"ImageObject","inLanguage":"pt-BR","@id":"https:\/\/www.estrategiaconcursos.com.br\/blog\/cronograma-processo-seletivo-porto-alegre-alterado\/#primaryimage","url":"https:\/\/dhg1h5j42swfq.cloudfront.net\/2020\/05\/12181515\/Prefeitura_de_Porto_Alegre-RS.jpg","contentUrl":"https:\/\/dhg1h5j42swfq.cloudfront.net\/2020\/05\/12181515\/Prefeitura_de_Porto_Alegre-RS.jpg","width":1200,"height":628,"caption":"processo seletivo Porto Alegre"},{"@type":"BreadcrumbList","@id":"https:\/\/www.estrategiaconcursos.com.br\/blog\/cronograma-processo-seletivo-porto-alegre-alterado\/#breadcrumb","itemListElement":[{"@type":"ListItem","position":1,"name":"In\u00edcio","item":"https:\/\/www.estrategiaconcursos.com.br\/blog\/"},{"@type":"ListItem","position":2,"name":"Cronograma do Processo Seletivo Porto Alegre \u00e9 alterado"}]},{"@type":"WebSite","@id":"https:\/\/www.estrategiaconcursos.com.br\/blog\/#website","url":"https:\/\/www.estrategiaconcursos.com.br\/blog\/","name":"Estrat\u00e9gia Concursos","description":"O blog da Estrat\u00e9gia Concursos traz not\u00edcias sobre concursos e artigos de professores oferecendo cursos para concursos (pdf + videaulas) no site.","publisher":{"@id":"https:\/\/www.estrategiaconcursos.com.br\/blog\/#organization"},"potentialAction":[{"@type":"SearchAction","target":{"@type":"EntryPoint","urlTemplate":"https:\/\/www.estrategiaconcursos.com.br\/blog\/?s={search_term_string}"},"query-input":{"@type":"PropertyValueSpecification","valueRequired":true,"valueName":"search_term_string"}}],"inLanguage":"pt-BR"},{"@type":"Organization","@id":"https:\/\/www.estrategiaconcursos.com.br\/blog\/#organization","name":"Estrat\u00e9gia Concursos","url":"https:\/\/www.estrategiaconcursos.com.br\/blog\/","logo":{"@type":"ImageObject","inLanguage":"pt-BR","@id":"https:\/\/www.estrategiaconcursos.com.br\/blog\/#\/schema\/logo\/image\/","url":"https:\/\/dhg1h5j42swfq.cloudfront.net\/2025\/06\/03203428\/logo_concursos-1.jpg","contentUrl":"https:\/\/dhg1h5j42swfq.cloudfront.net\/2025\/06\/03203428\/logo_concursos-1.jpg","width":230,"height":60,"caption":"Estrat\u00e9gia Concursos"},"image":{"@id":"https:\/\/www.estrategiaconcursos.com.br\/blog\/#\/schema\/logo\/image\/"},"sameAs":["https:\/\/x.com\/EstratConcursos"]},{"@type":"Person","@id":"https:\/\/www.estrategiaconcursos.com.br\/blog\/#\/schema\/person\/85f2ad2f5d59a7b4d218fe8d24568cf6","name":"Andr\u00e9 Rocha","image":{"@type":"ImageObject","inLanguage":"pt-BR","@id":"https:\/\/secure.gravatar.com\/avatar\/5678c8feab893090c0706166ecc67f8fed9f5f8821bc3cfdd48ac7e8d2b7dd1e?s=96&d=mm&r=g","url":"https:\/\/secure.gravatar.com\/avatar\/5678c8feab893090c0706166ecc67f8fed9f5f8821bc3cfdd48ac7e8d2b7dd1e?s=96&d=mm&r=g","contentUrl":"https:\/\/secure.gravatar.com\/avatar\/5678c8feab893090c0706166ecc67f8fed9f5f8821bc3cfdd48ac7e8d2b7dd1e?s=96&d=mm&r=g","caption":"Andr\u00e9 Rocha"},"url":"https:\/\/www.estrategiaconcursos.com.br\/blog\/author\/andregomesdarochagmail-com\/"}]}},"_links":{"self":[{"href":"https:\/\/www.estrategiaconcursos.com.br\/blog\/wp-json\/wp\/v2\/posts\/528273","targetHints":{"allow":["GET"]}}],"collection":[{"href":"https:\/\/www.estrategiaconcursos.com.br\/blog\/wp-json\/wp\/v2\/posts"}],"about":[{"href":"https:\/\/www.estrategiaconcursos.com.br\/blog\/wp-json\/wp\/v2\/types\/post"}],"author":[{"embeddable":true,"href":"https:\/\/www.estrategiaconcursos.com.br\/blog\/wp-json\/wp\/v2\/users\/1421"}],"replies":[{"embeddable":true,"href":"https:\/\/www.estrategiaconcursos.com.br\/blog\/wp-json\/wp\/v2\/comments?post=528273"}],"version-history":[{"count":5,"href":"https:\/\/www.estrategiaconcursos.com.br\/blog\/wp-json\/wp\/v2\/posts\/528273\/revisions"}],"predecessor-version":[{"id":1236710,"href":"https:\/\/www.estrategiaconcursos.com.br\/blog\/wp-json\/wp\/v2\/posts\/528273\/revisions\/1236710"}],"wp:featuredmedia":[{"embeddable":true,"href":"https:\/\/www.estrategiaconcursos.com.br\/blog\/wp-json\/wp\/v2\/media\/514046"}],"wp:attachment":[{"href":"https:\/\/www.estrategiaconcursos.com.br\/blog\/wp-json\/wp\/v2\/media?parent=528273"}],"wp:term":[{"taxonomy":"category","embeddable":true,"href":"https:\/\/www.estrategiaconcursos.com.br\/blog\/wp-json\/wp\/v2\/categories?post=528273"},{"taxonomy":"post_tag","embeddable":true,"href":"https:\/\/www.estrategiaconcursos.com.br\/blog\/wp-json\/wp\/v2\/tags?post=528273"},{"taxonomy":"tax_estado","embeddable":true,"href":"https:\/\/www.estrategiaconcursos.com.br\/blog\/wp-json\/wp\/v2\/tax_estado?post=528273"}],"curies":[{"name":"wp","href":"https:\/\/api.w.org\/{rel}","templated":true}]}}