{"id":528030,"date":"2020-06-19T15:00:00","date_gmt":"2020-06-19T18:00:00","guid":{"rendered":"https:\/\/www.estrategiaconcursos.com.br\/blog\/?p=528030"},"modified":"2020-06-19T11:21:22","modified_gmt":"2020-06-19T14:21:22","slug":"confira-novas-informacoes-sobre-os-concursos-federais-protocolados","status":"publish","type":"post","link":"https:\/\/www.estrategiaconcursos.com.br\/blog\/confira-novas-informacoes-sobre-os-concursos-federais-protocolados\/","title":{"rendered":"Confira novas informa\u00e7\u00f5es sobre os Concursos Federais protocolados"},"content":{"rendered":"\n<p>Se encerrou, em 31 de maio, o prazo para que os \u00f3rg\u00e3os federais protocolassem, no Minist\u00e9rio da Economia, autoriza\u00e7\u00e3o para realiza\u00e7\u00e3o de concurso p\u00fablico. Durante o m\u00eas de maio, entramos em contato com diversos \u00f3rg\u00e3os para saber se eles protocolaram novos pedidos.<\/p>\n\n\n\n<p>Na ocasi\u00e3o, muitos nos disseram que estavam analisando ou aguardando autoriza\u00e7\u00e3o de \u00f3rg\u00e3o superior para realizar a solicita\u00e7\u00e3o. Com o fim do prazo, fomos atr\u00e1s desses Institutos e Ag\u00eancias para saber se houve ou n\u00e3o pedido de concurso.<\/p>\n\n\n\n<p>Alguns j\u00e1 nos responderam ao longo desta semana e, com isso, reunimos as resposta logo abaixo. Clicando nos respectivos links, voc\u00ea confere mais informa\u00e7\u00f5es sobre o certame, como remunera\u00e7\u00e3o, \u00faltimo concurso e etapas de prova. Confira!<\/p>\n\n\n\n<p class=\"has-background has-medium-font-size has-very-light-gray-background-color\"><strong><a href=\"https:\/\/www.estrategiaconcursos.com.br\/blog\/concurso-policia-federal\/\" target=\"_blank\" rel=\"noreferrer noopener\">Concurso Pol\u00edcia Federal<\/a><\/strong><\/p>\n\n\n\n<p>Para a PF, foram protocoladas junto ao Minist\u00e9rio da Economia <strong>1.000 vagas<\/strong> para a<strong> carreira policial<\/strong>, distribu\u00eddas entre os cargos de Delegado, Agente, Escriv\u00e3o e Papiloscopista. Para a <strong>carreira administrativa<\/strong>, foram solicitadas <strong>508 vagas<\/strong> para diversos cargos.<\/p>\n\n\n\n<p class=\"has-background has-medium-font-size has-very-light-gray-background-color\"><strong><a href=\"https:\/\/www.estrategiaconcursos.com.br\/blog\/concurso-prf-3\/\" target=\"_blank\" rel=\"noreferrer noopener\">Concurso Pol\u00edcia Rodovi\u00e1ria Federal<\/a><\/strong><\/p>\n\n\n\n<p>Para a Pol\u00edcia Rodovi\u00e1ria Federal, foram solicitadas junto ao Minist\u00e9rio da Economia, 2.772 vagas, sendo<strong> 2.634 <\/strong>para Policial Rodovi\u00e1rio Federal e <strong>138<\/strong> para Agente Administrativo.<\/p>\n\n\n\n<p class=\"has-background has-medium-font-size has-very-light-gray-background-color\"><strong><a rel=\"noreferrer noopener\" href=\"https:\/\/www.estrategiaconcursos.com.br\/blog\/concurso-anatel\/\" target=\"_blank\">Concurso ANATEL<\/a><\/strong><\/p>\n\n\n\n<p>A <strong>Ag\u00eancia Nacional de Telecomunica\u00e7\u00f5es <\/strong>confirmou a solicita\u00e7\u00e3o de concurso para <strong>333 vagas<\/strong>. O pedido foi realizado no final de maio, ao Minist\u00e9rio da Economia. Esse quantitativo, inclusive, \u00e9 o mesmo do d\u00e9ficit atual na Ag\u00eancia.<\/p>\n\n\n\n<p>O pedido de autoriza\u00e7\u00e3o solicitado foi para o preenchimento de <strong>104<\/strong> vagas de Especialistas em Regula\u00e7\u00e3o, <strong>46 <\/strong>para Analistas Administrativos, <strong>84<\/strong> para T\u00e9cnicos em Regula\u00e7\u00e3o e <strong>99<\/strong> para T\u00e9cnicos Administrativos.<\/p>\n\n\n\n<p>A expectativa para um novo certame \u00e9 grande, visto que o \u00faltimo realizado pela ANATEL <strong>aconteceu em 2014<\/strong>.&nbsp;<\/p>\n\n\n\n<p class=\"has-background has-medium-font-size has-very-light-gray-background-color\"><strong><a rel=\"noreferrer noopener\" href=\"https:\/\/www.estrategiaconcursos.com.br\/blog\/concurso-anvisa\/\" target=\"_blank\">Concurso ANVISA<\/a><\/strong><\/p>\n\n\n\n<p>O \u00f3rg\u00e3o protocolou junto ao Minist\u00e9rio da Economia, solicita\u00e7\u00e3o de concurso p\u00fablico para provimento de<strong> 89 vagas<\/strong>, distribu\u00eddas entre os cargos de Especialista em Regula\u00e7\u00e3o e vigil\u00e2ncia Sanit\u00e1ria (<strong>36<\/strong>), T\u00e9cnico em regula\u00e7\u00e3o e vigil\u00e2ncia Sanit\u00e1ria (<strong>03<\/strong>), Analista Administrativo (<strong>11<\/strong>) e T\u00e9cnico Administrativo (<strong>39<\/strong>).<\/p>\n\n\n\n<p class=\"has-background has-medium-font-size has-very-light-gray-background-color\"><strong><a rel=\"noreferrer noopener\" href=\"https:\/\/www.estrategiaconcursos.com.br\/blog\/concurso-ibama\/\" target=\"_blank\">Concurso IBAMA<\/a><\/strong><\/p>\n\n\n\n<p>Em resposta \u00e0 Solicita\u00e7\u00e3o de Informa\u00e7\u00e3o ao Cidad\u00e3o (e-SIC) realizada pela equipe de jornalismo do Estrat\u00e9gia Concursos, o IBAMA informou que protocolou no final de maio, <strong>solicita\u00e7\u00e3o de concurso para 2.311 vagas<\/strong> distribu\u00eddas entre cargos de n\u00edvel m\u00e9dio e superior.<\/p>\n\n\n\n<p>Atualmente, o Instituto possui <strong>2.821 cargos vagos<\/strong>. Esses dados alimentam ainda mais a expectativa para realiza\u00e7\u00e3o de um novo concurso IBAMA, visto que o \u00faltimo certame<strong> aconteceu h\u00e1 mais de oito anos<\/strong>.<\/p>\n\n\n\n<p class=\"has-background has-medium-font-size has-very-light-gray-background-color\"><strong><a rel=\"noreferrer noopener\" href=\"https:\/\/www.estrategiaconcursos.com.br\/blog\/concurso-funai\/\" target=\"_blank\">Concurso FUNAI<\/a><\/strong><\/p>\n\n\n\n<p>Foi confirmado o pedido de autoriza\u00e7\u00e3o para realiza\u00e7\u00e3o de concurso FUNAI, protocolado junto ao Minist\u00e9rio da Economia. Segundo a <strong>Funda\u00e7\u00e3o Nacional do \u00cdndio<\/strong>, a peti\u00e7\u00e3o abrange o total de <strong>826 vagas<\/strong>. As oportunidades distribuem-se entre diversos cargos de n\u00edvel intermedi\u00e1rio e superior.<\/p>\n\n\n\n<p>Apesar disso, o d\u00e9ficit atual no \u00f3rg\u00e3o \u00e9 de mais que o dobro: s\u00e3o<strong> 2.222 cargos vagos<\/strong>. Segundo informado, o n\u00famero de vagas solicitadas se deu ap\u00f3s um estudo realizado por um Grupo de Trabalho.<\/p>\n\n\n\n<p class=\"has-background has-medium-font-size has-very-light-gray-background-color\"><strong><a rel=\"noreferrer noopener\" href=\"https:\/\/www.estrategiaconcursos.com.br\/blog\/concurso-ana\/\" target=\"_blank\">Concurso ANA<\/a><\/strong><\/p>\n\n\n\n<p>Uma nova solicita\u00e7\u00e3o de concurso para a <strong>Ag\u00eancia Nacional das \u00c1guas<\/strong> foi protocolada. Neste exerc\u00edcio de 2020, a ANA solicitou ao Minist\u00e9rio da Economia autoriza\u00e7\u00e3o para a realiza\u00e7\u00e3o de concurso para o provimento de <strong>101 vagas<\/strong>, distribu\u00eddas entre os cargos de T\u00e9cnico Administrativo (<strong>10<\/strong>), Analista Administrativo (<strong>38<\/strong>) e Especialista em Recursos H\u00eddricos (<strong>53<\/strong>).<\/p>\n\n\n\n<p class=\"has-background has-medium-font-size has-very-light-gray-background-color\"><strong><a rel=\"noreferrer noopener\" href=\"https:\/\/www.estrategiaconcursos.com.br\/blog\/concurso-inmetro\/\" target=\"_blank\">Concurso INMETRO<\/a><\/strong><\/p>\n\n\n\n<p>O <strong>Instituto Nacional de Metrologia, Qualidade e Tecnologia<\/strong> confirmou, atrav\u00e9s do e-SIC, que solicitou a autoriza\u00e7\u00e3o para a realiza\u00e7\u00e3o de um novo concurso p\u00fablico ao Minist\u00e9rio da Economia.<\/p>\n\n\n\n<p>N\u00e3o foi detalhado o quantitativo de vagas nem para quais cargos o certame foi solicitado. Ainda segundo o \u00f3rg\u00e3o, atualmente, o d\u00e9ficit existente \u00e9 de <strong>1.177 cargos<\/strong>.<\/p>\n\n\n\n<hr class=\"wp-block-separator\"\/>\n\n\n\n<p class=\"has-text-align-center\"><em><strong>Assinatura Anual Ilimitada*<\/strong><\/em><\/p>\n\n\n\n<p class=\"has-text-align-center\"><em>Prepare-se com o melhor material e com quem mais aprova em Concursos P\u00fablicos em todo o pa\u00eds. Assine agora a nossa Assinatura Anual e tenha acesso ilimitado* a todos os nossos cursos.<\/em><\/p>\n\n\n\n<p class=\"has-background has-text-align-center has-medium-font-size has-light-green-cyan-background-color\"><strong>ASSINE AGORA<\/strong>&nbsp;\u2013&nbsp;<strong><a rel=\"noreferrer noopener\" href=\"https:\/\/www.estrategiaconcursos.com.br\/assinaturas\" target=\"_blank\">Assinatura Ilimitada<\/a><\/strong><\/p>\n\n\n\n<p class=\"has-text-align-center\"><strong><em><strong>Sistema de Quest\u00f5es<\/strong><\/em><\/strong><\/p>\n\n\n\n<p class=\"has-text-align-center\"><em>Estrat\u00e9gia Quest\u00f5es nasceu maior do que todos os concorrentes, com mais quest\u00f5es cadastradas e mais solu\u00e7\u00f5es por professores. Clique no link e aproveite os descontos e b\u00f4nus imperd\u00edveis!<\/em><\/p>\n\n\n\n<p class=\"has-background has-text-align-center has-medium-font-size has-vivid-green-cyan-background-color\"><strong>ASSINE AGORA \u2013&nbsp;<a href=\"https:\/\/www.estrategiaconcursos.com.br\/cursosPorConcurso\/sistema-de-questoes\/#\/\" target=\"_blank\" rel=\"noreferrer noopener\">Sistema de Quest\u00f5es<\/a><\/strong><\/p>\n\n\n\n<p class=\"has-text-align-center\"><em><strong>Fique por dentro de todos os concursos<\/strong><\/em>:<\/p>\n\n\n\n<p class=\"has-background has-text-align-center has-medium-font-size has-pale-cyan-blue-background-color\"><a rel=\"noreferrer noopener\" href=\"https:\/\/www.estrategiaconcursos.com.br\/blog\/concursos-abertos\/\" target=\"_blank\"><strong>Concursos Abertos<\/strong><\/a><\/p>\n\n\n\n<p class=\"has-background has-text-align-center has-medium-font-size has-pale-cyan-blue-background-color\"><strong><a href=\"https:\/\/www.estrategiaconcursos.com.br\/blog\/concursos-agencias-reguladoras-2020\/\" target=\"_blank\" rel=\"noreferrer noopener\">Concursos Ag\u00eancias Reguladoras<\/a><\/strong><\/p>\n\n\n\n<p class=\"has-background has-text-align-center has-medium-font-size has-pale-cyan-blue-background-color\"><a rel=\"noreferrer noopener\" href=\"https:\/\/www.estrategiaconcursos.com.br\/blog\/concursos-2020\/\" target=\"_blank\"><strong>Concursos 2020<\/strong><\/a><\/p>\n\n\n\n<p class=\"has-background has-text-align-center has-medium-font-size has-pale-cyan-blue-background-color\"><a rel=\"noreferrer noopener\" href=\"https:\/\/www.estrategiaconcursos.com.br\/blog\/concursos-2021\/\" target=\"_blank\"><strong>Concursos 2021<\/strong><\/a><\/p>\n","protected":false},"excerpt":{"rendered":"<p>Se encerrou, em 31 de maio, o prazo para que os \u00f3rg\u00e3os federais protocolassem, no Minist\u00e9rio da Economia, autoriza\u00e7\u00e3o para realiza\u00e7\u00e3o de concurso p\u00fablico. Durante o m\u00eas de maio, entramos em contato com diversos \u00f3rg\u00e3os para saber se eles protocolaram novos pedidos. Na ocasi\u00e3o, muitos nos disseram que estavam analisando ou aguardando autoriza\u00e7\u00e3o de \u00f3rg\u00e3o [&hellip;]<\/p>\n","protected":false},"author":1,"featured_media":514864,"comment_status":"open","ping_status":"closed","sticky":false,"template":"","format":"standard","meta":{"post_tipo":"news","footnotes":""},"categories":[1],"tags":[],"tax_estado":[],"class_list":["post-528030","post","type-post","status-publish","format-standard","has-post-thumbnail","hentry","category-cursos-e-concursos"],"acf":[],"yoast_head":"<!-- This site is optimized with the Yoast SEO Premium plugin v27.2 (Yoast SEO v27.2) - https:\/\/yoast.com\/product\/yoast-seo-premium-wordpress\/ -->\n<title>Confira novas informa\u00e7\u00f5es sobre os Concursos Federais protocolados<\/title>\n<meta name=\"robots\" content=\"index, follow, max-snippet:-1, max-image-preview:large, max-video-preview:-1\" \/>\n<link rel=\"canonical\" href=\"https:\/\/www.estrategiaconcursos.com.br\/blog\/confira-novas-informacoes-sobre-os-concursos-federais-protocolados\/\" \/>\n<meta property=\"og:locale\" content=\"pt_BR\" \/>\n<meta property=\"og:type\" content=\"article\" \/>\n<meta property=\"og:title\" content=\"Confira novas informa\u00e7\u00f5es sobre os Concursos Federais protocolados\" \/>\n<meta property=\"og:description\" content=\"Se encerrou, em 31 de maio, o prazo para que os \u00f3rg\u00e3os federais protocolassem, no Minist\u00e9rio da Economia, autoriza\u00e7\u00e3o para realiza\u00e7\u00e3o de concurso p\u00fablico. Durante o m\u00eas de maio, entramos em contato com diversos \u00f3rg\u00e3os para saber se eles protocolaram novos pedidos. Na ocasi\u00e3o, muitos nos disseram que estavam analisando ou aguardando autoriza\u00e7\u00e3o de \u00f3rg\u00e3o [&hellip;]\" \/>\n<meta property=\"og:url\" content=\"https:\/\/www.estrategiaconcursos.com.br\/blog\/confira-novas-informacoes-sobre-os-concursos-federais-protocolados\/\" \/>\n<meta property=\"og:site_name\" content=\"Estrat\u00e9gia Concursos\" \/>\n<meta property=\"article:author\" content=\"https:\/\/www.facebook.com\/EstrategiaConcursos\" \/>\n<meta property=\"article:published_time\" content=\"2020-06-19T18:00:00+00:00\" \/>\n<meta property=\"og:image\" content=\"https:\/\/dhg1h5j42swfq.cloudfront.net\/2020\/05\/14172703\/763d09ff-e51c-4381-bc4a-5e55aeff9067.jpg\" \/>\n\t<meta property=\"og:image:width\" content=\"1200\" \/>\n\t<meta property=\"og:image:height\" content=\"628\" \/>\n\t<meta property=\"og:image:type\" content=\"image\/jpeg\" \/>\n<meta name=\"author\" content=\"Coordena\u00e7\u00e3o\" \/>\n<meta name=\"twitter:card\" content=\"summary_large_image\" \/>\n<meta name=\"twitter:creator\" content=\"@EstratConcursos\" \/>\n<meta name=\"twitter:site\" content=\"@EstratConcursos\" \/>\n<meta name=\"twitter:label1\" content=\"Escrito por\" \/>\n\t<meta name=\"twitter:data1\" content=\"Coordena\u00e7\u00e3o\" \/>\n\t<meta name=\"twitter:label2\" content=\"Est. tempo de leitura\" \/>\n\t<meta name=\"twitter:data2\" content=\"4 minutos\" \/>\n<script type=\"application\/ld+json\" class=\"yoast-schema-graph\">{\"@context\":\"https:\/\/schema.org\",\"@graph\":[{\"@type\":\"NewsArticle\",\"@id\":\"https:\/\/www.estrategiaconcursos.com.br\/blog\/confira-novas-informacoes-sobre-os-concursos-federais-protocolados\/#article\",\"isPartOf\":{\"@id\":\"https:\/\/www.estrategiaconcursos.com.br\/blog\/confira-novas-informacoes-sobre-os-concursos-federais-protocolados\/\"},\"author\":{\"name\":\"Coordena\u00e7\u00e3o\",\"@id\":\"https:\/\/www.estrategiaconcursos.com.br\/blog\/#\/schema\/person\/b4a388c97673c5f483d72185668afa1f\"},\"headline\":\"Confira novas informa\u00e7\u00f5es sobre os Concursos Federais protocolados\",\"datePublished\":\"2020-06-19T18:00:00+00:00\",\"mainEntityOfPage\":{\"@id\":\"https:\/\/www.estrategiaconcursos.com.br\/blog\/confira-novas-informacoes-sobre-os-concursos-federais-protocolados\/\"},\"wordCount\":750,\"commentCount\":1,\"publisher\":{\"@id\":\"https:\/\/www.estrategiaconcursos.com.br\/blog\/#organization\"},\"image\":{\"@id\":\"https:\/\/www.estrategiaconcursos.com.br\/blog\/confira-novas-informacoes-sobre-os-concursos-federais-protocolados\/#primaryimage\"},\"thumbnailUrl\":\"https:\/\/dhg1h5j42swfq.cloudfront.net\/2020\/05\/14172703\/763d09ff-e51c-4381-bc4a-5e55aeff9067.jpg\",\"articleSection\":[\"Concursos P\u00fablicos\"],\"inLanguage\":\"pt-BR\",\"potentialAction\":[{\"@type\":\"CommentAction\",\"name\":\"Comment\",\"target\":[\"https:\/\/www.estrategiaconcursos.com.br\/blog\/confira-novas-informacoes-sobre-os-concursos-federais-protocolados\/#respond\"]}],\"copyrightYear\":\"2020\",\"copyrightHolder\":{\"@id\":\"https:\/\/www.estrategiaconcursos.com.br\/blog\/#organization\"}},{\"@type\":\"WebPage\",\"@id\":\"https:\/\/www.estrategiaconcursos.com.br\/blog\/confira-novas-informacoes-sobre-os-concursos-federais-protocolados\/\",\"url\":\"https:\/\/www.estrategiaconcursos.com.br\/blog\/confira-novas-informacoes-sobre-os-concursos-federais-protocolados\/\",\"name\":\"Confira novas informa\u00e7\u00f5es sobre os Concursos Federais protocolados\",\"isPartOf\":{\"@id\":\"https:\/\/www.estrategiaconcursos.com.br\/blog\/#website\"},\"primaryImageOfPage\":{\"@id\":\"https:\/\/www.estrategiaconcursos.com.br\/blog\/confira-novas-informacoes-sobre-os-concursos-federais-protocolados\/#primaryimage\"},\"image\":{\"@id\":\"https:\/\/www.estrategiaconcursos.com.br\/blog\/confira-novas-informacoes-sobre-os-concursos-federais-protocolados\/#primaryimage\"},\"thumbnailUrl\":\"https:\/\/dhg1h5j42swfq.cloudfront.net\/2020\/05\/14172703\/763d09ff-e51c-4381-bc4a-5e55aeff9067.jpg\",\"datePublished\":\"2020-06-19T18:00:00+00:00\",\"breadcrumb\":{\"@id\":\"https:\/\/www.estrategiaconcursos.com.br\/blog\/confira-novas-informacoes-sobre-os-concursos-federais-protocolados\/#breadcrumb\"},\"inLanguage\":\"pt-BR\",\"potentialAction\":[{\"@type\":\"ReadAction\",\"target\":[\"https:\/\/www.estrategiaconcursos.com.br\/blog\/confira-novas-informacoes-sobre-os-concursos-federais-protocolados\/\"]}]},{\"@type\":\"ImageObject\",\"inLanguage\":\"pt-BR\",\"@id\":\"https:\/\/www.estrategiaconcursos.com.br\/blog\/confira-novas-informacoes-sobre-os-concursos-federais-protocolados\/#primaryimage\",\"url\":\"https:\/\/dhg1h5j42swfq.cloudfront.net\/2020\/05\/14172703\/763d09ff-e51c-4381-bc4a-5e55aeff9067.jpg\",\"contentUrl\":\"https:\/\/dhg1h5j42swfq.cloudfront.net\/2020\/05\/14172703\/763d09ff-e51c-4381-bc4a-5e55aeff9067.jpg\",\"width\":1200,\"height\":628,\"caption\":\"PLOA 2021\"},{\"@type\":\"BreadcrumbList\",\"@id\":\"https:\/\/www.estrategiaconcursos.com.br\/blog\/confira-novas-informacoes-sobre-os-concursos-federais-protocolados\/#breadcrumb\",\"itemListElement\":[{\"@type\":\"ListItem\",\"position\":1,\"name\":\"In\u00edcio\",\"item\":\"https:\/\/www.estrategiaconcursos.com.br\/blog\/\"},{\"@type\":\"ListItem\",\"position\":2,\"name\":\"Confira novas informa\u00e7\u00f5es sobre os Concursos Federais protocolados\"}]},{\"@type\":\"WebSite\",\"@id\":\"https:\/\/www.estrategiaconcursos.com.br\/blog\/#website\",\"url\":\"https:\/\/www.estrategiaconcursos.com.br\/blog\/\",\"name\":\"Estrat\u00e9gia Concursos\",\"description\":\"O blog da Estrat\u00e9gia Concursos traz not\u00edcias sobre concursos e artigos de professores oferecendo cursos para concursos (pdf + videaulas) no site.\",\"publisher\":{\"@id\":\"https:\/\/www.estrategiaconcursos.com.br\/blog\/#organization\"},\"potentialAction\":[{\"@type\":\"SearchAction\",\"target\":{\"@type\":\"EntryPoint\",\"urlTemplate\":\"https:\/\/www.estrategiaconcursos.com.br\/blog\/?s={search_term_string}\"},\"query-input\":{\"@type\":\"PropertyValueSpecification\",\"valueRequired\":true,\"valueName\":\"search_term_string\"}}],\"inLanguage\":\"pt-BR\"},{\"@type\":\"Organization\",\"@id\":\"https:\/\/www.estrategiaconcursos.com.br\/blog\/#organization\",\"name\":\"Estrat\u00e9gia Concursos\",\"url\":\"https:\/\/www.estrategiaconcursos.com.br\/blog\/\",\"logo\":{\"@type\":\"ImageObject\",\"inLanguage\":\"pt-BR\",\"@id\":\"https:\/\/www.estrategiaconcursos.com.br\/blog\/#\/schema\/logo\/image\/\",\"url\":\"https:\/\/dhg1h5j42swfq.cloudfront.net\/2025\/06\/03203428\/logo_concursos-1.jpg\",\"contentUrl\":\"https:\/\/dhg1h5j42swfq.cloudfront.net\/2025\/06\/03203428\/logo_concursos-1.jpg\",\"width\":230,\"height\":60,\"caption\":\"Estrat\u00e9gia Concursos\"},\"image\":{\"@id\":\"https:\/\/www.estrategiaconcursos.com.br\/blog\/#\/schema\/logo\/image\/\"},\"sameAs\":[\"https:\/\/x.com\/EstratConcursos\"]},{\"@type\":\"Person\",\"@id\":\"https:\/\/www.estrategiaconcursos.com.br\/blog\/#\/schema\/person\/b4a388c97673c5f483d72185668afa1f\",\"name\":\"Coordena\u00e7\u00e3o\",\"image\":{\"@type\":\"ImageObject\",\"inLanguage\":\"pt-BR\",\"@id\":\"https:\/\/secure.gravatar.com\/avatar\/b720319e4c9a967eb58678d110f4fe35452fc5d5f97b202bac7b8acceb18c6ad?s=96&d=mm&r=g\",\"url\":\"https:\/\/secure.gravatar.com\/avatar\/b720319e4c9a967eb58678d110f4fe35452fc5d5f97b202bac7b8acceb18c6ad?s=96&d=mm&r=g\",\"contentUrl\":\"https:\/\/secure.gravatar.com\/avatar\/b720319e4c9a967eb58678d110f4fe35452fc5d5f97b202bac7b8acceb18c6ad?s=96&d=mm&r=g\",\"caption\":\"Coordena\u00e7\u00e3o\"},\"sameAs\":[\"https:\/\/www.facebook.com\/EstrategiaConcursos\",\"https:\/\/x.com\/EstratConcursos\"],\"url\":\"https:\/\/www.estrategiaconcursos.com.br\/blog\/author\/estrategia2013\/\"}]}<\/script>\n<!-- \/ Yoast SEO Premium plugin. -->","yoast_head_json":{"title":"Confira novas informa\u00e7\u00f5es sobre os Concursos Federais protocolados","robots":{"index":"index","follow":"follow","max-snippet":"max-snippet:-1","max-image-preview":"max-image-preview:large","max-video-preview":"max-video-preview:-1"},"canonical":"https:\/\/www.estrategiaconcursos.com.br\/blog\/confira-novas-informacoes-sobre-os-concursos-federais-protocolados\/","og_locale":"pt_BR","og_type":"article","og_title":"Confira novas informa\u00e7\u00f5es sobre os Concursos Federais protocolados","og_description":"Se encerrou, em 31 de maio, o prazo para que os \u00f3rg\u00e3os federais protocolassem, no Minist\u00e9rio da Economia, autoriza\u00e7\u00e3o para realiza\u00e7\u00e3o de concurso p\u00fablico. Durante o m\u00eas de maio, entramos em contato com diversos \u00f3rg\u00e3os para saber se eles protocolaram novos pedidos. Na ocasi\u00e3o, muitos nos disseram que estavam analisando ou aguardando autoriza\u00e7\u00e3o de \u00f3rg\u00e3o [&hellip;]","og_url":"https:\/\/www.estrategiaconcursos.com.br\/blog\/confira-novas-informacoes-sobre-os-concursos-federais-protocolados\/","og_site_name":"Estrat\u00e9gia Concursos","article_author":"https:\/\/www.facebook.com\/EstrategiaConcursos","article_published_time":"2020-06-19T18:00:00+00:00","og_image":[{"width":1200,"height":628,"url":"https:\/\/dhg1h5j42swfq.cloudfront.net\/2020\/05\/14172703\/763d09ff-e51c-4381-bc4a-5e55aeff9067.jpg","type":"image\/jpeg"}],"author":"Coordena\u00e7\u00e3o","twitter_card":"summary_large_image","twitter_creator":"@EstratConcursos","twitter_site":"@EstratConcursos","twitter_misc":{"Escrito por":"Coordena\u00e7\u00e3o","Est. tempo de leitura":"4 minutos"},"schema":{"@context":"https:\/\/schema.org","@graph":[{"@type":"NewsArticle","@id":"https:\/\/www.estrategiaconcursos.com.br\/blog\/confira-novas-informacoes-sobre-os-concursos-federais-protocolados\/#article","isPartOf":{"@id":"https:\/\/www.estrategiaconcursos.com.br\/blog\/confira-novas-informacoes-sobre-os-concursos-federais-protocolados\/"},"author":{"name":"Coordena\u00e7\u00e3o","@id":"https:\/\/www.estrategiaconcursos.com.br\/blog\/#\/schema\/person\/b4a388c97673c5f483d72185668afa1f"},"headline":"Confira novas informa\u00e7\u00f5es sobre os Concursos Federais protocolados","datePublished":"2020-06-19T18:00:00+00:00","mainEntityOfPage":{"@id":"https:\/\/www.estrategiaconcursos.com.br\/blog\/confira-novas-informacoes-sobre-os-concursos-federais-protocolados\/"},"wordCount":750,"commentCount":1,"publisher":{"@id":"https:\/\/www.estrategiaconcursos.com.br\/blog\/#organization"},"image":{"@id":"https:\/\/www.estrategiaconcursos.com.br\/blog\/confira-novas-informacoes-sobre-os-concursos-federais-protocolados\/#primaryimage"},"thumbnailUrl":"https:\/\/dhg1h5j42swfq.cloudfront.net\/2020\/05\/14172703\/763d09ff-e51c-4381-bc4a-5e55aeff9067.jpg","articleSection":["Concursos P\u00fablicos"],"inLanguage":"pt-BR","potentialAction":[{"@type":"CommentAction","name":"Comment","target":["https:\/\/www.estrategiaconcursos.com.br\/blog\/confira-novas-informacoes-sobre-os-concursos-federais-protocolados\/#respond"]}],"copyrightYear":"2020","copyrightHolder":{"@id":"https:\/\/www.estrategiaconcursos.com.br\/blog\/#organization"}},{"@type":"WebPage","@id":"https:\/\/www.estrategiaconcursos.com.br\/blog\/confira-novas-informacoes-sobre-os-concursos-federais-protocolados\/","url":"https:\/\/www.estrategiaconcursos.com.br\/blog\/confira-novas-informacoes-sobre-os-concursos-federais-protocolados\/","name":"Confira novas informa\u00e7\u00f5es sobre os Concursos Federais protocolados","isPartOf":{"@id":"https:\/\/www.estrategiaconcursos.com.br\/blog\/#website"},"primaryImageOfPage":{"@id":"https:\/\/www.estrategiaconcursos.com.br\/blog\/confira-novas-informacoes-sobre-os-concursos-federais-protocolados\/#primaryimage"},"image":{"@id":"https:\/\/www.estrategiaconcursos.com.br\/blog\/confira-novas-informacoes-sobre-os-concursos-federais-protocolados\/#primaryimage"},"thumbnailUrl":"https:\/\/dhg1h5j42swfq.cloudfront.net\/2020\/05\/14172703\/763d09ff-e51c-4381-bc4a-5e55aeff9067.jpg","datePublished":"2020-06-19T18:00:00+00:00","breadcrumb":{"@id":"https:\/\/www.estrategiaconcursos.com.br\/blog\/confira-novas-informacoes-sobre-os-concursos-federais-protocolados\/#breadcrumb"},"inLanguage":"pt-BR","potentialAction":[{"@type":"ReadAction","target":["https:\/\/www.estrategiaconcursos.com.br\/blog\/confira-novas-informacoes-sobre-os-concursos-federais-protocolados\/"]}]},{"@type":"ImageObject","inLanguage":"pt-BR","@id":"https:\/\/www.estrategiaconcursos.com.br\/blog\/confira-novas-informacoes-sobre-os-concursos-federais-protocolados\/#primaryimage","url":"https:\/\/dhg1h5j42swfq.cloudfront.net\/2020\/05\/14172703\/763d09ff-e51c-4381-bc4a-5e55aeff9067.jpg","contentUrl":"https:\/\/dhg1h5j42swfq.cloudfront.net\/2020\/05\/14172703\/763d09ff-e51c-4381-bc4a-5e55aeff9067.jpg","width":1200,"height":628,"caption":"PLOA 2021"},{"@type":"BreadcrumbList","@id":"https:\/\/www.estrategiaconcursos.com.br\/blog\/confira-novas-informacoes-sobre-os-concursos-federais-protocolados\/#breadcrumb","itemListElement":[{"@type":"ListItem","position":1,"name":"In\u00edcio","item":"https:\/\/www.estrategiaconcursos.com.br\/blog\/"},{"@type":"ListItem","position":2,"name":"Confira novas informa\u00e7\u00f5es sobre os Concursos Federais protocolados"}]},{"@type":"WebSite","@id":"https:\/\/www.estrategiaconcursos.com.br\/blog\/#website","url":"https:\/\/www.estrategiaconcursos.com.br\/blog\/","name":"Estrat\u00e9gia Concursos","description":"O blog da Estrat\u00e9gia Concursos traz not\u00edcias sobre concursos e artigos de professores oferecendo cursos para concursos (pdf + videaulas) no site.","publisher":{"@id":"https:\/\/www.estrategiaconcursos.com.br\/blog\/#organization"},"potentialAction":[{"@type":"SearchAction","target":{"@type":"EntryPoint","urlTemplate":"https:\/\/www.estrategiaconcursos.com.br\/blog\/?s={search_term_string}"},"query-input":{"@type":"PropertyValueSpecification","valueRequired":true,"valueName":"search_term_string"}}],"inLanguage":"pt-BR"},{"@type":"Organization","@id":"https:\/\/www.estrategiaconcursos.com.br\/blog\/#organization","name":"Estrat\u00e9gia Concursos","url":"https:\/\/www.estrategiaconcursos.com.br\/blog\/","logo":{"@type":"ImageObject","inLanguage":"pt-BR","@id":"https:\/\/www.estrategiaconcursos.com.br\/blog\/#\/schema\/logo\/image\/","url":"https:\/\/dhg1h5j42swfq.cloudfront.net\/2025\/06\/03203428\/logo_concursos-1.jpg","contentUrl":"https:\/\/dhg1h5j42swfq.cloudfront.net\/2025\/06\/03203428\/logo_concursos-1.jpg","width":230,"height":60,"caption":"Estrat\u00e9gia Concursos"},"image":{"@id":"https:\/\/www.estrategiaconcursos.com.br\/blog\/#\/schema\/logo\/image\/"},"sameAs":["https:\/\/x.com\/EstratConcursos"]},{"@type":"Person","@id":"https:\/\/www.estrategiaconcursos.com.br\/blog\/#\/schema\/person\/b4a388c97673c5f483d72185668afa1f","name":"Coordena\u00e7\u00e3o","image":{"@type":"ImageObject","inLanguage":"pt-BR","@id":"https:\/\/secure.gravatar.com\/avatar\/b720319e4c9a967eb58678d110f4fe35452fc5d5f97b202bac7b8acceb18c6ad?s=96&d=mm&r=g","url":"https:\/\/secure.gravatar.com\/avatar\/b720319e4c9a967eb58678d110f4fe35452fc5d5f97b202bac7b8acceb18c6ad?s=96&d=mm&r=g","contentUrl":"https:\/\/secure.gravatar.com\/avatar\/b720319e4c9a967eb58678d110f4fe35452fc5d5f97b202bac7b8acceb18c6ad?s=96&d=mm&r=g","caption":"Coordena\u00e7\u00e3o"},"sameAs":["https:\/\/www.facebook.com\/EstrategiaConcursos","https:\/\/x.com\/EstratConcursos"],"url":"https:\/\/www.estrategiaconcursos.com.br\/blog\/author\/estrategia2013\/"}]}},"_links":{"self":[{"href":"https:\/\/www.estrategiaconcursos.com.br\/blog\/wp-json\/wp\/v2\/posts\/528030","targetHints":{"allow":["GET"]}}],"collection":[{"href":"https:\/\/www.estrategiaconcursos.com.br\/blog\/wp-json\/wp\/v2\/posts"}],"about":[{"href":"https:\/\/www.estrategiaconcursos.com.br\/blog\/wp-json\/wp\/v2\/types\/post"}],"author":[{"embeddable":true,"href":"https:\/\/www.estrategiaconcursos.com.br\/blog\/wp-json\/wp\/v2\/users\/1"}],"replies":[{"embeddable":true,"href":"https:\/\/www.estrategiaconcursos.com.br\/blog\/wp-json\/wp\/v2\/comments?post=528030"}],"version-history":[{"count":6,"href":"https:\/\/www.estrategiaconcursos.com.br\/blog\/wp-json\/wp\/v2\/posts\/528030\/revisions"}],"predecessor-version":[{"id":528923,"href":"https:\/\/www.estrategiaconcursos.com.br\/blog\/wp-json\/wp\/v2\/posts\/528030\/revisions\/528923"}],"wp:featuredmedia":[{"embeddable":true,"href":"https:\/\/www.estrategiaconcursos.com.br\/blog\/wp-json\/wp\/v2\/media\/514864"}],"wp:attachment":[{"href":"https:\/\/www.estrategiaconcursos.com.br\/blog\/wp-json\/wp\/v2\/media?parent=528030"}],"wp:term":[{"taxonomy":"category","embeddable":true,"href":"https:\/\/www.estrategiaconcursos.com.br\/blog\/wp-json\/wp\/v2\/categories?post=528030"},{"taxonomy":"post_tag","embeddable":true,"href":"https:\/\/www.estrategiaconcursos.com.br\/blog\/wp-json\/wp\/v2\/tags?post=528030"},{"taxonomy":"tax_estado","embeddable":true,"href":"https:\/\/www.estrategiaconcursos.com.br\/blog\/wp-json\/wp\/v2\/tax_estado?post=528030"}],"curies":[{"name":"wp","href":"https:\/\/api.w.org\/{rel}","templated":true}]}}