{"id":527819,"date":"2020-06-17T13:01:23","date_gmt":"2020-06-17T16:01:23","guid":{"rendered":"https:\/\/www.estrategiaconcursos.com.br\/blog\/?p=527819"},"modified":"2020-06-18T11:53:55","modified_gmt":"2020-06-18T14:53:55","slug":"pss-saude-go","status":"publish","type":"post","link":"https:\/\/www.estrategiaconcursos.com.br\/blog\/pss-saude-go\/","title":{"rendered":"PSS Sa\u00fade GO: EDITAL com vagas para superior; confira!"},"content":{"rendered":"\n<p>Foi publicado o edital de <strong>Processo Seletivo Emergencial da Secretaria da Sa\u00fade do Estado de Goi\u00e1s<\/strong>. S\u00e3o ofertadas 15 vagas imediatas para cargos de Engenheiros, entre v\u00e1rias especialidades, com exig\u00eancia de n\u00edvel superior.<\/p>\n\n\n\n<p>Os profissionais selecionados ser\u00e3o lotados na Secretaria da Sa\u00fade, em Goi\u00e2nia, e ser\u00e3o contratados pelo per\u00edodo m\u00e1ximo de 12 meses. O processo seletivo ter\u00e1 validade de ano ano, podendo ser prorrogado por igual per\u00edodo, a pedido da SES.<\/p>\n\n\n\n<h2 class=\"wp-block-heading\" id=\"datas\">Como se inscrever?<\/h2>\n\n\n\n<p>Os interessados em participar da sele\u00e7\u00e3o devem realizar sua candidatura no per\u00edodo de <strong>17 a 21 de junho<\/strong>, no site da <a rel=\"noreferrer noopener\" href=\"http:\/\/sss.segplan.go.gov.br\/\" target=\"_blank\">Escola de Governo<\/a>. N\u00e3o ser\u00e1 cobrada taxa de inscri\u00e7\u00e3o.<\/p>\n\n\n\n<p><strong>PARA O CANDIDATO J\u00c1 CADASTRADO<\/strong>: informar o CPF e senha, clicar em \u201cVer Cargos\u201d e iniciar o processo de inscri\u00e7\u00e3o seguindo a orienta\u00e7\u00e3o das p\u00e1ginas seguintes. A inscri\u00e7\u00e3o no Sistema somente estar\u00e1 conclu\u00edda e finalizada ap\u00f3s a gera\u00e7\u00e3o do n\u00famero de inscri\u00e7\u00e3o.<\/p>\n\n\n\n<p><strong>PARA O CANDIDATO N\u00c3O CADASTRADO<\/strong>: informar o CPF e clicar no link \u201cse ainda n\u00e3o for cadastrado clique aqui\u201d; preencher previamente o Cadastro Geral, informando os dados pessoais, escolaridade, cursos complementares e experi\u00eancias profissionais (se houver), inserindo todos os dados solicitados; clicar em salvar; ao abrir nova p\u00e1gina clicar em \u201cVer Cargos\u201d e iniciar o processo de inscri\u00e7\u00e3o seguindo a orienta\u00e7\u00e3o das p\u00e1ginas seguintes, finalizando com o n\u00famero de inscri\u00e7\u00e3o.<\/p>\n\n\n\n<h2 class=\"wp-block-heading\" id=\"cargos-vagas\">Cargos e vagas<\/h2>\n\n\n\n<figure class=\"wp-block-table is-style-stripes\"><table class=\"has-subtle-pale-blue-background-color has-fixed-layout has-background\"><thead><tr><th class=\"has-text-align-center\" data-align=\"center\">Cargo<\/th><th class=\"has-text-align-center\" data-align=\"center\">Vagas<\/th><th class=\"has-text-align-center\" data-align=\"center\">Sal\u00e1rio<\/th><th class=\"has-text-align-center\" data-align=\"center\">Requisitos<\/th><\/tr><\/thead><tbody><tr><td class=\"has-text-align-center\" data-align=\"center\">Engenheiro Biom\u00e9dico<\/td><td class=\"has-text-align-center\" data-align=\"center\">1<\/td><td class=\"has-text-align-center\" data-align=\"center\">R$ 4.220,52<\/td><td class=\"has-text-align-center\" data-align=\"center\">Superior em Engenharia Biom\u00e9dica, com registro no Conselho de Engenharia e Agronomia; CNH B<\/td><\/tr><tr><td class=\"has-text-align-center\" data-align=\"center\">Engenheiro Civil \u2013 Fiscaliza\u00e7\u00e3o<\/td><td class=\"has-text-align-center\" data-align=\"center\">2<\/td><td class=\"has-text-align-center\" data-align=\"center\">R$ 4.220,52<\/td><td class=\"has-text-align-center\" data-align=\"center\">Superior em Engenharia Civil, com registro no Conselho de Engenharia e Agronomia; CNH B<\/td><\/tr><tr><td class=\"has-text-align-center\" data-align=\"center\">Engenheiro Civil \u2013 Projetos<\/td><td class=\"has-text-align-center\" data-align=\"center\">2<\/td><td class=\"has-text-align-center\" data-align=\"center\">R$ 4.220,52<\/td><td class=\"has-text-align-center\" data-align=\"center\">Superior em Engenharia Civil, com registro no Conselho de Engenharia e Agronomia; CNH B<\/td><\/tr><tr><td class=\"has-text-align-center\" data-align=\"center\">Engenheiro Cl\u00ednico<\/td><td class=\"has-text-align-center\" data-align=\"center\">4<\/td><td class=\"has-text-align-center\" data-align=\"center\">R$ 4.220,52<\/td><td class=\"has-text-align-center\" data-align=\"center\">Superior em Engenharia, com registro no Conselho de Engenharia e Agronomia e especializa\u00e7\u00e3o em engenharia cl\u00ednica; CNH B<\/td><\/tr><tr><td class=\"has-text-align-center\" data-align=\"center\">Engenheiro Eletricista \u2013 Fiscaliza\u00e7\u00e3o<\/td><td class=\"has-text-align-center\" data-align=\"center\">2<\/td><td class=\"has-text-align-center\" data-align=\"center\">R$ 4.220,52<\/td><td class=\"has-text-align-center\" data-align=\"center\">Superior em Engenharia El\u00e9trica, com registro no Conselho de Engenharia e Agronomia; CNH B<\/td><\/tr><tr><td class=\"has-text-align-center\" data-align=\"center\">Engenheiro Eletricista \u2013 Projetos<\/td><td class=\"has-text-align-center\" data-align=\"center\">1<\/td><td class=\"has-text-align-center\" data-align=\"center\">R$ 4.220,52<\/td><td class=\"has-text-align-center\" data-align=\"center\">Superior em Engenharia El\u00e9trica, com registro no Conselho de Engenharia e Agronomia; CNH B<\/td><\/tr><tr><td class=\"has-text-align-center\" data-align=\"center\">Engenheiro Mec\u00e2nico \u2013 Fiscaliza\u00e7\u00e3o<\/td><td class=\"has-text-align-center\" data-align=\"center\">2<\/td><td class=\"has-text-align-center\" data-align=\"center\">R$ 4.220,52<\/td><td class=\"has-text-align-center\" data-align=\"center\">Superior em Engenharia Mec\u00e2nica com Registro no Conselho de Engenharia e Agronomia; CNH B<\/td><\/tr><tr><td class=\"has-text-align-center\" data-align=\"center\">Engenheiro Mec\u00e2nico \u2013 Projetos<\/td><td class=\"has-text-align-center\" data-align=\"center\">1<\/td><td class=\"has-text-align-center\" data-align=\"center\">R$ 4.220,52<\/td><td class=\"has-text-align-center\" data-align=\"center\">Superior em Engenharia Mec\u00e2nica com Registro no Conselho de Engenharia e Agronomia; CNH B<\/td><\/tr><\/tbody><\/table><\/figure>\n\n\n\n<p>Al\u00e9m do sal\u00e1rio inicial, os servidores ser\u00e3o contemplados com Aux\u00edlio Alimenta\u00e7\u00e3o, no valor de R$ 500,00.<\/p>\n\n\n\n<h2 class=\"wp-block-heading\" id=\"etapas\">Etapas e provas<\/h2>\n\n\n\n<p>A sele\u00e7\u00e3o dos candidatos ser\u00e1 realizada em quatro etapas, sendo elas: <\/p>\n\n\n\n<ol class=\"wp-block-list\"><li><strong>Pontua\u00e7\u00e3o Geral<\/strong>, de car\u00e1ter classificat\u00f3rio; <\/li><li><strong>Comprova\u00e7\u00e3o de Documentos<\/strong>, de car\u00e1ter eliminat\u00f3rio; <\/li><li><strong>An\u00e1lise Curricular<\/strong>, de car\u00e1ter classificat\u00f3rio;<\/li><li><strong>Entrevista<\/strong>, de car\u00e1ter classificat\u00f3rio e eliminat\u00f3rio.<\/li><\/ol>\n\n\n\n<h3 class=\"wp-block-heading\"><strong>Pontua\u00e7\u00e3o Geral<\/strong><\/h3>\n\n\n\n<p>A Pontua\u00e7\u00e3o ser\u00e1 gerada para visualiza\u00e7\u00e3o do candidato no momento da inscri\u00e7\u00e3o no Sistema Simplificado de Sele\u00e7\u00e3o. Para receber a pontua\u00e7\u00e3o da especializa\u00e7\u00e3o, mestrado, doutorado e\/ou experi\u00eancias profissionais cadastrados, o candidato dever\u00e1 marc\u00e1-los, no momento da inscri\u00e7\u00e3o, seguindo as orienta\u00e7\u00f5es do Sistema. <\/p>\n\n\n\n<p>No momento em que a escolaridade e\/ou experi\u00eancias profissionais forem selecionados pelo candidato, o Sistema de Inscri\u00e7\u00e3o gerar\u00e1 a pontua\u00e7\u00e3o correspondente automaticamente.<\/p>\n\n\n\n<p>A Pontua\u00e7\u00e3o Geral dos candidatos ser\u00e1 divulgada \u00e0s 18h do dia 22 de junho. Respeitados os empates na \u00faltima posi\u00e7\u00e3o, ser\u00e3o convocados para a Comprova\u00e7\u00e3o dos documentos, os candidatos mais bem classificados na Pontua\u00e7\u00e3o Geral do Sistema, at\u00e9 o limite m\u00e1ximo de 12 vezes o n\u00famero das vagas, por cargo\/fun\u00e7\u00e3o, conforme o quadro a seguir:<\/p>\n\n\n\n<div class=\"wp-block-image\"><figure class=\"aligncenter size-large\"><img loading=\"lazy\" decoding=\"async\" width=\"713\" height=\"387\" src=\"https:\/\/dhg1h5j42swfq.cloudfront.net\/2020\/06\/17124039\/image-245.png\" alt=\"\" class=\"wp-image-527868\" srcset=\"https:\/\/dhg1h5j42swfq.cloudfront.net\/2020\/06\/17124039\/image-245.png 713w, https:\/\/dhg1h5j42swfq.cloudfront.net\/2020\/06\/17124039\/image-245-300x163.png 300w, https:\/\/dhg1h5j42swfq.cloudfront.net\/2020\/06\/17124039\/image-245-610x331.png 610w\" sizes=\"auto, (max-width: 713px) 100vw, 713px\" \/><\/figure><\/div>\n\n\n\n<h3 class=\"wp-block-heading\"><strong><\/strong><strong>Comprova\u00e7\u00e3o de Documentos<\/strong><\/h3>\n\n\n\n<p>O candidato convocado dever\u00e1 enviar os documentos comprobat\u00f3rios dos requisitos exigidos para o cargo\/fun\u00e7\u00e3o escolhido, da forma\u00e7\u00e3o acad\u00eamica e experi\u00eancias profissionais, a partir das 18h de 22 a 23 de junho, para o endere\u00e7o eletr\u00f4nico engenheiros.saude@gmail.com.<\/p>\n\n\n\n<p>Ser\u00e1 eliminado do Processo Seletivo o candidato que n\u00e3o enviar os documentos no prazo estabelecido; que n\u00e3o enviar os documentos que comprovem o atendimento aos requisitos exigidos para o cargo\/fun\u00e7\u00e3o; que n\u00e3o apresentar documentos v\u00e1lidos para comprovar, no m\u00ednimo, 70% da nota obtida na Pontua\u00e7\u00e3o Geral.<\/p>\n\n\n\n<p>Participar\u00e3o da etapa seguinte, respeitados os empates na \u00faltima posi\u00e7\u00e3o, os candidatos que estiverem dentro da quantidade estabelecida, conforme o quadro a seguir:<\/p>\n\n\n\n<div class=\"wp-block-image\"><figure class=\"aligncenter size-large\"><img loading=\"lazy\" decoding=\"async\" width=\"708\" height=\"386\" src=\"https:\/\/dhg1h5j42swfq.cloudfront.net\/2020\/06\/17124516\/image-249.png\" alt=\"\" class=\"wp-image-527873\" srcset=\"https:\/\/dhg1h5j42swfq.cloudfront.net\/2020\/06\/17124516\/image-249.png 708w, https:\/\/dhg1h5j42swfq.cloudfront.net\/2020\/06\/17124516\/image-249-300x164.png 300w, https:\/\/dhg1h5j42swfq.cloudfront.net\/2020\/06\/17124516\/image-249-610x333.png 610w\" sizes=\"auto, (max-width: 708px) 100vw, 708px\" \/><\/figure><\/div>\n\n\n\n<h3 class=\"wp-block-heading\"><strong>An\u00e1lise Curricular<\/strong><\/h3>\n\n\n\n<p>A An\u00e1lise Curricular ter\u00e1 a pontua\u00e7\u00e3o m\u00e1xima de 45 pontos, subdivididos em Forma\u00e7\u00e3o Acad\u00eamica (15 pontos) e Experi\u00eancia Profissional (30 pontos). <\/p>\n\n\n\n<div class=\"wp-block-image\"><figure class=\"aligncenter size-large\"><img loading=\"lazy\" decoding=\"async\" width=\"755\" height=\"519\" src=\"https:\/\/dhg1h5j42swfq.cloudfront.net\/2020\/06\/17124652\/image-250.png\" alt=\"\" class=\"wp-image-527875\" srcset=\"https:\/\/dhg1h5j42swfq.cloudfront.net\/2020\/06\/17124652\/image-250.png 755w, https:\/\/dhg1h5j42swfq.cloudfront.net\/2020\/06\/17124652\/image-250-300x206.png 300w, https:\/\/dhg1h5j42swfq.cloudfront.net\/2020\/06\/17124652\/image-250-610x419.png 610w\" sizes=\"auto, (max-width: 755px) 100vw, 755px\" \/><\/figure><\/div>\n\n\n\n<p>A nota da An\u00e1lise Curricular ser\u00e1 a somat\u00f3ria da pontua\u00e7\u00e3o da Forma\u00e7\u00e3o Acad\u00eamica e Experi\u00eancias Profissionais, validados pela Comiss\u00e3o Especial do Processo Seletivo, conforme os crit\u00e9rios definidos no Quadro de Pontua\u00e7\u00e3o da An\u00e1lise Curricular. O Resultado Definitivo da 2\u00aa e 3\u00ba etapa ser\u00e1 divulgado at\u00e9 as 18 horas do dia 29 de junho.<\/p>\n\n\n\n<h3 class=\"wp-block-heading\"><strong><\/strong><strong><\/strong><strong><\/strong><strong>Entrevista<\/strong><\/h3>\n\n\n\n<p>Respeitados os empates na \u00faltima posi\u00e7\u00e3o, ser\u00e3o convocados para a Entrevista os candidatos mais bem classificados na An\u00e1lise Curricular, at\u00e9 o limite m\u00e1ximo de quatro vezes o n\u00famero das vagas, por cargo\/fun\u00e7\u00e3o, conforme o quadro abaixo:<\/p>\n\n\n\n<div class=\"wp-block-image\"><figure class=\"aligncenter size-large\"><img loading=\"lazy\" decoding=\"async\" width=\"712\" height=\"359\" src=\"https:\/\/dhg1h5j42swfq.cloudfront.net\/2020\/06\/17124838\/image-251.png\" alt=\"\" class=\"wp-image-527876\" srcset=\"https:\/\/dhg1h5j42swfq.cloudfront.net\/2020\/06\/17124838\/image-251.png 712w, https:\/\/dhg1h5j42swfq.cloudfront.net\/2020\/06\/17124838\/image-251-300x172.png 300w, https:\/\/dhg1h5j42swfq.cloudfront.net\/2020\/06\/17124838\/image-251.png 610w\" sizes=\"auto, (max-width: 712px) 100vw, 712px\" \/><\/figure><\/div>\n\n\n\n<p>As entrevistas ocorrer\u00e3o por Videoconfer\u00eancia ou Videochamada, nos dias 30 de junho e 1\u00ba de julho, conforme crit\u00e9rios, ferramentas e hor\u00e1rios que ser\u00e3o divulgados no Edital de Convoca\u00e7\u00e3o, a ser publicado at\u00e9 as 18 horas do dia 29 de junho.<\/p>\n\n\n\n<p>A etapa de Entrevista ser\u00e1 de car\u00e1ter eliminat\u00f3rio e classificat\u00f3rio e ter\u00e1 um valor m\u00e1ximo de 45 pontos.<\/p>\n\n\n\n<p>Ser\u00e1 eliminado do Processo Seletivo o candidato que obtiver nota igual ou inferior a 09 pontos nesta etapa. O Resultado Preliminar da etapa ser\u00e1 divulgado at\u00e9 \u00e0s 18h de 02 de julho e o Definitivo no dia 06 de julho.<\/p>\n\n\n\n<h2 class=\"wp-block-heading\">NOTA FINAL<\/h2>\n\n\n\n<p>Ser\u00e3o considerados classificados neste Processo Seletivo todos os candidatos que ap\u00f3s o somat\u00f3rio da nota final estiverem dentro do n\u00famero das vagas ofertadas no certame.<\/p>\n\n\n\n<p>Os candidatos aprovados na etapa de Entrevista, mas que n\u00e3o estiverem classificados, conforme o n\u00famero de vagas, ser\u00e3o considerados habilitados e compor\u00e3o o banco de habilitados, conforme as vagas abaixo:<\/p>\n\n\n\n<div class=\"wp-block-image\"><figure class=\"aligncenter size-large\"><img loading=\"lazy\" decoding=\"async\" width=\"855\" height=\"428\" src=\"https:\/\/dhg1h5j42swfq.cloudfront.net\/2020\/06\/17125342\/image-256.png\" alt=\"\" class=\"wp-image-527883\" srcset=\"https:\/\/dhg1h5j42swfq.cloudfront.net\/2020\/06\/17125342\/image-256.png 855w, https:\/\/dhg1h5j42swfq.cloudfront.net\/2020\/06\/17125342\/image-256-300x150.png 300w, https:\/\/dhg1h5j42swfq.cloudfront.net\/2020\/06\/17125342\/image-256-768x384.png 768w, https:\/\/dhg1h5j42swfq.cloudfront.net\/2020\/06\/17125342\/image-256-610x305.png 610w\" sizes=\"auto, (max-width: 855px) 100vw, 855px\" \/><\/figure><\/div>\n\n\n\n<p>Os candidatos que estiverem no banco de habilitados poder\u00e3o ser convocados durante o per\u00edodo de validade do Processo Seletivo, mediante o surgimento de vaga, a crit\u00e9rio da Administra\u00e7\u00e3o P\u00fablica.<\/p>\n\n\n\n<hr class=\"wp-block-separator\"\/>\n\n\n\n<p class=\"has-text-align-center has-medium-font-size\"><em><strong>Assinatura Anual Ilimitada*<\/strong><\/em><\/p>\n\n\n\n<p class=\"has-text-align-center\"><em>Prepare-se com o melhor material e com quem mais aprova em Concursos P\u00fablicos em todo o pa\u00eds. Assine agora a nossa Assinatura Anual e tenha acesso ilimitado* a todos os nossos cursos.<\/em><\/p>\n\n\n\n<p style=\"font-size:22px\" class=\"has-background has-text-align-center has-light-green-cyan-background-color\"><strong>ASSINE AGORA<\/strong>&nbsp;\u2013&nbsp;<strong><a rel=\"noreferrer noopener\" href=\"https:\/\/www.estrategiaconcursos.com.br\/assinaturas\" target=\"_blank\">Assinatura Ilimitada<\/a><\/strong><\/p>\n\n\n\n<p class=\"has-text-align-center has-medium-font-size\"><strong><em><strong>Sistema de Quest\u00f5es<\/strong><\/em><\/strong><\/p>\n\n\n\n<p class=\"has-text-align-center\"><em>Estrat\u00e9gia Quest\u00f5es nasceu maior do que todos os concorrentes, com mais quest\u00f5es cadastradas e mais solu\u00e7\u00f5es por professores. Clique no link e aproveite os descontos e b\u00f4nus imperd\u00edveis!<\/em><\/p>\n\n\n\n<p style=\"font-size:22px\" class=\"has-background has-text-align-center has-vivid-green-cyan-background-color\"><strong>ASSINE AGORA \u2013&nbsp;<a href=\"https:\/\/www.estrategiaconcursos.com.br\/cursosPorConcurso\/sistema-de-questoes\/#\/\" target=\"_blank\" rel=\"noreferrer noopener\">Sistema de Quest\u00f5es<\/a><\/strong><\/p>\n\n\n\n<p class=\"has-text-align-center has-medium-font-size\"><strong><em>Fique por dentro de todos os concursos<\/em><\/strong><\/p>\n\n\n\n<p style=\"font-size:22px\" class=\"has-background has-text-align-center has-pale-cyan-blue-background-color\"><a rel=\"noreferrer noopener\" href=\"https:\/\/www.estrategiaconcursos.com.br\/blog\/concursos-abertos\/\" target=\"_blank\"><strong>CONCURSOS ABERTOS<\/strong><\/a><\/p>\n\n\n\n<p style=\"font-size:22px\" class=\"has-background has-text-align-center has-pale-cyan-blue-background-color\"><a rel=\"noreferrer noopener\" href=\"https:\/\/www.estrategiaconcursos.com.br\/blog\/concursos-2020\/\" target=\"_blank\"><strong>CONCURSOS&nbsp;2020<\/strong><\/a><\/p>\n\n\n\n<p style=\"font-size:22px\" class=\"has-background has-text-align-center has-pale-cyan-blue-background-color\"><a href=\"https:\/\/www.estrategiaconcursos.com.br\/blog\/concursos-2021\/\" target=\"_blank\" rel=\"noreferrer noopener\"><strong>CONCURSOS 2021<\/strong><\/a><\/p>\n\n\n\n<figure class=\"wp-block-image\"><img loading=\"lazy\" decoding=\"async\" width=\"300\" height=\"102\" src=\"https:\/\/dhg1h5j42swfq.cloudfront.net\/2017\/03\/28152500\/coruja-ficha-tecnica-300x102.png\" alt=\"\" class=\"wp-image-68542\"\/><\/figure>\n\n\n\n<h3 class=\"wp-block-heading\" id=\"ficha\"><strong>Informa\u00e7\u00f5es sobre o PSS Sa\u00fade GO<\/strong><\/h3>\n\n\n\n<p>\u25ba<strong>Inscri\u00e7\u00f5es<\/strong>: 17 a 21\/06<br \/>\u25ba<strong>Vagas<\/strong>: 15<br \/>\u25ba<strong>Cargos<\/strong>: Engenheiro<br \/>\u25ba<strong>Escolaridade<\/strong>: N\u00edvel superior<br \/>\u25ba<strong>Edital<\/strong>:&nbsp;<a rel=\"noreferrer noopener\" href=\"https:\/\/dhg1h5j42swfq.cloudfront.net\/2020\/06\/17125426\/Edital-PSS-Sa%C3%BAde-GO.pdf\" target=\"_blank\">Edital PSS Sa\u00fade GO<\/a> | <a rel=\"noreferrer noopener\" href=\"https:\/\/dhg1h5j42swfq.cloudfront.net\/2020\/06\/17125428\/PSS-Sa%C3%BAde-GO-cargos.pdf\" target=\"_blank\">Cargos e Vagas<\/a><\/p>\n\n\n\n<p><em>Ascom Estrat\u00e9gia<\/em><br \/>ascomestrategia@gmail.com<\/p>\n","protected":false},"excerpt":{"rendered":"<p>Foi publicado o edital de Processo Seletivo Emergencial da Secretaria da Sa\u00fade do Estado de Goi\u00e1s. S\u00e3o ofertadas 15 vagas imediatas para cargos de Engenheiros, entre v\u00e1rias especialidades, com exig\u00eancia de n\u00edvel superior. Os profissionais selecionados ser\u00e3o lotados na Secretaria da Sa\u00fade, em Goi\u00e2nia, e ser\u00e3o contratados pelo per\u00edodo m\u00e1ximo de 12 meses. O processo [&hellip;]<\/p>\n","protected":false},"author":1276,"featured_media":444278,"comment_status":"open","ping_status":"closed","sticky":false,"template":"","format":"standard","meta":{"post_tipo":"article","footnotes":""},"categories":[1],"tags":[],"tax_estado":[],"class_list":["post-527819","post","type-post","status-publish","format-standard","has-post-thumbnail","hentry","category-cursos-e-concursos"],"acf":[],"yoast_head":"<!-- This site is optimized with the Yoast SEO Premium plugin v27.2 (Yoast SEO v27.2) - https:\/\/yoast.com\/product\/yoast-seo-premium-wordpress\/ -->\n<title>PSS Sa\u00fade GO: EDITAL com vagas para superior; confira!<\/title>\n<meta name=\"description\" content=\"Secretaria da Sa\u00fade divulga processo seletivo para contrata\u00e7\u00e3o de 15 profissionais de Engenharia. Acesse e confira todos os detalhes!\" \/>\n<meta name=\"robots\" content=\"index, follow, max-snippet:-1, max-image-preview:large, max-video-preview:-1\" \/>\n<link rel=\"canonical\" href=\"https:\/\/www.estrategiaconcursos.com.br\/blog\/pss-saude-go\/\" \/>\n<meta property=\"og:locale\" content=\"pt_BR\" \/>\n<meta property=\"og:type\" content=\"article\" \/>\n<meta property=\"og:title\" content=\"PSS Sa\u00fade GO: EDITAL com vagas para superior; confira!\" \/>\n<meta property=\"og:description\" content=\"Secretaria da Sa\u00fade divulga processo seletivo para contrata\u00e7\u00e3o de 15 profissionais de Engenharia. Acesse e confira todos os detalhes!\" \/>\n<meta property=\"og:url\" content=\"https:\/\/www.estrategiaconcursos.com.br\/blog\/pss-saude-go\/\" \/>\n<meta property=\"og:site_name\" content=\"Estrat\u00e9gia Concursos\" \/>\n<meta property=\"article:published_time\" content=\"2020-06-17T16:01:23+00:00\" \/>\n<meta property=\"article:modified_time\" content=\"2020-06-18T14:53:55+00:00\" \/>\n<meta property=\"og:image\" content=\"https:\/\/dhg1h5j42swfq.cloudfront.net\/2019\/11\/05113900\/SAIU-EDITAL1.jpg\" \/>\n\t<meta property=\"og:image:width\" content=\"1200\" \/>\n\t<meta property=\"og:image:height\" content=\"628\" \/>\n\t<meta property=\"og:image:type\" content=\"image\/jpeg\" \/>\n<meta name=\"author\" content=\"Victor Shinichi Tanaka\" \/>\n<meta name=\"twitter:card\" content=\"summary_large_image\" \/>\n<meta name=\"twitter:creator\" content=\"@EstratConcursos\" \/>\n<meta name=\"twitter:site\" content=\"@EstratConcursos\" \/>\n<meta name=\"twitter:label1\" content=\"Escrito por\" \/>\n\t<meta name=\"twitter:data1\" content=\"Victor Shinichi Tanaka\" \/>\n\t<meta name=\"twitter:label2\" content=\"Est. tempo de leitura\" \/>\n\t<meta name=\"twitter:data2\" content=\"6 minutos\" \/>\n<script type=\"application\/ld+json\" class=\"yoast-schema-graph\">{\"@context\":\"https:\/\/schema.org\",\"@graph\":[{\"@type\":\"NewsArticle\",\"@id\":\"https:\/\/www.estrategiaconcursos.com.br\/blog\/pss-saude-go\/#article\",\"isPartOf\":{\"@id\":\"https:\/\/www.estrategiaconcursos.com.br\/blog\/pss-saude-go\/\"},\"author\":{\"name\":\"Victor Shinichi Tanaka\",\"@id\":\"https:\/\/www.estrategiaconcursos.com.br\/blog\/#\/schema\/person\/602a4eaf2bed921c107675da3a65b0e0\"},\"headline\":\"PSS Sa\u00fade GO: EDITAL com vagas para superior; confira!\",\"datePublished\":\"2020-06-17T16:01:23+00:00\",\"dateModified\":\"2020-06-18T14:53:55+00:00\",\"mainEntityOfPage\":{\"@id\":\"https:\/\/www.estrategiaconcursos.com.br\/blog\/pss-saude-go\/\"},\"wordCount\":1228,\"commentCount\":0,\"publisher\":{\"@id\":\"https:\/\/www.estrategiaconcursos.com.br\/blog\/#organization\"},\"image\":{\"@id\":\"https:\/\/www.estrategiaconcursos.com.br\/blog\/pss-saude-go\/#primaryimage\"},\"thumbnailUrl\":\"https:\/\/dhg1h5j42swfq.cloudfront.net\/2019\/11\/05113900\/SAIU-EDITAL1.jpg\",\"articleSection\":[\"Concursos P\u00fablicos\"],\"inLanguage\":\"pt-BR\",\"potentialAction\":[{\"@type\":\"CommentAction\",\"name\":\"Comment\",\"target\":[\"https:\/\/www.estrategiaconcursos.com.br\/blog\/pss-saude-go\/#respond\"]}],\"copyrightYear\":\"2020\",\"copyrightHolder\":{\"@id\":\"https:\/\/www.estrategiaconcursos.com.br\/blog\/#organization\"}},{\"@type\":\"WebPage\",\"@id\":\"https:\/\/www.estrategiaconcursos.com.br\/blog\/pss-saude-go\/\",\"url\":\"https:\/\/www.estrategiaconcursos.com.br\/blog\/pss-saude-go\/\",\"name\":\"PSS Sa\u00fade GO: EDITAL com vagas para superior; confira!\",\"isPartOf\":{\"@id\":\"https:\/\/www.estrategiaconcursos.com.br\/blog\/#website\"},\"primaryImageOfPage\":{\"@id\":\"https:\/\/www.estrategiaconcursos.com.br\/blog\/pss-saude-go\/#primaryimage\"},\"image\":{\"@id\":\"https:\/\/www.estrategiaconcursos.com.br\/blog\/pss-saude-go\/#primaryimage\"},\"thumbnailUrl\":\"https:\/\/dhg1h5j42swfq.cloudfront.net\/2019\/11\/05113900\/SAIU-EDITAL1.jpg\",\"datePublished\":\"2020-06-17T16:01:23+00:00\",\"dateModified\":\"2020-06-18T14:53:55+00:00\",\"description\":\"Secretaria da Sa\u00fade divulga processo seletivo para contrata\u00e7\u00e3o de 15 profissionais de Engenharia. Acesse e confira todos os detalhes!\",\"breadcrumb\":{\"@id\":\"https:\/\/www.estrategiaconcursos.com.br\/blog\/pss-saude-go\/#breadcrumb\"},\"inLanguage\":\"pt-BR\",\"potentialAction\":[{\"@type\":\"ReadAction\",\"target\":[\"https:\/\/www.estrategiaconcursos.com.br\/blog\/pss-saude-go\/\"]}]},{\"@type\":\"ImageObject\",\"inLanguage\":\"pt-BR\",\"@id\":\"https:\/\/www.estrategiaconcursos.com.br\/blog\/pss-saude-go\/#primaryimage\",\"url\":\"https:\/\/dhg1h5j42swfq.cloudfront.net\/2019\/11\/05113900\/SAIU-EDITAL1.jpg\",\"contentUrl\":\"https:\/\/dhg1h5j42swfq.cloudfront.net\/2019\/11\/05113900\/SAIU-EDITAL1.jpg\",\"width\":1200,\"height\":628,\"caption\":\"Concurso PGM Barra do Bugres\"},{\"@type\":\"BreadcrumbList\",\"@id\":\"https:\/\/www.estrategiaconcursos.com.br\/blog\/pss-saude-go\/#breadcrumb\",\"itemListElement\":[{\"@type\":\"ListItem\",\"position\":1,\"name\":\"In\u00edcio\",\"item\":\"https:\/\/www.estrategiaconcursos.com.br\/blog\/\"},{\"@type\":\"ListItem\",\"position\":2,\"name\":\"PSS Sa\u00fade GO: EDITAL com vagas para superior; confira!\"}]},{\"@type\":\"WebSite\",\"@id\":\"https:\/\/www.estrategiaconcursos.com.br\/blog\/#website\",\"url\":\"https:\/\/www.estrategiaconcursos.com.br\/blog\/\",\"name\":\"Estrat\u00e9gia Concursos\",\"description\":\"O blog da Estrat\u00e9gia Concursos traz not\u00edcias sobre concursos e artigos de professores oferecendo cursos para concursos (pdf + videaulas) no site.\",\"publisher\":{\"@id\":\"https:\/\/www.estrategiaconcursos.com.br\/blog\/#organization\"},\"potentialAction\":[{\"@type\":\"SearchAction\",\"target\":{\"@type\":\"EntryPoint\",\"urlTemplate\":\"https:\/\/www.estrategiaconcursos.com.br\/blog\/?s={search_term_string}\"},\"query-input\":{\"@type\":\"PropertyValueSpecification\",\"valueRequired\":true,\"valueName\":\"search_term_string\"}}],\"inLanguage\":\"pt-BR\"},{\"@type\":\"Organization\",\"@id\":\"https:\/\/www.estrategiaconcursos.com.br\/blog\/#organization\",\"name\":\"Estrat\u00e9gia Concursos\",\"url\":\"https:\/\/www.estrategiaconcursos.com.br\/blog\/\",\"logo\":{\"@type\":\"ImageObject\",\"inLanguage\":\"pt-BR\",\"@id\":\"https:\/\/www.estrategiaconcursos.com.br\/blog\/#\/schema\/logo\/image\/\",\"url\":\"https:\/\/dhg1h5j42swfq.cloudfront.net\/2025\/06\/03203428\/logo_concursos-1.jpg\",\"contentUrl\":\"https:\/\/dhg1h5j42swfq.cloudfront.net\/2025\/06\/03203428\/logo_concursos-1.jpg\",\"width\":230,\"height\":60,\"caption\":\"Estrat\u00e9gia Concursos\"},\"image\":{\"@id\":\"https:\/\/www.estrategiaconcursos.com.br\/blog\/#\/schema\/logo\/image\/\"},\"sameAs\":[\"https:\/\/x.com\/EstratConcursos\"]},{\"@type\":\"Person\",\"@id\":\"https:\/\/www.estrategiaconcursos.com.br\/blog\/#\/schema\/person\/602a4eaf2bed921c107675da3a65b0e0\",\"name\":\"Victor Shinichi Tanaka\",\"image\":{\"@type\":\"ImageObject\",\"inLanguage\":\"pt-BR\",\"@id\":\"https:\/\/secure.gravatar.com\/avatar\/3772723eea77b2e6a2231e357d6339c6c129c6fb65cda4d02d0f3ca700221333?s=96&d=mm&r=g\",\"url\":\"https:\/\/secure.gravatar.com\/avatar\/3772723eea77b2e6a2231e357d6339c6c129c6fb65cda4d02d0f3ca700221333?s=96&d=mm&r=g\",\"contentUrl\":\"https:\/\/secure.gravatar.com\/avatar\/3772723eea77b2e6a2231e357d6339c6c129c6fb65cda4d02d0f3ca700221333?s=96&d=mm&r=g\",\"caption\":\"Victor Shinichi Tanaka\"},\"url\":\"https:\/\/www.estrategiaconcursos.com.br\/blog\/author\/victorstanakagmail-com\/\"}]}<\/script>\n<!-- \/ Yoast SEO Premium plugin. -->","yoast_head_json":{"title":"PSS Sa\u00fade GO: EDITAL com vagas para superior; confira!","description":"Secretaria da Sa\u00fade divulga processo seletivo para contrata\u00e7\u00e3o de 15 profissionais de Engenharia. Acesse e confira todos os detalhes!","robots":{"index":"index","follow":"follow","max-snippet":"max-snippet:-1","max-image-preview":"max-image-preview:large","max-video-preview":"max-video-preview:-1"},"canonical":"https:\/\/www.estrategiaconcursos.com.br\/blog\/pss-saude-go\/","og_locale":"pt_BR","og_type":"article","og_title":"PSS Sa\u00fade GO: EDITAL com vagas para superior; confira!","og_description":"Secretaria da Sa\u00fade divulga processo seletivo para contrata\u00e7\u00e3o de 15 profissionais de Engenharia. Acesse e confira todos os detalhes!","og_url":"https:\/\/www.estrategiaconcursos.com.br\/blog\/pss-saude-go\/","og_site_name":"Estrat\u00e9gia Concursos","article_published_time":"2020-06-17T16:01:23+00:00","article_modified_time":"2020-06-18T14:53:55+00:00","og_image":[{"width":1200,"height":628,"url":"https:\/\/dhg1h5j42swfq.cloudfront.net\/2019\/11\/05113900\/SAIU-EDITAL1.jpg","type":"image\/jpeg"}],"author":"Victor Shinichi Tanaka","twitter_card":"summary_large_image","twitter_creator":"@EstratConcursos","twitter_site":"@EstratConcursos","twitter_misc":{"Escrito por":"Victor Shinichi Tanaka","Est. tempo de leitura":"6 minutos"},"schema":{"@context":"https:\/\/schema.org","@graph":[{"@type":"NewsArticle","@id":"https:\/\/www.estrategiaconcursos.com.br\/blog\/pss-saude-go\/#article","isPartOf":{"@id":"https:\/\/www.estrategiaconcursos.com.br\/blog\/pss-saude-go\/"},"author":{"name":"Victor Shinichi Tanaka","@id":"https:\/\/www.estrategiaconcursos.com.br\/blog\/#\/schema\/person\/602a4eaf2bed921c107675da3a65b0e0"},"headline":"PSS Sa\u00fade GO: EDITAL com vagas para superior; confira!","datePublished":"2020-06-17T16:01:23+00:00","dateModified":"2020-06-18T14:53:55+00:00","mainEntityOfPage":{"@id":"https:\/\/www.estrategiaconcursos.com.br\/blog\/pss-saude-go\/"},"wordCount":1228,"commentCount":0,"publisher":{"@id":"https:\/\/www.estrategiaconcursos.com.br\/blog\/#organization"},"image":{"@id":"https:\/\/www.estrategiaconcursos.com.br\/blog\/pss-saude-go\/#primaryimage"},"thumbnailUrl":"https:\/\/dhg1h5j42swfq.cloudfront.net\/2019\/11\/05113900\/SAIU-EDITAL1.jpg","articleSection":["Concursos P\u00fablicos"],"inLanguage":"pt-BR","potentialAction":[{"@type":"CommentAction","name":"Comment","target":["https:\/\/www.estrategiaconcursos.com.br\/blog\/pss-saude-go\/#respond"]}],"copyrightYear":"2020","copyrightHolder":{"@id":"https:\/\/www.estrategiaconcursos.com.br\/blog\/#organization"}},{"@type":"WebPage","@id":"https:\/\/www.estrategiaconcursos.com.br\/blog\/pss-saude-go\/","url":"https:\/\/www.estrategiaconcursos.com.br\/blog\/pss-saude-go\/","name":"PSS Sa\u00fade GO: EDITAL com vagas para superior; confira!","isPartOf":{"@id":"https:\/\/www.estrategiaconcursos.com.br\/blog\/#website"},"primaryImageOfPage":{"@id":"https:\/\/www.estrategiaconcursos.com.br\/blog\/pss-saude-go\/#primaryimage"},"image":{"@id":"https:\/\/www.estrategiaconcursos.com.br\/blog\/pss-saude-go\/#primaryimage"},"thumbnailUrl":"https:\/\/dhg1h5j42swfq.cloudfront.net\/2019\/11\/05113900\/SAIU-EDITAL1.jpg","datePublished":"2020-06-17T16:01:23+00:00","dateModified":"2020-06-18T14:53:55+00:00","description":"Secretaria da Sa\u00fade divulga processo seletivo para contrata\u00e7\u00e3o de 15 profissionais de Engenharia. Acesse e confira todos os detalhes!","breadcrumb":{"@id":"https:\/\/www.estrategiaconcursos.com.br\/blog\/pss-saude-go\/#breadcrumb"},"inLanguage":"pt-BR","potentialAction":[{"@type":"ReadAction","target":["https:\/\/www.estrategiaconcursos.com.br\/blog\/pss-saude-go\/"]}]},{"@type":"ImageObject","inLanguage":"pt-BR","@id":"https:\/\/www.estrategiaconcursos.com.br\/blog\/pss-saude-go\/#primaryimage","url":"https:\/\/dhg1h5j42swfq.cloudfront.net\/2019\/11\/05113900\/SAIU-EDITAL1.jpg","contentUrl":"https:\/\/dhg1h5j42swfq.cloudfront.net\/2019\/11\/05113900\/SAIU-EDITAL1.jpg","width":1200,"height":628,"caption":"Concurso PGM Barra do Bugres"},{"@type":"BreadcrumbList","@id":"https:\/\/www.estrategiaconcursos.com.br\/blog\/pss-saude-go\/#breadcrumb","itemListElement":[{"@type":"ListItem","position":1,"name":"In\u00edcio","item":"https:\/\/www.estrategiaconcursos.com.br\/blog\/"},{"@type":"ListItem","position":2,"name":"PSS Sa\u00fade GO: EDITAL com vagas para superior; confira!"}]},{"@type":"WebSite","@id":"https:\/\/www.estrategiaconcursos.com.br\/blog\/#website","url":"https:\/\/www.estrategiaconcursos.com.br\/blog\/","name":"Estrat\u00e9gia Concursos","description":"O blog da Estrat\u00e9gia Concursos traz not\u00edcias sobre concursos e artigos de professores oferecendo cursos para concursos (pdf + videaulas) no site.","publisher":{"@id":"https:\/\/www.estrategiaconcursos.com.br\/blog\/#organization"},"potentialAction":[{"@type":"SearchAction","target":{"@type":"EntryPoint","urlTemplate":"https:\/\/www.estrategiaconcursos.com.br\/blog\/?s={search_term_string}"},"query-input":{"@type":"PropertyValueSpecification","valueRequired":true,"valueName":"search_term_string"}}],"inLanguage":"pt-BR"},{"@type":"Organization","@id":"https:\/\/www.estrategiaconcursos.com.br\/blog\/#organization","name":"Estrat\u00e9gia Concursos","url":"https:\/\/www.estrategiaconcursos.com.br\/blog\/","logo":{"@type":"ImageObject","inLanguage":"pt-BR","@id":"https:\/\/www.estrategiaconcursos.com.br\/blog\/#\/schema\/logo\/image\/","url":"https:\/\/dhg1h5j42swfq.cloudfront.net\/2025\/06\/03203428\/logo_concursos-1.jpg","contentUrl":"https:\/\/dhg1h5j42swfq.cloudfront.net\/2025\/06\/03203428\/logo_concursos-1.jpg","width":230,"height":60,"caption":"Estrat\u00e9gia Concursos"},"image":{"@id":"https:\/\/www.estrategiaconcursos.com.br\/blog\/#\/schema\/logo\/image\/"},"sameAs":["https:\/\/x.com\/EstratConcursos"]},{"@type":"Person","@id":"https:\/\/www.estrategiaconcursos.com.br\/blog\/#\/schema\/person\/602a4eaf2bed921c107675da3a65b0e0","name":"Victor Shinichi Tanaka","image":{"@type":"ImageObject","inLanguage":"pt-BR","@id":"https:\/\/secure.gravatar.com\/avatar\/3772723eea77b2e6a2231e357d6339c6c129c6fb65cda4d02d0f3ca700221333?s=96&d=mm&r=g","url":"https:\/\/secure.gravatar.com\/avatar\/3772723eea77b2e6a2231e357d6339c6c129c6fb65cda4d02d0f3ca700221333?s=96&d=mm&r=g","contentUrl":"https:\/\/secure.gravatar.com\/avatar\/3772723eea77b2e6a2231e357d6339c6c129c6fb65cda4d02d0f3ca700221333?s=96&d=mm&r=g","caption":"Victor Shinichi Tanaka"},"url":"https:\/\/www.estrategiaconcursos.com.br\/blog\/author\/victorstanakagmail-com\/"}]}},"_links":{"self":[{"href":"https:\/\/www.estrategiaconcursos.com.br\/blog\/wp-json\/wp\/v2\/posts\/527819","targetHints":{"allow":["GET"]}}],"collection":[{"href":"https:\/\/www.estrategiaconcursos.com.br\/blog\/wp-json\/wp\/v2\/posts"}],"about":[{"href":"https:\/\/www.estrategiaconcursos.com.br\/blog\/wp-json\/wp\/v2\/types\/post"}],"author":[{"embeddable":true,"href":"https:\/\/www.estrategiaconcursos.com.br\/blog\/wp-json\/wp\/v2\/users\/1276"}],"replies":[{"embeddable":true,"href":"https:\/\/www.estrategiaconcursos.com.br\/blog\/wp-json\/wp\/v2\/comments?post=527819"}],"version-history":[{"count":7,"href":"https:\/\/www.estrategiaconcursos.com.br\/blog\/wp-json\/wp\/v2\/posts\/527819\/revisions"}],"predecessor-version":[{"id":528413,"href":"https:\/\/www.estrategiaconcursos.com.br\/blog\/wp-json\/wp\/v2\/posts\/527819\/revisions\/528413"}],"wp:featuredmedia":[{"embeddable":true,"href":"https:\/\/www.estrategiaconcursos.com.br\/blog\/wp-json\/wp\/v2\/media\/444278"}],"wp:attachment":[{"href":"https:\/\/www.estrategiaconcursos.com.br\/blog\/wp-json\/wp\/v2\/media?parent=527819"}],"wp:term":[{"taxonomy":"category","embeddable":true,"href":"https:\/\/www.estrategiaconcursos.com.br\/blog\/wp-json\/wp\/v2\/categories?post=527819"},{"taxonomy":"post_tag","embeddable":true,"href":"https:\/\/www.estrategiaconcursos.com.br\/blog\/wp-json\/wp\/v2\/tags?post=527819"},{"taxonomy":"tax_estado","embeddable":true,"href":"https:\/\/www.estrategiaconcursos.com.br\/blog\/wp-json\/wp\/v2\/tax_estado?post=527819"}],"curies":[{"name":"wp","href":"https:\/\/api.w.org\/{rel}","templated":true}]}}