{"id":527672,"date":"2020-06-17T09:23:09","date_gmt":"2020-06-17T12:23:09","guid":{"rendered":"https:\/\/www.estrategiaconcursos.com.br\/blog\/?p=527672"},"modified":"2020-06-17T09:23:11","modified_gmt":"2020-06-17T12:23:11","slug":"5-orgaos-suspenderam-os-prazos-de-validade","status":"publish","type":"post","link":"https:\/\/www.estrategiaconcursos.com.br\/blog\/5-orgaos-suspenderam-os-prazos-de-validade\/","title":{"rendered":"5 \u00f3rg\u00e3os suspenderam os prazos de validade dos certames"},"content":{"rendered":"\n<p>O <strong>Instituto Federal de Educa\u00e7\u00e3o, Ci\u00eancia e Tecnologia Baiano<\/strong>, por meio do Reitor A\u00e9cio Jos\u00e9 Ara\u00fajo Passos Duarte, teve o <strong>prazo de validade<\/strong> do seu concurso realizado em 2019, <strong>suspenso<\/strong>.<\/p>\n\n\n\n<p>A suspens\u00e3o foi adotada por causa da pandemia de Covid-19 que afeta o Brasil. Vale destacar que o prazo de validade voltar\u00e1 ao normal assim que o estado de calamidade p\u00fablica for encerrado.<\/p>\n\n\n\n<p>Confira abaixo outros \u00f3rg\u00e3o que tamb\u00e9m suspenderam prazos de validade:<\/p>\n\n\n\n<h3 class=\"wp-block-heading\">IFAC<\/h3>\n\n\n\n<p>O Instituto Federal de Educa\u00e7\u00e3o, Ci\u00eancia e Tecnologia do Acre, suspendeu o prazo de validade de dois concursos realizados em 2016. Os certames ofertaram vagas para Professor do Ensino B\u00e1sico e T\u00e9cnico Administrativo em Educa\u00e7\u00e3o, N\u00edveis C, D e E. <\/p>\n\n\n\n<h3 class=\"wp-block-heading\">IF Sul de Minas<\/h3>\n\n\n\n<p>J\u00e1 o IF Sul de Minas, suspendeu os prazos de validade dos concursos p\u00fablicos homologados at\u00e9 a data da publica\u00e7\u00e3o do Decreto Legislativo n\u00ba 6, de 20 de mar\u00e7o de 2020, at\u00e9 o t\u00e9rmino da vig\u00eancia do estado de calamidade p\u00fablica, estabelecido pela Uni\u00e3o. <\/p>\n\n\n\n<p>Os prazos suspensos ser\u00e3o retomados a partir do t\u00e9rmino do per\u00edodo de calamidade p\u00fablica, quando a presente portaria deixa de ter validade.<\/p>\n\n\n\n<h3 class=\"wp-block-heading\">UNIFAL<\/h3>\n\n\n\n<p>O Reitor da Universidade Federal de Alfenas &#8211; UNIFAL-MG, decidiu suspender os prazos de validade dos concursos p\u00fablicos de provas e t\u00edtulos,  j\u00e1 homologados, realizados em 2018 e 2019, por causa da pandemia de Covid-19.<\/p>\n\n\n\n<h3 class=\"wp-block-heading\">UFMG<\/h3>\n\n\n\n<p>A UFMG, reconhecendo o estado de calamidade p\u00fablica instaurado pa\u00eds, em raz\u00e3o da pandemia causada pelo COVID-19, bem como as medidas de preven\u00e7\u00e3o e de enfrentamento da pandemia para salvaguardar a sa\u00fade p\u00fablica, estabelecidas pelos Minist\u00e9rios da Sa\u00fade e da Economia, e o disposto no Art. 10 da Lei Complementar n\u00ba 173, de 27 de maio de 2020, que estabelece o Programa Federativo de Enfrentamento ao Coronav\u00edrus, resolve suspender os prazos de validade dos certames realizados entre 2016 a 2019.<\/p>\n\n\n\n<p>Confira no link abaixo as suspens\u00f5es:<\/p>\n\n\n\n<p class=\"has-background has-text-align-center has-medium-font-size has-very-light-gray-background-color\"><a href=\"https:\/\/dhg1h5j42swfq.cloudfront.net\/2020\/06\/17092017\/IFAC_IF_Sul_de_Minas__Unifal_e_UFMG.pdf\" target=\"_blank\" rel=\"noreferrer noopener\">Suspens\u00f5es<\/a><\/p>\n\n\n\n<p class=\"has-text-align-center\"><strong><em><strong>Sistema de Quest\u00f5es<\/strong><\/em><\/strong><\/p>\n\n\n\n<p class=\"has-text-align-center\">Estrat\u00e9gia Quest\u00f5es nasceu maior do que todos os concorrentes, com mais quest\u00f5es cadastradas e mais solu\u00e7\u00f5es por professores. Clique no link e aproveite os descontos e b\u00f4nus imperd\u00edveis!<\/p>\n\n\n\n<p class=\"has-background has-text-align-center has-vivid-green-cyan-background-color\"><strong>ASSINE AGORA \u2013&nbsp;<a href=\"https:\/\/www.estrategiaconcursos.com.br\/cursosPorConcurso\/sistema-de-questoes\/#\/\" target=\"_blank\" rel=\"noreferrer noopener\">Sistema de Quest\u00f5es<\/a><\/strong><\/p>\n\n\n\n<p class=\"has-background has-text-align-center has-luminous-vivid-amber-background-color\"><strong><a href=\"https:\/\/www.estrategiaconcursos.com.br\/cursos\/concurso\/\" target=\"_blank\" rel=\"noreferrer noopener\">CURSOS PARA CONCURSO<\/a><\/strong><\/p>\n\n\n\n<p class=\"has-text-align-center\"><em><strong>Assinatura Anual Ilimitada*<\/strong><\/em><\/p>\n\n\n\n<p class=\"has-text-align-center\"><em>Prepare-se com o melhor material e com quem mais aprova em Concursos P\u00fablicos em todo o pa\u00eds. Assine agora a nossa Assinatura Anual e tenha acesso ilimitado* a todos os nossos cursos.<\/em><\/p>\n\n\n\n<p class=\"has-background has-text-align-center has-light-green-cyan-background-color\"><strong>ASSINE AGORA<\/strong>&nbsp;\u2013&nbsp;<a href=\"https:\/\/www.estrategiaconcursos.com.br\/assinaturas\" target=\"_blank\" rel=\"noreferrer noopener\"><strong>Assinatura Ilimitada<\/strong><\/a><\/p>\n\n\n\n<p class=\"has-background has-text-align-center has-pale-cyan-blue-background-color\"><strong><a href=\"https:\/\/www.estrategiaconcursos.com.br\/blog\/concursos-abertos\/\">CONCURSOS ABERTOS<\/a><\/strong><\/p>\n\n\n\n<p class=\"has-background has-text-align-center has-pale-cyan-blue-background-color\"><a href=\"https:\/\/www.estrategiaconcursos.com.br\/blog\/concursos-2020\/\"><strong>CONCURSOS<\/strong><\/a><strong><a href=\"https:\/\/www.estrategiaconcursos.com.br\/blog\/concursos-2020\/\">&nbsp;2020<\/a><\/strong><\/p>\n\n\n\n<p class=\"has-background has-text-align-center has-pale-cyan-blue-background-color\"><a href=\"https:\/\/www.estrategiaconcursos.com.br\/blog\/concursos-2021\/\" target=\"_blank\" rel=\"noreferrer noopener\"><strong>CONCURSOS 2021<\/strong><\/a><\/p>\n\n\n\n<p class=\"has-background has-text-align-center has-pale-cyan-blue-background-color\"><a href=\"https:\/\/www.estrategiaconcursos.com.br\/blog\/concursos-educacao-2020\/\" target=\"_blank\" rel=\"noreferrer noopener\"><strong>Concursos Educa\u00e7\u00e3o<\/strong><\/a><\/p>\n","protected":false},"excerpt":{"rendered":"<p>O Instituto Federal de Educa\u00e7\u00e3o, Ci\u00eancia e Tecnologia Baiano, por meio do Reitor A\u00e9cio Jos\u00e9 Ara\u00fajo Passos Duarte, teve o prazo de validade do seu concurso realizado em 2019, suspenso. A suspens\u00e3o foi adotada por causa da pandemia de Covid-19 que afeta o Brasil. Vale destacar que o prazo de validade voltar\u00e1 ao normal assim [&hellip;]<\/p>\n","protected":false},"author":93,"featured_media":0,"comment_status":"open","ping_status":"closed","sticky":false,"template":"","format":"standard","meta":{"post_tipo":"article","footnotes":""},"categories":[1],"tags":[],"tax_estado":[],"class_list":["post-527672","post","type-post","status-publish","format-standard","hentry","category-cursos-e-concursos"],"acf":[],"yoast_head":"<!-- This site is optimized with the Yoast SEO Premium plugin v27.2 (Yoast SEO v27.2) - https:\/\/yoast.com\/product\/yoast-seo-premium-wordpress\/ -->\n<title>5 \u00f3rg\u00e3os suspenderam os prazos de validade dos certames<\/title>\n<meta name=\"description\" content=\"Institutos e Universidades suspenderam os prazos de validade dos certames por causa da pandemia de Covid-19. Saiba mais neste artigo!\" \/>\n<meta name=\"robots\" content=\"index, follow, max-snippet:-1, max-image-preview:large, max-video-preview:-1\" \/>\n<link rel=\"canonical\" href=\"https:\/\/www.estrategiaconcursos.com.br\/blog\/5-orgaos-suspenderam-os-prazos-de-validade\/\" \/>\n<meta property=\"og:locale\" content=\"pt_BR\" \/>\n<meta property=\"og:type\" content=\"article\" \/>\n<meta property=\"og:title\" content=\"5 \u00f3rg\u00e3os suspenderam os prazos de validade dos certames\" \/>\n<meta property=\"og:description\" content=\"Institutos e Universidades suspenderam os prazos de validade dos certames por causa da pandemia de Covid-19. Saiba mais neste artigo!\" \/>\n<meta property=\"og:url\" content=\"https:\/\/www.estrategiaconcursos.com.br\/blog\/5-orgaos-suspenderam-os-prazos-de-validade\/\" \/>\n<meta property=\"og:site_name\" content=\"Estrat\u00e9gia Concursos\" \/>\n<meta property=\"article:published_time\" content=\"2020-06-17T12:23:09+00:00\" \/>\n<meta property=\"article:modified_time\" content=\"2020-06-17T12:23:11+00:00\" \/>\n<meta name=\"author\" content=\"Vinicius Silva\" \/>\n<meta name=\"twitter:card\" content=\"summary_large_image\" \/>\n<meta name=\"twitter:creator\" content=\"@EstratConcursos\" \/>\n<meta name=\"twitter:site\" content=\"@EstratConcursos\" \/>\n<meta name=\"twitter:label1\" content=\"Escrito por\" \/>\n\t<meta name=\"twitter:data1\" content=\"Vinicius Silva\" \/>\n\t<meta name=\"twitter:label2\" content=\"Est. tempo de leitura\" \/>\n\t<meta name=\"twitter:data2\" content=\"2 minutos\" \/>\n<script type=\"application\/ld+json\" class=\"yoast-schema-graph\">{\"@context\":\"https:\/\/schema.org\",\"@graph\":[{\"@type\":\"NewsArticle\",\"@id\":\"https:\/\/www.estrategiaconcursos.com.br\/blog\/5-orgaos-suspenderam-os-prazos-de-validade\/#article\",\"isPartOf\":{\"@id\":\"https:\/\/www.estrategiaconcursos.com.br\/blog\/5-orgaos-suspenderam-os-prazos-de-validade\/\"},\"author\":{\"name\":\"Vinicius Silva\",\"@id\":\"https:\/\/www.estrategiaconcursos.com.br\/blog\/#\/schema\/person\/20030622a981f9a942ad6b3561fe4ca4\"},\"headline\":\"5 \u00f3rg\u00e3os suspenderam os prazos de validade dos certames\",\"datePublished\":\"2020-06-17T12:23:09+00:00\",\"dateModified\":\"2020-06-17T12:23:11+00:00\",\"mainEntityOfPage\":{\"@id\":\"https:\/\/www.estrategiaconcursos.com.br\/blog\/5-orgaos-suspenderam-os-prazos-de-validade\/\"},\"wordCount\":441,\"commentCount\":0,\"publisher\":{\"@id\":\"https:\/\/www.estrategiaconcursos.com.br\/blog\/#organization\"},\"articleSection\":[\"Concursos P\u00fablicos\"],\"inLanguage\":\"pt-BR\",\"potentialAction\":[{\"@type\":\"CommentAction\",\"name\":\"Comment\",\"target\":[\"https:\/\/www.estrategiaconcursos.com.br\/blog\/5-orgaos-suspenderam-os-prazos-de-validade\/#respond\"]}],\"copyrightYear\":\"2020\",\"copyrightHolder\":{\"@id\":\"https:\/\/www.estrategiaconcursos.com.br\/blog\/#organization\"}},{\"@type\":\"WebPage\",\"@id\":\"https:\/\/www.estrategiaconcursos.com.br\/blog\/5-orgaos-suspenderam-os-prazos-de-validade\/\",\"url\":\"https:\/\/www.estrategiaconcursos.com.br\/blog\/5-orgaos-suspenderam-os-prazos-de-validade\/\",\"name\":\"5 \u00f3rg\u00e3os suspenderam os prazos de validade dos certames\",\"isPartOf\":{\"@id\":\"https:\/\/www.estrategiaconcursos.com.br\/blog\/#website\"},\"datePublished\":\"2020-06-17T12:23:09+00:00\",\"dateModified\":\"2020-06-17T12:23:11+00:00\",\"description\":\"Institutos e Universidades suspenderam os prazos de validade dos certames por causa da pandemia de Covid-19. Saiba mais neste artigo!\",\"breadcrumb\":{\"@id\":\"https:\/\/www.estrategiaconcursos.com.br\/blog\/5-orgaos-suspenderam-os-prazos-de-validade\/#breadcrumb\"},\"inLanguage\":\"pt-BR\",\"potentialAction\":[{\"@type\":\"ReadAction\",\"target\":[\"https:\/\/www.estrategiaconcursos.com.br\/blog\/5-orgaos-suspenderam-os-prazos-de-validade\/\"]}]},{\"@type\":\"BreadcrumbList\",\"@id\":\"https:\/\/www.estrategiaconcursos.com.br\/blog\/5-orgaos-suspenderam-os-prazos-de-validade\/#breadcrumb\",\"itemListElement\":[{\"@type\":\"ListItem\",\"position\":1,\"name\":\"In\u00edcio\",\"item\":\"https:\/\/www.estrategiaconcursos.com.br\/blog\/\"},{\"@type\":\"ListItem\",\"position\":2,\"name\":\"5 \u00f3rg\u00e3os suspenderam os prazos de validade dos certames\"}]},{\"@type\":\"WebSite\",\"@id\":\"https:\/\/www.estrategiaconcursos.com.br\/blog\/#website\",\"url\":\"https:\/\/www.estrategiaconcursos.com.br\/blog\/\",\"name\":\"Estrat\u00e9gia Concursos\",\"description\":\"O blog da Estrat\u00e9gia Concursos traz not\u00edcias sobre concursos e artigos de professores oferecendo cursos para concursos (pdf + videaulas) no site.\",\"publisher\":{\"@id\":\"https:\/\/www.estrategiaconcursos.com.br\/blog\/#organization\"},\"potentialAction\":[{\"@type\":\"SearchAction\",\"target\":{\"@type\":\"EntryPoint\",\"urlTemplate\":\"https:\/\/www.estrategiaconcursos.com.br\/blog\/?s={search_term_string}\"},\"query-input\":{\"@type\":\"PropertyValueSpecification\",\"valueRequired\":true,\"valueName\":\"search_term_string\"}}],\"inLanguage\":\"pt-BR\"},{\"@type\":\"Organization\",\"@id\":\"https:\/\/www.estrategiaconcursos.com.br\/blog\/#organization\",\"name\":\"Estrat\u00e9gia Concursos\",\"url\":\"https:\/\/www.estrategiaconcursos.com.br\/blog\/\",\"logo\":{\"@type\":\"ImageObject\",\"inLanguage\":\"pt-BR\",\"@id\":\"https:\/\/www.estrategiaconcursos.com.br\/blog\/#\/schema\/logo\/image\/\",\"url\":\"https:\/\/dhg1h5j42swfq.cloudfront.net\/2025\/06\/03203428\/logo_concursos-1.jpg\",\"contentUrl\":\"https:\/\/dhg1h5j42swfq.cloudfront.net\/2025\/06\/03203428\/logo_concursos-1.jpg\",\"width\":230,\"height\":60,\"caption\":\"Estrat\u00e9gia Concursos\"},\"image\":{\"@id\":\"https:\/\/www.estrategiaconcursos.com.br\/blog\/#\/schema\/logo\/image\/\"},\"sameAs\":[\"https:\/\/x.com\/EstratConcursos\"]},{\"@type\":\"Person\",\"@id\":\"https:\/\/www.estrategiaconcursos.com.br\/blog\/#\/schema\/person\/20030622a981f9a942ad6b3561fe4ca4\",\"name\":\"Vinicius Silva\",\"image\":{\"@type\":\"ImageObject\",\"inLanguage\":\"pt-BR\",\"@id\":\"https:\/\/secure.gravatar.com\/avatar\/604d9670a4c7eea71feaa4381f3ae97e148292ac402671c5944aa67a3d127663?s=96&d=mm&r=g\",\"url\":\"https:\/\/secure.gravatar.com\/avatar\/604d9670a4c7eea71feaa4381f3ae97e148292ac402671c5944aa67a3d127663?s=96&d=mm&r=g\",\"contentUrl\":\"https:\/\/secure.gravatar.com\/avatar\/604d9670a4c7eea71feaa4381f3ae97e148292ac402671c5944aa67a3d127663?s=96&d=mm&r=g\",\"caption\":\"Vinicius Silva\"},\"url\":\"https:\/\/www.estrategiaconcursos.com.br\/blog\/author\/viniciussilvaestrategiaconcursos-com-br\/\"}]}<\/script>\n<!-- \/ Yoast SEO Premium plugin. -->","yoast_head_json":{"title":"5 \u00f3rg\u00e3os suspenderam os prazos de validade dos certames","description":"Institutos e Universidades suspenderam os prazos de validade dos certames por causa da pandemia de Covid-19. Saiba mais neste artigo!","robots":{"index":"index","follow":"follow","max-snippet":"max-snippet:-1","max-image-preview":"max-image-preview:large","max-video-preview":"max-video-preview:-1"},"canonical":"https:\/\/www.estrategiaconcursos.com.br\/blog\/5-orgaos-suspenderam-os-prazos-de-validade\/","og_locale":"pt_BR","og_type":"article","og_title":"5 \u00f3rg\u00e3os suspenderam os prazos de validade dos certames","og_description":"Institutos e Universidades suspenderam os prazos de validade dos certames por causa da pandemia de Covid-19. Saiba mais neste artigo!","og_url":"https:\/\/www.estrategiaconcursos.com.br\/blog\/5-orgaos-suspenderam-os-prazos-de-validade\/","og_site_name":"Estrat\u00e9gia Concursos","article_published_time":"2020-06-17T12:23:09+00:00","article_modified_time":"2020-06-17T12:23:11+00:00","author":"Vinicius Silva","twitter_card":"summary_large_image","twitter_creator":"@EstratConcursos","twitter_site":"@EstratConcursos","twitter_misc":{"Escrito por":"Vinicius Silva","Est. tempo de leitura":"2 minutos"},"schema":{"@context":"https:\/\/schema.org","@graph":[{"@type":"NewsArticle","@id":"https:\/\/www.estrategiaconcursos.com.br\/blog\/5-orgaos-suspenderam-os-prazos-de-validade\/#article","isPartOf":{"@id":"https:\/\/www.estrategiaconcursos.com.br\/blog\/5-orgaos-suspenderam-os-prazos-de-validade\/"},"author":{"name":"Vinicius Silva","@id":"https:\/\/www.estrategiaconcursos.com.br\/blog\/#\/schema\/person\/20030622a981f9a942ad6b3561fe4ca4"},"headline":"5 \u00f3rg\u00e3os suspenderam os prazos de validade dos certames","datePublished":"2020-06-17T12:23:09+00:00","dateModified":"2020-06-17T12:23:11+00:00","mainEntityOfPage":{"@id":"https:\/\/www.estrategiaconcursos.com.br\/blog\/5-orgaos-suspenderam-os-prazos-de-validade\/"},"wordCount":441,"commentCount":0,"publisher":{"@id":"https:\/\/www.estrategiaconcursos.com.br\/blog\/#organization"},"articleSection":["Concursos P\u00fablicos"],"inLanguage":"pt-BR","potentialAction":[{"@type":"CommentAction","name":"Comment","target":["https:\/\/www.estrategiaconcursos.com.br\/blog\/5-orgaos-suspenderam-os-prazos-de-validade\/#respond"]}],"copyrightYear":"2020","copyrightHolder":{"@id":"https:\/\/www.estrategiaconcursos.com.br\/blog\/#organization"}},{"@type":"WebPage","@id":"https:\/\/www.estrategiaconcursos.com.br\/blog\/5-orgaos-suspenderam-os-prazos-de-validade\/","url":"https:\/\/www.estrategiaconcursos.com.br\/blog\/5-orgaos-suspenderam-os-prazos-de-validade\/","name":"5 \u00f3rg\u00e3os suspenderam os prazos de validade dos certames","isPartOf":{"@id":"https:\/\/www.estrategiaconcursos.com.br\/blog\/#website"},"datePublished":"2020-06-17T12:23:09+00:00","dateModified":"2020-06-17T12:23:11+00:00","description":"Institutos e Universidades suspenderam os prazos de validade dos certames por causa da pandemia de Covid-19. Saiba mais neste artigo!","breadcrumb":{"@id":"https:\/\/www.estrategiaconcursos.com.br\/blog\/5-orgaos-suspenderam-os-prazos-de-validade\/#breadcrumb"},"inLanguage":"pt-BR","potentialAction":[{"@type":"ReadAction","target":["https:\/\/www.estrategiaconcursos.com.br\/blog\/5-orgaos-suspenderam-os-prazos-de-validade\/"]}]},{"@type":"BreadcrumbList","@id":"https:\/\/www.estrategiaconcursos.com.br\/blog\/5-orgaos-suspenderam-os-prazos-de-validade\/#breadcrumb","itemListElement":[{"@type":"ListItem","position":1,"name":"In\u00edcio","item":"https:\/\/www.estrategiaconcursos.com.br\/blog\/"},{"@type":"ListItem","position":2,"name":"5 \u00f3rg\u00e3os suspenderam os prazos de validade dos certames"}]},{"@type":"WebSite","@id":"https:\/\/www.estrategiaconcursos.com.br\/blog\/#website","url":"https:\/\/www.estrategiaconcursos.com.br\/blog\/","name":"Estrat\u00e9gia Concursos","description":"O blog da Estrat\u00e9gia Concursos traz not\u00edcias sobre concursos e artigos de professores oferecendo cursos para concursos (pdf + videaulas) no site.","publisher":{"@id":"https:\/\/www.estrategiaconcursos.com.br\/blog\/#organization"},"potentialAction":[{"@type":"SearchAction","target":{"@type":"EntryPoint","urlTemplate":"https:\/\/www.estrategiaconcursos.com.br\/blog\/?s={search_term_string}"},"query-input":{"@type":"PropertyValueSpecification","valueRequired":true,"valueName":"search_term_string"}}],"inLanguage":"pt-BR"},{"@type":"Organization","@id":"https:\/\/www.estrategiaconcursos.com.br\/blog\/#organization","name":"Estrat\u00e9gia Concursos","url":"https:\/\/www.estrategiaconcursos.com.br\/blog\/","logo":{"@type":"ImageObject","inLanguage":"pt-BR","@id":"https:\/\/www.estrategiaconcursos.com.br\/blog\/#\/schema\/logo\/image\/","url":"https:\/\/dhg1h5j42swfq.cloudfront.net\/2025\/06\/03203428\/logo_concursos-1.jpg","contentUrl":"https:\/\/dhg1h5j42swfq.cloudfront.net\/2025\/06\/03203428\/logo_concursos-1.jpg","width":230,"height":60,"caption":"Estrat\u00e9gia Concursos"},"image":{"@id":"https:\/\/www.estrategiaconcursos.com.br\/blog\/#\/schema\/logo\/image\/"},"sameAs":["https:\/\/x.com\/EstratConcursos"]},{"@type":"Person","@id":"https:\/\/www.estrategiaconcursos.com.br\/blog\/#\/schema\/person\/20030622a981f9a942ad6b3561fe4ca4","name":"Vinicius Silva","image":{"@type":"ImageObject","inLanguage":"pt-BR","@id":"https:\/\/secure.gravatar.com\/avatar\/604d9670a4c7eea71feaa4381f3ae97e148292ac402671c5944aa67a3d127663?s=96&d=mm&r=g","url":"https:\/\/secure.gravatar.com\/avatar\/604d9670a4c7eea71feaa4381f3ae97e148292ac402671c5944aa67a3d127663?s=96&d=mm&r=g","contentUrl":"https:\/\/secure.gravatar.com\/avatar\/604d9670a4c7eea71feaa4381f3ae97e148292ac402671c5944aa67a3d127663?s=96&d=mm&r=g","caption":"Vinicius Silva"},"url":"https:\/\/www.estrategiaconcursos.com.br\/blog\/author\/viniciussilvaestrategiaconcursos-com-br\/"}]}},"_links":{"self":[{"href":"https:\/\/www.estrategiaconcursos.com.br\/blog\/wp-json\/wp\/v2\/posts\/527672","targetHints":{"allow":["GET"]}}],"collection":[{"href":"https:\/\/www.estrategiaconcursos.com.br\/blog\/wp-json\/wp\/v2\/posts"}],"about":[{"href":"https:\/\/www.estrategiaconcursos.com.br\/blog\/wp-json\/wp\/v2\/types\/post"}],"author":[{"embeddable":true,"href":"https:\/\/www.estrategiaconcursos.com.br\/blog\/wp-json\/wp\/v2\/users\/93"}],"replies":[{"embeddable":true,"href":"https:\/\/www.estrategiaconcursos.com.br\/blog\/wp-json\/wp\/v2\/comments?post=527672"}],"version-history":[{"count":1,"href":"https:\/\/www.estrategiaconcursos.com.br\/blog\/wp-json\/wp\/v2\/posts\/527672\/revisions"}],"predecessor-version":[{"id":527701,"href":"https:\/\/www.estrategiaconcursos.com.br\/blog\/wp-json\/wp\/v2\/posts\/527672\/revisions\/527701"}],"wp:attachment":[{"href":"https:\/\/www.estrategiaconcursos.com.br\/blog\/wp-json\/wp\/v2\/media?parent=527672"}],"wp:term":[{"taxonomy":"category","embeddable":true,"href":"https:\/\/www.estrategiaconcursos.com.br\/blog\/wp-json\/wp\/v2\/categories?post=527672"},{"taxonomy":"post_tag","embeddable":true,"href":"https:\/\/www.estrategiaconcursos.com.br\/blog\/wp-json\/wp\/v2\/tags?post=527672"},{"taxonomy":"tax_estado","embeddable":true,"href":"https:\/\/www.estrategiaconcursos.com.br\/blog\/wp-json\/wp\/v2\/tax_estado?post=527672"}],"curies":[{"name":"wp","href":"https:\/\/api.w.org\/{rel}","templated":true}]}}