{"id":527166,"date":"2021-06-03T11:50:00","date_gmt":"2021-06-03T14:50:00","guid":{"rendered":"https:\/\/www.estrategiaconcursos.com.br\/blog\/?p=527166"},"modified":"2024-01-12T09:51:23","modified_gmt":"2024-01-12T12:51:23","slug":"concurso-prefeitura-pitimbu","status":"publish","type":"post","link":"https:\/\/www.estrategiaconcursos.com.br\/blog\/concurso-prefeitura-pitimbu\/","title":{"rendered":"Concurso Prefeitura de Pitimbu: RETOMADO! Provas em setembro"},"content":{"rendered":"\n<p>Ap\u00f3s meses suspenso, foi oficialmente retomado o concurso p\u00fablico da Prefeitura de Pitimbu, na Para\u00edba. Segundo comunicado divulgado pela banca organizadora, o IDIB, as provas objetivas ser\u00e3o realizadas nos dias<strong> 19 (demais cargos) e 26 (<a href=\"https:\/\/www.estrategiaconcursos.com.br\/blog\/concurso-guarda-de-pitimbu-pb\/\" target=\"_blank\" rel=\"noreferrer noopener\">Guarda Municipal<\/a>) de setembro<\/strong>.<\/p>\n\n\n\n<p>Vale lembrar que a sele\u00e7\u00e3o havia sido suspensa por conta de uma A\u00e7\u00e3o Civil P\u00fablica, expedida em agosto do ano passado, poucos dias antes da aplica\u00e7\u00e3o das provas. Confira abaixo o comunicado completo sobre a retomada do certame:<\/p>\n\n\n\n<blockquote class=\"wp-block-quote is-layout-flow wp-block-quote-is-layout-flow\"><p><em>A Prefeitura de Pitimbu-PB consegue extinguir a a\u00e7\u00e3o civil p\u00fablica e, finalmente, poder\u00e1 dar prosseguimento ao seu concurso p\u00fablico. A decis\u00e3o do Tribunal de Justi\u00e7a da Para\u00edba restabelece o direito de dezenas de candidatos j\u00e1 inscritos de disputarem vagas na Administra\u00e7\u00e3o Municipal de forma l\u00edcita e transparente. Pelo novo cronograma, a provas ser\u00e3o realizadas nos dias 19 de setembro \u2013 para os pretendentes \u00e0 cargos na Guarda Municipal \u2013 e 26 de setembro \u2013 para o restante dos candidatos.&nbsp;<br \/>A justi\u00e7a reconhece a legitimidade do certame, cuja organiza\u00e7\u00e3o est\u00e1 sob a responsabilidade do Instituto de Desenvolvimento Institucional Brasileiro (Idib), assim como acata a justificativa de que h\u00e1 uma car\u00eancia de servidores no munic\u00edpio e, portanto, se n\u00e3o houver nesse momento um concurso p\u00fablico, poder\u00e1 ocorrer uma paralisa\u00e7\u00e3o da m\u00e1quina administrativa local. Quanto \u00e0 pandemia, o Tribunal de Justi\u00e7a compreende que a sa\u00fade e o bem-estar de todos os envolvidos est\u00e3o garantidos com os protocolos de seguran\u00e7a sanit\u00e1ria informados, e que vem sendo adotados pelo Idib em todos os seus exames pelo pa\u00eds.<\/em><\/p><\/blockquote>\n\n\n\n<p>Importante ressaltar que as inscri\u00e7\u00f5es n\u00e3o ser\u00e3o reabertas! S\u00e3o ofertadas no total <strong>305 vagas imediatas <\/strong>para cargos de ensino fundamental, m\u00e9dio e superior no executivo municipal. Al\u00e9m disso, o edital contempla mais<strong> 305 vagas para forma\u00e7\u00e3o de cadastro de reserva<\/strong>. <\/p>\n\n\n\n<p>Ao longo deste artigo, voc\u00ea confere mais informa\u00e7\u00f5es sobre o&nbsp;<strong>concurso Prefeitura de Pitimbu PB<\/strong>&nbsp;e os principais pontos do edital. Acompanhe os t\u00f3picos abaixo e n\u00e3o perca nenhum detalhe:<\/p>\n\n\n\n<ul class=\"wp-block-list\"><li><a href=\"#atual\">Situa\u00e7\u00e3o atual do concurso<\/a><ul><li><a href=\"#datas\">Principais datas<\/a><\/li><li><a href=\"#retificacoes\">Retifica\u00e7\u00f5es<\/a><\/li><\/ul><\/li><li><a href=\"#cargos\">Cargos e sal\u00e1rios<\/a><ul><li><a href=\"#fundamental\">N\u00edvel fundamental<\/a><\/li><li><a href=\"#medio\">N\u00edvel m\u00e9dio<\/a><\/li><li><a href=\"#tecnico\">N\u00edvel t\u00e9cnico<\/a><\/li><\/ul><ul><li><a href=\"#superior\">N\u00edvel superior<\/a><\/li><\/ul><\/li><li><a href=\"#etapas\">Etapas do concurso<\/a><ul><li><a href=\"#objetiva\">Prova objetiva<\/a><\/li><li><a href=\"#titulos\">Avalia\u00e7\u00e3o de t\u00edtulos<\/a><\/li><li><a href=\"#pratica\">Prova pr\u00e1tica<\/a><\/li><li><a href=\"#curso\">Curso de forma\u00e7\u00e3o<\/a><\/li><\/ul><\/li><li><a href=\"#estrategico\">Edital estrat\u00e9gico<\/a><\/li><li><a href=\"#cursos\">Assinatura e cursos<\/a><\/li><li><a href=\"#ficha-tecnica\">Ficha t\u00e9cnica<\/a><\/li><\/ul>\n\n\n\n<div class=\"container\" id=\"boxes\">\n  <div class=\"row\">\n\n    <div class=\"col-sm\">\n      <div class=\"banner-estrategia\" id=\"box-assinatura\">\n        <h3 class=\"titulo-assinatura\">Cursos para prefeitura de Pitimbu<\/h3>\n        <p class=\"subtitulo-assinatura\">Estude conosco<\/p>\n        <div class=\"box-botao\">\n          <a class=\"btn-assinatura\" target=\"_blank\" href=\"https:\/\/www.estrategiaconcursos.com.br\/cursosPorConcurso\/prefeitura-municipal-de-pitimbu-pb\/\" role=\"button\" rel=\"noopener noreferrer\">Conhe\u00e7a os cursos<\/a>\n        <\/div>\n      <\/div>\n     \n    <\/div>\n\n  <\/div>\n<\/div>\n\n\n\n<h2 class=\"wp-block-heading\" id=\"atual\">Situa\u00e7\u00e3o atual do concurso Prefeitura de Pitimbu<\/h2>\n\n\n\n<h2 class=\"wp-block-heading\" id=\"datas\">Principais datas<\/h2>\n\n\n\n<p class=\"has-very-light-gray-background-color has-background\"><strong>Inscri\u00e7\u00f5es<\/strong>: <s>at\u00e9 09\/08\/2020<\/s><br \/><strong>Isen\u00e7\u00e3o da taxa<\/strong>: <s>22 a 23\/06\/2020<\/s><br \/><strong>\u00daltimo dia para pagamento<\/strong>: <s>at\u00e9 24 horas ap\u00f3s emiss\u00e3o do boleto<\/s><br \/><strong>Prova<\/strong>: 19\/09\/2021 (demais cargos) e 26\/09\/2021 (<a href=\"https:\/\/www.estrategiaconcursos.com.br\/blog\/concurso-guarda-de-pitimbu-pb\/\" target=\"_blank\" rel=\"noreferrer noopener\">Guarda Municipal<\/a>)<\/p>\n\n\n\n<h3 class=\"wp-block-heading\" id=\"retificacoes\">Retifica\u00e7\u00f5es do edital<\/h3>\n\n\n\n<p><strong>Carga hor\u00e1ria:<\/strong> Os cargos de Supervisor Escolar, Professor Educa\u00e7\u00e3o Infantil, Professor Fundamental I e todos de Professor Fundamental II passam a ter jornada de trabalho de 30 h\/s.<\/p>\n\n\n\n<p><strong>Requisitos:<\/strong> Professor Fundamental II \u2013 Ensino Religioso agora exige forma\u00e7\u00e3o de Ensino Superior em Licenciatura Plena em Ci\u00eancias da Religi\u00e3o.<\/p>\n\n\n\n<p><strong>Conte\u00fado program\u00e1tico Agente de Tr\u00e2nsito:<\/strong> 1 Lei n\u00ba 9.503\/1997 e suas altera\u00e7\u00f5es at\u00e9 a data de publica\u00e7\u00e3o deste edital (institui o C\u00f3digo de Tr\u00e2nsito Brasileiro \u2014 CTB). 2 Resolu\u00e7\u00f5es do Conselho Nacional de Tr\u00e2nsito (CONTRAN) e suas altera\u00e7\u00f5es, at\u00e9 a data de publica\u00e7\u00e3o deste edital, de n\u00fameros: 26\/1998; 36\/1998; 92\/1999; 160\/2004; 197\/2006; 268\/2008; 277\/2008; 356\/2010; 371\/2010 (exceto as fichas); 396\/2011; 432\/2013; 453\/2013; 508\/2014; 525\/2015; 619\/2016; 624\/2016.<\/p>\n\n\n\n<h2 class=\"wp-block-heading\" id=\"cargos\">Cargos e sal\u00e1rios do concurso Prefeitura de Pitimbu<\/h2>\n\n\n\n<h3 class=\"wp-block-heading\" id=\"fundamental\">N\u00edvel fundamental<\/h3>\n\n\n\n<figure class=\"wp-block-table is-style-stripes\"><table class=\"has-subtle-pale-blue-background-color has-fixed-layout has-background\"><tbody><tr><td class=\"has-text-align-center\" data-align=\"center\"><strong>CARGO<\/strong><\/td><td class=\"has-text-align-center\" data-align=\"center\"><strong>VAGAS<\/strong><\/td><td class=\"has-text-align-center\" data-align=\"center\"><strong>REMUNERA\u00c7\u00c3O<\/strong><\/td><\/tr><tr><td class=\"has-text-align-center\" data-align=\"center\">Gari<\/td><td class=\"has-text-align-center\" data-align=\"center\">30 + 30 CR<\/td><td class=\"has-text-align-center\" data-align=\"center\">1.045,00<\/td><\/tr><tr><td class=\"has-text-align-center\" data-align=\"center\">Ajudante de Eletricista<\/td><td class=\"has-text-align-center\" data-align=\"center\">01 + 01 CR<\/td><td class=\"has-text-align-center\" data-align=\"center\">1.045,00<\/td><\/tr><tr><td class=\"has-text-align-center\" data-align=\"center\">Auxiliar&nbsp;de Servi\u00e7os Gerais<\/td><td class=\"has-text-align-center\" data-align=\"center\">50 + 50 CR<\/td><td class=\"has-text-align-center\" data-align=\"center\">1.045,00<\/td><\/tr><tr><td class=\"has-text-align-center\" data-align=\"center\">Carpinteiro<\/td><td class=\"has-text-align-center\" data-align=\"center\">01 + 01 CR<\/td><td class=\"has-text-align-center\" data-align=\"center\">1.045,00<\/td><\/tr><tr><td class=\"has-text-align-center\" data-align=\"center\">Coveiro<\/td><td class=\"has-text-align-center\" data-align=\"center\">02 + 02 CR<\/td><td class=\"has-text-align-center\" data-align=\"center\">1.045,00<\/td><\/tr><tr><td class=\"has-text-align-center\" data-align=\"center\">Encanador<\/td><td class=\"has-text-align-center\" data-align=\"center\">01 + 01 CR<\/td><td class=\"has-text-align-center\" data-align=\"center\">1.045,00<\/td><\/tr><tr><td class=\"has-text-align-center\" data-align=\"center\">Mec\u00e2nico<\/td><td class=\"has-text-align-center\" data-align=\"center\">01 + 01 CR<\/td><td class=\"has-text-align-center\" data-align=\"center\">1.045,00<\/td><\/tr><tr><td class=\"has-text-align-center\" data-align=\"center\">Merendeira<\/td><td class=\"has-text-align-center\" data-align=\"center\">07 + 07 CR<\/td><td class=\"has-text-align-center\" data-align=\"center\">1.045,00<\/td><\/tr><tr><td class=\"has-text-align-center\" data-align=\"center\">Operador de M\u00e1quinas Retro\/Patrol\/Motoniveladora<\/td><td class=\"has-text-align-center\" data-align=\"center\">02 + 02 CR<\/td><td class=\"has-text-align-center\" data-align=\"center\">1.045,00<\/td><\/tr><tr><td class=\"has-text-align-center\" data-align=\"center\">Pedreiro<\/td><td class=\"has-text-align-center\" data-align=\"center\">02 + 02 CR<\/td><td class=\"has-text-align-center\" data-align=\"center\">1.045,00<\/td><\/tr><tr><td class=\"has-text-align-center\" data-align=\"center\">Pintor<\/td><td class=\"has-text-align-center\" data-align=\"center\">01 + 01 CR<\/td><td class=\"has-text-align-center\" data-align=\"center\">1.045,00<\/td><\/tr><tr><td class=\"has-text-align-center\" data-align=\"center\">Porteiro&nbsp;<\/td><td class=\"has-text-align-center\" data-align=\"center\">10 + 10 CR<\/td><td class=\"has-text-align-center\" data-align=\"center\">1.045,00<\/td><\/tr><tr><td class=\"has-text-align-center\" data-align=\"center\">Vigia<\/td><td class=\"has-text-align-center\" data-align=\"center\">10 + 10 CR<\/td><td class=\"has-text-align-center\" data-align=\"center\">1.045,00<\/td><\/tr><\/tbody><\/table><\/figure>\n\n\n\n<h3 class=\"wp-block-heading\" id=\"medio\">N\u00edvel m\u00e9dio<\/h3>\n\n\n\n<figure class=\"wp-block-table is-style-stripes\"><table class=\"has-subtle-pale-blue-background-color has-fixed-layout has-background\"><tbody><tr><td class=\"has-text-align-center\" data-align=\"center\"><strong>CARGO<\/strong><\/td><td class=\"has-text-align-center\" data-align=\"center\"><strong>VAGAS<\/strong><\/td><td class=\"has-text-align-center\" data-align=\"center\"><strong>REMUNERA\u00c7\u00c3O<\/strong><\/td><\/tr><tr><td class=\"has-text-align-center\" data-align=\"center\">Agente&nbsp;Comunit\u00e1rio de Sa\u00fade<\/td><td class=\"has-text-align-center\" data-align=\"center\">07 + 07 CR<\/td><td class=\"has-text-align-center\" data-align=\"center\">1.400,00<\/td><\/tr><tr><td class=\"has-text-align-center\" data-align=\"center\">Agente de Tr\u00e2nsito<\/td><td class=\"has-text-align-center\" data-align=\"center\">05 + 05 CR<\/td><td class=\"has-text-align-center\" data-align=\"center\">1.593,15<\/td><\/tr><tr><td class=\"has-text-align-center\" data-align=\"center\">Agente de Vigil\u00e2ncia Ambiental<\/td><td class=\"has-text-align-center\" data-align=\"center\">05 + 05 CR<\/td><td class=\"has-text-align-center\" data-align=\"center\">1.045,00<\/td><\/tr><tr><td class=\"has-text-align-center\" data-align=\"center\">Almoxarife<\/td><td class=\"has-text-align-center\" data-align=\"center\">02 + 02 CR<\/td><td class=\"has-text-align-center\" data-align=\"center\">1.045,00<\/td><\/tr><tr><td class=\"has-text-align-center\" data-align=\"center\">Arquivista<\/td><td class=\"has-text-align-center\" data-align=\"center\">02 + 02 CR<\/td><td class=\"has-text-align-center\" data-align=\"center\">1.045,00<\/td><\/tr><tr><td class=\"has-text-align-center\" data-align=\"center\">Auxiliar de Sa\u00fade Bucal<\/td><td class=\"has-text-align-center\" data-align=\"center\">04 + 04 CR<\/td><td class=\"has-text-align-center\" data-align=\"center\">1.045,00<\/td><\/tr><tr><td class=\"has-text-align-center\" data-align=\"center\">Atendente de Farm\u00e1cia<\/td><td class=\"has-text-align-center\" data-align=\"center\">01 + 01 CR<\/td><td class=\"has-text-align-center\" data-align=\"center\">1.045,00<\/td><\/tr><tr><td class=\"has-text-align-center\" data-align=\"center\">Auxiliar Administrativo<\/td><td class=\"has-text-align-center\" data-align=\"center\">15 + 15 CR<\/td><td class=\"has-text-align-center\" data-align=\"center\">1.045,00<\/td><\/tr><tr><td class=\"has-text-align-center\" data-align=\"center\">Monitor<\/td><td class=\"has-text-align-center\" data-align=\"center\">10 + 10 CR<\/td><td class=\"has-text-align-center\" data-align=\"center\">1.045,00<\/td><\/tr><tr><td class=\"has-text-align-center\" data-align=\"center\">Cuidador de Crian\u00e7as<\/td><td class=\"has-text-align-center\" data-align=\"center\">03 + 03 CR<\/td><td class=\"has-text-align-center\" data-align=\"center\">1.045,00<\/td><\/tr><tr><td class=\"has-text-align-center\" data-align=\"center\">Cuidador de Idosos<\/td><td class=\"has-text-align-center\" data-align=\"center\">02 + 02 CR<\/td><td class=\"has-text-align-center\" data-align=\"center\">1.045,00<\/td><\/tr><tr><td class=\"has-text-align-center\" data-align=\"center\">&nbsp;Digitador<\/td><td class=\"has-text-align-center\" data-align=\"center\">05 + 05 CR<\/td><td class=\"has-text-align-center\" data-align=\"center\">1.045,00<\/td><\/tr><tr><td class=\"has-text-align-center\" data-align=\"center\">Fiscal de Limpeza<\/td><td class=\"has-text-align-center\" data-align=\"center\">02 + 02 CR<\/td><td class=\"has-text-align-center\" data-align=\"center\">1.045,00<\/td><\/tr><tr><td class=\"has-text-align-center\" data-align=\"center\">Fiscal de Obras<\/td><td class=\"has-text-align-center\" data-align=\"center\">02 + 02 CR<\/td><td class=\"has-text-align-center\" data-align=\"center\">1.045,00<\/td><\/tr><tr><td class=\"has-text-align-center\" data-align=\"center\">Fiscal de Tributos<\/td><td class=\"has-text-align-center\" data-align=\"center\">02 + 02 CR<\/td><td class=\"has-text-align-center\" data-align=\"center\">1.045,00<\/td><\/tr><tr><td class=\"has-text-align-center\" data-align=\"center\">Auxiliar de Disciplina<\/td><td class=\"has-text-align-center\" data-align=\"center\">10 + 10 CR<\/td><td class=\"has-text-align-center\" data-align=\"center\">1.045,00<\/td><\/tr><tr><td class=\"has-text-align-center\" data-align=\"center\">Motorista<\/td><td class=\"has-text-align-center\" data-align=\"center\">10 + 10 CR<\/td><td class=\"has-text-align-center\" data-align=\"center\">1.045,00<\/td><\/tr><tr><td class=\"has-text-align-center\" data-align=\"center\">Orientador Educacional<\/td><td class=\"has-text-align-center\" data-align=\"center\">01 + 01 CR<\/td><td class=\"has-text-align-center\" data-align=\"center\">1.045,00<\/td><\/tr><tr><td class=\"has-text-align-center\" data-align=\"center\">Recepcionista<\/td><td class=\"has-text-align-center\" data-align=\"center\">10 + 10 CR<\/td><td class=\"has-text-align-center\" data-align=\"center\">1.045,00<\/td><\/tr><tr><td class=\"has-text-align-center\" data-align=\"center\">Visitador Sanit\u00e1rio<\/td><td class=\"has-text-align-center\" data-align=\"center\">01 + 01 CR<\/td><td class=\"has-text-align-center\" data-align=\"center\">1.045,00<\/td><\/tr><\/tbody><\/table><\/figure>\n\n\n\n<h3 class=\"wp-block-heading\" id=\"tecnico\">N\u00edvel t\u00e9cnico<\/h3>\n\n\n\n<figure class=\"wp-block-table is-style-stripes\"><table class=\"has-subtle-pale-blue-background-color has-fixed-layout has-background\"><tbody><tr><td class=\"has-text-align-center\" data-align=\"center\"><strong>CARGO<\/strong><\/td><td class=\"has-text-align-center\" data-align=\"center\"><strong>VAGAS<\/strong><\/td><td class=\"has-text-align-center\" data-align=\"center\"><strong>REMUNERA\u00c7\u00c3O<\/strong><\/td><\/tr><tr><td class=\"has-text-align-center\" data-align=\"center\">&nbsp;T\u00e9cnico em Enfermagem<\/td><td class=\"has-text-align-center\" data-align=\"center\">08 + 08 CR<\/td><td class=\"has-text-align-center\" data-align=\"center\">1.045,00<\/td><\/tr><tr><td class=\"has-text-align-center\" data-align=\"center\">T\u00e9cnico em Manuten\u00e7\u00e3o e Suporte em Inform\u00e1tica<\/td><td class=\"has-text-align-center\" data-align=\"center\">01 + 01 CR<\/td><td class=\"has-text-align-center\" data-align=\"center\">1.045,00<\/td><\/tr><\/tbody><\/table><\/figure>\n\n\n\n<h3 class=\"wp-block-heading\" id=\"superior\">N\u00edvel superior<\/h3>\n\n\n\n<figure class=\"wp-block-table is-style-stripes\"><table class=\"has-subtle-pale-blue-background-color has-fixed-layout has-background\"><tbody><tr><td class=\"has-text-align-center\" data-align=\"center\"><strong>CARGO<\/strong><\/td><td class=\"has-text-align-center\" data-align=\"center\"><strong>VAGAS<\/strong><\/td><td class=\"has-text-align-center\" data-align=\"center\"><strong>REMUNERA\u00c7\u00c3O<\/strong><\/td><\/tr><tr><td class=\"has-text-align-center\" data-align=\"center\">Assistente Social<\/td><td class=\"has-text-align-center\" data-align=\"center\">02 + 02 CR<\/td><td class=\"has-text-align-center\" data-align=\"center\">1.650,00<\/td><\/tr><tr><td class=\"has-text-align-center\" data-align=\"center\">Engenheiro Civil<\/td><td class=\"has-text-align-center\" data-align=\"center\">01 + 01 CR<\/td><td class=\"has-text-align-center\" data-align=\"center\">2.000,00<\/td><\/tr><tr><td class=\"has-text-align-center\" data-align=\"center\">Enfermeiro<\/td><td class=\"has-text-align-center\" data-align=\"center\">08 + 08 CR<\/td><td class=\"has-text-align-center\" data-align=\"center\">1.650,00<\/td><\/tr><tr><td class=\"has-text-align-center\" data-align=\"center\">Farmac\u00eautico<\/td><td class=\"has-text-align-center\" data-align=\"center\">01 + 01 CR<\/td><td class=\"has-text-align-center\" data-align=\"center\">1.650,00<\/td><\/tr><tr><td class=\"has-text-align-center\" data-align=\"center\">Fisioterapeuta<\/td><td class=\"has-text-align-center\" data-align=\"center\">01 + 01 CR<\/td><td class=\"has-text-align-center\" data-align=\"center\">1.650,00<\/td><\/tr><tr><td class=\"has-text-align-center\" data-align=\"center\">Fonoaudi\u00f3logo<\/td><td class=\"has-text-align-center\" data-align=\"center\">01 + 01 CR<\/td><td class=\"has-text-align-center\" data-align=\"center\">1.650,00<\/td><\/tr><tr><td class=\"has-text-align-center\" data-align=\"center\">M\u00e9dico Plantonista<\/td><td class=\"has-text-align-center\" data-align=\"center\">04 + 04 CR<\/td><td class=\"has-text-align-center\" data-align=\"center\">1.550,00 &#8211; <br \/>1.850,00<\/td><\/tr><tr><td class=\"has-text-align-center\" data-align=\"center\">Nutricionista<\/td><td class=\"has-text-align-center\" data-align=\"center\">01 + 01 CR<\/td><td class=\"has-text-align-center\" data-align=\"center\">1.650,00<\/td><\/tr><tr><td class=\"has-text-align-center\" data-align=\"center\">Professor&nbsp;Educa\u00e7\u00e3o Infantil<\/td><td class=\"has-text-align-center\" data-align=\"center\">10 + 10 CR<\/td><td class=\"has-text-align-center\" data-align=\"center\">2.491,78<\/td><\/tr><tr><td class=\"has-text-align-center\" data-align=\"center\">Professor Fundamental I<\/td><td class=\"has-text-align-center\" data-align=\"center\">30 + 30 CR<\/td><td class=\"has-text-align-center\" data-align=\"center\">2.491,78<\/td><\/tr><tr><td class=\"has-text-align-center\" data-align=\"center\">Professor Fundamental II (diversas especialidades)<\/td><td class=\"has-text-align-center\" data-align=\"center\">12 + 12 CR<\/td><td class=\"has-text-align-center\" data-align=\"center\">2.629,71<\/td><\/tr><tr><td class=\"has-text-align-center\" data-align=\"center\">Psic\u00f3logo&nbsp;<\/td><td class=\"has-text-align-center\" data-align=\"center\">02 + 02 CR<\/td><td class=\"has-text-align-center\" data-align=\"center\">1.650,00<\/td><\/tr><tr><td class=\"has-text-align-center\" data-align=\"center\">Supervisor Escolar<\/td><td class=\"has-text-align-center\" data-align=\"center\">06 + 06 CR<\/td><td class=\"has-text-align-center\" data-align=\"center\">2.892,67<\/td><\/tr><\/tbody><\/table><\/figure>\n\n\n\n<h2 class=\"wp-block-heading\" id=\"etapas\">Etapas do concurso Prefeitura de Pitimbu<\/h2>\n\n\n\n<p>O concurso Prefeitura de Pitimbu ser\u00e1 composto das seguintes etapas:<\/p>\n\n\n\n<ol class=\"wp-block-list\"><li><strong>Prova Objetiva<\/strong> &#8211; para todos os cargos;<\/li><li><strong>Avalia\u00e7\u00e3o de T\u00edtulos<\/strong> &#8211; apenas para Professor;<\/li><li><strong>Prova Pr\u00e1tica<\/strong> &#8211; somente ao cargo de Operador de M\u00e1quinas;<\/li><li><strong>Curso de Forma\u00e7\u00e3o<\/strong> &#8211; para Agente Comunit\u00e1rio de Sa\u00fade.<\/li><\/ol>\n\n\n\n<h3 class=\"wp-block-heading\" id=\"objetiva\">Prova Objetiva<\/h3>\n\n\n\n<p>A prova objetiva do concurso Prefeitura de Pitimbu ser\u00e1 de habilidades e conhecimentos, abrangendo as disciplinas conforme abaixo:<\/p>\n\n\n\n<ul class=\"wp-block-list\"><li><strong>N\u00edvel fundamental<\/strong>:<ul><li><em>10 quest\u00f5es de L\u00edngua Portuguesa<\/em><\/li><li><em>04 quest\u00f5es de Conhecimentos Pitimbu<\/em><\/li><li><em>32 quest\u00f5es de Conhecimentos Gerais ou Conhecimentos Espec\u00edficos<\/em><\/li><\/ul><\/li><\/ul>\n\n\n\n<ul class=\"wp-block-list\"><li><strong>N\u00edvel m\u00e9dio e t\u00e9cnico<\/strong>:<ul><li><em>10 quest\u00f5es de L\u00edngua Portuguesa<\/em><\/li><li><em>04 quest\u00f5es de Conhecimentos Pitimbu<\/em><\/li><li><em>40 quest\u00f5es de Conhecimentos Espec\u00edficos<\/em><\/li><\/ul><\/li><\/ul>\n\n\n\n<ul class=\"wp-block-list\"><li><strong>N\u00edvel superior<\/strong>:<ul><li><em>10 quest\u00f5es de L\u00edngua Portuguesa<\/em><\/li><li><em>04 quest\u00f5es de Conhecimentos Pitimbu<\/em><\/li><li><em>20 quest\u00f5es de Conhecimentos Espec\u00edficos<\/em><\/li><\/ul><\/li><\/ul>\n\n\n\n<p>Lembrando que o tempo de dura\u00e7\u00e3o da totalidade das Provas Objetivas ser\u00e1 de tr\u00eas horas para todos os cargos. Al\u00e9m disso, os locais e hor\u00e1rios de realiza\u00e7\u00e3o das provas ser\u00e3o divulgados no site da banca em at\u00e9 sete dias anteriores a data das provas.<\/p>\n\n\n\n<p>Para todos os cargos do concurso da Prefeitura de Pitimbu, a prova objetiva ser\u00e1 de car\u00e1ter eliminat\u00f3rio e classificat\u00f3rio, com quest\u00f5es de m\u00faltipla escolha.<\/p>\n\n\n\n<h3 class=\"wp-block-heading\" id=\"titulos\">Avalia\u00e7\u00e3o de T\u00edtulos<\/h3>\n\n\n\n<p>A avalia\u00e7\u00e3o da prova de t\u00edtulos tem car\u00e1ter somente classificat\u00f3rio. Somente participar\u00e3o da Prova de T\u00edtulos os candidatos que concorrerem aos cargos de Professor, classificados na Prova Objetiva dentro das vagas, acrescido do seu cadastro de reserva.<\/p>\n\n\n\n<p>O julgamento dos T\u00edtulos apresentados obedecer\u00e1 aos seguintes crit\u00e9rios de pontua\u00e7\u00e3o:<\/p>\n\n\n\n<div class=\"wp-block-image\"><figure class=\"aligncenter size-large is-resized\"><img loading=\"lazy\" decoding=\"async\" src=\"https:\/\/dhg1h5j42swfq.cloudfront.net\/2020\/06\/16112414\/image-214.png\" alt=\"Concurso Prefeitura de  Pitimbu\" class=\"wp-image-527231\" width=\"676\" height=\"120\" srcset=\"https:\/\/dhg1h5j42swfq.cloudfront.net\/2020\/06\/16112414\/image-214.png 842w, https:\/\/dhg1h5j42swfq.cloudfront.net\/2020\/06\/16112414\/image-214-300x53.png 300w, https:\/\/dhg1h5j42swfq.cloudfront.net\/2020\/06\/16112414\/image-214-768x137.png 768w, https:\/\/dhg1h5j42swfq.cloudfront.net\/2020\/06\/16112414\/image-214-610x109.png 610w\" sizes=\"auto, (max-width: 676px) 100vw, 676px\" \/><\/figure><\/div>\n\n\n\n<h3 class=\"wp-block-heading\" id=\"pratica\">Prova Pr\u00e1tica<\/h3>\n\n\n\n<p>A Prova de Pr\u00e1tica de Operador de M\u00e1quinas do concurso Prefeitura de Pitimbu ser\u00e1 realizada sob responsabilidade do IDIB, com a utiliza\u00e7\u00e3o de m\u00e1quinas fornecidas pelo Munic\u00edpio.<\/p>\n\n\n\n<p>Participar\u00e3o da Prova Pr\u00e1tica os candidatos inscritos para os cargos de Operador de M\u00e1quinas Pesadas em quantidade at\u00e9 duas vezes o n\u00famero de vagas, dentre os habilitados na prova objetiva, obedecida a ordem decrescente de classifica\u00e7\u00e3o na prova escrita, ultrapassando tal limite, apenas ser\u00e1 aproveitado os candidatos empatados em \u00faltimo lugar de classifica\u00e7\u00e3o. <\/p>\n\n\n\n<p>Os demais candidatos, mesmo habilitados na prova objetiva, ser\u00e3o considerados desclassificados. A Prova Pr\u00e1tica ter\u00e1 car\u00e1ter eliminat\u00f3rio e avalia\u00e7\u00e3o conceitual de aptid\u00e3o ou inaptid\u00e3o.<\/p>\n\n\n\n<h3 class=\"wp-block-heading\" id=\"curso\">Curso de Forma\u00e7\u00e3o<\/h3>\n\n\n\n<p>J\u00e1 os candidatos inscritos para os cargos de Agente Comunit\u00e1rio de Sa\u00fade e aprovados na prova objetiva, acrescido do seu cadastro de reserva, ser\u00e3o submetidos a um Curso Introdut\u00f3rio de Forma\u00e7\u00e3o Inicial e Continuada.<\/p>\n\n\n\n<p>O Curso Introdut\u00f3rio de Forma\u00e7\u00e3o Inicial e Continuada do concurso Prefeitura de Pitimbu ser\u00e1 realizado na cidade de Pitimbu\/PB, em local e hor\u00e1rio que ser\u00e3o comunicados oportunamente. <\/p>\n\n\n\n<h2 class=\"wp-block-heading\" id=\"estrategico\">Edital Estrat\u00e9gico: baixe gratuitamente<\/h2>\n\n\n\n<p><strong>O que \u00e9 o Edital Estrat\u00e9gico?<\/strong>&nbsp;Trata-se de uma planilha com recursos para ajud\u00e1-los no registro das diferentes tarefas de estudo: teoria, revis\u00e3o e exerc\u00edcios. O registro de cada tarefa ser\u00e1 feito para cada assunto exigido no conte\u00fado program\u00e1tico do edital.<\/p>\n\n\n\n<ul class=\"wp-block-list\"><li><a href=\"https:\/\/drive.google.com\/file\/d\/13eI9x5kwdEJrqRhg_cIP6baFFLVeKpRi\/view?usp=sharing\" target=\"_blank\" rel=\"noreferrer noopener\">Auxiliar de Administra\u00e7\u00e3o<\/a><\/li><li><a href=\"https:\/\/drive.google.com\/file\/d\/1Aid75x-QDq3ZEFlDJYmZyvXXiYGA6VH9\/view?usp=sharing\" target=\"_blank\" rel=\"noreferrer noopener\">Agente de Tr\u00e2nsito<\/a><\/li><li><a href=\"https:\/\/drive.google.com\/file\/d\/1GI3ld-vtJRSXaws7L2Mmew_djxnRKvFg\/view?usp=sharing\" target=\"_blank\" rel=\"noreferrer noopener\">Fiscal de Obras<\/a><\/li><li><a href=\"https:\/\/drive.google.com\/file\/d\/1TQrklnfHDrhGPaNO9EpFMBSNLp1OEUik\/view?usp=sharing\" target=\"_blank\" rel=\"noreferrer noopener\">Fiscal de Tributos<\/a><\/li><\/ul>\n\n\n\n<hr class=\"wp-block-separator\"\/>\n\n\n\n<h2 class=\"has-text-align-center wp-block-heading\" id=\"cursos\">Quer estudar para o concurso Prefeitura de Pitimbu?<\/h2>\n\n\n\n<div class=\"container\" id=\"boxes\">\n  <div class=\"row\">\n\n    <div class=\"col-sm\">\n      <div class=\"banner-estrategia\" id=\"box-assinatura\">\n        <h3 class=\"titulo-assinatura\">Cursos para prefeitura de Pitimbu<\/h3>\n        <p class=\"subtitulo-assinatura\">Estude conosco<\/p>\n        <div class=\"box-botao\">\n          <a class=\"btn-assinatura\" target=\"_blank\" href=\"https:\/\/www.estrategiaconcursos.com.br\/cursosPorConcurso\/prefeitura-municipal-de-pitimbu-pb\/\" role=\"button\" rel=\"noopener noreferrer\">Conhe\u00e7a os cursos<\/a>\n        <\/div>\n      <\/div>\n     \n    <\/div>\n\n  <\/div>\n<\/div>\n\n\n\n<div class=\"container\" id=\"boxes\">\n  <div class=\"row\">\n\n    <div class=\"col-sm\">\n      <div class=\"estrategia\" id=\"box-assinatura\">\n        <h3 class=\"titulo-assinatura\">Assinatura Concursos<\/h3>\n        <p class=\"subtitulo-assinatura\">Assinatura de 1 ano ou 2 anos<\/p>\n        <div class=\"box-botao\">\n          <a class=\"btn-assinatura\" target=\"_blank\" href=\"https:\/\/www.estrategiaconcursos.com.br\/assinaturas\/\" role=\"button\" rel=\"noopener noreferrer\">ASSINE AGORA<\/a>\n        <\/div>\n      <\/div>\n     \n    <\/div>\n\n    <div class=\"col-sm\">\n      <div class=\"questoes\" id=\"box-assinatura\">\n        <h3 class=\"titulo-assinatura\">Sistema de Quest\u00f5es<\/h3>\n        <p class=\"subtitulo-assinatura\">Assinatura de 1 ano ou 2 anos\n<\/p>\n        <div class=\"box-botao\">\n          <a class=\"btn-assinatura\" target=\"_blank\" href=\"https:\/\/questoes.estrategiaconcursos.com.br\/\" role=\"button\" rel=\"noopener noreferrer\">ASSINE AGORA<\/a>\n        <\/div>\n      <\/div>\n    \n    <\/div>\n  <\/div>\n<\/div>\n\n\n\n<div class=\"container\" id=\"boxes\">\n  <div class=\"row\">\n\n    <div class=\"col-sm\" id=\"boxes-concursos\">\n      <div style=\"background-color: #005DAD;\" class=\"conteudo-concursos\" id=\"box-concursos\">\n        <h3 class=\"titulo-assinatura\">Concursos Abertos<\/h3>\n        <p class=\"subtitulo-assinatura\">Os editais publicados<\/p>\n        <div class=\"box-botao\">\n          <a class=\"btn-assinatura\" target=\"_blank\" href=\"https:\/\/www.estrategiaconcursos.com.br\/blog\/concursos-abertos\/\" role=\"button\" rel=\"noopener noreferrer\">Conhe\u00e7a Agora<\/a>\n        <\/div>\n      <\/div>\n    <\/div>\n\n    <div class=\"col-sm\" id=\"boxes-concursos\">\n      <div style=\"background-color: #1A7ED5;\" class=\"conteudo-concursos\" id=\"box-concursos\">\n        <h3 class=\"titulo-assinatura\">Concursos 2021<\/h3>\n        <p class=\"subtitulo-assinatura\">As oportunidades previstas<\/p>\n        <div class=\"box-botao\">\n          <a class=\"btn-assinatura\" target=\"_blank\" href=\"https:\/\/www.estrategiaconcursos.com.br\/blog\/concursos-2021\/\" role=\"button\" rel=\"noopener noreferrer\">Conhe\u00e7a Agora<\/a>\n        <\/div>\n      <\/div>\n    <\/div>\n\n    <div class=\"col-sm\" id=\"boxes-concursos\">\n      <div style=\"background-color: #419FF0;\" class=\"conteudo-concursos\" id=\"box-concursos\">\n        <h3 class=\"titulo-assinatura\">Concursos 2022<\/h3>\n        <p class=\"subtitulo-assinatura\">Vagas para o pr\u00f3ximo ano<\/p>\n        <div class=\"box-botao\">\n          <a class=\"btn-assinatura\" target=\"_blank\" href=\"https:\/\/www.estrategiaconcursos.com.br\/blog\/concursos-2022\/\" role=\"button\" rel=\"noopener noreferrer\">Conhe\u00e7a Agora<\/a>\n        <\/div>\n      <\/div>\n    <\/div>\n\n  <\/div>\n<\/div>\n\n\n\n<p class=\"has-text-align-center\"><strong><\/strong><strong>Quer ficar atualizado DIARIAMENTE sobre as not\u00edcias do mundo dos concursos? Entre no nosso Telegram<\/strong>&nbsp;<strong>abaixo!<\/strong><\/p>\n\n\n\n<div class=\"wp-block-image\"><figure class=\"aligncenter size-large\"><a href=\"https:\/\/t.me\/estrategianews\" target=\"_blank\" rel=\"noopener\"><img loading=\"lazy\" decoding=\"async\" width=\"899\" height=\"193\" src=\"https:\/\/dhg1h5j42swfq.cloudfront.net\/2021\/05\/03180511\/news-1-1.jpg\" alt=\"\" class=\"wp-image-730150\" srcset=\"https:\/\/dhg1h5j42swfq.cloudfront.net\/2021\/05\/03180511\/news-1-1.jpg 899w, https:\/\/dhg1h5j42swfq.cloudfront.net\/2021\/05\/03180511\/news-1-1-300x64.jpg 300w, https:\/\/dhg1h5j42swfq.cloudfront.net\/2021\/05\/03180511\/news-1-1-768x165.jpg 768w, https:\/\/dhg1h5j42swfq.cloudfront.net\/2021\/05\/03180511\/news-1-1-610x131.jpg 610w\" sizes=\"auto, (max-width: 899px) 100vw, 899px\" \/><\/a><\/figure><\/div>\n\n\n\n<figure class=\"wp-block-image size-large is-resized\"><img loading=\"lazy\" decoding=\"async\" src=\"https:\/\/dhg1h5j42swfq.cloudfront.net\/2021\/05\/26213337\/ficha-tecnica-1-1024x632-1-20.png\" alt=\"Informa\u00e7\u00f5es sobre o concurso Prefeitura de Pitimbu-PB\" class=\"wp-image-752628\" width=\"282\" height=\"174\" srcset=\"https:\/\/dhg1h5j42swfq.cloudfront.net\/2021\/05\/26213337\/ficha-tecnica-1-1024x632-1-20.png 1024w, https:\/\/dhg1h5j42swfq.cloudfront.net\/2021\/05\/26213337\/ficha-tecnica-1-1024x632-1-20-300x185.png 300w, https:\/\/dhg1h5j42swfq.cloudfront.net\/2021\/05\/26213337\/ficha-tecnica-1-1024x632-1-20-768x474.png 768w, https:\/\/dhg1h5j42swfq.cloudfront.net\/2021\/05\/26213337\/ficha-tecnica-1-1024x632-1-20-610x376.png 610w\" sizes=\"auto, (max-width: 282px) 100vw, 282px\" \/><\/figure>\n\n\n\n<h3 class=\"wp-block-heading\" id=\"ficha-tecnica\"><strong>Informa\u00e7\u00f5es do concurso Prefeitura de Pitimbu<\/strong>-PB<\/h3>\n\n\n\n<ul class=\"wp-block-list\"><li><strong>Provas<\/strong>: 19 e 26\/09\/2021<\/li><li><strong>Vagas<\/strong>: 305 + 305 CR<\/li><li><strong>Cargos<\/strong>: diversos<\/li><li><strong>Banca<\/strong>: IDIB<\/li><li><strong>Escolaridade<\/strong>: Fundamental, t\u00e9cnico, m\u00e9dio e superior<\/li><li><strong>Edital<\/strong>: <a rel=\"noreferrer noopener\" href=\"https:\/\/dhg1h5j42swfq.cloudfront.net\/2020\/07\/14111504\/Edital-Pitimbu-retificado.pdf\" target=\"_blank\">Edital&nbsp;Prefeitura de Pitimbu<\/a> | <a rel=\"noreferrer noopener\" href=\"https:\/\/dhg1h5j42swfq.cloudfront.net\/2020\/07\/14111451\/retifica%C3%A7%C3%A3o-1-Pitimbu.pdf\" target=\"_blank\">Ret.01<\/a> <\/li><\/ul>\n","protected":false},"excerpt":{"rendered":"<p>Ap\u00f3s meses suspenso, foi oficialmente retomado o concurso p\u00fablico da Prefeitura de Pitimbu, na Para\u00edba. Segundo comunicado divulgado pela banca organizadora, o IDIB, as provas objetivas ser\u00e3o realizadas nos dias 19 (demais cargos) e 26 (Guarda Municipal) de setembro. Vale lembrar que a sele\u00e7\u00e3o havia sido suspensa por conta de uma A\u00e7\u00e3o Civil P\u00fablica, expedida [&hellip;]<\/p>\n","protected":false},"author":1,"featured_media":764918,"comment_status":"open","ping_status":"closed","sticky":false,"template":"","format":"standard","meta":{"post_tipo":"news_page","footnotes":""},"categories":[214992],"tags":[],"tax_estado":[219978],"class_list":["post-527166","post","type-post","status-publish","format-standard","has-post-thumbnail","hentry","category-concursos-administrativos","tax_estado-pb"],"acf":[],"yoast_head":"<!-- This site is optimized with the Yoast SEO Premium plugin v27.2 (Yoast SEO v27.2) - https:\/\/yoast.com\/product\/yoast-seo-premium-wordpress\/ -->\n<title>Concurso Prefeitura de Pitimbu: RETOMADO! Provas em setembro<\/title>\n<meta name=\"description\" content=\"Concurso Prefeitura de Pitimbu-PB: sele\u00e7\u00e3o \u00e9 retomada, com provas marcadas para setembro. Vagas imediatas e em cadastro reserva.\" \/>\n<meta name=\"robots\" content=\"index, follow, max-snippet:-1, max-image-preview:large, max-video-preview:-1\" \/>\n<link rel=\"canonical\" href=\"https:\/\/www.estrategiaconcursos.com.br\/blog\/concurso-prefeitura-pitimbu\/\" \/>\n<meta property=\"og:locale\" content=\"pt_BR\" \/>\n<meta property=\"og:type\" content=\"article\" \/>\n<meta property=\"og:title\" content=\"Concurso Prefeitura de Pitimbu: RETOMADO! Provas em setembro\" \/>\n<meta property=\"og:description\" content=\"Concurso Prefeitura de Pitimbu-PB: sele\u00e7\u00e3o \u00e9 retomada, com provas marcadas para setembro. Vagas imediatas e em cadastro reserva.\" \/>\n<meta property=\"og:url\" content=\"https:\/\/www.estrategiaconcursos.com.br\/blog\/concurso-prefeitura-pitimbu\/\" \/>\n<meta property=\"og:site_name\" content=\"Estrat\u00e9gia Concursos\" \/>\n<meta property=\"article:author\" content=\"https:\/\/www.facebook.com\/EstrategiaConcursos\" \/>\n<meta property=\"article:published_time\" content=\"2021-06-03T14:50:00+00:00\" \/>\n<meta property=\"article:modified_time\" content=\"2024-01-12T12:51:23+00:00\" \/>\n<meta property=\"og:image\" content=\"https:\/\/dhg1h5j42swfq.cloudfront.net\/2021\/06\/11150459\/prefeitura-de-pitimbu-pb.jpg\" \/>\n\t<meta property=\"og:image:width\" content=\"768\" \/>\n\t<meta property=\"og:image:height\" content=\"432\" \/>\n\t<meta property=\"og:image:type\" content=\"image\/jpeg\" \/>\n<meta name=\"author\" content=\"Coordena\u00e7\u00e3o\" \/>\n<meta name=\"twitter:card\" content=\"summary_large_image\" \/>\n<meta name=\"twitter:creator\" content=\"@EstratConcursos\" \/>\n<meta name=\"twitter:site\" content=\"@EstratConcursos\" \/>\n<meta name=\"twitter:label1\" content=\"Escrito por\" \/>\n\t<meta name=\"twitter:data1\" content=\"Coordena\u00e7\u00e3o\" \/>\n\t<meta name=\"twitter:label2\" content=\"Est. tempo de leitura\" \/>\n\t<meta name=\"twitter:data2\" content=\"7 minutos\" \/>\n<script type=\"application\/ld+json\" class=\"yoast-schema-graph\">{\"@context\":\"https:\/\/schema.org\",\"@graph\":[{\"@type\":\"NewsArticle\",\"@id\":\"https:\/\/www.estrategiaconcursos.com.br\/blog\/concurso-prefeitura-pitimbu\/#article\",\"isPartOf\":{\"@id\":\"https:\/\/www.estrategiaconcursos.com.br\/blog\/concurso-prefeitura-pitimbu\/\"},\"author\":{\"name\":\"Coordena\u00e7\u00e3o\",\"@id\":\"https:\/\/www.estrategiaconcursos.com.br\/blog\/#\/schema\/person\/b4a388c97673c5f483d72185668afa1f\"},\"headline\":\"Concurso Prefeitura de Pitimbu: RETOMADO! Provas em setembro\",\"datePublished\":\"2021-06-03T14:50:00+00:00\",\"dateModified\":\"2024-01-12T12:51:23+00:00\",\"mainEntityOfPage\":{\"@id\":\"https:\/\/www.estrategiaconcursos.com.br\/blog\/concurso-prefeitura-pitimbu\/\"},\"wordCount\":1457,\"commentCount\":0,\"publisher\":{\"@id\":\"https:\/\/www.estrategiaconcursos.com.br\/blog\/#organization\"},\"image\":{\"@id\":\"https:\/\/www.estrategiaconcursos.com.br\/blog\/concurso-prefeitura-pitimbu\/#primaryimage\"},\"thumbnailUrl\":\"https:\/\/dhg1h5j42swfq.cloudfront.net\/2021\/06\/11150459\/prefeitura-de-pitimbu-pb.jpg\",\"articleSection\":[\"Executivo (Administrativa)\"],\"inLanguage\":\"pt-BR\",\"potentialAction\":[{\"@type\":\"CommentAction\",\"name\":\"Comment\",\"target\":[\"https:\/\/www.estrategiaconcursos.com.br\/blog\/concurso-prefeitura-pitimbu\/#respond\"]}],\"copyrightYear\":\"2021\",\"copyrightHolder\":{\"@id\":\"https:\/\/www.estrategiaconcursos.com.br\/blog\/#organization\"}},{\"@type\":\"WebPage\",\"@id\":\"https:\/\/www.estrategiaconcursos.com.br\/blog\/concurso-prefeitura-pitimbu\/\",\"url\":\"https:\/\/www.estrategiaconcursos.com.br\/blog\/concurso-prefeitura-pitimbu\/\",\"name\":\"Concurso Prefeitura de Pitimbu: RETOMADO! Provas em setembro\",\"isPartOf\":{\"@id\":\"https:\/\/www.estrategiaconcursos.com.br\/blog\/#website\"},\"primaryImageOfPage\":{\"@id\":\"https:\/\/www.estrategiaconcursos.com.br\/blog\/concurso-prefeitura-pitimbu\/#primaryimage\"},\"image\":{\"@id\":\"https:\/\/www.estrategiaconcursos.com.br\/blog\/concurso-prefeitura-pitimbu\/#primaryimage\"},\"thumbnailUrl\":\"https:\/\/dhg1h5j42swfq.cloudfront.net\/2021\/06\/11150459\/prefeitura-de-pitimbu-pb.jpg\",\"datePublished\":\"2021-06-03T14:50:00+00:00\",\"dateModified\":\"2024-01-12T12:51:23+00:00\",\"description\":\"Concurso Prefeitura de Pitimbu-PB: sele\u00e7\u00e3o \u00e9 retomada, com provas marcadas para setembro. Vagas imediatas e em cadastro reserva.\",\"breadcrumb\":{\"@id\":\"https:\/\/www.estrategiaconcursos.com.br\/blog\/concurso-prefeitura-pitimbu\/#breadcrumb\"},\"inLanguage\":\"pt-BR\",\"potentialAction\":[{\"@type\":\"ReadAction\",\"target\":[\"https:\/\/www.estrategiaconcursos.com.br\/blog\/concurso-prefeitura-pitimbu\/\"]}]},{\"@type\":\"ImageObject\",\"inLanguage\":\"pt-BR\",\"@id\":\"https:\/\/www.estrategiaconcursos.com.br\/blog\/concurso-prefeitura-pitimbu\/#primaryimage\",\"url\":\"https:\/\/dhg1h5j42swfq.cloudfront.net\/2021\/06\/11150459\/prefeitura-de-pitimbu-pb.jpg\",\"contentUrl\":\"https:\/\/dhg1h5j42swfq.cloudfront.net\/2021\/06\/11150459\/prefeitura-de-pitimbu-pb.jpg\",\"width\":768,\"height\":432},{\"@type\":\"BreadcrumbList\",\"@id\":\"https:\/\/www.estrategiaconcursos.com.br\/blog\/concurso-prefeitura-pitimbu\/#breadcrumb\",\"itemListElement\":[{\"@type\":\"ListItem\",\"position\":1,\"name\":\"In\u00edcio\",\"item\":\"https:\/\/www.estrategiaconcursos.com.br\/blog\/\"},{\"@type\":\"ListItem\",\"position\":2,\"name\":\"Concurso Prefeitura de Pitimbu: RETOMADO! Provas em setembro\"}]},{\"@type\":\"WebSite\",\"@id\":\"https:\/\/www.estrategiaconcursos.com.br\/blog\/#website\",\"url\":\"https:\/\/www.estrategiaconcursos.com.br\/blog\/\",\"name\":\"Estrat\u00e9gia Concursos\",\"description\":\"O blog da Estrat\u00e9gia Concursos traz not\u00edcias sobre concursos e artigos de professores oferecendo cursos para concursos (pdf + videaulas) no site.\",\"publisher\":{\"@id\":\"https:\/\/www.estrategiaconcursos.com.br\/blog\/#organization\"},\"potentialAction\":[{\"@type\":\"SearchAction\",\"target\":{\"@type\":\"EntryPoint\",\"urlTemplate\":\"https:\/\/www.estrategiaconcursos.com.br\/blog\/?s={search_term_string}\"},\"query-input\":{\"@type\":\"PropertyValueSpecification\",\"valueRequired\":true,\"valueName\":\"search_term_string\"}}],\"inLanguage\":\"pt-BR\"},{\"@type\":\"Organization\",\"@id\":\"https:\/\/www.estrategiaconcursos.com.br\/blog\/#organization\",\"name\":\"Estrat\u00e9gia Concursos\",\"url\":\"https:\/\/www.estrategiaconcursos.com.br\/blog\/\",\"logo\":{\"@type\":\"ImageObject\",\"inLanguage\":\"pt-BR\",\"@id\":\"https:\/\/www.estrategiaconcursos.com.br\/blog\/#\/schema\/logo\/image\/\",\"url\":\"https:\/\/dhg1h5j42swfq.cloudfront.net\/2025\/06\/03203428\/logo_concursos-1.jpg\",\"contentUrl\":\"https:\/\/dhg1h5j42swfq.cloudfront.net\/2025\/06\/03203428\/logo_concursos-1.jpg\",\"width\":230,\"height\":60,\"caption\":\"Estrat\u00e9gia Concursos\"},\"image\":{\"@id\":\"https:\/\/www.estrategiaconcursos.com.br\/blog\/#\/schema\/logo\/image\/\"},\"sameAs\":[\"https:\/\/x.com\/EstratConcursos\"]},{\"@type\":\"Person\",\"@id\":\"https:\/\/www.estrategiaconcursos.com.br\/blog\/#\/schema\/person\/b4a388c97673c5f483d72185668afa1f\",\"name\":\"Coordena\u00e7\u00e3o\",\"image\":{\"@type\":\"ImageObject\",\"inLanguage\":\"pt-BR\",\"@id\":\"https:\/\/secure.gravatar.com\/avatar\/b720319e4c9a967eb58678d110f4fe35452fc5d5f97b202bac7b8acceb18c6ad?s=96&d=mm&r=g\",\"url\":\"https:\/\/secure.gravatar.com\/avatar\/b720319e4c9a967eb58678d110f4fe35452fc5d5f97b202bac7b8acceb18c6ad?s=96&d=mm&r=g\",\"contentUrl\":\"https:\/\/secure.gravatar.com\/avatar\/b720319e4c9a967eb58678d110f4fe35452fc5d5f97b202bac7b8acceb18c6ad?s=96&d=mm&r=g\",\"caption\":\"Coordena\u00e7\u00e3o\"},\"sameAs\":[\"https:\/\/www.facebook.com\/EstrategiaConcursos\",\"https:\/\/x.com\/EstratConcursos\"],\"url\":\"https:\/\/www.estrategiaconcursos.com.br\/blog\/author\/estrategia2013\/\"}]}<\/script>\n<!-- \/ Yoast SEO Premium plugin. -->","yoast_head_json":{"title":"Concurso Prefeitura de Pitimbu: RETOMADO! Provas em setembro","description":"Concurso Prefeitura de Pitimbu-PB: sele\u00e7\u00e3o \u00e9 retomada, com provas marcadas para setembro. Vagas imediatas e em cadastro reserva.","robots":{"index":"index","follow":"follow","max-snippet":"max-snippet:-1","max-image-preview":"max-image-preview:large","max-video-preview":"max-video-preview:-1"},"canonical":"https:\/\/www.estrategiaconcursos.com.br\/blog\/concurso-prefeitura-pitimbu\/","og_locale":"pt_BR","og_type":"article","og_title":"Concurso Prefeitura de Pitimbu: RETOMADO! Provas em setembro","og_description":"Concurso Prefeitura de Pitimbu-PB: sele\u00e7\u00e3o \u00e9 retomada, com provas marcadas para setembro. Vagas imediatas e em cadastro reserva.","og_url":"https:\/\/www.estrategiaconcursos.com.br\/blog\/concurso-prefeitura-pitimbu\/","og_site_name":"Estrat\u00e9gia Concursos","article_author":"https:\/\/www.facebook.com\/EstrategiaConcursos","article_published_time":"2021-06-03T14:50:00+00:00","article_modified_time":"2024-01-12T12:51:23+00:00","og_image":[{"width":768,"height":432,"url":"https:\/\/dhg1h5j42swfq.cloudfront.net\/2021\/06\/11150459\/prefeitura-de-pitimbu-pb.jpg","type":"image\/jpeg"}],"author":"Coordena\u00e7\u00e3o","twitter_card":"summary_large_image","twitter_creator":"@EstratConcursos","twitter_site":"@EstratConcursos","twitter_misc":{"Escrito por":"Coordena\u00e7\u00e3o","Est. tempo de leitura":"7 minutos"},"schema":{"@context":"https:\/\/schema.org","@graph":[{"@type":"NewsArticle","@id":"https:\/\/www.estrategiaconcursos.com.br\/blog\/concurso-prefeitura-pitimbu\/#article","isPartOf":{"@id":"https:\/\/www.estrategiaconcursos.com.br\/blog\/concurso-prefeitura-pitimbu\/"},"author":{"name":"Coordena\u00e7\u00e3o","@id":"https:\/\/www.estrategiaconcursos.com.br\/blog\/#\/schema\/person\/b4a388c97673c5f483d72185668afa1f"},"headline":"Concurso Prefeitura de Pitimbu: RETOMADO! Provas em setembro","datePublished":"2021-06-03T14:50:00+00:00","dateModified":"2024-01-12T12:51:23+00:00","mainEntityOfPage":{"@id":"https:\/\/www.estrategiaconcursos.com.br\/blog\/concurso-prefeitura-pitimbu\/"},"wordCount":1457,"commentCount":0,"publisher":{"@id":"https:\/\/www.estrategiaconcursos.com.br\/blog\/#organization"},"image":{"@id":"https:\/\/www.estrategiaconcursos.com.br\/blog\/concurso-prefeitura-pitimbu\/#primaryimage"},"thumbnailUrl":"https:\/\/dhg1h5j42swfq.cloudfront.net\/2021\/06\/11150459\/prefeitura-de-pitimbu-pb.jpg","articleSection":["Executivo (Administrativa)"],"inLanguage":"pt-BR","potentialAction":[{"@type":"CommentAction","name":"Comment","target":["https:\/\/www.estrategiaconcursos.com.br\/blog\/concurso-prefeitura-pitimbu\/#respond"]}],"copyrightYear":"2021","copyrightHolder":{"@id":"https:\/\/www.estrategiaconcursos.com.br\/blog\/#organization"}},{"@type":"WebPage","@id":"https:\/\/www.estrategiaconcursos.com.br\/blog\/concurso-prefeitura-pitimbu\/","url":"https:\/\/www.estrategiaconcursos.com.br\/blog\/concurso-prefeitura-pitimbu\/","name":"Concurso Prefeitura de Pitimbu: RETOMADO! Provas em setembro","isPartOf":{"@id":"https:\/\/www.estrategiaconcursos.com.br\/blog\/#website"},"primaryImageOfPage":{"@id":"https:\/\/www.estrategiaconcursos.com.br\/blog\/concurso-prefeitura-pitimbu\/#primaryimage"},"image":{"@id":"https:\/\/www.estrategiaconcursos.com.br\/blog\/concurso-prefeitura-pitimbu\/#primaryimage"},"thumbnailUrl":"https:\/\/dhg1h5j42swfq.cloudfront.net\/2021\/06\/11150459\/prefeitura-de-pitimbu-pb.jpg","datePublished":"2021-06-03T14:50:00+00:00","dateModified":"2024-01-12T12:51:23+00:00","description":"Concurso Prefeitura de Pitimbu-PB: sele\u00e7\u00e3o \u00e9 retomada, com provas marcadas para setembro. Vagas imediatas e em cadastro reserva.","breadcrumb":{"@id":"https:\/\/www.estrategiaconcursos.com.br\/blog\/concurso-prefeitura-pitimbu\/#breadcrumb"},"inLanguage":"pt-BR","potentialAction":[{"@type":"ReadAction","target":["https:\/\/www.estrategiaconcursos.com.br\/blog\/concurso-prefeitura-pitimbu\/"]}]},{"@type":"ImageObject","inLanguage":"pt-BR","@id":"https:\/\/www.estrategiaconcursos.com.br\/blog\/concurso-prefeitura-pitimbu\/#primaryimage","url":"https:\/\/dhg1h5j42swfq.cloudfront.net\/2021\/06\/11150459\/prefeitura-de-pitimbu-pb.jpg","contentUrl":"https:\/\/dhg1h5j42swfq.cloudfront.net\/2021\/06\/11150459\/prefeitura-de-pitimbu-pb.jpg","width":768,"height":432},{"@type":"BreadcrumbList","@id":"https:\/\/www.estrategiaconcursos.com.br\/blog\/concurso-prefeitura-pitimbu\/#breadcrumb","itemListElement":[{"@type":"ListItem","position":1,"name":"In\u00edcio","item":"https:\/\/www.estrategiaconcursos.com.br\/blog\/"},{"@type":"ListItem","position":2,"name":"Concurso Prefeitura de Pitimbu: RETOMADO! Provas em setembro"}]},{"@type":"WebSite","@id":"https:\/\/www.estrategiaconcursos.com.br\/blog\/#website","url":"https:\/\/www.estrategiaconcursos.com.br\/blog\/","name":"Estrat\u00e9gia Concursos","description":"O blog da Estrat\u00e9gia Concursos traz not\u00edcias sobre concursos e artigos de professores oferecendo cursos para concursos (pdf + videaulas) no site.","publisher":{"@id":"https:\/\/www.estrategiaconcursos.com.br\/blog\/#organization"},"potentialAction":[{"@type":"SearchAction","target":{"@type":"EntryPoint","urlTemplate":"https:\/\/www.estrategiaconcursos.com.br\/blog\/?s={search_term_string}"},"query-input":{"@type":"PropertyValueSpecification","valueRequired":true,"valueName":"search_term_string"}}],"inLanguage":"pt-BR"},{"@type":"Organization","@id":"https:\/\/www.estrategiaconcursos.com.br\/blog\/#organization","name":"Estrat\u00e9gia Concursos","url":"https:\/\/www.estrategiaconcursos.com.br\/blog\/","logo":{"@type":"ImageObject","inLanguage":"pt-BR","@id":"https:\/\/www.estrategiaconcursos.com.br\/blog\/#\/schema\/logo\/image\/","url":"https:\/\/dhg1h5j42swfq.cloudfront.net\/2025\/06\/03203428\/logo_concursos-1.jpg","contentUrl":"https:\/\/dhg1h5j42swfq.cloudfront.net\/2025\/06\/03203428\/logo_concursos-1.jpg","width":230,"height":60,"caption":"Estrat\u00e9gia Concursos"},"image":{"@id":"https:\/\/www.estrategiaconcursos.com.br\/blog\/#\/schema\/logo\/image\/"},"sameAs":["https:\/\/x.com\/EstratConcursos"]},{"@type":"Person","@id":"https:\/\/www.estrategiaconcursos.com.br\/blog\/#\/schema\/person\/b4a388c97673c5f483d72185668afa1f","name":"Coordena\u00e7\u00e3o","image":{"@type":"ImageObject","inLanguage":"pt-BR","@id":"https:\/\/secure.gravatar.com\/avatar\/b720319e4c9a967eb58678d110f4fe35452fc5d5f97b202bac7b8acceb18c6ad?s=96&d=mm&r=g","url":"https:\/\/secure.gravatar.com\/avatar\/b720319e4c9a967eb58678d110f4fe35452fc5d5f97b202bac7b8acceb18c6ad?s=96&d=mm&r=g","contentUrl":"https:\/\/secure.gravatar.com\/avatar\/b720319e4c9a967eb58678d110f4fe35452fc5d5f97b202bac7b8acceb18c6ad?s=96&d=mm&r=g","caption":"Coordena\u00e7\u00e3o"},"sameAs":["https:\/\/www.facebook.com\/EstrategiaConcursos","https:\/\/x.com\/EstratConcursos"],"url":"https:\/\/www.estrategiaconcursos.com.br\/blog\/author\/estrategia2013\/"}]}},"_links":{"self":[{"href":"https:\/\/www.estrategiaconcursos.com.br\/blog\/wp-json\/wp\/v2\/posts\/527166","targetHints":{"allow":["GET"]}}],"collection":[{"href":"https:\/\/www.estrategiaconcursos.com.br\/blog\/wp-json\/wp\/v2\/posts"}],"about":[{"href":"https:\/\/www.estrategiaconcursos.com.br\/blog\/wp-json\/wp\/v2\/types\/post"}],"author":[{"embeddable":true,"href":"https:\/\/www.estrategiaconcursos.com.br\/blog\/wp-json\/wp\/v2\/users\/1"}],"replies":[{"embeddable":true,"href":"https:\/\/www.estrategiaconcursos.com.br\/blog\/wp-json\/wp\/v2\/comments?post=527166"}],"version-history":[{"count":42,"href":"https:\/\/www.estrategiaconcursos.com.br\/blog\/wp-json\/wp\/v2\/posts\/527166\/revisions"}],"predecessor-version":[{"id":759621,"href":"https:\/\/www.estrategiaconcursos.com.br\/blog\/wp-json\/wp\/v2\/posts\/527166\/revisions\/759621"}],"wp:featuredmedia":[{"embeddable":true,"href":"https:\/\/www.estrategiaconcursos.com.br\/blog\/wp-json\/wp\/v2\/media\/764918"}],"wp:attachment":[{"href":"https:\/\/www.estrategiaconcursos.com.br\/blog\/wp-json\/wp\/v2\/media?parent=527166"}],"wp:term":[{"taxonomy":"category","embeddable":true,"href":"https:\/\/www.estrategiaconcursos.com.br\/blog\/wp-json\/wp\/v2\/categories?post=527166"},{"taxonomy":"post_tag","embeddable":true,"href":"https:\/\/www.estrategiaconcursos.com.br\/blog\/wp-json\/wp\/v2\/tags?post=527166"},{"taxonomy":"tax_estado","embeddable":true,"href":"https:\/\/www.estrategiaconcursos.com.br\/blog\/wp-json\/wp\/v2\/tax_estado?post=527166"}],"curies":[{"name":"wp","href":"https:\/\/api.w.org\/{rel}","templated":true}]}}