{"id":527076,"date":"2020-06-18T12:10:00","date_gmt":"2020-06-18T15:10:00","guid":{"rendered":"https:\/\/www.estrategiaconcursos.com.br\/blog\/?p=527076"},"modified":"2020-09-09T14:56:34","modified_gmt":"2020-09-09T17:56:34","slug":"redacao-sobre-racismo-elaborada-do-zero-ao-vivo-e-de-forma-coletiva-na-sala-vip-do-concurso-pc-pr","status":"publish","type":"post","link":"https:\/\/www.estrategiaconcursos.com.br\/blog\/redacao-sobre-racismo-elaborada-do-zero-ao-vivo-e-de-forma-coletiva-na-sala-vip-do-concurso-pc-pr\/","title":{"rendered":"Modelo de reda\u00e7\u00e3o sobre RACISMO: elaborado do zero, ao vivo e de forma coletiva na Sala Vip do concurso PC-PR"},"content":{"rendered":"\n<p>Prof. Raphael Reis chegando na \u00e1rea para anunciar algo nunca antes realizado na hist\u00f3ria do mundo cibern\u00e9tico: fizemos no dia 15\/06\/2020, na Sala Vip de reda\u00e7\u00e3o para o concurso da PC-PR, uma <strong>reda\u00e7\u00e3o sobre racismo <\/strong>do zero, ao vivo, em menos de 30 minutos e coletivamente.<\/p>\n\n\n\n<p>Os alunos que participaram sugeriram palavras-chave e montaram o projeto de reda\u00e7\u00e3o. Assim, fica muito mais f\u00e1cil desenvolver bons textos e ficar mais seguro na hora de escrever, n\u00e3o \u00e9 mesmo?<\/p>\n\n\n\n<p>Veja o resultado da produ\u00e7\u00e3o coletiva que fizemos:<\/p>\n\n\n\n<p><strong>Tema de reda\u00e7\u00e3o: Racismo no s\u00e9culo XXI<\/strong><\/p>\n\n\n\n<p>     De acordo com Thomas Marshall, cidadania \u00e9 a conquista de direitos, que proporciona a exist\u00eancia dos indiv\u00edduos<strong> (apresenta\u00e7\u00e3o do tema)<\/strong>. Nesse sentido, a popula\u00e7\u00e3o negra \u00e9 exclu\u00edda de diversos mecanismos de cidadania devido ao contexto hist\u00f3rico de desigualdades e de desvaloriza\u00e7\u00e3o da sua cultura <strong>(tese com indica\u00e7\u00e3o de dois t\u00f3picos<\/strong>).<\/p>\n\n\n\n<p>     Primeiramente, vale ressaltar que o contexto hist\u00f3rico brasileiro contribui para a exclus\u00e3o da popula\u00e7\u00e3o negra. Nesse sentido, o passado escravocrata que durou quase 400 anos gerou rela\u00e7\u00f5es de preconceito e de discrimina\u00e7\u00e3o racial, o que pode ser visto no mercado de trabalho. Dessa forma, \u00e9 v\u00e1lido lembrar que para o soci\u00f3logo Florestan Fernandes os negros n\u00e3o foram integrados na sociedade de classes. <strong>Argumento 1<\/strong><\/p>\n\n\n\n<p>     Al\u00e9m disso, h\u00e1 a desvaloriza\u00e7\u00e3o da cultura negra, a qual refor\u00e7a estere\u00f3tipos. Nessa perspectiva, a beleza negra \u00e9 colocada em segundo plano, bem como religi\u00f5es de matriz africana s\u00e3o inferiorizadas. Outro aspecto a ser ressaltado \u00e9 o preconceito da &#8220;cultura de favela&#8221; que, muitas vezes, \u00e9 considerada como algo de marginais, a exemplo do grafite. Isso refor\u00e7a pr\u00e1ticas discriminat\u00f3rias. <strong>Argumento 2<\/strong><\/p>\n\n\n\n<p>     Por fim, para que se possa ter uma sociedade com mais igualdade racial <strong>(retomada da tese)<\/strong> s\u00e3o importantes pol\u00edticas afirmativas que anulem as distor\u00e7\u00f5es hist\u00f3ricas, bem como os indiv\u00edduos passem a valorizar a cultura negra como integradora da nossa identidade nacional. Assim, haver\u00e1 uma sociedade preocupada com a inclus\u00e3o e com pr\u00e1ticas cidad\u00e3s. (<strong>Fechamento amarrando as ideias centrais)<\/strong><\/p>\n\n\n\n<p><strong>Se gostou, compartilhe com os amigos e chega junto nas nossas redes sociais :)<\/strong><\/p>\n\n\n\n<p>YouTube: Professor Raphael Reis<\/p>\n\n\n\n<p>Instagram: profraphaelreis<\/p>\n\n\n\n<p>Telegram: t.me\/profraphaelreis<\/p>\n\n\n\n<p><a href=\"https:\/\/docs.google.com\/forms\/d\/e\/1FAIpQLSeqQiPrGANvPQjt8ZTkqaZL96dgz8HnA6EHGHJlE2B9hXAghA\/viewform\">Lista de E-mail<\/a><\/p>\n\n\n\n<p>Site: professorraphaelreis.com.br<\/p>\n\n\n\n<p><strong>Quem sou eu?<\/strong> Sou o Professor Raphael Reis. Para quem ainda n\u00e3o me conhece, fica aqui uma breve apresenta\u00e7\u00e3o: sou Professor do Estrat\u00e9gia Concursos desde 2016 e leciono os seguintes conte\u00fados: Reda\u00e7\u00e3o (macroestrutura), Recursos, Hist\u00f3ria, Filosofia e Sociologia. <\/p>\n\n\n\n<p>Fiz minha gradua\u00e7\u00e3o em Hist\u00f3ria (UFJF), especializa\u00e7\u00e3o em Pol\u00edticas P\u00fablicas e Gest\u00e3o Social (UFJF) e mestrado em Sociologia da Educa\u00e7\u00e3o (UFJF).<\/p>\n\n\n\n<p>Nos \u00faltimos anos tenho me especializado na parte de macroestrutura da<br \/>reda\u00e7\u00e3o. Ao perceber que a grande dificuldade dos candidatos \u00e9 desenvolver argumentos bem fundamentados, criei o curso in\u00e9dito e inovador de <a href=\"https:\/\/www.estrategiaconcursos.com.br\/curso\/ciencias-humanas-para-redacao-2019\/\">Ci\u00eancias Humanas para Reda\u00e7\u00e3o<\/a>, que j\u00e1 atendeu milhares de alunos e t\u00eam contribu\u00eddo decisivamente para a melhoria das notas. Sou autor do e-book 25 conceitos para usar na reda\u00e7\u00e3o e editor da revista de atualidades Centro do Mundo.<\/p>\n","protected":false},"excerpt":{"rendered":"<p>Prof. Raphael Reis chegando na \u00e1rea para anunciar algo nunca antes realizado na hist\u00f3ria do mundo cibern\u00e9tico: fizemos no dia 15\/06\/2020, na Sala Vip de reda\u00e7\u00e3o para o concurso da PC-PR, uma reda\u00e7\u00e3o sobre racismo do zero, ao vivo, em menos de 30 minutos e coletivamente. Os alunos que participaram sugeriram palavras-chave e montaram o [&hellip;]<\/p>\n","protected":false},"author":384,"featured_media":0,"comment_status":"open","ping_status":"closed","sticky":false,"template":"","format":"standard","meta":{"post_tipo":"article","footnotes":""},"categories":[1],"tags":[],"tax_estado":[],"class_list":["post-527076","post","type-post","status-publish","format-standard","hentry","category-cursos-e-concursos"],"acf":[],"yoast_head":"<!-- This site is optimized with the Yoast SEO Premium plugin v27.2 (Yoast SEO v27.2) - https:\/\/yoast.com\/product\/yoast-seo-premium-wordpress\/ -->\n<title>Modelo de reda\u00e7\u00e3o sobre RACISMO: elaborado do zero, ao vivo e de forma coletiva na Sala Vip do concurso PC-PR<\/title>\n<meta name=\"robots\" content=\"index, follow, max-snippet:-1, max-image-preview:large, max-video-preview:-1\" \/>\n<link rel=\"canonical\" href=\"https:\/\/www.estrategiaconcursos.com.br\/blog\/redacao-sobre-racismo-elaborada-do-zero-ao-vivo-e-de-forma-coletiva-na-sala-vip-do-concurso-pc-pr\/\" \/>\n<meta property=\"og:locale\" content=\"pt_BR\" \/>\n<meta property=\"og:type\" content=\"article\" \/>\n<meta property=\"og:title\" content=\"Modelo de reda\u00e7\u00e3o sobre RACISMO: elaborado do zero, ao vivo e de forma coletiva na Sala Vip do concurso PC-PR\" \/>\n<meta property=\"og:description\" content=\"Prof. Raphael Reis chegando na \u00e1rea para anunciar algo nunca antes realizado na hist\u00f3ria do mundo cibern\u00e9tico: fizemos no dia 15\/06\/2020, na Sala Vip de reda\u00e7\u00e3o para o concurso da PC-PR, uma reda\u00e7\u00e3o sobre racismo do zero, ao vivo, em menos de 30 minutos e coletivamente. Os alunos que participaram sugeriram palavras-chave e montaram o [&hellip;]\" \/>\n<meta property=\"og:url\" content=\"https:\/\/www.estrategiaconcursos.com.br\/blog\/redacao-sobre-racismo-elaborada-do-zero-ao-vivo-e-de-forma-coletiva-na-sala-vip-do-concurso-pc-pr\/\" \/>\n<meta property=\"og:site_name\" content=\"Estrat\u00e9gia Concursos\" \/>\n<meta property=\"article:published_time\" content=\"2020-06-18T15:10:00+00:00\" \/>\n<meta property=\"article:modified_time\" content=\"2020-09-09T17:56:34+00:00\" \/>\n<meta name=\"author\" content=\"Raphael de Oliveira Reis\" \/>\n<meta name=\"twitter:card\" content=\"summary_large_image\" \/>\n<meta name=\"twitter:creator\" content=\"@EstratConcursos\" \/>\n<meta name=\"twitter:site\" content=\"@EstratConcursos\" \/>\n<meta name=\"twitter:label1\" content=\"Escrito por\" \/>\n\t<meta name=\"twitter:data1\" content=\"Raphael de Oliveira Reis\" \/>\n\t<meta name=\"twitter:label2\" content=\"Est. tempo de leitura\" \/>\n\t<meta name=\"twitter:data2\" content=\"3 minutos\" \/>\n<script type=\"application\/ld+json\" class=\"yoast-schema-graph\">{\"@context\":\"https:\/\/schema.org\",\"@graph\":[{\"@type\":\"NewsArticle\",\"@id\":\"https:\/\/www.estrategiaconcursos.com.br\/blog\/redacao-sobre-racismo-elaborada-do-zero-ao-vivo-e-de-forma-coletiva-na-sala-vip-do-concurso-pc-pr\/#article\",\"isPartOf\":{\"@id\":\"https:\/\/www.estrategiaconcursos.com.br\/blog\/redacao-sobre-racismo-elaborada-do-zero-ao-vivo-e-de-forma-coletiva-na-sala-vip-do-concurso-pc-pr\/\"},\"author\":{\"name\":\"Raphael de Oliveira Reis\",\"@id\":\"https:\/\/www.estrategiaconcursos.com.br\/blog\/#\/schema\/person\/b49a1a49e5ef8a9f8d3268e74404a911\"},\"headline\":\"Modelo de reda\u00e7\u00e3o sobre RACISMO: elaborado do zero, ao vivo e de forma coletiva na Sala Vip do concurso PC-PR\",\"datePublished\":\"2020-06-18T15:10:00+00:00\",\"dateModified\":\"2020-09-09T17:56:34+00:00\",\"mainEntityOfPage\":{\"@id\":\"https:\/\/www.estrategiaconcursos.com.br\/blog\/redacao-sobre-racismo-elaborada-do-zero-ao-vivo-e-de-forma-coletiva-na-sala-vip-do-concurso-pc-pr\/\"},\"wordCount\":553,\"commentCount\":6,\"publisher\":{\"@id\":\"https:\/\/www.estrategiaconcursos.com.br\/blog\/#organization\"},\"articleSection\":[\"Concursos P\u00fablicos\"],\"inLanguage\":\"pt-BR\",\"potentialAction\":[{\"@type\":\"CommentAction\",\"name\":\"Comment\",\"target\":[\"https:\/\/www.estrategiaconcursos.com.br\/blog\/redacao-sobre-racismo-elaborada-do-zero-ao-vivo-e-de-forma-coletiva-na-sala-vip-do-concurso-pc-pr\/#respond\"]}],\"copyrightYear\":\"2020\",\"copyrightHolder\":{\"@id\":\"https:\/\/www.estrategiaconcursos.com.br\/blog\/#organization\"}},{\"@type\":\"WebPage\",\"@id\":\"https:\/\/www.estrategiaconcursos.com.br\/blog\/redacao-sobre-racismo-elaborada-do-zero-ao-vivo-e-de-forma-coletiva-na-sala-vip-do-concurso-pc-pr\/\",\"url\":\"https:\/\/www.estrategiaconcursos.com.br\/blog\/redacao-sobre-racismo-elaborada-do-zero-ao-vivo-e-de-forma-coletiva-na-sala-vip-do-concurso-pc-pr\/\",\"name\":\"Modelo de reda\u00e7\u00e3o sobre RACISMO: elaborado do zero, ao vivo e de forma coletiva na Sala Vip do concurso PC-PR\",\"isPartOf\":{\"@id\":\"https:\/\/www.estrategiaconcursos.com.br\/blog\/#website\"},\"datePublished\":\"2020-06-18T15:10:00+00:00\",\"dateModified\":\"2020-09-09T17:56:34+00:00\",\"breadcrumb\":{\"@id\":\"https:\/\/www.estrategiaconcursos.com.br\/blog\/redacao-sobre-racismo-elaborada-do-zero-ao-vivo-e-de-forma-coletiva-na-sala-vip-do-concurso-pc-pr\/#breadcrumb\"},\"inLanguage\":\"pt-BR\",\"potentialAction\":[{\"@type\":\"ReadAction\",\"target\":[\"https:\/\/www.estrategiaconcursos.com.br\/blog\/redacao-sobre-racismo-elaborada-do-zero-ao-vivo-e-de-forma-coletiva-na-sala-vip-do-concurso-pc-pr\/\"]}]},{\"@type\":\"BreadcrumbList\",\"@id\":\"https:\/\/www.estrategiaconcursos.com.br\/blog\/redacao-sobre-racismo-elaborada-do-zero-ao-vivo-e-de-forma-coletiva-na-sala-vip-do-concurso-pc-pr\/#breadcrumb\",\"itemListElement\":[{\"@type\":\"ListItem\",\"position\":1,\"name\":\"In\u00edcio\",\"item\":\"https:\/\/www.estrategiaconcursos.com.br\/blog\/\"},{\"@type\":\"ListItem\",\"position\":2,\"name\":\"Modelo de reda\u00e7\u00e3o sobre RACISMO: elaborado do zero, ao vivo e de forma coletiva na Sala Vip do concurso PC-PR\"}]},{\"@type\":\"WebSite\",\"@id\":\"https:\/\/www.estrategiaconcursos.com.br\/blog\/#website\",\"url\":\"https:\/\/www.estrategiaconcursos.com.br\/blog\/\",\"name\":\"Estrat\u00e9gia Concursos\",\"description\":\"O blog da Estrat\u00e9gia Concursos traz not\u00edcias sobre concursos e artigos de professores oferecendo cursos para concursos (pdf + videaulas) no site.\",\"publisher\":{\"@id\":\"https:\/\/www.estrategiaconcursos.com.br\/blog\/#organization\"},\"potentialAction\":[{\"@type\":\"SearchAction\",\"target\":{\"@type\":\"EntryPoint\",\"urlTemplate\":\"https:\/\/www.estrategiaconcursos.com.br\/blog\/?s={search_term_string}\"},\"query-input\":{\"@type\":\"PropertyValueSpecification\",\"valueRequired\":true,\"valueName\":\"search_term_string\"}}],\"inLanguage\":\"pt-BR\"},{\"@type\":\"Organization\",\"@id\":\"https:\/\/www.estrategiaconcursos.com.br\/blog\/#organization\",\"name\":\"Estrat\u00e9gia Concursos\",\"url\":\"https:\/\/www.estrategiaconcursos.com.br\/blog\/\",\"logo\":{\"@type\":\"ImageObject\",\"inLanguage\":\"pt-BR\",\"@id\":\"https:\/\/www.estrategiaconcursos.com.br\/blog\/#\/schema\/logo\/image\/\",\"url\":\"https:\/\/dhg1h5j42swfq.cloudfront.net\/2025\/06\/03203428\/logo_concursos-1.jpg\",\"contentUrl\":\"https:\/\/dhg1h5j42swfq.cloudfront.net\/2025\/06\/03203428\/logo_concursos-1.jpg\",\"width\":230,\"height\":60,\"caption\":\"Estrat\u00e9gia Concursos\"},\"image\":{\"@id\":\"https:\/\/www.estrategiaconcursos.com.br\/blog\/#\/schema\/logo\/image\/\"},\"sameAs\":[\"https:\/\/x.com\/EstratConcursos\"]},{\"@type\":\"Person\",\"@id\":\"https:\/\/www.estrategiaconcursos.com.br\/blog\/#\/schema\/person\/b49a1a49e5ef8a9f8d3268e74404a911\",\"name\":\"Raphael de Oliveira Reis\",\"image\":{\"@type\":\"ImageObject\",\"inLanguage\":\"pt-BR\",\"@id\":\"https:\/\/secure.gravatar.com\/avatar\/b1c5789180fc7bfb5103ec006c301370c02393e37aa13c55f6d72f05fcc76b3b?s=96&d=mm&r=g\",\"url\":\"https:\/\/secure.gravatar.com\/avatar\/b1c5789180fc7bfb5103ec006c301370c02393e37aa13c55f6d72f05fcc76b3b?s=96&d=mm&r=g\",\"contentUrl\":\"https:\/\/secure.gravatar.com\/avatar\/b1c5789180fc7bfb5103ec006c301370c02393e37aa13c55f6d72f05fcc76b3b?s=96&d=mm&r=g\",\"caption\":\"Raphael de Oliveira Reis\"},\"url\":\"https:\/\/www.estrategiaconcursos.com.br\/blog\/author\/profraphaelreisgmail-com\/\"}]}<\/script>\n<!-- \/ Yoast SEO Premium plugin. -->","yoast_head_json":{"title":"Modelo de reda\u00e7\u00e3o sobre RACISMO: elaborado do zero, ao vivo e de forma coletiva na Sala Vip do concurso PC-PR","robots":{"index":"index","follow":"follow","max-snippet":"max-snippet:-1","max-image-preview":"max-image-preview:large","max-video-preview":"max-video-preview:-1"},"canonical":"https:\/\/www.estrategiaconcursos.com.br\/blog\/redacao-sobre-racismo-elaborada-do-zero-ao-vivo-e-de-forma-coletiva-na-sala-vip-do-concurso-pc-pr\/","og_locale":"pt_BR","og_type":"article","og_title":"Modelo de reda\u00e7\u00e3o sobre RACISMO: elaborado do zero, ao vivo e de forma coletiva na Sala Vip do concurso PC-PR","og_description":"Prof. Raphael Reis chegando na \u00e1rea para anunciar algo nunca antes realizado na hist\u00f3ria do mundo cibern\u00e9tico: fizemos no dia 15\/06\/2020, na Sala Vip de reda\u00e7\u00e3o para o concurso da PC-PR, uma reda\u00e7\u00e3o sobre racismo do zero, ao vivo, em menos de 30 minutos e coletivamente. Os alunos que participaram sugeriram palavras-chave e montaram o [&hellip;]","og_url":"https:\/\/www.estrategiaconcursos.com.br\/blog\/redacao-sobre-racismo-elaborada-do-zero-ao-vivo-e-de-forma-coletiva-na-sala-vip-do-concurso-pc-pr\/","og_site_name":"Estrat\u00e9gia Concursos","article_published_time":"2020-06-18T15:10:00+00:00","article_modified_time":"2020-09-09T17:56:34+00:00","author":"Raphael de Oliveira Reis","twitter_card":"summary_large_image","twitter_creator":"@EstratConcursos","twitter_site":"@EstratConcursos","twitter_misc":{"Escrito por":"Raphael de Oliveira Reis","Est. tempo de leitura":"3 minutos"},"schema":{"@context":"https:\/\/schema.org","@graph":[{"@type":"NewsArticle","@id":"https:\/\/www.estrategiaconcursos.com.br\/blog\/redacao-sobre-racismo-elaborada-do-zero-ao-vivo-e-de-forma-coletiva-na-sala-vip-do-concurso-pc-pr\/#article","isPartOf":{"@id":"https:\/\/www.estrategiaconcursos.com.br\/blog\/redacao-sobre-racismo-elaborada-do-zero-ao-vivo-e-de-forma-coletiva-na-sala-vip-do-concurso-pc-pr\/"},"author":{"name":"Raphael de Oliveira Reis","@id":"https:\/\/www.estrategiaconcursos.com.br\/blog\/#\/schema\/person\/b49a1a49e5ef8a9f8d3268e74404a911"},"headline":"Modelo de reda\u00e7\u00e3o sobre RACISMO: elaborado do zero, ao vivo e de forma coletiva na Sala Vip do concurso PC-PR","datePublished":"2020-06-18T15:10:00+00:00","dateModified":"2020-09-09T17:56:34+00:00","mainEntityOfPage":{"@id":"https:\/\/www.estrategiaconcursos.com.br\/blog\/redacao-sobre-racismo-elaborada-do-zero-ao-vivo-e-de-forma-coletiva-na-sala-vip-do-concurso-pc-pr\/"},"wordCount":553,"commentCount":6,"publisher":{"@id":"https:\/\/www.estrategiaconcursos.com.br\/blog\/#organization"},"articleSection":["Concursos P\u00fablicos"],"inLanguage":"pt-BR","potentialAction":[{"@type":"CommentAction","name":"Comment","target":["https:\/\/www.estrategiaconcursos.com.br\/blog\/redacao-sobre-racismo-elaborada-do-zero-ao-vivo-e-de-forma-coletiva-na-sala-vip-do-concurso-pc-pr\/#respond"]}],"copyrightYear":"2020","copyrightHolder":{"@id":"https:\/\/www.estrategiaconcursos.com.br\/blog\/#organization"}},{"@type":"WebPage","@id":"https:\/\/www.estrategiaconcursos.com.br\/blog\/redacao-sobre-racismo-elaborada-do-zero-ao-vivo-e-de-forma-coletiva-na-sala-vip-do-concurso-pc-pr\/","url":"https:\/\/www.estrategiaconcursos.com.br\/blog\/redacao-sobre-racismo-elaborada-do-zero-ao-vivo-e-de-forma-coletiva-na-sala-vip-do-concurso-pc-pr\/","name":"Modelo de reda\u00e7\u00e3o sobre RACISMO: elaborado do zero, ao vivo e de forma coletiva na Sala Vip do concurso PC-PR","isPartOf":{"@id":"https:\/\/www.estrategiaconcursos.com.br\/blog\/#website"},"datePublished":"2020-06-18T15:10:00+00:00","dateModified":"2020-09-09T17:56:34+00:00","breadcrumb":{"@id":"https:\/\/www.estrategiaconcursos.com.br\/blog\/redacao-sobre-racismo-elaborada-do-zero-ao-vivo-e-de-forma-coletiva-na-sala-vip-do-concurso-pc-pr\/#breadcrumb"},"inLanguage":"pt-BR","potentialAction":[{"@type":"ReadAction","target":["https:\/\/www.estrategiaconcursos.com.br\/blog\/redacao-sobre-racismo-elaborada-do-zero-ao-vivo-e-de-forma-coletiva-na-sala-vip-do-concurso-pc-pr\/"]}]},{"@type":"BreadcrumbList","@id":"https:\/\/www.estrategiaconcursos.com.br\/blog\/redacao-sobre-racismo-elaborada-do-zero-ao-vivo-e-de-forma-coletiva-na-sala-vip-do-concurso-pc-pr\/#breadcrumb","itemListElement":[{"@type":"ListItem","position":1,"name":"In\u00edcio","item":"https:\/\/www.estrategiaconcursos.com.br\/blog\/"},{"@type":"ListItem","position":2,"name":"Modelo de reda\u00e7\u00e3o sobre RACISMO: elaborado do zero, ao vivo e de forma coletiva na Sala Vip do concurso PC-PR"}]},{"@type":"WebSite","@id":"https:\/\/www.estrategiaconcursos.com.br\/blog\/#website","url":"https:\/\/www.estrategiaconcursos.com.br\/blog\/","name":"Estrat\u00e9gia Concursos","description":"O blog da Estrat\u00e9gia Concursos traz not\u00edcias sobre concursos e artigos de professores oferecendo cursos para concursos (pdf + videaulas) no site.","publisher":{"@id":"https:\/\/www.estrategiaconcursos.com.br\/blog\/#organization"},"potentialAction":[{"@type":"SearchAction","target":{"@type":"EntryPoint","urlTemplate":"https:\/\/www.estrategiaconcursos.com.br\/blog\/?s={search_term_string}"},"query-input":{"@type":"PropertyValueSpecification","valueRequired":true,"valueName":"search_term_string"}}],"inLanguage":"pt-BR"},{"@type":"Organization","@id":"https:\/\/www.estrategiaconcursos.com.br\/blog\/#organization","name":"Estrat\u00e9gia Concursos","url":"https:\/\/www.estrategiaconcursos.com.br\/blog\/","logo":{"@type":"ImageObject","inLanguage":"pt-BR","@id":"https:\/\/www.estrategiaconcursos.com.br\/blog\/#\/schema\/logo\/image\/","url":"https:\/\/dhg1h5j42swfq.cloudfront.net\/2025\/06\/03203428\/logo_concursos-1.jpg","contentUrl":"https:\/\/dhg1h5j42swfq.cloudfront.net\/2025\/06\/03203428\/logo_concursos-1.jpg","width":230,"height":60,"caption":"Estrat\u00e9gia Concursos"},"image":{"@id":"https:\/\/www.estrategiaconcursos.com.br\/blog\/#\/schema\/logo\/image\/"},"sameAs":["https:\/\/x.com\/EstratConcursos"]},{"@type":"Person","@id":"https:\/\/www.estrategiaconcursos.com.br\/blog\/#\/schema\/person\/b49a1a49e5ef8a9f8d3268e74404a911","name":"Raphael de Oliveira Reis","image":{"@type":"ImageObject","inLanguage":"pt-BR","@id":"https:\/\/secure.gravatar.com\/avatar\/b1c5789180fc7bfb5103ec006c301370c02393e37aa13c55f6d72f05fcc76b3b?s=96&d=mm&r=g","url":"https:\/\/secure.gravatar.com\/avatar\/b1c5789180fc7bfb5103ec006c301370c02393e37aa13c55f6d72f05fcc76b3b?s=96&d=mm&r=g","contentUrl":"https:\/\/secure.gravatar.com\/avatar\/b1c5789180fc7bfb5103ec006c301370c02393e37aa13c55f6d72f05fcc76b3b?s=96&d=mm&r=g","caption":"Raphael de Oliveira Reis"},"url":"https:\/\/www.estrategiaconcursos.com.br\/blog\/author\/profraphaelreisgmail-com\/"}]}},"_links":{"self":[{"href":"https:\/\/www.estrategiaconcursos.com.br\/blog\/wp-json\/wp\/v2\/posts\/527076","targetHints":{"allow":["GET"]}}],"collection":[{"href":"https:\/\/www.estrategiaconcursos.com.br\/blog\/wp-json\/wp\/v2\/posts"}],"about":[{"href":"https:\/\/www.estrategiaconcursos.com.br\/blog\/wp-json\/wp\/v2\/types\/post"}],"author":[{"embeddable":true,"href":"https:\/\/www.estrategiaconcursos.com.br\/blog\/wp-json\/wp\/v2\/users\/384"}],"replies":[{"embeddable":true,"href":"https:\/\/www.estrategiaconcursos.com.br\/blog\/wp-json\/wp\/v2\/comments?post=527076"}],"version-history":[{"count":7,"href":"https:\/\/www.estrategiaconcursos.com.br\/blog\/wp-json\/wp\/v2\/posts\/527076\/revisions"}],"predecessor-version":[{"id":569617,"href":"https:\/\/www.estrategiaconcursos.com.br\/blog\/wp-json\/wp\/v2\/posts\/527076\/revisions\/569617"}],"wp:attachment":[{"href":"https:\/\/www.estrategiaconcursos.com.br\/blog\/wp-json\/wp\/v2\/media?parent=527076"}],"wp:term":[{"taxonomy":"category","embeddable":true,"href":"https:\/\/www.estrategiaconcursos.com.br\/blog\/wp-json\/wp\/v2\/categories?post=527076"},{"taxonomy":"post_tag","embeddable":true,"href":"https:\/\/www.estrategiaconcursos.com.br\/blog\/wp-json\/wp\/v2\/tags?post=527076"},{"taxonomy":"tax_estado","embeddable":true,"href":"https:\/\/www.estrategiaconcursos.com.br\/blog\/wp-json\/wp\/v2\/tax_estado?post=527076"}],"curies":[{"name":"wp","href":"https:\/\/api.w.org\/{rel}","templated":true}]}}