{"id":527049,"date":"2020-09-12T08:00:00","date_gmt":"2020-09-12T11:00:00","guid":{"rendered":"https:\/\/www.estrategiaconcursos.com.br\/blog\/?p=527049"},"modified":"2022-12-30T07:51:30","modified_gmt":"2022-12-30T10:51:30","slug":"edital-esfcex-2021-provas","status":"publish","type":"post","link":"https:\/\/www.estrategiaconcursos.com.br\/blog\/edital-esfcex-2021-provas\/","title":{"rendered":"Concurso EsFCEx 2021: institui\u00e7\u00e3o mant\u00e9m aplica\u00e7\u00e3o das provas"},"content":{"rendered":"\n<p>Ap\u00f3s a Justi\u00e7a Federal determinar a suspens\u00e3o das provas do <strong>concurso EsFCEx<\/strong> para o Curso de Forma\u00e7\u00e3o de Oficiais (CFO) nas Escolas de Forma\u00e7\u00e3o Complementar (EsFCEX) e para Sa\u00fade (EssEX), marcadas para o pr\u00f3ximo domingo (13), a institui\u00e7\u00e3o militar publicou Comunicado onde afirma que a realiza\u00e7\u00e3o da etapa est\u00e1 mantida.<\/p>\n\n\n\n<p>Vale ressaltar que <a rel=\"noreferrer noopener\" href=\"https:\/\/dhg1h5j42swfq.cloudfront.net\/2020\/09\/12100801\/Decisa%CC%83o.pdf\" target=\"_blank\">o Tribunal Regional Federal da 1\u00aa Regi\u00e3o derrubou a Liminar que suspendia a realiza\u00e7\u00e3o das provas<\/a>. Na decis\u00e3o, o desembargador federal do TRF 1, Francisco de Assis Betti, afirmou que <strong>o Ex\u00e9rcito encontra-se plenamente engajado nas a\u00e7\u00f5es estatais de controle da pandemia da COVID-19, n\u00e3o podendo ter suas atividades prejudicadas.<\/strong><\/p>\n\n\n\n<p>Confira resposta a resposta da EsFCEx ao jornalismo do Estrat\u00e9gia Concursos: <\/p>\n\n\n\n<figure class=\"wp-block-image size-large\"><img loading=\"lazy\" decoding=\"async\" width=\"1024\" height=\"156\" src=\"https:\/\/dhg1h5j42swfq.cloudfront.net\/2020\/09\/12113036\/image-109-1024x156.png\" alt=\"\" class=\"wp-image-571283\" srcset=\"https:\/\/dhg1h5j42swfq.cloudfront.net\/2020\/09\/12113036\/image-109-1024x156.png 1024w, https:\/\/dhg1h5j42swfq.cloudfront.net\/2020\/09\/12113036\/image-109-300x46.png 300w, https:\/\/dhg1h5j42swfq.cloudfront.net\/2020\/09\/12113036\/image-109-768x117.png 768w, https:\/\/dhg1h5j42swfq.cloudfront.net\/2020\/09\/12113036\/image-109-610x93.png 610w, https:\/\/dhg1h5j42swfq.cloudfront.net\/2020\/09\/12113036\/image-109.png 1485w\" sizes=\"auto, (max-width: 1024px) 100vw, 1024px\" \/><\/figure>\n\n\n\n<p>A suspens\u00e3o atendia \u00e0&nbsp;<a rel=\"noreferrer noopener\" href=\"https:\/\/dhg1h5j42swfq.cloudfront.net\/2020\/09\/11154317\/Acp_suspensao_provas_Exercito_09.09.2020.pdf\" target=\"_blank\">A\u00e7\u00e3o Civil P\u00fablica movida pelo Minist\u00e9rio P\u00fablico Federal (MPF)<\/a>, considerando a restri\u00e7\u00e3o do transporte intermunicipal em diversos locais do pa\u00eds e a crise sanit\u00e1ria causada pela pandemia da Covid-19.<\/p>\n\n\n\n<p>Ao final do julgamento, al\u00e9m da suspens\u00e3o da etapa, o MPF requereu o adiamento da aplica\u00e7\u00e3o da prova at\u00e9 que a crise sanit\u00e1ria provocada pela Covid-19 esteja mais controlada no pa\u00eds. Confira no link a seguir a decis\u00e3o da justi\u00e7a:<\/p>\n\n\n\n<p class=\"has-text-align-center has-very-light-gray-background-color has-background\"><strong><a href=\"https:\/\/dhg1h5j42swfq.cloudfront.net\/2020\/09\/11171534\/%C2%B7-Justi%C3%A7a-Federal-da-1%C2%AA-Regi%C3%A3o-1-1.pdf\" target=\"_blank\" rel=\"noreferrer noopener\">Liminar &#8211; 14\u00aa Vara Federal C\u00edvel da SJBA<\/a><\/strong><\/p>\n\n\n\n<p>O certame oferta <strong>41 vagas <\/strong>para in\u00edcio imediato. O concurso ser\u00e1 realizado nas cidades do Rio de Janeiro (RJ) e Salvador (BA).<\/p>\n\n\n\n<h3 class=\"wp-block-heading\" id=\"h-inscricoes-encerradas\">Inscri\u00e7\u00f5es encerradas<\/h3>\n\n\n\n<p>Os interessados em prestar o certame puderam se inscrever entre os dias <strong>17 de junho e 5 de agosto de 2020<\/strong>, no site da <a rel=\"noreferrer noopener\" href=\"http:\/\/www.esfcex.eb.mil.br\/\" target=\"_blank\">EsFCeX<\/a>. Al\u00e9m disso, tiveram de fazer o pagamento da taxa de inscri\u00e7\u00e3o, fixada em <strong>R$ 120,00.<\/strong><\/p>\n\n\n\n<h3 class=\"wp-block-heading\" id=\"h-principais-datas\">Principais Datas<\/h3>\n\n\n\n<p class=\"has-very-light-gray-background-color has-background\"><strong><em>Inscri\u00e7\u00f5es<\/em><\/strong><em>:&nbsp;<s>17 de junho a 5 de agosto de 2020<\/s><\/em><br \/><strong><em>Prova objetiva<\/em><\/strong><em>:&nbsp;13 de setembro<\/em> <br \/><strong><em>Isen\u00e7\u00e3o do pagamento: <\/em><\/strong><em><s>17 a 19 de junho<\/s><\/em><\/p>\n\n\n\n<h2 class=\"wp-block-heading\" id=\"h-cargos-vagas-e-remuneracao-concurso-esfcex\">Cargos, vagas e remunera\u00e7\u00e3o &#8211;  concurso <strong>EsFCEx<\/strong><\/h2>\n\n\n\n<p class=\"has-medium-font-size\"><strong>EsFCEx (Salvador-BA)<\/strong><\/p>\n\n\n\n<ul class=\"wp-block-list\"><li><em>Administra\u00e7\u00e3o (2 vagas+ 1 reservado para negros)<\/em><\/li><li><em>Ci\u00eancias Cont\u00e1beis (2 vagas)<\/em><\/li><li><em>Direito (2 vagas <\/em><em>+ 1 reservado para negros)<\/em>)<\/li><li><em>Estat\u00edstica (2 vagas)<\/em><\/li><li><em>Inform\u00e1tica (2 vagas <\/em><em>+ 1 reservado para negros)<\/em>)<\/li><li><em>Magist\u00e9rio Biologia (2 vagas)<\/em><\/li><li><em>Magist\u00e9rio Espanhol (2 vagas)<\/em><\/li><li><em>Magist\u00e9rio F\u00edsica (2 vagas)<\/em><\/li><li><em>Magist\u00e9rio Geografia (2 vagas)<\/em><\/li><li><em>Magist\u00e9rio Hist\u00f3ria (2 vagas)<\/em><\/li><li><em>Magist\u00e9rio Ingl\u00eas (2 vagas)<\/em><\/li><li><em>Magist\u00e9rio Matem\u00e1tica (2 vaga) e<\/em><\/li><li><em>Magist\u00e9rio Portugu\u00eas (2 vagas)<\/em><\/li><li><em>Pedagogia (1 vaga)<\/em><\/li><li><em>Psicologia (1 vaga)<\/em><\/li><\/ul>\n\n\n\n<p class=\"has-medium-font-size\"><strong>EsFCEx (Rio de Janeiro &#8211; RJ)<\/strong><\/p>\n\n\n\n<ul class=\"wp-block-list\"><li><em>Enfermagem (4 vagas <\/em><em>+ 1 reservado para negros)<\/em>)<\/li><li><em>Veterin\u00e1ria (2 vagas)<\/em><\/li><\/ul>\n\n\n\n<p class=\"has-medium-font-size\"><strong>EsSEX- CF\/CM (Rio de Janeiro &#8211; RJ)<\/strong><\/p>\n\n\n\n<ul class=\"wp-block-list\"><li><em>Padre Cat\u00f3lico (2 vagas)<\/em><\/li><li><em>Pastor Evang\u00e9lico (1 vaga)<\/em><\/li><\/ul>\n\n\n\n<p>Os aprovados no certame receber\u00e3o o sal\u00e1rio de Primeiro-Tenente equivalente a <strong>RS 11.130,75 <\/strong>. O valor \u00e9 composto de soldo de R$ 8.245 mais adicional de habilita\u00e7\u00e3o de R$ 1.319,20 e adicional militar no valor de R$ 1.566,55.<\/p>\n\n\n\n<h2 class=\"wp-block-heading\" id=\"h-etapas-do-concurso-esfcex\">Etapas do concurso <strong>EsFCEx<\/strong><\/h2>\n\n\n\n<p>Os candidatos ser\u00e3o avaliados em 5 etapas. Confira abaixo:<\/p>\n\n\n\n<ul class=\"wp-block-list\"><li><em>Exame&nbsp;intelectual (EI), &nbsp;<\/em><\/li><li><em>inspe\u00e7\u00e3o de sa\u00fade (IS), <\/em><\/li><li><em>Exame de aptid\u00e3o f\u00edsica (EAF), <\/em><\/li><li><em>Verifica\u00e7\u00e3o documental <\/em><\/li><li><em>Revis\u00e3o m\u00e9dica e <\/em><\/li><li><em>Comprova\u00e7\u00e3o de requisitos para biogr\u00e1ficos<\/em><\/li><\/ul>\n\n\n\n<h3 class=\"wp-block-heading\" id=\"h-exame-intelectual-ei\"><strong>Exame intelectual (EI):<\/strong><\/h3>\n\n\n\n<p>O Exame Intelectual tem  car\u00e1ter eliminat\u00f3rio e classificat\u00f3rio, conta com 30 quest\u00f5es de Conhecimentos Gerais (7 de L\u00edngua Portuguesa, 8 de Hist\u00f3ria do Brasil, 8 de Geografia do Brasil e 7 de idioma estrangeiro \u2013 ingl\u00eas ou espanhol)&nbsp;e mais&nbsp;40 quest\u00f5es de Conhecimentos Espec\u00edficos.<\/p>\n\n\n\n<h3 class=\"wp-block-heading\" id=\"h-inspecao-de-saude-is\"><strong>Inspe\u00e7\u00e3o de sa\u00fade (IS):<\/strong><\/h3>\n\n\n\n<p>Nesta fase, o candidato \u00e9 convocado a comparecer a Inspe\u00e7\u00e3o de Sa\u00fade&nbsp;em locais designados pelas Guarni\u00e7\u00e3o de Exame (Gu Exm) com documento de identifica\u00e7\u00e3o, al\u00e9m da documenta\u00e7\u00e3o m\u00e9dica obrigat\u00f3ria prevista no edital.<\/p>\n\n\n\n<h3 class=\"wp-block-heading\" id=\"h-exame-de-aptidao-fisica-eaf\"><strong>Exame de aptid\u00e3o f\u00edsica (EAF):<\/strong><\/h3>\n\n\n\n<p>O candidato convocado dever\u00e1 se apresentar no local&nbsp;designado com&nbsp;traje esportivo.&nbsp;As tarefas ser\u00e3o realizadas em dois dias consecutivos. Confira:<\/p>\n\n\n\n<ul class=\"wp-block-list\"><li><strong>Para o sexo masculino:<\/strong>&nbsp;flex\u00f5es de bra\u00e7os, abdominal supra e corrida de 12 minutos.<\/li><li><strong>Para o sexo feminino<\/strong>:&nbsp;flex\u00f5es de bra\u00e7os (com apoio dos joelhos), abdominal supra e corrida de 12 minutos<\/li><\/ul>\n\n\n\n<h3 class=\"wp-block-heading\" id=\"h-verificacao-documental-preliminar\"><strong>Verifica\u00e7\u00e3o documental preliminar:<\/strong><\/h3>\n\n\n\n<p>N\u00e3o possui car\u00e1ter eliminat\u00f3rio nem classificat\u00f3rio, a ser realizada apenas pelo candidato aprovado nas fases anteriores dever\u00e3o remeter \u00e0 EsFCEx c\u00f3pia leg\u00edvel (frente e verso) autenticada em cart\u00f3rio, dos documentos relacionados&nbsp;no edital.<\/p>\n\n\n\n<h3 class=\"wp-block-heading\" id=\"h-revisao-medica-e-comprovacao-dos-requisitos-biograficos-concurso-esfcex\"><strong>Revis\u00e3o m\u00e9dica e comprova\u00e7\u00e3o dos requisitos biogr\u00e1ficos<\/strong> &#8211; <strong>concurso EsFCEx<\/strong><\/h3>\n\n\n\n<p>Os candidatos convocados para a revis\u00e3o m\u00e9dica e&nbsp;comprova\u00e7\u00e3o dos requisitos para matr\u00edcula, de car\u00e1ter eliminat\u00f3rio, dever\u00e3o se apresentar na EsFCEx&nbsp;na data prevista no&nbsp;Calend\u00e1rio Anual do CA&nbsp;, portando os resultados e laudos dos exames complementares realizados por ocasi\u00e3o da IS e os originais dos&nbsp;documentos previstos para a verifica\u00e7\u00e3o documental preliminar.<\/p>\n\n\n\n<div class=\"container\" id=\"boxes\">\n  <div class=\"row\">\n\n    <div class=\"col-sm\">\n      <div class=\"estrategia\" id=\"box-assinatura\">\n        <h3 class=\"titulo-assinatura\">Assinatura Concursos<\/h3>\n        <p class=\"subtitulo-assinatura\">Assinatura de 1 ano ou 2 anos<\/p>\n        <div class=\"box-botao\">\n          <a class=\"btn-assinatura\" target=\"_blank\" href=\"https:\/\/www.estrategiaconcursos.com.br\/assinaturas\/\" role=\"button\" rel=\"noopener noreferrer\">ASSINE AGORA<\/a>\n        <\/div>\n      <\/div>\n     \n    <\/div><\/div><\/div>\n\n\n\n<div class=\"container\" id=\"boxes\">\n  <div class=\"row\">\n\n    <div class=\"col-sm\" id=\"boxes-concursos\">\n      <div style=\"background-color: #005DAD;\" class=\"conteudo-concursos\" id=\"box-concursos\">\n        <h3 class=\"titulo-assinatura\">Concursos Abertos<\/h3>\n        <p class=\"subtitulo-assinatura\">Os editais publicados<\/p>\n        <div class=\"box-botao\">\n          <a class=\"btn-assinatura\" target=\"_blank\" href=\"https:\/\/www.estrategiaconcursos.com.br\/blog\/concursos-abertos\/\" role=\"button\" rel=\"noopener noreferrer\">Conhe\u00e7a Agora<\/a>\n        <\/div>\n      <\/div>\n    <\/div>\n\n    <div class=\"col-sm\" id=\"boxes-concursos\">\n      <div style=\"background-color: #1A7ED5;\" class=\"conteudo-concursos\" id=\"box-concursos\">\n        <h3 class=\"titulo-assinatura\">Concursos 2021<\/h3>\n        <p class=\"subtitulo-assinatura\">As oportunidades previstas<\/p>\n        <div class=\"box-botao\">\n          <a class=\"btn-assinatura\" target=\"_blank\" href=\"https:\/\/www.estrategiaconcursos.com.br\/blog\/concursos-2021\/\" role=\"button\" rel=\"noopener noreferrer\">Conhe\u00e7a Agora<\/a>\n        <\/div>\n      <\/div>\n    <\/div>\n\n    <div class=\"col-sm\" id=\"boxes-concursos\">\n      <div style=\"background-color: #419FF0;\" class=\"conteudo-concursos\" id=\"box-concursos\">\n        <h3 class=\"titulo-assinatura\">Concursos 2022<\/h3>\n        <p class=\"subtitulo-assinatura\">Vagas para o pr\u00f3ximo ano<\/p>\n        <div class=\"box-botao\">\n          <a class=\"btn-assinatura\" target=\"_blank\" href=\"https:\/\/www.estrategiaconcursos.com.br\/blog\/concursos-2022\/\" role=\"button\" rel=\"noopener noreferrer\">Conhe\u00e7a Agora<\/a>\n        <\/div>\n      <\/div>\n    <\/div>\n\n  <\/div>\n<\/div>\n","protected":false},"excerpt":{"rendered":"<p>Ap\u00f3s a Justi\u00e7a Federal determinar a suspens\u00e3o das provas do concurso EsFCEx para o Curso de Forma\u00e7\u00e3o de Oficiais (CFO) nas Escolas de Forma\u00e7\u00e3o Complementar (EsFCEX) e para Sa\u00fade (EssEX), marcadas para o pr\u00f3ximo domingo (13), a institui\u00e7\u00e3o militar publicou Comunicado onde afirma que a realiza\u00e7\u00e3o da etapa est\u00e1 mantida. Vale ressaltar que o Tribunal [&hellip;]<\/p>\n","protected":false},"author":1,"featured_media":408058,"comment_status":"open","ping_status":"closed","sticky":false,"template":"","format":"standard","meta":{"post_tipo":"news","footnotes":""},"categories":[1],"tags":[],"tax_estado":[219985,219986,219988,219989,219990],"class_list":["post-527049","post","type-post","status-publish","format-standard","has-post-thumbnail","hentry","category-cursos-e-concursos","tax_estado-rr","tax_estado-rs","tax_estado-se","tax_estado-sp","tax_estado-to"],"acf":[],"yoast_head":"<!-- This site is optimized with the Yoast SEO Premium plugin v27.2 (Yoast SEO v27.2) - https:\/\/yoast.com\/product\/yoast-seo-premium-wordpress\/ -->\n<title>Concurso EsFCEx 2021: institui\u00e7\u00e3o mant\u00e9m aplica\u00e7\u00e3o das provas<\/title>\n<meta name=\"description\" content=\"Concurso EsFCEx: liminar da justi\u00e7a suspende aplica\u00e7\u00e3o das provas. Confira mais detalhes no site do Estrat\u00e9gia Concursos!\" \/>\n<meta name=\"robots\" content=\"index, follow, max-snippet:-1, max-image-preview:large, max-video-preview:-1\" \/>\n<link rel=\"canonical\" href=\"https:\/\/www.estrategiaconcursos.com.br\/blog\/edital-esfcex-2021-provas\/\" \/>\n<meta property=\"og:locale\" content=\"pt_BR\" \/>\n<meta property=\"og:type\" content=\"article\" \/>\n<meta property=\"og:title\" content=\"Concurso EsFCEx 2021: institui\u00e7\u00e3o mant\u00e9m aplica\u00e7\u00e3o das provas\" \/>\n<meta property=\"og:description\" content=\"Concurso EsFCEx: liminar da justi\u00e7a suspende aplica\u00e7\u00e3o das provas. Confira mais detalhes no site do Estrat\u00e9gia Concursos!\" \/>\n<meta property=\"og:url\" content=\"https:\/\/www.estrategiaconcursos.com.br\/blog\/edital-esfcex-2021-provas\/\" \/>\n<meta property=\"og:site_name\" content=\"Estrat\u00e9gia Concursos\" \/>\n<meta property=\"article:author\" content=\"https:\/\/www.facebook.com\/EstrategiaConcursos\" \/>\n<meta property=\"article:published_time\" content=\"2020-09-12T11:00:00+00:00\" \/>\n<meta property=\"article:modified_time\" content=\"2022-12-30T10:51:30+00:00\" \/>\n<meta property=\"og:image\" content=\"https:\/\/dhg1h5j42swfq.cloudfront.net\/2019\/08\/09181049\/esfcex-11.jpg\" \/>\n\t<meta property=\"og:image:width\" content=\"1200\" \/>\n\t<meta property=\"og:image:height\" content=\"628\" \/>\n\t<meta property=\"og:image:type\" content=\"image\/jpeg\" \/>\n<meta name=\"author\" content=\"Coordena\u00e7\u00e3o\" \/>\n<meta name=\"twitter:card\" content=\"summary_large_image\" \/>\n<meta name=\"twitter:creator\" content=\"@EstratConcursos\" \/>\n<meta name=\"twitter:site\" content=\"@EstratConcursos\" \/>\n<meta name=\"twitter:label1\" content=\"Escrito por\" \/>\n\t<meta name=\"twitter:data1\" content=\"Coordena\u00e7\u00e3o\" \/>\n\t<meta name=\"twitter:label2\" content=\"Est. tempo de leitura\" \/>\n\t<meta name=\"twitter:data2\" content=\"4 minutos\" \/>\n<script type=\"application\/ld+json\" class=\"yoast-schema-graph\">{\"@context\":\"https:\/\/schema.org\",\"@graph\":[{\"@type\":\"NewsArticle\",\"@id\":\"https:\/\/www.estrategiaconcursos.com.br\/blog\/edital-esfcex-2021-provas\/#article\",\"isPartOf\":{\"@id\":\"https:\/\/www.estrategiaconcursos.com.br\/blog\/edital-esfcex-2021-provas\/\"},\"author\":{\"name\":\"Coordena\u00e7\u00e3o\",\"@id\":\"https:\/\/www.estrategiaconcursos.com.br\/blog\/#\/schema\/person\/b4a388c97673c5f483d72185668afa1f\"},\"headline\":\"Concurso EsFCEx 2021: institui\u00e7\u00e3o mant\u00e9m aplica\u00e7\u00e3o das provas\",\"datePublished\":\"2020-09-12T11:00:00+00:00\",\"dateModified\":\"2022-12-30T10:51:30+00:00\",\"mainEntityOfPage\":{\"@id\":\"https:\/\/www.estrategiaconcursos.com.br\/blog\/edital-esfcex-2021-provas\/\"},\"wordCount\":835,\"commentCount\":6,\"publisher\":{\"@id\":\"https:\/\/www.estrategiaconcursos.com.br\/blog\/#organization\"},\"image\":{\"@id\":\"https:\/\/www.estrategiaconcursos.com.br\/blog\/edital-esfcex-2021-provas\/#primaryimage\"},\"thumbnailUrl\":\"https:\/\/dhg1h5j42swfq.cloudfront.net\/2019\/08\/09181049\/esfcex-11.jpg\",\"articleSection\":[\"Concursos P\u00fablicos\"],\"inLanguage\":\"pt-BR\",\"potentialAction\":[{\"@type\":\"CommentAction\",\"name\":\"Comment\",\"target\":[\"https:\/\/www.estrategiaconcursos.com.br\/blog\/edital-esfcex-2021-provas\/#respond\"]}],\"copyrightYear\":\"2020\",\"copyrightHolder\":{\"@id\":\"https:\/\/www.estrategiaconcursos.com.br\/blog\/#organization\"}},{\"@type\":\"WebPage\",\"@id\":\"https:\/\/www.estrategiaconcursos.com.br\/blog\/edital-esfcex-2021-provas\/\",\"url\":\"https:\/\/www.estrategiaconcursos.com.br\/blog\/edital-esfcex-2021-provas\/\",\"name\":\"Concurso EsFCEx 2021: institui\u00e7\u00e3o mant\u00e9m aplica\u00e7\u00e3o das provas\",\"isPartOf\":{\"@id\":\"https:\/\/www.estrategiaconcursos.com.br\/blog\/#website\"},\"primaryImageOfPage\":{\"@id\":\"https:\/\/www.estrategiaconcursos.com.br\/blog\/edital-esfcex-2021-provas\/#primaryimage\"},\"image\":{\"@id\":\"https:\/\/www.estrategiaconcursos.com.br\/blog\/edital-esfcex-2021-provas\/#primaryimage\"},\"thumbnailUrl\":\"https:\/\/dhg1h5j42swfq.cloudfront.net\/2019\/08\/09181049\/esfcex-11.jpg\",\"datePublished\":\"2020-09-12T11:00:00+00:00\",\"dateModified\":\"2022-12-30T10:51:30+00:00\",\"description\":\"Concurso EsFCEx: liminar da justi\u00e7a suspende aplica\u00e7\u00e3o das provas. Confira mais detalhes no site do Estrat\u00e9gia Concursos!\",\"breadcrumb\":{\"@id\":\"https:\/\/www.estrategiaconcursos.com.br\/blog\/edital-esfcex-2021-provas\/#breadcrumb\"},\"inLanguage\":\"pt-BR\",\"potentialAction\":[{\"@type\":\"ReadAction\",\"target\":[\"https:\/\/www.estrategiaconcursos.com.br\/blog\/edital-esfcex-2021-provas\/\"]}]},{\"@type\":\"ImageObject\",\"inLanguage\":\"pt-BR\",\"@id\":\"https:\/\/www.estrategiaconcursos.com.br\/blog\/edital-esfcex-2021-provas\/#primaryimage\",\"url\":\"https:\/\/dhg1h5j42swfq.cloudfront.net\/2019\/08\/09181049\/esfcex-11.jpg\",\"contentUrl\":\"https:\/\/dhg1h5j42swfq.cloudfront.net\/2019\/08\/09181049\/esfcex-11.jpg\",\"width\":1200,\"height\":628,\"caption\":\"esfcex\"},{\"@type\":\"BreadcrumbList\",\"@id\":\"https:\/\/www.estrategiaconcursos.com.br\/blog\/edital-esfcex-2021-provas\/#breadcrumb\",\"itemListElement\":[{\"@type\":\"ListItem\",\"position\":1,\"name\":\"In\u00edcio\",\"item\":\"https:\/\/www.estrategiaconcursos.com.br\/blog\/\"},{\"@type\":\"ListItem\",\"position\":2,\"name\":\"Concurso EsFCEx 2021: institui\u00e7\u00e3o mant\u00e9m aplica\u00e7\u00e3o das provas\"}]},{\"@type\":\"WebSite\",\"@id\":\"https:\/\/www.estrategiaconcursos.com.br\/blog\/#website\",\"url\":\"https:\/\/www.estrategiaconcursos.com.br\/blog\/\",\"name\":\"Estrat\u00e9gia Concursos\",\"description\":\"O blog da Estrat\u00e9gia Concursos traz not\u00edcias sobre concursos e artigos de professores oferecendo cursos para concursos (pdf + videaulas) no site.\",\"publisher\":{\"@id\":\"https:\/\/www.estrategiaconcursos.com.br\/blog\/#organization\"},\"potentialAction\":[{\"@type\":\"SearchAction\",\"target\":{\"@type\":\"EntryPoint\",\"urlTemplate\":\"https:\/\/www.estrategiaconcursos.com.br\/blog\/?s={search_term_string}\"},\"query-input\":{\"@type\":\"PropertyValueSpecification\",\"valueRequired\":true,\"valueName\":\"search_term_string\"}}],\"inLanguage\":\"pt-BR\"},{\"@type\":\"Organization\",\"@id\":\"https:\/\/www.estrategiaconcursos.com.br\/blog\/#organization\",\"name\":\"Estrat\u00e9gia Concursos\",\"url\":\"https:\/\/www.estrategiaconcursos.com.br\/blog\/\",\"logo\":{\"@type\":\"ImageObject\",\"inLanguage\":\"pt-BR\",\"@id\":\"https:\/\/www.estrategiaconcursos.com.br\/blog\/#\/schema\/logo\/image\/\",\"url\":\"https:\/\/dhg1h5j42swfq.cloudfront.net\/2025\/06\/03203428\/logo_concursos-1.jpg\",\"contentUrl\":\"https:\/\/dhg1h5j42swfq.cloudfront.net\/2025\/06\/03203428\/logo_concursos-1.jpg\",\"width\":230,\"height\":60,\"caption\":\"Estrat\u00e9gia Concursos\"},\"image\":{\"@id\":\"https:\/\/www.estrategiaconcursos.com.br\/blog\/#\/schema\/logo\/image\/\"},\"sameAs\":[\"https:\/\/x.com\/EstratConcursos\"]},{\"@type\":\"Person\",\"@id\":\"https:\/\/www.estrategiaconcursos.com.br\/blog\/#\/schema\/person\/b4a388c97673c5f483d72185668afa1f\",\"name\":\"Coordena\u00e7\u00e3o\",\"image\":{\"@type\":\"ImageObject\",\"inLanguage\":\"pt-BR\",\"@id\":\"https:\/\/secure.gravatar.com\/avatar\/b720319e4c9a967eb58678d110f4fe35452fc5d5f97b202bac7b8acceb18c6ad?s=96&d=mm&r=g\",\"url\":\"https:\/\/secure.gravatar.com\/avatar\/b720319e4c9a967eb58678d110f4fe35452fc5d5f97b202bac7b8acceb18c6ad?s=96&d=mm&r=g\",\"contentUrl\":\"https:\/\/secure.gravatar.com\/avatar\/b720319e4c9a967eb58678d110f4fe35452fc5d5f97b202bac7b8acceb18c6ad?s=96&d=mm&r=g\",\"caption\":\"Coordena\u00e7\u00e3o\"},\"sameAs\":[\"https:\/\/www.facebook.com\/EstrategiaConcursos\",\"https:\/\/x.com\/EstratConcursos\"],\"url\":\"https:\/\/www.estrategiaconcursos.com.br\/blog\/author\/estrategia2013\/\"}]}<\/script>\n<!-- \/ Yoast SEO Premium plugin. -->","yoast_head_json":{"title":"Concurso EsFCEx 2021: institui\u00e7\u00e3o mant\u00e9m aplica\u00e7\u00e3o das provas","description":"Concurso EsFCEx: liminar da justi\u00e7a suspende aplica\u00e7\u00e3o das provas. Confira mais detalhes no site do Estrat\u00e9gia Concursos!","robots":{"index":"index","follow":"follow","max-snippet":"max-snippet:-1","max-image-preview":"max-image-preview:large","max-video-preview":"max-video-preview:-1"},"canonical":"https:\/\/www.estrategiaconcursos.com.br\/blog\/edital-esfcex-2021-provas\/","og_locale":"pt_BR","og_type":"article","og_title":"Concurso EsFCEx 2021: institui\u00e7\u00e3o mant\u00e9m aplica\u00e7\u00e3o das provas","og_description":"Concurso EsFCEx: liminar da justi\u00e7a suspende aplica\u00e7\u00e3o das provas. Confira mais detalhes no site do Estrat\u00e9gia Concursos!","og_url":"https:\/\/www.estrategiaconcursos.com.br\/blog\/edital-esfcex-2021-provas\/","og_site_name":"Estrat\u00e9gia Concursos","article_author":"https:\/\/www.facebook.com\/EstrategiaConcursos","article_published_time":"2020-09-12T11:00:00+00:00","article_modified_time":"2022-12-30T10:51:30+00:00","og_image":[{"width":1200,"height":628,"url":"https:\/\/dhg1h5j42swfq.cloudfront.net\/2019\/08\/09181049\/esfcex-11.jpg","type":"image\/jpeg"}],"author":"Coordena\u00e7\u00e3o","twitter_card":"summary_large_image","twitter_creator":"@EstratConcursos","twitter_site":"@EstratConcursos","twitter_misc":{"Escrito por":"Coordena\u00e7\u00e3o","Est. tempo de leitura":"4 minutos"},"schema":{"@context":"https:\/\/schema.org","@graph":[{"@type":"NewsArticle","@id":"https:\/\/www.estrategiaconcursos.com.br\/blog\/edital-esfcex-2021-provas\/#article","isPartOf":{"@id":"https:\/\/www.estrategiaconcursos.com.br\/blog\/edital-esfcex-2021-provas\/"},"author":{"name":"Coordena\u00e7\u00e3o","@id":"https:\/\/www.estrategiaconcursos.com.br\/blog\/#\/schema\/person\/b4a388c97673c5f483d72185668afa1f"},"headline":"Concurso EsFCEx 2021: institui\u00e7\u00e3o mant\u00e9m aplica\u00e7\u00e3o das provas","datePublished":"2020-09-12T11:00:00+00:00","dateModified":"2022-12-30T10:51:30+00:00","mainEntityOfPage":{"@id":"https:\/\/www.estrategiaconcursos.com.br\/blog\/edital-esfcex-2021-provas\/"},"wordCount":835,"commentCount":6,"publisher":{"@id":"https:\/\/www.estrategiaconcursos.com.br\/blog\/#organization"},"image":{"@id":"https:\/\/www.estrategiaconcursos.com.br\/blog\/edital-esfcex-2021-provas\/#primaryimage"},"thumbnailUrl":"https:\/\/dhg1h5j42swfq.cloudfront.net\/2019\/08\/09181049\/esfcex-11.jpg","articleSection":["Concursos P\u00fablicos"],"inLanguage":"pt-BR","potentialAction":[{"@type":"CommentAction","name":"Comment","target":["https:\/\/www.estrategiaconcursos.com.br\/blog\/edital-esfcex-2021-provas\/#respond"]}],"copyrightYear":"2020","copyrightHolder":{"@id":"https:\/\/www.estrategiaconcursos.com.br\/blog\/#organization"}},{"@type":"WebPage","@id":"https:\/\/www.estrategiaconcursos.com.br\/blog\/edital-esfcex-2021-provas\/","url":"https:\/\/www.estrategiaconcursos.com.br\/blog\/edital-esfcex-2021-provas\/","name":"Concurso EsFCEx 2021: institui\u00e7\u00e3o mant\u00e9m aplica\u00e7\u00e3o das provas","isPartOf":{"@id":"https:\/\/www.estrategiaconcursos.com.br\/blog\/#website"},"primaryImageOfPage":{"@id":"https:\/\/www.estrategiaconcursos.com.br\/blog\/edital-esfcex-2021-provas\/#primaryimage"},"image":{"@id":"https:\/\/www.estrategiaconcursos.com.br\/blog\/edital-esfcex-2021-provas\/#primaryimage"},"thumbnailUrl":"https:\/\/dhg1h5j42swfq.cloudfront.net\/2019\/08\/09181049\/esfcex-11.jpg","datePublished":"2020-09-12T11:00:00+00:00","dateModified":"2022-12-30T10:51:30+00:00","description":"Concurso EsFCEx: liminar da justi\u00e7a suspende aplica\u00e7\u00e3o das provas. Confira mais detalhes no site do Estrat\u00e9gia Concursos!","breadcrumb":{"@id":"https:\/\/www.estrategiaconcursos.com.br\/blog\/edital-esfcex-2021-provas\/#breadcrumb"},"inLanguage":"pt-BR","potentialAction":[{"@type":"ReadAction","target":["https:\/\/www.estrategiaconcursos.com.br\/blog\/edital-esfcex-2021-provas\/"]}]},{"@type":"ImageObject","inLanguage":"pt-BR","@id":"https:\/\/www.estrategiaconcursos.com.br\/blog\/edital-esfcex-2021-provas\/#primaryimage","url":"https:\/\/dhg1h5j42swfq.cloudfront.net\/2019\/08\/09181049\/esfcex-11.jpg","contentUrl":"https:\/\/dhg1h5j42swfq.cloudfront.net\/2019\/08\/09181049\/esfcex-11.jpg","width":1200,"height":628,"caption":"esfcex"},{"@type":"BreadcrumbList","@id":"https:\/\/www.estrategiaconcursos.com.br\/blog\/edital-esfcex-2021-provas\/#breadcrumb","itemListElement":[{"@type":"ListItem","position":1,"name":"In\u00edcio","item":"https:\/\/www.estrategiaconcursos.com.br\/blog\/"},{"@type":"ListItem","position":2,"name":"Concurso EsFCEx 2021: institui\u00e7\u00e3o mant\u00e9m aplica\u00e7\u00e3o das provas"}]},{"@type":"WebSite","@id":"https:\/\/www.estrategiaconcursos.com.br\/blog\/#website","url":"https:\/\/www.estrategiaconcursos.com.br\/blog\/","name":"Estrat\u00e9gia Concursos","description":"O blog da Estrat\u00e9gia Concursos traz not\u00edcias sobre concursos e artigos de professores oferecendo cursos para concursos (pdf + videaulas) no site.","publisher":{"@id":"https:\/\/www.estrategiaconcursos.com.br\/blog\/#organization"},"potentialAction":[{"@type":"SearchAction","target":{"@type":"EntryPoint","urlTemplate":"https:\/\/www.estrategiaconcursos.com.br\/blog\/?s={search_term_string}"},"query-input":{"@type":"PropertyValueSpecification","valueRequired":true,"valueName":"search_term_string"}}],"inLanguage":"pt-BR"},{"@type":"Organization","@id":"https:\/\/www.estrategiaconcursos.com.br\/blog\/#organization","name":"Estrat\u00e9gia Concursos","url":"https:\/\/www.estrategiaconcursos.com.br\/blog\/","logo":{"@type":"ImageObject","inLanguage":"pt-BR","@id":"https:\/\/www.estrategiaconcursos.com.br\/blog\/#\/schema\/logo\/image\/","url":"https:\/\/dhg1h5j42swfq.cloudfront.net\/2025\/06\/03203428\/logo_concursos-1.jpg","contentUrl":"https:\/\/dhg1h5j42swfq.cloudfront.net\/2025\/06\/03203428\/logo_concursos-1.jpg","width":230,"height":60,"caption":"Estrat\u00e9gia Concursos"},"image":{"@id":"https:\/\/www.estrategiaconcursos.com.br\/blog\/#\/schema\/logo\/image\/"},"sameAs":["https:\/\/x.com\/EstratConcursos"]},{"@type":"Person","@id":"https:\/\/www.estrategiaconcursos.com.br\/blog\/#\/schema\/person\/b4a388c97673c5f483d72185668afa1f","name":"Coordena\u00e7\u00e3o","image":{"@type":"ImageObject","inLanguage":"pt-BR","@id":"https:\/\/secure.gravatar.com\/avatar\/b720319e4c9a967eb58678d110f4fe35452fc5d5f97b202bac7b8acceb18c6ad?s=96&d=mm&r=g","url":"https:\/\/secure.gravatar.com\/avatar\/b720319e4c9a967eb58678d110f4fe35452fc5d5f97b202bac7b8acceb18c6ad?s=96&d=mm&r=g","contentUrl":"https:\/\/secure.gravatar.com\/avatar\/b720319e4c9a967eb58678d110f4fe35452fc5d5f97b202bac7b8acceb18c6ad?s=96&d=mm&r=g","caption":"Coordena\u00e7\u00e3o"},"sameAs":["https:\/\/www.facebook.com\/EstrategiaConcursos","https:\/\/x.com\/EstratConcursos"],"url":"https:\/\/www.estrategiaconcursos.com.br\/blog\/author\/estrategia2013\/"}]}},"_links":{"self":[{"href":"https:\/\/www.estrategiaconcursos.com.br\/blog\/wp-json\/wp\/v2\/posts\/527049","targetHints":{"allow":["GET"]}}],"collection":[{"href":"https:\/\/www.estrategiaconcursos.com.br\/blog\/wp-json\/wp\/v2\/posts"}],"about":[{"href":"https:\/\/www.estrategiaconcursos.com.br\/blog\/wp-json\/wp\/v2\/types\/post"}],"author":[{"embeddable":true,"href":"https:\/\/www.estrategiaconcursos.com.br\/blog\/wp-json\/wp\/v2\/users\/1"}],"replies":[{"embeddable":true,"href":"https:\/\/www.estrategiaconcursos.com.br\/blog\/wp-json\/wp\/v2\/comments?post=527049"}],"version-history":[{"count":33,"href":"https:\/\/www.estrategiaconcursos.com.br\/blog\/wp-json\/wp\/v2\/posts\/527049\/revisions"}],"predecessor-version":[{"id":1144845,"href":"https:\/\/www.estrategiaconcursos.com.br\/blog\/wp-json\/wp\/v2\/posts\/527049\/revisions\/1144845"}],"wp:featuredmedia":[{"embeddable":true,"href":"https:\/\/www.estrategiaconcursos.com.br\/blog\/wp-json\/wp\/v2\/media\/408058"}],"wp:attachment":[{"href":"https:\/\/www.estrategiaconcursos.com.br\/blog\/wp-json\/wp\/v2\/media?parent=527049"}],"wp:term":[{"taxonomy":"category","embeddable":true,"href":"https:\/\/www.estrategiaconcursos.com.br\/blog\/wp-json\/wp\/v2\/categories?post=527049"},{"taxonomy":"post_tag","embeddable":true,"href":"https:\/\/www.estrategiaconcursos.com.br\/blog\/wp-json\/wp\/v2\/tags?post=527049"},{"taxonomy":"tax_estado","embeddable":true,"href":"https:\/\/www.estrategiaconcursos.com.br\/blog\/wp-json\/wp\/v2\/tax_estado?post=527049"}],"curies":[{"name":"wp","href":"https:\/\/api.w.org\/{rel}","templated":true}]}}