{"id":526322,"date":"2020-06-15T09:00:00","date_gmt":"2020-06-15T12:00:00","guid":{"rendered":"https:\/\/www.estrategiaconcursos.com.br\/blog\/?p=526322"},"modified":"2020-06-14T13:18:35","modified_gmt":"2020-06-14T16:18:35","slug":"tributario-na-pratica-o-polemico-credito-de-icms-sobre-sacolas-plasticas","status":"publish","type":"post","link":"https:\/\/www.estrategiaconcursos.com.br\/blog\/tributario-na-pratica-o-polemico-credito-de-icms-sobre-sacolas-plasticas\/","title":{"rendered":"Tribut\u00e1rio na pr\u00e1tica (Ep. I): o princ\u00edpio da n\u00e3o-cumulatividade do ICMS"},"content":{"rendered":"\n<p>Fala, pessoal! Durante o processo de prepara\u00e7\u00e3o para concursos, por vezes sentimos falta de um contato mais pr\u00f3ximo com <strong>casos pr\u00e1ticos<\/strong> das disciplinas. Al\u00e9m disso, \u00e9 fundamental que estejamos sempre atualizados com as mudan\u00e7as jurisprudenciais, j\u00e1 que muitas bancas entram nesse m\u00e9rito.<\/p>\n\n\n\n<p>Pensando nessa necessidade dos alunos e como bom amante do <strong>Direito Tribut\u00e1rio<\/strong>, publicarei uma s\u00e9rie de breves artigos contendo casos pr\u00e1ticos sobre temas pol\u00eamicos da disciplina. Buscarei, ainda, inform\u00e1-los sobre os <strong>entendimentos mais atuais das Cortes <\/strong>acerca do tema proposto.<\/p>\n\n\n\n<p>O primeiro epis\u00f3dio dessa s\u00e9rie ir\u00e1 tratar do <strong>princ\u00edpio da n\u00e3o-cumulatividade do ICMS<\/strong>. O caso pr\u00e1tico escolhido trata do embate judicial entre o fisco e alguns contribuintes em rela\u00e7\u00e3o \u00e0 <strong>possibilidade de creditamento de ICMS sobre sacolas pl\u00e1sticas adquiridas por redes de supermercados<\/strong>. Vamos nessa!<\/p>\n\n\n\n<div class=\"wp-block-image is-style-rounded\"><figure class=\"aligncenter size-large is-resized\"><img loading=\"lazy\" decoding=\"async\" src=\"https:\/\/dhg1h5j42swfq.cloudfront.net\/2020\/06\/12184537\/icms.jpg\" alt=\"N\u00e3o-cumulatividade do ICMS sobre sacolas pl\u00e1sticas.\" class=\"wp-image-526338\" width=\"484\" height=\"242\" srcset=\"https:\/\/dhg1h5j42swfq.cloudfront.net\/2020\/06\/12184537\/icms.jpg 600w, https:\/\/dhg1h5j42swfq.cloudfront.net\/2020\/06\/12184537\/icms-300x150.jpg 300w\" sizes=\"auto, (max-width: 484px) 100vw, 484px\" \/><\/figure><\/div>\n\n\n\n<h2 class=\"wp-block-heading\">O que \u00e9 o ICMS?<\/h2>\n\n\n\n<p>Antes de abordarmos o tema central, \u00e9 fundamental que voc\u00ea saiba o que \u00e9 o ICMS. A sigla significa <strong><em>Imposto sobre opera\u00e7\u00f5es relativas \u00e0 Circula\u00e7\u00e3o de Mercadorias e sobre presta\u00e7\u00f5es de Servi\u00e7os de transporte interestadual, intermunicipal e de comunica\u00e7\u00e3o.<\/em><\/strong><\/p>\n\n\n\n<p>De acordo com a Constitui\u00e7\u00e3o Federal (Art. 155, II), a compet\u00eancia para instituir esse imposto \u00e9 dos <strong>Estados e Distrito Federal<\/strong>. Embora cada Estado exer\u00e7a essa compet\u00eancia via lei pr\u00f3pria, a Constitui\u00e7\u00e3o fixou a obrigatoriedade de Lei Complementar para regulamenta\u00e7\u00e3o geral da mat\u00e9ria. Para cumprir esse objetivo, foi editada a&nbsp;<strong>Lei Complementar 87\/1996<\/strong>, mais conhecida como \u201c<strong>Lei Kandir<\/strong>\u201d.<\/p>\n\n\n\n<p>De forma sucinta, ela estabelece que o <strong>fato gerador<\/strong> desse imposto \u00e9 a realiza\u00e7\u00e3o de <strong>opera\u00e7\u00f5es de circula\u00e7\u00e3o de mercadorias<\/strong> ou presta\u00e7\u00f5es de servi\u00e7os de transporte interestadual e intermunicipal e de comunica\u00e7\u00e3o. Configura-se como <strong>contribuinte<\/strong> qualquer pessoa, f\u00edsica ou jur\u00eddica, que realize, <strong>com habitualidade ou em volume que caracterize intuito comercial<\/strong>, as opera\u00e7\u00f5es citadas. Para fins de defini\u00e7\u00e3o do <strong>momento da ocorr\u00eancia do fato gerador<\/strong>, no caso de circula\u00e7\u00e3o de mercadorias, a Lei Kandir estabelece como realizado no momento de sua <strong>sa\u00edda do estabelecimento do contribuinte.<\/strong><\/p>\n\n\n\n<h2 class=\"wp-block-heading\">O princ\u00edpio da n\u00e3o-cumulatividade<\/h2>\n\n\n\n<p>Feito esse breve resumo sobre o ICMS, precisamos saber uma caracter\u00edstica muito importante desse tributo: <strong>a n\u00e3o-cumulatividade<\/strong>. Por previs\u00e3o constitucional e legal, o valor a ser efetivamente recolhido pelo contribuinte ser\u00e1 calculado com base apenas no <strong>valor que foi agregado ao produto<\/strong> na fase da cadeia produtiva em que se encontra. Dessa forma, <strong>imposto pago na etapa anterior ser\u00e1 descontado na etapa subsequente<\/strong>, utilizando como base de c\u00e1lculo somente a diferen\u00e7a dos valores entre as etapas.<\/p>\n\n\n\n<blockquote class=\"wp-block-quote is-layout-flow wp-block-quote-is-layout-flow\"><p>&#8220;<em>\u00a7 2\u00ba O imposto previsto no inciso II atender\u00e1 ao seguinte:<\/em><\/p><p><em>I &#8211; <strong>ser\u00e1 n\u00e3o-cumulativo<\/strong>, compensando-se o que for devido em cada opera\u00e7\u00e3o relativa \u00e0 circula\u00e7\u00e3o de mercadorias ou presta\u00e7\u00e3o de servi\u00e7os com o montante cobrado nas anteriores pelo mesmo ou outro Estado ou pelo Distrito Federal;<\/em>&#8220;<\/p><cite>(CF\/88, Art. 155, \u00a7 2\u00ba, inciso I)<\/cite><\/blockquote>\n\n\n\n<p>Essa sistem\u00e1tica influencia diretamente o pre\u00e7o final ao consumidor, visto que evita o denominado \u201c<strong>imposto em cascata<\/strong>\u201d. Se o imposto fosse cumulativo, sua incid\u00eancia recairia sobre <strong>todas as etapas<\/strong>&nbsp;intermedi\u00e1rias do processo produtivo e\/ou de comercializa\u00e7\u00e3o de determinado bem, <strong>inclusive sobre o pr\u00f3prio tributo anteriormente pago<\/strong>.<\/p>\n\n\n\n<p>Para operacionalizar a n\u00e3o-cumulatividade do ICMS, o regime tribut\u00e1rio brasileiro adota a sistem\u00e1tica de <strong>d\u00e9bitos e cr\u00e9ditos<\/strong>. Resumidamente, quando um contribuinte adquire um insumo, <strong>ele pode se creditar do imposto cobrado nessa opera\u00e7\u00e3o<\/strong>. Ap\u00f3s o processo produtivo e\/ou de comercializa\u00e7\u00e3o, o d\u00e9bito gerado pelo imposto incidente sobre o produto final ser\u00e1 <strong>abatido do cr\u00e9dito gerado na entrada dos insumos<\/strong>, resultando no valor a ser recolhido aos cofres p\u00fablicos.<\/p>\n\n\n\n<p>A pergunta que fica \u00e9 a seguinte: <em><strong>ser\u00e1 que todos os bens que entram no estabelecimento do contribuinte geram direito a cr\u00e9dito?<\/strong> <\/em><\/p>\n\n\n\n<h2 class=\"wp-block-heading\">Bens de uso e consumo ou bens essenciais \u00e0 produ\u00e7\u00e3o?<\/h2>\n\n\n\n<p>Respondendo \u00e0 pergunta do t\u00f3pico anterior, a Lei Kandir, em seu Art. 20, estabeleceu que \u00e9 assegurado ao contribuinte o direito de creditar-se do IMCS anteriormente cobrado na entrada de mercadorias, <strong>inclusive as destinadas ao seu uso ou consumo ou ao ativo permanente<\/strong>. Ao englobar os produtos destinados ao uso e consumo, a lei autorizou o creditamento, a crit\u00e9rio de exemplo, do material de escrit\u00f3rio, limpeza, dentre outros <strong>n\u00e3o ligados diretamente ao processo produtivo<\/strong>.<\/p>\n\n\n\n<p>Como nada \u00e9 simples em nosso ordenamento tribut\u00e1rio, o Art. 33 fez quest\u00e3o de suspender at\u00e9 2033 a aplica\u00e7\u00e3o dessa autoriza\u00e7\u00e3o:<\/p>\n\n\n\n<blockquote class=\"wp-block-quote is-layout-flow wp-block-quote-is-layout-flow\"><p>&#8220;<em>Art. 33. Na aplica\u00e7\u00e3o do art. 20 observar-se-\u00e1 o seguinte:<\/em><\/p><p><em>I \u2013 somente dar\u00e3o direito de cr\u00e9dito as mercadorias destinadas ao uso ou consumo do estabelecimento <strong>nele entradas a partir de 1\u00ba de janeiro de 2033<\/strong>;<\/em>&#8220;<\/p><cite>(Lei Complementar 87\/1996)<\/cite><\/blockquote>\n\n\n\n<p>Portanto, o que vale atualmente \u00e9 a seguinte regra: caso a mercadoria que deu entrada no estabelecimento seja <strong>essencial ao exerc\u00edcio da atividade produtiva ou comercial<\/strong>, fica autorizado o creditamento do ICMS cobrado. Caso contr\u00e1rio, essa mercadoria ser\u00e1 considerada como <strong>bem de uso e consumo<\/strong>, e sua entrada somente dar\u00e1 direito a cr\u00e9dito <strong>a partir de 2033<\/strong>. Veja o esquema abaixo:<\/p>\n\n\n\n<div class=\"wp-block-image\"><figure class=\"aligncenter size-large is-resized\"><img loading=\"lazy\" decoding=\"async\" src=\"https:\/\/dhg1h5j42swfq.cloudfront.net\/2020\/06\/12191035\/image-197-1024x345.png\" alt=\"Sistem\u00e1tica de creditamento de ICMS na entrada de insumos.\" class=\"wp-image-526350\" width=\"511\" height=\"172\" srcset=\"https:\/\/dhg1h5j42swfq.cloudfront.net\/2020\/06\/12191035\/image-197-1024x345.png 1024w, https:\/\/dhg1h5j42swfq.cloudfront.net\/2020\/06\/12191035\/image-197-300x101.png 300w, https:\/\/dhg1h5j42swfq.cloudfront.net\/2020\/06\/12191035\/image-197-768x258.png 768w, https:\/\/dhg1h5j42swfq.cloudfront.net\/2020\/06\/12191035\/image-197-610x205.png 610w, https:\/\/dhg1h5j42swfq.cloudfront.net\/2020\/06\/12191035\/image-197.png 1076w\" sizes=\"auto, (max-width: 511px) 100vw, 511px\" \/><\/figure><\/div>\n\n\n\n<p>A partir daqui voc\u00ea j\u00e1 deve ter percebido que o crit\u00e9rio adotado ganhou uma certa <strong>subjetividade<\/strong>, isso porque n\u00e3o \u00e9 t\u00e3o simples realizar uma an\u00e1lise de imprescindibilidade de certos insumos para o processo produtivo. Al\u00e9m disso, <strong>h\u00e1 interesses divergentes na quest\u00e3o<\/strong>, j\u00e1 que os contribuintes tendem a ampliar o escopo de itens essenciais, majorando o valor do cr\u00e9dito gerado e, consequentemente, reduzindo o valor a ser recolhido aos cofres p\u00fablicos. J\u00e1 na vis\u00e3o do fisco, a interpreta\u00e7\u00e3o tende a ser mais restritiva.<\/p>\n\n\n\n<p>Por conta dessa linha t\u00eanue que envolve a imprescindibilidade das mercadorias adquiridas, as Cortes Judiciais t\u00eam sido acionadas frequentemente para firmarem entendimento sobre a mat\u00e9ria. Em um processo envolvendo uma rede de supermercados e o fisco ga\u00facho, a seguinte quest\u00e3o foi levantada: <strong><em>para fins de creditamento do ICMS, o fornecimento de sacolas pl\u00e1sticas, filmes pl\u00e1sticos e bandejas de isopor na comercializa\u00e7\u00e3o dos produtos vendidos em supermercado s\u00e3o considerados essenciais ou apenas condi\u00e7\u00e3o de mera facilidade?<\/em><\/strong><\/p>\n\n\n\n<h2 class=\"wp-block-heading\">O entendimento atual do STJ<\/h2>\n\n\n\n<p>Em recente decis\u00e3o, o Superior Tribunal de Justi\u00e7a (STJ), ao julgar recurso especial interposto contra ac\u00f3rd\u00e3o proferido pelo TJ\/RS, que havia autorizado o creditamento dos itens citados, adotou o seguinte entendimento:<\/p>\n\n\n\n<blockquote class=\"wp-block-quote is-layout-flow wp-block-quote-is-layout-flow\"><p><em>&#8220;Conclusivamente, apenas os sacos e filmes pl\u00e1sticos utilizados <strong>exclusivamente para o fornecimento de produtos de natureza perec\u00edvel s\u00e3o insumos indispens\u00e1veis<\/strong> \u00e0 atividade desenvolvida pelos supermercados, de modo que a sua aquisi\u00e7\u00e3o gera direito ao creditamento do ICMS. <\/em><\/p><p><em><strong>Sacolas pl\u00e1sticas fornecidas aos clientes para o transporte ou acondicionamento de produtos, bem como bandejas, n\u00e3o s\u00e3o insumos essenciais \u00e0 atividade dos supermercados, de modo que n\u00e3o geram creditamento de ICMS&#8221;<\/strong><\/em><\/p><cite>(REsp. 1.830.894\/RS)<\/cite><\/blockquote>\n\n\n\n<p>Percebe-se, portanto, que o STJ firmou entendimento oposto ao Judici\u00e1rio ga\u00facho, concluindo por <strong>excluir do creditamento do ICMS<\/strong> o imposto incidente na aquisi\u00e7\u00e3o de bandejas e de sacolas pl\u00e1sticas fornecidas aos clientes para o <strong>transporte ou acondicionamento de produtos<\/strong>.<\/p>\n\n\n\n<p>Interessante observar, ainda, o fundamento de <strong>responsabilidade ambiental<\/strong> utilizado pelo relator ao exarar seu voto, afirmando o seguinte:<\/p>\n\n\n\n<blockquote class=\"wp-block-quote is-layout-flow wp-block-quote-is-layout-flow\"><p>&#8220;Diante desse contexto, <strong>o direito tribut\u00e1rio n\u00e3o pode ficar alheio \u00e0s pol\u00edticas p\u00fablicas de desest\u00edmulo \u00e0 utiliza\u00e7\u00e3o da sacolas pl\u00e1sticas<\/strong>; vale dizer, ao permitir o creditamento de ICMS pela aquisi\u00e7\u00e3o das sacolas pl\u00e1sticas, data v\u00eania, o Judici\u00e1rio acaba por caracteriz\u00e1-las como insumos essenciais e que se incorporam \u00e0 atividade desenvolvida pelos supermercados, <strong>o que vai na contram\u00e3o de todas as pol\u00edticas p\u00fablicas de est\u00edmulo ao uso de sacolas reutiliz\u00e1veis por parte dos consumidores<\/strong>.&#8221;<\/p><cite>(REsp. 1.830.894\/RS &#8211; Ministro Benedito Gon\u00e7alves) <\/cite><\/blockquote>\n\n\n\n<h2 class=\"wp-block-heading\">Considera\u00e7\u00f5es finais<\/h2>\n\n\n\n<p>Pessoal, espero que esse artigo tenha sido \u00fatil para todos aqueles que se interessam pelo assunto e pretendem se manter atualizados sobre as jurisprud\u00eancias mais recentes.<\/p>\n\n\n\n<p>Nos vemos em breve!<\/p>\n\n\n\n<p>Forte abra\u00e7o,<\/p>\n\n\n\n<p><strong>Vin\u00edcius<\/strong>.<\/p>\n\n\n\n<p><strong><em><a href=\"https:\/\/www.estrategiaconcursos.com.br\/blog\/minha-trajetoria-ate-a-sefaz-sc\/\">Clique aqui <\/a><\/em><\/strong><em>e conhe\u00e7a minha trajet\u00f3ria at\u00e9 a aprova\u00e7\u00e3o!<\/em><\/p>\n\n\n\n<figure class=\"wp-block-image size-large is-resized\"><a href=\"https:\/\/www.instagram.com\/viniciuspfineto\/?hl=pt-br\"><img loading=\"lazy\" decoding=\"async\" src=\"https:\/\/dhg1h5j42swfq.cloudfront.net\/2020\/06\/12191450\/image-198.png\" alt=\"\" class=\"wp-image-526352\" width=\"59\" height=\"55\"\/><\/a><figcaption><strong>@viniciuspfineto<\/strong><\/figcaption><\/figure>\n\n\n\n<p class=\"has-background has-text-align-center has-light-green-cyan-background-color\"><em><strong><a href=\"https:\/\/www.estrategiaconcursos.com.br\/cursosPorConcurso\/coaching-382\/\">Programa de Coaching &#8211; Clique aqui<\/a><\/strong><\/em><\/p>\n\n\n\n<p class=\"has-background has-text-align-center has-luminous-vivid-amber-background-color\"><strong><em><a href=\"https:\/\/www.estrategiaconcursos.com.br\/blog\/trilhas-estrategicas-informacoes-e-trilhas-liberadas-hoje\/\">Trilhas Estrat\u00e9gicas &#8211; Clique aqui<\/a><\/em><\/strong><\/p>\n","protected":false},"excerpt":{"rendered":"<p>Nesse primeiro artigo da s\u00e9rie &#8220;Tribut\u00e1rio na pr\u00e1tica&#8221;, abordaremos uma recente jurisprud\u00eancia do STJ acerca do princ\u00edpio da n\u00e3o-cumulatividade do ICMS.<\/p>\n","protected":false},"author":1762,"featured_media":526495,"comment_status":"open","ping_status":"closed","sticky":false,"template":"","format":"standard","meta":{"post_tipo":"article","footnotes":""},"categories":[1,1983],"tags":[60974,60975,343,3479],"tax_estado":[],"class_list":["post-526322","post","type-post","status-publish","format-standard","has-post-thumbnail","hentry","category-cursos-e-concursos","category-fiscal-estadual","tag-area-fiscal-2","tag-concurso-publico-2","tag-icms","tag-jurisprudencia-stj"],"acf":[],"yoast_head":"<!-- This site is optimized with the Yoast SEO Premium plugin v27.2 (Yoast SEO v27.2) - https:\/\/yoast.com\/product\/yoast-seo-premium-wordpress\/ -->\n<title>Tribut\u00e1rio na pr\u00e1tica (Ep. I): o princ\u00edpio da n\u00e3o-cumulatividade do ICMS<\/title>\n<meta name=\"description\" content=\"Nesse primeiro artigo da s\u00e9rie &quot;Tribut\u00e1rio na pr\u00e1tica&quot;, abordaremos uma recente jurisprud\u00eancia do STJ acerca do princ\u00edpio da n\u00e3o-cumulatividade do ICMS.\" \/>\n<meta name=\"robots\" content=\"index, follow, max-snippet:-1, max-image-preview:large, max-video-preview:-1\" \/>\n<link rel=\"canonical\" href=\"https:\/\/www.estrategiaconcursos.com.br\/blog\/tributario-na-pratica-o-polemico-credito-de-icms-sobre-sacolas-plasticas\/\" \/>\n<meta property=\"og:locale\" content=\"pt_BR\" \/>\n<meta property=\"og:type\" content=\"article\" \/>\n<meta property=\"og:title\" content=\"Tribut\u00e1rio na pr\u00e1tica (Ep. I): o princ\u00edpio da n\u00e3o-cumulatividade do ICMS\" \/>\n<meta property=\"og:description\" content=\"Nesse primeiro artigo da s\u00e9rie &quot;Tribut\u00e1rio na pr\u00e1tica&quot;, abordaremos uma recente jurisprud\u00eancia do STJ acerca do princ\u00edpio da n\u00e3o-cumulatividade do ICMS.\" \/>\n<meta property=\"og:url\" content=\"https:\/\/www.estrategiaconcursos.com.br\/blog\/tributario-na-pratica-o-polemico-credito-de-icms-sobre-sacolas-plasticas\/\" \/>\n<meta property=\"og:site_name\" content=\"Estrat\u00e9gia Concursos\" \/>\n<meta property=\"article:published_time\" content=\"2020-06-15T12:00:00+00:00\" \/>\n<meta property=\"og:image\" content=\"https:\/\/dhg1h5j42swfq.cloudfront.net\/2020\/06\/13203945\/icms-1.jpg\" \/>\n\t<meta property=\"og:image:width\" content=\"600\" \/>\n\t<meta property=\"og:image:height\" content=\"300\" \/>\n\t<meta property=\"og:image:type\" content=\"image\/jpeg\" \/>\n<meta name=\"author\" content=\"Vin\u00edcius Peron Fineto\" \/>\n<meta name=\"twitter:card\" content=\"summary_large_image\" \/>\n<meta name=\"twitter:creator\" content=\"@EstratConcursos\" \/>\n<meta name=\"twitter:site\" content=\"@EstratConcursos\" \/>\n<meta name=\"twitter:label1\" content=\"Escrito por\" \/>\n\t<meta name=\"twitter:data1\" content=\"Vin\u00edcius Peron Fineto\" \/>\n\t<meta name=\"twitter:label2\" content=\"Est. tempo de leitura\" \/>\n\t<meta name=\"twitter:data2\" content=\"7 minutos\" \/>\n<script type=\"application\/ld+json\" class=\"yoast-schema-graph\">{\"@context\":\"https:\/\/schema.org\",\"@graph\":[{\"@type\":\"NewsArticle\",\"@id\":\"https:\/\/www.estrategiaconcursos.com.br\/blog\/tributario-na-pratica-o-polemico-credito-de-icms-sobre-sacolas-plasticas\/#article\",\"isPartOf\":{\"@id\":\"https:\/\/www.estrategiaconcursos.com.br\/blog\/tributario-na-pratica-o-polemico-credito-de-icms-sobre-sacolas-plasticas\/\"},\"author\":{\"name\":\"Vin\u00edcius Peron Fineto\",\"@id\":\"https:\/\/www.estrategiaconcursos.com.br\/blog\/#\/schema\/person\/fe8a2abf3ff9f696350c947cf9947cc6\"},\"headline\":\"Tribut\u00e1rio na pr\u00e1tica (Ep. I): o princ\u00edpio da n\u00e3o-cumulatividade do ICMS\",\"datePublished\":\"2020-06-15T12:00:00+00:00\",\"mainEntityOfPage\":{\"@id\":\"https:\/\/www.estrategiaconcursos.com.br\/blog\/tributario-na-pratica-o-polemico-credito-de-icms-sobre-sacolas-plasticas\/\"},\"wordCount\":1380,\"commentCount\":0,\"publisher\":{\"@id\":\"https:\/\/www.estrategiaconcursos.com.br\/blog\/#organization\"},\"image\":{\"@id\":\"https:\/\/www.estrategiaconcursos.com.br\/blog\/tributario-na-pratica-o-polemico-credito-de-icms-sobre-sacolas-plasticas\/#primaryimage\"},\"thumbnailUrl\":\"https:\/\/dhg1h5j42swfq.cloudfront.net\/2020\/06\/13203945\/icms-1.jpg\",\"keywords\":[\"area fiscal\",\"concurso publico\",\"icms\",\"Jurisprud\u00eancia STJ\"],\"articleSection\":[\"Concursos P\u00fablicos\",\"Fiscal - Estadual (ICMS)\"],\"inLanguage\":\"pt-BR\",\"potentialAction\":[{\"@type\":\"CommentAction\",\"name\":\"Comment\",\"target\":[\"https:\/\/www.estrategiaconcursos.com.br\/blog\/tributario-na-pratica-o-polemico-credito-de-icms-sobre-sacolas-plasticas\/#respond\"]}],\"copyrightYear\":\"2020\",\"copyrightHolder\":{\"@id\":\"https:\/\/www.estrategiaconcursos.com.br\/blog\/#organization\"}},{\"@type\":\"WebPage\",\"@id\":\"https:\/\/www.estrategiaconcursos.com.br\/blog\/tributario-na-pratica-o-polemico-credito-de-icms-sobre-sacolas-plasticas\/\",\"url\":\"https:\/\/www.estrategiaconcursos.com.br\/blog\/tributario-na-pratica-o-polemico-credito-de-icms-sobre-sacolas-plasticas\/\",\"name\":\"Tribut\u00e1rio na pr\u00e1tica (Ep. I): o princ\u00edpio da n\u00e3o-cumulatividade do ICMS\",\"isPartOf\":{\"@id\":\"https:\/\/www.estrategiaconcursos.com.br\/blog\/#website\"},\"primaryImageOfPage\":{\"@id\":\"https:\/\/www.estrategiaconcursos.com.br\/blog\/tributario-na-pratica-o-polemico-credito-de-icms-sobre-sacolas-plasticas\/#primaryimage\"},\"image\":{\"@id\":\"https:\/\/www.estrategiaconcursos.com.br\/blog\/tributario-na-pratica-o-polemico-credito-de-icms-sobre-sacolas-plasticas\/#primaryimage\"},\"thumbnailUrl\":\"https:\/\/dhg1h5j42swfq.cloudfront.net\/2020\/06\/13203945\/icms-1.jpg\",\"datePublished\":\"2020-06-15T12:00:00+00:00\",\"description\":\"Nesse primeiro artigo da s\u00e9rie \\\"Tribut\u00e1rio na pr\u00e1tica\\\", abordaremos uma recente jurisprud\u00eancia do STJ acerca do princ\u00edpio da n\u00e3o-cumulatividade do ICMS.\",\"breadcrumb\":{\"@id\":\"https:\/\/www.estrategiaconcursos.com.br\/blog\/tributario-na-pratica-o-polemico-credito-de-icms-sobre-sacolas-plasticas\/#breadcrumb\"},\"inLanguage\":\"pt-BR\",\"potentialAction\":[{\"@type\":\"ReadAction\",\"target\":[\"https:\/\/www.estrategiaconcursos.com.br\/blog\/tributario-na-pratica-o-polemico-credito-de-icms-sobre-sacolas-plasticas\/\"]}]},{\"@type\":\"ImageObject\",\"inLanguage\":\"pt-BR\",\"@id\":\"https:\/\/www.estrategiaconcursos.com.br\/blog\/tributario-na-pratica-o-polemico-credito-de-icms-sobre-sacolas-plasticas\/#primaryimage\",\"url\":\"https:\/\/dhg1h5j42swfq.cloudfront.net\/2020\/06\/13203945\/icms-1.jpg\",\"contentUrl\":\"https:\/\/dhg1h5j42swfq.cloudfront.net\/2020\/06\/13203945\/icms-1.jpg\",\"width\":600,\"height\":300,\"caption\":\"AM38GT Man looking at bill in grocery store. Image shot 2007. Exact date unknown.\"},{\"@type\":\"BreadcrumbList\",\"@id\":\"https:\/\/www.estrategiaconcursos.com.br\/blog\/tributario-na-pratica-o-polemico-credito-de-icms-sobre-sacolas-plasticas\/#breadcrumb\",\"itemListElement\":[{\"@type\":\"ListItem\",\"position\":1,\"name\":\"In\u00edcio\",\"item\":\"https:\/\/www.estrategiaconcursos.com.br\/blog\/\"},{\"@type\":\"ListItem\",\"position\":2,\"name\":\"Tribut\u00e1rio na pr\u00e1tica (Ep. I): o princ\u00edpio da n\u00e3o-cumulatividade do ICMS\"}]},{\"@type\":\"WebSite\",\"@id\":\"https:\/\/www.estrategiaconcursos.com.br\/blog\/#website\",\"url\":\"https:\/\/www.estrategiaconcursos.com.br\/blog\/\",\"name\":\"Estrat\u00e9gia Concursos\",\"description\":\"O blog da Estrat\u00e9gia Concursos traz not\u00edcias sobre concursos e artigos de professores oferecendo cursos para concursos (pdf + videaulas) no site.\",\"publisher\":{\"@id\":\"https:\/\/www.estrategiaconcursos.com.br\/blog\/#organization\"},\"potentialAction\":[{\"@type\":\"SearchAction\",\"target\":{\"@type\":\"EntryPoint\",\"urlTemplate\":\"https:\/\/www.estrategiaconcursos.com.br\/blog\/?s={search_term_string}\"},\"query-input\":{\"@type\":\"PropertyValueSpecification\",\"valueRequired\":true,\"valueName\":\"search_term_string\"}}],\"inLanguage\":\"pt-BR\"},{\"@type\":\"Organization\",\"@id\":\"https:\/\/www.estrategiaconcursos.com.br\/blog\/#organization\",\"name\":\"Estrat\u00e9gia Concursos\",\"url\":\"https:\/\/www.estrategiaconcursos.com.br\/blog\/\",\"logo\":{\"@type\":\"ImageObject\",\"inLanguage\":\"pt-BR\",\"@id\":\"https:\/\/www.estrategiaconcursos.com.br\/blog\/#\/schema\/logo\/image\/\",\"url\":\"https:\/\/dhg1h5j42swfq.cloudfront.net\/2025\/06\/03203428\/logo_concursos-1.jpg\",\"contentUrl\":\"https:\/\/dhg1h5j42swfq.cloudfront.net\/2025\/06\/03203428\/logo_concursos-1.jpg\",\"width\":230,\"height\":60,\"caption\":\"Estrat\u00e9gia Concursos\"},\"image\":{\"@id\":\"https:\/\/www.estrategiaconcursos.com.br\/blog\/#\/schema\/logo\/image\/\"},\"sameAs\":[\"https:\/\/x.com\/EstratConcursos\"]},{\"@type\":\"Person\",\"@id\":\"https:\/\/www.estrategiaconcursos.com.br\/blog\/#\/schema\/person\/fe8a2abf3ff9f696350c947cf9947cc6\",\"name\":\"Vin\u00edcius Peron Fineto\",\"image\":{\"@type\":\"ImageObject\",\"inLanguage\":\"pt-BR\",\"@id\":\"https:\/\/secure.gravatar.com\/avatar\/be5bf5bd8d22b43db4df87d616c1d70412b05a4f4ebc35a5f29a14d6ceda8da6?s=96&d=mm&r=g\",\"url\":\"https:\/\/secure.gravatar.com\/avatar\/be5bf5bd8d22b43db4df87d616c1d70412b05a4f4ebc35a5f29a14d6ceda8da6?s=96&d=mm&r=g\",\"contentUrl\":\"https:\/\/secure.gravatar.com\/avatar\/be5bf5bd8d22b43db4df87d616c1d70412b05a4f4ebc35a5f29a14d6ceda8da6?s=96&d=mm&r=g\",\"caption\":\"Vin\u00edcius Peron Fineto\"},\"url\":\"https:\/\/www.estrategiaconcursos.com.br\/blog\/author\/vinicius-finetoestrategiaconcursos-com-br\/\"}]}<\/script>\n<!-- \/ Yoast SEO Premium plugin. -->","yoast_head_json":{"title":"Tribut\u00e1rio na pr\u00e1tica (Ep. I): o princ\u00edpio da n\u00e3o-cumulatividade do ICMS","description":"Nesse primeiro artigo da s\u00e9rie \"Tribut\u00e1rio na pr\u00e1tica\", abordaremos uma recente jurisprud\u00eancia do STJ acerca do princ\u00edpio da n\u00e3o-cumulatividade do ICMS.","robots":{"index":"index","follow":"follow","max-snippet":"max-snippet:-1","max-image-preview":"max-image-preview:large","max-video-preview":"max-video-preview:-1"},"canonical":"https:\/\/www.estrategiaconcursos.com.br\/blog\/tributario-na-pratica-o-polemico-credito-de-icms-sobre-sacolas-plasticas\/","og_locale":"pt_BR","og_type":"article","og_title":"Tribut\u00e1rio na pr\u00e1tica (Ep. I): o princ\u00edpio da n\u00e3o-cumulatividade do ICMS","og_description":"Nesse primeiro artigo da s\u00e9rie \"Tribut\u00e1rio na pr\u00e1tica\", abordaremos uma recente jurisprud\u00eancia do STJ acerca do princ\u00edpio da n\u00e3o-cumulatividade do ICMS.","og_url":"https:\/\/www.estrategiaconcursos.com.br\/blog\/tributario-na-pratica-o-polemico-credito-de-icms-sobre-sacolas-plasticas\/","og_site_name":"Estrat\u00e9gia Concursos","article_published_time":"2020-06-15T12:00:00+00:00","og_image":[{"width":600,"height":300,"url":"https:\/\/dhg1h5j42swfq.cloudfront.net\/2020\/06\/13203945\/icms-1.jpg","type":"image\/jpeg"}],"author":"Vin\u00edcius Peron Fineto","twitter_card":"summary_large_image","twitter_creator":"@EstratConcursos","twitter_site":"@EstratConcursos","twitter_misc":{"Escrito por":"Vin\u00edcius Peron Fineto","Est. tempo de leitura":"7 minutos"},"schema":{"@context":"https:\/\/schema.org","@graph":[{"@type":"NewsArticle","@id":"https:\/\/www.estrategiaconcursos.com.br\/blog\/tributario-na-pratica-o-polemico-credito-de-icms-sobre-sacolas-plasticas\/#article","isPartOf":{"@id":"https:\/\/www.estrategiaconcursos.com.br\/blog\/tributario-na-pratica-o-polemico-credito-de-icms-sobre-sacolas-plasticas\/"},"author":{"name":"Vin\u00edcius Peron Fineto","@id":"https:\/\/www.estrategiaconcursos.com.br\/blog\/#\/schema\/person\/fe8a2abf3ff9f696350c947cf9947cc6"},"headline":"Tribut\u00e1rio na pr\u00e1tica (Ep. I): o princ\u00edpio da n\u00e3o-cumulatividade do ICMS","datePublished":"2020-06-15T12:00:00+00:00","mainEntityOfPage":{"@id":"https:\/\/www.estrategiaconcursos.com.br\/blog\/tributario-na-pratica-o-polemico-credito-de-icms-sobre-sacolas-plasticas\/"},"wordCount":1380,"commentCount":0,"publisher":{"@id":"https:\/\/www.estrategiaconcursos.com.br\/blog\/#organization"},"image":{"@id":"https:\/\/www.estrategiaconcursos.com.br\/blog\/tributario-na-pratica-o-polemico-credito-de-icms-sobre-sacolas-plasticas\/#primaryimage"},"thumbnailUrl":"https:\/\/dhg1h5j42swfq.cloudfront.net\/2020\/06\/13203945\/icms-1.jpg","keywords":["area fiscal","concurso publico","icms","Jurisprud\u00eancia STJ"],"articleSection":["Concursos P\u00fablicos","Fiscal - Estadual (ICMS)"],"inLanguage":"pt-BR","potentialAction":[{"@type":"CommentAction","name":"Comment","target":["https:\/\/www.estrategiaconcursos.com.br\/blog\/tributario-na-pratica-o-polemico-credito-de-icms-sobre-sacolas-plasticas\/#respond"]}],"copyrightYear":"2020","copyrightHolder":{"@id":"https:\/\/www.estrategiaconcursos.com.br\/blog\/#organization"}},{"@type":"WebPage","@id":"https:\/\/www.estrategiaconcursos.com.br\/blog\/tributario-na-pratica-o-polemico-credito-de-icms-sobre-sacolas-plasticas\/","url":"https:\/\/www.estrategiaconcursos.com.br\/blog\/tributario-na-pratica-o-polemico-credito-de-icms-sobre-sacolas-plasticas\/","name":"Tribut\u00e1rio na pr\u00e1tica (Ep. I): o princ\u00edpio da n\u00e3o-cumulatividade do ICMS","isPartOf":{"@id":"https:\/\/www.estrategiaconcursos.com.br\/blog\/#website"},"primaryImageOfPage":{"@id":"https:\/\/www.estrategiaconcursos.com.br\/blog\/tributario-na-pratica-o-polemico-credito-de-icms-sobre-sacolas-plasticas\/#primaryimage"},"image":{"@id":"https:\/\/www.estrategiaconcursos.com.br\/blog\/tributario-na-pratica-o-polemico-credito-de-icms-sobre-sacolas-plasticas\/#primaryimage"},"thumbnailUrl":"https:\/\/dhg1h5j42swfq.cloudfront.net\/2020\/06\/13203945\/icms-1.jpg","datePublished":"2020-06-15T12:00:00+00:00","description":"Nesse primeiro artigo da s\u00e9rie \"Tribut\u00e1rio na pr\u00e1tica\", abordaremos uma recente jurisprud\u00eancia do STJ acerca do princ\u00edpio da n\u00e3o-cumulatividade do ICMS.","breadcrumb":{"@id":"https:\/\/www.estrategiaconcursos.com.br\/blog\/tributario-na-pratica-o-polemico-credito-de-icms-sobre-sacolas-plasticas\/#breadcrumb"},"inLanguage":"pt-BR","potentialAction":[{"@type":"ReadAction","target":["https:\/\/www.estrategiaconcursos.com.br\/blog\/tributario-na-pratica-o-polemico-credito-de-icms-sobre-sacolas-plasticas\/"]}]},{"@type":"ImageObject","inLanguage":"pt-BR","@id":"https:\/\/www.estrategiaconcursos.com.br\/blog\/tributario-na-pratica-o-polemico-credito-de-icms-sobre-sacolas-plasticas\/#primaryimage","url":"https:\/\/dhg1h5j42swfq.cloudfront.net\/2020\/06\/13203945\/icms-1.jpg","contentUrl":"https:\/\/dhg1h5j42swfq.cloudfront.net\/2020\/06\/13203945\/icms-1.jpg","width":600,"height":300,"caption":"AM38GT Man looking at bill in grocery store. Image shot 2007. Exact date unknown."},{"@type":"BreadcrumbList","@id":"https:\/\/www.estrategiaconcursos.com.br\/blog\/tributario-na-pratica-o-polemico-credito-de-icms-sobre-sacolas-plasticas\/#breadcrumb","itemListElement":[{"@type":"ListItem","position":1,"name":"In\u00edcio","item":"https:\/\/www.estrategiaconcursos.com.br\/blog\/"},{"@type":"ListItem","position":2,"name":"Tribut\u00e1rio na pr\u00e1tica (Ep. I): o princ\u00edpio da n\u00e3o-cumulatividade do ICMS"}]},{"@type":"WebSite","@id":"https:\/\/www.estrategiaconcursos.com.br\/blog\/#website","url":"https:\/\/www.estrategiaconcursos.com.br\/blog\/","name":"Estrat\u00e9gia Concursos","description":"O blog da Estrat\u00e9gia Concursos traz not\u00edcias sobre concursos e artigos de professores oferecendo cursos para concursos (pdf + videaulas) no site.","publisher":{"@id":"https:\/\/www.estrategiaconcursos.com.br\/blog\/#organization"},"potentialAction":[{"@type":"SearchAction","target":{"@type":"EntryPoint","urlTemplate":"https:\/\/www.estrategiaconcursos.com.br\/blog\/?s={search_term_string}"},"query-input":{"@type":"PropertyValueSpecification","valueRequired":true,"valueName":"search_term_string"}}],"inLanguage":"pt-BR"},{"@type":"Organization","@id":"https:\/\/www.estrategiaconcursos.com.br\/blog\/#organization","name":"Estrat\u00e9gia Concursos","url":"https:\/\/www.estrategiaconcursos.com.br\/blog\/","logo":{"@type":"ImageObject","inLanguage":"pt-BR","@id":"https:\/\/www.estrategiaconcursos.com.br\/blog\/#\/schema\/logo\/image\/","url":"https:\/\/dhg1h5j42swfq.cloudfront.net\/2025\/06\/03203428\/logo_concursos-1.jpg","contentUrl":"https:\/\/dhg1h5j42swfq.cloudfront.net\/2025\/06\/03203428\/logo_concursos-1.jpg","width":230,"height":60,"caption":"Estrat\u00e9gia Concursos"},"image":{"@id":"https:\/\/www.estrategiaconcursos.com.br\/blog\/#\/schema\/logo\/image\/"},"sameAs":["https:\/\/x.com\/EstratConcursos"]},{"@type":"Person","@id":"https:\/\/www.estrategiaconcursos.com.br\/blog\/#\/schema\/person\/fe8a2abf3ff9f696350c947cf9947cc6","name":"Vin\u00edcius Peron Fineto","image":{"@type":"ImageObject","inLanguage":"pt-BR","@id":"https:\/\/secure.gravatar.com\/avatar\/be5bf5bd8d22b43db4df87d616c1d70412b05a4f4ebc35a5f29a14d6ceda8da6?s=96&d=mm&r=g","url":"https:\/\/secure.gravatar.com\/avatar\/be5bf5bd8d22b43db4df87d616c1d70412b05a4f4ebc35a5f29a14d6ceda8da6?s=96&d=mm&r=g","contentUrl":"https:\/\/secure.gravatar.com\/avatar\/be5bf5bd8d22b43db4df87d616c1d70412b05a4f4ebc35a5f29a14d6ceda8da6?s=96&d=mm&r=g","caption":"Vin\u00edcius Peron Fineto"},"url":"https:\/\/www.estrategiaconcursos.com.br\/blog\/author\/vinicius-finetoestrategiaconcursos-com-br\/"}]}},"_links":{"self":[{"href":"https:\/\/www.estrategiaconcursos.com.br\/blog\/wp-json\/wp\/v2\/posts\/526322","targetHints":{"allow":["GET"]}}],"collection":[{"href":"https:\/\/www.estrategiaconcursos.com.br\/blog\/wp-json\/wp\/v2\/posts"}],"about":[{"href":"https:\/\/www.estrategiaconcursos.com.br\/blog\/wp-json\/wp\/v2\/types\/post"}],"author":[{"embeddable":true,"href":"https:\/\/www.estrategiaconcursos.com.br\/blog\/wp-json\/wp\/v2\/users\/1762"}],"replies":[{"embeddable":true,"href":"https:\/\/www.estrategiaconcursos.com.br\/blog\/wp-json\/wp\/v2\/comments?post=526322"}],"version-history":[{"count":39,"href":"https:\/\/www.estrategiaconcursos.com.br\/blog\/wp-json\/wp\/v2\/posts\/526322\/revisions"}],"predecessor-version":[{"id":526555,"href":"https:\/\/www.estrategiaconcursos.com.br\/blog\/wp-json\/wp\/v2\/posts\/526322\/revisions\/526555"}],"wp:featuredmedia":[{"embeddable":true,"href":"https:\/\/www.estrategiaconcursos.com.br\/blog\/wp-json\/wp\/v2\/media\/526495"}],"wp:attachment":[{"href":"https:\/\/www.estrategiaconcursos.com.br\/blog\/wp-json\/wp\/v2\/media?parent=526322"}],"wp:term":[{"taxonomy":"category","embeddable":true,"href":"https:\/\/www.estrategiaconcursos.com.br\/blog\/wp-json\/wp\/v2\/categories?post=526322"},{"taxonomy":"post_tag","embeddable":true,"href":"https:\/\/www.estrategiaconcursos.com.br\/blog\/wp-json\/wp\/v2\/tags?post=526322"},{"taxonomy":"tax_estado","embeddable":true,"href":"https:\/\/www.estrategiaconcursos.com.br\/blog\/wp-json\/wp\/v2\/tax_estado?post=526322"}],"curies":[{"name":"wp","href":"https:\/\/api.w.org\/{rel}","templated":true}]}}